{"id":117587,"date":"2022-09-08T10:15:33","date_gmt":"2022-09-08T08:15:33","guid":{"rendered":"https:\/\/www.cde.ual.es\/?p=117587"},"modified":"2022-09-08T10:38:14","modified_gmt":"2022-09-08T08:38:14","slug":"a-european-care-strategy-for-carers-and-care-receivers","status":"publish","type":"post","link":"https:\/\/www.cde.ual.es\/en\/a-european-care-strategy-for-carers-and-care-receivers\/","title":{"rendered":"A European Care Strategy for carers and care receivers"},"content":{"rendered":"<p><a href=\"https:\/\/www.cde.ual.es\/wp-content\/uploads\/2022\/09\/hospice-1750928_1920.jpg\"><img decoding=\"async\" class=\"aligncenter wp-image-117584\" src=\"https:\/\/www.cde.ual.es\/wp-content\/uploads\/2022\/09\/hospice-1750928_1920.jpg\" alt=\"Person caring for a wheelchair user\" width=\"510\" height=\"340\" srcset=\"https:\/\/www.cde.ual.es\/wp-content\/uploads\/2022\/09\/hospice-1750928_1920.jpg 1920w, https:\/\/www.cde.ual.es\/wp-content\/uploads\/2022\/09\/hospice-1750928_1920-300x200.jpg 300w, https:\/\/www.cde.ual.es\/wp-content\/uploads\/2022\/09\/hospice-1750928_1920-1024x683.jpg 1024w, https:\/\/www.cde.ual.es\/wp-content\/uploads\/2022\/09\/hospice-1750928_1920-768x512.jpg 768w, https:\/\/www.cde.ual.es\/wp-content\/uploads\/2022\/09\/hospice-1750928_1920-1536x1024.jpg 1536w\" sizes=\"(max-width: 510px) 100vw, 510px\" \/><\/a><\/p>\n<p>The European Commission presents the <a href=\"https:\/\/ec.europa.eu\/social\/main.jsp?langId=en&amp;catId=89&amp;furtherNews=yes&amp;newsId=10382#navItem-relatedDocuments\">European Care Strategy<\/a> to ensure quality, affordable and accessible care services across the European Union and improve the situation for both care receivers and the people caring for them, professionally or informally. The Strategy is accompanied by two Recommendations for Member States <a href=\"https:\/\/ec.europa.eu\/info\/files\/proposal-council-recommendation-revision-barcelona-targets_en\">on the revision of the Barcelona targets on early childhood education and care<\/a>, and\u00a0<a href=\"https:\/\/ec.europa.eu\/social\/main.jsp?langId=en&amp;catId=89&amp;furtherNews=yes&amp;newsId=10382#navItem-relatedDocuments\">on access to affordable high-quality long-term care<\/a>.<\/p>\n<p><strong>High-quality, affordable and accessible care services with better working conditions and work-life balance for carers<\/strong><\/p>\n<p>Affordable and accessible care services of\u00a0high quality offer clear benefits for all ages. Participation in early childhood education has a positive impact on a child&#8217;s development and helps reduce the risk of social exclusion and poverty, also later in life. Long-term care empowers people, who as a result of old age, illness and\/or disability depend on help for daily activities, to maintain their autonomy and live with dignity. However, for many people these services are still not affordable, available or accessible.<\/p>\n<p>Investing in care is important to attract and retain talents in the care sector, which is often characterised by difficult working conditions and low wages, as well as to address labour shortages and fulfil the sector&#8217;s economic and job creation potential.<\/p>\n<p>Investing in high-quality care also means improving women&#8217;s participation in the labour market and gender equality, in particular gender pay and pension gaps. Women still bear the main brunt of care responsibilities, with 90% of the formal care workforce made up of women, and 7.7 million women out of employment because of care responsibilities.<\/p>\n<p>To address these issues, the Commission is proposing concrete actions to support Member States in increasing access to high-quality and affordable care services, while improving working conditions and work-life balance for carers.<\/p>\n<table style=\"width: 99.9988%; border-collapse: collapse; border-style: double; border-color: #001f7d;\" cellpadding=\"0,5\">\n<tbody>\n<tr>\n<td style=\"width: 100%;\"><a href=\"https:\/\/www.cde.ual.es\/en\/three-steps-forward-towards-an-equal-sharing-of-unpaid-care\/\" target=\"_blank\" rel=\"noopener\"><img decoding=\"async\" class=\"alignleft\" src=\"https:\/\/www.cde.ual.es\/wp-content\/uploads\/2022\/09\/hands-2906458_1920-768x512.jpg\" alt=\"\" width=\"201\" height=\"134\" \/><\/a><\/p>\n<h4 class=\"entry-title\"><a href=\"https:\/\/www.cde.ual.es\/en\/three-steps-forward-towards-an-equal-sharing-of-unpaid-care\/\" target=\"_blank\" rel=\"noopener\">Three steps forward towards an equal sharing of unpaid care<\/a><\/h4>\n<\/td>\n<\/tr>\n<\/tbody>\n<\/table>\n<p><strong>Early childhood education and care<\/strong><\/p>\n<p>The Commission is proposing that Member States revise the targets on early childhood education and care to enhance women&#8217;s labour market participation, also called \u2018the Barcelona Targets&#8217;, set in 2002. The current targets call on Member States to provide childcare to 33% of children under 3 and to 90% of children from age 3 until mandatory school age. The Commission proposes to set new ambitious yet realistic targets<strong>\u00a0<\/strong>so that by 2030 at least:<\/p>\n<ul>\n<li><strong>50% of children below the age of 3<\/strong>\u00a0are in early childhood education and care;<\/li>\n<li><strong>96% of children between the age of 3 and the starting age for compulsory primary education<\/strong>\u00a0are in early childhood education and care, as already agreed in the\u00a0<a href=\"https:\/\/education.ec.europa.eu\/nl\/about-eea\/strategic-framework\">European Education Area framework<\/a>.<\/li>\n<\/ul>\n<p>The Commission also recommends that, among others, Member States:<\/p>\n<ul>\n<li>Ensure that childcare services are affordable, accessible and of high quality, available in urban as well as rural or disadvantaged areas;<\/li>\n<li>Introduce a legal entitlement to early childhood education and care, ideally with no gap between the end of paid family leave and the legal entitlement; Have targeted measures in place to enable and increase participation of children from disadvantaged backgrounds, with disabilities or with special needs in education and care, to close the gap with the overall population of children;<\/li>\n<li>Look at the number of hours children spend in childcare (\u2018time-intensity&#8217;) and ensure that childcare is available for a duration that allows parents to engage meaningfully in paid work; and<\/li>\n<li>Encourage equal sharing of childcare between parents by combating gender stereotypes and support family-friendly working-time arrangements.<\/li>\n<\/ul>\n<p><strong>Long-term care<\/strong><\/p>\n<p>The Commission recommends that Member States draw up\u00a0<strong>national action plans<\/strong>\u00a0to make care in the EU more available, accessible and of better quality for all, for instance by:<\/p>\n<ul>\n<li>Ensuring that long-term care is\u00a0<strong>timely, comprehensive and affordable<\/strong>, allowing a decent standard of living for people with long-term care needs;<\/li>\n<li><strong>Increasing the offer<\/strong><strong>\u00a0and mix<\/strong>\u00a0of professional long-term care services (homecare, community-based care and residential care), close territorial gaps in the access to long-term care, roll-out accessible digital solutions in the provision of care services, and ensure that long-term care services and facilities are<strong>\u00a0accessible\u00a0<\/strong>to people with disabilities;<\/li>\n<li>Ensuring\u00a0<strong>high-quality criteria and standards<\/strong>\u00a0for long-term care providers;<\/li>\n<\/ul>\n<ul>\n<li><strong>Supporting informal carers<\/strong>, who are often women and relatives of care receivers, through training, counselling, psychological and financial support; and<\/li>\n<li>Mobilising\u00a0<strong>adequate and sustainable funding<\/strong>\u00a0for long-term care, including by using EU funds.<\/li>\n<\/ul>\n<p><strong>Fair working conditions and training for care staff<\/strong><\/p>\n<p>To improve working conditions and attract more people \u2013 in particular men \u2013 to the care sector, Member States are recommended to:<\/p>\n<ul>\n<li>Promote\u00a0<strong>collective bargaining and social dialogue<\/strong>\u00a0with a view to improving wages and working conditions;<\/li>\n<li>Ensure the\u00a0<strong>highest standards of occupational health and safety<\/strong>;<\/li>\n<li>Design\u00a0<strong>continuous education and training<\/strong>\u00a0for care workers;<\/li>\n<li><strong>Tackle gender stereotypes<\/strong>\u00a0around care and launch communication campaigns;<\/li>\n<li>Ratify and implement\u00a0<strong>ILO Convention 189 on domestic workers<\/strong>.<\/li>\n<\/ul>\n<p>For its part, the Commission will:<\/p>\n<ul>\n<li>Explore the creation of a new sectoral\u00a0<strong>social dialogue for social services<\/strong>\u00a0at EU level;<\/li>\n<li>Promote the establishment of a\u00a0<strong>skills partnership under the Pact for Skills<\/strong>\u00a0for the long-term care sector;<\/li>\n<li><strong>Fund projects and research<\/strong>\u00a0to assess the social and economic value of work and working conditions in the care sector;<\/li>\n<li>Review the application of\u00a0<strong>EU standards governing working conditions<\/strong>;<\/li>\n<li>Map the current admission conditions and rights of\u00a0<strong>long-term care workers from non-EU countries<\/strong>\u00a0and explore the feasibility of developing EU-level schemes to attract care workers; and<\/li>\n<li>Promote the opportunities available for early childhood education and care staff under the\u00a0<strong>Erasmus+ programmes.<\/strong><\/li>\n<\/ul>\n<p><strong>Background<\/strong><\/p>\n<p>The\u00a0<a href=\"https:\/\/ec.europa.eu\/social\/main.jsp?langId=en&amp;catId=89&amp;furtherNews=yes&amp;newsId=10382#navItem-relatedDocuments\">European Care Strategy<\/a>\u00a0will support the implementation of the principles enshrined in the\u00a0<a href=\"https:\/\/ec.europa.eu\/info\/strategy\/priorities-2019-2024\/economy-works-people\/jobs-growth-and-investment\/european-pillar-social-rights\/european-pillar-social-rights-20-principles_en\">European Pillar of Social Rights<\/a>, in particular the principles on gender equality, work-life balance, childcare and support to children and long-term care. In March 2021, the\u00a0<a href=\"https:\/\/op.europa.eu\/webpub\/empl\/european-pillar-of-social-rights\/en\/\">European Pillar of Social Rights Action Plan<\/a>\u00a0announced an initiative on long-term care and the revision of the Barcelona targets for early childhood education and care. In her\u00a0<a href=\"https:\/\/ec.europa.eu\/commission\/presscorner\/detail\/en\/SPEECH_21_4701\">2021 State of the Union Address<\/a>, President Ursula\u00a0<strong>von der Leyen<\/strong>\u00a0announced a European Care Strategy to support women and men in finding the best care and work life balance for carers. This was later confirmed in the\u00a0<a href=\"https:\/\/ec.europa.eu\/info\/publications\/2022-commission-work-programme-key-documents_en\">Commission Work Programme 2022<\/a>.<\/p>\n<p>The European Care Strategy will also contribute to achieving the three\u00a0<a href=\"https:\/\/ec.europa.eu\/commission\/presscorner\/detail\/en\/IP_22_3782\">EU social headline targets<\/a>\u00a0on employment, skills and poverty reduction for 2030, welcomed by EU leaders at the\u00a0<a href=\"https:\/\/ec.europa.eu\/commission\/presscorner\/detail\/en\/ip_21_2301\">Porto Summit in May 2021<\/a>\u00a0and by the\u00a0<a href=\"https:\/\/www.consilium.europa.eu\/media\/50763\/2425-06-21-euco-conclusions-en.pdf\">European Council<\/a>. The Barcelona Targets Recommendation, as part of the 2020-2025\u00a0<a href=\"https:\/\/ec.europa.eu\/commission\/presscorner\/detail\/en\/IP_20_358\">Gender Equality Strategy<\/a>, builds on other EU initiatives such as the\u00a0<a href=\"https:\/\/eur-lex.europa.eu\/legal-content\/EN\/TXT\/?uri=CELEX%3A32019H0605%2801%29\">Recommendation on Early Childhood Education and Care<\/a>, the\u00a0<a href=\"https:\/\/ec.europa.eu\/info\/policies\/justice-and-fundamental-rights\/rights-child\/eu-strategy-rights-child-and-european-child-guarantee_en\">EU Strategy on the Rights of the Child<\/a>\u00a0and the\u00a0<a href=\"https:\/\/eur-lex.europa.eu\/legal-content\/EN\/TXT\/?uri=CELEX%3A32021H1004#PP2Contents\">Recommendation on the European Child Guarantee<\/a>.<\/p>\n<table style=\"width: 99.9988%; border-collapse: collapse; border-style: double; border-color: #001f7d;\" cellpadding=\"0,5\">\n<tbody>\n<tr>\n<td style=\"width: 100%;\"><a href=\"https:\/\/www.cde.ual.es\/ficha\/access-to-care-services-early-childhood-education-and-care-healthcare-and-long-term-care\/\" target=\"_blank\" rel=\"noopener\"><img decoding=\"async\" class=\"alignleft\" src=\"https:\/\/www.cde.ual.es\/wp-content\/uploads\/2020\/11\/access-to-care-services-211x300.png\" alt=\"\" width=\"120\" height=\"171\" \/><\/a><\/p>\n<h4 class=\"entry-title\"><a href=\"https:\/\/www.cde.ual.es\/ficha\/access-to-care-services-early-childhood-education-and-care-healthcare-and-long-term-care\/\" target=\"_blank\" rel=\"noopener\">Access to care services. Early childhood education and care, healthcare and long-term care<\/a><\/h4>\n<\/td>\n<\/tr>\n<\/tbody>\n<\/table>\n<h3>More information<\/h3>\n<p><a href=\"https:\/\/ec.europa.eu\/commission\/presscorner\/detail\/en\/ip_22_5169\">European Commission &#8211; News<\/a><\/p>\n","protected":false},"excerpt":{"rendered":"<p>The European Commission presents the European Care Strategy to ensure quality, affordable and accessible care services across the European Union and improve the situation for both care receivers and the people caring for them, professionally or informally. The Strategy is accompanied by two Recommendations for Member States on the revision of the Barcelona targets on [&hellip;]<\/p>\n","protected":false},"author":101011,"featured_media":117585,"comment_status":"open","ping_status":"open","sticky":false,"template":"","format":"standard","meta":{"_acf_changed":false,"_relevanssi_hide_post":"","_relevanssi_hide_content":"","_relevanssi_pin_for_all":"","_relevanssi_pin_keywords":"","_relevanssi_unpin_keywords":"","_relevanssi_related_keywords":"","_relevanssi_related_include_ids":"","_relevanssi_related_exclude_ids":"","_relevanssi_related_no_append":"","_relevanssi_related_not_related":"","_relevanssi_related_posts":"","_relevanssi_noindex_reason":"","_monsterinsights_skip_tracking":false,"_monsterinsights_sitenote_active":false,"_monsterinsights_sitenote_note":"","_monsterinsights_sitenote_category":0,"_genesis_hide_title":false,"_genesis_hide_breadcrumbs":false,"_genesis_hide_singular_image":false,"_genesis_hide_footer_widgets":false,"_genesis_custom_body_class":"","_genesis_custom_post_class":"","_genesis_layout":"","footnotes":""},"categories":[346,4092,4096],"tags":[4361,5700,1488],"class_list":{"0":"post-117587","1":"post","2":"type-post","3":"status-publish","4":"format-standard","5":"has-post-thumbnail","7":"category-eu-news","8":"category-health","9":"category-tech-prof-health","10":"tag-care","11":"tag-child-en","12":"tag-european-commission","13":"entry"},"acf":[],"yoast_head":"<!-- This site is optimized with the Yoast SEO plugin v27.5 - https:\/\/yoast.com\/product\/yoast-seo-wordpress\/ -->\n<title>A European Care Strategy for carers and care receivers | CDE Almer\u00eda - Centro de Documentaci\u00f3n Europea - Universidad de Almer\u00eda<\/title>\n<meta name=\"robots\" content=\"index, follow, max-snippet:-1, max-image-preview:large, max-video-preview:-1\" \/>\n<link rel=\"canonical\" href=\"https:\/\/www.cde.ual.es\/en\/a-european-care-strategy-for-carers-and-care-receivers\/\" \/>\n<meta property=\"og:locale\" content=\"en_US\" \/>\n<meta property=\"og:type\" content=\"article\" \/>\n<meta property=\"og:title\" content=\"A European Care Strategy for carers and care receivers | CDE Almer\u00eda - Centro de Documentaci\u00f3n Europea - Universidad de Almer\u00eda\" \/>\n<meta property=\"og:description\" content=\"The European Commission presents the European Care Strategy to ensure quality, affordable and accessible care services across the European Union and improve the situation for both care receivers and the people caring for them, professionally or informally. The Strategy is accompanied by two Recommendations for Member States on the revision of the Barcelona targets on [&hellip;]\" \/>\n<meta property=\"og:url\" content=\"https:\/\/www.cde.ual.es\/en\/a-european-care-strategy-for-carers-and-care-receivers\/\" \/>\n<meta property=\"og:site_name\" content=\"CDE Almer\u00eda - Centro de Documentaci\u00f3n Europea - Universidad de Almer\u00eda\" \/>\n<meta property=\"article:publisher\" content=\"https:\/\/www.facebook.com\/cdeuniversidadalmeria\/\" \/>\n<meta property=\"article:published_time\" content=\"2022-09-08T08:15:33+00:00\" \/>\n<meta property=\"article:modified_time\" content=\"2022-09-08T08:38:14+00:00\" \/>\n<meta property=\"og:image\" content=\"https:\/\/www.cde.ual.es\/wp-content\/uploads\/2022\/09\/hospice-1750928_1920.jpg\" \/>\n\t<meta property=\"og:image:width\" content=\"1920\" \/>\n\t<meta property=\"og:image:height\" content=\"1280\" \/>\n\t<meta property=\"og:image:type\" content=\"image\/jpeg\" \/>\n<meta name=\"author\" content=\"BECA 2 CDE\" \/>\n<meta name=\"twitter:card\" content=\"summary_large_image\" \/>\n<meta name=\"twitter:creator\" content=\"@cdeualmeria\" \/>\n<meta name=\"twitter:site\" content=\"@cdeualmeria\" \/>\n<meta name=\"twitter:label1\" content=\"Written by\" \/>\n\t<meta name=\"twitter:data1\" content=\"BECA 2 CDE\" \/>\n\t<meta name=\"twitter:label2\" content=\"Est. reading time\" \/>\n\t<meta name=\"twitter:data2\" content=\"6 minutes\" \/>\n<script type=\"application\/ld+json\" class=\"yoast-schema-graph\">{\"@context\":\"https:\\\/\\\/schema.org\",\"@graph\":[{\"@type\":\"Article\",\"@id\":\"https:\\\/\\\/www.cde.ual.es\\\/en\\\/a-european-care-strategy-for-carers-and-care-receivers\\\/#article\",\"isPartOf\":{\"@id\":\"https:\\\/\\\/www.cde.ual.es\\\/en\\\/a-european-care-strategy-for-carers-and-care-receivers\\\/\"},\"author\":{\"name\":\"BECA 2 CDE\",\"@id\":\"https:\\\/\\\/www.cde.ual.es\\\/#\\\/schema\\\/person\\\/ee46ebc19edfa19598c02cff83335acc\"},\"headline\":\"A European Care Strategy for carers and care receivers\",\"datePublished\":\"2022-09-08T08:15:33+00:00\",\"dateModified\":\"2022-09-08T08:38:14+00:00\",\"mainEntityOfPage\":{\"@id\":\"https:\\\/\\\/www.cde.ual.es\\\/en\\\/a-european-care-strategy-for-carers-and-care-receivers\\\/\"},\"wordCount\":1103,\"commentCount\":0,\"publisher\":{\"@id\":\"https:\\\/\\\/www.cde.ual.es\\\/#organization\"},\"image\":{\"@id\":\"https:\\\/\\\/www.cde.ual.es\\\/en\\\/a-european-care-strategy-for-carers-and-care-receivers\\\/#primaryimage\"},\"thumbnailUrl\":\"https:\\\/\\\/www.cde.ual.es\\\/wp-content\\\/uploads\\\/2022\\\/09\\\/hospice-1750928_1920.jpg\",\"keywords\":[\"care\",\"Child\",\"European Commission\"],\"articleSection\":[\"EU News\",\"Health\",\"Technological and Professional Health\"],\"inLanguage\":\"en-US\",\"potentialAction\":[{\"@type\":\"CommentAction\",\"name\":\"Comment\",\"target\":[\"https:\\\/\\\/www.cde.ual.es\\\/en\\\/a-european-care-strategy-for-carers-and-care-receivers\\\/#respond\"]}]},{\"@type\":\"WebPage\",\"@id\":\"https:\\\/\\\/www.cde.ual.es\\\/en\\\/a-european-care-strategy-for-carers-and-care-receivers\\\/\",\"url\":\"https:\\\/\\\/www.cde.ual.es\\\/en\\\/a-european-care-strategy-for-carers-and-care-receivers\\\/\",\"name\":\"A European Care Strategy for carers and care receivers | CDE Almer\u00eda - Centro de Documentaci\u00f3n Europea - Universidad de Almer\u00eda\",\"isPartOf\":{\"@id\":\"https:\\\/\\\/www.cde.ual.es\\\/#website\"},\"primaryImageOfPage\":{\"@id\":\"https:\\\/\\\/www.cde.ual.es\\\/en\\\/a-european-care-strategy-for-carers-and-care-receivers\\\/#primaryimage\"},\"image\":{\"@id\":\"https:\\\/\\\/www.cde.ual.es\\\/en\\\/a-european-care-strategy-for-carers-and-care-receivers\\\/#primaryimage\"},\"thumbnailUrl\":\"https:\\\/\\\/www.cde.ual.es\\\/wp-content\\\/uploads\\\/2022\\\/09\\\/hospice-1750928_1920.jpg\",\"datePublished\":\"2022-09-08T08:15:33+00:00\",\"dateModified\":\"2022-09-08T08:38:14+00:00\",\"breadcrumb\":{\"@id\":\"https:\\\/\\\/www.cde.ual.es\\\/en\\\/a-european-care-strategy-for-carers-and-care-receivers\\\/#breadcrumb\"},\"inLanguage\":\"en-US\",\"potentialAction\":[{\"@type\":\"ReadAction\",\"target\":[\"https:\\\/\\\/www.cde.ual.es\\\/en\\\/a-european-care-strategy-for-carers-and-care-receivers\\\/\"]}]},{\"@type\":\"ImageObject\",\"inLanguage\":\"en-US\",\"@id\":\"https:\\\/\\\/www.cde.ual.es\\\/en\\\/a-european-care-strategy-for-carers-and-care-receivers\\\/#primaryimage\",\"url\":\"https:\\\/\\\/www.cde.ual.es\\\/wp-content\\\/uploads\\\/2022\\\/09\\\/hospice-1750928_1920.jpg\",\"contentUrl\":\"https:\\\/\\\/www.cde.ual.es\\\/wp-content\\\/uploads\\\/2022\\\/09\\\/hospice-1750928_1920.jpg\",\"width\":1920,\"height\":1280},{\"@type\":\"BreadcrumbList\",\"@id\":\"https:\\\/\\\/www.cde.ual.es\\\/en\\\/a-european-care-strategy-for-carers-and-care-receivers\\\/#breadcrumb\",\"itemListElement\":[{\"@type\":\"ListItem\",\"position\":1,\"name\":\"Inicio\",\"item\":\"https:\\\/\\\/www.cde.ual.es\\\/en\\\/\"},{\"@type\":\"ListItem\",\"position\":2,\"name\":\"EU News\",\"item\":\"https:\\\/\\\/www.cde.ual.es\\\/en\\\/category\\\/eu-news\\\/\"},{\"@type\":\"ListItem\",\"position\":3,\"name\":\"Health\",\"item\":\"https:\\\/\\\/www.cde.ual.es\\\/en\\\/category\\\/eu-news\\\/health\\\/\"},{\"@type\":\"ListItem\",\"position\":4,\"name\":\"Technological and Professional Health\",\"item\":\"https:\\\/\\\/www.cde.ual.es\\\/en\\\/category\\\/eu-news\\\/health\\\/tech-prof-health\\\/\"},{\"@type\":\"ListItem\",\"position\":5,\"name\":\"A European Care Strategy for carers and care receivers\"}]},{\"@type\":\"WebSite\",\"@id\":\"https:\\\/\\\/www.cde.ual.es\\\/#website\",\"url\":\"https:\\\/\\\/www.cde.ual.es\\\/\",\"name\":\"CDE Almer\u00eda - Centro de Documentaci\u00f3n Europea - Universidad de Almer\u00eda\",\"description\":\"Centro de Documentaci\u00f3n Europea de la Universidad de Almer\u00eda\",\"publisher\":{\"@id\":\"https:\\\/\\\/www.cde.ual.es\\\/#organization\"},\"alternateName\":\"CDE Almer\u00eda\",\"potentialAction\":[{\"@type\":\"SearchAction\",\"target\":{\"@type\":\"EntryPoint\",\"urlTemplate\":\"https:\\\/\\\/www.cde.ual.es\\\/?s={search_term_string}\"},\"query-input\":{\"@type\":\"PropertyValueSpecification\",\"valueRequired\":true,\"valueName\":\"search_term_string\"}}],\"inLanguage\":\"en-US\"},{\"@type\":\"Organization\",\"@id\":\"https:\\\/\\\/www.cde.ual.es\\\/#organization\",\"name\":\"Centro de Documentaci\u00f3n Europea de Almer\u00eda\",\"url\":\"https:\\\/\\\/www.cde.ual.es\\\/\",\"logo\":{\"@type\":\"ImageObject\",\"inLanguage\":\"en-US\",\"@id\":\"https:\\\/\\\/www.cde.ual.es\\\/#\\\/schema\\\/logo\\\/image\\\/\",\"url\":\"https:\\\/\\\/www.cde.ual.es\\\/wp-content\\\/uploads\\\/2025\\\/07\\\/cde-logo-3.png\",\"contentUrl\":\"https:\\\/\\\/www.cde.ual.es\\\/wp-content\\\/uploads\\\/2025\\\/07\\\/cde-logo-3.png\",\"width\":1400,\"height\":300,\"caption\":\"Centro de Documentaci\u00f3n Europea de Almer\u00eda\"},\"image\":{\"@id\":\"https:\\\/\\\/www.cde.ual.es\\\/#\\\/schema\\\/logo\\\/image\\\/\"},\"sameAs\":[\"https:\\\/\\\/www.facebook.com\\\/cdeuniversidadalmeria\\\/\",\"https:\\\/\\\/x.com\\\/cdeualmeria\",\"https:\\\/\\\/www.tiktok.com\\\/@cdealmeria\",\"https:\\\/\\\/www.instagram.com\\\/cdealmeria\\\/\",\"https:\\\/\\\/www.linkedin.com\\\/in\\\/cde-almera-812b26a9\\\/\"]},{\"@type\":\"Person\",\"@id\":\"https:\\\/\\\/www.cde.ual.es\\\/#\\\/schema\\\/person\\\/ee46ebc19edfa19598c02cff83335acc\",\"name\":\"BECA 2 CDE\",\"image\":{\"@type\":\"ImageObject\",\"inLanguage\":\"en-US\",\"@id\":\"https:\\\/\\\/secure.gravatar.com\\\/avatar\\\/35a481bbc04bbd90e91bdfa3b0b5541036c222a49b9ad37b6889a2afcb5311a5?s=96&d=mm&r=g\",\"url\":\"https:\\\/\\\/secure.gravatar.com\\\/avatar\\\/35a481bbc04bbd90e91bdfa3b0b5541036c222a49b9ad37b6889a2afcb5311a5?s=96&d=mm&r=g\",\"contentUrl\":\"https:\\\/\\\/secure.gravatar.com\\\/avatar\\\/35a481bbc04bbd90e91bdfa3b0b5541036c222a49b9ad37b6889a2afcb5311a5?s=96&d=mm&r=g\",\"caption\":\"BECA 2 CDE\"},\"sameAs\":[\"http:\\\/\\\/www.cdealmeria.com\"]}]}<\/script>\n<!-- \/ Yoast SEO plugin. -->","yoast_head_json":{"title":"A European Care Strategy for carers and care receivers | CDE Almer\u00eda - Centro de Documentaci\u00f3n Europea - Universidad de Almer\u00eda","robots":{"index":"index","follow":"follow","max-snippet":"max-snippet:-1","max-image-preview":"max-image-preview:large","max-video-preview":"max-video-preview:-1"},"canonical":"https:\/\/www.cde.ual.es\/en\/a-european-care-strategy-for-carers-and-care-receivers\/","og_locale":"en_US","og_type":"article","og_title":"A European Care Strategy for carers and care receivers | CDE Almer\u00eda - Centro de Documentaci\u00f3n Europea - Universidad de Almer\u00eda","og_description":"The European Commission presents the European Care Strategy to ensure quality, affordable and accessible care services across the European Union and improve the situation for both care receivers and the people caring for them, professionally or informally. The Strategy is accompanied by two Recommendations for Member States on the revision of the Barcelona targets on [&hellip;]","og_url":"https:\/\/www.cde.ual.es\/en\/a-european-care-strategy-for-carers-and-care-receivers\/","og_site_name":"CDE Almer\u00eda - Centro de Documentaci\u00f3n Europea - Universidad de Almer\u00eda","article_publisher":"https:\/\/www.facebook.com\/cdeuniversidadalmeria\/","article_published_time":"2022-09-08T08:15:33+00:00","article_modified_time":"2022-09-08T08:38:14+00:00","og_image":[{"width":1920,"height":1280,"url":"https:\/\/www.cde.ual.es\/wp-content\/uploads\/2022\/09\/hospice-1750928_1920.jpg","type":"image\/jpeg"}],"author":"BECA 2 CDE","twitter_card":"summary_large_image","twitter_creator":"@cdeualmeria","twitter_site":"@cdeualmeria","twitter_misc":{"Written by":"BECA 2 CDE","Est. reading time":"6 minutes"},"schema":{"@context":"https:\/\/schema.org","@graph":[{"@type":"Article","@id":"https:\/\/www.cde.ual.es\/en\/a-european-care-strategy-for-carers-and-care-receivers\/#article","isPartOf":{"@id":"https:\/\/www.cde.ual.es\/en\/a-european-care-strategy-for-carers-and-care-receivers\/"},"author":{"name":"BECA 2 CDE","@id":"https:\/\/www.cde.ual.es\/#\/schema\/person\/ee46ebc19edfa19598c02cff83335acc"},"headline":"A European Care Strategy for carers and care receivers","datePublished":"2022-09-08T08:15:33+00:00","dateModified":"2022-09-08T08:38:14+00:00","mainEntityOfPage":{"@id":"https:\/\/www.cde.ual.es\/en\/a-european-care-strategy-for-carers-and-care-receivers\/"},"wordCount":1103,"commentCount":0,"publisher":{"@id":"https:\/\/www.cde.ual.es\/#organization"},"image":{"@id":"https:\/\/www.cde.ual.es\/en\/a-european-care-strategy-for-carers-and-care-receivers\/#primaryimage"},"thumbnailUrl":"https:\/\/www.cde.ual.es\/wp-content\/uploads\/2022\/09\/hospice-1750928_1920.jpg","keywords":["care","Child","European Commission"],"articleSection":["EU News","Health","Technological and Professional Health"],"inLanguage":"en-US","potentialAction":[{"@type":"CommentAction","name":"Comment","target":["https:\/\/www.cde.ual.es\/en\/a-european-care-strategy-for-carers-and-care-receivers\/#respond"]}]},{"@type":"WebPage","@id":"https:\/\/www.cde.ual.es\/en\/a-european-care-strategy-for-carers-and-care-receivers\/","url":"https:\/\/www.cde.ual.es\/en\/a-european-care-strategy-for-carers-and-care-receivers\/","name":"A European Care Strategy for carers and care receivers | CDE Almer\u00eda - Centro de Documentaci\u00f3n Europea - Universidad de Almer\u00eda","isPartOf":{"@id":"https:\/\/www.cde.ual.es\/#website"},"primaryImageOfPage":{"@id":"https:\/\/www.cde.ual.es\/en\/a-european-care-strategy-for-carers-and-care-receivers\/#primaryimage"},"image":{"@id":"https:\/\/www.cde.ual.es\/en\/a-european-care-strategy-for-carers-and-care-receivers\/#primaryimage"},"thumbnailUrl":"https:\/\/www.cde.ual.es\/wp-content\/uploads\/2022\/09\/hospice-1750928_1920.jpg","datePublished":"2022-09-08T08:15:33+00:00","dateModified":"2022-09-08T08:38:14+00:00","breadcrumb":{"@id":"https:\/\/www.cde.ual.es\/en\/a-european-care-strategy-for-carers-and-care-receivers\/#breadcrumb"},"inLanguage":"en-US","potentialAction":[{"@type":"ReadAction","target":["https:\/\/www.cde.ual.es\/en\/a-european-care-strategy-for-carers-and-care-receivers\/"]}]},{"@type":"ImageObject","inLanguage":"en-US","@id":"https:\/\/www.cde.ual.es\/en\/a-european-care-strategy-for-carers-and-care-receivers\/#primaryimage","url":"https:\/\/www.cde.ual.es\/wp-content\/uploads\/2022\/09\/hospice-1750928_1920.jpg","contentUrl":"https:\/\/www.cde.ual.es\/wp-content\/uploads\/2022\/09\/hospice-1750928_1920.jpg","width":1920,"height":1280},{"@type":"BreadcrumbList","@id":"https:\/\/www.cde.ual.es\/en\/a-european-care-strategy-for-carers-and-care-receivers\/#breadcrumb","itemListElement":[{"@type":"ListItem","position":1,"name":"Inicio","item":"https:\/\/www.cde.ual.es\/en\/"},{"@type":"ListItem","position":2,"name":"EU News","item":"https:\/\/www.cde.ual.es\/en\/category\/eu-news\/"},{"@type":"ListItem","position":3,"name":"Health","item":"https:\/\/www.cde.ual.es\/en\/category\/eu-news\/health\/"},{"@type":"ListItem","position":4,"name":"Technological and Professional Health","item":"https:\/\/www.cde.ual.es\/en\/category\/eu-news\/health\/tech-prof-health\/"},{"@type":"ListItem","position":5,"name":"A European Care Strategy for carers and care receivers"}]},{"@type":"WebSite","@id":"https:\/\/www.cde.ual.es\/#website","url":"https:\/\/www.cde.ual.es\/","name":"CDE Almer\u00eda - Centro de Documentaci\u00f3n Europea - Universidad de Almer\u00eda","description":"Centro de Documentaci\u00f3n Europea de la Universidad de Almer\u00eda","publisher":{"@id":"https:\/\/www.cde.ual.es\/#organization"},"alternateName":"CDE Almer\u00eda","potentialAction":[{"@type":"SearchAction","target":{"@type":"EntryPoint","urlTemplate":"https:\/\/www.cde.ual.es\/?s={search_term_string}"},"query-input":{"@type":"PropertyValueSpecification","valueRequired":true,"valueName":"search_term_string"}}],"inLanguage":"en-US"},{"@type":"Organization","@id":"https:\/\/www.cde.ual.es\/#organization","name":"Centro de Documentaci\u00f3n Europea de Almer\u00eda","url":"https:\/\/www.cde.ual.es\/","logo":{"@type":"ImageObject","inLanguage":"en-US","@id":"https:\/\/www.cde.ual.es\/#\/schema\/logo\/image\/","url":"https:\/\/www.cde.ual.es\/wp-content\/uploads\/2025\/07\/cde-logo-3.png","contentUrl":"https:\/\/www.cde.ual.es\/wp-content\/uploads\/2025\/07\/cde-logo-3.png","width":1400,"height":300,"caption":"Centro de Documentaci\u00f3n Europea de Almer\u00eda"},"image":{"@id":"https:\/\/www.cde.ual.es\/#\/schema\/logo\/image\/"},"sameAs":["https:\/\/www.facebook.com\/cdeuniversidadalmeria\/","https:\/\/x.com\/cdeualmeria","https:\/\/www.tiktok.com\/@cdealmeria","https:\/\/www.instagram.com\/cdealmeria\/","https:\/\/www.linkedin.com\/in\/cde-almera-812b26a9\/"]},{"@type":"Person","@id":"https:\/\/www.cde.ual.es\/#\/schema\/person\/ee46ebc19edfa19598c02cff83335acc","name":"BECA 2 CDE","image":{"@type":"ImageObject","inLanguage":"en-US","@id":"https:\/\/secure.gravatar.com\/avatar\/35a481bbc04bbd90e91bdfa3b0b5541036c222a49b9ad37b6889a2afcb5311a5?s=96&d=mm&r=g","url":"https:\/\/secure.gravatar.com\/avatar\/35a481bbc04bbd90e91bdfa3b0b5541036c222a49b9ad37b6889a2afcb5311a5?s=96&d=mm&r=g","contentUrl":"https:\/\/secure.gravatar.com\/avatar\/35a481bbc04bbd90e91bdfa3b0b5541036c222a49b9ad37b6889a2afcb5311a5?s=96&d=mm&r=g","caption":"BECA 2 CDE"},"sameAs":["http:\/\/www.cdealmeria.com"]}]}},"_links":{"self":[{"href":"https:\/\/www.cde.ual.es\/en\/wp-json\/wp\/v2\/posts\/117587","targetHints":{"allow":["GET"]}}],"collection":[{"href":"https:\/\/www.cde.ual.es\/en\/wp-json\/wp\/v2\/posts"}],"about":[{"href":"https:\/\/www.cde.ual.es\/en\/wp-json\/wp\/v2\/types\/post"}],"author":[{"embeddable":true,"href":"https:\/\/www.cde.ual.es\/en\/wp-json\/wp\/v2\/users\/101011"}],"replies":[{"embeddable":true,"href":"https:\/\/www.cde.ual.es\/en\/wp-json\/wp\/v2\/comments?post=117587"}],"version-history":[{"count":2,"href":"https:\/\/www.cde.ual.es\/en\/wp-json\/wp\/v2\/posts\/117587\/revisions"}],"predecessor-version":[{"id":117601,"href":"https:\/\/www.cde.ual.es\/en\/wp-json\/wp\/v2\/posts\/117587\/revisions\/117601"}],"wp:featuredmedia":[{"embeddable":true,"href":"https:\/\/www.cde.ual.es\/en\/wp-json\/wp\/v2\/media\/117585"}],"wp:attachment":[{"href":"https:\/\/www.cde.ual.es\/en\/wp-json\/wp\/v2\/media?parent=117587"}],"wp:term":[{"taxonomy":"category","embeddable":true,"href":"https:\/\/www.cde.ual.es\/en\/wp-json\/wp\/v2\/categories?post=117587"},{"taxonomy":"post_tag","embeddable":true,"href":"https:\/\/www.cde.ual.es\/en\/wp-json\/wp\/v2\/tags?post=117587"}],"curies":[{"name":"wp","href":"https:\/\/api.w.org\/{rel}","templated":true}]}}