{"id":11733,"date":"2019-01-21T08:00:55","date_gmt":"2019-01-21T07:00:55","guid":{"rendered":"http:\/\/www.cde.ual.es\/?p=11733"},"modified":"2020-02-12T09:00:33","modified_gmt":"2020-02-12T08:00:33","slug":"xiii-convocatoria-premio-europeo-carlos-v","status":"publish","type":"post","link":"https:\/\/www.cde.ual.es\/en\/xiii-convocatoria-premio-europeo-carlos-v\/","title":{"rendered":"XIII Convocatoria Premio Europeo Carlos V"},"content":{"rendered":"\r\n<figure class=\"wp-block-gallery-1 is-layout-flex wp-block-gallery-is-layout-flex\">Con el fin de premiar la labor de aquellas <strong>personas, organizaciones, proyectos o iniciativas<\/strong> que, con su esfuerzo y dedicaci\u00f3n, hayan contribuido al conocimiento general y engrandecimiento de los <strong>valores culturales, sociales, cient\u00edficos e hist\u00f3ricos de Europa<\/strong>, as\u00ed como al proceso de construcci\u00f3n e integraci\u00f3n europeas, la <strong>Fundaci\u00f3n Academia Europea e Iberoamericana de Yuste instituy\u00f3 el Premio Europeo Carlos V.<\/strong><\/figure>\r\n<figure><\/figure>\r\n<figure><img decoding=\"async\" width=\"837\" height=\"539\" class=\"wp-image-11734 aligncenter\" src=\"http:\/\/www.cde.ual.es\/wp-content\/uploads\/2019\/01\/Premio-Europeo-Carlos-V.png\" alt=\"\" data-id=\"11734\" data-link=\"http:\/\/www.cde.ual.es\/?attachment_id=11734\" srcset=\"https:\/\/www.cde.ual.es\/wp-content\/uploads\/2019\/01\/Premio-Europeo-Carlos-V.png 837w, https:\/\/www.cde.ual.es\/wp-content\/uploads\/2019\/01\/Premio-Europeo-Carlos-V-300x193.png 300w, https:\/\/www.cde.ual.es\/wp-content\/uploads\/2019\/01\/Premio-Europeo-Carlos-V-768x495.png 768w\" sizes=\"(max-width: 837px) 100vw, 837px\" \/><\/figure>\r\n\r\n\r\n\r\n<p>&nbsp;<\/p>\r\n\r\n\r\n\r\n<p>El \u201cPremio Europeo Carlos V\u201d es otorgado por el Patronato de la Fundaci\u00f3n Academia Europea de Yuste a propuesta de un jurado designado por este a tal efecto.<\/p>\r\n\r\n\r\n\r\n<h3 class=\"wp-block-heading\">Plazo<\/h3>\r\n\r\n\r\n\r\n<p>El plazo para la presentaci\u00f3n de candidaturas ser\u00e1 desde la publicaci\u00f3n de la presente convocatoria en el Diario Oficial de Extremadura (DOE) hasta el\u00a0<strong>15 de febrero de 2019<\/strong>\u00a0sirviendo de justificante, para aquellas candidaturas enviadas por correo postal, la fecha del matasellos de correos.<\/p>\r\n\r\n\r\n\r\n<h3 class=\"wp-block-heading\">Galardonados<\/h3>\r\n\r\n\r\n\r\n<p>Esta es la XIII edici\u00f3n de la convocatoria del Premio Europeo Carlos V. Hasta la fecha han recibido este galard\u00f3n, Jacques Delors, Wilfried Martens, Felipe Gonz\u00e1lez, Mija\u00edl Gorbachov, Jorge Sampaio, Helmut Kohl, Simone Veil, Javier Solana, Jos\u00e9 Manuel Dur\u00e3o Barroso, Sofia Corradi, Marcelino Oreja Aguirre y Antonio Tajani.<\/p>\r\n\r\n\r\n\r\n<h3 class=\"wp-block-heading\">M\u00e1s informaci\u00f3n<\/h3>\r\n\r\n\r\n\r\n<p><a href=\"http:\/\/www.fundacionyuste.org\/en\/the-european-carlos-v-award\/convocatoria-2020\/\">Convocatoria<\/a><\/p>\r\n","protected":false},"excerpt":{"rendered":"<p>&nbsp; El \u201cPremio Europeo Carlos V\u201d es otorgado por el Patronato de la Fundaci\u00f3n Academia Europea de Yuste a propuesta de un jurado designado por este a tal efecto. Plazo El plazo para la presentaci\u00f3n de candidaturas ser\u00e1 desde la publicaci\u00f3n de la presente convocatoria en el Diario Oficial de Extremadura (DOE) hasta el\u00a015 de [&hellip;]<\/p>\n","protected":false},"author":1,"featured_media":11734,"comment_status":"open","ping_status":"open","sticky":false,"template":"","format":"standard","meta":{"_acf_changed":false,"_relevanssi_hide_post":"","_relevanssi_hide_content":"","_relevanssi_pin_for_all":"","_relevanssi_pin_keywords":"","_relevanssi_unpin_keywords":"","_relevanssi_related_keywords":"","_relevanssi_related_include_ids":"","_relevanssi_related_exclude_ids":"","_relevanssi_related_no_append":"","_relevanssi_related_not_related":"","_relevanssi_related_posts":"","_relevanssi_noindex_reason":"","_monsterinsights_skip_tracking":false,"_monsterinsights_sitenote_active":false,"_monsterinsights_sitenote_note":"","_monsterinsights_sitenote_category":0,"_genesis_hide_title":false,"_genesis_hide_breadcrumbs":false,"_genesis_hide_singular_image":false,"_genesis_hide_footer_widgets":false,"_genesis_custom_body_class":"","_genesis_custom_post_class":"","_genesis_layout":"","footnotes":""},"categories":[136],"tags":[],"class_list":{"0":"post-11733","1":"post","2":"type-post","3":"status-publish","4":"format-standard","5":"has-post-thumbnail","7":"category-convocatorias-y-premios-ue","8":"entry"},"acf":[],"yoast_head":"<!-- This site is optimized with the Yoast SEO plugin v27.5 - https:\/\/yoast.com\/product\/yoast-seo-wordpress\/ -->\n<title>XIII Convocatoria Premio Europeo Carlos V | CDE Almer\u00eda - Centro de Documentaci\u00f3n Europea - Universidad de Almer\u00eda<\/title>\n<meta name=\"robots\" content=\"index, follow, max-snippet:-1, max-image-preview:large, max-video-preview:-1\" \/>\n<link rel=\"canonical\" href=\"https:\/\/www.cde.ual.es\/xiii-convocatoria-premio-europeo-carlos-v\/\" \/>\n<meta property=\"og:locale\" content=\"en_US\" \/>\n<meta property=\"og:type\" content=\"article\" \/>\n<meta property=\"og:title\" content=\"XIII Convocatoria Premio Europeo Carlos V | CDE Almer\u00eda - Centro de Documentaci\u00f3n Europea - Universidad de Almer\u00eda\" \/>\n<meta property=\"og:description\" content=\"&nbsp; El \u201cPremio Europeo Carlos V\u201d es otorgado por el Patronato de la Fundaci\u00f3n Academia Europea de Yuste a propuesta de un jurado designado por este a tal efecto. Plazo El plazo para la presentaci\u00f3n de candidaturas ser\u00e1 desde la publicaci\u00f3n de la presente convocatoria en el Diario Oficial de Extremadura (DOE) hasta el\u00a015 de [&hellip;]\" \/>\n<meta property=\"og:url\" content=\"https:\/\/www.cde.ual.es\/xiii-convocatoria-premio-europeo-carlos-v\/\" \/>\n<meta property=\"og:site_name\" content=\"CDE Almer\u00eda - Centro de Documentaci\u00f3n Europea - Universidad de Almer\u00eda\" \/>\n<meta property=\"article:publisher\" content=\"https:\/\/www.facebook.com\/cdeuniversidadalmeria\/\" \/>\n<meta property=\"article:published_time\" content=\"2019-01-21T07:00:55+00:00\" \/>\n<meta property=\"article:modified_time\" content=\"2020-02-12T08:00:33+00:00\" \/>\n<meta property=\"og:image\" content=\"https:\/\/www.cde.ual.es\/wp-content\/uploads\/2019\/01\/Premio-Europeo-Carlos-V.png\" \/>\n\t<meta property=\"og:image:width\" content=\"837\" \/>\n\t<meta property=\"og:image:height\" content=\"539\" \/>\n\t<meta property=\"og:image:type\" content=\"image\/png\" \/>\n<meta name=\"author\" content=\"AdminCDE\" \/>\n<meta name=\"twitter:card\" content=\"summary_large_image\" \/>\n<meta name=\"twitter:creator\" content=\"@cdeualmeria\" \/>\n<meta name=\"twitter:site\" content=\"@cdeualmeria\" \/>\n<meta name=\"twitter:label1\" content=\"Written by\" \/>\n\t<meta name=\"twitter:data1\" content=\"AdminCDE\" \/>\n\t<meta name=\"twitter:label2\" content=\"Est. reading time\" \/>\n\t<meta name=\"twitter:data2\" content=\"1 minute\" \/>\n<script type=\"application\/ld+json\" class=\"yoast-schema-graph\">{\"@context\":\"https:\\\/\\\/schema.org\",\"@graph\":[{\"@type\":\"Article\",\"@id\":\"https:\\\/\\\/www.cde.ual.es\\\/xiii-convocatoria-premio-europeo-carlos-v\\\/#article\",\"isPartOf\":{\"@id\":\"https:\\\/\\\/www.cde.ual.es\\\/xiii-convocatoria-premio-europeo-carlos-v\\\/\"},\"author\":{\"name\":\"AdminCDE\",\"@id\":\"https:\\\/\\\/www.cde.ual.es\\\/#\\\/schema\\\/person\\\/224ef08c8bcc005f319d2713ce37ee5f\"},\"headline\":\"XIII Convocatoria Premio Europeo Carlos V\",\"datePublished\":\"2019-01-21T07:00:55+00:00\",\"dateModified\":\"2020-02-12T08:00:33+00:00\",\"mainEntityOfPage\":{\"@id\":\"https:\\\/\\\/www.cde.ual.es\\\/xiii-convocatoria-premio-europeo-carlos-v\\\/\"},\"wordCount\":207,\"commentCount\":0,\"publisher\":{\"@id\":\"https:\\\/\\\/www.cde.ual.es\\\/#organization\"},\"image\":{\"@id\":\"https:\\\/\\\/www.cde.ual.es\\\/xiii-convocatoria-premio-europeo-carlos-v\\\/#primaryimage\"},\"thumbnailUrl\":\"https:\\\/\\\/www.cde.ual.es\\\/wp-content\\\/uploads\\\/2019\\\/01\\\/Premio-Europeo-Carlos-V.png\",\"articleSection\":[\"Convocatorias y Premios UE\"],\"inLanguage\":\"en-US\",\"potentialAction\":[{\"@type\":\"CommentAction\",\"name\":\"Comment\",\"target\":[\"https:\\\/\\\/www.cde.ual.es\\\/xiii-convocatoria-premio-europeo-carlos-v\\\/#respond\"]}]},{\"@type\":\"WebPage\",\"@id\":\"https:\\\/\\\/www.cde.ual.es\\\/xiii-convocatoria-premio-europeo-carlos-v\\\/\",\"url\":\"https:\\\/\\\/www.cde.ual.es\\\/xiii-convocatoria-premio-europeo-carlos-v\\\/\",\"name\":\"XIII Convocatoria Premio Europeo Carlos V | CDE Almer\u00eda - Centro de Documentaci\u00f3n Europea - Universidad de Almer\u00eda\",\"isPartOf\":{\"@id\":\"https:\\\/\\\/www.cde.ual.es\\\/#website\"},\"primaryImageOfPage\":{\"@id\":\"https:\\\/\\\/www.cde.ual.es\\\/xiii-convocatoria-premio-europeo-carlos-v\\\/#primaryimage\"},\"image\":{\"@id\":\"https:\\\/\\\/www.cde.ual.es\\\/xiii-convocatoria-premio-europeo-carlos-v\\\/#primaryimage\"},\"thumbnailUrl\":\"https:\\\/\\\/www.cde.ual.es\\\/wp-content\\\/uploads\\\/2019\\\/01\\\/Premio-Europeo-Carlos-V.png\",\"datePublished\":\"2019-01-21T07:00:55+00:00\",\"dateModified\":\"2020-02-12T08:00:33+00:00\",\"breadcrumb\":{\"@id\":\"https:\\\/\\\/www.cde.ual.es\\\/xiii-convocatoria-premio-europeo-carlos-v\\\/#breadcrumb\"},\"inLanguage\":\"en-US\",\"potentialAction\":[{\"@type\":\"ReadAction\",\"target\":[\"https:\\\/\\\/www.cde.ual.es\\\/xiii-convocatoria-premio-europeo-carlos-v\\\/\"]}]},{\"@type\":\"ImageObject\",\"inLanguage\":\"en-US\",\"@id\":\"https:\\\/\\\/www.cde.ual.es\\\/xiii-convocatoria-premio-europeo-carlos-v\\\/#primaryimage\",\"url\":\"https:\\\/\\\/www.cde.ual.es\\\/wp-content\\\/uploads\\\/2019\\\/01\\\/Premio-Europeo-Carlos-V.png\",\"contentUrl\":\"https:\\\/\\\/www.cde.ual.es\\\/wp-content\\\/uploads\\\/2019\\\/01\\\/Premio-Europeo-Carlos-V.png\",\"width\":837,\"height\":539},{\"@type\":\"BreadcrumbList\",\"@id\":\"https:\\\/\\\/www.cde.ual.es\\\/xiii-convocatoria-premio-europeo-carlos-v\\\/#breadcrumb\",\"itemListElement\":[{\"@type\":\"ListItem\",\"position\":1,\"name\":\"Inicio\",\"item\":\"https:\\\/\\\/www.cde.ual.es\\\/en\\\/\"},{\"@type\":\"ListItem\",\"position\":2,\"name\":\"Convocatorias y Premios UE\",\"item\":\"https:\\\/\\\/www.cde.ual.es\\\/category\\\/convocatorias-y-premios-ue\\\/\"},{\"@type\":\"ListItem\",\"position\":3,\"name\":\"XIII Convocatoria Premio Europeo Carlos V\"}]},{\"@type\":\"WebSite\",\"@id\":\"https:\\\/\\\/www.cde.ual.es\\\/#website\",\"url\":\"https:\\\/\\\/www.cde.ual.es\\\/\",\"name\":\"CDE Almer\u00eda - Centro de Documentaci\u00f3n Europea - Universidad de Almer\u00eda\",\"description\":\"Centro de Documentaci\u00f3n Europea de la Universidad de Almer\u00eda\",\"publisher\":{\"@id\":\"https:\\\/\\\/www.cde.ual.es\\\/#organization\"},\"alternateName\":\"CDE Almer\u00eda\",\"potentialAction\":[{\"@type\":\"SearchAction\",\"target\":{\"@type\":\"EntryPoint\",\"urlTemplate\":\"https:\\\/\\\/www.cde.ual.es\\\/?s={search_term_string}\"},\"query-input\":{\"@type\":\"PropertyValueSpecification\",\"valueRequired\":true,\"valueName\":\"search_term_string\"}}],\"inLanguage\":\"en-US\"},{\"@type\":\"Organization\",\"@id\":\"https:\\\/\\\/www.cde.ual.es\\\/#organization\",\"name\":\"Centro de Documentaci\u00f3n Europea de Almer\u00eda\",\"url\":\"https:\\\/\\\/www.cde.ual.es\\\/\",\"logo\":{\"@type\":\"ImageObject\",\"inLanguage\":\"en-US\",\"@id\":\"https:\\\/\\\/www.cde.ual.es\\\/#\\\/schema\\\/logo\\\/image\\\/\",\"url\":\"https:\\\/\\\/www.cde.ual.es\\\/wp-content\\\/uploads\\\/2025\\\/07\\\/cde-logo-3.png\",\"contentUrl\":\"https:\\\/\\\/www.cde.ual.es\\\/wp-content\\\/uploads\\\/2025\\\/07\\\/cde-logo-3.png\",\"width\":1400,\"height\":300,\"caption\":\"Centro de Documentaci\u00f3n Europea de Almer\u00eda\"},\"image\":{\"@id\":\"https:\\\/\\\/www.cde.ual.es\\\/#\\\/schema\\\/logo\\\/image\\\/\"},\"sameAs\":[\"https:\\\/\\\/www.facebook.com\\\/cdeuniversidadalmeria\\\/\",\"https:\\\/\\\/x.com\\\/cdeualmeria\",\"https:\\\/\\\/www.tiktok.com\\\/@cdealmeria\",\"https:\\\/\\\/www.instagram.com\\\/cdealmeria\\\/\",\"https:\\\/\\\/www.linkedin.com\\\/in\\\/cde-almera-812b26a9\\\/\"]},{\"@type\":\"Person\",\"@id\":\"https:\\\/\\\/www.cde.ual.es\\\/#\\\/schema\\\/person\\\/224ef08c8bcc005f319d2713ce37ee5f\",\"name\":\"AdminCDE\",\"image\":{\"@type\":\"ImageObject\",\"inLanguage\":\"en-US\",\"@id\":\"https:\\\/\\\/secure.gravatar.com\\\/avatar\\\/a72d038d371f995cd13706fac32274b7952a52e8fb0a84b5f80c85426f2a98a8?s=96&d=mm&r=g\",\"url\":\"https:\\\/\\\/secure.gravatar.com\\\/avatar\\\/a72d038d371f995cd13706fac32274b7952a52e8fb0a84b5f80c85426f2a98a8?s=96&d=mm&r=g\",\"contentUrl\":\"https:\\\/\\\/secure.gravatar.com\\\/avatar\\\/a72d038d371f995cd13706fac32274b7952a52e8fb0a84b5f80c85426f2a98a8?s=96&d=mm&r=g\",\"caption\":\"AdminCDE\"}}]}<\/script>\n<!-- \/ Yoast SEO plugin. -->","yoast_head_json":{"title":"XIII Convocatoria Premio Europeo Carlos V | CDE Almer\u00eda - Centro de Documentaci\u00f3n Europea - Universidad de Almer\u00eda","robots":{"index":"index","follow":"follow","max-snippet":"max-snippet:-1","max-image-preview":"max-image-preview:large","max-video-preview":"max-video-preview:-1"},"canonical":"https:\/\/www.cde.ual.es\/xiii-convocatoria-premio-europeo-carlos-v\/","og_locale":"en_US","og_type":"article","og_title":"XIII Convocatoria Premio Europeo Carlos V | CDE Almer\u00eda - Centro de Documentaci\u00f3n Europea - Universidad de Almer\u00eda","og_description":"&nbsp; El \u201cPremio Europeo Carlos V\u201d es otorgado por el Patronato de la Fundaci\u00f3n Academia Europea de Yuste a propuesta de un jurado designado por este a tal efecto. Plazo El plazo para la presentaci\u00f3n de candidaturas ser\u00e1 desde la publicaci\u00f3n de la presente convocatoria en el Diario Oficial de Extremadura (DOE) hasta el\u00a015 de [&hellip;]","og_url":"https:\/\/www.cde.ual.es\/xiii-convocatoria-premio-europeo-carlos-v\/","og_site_name":"CDE Almer\u00eda - Centro de Documentaci\u00f3n Europea - Universidad de Almer\u00eda","article_publisher":"https:\/\/www.facebook.com\/cdeuniversidadalmeria\/","article_published_time":"2019-01-21T07:00:55+00:00","article_modified_time":"2020-02-12T08:00:33+00:00","og_image":[{"width":837,"height":539,"url":"https:\/\/www.cde.ual.es\/wp-content\/uploads\/2019\/01\/Premio-Europeo-Carlos-V.png","type":"image\/png"}],"author":"AdminCDE","twitter_card":"summary_large_image","twitter_creator":"@cdeualmeria","twitter_site":"@cdeualmeria","twitter_misc":{"Written by":"AdminCDE","Est. reading time":"1 minute"},"schema":{"@context":"https:\/\/schema.org","@graph":[{"@type":"Article","@id":"https:\/\/www.cde.ual.es\/xiii-convocatoria-premio-europeo-carlos-v\/#article","isPartOf":{"@id":"https:\/\/www.cde.ual.es\/xiii-convocatoria-premio-europeo-carlos-v\/"},"author":{"name":"AdminCDE","@id":"https:\/\/www.cde.ual.es\/#\/schema\/person\/224ef08c8bcc005f319d2713ce37ee5f"},"headline":"XIII Convocatoria Premio Europeo Carlos V","datePublished":"2019-01-21T07:00:55+00:00","dateModified":"2020-02-12T08:00:33+00:00","mainEntityOfPage":{"@id":"https:\/\/www.cde.ual.es\/xiii-convocatoria-premio-europeo-carlos-v\/"},"wordCount":207,"commentCount":0,"publisher":{"@id":"https:\/\/www.cde.ual.es\/#organization"},"image":{"@id":"https:\/\/www.cde.ual.es\/xiii-convocatoria-premio-europeo-carlos-v\/#primaryimage"},"thumbnailUrl":"https:\/\/www.cde.ual.es\/wp-content\/uploads\/2019\/01\/Premio-Europeo-Carlos-V.png","articleSection":["Convocatorias y Premios UE"],"inLanguage":"en-US","potentialAction":[{"@type":"CommentAction","name":"Comment","target":["https:\/\/www.cde.ual.es\/xiii-convocatoria-premio-europeo-carlos-v\/#respond"]}]},{"@type":"WebPage","@id":"https:\/\/www.cde.ual.es\/xiii-convocatoria-premio-europeo-carlos-v\/","url":"https:\/\/www.cde.ual.es\/xiii-convocatoria-premio-europeo-carlos-v\/","name":"XIII Convocatoria Premio Europeo Carlos V | CDE Almer\u00eda - Centro de Documentaci\u00f3n Europea - Universidad de Almer\u00eda","isPartOf":{"@id":"https:\/\/www.cde.ual.es\/#website"},"primaryImageOfPage":{"@id":"https:\/\/www.cde.ual.es\/xiii-convocatoria-premio-europeo-carlos-v\/#primaryimage"},"image":{"@id":"https:\/\/www.cde.ual.es\/xiii-convocatoria-premio-europeo-carlos-v\/#primaryimage"},"thumbnailUrl":"https:\/\/www.cde.ual.es\/wp-content\/uploads\/2019\/01\/Premio-Europeo-Carlos-V.png","datePublished":"2019-01-21T07:00:55+00:00","dateModified":"2020-02-12T08:00:33+00:00","breadcrumb":{"@id":"https:\/\/www.cde.ual.es\/xiii-convocatoria-premio-europeo-carlos-v\/#breadcrumb"},"inLanguage":"en-US","potentialAction":[{"@type":"ReadAction","target":["https:\/\/www.cde.ual.es\/xiii-convocatoria-premio-europeo-carlos-v\/"]}]},{"@type":"ImageObject","inLanguage":"en-US","@id":"https:\/\/www.cde.ual.es\/xiii-convocatoria-premio-europeo-carlos-v\/#primaryimage","url":"https:\/\/www.cde.ual.es\/wp-content\/uploads\/2019\/01\/Premio-Europeo-Carlos-V.png","contentUrl":"https:\/\/www.cde.ual.es\/wp-content\/uploads\/2019\/01\/Premio-Europeo-Carlos-V.png","width":837,"height":539},{"@type":"BreadcrumbList","@id":"https:\/\/www.cde.ual.es\/xiii-convocatoria-premio-europeo-carlos-v\/#breadcrumb","itemListElement":[{"@type":"ListItem","position":1,"name":"Inicio","item":"https:\/\/www.cde.ual.es\/en\/"},{"@type":"ListItem","position":2,"name":"Convocatorias y Premios UE","item":"https:\/\/www.cde.ual.es\/category\/convocatorias-y-premios-ue\/"},{"@type":"ListItem","position":3,"name":"XIII Convocatoria Premio Europeo Carlos V"}]},{"@type":"WebSite","@id":"https:\/\/www.cde.ual.es\/#website","url":"https:\/\/www.cde.ual.es\/","name":"CDE Almer\u00eda - Centro de Documentaci\u00f3n Europea - Universidad de Almer\u00eda","description":"Centro de Documentaci\u00f3n Europea de la Universidad de Almer\u00eda","publisher":{"@id":"https:\/\/www.cde.ual.es\/#organization"},"alternateName":"CDE Almer\u00eda","potentialAction":[{"@type":"SearchAction","target":{"@type":"EntryPoint","urlTemplate":"https:\/\/www.cde.ual.es\/?s={search_term_string}"},"query-input":{"@type":"PropertyValueSpecification","valueRequired":true,"valueName":"search_term_string"}}],"inLanguage":"en-US"},{"@type":"Organization","@id":"https:\/\/www.cde.ual.es\/#organization","name":"Centro de Documentaci\u00f3n Europea de Almer\u00eda","url":"https:\/\/www.cde.ual.es\/","logo":{"@type":"ImageObject","inLanguage":"en-US","@id":"https:\/\/www.cde.ual.es\/#\/schema\/logo\/image\/","url":"https:\/\/www.cde.ual.es\/wp-content\/uploads\/2025\/07\/cde-logo-3.png","contentUrl":"https:\/\/www.cde.ual.es\/wp-content\/uploads\/2025\/07\/cde-logo-3.png","width":1400,"height":300,"caption":"Centro de Documentaci\u00f3n Europea de Almer\u00eda"},"image":{"@id":"https:\/\/www.cde.ual.es\/#\/schema\/logo\/image\/"},"sameAs":["https:\/\/www.facebook.com\/cdeuniversidadalmeria\/","https:\/\/x.com\/cdeualmeria","https:\/\/www.tiktok.com\/@cdealmeria","https:\/\/www.instagram.com\/cdealmeria\/","https:\/\/www.linkedin.com\/in\/cde-almera-812b26a9\/"]},{"@type":"Person","@id":"https:\/\/www.cde.ual.es\/#\/schema\/person\/224ef08c8bcc005f319d2713ce37ee5f","name":"AdminCDE","image":{"@type":"ImageObject","inLanguage":"en-US","@id":"https:\/\/secure.gravatar.com\/avatar\/a72d038d371f995cd13706fac32274b7952a52e8fb0a84b5f80c85426f2a98a8?s=96&d=mm&r=g","url":"https:\/\/secure.gravatar.com\/avatar\/a72d038d371f995cd13706fac32274b7952a52e8fb0a84b5f80c85426f2a98a8?s=96&d=mm&r=g","contentUrl":"https:\/\/secure.gravatar.com\/avatar\/a72d038d371f995cd13706fac32274b7952a52e8fb0a84b5f80c85426f2a98a8?s=96&d=mm&r=g","caption":"AdminCDE"}}]}},"_links":{"self":[{"href":"https:\/\/www.cde.ual.es\/en\/wp-json\/wp\/v2\/posts\/11733","targetHints":{"allow":["GET"]}}],"collection":[{"href":"https:\/\/www.cde.ual.es\/en\/wp-json\/wp\/v2\/posts"}],"about":[{"href":"https:\/\/www.cde.ual.es\/en\/wp-json\/wp\/v2\/types\/post"}],"author":[{"embeddable":true,"href":"https:\/\/www.cde.ual.es\/en\/wp-json\/wp\/v2\/users\/1"}],"replies":[{"embeddable":true,"href":"https:\/\/www.cde.ual.es\/en\/wp-json\/wp\/v2\/comments?post=11733"}],"version-history":[{"count":0,"href":"https:\/\/www.cde.ual.es\/en\/wp-json\/wp\/v2\/posts\/11733\/revisions"}],"wp:featuredmedia":[{"embeddable":true,"href":"https:\/\/www.cde.ual.es\/en\/wp-json\/wp\/v2\/media\/11734"}],"wp:attachment":[{"href":"https:\/\/www.cde.ual.es\/en\/wp-json\/wp\/v2\/media?parent=11733"}],"wp:term":[{"taxonomy":"category","embeddable":true,"href":"https:\/\/www.cde.ual.es\/en\/wp-json\/wp\/v2\/categories?post=11733"},{"taxonomy":"post_tag","embeddable":true,"href":"https:\/\/www.cde.ual.es\/en\/wp-json\/wp\/v2\/tags?post=11733"}],"curies":[{"name":"wp","href":"https:\/\/api.w.org\/{rel}","templated":true}]}}