{"id":116982,"date":"2022-09-02T03:00:35","date_gmt":"2022-09-02T01:00:35","guid":{"rendered":"https:\/\/www.cde.ual.es\/?p=116982"},"modified":"2022-09-01T13:58:08","modified_gmt":"2022-09-01T11:58:08","slug":"age-of-young-people-leaving-their-parental-household-in-europe","status":"publish","type":"post","link":"https:\/\/www.cde.ual.es\/en\/age-of-young-people-leaving-their-parental-household-in-europe\/","title":{"rendered":"Age of young people leaving their parental household in Europe"},"content":{"rendered":"<p style=\"text-align: justify;\">Leaving the parental home is considered a milestone in the transition from childhood to adulthood. The reasons behind this step may vary from being materially independent to studying, working, moving in with a partner, getting married and having children, etc. However, the path to independence may not be straightforward and may occur at different ages across EU countries, as shown in this article. This disparity may reflect the diversity of challenges that young people face across Europe, as well as cultural differences between countries.<\/p>\n<p style=\"text-align: justify;\"><a href=\"https:\/\/www.cde.ual.es\/wp-content\/uploads\/2022\/09\/youth-people-leaving-the-parental-household-by-sex.png\"><img decoding=\"async\" class=\" wp-image-116983 aligncenter\" src=\"https:\/\/www.cde.ual.es\/wp-content\/uploads\/2022\/09\/youth-people-leaving-the-parental-household-by-sex.png\" alt=\"\" width=\"531\" height=\"266\" srcset=\"https:\/\/www.cde.ual.es\/wp-content\/uploads\/2022\/09\/youth-people-leaving-the-parental-household-by-sex.png 800w, https:\/\/www.cde.ual.es\/wp-content\/uploads\/2022\/09\/youth-people-leaving-the-parental-household-by-sex-300x150.png 300w, https:\/\/www.cde.ual.es\/wp-content\/uploads\/2022\/09\/youth-people-leaving-the-parental-household-by-sex-768x384.png 768w\" sizes=\"(max-width: 531px) 100vw, 531px\" \/><\/a><\/p>\n<p style=\"text-align: justify;\">This article presents data on the average age of leaving the parental home in the European Union (EU) as a whole, as well as in the individual EU Member States and Serbia. Special attention is given to geographical and gender differences, as well as on the developments over time.<\/p>\n<h3 style=\"text-align: justify;\">Geographical differences<\/h3>\n<p style=\"text-align: justify;\">In 2021, the average age at which young people had left their parental home in the EU was 26.5 years (see Map 1).<\/p>\n<p style=\"text-align: justify;\">This average varies a lot among the EU Member States. Portugal, Croatia, Slovakia, Greece and Bulgaria recorded the oldest average ages of leaving the parental home, at 30 years and over. Young people in Serbia also had left their parental household on average at an age older than 30. By contrast, Estonia, Denmark, Finland and Sweden showed the youngest average ages, 23 years or less.<\/p>\n<p style=\"text-align: justify;\">The lowest average age of young people leaving their parental household was recorded in Sweden (19.0 years) while the highest was found in Portugal (33.6 years).<\/p>\n<p style=\"text-align: justify;\"><a href=\"https:\/\/www.cde.ual.es\/wp-content\/uploads\/2022\/09\/estimated-avarege-age-of-young-people-leaving-the-parental-household.png\"><img decoding=\"async\" class=\" wp-image-116998 aligncenter\" src=\"https:\/\/www.cde.ual.es\/wp-content\/uploads\/2022\/09\/estimated-avarege-age-of-young-people-leaving-the-parental-household.png\" alt=\"estimated avarege age of young people leaving the parental household\" width=\"536\" height=\"674\" srcset=\"https:\/\/www.cde.ual.es\/wp-content\/uploads\/2022\/09\/estimated-avarege-age-of-young-people-leaving-the-parental-household.png 600w, https:\/\/www.cde.ual.es\/wp-content\/uploads\/2022\/09\/estimated-avarege-age-of-young-people-leaving-the-parental-household-239x300.png 239w\" sizes=\"(max-width: 536px) 100vw, 536px\" \/><\/a><\/p>\n<h3 style=\"text-align: justify;\">Gender differences<\/h3>\n<p style=\"text-align: justify;\">In all EU countries, young women left the parental home earlier than young men (see Figure 1). At EU level, young women left on average their parental household at the age of 25.5 years while young men did it at the age of 27.4 years.<\/p>\n<p style=\"text-align: justify;\">In 11 EU countries (Croatia, Portugal, Slovakia, Bulgaria, Greece, Slovenia, Italy, Malta, Spain, Romania and Poland), men left their parental home on average after the age of 30. By contrast, women moved out of their parent&#8217;s home after this age in only 2 countries (Portugal and Croatia).<\/p>\n<p style=\"text-align: justify;\">In 2021, the gender gap in the average age of leaving the parental home was 1.9 years at EU level. Among EU countries, the gender gap was the largest in Romania (4.7 years), Bulgaria (3.5 years) and Croatia (3.1 years). In Serbia, the gap was even wider, with 5.0 years. By contrast, the gender gap was smaller than a year in Ireland, Denmark and Sweden.<\/p>\n<p style=\"text-align: justify;\">Furthermore, there is a strong positive correlation between the average age of young people leaving their parental household and the size of the gender gap: in the countries where the average age of young people leaving their parental household is higher, the gender gap is wider.<\/p>\n<p><a href=\"https:\/\/www.cde.ual.es\/wp-content\/uploads\/2022\/09\/Estimated-average-age-of-young-people-leaving-the-parental-household-by-sex-2021.png\"><img decoding=\"async\" class=\" wp-image-117000 aligncenter\" src=\"https:\/\/www.cde.ual.es\/wp-content\/uploads\/2022\/09\/Estimated-average-age-of-young-people-leaving-the-parental-household-by-sex-2021.png\" alt=\"\" width=\"535\" height=\"343\" srcset=\"https:\/\/www.cde.ual.es\/wp-content\/uploads\/2022\/09\/Estimated-average-age-of-young-people-leaving-the-parental-household-by-sex-2021.png 600w, https:\/\/www.cde.ual.es\/wp-content\/uploads\/2022\/09\/Estimated-average-age-of-young-people-leaving-the-parental-household-by-sex-2021-300x193.png 300w\" sizes=\"(max-width: 535px) 100vw, 535px\" \/><\/a><\/p>\n<h3 style=\"text-align: justify;\"><strong>Development over the years<\/strong><\/h3>\n<p style=\"text-align: justify;\">Focusing on men, the age of moving out was 28.0 years in 2006, which was the highest point for the time series. From 2006 onwards, this age started to decline to reach its lowest point in 2019, of 27.1 years. Consequently, it dropped by almost one year between 2006 and 2019. Then, in 2020, the age of men leaving the parental home moved up by 0.3 years, the highest year-to-year increase since 2006. This important change between 2019 and 2020 was probably triggered by the COVID-19 pandemic, which might have led young people to reconsider moving out and remaining a bit longer at their parent\u2019s home. Finally, between 2020 and 2021, the average age of young men leaving the parental household remained stable.<\/p>\n<p style=\"text-align: justify;\">The long-term trend of the age at which women are leaving the parental household does not reveal as much fluctuation as for men: it only fell by 0.3 years, from 25.5 years in 2006 to 25.2 years in 2019. However, as for men, the average age of women leaving the parental household had its highest year-to-year increase from 2019 to 2020, of 0.3 years, most probably due to the COVID-19 pandemic, and then remained stable between 2020 and 2021.<\/p>\n<p><a href=\"https:\/\/www.cde.ual.es\/wp-content\/uploads\/2022\/09\/Estimated-average-age-of-young-people-leaving-the-parental-household-by-sex-EU-2006-2021.png\"><img decoding=\"async\" class=\" wp-image-117002 aligncenter\" src=\"https:\/\/www.cde.ual.es\/wp-content\/uploads\/2022\/09\/Estimated-average-age-of-young-people-leaving-the-parental-household-by-sex-EU-2006-2021.png\" alt=\"Estimated average age of young people leaving the parental household by sex, EU, 2006 2021\" width=\"535\" height=\"351\" srcset=\"https:\/\/www.cde.ual.es\/wp-content\/uploads\/2022\/09\/Estimated-average-age-of-young-people-leaving-the-parental-household-by-sex-EU-2006-2021.png 600w, https:\/\/www.cde.ual.es\/wp-content\/uploads\/2022\/09\/Estimated-average-age-of-young-people-leaving-the-parental-household-by-sex-EU-2006-2021-300x197.png 300w\" sizes=\"(max-width: 535px) 100vw, 535px\" \/><\/a><\/p>\n<p style=\"text-align: justify;\"><strong>Source: <a href=\"https:\/\/ec.europa.eu\/eurostat\/statistics-explained\/index.php?title=Age_of_young_people_leaving_their_parental_household#Gender_differences\">Eurostat &#8211; Press release<\/a><\/strong><\/p>\n","protected":false},"excerpt":{"rendered":"<p>Leaving the parental home is considered a milestone in the transition from childhood to adulthood. The reasons behind this step may vary from being materially independent to studying, working, moving in with a partner, getting married and having children, etc. However, the path to independence may not be straightforward and may occur at different ages [&hellip;]<\/p>\n","protected":false},"author":1,"featured_media":117004,"comment_status":"open","ping_status":"open","sticky":false,"template":"","format":"standard","meta":{"_acf_changed":false,"_relevanssi_hide_post":"","_relevanssi_hide_content":"","_relevanssi_pin_for_all":"","_relevanssi_pin_keywords":"","_relevanssi_unpin_keywords":"","_relevanssi_related_keywords":"","_relevanssi_related_include_ids":"","_relevanssi_related_exclude_ids":"","_relevanssi_related_no_append":"","_relevanssi_related_not_related":"","_relevanssi_related_posts":"","_relevanssi_noindex_reason":"","_monsterinsights_skip_tracking":false,"_monsterinsights_sitenote_active":false,"_monsterinsights_sitenote_note":"","_monsterinsights_sitenote_category":0,"_genesis_hide_title":false,"_genesis_hide_breadcrumbs":false,"_genesis_hide_singular_image":false,"_genesis_hide_footer_widgets":false,"_genesis_custom_body_class":"","_genesis_custom_post_class":"","_genesis_layout":"","footnotes":""},"categories":[346,4067,4236],"tags":[734,7003,5421],"class_list":{"0":"post-116982","1":"post","2":"type-post","3":"status-publish","4":"format-standard","5":"has-post-thumbnail","7":"category-eu-news","8":"category-social-affairs","9":"category-youth","10":"tag-eurostat-en","11":"tag-parental-household","12":"tag-young-people","13":"entry"},"acf":[],"yoast_head":"<!-- This site is optimized with the Yoast SEO plugin v27.5 - https:\/\/yoast.com\/product\/yoast-seo-wordpress\/ -->\n<title>Age of young people leaving their parental household in Europe | CDE Almer\u00eda - Centro de Documentaci\u00f3n Europea - Universidad de Almer\u00eda<\/title>\n<meta name=\"robots\" content=\"index, follow, max-snippet:-1, max-image-preview:large, max-video-preview:-1\" \/>\n<link rel=\"canonical\" href=\"https:\/\/www.cde.ual.es\/a-que-edad-abandonan-los-jovenes-europeos-el-hogar-familiar\/\" \/>\n<meta property=\"og:locale\" content=\"en_US\" \/>\n<meta property=\"og:type\" content=\"article\" \/>\n<meta property=\"og:title\" content=\"Age of young people leaving their parental household in Europe | CDE Almer\u00eda - Centro de Documentaci\u00f3n Europea - Universidad de Almer\u00eda\" \/>\n<meta property=\"og:description\" content=\"Leaving the parental home is considered a milestone in the transition from childhood to adulthood. The reasons behind this step may vary from being materially independent to studying, working, moving in with a partner, getting married and having children, etc. However, the path to independence may not be straightforward and may occur at different ages [&hellip;]\" \/>\n<meta property=\"og:url\" content=\"https:\/\/www.cde.ual.es\/a-que-edad-abandonan-los-jovenes-europeos-el-hogar-familiar\/\" \/>\n<meta property=\"og:site_name\" content=\"CDE Almer\u00eda - Centro de Documentaci\u00f3n Europea - Universidad de Almer\u00eda\" \/>\n<meta property=\"article:publisher\" content=\"https:\/\/www.facebook.com\/cdeuniversidadalmeria\/\" \/>\n<meta property=\"article:published_time\" content=\"2022-09-02T01:00:35+00:00\" \/>\n<meta property=\"og:image\" content=\"https:\/\/www.cde.ual.es\/wp-content\/uploads\/2022\/09\/jovenes-mirando-por-la-ventana-scaled.jpg\" \/>\n\t<meta property=\"og:image:width\" content=\"2560\" \/>\n\t<meta property=\"og:image:height\" content=\"1707\" \/>\n\t<meta property=\"og:image:type\" content=\"image\/jpeg\" \/>\n<meta name=\"author\" content=\"AdminCDE\" \/>\n<meta name=\"twitter:card\" content=\"summary_large_image\" \/>\n<meta name=\"twitter:creator\" content=\"@cdeualmeria\" \/>\n<meta name=\"twitter:site\" content=\"@cdeualmeria\" \/>\n<meta name=\"twitter:label1\" content=\"Written by\" \/>\n\t<meta name=\"twitter:data1\" content=\"AdminCDE\" \/>\n\t<meta name=\"twitter:label2\" content=\"Est. reading time\" \/>\n\t<meta name=\"twitter:data2\" content=\"4 minutes\" \/>\n<script type=\"application\/ld+json\" class=\"yoast-schema-graph\">{\"@context\":\"https:\\\/\\\/schema.org\",\"@graph\":[{\"@type\":\"Article\",\"@id\":\"https:\\\/\\\/www.cde.ual.es\\\/a-que-edad-abandonan-los-jovenes-europeos-el-hogar-familiar\\\/#article\",\"isPartOf\":{\"@id\":\"https:\\\/\\\/www.cde.ual.es\\\/a-que-edad-abandonan-los-jovenes-europeos-el-hogar-familiar\\\/\"},\"author\":{\"name\":\"AdminCDE\",\"@id\":\"https:\\\/\\\/www.cde.ual.es\\\/#\\\/schema\\\/person\\\/224ef08c8bcc005f319d2713ce37ee5f\"},\"headline\":\"Age of young people leaving their parental household in Europe\",\"datePublished\":\"2022-09-02T01:00:35+00:00\",\"mainEntityOfPage\":{\"@id\":\"https:\\\/\\\/www.cde.ual.es\\\/a-que-edad-abandonan-los-jovenes-europeos-el-hogar-familiar\\\/\"},\"wordCount\":633,\"commentCount\":0,\"publisher\":{\"@id\":\"https:\\\/\\\/www.cde.ual.es\\\/#organization\"},\"image\":{\"@id\":\"https:\\\/\\\/www.cde.ual.es\\\/a-que-edad-abandonan-los-jovenes-europeos-el-hogar-familiar\\\/#primaryimage\"},\"thumbnailUrl\":\"https:\\\/\\\/www.cde.ual.es\\\/wp-content\\\/uploads\\\/2022\\\/09\\\/jovenes-mirando-por-la-ventana-scaled.jpg\",\"keywords\":[\"Eurostat\",\"parental household\",\"young people\"],\"articleSection\":[\"EU News\",\"Social Affairs\",\"Youth\"],\"inLanguage\":\"en-US\",\"potentialAction\":[{\"@type\":\"CommentAction\",\"name\":\"Comment\",\"target\":[\"https:\\\/\\\/www.cde.ual.es\\\/a-que-edad-abandonan-los-jovenes-europeos-el-hogar-familiar\\\/#respond\"]}]},{\"@type\":\"WebPage\",\"@id\":\"https:\\\/\\\/www.cde.ual.es\\\/a-que-edad-abandonan-los-jovenes-europeos-el-hogar-familiar\\\/\",\"url\":\"https:\\\/\\\/www.cde.ual.es\\\/a-que-edad-abandonan-los-jovenes-europeos-el-hogar-familiar\\\/\",\"name\":\"Age of young people leaving their parental household in Europe | CDE Almer\u00eda - Centro de Documentaci\u00f3n Europea - Universidad de Almer\u00eda\",\"isPartOf\":{\"@id\":\"https:\\\/\\\/www.cde.ual.es\\\/#website\"},\"primaryImageOfPage\":{\"@id\":\"https:\\\/\\\/www.cde.ual.es\\\/a-que-edad-abandonan-los-jovenes-europeos-el-hogar-familiar\\\/#primaryimage\"},\"image\":{\"@id\":\"https:\\\/\\\/www.cde.ual.es\\\/a-que-edad-abandonan-los-jovenes-europeos-el-hogar-familiar\\\/#primaryimage\"},\"thumbnailUrl\":\"https:\\\/\\\/www.cde.ual.es\\\/wp-content\\\/uploads\\\/2022\\\/09\\\/jovenes-mirando-por-la-ventana-scaled.jpg\",\"datePublished\":\"2022-09-02T01:00:35+00:00\",\"breadcrumb\":{\"@id\":\"https:\\\/\\\/www.cde.ual.es\\\/a-que-edad-abandonan-los-jovenes-europeos-el-hogar-familiar\\\/#breadcrumb\"},\"inLanguage\":\"en-US\",\"potentialAction\":[{\"@type\":\"ReadAction\",\"target\":[\"https:\\\/\\\/www.cde.ual.es\\\/a-que-edad-abandonan-los-jovenes-europeos-el-hogar-familiar\\\/\"]}]},{\"@type\":\"ImageObject\",\"inLanguage\":\"en-US\",\"@id\":\"https:\\\/\\\/www.cde.ual.es\\\/a-que-edad-abandonan-los-jovenes-europeos-el-hogar-familiar\\\/#primaryimage\",\"url\":\"https:\\\/\\\/www.cde.ual.es\\\/wp-content\\\/uploads\\\/2022\\\/09\\\/jovenes-mirando-por-la-ventana-scaled.jpg\",\"contentUrl\":\"https:\\\/\\\/www.cde.ual.es\\\/wp-content\\\/uploads\\\/2022\\\/09\\\/jovenes-mirando-por-la-ventana-scaled.jpg\",\"width\":2560,\"height\":1707,\"caption\":\"jovenes mirando por la ventana\"},{\"@type\":\"BreadcrumbList\",\"@id\":\"https:\\\/\\\/www.cde.ual.es\\\/a-que-edad-abandonan-los-jovenes-europeos-el-hogar-familiar\\\/#breadcrumb\",\"itemListElement\":[{\"@type\":\"ListItem\",\"position\":1,\"name\":\"Inicio\",\"item\":\"https:\\\/\\\/www.cde.ual.es\\\/en\\\/\"},{\"@type\":\"ListItem\",\"position\":2,\"name\":\"EU News\",\"item\":\"https:\\\/\\\/www.cde.ual.es\\\/en\\\/category\\\/eu-news\\\/\"},{\"@type\":\"ListItem\",\"position\":3,\"name\":\"Age of young people leaving their parental household in Europe\"}]},{\"@type\":\"WebSite\",\"@id\":\"https:\\\/\\\/www.cde.ual.es\\\/#website\",\"url\":\"https:\\\/\\\/www.cde.ual.es\\\/\",\"name\":\"CDE Almer\u00eda - Centro de Documentaci\u00f3n Europea - Universidad de Almer\u00eda\",\"description\":\"Centro de Documentaci\u00f3n Europea de la Universidad de Almer\u00eda\",\"publisher\":{\"@id\":\"https:\\\/\\\/www.cde.ual.es\\\/#organization\"},\"alternateName\":\"CDE Almer\u00eda\",\"potentialAction\":[{\"@type\":\"SearchAction\",\"target\":{\"@type\":\"EntryPoint\",\"urlTemplate\":\"https:\\\/\\\/www.cde.ual.es\\\/?s={search_term_string}\"},\"query-input\":{\"@type\":\"PropertyValueSpecification\",\"valueRequired\":true,\"valueName\":\"search_term_string\"}}],\"inLanguage\":\"en-US\"},{\"@type\":\"Organization\",\"@id\":\"https:\\\/\\\/www.cde.ual.es\\\/#organization\",\"name\":\"Centro de Documentaci\u00f3n Europea de Almer\u00eda\",\"url\":\"https:\\\/\\\/www.cde.ual.es\\\/\",\"logo\":{\"@type\":\"ImageObject\",\"inLanguage\":\"en-US\",\"@id\":\"https:\\\/\\\/www.cde.ual.es\\\/#\\\/schema\\\/logo\\\/image\\\/\",\"url\":\"https:\\\/\\\/www.cde.ual.es\\\/wp-content\\\/uploads\\\/2025\\\/07\\\/cde-logo-3.png\",\"contentUrl\":\"https:\\\/\\\/www.cde.ual.es\\\/wp-content\\\/uploads\\\/2025\\\/07\\\/cde-logo-3.png\",\"width\":1400,\"height\":300,\"caption\":\"Centro de Documentaci\u00f3n Europea de Almer\u00eda\"},\"image\":{\"@id\":\"https:\\\/\\\/www.cde.ual.es\\\/#\\\/schema\\\/logo\\\/image\\\/\"},\"sameAs\":[\"https:\\\/\\\/www.facebook.com\\\/cdeuniversidadalmeria\\\/\",\"https:\\\/\\\/x.com\\\/cdeualmeria\",\"https:\\\/\\\/www.tiktok.com\\\/@cdealmeria\",\"https:\\\/\\\/www.instagram.com\\\/cdealmeria\\\/\",\"https:\\\/\\\/www.linkedin.com\\\/in\\\/cde-almera-812b26a9\\\/\"]},{\"@type\":\"Person\",\"@id\":\"https:\\\/\\\/www.cde.ual.es\\\/#\\\/schema\\\/person\\\/224ef08c8bcc005f319d2713ce37ee5f\",\"name\":\"AdminCDE\",\"image\":{\"@type\":\"ImageObject\",\"inLanguage\":\"en-US\",\"@id\":\"https:\\\/\\\/secure.gravatar.com\\\/avatar\\\/a72d038d371f995cd13706fac32274b7952a52e8fb0a84b5f80c85426f2a98a8?s=96&d=mm&r=g\",\"url\":\"https:\\\/\\\/secure.gravatar.com\\\/avatar\\\/a72d038d371f995cd13706fac32274b7952a52e8fb0a84b5f80c85426f2a98a8?s=96&d=mm&r=g\",\"contentUrl\":\"https:\\\/\\\/secure.gravatar.com\\\/avatar\\\/a72d038d371f995cd13706fac32274b7952a52e8fb0a84b5f80c85426f2a98a8?s=96&d=mm&r=g\",\"caption\":\"AdminCDE\"}}]}<\/script>\n<!-- \/ Yoast SEO plugin. -->","yoast_head_json":{"title":"Age of young people leaving their parental household in Europe | CDE Almer\u00eda - Centro de Documentaci\u00f3n Europea - Universidad de Almer\u00eda","robots":{"index":"index","follow":"follow","max-snippet":"max-snippet:-1","max-image-preview":"max-image-preview:large","max-video-preview":"max-video-preview:-1"},"canonical":"https:\/\/www.cde.ual.es\/a-que-edad-abandonan-los-jovenes-europeos-el-hogar-familiar\/","og_locale":"en_US","og_type":"article","og_title":"Age of young people leaving their parental household in Europe | CDE Almer\u00eda - Centro de Documentaci\u00f3n Europea - Universidad de Almer\u00eda","og_description":"Leaving the parental home is considered a milestone in the transition from childhood to adulthood. The reasons behind this step may vary from being materially independent to studying, working, moving in with a partner, getting married and having children, etc. However, the path to independence may not be straightforward and may occur at different ages [&hellip;]","og_url":"https:\/\/www.cde.ual.es\/a-que-edad-abandonan-los-jovenes-europeos-el-hogar-familiar\/","og_site_name":"CDE Almer\u00eda - Centro de Documentaci\u00f3n Europea - Universidad de Almer\u00eda","article_publisher":"https:\/\/www.facebook.com\/cdeuniversidadalmeria\/","article_published_time":"2022-09-02T01:00:35+00:00","og_image":[{"width":2560,"height":1707,"url":"https:\/\/www.cde.ual.es\/wp-content\/uploads\/2022\/09\/jovenes-mirando-por-la-ventana-scaled.jpg","type":"image\/jpeg"}],"author":"AdminCDE","twitter_card":"summary_large_image","twitter_creator":"@cdeualmeria","twitter_site":"@cdeualmeria","twitter_misc":{"Written by":"AdminCDE","Est. reading time":"4 minutes"},"schema":{"@context":"https:\/\/schema.org","@graph":[{"@type":"Article","@id":"https:\/\/www.cde.ual.es\/a-que-edad-abandonan-los-jovenes-europeos-el-hogar-familiar\/#article","isPartOf":{"@id":"https:\/\/www.cde.ual.es\/a-que-edad-abandonan-los-jovenes-europeos-el-hogar-familiar\/"},"author":{"name":"AdminCDE","@id":"https:\/\/www.cde.ual.es\/#\/schema\/person\/224ef08c8bcc005f319d2713ce37ee5f"},"headline":"Age of young people leaving their parental household in Europe","datePublished":"2022-09-02T01:00:35+00:00","mainEntityOfPage":{"@id":"https:\/\/www.cde.ual.es\/a-que-edad-abandonan-los-jovenes-europeos-el-hogar-familiar\/"},"wordCount":633,"commentCount":0,"publisher":{"@id":"https:\/\/www.cde.ual.es\/#organization"},"image":{"@id":"https:\/\/www.cde.ual.es\/a-que-edad-abandonan-los-jovenes-europeos-el-hogar-familiar\/#primaryimage"},"thumbnailUrl":"https:\/\/www.cde.ual.es\/wp-content\/uploads\/2022\/09\/jovenes-mirando-por-la-ventana-scaled.jpg","keywords":["Eurostat","parental household","young people"],"articleSection":["EU News","Social Affairs","Youth"],"inLanguage":"en-US","potentialAction":[{"@type":"CommentAction","name":"Comment","target":["https:\/\/www.cde.ual.es\/a-que-edad-abandonan-los-jovenes-europeos-el-hogar-familiar\/#respond"]}]},{"@type":"WebPage","@id":"https:\/\/www.cde.ual.es\/a-que-edad-abandonan-los-jovenes-europeos-el-hogar-familiar\/","url":"https:\/\/www.cde.ual.es\/a-que-edad-abandonan-los-jovenes-europeos-el-hogar-familiar\/","name":"Age of young people leaving their parental household in Europe | CDE Almer\u00eda - Centro de Documentaci\u00f3n Europea - Universidad de Almer\u00eda","isPartOf":{"@id":"https:\/\/www.cde.ual.es\/#website"},"primaryImageOfPage":{"@id":"https:\/\/www.cde.ual.es\/a-que-edad-abandonan-los-jovenes-europeos-el-hogar-familiar\/#primaryimage"},"image":{"@id":"https:\/\/www.cde.ual.es\/a-que-edad-abandonan-los-jovenes-europeos-el-hogar-familiar\/#primaryimage"},"thumbnailUrl":"https:\/\/www.cde.ual.es\/wp-content\/uploads\/2022\/09\/jovenes-mirando-por-la-ventana-scaled.jpg","datePublished":"2022-09-02T01:00:35+00:00","breadcrumb":{"@id":"https:\/\/www.cde.ual.es\/a-que-edad-abandonan-los-jovenes-europeos-el-hogar-familiar\/#breadcrumb"},"inLanguage":"en-US","potentialAction":[{"@type":"ReadAction","target":["https:\/\/www.cde.ual.es\/a-que-edad-abandonan-los-jovenes-europeos-el-hogar-familiar\/"]}]},{"@type":"ImageObject","inLanguage":"en-US","@id":"https:\/\/www.cde.ual.es\/a-que-edad-abandonan-los-jovenes-europeos-el-hogar-familiar\/#primaryimage","url":"https:\/\/www.cde.ual.es\/wp-content\/uploads\/2022\/09\/jovenes-mirando-por-la-ventana-scaled.jpg","contentUrl":"https:\/\/www.cde.ual.es\/wp-content\/uploads\/2022\/09\/jovenes-mirando-por-la-ventana-scaled.jpg","width":2560,"height":1707,"caption":"jovenes mirando por la ventana"},{"@type":"BreadcrumbList","@id":"https:\/\/www.cde.ual.es\/a-que-edad-abandonan-los-jovenes-europeos-el-hogar-familiar\/#breadcrumb","itemListElement":[{"@type":"ListItem","position":1,"name":"Inicio","item":"https:\/\/www.cde.ual.es\/en\/"},{"@type":"ListItem","position":2,"name":"EU News","item":"https:\/\/www.cde.ual.es\/en\/category\/eu-news\/"},{"@type":"ListItem","position":3,"name":"Age of young people leaving their parental household in Europe"}]},{"@type":"WebSite","@id":"https:\/\/www.cde.ual.es\/#website","url":"https:\/\/www.cde.ual.es\/","name":"CDE Almer\u00eda - Centro de Documentaci\u00f3n Europea - Universidad de Almer\u00eda","description":"Centro de Documentaci\u00f3n Europea de la Universidad de Almer\u00eda","publisher":{"@id":"https:\/\/www.cde.ual.es\/#organization"},"alternateName":"CDE Almer\u00eda","potentialAction":[{"@type":"SearchAction","target":{"@type":"EntryPoint","urlTemplate":"https:\/\/www.cde.ual.es\/?s={search_term_string}"},"query-input":{"@type":"PropertyValueSpecification","valueRequired":true,"valueName":"search_term_string"}}],"inLanguage":"en-US"},{"@type":"Organization","@id":"https:\/\/www.cde.ual.es\/#organization","name":"Centro de Documentaci\u00f3n Europea de Almer\u00eda","url":"https:\/\/www.cde.ual.es\/","logo":{"@type":"ImageObject","inLanguage":"en-US","@id":"https:\/\/www.cde.ual.es\/#\/schema\/logo\/image\/","url":"https:\/\/www.cde.ual.es\/wp-content\/uploads\/2025\/07\/cde-logo-3.png","contentUrl":"https:\/\/www.cde.ual.es\/wp-content\/uploads\/2025\/07\/cde-logo-3.png","width":1400,"height":300,"caption":"Centro de Documentaci\u00f3n Europea de Almer\u00eda"},"image":{"@id":"https:\/\/www.cde.ual.es\/#\/schema\/logo\/image\/"},"sameAs":["https:\/\/www.facebook.com\/cdeuniversidadalmeria\/","https:\/\/x.com\/cdeualmeria","https:\/\/www.tiktok.com\/@cdealmeria","https:\/\/www.instagram.com\/cdealmeria\/","https:\/\/www.linkedin.com\/in\/cde-almera-812b26a9\/"]},{"@type":"Person","@id":"https:\/\/www.cde.ual.es\/#\/schema\/person\/224ef08c8bcc005f319d2713ce37ee5f","name":"AdminCDE","image":{"@type":"ImageObject","inLanguage":"en-US","@id":"https:\/\/secure.gravatar.com\/avatar\/a72d038d371f995cd13706fac32274b7952a52e8fb0a84b5f80c85426f2a98a8?s=96&d=mm&r=g","url":"https:\/\/secure.gravatar.com\/avatar\/a72d038d371f995cd13706fac32274b7952a52e8fb0a84b5f80c85426f2a98a8?s=96&d=mm&r=g","contentUrl":"https:\/\/secure.gravatar.com\/avatar\/a72d038d371f995cd13706fac32274b7952a52e8fb0a84b5f80c85426f2a98a8?s=96&d=mm&r=g","caption":"AdminCDE"}}]}},"_links":{"self":[{"href":"https:\/\/www.cde.ual.es\/en\/wp-json\/wp\/v2\/posts\/116982","targetHints":{"allow":["GET"]}}],"collection":[{"href":"https:\/\/www.cde.ual.es\/en\/wp-json\/wp\/v2\/posts"}],"about":[{"href":"https:\/\/www.cde.ual.es\/en\/wp-json\/wp\/v2\/types\/post"}],"author":[{"embeddable":true,"href":"https:\/\/www.cde.ual.es\/en\/wp-json\/wp\/v2\/users\/1"}],"replies":[{"embeddable":true,"href":"https:\/\/www.cde.ual.es\/en\/wp-json\/wp\/v2\/comments?post=116982"}],"version-history":[{"count":1,"href":"https:\/\/www.cde.ual.es\/en\/wp-json\/wp\/v2\/posts\/116982\/revisions"}],"predecessor-version":[{"id":117006,"href":"https:\/\/www.cde.ual.es\/en\/wp-json\/wp\/v2\/posts\/116982\/revisions\/117006"}],"wp:featuredmedia":[{"embeddable":true,"href":"https:\/\/www.cde.ual.es\/en\/wp-json\/wp\/v2\/media\/117004"}],"wp:attachment":[{"href":"https:\/\/www.cde.ual.es\/en\/wp-json\/wp\/v2\/media?parent=116982"}],"wp:term":[{"taxonomy":"category","embeddable":true,"href":"https:\/\/www.cde.ual.es\/en\/wp-json\/wp\/v2\/categories?post=116982"},{"taxonomy":"post_tag","embeddable":true,"href":"https:\/\/www.cde.ual.es\/en\/wp-json\/wp\/v2\/tags?post=116982"}],"curies":[{"name":"wp","href":"https:\/\/api.w.org\/{rel}","templated":true}]}}