{"id":116723,"date":"2022-08-24T11:00:02","date_gmt":"2022-08-24T09:00:02","guid":{"rendered":"https:\/\/www.cde.ual.es\/?p=116723"},"modified":"2022-08-24T11:41:22","modified_gmt":"2022-08-24T09:41:22","slug":"more-than-320-m-e-for-cross-border-cooperation-between-spain-and-portugal","status":"publish","type":"post","link":"https:\/\/www.cde.ual.es\/en\/more-than-320-m-e-for-cross-border-cooperation-between-spain-and-portugal\/","title":{"rendered":"More than 320 M \u20ac for cross-border cooperation between Spain and Portugal"},"content":{"rendered":"<p>The Commission has approved the largest cross-border cooperation program of the European Union for the period 2021-2027, called &#8220;Interreg&#8221; program &#8220;POCTE&#8221; for cooperation between the cross-border regions of Spain and Portugal. This program will receive an EU contribution of more than 320 million euros for the period 2021-2027.<\/p>\n<p><a href=\"https:\/\/www.cde.ual.es\/wp-content\/uploads\/2022\/08\/INTERREG-Espana-Portugal.png\"><img decoding=\"async\" class=\" wp-image-116720 aligncenter\" src=\"https:\/\/www.cde.ual.es\/wp-content\/uploads\/2022\/08\/INTERREG-Espana-Portugal.png\" alt=\"\" width=\"394\" height=\"394\" srcset=\"https:\/\/www.cde.ual.es\/wp-content\/uploads\/2022\/08\/INTERREG-Espana-Portugal.png 767w, https:\/\/www.cde.ual.es\/wp-content\/uploads\/2022\/08\/INTERREG-Espana-Portugal-300x300.png 300w, https:\/\/www.cde.ual.es\/wp-content\/uploads\/2022\/08\/INTERREG-Espana-Portugal-150x150.png 150w, https:\/\/www.cde.ual.es\/wp-content\/uploads\/2022\/08\/INTERREG-Espana-Portugal-120x120.png 120w\" sizes=\"(max-width: 394px) 100vw, 394px\" \/><\/a><\/p>\n<p>ELISA Ferreira, Commissioner for Cohesion and Reforms, said:<\/p>\n<p>&#8220;I am pleased that the largest cross-border cooperation program in Europe has been approved. Many of the challenges currently facing Europe&#8217;s regions can only be addressed through enhanced regional cooperation. The POCTEP program harnesses the full potential of cooperation between the border regions of Spain and Portugal, will create jobs, boost the climate and energy transition and ensure better healthcare for the people living in these regions.&#8221;<\/p>\n<table style=\"width: 99.9988%; border-collapse: collapse; border-style: double; border-color: #001f7d;\" cellpadding=\"0,5\">\n<tbody>\n<tr>\n<td style=\"width: 100%;\"><a href=\"https:\/\/www.cde.ual.es\/la-comision-aprueba-un-regimen-de-ayudas-a-espana-por-valor-de-10-000-millones\/\" target=\"_blank\" rel=\"noopener\"><img decoding=\"async\" class=\"alignleft\" src=\"https:\/\/www.cde.ual.es\/wp-content\/uploads\/2022\/06\/daniel-prado-2COX4tG0tc0-unsplash-300x200.jpg\" alt=\"\" width=\"201\" height=\"134\" \/><\/a><\/p>\n<h4 class=\"entry-title\"><a href=\"https:\/\/www.cde.ual.es\/la-comision-aprueba-un-regimen-de-ayudas-a-espana-por-valor-de-10-000-millones\/\" target=\"_blank\" rel=\"noopener\">La Comisi\u00f3n aprueba un r\u00e9gimen de ayudas a Espa\u00f1a por valor de 10 000 millones<\/a><\/h4>\n<\/td>\n<\/tr>\n<\/tbody>\n<\/table>\n<p>The program will support, among other things, cross-border cooperation through networks of small and medium-sized enterprises to improve research and knowledge transfer. It will also finance projects to improve the energy efficiency of public buildings and support sustainable tourism, the preservation of cultural heritage, the improvement of health infrastructures and vocational training for people living in cross-border regions.<\/p>\n<p>European territorial cooperation (ETC), better known as &#8220;Interreg&#8221;, is one of the two objectives of cohesion policy and provides a framework for the implementation of joint actions and policy exchange between national, regional and local actors from different Member States.<\/p>\n<table style=\"width: 99.9988%; border-collapse: collapse; border-style: double; border-color: #001f7d; height: 128px;\" cellpadding=\"0,5\">\n<tbody>\n<tr style=\"height: 128px;\">\n<td style=\"width: 100%; height: 128px;\"><a href=\"https:\/\/www.cde.ual.es\/la-comision-aprueba-la-segunda-solicitud-de-pago-de-espana\/\" target=\"_blank\" rel=\"noopener\"><img decoding=\"async\" class=\"alignleft\" src=\"https:\/\/www.cde.ual.es\/wp-content\/uploads\/2020\/10\/bandera-espana.jpg\" alt=\"\" width=\"201\" height=\"134\" \/><\/a><\/p>\n<h4 class=\"entry-title\"><a href=\"https:\/\/www.cde.ual.es\/la-comision-aprueba-un-regimen-de-ayudas-a-espana-por-valor-de-10-000-millones\/\" target=\"_blank\" rel=\"noopener\">La Comisi\u00f3n aprueba la segunda solicitud de pago de Espa\u00f1a<\/a><\/h4>\n<\/td>\n<\/tr>\n<\/tbody>\n<\/table>\n<p>The approval of this 30th Interreg program, adopted for the period 2021-2027, involves the allocation to Interreg of more than 4 billion euros of funding under the European Regional Development Fund.<\/p>\n<p><strong>More information: <a href=\"https:\/\/spain.representation.ec.europa.eu\/noticias-eventos\/noticias-0\/politica-de-cohesion-de-la-ue-mas-de-320-millones-de-euros-para-la-cooperacion-transfronteriza-entre-2022-08-23_es\" target=\"_blank\" rel=\"noopener\">Representation of the European Commission in Spain &#8211; Press Release<\/a><\/strong><\/p>\n","protected":false},"excerpt":{"rendered":"<p>The Commission has approved the largest cross-border cooperation program of the European Union for the period 2021-2027, called &#8220;Interreg&#8221; program &#8220;POCTE&#8221; for cooperation between the cross-border regions of Spain and Portugal. This program will receive an EU contribution of more than 320 million euros for the period 2021-2027. ELISA Ferreira, Commissioner for Cohesion and Reforms, [&hellip;]<\/p>\n","protected":false},"author":1,"featured_media":116721,"comment_status":"open","ping_status":"open","sticky":false,"template":"","format":"standard","meta":{"_acf_changed":false,"_relevanssi_hide_post":"","_relevanssi_hide_content":"","_relevanssi_pin_for_all":"","_relevanssi_pin_keywords":"","_relevanssi_unpin_keywords":"","_relevanssi_related_keywords":"","_relevanssi_related_include_ids":"","_relevanssi_related_exclude_ids":"","_relevanssi_related_no_append":"","_relevanssi_related_not_related":"","_relevanssi_related_posts":"","_relevanssi_noindex_reason":"","_monsterinsights_skip_tracking":false,"_monsterinsights_sitenote_active":false,"_monsterinsights_sitenote_note":"","_monsterinsights_sitenote_category":0,"_genesis_hide_title":false,"_genesis_hide_breadcrumbs":false,"_genesis_hide_singular_image":false,"_genesis_hide_footer_widgets":false,"_genesis_custom_body_class":"","_genesis_custom_post_class":"","_genesis_layout":"","footnotes":""},"categories":[346,4064,4066],"tags":[1275,2285,806],"class_list":{"0":"post-116723","1":"post","2":"type-post","3":"status-publish","4":"format-standard","5":"has-post-thumbnail","7":"category-eu-news","8":"category-institutional","9":"category-state-members","10":"tag-interreg-en","11":"tag-portugal","12":"tag-spain","13":"entry"},"acf":[],"yoast_head":"<!-- This site is optimized with the Yoast SEO plugin v27.4 - https:\/\/yoast.com\/product\/yoast-seo-wordpress\/ -->\n<title>More than 320 M \u20ac for cross-border cooperation between Spain and Portugal | CDE Almer\u00eda - Centro de Documentaci\u00f3n Europea - Universidad de Almer\u00eda<\/title>\n<meta name=\"robots\" content=\"index, follow, max-snippet:-1, max-image-preview:large, max-video-preview:-1\" \/>\n<link rel=\"canonical\" href=\"https:\/\/www.cde.ual.es\/en\/more-than-320-m-e-for-cross-border-cooperation-between-spain-and-portugal\/\" \/>\n<meta property=\"og:locale\" content=\"en_US\" \/>\n<meta property=\"og:type\" content=\"article\" \/>\n<meta property=\"og:title\" content=\"More than 320 M \u20ac for cross-border cooperation between Spain and Portugal | CDE Almer\u00eda - Centro de Documentaci\u00f3n Europea - Universidad de Almer\u00eda\" \/>\n<meta property=\"og:description\" content=\"The Commission has approved the largest cross-border cooperation program of the European Union for the period 2021-2027, called &#8220;Interreg&#8221; program &#8220;POCTE&#8221; for cooperation between the cross-border regions of Spain and Portugal. This program will receive an EU contribution of more than 320 million euros for the period 2021-2027. ELISA Ferreira, Commissioner for Cohesion and Reforms, [&hellip;]\" \/>\n<meta property=\"og:url\" content=\"https:\/\/www.cde.ual.es\/en\/more-than-320-m-e-for-cross-border-cooperation-between-spain-and-portugal\/\" \/>\n<meta property=\"og:site_name\" content=\"CDE Almer\u00eda - Centro de Documentaci\u00f3n Europea - Universidad de Almer\u00eda\" \/>\n<meta property=\"article:publisher\" content=\"https:\/\/www.facebook.com\/cdeuniversidadalmeria\/\" \/>\n<meta property=\"article:published_time\" content=\"2022-08-24T09:00:02+00:00\" \/>\n<meta property=\"article:modified_time\" content=\"2022-08-24T09:41:22+00:00\" \/>\n<meta property=\"og:image\" content=\"https:\/\/www.cde.ual.es\/wp-content\/uploads\/2022\/08\/INTERREG-Espana-Portugal.png\" \/>\n\t<meta property=\"og:image:width\" content=\"767\" \/>\n\t<meta property=\"og:image:height\" content=\"767\" \/>\n\t<meta property=\"og:image:type\" content=\"image\/png\" \/>\n<meta name=\"author\" content=\"AdminCDE\" \/>\n<meta name=\"twitter:card\" content=\"summary_large_image\" \/>\n<meta name=\"twitter:creator\" content=\"@cdeualmeria\" \/>\n<meta name=\"twitter:site\" content=\"@cdeualmeria\" \/>\n<meta name=\"twitter:label1\" content=\"Written by\" \/>\n\t<meta name=\"twitter:data1\" content=\"AdminCDE\" \/>\n\t<meta name=\"twitter:label2\" content=\"Est. reading time\" \/>\n\t<meta name=\"twitter:data2\" content=\"2 minutes\" \/>\n<script type=\"application\/ld+json\" class=\"yoast-schema-graph\">{\"@context\":\"https:\\\/\\\/schema.org\",\"@graph\":[{\"@type\":\"Article\",\"@id\":\"https:\\\/\\\/www.cde.ual.es\\\/en\\\/more-than-320-m-e-for-cross-border-cooperation-between-spain-and-portugal\\\/#article\",\"isPartOf\":{\"@id\":\"https:\\\/\\\/www.cde.ual.es\\\/en\\\/more-than-320-m-e-for-cross-border-cooperation-between-spain-and-portugal\\\/\"},\"author\":{\"name\":\"AdminCDE\",\"@id\":\"https:\\\/\\\/www.cde.ual.es\\\/#\\\/schema\\\/person\\\/224ef08c8bcc005f319d2713ce37ee5f\"},\"headline\":\"More than 320 M \u20ac for cross-border cooperation between Spain and Portugal\",\"datePublished\":\"2022-08-24T09:00:02+00:00\",\"dateModified\":\"2022-08-24T09:41:22+00:00\",\"mainEntityOfPage\":{\"@id\":\"https:\\\/\\\/www.cde.ual.es\\\/en\\\/more-than-320-m-e-for-cross-border-cooperation-between-spain-and-portugal\\\/\"},\"wordCount\":301,\"commentCount\":0,\"publisher\":{\"@id\":\"https:\\\/\\\/www.cde.ual.es\\\/#organization\"},\"image\":{\"@id\":\"https:\\\/\\\/www.cde.ual.es\\\/en\\\/more-than-320-m-e-for-cross-border-cooperation-between-spain-and-portugal\\\/#primaryimage\"},\"thumbnailUrl\":\"https:\\\/\\\/www.cde.ual.es\\\/wp-content\\\/uploads\\\/2022\\\/08\\\/INTERREG-Espana-Portugal.png\",\"keywords\":[\"Interreg\",\"Portugal\",\"Spain\"],\"articleSection\":[\"EU News\",\"Institutional Affairs\",\"State Members\"],\"inLanguage\":\"en-US\",\"potentialAction\":[{\"@type\":\"CommentAction\",\"name\":\"Comment\",\"target\":[\"https:\\\/\\\/www.cde.ual.es\\\/en\\\/more-than-320-m-e-for-cross-border-cooperation-between-spain-and-portugal\\\/#respond\"]}]},{\"@type\":\"WebPage\",\"@id\":\"https:\\\/\\\/www.cde.ual.es\\\/en\\\/more-than-320-m-e-for-cross-border-cooperation-between-spain-and-portugal\\\/\",\"url\":\"https:\\\/\\\/www.cde.ual.es\\\/en\\\/more-than-320-m-e-for-cross-border-cooperation-between-spain-and-portugal\\\/\",\"name\":\"More than 320 M \u20ac for cross-border cooperation between Spain and Portugal | CDE Almer\u00eda - Centro de Documentaci\u00f3n Europea - Universidad de Almer\u00eda\",\"isPartOf\":{\"@id\":\"https:\\\/\\\/www.cde.ual.es\\\/#website\"},\"primaryImageOfPage\":{\"@id\":\"https:\\\/\\\/www.cde.ual.es\\\/en\\\/more-than-320-m-e-for-cross-border-cooperation-between-spain-and-portugal\\\/#primaryimage\"},\"image\":{\"@id\":\"https:\\\/\\\/www.cde.ual.es\\\/en\\\/more-than-320-m-e-for-cross-border-cooperation-between-spain-and-portugal\\\/#primaryimage\"},\"thumbnailUrl\":\"https:\\\/\\\/www.cde.ual.es\\\/wp-content\\\/uploads\\\/2022\\\/08\\\/INTERREG-Espana-Portugal.png\",\"datePublished\":\"2022-08-24T09:00:02+00:00\",\"dateModified\":\"2022-08-24T09:41:22+00:00\",\"breadcrumb\":{\"@id\":\"https:\\\/\\\/www.cde.ual.es\\\/en\\\/more-than-320-m-e-for-cross-border-cooperation-between-spain-and-portugal\\\/#breadcrumb\"},\"inLanguage\":\"en-US\",\"potentialAction\":[{\"@type\":\"ReadAction\",\"target\":[\"https:\\\/\\\/www.cde.ual.es\\\/en\\\/more-than-320-m-e-for-cross-border-cooperation-between-spain-and-portugal\\\/\"]}]},{\"@type\":\"ImageObject\",\"inLanguage\":\"en-US\",\"@id\":\"https:\\\/\\\/www.cde.ual.es\\\/en\\\/more-than-320-m-e-for-cross-border-cooperation-between-spain-and-portugal\\\/#primaryimage\",\"url\":\"https:\\\/\\\/www.cde.ual.es\\\/wp-content\\\/uploads\\\/2022\\\/08\\\/INTERREG-Espana-Portugal.png\",\"contentUrl\":\"https:\\\/\\\/www.cde.ual.es\\\/wp-content\\\/uploads\\\/2022\\\/08\\\/INTERREG-Espana-Portugal.png\",\"width\":767,\"height\":767},{\"@type\":\"BreadcrumbList\",\"@id\":\"https:\\\/\\\/www.cde.ual.es\\\/en\\\/more-than-320-m-e-for-cross-border-cooperation-between-spain-and-portugal\\\/#breadcrumb\",\"itemListElement\":[{\"@type\":\"ListItem\",\"position\":1,\"name\":\"Inicio\",\"item\":\"https:\\\/\\\/www.cde.ual.es\\\/en\\\/\"},{\"@type\":\"ListItem\",\"position\":2,\"name\":\"EU News\",\"item\":\"https:\\\/\\\/www.cde.ual.es\\\/en\\\/category\\\/eu-news\\\/\"},{\"@type\":\"ListItem\",\"position\":3,\"name\":\"Institutional Affairs\",\"item\":\"https:\\\/\\\/www.cde.ual.es\\\/en\\\/category\\\/eu-news\\\/institutional\\\/\"},{\"@type\":\"ListItem\",\"position\":4,\"name\":\"State Members\",\"item\":\"https:\\\/\\\/www.cde.ual.es\\\/en\\\/category\\\/eu-news\\\/institutional\\\/state-members\\\/\"},{\"@type\":\"ListItem\",\"position\":5,\"name\":\"More than 320 M \u20ac for cross-border cooperation between Spain and Portugal\"}]},{\"@type\":\"WebSite\",\"@id\":\"https:\\\/\\\/www.cde.ual.es\\\/#website\",\"url\":\"https:\\\/\\\/www.cde.ual.es\\\/\",\"name\":\"CDE Almer\u00eda - Centro de Documentaci\u00f3n Europea - Universidad de Almer\u00eda\",\"description\":\"Centro de Documentaci\u00f3n Europea de la Universidad de Almer\u00eda\",\"publisher\":{\"@id\":\"https:\\\/\\\/www.cde.ual.es\\\/#organization\"},\"alternateName\":\"CDE Almer\u00eda\",\"potentialAction\":[{\"@type\":\"SearchAction\",\"target\":{\"@type\":\"EntryPoint\",\"urlTemplate\":\"https:\\\/\\\/www.cde.ual.es\\\/?s={search_term_string}\"},\"query-input\":{\"@type\":\"PropertyValueSpecification\",\"valueRequired\":true,\"valueName\":\"search_term_string\"}}],\"inLanguage\":\"en-US\"},{\"@type\":\"Organization\",\"@id\":\"https:\\\/\\\/www.cde.ual.es\\\/#organization\",\"name\":\"Centro de Documentaci\u00f3n Europea de Almer\u00eda\",\"url\":\"https:\\\/\\\/www.cde.ual.es\\\/\",\"logo\":{\"@type\":\"ImageObject\",\"inLanguage\":\"en-US\",\"@id\":\"https:\\\/\\\/www.cde.ual.es\\\/#\\\/schema\\\/logo\\\/image\\\/\",\"url\":\"https:\\\/\\\/www.cde.ual.es\\\/wp-content\\\/uploads\\\/2025\\\/07\\\/cde-logo-3.png\",\"contentUrl\":\"https:\\\/\\\/www.cde.ual.es\\\/wp-content\\\/uploads\\\/2025\\\/07\\\/cde-logo-3.png\",\"width\":1400,\"height\":300,\"caption\":\"Centro de Documentaci\u00f3n Europea de Almer\u00eda\"},\"image\":{\"@id\":\"https:\\\/\\\/www.cde.ual.es\\\/#\\\/schema\\\/logo\\\/image\\\/\"},\"sameAs\":[\"https:\\\/\\\/www.facebook.com\\\/cdeuniversidadalmeria\\\/\",\"https:\\\/\\\/x.com\\\/cdeualmeria\",\"https:\\\/\\\/www.tiktok.com\\\/@cdealmeria\",\"https:\\\/\\\/www.instagram.com\\\/cdealmeria\\\/\",\"https:\\\/\\\/www.linkedin.com\\\/in\\\/cde-almera-812b26a9\\\/\"]},{\"@type\":\"Person\",\"@id\":\"https:\\\/\\\/www.cde.ual.es\\\/#\\\/schema\\\/person\\\/224ef08c8bcc005f319d2713ce37ee5f\",\"name\":\"AdminCDE\",\"image\":{\"@type\":\"ImageObject\",\"inLanguage\":\"en-US\",\"@id\":\"https:\\\/\\\/secure.gravatar.com\\\/avatar\\\/a72d038d371f995cd13706fac32274b7952a52e8fb0a84b5f80c85426f2a98a8?s=96&d=mm&r=g\",\"url\":\"https:\\\/\\\/secure.gravatar.com\\\/avatar\\\/a72d038d371f995cd13706fac32274b7952a52e8fb0a84b5f80c85426f2a98a8?s=96&d=mm&r=g\",\"contentUrl\":\"https:\\\/\\\/secure.gravatar.com\\\/avatar\\\/a72d038d371f995cd13706fac32274b7952a52e8fb0a84b5f80c85426f2a98a8?s=96&d=mm&r=g\",\"caption\":\"AdminCDE\"}}]}<\/script>\n<!-- \/ Yoast SEO plugin. -->","yoast_head_json":{"title":"More than 320 M \u20ac for cross-border cooperation between Spain and Portugal | CDE Almer\u00eda - Centro de Documentaci\u00f3n Europea - Universidad de Almer\u00eda","robots":{"index":"index","follow":"follow","max-snippet":"max-snippet:-1","max-image-preview":"max-image-preview:large","max-video-preview":"max-video-preview:-1"},"canonical":"https:\/\/www.cde.ual.es\/en\/more-than-320-m-e-for-cross-border-cooperation-between-spain-and-portugal\/","og_locale":"en_US","og_type":"article","og_title":"More than 320 M \u20ac for cross-border cooperation between Spain and Portugal | CDE Almer\u00eda - Centro de Documentaci\u00f3n Europea - Universidad de Almer\u00eda","og_description":"The Commission has approved the largest cross-border cooperation program of the European Union for the period 2021-2027, called &#8220;Interreg&#8221; program &#8220;POCTE&#8221; for cooperation between the cross-border regions of Spain and Portugal. This program will receive an EU contribution of more than 320 million euros for the period 2021-2027. ELISA Ferreira, Commissioner for Cohesion and Reforms, [&hellip;]","og_url":"https:\/\/www.cde.ual.es\/en\/more-than-320-m-e-for-cross-border-cooperation-between-spain-and-portugal\/","og_site_name":"CDE Almer\u00eda - Centro de Documentaci\u00f3n Europea - Universidad de Almer\u00eda","article_publisher":"https:\/\/www.facebook.com\/cdeuniversidadalmeria\/","article_published_time":"2022-08-24T09:00:02+00:00","article_modified_time":"2022-08-24T09:41:22+00:00","og_image":[{"width":767,"height":767,"url":"https:\/\/www.cde.ual.es\/wp-content\/uploads\/2022\/08\/INTERREG-Espana-Portugal.png","type":"image\/png"}],"author":"AdminCDE","twitter_card":"summary_large_image","twitter_creator":"@cdeualmeria","twitter_site":"@cdeualmeria","twitter_misc":{"Written by":"AdminCDE","Est. reading time":"2 minutes"},"schema":{"@context":"https:\/\/schema.org","@graph":[{"@type":"Article","@id":"https:\/\/www.cde.ual.es\/en\/more-than-320-m-e-for-cross-border-cooperation-between-spain-and-portugal\/#article","isPartOf":{"@id":"https:\/\/www.cde.ual.es\/en\/more-than-320-m-e-for-cross-border-cooperation-between-spain-and-portugal\/"},"author":{"name":"AdminCDE","@id":"https:\/\/www.cde.ual.es\/#\/schema\/person\/224ef08c8bcc005f319d2713ce37ee5f"},"headline":"More than 320 M \u20ac for cross-border cooperation between Spain and Portugal","datePublished":"2022-08-24T09:00:02+00:00","dateModified":"2022-08-24T09:41:22+00:00","mainEntityOfPage":{"@id":"https:\/\/www.cde.ual.es\/en\/more-than-320-m-e-for-cross-border-cooperation-between-spain-and-portugal\/"},"wordCount":301,"commentCount":0,"publisher":{"@id":"https:\/\/www.cde.ual.es\/#organization"},"image":{"@id":"https:\/\/www.cde.ual.es\/en\/more-than-320-m-e-for-cross-border-cooperation-between-spain-and-portugal\/#primaryimage"},"thumbnailUrl":"https:\/\/www.cde.ual.es\/wp-content\/uploads\/2022\/08\/INTERREG-Espana-Portugal.png","keywords":["Interreg","Portugal","Spain"],"articleSection":["EU News","Institutional Affairs","State Members"],"inLanguage":"en-US","potentialAction":[{"@type":"CommentAction","name":"Comment","target":["https:\/\/www.cde.ual.es\/en\/more-than-320-m-e-for-cross-border-cooperation-between-spain-and-portugal\/#respond"]}]},{"@type":"WebPage","@id":"https:\/\/www.cde.ual.es\/en\/more-than-320-m-e-for-cross-border-cooperation-between-spain-and-portugal\/","url":"https:\/\/www.cde.ual.es\/en\/more-than-320-m-e-for-cross-border-cooperation-between-spain-and-portugal\/","name":"More than 320 M \u20ac for cross-border cooperation between Spain and Portugal | CDE Almer\u00eda - Centro de Documentaci\u00f3n Europea - Universidad de Almer\u00eda","isPartOf":{"@id":"https:\/\/www.cde.ual.es\/#website"},"primaryImageOfPage":{"@id":"https:\/\/www.cde.ual.es\/en\/more-than-320-m-e-for-cross-border-cooperation-between-spain-and-portugal\/#primaryimage"},"image":{"@id":"https:\/\/www.cde.ual.es\/en\/more-than-320-m-e-for-cross-border-cooperation-between-spain-and-portugal\/#primaryimage"},"thumbnailUrl":"https:\/\/www.cde.ual.es\/wp-content\/uploads\/2022\/08\/INTERREG-Espana-Portugal.png","datePublished":"2022-08-24T09:00:02+00:00","dateModified":"2022-08-24T09:41:22+00:00","breadcrumb":{"@id":"https:\/\/www.cde.ual.es\/en\/more-than-320-m-e-for-cross-border-cooperation-between-spain-and-portugal\/#breadcrumb"},"inLanguage":"en-US","potentialAction":[{"@type":"ReadAction","target":["https:\/\/www.cde.ual.es\/en\/more-than-320-m-e-for-cross-border-cooperation-between-spain-and-portugal\/"]}]},{"@type":"ImageObject","inLanguage":"en-US","@id":"https:\/\/www.cde.ual.es\/en\/more-than-320-m-e-for-cross-border-cooperation-between-spain-and-portugal\/#primaryimage","url":"https:\/\/www.cde.ual.es\/wp-content\/uploads\/2022\/08\/INTERREG-Espana-Portugal.png","contentUrl":"https:\/\/www.cde.ual.es\/wp-content\/uploads\/2022\/08\/INTERREG-Espana-Portugal.png","width":767,"height":767},{"@type":"BreadcrumbList","@id":"https:\/\/www.cde.ual.es\/en\/more-than-320-m-e-for-cross-border-cooperation-between-spain-and-portugal\/#breadcrumb","itemListElement":[{"@type":"ListItem","position":1,"name":"Inicio","item":"https:\/\/www.cde.ual.es\/en\/"},{"@type":"ListItem","position":2,"name":"EU News","item":"https:\/\/www.cde.ual.es\/en\/category\/eu-news\/"},{"@type":"ListItem","position":3,"name":"Institutional Affairs","item":"https:\/\/www.cde.ual.es\/en\/category\/eu-news\/institutional\/"},{"@type":"ListItem","position":4,"name":"State Members","item":"https:\/\/www.cde.ual.es\/en\/category\/eu-news\/institutional\/state-members\/"},{"@type":"ListItem","position":5,"name":"More than 320 M \u20ac for cross-border cooperation between Spain and Portugal"}]},{"@type":"WebSite","@id":"https:\/\/www.cde.ual.es\/#website","url":"https:\/\/www.cde.ual.es\/","name":"CDE Almer\u00eda - Centro de Documentaci\u00f3n Europea - Universidad de Almer\u00eda","description":"Centro de Documentaci\u00f3n Europea de la Universidad de Almer\u00eda","publisher":{"@id":"https:\/\/www.cde.ual.es\/#organization"},"alternateName":"CDE Almer\u00eda","potentialAction":[{"@type":"SearchAction","target":{"@type":"EntryPoint","urlTemplate":"https:\/\/www.cde.ual.es\/?s={search_term_string}"},"query-input":{"@type":"PropertyValueSpecification","valueRequired":true,"valueName":"search_term_string"}}],"inLanguage":"en-US"},{"@type":"Organization","@id":"https:\/\/www.cde.ual.es\/#organization","name":"Centro de Documentaci\u00f3n Europea de Almer\u00eda","url":"https:\/\/www.cde.ual.es\/","logo":{"@type":"ImageObject","inLanguage":"en-US","@id":"https:\/\/www.cde.ual.es\/#\/schema\/logo\/image\/","url":"https:\/\/www.cde.ual.es\/wp-content\/uploads\/2025\/07\/cde-logo-3.png","contentUrl":"https:\/\/www.cde.ual.es\/wp-content\/uploads\/2025\/07\/cde-logo-3.png","width":1400,"height":300,"caption":"Centro de Documentaci\u00f3n Europea de Almer\u00eda"},"image":{"@id":"https:\/\/www.cde.ual.es\/#\/schema\/logo\/image\/"},"sameAs":["https:\/\/www.facebook.com\/cdeuniversidadalmeria\/","https:\/\/x.com\/cdeualmeria","https:\/\/www.tiktok.com\/@cdealmeria","https:\/\/www.instagram.com\/cdealmeria\/","https:\/\/www.linkedin.com\/in\/cde-almera-812b26a9\/"]},{"@type":"Person","@id":"https:\/\/www.cde.ual.es\/#\/schema\/person\/224ef08c8bcc005f319d2713ce37ee5f","name":"AdminCDE","image":{"@type":"ImageObject","inLanguage":"en-US","@id":"https:\/\/secure.gravatar.com\/avatar\/a72d038d371f995cd13706fac32274b7952a52e8fb0a84b5f80c85426f2a98a8?s=96&d=mm&r=g","url":"https:\/\/secure.gravatar.com\/avatar\/a72d038d371f995cd13706fac32274b7952a52e8fb0a84b5f80c85426f2a98a8?s=96&d=mm&r=g","contentUrl":"https:\/\/secure.gravatar.com\/avatar\/a72d038d371f995cd13706fac32274b7952a52e8fb0a84b5f80c85426f2a98a8?s=96&d=mm&r=g","caption":"AdminCDE"}}]}},"_links":{"self":[{"href":"https:\/\/www.cde.ual.es\/en\/wp-json\/wp\/v2\/posts\/116723","targetHints":{"allow":["GET"]}}],"collection":[{"href":"https:\/\/www.cde.ual.es\/en\/wp-json\/wp\/v2\/posts"}],"about":[{"href":"https:\/\/www.cde.ual.es\/en\/wp-json\/wp\/v2\/types\/post"}],"author":[{"embeddable":true,"href":"https:\/\/www.cde.ual.es\/en\/wp-json\/wp\/v2\/users\/1"}],"replies":[{"embeddable":true,"href":"https:\/\/www.cde.ual.es\/en\/wp-json\/wp\/v2\/comments?post=116723"}],"version-history":[{"count":1,"href":"https:\/\/www.cde.ual.es\/en\/wp-json\/wp\/v2\/posts\/116723\/revisions"}],"predecessor-version":[{"id":116724,"href":"https:\/\/www.cde.ual.es\/en\/wp-json\/wp\/v2\/posts\/116723\/revisions\/116724"}],"wp:featuredmedia":[{"embeddable":true,"href":"https:\/\/www.cde.ual.es\/en\/wp-json\/wp\/v2\/media\/116721"}],"wp:attachment":[{"href":"https:\/\/www.cde.ual.es\/en\/wp-json\/wp\/v2\/media?parent=116723"}],"wp:term":[{"taxonomy":"category","embeddable":true,"href":"https:\/\/www.cde.ual.es\/en\/wp-json\/wp\/v2\/categories?post=116723"},{"taxonomy":"post_tag","embeddable":true,"href":"https:\/\/www.cde.ual.es\/en\/wp-json\/wp\/v2\/tags?post=116723"}],"curies":[{"name":"wp","href":"https:\/\/api.w.org\/{rel}","templated":true}]}}