{"id":115220,"date":"2022-07-22T13:24:39","date_gmt":"2022-07-22T11:24:39","guid":{"rendered":"https:\/\/www.cde.ual.es\/?p=115220"},"modified":"2022-07-22T13:24:39","modified_gmt":"2022-07-22T11:24:39","slug":"react-eu-additional-e274-9-million-to-boost-spanish-regions","status":"publish","type":"post","link":"https:\/\/www.cde.ual.es\/en\/react-eu-additional-e274-9-million-to-boost-spanish-regions\/","title":{"rendered":"REACT-EU: Additional \u20ac274.9 million to boost Spanish regions"},"content":{"rendered":"<p style=\"text-align: justify;\"><strong>Spain receives an additional \u20ac274.9 million from the 2022 tranche of\u00a0<a href=\"https:\/\/ec.europa.eu\/regional_policy\/en\/newsroom\/coronavirus-response\/react-eu\/\">REACT-EU<\/a>. These resources will support the economic recovery of Spanish regions, help workers and jobseekers acquire skills necessary for the digital and green transition, and improve the access to and functioning of social systems.<\/strong><\/p>\n<p style=\"text-align: justify;\"><a href=\"https:\/\/www.cde.ual.es\/wp-content\/uploads\/2022\/07\/Espana-Europa-2.jpg\"><img decoding=\"async\" class=\"size-full wp-image-115213 aligncenter\" src=\"https:\/\/www.cde.ual.es\/wp-content\/uploads\/2022\/07\/Espana-Europa-2.jpg\" alt=\"\" width=\"679\" height=\"355\" srcset=\"https:\/\/www.cde.ual.es\/wp-content\/uploads\/2022\/07\/Espana-Europa-2.jpg 679w, https:\/\/www.cde.ual.es\/wp-content\/uploads\/2022\/07\/Espana-Europa-2-300x157.jpg 300w\" sizes=\"(max-width: 679px) 100vw, 679px\" \/><\/a><\/p>\n<p style=\"text-align: justify;\">\u20ac137 million are added to the Spanish operational programme of the\u00a0<a href=\"https:\/\/ec.europa.eu\/social\/main.jsp?catId=1089#:~:text=The%2520Fund%2520for%2520European%2520Aid,e.g.%2520shoes%252C%2520soap%2520and%2520shampoo.\">Fund for Aid to the Most Deprived<\/a>\u00a0(FEAD) to provide food assistance and accompanying measures to the most vulnerable groups including people who left Ukraine due to the Russian aggression of the country.<\/p>\n<table style=\"width: 99.9988%; border-collapse: collapse; border-style: double; border-color: #001f7d;\" cellpadding=\"0,5\">\n<tbody>\n<tr>\n<td style=\"width: 100%;\"><a href=\"https:\/\/www.cde.ual.es\/en\/spains-assessment-of-the-european-commissions-save-gas-for-a-safe-winter-package\/\" target=\"_blank\" rel=\"noopener\"><img decoding=\"async\" class=\"alignleft\" src=\"https:\/\/www.cde.ual.es\/wp-content\/uploads\/2022\/07\/Teresa-Ribera.png\" alt=\"\" width=\"137\" height=\"206\" \/><\/a><\/p>\n<h4 class=\"entry-title\"><a href=\"https:\/\/www.cde.ual.es\/en\/spains-assessment-of-the-european-commissions-save-gas-for-a-safe-winter-package\/\" target=\"_blank\" rel=\"noopener\">Spain&#8217;s assessment of the European Commission&#8217;s &#8216;Save gas for a safe winter&#8217; package<br \/>\n<\/a><\/h4>\n<p>&nbsp;<\/td>\n<\/tr>\n<\/tbody>\n<\/table>\n<p style=\"text-align: justify;\">\n<p style=\"text-align: justify;\">The remaining resources, \u20ac137.9 million, are added to the\u00a0<a href=\"https:\/\/ec.europa.eu\/esf\/main.jsp?catId=378&amp;langId=en\">European Social Fund<\/a>\u00a0programmes of eight Spanish regions:<\/p>\n<ul style=\"text-align: justify;\">\n<li>In\u00a0<strong>Cantabria<\/strong>, \u20ac660,000 will help maintaining and creating new jobs, in particular by offering support to start-ups and programmes for vocational education and training.<\/li>\n<li>In\u00a0<strong>Castilla y Le\u00f3n<\/strong>, almost \u20ac12.7 million will support research contracts in universities and allow schools hiring more teachers. The funds will also improve health and social services by hiring more staff and purchasing medical and hygiene equipment. In addition, the funds will support social inclusion measures to help the most vulnerable groups.<\/li>\n<li>In\u00a0<strong>Catalu\u00f1a<\/strong>, \u20ac86.7 million will be mainly allocated to advance the digital and green transition of the region by supporting vocational education and training programmes that help people facing difficulties in finding employment.<\/li>\n<li>In\u00a0<strong>Ceuta<\/strong>, \u20ac1 million will create jobs and provide support for start-ups by mitigating the impact of the pandemic, for instance by upskilling and reskilling the workforce through vocational education and training.<\/li>\n<li>In\u00a0<strong>Galicia<\/strong>, \u20ac11.6 million will support self-employed workers, women and unemployed people. The funds will also improve public services to help unemployed people finding a job.<\/li>\n<li>On the\u00a0<strong>Illes Balears<\/strong>, \u20ac9.8 million will help people keeping their jobs and promoting job creation through training, in particular for digital skills while also supporting health services fighting the pandemic by strengthening the sanitary system. The measures will also support vulnerable groups and address social exclusion.<\/li>\n<\/ul>\n<table style=\"width: 99.9988%; border-collapse: collapse; border-style: double; border-color: #001f7d;\" cellpadding=\"0,5\">\n<tbody>\n<tr>\n<td style=\"width: 100%;\"><a href=\"https:\/\/www.cde.ual.es\/en\/february-infringements-package-key-decisions-related-to-spain-and-environmental-matters-2\/\" target=\"_blank\" rel=\"noopener\"><img decoding=\"async\" class=\"alignleft\" src=\"https:\/\/www.cde.ual.es\/wp-content\/uploads\/2022\/07\/tingey-injury-law-firm-6sl88x150Xs-unsplash-768x512.jpg\" alt=\"\" width=\"137\" height=\"206\" \/><\/a><\/p>\n<h4 class=\"entry-title\"><a href=\"https:\/\/www.cde.ual.es\/en\/february-infringements-package-key-decisions-related-to-spain-and-environmental-matters-2\/\" target=\"_blank\" rel=\"noopener\">July infringements package: key decisions related to Spain and Environmental matters<br \/>\n<\/a><\/h4>\n<p>&nbsp;<\/p>\n<p>&nbsp;<\/td>\n<\/tr>\n<\/tbody>\n<\/table>\n<p style=\"text-align: justify;\">\n<ul style=\"text-align: justify;\">\n<li><strong>Melilla\u00a0<\/strong>will receive \u20ac1.8 million to help unemployed people accessing the labour market through job creation and training. The funds will also ensure the resilient recovery of the economy by helping young people, the self-employed and entrepreneurs keeping their jobs.<\/li>\n<li>In\u00a0<strong>Pa\u00eds Vasco<\/strong>, \u20ac13.5 million will support investments in education as well as professional training programmes to ensure education continuity during the pandemic. To support the economic recovery, the funds will help creating and maintaining jobs for young people, self-employed people and entrepreneurs. The additional resources will also be invested in social inclusion measures and access to social systems, ensuring the protection of vulnerable groups. Finally these additional funds will help reinforcing the regional health system.<\/li>\n<\/ul>\n<p style=\"text-align: justify;\"><strong>More information: <a href=\"https:\/\/ec.europa.eu\/commission\/presscorner\/detail\/es\/ip_22_4632\" target=\"_blank\" rel=\"noopener\">European Commission &#8211; Press release<\/a><\/strong><\/p>\n","protected":false},"excerpt":{"rendered":"<p>Spain receives an additional \u20ac274.9 million from the 2022 tranche of\u00a0REACT-EU. These resources will support the economic recovery of Spanish regions, help workers and jobseekers acquire skills necessary for the digital and green transition, and improve the access to and functioning of social systems. \u20ac137 million are added to the Spanish operational programme of the\u00a0Fund [&hellip;]<\/p>\n","protected":false},"author":101011,"featured_media":115214,"comment_status":"open","ping_status":"open","sticky":false,"template":"","format":"standard","meta":{"_acf_changed":false,"_relevanssi_hide_post":"","_relevanssi_hide_content":"","_relevanssi_pin_for_all":"","_relevanssi_pin_keywords":"","_relevanssi_unpin_keywords":"","_relevanssi_related_keywords":"","_relevanssi_related_include_ids":"","_relevanssi_related_exclude_ids":"","_relevanssi_related_no_append":"","_relevanssi_related_not_related":"","_relevanssi_related_posts":"","_relevanssi_noindex_reason":"","_monsterinsights_skip_tracking":false,"_monsterinsights_sitenote_active":false,"_monsterinsights_sitenote_note":"","_monsterinsights_sitenote_category":0,"_genesis_hide_title":false,"_genesis_hide_breadcrumbs":false,"_genesis_hide_singular_image":false,"_genesis_hide_footer_widgets":false,"_genesis_custom_body_class":"","_genesis_custom_post_class":"","_genesis_layout":"","footnotes":""},"categories":[346,4064,4066],"tags":[6871,6869,6870,3369,5754,6868,5019,806],"class_list":{"0":"post-115220","1":"post","2":"type-post","3":"status-publish","4":"format-standard","5":"has-post-thumbnail","7":"category-eu-news","8":"category-institutional","9":"category-state-members","10":"tag-cantabria-en","11":"tag-castilla-y-leon","12":"tag-cataluna","13":"tag-ceuta-en","14":"tag-galicia","15":"tag-illes-balears","16":"tag-react-eu-en","17":"tag-spain","18":"entry"},"acf":[],"yoast_head":"<!-- This site is optimized with the Yoast SEO plugin v27.5 - https:\/\/yoast.com\/product\/yoast-seo-wordpress\/ -->\n<title>REACT-EU: Additional \u20ac274.9 million to boost Spanish regions | CDE Almer\u00eda - Centro de Documentaci\u00f3n Europea - Universidad de Almer\u00eda<\/title>\n<meta name=\"robots\" content=\"index, follow, max-snippet:-1, max-image-preview:large, max-video-preview:-1\" \/>\n<link rel=\"canonical\" href=\"https:\/\/www.cde.ual.es\/en\/react-eu-additional-e274-9-million-to-boost-spanish-regions\/\" \/>\n<meta property=\"og:locale\" content=\"en_US\" \/>\n<meta property=\"og:type\" content=\"article\" \/>\n<meta property=\"og:title\" content=\"REACT-EU: Additional \u20ac274.9 million to boost Spanish regions | CDE Almer\u00eda - Centro de Documentaci\u00f3n Europea - Universidad de Almer\u00eda\" \/>\n<meta property=\"og:description\" content=\"Spain receives an additional \u20ac274.9 million from the 2022 tranche of\u00a0REACT-EU. These resources will support the economic recovery of Spanish regions, help workers and jobseekers acquire skills necessary for the digital and green transition, and improve the access to and functioning of social systems. \u20ac137 million are added to the Spanish operational programme of the\u00a0Fund [&hellip;]\" \/>\n<meta property=\"og:url\" content=\"https:\/\/www.cde.ual.es\/en\/react-eu-additional-e274-9-million-to-boost-spanish-regions\/\" \/>\n<meta property=\"og:site_name\" content=\"CDE Almer\u00eda - Centro de Documentaci\u00f3n Europea - Universidad de Almer\u00eda\" \/>\n<meta property=\"article:publisher\" content=\"https:\/\/www.facebook.com\/cdeuniversidadalmeria\/\" \/>\n<meta property=\"article:published_time\" content=\"2022-07-22T11:24:39+00:00\" \/>\n<meta property=\"og:image\" content=\"https:\/\/www.cde.ual.es\/wp-content\/uploads\/2022\/07\/Espana-Europa-2.jpg\" \/>\n\t<meta property=\"og:image:width\" content=\"679\" \/>\n\t<meta property=\"og:image:height\" content=\"355\" \/>\n\t<meta property=\"og:image:type\" content=\"image\/jpeg\" \/>\n<meta name=\"author\" content=\"BECA 2 CDE\" \/>\n<meta name=\"twitter:card\" content=\"summary_large_image\" \/>\n<meta name=\"twitter:creator\" content=\"@cdeualmeria\" \/>\n<meta name=\"twitter:site\" content=\"@cdeualmeria\" \/>\n<meta name=\"twitter:label1\" content=\"Written by\" \/>\n\t<meta name=\"twitter:data1\" content=\"BECA 2 CDE\" \/>\n\t<meta name=\"twitter:label2\" content=\"Est. reading time\" \/>\n\t<meta name=\"twitter:data2\" content=\"2 minutes\" \/>\n<script type=\"application\/ld+json\" class=\"yoast-schema-graph\">{\"@context\":\"https:\\\/\\\/schema.org\",\"@graph\":[{\"@type\":\"Article\",\"@id\":\"https:\\\/\\\/www.cde.ual.es\\\/en\\\/react-eu-additional-e274-9-million-to-boost-spanish-regions\\\/#article\",\"isPartOf\":{\"@id\":\"https:\\\/\\\/www.cde.ual.es\\\/en\\\/react-eu-additional-e274-9-million-to-boost-spanish-regions\\\/\"},\"author\":{\"name\":\"BECA 2 CDE\",\"@id\":\"https:\\\/\\\/www.cde.ual.es\\\/#\\\/schema\\\/person\\\/ee46ebc19edfa19598c02cff83335acc\"},\"headline\":\"REACT-EU: Additional \u20ac274.9 million to boost Spanish regions\",\"datePublished\":\"2022-07-22T11:24:39+00:00\",\"mainEntityOfPage\":{\"@id\":\"https:\\\/\\\/www.cde.ual.es\\\/en\\\/react-eu-additional-e274-9-million-to-boost-spanish-regions\\\/\"},\"wordCount\":471,\"commentCount\":0,\"publisher\":{\"@id\":\"https:\\\/\\\/www.cde.ual.es\\\/#organization\"},\"image\":{\"@id\":\"https:\\\/\\\/www.cde.ual.es\\\/en\\\/react-eu-additional-e274-9-million-to-boost-spanish-regions\\\/#primaryimage\"},\"thumbnailUrl\":\"https:\\\/\\\/www.cde.ual.es\\\/wp-content\\\/uploads\\\/2022\\\/07\\\/Espana-Europa-2.jpg\",\"keywords\":[\"Cantabria\",\"Castilla y Le\u00f3n\",\"Catalu\u00f1a\",\"Ceuta\",\"Galicia\",\"Illes Balears\",\"React-EU\",\"Spain\"],\"articleSection\":[\"EU News\",\"Institutional Affairs\",\"State Members\"],\"inLanguage\":\"en-US\",\"potentialAction\":[{\"@type\":\"CommentAction\",\"name\":\"Comment\",\"target\":[\"https:\\\/\\\/www.cde.ual.es\\\/en\\\/react-eu-additional-e274-9-million-to-boost-spanish-regions\\\/#respond\"]}]},{\"@type\":\"WebPage\",\"@id\":\"https:\\\/\\\/www.cde.ual.es\\\/en\\\/react-eu-additional-e274-9-million-to-boost-spanish-regions\\\/\",\"url\":\"https:\\\/\\\/www.cde.ual.es\\\/en\\\/react-eu-additional-e274-9-million-to-boost-spanish-regions\\\/\",\"name\":\"REACT-EU: Additional \u20ac274.9 million to boost Spanish regions | CDE Almer\u00eda - Centro de Documentaci\u00f3n Europea - Universidad de Almer\u00eda\",\"isPartOf\":{\"@id\":\"https:\\\/\\\/www.cde.ual.es\\\/#website\"},\"primaryImageOfPage\":{\"@id\":\"https:\\\/\\\/www.cde.ual.es\\\/en\\\/react-eu-additional-e274-9-million-to-boost-spanish-regions\\\/#primaryimage\"},\"image\":{\"@id\":\"https:\\\/\\\/www.cde.ual.es\\\/en\\\/react-eu-additional-e274-9-million-to-boost-spanish-regions\\\/#primaryimage\"},\"thumbnailUrl\":\"https:\\\/\\\/www.cde.ual.es\\\/wp-content\\\/uploads\\\/2022\\\/07\\\/Espana-Europa-2.jpg\",\"datePublished\":\"2022-07-22T11:24:39+00:00\",\"breadcrumb\":{\"@id\":\"https:\\\/\\\/www.cde.ual.es\\\/en\\\/react-eu-additional-e274-9-million-to-boost-spanish-regions\\\/#breadcrumb\"},\"inLanguage\":\"en-US\",\"potentialAction\":[{\"@type\":\"ReadAction\",\"target\":[\"https:\\\/\\\/www.cde.ual.es\\\/en\\\/react-eu-additional-e274-9-million-to-boost-spanish-regions\\\/\"]}]},{\"@type\":\"ImageObject\",\"inLanguage\":\"en-US\",\"@id\":\"https:\\\/\\\/www.cde.ual.es\\\/en\\\/react-eu-additional-e274-9-million-to-boost-spanish-regions\\\/#primaryimage\",\"url\":\"https:\\\/\\\/www.cde.ual.es\\\/wp-content\\\/uploads\\\/2022\\\/07\\\/Espana-Europa-2.jpg\",\"contentUrl\":\"https:\\\/\\\/www.cde.ual.es\\\/wp-content\\\/uploads\\\/2022\\\/07\\\/Espana-Europa-2.jpg\",\"width\":679,\"height\":355},{\"@type\":\"BreadcrumbList\",\"@id\":\"https:\\\/\\\/www.cde.ual.es\\\/en\\\/react-eu-additional-e274-9-million-to-boost-spanish-regions\\\/#breadcrumb\",\"itemListElement\":[{\"@type\":\"ListItem\",\"position\":1,\"name\":\"Inicio\",\"item\":\"https:\\\/\\\/www.cde.ual.es\\\/en\\\/\"},{\"@type\":\"ListItem\",\"position\":2,\"name\":\"EU News\",\"item\":\"https:\\\/\\\/www.cde.ual.es\\\/en\\\/category\\\/eu-news\\\/\"},{\"@type\":\"ListItem\",\"position\":3,\"name\":\"Institutional Affairs\",\"item\":\"https:\\\/\\\/www.cde.ual.es\\\/en\\\/category\\\/eu-news\\\/institutional\\\/\"},{\"@type\":\"ListItem\",\"position\":4,\"name\":\"State Members\",\"item\":\"https:\\\/\\\/www.cde.ual.es\\\/en\\\/category\\\/eu-news\\\/institutional\\\/state-members\\\/\"},{\"@type\":\"ListItem\",\"position\":5,\"name\":\"REACT-EU: Additional \u20ac274.9 million to boost Spanish regions\"}]},{\"@type\":\"WebSite\",\"@id\":\"https:\\\/\\\/www.cde.ual.es\\\/#website\",\"url\":\"https:\\\/\\\/www.cde.ual.es\\\/\",\"name\":\"CDE Almer\u00eda - Centro de Documentaci\u00f3n Europea - Universidad de Almer\u00eda\",\"description\":\"Centro de Documentaci\u00f3n Europea de la Universidad de Almer\u00eda\",\"publisher\":{\"@id\":\"https:\\\/\\\/www.cde.ual.es\\\/#organization\"},\"alternateName\":\"CDE Almer\u00eda\",\"potentialAction\":[{\"@type\":\"SearchAction\",\"target\":{\"@type\":\"EntryPoint\",\"urlTemplate\":\"https:\\\/\\\/www.cde.ual.es\\\/?s={search_term_string}\"},\"query-input\":{\"@type\":\"PropertyValueSpecification\",\"valueRequired\":true,\"valueName\":\"search_term_string\"}}],\"inLanguage\":\"en-US\"},{\"@type\":\"Organization\",\"@id\":\"https:\\\/\\\/www.cde.ual.es\\\/#organization\",\"name\":\"Centro de Documentaci\u00f3n Europea de Almer\u00eda\",\"url\":\"https:\\\/\\\/www.cde.ual.es\\\/\",\"logo\":{\"@type\":\"ImageObject\",\"inLanguage\":\"en-US\",\"@id\":\"https:\\\/\\\/www.cde.ual.es\\\/#\\\/schema\\\/logo\\\/image\\\/\",\"url\":\"https:\\\/\\\/www.cde.ual.es\\\/wp-content\\\/uploads\\\/2025\\\/07\\\/cde-logo-3.png\",\"contentUrl\":\"https:\\\/\\\/www.cde.ual.es\\\/wp-content\\\/uploads\\\/2025\\\/07\\\/cde-logo-3.png\",\"width\":1400,\"height\":300,\"caption\":\"Centro de Documentaci\u00f3n Europea de Almer\u00eda\"},\"image\":{\"@id\":\"https:\\\/\\\/www.cde.ual.es\\\/#\\\/schema\\\/logo\\\/image\\\/\"},\"sameAs\":[\"https:\\\/\\\/www.facebook.com\\\/cdeuniversidadalmeria\\\/\",\"https:\\\/\\\/x.com\\\/cdeualmeria\",\"https:\\\/\\\/www.tiktok.com\\\/@cdealmeria\",\"https:\\\/\\\/www.instagram.com\\\/cdealmeria\\\/\",\"https:\\\/\\\/www.linkedin.com\\\/in\\\/cde-almera-812b26a9\\\/\"]},{\"@type\":\"Person\",\"@id\":\"https:\\\/\\\/www.cde.ual.es\\\/#\\\/schema\\\/person\\\/ee46ebc19edfa19598c02cff83335acc\",\"name\":\"BECA 2 CDE\",\"image\":{\"@type\":\"ImageObject\",\"inLanguage\":\"en-US\",\"@id\":\"https:\\\/\\\/secure.gravatar.com\\\/avatar\\\/35a481bbc04bbd90e91bdfa3b0b5541036c222a49b9ad37b6889a2afcb5311a5?s=96&d=mm&r=g\",\"url\":\"https:\\\/\\\/secure.gravatar.com\\\/avatar\\\/35a481bbc04bbd90e91bdfa3b0b5541036c222a49b9ad37b6889a2afcb5311a5?s=96&d=mm&r=g\",\"contentUrl\":\"https:\\\/\\\/secure.gravatar.com\\\/avatar\\\/35a481bbc04bbd90e91bdfa3b0b5541036c222a49b9ad37b6889a2afcb5311a5?s=96&d=mm&r=g\",\"caption\":\"BECA 2 CDE\"},\"sameAs\":[\"http:\\\/\\\/www.cdealmeria.com\"]}]}<\/script>\n<!-- \/ Yoast SEO plugin. -->","yoast_head_json":{"title":"REACT-EU: Additional \u20ac274.9 million to boost Spanish regions | CDE Almer\u00eda - Centro de Documentaci\u00f3n Europea - Universidad de Almer\u00eda","robots":{"index":"index","follow":"follow","max-snippet":"max-snippet:-1","max-image-preview":"max-image-preview:large","max-video-preview":"max-video-preview:-1"},"canonical":"https:\/\/www.cde.ual.es\/en\/react-eu-additional-e274-9-million-to-boost-spanish-regions\/","og_locale":"en_US","og_type":"article","og_title":"REACT-EU: Additional \u20ac274.9 million to boost Spanish regions | CDE Almer\u00eda - Centro de Documentaci\u00f3n Europea - Universidad de Almer\u00eda","og_description":"Spain receives an additional \u20ac274.9 million from the 2022 tranche of\u00a0REACT-EU. These resources will support the economic recovery of Spanish regions, help workers and jobseekers acquire skills necessary for the digital and green transition, and improve the access to and functioning of social systems. \u20ac137 million are added to the Spanish operational programme of the\u00a0Fund [&hellip;]","og_url":"https:\/\/www.cde.ual.es\/en\/react-eu-additional-e274-9-million-to-boost-spanish-regions\/","og_site_name":"CDE Almer\u00eda - Centro de Documentaci\u00f3n Europea - Universidad de Almer\u00eda","article_publisher":"https:\/\/www.facebook.com\/cdeuniversidadalmeria\/","article_published_time":"2022-07-22T11:24:39+00:00","og_image":[{"width":679,"height":355,"url":"https:\/\/www.cde.ual.es\/wp-content\/uploads\/2022\/07\/Espana-Europa-2.jpg","type":"image\/jpeg"}],"author":"BECA 2 CDE","twitter_card":"summary_large_image","twitter_creator":"@cdeualmeria","twitter_site":"@cdeualmeria","twitter_misc":{"Written by":"BECA 2 CDE","Est. reading time":"2 minutes"},"schema":{"@context":"https:\/\/schema.org","@graph":[{"@type":"Article","@id":"https:\/\/www.cde.ual.es\/en\/react-eu-additional-e274-9-million-to-boost-spanish-regions\/#article","isPartOf":{"@id":"https:\/\/www.cde.ual.es\/en\/react-eu-additional-e274-9-million-to-boost-spanish-regions\/"},"author":{"name":"BECA 2 CDE","@id":"https:\/\/www.cde.ual.es\/#\/schema\/person\/ee46ebc19edfa19598c02cff83335acc"},"headline":"REACT-EU: Additional \u20ac274.9 million to boost Spanish regions","datePublished":"2022-07-22T11:24:39+00:00","mainEntityOfPage":{"@id":"https:\/\/www.cde.ual.es\/en\/react-eu-additional-e274-9-million-to-boost-spanish-regions\/"},"wordCount":471,"commentCount":0,"publisher":{"@id":"https:\/\/www.cde.ual.es\/#organization"},"image":{"@id":"https:\/\/www.cde.ual.es\/en\/react-eu-additional-e274-9-million-to-boost-spanish-regions\/#primaryimage"},"thumbnailUrl":"https:\/\/www.cde.ual.es\/wp-content\/uploads\/2022\/07\/Espana-Europa-2.jpg","keywords":["Cantabria","Castilla y Le\u00f3n","Catalu\u00f1a","Ceuta","Galicia","Illes Balears","React-EU","Spain"],"articleSection":["EU News","Institutional Affairs","State Members"],"inLanguage":"en-US","potentialAction":[{"@type":"CommentAction","name":"Comment","target":["https:\/\/www.cde.ual.es\/en\/react-eu-additional-e274-9-million-to-boost-spanish-regions\/#respond"]}]},{"@type":"WebPage","@id":"https:\/\/www.cde.ual.es\/en\/react-eu-additional-e274-9-million-to-boost-spanish-regions\/","url":"https:\/\/www.cde.ual.es\/en\/react-eu-additional-e274-9-million-to-boost-spanish-regions\/","name":"REACT-EU: Additional \u20ac274.9 million to boost Spanish regions | CDE Almer\u00eda - Centro de Documentaci\u00f3n Europea - Universidad de Almer\u00eda","isPartOf":{"@id":"https:\/\/www.cde.ual.es\/#website"},"primaryImageOfPage":{"@id":"https:\/\/www.cde.ual.es\/en\/react-eu-additional-e274-9-million-to-boost-spanish-regions\/#primaryimage"},"image":{"@id":"https:\/\/www.cde.ual.es\/en\/react-eu-additional-e274-9-million-to-boost-spanish-regions\/#primaryimage"},"thumbnailUrl":"https:\/\/www.cde.ual.es\/wp-content\/uploads\/2022\/07\/Espana-Europa-2.jpg","datePublished":"2022-07-22T11:24:39+00:00","breadcrumb":{"@id":"https:\/\/www.cde.ual.es\/en\/react-eu-additional-e274-9-million-to-boost-spanish-regions\/#breadcrumb"},"inLanguage":"en-US","potentialAction":[{"@type":"ReadAction","target":["https:\/\/www.cde.ual.es\/en\/react-eu-additional-e274-9-million-to-boost-spanish-regions\/"]}]},{"@type":"ImageObject","inLanguage":"en-US","@id":"https:\/\/www.cde.ual.es\/en\/react-eu-additional-e274-9-million-to-boost-spanish-regions\/#primaryimage","url":"https:\/\/www.cde.ual.es\/wp-content\/uploads\/2022\/07\/Espana-Europa-2.jpg","contentUrl":"https:\/\/www.cde.ual.es\/wp-content\/uploads\/2022\/07\/Espana-Europa-2.jpg","width":679,"height":355},{"@type":"BreadcrumbList","@id":"https:\/\/www.cde.ual.es\/en\/react-eu-additional-e274-9-million-to-boost-spanish-regions\/#breadcrumb","itemListElement":[{"@type":"ListItem","position":1,"name":"Inicio","item":"https:\/\/www.cde.ual.es\/en\/"},{"@type":"ListItem","position":2,"name":"EU News","item":"https:\/\/www.cde.ual.es\/en\/category\/eu-news\/"},{"@type":"ListItem","position":3,"name":"Institutional Affairs","item":"https:\/\/www.cde.ual.es\/en\/category\/eu-news\/institutional\/"},{"@type":"ListItem","position":4,"name":"State Members","item":"https:\/\/www.cde.ual.es\/en\/category\/eu-news\/institutional\/state-members\/"},{"@type":"ListItem","position":5,"name":"REACT-EU: Additional \u20ac274.9 million to boost Spanish regions"}]},{"@type":"WebSite","@id":"https:\/\/www.cde.ual.es\/#website","url":"https:\/\/www.cde.ual.es\/","name":"CDE Almer\u00eda - Centro de Documentaci\u00f3n Europea - Universidad de Almer\u00eda","description":"Centro de Documentaci\u00f3n Europea de la Universidad de Almer\u00eda","publisher":{"@id":"https:\/\/www.cde.ual.es\/#organization"},"alternateName":"CDE Almer\u00eda","potentialAction":[{"@type":"SearchAction","target":{"@type":"EntryPoint","urlTemplate":"https:\/\/www.cde.ual.es\/?s={search_term_string}"},"query-input":{"@type":"PropertyValueSpecification","valueRequired":true,"valueName":"search_term_string"}}],"inLanguage":"en-US"},{"@type":"Organization","@id":"https:\/\/www.cde.ual.es\/#organization","name":"Centro de Documentaci\u00f3n Europea de Almer\u00eda","url":"https:\/\/www.cde.ual.es\/","logo":{"@type":"ImageObject","inLanguage":"en-US","@id":"https:\/\/www.cde.ual.es\/#\/schema\/logo\/image\/","url":"https:\/\/www.cde.ual.es\/wp-content\/uploads\/2025\/07\/cde-logo-3.png","contentUrl":"https:\/\/www.cde.ual.es\/wp-content\/uploads\/2025\/07\/cde-logo-3.png","width":1400,"height":300,"caption":"Centro de Documentaci\u00f3n Europea de Almer\u00eda"},"image":{"@id":"https:\/\/www.cde.ual.es\/#\/schema\/logo\/image\/"},"sameAs":["https:\/\/www.facebook.com\/cdeuniversidadalmeria\/","https:\/\/x.com\/cdeualmeria","https:\/\/www.tiktok.com\/@cdealmeria","https:\/\/www.instagram.com\/cdealmeria\/","https:\/\/www.linkedin.com\/in\/cde-almera-812b26a9\/"]},{"@type":"Person","@id":"https:\/\/www.cde.ual.es\/#\/schema\/person\/ee46ebc19edfa19598c02cff83335acc","name":"BECA 2 CDE","image":{"@type":"ImageObject","inLanguage":"en-US","@id":"https:\/\/secure.gravatar.com\/avatar\/35a481bbc04bbd90e91bdfa3b0b5541036c222a49b9ad37b6889a2afcb5311a5?s=96&d=mm&r=g","url":"https:\/\/secure.gravatar.com\/avatar\/35a481bbc04bbd90e91bdfa3b0b5541036c222a49b9ad37b6889a2afcb5311a5?s=96&d=mm&r=g","contentUrl":"https:\/\/secure.gravatar.com\/avatar\/35a481bbc04bbd90e91bdfa3b0b5541036c222a49b9ad37b6889a2afcb5311a5?s=96&d=mm&r=g","caption":"BECA 2 CDE"},"sameAs":["http:\/\/www.cdealmeria.com"]}]}},"_links":{"self":[{"href":"https:\/\/www.cde.ual.es\/en\/wp-json\/wp\/v2\/posts\/115220","targetHints":{"allow":["GET"]}}],"collection":[{"href":"https:\/\/www.cde.ual.es\/en\/wp-json\/wp\/v2\/posts"}],"about":[{"href":"https:\/\/www.cde.ual.es\/en\/wp-json\/wp\/v2\/types\/post"}],"author":[{"embeddable":true,"href":"https:\/\/www.cde.ual.es\/en\/wp-json\/wp\/v2\/users\/101011"}],"replies":[{"embeddable":true,"href":"https:\/\/www.cde.ual.es\/en\/wp-json\/wp\/v2\/comments?post=115220"}],"version-history":[{"count":1,"href":"https:\/\/www.cde.ual.es\/en\/wp-json\/wp\/v2\/posts\/115220\/revisions"}],"predecessor-version":[{"id":115230,"href":"https:\/\/www.cde.ual.es\/en\/wp-json\/wp\/v2\/posts\/115220\/revisions\/115230"}],"wp:featuredmedia":[{"embeddable":true,"href":"https:\/\/www.cde.ual.es\/en\/wp-json\/wp\/v2\/media\/115214"}],"wp:attachment":[{"href":"https:\/\/www.cde.ual.es\/en\/wp-json\/wp\/v2\/media?parent=115220"}],"wp:term":[{"taxonomy":"category","embeddable":true,"href":"https:\/\/www.cde.ual.es\/en\/wp-json\/wp\/v2\/categories?post=115220"},{"taxonomy":"post_tag","embeddable":true,"href":"https:\/\/www.cde.ual.es\/en\/wp-json\/wp\/v2\/tags?post=115220"}],"curies":[{"name":"wp","href":"https:\/\/api.w.org\/{rel}","templated":true}]}}