{"id":115087,"date":"2018-07-21T18:01:44","date_gmt":"2018-07-21T16:01:44","guid":{"rendered":"https:\/\/www.cde.ual.es\/?p=115087"},"modified":"2022-07-27T15:03:26","modified_gmt":"2022-07-27T13:03:26","slug":"european-centre-for-the-development-of-vocational-training-cedefop","status":"publish","type":"post","link":"https:\/\/www.cde.ual.es\/en\/european-centre-for-the-development-of-vocational-training-cedefop\/","title":{"rendered":"European Centre for the Development of Vocational Training"},"content":{"rendered":"<h3><a href=\"https:\/\/www.cde.ual.es\/wp-content\/uploads\/2022\/07\/logo_en_cedefop.png\"><img decoding=\"async\" class=\"size-full wp-image-115084 aligncenter\" src=\"https:\/\/www.cde.ual.es\/wp-content\/uploads\/2022\/07\/logo_en_cedefop.png\" alt=\"\" width=\"444\" height=\"148\" srcset=\"https:\/\/www.cde.ual.es\/wp-content\/uploads\/2022\/07\/logo_en_cedefop.png 444w, https:\/\/www.cde.ual.es\/wp-content\/uploads\/2022\/07\/logo_en_cedefop-300x100.png 300w\" sizes=\"(max-width: 444px) 100vw, 444px\" \/><\/a><\/h3>\n<h3>Access to the official webpage and the social networks<\/h3>\n<table style=\"border-collapse: collapse; width: 100%;\">\n<tbody>\n<tr>\n<td style=\"width: 12.3451%;\"><a href=\"https:\/\/www.cedefop.europa.eu\/es\" rel=\"noopener\"><img decoding=\"async\" class=\"aligncenter wp-image-79114\" src=\"https:\/\/www.cde.ual.es\/wp-content\/uploads\/2020\/01\/9e5a4a16e78a187fc3e47fc6e2c5f03a-trazo-de-icono-de-sitio-web-de-internet.png\" alt=\"\" width=\"110\" height=\"110\" srcset=\"https:\/\/www.cde.ual.es\/wp-content\/uploads\/2020\/01\/9e5a4a16e78a187fc3e47fc6e2c5f03a-trazo-de-icono-de-sitio-web-de-internet.png 512w, https:\/\/www.cde.ual.es\/wp-content\/uploads\/2020\/01\/9e5a4a16e78a187fc3e47fc6e2c5f03a-trazo-de-icono-de-sitio-web-de-internet-300x300.png 300w, https:\/\/www.cde.ual.es\/wp-content\/uploads\/2020\/01\/9e5a4a16e78a187fc3e47fc6e2c5f03a-trazo-de-icono-de-sitio-web-de-internet-150x150.png 150w\" sizes=\"(max-width: 110px) 100vw, 110px\" \/><\/a><\/td>\n<td style=\"width: 20.9883%;\"><a href=\"https:\/\/www.facebook.com\/Cedefop\" rel=\"noopener\"><img decoding=\"async\" class=\"aligncenter wp-image-79101\" src=\"https:\/\/www.cde.ual.es\/wp-content\/uploads\/2021\/09\/1365px-Facebook_f_logo_2019.svg_.png\" alt=\"\" width=\"80\" height=\"80\" srcset=\"https:\/\/www.cde.ual.es\/wp-content\/uploads\/2021\/09\/1365px-Facebook_f_logo_2019.svg_.png 1365w, https:\/\/www.cde.ual.es\/wp-content\/uploads\/2021\/09\/1365px-Facebook_f_logo_2019.svg_-300x300.png 300w, https:\/\/www.cde.ual.es\/wp-content\/uploads\/2021\/09\/1365px-Facebook_f_logo_2019.svg_-1024x1024.png 1024w, https:\/\/www.cde.ual.es\/wp-content\/uploads\/2021\/09\/1365px-Facebook_f_logo_2019.svg_-150x150.png 150w, https:\/\/www.cde.ual.es\/wp-content\/uploads\/2021\/09\/1365px-Facebook_f_logo_2019.svg_-768x768.png 768w\" sizes=\"(max-width: 80px) 100vw, 80px\" \/><\/a><\/td>\n<td style=\"width: 16.6667%;\"><a href=\"https:\/\/twitter.com\/Cedefop\" rel=\"noopener\"><img decoding=\"async\" class=\"aligncenter wp-image-79096\" src=\"https:\/\/www.cde.ual.es\/wp-content\/uploads\/2020\/01\/580b57fcd9996e24bc43c53e.png\" alt=\"\" width=\"180\" height=\"180\" srcset=\"https:\/\/www.cde.ual.es\/wp-content\/uploads\/2020\/01\/580b57fcd9996e24bc43c53e.png 1687w, https:\/\/www.cde.ual.es\/wp-content\/uploads\/2020\/01\/580b57fcd9996e24bc43c53e-300x300.png 300w, https:\/\/www.cde.ual.es\/wp-content\/uploads\/2020\/01\/580b57fcd9996e24bc43c53e-1024x1024.png 1024w, https:\/\/www.cde.ual.es\/wp-content\/uploads\/2020\/01\/580b57fcd9996e24bc43c53e-150x150.png 150w, https:\/\/www.cde.ual.es\/wp-content\/uploads\/2020\/01\/580b57fcd9996e24bc43c53e-768x768.png 768w, https:\/\/www.cde.ual.es\/wp-content\/uploads\/2020\/01\/580b57fcd9996e24bc43c53e-1536x1536.png 1536w\" sizes=\"(max-width: 180px) 100vw, 180px\" \/><\/a><\/td>\n<td style=\"width: 16.6667%;\"><a href=\"https:\/\/www.youtube.com\/user\/CedefopVideos\/videos\" rel=\"noopener\"><img decoding=\"async\" class=\"aligncenter wp-image-79109 size-full\" src=\"https:\/\/www.cde.ual.es\/wp-content\/uploads\/2021\/09\/YouTube-logo.png\" alt=\"\" width=\"3840\" height=\"2160\" srcset=\"https:\/\/www.cde.ual.es\/wp-content\/uploads\/2021\/09\/YouTube-logo.png 3840w, https:\/\/www.cde.ual.es\/wp-content\/uploads\/2021\/09\/YouTube-logo-300x169.png 300w, https:\/\/www.cde.ual.es\/wp-content\/uploads\/2021\/09\/YouTube-logo-1024x576.png 1024w, https:\/\/www.cde.ual.es\/wp-content\/uploads\/2021\/09\/YouTube-logo-768x432.png 768w, https:\/\/www.cde.ual.es\/wp-content\/uploads\/2021\/09\/YouTube-logo-1280x720.png 1280w, https:\/\/www.cde.ual.es\/wp-content\/uploads\/2021\/09\/YouTube-logo-1536x864.png 1536w, https:\/\/www.cde.ual.es\/wp-content\/uploads\/2021\/09\/YouTube-logo-2048x1152.png 2048w\" sizes=\"(max-width: 3840px) 100vw, 3840px\" \/><\/a><\/td>\n<td style=\"width: 16.6667%;\"><a href=\"https:\/\/www.linkedin.com\/organization-guest\/company\/cedefop\" rel=\"noopener\"><img decoding=\"async\" class=\"aligncenter wp-image-114338\" src=\"https:\/\/www.cde.ual.es\/wp-content\/uploads\/2022\/07\/174857.png\" alt=\"\" width=\"80\" height=\"80\" srcset=\"https:\/\/www.cde.ual.es\/wp-content\/uploads\/2022\/07\/174857.png 512w, https:\/\/www.cde.ual.es\/wp-content\/uploads\/2022\/07\/174857-300x300.png 300w, https:\/\/www.cde.ual.es\/wp-content\/uploads\/2022\/07\/174857-150x150.png 150w, https:\/\/www.cde.ual.es\/wp-content\/uploads\/2022\/07\/174857-120x120.png 120w\" sizes=\"(max-width: 80px) 100vw, 80px\" \/><\/a><\/td>\n<td style=\"width: 16.6667%;\"><a href=\"https:\/\/www.instagram.com\/cedefop\/\" rel=\"noopener\"><img decoding=\"async\" class=\"aligncenter wp-image-114843\" src=\"https:\/\/www.cde.ual.es\/wp-content\/uploads\/2022\/07\/Instagram_logo_2016.svg_.webp\" alt=\"\" width=\"80\" height=\"80\" srcset=\"https:\/\/www.cde.ual.es\/wp-content\/uploads\/2022\/07\/Instagram_logo_2016.svg_.webp 768w, https:\/\/www.cde.ual.es\/wp-content\/uploads\/2022\/07\/Instagram_logo_2016.svg_-300x300.webp 300w, https:\/\/www.cde.ual.es\/wp-content\/uploads\/2022\/07\/Instagram_logo_2016.svg_-150x150.webp 150w, https:\/\/www.cde.ual.es\/wp-content\/uploads\/2022\/07\/Instagram_logo_2016.svg_-120x120.webp 120w\" sizes=\"(max-width: 80px) 100vw, 80px\" \/><\/a><\/td>\n<\/tr>\n<\/tbody>\n<\/table>\n<h3>Overview<\/h3>\n<ul>\n<li><strong>Role:<\/strong>\u00a0Cedefop provides the data on which vocational education and training policy in the EU is based<\/li>\n<li><strong>Acting Director:<\/strong>\u00a0Mara Brugia<\/li>\n<li><strong>Established in:<\/strong>\u00a01975<\/li>\n<li><strong>Number of staff:<\/strong>\u00a098<\/li>\n<li><strong>Location:<\/strong>\u00a0Thessaloniki (Greece)<\/li>\n<li><strong>Website:<\/strong>\u00a0<a href=\"http:\/\/www.cedefop.europa.eu\/\">Cedefop<\/a><\/li>\n<\/ul>\n<p>The European Centre for the Development of Vocational training (Cedefop) helps develop and implement EU vocational training policies. It monitors labour market trends and helps the European Commission, EU countries, employers&#8217; organisations and trade unions to match training provision to labour market needs.<\/p>\n<h3>What it does<\/h3>\n<p>Cedefop is the\u00a0<strong>EU organisation<\/strong>\u00a0that brings together policymakers, employers&#8217; organisations and trade unions, training institutions, teachers and trainers, and learners of all ages \u2013\u00a0<strong>everyone with a stake in vocational education and training<\/strong>.<\/p>\n<p>At the crossroads between education systems and the world of work, Cedefop operates as a forum, allowing the organisations with a stake in its work to share ideas and debate how best to improve vocational education and training in Europe. It shares its expertise with political organisations and the 2 sides of industry in the EU countries to help them generate learning and working opportunities.<\/p>\n<h3>Who benefits?<\/h3>\n<p>Cedefop\u2019s work:<\/p>\n<ul>\n<li>helps\u00a0<strong>young people<\/strong>\u00a0move from education into the labour market<\/li>\n<li>helps\u00a0<strong>early school-leavers<\/strong>\u00a0return to education and training<\/li>\n<li>helps\u00a0<strong>unemployed or underemployed adults<\/strong>\u00a0return to learning and refocus their careers<\/li>\n<li>provides\u00a0<strong>guidance and counselling staff<\/strong>\u00a0with an EU-wide outlook<\/li>\n<li>helps\u00a0<strong>EU citizens<\/strong>\u00a0move between countries and systems, while &#8216;taking their qualifications with them&#8217;<\/li>\n<li>helps\u00a0<strong>EU countries<\/strong>\u00a0reform their apprenticeship provision<\/li>\n<li>helps\u00a0<strong>European, national and regional policymakers<\/strong>\u00a0take informed decisions on vocational education and training provision.<\/li>\n<\/ul>\n","protected":false},"excerpt":{"rendered":"<p>Access to the official webpage and the social networks Overview Role:\u00a0Cedefop provides the data on which vocational education and training policy in the EU is based Acting Director:\u00a0Mara Brugia Established in:\u00a01975 Number of staff:\u00a098 Location:\u00a0Thessaloniki (Greece) Website:\u00a0Cedefop The European Centre for the Development of Vocational training (Cedefop) helps develop and implement EU vocational training policies. [&hellip;]<\/p>\n","protected":false},"author":101011,"featured_media":115085,"comment_status":"open","ping_status":"open","sticky":false,"template":"","format":"standard","meta":{"_acf_changed":false,"_relevanssi_hide_post":"","_relevanssi_hide_content":"","_relevanssi_pin_for_all":"","_relevanssi_pin_keywords":"","_relevanssi_unpin_keywords":"","_relevanssi_related_keywords":"","_relevanssi_related_include_ids":"","_relevanssi_related_exclude_ids":"","_relevanssi_related_no_append":"","_relevanssi_related_not_related":"","_relevanssi_related_posts":"","_relevanssi_noindex_reason":"","_monsterinsights_skip_tracking":false,"_monsterinsights_sitenote_active":false,"_monsterinsights_sitenote_note":"","_monsterinsights_sitenote_category":0,"_genesis_hide_title":false,"_genesis_hide_breadcrumbs":false,"_genesis_hide_singular_image":false,"_genesis_hide_footer_widgets":false,"_genesis_custom_body_class":"","_genesis_custom_post_class":"","_genesis_layout":"","footnotes":""},"categories":[4407],"tags":[779,6828,687],"class_list":{"0":"post-115087","1":"post","2":"type-post","3":"status-publish","4":"format-standard","5":"has-post-thumbnail","7":"category-institutions","8":"tag-eu-en","9":"tag-european-centre","10":"tag-training","11":"entry"},"acf":[],"yoast_head":"<!-- This site is optimized with the Yoast SEO plugin v27.5 - https:\/\/yoast.com\/product\/yoast-seo-wordpress\/ -->\n<title>European Centre for the Development of Vocational Training | CDE Almer\u00eda - Centro de Documentaci\u00f3n Europea - Universidad de Almer\u00eda<\/title>\n<meta name=\"robots\" content=\"index, follow, max-snippet:-1, max-image-preview:large, max-video-preview:-1\" \/>\n<link rel=\"canonical\" href=\"https:\/\/www.cde.ual.es\/en\/european-centre-for-the-development-of-vocational-training-cedefop\/\" \/>\n<meta property=\"og:locale\" content=\"en_US\" \/>\n<meta property=\"og:type\" content=\"article\" \/>\n<meta property=\"og:title\" content=\"European Centre for the Development of Vocational Training | CDE Almer\u00eda - Centro de Documentaci\u00f3n Europea - Universidad de Almer\u00eda\" \/>\n<meta property=\"og:description\" content=\"Access to the official webpage and the social networks Overview Role:\u00a0Cedefop provides the data on which vocational education and training policy in the EU is based Acting Director:\u00a0Mara Brugia Established in:\u00a01975 Number of staff:\u00a098 Location:\u00a0Thessaloniki (Greece) Website:\u00a0Cedefop The European Centre for the Development of Vocational training (Cedefop) helps develop and implement EU vocational training policies. [&hellip;]\" \/>\n<meta property=\"og:url\" content=\"https:\/\/www.cde.ual.es\/en\/european-centre-for-the-development-of-vocational-training-cedefop\/\" \/>\n<meta property=\"og:site_name\" content=\"CDE Almer\u00eda - Centro de Documentaci\u00f3n Europea - Universidad de Almer\u00eda\" \/>\n<meta property=\"article:publisher\" content=\"https:\/\/www.facebook.com\/cdeuniversidadalmeria\/\" \/>\n<meta property=\"article:published_time\" content=\"2018-07-21T16:01:44+00:00\" \/>\n<meta property=\"article:modified_time\" content=\"2022-07-27T13:03:26+00:00\" \/>\n<meta property=\"og:image\" content=\"https:\/\/www.cde.ual.es\/wp-content\/uploads\/2022\/07\/logo_en_cedefop.png\" \/>\n\t<meta property=\"og:image:width\" content=\"444\" \/>\n\t<meta property=\"og:image:height\" content=\"148\" \/>\n\t<meta property=\"og:image:type\" content=\"image\/png\" \/>\n<meta name=\"author\" content=\"BECA 2 CDE\" \/>\n<meta name=\"twitter:card\" content=\"summary_large_image\" \/>\n<meta name=\"twitter:creator\" content=\"@cdeualmeria\" \/>\n<meta name=\"twitter:site\" content=\"@cdeualmeria\" \/>\n<meta name=\"twitter:label1\" content=\"Written by\" \/>\n\t<meta name=\"twitter:data1\" content=\"BECA 2 CDE\" \/>\n\t<meta name=\"twitter:label2\" content=\"Est. reading time\" \/>\n\t<meta name=\"twitter:data2\" content=\"3 minutes\" \/>\n<script type=\"application\/ld+json\" class=\"yoast-schema-graph\">{\"@context\":\"https:\\\/\\\/schema.org\",\"@graph\":[{\"@type\":\"Article\",\"@id\":\"https:\\\/\\\/www.cde.ual.es\\\/en\\\/european-centre-for-the-development-of-vocational-training-cedefop\\\/#article\",\"isPartOf\":{\"@id\":\"https:\\\/\\\/www.cde.ual.es\\\/en\\\/european-centre-for-the-development-of-vocational-training-cedefop\\\/\"},\"author\":{\"name\":\"BECA 2 CDE\",\"@id\":\"https:\\\/\\\/www.cde.ual.es\\\/#\\\/schema\\\/person\\\/ee46ebc19edfa19598c02cff83335acc\"},\"headline\":\"European Centre for the Development of Vocational Training\",\"datePublished\":\"2018-07-21T16:01:44+00:00\",\"dateModified\":\"2022-07-27T13:03:26+00:00\",\"mainEntityOfPage\":{\"@id\":\"https:\\\/\\\/www.cde.ual.es\\\/en\\\/european-centre-for-the-development-of-vocational-training-cedefop\\\/\"},\"wordCount\":272,\"commentCount\":0,\"publisher\":{\"@id\":\"https:\\\/\\\/www.cde.ual.es\\\/#organization\"},\"image\":{\"@id\":\"https:\\\/\\\/www.cde.ual.es\\\/en\\\/european-centre-for-the-development-of-vocational-training-cedefop\\\/#primaryimage\"},\"thumbnailUrl\":\"https:\\\/\\\/www.cde.ual.es\\\/wp-content\\\/uploads\\\/2022\\\/07\\\/logo_en_cedefop.png\",\"keywords\":[\"EU\",\"European Centre\",\"Training\"],\"articleSection\":[\"Institutions\"],\"inLanguage\":\"en-US\",\"potentialAction\":[{\"@type\":\"CommentAction\",\"name\":\"Comment\",\"target\":[\"https:\\\/\\\/www.cde.ual.es\\\/en\\\/european-centre-for-the-development-of-vocational-training-cedefop\\\/#respond\"]}]},{\"@type\":\"WebPage\",\"@id\":\"https:\\\/\\\/www.cde.ual.es\\\/en\\\/european-centre-for-the-development-of-vocational-training-cedefop\\\/\",\"url\":\"https:\\\/\\\/www.cde.ual.es\\\/en\\\/european-centre-for-the-development-of-vocational-training-cedefop\\\/\",\"name\":\"European Centre for the Development of Vocational Training | CDE Almer\u00eda - Centro de Documentaci\u00f3n Europea - Universidad de Almer\u00eda\",\"isPartOf\":{\"@id\":\"https:\\\/\\\/www.cde.ual.es\\\/#website\"},\"primaryImageOfPage\":{\"@id\":\"https:\\\/\\\/www.cde.ual.es\\\/en\\\/european-centre-for-the-development-of-vocational-training-cedefop\\\/#primaryimage\"},\"image\":{\"@id\":\"https:\\\/\\\/www.cde.ual.es\\\/en\\\/european-centre-for-the-development-of-vocational-training-cedefop\\\/#primaryimage\"},\"thumbnailUrl\":\"https:\\\/\\\/www.cde.ual.es\\\/wp-content\\\/uploads\\\/2022\\\/07\\\/logo_en_cedefop.png\",\"datePublished\":\"2018-07-21T16:01:44+00:00\",\"dateModified\":\"2022-07-27T13:03:26+00:00\",\"breadcrumb\":{\"@id\":\"https:\\\/\\\/www.cde.ual.es\\\/en\\\/european-centre-for-the-development-of-vocational-training-cedefop\\\/#breadcrumb\"},\"inLanguage\":\"en-US\",\"potentialAction\":[{\"@type\":\"ReadAction\",\"target\":[\"https:\\\/\\\/www.cde.ual.es\\\/en\\\/european-centre-for-the-development-of-vocational-training-cedefop\\\/\"]}]},{\"@type\":\"ImageObject\",\"inLanguage\":\"en-US\",\"@id\":\"https:\\\/\\\/www.cde.ual.es\\\/en\\\/european-centre-for-the-development-of-vocational-training-cedefop\\\/#primaryimage\",\"url\":\"https:\\\/\\\/www.cde.ual.es\\\/wp-content\\\/uploads\\\/2022\\\/07\\\/logo_en_cedefop.png\",\"contentUrl\":\"https:\\\/\\\/www.cde.ual.es\\\/wp-content\\\/uploads\\\/2022\\\/07\\\/logo_en_cedefop.png\",\"width\":444,\"height\":148},{\"@type\":\"BreadcrumbList\",\"@id\":\"https:\\\/\\\/www.cde.ual.es\\\/en\\\/european-centre-for-the-development-of-vocational-training-cedefop\\\/#breadcrumb\",\"itemListElement\":[{\"@type\":\"ListItem\",\"position\":1,\"name\":\"Inicio\",\"item\":\"https:\\\/\\\/www.cde.ual.es\\\/en\\\/\"},{\"@type\":\"ListItem\",\"position\":2,\"name\":\"Institutions\",\"item\":\"https:\\\/\\\/www.cde.ual.es\\\/en\\\/category\\\/institutions\\\/\"},{\"@type\":\"ListItem\",\"position\":3,\"name\":\"European Centre for the Development of Vocational Training\"}]},{\"@type\":\"WebSite\",\"@id\":\"https:\\\/\\\/www.cde.ual.es\\\/#website\",\"url\":\"https:\\\/\\\/www.cde.ual.es\\\/\",\"name\":\"CDE Almer\u00eda - Centro de Documentaci\u00f3n Europea - Universidad de Almer\u00eda\",\"description\":\"Centro de Documentaci\u00f3n Europea de la Universidad de Almer\u00eda\",\"publisher\":{\"@id\":\"https:\\\/\\\/www.cde.ual.es\\\/#organization\"},\"alternateName\":\"CDE Almer\u00eda\",\"potentialAction\":[{\"@type\":\"SearchAction\",\"target\":{\"@type\":\"EntryPoint\",\"urlTemplate\":\"https:\\\/\\\/www.cde.ual.es\\\/?s={search_term_string}\"},\"query-input\":{\"@type\":\"PropertyValueSpecification\",\"valueRequired\":true,\"valueName\":\"search_term_string\"}}],\"inLanguage\":\"en-US\"},{\"@type\":\"Organization\",\"@id\":\"https:\\\/\\\/www.cde.ual.es\\\/#organization\",\"name\":\"Centro de Documentaci\u00f3n Europea de Almer\u00eda\",\"url\":\"https:\\\/\\\/www.cde.ual.es\\\/\",\"logo\":{\"@type\":\"ImageObject\",\"inLanguage\":\"en-US\",\"@id\":\"https:\\\/\\\/www.cde.ual.es\\\/#\\\/schema\\\/logo\\\/image\\\/\",\"url\":\"https:\\\/\\\/www.cde.ual.es\\\/wp-content\\\/uploads\\\/2025\\\/07\\\/cde-logo-3.png\",\"contentUrl\":\"https:\\\/\\\/www.cde.ual.es\\\/wp-content\\\/uploads\\\/2025\\\/07\\\/cde-logo-3.png\",\"width\":1400,\"height\":300,\"caption\":\"Centro de Documentaci\u00f3n Europea de Almer\u00eda\"},\"image\":{\"@id\":\"https:\\\/\\\/www.cde.ual.es\\\/#\\\/schema\\\/logo\\\/image\\\/\"},\"sameAs\":[\"https:\\\/\\\/www.facebook.com\\\/cdeuniversidadalmeria\\\/\",\"https:\\\/\\\/x.com\\\/cdeualmeria\",\"https:\\\/\\\/www.tiktok.com\\\/@cdealmeria\",\"https:\\\/\\\/www.instagram.com\\\/cdealmeria\\\/\",\"https:\\\/\\\/www.linkedin.com\\\/in\\\/cde-almera-812b26a9\\\/\"]},{\"@type\":\"Person\",\"@id\":\"https:\\\/\\\/www.cde.ual.es\\\/#\\\/schema\\\/person\\\/ee46ebc19edfa19598c02cff83335acc\",\"name\":\"BECA 2 CDE\",\"image\":{\"@type\":\"ImageObject\",\"inLanguage\":\"en-US\",\"@id\":\"https:\\\/\\\/secure.gravatar.com\\\/avatar\\\/35a481bbc04bbd90e91bdfa3b0b5541036c222a49b9ad37b6889a2afcb5311a5?s=96&d=mm&r=g\",\"url\":\"https:\\\/\\\/secure.gravatar.com\\\/avatar\\\/35a481bbc04bbd90e91bdfa3b0b5541036c222a49b9ad37b6889a2afcb5311a5?s=96&d=mm&r=g\",\"contentUrl\":\"https:\\\/\\\/secure.gravatar.com\\\/avatar\\\/35a481bbc04bbd90e91bdfa3b0b5541036c222a49b9ad37b6889a2afcb5311a5?s=96&d=mm&r=g\",\"caption\":\"BECA 2 CDE\"},\"sameAs\":[\"http:\\\/\\\/www.cdealmeria.com\"]}]}<\/script>\n<!-- \/ Yoast SEO plugin. -->","yoast_head_json":{"title":"European Centre for the Development of Vocational Training | CDE Almer\u00eda - Centro de Documentaci\u00f3n Europea - Universidad de Almer\u00eda","robots":{"index":"index","follow":"follow","max-snippet":"max-snippet:-1","max-image-preview":"max-image-preview:large","max-video-preview":"max-video-preview:-1"},"canonical":"https:\/\/www.cde.ual.es\/en\/european-centre-for-the-development-of-vocational-training-cedefop\/","og_locale":"en_US","og_type":"article","og_title":"European Centre for the Development of Vocational Training | CDE Almer\u00eda - Centro de Documentaci\u00f3n Europea - Universidad de Almer\u00eda","og_description":"Access to the official webpage and the social networks Overview Role:\u00a0Cedefop provides the data on which vocational education and training policy in the EU is based Acting Director:\u00a0Mara Brugia Established in:\u00a01975 Number of staff:\u00a098 Location:\u00a0Thessaloniki (Greece) Website:\u00a0Cedefop The European Centre for the Development of Vocational training (Cedefop) helps develop and implement EU vocational training policies. [&hellip;]","og_url":"https:\/\/www.cde.ual.es\/en\/european-centre-for-the-development-of-vocational-training-cedefop\/","og_site_name":"CDE Almer\u00eda - Centro de Documentaci\u00f3n Europea - Universidad de Almer\u00eda","article_publisher":"https:\/\/www.facebook.com\/cdeuniversidadalmeria\/","article_published_time":"2018-07-21T16:01:44+00:00","article_modified_time":"2022-07-27T13:03:26+00:00","og_image":[{"width":444,"height":148,"url":"https:\/\/www.cde.ual.es\/wp-content\/uploads\/2022\/07\/logo_en_cedefop.png","type":"image\/png"}],"author":"BECA 2 CDE","twitter_card":"summary_large_image","twitter_creator":"@cdeualmeria","twitter_site":"@cdeualmeria","twitter_misc":{"Written by":"BECA 2 CDE","Est. reading time":"3 minutes"},"schema":{"@context":"https:\/\/schema.org","@graph":[{"@type":"Article","@id":"https:\/\/www.cde.ual.es\/en\/european-centre-for-the-development-of-vocational-training-cedefop\/#article","isPartOf":{"@id":"https:\/\/www.cde.ual.es\/en\/european-centre-for-the-development-of-vocational-training-cedefop\/"},"author":{"name":"BECA 2 CDE","@id":"https:\/\/www.cde.ual.es\/#\/schema\/person\/ee46ebc19edfa19598c02cff83335acc"},"headline":"European Centre for the Development of Vocational Training","datePublished":"2018-07-21T16:01:44+00:00","dateModified":"2022-07-27T13:03:26+00:00","mainEntityOfPage":{"@id":"https:\/\/www.cde.ual.es\/en\/european-centre-for-the-development-of-vocational-training-cedefop\/"},"wordCount":272,"commentCount":0,"publisher":{"@id":"https:\/\/www.cde.ual.es\/#organization"},"image":{"@id":"https:\/\/www.cde.ual.es\/en\/european-centre-for-the-development-of-vocational-training-cedefop\/#primaryimage"},"thumbnailUrl":"https:\/\/www.cde.ual.es\/wp-content\/uploads\/2022\/07\/logo_en_cedefop.png","keywords":["EU","European Centre","Training"],"articleSection":["Institutions"],"inLanguage":"en-US","potentialAction":[{"@type":"CommentAction","name":"Comment","target":["https:\/\/www.cde.ual.es\/en\/european-centre-for-the-development-of-vocational-training-cedefop\/#respond"]}]},{"@type":"WebPage","@id":"https:\/\/www.cde.ual.es\/en\/european-centre-for-the-development-of-vocational-training-cedefop\/","url":"https:\/\/www.cde.ual.es\/en\/european-centre-for-the-development-of-vocational-training-cedefop\/","name":"European Centre for the Development of Vocational Training | CDE Almer\u00eda - Centro de Documentaci\u00f3n Europea - Universidad de Almer\u00eda","isPartOf":{"@id":"https:\/\/www.cde.ual.es\/#website"},"primaryImageOfPage":{"@id":"https:\/\/www.cde.ual.es\/en\/european-centre-for-the-development-of-vocational-training-cedefop\/#primaryimage"},"image":{"@id":"https:\/\/www.cde.ual.es\/en\/european-centre-for-the-development-of-vocational-training-cedefop\/#primaryimage"},"thumbnailUrl":"https:\/\/www.cde.ual.es\/wp-content\/uploads\/2022\/07\/logo_en_cedefop.png","datePublished":"2018-07-21T16:01:44+00:00","dateModified":"2022-07-27T13:03:26+00:00","breadcrumb":{"@id":"https:\/\/www.cde.ual.es\/en\/european-centre-for-the-development-of-vocational-training-cedefop\/#breadcrumb"},"inLanguage":"en-US","potentialAction":[{"@type":"ReadAction","target":["https:\/\/www.cde.ual.es\/en\/european-centre-for-the-development-of-vocational-training-cedefop\/"]}]},{"@type":"ImageObject","inLanguage":"en-US","@id":"https:\/\/www.cde.ual.es\/en\/european-centre-for-the-development-of-vocational-training-cedefop\/#primaryimage","url":"https:\/\/www.cde.ual.es\/wp-content\/uploads\/2022\/07\/logo_en_cedefop.png","contentUrl":"https:\/\/www.cde.ual.es\/wp-content\/uploads\/2022\/07\/logo_en_cedefop.png","width":444,"height":148},{"@type":"BreadcrumbList","@id":"https:\/\/www.cde.ual.es\/en\/european-centre-for-the-development-of-vocational-training-cedefop\/#breadcrumb","itemListElement":[{"@type":"ListItem","position":1,"name":"Inicio","item":"https:\/\/www.cde.ual.es\/en\/"},{"@type":"ListItem","position":2,"name":"Institutions","item":"https:\/\/www.cde.ual.es\/en\/category\/institutions\/"},{"@type":"ListItem","position":3,"name":"European Centre for the Development of Vocational Training"}]},{"@type":"WebSite","@id":"https:\/\/www.cde.ual.es\/#website","url":"https:\/\/www.cde.ual.es\/","name":"CDE Almer\u00eda - Centro de Documentaci\u00f3n Europea - Universidad de Almer\u00eda","description":"Centro de Documentaci\u00f3n Europea de la Universidad de Almer\u00eda","publisher":{"@id":"https:\/\/www.cde.ual.es\/#organization"},"alternateName":"CDE Almer\u00eda","potentialAction":[{"@type":"SearchAction","target":{"@type":"EntryPoint","urlTemplate":"https:\/\/www.cde.ual.es\/?s={search_term_string}"},"query-input":{"@type":"PropertyValueSpecification","valueRequired":true,"valueName":"search_term_string"}}],"inLanguage":"en-US"},{"@type":"Organization","@id":"https:\/\/www.cde.ual.es\/#organization","name":"Centro de Documentaci\u00f3n Europea de Almer\u00eda","url":"https:\/\/www.cde.ual.es\/","logo":{"@type":"ImageObject","inLanguage":"en-US","@id":"https:\/\/www.cde.ual.es\/#\/schema\/logo\/image\/","url":"https:\/\/www.cde.ual.es\/wp-content\/uploads\/2025\/07\/cde-logo-3.png","contentUrl":"https:\/\/www.cde.ual.es\/wp-content\/uploads\/2025\/07\/cde-logo-3.png","width":1400,"height":300,"caption":"Centro de Documentaci\u00f3n Europea de Almer\u00eda"},"image":{"@id":"https:\/\/www.cde.ual.es\/#\/schema\/logo\/image\/"},"sameAs":["https:\/\/www.facebook.com\/cdeuniversidadalmeria\/","https:\/\/x.com\/cdeualmeria","https:\/\/www.tiktok.com\/@cdealmeria","https:\/\/www.instagram.com\/cdealmeria\/","https:\/\/www.linkedin.com\/in\/cde-almera-812b26a9\/"]},{"@type":"Person","@id":"https:\/\/www.cde.ual.es\/#\/schema\/person\/ee46ebc19edfa19598c02cff83335acc","name":"BECA 2 CDE","image":{"@type":"ImageObject","inLanguage":"en-US","@id":"https:\/\/secure.gravatar.com\/avatar\/35a481bbc04bbd90e91bdfa3b0b5541036c222a49b9ad37b6889a2afcb5311a5?s=96&d=mm&r=g","url":"https:\/\/secure.gravatar.com\/avatar\/35a481bbc04bbd90e91bdfa3b0b5541036c222a49b9ad37b6889a2afcb5311a5?s=96&d=mm&r=g","contentUrl":"https:\/\/secure.gravatar.com\/avatar\/35a481bbc04bbd90e91bdfa3b0b5541036c222a49b9ad37b6889a2afcb5311a5?s=96&d=mm&r=g","caption":"BECA 2 CDE"},"sameAs":["http:\/\/www.cdealmeria.com"]}]}},"_links":{"self":[{"href":"https:\/\/www.cde.ual.es\/en\/wp-json\/wp\/v2\/posts\/115087","targetHints":{"allow":["GET"]}}],"collection":[{"href":"https:\/\/www.cde.ual.es\/en\/wp-json\/wp\/v2\/posts"}],"about":[{"href":"https:\/\/www.cde.ual.es\/en\/wp-json\/wp\/v2\/types\/post"}],"author":[{"embeddable":true,"href":"https:\/\/www.cde.ual.es\/en\/wp-json\/wp\/v2\/users\/101011"}],"replies":[{"embeddable":true,"href":"https:\/\/www.cde.ual.es\/en\/wp-json\/wp\/v2\/comments?post=115087"}],"version-history":[{"count":5,"href":"https:\/\/www.cde.ual.es\/en\/wp-json\/wp\/v2\/posts\/115087\/revisions"}],"predecessor-version":[{"id":116240,"href":"https:\/\/www.cde.ual.es\/en\/wp-json\/wp\/v2\/posts\/115087\/revisions\/116240"}],"wp:featuredmedia":[{"embeddable":true,"href":"https:\/\/www.cde.ual.es\/en\/wp-json\/wp\/v2\/media\/115085"}],"wp:attachment":[{"href":"https:\/\/www.cde.ual.es\/en\/wp-json\/wp\/v2\/media?parent=115087"}],"wp:term":[{"taxonomy":"category","embeddable":true,"href":"https:\/\/www.cde.ual.es\/en\/wp-json\/wp\/v2\/categories?post=115087"},{"taxonomy":"post_tag","embeddable":true,"href":"https:\/\/www.cde.ual.es\/en\/wp-json\/wp\/v2\/tags?post=115087"}],"curies":[{"name":"wp","href":"https:\/\/api.w.org\/{rel}","templated":true}]}}