{"id":114419,"date":"2022-07-18T14:00:29","date_gmt":"2022-07-18T12:00:29","guid":{"rendered":"https:\/\/www.cde.ual.es\/?p=114419"},"modified":"2022-07-27T14:58:38","modified_gmt":"2022-07-27T12:58:38","slug":"european-labour-authority-ela","status":"publish","type":"post","link":"https:\/\/www.cde.ual.es\/en\/european-labour-authority-ela\/","title":{"rendered":"European Labour Authority"},"content":{"rendered":"<h3><\/h3>\n<h3><a href=\"https:\/\/www.cde.ual.es\/wp-content\/uploads\/2022\/07\/2020-ELA-Logo-Colour-RGB.jpg\"><img decoding=\"async\" class=\" wp-image-114383 aligncenter\" src=\"https:\/\/www.cde.ual.es\/wp-content\/uploads\/2022\/07\/2020-ELA-Logo-Colour-RGB.jpg\" alt=\"\" width=\"531\" height=\"300\" srcset=\"https:\/\/www.cde.ual.es\/wp-content\/uploads\/2022\/07\/2020-ELA-Logo-Colour-RGB.jpg 991w, https:\/\/www.cde.ual.es\/wp-content\/uploads\/2022\/07\/2020-ELA-Logo-Colour-RGB-300x170.jpg 300w, https:\/\/www.cde.ual.es\/wp-content\/uploads\/2022\/07\/2020-ELA-Logo-Colour-RGB-768x435.jpg 768w\" sizes=\"(max-width: 531px) 100vw, 531px\" \/><\/a><\/h3>\n<h3>Access to the official webpage and the social networks<\/h3>\n<table style=\"border-collapse: collapse; width: 100%;\">\n<tbody>\n<tr>\n<td style=\"width: 20%;\"><a href=\"https:\/\/www.ela.europa.eu\/es\" rel=\"noopener\"><img decoding=\"async\" class=\"aligncenter wp-image-79114\" src=\"https:\/\/www.cde.ual.es\/wp-content\/uploads\/2020\/01\/9e5a4a16e78a187fc3e47fc6e2c5f03a-trazo-de-icono-de-sitio-web-de-internet.png\" alt=\"\" width=\"100\" height=\"100\" srcset=\"https:\/\/www.cde.ual.es\/wp-content\/uploads\/2020\/01\/9e5a4a16e78a187fc3e47fc6e2c5f03a-trazo-de-icono-de-sitio-web-de-internet.png 512w, https:\/\/www.cde.ual.es\/wp-content\/uploads\/2020\/01\/9e5a4a16e78a187fc3e47fc6e2c5f03a-trazo-de-icono-de-sitio-web-de-internet-300x300.png 300w, https:\/\/www.cde.ual.es\/wp-content\/uploads\/2020\/01\/9e5a4a16e78a187fc3e47fc6e2c5f03a-trazo-de-icono-de-sitio-web-de-internet-150x150.png 150w\" sizes=\"(max-width: 100px) 100vw, 100px\" \/><\/a><\/td>\n<td style=\"width: 20%;\"><a href=\"https:\/\/twitter.com\/EU_ELA\" rel=\"noopener\"><img decoding=\"async\" class=\"aligncenter wp-image-79096\" src=\"https:\/\/www.cde.ual.es\/wp-content\/uploads\/2020\/01\/580b57fcd9996e24bc43c53e.png\" alt=\"\" width=\"180\" height=\"180\" srcset=\"https:\/\/www.cde.ual.es\/wp-content\/uploads\/2020\/01\/580b57fcd9996e24bc43c53e.png 1687w, https:\/\/www.cde.ual.es\/wp-content\/uploads\/2020\/01\/580b57fcd9996e24bc43c53e-300x300.png 300w, https:\/\/www.cde.ual.es\/wp-content\/uploads\/2020\/01\/580b57fcd9996e24bc43c53e-1024x1024.png 1024w, https:\/\/www.cde.ual.es\/wp-content\/uploads\/2020\/01\/580b57fcd9996e24bc43c53e-150x150.png 150w, https:\/\/www.cde.ual.es\/wp-content\/uploads\/2020\/01\/580b57fcd9996e24bc43c53e-768x768.png 768w, https:\/\/www.cde.ual.es\/wp-content\/uploads\/2020\/01\/580b57fcd9996e24bc43c53e-1536x1536.png 1536w\" sizes=\"(max-width: 180px) 100vw, 180px\" \/><\/a><\/td>\n<td style=\"width: 20%;\"><a href=\"https:\/\/www.facebook.com\/europeanlabourauthority\" rel=\"noopener\"><img decoding=\"async\" class=\"aligncenter wp-image-79101\" src=\"https:\/\/www.cde.ual.es\/wp-content\/uploads\/2021\/09\/1365px-Facebook_f_logo_2019.svg_.png\" alt=\"\" width=\"90\" height=\"90\" srcset=\"https:\/\/www.cde.ual.es\/wp-content\/uploads\/2021\/09\/1365px-Facebook_f_logo_2019.svg_.png 1365w, https:\/\/www.cde.ual.es\/wp-content\/uploads\/2021\/09\/1365px-Facebook_f_logo_2019.svg_-300x300.png 300w, https:\/\/www.cde.ual.es\/wp-content\/uploads\/2021\/09\/1365px-Facebook_f_logo_2019.svg_-1024x1024.png 1024w, https:\/\/www.cde.ual.es\/wp-content\/uploads\/2021\/09\/1365px-Facebook_f_logo_2019.svg_-150x150.png 150w, https:\/\/www.cde.ual.es\/wp-content\/uploads\/2021\/09\/1365px-Facebook_f_logo_2019.svg_-768x768.png 768w\" sizes=\"(max-width: 90px) 100vw, 90px\" \/><\/a><\/td>\n<td style=\"width: 20%;\"><a href=\"https:\/\/www.linkedin.com\/company\/european-labour-authority\/\" rel=\"noopener\"><img decoding=\"async\" class=\"aligncenter wp-image-114338\" src=\"https:\/\/www.cde.ual.es\/wp-content\/uploads\/2022\/07\/174857.png\" alt=\"\" width=\"80\" height=\"80\" srcset=\"https:\/\/www.cde.ual.es\/wp-content\/uploads\/2022\/07\/174857.png 512w, https:\/\/www.cde.ual.es\/wp-content\/uploads\/2022\/07\/174857-300x300.png 300w, https:\/\/www.cde.ual.es\/wp-content\/uploads\/2022\/07\/174857-150x150.png 150w, https:\/\/www.cde.ual.es\/wp-content\/uploads\/2022\/07\/174857-120x120.png 120w\" sizes=\"(max-width: 80px) 100vw, 80px\" \/><\/a><\/td>\n<td style=\"width: 20%;\"><a href=\"https:\/\/www.youtube.com\/watch?v=J4ZOxIMQoBA&amp;list=UU2VLQeRU2FQZxa43B9wQ10Q\" rel=\"noopener\"><img decoding=\"async\" class=\"aligncenter wp-image-79109\" src=\"https:\/\/www.cde.ual.es\/wp-content\/uploads\/2021\/09\/YouTube-logo.png\" alt=\"\" width=\"200\" height=\"113\" srcset=\"https:\/\/www.cde.ual.es\/wp-content\/uploads\/2021\/09\/YouTube-logo.png 3840w, https:\/\/www.cde.ual.es\/wp-content\/uploads\/2021\/09\/YouTube-logo-300x169.png 300w, https:\/\/www.cde.ual.es\/wp-content\/uploads\/2021\/09\/YouTube-logo-1024x576.png 1024w, https:\/\/www.cde.ual.es\/wp-content\/uploads\/2021\/09\/YouTube-logo-768x432.png 768w, https:\/\/www.cde.ual.es\/wp-content\/uploads\/2021\/09\/YouTube-logo-1280x720.png 1280w, https:\/\/www.cde.ual.es\/wp-content\/uploads\/2021\/09\/YouTube-logo-1536x864.png 1536w, https:\/\/www.cde.ual.es\/wp-content\/uploads\/2021\/09\/YouTube-logo-2048x1152.png 2048w\" sizes=\"(max-width: 200px) 100vw, 200px\" \/><\/a><\/td>\n<\/tr>\n<\/tbody>\n<\/table>\n<h3><\/h3>\n<ul>\n<li>Role: The European Labour Authority helps improve cooperation between EU countries, coordinates joint inspections, carries out analyses and risk assessments on cross-border labour mobility issues and mediates disputes between EU countries<\/li>\n<li>Executive Director: Cosmin Boiangiu<\/li>\n<li>Established in: 2019<\/li>\n<li>Number of staff: 144 by 2024<\/li>\n<li>Website: ELA<\/li>\n<\/ul>\n<h3>What does it do?<\/h3>\n<p>The ELA promotes agile and efficient work, which helps finding solutions to the challenges faced in the areas covered by the Regulation. The ELA:<\/p>\n<ul>\n<li>helps ensure that EU rules on labour mobility and social security coordination are enforced in a fair, simple and effective way<\/li>\n<li>makes it easier for individuals and businesses to reap the benefits of the single market<\/li>\n<li>helps national authorities cooperate so that the rules are enforced effectively.<\/li>\n<\/ul>\n<p>The ELA was established on 31 July 2019. It is expected to be fully operational by 2024.<\/p>\n<h3>Who benefits?<\/h3>\n<ul>\n<li>Individuals<\/li>\n<li>Businesses<\/li>\n<li>European, regional &amp; national organisations<\/li>\n<\/ul>\n","protected":false},"excerpt":{"rendered":"<p>Access to the official webpage and the social networks Role: The European Labour Authority helps improve cooperation between EU countries, coordinates joint inspections, carries out analyses and risk assessments on cross-border labour mobility issues and mediates disputes between EU countries Executive Director: Cosmin Boiangiu Established in: 2019 Number of staff: 144 by 2024 Website: ELA [&hellip;]<\/p>\n","protected":false},"author":101011,"featured_media":114384,"comment_status":"open","ping_status":"open","sticky":false,"template":"","format":"standard","meta":{"_acf_changed":false,"_relevanssi_hide_post":"","_relevanssi_hide_content":"","_relevanssi_pin_for_all":"","_relevanssi_pin_keywords":"","_relevanssi_unpin_keywords":"","_relevanssi_related_keywords":"","_relevanssi_related_include_ids":"","_relevanssi_related_exclude_ids":"","_relevanssi_related_no_append":"","_relevanssi_related_not_related":"","_relevanssi_related_posts":"","_relevanssi_noindex_reason":"","_monsterinsights_skip_tracking":false,"_monsterinsights_sitenote_active":false,"_monsterinsights_sitenote_note":"","_monsterinsights_sitenote_category":0,"_genesis_hide_title":false,"_genesis_hide_breadcrumbs":false,"_genesis_hide_singular_image":false,"_genesis_hide_footer_widgets":false,"_genesis_custom_body_class":"","_genesis_custom_post_class":"","_genesis_layout":"","footnotes":""},"categories":[4407],"tags":[2991,6761,6760,5068],"class_list":{"0":"post-114419","1":"post","2":"type-post","3":"status-publish","4":"format-standard","5":"has-post-thumbnail","7":"category-institutions","8":"tag-agency","9":"tag-empleyment","10":"tag-european-labour-authority","11":"tag-labour","12":"entry"},"acf":[],"yoast_head":"<!-- This site is optimized with the Yoast SEO plugin v27.4 - https:\/\/yoast.com\/product\/yoast-seo-wordpress\/ -->\n<title>European Labour Authority | CDE Almer\u00eda - Centro de Documentaci\u00f3n Europea - Universidad de Almer\u00eda<\/title>\n<meta name=\"robots\" content=\"index, follow, max-snippet:-1, max-image-preview:large, max-video-preview:-1\" \/>\n<link rel=\"canonical\" href=\"https:\/\/www.cde.ual.es\/en\/european-labour-authority-ela\/\" \/>\n<meta property=\"og:locale\" content=\"en_US\" \/>\n<meta property=\"og:type\" content=\"article\" \/>\n<meta property=\"og:title\" content=\"European Labour Authority | CDE Almer\u00eda - Centro de Documentaci\u00f3n Europea - Universidad de Almer\u00eda\" \/>\n<meta property=\"og:description\" content=\"Access to the official webpage and the social networks Role: The European Labour Authority helps improve cooperation between EU countries, coordinates joint inspections, carries out analyses and risk assessments on cross-border labour mobility issues and mediates disputes between EU countries Executive Director: Cosmin Boiangiu Established in: 2019 Number of staff: 144 by 2024 Website: ELA [&hellip;]\" \/>\n<meta property=\"og:url\" content=\"https:\/\/www.cde.ual.es\/en\/european-labour-authority-ela\/\" \/>\n<meta property=\"og:site_name\" content=\"CDE Almer\u00eda - Centro de Documentaci\u00f3n Europea - Universidad de Almer\u00eda\" \/>\n<meta property=\"article:publisher\" content=\"https:\/\/www.facebook.com\/cdeuniversidadalmeria\/\" \/>\n<meta property=\"article:published_time\" content=\"2022-07-18T12:00:29+00:00\" \/>\n<meta property=\"article:modified_time\" content=\"2022-07-27T12:58:38+00:00\" \/>\n<meta property=\"og:image\" content=\"https:\/\/www.cde.ual.es\/wp-content\/uploads\/2022\/07\/2020-ELA-Logo-Colour-RGB.jpg\" \/>\n\t<meta property=\"og:image:width\" content=\"991\" \/>\n\t<meta property=\"og:image:height\" content=\"561\" \/>\n\t<meta property=\"og:image:type\" content=\"image\/jpeg\" \/>\n<meta name=\"author\" content=\"BECA 2 CDE\" \/>\n<meta name=\"twitter:card\" content=\"summary_large_image\" \/>\n<meta name=\"twitter:creator\" content=\"@cdeualmeria\" \/>\n<meta name=\"twitter:site\" content=\"@cdeualmeria\" \/>\n<meta name=\"twitter:label1\" content=\"Written by\" \/>\n\t<meta name=\"twitter:data1\" content=\"BECA 2 CDE\" \/>\n\t<meta name=\"twitter:label2\" content=\"Est. reading time\" \/>\n\t<meta name=\"twitter:data2\" content=\"2 minutes\" \/>\n<script type=\"application\/ld+json\" class=\"yoast-schema-graph\">{\"@context\":\"https:\\\/\\\/schema.org\",\"@graph\":[{\"@type\":\"Article\",\"@id\":\"https:\\\/\\\/www.cde.ual.es\\\/en\\\/european-labour-authority-ela\\\/#article\",\"isPartOf\":{\"@id\":\"https:\\\/\\\/www.cde.ual.es\\\/en\\\/european-labour-authority-ela\\\/\"},\"author\":{\"name\":\"BECA 2 CDE\",\"@id\":\"https:\\\/\\\/www.cde.ual.es\\\/#\\\/schema\\\/person\\\/ee46ebc19edfa19598c02cff83335acc\"},\"headline\":\"European Labour Authority\",\"datePublished\":\"2022-07-18T12:00:29+00:00\",\"dateModified\":\"2022-07-27T12:58:38+00:00\",\"mainEntityOfPage\":{\"@id\":\"https:\\\/\\\/www.cde.ual.es\\\/en\\\/european-labour-authority-ela\\\/\"},\"wordCount\":153,\"commentCount\":0,\"publisher\":{\"@id\":\"https:\\\/\\\/www.cde.ual.es\\\/#organization\"},\"image\":{\"@id\":\"https:\\\/\\\/www.cde.ual.es\\\/en\\\/european-labour-authority-ela\\\/#primaryimage\"},\"thumbnailUrl\":\"https:\\\/\\\/www.cde.ual.es\\\/wp-content\\\/uploads\\\/2022\\\/07\\\/2020-ELA-Logo-Colour-RGB.jpg\",\"keywords\":[\"agency\",\"empleyment\",\"European Labour Authority\",\"labour\"],\"articleSection\":[\"Institutions\"],\"inLanguage\":\"en-US\",\"potentialAction\":[{\"@type\":\"CommentAction\",\"name\":\"Comment\",\"target\":[\"https:\\\/\\\/www.cde.ual.es\\\/en\\\/european-labour-authority-ela\\\/#respond\"]}]},{\"@type\":\"WebPage\",\"@id\":\"https:\\\/\\\/www.cde.ual.es\\\/en\\\/european-labour-authority-ela\\\/\",\"url\":\"https:\\\/\\\/www.cde.ual.es\\\/en\\\/european-labour-authority-ela\\\/\",\"name\":\"European Labour Authority | CDE Almer\u00eda - Centro de Documentaci\u00f3n Europea - Universidad de Almer\u00eda\",\"isPartOf\":{\"@id\":\"https:\\\/\\\/www.cde.ual.es\\\/#website\"},\"primaryImageOfPage\":{\"@id\":\"https:\\\/\\\/www.cde.ual.es\\\/en\\\/european-labour-authority-ela\\\/#primaryimage\"},\"image\":{\"@id\":\"https:\\\/\\\/www.cde.ual.es\\\/en\\\/european-labour-authority-ela\\\/#primaryimage\"},\"thumbnailUrl\":\"https:\\\/\\\/www.cde.ual.es\\\/wp-content\\\/uploads\\\/2022\\\/07\\\/2020-ELA-Logo-Colour-RGB.jpg\",\"datePublished\":\"2022-07-18T12:00:29+00:00\",\"dateModified\":\"2022-07-27T12:58:38+00:00\",\"breadcrumb\":{\"@id\":\"https:\\\/\\\/www.cde.ual.es\\\/en\\\/european-labour-authority-ela\\\/#breadcrumb\"},\"inLanguage\":\"en-US\",\"potentialAction\":[{\"@type\":\"ReadAction\",\"target\":[\"https:\\\/\\\/www.cde.ual.es\\\/en\\\/european-labour-authority-ela\\\/\"]}]},{\"@type\":\"ImageObject\",\"inLanguage\":\"en-US\",\"@id\":\"https:\\\/\\\/www.cde.ual.es\\\/en\\\/european-labour-authority-ela\\\/#primaryimage\",\"url\":\"https:\\\/\\\/www.cde.ual.es\\\/wp-content\\\/uploads\\\/2022\\\/07\\\/2020-ELA-Logo-Colour-RGB.jpg\",\"contentUrl\":\"https:\\\/\\\/www.cde.ual.es\\\/wp-content\\\/uploads\\\/2022\\\/07\\\/2020-ELA-Logo-Colour-RGB.jpg\",\"width\":991,\"height\":561},{\"@type\":\"BreadcrumbList\",\"@id\":\"https:\\\/\\\/www.cde.ual.es\\\/en\\\/european-labour-authority-ela\\\/#breadcrumb\",\"itemListElement\":[{\"@type\":\"ListItem\",\"position\":1,\"name\":\"Inicio\",\"item\":\"https:\\\/\\\/www.cde.ual.es\\\/en\\\/\"},{\"@type\":\"ListItem\",\"position\":2,\"name\":\"Institutions\",\"item\":\"https:\\\/\\\/www.cde.ual.es\\\/en\\\/category\\\/institutions\\\/\"},{\"@type\":\"ListItem\",\"position\":3,\"name\":\"European Labour Authority\"}]},{\"@type\":\"WebSite\",\"@id\":\"https:\\\/\\\/www.cde.ual.es\\\/#website\",\"url\":\"https:\\\/\\\/www.cde.ual.es\\\/\",\"name\":\"CDE Almer\u00eda - Centro de Documentaci\u00f3n Europea - Universidad de Almer\u00eda\",\"description\":\"Centro de Documentaci\u00f3n Europea de la Universidad de Almer\u00eda\",\"publisher\":{\"@id\":\"https:\\\/\\\/www.cde.ual.es\\\/#organization\"},\"alternateName\":\"CDE Almer\u00eda\",\"potentialAction\":[{\"@type\":\"SearchAction\",\"target\":{\"@type\":\"EntryPoint\",\"urlTemplate\":\"https:\\\/\\\/www.cde.ual.es\\\/?s={search_term_string}\"},\"query-input\":{\"@type\":\"PropertyValueSpecification\",\"valueRequired\":true,\"valueName\":\"search_term_string\"}}],\"inLanguage\":\"en-US\"},{\"@type\":\"Organization\",\"@id\":\"https:\\\/\\\/www.cde.ual.es\\\/#organization\",\"name\":\"Centro de Documentaci\u00f3n Europea de Almer\u00eda\",\"url\":\"https:\\\/\\\/www.cde.ual.es\\\/\",\"logo\":{\"@type\":\"ImageObject\",\"inLanguage\":\"en-US\",\"@id\":\"https:\\\/\\\/www.cde.ual.es\\\/#\\\/schema\\\/logo\\\/image\\\/\",\"url\":\"https:\\\/\\\/www.cde.ual.es\\\/wp-content\\\/uploads\\\/2025\\\/07\\\/cde-logo-3.png\",\"contentUrl\":\"https:\\\/\\\/www.cde.ual.es\\\/wp-content\\\/uploads\\\/2025\\\/07\\\/cde-logo-3.png\",\"width\":1400,\"height\":300,\"caption\":\"Centro de Documentaci\u00f3n Europea de Almer\u00eda\"},\"image\":{\"@id\":\"https:\\\/\\\/www.cde.ual.es\\\/#\\\/schema\\\/logo\\\/image\\\/\"},\"sameAs\":[\"https:\\\/\\\/www.facebook.com\\\/cdeuniversidadalmeria\\\/\",\"https:\\\/\\\/x.com\\\/cdeualmeria\",\"https:\\\/\\\/www.tiktok.com\\\/@cdealmeria\",\"https:\\\/\\\/www.instagram.com\\\/cdealmeria\\\/\",\"https:\\\/\\\/www.linkedin.com\\\/in\\\/cde-almera-812b26a9\\\/\"]},{\"@type\":\"Person\",\"@id\":\"https:\\\/\\\/www.cde.ual.es\\\/#\\\/schema\\\/person\\\/ee46ebc19edfa19598c02cff83335acc\",\"name\":\"BECA 2 CDE\",\"image\":{\"@type\":\"ImageObject\",\"inLanguage\":\"en-US\",\"@id\":\"https:\\\/\\\/secure.gravatar.com\\\/avatar\\\/35a481bbc04bbd90e91bdfa3b0b5541036c222a49b9ad37b6889a2afcb5311a5?s=96&d=mm&r=g\",\"url\":\"https:\\\/\\\/secure.gravatar.com\\\/avatar\\\/35a481bbc04bbd90e91bdfa3b0b5541036c222a49b9ad37b6889a2afcb5311a5?s=96&d=mm&r=g\",\"contentUrl\":\"https:\\\/\\\/secure.gravatar.com\\\/avatar\\\/35a481bbc04bbd90e91bdfa3b0b5541036c222a49b9ad37b6889a2afcb5311a5?s=96&d=mm&r=g\",\"caption\":\"BECA 2 CDE\"},\"sameAs\":[\"http:\\\/\\\/www.cdealmeria.com\"]}]}<\/script>\n<!-- \/ Yoast SEO plugin. -->","yoast_head_json":{"title":"European Labour Authority | CDE Almer\u00eda - Centro de Documentaci\u00f3n Europea - Universidad de Almer\u00eda","robots":{"index":"index","follow":"follow","max-snippet":"max-snippet:-1","max-image-preview":"max-image-preview:large","max-video-preview":"max-video-preview:-1"},"canonical":"https:\/\/www.cde.ual.es\/en\/european-labour-authority-ela\/","og_locale":"en_US","og_type":"article","og_title":"European Labour Authority | CDE Almer\u00eda - Centro de Documentaci\u00f3n Europea - Universidad de Almer\u00eda","og_description":"Access to the official webpage and the social networks Role: The European Labour Authority helps improve cooperation between EU countries, coordinates joint inspections, carries out analyses and risk assessments on cross-border labour mobility issues and mediates disputes between EU countries Executive Director: Cosmin Boiangiu Established in: 2019 Number of staff: 144 by 2024 Website: ELA [&hellip;]","og_url":"https:\/\/www.cde.ual.es\/en\/european-labour-authority-ela\/","og_site_name":"CDE Almer\u00eda - Centro de Documentaci\u00f3n Europea - Universidad de Almer\u00eda","article_publisher":"https:\/\/www.facebook.com\/cdeuniversidadalmeria\/","article_published_time":"2022-07-18T12:00:29+00:00","article_modified_time":"2022-07-27T12:58:38+00:00","og_image":[{"width":991,"height":561,"url":"https:\/\/www.cde.ual.es\/wp-content\/uploads\/2022\/07\/2020-ELA-Logo-Colour-RGB.jpg","type":"image\/jpeg"}],"author":"BECA 2 CDE","twitter_card":"summary_large_image","twitter_creator":"@cdeualmeria","twitter_site":"@cdeualmeria","twitter_misc":{"Written by":"BECA 2 CDE","Est. reading time":"2 minutes"},"schema":{"@context":"https:\/\/schema.org","@graph":[{"@type":"Article","@id":"https:\/\/www.cde.ual.es\/en\/european-labour-authority-ela\/#article","isPartOf":{"@id":"https:\/\/www.cde.ual.es\/en\/european-labour-authority-ela\/"},"author":{"name":"BECA 2 CDE","@id":"https:\/\/www.cde.ual.es\/#\/schema\/person\/ee46ebc19edfa19598c02cff83335acc"},"headline":"European Labour Authority","datePublished":"2022-07-18T12:00:29+00:00","dateModified":"2022-07-27T12:58:38+00:00","mainEntityOfPage":{"@id":"https:\/\/www.cde.ual.es\/en\/european-labour-authority-ela\/"},"wordCount":153,"commentCount":0,"publisher":{"@id":"https:\/\/www.cde.ual.es\/#organization"},"image":{"@id":"https:\/\/www.cde.ual.es\/en\/european-labour-authority-ela\/#primaryimage"},"thumbnailUrl":"https:\/\/www.cde.ual.es\/wp-content\/uploads\/2022\/07\/2020-ELA-Logo-Colour-RGB.jpg","keywords":["agency","empleyment","European Labour Authority","labour"],"articleSection":["Institutions"],"inLanguage":"en-US","potentialAction":[{"@type":"CommentAction","name":"Comment","target":["https:\/\/www.cde.ual.es\/en\/european-labour-authority-ela\/#respond"]}]},{"@type":"WebPage","@id":"https:\/\/www.cde.ual.es\/en\/european-labour-authority-ela\/","url":"https:\/\/www.cde.ual.es\/en\/european-labour-authority-ela\/","name":"European Labour Authority | CDE Almer\u00eda - Centro de Documentaci\u00f3n Europea - Universidad de Almer\u00eda","isPartOf":{"@id":"https:\/\/www.cde.ual.es\/#website"},"primaryImageOfPage":{"@id":"https:\/\/www.cde.ual.es\/en\/european-labour-authority-ela\/#primaryimage"},"image":{"@id":"https:\/\/www.cde.ual.es\/en\/european-labour-authority-ela\/#primaryimage"},"thumbnailUrl":"https:\/\/www.cde.ual.es\/wp-content\/uploads\/2022\/07\/2020-ELA-Logo-Colour-RGB.jpg","datePublished":"2022-07-18T12:00:29+00:00","dateModified":"2022-07-27T12:58:38+00:00","breadcrumb":{"@id":"https:\/\/www.cde.ual.es\/en\/european-labour-authority-ela\/#breadcrumb"},"inLanguage":"en-US","potentialAction":[{"@type":"ReadAction","target":["https:\/\/www.cde.ual.es\/en\/european-labour-authority-ela\/"]}]},{"@type":"ImageObject","inLanguage":"en-US","@id":"https:\/\/www.cde.ual.es\/en\/european-labour-authority-ela\/#primaryimage","url":"https:\/\/www.cde.ual.es\/wp-content\/uploads\/2022\/07\/2020-ELA-Logo-Colour-RGB.jpg","contentUrl":"https:\/\/www.cde.ual.es\/wp-content\/uploads\/2022\/07\/2020-ELA-Logo-Colour-RGB.jpg","width":991,"height":561},{"@type":"BreadcrumbList","@id":"https:\/\/www.cde.ual.es\/en\/european-labour-authority-ela\/#breadcrumb","itemListElement":[{"@type":"ListItem","position":1,"name":"Inicio","item":"https:\/\/www.cde.ual.es\/en\/"},{"@type":"ListItem","position":2,"name":"Institutions","item":"https:\/\/www.cde.ual.es\/en\/category\/institutions\/"},{"@type":"ListItem","position":3,"name":"European Labour Authority"}]},{"@type":"WebSite","@id":"https:\/\/www.cde.ual.es\/#website","url":"https:\/\/www.cde.ual.es\/","name":"CDE Almer\u00eda - Centro de Documentaci\u00f3n Europea - Universidad de Almer\u00eda","description":"Centro de Documentaci\u00f3n Europea de la Universidad de Almer\u00eda","publisher":{"@id":"https:\/\/www.cde.ual.es\/#organization"},"alternateName":"CDE Almer\u00eda","potentialAction":[{"@type":"SearchAction","target":{"@type":"EntryPoint","urlTemplate":"https:\/\/www.cde.ual.es\/?s={search_term_string}"},"query-input":{"@type":"PropertyValueSpecification","valueRequired":true,"valueName":"search_term_string"}}],"inLanguage":"en-US"},{"@type":"Organization","@id":"https:\/\/www.cde.ual.es\/#organization","name":"Centro de Documentaci\u00f3n Europea de Almer\u00eda","url":"https:\/\/www.cde.ual.es\/","logo":{"@type":"ImageObject","inLanguage":"en-US","@id":"https:\/\/www.cde.ual.es\/#\/schema\/logo\/image\/","url":"https:\/\/www.cde.ual.es\/wp-content\/uploads\/2025\/07\/cde-logo-3.png","contentUrl":"https:\/\/www.cde.ual.es\/wp-content\/uploads\/2025\/07\/cde-logo-3.png","width":1400,"height":300,"caption":"Centro de Documentaci\u00f3n Europea de Almer\u00eda"},"image":{"@id":"https:\/\/www.cde.ual.es\/#\/schema\/logo\/image\/"},"sameAs":["https:\/\/www.facebook.com\/cdeuniversidadalmeria\/","https:\/\/x.com\/cdeualmeria","https:\/\/www.tiktok.com\/@cdealmeria","https:\/\/www.instagram.com\/cdealmeria\/","https:\/\/www.linkedin.com\/in\/cde-almera-812b26a9\/"]},{"@type":"Person","@id":"https:\/\/www.cde.ual.es\/#\/schema\/person\/ee46ebc19edfa19598c02cff83335acc","name":"BECA 2 CDE","image":{"@type":"ImageObject","inLanguage":"en-US","@id":"https:\/\/secure.gravatar.com\/avatar\/35a481bbc04bbd90e91bdfa3b0b5541036c222a49b9ad37b6889a2afcb5311a5?s=96&d=mm&r=g","url":"https:\/\/secure.gravatar.com\/avatar\/35a481bbc04bbd90e91bdfa3b0b5541036c222a49b9ad37b6889a2afcb5311a5?s=96&d=mm&r=g","contentUrl":"https:\/\/secure.gravatar.com\/avatar\/35a481bbc04bbd90e91bdfa3b0b5541036c222a49b9ad37b6889a2afcb5311a5?s=96&d=mm&r=g","caption":"BECA 2 CDE"},"sameAs":["http:\/\/www.cdealmeria.com"]}]}},"_links":{"self":[{"href":"https:\/\/www.cde.ual.es\/en\/wp-json\/wp\/v2\/posts\/114419","targetHints":{"allow":["GET"]}}],"collection":[{"href":"https:\/\/www.cde.ual.es\/en\/wp-json\/wp\/v2\/posts"}],"about":[{"href":"https:\/\/www.cde.ual.es\/en\/wp-json\/wp\/v2\/types\/post"}],"author":[{"embeddable":true,"href":"https:\/\/www.cde.ual.es\/en\/wp-json\/wp\/v2\/users\/101011"}],"replies":[{"embeddable":true,"href":"https:\/\/www.cde.ual.es\/en\/wp-json\/wp\/v2\/comments?post=114419"}],"version-history":[{"count":4,"href":"https:\/\/www.cde.ual.es\/en\/wp-json\/wp\/v2\/posts\/114419\/revisions"}],"predecessor-version":[{"id":116229,"href":"https:\/\/www.cde.ual.es\/en\/wp-json\/wp\/v2\/posts\/114419\/revisions\/116229"}],"wp:featuredmedia":[{"embeddable":true,"href":"https:\/\/www.cde.ual.es\/en\/wp-json\/wp\/v2\/media\/114384"}],"wp:attachment":[{"href":"https:\/\/www.cde.ual.es\/en\/wp-json\/wp\/v2\/media?parent=114419"}],"wp:term":[{"taxonomy":"category","embeddable":true,"href":"https:\/\/www.cde.ual.es\/en\/wp-json\/wp\/v2\/categories?post=114419"},{"taxonomy":"post_tag","embeddable":true,"href":"https:\/\/www.cde.ual.es\/en\/wp-json\/wp\/v2\/tags?post=114419"}],"curies":[{"name":"wp","href":"https:\/\/api.w.org\/{rel}","templated":true}]}}