{"id":113820,"date":"2022-07-14T03:00:55","date_gmt":"2022-07-14T01:00:55","guid":{"rendered":"https:\/\/www.cde.ual.es\/?p=113820"},"modified":"2022-07-13T13:41:09","modified_gmt":"2022-07-13T11:41:09","slug":"council-adopts-conclusions-on-the-2022-macroeconomic-imbalance-procedure-ecofin-july-12-2022","status":"publish","type":"post","link":"https:\/\/www.cde.ual.es\/en\/council-adopts-conclusions-on-the-2022-macroeconomic-imbalance-procedure-ecofin-july-12-2022\/","title":{"rendered":"Council adopts conclusions on the 2022 macroeconomic imbalance procedure &#8211; Ecofin July 12, 2022"},"content":{"rendered":"<p style=\"text-align: justify;\"><strong>Following the Economic and Financial Affairs Council meeting on July 12, the Council adopted conclusions on the 2022 in-depth reviews under the macroeconomic imbalances procedure.<\/strong><\/p>\n<p><a href=\"https:\/\/www.cde.ual.es\/wp-content\/uploads\/2020\/03\/economia-1280x720-1-1024x576-1.png\"><img decoding=\"async\" class=\" wp-image-87754 aligncenter\" src=\"https:\/\/www.cde.ual.es\/wp-content\/uploads\/2020\/03\/economia-1280x720-1-1024x576-1.png\" alt=\"\" width=\"523\" height=\"294\" srcset=\"https:\/\/www.cde.ual.es\/wp-content\/uploads\/2020\/03\/economia-1280x720-1-1024x576-1.png 1024w, https:\/\/www.cde.ual.es\/wp-content\/uploads\/2020\/03\/economia-1280x720-1-1024x576-1-300x169.png 300w, https:\/\/www.cde.ual.es\/wp-content\/uploads\/2020\/03\/economia-1280x720-1-1024x576-1-768x432.png 768w\" sizes=\"(max-width: 523px) 100vw, 523px\" \/><\/a><\/p>\n<p style=\"text-align: justify;\">The Economic and Financial Affairs Council:<\/p>\n<p style=\"text-align: justify;\">Recalls that the EU economy is recovering from the COVID-19 crisis, while uncertainties remain high and rising, in particular due to the surging energy and commodity prices and other impacts from the Russian war of aggression against Ukraine. Stresses that the full and timely implementation of the Recovery and Resilience Facility via the reforms and investments scheduled in the national recovery and resilience plans is crucial, and would increase the resilience of the EU economies, enhance potential growth and reduce macroeconomic vulnerabilities.<\/p>\n<p style=\"text-align: justify;\">Underlines the importance of the continued close EU economic policy coordination, including detecting, preventing and correcting macroeconomic imbalances that hinder the proper functioning of Member State economies, the Economic and Monetary Union or the European Union economy as a whole. Welcomes the publication of the 2022 in-depth reviews in the context of the Macroeconomic Imbalance Procedure.<\/p>\n<table style=\"width: 99.9988%; border-collapse: collapse; border-style: double; border-color: #001f7d;\" cellpadding=\"0,5\">\n<tbody>\n<tr>\n<td style=\"width: 100%;\"><a href=\"https:\/\/www.cde.ual.es\/acuerdo-de-los-ministros-de-finanzas-de-la-eurozona-sobre-las-orientaciones-de-la-politica-fiscal\/\" target=\"_blank\" rel=\"noopener\"><img decoding=\"async\" class=\"alignleft\" src=\"https:\/\/www.cde.ual.es\/wp-content\/uploads\/2022\/06\/euro-3337264_1920-1024x683.jpg\" alt=\"\" width=\"201\" height=\"134\" \/><\/a><\/p>\n<h4 class=\"entry-title\"><a href=\"https:\/\/www.cde.ual.es\/acuerdo-de-los-ministros-de-finanzas-de-la-eurozona-sobre-las-orientaciones-de-la-politica-fiscal\/\" target=\"_blank\" rel=\"noopener\">Acuerdo de los ministros de finanzas de la eurozona sobre las orientaciones de la pol\u00edtica fiscal<\/a><\/h4>\n<p>&nbsp;<\/td>\n<\/tr>\n<\/tbody>\n<\/table>\n<p style=\"text-align: justify;\">Acknowledges that with the recovery during 2021, macroeconomic imbalances overall started to recede again, after a setback due to the COVID-19 crisis, yet in an environment of high uncertainty. Notes that public debt-to-GDP ratios remain elevated and largely above their pre-COVID-19 levels (despite some reduction), mostly due to the impact of the pandemic-induced recession and due to the necessary public support to cushion the impact of the shock and to sustain the economy. Take note of the heterogeneity of private debt developments across Member States. Despite private debt falling in 2021 in most Member States, it remains high and above pre-COVID-19 levels in many cases. Underlines that rising prices put pressure on real incomes, which together with tighter financing conditions and exchange rate volatility may weigh on debt servicing by corporations, households and governments, which should be more rigorously monitored going forward.<\/p>\n<p style=\"text-align: justify;\">Recognises that external positions are improving again. Current account deficits of some net-debtor countries with significant cross-border tourism sectors narrowed somewhat, but still exceed their pre-COVID-19 levels. Notes that large current account surpluses in some Member States persist despite some temporary reduction during the pandemic, potentially with cross-border relevance. Most of the large negative net international investment positions started to improve in 2021. Acknowledges that higher energy and commodities import prices are likely to affect the current account balances. Underlines the need to closely monitor wage growth and inflation developments that may raise competitiveness concerns, including within the euro area.<\/p>\n<table style=\"width: 99.9988%; border-collapse: collapse; border-style: double; border-color: #001f7d;\" cellpadding=\"0,5\">\n<tbody>\n<tr>\n<td style=\"width: 100%;\"><a href=\"https:\/\/www.cde.ual.es\/el-consejo-adopta-unas-conclusiones-sobre-la-sostenibilidad-presupuestaria-de-la-ue-12-de-julio-de-2022\/\" target=\"_blank\" rel=\"noopener\"><img decoding=\"async\" class=\"alignleft\" src=\"https:\/\/www.cde.ual.es\/wp-content\/uploads\/2022\/03\/coins-1726618_1920.jpg\" alt=\"\" width=\"201\" height=\"134\" \/><\/a><\/p>\n<h4 class=\"entry-title\"><a href=\"https:\/\/www.cde.ual.es\/el-consejo-adopta-unas-conclusiones-sobre-la-sostenibilidad-presupuestaria-de-la-ue-12-de-julio-de-2022\/\" target=\"_blank\" rel=\"noopener\">El Consejo adopta unas Conclusiones sobre la Sostenibilidad presupuestaria de la UE &#8211; Ecofin 12 de julio de 2022 fiscal<\/a><\/h4>\n<p>&nbsp;<\/td>\n<\/tr>\n<\/tbody>\n<\/table>\n<p style=\"text-align: justify;\">Takes notes of the strong growth of house prices in many Member States, with buoyant demand meeting constrained supply. Recognises that households and banks may display increased vulnerability to downward corrections of house prices, in particular in Member States combining strong signals of house price overvaluation with high and rising household indebtedness.<\/p>\n<p style=\"text-align: justify;\">Acknowledges the resilience of the banking sector during the pandemic and its aftermath, benefitting from past reforms. Recognises that sovereign bond volatility may constitute a potential short-term vulnerability, requiring close monitoring. Notes that Member States with high legacy non-performing loans continued to reduce them, sometimes substantially.<\/p>\n<p style=\"text-align: justify;\">Calls for vigilance and timely policy action, as necessary, as regards soaring inflation rates, mainly driven by the sharp increase of energy and food prices, supply disruptions as well as strong demand, to protect the most vulnerable groups in a targeted and temporary way, and to prevent the deterioration and emergence of macroeconomic imbalances. Underlines the urgency to address the ongoing challenges related to the digital and green transitions, including reducing the reliance on fossil fuels and shifting fossil fuel imports away from Russia, for strengthening the resilience of the EU economies and reducing current and future macroeconomic imbalances.<\/p>\n<table style=\"width: 99.9988%; border-collapse: collapse; border-style: double; border-color: #001f7d;\" cellpadding=\"0,5\">\n<tbody>\n<tr>\n<td style=\"width: 100%;\"><a href=\"https:\/\/www.cde.ual.es\/ficha\/infografia-quien-hace-que-en-el-semestre-europeo\/\" target=\"_blank\" rel=\"noopener\"><img decoding=\"async\" class=\"alignleft\" src=\"https:\/\/www.cde.ual.es\/wp-content\/uploads\/2022\/07\/semestre-europeo.png\" alt=\"\" width=\"125\" height=\"223\" \/><\/a><\/p>\n<h4 class=\"entry-title\"><a href=\"https:\/\/www.cde.ual.es\/ficha\/infografia-quien-hace-que-en-el-semestre-europeo\/\" target=\"_blank\" rel=\"noopener\">Infograf\u00eda &#8211; \u00bfQui\u00e9n hace qu\u00e9 en el Semestre Europeo?<\/a><\/h4>\n<p>&nbsp;<\/td>\n<\/tr>\n<\/tbody>\n<\/table>\n<p style=\"text-align: justify;\">Agrees with the Commission analysis in the 2022 in-depth reviews that Ireland and Croatia are no longer experiencing imbalances. Acknowledges that debt-to-GDP ratios have declined significantly over the years in these Member States and continue to display strong downward dynamics. Agrees that Greece, Italy, and Cyprus continue to experience excessive imbalances. Agrees that Germany, Spain, France, the Netherlands, Portugal, Romania, and Sweden continue to experience imbalances.<\/p>\n<p style=\"text-align: justify;\">Considers that the 2022 in-depth reviews present a high quality and comprehensive analysis of the country situation in each Member State under review. Notes that the Commission has applied relevant analytical tools, complemented by substantive qualitative analysis, in view of the specific challenges of each economy. Welcomes the increased importance of forward-looking analysis in the context of the current high uncertainties and the assessment of relevant policies. Underlines the continued high relevance of the assessment of cross-country spillover effects.<\/p>\n<p style=\"text-align: justify;\">Underlines that the Macroeconomic Imbalance Procedure is a central procedure within the European Semester. Calls for continued implementation of the Macroeconomic Imbalance Procedure, including the close monitoring of existing and possible emerging new imbalances, distinguishing between cyclical and structural factors, and of policy progress and needs. Stresses the importance of timely regular comprehensive multilateral reviews of macroeconomic imbalances and the need to further incorporate sensitivity analyses to consider the fast-changing and unpredictable global environment. Without prejudice to the outcome of the economic governance review, Underlines the need to resume the traditional European Semester calendar, including early publication of in-depth reviews.<\/p>\n<p style=\"text-align: justify;\">Reiterates that the Macroeconomic Imbalance Procedure should be used to its full potential and in a transparent and consistent way, ensuring Member States\u2019 ownership of the procedure, including the activation of the Excessive Imbalance Procedure where appropriate. Notes that under the present circumstances, the Commission has not deemed appropriate to launch the Excessive Imbalance Procedure. Maintains that whenever the Commission concludes that a Member State is experiencing excessive imbalances, but does not propose to the Council the opening of the Excessive Imbalance Procedure, it should explain clearly and publicly its reasons. Recalls that the Council will discuss the Macroeconomic Imbalance Procedure as part of the review of the economic governance.<\/p>\n<p style=\"text-align: justify;\"><strong>More information: <a href=\"https:\/\/www.consilium.europa.eu\/es\/press\/press-releases\/2022\/07\/12\/macroeconomic-imbalance-procedure-council-adopts-conclusions\/\">European Council\u2013 Press release<\/a><\/strong><\/p>\n","protected":false},"excerpt":{"rendered":"<p>Following the Economic and Financial Affairs Council meeting on July 12, the Council adopted conclusions on the 2022 in-depth reviews under the macroeconomic imbalances procedure. The Economic and Financial Affairs Council: Recalls that the EU economy is recovering from the COVID-19 crisis, while uncertainties remain high and rising, in particular due to the surging energy [&hellip;]<\/p>\n","protected":false},"author":101011,"featured_media":87755,"comment_status":"open","ping_status":"open","sticky":false,"template":"","format":"standard","meta":{"_acf_changed":false,"_relevanssi_hide_post":"","_relevanssi_hide_content":"","_relevanssi_pin_for_all":"","_relevanssi_pin_keywords":"","_relevanssi_unpin_keywords":"","_relevanssi_related_keywords":"","_relevanssi_related_include_ids":"","_relevanssi_related_exclude_ids":"","_relevanssi_related_no_append":"","_relevanssi_related_not_related":"","_relevanssi_related_posts":"","_relevanssi_noindex_reason":"","_monsterinsights_skip_tracking":false,"_monsterinsights_sitenote_active":false,"_monsterinsights_sitenote_note":"","_monsterinsights_sitenote_category":0,"_genesis_hide_title":false,"_genesis_hide_breadcrumbs":false,"_genesis_hide_singular_image":false,"_genesis_hide_footer_widgets":false,"_genesis_custom_body_class":"","_genesis_custom_post_class":"","_genesis_layout":"","footnotes":""},"categories":[4090,346,4088],"tags":[5109,1331,488,1488,726,1636],"class_list":{"0":"post-113820","1":"post","2":"type-post","3":"status-publish","4":"format-standard","5":"has-post-thumbnail","7":"category-economy-finance","8":"category-eu-news","9":"category-market","10":"tag-consejo-europeo-en-2","11":"tag-council","12":"tag-economy","13":"tag-european-commission","14":"tag-european-council","15":"tag-finance","16":"entry"},"acf":[],"yoast_head":"<!-- This site is optimized with the Yoast SEO plugin v27.4 - https:\/\/yoast.com\/product\/yoast-seo-wordpress\/ -->\n<title>Council adopts conclusions on the 2022 macroeconomic imbalance procedure - Ecofin July 12, 2022 | CDE Almer\u00eda - Centro de Documentaci\u00f3n Europea - Universidad de Almer\u00eda<\/title>\n<meta name=\"robots\" content=\"index, follow, max-snippet:-1, max-image-preview:large, max-video-preview:-1\" \/>\n<link rel=\"canonical\" href=\"https:\/\/www.cde.ual.es\/el-consejo-adopta-unas-conclusiones-sobre-procedimiento-de-desequilibrio-macroeconomico-ecofin-12-de-julio-de-2022\/\" \/>\n<meta property=\"og:locale\" content=\"en_US\" \/>\n<meta property=\"og:type\" content=\"article\" \/>\n<meta property=\"og:title\" content=\"Council adopts conclusions on the 2022 macroeconomic imbalance procedure - Ecofin July 12, 2022 | CDE Almer\u00eda - Centro de Documentaci\u00f3n Europea - Universidad de Almer\u00eda\" \/>\n<meta property=\"og:description\" content=\"Following the Economic and Financial Affairs Council meeting on July 12, the Council adopted conclusions on the 2022 in-depth reviews under the macroeconomic imbalances procedure. The Economic and Financial Affairs Council: Recalls that the EU economy is recovering from the COVID-19 crisis, while uncertainties remain high and rising, in particular due to the surging energy [&hellip;]\" \/>\n<meta property=\"og:url\" content=\"https:\/\/www.cde.ual.es\/el-consejo-adopta-unas-conclusiones-sobre-procedimiento-de-desequilibrio-macroeconomico-ecofin-12-de-julio-de-2022\/\" \/>\n<meta property=\"og:site_name\" content=\"CDE Almer\u00eda - Centro de Documentaci\u00f3n Europea - Universidad de Almer\u00eda\" \/>\n<meta property=\"article:publisher\" content=\"https:\/\/www.facebook.com\/cdeuniversidadalmeria\/\" \/>\n<meta property=\"article:published_time\" content=\"2022-07-14T01:00:55+00:00\" \/>\n<meta property=\"og:image\" content=\"https:\/\/www.cde.ual.es\/wp-content\/uploads\/2020\/03\/economia-1280x720-1-1024x576-1.png\" \/>\n\t<meta property=\"og:image:width\" content=\"1024\" \/>\n\t<meta property=\"og:image:height\" content=\"576\" \/>\n\t<meta property=\"og:image:type\" content=\"image\/png\" \/>\n<meta name=\"author\" content=\"BECA 2 CDE\" \/>\n<meta name=\"twitter:card\" content=\"summary_large_image\" \/>\n<meta name=\"twitter:creator\" content=\"@cdeualmeria\" \/>\n<meta name=\"twitter:site\" content=\"@cdeualmeria\" \/>\n<meta name=\"twitter:label1\" content=\"Written by\" \/>\n\t<meta name=\"twitter:data1\" content=\"BECA 2 CDE\" \/>\n\t<meta name=\"twitter:label2\" content=\"Est. reading time\" \/>\n\t<meta name=\"twitter:data2\" content=\"5 minutes\" \/>\n<script type=\"application\/ld+json\" class=\"yoast-schema-graph\">{\"@context\":\"https:\\\/\\\/schema.org\",\"@graph\":[{\"@type\":\"Article\",\"@id\":\"https:\\\/\\\/www.cde.ual.es\\\/el-consejo-adopta-unas-conclusiones-sobre-procedimiento-de-desequilibrio-macroeconomico-ecofin-12-de-julio-de-2022\\\/#article\",\"isPartOf\":{\"@id\":\"https:\\\/\\\/www.cde.ual.es\\\/el-consejo-adopta-unas-conclusiones-sobre-procedimiento-de-desequilibrio-macroeconomico-ecofin-12-de-julio-de-2022\\\/\"},\"author\":{\"name\":\"BECA 2 CDE\",\"@id\":\"https:\\\/\\\/www.cde.ual.es\\\/#\\\/schema\\\/person\\\/ee46ebc19edfa19598c02cff83335acc\"},\"headline\":\"Council adopts conclusions on the 2022 macroeconomic imbalance procedure &#8211; Ecofin July 12, 2022\",\"datePublished\":\"2022-07-14T01:00:55+00:00\",\"mainEntityOfPage\":{\"@id\":\"https:\\\/\\\/www.cde.ual.es\\\/el-consejo-adopta-unas-conclusiones-sobre-procedimiento-de-desequilibrio-macroeconomico-ecofin-12-de-julio-de-2022\\\/\"},\"wordCount\":1021,\"commentCount\":0,\"publisher\":{\"@id\":\"https:\\\/\\\/www.cde.ual.es\\\/#organization\"},\"image\":{\"@id\":\"https:\\\/\\\/www.cde.ual.es\\\/el-consejo-adopta-unas-conclusiones-sobre-procedimiento-de-desequilibrio-macroeconomico-ecofin-12-de-julio-de-2022\\\/#primaryimage\"},\"thumbnailUrl\":\"https:\\\/\\\/www.cde.ual.es\\\/wp-content\\\/uploads\\\/2020\\\/03\\\/economia-1280x720-1-1024x576-1.png\",\"keywords\":[\"Consejo Europeo\",\"Council\",\"Economy\",\"European Commission\",\"European Council\",\"Finance\"],\"articleSection\":[\"Economy and Finance\",\"EU News\",\"Market\"],\"inLanguage\":\"en-US\",\"potentialAction\":[{\"@type\":\"CommentAction\",\"name\":\"Comment\",\"target\":[\"https:\\\/\\\/www.cde.ual.es\\\/el-consejo-adopta-unas-conclusiones-sobre-procedimiento-de-desequilibrio-macroeconomico-ecofin-12-de-julio-de-2022\\\/#respond\"]}]},{\"@type\":\"WebPage\",\"@id\":\"https:\\\/\\\/www.cde.ual.es\\\/el-consejo-adopta-unas-conclusiones-sobre-procedimiento-de-desequilibrio-macroeconomico-ecofin-12-de-julio-de-2022\\\/\",\"url\":\"https:\\\/\\\/www.cde.ual.es\\\/el-consejo-adopta-unas-conclusiones-sobre-procedimiento-de-desequilibrio-macroeconomico-ecofin-12-de-julio-de-2022\\\/\",\"name\":\"Council adopts conclusions on the 2022 macroeconomic imbalance procedure - Ecofin July 12, 2022 | CDE Almer\u00eda - Centro de Documentaci\u00f3n Europea - Universidad de Almer\u00eda\",\"isPartOf\":{\"@id\":\"https:\\\/\\\/www.cde.ual.es\\\/#website\"},\"primaryImageOfPage\":{\"@id\":\"https:\\\/\\\/www.cde.ual.es\\\/el-consejo-adopta-unas-conclusiones-sobre-procedimiento-de-desequilibrio-macroeconomico-ecofin-12-de-julio-de-2022\\\/#primaryimage\"},\"image\":{\"@id\":\"https:\\\/\\\/www.cde.ual.es\\\/el-consejo-adopta-unas-conclusiones-sobre-procedimiento-de-desequilibrio-macroeconomico-ecofin-12-de-julio-de-2022\\\/#primaryimage\"},\"thumbnailUrl\":\"https:\\\/\\\/www.cde.ual.es\\\/wp-content\\\/uploads\\\/2020\\\/03\\\/economia-1280x720-1-1024x576-1.png\",\"datePublished\":\"2022-07-14T01:00:55+00:00\",\"breadcrumb\":{\"@id\":\"https:\\\/\\\/www.cde.ual.es\\\/el-consejo-adopta-unas-conclusiones-sobre-procedimiento-de-desequilibrio-macroeconomico-ecofin-12-de-julio-de-2022\\\/#breadcrumb\"},\"inLanguage\":\"en-US\",\"potentialAction\":[{\"@type\":\"ReadAction\",\"target\":[\"https:\\\/\\\/www.cde.ual.es\\\/el-consejo-adopta-unas-conclusiones-sobre-procedimiento-de-desequilibrio-macroeconomico-ecofin-12-de-julio-de-2022\\\/\"]}]},{\"@type\":\"ImageObject\",\"inLanguage\":\"en-US\",\"@id\":\"https:\\\/\\\/www.cde.ual.es\\\/el-consejo-adopta-unas-conclusiones-sobre-procedimiento-de-desequilibrio-macroeconomico-ecofin-12-de-julio-de-2022\\\/#primaryimage\",\"url\":\"https:\\\/\\\/www.cde.ual.es\\\/wp-content\\\/uploads\\\/2020\\\/03\\\/economia-1280x720-1-1024x576-1.png\",\"contentUrl\":\"https:\\\/\\\/www.cde.ual.es\\\/wp-content\\\/uploads\\\/2020\\\/03\\\/economia-1280x720-1-1024x576-1.png\",\"width\":1024,\"height\":576},{\"@type\":\"BreadcrumbList\",\"@id\":\"https:\\\/\\\/www.cde.ual.es\\\/el-consejo-adopta-unas-conclusiones-sobre-procedimiento-de-desequilibrio-macroeconomico-ecofin-12-de-julio-de-2022\\\/#breadcrumb\",\"itemListElement\":[{\"@type\":\"ListItem\",\"position\":1,\"name\":\"Inicio\",\"item\":\"https:\\\/\\\/www.cde.ual.es\\\/en\\\/\"},{\"@type\":\"ListItem\",\"position\":2,\"name\":\"Noticias UE\",\"item\":\"https:\\\/\\\/www.cde.ual.es\\\/category\\\/noticias-ue\\\/\"},{\"@type\":\"ListItem\",\"position\":3,\"name\":\"Mercado\",\"item\":\"https:\\\/\\\/www.cde.ual.es\\\/category\\\/noticias-ue\\\/mercado\\\/\"},{\"@type\":\"ListItem\",\"position\":4,\"name\":\"Economy and Finance\",\"item\":\"https:\\\/\\\/www.cde.ual.es\\\/en\\\/category\\\/eu-news\\\/market\\\/economy-finance\\\/\"},{\"@type\":\"ListItem\",\"position\":5,\"name\":\"Council adopts conclusions on the 2022 macroeconomic imbalance procedure &#8211; Ecofin July 12, 2022\"}]},{\"@type\":\"WebSite\",\"@id\":\"https:\\\/\\\/www.cde.ual.es\\\/#website\",\"url\":\"https:\\\/\\\/www.cde.ual.es\\\/\",\"name\":\"CDE Almer\u00eda - Centro de Documentaci\u00f3n Europea - Universidad de Almer\u00eda\",\"description\":\"Centro de Documentaci\u00f3n Europea de la Universidad de Almer\u00eda\",\"publisher\":{\"@id\":\"https:\\\/\\\/www.cde.ual.es\\\/#organization\"},\"alternateName\":\"CDE Almer\u00eda\",\"potentialAction\":[{\"@type\":\"SearchAction\",\"target\":{\"@type\":\"EntryPoint\",\"urlTemplate\":\"https:\\\/\\\/www.cde.ual.es\\\/?s={search_term_string}\"},\"query-input\":{\"@type\":\"PropertyValueSpecification\",\"valueRequired\":true,\"valueName\":\"search_term_string\"}}],\"inLanguage\":\"en-US\"},{\"@type\":\"Organization\",\"@id\":\"https:\\\/\\\/www.cde.ual.es\\\/#organization\",\"name\":\"Centro de Documentaci\u00f3n Europea de Almer\u00eda\",\"url\":\"https:\\\/\\\/www.cde.ual.es\\\/\",\"logo\":{\"@type\":\"ImageObject\",\"inLanguage\":\"en-US\",\"@id\":\"https:\\\/\\\/www.cde.ual.es\\\/#\\\/schema\\\/logo\\\/image\\\/\",\"url\":\"https:\\\/\\\/www.cde.ual.es\\\/wp-content\\\/uploads\\\/2025\\\/07\\\/cde-logo-3.png\",\"contentUrl\":\"https:\\\/\\\/www.cde.ual.es\\\/wp-content\\\/uploads\\\/2025\\\/07\\\/cde-logo-3.png\",\"width\":1400,\"height\":300,\"caption\":\"Centro de Documentaci\u00f3n Europea de Almer\u00eda\"},\"image\":{\"@id\":\"https:\\\/\\\/www.cde.ual.es\\\/#\\\/schema\\\/logo\\\/image\\\/\"},\"sameAs\":[\"https:\\\/\\\/www.facebook.com\\\/cdeuniversidadalmeria\\\/\",\"https:\\\/\\\/x.com\\\/cdeualmeria\",\"https:\\\/\\\/www.tiktok.com\\\/@cdealmeria\",\"https:\\\/\\\/www.instagram.com\\\/cdealmeria\\\/\",\"https:\\\/\\\/www.linkedin.com\\\/in\\\/cde-almera-812b26a9\\\/\"]},{\"@type\":\"Person\",\"@id\":\"https:\\\/\\\/www.cde.ual.es\\\/#\\\/schema\\\/person\\\/ee46ebc19edfa19598c02cff83335acc\",\"name\":\"BECA 2 CDE\",\"image\":{\"@type\":\"ImageObject\",\"inLanguage\":\"en-US\",\"@id\":\"https:\\\/\\\/secure.gravatar.com\\\/avatar\\\/35a481bbc04bbd90e91bdfa3b0b5541036c222a49b9ad37b6889a2afcb5311a5?s=96&d=mm&r=g\",\"url\":\"https:\\\/\\\/secure.gravatar.com\\\/avatar\\\/35a481bbc04bbd90e91bdfa3b0b5541036c222a49b9ad37b6889a2afcb5311a5?s=96&d=mm&r=g\",\"contentUrl\":\"https:\\\/\\\/secure.gravatar.com\\\/avatar\\\/35a481bbc04bbd90e91bdfa3b0b5541036c222a49b9ad37b6889a2afcb5311a5?s=96&d=mm&r=g\",\"caption\":\"BECA 2 CDE\"},\"sameAs\":[\"http:\\\/\\\/www.cdealmeria.com\"]}]}<\/script>\n<!-- \/ Yoast SEO plugin. -->","yoast_head_json":{"title":"Council adopts conclusions on the 2022 macroeconomic imbalance procedure - Ecofin July 12, 2022 | CDE Almer\u00eda - Centro de Documentaci\u00f3n Europea - Universidad de Almer\u00eda","robots":{"index":"index","follow":"follow","max-snippet":"max-snippet:-1","max-image-preview":"max-image-preview:large","max-video-preview":"max-video-preview:-1"},"canonical":"https:\/\/www.cde.ual.es\/el-consejo-adopta-unas-conclusiones-sobre-procedimiento-de-desequilibrio-macroeconomico-ecofin-12-de-julio-de-2022\/","og_locale":"en_US","og_type":"article","og_title":"Council adopts conclusions on the 2022 macroeconomic imbalance procedure - Ecofin July 12, 2022 | CDE Almer\u00eda - Centro de Documentaci\u00f3n Europea - Universidad de Almer\u00eda","og_description":"Following the Economic and Financial Affairs Council meeting on July 12, the Council adopted conclusions on the 2022 in-depth reviews under the macroeconomic imbalances procedure. The Economic and Financial Affairs Council: Recalls that the EU economy is recovering from the COVID-19 crisis, while uncertainties remain high and rising, in particular due to the surging energy [&hellip;]","og_url":"https:\/\/www.cde.ual.es\/el-consejo-adopta-unas-conclusiones-sobre-procedimiento-de-desequilibrio-macroeconomico-ecofin-12-de-julio-de-2022\/","og_site_name":"CDE Almer\u00eda - Centro de Documentaci\u00f3n Europea - Universidad de Almer\u00eda","article_publisher":"https:\/\/www.facebook.com\/cdeuniversidadalmeria\/","article_published_time":"2022-07-14T01:00:55+00:00","og_image":[{"width":1024,"height":576,"url":"https:\/\/www.cde.ual.es\/wp-content\/uploads\/2020\/03\/economia-1280x720-1-1024x576-1.png","type":"image\/png"}],"author":"BECA 2 CDE","twitter_card":"summary_large_image","twitter_creator":"@cdeualmeria","twitter_site":"@cdeualmeria","twitter_misc":{"Written by":"BECA 2 CDE","Est. reading time":"5 minutes"},"schema":{"@context":"https:\/\/schema.org","@graph":[{"@type":"Article","@id":"https:\/\/www.cde.ual.es\/el-consejo-adopta-unas-conclusiones-sobre-procedimiento-de-desequilibrio-macroeconomico-ecofin-12-de-julio-de-2022\/#article","isPartOf":{"@id":"https:\/\/www.cde.ual.es\/el-consejo-adopta-unas-conclusiones-sobre-procedimiento-de-desequilibrio-macroeconomico-ecofin-12-de-julio-de-2022\/"},"author":{"name":"BECA 2 CDE","@id":"https:\/\/www.cde.ual.es\/#\/schema\/person\/ee46ebc19edfa19598c02cff83335acc"},"headline":"Council adopts conclusions on the 2022 macroeconomic imbalance procedure &#8211; Ecofin July 12, 2022","datePublished":"2022-07-14T01:00:55+00:00","mainEntityOfPage":{"@id":"https:\/\/www.cde.ual.es\/el-consejo-adopta-unas-conclusiones-sobre-procedimiento-de-desequilibrio-macroeconomico-ecofin-12-de-julio-de-2022\/"},"wordCount":1021,"commentCount":0,"publisher":{"@id":"https:\/\/www.cde.ual.es\/#organization"},"image":{"@id":"https:\/\/www.cde.ual.es\/el-consejo-adopta-unas-conclusiones-sobre-procedimiento-de-desequilibrio-macroeconomico-ecofin-12-de-julio-de-2022\/#primaryimage"},"thumbnailUrl":"https:\/\/www.cde.ual.es\/wp-content\/uploads\/2020\/03\/economia-1280x720-1-1024x576-1.png","keywords":["Consejo Europeo","Council","Economy","European Commission","European Council","Finance"],"articleSection":["Economy and Finance","EU News","Market"],"inLanguage":"en-US","potentialAction":[{"@type":"CommentAction","name":"Comment","target":["https:\/\/www.cde.ual.es\/el-consejo-adopta-unas-conclusiones-sobre-procedimiento-de-desequilibrio-macroeconomico-ecofin-12-de-julio-de-2022\/#respond"]}]},{"@type":"WebPage","@id":"https:\/\/www.cde.ual.es\/el-consejo-adopta-unas-conclusiones-sobre-procedimiento-de-desequilibrio-macroeconomico-ecofin-12-de-julio-de-2022\/","url":"https:\/\/www.cde.ual.es\/el-consejo-adopta-unas-conclusiones-sobre-procedimiento-de-desequilibrio-macroeconomico-ecofin-12-de-julio-de-2022\/","name":"Council adopts conclusions on the 2022 macroeconomic imbalance procedure - Ecofin July 12, 2022 | CDE Almer\u00eda - Centro de Documentaci\u00f3n Europea - Universidad de Almer\u00eda","isPartOf":{"@id":"https:\/\/www.cde.ual.es\/#website"},"primaryImageOfPage":{"@id":"https:\/\/www.cde.ual.es\/el-consejo-adopta-unas-conclusiones-sobre-procedimiento-de-desequilibrio-macroeconomico-ecofin-12-de-julio-de-2022\/#primaryimage"},"image":{"@id":"https:\/\/www.cde.ual.es\/el-consejo-adopta-unas-conclusiones-sobre-procedimiento-de-desequilibrio-macroeconomico-ecofin-12-de-julio-de-2022\/#primaryimage"},"thumbnailUrl":"https:\/\/www.cde.ual.es\/wp-content\/uploads\/2020\/03\/economia-1280x720-1-1024x576-1.png","datePublished":"2022-07-14T01:00:55+00:00","breadcrumb":{"@id":"https:\/\/www.cde.ual.es\/el-consejo-adopta-unas-conclusiones-sobre-procedimiento-de-desequilibrio-macroeconomico-ecofin-12-de-julio-de-2022\/#breadcrumb"},"inLanguage":"en-US","potentialAction":[{"@type":"ReadAction","target":["https:\/\/www.cde.ual.es\/el-consejo-adopta-unas-conclusiones-sobre-procedimiento-de-desequilibrio-macroeconomico-ecofin-12-de-julio-de-2022\/"]}]},{"@type":"ImageObject","inLanguage":"en-US","@id":"https:\/\/www.cde.ual.es\/el-consejo-adopta-unas-conclusiones-sobre-procedimiento-de-desequilibrio-macroeconomico-ecofin-12-de-julio-de-2022\/#primaryimage","url":"https:\/\/www.cde.ual.es\/wp-content\/uploads\/2020\/03\/economia-1280x720-1-1024x576-1.png","contentUrl":"https:\/\/www.cde.ual.es\/wp-content\/uploads\/2020\/03\/economia-1280x720-1-1024x576-1.png","width":1024,"height":576},{"@type":"BreadcrumbList","@id":"https:\/\/www.cde.ual.es\/el-consejo-adopta-unas-conclusiones-sobre-procedimiento-de-desequilibrio-macroeconomico-ecofin-12-de-julio-de-2022\/#breadcrumb","itemListElement":[{"@type":"ListItem","position":1,"name":"Inicio","item":"https:\/\/www.cde.ual.es\/en\/"},{"@type":"ListItem","position":2,"name":"Noticias UE","item":"https:\/\/www.cde.ual.es\/category\/noticias-ue\/"},{"@type":"ListItem","position":3,"name":"Mercado","item":"https:\/\/www.cde.ual.es\/category\/noticias-ue\/mercado\/"},{"@type":"ListItem","position":4,"name":"Economy and Finance","item":"https:\/\/www.cde.ual.es\/en\/category\/eu-news\/market\/economy-finance\/"},{"@type":"ListItem","position":5,"name":"Council adopts conclusions on the 2022 macroeconomic imbalance procedure &#8211; Ecofin July 12, 2022"}]},{"@type":"WebSite","@id":"https:\/\/www.cde.ual.es\/#website","url":"https:\/\/www.cde.ual.es\/","name":"CDE Almer\u00eda - Centro de Documentaci\u00f3n Europea - Universidad de Almer\u00eda","description":"Centro de Documentaci\u00f3n Europea de la Universidad de Almer\u00eda","publisher":{"@id":"https:\/\/www.cde.ual.es\/#organization"},"alternateName":"CDE Almer\u00eda","potentialAction":[{"@type":"SearchAction","target":{"@type":"EntryPoint","urlTemplate":"https:\/\/www.cde.ual.es\/?s={search_term_string}"},"query-input":{"@type":"PropertyValueSpecification","valueRequired":true,"valueName":"search_term_string"}}],"inLanguage":"en-US"},{"@type":"Organization","@id":"https:\/\/www.cde.ual.es\/#organization","name":"Centro de Documentaci\u00f3n Europea de Almer\u00eda","url":"https:\/\/www.cde.ual.es\/","logo":{"@type":"ImageObject","inLanguage":"en-US","@id":"https:\/\/www.cde.ual.es\/#\/schema\/logo\/image\/","url":"https:\/\/www.cde.ual.es\/wp-content\/uploads\/2025\/07\/cde-logo-3.png","contentUrl":"https:\/\/www.cde.ual.es\/wp-content\/uploads\/2025\/07\/cde-logo-3.png","width":1400,"height":300,"caption":"Centro de Documentaci\u00f3n Europea de Almer\u00eda"},"image":{"@id":"https:\/\/www.cde.ual.es\/#\/schema\/logo\/image\/"},"sameAs":["https:\/\/www.facebook.com\/cdeuniversidadalmeria\/","https:\/\/x.com\/cdeualmeria","https:\/\/www.tiktok.com\/@cdealmeria","https:\/\/www.instagram.com\/cdealmeria\/","https:\/\/www.linkedin.com\/in\/cde-almera-812b26a9\/"]},{"@type":"Person","@id":"https:\/\/www.cde.ual.es\/#\/schema\/person\/ee46ebc19edfa19598c02cff83335acc","name":"BECA 2 CDE","image":{"@type":"ImageObject","inLanguage":"en-US","@id":"https:\/\/secure.gravatar.com\/avatar\/35a481bbc04bbd90e91bdfa3b0b5541036c222a49b9ad37b6889a2afcb5311a5?s=96&d=mm&r=g","url":"https:\/\/secure.gravatar.com\/avatar\/35a481bbc04bbd90e91bdfa3b0b5541036c222a49b9ad37b6889a2afcb5311a5?s=96&d=mm&r=g","contentUrl":"https:\/\/secure.gravatar.com\/avatar\/35a481bbc04bbd90e91bdfa3b0b5541036c222a49b9ad37b6889a2afcb5311a5?s=96&d=mm&r=g","caption":"BECA 2 CDE"},"sameAs":["http:\/\/www.cdealmeria.com"]}]}},"_links":{"self":[{"href":"https:\/\/www.cde.ual.es\/en\/wp-json\/wp\/v2\/posts\/113820","targetHints":{"allow":["GET"]}}],"collection":[{"href":"https:\/\/www.cde.ual.es\/en\/wp-json\/wp\/v2\/posts"}],"about":[{"href":"https:\/\/www.cde.ual.es\/en\/wp-json\/wp\/v2\/types\/post"}],"author":[{"embeddable":true,"href":"https:\/\/www.cde.ual.es\/en\/wp-json\/wp\/v2\/users\/101011"}],"replies":[{"embeddable":true,"href":"https:\/\/www.cde.ual.es\/en\/wp-json\/wp\/v2\/comments?post=113820"}],"version-history":[{"count":2,"href":"https:\/\/www.cde.ual.es\/en\/wp-json\/wp\/v2\/posts\/113820\/revisions"}],"predecessor-version":[{"id":113836,"href":"https:\/\/www.cde.ual.es\/en\/wp-json\/wp\/v2\/posts\/113820\/revisions\/113836"}],"wp:featuredmedia":[{"embeddable":true,"href":"https:\/\/www.cde.ual.es\/en\/wp-json\/wp\/v2\/media\/87755"}],"wp:attachment":[{"href":"https:\/\/www.cde.ual.es\/en\/wp-json\/wp\/v2\/media?parent=113820"}],"wp:term":[{"taxonomy":"category","embeddable":true,"href":"https:\/\/www.cde.ual.es\/en\/wp-json\/wp\/v2\/categories?post=113820"},{"taxonomy":"post_tag","embeddable":true,"href":"https:\/\/www.cde.ual.es\/en\/wp-json\/wp\/v2\/tags?post=113820"}],"curies":[{"name":"wp","href":"https:\/\/api.w.org\/{rel}","templated":true}]}}