{"id":1138,"date":"2016-12-21T12:50:22","date_gmt":"2016-12-21T11:50:22","guid":{"rendered":"http:\/\/www.cde.ual.es\/?p=1138"},"modified":"2016-12-21T12:51:55","modified_gmt":"2016-12-21T11:51:55","slug":"xi-premio-andaluz-de-investigacion-sobre-integracion-europea-de-la-red-de-informacion-europea-de-andalucia","status":"publish","type":"post","link":"https:\/\/www.cde.ual.es\/en\/xi-premio-andaluz-de-investigacion-sobre-integracion-europea-de-la-red-de-informacion-europea-de-andalucia\/","title":{"rendered":"XI Premio Andaluz de Investigaci\u00f3n sobre Integraci\u00f3n Europea de la Red de Informaci\u00f3n Europea de Andaluc\u00eda"},"content":{"rendered":"<p><a href=\"http:\/\/www.cde.ual.es\/wp-content\/uploads\/2016\/12\/Premio-Invest-EU-AND.png\"><img decoding=\"async\" class=\"alignright size-medium wp-image-1137\" src=\"http:\/\/www.cde.ual.es\/wp-content\/uploads\/2016\/12\/Premio-Invest-EU-AND-300x300.png\" alt=\"Premio Invest EU AND\" width=\"300\" height=\"300\" srcset=\"https:\/\/www.cde.ual.es\/wp-content\/uploads\/2016\/12\/Premio-Invest-EU-AND-300x300.png 300w, https:\/\/www.cde.ual.es\/wp-content\/uploads\/2016\/12\/Premio-Invest-EU-AND-150x150.png 150w, https:\/\/www.cde.ual.es\/wp-content\/uploads\/2016\/12\/Premio-Invest-EU-AND-1024x1024.png 1024w\" sizes=\"(max-width: 300px) 100vw, 300px\" \/><\/a>La Red de Informaci\u00f3n Europa de Andaluc\u00eda convoca el <strong><em>XI Premio Andaluz de Investigaci\u00f3n sobre Integraci\u00f3n Europea<\/em><\/strong> en el marco de las actividades que realiza, con el objetivo de fomentar la investigaci\u00f3n sobre integraci\u00f3n europea y apoyar a los investigadores\/as que trabajan en temas relacionados con la Uni\u00f3n Europea.<\/p>\n<p>Podr\u00e1n optar al Premio las tesis doctorales presentadas o le\u00eddas con posterioridad al 1 de enero de 2014.<\/p>\n<p>El plazo para la presentaci\u00f3n de los trabajos comenzar\u00e1 el 1 de febrero de 2017 y finalizar\u00e1 el 15 de marzo de 2017 a las 14:00hs.<\/p>\n<p>Para descargar las bases e impresos de participaci\u00f3n accede a <a href=\"http:\/\/www.andaluciaeuropa.com\/index.php?id=premio-2017\" target=\"_blank\">este enlace<\/a>.<\/p>\n","protected":false},"excerpt":{"rendered":"<p>La Red de Informaci\u00f3n Europa de Andaluc\u00eda convoca el XI Premio Andaluz de Investigaci\u00f3n sobre Integraci\u00f3n Europea en el marco de las actividades que realiza, con el objetivo de fomentar la investigaci\u00f3n sobre integraci\u00f3n europea y apoyar a los investigadores\/as que trabajan en temas relacionados con la Uni\u00f3n Europea. Podr\u00e1n optar al Premio las tesis [&hellip;]<\/p>\n","protected":false},"author":1,"featured_media":0,"comment_status":"open","ping_status":"open","sticky":false,"template":"","format":"standard","meta":{"_acf_changed":false,"_relevanssi_hide_post":"","_relevanssi_hide_content":"","_relevanssi_pin_for_all":"","_relevanssi_pin_keywords":"","_relevanssi_unpin_keywords":"","_relevanssi_related_keywords":"","_relevanssi_related_include_ids":"","_relevanssi_related_exclude_ids":"","_relevanssi_related_no_append":"","_relevanssi_related_not_related":"","_relevanssi_related_posts":"","_relevanssi_noindex_reason":"","_monsterinsights_skip_tracking":false,"_monsterinsights_sitenote_active":false,"_monsterinsights_sitenote_note":"","_monsterinsights_sitenote_category":0,"_genesis_hide_title":false,"_genesis_hide_breadcrumbs":false,"_genesis_hide_singular_image":false,"_genesis_hide_footer_widgets":false,"_genesis_custom_body_class":"","_genesis_custom_post_class":"","_genesis_layout":"","footnotes":""},"categories":[1],"tags":[],"class_list":{"0":"post-1138","1":"post","2":"type-post","3":"status-publish","4":"format-standard","6":"category-sin-categorizar","7":"entry","8":"has-post-thumbnail"},"acf":[],"yoast_head":"<!-- This site is optimized with the Yoast SEO plugin v27.4 - https:\/\/yoast.com\/product\/yoast-seo-wordpress\/ -->\n<title>XI Premio Andaluz de Investigaci\u00f3n sobre Integraci\u00f3n Europea de la Red de Informaci\u00f3n Europea de Andaluc\u00eda | CDE Almer\u00eda - Centro de Documentaci\u00f3n Europea - Universidad de Almer\u00eda<\/title>\n<meta name=\"robots\" content=\"index, follow, max-snippet:-1, max-image-preview:large, max-video-preview:-1\" \/>\n<link rel=\"canonical\" href=\"https:\/\/www.cde.ual.es\/xi-premio-andaluz-de-investigacion-sobre-integracion-europea-de-la-red-de-informacion-europea-de-andalucia\/\" \/>\n<meta property=\"og:locale\" content=\"en_US\" \/>\n<meta property=\"og:type\" content=\"article\" \/>\n<meta property=\"og:title\" content=\"XI Premio Andaluz de Investigaci\u00f3n sobre Integraci\u00f3n Europea de la Red de Informaci\u00f3n Europea de Andaluc\u00eda | CDE Almer\u00eda - Centro de Documentaci\u00f3n Europea - Universidad de Almer\u00eda\" \/>\n<meta property=\"og:description\" content=\"La Red de Informaci\u00f3n Europa de Andaluc\u00eda convoca el XI Premio Andaluz de Investigaci\u00f3n sobre Integraci\u00f3n Europea en el marco de las actividades que realiza, con el objetivo de fomentar la investigaci\u00f3n sobre integraci\u00f3n europea y apoyar a los investigadores\/as que trabajan en temas relacionados con la Uni\u00f3n Europea. Podr\u00e1n optar al Premio las tesis [&hellip;]\" \/>\n<meta property=\"og:url\" content=\"https:\/\/www.cde.ual.es\/xi-premio-andaluz-de-investigacion-sobre-integracion-europea-de-la-red-de-informacion-europea-de-andalucia\/\" \/>\n<meta property=\"og:site_name\" content=\"CDE Almer\u00eda - Centro de Documentaci\u00f3n Europea - Universidad de Almer\u00eda\" \/>\n<meta property=\"article:publisher\" content=\"https:\/\/www.facebook.com\/cdeuniversidadalmeria\/\" \/>\n<meta property=\"article:published_time\" content=\"2016-12-21T11:50:22+00:00\" \/>\n<meta property=\"article:modified_time\" content=\"2016-12-21T11:51:55+00:00\" \/>\n<meta property=\"og:image\" content=\"http:\/\/www.cde.ual.es\/wp-content\/uploads\/2016\/12\/Premio-Invest-EU-AND-300x300.png\" \/>\n<meta name=\"author\" content=\"AdminCDE\" \/>\n<meta name=\"twitter:card\" content=\"summary_large_image\" \/>\n<meta name=\"twitter:creator\" content=\"@cdeualmeria\" \/>\n<meta name=\"twitter:site\" content=\"@cdeualmeria\" \/>\n<meta name=\"twitter:label1\" content=\"Written by\" \/>\n\t<meta name=\"twitter:data1\" content=\"AdminCDE\" \/>\n\t<meta name=\"twitter:label2\" content=\"Est. reading time\" \/>\n\t<meta name=\"twitter:data2\" content=\"1 minute\" \/>\n<script type=\"application\/ld+json\" class=\"yoast-schema-graph\">{\"@context\":\"https:\\\/\\\/schema.org\",\"@graph\":[{\"@type\":\"Article\",\"@id\":\"https:\\\/\\\/www.cde.ual.es\\\/xi-premio-andaluz-de-investigacion-sobre-integracion-europea-de-la-red-de-informacion-europea-de-andalucia\\\/#article\",\"isPartOf\":{\"@id\":\"https:\\\/\\\/www.cde.ual.es\\\/xi-premio-andaluz-de-investigacion-sobre-integracion-europea-de-la-red-de-informacion-europea-de-andalucia\\\/\"},\"author\":{\"name\":\"AdminCDE\",\"@id\":\"https:\\\/\\\/www.cde.ual.es\\\/#\\\/schema\\\/person\\\/224ef08c8bcc005f319d2713ce37ee5f\"},\"headline\":\"XI Premio Andaluz de Investigaci\u00f3n sobre Integraci\u00f3n Europea de la Red de Informaci\u00f3n Europea de Andaluc\u00eda\",\"datePublished\":\"2016-12-21T11:50:22+00:00\",\"dateModified\":\"2016-12-21T11:51:55+00:00\",\"mainEntityOfPage\":{\"@id\":\"https:\\\/\\\/www.cde.ual.es\\\/xi-premio-andaluz-de-investigacion-sobre-integracion-europea-de-la-red-de-informacion-europea-de-andalucia\\\/\"},\"wordCount\":131,\"commentCount\":0,\"publisher\":{\"@id\":\"https:\\\/\\\/www.cde.ual.es\\\/#organization\"},\"image\":{\"@id\":\"https:\\\/\\\/www.cde.ual.es\\\/xi-premio-andaluz-de-investigacion-sobre-integracion-europea-de-la-red-de-informacion-europea-de-andalucia\\\/#primaryimage\"},\"thumbnailUrl\":\"http:\\\/\\\/www.cde.ual.es\\\/wp-content\\\/uploads\\\/2016\\\/12\\\/Premio-Invest-EU-AND-300x300.png\",\"articleSection\":[\"Sin categorizar\"],\"inLanguage\":\"en-US\",\"potentialAction\":[{\"@type\":\"CommentAction\",\"name\":\"Comment\",\"target\":[\"https:\\\/\\\/www.cde.ual.es\\\/xi-premio-andaluz-de-investigacion-sobre-integracion-europea-de-la-red-de-informacion-europea-de-andalucia\\\/#respond\"]}]},{\"@type\":\"WebPage\",\"@id\":\"https:\\\/\\\/www.cde.ual.es\\\/xi-premio-andaluz-de-investigacion-sobre-integracion-europea-de-la-red-de-informacion-europea-de-andalucia\\\/\",\"url\":\"https:\\\/\\\/www.cde.ual.es\\\/xi-premio-andaluz-de-investigacion-sobre-integracion-europea-de-la-red-de-informacion-europea-de-andalucia\\\/\",\"name\":\"XI Premio Andaluz de Investigaci\u00f3n sobre Integraci\u00f3n Europea de la Red de Informaci\u00f3n Europea de Andaluc\u00eda | CDE Almer\u00eda - Centro de Documentaci\u00f3n Europea - Universidad de Almer\u00eda\",\"isPartOf\":{\"@id\":\"https:\\\/\\\/www.cde.ual.es\\\/#website\"},\"primaryImageOfPage\":{\"@id\":\"https:\\\/\\\/www.cde.ual.es\\\/xi-premio-andaluz-de-investigacion-sobre-integracion-europea-de-la-red-de-informacion-europea-de-andalucia\\\/#primaryimage\"},\"image\":{\"@id\":\"https:\\\/\\\/www.cde.ual.es\\\/xi-premio-andaluz-de-investigacion-sobre-integracion-europea-de-la-red-de-informacion-europea-de-andalucia\\\/#primaryimage\"},\"thumbnailUrl\":\"http:\\\/\\\/www.cde.ual.es\\\/wp-content\\\/uploads\\\/2016\\\/12\\\/Premio-Invest-EU-AND-300x300.png\",\"datePublished\":\"2016-12-21T11:50:22+00:00\",\"dateModified\":\"2016-12-21T11:51:55+00:00\",\"breadcrumb\":{\"@id\":\"https:\\\/\\\/www.cde.ual.es\\\/xi-premio-andaluz-de-investigacion-sobre-integracion-europea-de-la-red-de-informacion-europea-de-andalucia\\\/#breadcrumb\"},\"inLanguage\":\"en-US\",\"potentialAction\":[{\"@type\":\"ReadAction\",\"target\":[\"https:\\\/\\\/www.cde.ual.es\\\/xi-premio-andaluz-de-investigacion-sobre-integracion-europea-de-la-red-de-informacion-europea-de-andalucia\\\/\"]}]},{\"@type\":\"ImageObject\",\"inLanguage\":\"en-US\",\"@id\":\"https:\\\/\\\/www.cde.ual.es\\\/xi-premio-andaluz-de-investigacion-sobre-integracion-europea-de-la-red-de-informacion-europea-de-andalucia\\\/#primaryimage\",\"url\":\"http:\\\/\\\/www.cde.ual.es\\\/wp-content\\\/uploads\\\/2016\\\/12\\\/Premio-Invest-EU-AND-300x300.png\",\"contentUrl\":\"http:\\\/\\\/www.cde.ual.es\\\/wp-content\\\/uploads\\\/2016\\\/12\\\/Premio-Invest-EU-AND-300x300.png\"},{\"@type\":\"BreadcrumbList\",\"@id\":\"https:\\\/\\\/www.cde.ual.es\\\/xi-premio-andaluz-de-investigacion-sobre-integracion-europea-de-la-red-de-informacion-europea-de-andalucia\\\/#breadcrumb\",\"itemListElement\":[{\"@type\":\"ListItem\",\"position\":1,\"name\":\"Inicio\",\"item\":\"https:\\\/\\\/www.cde.ual.es\\\/en\\\/\"},{\"@type\":\"ListItem\",\"position\":2,\"name\":\"Sin categorizar\",\"item\":\"https:\\\/\\\/www.cde.ual.es\\\/category\\\/sin-categorizar\\\/\"},{\"@type\":\"ListItem\",\"position\":3,\"name\":\"XI Premio Andaluz de Investigaci\u00f3n sobre Integraci\u00f3n Europea de la Red de Informaci\u00f3n Europea de Andaluc\u00eda\"}]},{\"@type\":\"WebSite\",\"@id\":\"https:\\\/\\\/www.cde.ual.es\\\/#website\",\"url\":\"https:\\\/\\\/www.cde.ual.es\\\/\",\"name\":\"CDE Almer\u00eda - Centro de Documentaci\u00f3n Europea - Universidad de Almer\u00eda\",\"description\":\"Centro de Documentaci\u00f3n Europea de la Universidad de Almer\u00eda\",\"publisher\":{\"@id\":\"https:\\\/\\\/www.cde.ual.es\\\/#organization\"},\"alternateName\":\"CDE Almer\u00eda\",\"potentialAction\":[{\"@type\":\"SearchAction\",\"target\":{\"@type\":\"EntryPoint\",\"urlTemplate\":\"https:\\\/\\\/www.cde.ual.es\\\/?s={search_term_string}\"},\"query-input\":{\"@type\":\"PropertyValueSpecification\",\"valueRequired\":true,\"valueName\":\"search_term_string\"}}],\"inLanguage\":\"en-US\"},{\"@type\":\"Organization\",\"@id\":\"https:\\\/\\\/www.cde.ual.es\\\/#organization\",\"name\":\"Centro de Documentaci\u00f3n Europea de Almer\u00eda\",\"url\":\"https:\\\/\\\/www.cde.ual.es\\\/\",\"logo\":{\"@type\":\"ImageObject\",\"inLanguage\":\"en-US\",\"@id\":\"https:\\\/\\\/www.cde.ual.es\\\/#\\\/schema\\\/logo\\\/image\\\/\",\"url\":\"https:\\\/\\\/www.cde.ual.es\\\/wp-content\\\/uploads\\\/2025\\\/07\\\/cde-logo-3.png\",\"contentUrl\":\"https:\\\/\\\/www.cde.ual.es\\\/wp-content\\\/uploads\\\/2025\\\/07\\\/cde-logo-3.png\",\"width\":1400,\"height\":300,\"caption\":\"Centro de Documentaci\u00f3n Europea de Almer\u00eda\"},\"image\":{\"@id\":\"https:\\\/\\\/www.cde.ual.es\\\/#\\\/schema\\\/logo\\\/image\\\/\"},\"sameAs\":[\"https:\\\/\\\/www.facebook.com\\\/cdeuniversidadalmeria\\\/\",\"https:\\\/\\\/x.com\\\/cdeualmeria\",\"https:\\\/\\\/www.tiktok.com\\\/@cdealmeria\",\"https:\\\/\\\/www.instagram.com\\\/cdealmeria\\\/\",\"https:\\\/\\\/www.linkedin.com\\\/in\\\/cde-almera-812b26a9\\\/\"]},{\"@type\":\"Person\",\"@id\":\"https:\\\/\\\/www.cde.ual.es\\\/#\\\/schema\\\/person\\\/224ef08c8bcc005f319d2713ce37ee5f\",\"name\":\"AdminCDE\",\"image\":{\"@type\":\"ImageObject\",\"inLanguage\":\"en-US\",\"@id\":\"https:\\\/\\\/secure.gravatar.com\\\/avatar\\\/a72d038d371f995cd13706fac32274b7952a52e8fb0a84b5f80c85426f2a98a8?s=96&d=mm&r=g\",\"url\":\"https:\\\/\\\/secure.gravatar.com\\\/avatar\\\/a72d038d371f995cd13706fac32274b7952a52e8fb0a84b5f80c85426f2a98a8?s=96&d=mm&r=g\",\"contentUrl\":\"https:\\\/\\\/secure.gravatar.com\\\/avatar\\\/a72d038d371f995cd13706fac32274b7952a52e8fb0a84b5f80c85426f2a98a8?s=96&d=mm&r=g\",\"caption\":\"AdminCDE\"}}]}<\/script>\n<!-- \/ Yoast SEO plugin. -->","yoast_head_json":{"title":"XI Premio Andaluz de Investigaci\u00f3n sobre Integraci\u00f3n Europea de la Red de Informaci\u00f3n Europea de Andaluc\u00eda | CDE Almer\u00eda - Centro de Documentaci\u00f3n Europea - Universidad de Almer\u00eda","robots":{"index":"index","follow":"follow","max-snippet":"max-snippet:-1","max-image-preview":"max-image-preview:large","max-video-preview":"max-video-preview:-1"},"canonical":"https:\/\/www.cde.ual.es\/xi-premio-andaluz-de-investigacion-sobre-integracion-europea-de-la-red-de-informacion-europea-de-andalucia\/","og_locale":"en_US","og_type":"article","og_title":"XI Premio Andaluz de Investigaci\u00f3n sobre Integraci\u00f3n Europea de la Red de Informaci\u00f3n Europea de Andaluc\u00eda | CDE Almer\u00eda - Centro de Documentaci\u00f3n Europea - Universidad de Almer\u00eda","og_description":"La Red de Informaci\u00f3n Europa de Andaluc\u00eda convoca el XI Premio Andaluz de Investigaci\u00f3n sobre Integraci\u00f3n Europea en el marco de las actividades que realiza, con el objetivo de fomentar la investigaci\u00f3n sobre integraci\u00f3n europea y apoyar a los investigadores\/as que trabajan en temas relacionados con la Uni\u00f3n Europea. Podr\u00e1n optar al Premio las tesis [&hellip;]","og_url":"https:\/\/www.cde.ual.es\/xi-premio-andaluz-de-investigacion-sobre-integracion-europea-de-la-red-de-informacion-europea-de-andalucia\/","og_site_name":"CDE Almer\u00eda - Centro de Documentaci\u00f3n Europea - Universidad de Almer\u00eda","article_publisher":"https:\/\/www.facebook.com\/cdeuniversidadalmeria\/","article_published_time":"2016-12-21T11:50:22+00:00","article_modified_time":"2016-12-21T11:51:55+00:00","og_image":[{"url":"http:\/\/www.cde.ual.es\/wp-content\/uploads\/2016\/12\/Premio-Invest-EU-AND-300x300.png","type":"","width":"","height":""}],"author":"AdminCDE","twitter_card":"summary_large_image","twitter_creator":"@cdeualmeria","twitter_site":"@cdeualmeria","twitter_misc":{"Written by":"AdminCDE","Est. reading time":"1 minute"},"schema":{"@context":"https:\/\/schema.org","@graph":[{"@type":"Article","@id":"https:\/\/www.cde.ual.es\/xi-premio-andaluz-de-investigacion-sobre-integracion-europea-de-la-red-de-informacion-europea-de-andalucia\/#article","isPartOf":{"@id":"https:\/\/www.cde.ual.es\/xi-premio-andaluz-de-investigacion-sobre-integracion-europea-de-la-red-de-informacion-europea-de-andalucia\/"},"author":{"name":"AdminCDE","@id":"https:\/\/www.cde.ual.es\/#\/schema\/person\/224ef08c8bcc005f319d2713ce37ee5f"},"headline":"XI Premio Andaluz de Investigaci\u00f3n sobre Integraci\u00f3n Europea de la Red de Informaci\u00f3n Europea de Andaluc\u00eda","datePublished":"2016-12-21T11:50:22+00:00","dateModified":"2016-12-21T11:51:55+00:00","mainEntityOfPage":{"@id":"https:\/\/www.cde.ual.es\/xi-premio-andaluz-de-investigacion-sobre-integracion-europea-de-la-red-de-informacion-europea-de-andalucia\/"},"wordCount":131,"commentCount":0,"publisher":{"@id":"https:\/\/www.cde.ual.es\/#organization"},"image":{"@id":"https:\/\/www.cde.ual.es\/xi-premio-andaluz-de-investigacion-sobre-integracion-europea-de-la-red-de-informacion-europea-de-andalucia\/#primaryimage"},"thumbnailUrl":"http:\/\/www.cde.ual.es\/wp-content\/uploads\/2016\/12\/Premio-Invest-EU-AND-300x300.png","articleSection":["Sin categorizar"],"inLanguage":"en-US","potentialAction":[{"@type":"CommentAction","name":"Comment","target":["https:\/\/www.cde.ual.es\/xi-premio-andaluz-de-investigacion-sobre-integracion-europea-de-la-red-de-informacion-europea-de-andalucia\/#respond"]}]},{"@type":"WebPage","@id":"https:\/\/www.cde.ual.es\/xi-premio-andaluz-de-investigacion-sobre-integracion-europea-de-la-red-de-informacion-europea-de-andalucia\/","url":"https:\/\/www.cde.ual.es\/xi-premio-andaluz-de-investigacion-sobre-integracion-europea-de-la-red-de-informacion-europea-de-andalucia\/","name":"XI Premio Andaluz de Investigaci\u00f3n sobre Integraci\u00f3n Europea de la Red de Informaci\u00f3n Europea de Andaluc\u00eda | CDE Almer\u00eda - Centro de Documentaci\u00f3n Europea - Universidad de Almer\u00eda","isPartOf":{"@id":"https:\/\/www.cde.ual.es\/#website"},"primaryImageOfPage":{"@id":"https:\/\/www.cde.ual.es\/xi-premio-andaluz-de-investigacion-sobre-integracion-europea-de-la-red-de-informacion-europea-de-andalucia\/#primaryimage"},"image":{"@id":"https:\/\/www.cde.ual.es\/xi-premio-andaluz-de-investigacion-sobre-integracion-europea-de-la-red-de-informacion-europea-de-andalucia\/#primaryimage"},"thumbnailUrl":"http:\/\/www.cde.ual.es\/wp-content\/uploads\/2016\/12\/Premio-Invest-EU-AND-300x300.png","datePublished":"2016-12-21T11:50:22+00:00","dateModified":"2016-12-21T11:51:55+00:00","breadcrumb":{"@id":"https:\/\/www.cde.ual.es\/xi-premio-andaluz-de-investigacion-sobre-integracion-europea-de-la-red-de-informacion-europea-de-andalucia\/#breadcrumb"},"inLanguage":"en-US","potentialAction":[{"@type":"ReadAction","target":["https:\/\/www.cde.ual.es\/xi-premio-andaluz-de-investigacion-sobre-integracion-europea-de-la-red-de-informacion-europea-de-andalucia\/"]}]},{"@type":"ImageObject","inLanguage":"en-US","@id":"https:\/\/www.cde.ual.es\/xi-premio-andaluz-de-investigacion-sobre-integracion-europea-de-la-red-de-informacion-europea-de-andalucia\/#primaryimage","url":"http:\/\/www.cde.ual.es\/wp-content\/uploads\/2016\/12\/Premio-Invest-EU-AND-300x300.png","contentUrl":"http:\/\/www.cde.ual.es\/wp-content\/uploads\/2016\/12\/Premio-Invest-EU-AND-300x300.png"},{"@type":"BreadcrumbList","@id":"https:\/\/www.cde.ual.es\/xi-premio-andaluz-de-investigacion-sobre-integracion-europea-de-la-red-de-informacion-europea-de-andalucia\/#breadcrumb","itemListElement":[{"@type":"ListItem","position":1,"name":"Inicio","item":"https:\/\/www.cde.ual.es\/en\/"},{"@type":"ListItem","position":2,"name":"Sin categorizar","item":"https:\/\/www.cde.ual.es\/category\/sin-categorizar\/"},{"@type":"ListItem","position":3,"name":"XI Premio Andaluz de Investigaci\u00f3n sobre Integraci\u00f3n Europea de la Red de Informaci\u00f3n Europea de Andaluc\u00eda"}]},{"@type":"WebSite","@id":"https:\/\/www.cde.ual.es\/#website","url":"https:\/\/www.cde.ual.es\/","name":"CDE Almer\u00eda - Centro de Documentaci\u00f3n Europea - Universidad de Almer\u00eda","description":"Centro de Documentaci\u00f3n Europea de la Universidad de Almer\u00eda","publisher":{"@id":"https:\/\/www.cde.ual.es\/#organization"},"alternateName":"CDE Almer\u00eda","potentialAction":[{"@type":"SearchAction","target":{"@type":"EntryPoint","urlTemplate":"https:\/\/www.cde.ual.es\/?s={search_term_string}"},"query-input":{"@type":"PropertyValueSpecification","valueRequired":true,"valueName":"search_term_string"}}],"inLanguage":"en-US"},{"@type":"Organization","@id":"https:\/\/www.cde.ual.es\/#organization","name":"Centro de Documentaci\u00f3n Europea de Almer\u00eda","url":"https:\/\/www.cde.ual.es\/","logo":{"@type":"ImageObject","inLanguage":"en-US","@id":"https:\/\/www.cde.ual.es\/#\/schema\/logo\/image\/","url":"https:\/\/www.cde.ual.es\/wp-content\/uploads\/2025\/07\/cde-logo-3.png","contentUrl":"https:\/\/www.cde.ual.es\/wp-content\/uploads\/2025\/07\/cde-logo-3.png","width":1400,"height":300,"caption":"Centro de Documentaci\u00f3n Europea de Almer\u00eda"},"image":{"@id":"https:\/\/www.cde.ual.es\/#\/schema\/logo\/image\/"},"sameAs":["https:\/\/www.facebook.com\/cdeuniversidadalmeria\/","https:\/\/x.com\/cdeualmeria","https:\/\/www.tiktok.com\/@cdealmeria","https:\/\/www.instagram.com\/cdealmeria\/","https:\/\/www.linkedin.com\/in\/cde-almera-812b26a9\/"]},{"@type":"Person","@id":"https:\/\/www.cde.ual.es\/#\/schema\/person\/224ef08c8bcc005f319d2713ce37ee5f","name":"AdminCDE","image":{"@type":"ImageObject","inLanguage":"en-US","@id":"https:\/\/secure.gravatar.com\/avatar\/a72d038d371f995cd13706fac32274b7952a52e8fb0a84b5f80c85426f2a98a8?s=96&d=mm&r=g","url":"https:\/\/secure.gravatar.com\/avatar\/a72d038d371f995cd13706fac32274b7952a52e8fb0a84b5f80c85426f2a98a8?s=96&d=mm&r=g","contentUrl":"https:\/\/secure.gravatar.com\/avatar\/a72d038d371f995cd13706fac32274b7952a52e8fb0a84b5f80c85426f2a98a8?s=96&d=mm&r=g","caption":"AdminCDE"}}]}},"_links":{"self":[{"href":"https:\/\/www.cde.ual.es\/en\/wp-json\/wp\/v2\/posts\/1138","targetHints":{"allow":["GET"]}}],"collection":[{"href":"https:\/\/www.cde.ual.es\/en\/wp-json\/wp\/v2\/posts"}],"about":[{"href":"https:\/\/www.cde.ual.es\/en\/wp-json\/wp\/v2\/types\/post"}],"author":[{"embeddable":true,"href":"https:\/\/www.cde.ual.es\/en\/wp-json\/wp\/v2\/users\/1"}],"replies":[{"embeddable":true,"href":"https:\/\/www.cde.ual.es\/en\/wp-json\/wp\/v2\/comments?post=1138"}],"version-history":[{"count":0,"href":"https:\/\/www.cde.ual.es\/en\/wp-json\/wp\/v2\/posts\/1138\/revisions"}],"wp:attachment":[{"href":"https:\/\/www.cde.ual.es\/en\/wp-json\/wp\/v2\/media?parent=1138"}],"wp:term":[{"taxonomy":"category","embeddable":true,"href":"https:\/\/www.cde.ual.es\/en\/wp-json\/wp\/v2\/categories?post=1138"},{"taxonomy":"post_tag","embeddable":true,"href":"https:\/\/www.cde.ual.es\/en\/wp-json\/wp\/v2\/tags?post=1138"}],"curies":[{"name":"wp","href":"https:\/\/api.w.org\/{rel}","templated":true}]}}