{"id":113715,"date":"2022-07-14T03:00:55","date_gmt":"2022-07-14T01:00:55","guid":{"rendered":"https:\/\/www.cde.ual.es\/?p=113715"},"modified":"2022-07-13T10:34:59","modified_gmt":"2022-07-13T08:34:59","slug":"council-adopts-additional-e1-billion-assistance-to-ukraine","status":"publish","type":"post","link":"https:\/\/www.cde.ual.es\/en\/council-adopts-additional-e1-billion-assistance-to-ukraine\/","title":{"rendered":"Council adopts additional \u20ac1 billion assistance to Ukraine"},"content":{"rendered":"<p>The Council today decided\u00a0<strong>to provide \u20ac 1 billion of additional macro-financial assistance (MFA) to Ukraine<\/strong>, as a matter of urgency.<\/p>\n<p><a href=\"https:\/\/www.cde.ual.es\/wp-content\/uploads\/2022\/07\/philbo-NC6lX49b9Cs-unsplash-1-scaled.jpg\"><img decoding=\"async\" class=\" wp-image-113710 aligncenter\" src=\"https:\/\/www.cde.ual.es\/wp-content\/uploads\/2022\/07\/philbo-NC6lX49b9Cs-unsplash-1-scaled.jpg\" alt=\"\" width=\"314\" height=\"471\" srcset=\"https:\/\/www.cde.ual.es\/wp-content\/uploads\/2022\/07\/philbo-NC6lX49b9Cs-unsplash-1-scaled.jpg 1707w, https:\/\/www.cde.ual.es\/wp-content\/uploads\/2022\/07\/philbo-NC6lX49b9Cs-unsplash-1-200x300.jpg 200w, https:\/\/www.cde.ual.es\/wp-content\/uploads\/2022\/07\/philbo-NC6lX49b9Cs-unsplash-1-683x1024.jpg 683w, https:\/\/www.cde.ual.es\/wp-content\/uploads\/2022\/07\/philbo-NC6lX49b9Cs-unsplash-1-768x1152.jpg 768w, https:\/\/www.cde.ual.es\/wp-content\/uploads\/2022\/07\/philbo-NC6lX49b9Cs-unsplash-1-1024x1536.jpg 1024w, https:\/\/www.cde.ual.es\/wp-content\/uploads\/2022\/07\/philbo-NC6lX49b9Cs-unsplash-1-1365x2048.jpg 1365w\" sizes=\"(max-width: 314px) 100vw, 314px\" \/><\/a><\/p>\n<p>Together with the emergency MFA of \u20ac 1.2 billion disbursed earlier this year, the total macro-financial support from the EU to Ukraine since the start of the war now reaches\u00a0<strong>\u20ac 2.2 billion and it is expected to increase further<\/strong> in the coming months. This financial assistance complements other EU support to Ukraine in the humanitarian, development, customs and defence fields.<\/p>\n<blockquote><p>Zbyn\u011bk Stanjura, Minister of Finance of Czechia: The continuation of material and financial aid is not an option, but our duty. Therefore I am very pleased that we have fast-tracked the decision to provide \u20ac 1 billion of macro-financial assistance. This will give Ukraine the necessary funds to cover urgent needs and ensure the operation of critical infrastructure.<\/p><\/blockquote>\n<p>The MFA adopted today aims to address the immediate and most urgent funding needs of Ukraine, and to ensure the Ukrainian state can continue to perform its most critical functions. It takes the form of a highly concessional\u00a0<strong>long-term loan<\/strong>. It will have an availability period of one year and will be disbursed as a single instalment, which may be split into one or more tranches. This new MFA operation is part of the extraordinary international effort by bilateral donors and international financial institutions to support Ukraine at this critical juncture.<\/p>\n<table style=\"width: 99.9988%; border-collapse: collapse; border-style: double; border-color: #001f7d;\" cellpadding=\"0,5\">\n<tbody>\n<tr>\n<td style=\"width: 100%;\"><a href=\"https:\/\/www.cde.ual.es\/en\/how-the-eu-is-supporting-ukraine\/\" target=\"_blank\" rel=\"noopener\"><img decoding=\"async\" class=\"alignleft\" src=\"https:\/\/www.cde.ual.es\/wp-content\/uploads\/2022\/02\/Ucrania.jpg\" alt=\"\" width=\"201\" height=\"134\" \/><\/a><\/p>\n<h4 class=\"entry-title\"><a href=\"https:\/\/www.cde.ual.es\/en\/how-the-eu-is-supporting-ukraine\/\" target=\"_blank\" rel=\"noopener\">How the EU is supporting Ukraine<\/a><\/h4>\n<\/td>\n<\/tr>\n<\/tbody>\n<\/table>\n<p>The release of the instalment and the assistance will take place once a memorandum of understanding is agreed with the Ukrainian authorities. It will include enhanced transparency and reporting on the use of funds and will define the setting-up of reporting requirements to which this MFA will be linked.<\/p>\n<p>In view of the extremely challenging situation Ukraine is facing, the EU budget will exceptionally cover the interest rate costs arising from the MFA, in the form of a loan, thereby limiting the impact on the fiscal sustainability of the country. This way, the EU will provide\u00a0<strong>additional financial relief<\/strong>\u00a0to Ukraine, and contribute to improving its public debt sustainability. The EU will arrange a loan with a long maturity in order to provide as long a period as possible for Ukraine to return to growth,\u00a0<strong>reconstruct its economy in line with its European aspirations<\/strong>\u00a0and maximise the chances of full repayment.<\/p>\n<p>Source: <a href=\"https:\/\/www.consilium.europa.eu\/en\/press\/press-releases\/2022\/07\/12\/council-adopts-additional-1-billion-assistance-to-ukraine\/\" target=\"_blank\" rel=\"noopener\">Press release &#8211; European Council<\/a><\/p>\n","protected":false},"excerpt":{"rendered":"<p>The Council today decided\u00a0to provide \u20ac 1 billion of additional macro-financial assistance (MFA) to Ukraine, as a matter of urgency. Together with the emergency MFA of \u20ac 1.2 billion disbursed earlier this year, the total macro-financial support from the EU to Ukraine since the start of the war now reaches\u00a0\u20ac 2.2 billion and it is [&hellip;]<\/p>\n","protected":false},"author":101011,"featured_media":113710,"comment_status":"open","ping_status":"open","sticky":false,"template":"","format":"standard","meta":{"_acf_changed":false,"_relevanssi_hide_post":"","_relevanssi_hide_content":"","_relevanssi_pin_for_all":"","_relevanssi_pin_keywords":"","_relevanssi_unpin_keywords":"","_relevanssi_related_keywords":"","_relevanssi_related_include_ids":"","_relevanssi_related_exclude_ids":"","_relevanssi_related_no_append":"","_relevanssi_related_not_related":"","_relevanssi_related_posts":"","_relevanssi_noindex_reason":"","_monsterinsights_skip_tracking":false,"_monsterinsights_sitenote_active":false,"_monsterinsights_sitenote_note":"","_monsterinsights_sitenote_category":0,"_genesis_hide_title":false,"_genesis_hide_breadcrumbs":false,"_genesis_hide_singular_image":false,"_genesis_hide_footer_widgets":false,"_genesis_custom_body_class":"","_genesis_custom_post_class":"","_genesis_layout":"","footnotes":""},"categories":[346,4064,4065],"tags":[5109,726,368,6674,5005,351,3368],"class_list":{"0":"post-113715","1":"post","2":"type-post","3":"status-publish","4":"format-standard","5":"has-post-thumbnail","7":"category-eu-news","8":"category-institutional","9":"category-international-pol-coop","10":"tag-consejo-europeo-en-2","11":"tag-european-council","12":"tag-european-union","13":"tag-help-ukraine","14":"tag-ukraine","15":"tag-union-europea-en","16":"tag-war","17":"entry"},"acf":[],"yoast_head":"<!-- This site is optimized with the Yoast SEO plugin v27.4 - https:\/\/yoast.com\/product\/yoast-seo-wordpress\/ -->\n<title>Council adopts additional \u20ac1 billion assistance to Ukraine | CDE Almer\u00eda - Centro de Documentaci\u00f3n Europea - Universidad de Almer\u00eda<\/title>\n<meta name=\"robots\" content=\"index, follow, max-snippet:-1, max-image-preview:large, max-video-preview:-1\" \/>\n<link rel=\"canonical\" href=\"https:\/\/www.cde.ual.es\/el-consejo-aprueba-una-ayuda-adicional-de-1-000-millones-de-euros-a-ucrania\/\" \/>\n<meta property=\"og:locale\" content=\"en_US\" \/>\n<meta property=\"og:type\" content=\"article\" \/>\n<meta property=\"og:title\" content=\"Council adopts additional \u20ac1 billion assistance to Ukraine | CDE Almer\u00eda - Centro de Documentaci\u00f3n Europea - Universidad de Almer\u00eda\" \/>\n<meta property=\"og:description\" content=\"The Council today decided\u00a0to provide \u20ac 1 billion of additional macro-financial assistance (MFA) to Ukraine, as a matter of urgency. Together with the emergency MFA of \u20ac 1.2 billion disbursed earlier this year, the total macro-financial support from the EU to Ukraine since the start of the war now reaches\u00a0\u20ac 2.2 billion and it is [&hellip;]\" \/>\n<meta property=\"og:url\" content=\"https:\/\/www.cde.ual.es\/el-consejo-aprueba-una-ayuda-adicional-de-1-000-millones-de-euros-a-ucrania\/\" \/>\n<meta property=\"og:site_name\" content=\"CDE Almer\u00eda - Centro de Documentaci\u00f3n Europea - Universidad de Almer\u00eda\" \/>\n<meta property=\"article:publisher\" content=\"https:\/\/www.facebook.com\/cdeuniversidadalmeria\/\" \/>\n<meta property=\"article:published_time\" content=\"2022-07-14T01:00:55+00:00\" \/>\n<meta property=\"og:image\" content=\"https:\/\/www.cde.ual.es\/wp-content\/uploads\/2022\/07\/philbo-NC6lX49b9Cs-unsplash-1-scaled.jpg\" \/>\n\t<meta property=\"og:image:width\" content=\"1707\" \/>\n\t<meta property=\"og:image:height\" content=\"2560\" \/>\n\t<meta property=\"og:image:type\" content=\"image\/jpeg\" \/>\n<meta name=\"author\" content=\"BECA 2 CDE\" \/>\n<meta name=\"twitter:card\" content=\"summary_large_image\" \/>\n<meta name=\"twitter:creator\" content=\"@cdeualmeria\" \/>\n<meta name=\"twitter:site\" content=\"@cdeualmeria\" \/>\n<meta name=\"twitter:label1\" content=\"Written by\" \/>\n\t<meta name=\"twitter:data1\" content=\"BECA 2 CDE\" \/>\n\t<meta name=\"twitter:label2\" content=\"Est. reading time\" \/>\n\t<meta name=\"twitter:data2\" content=\"3 minutes\" \/>\n<script type=\"application\/ld+json\" class=\"yoast-schema-graph\">{\"@context\":\"https:\\\/\\\/schema.org\",\"@graph\":[{\"@type\":\"Article\",\"@id\":\"https:\\\/\\\/www.cde.ual.es\\\/el-consejo-aprueba-una-ayuda-adicional-de-1-000-millones-de-euros-a-ucrania\\\/#article\",\"isPartOf\":{\"@id\":\"https:\\\/\\\/www.cde.ual.es\\\/el-consejo-aprueba-una-ayuda-adicional-de-1-000-millones-de-euros-a-ucrania\\\/\"},\"author\":{\"name\":\"BECA 2 CDE\",\"@id\":\"https:\\\/\\\/www.cde.ual.es\\\/#\\\/schema\\\/person\\\/ee46ebc19edfa19598c02cff83335acc\"},\"headline\":\"Council adopts additional \u20ac1 billion assistance to Ukraine\",\"datePublished\":\"2022-07-14T01:00:55+00:00\",\"mainEntityOfPage\":{\"@id\":\"https:\\\/\\\/www.cde.ual.es\\\/el-consejo-aprueba-una-ayuda-adicional-de-1-000-millones-de-euros-a-ucrania\\\/\"},\"wordCount\":394,\"commentCount\":0,\"publisher\":{\"@id\":\"https:\\\/\\\/www.cde.ual.es\\\/#organization\"},\"image\":{\"@id\":\"https:\\\/\\\/www.cde.ual.es\\\/el-consejo-aprueba-una-ayuda-adicional-de-1-000-millones-de-euros-a-ucrania\\\/#primaryimage\"},\"thumbnailUrl\":\"https:\\\/\\\/www.cde.ual.es\\\/wp-content\\\/uploads\\\/2022\\\/07\\\/philbo-NC6lX49b9Cs-unsplash-1-scaled.jpg\",\"keywords\":[\"Consejo Europeo\",\"European Council\",\"European Union\",\"help ukraine\",\"ukraine\",\"Uni\u00f3n Europea\",\"war\"],\"articleSection\":[\"EU News\",\"Institutional Affairs\",\"International Politics and Cooperation\"],\"inLanguage\":\"en-US\",\"potentialAction\":[{\"@type\":\"CommentAction\",\"name\":\"Comment\",\"target\":[\"https:\\\/\\\/www.cde.ual.es\\\/el-consejo-aprueba-una-ayuda-adicional-de-1-000-millones-de-euros-a-ucrania\\\/#respond\"]}]},{\"@type\":\"WebPage\",\"@id\":\"https:\\\/\\\/www.cde.ual.es\\\/el-consejo-aprueba-una-ayuda-adicional-de-1-000-millones-de-euros-a-ucrania\\\/\",\"url\":\"https:\\\/\\\/www.cde.ual.es\\\/el-consejo-aprueba-una-ayuda-adicional-de-1-000-millones-de-euros-a-ucrania\\\/\",\"name\":\"Council adopts additional \u20ac1 billion assistance to Ukraine | CDE Almer\u00eda - Centro de Documentaci\u00f3n Europea - Universidad de Almer\u00eda\",\"isPartOf\":{\"@id\":\"https:\\\/\\\/www.cde.ual.es\\\/#website\"},\"primaryImageOfPage\":{\"@id\":\"https:\\\/\\\/www.cde.ual.es\\\/el-consejo-aprueba-una-ayuda-adicional-de-1-000-millones-de-euros-a-ucrania\\\/#primaryimage\"},\"image\":{\"@id\":\"https:\\\/\\\/www.cde.ual.es\\\/el-consejo-aprueba-una-ayuda-adicional-de-1-000-millones-de-euros-a-ucrania\\\/#primaryimage\"},\"thumbnailUrl\":\"https:\\\/\\\/www.cde.ual.es\\\/wp-content\\\/uploads\\\/2022\\\/07\\\/philbo-NC6lX49b9Cs-unsplash-1-scaled.jpg\",\"datePublished\":\"2022-07-14T01:00:55+00:00\",\"breadcrumb\":{\"@id\":\"https:\\\/\\\/www.cde.ual.es\\\/el-consejo-aprueba-una-ayuda-adicional-de-1-000-millones-de-euros-a-ucrania\\\/#breadcrumb\"},\"inLanguage\":\"en-US\",\"potentialAction\":[{\"@type\":\"ReadAction\",\"target\":[\"https:\\\/\\\/www.cde.ual.es\\\/el-consejo-aprueba-una-ayuda-adicional-de-1-000-millones-de-euros-a-ucrania\\\/\"]}]},{\"@type\":\"ImageObject\",\"inLanguage\":\"en-US\",\"@id\":\"https:\\\/\\\/www.cde.ual.es\\\/el-consejo-aprueba-una-ayuda-adicional-de-1-000-millones-de-euros-a-ucrania\\\/#primaryimage\",\"url\":\"https:\\\/\\\/www.cde.ual.es\\\/wp-content\\\/uploads\\\/2022\\\/07\\\/philbo-NC6lX49b9Cs-unsplash-1-scaled.jpg\",\"contentUrl\":\"https:\\\/\\\/www.cde.ual.es\\\/wp-content\\\/uploads\\\/2022\\\/07\\\/philbo-NC6lX49b9Cs-unsplash-1-scaled.jpg\",\"width\":1707,\"height\":2560},{\"@type\":\"BreadcrumbList\",\"@id\":\"https:\\\/\\\/www.cde.ual.es\\\/el-consejo-aprueba-una-ayuda-adicional-de-1-000-millones-de-euros-a-ucrania\\\/#breadcrumb\",\"itemListElement\":[{\"@type\":\"ListItem\",\"position\":1,\"name\":\"Inicio\",\"item\":\"https:\\\/\\\/www.cde.ual.es\\\/en\\\/\"},{\"@type\":\"ListItem\",\"position\":2,\"name\":\"Noticias UE\",\"item\":\"https:\\\/\\\/www.cde.ual.es\\\/category\\\/noticias-ue\\\/\"},{\"@type\":\"ListItem\",\"position\":3,\"name\":\"Asuntos Institucionales\",\"item\":\"https:\\\/\\\/www.cde.ual.es\\\/category\\\/noticias-ue\\\/institucionales\\\/\"},{\"@type\":\"ListItem\",\"position\":4,\"name\":\"International Politics and Cooperation\",\"item\":\"https:\\\/\\\/www.cde.ual.es\\\/en\\\/category\\\/eu-news\\\/institutional\\\/international-pol-coop\\\/\"},{\"@type\":\"ListItem\",\"position\":5,\"name\":\"Council adopts additional \u20ac1 billion assistance to Ukraine\"}]},{\"@type\":\"WebSite\",\"@id\":\"https:\\\/\\\/www.cde.ual.es\\\/#website\",\"url\":\"https:\\\/\\\/www.cde.ual.es\\\/\",\"name\":\"CDE Almer\u00eda - Centro de Documentaci\u00f3n Europea - Universidad de Almer\u00eda\",\"description\":\"Centro de Documentaci\u00f3n Europea de la Universidad de Almer\u00eda\",\"publisher\":{\"@id\":\"https:\\\/\\\/www.cde.ual.es\\\/#organization\"},\"alternateName\":\"CDE Almer\u00eda\",\"potentialAction\":[{\"@type\":\"SearchAction\",\"target\":{\"@type\":\"EntryPoint\",\"urlTemplate\":\"https:\\\/\\\/www.cde.ual.es\\\/?s={search_term_string}\"},\"query-input\":{\"@type\":\"PropertyValueSpecification\",\"valueRequired\":true,\"valueName\":\"search_term_string\"}}],\"inLanguage\":\"en-US\"},{\"@type\":\"Organization\",\"@id\":\"https:\\\/\\\/www.cde.ual.es\\\/#organization\",\"name\":\"Centro de Documentaci\u00f3n Europea de Almer\u00eda\",\"url\":\"https:\\\/\\\/www.cde.ual.es\\\/\",\"logo\":{\"@type\":\"ImageObject\",\"inLanguage\":\"en-US\",\"@id\":\"https:\\\/\\\/www.cde.ual.es\\\/#\\\/schema\\\/logo\\\/image\\\/\",\"url\":\"https:\\\/\\\/www.cde.ual.es\\\/wp-content\\\/uploads\\\/2025\\\/07\\\/cde-logo-3.png\",\"contentUrl\":\"https:\\\/\\\/www.cde.ual.es\\\/wp-content\\\/uploads\\\/2025\\\/07\\\/cde-logo-3.png\",\"width\":1400,\"height\":300,\"caption\":\"Centro de Documentaci\u00f3n Europea de Almer\u00eda\"},\"image\":{\"@id\":\"https:\\\/\\\/www.cde.ual.es\\\/#\\\/schema\\\/logo\\\/image\\\/\"},\"sameAs\":[\"https:\\\/\\\/www.facebook.com\\\/cdeuniversidadalmeria\\\/\",\"https:\\\/\\\/x.com\\\/cdeualmeria\",\"https:\\\/\\\/www.tiktok.com\\\/@cdealmeria\",\"https:\\\/\\\/www.instagram.com\\\/cdealmeria\\\/\",\"https:\\\/\\\/www.linkedin.com\\\/in\\\/cde-almera-812b26a9\\\/\"]},{\"@type\":\"Person\",\"@id\":\"https:\\\/\\\/www.cde.ual.es\\\/#\\\/schema\\\/person\\\/ee46ebc19edfa19598c02cff83335acc\",\"name\":\"BECA 2 CDE\",\"image\":{\"@type\":\"ImageObject\",\"inLanguage\":\"en-US\",\"@id\":\"https:\\\/\\\/secure.gravatar.com\\\/avatar\\\/35a481bbc04bbd90e91bdfa3b0b5541036c222a49b9ad37b6889a2afcb5311a5?s=96&d=mm&r=g\",\"url\":\"https:\\\/\\\/secure.gravatar.com\\\/avatar\\\/35a481bbc04bbd90e91bdfa3b0b5541036c222a49b9ad37b6889a2afcb5311a5?s=96&d=mm&r=g\",\"contentUrl\":\"https:\\\/\\\/secure.gravatar.com\\\/avatar\\\/35a481bbc04bbd90e91bdfa3b0b5541036c222a49b9ad37b6889a2afcb5311a5?s=96&d=mm&r=g\",\"caption\":\"BECA 2 CDE\"},\"sameAs\":[\"http:\\\/\\\/www.cdealmeria.com\"]}]}<\/script>\n<!-- \/ Yoast SEO plugin. -->","yoast_head_json":{"title":"Council adopts additional \u20ac1 billion assistance to Ukraine | CDE Almer\u00eda - Centro de Documentaci\u00f3n Europea - Universidad de Almer\u00eda","robots":{"index":"index","follow":"follow","max-snippet":"max-snippet:-1","max-image-preview":"max-image-preview:large","max-video-preview":"max-video-preview:-1"},"canonical":"https:\/\/www.cde.ual.es\/el-consejo-aprueba-una-ayuda-adicional-de-1-000-millones-de-euros-a-ucrania\/","og_locale":"en_US","og_type":"article","og_title":"Council adopts additional \u20ac1 billion assistance to Ukraine | CDE Almer\u00eda - Centro de Documentaci\u00f3n Europea - Universidad de Almer\u00eda","og_description":"The Council today decided\u00a0to provide \u20ac 1 billion of additional macro-financial assistance (MFA) to Ukraine, as a matter of urgency. Together with the emergency MFA of \u20ac 1.2 billion disbursed earlier this year, the total macro-financial support from the EU to Ukraine since the start of the war now reaches\u00a0\u20ac 2.2 billion and it is [&hellip;]","og_url":"https:\/\/www.cde.ual.es\/el-consejo-aprueba-una-ayuda-adicional-de-1-000-millones-de-euros-a-ucrania\/","og_site_name":"CDE Almer\u00eda - Centro de Documentaci\u00f3n Europea - Universidad de Almer\u00eda","article_publisher":"https:\/\/www.facebook.com\/cdeuniversidadalmeria\/","article_published_time":"2022-07-14T01:00:55+00:00","og_image":[{"width":1707,"height":2560,"url":"https:\/\/www.cde.ual.es\/wp-content\/uploads\/2022\/07\/philbo-NC6lX49b9Cs-unsplash-1-scaled.jpg","type":"image\/jpeg"}],"author":"BECA 2 CDE","twitter_card":"summary_large_image","twitter_creator":"@cdeualmeria","twitter_site":"@cdeualmeria","twitter_misc":{"Written by":"BECA 2 CDE","Est. reading time":"3 minutes"},"schema":{"@context":"https:\/\/schema.org","@graph":[{"@type":"Article","@id":"https:\/\/www.cde.ual.es\/el-consejo-aprueba-una-ayuda-adicional-de-1-000-millones-de-euros-a-ucrania\/#article","isPartOf":{"@id":"https:\/\/www.cde.ual.es\/el-consejo-aprueba-una-ayuda-adicional-de-1-000-millones-de-euros-a-ucrania\/"},"author":{"name":"BECA 2 CDE","@id":"https:\/\/www.cde.ual.es\/#\/schema\/person\/ee46ebc19edfa19598c02cff83335acc"},"headline":"Council adopts additional \u20ac1 billion assistance to Ukraine","datePublished":"2022-07-14T01:00:55+00:00","mainEntityOfPage":{"@id":"https:\/\/www.cde.ual.es\/el-consejo-aprueba-una-ayuda-adicional-de-1-000-millones-de-euros-a-ucrania\/"},"wordCount":394,"commentCount":0,"publisher":{"@id":"https:\/\/www.cde.ual.es\/#organization"},"image":{"@id":"https:\/\/www.cde.ual.es\/el-consejo-aprueba-una-ayuda-adicional-de-1-000-millones-de-euros-a-ucrania\/#primaryimage"},"thumbnailUrl":"https:\/\/www.cde.ual.es\/wp-content\/uploads\/2022\/07\/philbo-NC6lX49b9Cs-unsplash-1-scaled.jpg","keywords":["Consejo Europeo","European Council","European Union","help ukraine","ukraine","Uni\u00f3n Europea","war"],"articleSection":["EU News","Institutional Affairs","International Politics and Cooperation"],"inLanguage":"en-US","potentialAction":[{"@type":"CommentAction","name":"Comment","target":["https:\/\/www.cde.ual.es\/el-consejo-aprueba-una-ayuda-adicional-de-1-000-millones-de-euros-a-ucrania\/#respond"]}]},{"@type":"WebPage","@id":"https:\/\/www.cde.ual.es\/el-consejo-aprueba-una-ayuda-adicional-de-1-000-millones-de-euros-a-ucrania\/","url":"https:\/\/www.cde.ual.es\/el-consejo-aprueba-una-ayuda-adicional-de-1-000-millones-de-euros-a-ucrania\/","name":"Council adopts additional \u20ac1 billion assistance to Ukraine | CDE Almer\u00eda - Centro de Documentaci\u00f3n Europea - Universidad de Almer\u00eda","isPartOf":{"@id":"https:\/\/www.cde.ual.es\/#website"},"primaryImageOfPage":{"@id":"https:\/\/www.cde.ual.es\/el-consejo-aprueba-una-ayuda-adicional-de-1-000-millones-de-euros-a-ucrania\/#primaryimage"},"image":{"@id":"https:\/\/www.cde.ual.es\/el-consejo-aprueba-una-ayuda-adicional-de-1-000-millones-de-euros-a-ucrania\/#primaryimage"},"thumbnailUrl":"https:\/\/www.cde.ual.es\/wp-content\/uploads\/2022\/07\/philbo-NC6lX49b9Cs-unsplash-1-scaled.jpg","datePublished":"2022-07-14T01:00:55+00:00","breadcrumb":{"@id":"https:\/\/www.cde.ual.es\/el-consejo-aprueba-una-ayuda-adicional-de-1-000-millones-de-euros-a-ucrania\/#breadcrumb"},"inLanguage":"en-US","potentialAction":[{"@type":"ReadAction","target":["https:\/\/www.cde.ual.es\/el-consejo-aprueba-una-ayuda-adicional-de-1-000-millones-de-euros-a-ucrania\/"]}]},{"@type":"ImageObject","inLanguage":"en-US","@id":"https:\/\/www.cde.ual.es\/el-consejo-aprueba-una-ayuda-adicional-de-1-000-millones-de-euros-a-ucrania\/#primaryimage","url":"https:\/\/www.cde.ual.es\/wp-content\/uploads\/2022\/07\/philbo-NC6lX49b9Cs-unsplash-1-scaled.jpg","contentUrl":"https:\/\/www.cde.ual.es\/wp-content\/uploads\/2022\/07\/philbo-NC6lX49b9Cs-unsplash-1-scaled.jpg","width":1707,"height":2560},{"@type":"BreadcrumbList","@id":"https:\/\/www.cde.ual.es\/el-consejo-aprueba-una-ayuda-adicional-de-1-000-millones-de-euros-a-ucrania\/#breadcrumb","itemListElement":[{"@type":"ListItem","position":1,"name":"Inicio","item":"https:\/\/www.cde.ual.es\/en\/"},{"@type":"ListItem","position":2,"name":"Noticias UE","item":"https:\/\/www.cde.ual.es\/category\/noticias-ue\/"},{"@type":"ListItem","position":3,"name":"Asuntos Institucionales","item":"https:\/\/www.cde.ual.es\/category\/noticias-ue\/institucionales\/"},{"@type":"ListItem","position":4,"name":"International Politics and Cooperation","item":"https:\/\/www.cde.ual.es\/en\/category\/eu-news\/institutional\/international-pol-coop\/"},{"@type":"ListItem","position":5,"name":"Council adopts additional \u20ac1 billion assistance to Ukraine"}]},{"@type":"WebSite","@id":"https:\/\/www.cde.ual.es\/#website","url":"https:\/\/www.cde.ual.es\/","name":"CDE Almer\u00eda - Centro de Documentaci\u00f3n Europea - Universidad de Almer\u00eda","description":"Centro de Documentaci\u00f3n Europea de la Universidad de Almer\u00eda","publisher":{"@id":"https:\/\/www.cde.ual.es\/#organization"},"alternateName":"CDE Almer\u00eda","potentialAction":[{"@type":"SearchAction","target":{"@type":"EntryPoint","urlTemplate":"https:\/\/www.cde.ual.es\/?s={search_term_string}"},"query-input":{"@type":"PropertyValueSpecification","valueRequired":true,"valueName":"search_term_string"}}],"inLanguage":"en-US"},{"@type":"Organization","@id":"https:\/\/www.cde.ual.es\/#organization","name":"Centro de Documentaci\u00f3n Europea de Almer\u00eda","url":"https:\/\/www.cde.ual.es\/","logo":{"@type":"ImageObject","inLanguage":"en-US","@id":"https:\/\/www.cde.ual.es\/#\/schema\/logo\/image\/","url":"https:\/\/www.cde.ual.es\/wp-content\/uploads\/2025\/07\/cde-logo-3.png","contentUrl":"https:\/\/www.cde.ual.es\/wp-content\/uploads\/2025\/07\/cde-logo-3.png","width":1400,"height":300,"caption":"Centro de Documentaci\u00f3n Europea de Almer\u00eda"},"image":{"@id":"https:\/\/www.cde.ual.es\/#\/schema\/logo\/image\/"},"sameAs":["https:\/\/www.facebook.com\/cdeuniversidadalmeria\/","https:\/\/x.com\/cdeualmeria","https:\/\/www.tiktok.com\/@cdealmeria","https:\/\/www.instagram.com\/cdealmeria\/","https:\/\/www.linkedin.com\/in\/cde-almera-812b26a9\/"]},{"@type":"Person","@id":"https:\/\/www.cde.ual.es\/#\/schema\/person\/ee46ebc19edfa19598c02cff83335acc","name":"BECA 2 CDE","image":{"@type":"ImageObject","inLanguage":"en-US","@id":"https:\/\/secure.gravatar.com\/avatar\/35a481bbc04bbd90e91bdfa3b0b5541036c222a49b9ad37b6889a2afcb5311a5?s=96&d=mm&r=g","url":"https:\/\/secure.gravatar.com\/avatar\/35a481bbc04bbd90e91bdfa3b0b5541036c222a49b9ad37b6889a2afcb5311a5?s=96&d=mm&r=g","contentUrl":"https:\/\/secure.gravatar.com\/avatar\/35a481bbc04bbd90e91bdfa3b0b5541036c222a49b9ad37b6889a2afcb5311a5?s=96&d=mm&r=g","caption":"BECA 2 CDE"},"sameAs":["http:\/\/www.cdealmeria.com"]}]}},"_links":{"self":[{"href":"https:\/\/www.cde.ual.es\/en\/wp-json\/wp\/v2\/posts\/113715","targetHints":{"allow":["GET"]}}],"collection":[{"href":"https:\/\/www.cde.ual.es\/en\/wp-json\/wp\/v2\/posts"}],"about":[{"href":"https:\/\/www.cde.ual.es\/en\/wp-json\/wp\/v2\/types\/post"}],"author":[{"embeddable":true,"href":"https:\/\/www.cde.ual.es\/en\/wp-json\/wp\/v2\/users\/101011"}],"replies":[{"embeddable":true,"href":"https:\/\/www.cde.ual.es\/en\/wp-json\/wp\/v2\/comments?post=113715"}],"version-history":[{"count":2,"href":"https:\/\/www.cde.ual.es\/en\/wp-json\/wp\/v2\/posts\/113715\/revisions"}],"predecessor-version":[{"id":113728,"href":"https:\/\/www.cde.ual.es\/en\/wp-json\/wp\/v2\/posts\/113715\/revisions\/113728"}],"wp:featuredmedia":[{"embeddable":true,"href":"https:\/\/www.cde.ual.es\/en\/wp-json\/wp\/v2\/media\/113710"}],"wp:attachment":[{"href":"https:\/\/www.cde.ual.es\/en\/wp-json\/wp\/v2\/media?parent=113715"}],"wp:term":[{"taxonomy":"category","embeddable":true,"href":"https:\/\/www.cde.ual.es\/en\/wp-json\/wp\/v2\/categories?post=113715"},{"taxonomy":"post_tag","embeddable":true,"href":"https:\/\/www.cde.ual.es\/en\/wp-json\/wp\/v2\/tags?post=113715"}],"curies":[{"name":"wp","href":"https:\/\/api.w.org\/{rel}","templated":true}]}}