{"id":113555,"date":"2022-07-12T11:33:36","date_gmt":"2022-07-12T09:33:36","guid":{"rendered":"https:\/\/www.cde.ual.es\/?p=113555"},"modified":"2022-07-12T11:33:36","modified_gmt":"2022-07-12T09:33:36","slug":"the-eu-on-the-first-anniversary-of-the-2021-demonstrations-in-cuba","status":"publish","type":"post","link":"https:\/\/www.cde.ual.es\/en\/the-eu-on-the-first-anniversary-of-the-2021-demonstrations-in-cuba\/","title":{"rendered":"The EU on the first anniversary of the 2021 demonstrations in Cuba"},"content":{"rendered":"<figure id=\"attachment_105592\" aria-describedby=\"caption-attachment-105592\" style=\"width: 2560px\" class=\"wp-caption aligncenter\"><a href=\"https:\/\/www.cde.ual.es\/wp-content\/uploads\/2022\/05\/165A2F78-2141-2246-B30B-4988A6D0B78E-scaled.jpg\"><img decoding=\"async\" class=\"wp-image-105592 size-full\" src=\"https:\/\/www.cde.ual.es\/wp-content\/uploads\/2022\/05\/165A2F78-2141-2246-B30B-4988A6D0B78E-scaled.jpg\" alt=\"La UE ante el primer aniversario de las manifestaciones del 2021 en Cuba\" width=\"2560\" height=\"1704\" srcset=\"https:\/\/www.cde.ual.es\/wp-content\/uploads\/2022\/05\/165A2F78-2141-2246-B30B-4988A6D0B78E-scaled.jpg 2560w, https:\/\/www.cde.ual.es\/wp-content\/uploads\/2022\/05\/165A2F78-2141-2246-B30B-4988A6D0B78E-300x200.jpg 300w, https:\/\/www.cde.ual.es\/wp-content\/uploads\/2022\/05\/165A2F78-2141-2246-B30B-4988A6D0B78E-1024x681.jpg 1024w, https:\/\/www.cde.ual.es\/wp-content\/uploads\/2022\/05\/165A2F78-2141-2246-B30B-4988A6D0B78E-768x511.jpg 768w, https:\/\/www.cde.ual.es\/wp-content\/uploads\/2022\/05\/165A2F78-2141-2246-B30B-4988A6D0B78E-1536x1022.jpg 1536w, https:\/\/www.cde.ual.es\/wp-content\/uploads\/2022\/05\/165A2F78-2141-2246-B30B-4988A6D0B78E-2048x1363.jpg 2048w\" sizes=\"(max-width: 2560px) 100vw, 2560px\" \/><\/a><figcaption id=\"caption-attachment-105592\" class=\"wp-caption-text\">Josep Borrell<\/figcaption><\/figure>\n<p style=\"text-align: justify;\">Declaration by the High Representative on behalf of the EU<\/p>\n<p>One year has passed since thousands of Cuban citizens took to the streets across the island to express their legitimate grievances about deteriorating living conditions as well as their demands for human rights, in particular civil and political rights, and for democracy. These spontaneous protests were met with repression, with over 1,400 people having been arrested and 790 indicted in connection with these events.<\/p>\n<table style=\"width: 99.9988%; border-collapse: collapse; border-style: double; border-color: #001f7d;\" cellpadding=\"0,5\">\n<tbody>\n<tr>\n<td style=\"width: 100%;\"><a href=\"https:\/\/www.cde.ual.es\/ficha\/rule-of-law-and-human-rights-in-cuba-and-venezuela-and-eu-engagement\/\" target=\"_blank\" rel=\"noopener\"><img decoding=\"async\" class=\"alignleft\" src=\"https:\/\/www.cde.ual.es\/wp-content\/uploads\/2019\/02\/think-tank-venezuela-212x300.png\" alt=\"\" width=\"141\" height=\"199\" \/><\/a><\/p>\n<h4 class=\"entry-title\"><a href=\"https:\/\/www.cde.ual.es\/ficha\/rule-of-law-and-human-rights-in-cuba-and-venezuela-and-eu-engagement\/\" target=\"_blank\" rel=\"noopener\">Rule of law and human rights in Cuba and Venezuela and EU engagement<br \/>\n<\/a><\/h4>\n<\/td>\n<\/tr>\n<\/tbody>\n<\/table>\n<p>Since then, the European Union has been following with deep concern the disproportionate prison sentences handed down in Cuba to those involved in the events of 11 and 12 July 2021, some of whom were under the age of 18 at the time of their arrest. These trials raise important concerns in relation to basic principles and international standards of transparency and due process.<\/p>\n<p>During the past 12 months, the European Union has reiterated its call on the Cuban government to respect the human rights and freedoms of the Cuban people, including freedom of association, freedom of peaceful assembly and freedom of expression, and to release all political prisoners and those detained solely on the grounds of exercising their freedom of peaceful assembly and expression, and will continue to do so. Moreover, the European Union has consistently encouraged the Cuban government to engage in a meaningful and inclusive dialogue with Cuban people about their legitimate grievances. The European Union reiterates its requests to the Cuban authorities to allow the diplomatic community to attend the trials.<\/p>\n<table style=\"width: 99.9988%; border-collapse: collapse; border-style: double; border-color: #001f7d;\" cellpadding=\"0,5\">\n<tbody>\n<tr>\n<td style=\"width: 100%;\"><a href=\"https:\/\/www.cde.ual.es\/que-es-la-brujula-estrategica-europea\/\" target=\"_blank\" rel=\"noopener\"><img decoding=\"async\" class=\"alignleft\" src=\"https:\/\/www.cde.ual.es\/wp-content\/uploads\/2020\/03\/defensa-300x169.png\" alt=\"\" width=\"201\" height=\"134\" \/><\/a><\/p>\n<h4 class=\"entry-title\"><a href=\"https:\/\/www.cde.ual.es\/que-es-la-brujula-estrategica-europea\/\" target=\"_blank\" rel=\"noopener\">\u00bfQu\u00e9 es la Br\u00fajula Estrat\u00e9gica Europea?<\/a><\/h4>\n<\/td>\n<\/tr>\n<\/tbody>\n<\/table>\n<div><\/div>\n<div class=\"col-md-9 council-left-content-basic council-flexify\" style=\"text-align: justify;\">\n<p>The European Union recalls the importance of ongoing exchanges on these issues with the Cuban authorities, and stands ready to support all efforts aimed at protecting, promoting and implementing the human rights and freedoms of all Cubans and at improving their living conditions, in the framework of the EU-Cuba Political Dialogue and Cooperation Agreement.<\/p>\n<\/div>\n<div class=\"col-md-9 council-left-content-basic council-flexify\">\n<div class=\"well-default margin-y-20\" style=\"text-align: justify;\"><strong>More information: <a href=\"https:\/\/www.consilium.europa.eu\/es\/press\/press-releases\/2022\/07\/11\/cuba-declaration-by-the-high-representative-on-behalf-of-the-eu-on-the-first-anniversary-of-the-demonstrations-of-11-and-12-july-2021\/\">European Council &#8211; Press release<\/a><\/strong><\/div>\n<\/div>\n","protected":false},"excerpt":{"rendered":"<p>Declaration by the High Representative on behalf of the EU One year has passed since thousands of Cuban citizens took to the streets across the island to express their legitimate grievances about deteriorating living conditions as well as their demands for human rights, in particular civil and political rights, and for democracy. These spontaneous protests [&hellip;]<\/p>\n","protected":false},"author":101011,"featured_media":105593,"comment_status":"open","ping_status":"open","sticky":false,"template":"","format":"standard","meta":{"_acf_changed":false,"_relevanssi_hide_post":"","_relevanssi_hide_content":"","_relevanssi_pin_for_all":"","_relevanssi_pin_keywords":"","_relevanssi_unpin_keywords":"","_relevanssi_related_keywords":"","_relevanssi_related_include_ids":"","_relevanssi_related_exclude_ids":"","_relevanssi_related_no_append":"","_relevanssi_related_not_related":"","_relevanssi_related_posts":"","_relevanssi_noindex_reason":"","_monsterinsights_skip_tracking":false,"_monsterinsights_sitenote_active":false,"_monsterinsights_sitenote_note":"","_monsterinsights_sitenote_category":0,"_genesis_hide_title":false,"_genesis_hide_breadcrumbs":false,"_genesis_hide_singular_image":false,"_genesis_hide_footer_widgets":false,"_genesis_custom_body_class":"","_genesis_custom_post_class":"","_genesis_layout":"","footnotes":""},"categories":[346,4064,4065],"tags":[6657,726,368,5262],"class_list":{"0":"post-113555","1":"post","2":"type-post","3":"status-publish","4":"format-standard","5":"has-post-thumbnail","7":"category-eu-news","8":"category-institutional","9":"category-international-pol-coop","10":"tag-cuba-en","11":"tag-european-council","12":"tag-european-union","13":"tag-josep-borrell-en","14":"entry"},"acf":[],"yoast_head":"<!-- This site is optimized with the Yoast SEO plugin v27.5 - https:\/\/yoast.com\/product\/yoast-seo-wordpress\/ -->\n<title>The EU on the first anniversary of the 2021 demonstrations in Cuba | CDE Almer\u00eda - Centro de Documentaci\u00f3n Europea - Universidad de Almer\u00eda<\/title>\n<meta name=\"robots\" content=\"index, follow, max-snippet:-1, max-image-preview:large, max-video-preview:-1\" \/>\n<link rel=\"canonical\" href=\"https:\/\/www.cde.ual.es\/en\/the-eu-on-the-first-anniversary-of-the-2021-demonstrations-in-cuba\/\" \/>\n<meta property=\"og:locale\" content=\"en_US\" \/>\n<meta property=\"og:type\" content=\"article\" \/>\n<meta property=\"og:title\" content=\"The EU on the first anniversary of the 2021 demonstrations in Cuba | CDE Almer\u00eda - Centro de Documentaci\u00f3n Europea - Universidad de Almer\u00eda\" \/>\n<meta property=\"og:description\" content=\"Declaration by the High Representative on behalf of the EU One year has passed since thousands of Cuban citizens took to the streets across the island to express their legitimate grievances about deteriorating living conditions as well as their demands for human rights, in particular civil and political rights, and for democracy. These spontaneous protests [&hellip;]\" \/>\n<meta property=\"og:url\" content=\"https:\/\/www.cde.ual.es\/en\/the-eu-on-the-first-anniversary-of-the-2021-demonstrations-in-cuba\/\" \/>\n<meta property=\"og:site_name\" content=\"CDE Almer\u00eda - Centro de Documentaci\u00f3n Europea - Universidad de Almer\u00eda\" \/>\n<meta property=\"article:publisher\" content=\"https:\/\/www.facebook.com\/cdeuniversidadalmeria\/\" \/>\n<meta property=\"article:published_time\" content=\"2022-07-12T09:33:36+00:00\" \/>\n<meta property=\"og:image\" content=\"https:\/\/www.cde.ual.es\/wp-content\/uploads\/2022\/05\/165A2F78-2141-2246-B30B-4988A6D0B78E-scaled.jpg\" \/>\n\t<meta property=\"og:image:width\" content=\"2560\" \/>\n\t<meta property=\"og:image:height\" content=\"1704\" \/>\n\t<meta property=\"og:image:type\" content=\"image\/jpeg\" \/>\n<meta name=\"author\" content=\"BECA 2 CDE\" \/>\n<meta name=\"twitter:card\" content=\"summary_large_image\" \/>\n<meta name=\"twitter:creator\" content=\"@cdeualmeria\" \/>\n<meta name=\"twitter:site\" content=\"@cdeualmeria\" \/>\n<meta name=\"twitter:label1\" content=\"Written by\" \/>\n\t<meta name=\"twitter:data1\" content=\"BECA 2 CDE\" \/>\n\t<meta name=\"twitter:label2\" content=\"Est. reading time\" \/>\n\t<meta name=\"twitter:data2\" content=\"2 minutes\" \/>\n<script type=\"application\/ld+json\" class=\"yoast-schema-graph\">{\"@context\":\"https:\\\/\\\/schema.org\",\"@graph\":[{\"@type\":\"Article\",\"@id\":\"https:\\\/\\\/www.cde.ual.es\\\/en\\\/the-eu-on-the-first-anniversary-of-the-2021-demonstrations-in-cuba\\\/#article\",\"isPartOf\":{\"@id\":\"https:\\\/\\\/www.cde.ual.es\\\/en\\\/the-eu-on-the-first-anniversary-of-the-2021-demonstrations-in-cuba\\\/\"},\"author\":{\"name\":\"BECA 2 CDE\",\"@id\":\"https:\\\/\\\/www.cde.ual.es\\\/#\\\/schema\\\/person\\\/ee46ebc19edfa19598c02cff83335acc\"},\"headline\":\"The EU on the first anniversary of the 2021 demonstrations in Cuba\",\"datePublished\":\"2022-07-12T09:33:36+00:00\",\"mainEntityOfPage\":{\"@id\":\"https:\\\/\\\/www.cde.ual.es\\\/en\\\/the-eu-on-the-first-anniversary-of-the-2021-demonstrations-in-cuba\\\/\"},\"wordCount\":344,\"commentCount\":0,\"publisher\":{\"@id\":\"https:\\\/\\\/www.cde.ual.es\\\/#organization\"},\"image\":{\"@id\":\"https:\\\/\\\/www.cde.ual.es\\\/en\\\/the-eu-on-the-first-anniversary-of-the-2021-demonstrations-in-cuba\\\/#primaryimage\"},\"thumbnailUrl\":\"https:\\\/\\\/www.cde.ual.es\\\/wp-content\\\/uploads\\\/2022\\\/05\\\/165A2F78-2141-2246-B30B-4988A6D0B78E-scaled.jpg\",\"keywords\":[\"Cuba\",\"European Council\",\"European Union\",\"Josep Borrell\"],\"articleSection\":[\"EU News\",\"Institutional Affairs\",\"International Politics and Cooperation\"],\"inLanguage\":\"en-US\",\"potentialAction\":[{\"@type\":\"CommentAction\",\"name\":\"Comment\",\"target\":[\"https:\\\/\\\/www.cde.ual.es\\\/en\\\/the-eu-on-the-first-anniversary-of-the-2021-demonstrations-in-cuba\\\/#respond\"]}]},{\"@type\":\"WebPage\",\"@id\":\"https:\\\/\\\/www.cde.ual.es\\\/en\\\/the-eu-on-the-first-anniversary-of-the-2021-demonstrations-in-cuba\\\/\",\"url\":\"https:\\\/\\\/www.cde.ual.es\\\/en\\\/the-eu-on-the-first-anniversary-of-the-2021-demonstrations-in-cuba\\\/\",\"name\":\"The EU on the first anniversary of the 2021 demonstrations in Cuba | CDE Almer\u00eda - Centro de Documentaci\u00f3n Europea - Universidad de Almer\u00eda\",\"isPartOf\":{\"@id\":\"https:\\\/\\\/www.cde.ual.es\\\/#website\"},\"primaryImageOfPage\":{\"@id\":\"https:\\\/\\\/www.cde.ual.es\\\/en\\\/the-eu-on-the-first-anniversary-of-the-2021-demonstrations-in-cuba\\\/#primaryimage\"},\"image\":{\"@id\":\"https:\\\/\\\/www.cde.ual.es\\\/en\\\/the-eu-on-the-first-anniversary-of-the-2021-demonstrations-in-cuba\\\/#primaryimage\"},\"thumbnailUrl\":\"https:\\\/\\\/www.cde.ual.es\\\/wp-content\\\/uploads\\\/2022\\\/05\\\/165A2F78-2141-2246-B30B-4988A6D0B78E-scaled.jpg\",\"datePublished\":\"2022-07-12T09:33:36+00:00\",\"breadcrumb\":{\"@id\":\"https:\\\/\\\/www.cde.ual.es\\\/en\\\/the-eu-on-the-first-anniversary-of-the-2021-demonstrations-in-cuba\\\/#breadcrumb\"},\"inLanguage\":\"en-US\",\"potentialAction\":[{\"@type\":\"ReadAction\",\"target\":[\"https:\\\/\\\/www.cde.ual.es\\\/en\\\/the-eu-on-the-first-anniversary-of-the-2021-demonstrations-in-cuba\\\/\"]}]},{\"@type\":\"ImageObject\",\"inLanguage\":\"en-US\",\"@id\":\"https:\\\/\\\/www.cde.ual.es\\\/en\\\/the-eu-on-the-first-anniversary-of-the-2021-demonstrations-in-cuba\\\/#primaryimage\",\"url\":\"https:\\\/\\\/www.cde.ual.es\\\/wp-content\\\/uploads\\\/2022\\\/05\\\/165A2F78-2141-2246-B30B-4988A6D0B78E-scaled.jpg\",\"contentUrl\":\"https:\\\/\\\/www.cde.ual.es\\\/wp-content\\\/uploads\\\/2022\\\/05\\\/165A2F78-2141-2246-B30B-4988A6D0B78E-scaled.jpg\",\"width\":2560,\"height\":1704,\"caption\":\"Josep Borrell\"},{\"@type\":\"BreadcrumbList\",\"@id\":\"https:\\\/\\\/www.cde.ual.es\\\/en\\\/the-eu-on-the-first-anniversary-of-the-2021-demonstrations-in-cuba\\\/#breadcrumb\",\"itemListElement\":[{\"@type\":\"ListItem\",\"position\":1,\"name\":\"Inicio\",\"item\":\"https:\\\/\\\/www.cde.ual.es\\\/en\\\/\"},{\"@type\":\"ListItem\",\"position\":2,\"name\":\"EU News\",\"item\":\"https:\\\/\\\/www.cde.ual.es\\\/en\\\/category\\\/eu-news\\\/\"},{\"@type\":\"ListItem\",\"position\":3,\"name\":\"Institutional Affairs\",\"item\":\"https:\\\/\\\/www.cde.ual.es\\\/en\\\/category\\\/eu-news\\\/institutional\\\/\"},{\"@type\":\"ListItem\",\"position\":4,\"name\":\"International Politics and Cooperation\",\"item\":\"https:\\\/\\\/www.cde.ual.es\\\/en\\\/category\\\/eu-news\\\/institutional\\\/international-pol-coop\\\/\"},{\"@type\":\"ListItem\",\"position\":5,\"name\":\"The EU on the first anniversary of the 2021 demonstrations in Cuba\"}]},{\"@type\":\"WebSite\",\"@id\":\"https:\\\/\\\/www.cde.ual.es\\\/#website\",\"url\":\"https:\\\/\\\/www.cde.ual.es\\\/\",\"name\":\"CDE Almer\u00eda - Centro de Documentaci\u00f3n Europea - Universidad de Almer\u00eda\",\"description\":\"Centro de Documentaci\u00f3n Europea de la Universidad de Almer\u00eda\",\"publisher\":{\"@id\":\"https:\\\/\\\/www.cde.ual.es\\\/#organization\"},\"alternateName\":\"CDE Almer\u00eda\",\"potentialAction\":[{\"@type\":\"SearchAction\",\"target\":{\"@type\":\"EntryPoint\",\"urlTemplate\":\"https:\\\/\\\/www.cde.ual.es\\\/?s={search_term_string}\"},\"query-input\":{\"@type\":\"PropertyValueSpecification\",\"valueRequired\":true,\"valueName\":\"search_term_string\"}}],\"inLanguage\":\"en-US\"},{\"@type\":\"Organization\",\"@id\":\"https:\\\/\\\/www.cde.ual.es\\\/#organization\",\"name\":\"Centro de Documentaci\u00f3n Europea de Almer\u00eda\",\"url\":\"https:\\\/\\\/www.cde.ual.es\\\/\",\"logo\":{\"@type\":\"ImageObject\",\"inLanguage\":\"en-US\",\"@id\":\"https:\\\/\\\/www.cde.ual.es\\\/#\\\/schema\\\/logo\\\/image\\\/\",\"url\":\"https:\\\/\\\/www.cde.ual.es\\\/wp-content\\\/uploads\\\/2025\\\/07\\\/cde-logo-3.png\",\"contentUrl\":\"https:\\\/\\\/www.cde.ual.es\\\/wp-content\\\/uploads\\\/2025\\\/07\\\/cde-logo-3.png\",\"width\":1400,\"height\":300,\"caption\":\"Centro de Documentaci\u00f3n Europea de Almer\u00eda\"},\"image\":{\"@id\":\"https:\\\/\\\/www.cde.ual.es\\\/#\\\/schema\\\/logo\\\/image\\\/\"},\"sameAs\":[\"https:\\\/\\\/www.facebook.com\\\/cdeuniversidadalmeria\\\/\",\"https:\\\/\\\/x.com\\\/cdeualmeria\",\"https:\\\/\\\/www.tiktok.com\\\/@cdealmeria\",\"https:\\\/\\\/www.instagram.com\\\/cdealmeria\\\/\",\"https:\\\/\\\/www.linkedin.com\\\/in\\\/cde-almera-812b26a9\\\/\"]},{\"@type\":\"Person\",\"@id\":\"https:\\\/\\\/www.cde.ual.es\\\/#\\\/schema\\\/person\\\/ee46ebc19edfa19598c02cff83335acc\",\"name\":\"BECA 2 CDE\",\"image\":{\"@type\":\"ImageObject\",\"inLanguage\":\"en-US\",\"@id\":\"https:\\\/\\\/secure.gravatar.com\\\/avatar\\\/35a481bbc04bbd90e91bdfa3b0b5541036c222a49b9ad37b6889a2afcb5311a5?s=96&d=mm&r=g\",\"url\":\"https:\\\/\\\/secure.gravatar.com\\\/avatar\\\/35a481bbc04bbd90e91bdfa3b0b5541036c222a49b9ad37b6889a2afcb5311a5?s=96&d=mm&r=g\",\"contentUrl\":\"https:\\\/\\\/secure.gravatar.com\\\/avatar\\\/35a481bbc04bbd90e91bdfa3b0b5541036c222a49b9ad37b6889a2afcb5311a5?s=96&d=mm&r=g\",\"caption\":\"BECA 2 CDE\"},\"sameAs\":[\"http:\\\/\\\/www.cdealmeria.com\"]}]}<\/script>\n<!-- \/ Yoast SEO plugin. -->","yoast_head_json":{"title":"The EU on the first anniversary of the 2021 demonstrations in Cuba | CDE Almer\u00eda - Centro de Documentaci\u00f3n Europea - Universidad de Almer\u00eda","robots":{"index":"index","follow":"follow","max-snippet":"max-snippet:-1","max-image-preview":"max-image-preview:large","max-video-preview":"max-video-preview:-1"},"canonical":"https:\/\/www.cde.ual.es\/en\/the-eu-on-the-first-anniversary-of-the-2021-demonstrations-in-cuba\/","og_locale":"en_US","og_type":"article","og_title":"The EU on the first anniversary of the 2021 demonstrations in Cuba | CDE Almer\u00eda - Centro de Documentaci\u00f3n Europea - Universidad de Almer\u00eda","og_description":"Declaration by the High Representative on behalf of the EU One year has passed since thousands of Cuban citizens took to the streets across the island to express their legitimate grievances about deteriorating living conditions as well as their demands for human rights, in particular civil and political rights, and for democracy. These spontaneous protests [&hellip;]","og_url":"https:\/\/www.cde.ual.es\/en\/the-eu-on-the-first-anniversary-of-the-2021-demonstrations-in-cuba\/","og_site_name":"CDE Almer\u00eda - Centro de Documentaci\u00f3n Europea - Universidad de Almer\u00eda","article_publisher":"https:\/\/www.facebook.com\/cdeuniversidadalmeria\/","article_published_time":"2022-07-12T09:33:36+00:00","og_image":[{"width":2560,"height":1704,"url":"https:\/\/www.cde.ual.es\/wp-content\/uploads\/2022\/05\/165A2F78-2141-2246-B30B-4988A6D0B78E-scaled.jpg","type":"image\/jpeg"}],"author":"BECA 2 CDE","twitter_card":"summary_large_image","twitter_creator":"@cdeualmeria","twitter_site":"@cdeualmeria","twitter_misc":{"Written by":"BECA 2 CDE","Est. reading time":"2 minutes"},"schema":{"@context":"https:\/\/schema.org","@graph":[{"@type":"Article","@id":"https:\/\/www.cde.ual.es\/en\/the-eu-on-the-first-anniversary-of-the-2021-demonstrations-in-cuba\/#article","isPartOf":{"@id":"https:\/\/www.cde.ual.es\/en\/the-eu-on-the-first-anniversary-of-the-2021-demonstrations-in-cuba\/"},"author":{"name":"BECA 2 CDE","@id":"https:\/\/www.cde.ual.es\/#\/schema\/person\/ee46ebc19edfa19598c02cff83335acc"},"headline":"The EU on the first anniversary of the 2021 demonstrations in Cuba","datePublished":"2022-07-12T09:33:36+00:00","mainEntityOfPage":{"@id":"https:\/\/www.cde.ual.es\/en\/the-eu-on-the-first-anniversary-of-the-2021-demonstrations-in-cuba\/"},"wordCount":344,"commentCount":0,"publisher":{"@id":"https:\/\/www.cde.ual.es\/#organization"},"image":{"@id":"https:\/\/www.cde.ual.es\/en\/the-eu-on-the-first-anniversary-of-the-2021-demonstrations-in-cuba\/#primaryimage"},"thumbnailUrl":"https:\/\/www.cde.ual.es\/wp-content\/uploads\/2022\/05\/165A2F78-2141-2246-B30B-4988A6D0B78E-scaled.jpg","keywords":["Cuba","European Council","European Union","Josep Borrell"],"articleSection":["EU News","Institutional Affairs","International Politics and Cooperation"],"inLanguage":"en-US","potentialAction":[{"@type":"CommentAction","name":"Comment","target":["https:\/\/www.cde.ual.es\/en\/the-eu-on-the-first-anniversary-of-the-2021-demonstrations-in-cuba\/#respond"]}]},{"@type":"WebPage","@id":"https:\/\/www.cde.ual.es\/en\/the-eu-on-the-first-anniversary-of-the-2021-demonstrations-in-cuba\/","url":"https:\/\/www.cde.ual.es\/en\/the-eu-on-the-first-anniversary-of-the-2021-demonstrations-in-cuba\/","name":"The EU on the first anniversary of the 2021 demonstrations in Cuba | CDE Almer\u00eda - Centro de Documentaci\u00f3n Europea - Universidad de Almer\u00eda","isPartOf":{"@id":"https:\/\/www.cde.ual.es\/#website"},"primaryImageOfPage":{"@id":"https:\/\/www.cde.ual.es\/en\/the-eu-on-the-first-anniversary-of-the-2021-demonstrations-in-cuba\/#primaryimage"},"image":{"@id":"https:\/\/www.cde.ual.es\/en\/the-eu-on-the-first-anniversary-of-the-2021-demonstrations-in-cuba\/#primaryimage"},"thumbnailUrl":"https:\/\/www.cde.ual.es\/wp-content\/uploads\/2022\/05\/165A2F78-2141-2246-B30B-4988A6D0B78E-scaled.jpg","datePublished":"2022-07-12T09:33:36+00:00","breadcrumb":{"@id":"https:\/\/www.cde.ual.es\/en\/the-eu-on-the-first-anniversary-of-the-2021-demonstrations-in-cuba\/#breadcrumb"},"inLanguage":"en-US","potentialAction":[{"@type":"ReadAction","target":["https:\/\/www.cde.ual.es\/en\/the-eu-on-the-first-anniversary-of-the-2021-demonstrations-in-cuba\/"]}]},{"@type":"ImageObject","inLanguage":"en-US","@id":"https:\/\/www.cde.ual.es\/en\/the-eu-on-the-first-anniversary-of-the-2021-demonstrations-in-cuba\/#primaryimage","url":"https:\/\/www.cde.ual.es\/wp-content\/uploads\/2022\/05\/165A2F78-2141-2246-B30B-4988A6D0B78E-scaled.jpg","contentUrl":"https:\/\/www.cde.ual.es\/wp-content\/uploads\/2022\/05\/165A2F78-2141-2246-B30B-4988A6D0B78E-scaled.jpg","width":2560,"height":1704,"caption":"Josep Borrell"},{"@type":"BreadcrumbList","@id":"https:\/\/www.cde.ual.es\/en\/the-eu-on-the-first-anniversary-of-the-2021-demonstrations-in-cuba\/#breadcrumb","itemListElement":[{"@type":"ListItem","position":1,"name":"Inicio","item":"https:\/\/www.cde.ual.es\/en\/"},{"@type":"ListItem","position":2,"name":"EU News","item":"https:\/\/www.cde.ual.es\/en\/category\/eu-news\/"},{"@type":"ListItem","position":3,"name":"Institutional Affairs","item":"https:\/\/www.cde.ual.es\/en\/category\/eu-news\/institutional\/"},{"@type":"ListItem","position":4,"name":"International Politics and Cooperation","item":"https:\/\/www.cde.ual.es\/en\/category\/eu-news\/institutional\/international-pol-coop\/"},{"@type":"ListItem","position":5,"name":"The EU on the first anniversary of the 2021 demonstrations in Cuba"}]},{"@type":"WebSite","@id":"https:\/\/www.cde.ual.es\/#website","url":"https:\/\/www.cde.ual.es\/","name":"CDE Almer\u00eda - Centro de Documentaci\u00f3n Europea - Universidad de Almer\u00eda","description":"Centro de Documentaci\u00f3n Europea de la Universidad de Almer\u00eda","publisher":{"@id":"https:\/\/www.cde.ual.es\/#organization"},"alternateName":"CDE Almer\u00eda","potentialAction":[{"@type":"SearchAction","target":{"@type":"EntryPoint","urlTemplate":"https:\/\/www.cde.ual.es\/?s={search_term_string}"},"query-input":{"@type":"PropertyValueSpecification","valueRequired":true,"valueName":"search_term_string"}}],"inLanguage":"en-US"},{"@type":"Organization","@id":"https:\/\/www.cde.ual.es\/#organization","name":"Centro de Documentaci\u00f3n Europea de Almer\u00eda","url":"https:\/\/www.cde.ual.es\/","logo":{"@type":"ImageObject","inLanguage":"en-US","@id":"https:\/\/www.cde.ual.es\/#\/schema\/logo\/image\/","url":"https:\/\/www.cde.ual.es\/wp-content\/uploads\/2025\/07\/cde-logo-3.png","contentUrl":"https:\/\/www.cde.ual.es\/wp-content\/uploads\/2025\/07\/cde-logo-3.png","width":1400,"height":300,"caption":"Centro de Documentaci\u00f3n Europea de Almer\u00eda"},"image":{"@id":"https:\/\/www.cde.ual.es\/#\/schema\/logo\/image\/"},"sameAs":["https:\/\/www.facebook.com\/cdeuniversidadalmeria\/","https:\/\/x.com\/cdeualmeria","https:\/\/www.tiktok.com\/@cdealmeria","https:\/\/www.instagram.com\/cdealmeria\/","https:\/\/www.linkedin.com\/in\/cde-almera-812b26a9\/"]},{"@type":"Person","@id":"https:\/\/www.cde.ual.es\/#\/schema\/person\/ee46ebc19edfa19598c02cff83335acc","name":"BECA 2 CDE","image":{"@type":"ImageObject","inLanguage":"en-US","@id":"https:\/\/secure.gravatar.com\/avatar\/35a481bbc04bbd90e91bdfa3b0b5541036c222a49b9ad37b6889a2afcb5311a5?s=96&d=mm&r=g","url":"https:\/\/secure.gravatar.com\/avatar\/35a481bbc04bbd90e91bdfa3b0b5541036c222a49b9ad37b6889a2afcb5311a5?s=96&d=mm&r=g","contentUrl":"https:\/\/secure.gravatar.com\/avatar\/35a481bbc04bbd90e91bdfa3b0b5541036c222a49b9ad37b6889a2afcb5311a5?s=96&d=mm&r=g","caption":"BECA 2 CDE"},"sameAs":["http:\/\/www.cdealmeria.com"]}]}},"_links":{"self":[{"href":"https:\/\/www.cde.ual.es\/en\/wp-json\/wp\/v2\/posts\/113555","targetHints":{"allow":["GET"]}}],"collection":[{"href":"https:\/\/www.cde.ual.es\/en\/wp-json\/wp\/v2\/posts"}],"about":[{"href":"https:\/\/www.cde.ual.es\/en\/wp-json\/wp\/v2\/types\/post"}],"author":[{"embeddable":true,"href":"https:\/\/www.cde.ual.es\/en\/wp-json\/wp\/v2\/users\/101011"}],"replies":[{"embeddable":true,"href":"https:\/\/www.cde.ual.es\/en\/wp-json\/wp\/v2\/comments?post=113555"}],"version-history":[{"count":1,"href":"https:\/\/www.cde.ual.es\/en\/wp-json\/wp\/v2\/posts\/113555\/revisions"}],"predecessor-version":[{"id":113556,"href":"https:\/\/www.cde.ual.es\/en\/wp-json\/wp\/v2\/posts\/113555\/revisions\/113556"}],"wp:featuredmedia":[{"embeddable":true,"href":"https:\/\/www.cde.ual.es\/en\/wp-json\/wp\/v2\/media\/105593"}],"wp:attachment":[{"href":"https:\/\/www.cde.ual.es\/en\/wp-json\/wp\/v2\/media?parent=113555"}],"wp:term":[{"taxonomy":"category","embeddable":true,"href":"https:\/\/www.cde.ual.es\/en\/wp-json\/wp\/v2\/categories?post=113555"},{"taxonomy":"post_tag","embeddable":true,"href":"https:\/\/www.cde.ual.es\/en\/wp-json\/wp\/v2\/tags?post=113555"}],"curies":[{"name":"wp","href":"https:\/\/api.w.org\/{rel}","templated":true}]}}