{"id":113217,"date":"2022-07-08T12:17:15","date_gmt":"2022-07-08T10:17:15","guid":{"rendered":"https:\/\/www.cde.ual.es\/?p=113217"},"modified":"2022-07-08T12:17:15","modified_gmt":"2022-07-08T10:17:15","slug":"eu-fisheries-and-aquaculture-to-receive-compensation-for-the-war-in-ukraine","status":"publish","type":"post","link":"https:\/\/www.cde.ual.es\/en\/eu-fisheries-and-aquaculture-to-receive-compensation-for-the-war-in-ukraine\/","title":{"rendered":"EU fisheries and aquaculture to receive compensation for the war in Ukraine"},"content":{"rendered":"<div class=\"ep_gridcolumn ep-m_product\" data-view1200=\"6\" data-view1020=\"6\" data-view750=\"10\" data-view640=\"6\" data-view480=\"8\" data-view320=\"4\">\n<div class=\"ep_gridcolumn-content\">\n<div class=\"ep-a_text ep-layout_chapo\">\n<p><strong>MEPs agreed to provide financial help to EU fisheries and aquaculture sectors dealing with the economic consequences of the Russian invasion.<\/strong><\/p>\n<p><a href=\"https:\/\/www.cde.ual.es\/wp-content\/uploads\/2022\/06\/pesca-barco-scaled.jpg\"><img decoding=\"async\" class=\" wp-image-109691 aligncenter\" src=\"https:\/\/www.cde.ual.es\/wp-content\/uploads\/2022\/06\/pesca-barco-scaled.jpg\" alt=\"\" width=\"537\" height=\"358\" srcset=\"https:\/\/www.cde.ual.es\/wp-content\/uploads\/2022\/06\/pesca-barco-scaled.jpg 2560w, https:\/\/www.cde.ual.es\/wp-content\/uploads\/2022\/06\/pesca-barco-300x200.jpg 300w, https:\/\/www.cde.ual.es\/wp-content\/uploads\/2022\/06\/pesca-barco-1024x683.jpg 1024w, https:\/\/www.cde.ual.es\/wp-content\/uploads\/2022\/06\/pesca-barco-768x512.jpg 768w, https:\/\/www.cde.ual.es\/wp-content\/uploads\/2022\/06\/pesca-barco-1536x1024.jpg 1536w, https:\/\/www.cde.ual.es\/wp-content\/uploads\/2022\/06\/pesca-barco-2048x1365.jpg 2048w\" sizes=\"(max-width: 537px) 100vw, 537px\" \/><\/a><\/p>\n<\/div>\n<\/div>\n<\/div>\n<div class=\"ep_gridcolumn ep-m_product\" data-view1200=\"6\" data-view1020=\"6\" data-view750=\"10\" data-view640=\"6\" data-view480=\"8\" data-view320=\"4\">\n<div class=\"ep-a_text\">\n<div class=\"ep_gridcolumn ep-m_product\" data-view1200=\"6\" data-view1020=\"6\" data-view750=\"10\" data-view640=\"6\" data-view480=\"8\" data-view320=\"4\">\n<div class=\"ep_gridcolumn-content\">\n<div class=\"ep-a_text\">\n<p class=\"ep-wysiwig_paragraph\">MEPs adopted on Wednesday a deal with EU governments on providing EU fisheries and aquaculture sectors with financial support to alleviate the consequences of the war, by 620 votes in favour, 10 against and 9 abstentions.<\/p>\n<p class=\"ep-wysiwig_paragraph\">The measure would support fishers who had to cease their activities due to the war in Ukraine as well as producers and fishing and aquaculture operators whose activities were disrupted as a consequence of the Russian aggression. MEPs also agreed with the Council to amend the proposal to include also those operators and producers whose economic viability was negatively impacted by the war and the processing sector.<\/p>\n<table style=\"width: 99.9988%; border-collapse: collapse; border-style: double; border-color: #001f7d;\" cellpadding=\"0,5\">\n<tbody>\n<tr>\n<td style=\"width: 100%;\"><a href=\"https:\/\/www.cde.ual.es\/en\/meps-endorse-alleviating-consequences-of-war-for-eu-fisheries-and-aquaculture\/\" target=\"_blank\" rel=\"noopener\"><img decoding=\"async\" class=\"alignleft\" src=\"https:\/\/www.cde.ual.es\/wp-content\/uploads\/2022\/06\/boat-484470_1920-1024x683.jpg\" alt=\"\" width=\"142\" height=\"201\" \/><\/a><\/p>\n<h4 class=\"entry-title\"><a href=\"https:\/\/www.cde.ual.es\/en\/meps-endorse-alleviating-consequences-of-war-for-eu-fisheries-and-aquaculture\/\" target=\"_blank\" rel=\"noopener\">MEPs endorse alleviating consequences of war for EU fisheries and aquaculture<\/a><\/h4>\n<p>&nbsp;<\/td>\n<\/tr>\n<\/tbody>\n<\/table>\n<p>&nbsp;<\/p>\n<p class=\"ep-wysiwig_paragraph\">Member states would be able to adjust the rules to use the remaining resources available in the\u00a0<a href=\"https:\/\/ec.europa.eu\/oceans-and-fisheries\/funding\/european-maritime-and-fisheries-fund-emff_en\" target=\"_blank\" rel=\"noopener\">European Maritime and Fisheries Fund (EMFF)<\/a>\u00a0for the 2014-2020 programming period. The compensation would cover operators and producers\u2019 lost income as well as additional costs incurred because of the war such as the increase in energy, raw materials and fish feed prices.<\/p>\n<p class=\"ep-wysiwig_paragraph\">The aid would be provided retroactively from 24 February 2022, when the Russian aggression started, at\u00a0<a href=\"https:\/\/ec.europa.eu\/regional_policy\/en\/policy\/what\/glossary\/c\/co-financing-rate\" target=\"_blank\" rel=\"noopener\">a co-financing rate<\/a>\u00a0of 75%.<\/p>\n<h3 class=\"ep-wysiwig_paragraph\"><strong>Quote<\/strong><\/h3>\n<p class=\"ep-wysiwig_paragraph\">\u201cThis financial package will allow additional crisis measures to be used to support the EU fishery and aquaculture sectors in the context of Russia\u2019s invasion of Ukraine. In particular, funding will be made available to compensate for additional costs, for income forgone and for the storage of products, as well as for the temporary cessation of fishing activities. As for the latter measure, thanks to the European Parliament, aid will be extended for companies that temporarily cannot continue fishing due to economic constraints,\u201d said EP rapporteur\u00a0<a href=\"https:\/\/www.europarl.europa.eu\/meps\/en\/96978\/NUNO_MELO\/home\" target=\"_blank\" rel=\"noopener\">Nuno Melo (EPP, PT)<\/a>\u00a0following the vote.<\/p>\n<h3 class=\"ep-wysiwig_paragraph\"><strong>Next steps<\/strong><\/h3>\n<p class=\"ep-wysiwig_paragraph\">Following the final plenary approval, the Council of the EU ministers will have to formally adopt the deal. It will enter into the force following its publication in the Official Journal of the European Union.<\/p>\n<table style=\"width: 99.9988%; border-collapse: collapse; border-style: double; border-color: #001f7d;\" cellpadding=\"0,5\">\n<tbody>\n<tr>\n<td style=\"width: 100%;\"><a href=\"https:\/\/www.cde.ual.es\/ficha\/scientific-technical-and-economic-committee-for-fisheries-stecf-3\/\" target=\"_blank\" rel=\"noopener\"><img decoding=\"async\" class=\"alignleft\" src=\"https:\/\/www.cde.ual.es\/wp-content\/uploads\/2022\/05\/Scientific-Technical-and-Economic-Committee-for-Fisheries-STECF-218x300.png\" alt=\"\" width=\"142\" height=\"201\" \/><\/a><\/p>\n<h4 class=\"entry-title\"><a href=\"https:\/\/www.cde.ual.es\/ficha\/scientific-technical-and-economic-committee-for-fisheries-stecf-3\/\" target=\"_blank\" rel=\"noopener\">Scientific, Technical and Economic Committee for Fisheries (STECF)<br \/>\n<\/a><\/h4>\n<p>&nbsp;<\/td>\n<\/tr>\n<\/tbody>\n<\/table>\n<p>&nbsp;<\/p>\n<h3 class=\"ep-wysiwig_paragraph\"><strong>Background<\/strong><\/h3>\n<p class=\"ep-wysiwig_paragraph\">In 2019, the EU fishing fleet employed 129 540 fishers directly and totalled 73 983 vessels. Aquaculture employed around 75 000 people, with the processing industry comprising around 3 500 companies. Part of the EU fleet has ceased operating due to decreasing profitability and increasing marine fuel and fish feed prices as a result of the military conflict. Supply chain and market disruption have led to shortages also felt by seafood farming and processing sectors.<\/p>\n<p><strong>More information: <a href=\"https:\/\/www.europarl.europa.eu\/news\/es\/press-room\/20220701IPR34351\/eu-fisheries-and-aquaculture-to-receive-compensation-for-the-war-in-ukraine\">European Parliament &#8211; Press release<\/a><\/strong><\/p>\n<\/div>\n<\/div>\n<\/div>\n<\/div>\n<\/div>\n","protected":false},"excerpt":{"rendered":"<p>MEPs agreed to provide financial help to EU fisheries and aquaculture sectors dealing with the economic consequences of the Russian invasion. MEPs adopted on Wednesday a deal with EU governments on providing EU fisheries and aquaculture sectors with financial support to alleviate the consequences of the war, by 620 votes in favour, 10 against and [&hellip;]<\/p>\n","protected":false},"author":101011,"featured_media":109691,"comment_status":"open","ping_status":"open","sticky":false,"template":"","format":"standard","meta":{"_acf_changed":false,"_relevanssi_hide_post":"","_relevanssi_hide_content":"","_relevanssi_pin_for_all":"","_relevanssi_pin_keywords":"","_relevanssi_unpin_keywords":"","_relevanssi_related_keywords":"","_relevanssi_related_include_ids":"","_relevanssi_related_exclude_ids":"","_relevanssi_related_no_append":"","_relevanssi_related_not_related":"","_relevanssi_related_posts":"","_relevanssi_noindex_reason":"","_monsterinsights_skip_tracking":false,"_monsterinsights_sitenote_active":false,"_monsterinsights_sitenote_note":"","_monsterinsights_sitenote_category":0,"_genesis_hide_title":false,"_genesis_hide_breadcrumbs":false,"_genesis_hide_singular_image":false,"_genesis_hide_footer_widgets":false,"_genesis_custom_body_class":"","_genesis_custom_post_class":"","_genesis_layout":"","footnotes":""},"categories":[4061,346],"tags":[4511,6617,1845,5005,3368],"class_list":{"0":"post-113217","1":"post","2":"type-post","3":"status-publish","4":"format-standard","5":"has-post-thumbnail","7":"category-agr-liv-far-fish","8":"category-eu-news","9":"tag-aquaculture","10":"tag-compensation","11":"tag-fisheries","12":"tag-ukraine","13":"tag-war","14":"entry"},"acf":[],"yoast_head":"<!-- This site is optimized with the Yoast SEO plugin v27.5 - https:\/\/yoast.com\/product\/yoast-seo-wordpress\/ -->\n<title>EU fisheries and aquaculture to receive compensation for the war in Ukraine | CDE Almer\u00eda - Centro de Documentaci\u00f3n Europea - Universidad de Almer\u00eda<\/title>\n<meta name=\"robots\" content=\"index, follow, max-snippet:-1, max-image-preview:large, max-video-preview:-1\" \/>\n<link rel=\"canonical\" href=\"https:\/\/www.cde.ual.es\/en\/eu-fisheries-and-aquaculture-to-receive-compensation-for-the-war-in-ukraine\/\" \/>\n<meta property=\"og:locale\" content=\"en_US\" \/>\n<meta property=\"og:type\" content=\"article\" \/>\n<meta property=\"og:title\" content=\"EU fisheries and aquaculture to receive compensation for the war in Ukraine | CDE Almer\u00eda - Centro de Documentaci\u00f3n Europea - Universidad de Almer\u00eda\" \/>\n<meta property=\"og:description\" content=\"MEPs agreed to provide financial help to EU fisheries and aquaculture sectors dealing with the economic consequences of the Russian invasion. MEPs adopted on Wednesday a deal with EU governments on providing EU fisheries and aquaculture sectors with financial support to alleviate the consequences of the war, by 620 votes in favour, 10 against and [&hellip;]\" \/>\n<meta property=\"og:url\" content=\"https:\/\/www.cde.ual.es\/en\/eu-fisheries-and-aquaculture-to-receive-compensation-for-the-war-in-ukraine\/\" \/>\n<meta property=\"og:site_name\" content=\"CDE Almer\u00eda - Centro de Documentaci\u00f3n Europea - Universidad de Almer\u00eda\" \/>\n<meta property=\"article:publisher\" content=\"https:\/\/www.facebook.com\/cdeuniversidadalmeria\/\" \/>\n<meta property=\"article:published_time\" content=\"2022-07-08T10:17:15+00:00\" \/>\n<meta property=\"og:image\" content=\"https:\/\/www.cde.ual.es\/wp-content\/uploads\/2022\/06\/pesca-barco-scaled.jpg\" \/>\n\t<meta property=\"og:image:width\" content=\"2560\" \/>\n\t<meta property=\"og:image:height\" content=\"1707\" \/>\n\t<meta property=\"og:image:type\" content=\"image\/jpeg\" \/>\n<meta name=\"author\" content=\"BECA 2 CDE\" \/>\n<meta name=\"twitter:card\" content=\"summary_large_image\" \/>\n<meta name=\"twitter:creator\" content=\"@cdeualmeria\" \/>\n<meta name=\"twitter:site\" content=\"@cdeualmeria\" \/>\n<meta name=\"twitter:label1\" content=\"Written by\" \/>\n\t<meta name=\"twitter:data1\" content=\"BECA 2 CDE\" \/>\n\t<meta name=\"twitter:label2\" content=\"Est. reading time\" \/>\n\t<meta name=\"twitter:data2\" content=\"2 minutes\" \/>\n<script type=\"application\/ld+json\" class=\"yoast-schema-graph\">{\"@context\":\"https:\\\/\\\/schema.org\",\"@graph\":[{\"@type\":\"Article\",\"@id\":\"https:\\\/\\\/www.cde.ual.es\\\/en\\\/eu-fisheries-and-aquaculture-to-receive-compensation-for-the-war-in-ukraine\\\/#article\",\"isPartOf\":{\"@id\":\"https:\\\/\\\/www.cde.ual.es\\\/en\\\/eu-fisheries-and-aquaculture-to-receive-compensation-for-the-war-in-ukraine\\\/\"},\"author\":{\"name\":\"BECA 2 CDE\",\"@id\":\"https:\\\/\\\/www.cde.ual.es\\\/#\\\/schema\\\/person\\\/ee46ebc19edfa19598c02cff83335acc\"},\"headline\":\"EU fisheries and aquaculture to receive compensation for the war in Ukraine\",\"datePublished\":\"2022-07-08T10:17:15+00:00\",\"mainEntityOfPage\":{\"@id\":\"https:\\\/\\\/www.cde.ual.es\\\/en\\\/eu-fisheries-and-aquaculture-to-receive-compensation-for-the-war-in-ukraine\\\/\"},\"wordCount\":439,\"commentCount\":0,\"publisher\":{\"@id\":\"https:\\\/\\\/www.cde.ual.es\\\/#organization\"},\"image\":{\"@id\":\"https:\\\/\\\/www.cde.ual.es\\\/en\\\/eu-fisheries-and-aquaculture-to-receive-compensation-for-the-war-in-ukraine\\\/#primaryimage\"},\"thumbnailUrl\":\"https:\\\/\\\/www.cde.ual.es\\\/wp-content\\\/uploads\\\/2022\\\/06\\\/pesca-barco-scaled.jpg\",\"keywords\":[\"aquaculture\",\"compensation\",\"Fisheries\",\"ukraine\",\"war\"],\"articleSection\":[\"Agriculture, Livestock Farming and Fisheries\",\"EU News\"],\"inLanguage\":\"en-US\",\"potentialAction\":[{\"@type\":\"CommentAction\",\"name\":\"Comment\",\"target\":[\"https:\\\/\\\/www.cde.ual.es\\\/en\\\/eu-fisheries-and-aquaculture-to-receive-compensation-for-the-war-in-ukraine\\\/#respond\"]}]},{\"@type\":\"WebPage\",\"@id\":\"https:\\\/\\\/www.cde.ual.es\\\/en\\\/eu-fisheries-and-aquaculture-to-receive-compensation-for-the-war-in-ukraine\\\/\",\"url\":\"https:\\\/\\\/www.cde.ual.es\\\/en\\\/eu-fisheries-and-aquaculture-to-receive-compensation-for-the-war-in-ukraine\\\/\",\"name\":\"EU fisheries and aquaculture to receive compensation for the war in Ukraine | CDE Almer\u00eda - Centro de Documentaci\u00f3n Europea - Universidad de Almer\u00eda\",\"isPartOf\":{\"@id\":\"https:\\\/\\\/www.cde.ual.es\\\/#website\"},\"primaryImageOfPage\":{\"@id\":\"https:\\\/\\\/www.cde.ual.es\\\/en\\\/eu-fisheries-and-aquaculture-to-receive-compensation-for-the-war-in-ukraine\\\/#primaryimage\"},\"image\":{\"@id\":\"https:\\\/\\\/www.cde.ual.es\\\/en\\\/eu-fisheries-and-aquaculture-to-receive-compensation-for-the-war-in-ukraine\\\/#primaryimage\"},\"thumbnailUrl\":\"https:\\\/\\\/www.cde.ual.es\\\/wp-content\\\/uploads\\\/2022\\\/06\\\/pesca-barco-scaled.jpg\",\"datePublished\":\"2022-07-08T10:17:15+00:00\",\"breadcrumb\":{\"@id\":\"https:\\\/\\\/www.cde.ual.es\\\/en\\\/eu-fisheries-and-aquaculture-to-receive-compensation-for-the-war-in-ukraine\\\/#breadcrumb\"},\"inLanguage\":\"en-US\",\"potentialAction\":[{\"@type\":\"ReadAction\",\"target\":[\"https:\\\/\\\/www.cde.ual.es\\\/en\\\/eu-fisheries-and-aquaculture-to-receive-compensation-for-the-war-in-ukraine\\\/\"]}]},{\"@type\":\"ImageObject\",\"inLanguage\":\"en-US\",\"@id\":\"https:\\\/\\\/www.cde.ual.es\\\/en\\\/eu-fisheries-and-aquaculture-to-receive-compensation-for-the-war-in-ukraine\\\/#primaryimage\",\"url\":\"https:\\\/\\\/www.cde.ual.es\\\/wp-content\\\/uploads\\\/2022\\\/06\\\/pesca-barco-scaled.jpg\",\"contentUrl\":\"https:\\\/\\\/www.cde.ual.es\\\/wp-content\\\/uploads\\\/2022\\\/06\\\/pesca-barco-scaled.jpg\",\"width\":2560,\"height\":1707,\"caption\":\"barco pesca\"},{\"@type\":\"BreadcrumbList\",\"@id\":\"https:\\\/\\\/www.cde.ual.es\\\/en\\\/eu-fisheries-and-aquaculture-to-receive-compensation-for-the-war-in-ukraine\\\/#breadcrumb\",\"itemListElement\":[{\"@type\":\"ListItem\",\"position\":1,\"name\":\"Inicio\",\"item\":\"https:\\\/\\\/www.cde.ual.es\\\/en\\\/\"},{\"@type\":\"ListItem\",\"position\":2,\"name\":\"EU News\",\"item\":\"https:\\\/\\\/www.cde.ual.es\\\/en\\\/category\\\/eu-news\\\/\"},{\"@type\":\"ListItem\",\"position\":3,\"name\":\"Agriculture, Livestock Farming and Fisheries\",\"item\":\"https:\\\/\\\/www.cde.ual.es\\\/en\\\/category\\\/eu-news\\\/agr-liv-far-fish\\\/\"},{\"@type\":\"ListItem\",\"position\":4,\"name\":\"EU fisheries and aquaculture to receive compensation for the war in Ukraine\"}]},{\"@type\":\"WebSite\",\"@id\":\"https:\\\/\\\/www.cde.ual.es\\\/#website\",\"url\":\"https:\\\/\\\/www.cde.ual.es\\\/\",\"name\":\"CDE Almer\u00eda - Centro de Documentaci\u00f3n Europea - Universidad de Almer\u00eda\",\"description\":\"Centro de Documentaci\u00f3n Europea de la Universidad de Almer\u00eda\",\"publisher\":{\"@id\":\"https:\\\/\\\/www.cde.ual.es\\\/#organization\"},\"alternateName\":\"CDE Almer\u00eda\",\"potentialAction\":[{\"@type\":\"SearchAction\",\"target\":{\"@type\":\"EntryPoint\",\"urlTemplate\":\"https:\\\/\\\/www.cde.ual.es\\\/?s={search_term_string}\"},\"query-input\":{\"@type\":\"PropertyValueSpecification\",\"valueRequired\":true,\"valueName\":\"search_term_string\"}}],\"inLanguage\":\"en-US\"},{\"@type\":\"Organization\",\"@id\":\"https:\\\/\\\/www.cde.ual.es\\\/#organization\",\"name\":\"Centro de Documentaci\u00f3n Europea de Almer\u00eda\",\"url\":\"https:\\\/\\\/www.cde.ual.es\\\/\",\"logo\":{\"@type\":\"ImageObject\",\"inLanguage\":\"en-US\",\"@id\":\"https:\\\/\\\/www.cde.ual.es\\\/#\\\/schema\\\/logo\\\/image\\\/\",\"url\":\"https:\\\/\\\/www.cde.ual.es\\\/wp-content\\\/uploads\\\/2025\\\/07\\\/cde-logo-3.png\",\"contentUrl\":\"https:\\\/\\\/www.cde.ual.es\\\/wp-content\\\/uploads\\\/2025\\\/07\\\/cde-logo-3.png\",\"width\":1400,\"height\":300,\"caption\":\"Centro de Documentaci\u00f3n Europea de Almer\u00eda\"},\"image\":{\"@id\":\"https:\\\/\\\/www.cde.ual.es\\\/#\\\/schema\\\/logo\\\/image\\\/\"},\"sameAs\":[\"https:\\\/\\\/www.facebook.com\\\/cdeuniversidadalmeria\\\/\",\"https:\\\/\\\/x.com\\\/cdeualmeria\",\"https:\\\/\\\/www.tiktok.com\\\/@cdealmeria\",\"https:\\\/\\\/www.instagram.com\\\/cdealmeria\\\/\",\"https:\\\/\\\/www.linkedin.com\\\/in\\\/cde-almera-812b26a9\\\/\"]},{\"@type\":\"Person\",\"@id\":\"https:\\\/\\\/www.cde.ual.es\\\/#\\\/schema\\\/person\\\/ee46ebc19edfa19598c02cff83335acc\",\"name\":\"BECA 2 CDE\",\"image\":{\"@type\":\"ImageObject\",\"inLanguage\":\"en-US\",\"@id\":\"https:\\\/\\\/secure.gravatar.com\\\/avatar\\\/35a481bbc04bbd90e91bdfa3b0b5541036c222a49b9ad37b6889a2afcb5311a5?s=96&d=mm&r=g\",\"url\":\"https:\\\/\\\/secure.gravatar.com\\\/avatar\\\/35a481bbc04bbd90e91bdfa3b0b5541036c222a49b9ad37b6889a2afcb5311a5?s=96&d=mm&r=g\",\"contentUrl\":\"https:\\\/\\\/secure.gravatar.com\\\/avatar\\\/35a481bbc04bbd90e91bdfa3b0b5541036c222a49b9ad37b6889a2afcb5311a5?s=96&d=mm&r=g\",\"caption\":\"BECA 2 CDE\"},\"sameAs\":[\"http:\\\/\\\/www.cdealmeria.com\"]}]}<\/script>\n<!-- \/ Yoast SEO plugin. -->","yoast_head_json":{"title":"EU fisheries and aquaculture to receive compensation for the war in Ukraine | CDE Almer\u00eda - Centro de Documentaci\u00f3n Europea - Universidad de Almer\u00eda","robots":{"index":"index","follow":"follow","max-snippet":"max-snippet:-1","max-image-preview":"max-image-preview:large","max-video-preview":"max-video-preview:-1"},"canonical":"https:\/\/www.cde.ual.es\/en\/eu-fisheries-and-aquaculture-to-receive-compensation-for-the-war-in-ukraine\/","og_locale":"en_US","og_type":"article","og_title":"EU fisheries and aquaculture to receive compensation for the war in Ukraine | CDE Almer\u00eda - Centro de Documentaci\u00f3n Europea - Universidad de Almer\u00eda","og_description":"MEPs agreed to provide financial help to EU fisheries and aquaculture sectors dealing with the economic consequences of the Russian invasion. MEPs adopted on Wednesday a deal with EU governments on providing EU fisheries and aquaculture sectors with financial support to alleviate the consequences of the war, by 620 votes in favour, 10 against and [&hellip;]","og_url":"https:\/\/www.cde.ual.es\/en\/eu-fisheries-and-aquaculture-to-receive-compensation-for-the-war-in-ukraine\/","og_site_name":"CDE Almer\u00eda - Centro de Documentaci\u00f3n Europea - Universidad de Almer\u00eda","article_publisher":"https:\/\/www.facebook.com\/cdeuniversidadalmeria\/","article_published_time":"2022-07-08T10:17:15+00:00","og_image":[{"width":2560,"height":1707,"url":"https:\/\/www.cde.ual.es\/wp-content\/uploads\/2022\/06\/pesca-barco-scaled.jpg","type":"image\/jpeg"}],"author":"BECA 2 CDE","twitter_card":"summary_large_image","twitter_creator":"@cdeualmeria","twitter_site":"@cdeualmeria","twitter_misc":{"Written by":"BECA 2 CDE","Est. reading time":"2 minutes"},"schema":{"@context":"https:\/\/schema.org","@graph":[{"@type":"Article","@id":"https:\/\/www.cde.ual.es\/en\/eu-fisheries-and-aquaculture-to-receive-compensation-for-the-war-in-ukraine\/#article","isPartOf":{"@id":"https:\/\/www.cde.ual.es\/en\/eu-fisheries-and-aquaculture-to-receive-compensation-for-the-war-in-ukraine\/"},"author":{"name":"BECA 2 CDE","@id":"https:\/\/www.cde.ual.es\/#\/schema\/person\/ee46ebc19edfa19598c02cff83335acc"},"headline":"EU fisheries and aquaculture to receive compensation for the war in Ukraine","datePublished":"2022-07-08T10:17:15+00:00","mainEntityOfPage":{"@id":"https:\/\/www.cde.ual.es\/en\/eu-fisheries-and-aquaculture-to-receive-compensation-for-the-war-in-ukraine\/"},"wordCount":439,"commentCount":0,"publisher":{"@id":"https:\/\/www.cde.ual.es\/#organization"},"image":{"@id":"https:\/\/www.cde.ual.es\/en\/eu-fisheries-and-aquaculture-to-receive-compensation-for-the-war-in-ukraine\/#primaryimage"},"thumbnailUrl":"https:\/\/www.cde.ual.es\/wp-content\/uploads\/2022\/06\/pesca-barco-scaled.jpg","keywords":["aquaculture","compensation","Fisheries","ukraine","war"],"articleSection":["Agriculture, Livestock Farming and Fisheries","EU News"],"inLanguage":"en-US","potentialAction":[{"@type":"CommentAction","name":"Comment","target":["https:\/\/www.cde.ual.es\/en\/eu-fisheries-and-aquaculture-to-receive-compensation-for-the-war-in-ukraine\/#respond"]}]},{"@type":"WebPage","@id":"https:\/\/www.cde.ual.es\/en\/eu-fisheries-and-aquaculture-to-receive-compensation-for-the-war-in-ukraine\/","url":"https:\/\/www.cde.ual.es\/en\/eu-fisheries-and-aquaculture-to-receive-compensation-for-the-war-in-ukraine\/","name":"EU fisheries and aquaculture to receive compensation for the war in Ukraine | CDE Almer\u00eda - Centro de Documentaci\u00f3n Europea - Universidad de Almer\u00eda","isPartOf":{"@id":"https:\/\/www.cde.ual.es\/#website"},"primaryImageOfPage":{"@id":"https:\/\/www.cde.ual.es\/en\/eu-fisheries-and-aquaculture-to-receive-compensation-for-the-war-in-ukraine\/#primaryimage"},"image":{"@id":"https:\/\/www.cde.ual.es\/en\/eu-fisheries-and-aquaculture-to-receive-compensation-for-the-war-in-ukraine\/#primaryimage"},"thumbnailUrl":"https:\/\/www.cde.ual.es\/wp-content\/uploads\/2022\/06\/pesca-barco-scaled.jpg","datePublished":"2022-07-08T10:17:15+00:00","breadcrumb":{"@id":"https:\/\/www.cde.ual.es\/en\/eu-fisheries-and-aquaculture-to-receive-compensation-for-the-war-in-ukraine\/#breadcrumb"},"inLanguage":"en-US","potentialAction":[{"@type":"ReadAction","target":["https:\/\/www.cde.ual.es\/en\/eu-fisheries-and-aquaculture-to-receive-compensation-for-the-war-in-ukraine\/"]}]},{"@type":"ImageObject","inLanguage":"en-US","@id":"https:\/\/www.cde.ual.es\/en\/eu-fisheries-and-aquaculture-to-receive-compensation-for-the-war-in-ukraine\/#primaryimage","url":"https:\/\/www.cde.ual.es\/wp-content\/uploads\/2022\/06\/pesca-barco-scaled.jpg","contentUrl":"https:\/\/www.cde.ual.es\/wp-content\/uploads\/2022\/06\/pesca-barco-scaled.jpg","width":2560,"height":1707,"caption":"barco pesca"},{"@type":"BreadcrumbList","@id":"https:\/\/www.cde.ual.es\/en\/eu-fisheries-and-aquaculture-to-receive-compensation-for-the-war-in-ukraine\/#breadcrumb","itemListElement":[{"@type":"ListItem","position":1,"name":"Inicio","item":"https:\/\/www.cde.ual.es\/en\/"},{"@type":"ListItem","position":2,"name":"EU News","item":"https:\/\/www.cde.ual.es\/en\/category\/eu-news\/"},{"@type":"ListItem","position":3,"name":"Agriculture, Livestock Farming and Fisheries","item":"https:\/\/www.cde.ual.es\/en\/category\/eu-news\/agr-liv-far-fish\/"},{"@type":"ListItem","position":4,"name":"EU fisheries and aquaculture to receive compensation for the war in Ukraine"}]},{"@type":"WebSite","@id":"https:\/\/www.cde.ual.es\/#website","url":"https:\/\/www.cde.ual.es\/","name":"CDE Almer\u00eda - Centro de Documentaci\u00f3n Europea - Universidad de Almer\u00eda","description":"Centro de Documentaci\u00f3n Europea de la Universidad de Almer\u00eda","publisher":{"@id":"https:\/\/www.cde.ual.es\/#organization"},"alternateName":"CDE Almer\u00eda","potentialAction":[{"@type":"SearchAction","target":{"@type":"EntryPoint","urlTemplate":"https:\/\/www.cde.ual.es\/?s={search_term_string}"},"query-input":{"@type":"PropertyValueSpecification","valueRequired":true,"valueName":"search_term_string"}}],"inLanguage":"en-US"},{"@type":"Organization","@id":"https:\/\/www.cde.ual.es\/#organization","name":"Centro de Documentaci\u00f3n Europea de Almer\u00eda","url":"https:\/\/www.cde.ual.es\/","logo":{"@type":"ImageObject","inLanguage":"en-US","@id":"https:\/\/www.cde.ual.es\/#\/schema\/logo\/image\/","url":"https:\/\/www.cde.ual.es\/wp-content\/uploads\/2025\/07\/cde-logo-3.png","contentUrl":"https:\/\/www.cde.ual.es\/wp-content\/uploads\/2025\/07\/cde-logo-3.png","width":1400,"height":300,"caption":"Centro de Documentaci\u00f3n Europea de Almer\u00eda"},"image":{"@id":"https:\/\/www.cde.ual.es\/#\/schema\/logo\/image\/"},"sameAs":["https:\/\/www.facebook.com\/cdeuniversidadalmeria\/","https:\/\/x.com\/cdeualmeria","https:\/\/www.tiktok.com\/@cdealmeria","https:\/\/www.instagram.com\/cdealmeria\/","https:\/\/www.linkedin.com\/in\/cde-almera-812b26a9\/"]},{"@type":"Person","@id":"https:\/\/www.cde.ual.es\/#\/schema\/person\/ee46ebc19edfa19598c02cff83335acc","name":"BECA 2 CDE","image":{"@type":"ImageObject","inLanguage":"en-US","@id":"https:\/\/secure.gravatar.com\/avatar\/35a481bbc04bbd90e91bdfa3b0b5541036c222a49b9ad37b6889a2afcb5311a5?s=96&d=mm&r=g","url":"https:\/\/secure.gravatar.com\/avatar\/35a481bbc04bbd90e91bdfa3b0b5541036c222a49b9ad37b6889a2afcb5311a5?s=96&d=mm&r=g","contentUrl":"https:\/\/secure.gravatar.com\/avatar\/35a481bbc04bbd90e91bdfa3b0b5541036c222a49b9ad37b6889a2afcb5311a5?s=96&d=mm&r=g","caption":"BECA 2 CDE"},"sameAs":["http:\/\/www.cdealmeria.com"]}]}},"_links":{"self":[{"href":"https:\/\/www.cde.ual.es\/en\/wp-json\/wp\/v2\/posts\/113217","targetHints":{"allow":["GET"]}}],"collection":[{"href":"https:\/\/www.cde.ual.es\/en\/wp-json\/wp\/v2\/posts"}],"about":[{"href":"https:\/\/www.cde.ual.es\/en\/wp-json\/wp\/v2\/types\/post"}],"author":[{"embeddable":true,"href":"https:\/\/www.cde.ual.es\/en\/wp-json\/wp\/v2\/users\/101011"}],"replies":[{"embeddable":true,"href":"https:\/\/www.cde.ual.es\/en\/wp-json\/wp\/v2\/comments?post=113217"}],"version-history":[{"count":1,"href":"https:\/\/www.cde.ual.es\/en\/wp-json\/wp\/v2\/posts\/113217\/revisions"}],"predecessor-version":[{"id":113220,"href":"https:\/\/www.cde.ual.es\/en\/wp-json\/wp\/v2\/posts\/113217\/revisions\/113220"}],"wp:featuredmedia":[{"embeddable":true,"href":"https:\/\/www.cde.ual.es\/en\/wp-json\/wp\/v2\/media\/109691"}],"wp:attachment":[{"href":"https:\/\/www.cde.ual.es\/en\/wp-json\/wp\/v2\/media?parent=113217"}],"wp:term":[{"taxonomy":"category","embeddable":true,"href":"https:\/\/www.cde.ual.es\/en\/wp-json\/wp\/v2\/categories?post=113217"},{"taxonomy":"post_tag","embeddable":true,"href":"https:\/\/www.cde.ual.es\/en\/wp-json\/wp\/v2\/tags?post=113217"}],"curies":[{"name":"wp","href":"https:\/\/api.w.org\/{rel}","templated":true}]}}