{"id":1132,"date":"2016-12-21T12:32:31","date_gmt":"2016-12-21T11:32:31","guid":{"rendered":"http:\/\/www.cde.ual.es\/?p=1132"},"modified":"2016-12-21T12:35:56","modified_gmt":"2016-12-21T11:35:56","slug":"xi-edicion-del-premio-escolar-jovenes-andaluces-construyendo-europa-jace","status":"publish","type":"post","link":"https:\/\/www.cde.ual.es\/en\/xi-edicion-del-premio-escolar-jovenes-andaluces-construyendo-europa-jace\/","title":{"rendered":"XI Edici\u00f3n del Premio Escolar J\u00d3VENES ANDALUCES CONSTRUYENDO EUROPA-JACE"},"content":{"rendered":"<figure id=\"attachment_1134\" aria-describedby=\"caption-attachment-1134\" style=\"width: 300px\" class=\"wp-caption alignright\"><a href=\"http:\/\/www.cde.ual.es\/wp-content\/uploads\/2016\/12\/JACE-escolar-e1482320020588.png\"><img decoding=\"async\" class=\"size-medium wp-image-1134\" src=\"http:\/\/www.cde.ual.es\/wp-content\/uploads\/2016\/12\/JACE-escolar-300x300.png\" alt=\"Premio escolar JACE edici\u00f3n XI\" width=\"300\" height=\"300\" \/><\/a><figcaption id=\"caption-attachment-1134\" class=\"wp-caption-text\">Premio escolar JACE edici\u00f3n XI<\/figcaption><\/figure>\n<p>La Red de Informaci\u00f3n Europea de Andaluc\u00eda, que est\u00e1 presidida por la Secretar\u00eda General de Acci\u00f3n Exterior de la Junta de Andaluc\u00eda e integrada por los centros de informaci\u00f3n europea de Andaluc\u00eda, ha convocado la <strong>XI Edici\u00f3n del Premio Escolar J\u00d3VENES ANDALUCES CONSTRUYENDO EUROPA-JACE<\/strong>, cuyo objetivo es fomentar la dimensi\u00f3n europea en la educaci\u00f3n y el mutuo entendimiento entre el alumnado de los centros educativos andaluces mediante la concesi\u00f3n de un premio al mejor trabajo sobre la Uni\u00f3n Europea relativo a alguno de los temas se\u00f1alados en las Bases de la convocatoria.<\/p>\n<h4>Plazo de presentaci\u00f3n de trabajos<\/h4>\n<p>Del 16 de enero al 17 de febrero de 2017<\/p>\n<h4>Propuestas de trabajos y documentaci\u00f3n<\/h4>\n<p>Para participar, los grupos de los centros educativos que lo deseen, presentar\u00e1n una propuesta de escenificaci\u00f3n de la tem\u00e1tica europea correspondiente al centro EUROPE DIRECT de su \u00e1mbito, utilizando para ello el formulario incluido en las Bases.<\/p>\n<p>Los formularios con las propuestas deber\u00e1n presentarse en el centro EUROPE DIRECT de referencia en cada provincia, o remitirse mediante email, fax, correo postal o mensajer\u00eda.<\/p>\n<h4>Presentaci\u00f3n p\u00fablica de los trabajos<\/h4>\n<p>Los centros seleccionados, de todas las provincias andaluzas, participar\u00e1n en un encuentro que se celebrar\u00e1 en el CEULAJ (Mollina, M\u00e1laga) los d\u00edas 25 y 26 de abril de 2017.<\/p>\n<h4>Premio<\/h4>\n<p>Obsequios proporcionados por los miembros de la Red de Informaci\u00f3n Europea de Andaluc\u00eda.<\/p>\n<p>Formularios de solicitud\u00a0en <a title=\"Bases XI Premio JACE\" href=\"http:\/\/www.andaluciaeuropa.com\/index.php?id=jace-2017\" target=\"_blank\">este enlace<\/a>.<\/p>\n","protected":false},"excerpt":{"rendered":"<p>La Red de Informaci\u00f3n Europea de Andaluc\u00eda, que est\u00e1 presidida por la Secretar\u00eda General de Acci\u00f3n Exterior de la Junta de Andaluc\u00eda e integrada por los centros de informaci\u00f3n europea de Andaluc\u00eda, ha convocado la XI Edici\u00f3n del Premio Escolar J\u00d3VENES ANDALUCES CONSTRUYENDO EUROPA-JACE, cuyo objetivo es fomentar la dimensi\u00f3n europea en la educaci\u00f3n y [&hellip;]<\/p>\n","protected":false},"author":1,"featured_media":0,"comment_status":"open","ping_status":"open","sticky":false,"template":"","format":"standard","meta":{"_acf_changed":false,"_relevanssi_hide_post":"","_relevanssi_hide_content":"","_relevanssi_pin_for_all":"","_relevanssi_pin_keywords":"","_relevanssi_unpin_keywords":"","_relevanssi_related_keywords":"","_relevanssi_related_include_ids":"","_relevanssi_related_exclude_ids":"","_relevanssi_related_no_append":"","_relevanssi_related_not_related":"","_relevanssi_related_posts":"","_relevanssi_noindex_reason":"","_monsterinsights_skip_tracking":false,"_monsterinsights_sitenote_active":false,"_monsterinsights_sitenote_note":"","_monsterinsights_sitenote_category":0,"_genesis_hide_title":false,"_genesis_hide_breadcrumbs":false,"_genesis_hide_singular_image":false,"_genesis_hide_footer_widgets":false,"_genesis_custom_body_class":"","_genesis_custom_post_class":"","_genesis_layout":"","footnotes":""},"categories":[1],"tags":[],"class_list":{"0":"post-1132","1":"post","2":"type-post","3":"status-publish","4":"format-standard","6":"category-sin-categorizar","7":"entry","8":"has-post-thumbnail"},"acf":[],"yoast_head":"<!-- This site is optimized with the Yoast SEO plugin v27.4 - https:\/\/yoast.com\/product\/yoast-seo-wordpress\/ -->\n<title>XI Edici\u00f3n del Premio Escolar J\u00d3VENES ANDALUCES CONSTRUYENDO EUROPA-JACE | CDE Almer\u00eda - Centro de Documentaci\u00f3n Europea - Universidad de Almer\u00eda<\/title>\n<meta name=\"robots\" content=\"index, follow, max-snippet:-1, max-image-preview:large, max-video-preview:-1\" \/>\n<link rel=\"canonical\" href=\"https:\/\/www.cde.ual.es\/xi-edicion-del-premio-escolar-jovenes-andaluces-construyendo-europa-jace\/\" \/>\n<meta property=\"og:locale\" content=\"en_US\" \/>\n<meta property=\"og:type\" content=\"article\" \/>\n<meta property=\"og:title\" content=\"XI Edici\u00f3n del Premio Escolar J\u00d3VENES ANDALUCES CONSTRUYENDO EUROPA-JACE | CDE Almer\u00eda - Centro de Documentaci\u00f3n Europea - Universidad de Almer\u00eda\" \/>\n<meta property=\"og:description\" content=\"La Red de Informaci\u00f3n Europea de Andaluc\u00eda, que est\u00e1 presidida por la Secretar\u00eda General de Acci\u00f3n Exterior de la Junta de Andaluc\u00eda e integrada por los centros de informaci\u00f3n europea de Andaluc\u00eda, ha convocado la XI Edici\u00f3n del Premio Escolar J\u00d3VENES ANDALUCES CONSTRUYENDO EUROPA-JACE, cuyo objetivo es fomentar la dimensi\u00f3n europea en la educaci\u00f3n y [&hellip;]\" \/>\n<meta property=\"og:url\" content=\"https:\/\/www.cde.ual.es\/xi-edicion-del-premio-escolar-jovenes-andaluces-construyendo-europa-jace\/\" \/>\n<meta property=\"og:site_name\" content=\"CDE Almer\u00eda - Centro de Documentaci\u00f3n Europea - Universidad de Almer\u00eda\" \/>\n<meta property=\"article:publisher\" content=\"https:\/\/www.facebook.com\/cdeuniversidadalmeria\/\" \/>\n<meta property=\"article:published_time\" content=\"2016-12-21T11:32:31+00:00\" \/>\n<meta property=\"article:modified_time\" content=\"2016-12-21T11:35:56+00:00\" \/>\n<meta property=\"og:image\" content=\"http:\/\/www.cde.ual.es\/wp-content\/uploads\/2016\/12\/JACE-escolar-300x300.png\" \/>\n<meta name=\"author\" content=\"AdminCDE\" \/>\n<meta name=\"twitter:card\" content=\"summary_large_image\" \/>\n<meta name=\"twitter:creator\" content=\"@cdeualmeria\" \/>\n<meta name=\"twitter:site\" content=\"@cdeualmeria\" \/>\n<meta name=\"twitter:label1\" content=\"Written by\" \/>\n\t<meta name=\"twitter:data1\" content=\"AdminCDE\" \/>\n\t<meta name=\"twitter:label2\" content=\"Est. reading time\" \/>\n\t<meta name=\"twitter:data2\" content=\"1 minute\" \/>\n<script type=\"application\/ld+json\" class=\"yoast-schema-graph\">{\"@context\":\"https:\\\/\\\/schema.org\",\"@graph\":[{\"@type\":\"Article\",\"@id\":\"https:\\\/\\\/www.cde.ual.es\\\/xi-edicion-del-premio-escolar-jovenes-andaluces-construyendo-europa-jace\\\/#article\",\"isPartOf\":{\"@id\":\"https:\\\/\\\/www.cde.ual.es\\\/xi-edicion-del-premio-escolar-jovenes-andaluces-construyendo-europa-jace\\\/\"},\"author\":{\"name\":\"AdminCDE\",\"@id\":\"https:\\\/\\\/www.cde.ual.es\\\/#\\\/schema\\\/person\\\/224ef08c8bcc005f319d2713ce37ee5f\"},\"headline\":\"XI Edici\u00f3n del Premio Escolar J\u00d3VENES ANDALUCES CONSTRUYENDO EUROPA-JACE\",\"datePublished\":\"2016-12-21T11:32:31+00:00\",\"dateModified\":\"2016-12-21T11:35:56+00:00\",\"mainEntityOfPage\":{\"@id\":\"https:\\\/\\\/www.cde.ual.es\\\/xi-edicion-del-premio-escolar-jovenes-andaluces-construyendo-europa-jace\\\/\"},\"wordCount\":275,\"commentCount\":0,\"publisher\":{\"@id\":\"https:\\\/\\\/www.cde.ual.es\\\/#organization\"},\"image\":{\"@id\":\"https:\\\/\\\/www.cde.ual.es\\\/xi-edicion-del-premio-escolar-jovenes-andaluces-construyendo-europa-jace\\\/#primaryimage\"},\"thumbnailUrl\":\"http:\\\/\\\/www.cde.ual.es\\\/wp-content\\\/uploads\\\/2016\\\/12\\\/JACE-escolar-300x300.png\",\"articleSection\":[\"Sin categorizar\"],\"inLanguage\":\"en-US\",\"potentialAction\":[{\"@type\":\"CommentAction\",\"name\":\"Comment\",\"target\":[\"https:\\\/\\\/www.cde.ual.es\\\/xi-edicion-del-premio-escolar-jovenes-andaluces-construyendo-europa-jace\\\/#respond\"]}]},{\"@type\":\"WebPage\",\"@id\":\"https:\\\/\\\/www.cde.ual.es\\\/xi-edicion-del-premio-escolar-jovenes-andaluces-construyendo-europa-jace\\\/\",\"url\":\"https:\\\/\\\/www.cde.ual.es\\\/xi-edicion-del-premio-escolar-jovenes-andaluces-construyendo-europa-jace\\\/\",\"name\":\"XI Edici\u00f3n del Premio Escolar J\u00d3VENES ANDALUCES CONSTRUYENDO EUROPA-JACE | CDE Almer\u00eda - Centro de Documentaci\u00f3n Europea - Universidad de Almer\u00eda\",\"isPartOf\":{\"@id\":\"https:\\\/\\\/www.cde.ual.es\\\/#website\"},\"primaryImageOfPage\":{\"@id\":\"https:\\\/\\\/www.cde.ual.es\\\/xi-edicion-del-premio-escolar-jovenes-andaluces-construyendo-europa-jace\\\/#primaryimage\"},\"image\":{\"@id\":\"https:\\\/\\\/www.cde.ual.es\\\/xi-edicion-del-premio-escolar-jovenes-andaluces-construyendo-europa-jace\\\/#primaryimage\"},\"thumbnailUrl\":\"http:\\\/\\\/www.cde.ual.es\\\/wp-content\\\/uploads\\\/2016\\\/12\\\/JACE-escolar-300x300.png\",\"datePublished\":\"2016-12-21T11:32:31+00:00\",\"dateModified\":\"2016-12-21T11:35:56+00:00\",\"breadcrumb\":{\"@id\":\"https:\\\/\\\/www.cde.ual.es\\\/xi-edicion-del-premio-escolar-jovenes-andaluces-construyendo-europa-jace\\\/#breadcrumb\"},\"inLanguage\":\"en-US\",\"potentialAction\":[{\"@type\":\"ReadAction\",\"target\":[\"https:\\\/\\\/www.cde.ual.es\\\/xi-edicion-del-premio-escolar-jovenes-andaluces-construyendo-europa-jace\\\/\"]}]},{\"@type\":\"ImageObject\",\"inLanguage\":\"en-US\",\"@id\":\"https:\\\/\\\/www.cde.ual.es\\\/xi-edicion-del-premio-escolar-jovenes-andaluces-construyendo-europa-jace\\\/#primaryimage\",\"url\":\"http:\\\/\\\/www.cde.ual.es\\\/wp-content\\\/uploads\\\/2016\\\/12\\\/JACE-escolar-300x300.png\",\"contentUrl\":\"http:\\\/\\\/www.cde.ual.es\\\/wp-content\\\/uploads\\\/2016\\\/12\\\/JACE-escolar-300x300.png\"},{\"@type\":\"BreadcrumbList\",\"@id\":\"https:\\\/\\\/www.cde.ual.es\\\/xi-edicion-del-premio-escolar-jovenes-andaluces-construyendo-europa-jace\\\/#breadcrumb\",\"itemListElement\":[{\"@type\":\"ListItem\",\"position\":1,\"name\":\"Inicio\",\"item\":\"https:\\\/\\\/www.cde.ual.es\\\/en\\\/\"},{\"@type\":\"ListItem\",\"position\":2,\"name\":\"Sin categorizar\",\"item\":\"https:\\\/\\\/www.cde.ual.es\\\/category\\\/sin-categorizar\\\/\"},{\"@type\":\"ListItem\",\"position\":3,\"name\":\"XI Edici\u00f3n del Premio Escolar J\u00d3VENES ANDALUCES CONSTRUYENDO EUROPA-JACE\"}]},{\"@type\":\"WebSite\",\"@id\":\"https:\\\/\\\/www.cde.ual.es\\\/#website\",\"url\":\"https:\\\/\\\/www.cde.ual.es\\\/\",\"name\":\"CDE Almer\u00eda - Centro de Documentaci\u00f3n Europea - Universidad de Almer\u00eda\",\"description\":\"Centro de Documentaci\u00f3n Europea de la Universidad de Almer\u00eda\",\"publisher\":{\"@id\":\"https:\\\/\\\/www.cde.ual.es\\\/#organization\"},\"alternateName\":\"CDE Almer\u00eda\",\"potentialAction\":[{\"@type\":\"SearchAction\",\"target\":{\"@type\":\"EntryPoint\",\"urlTemplate\":\"https:\\\/\\\/www.cde.ual.es\\\/?s={search_term_string}\"},\"query-input\":{\"@type\":\"PropertyValueSpecification\",\"valueRequired\":true,\"valueName\":\"search_term_string\"}}],\"inLanguage\":\"en-US\"},{\"@type\":\"Organization\",\"@id\":\"https:\\\/\\\/www.cde.ual.es\\\/#organization\",\"name\":\"Centro de Documentaci\u00f3n Europea de Almer\u00eda\",\"url\":\"https:\\\/\\\/www.cde.ual.es\\\/\",\"logo\":{\"@type\":\"ImageObject\",\"inLanguage\":\"en-US\",\"@id\":\"https:\\\/\\\/www.cde.ual.es\\\/#\\\/schema\\\/logo\\\/image\\\/\",\"url\":\"https:\\\/\\\/www.cde.ual.es\\\/wp-content\\\/uploads\\\/2025\\\/07\\\/cde-logo-3.png\",\"contentUrl\":\"https:\\\/\\\/www.cde.ual.es\\\/wp-content\\\/uploads\\\/2025\\\/07\\\/cde-logo-3.png\",\"width\":1400,\"height\":300,\"caption\":\"Centro de Documentaci\u00f3n Europea de Almer\u00eda\"},\"image\":{\"@id\":\"https:\\\/\\\/www.cde.ual.es\\\/#\\\/schema\\\/logo\\\/image\\\/\"},\"sameAs\":[\"https:\\\/\\\/www.facebook.com\\\/cdeuniversidadalmeria\\\/\",\"https:\\\/\\\/x.com\\\/cdeualmeria\",\"https:\\\/\\\/www.tiktok.com\\\/@cdealmeria\",\"https:\\\/\\\/www.instagram.com\\\/cdealmeria\\\/\",\"https:\\\/\\\/www.linkedin.com\\\/in\\\/cde-almera-812b26a9\\\/\"]},{\"@type\":\"Person\",\"@id\":\"https:\\\/\\\/www.cde.ual.es\\\/#\\\/schema\\\/person\\\/224ef08c8bcc005f319d2713ce37ee5f\",\"name\":\"AdminCDE\",\"image\":{\"@type\":\"ImageObject\",\"inLanguage\":\"en-US\",\"@id\":\"https:\\\/\\\/secure.gravatar.com\\\/avatar\\\/a72d038d371f995cd13706fac32274b7952a52e8fb0a84b5f80c85426f2a98a8?s=96&d=mm&r=g\",\"url\":\"https:\\\/\\\/secure.gravatar.com\\\/avatar\\\/a72d038d371f995cd13706fac32274b7952a52e8fb0a84b5f80c85426f2a98a8?s=96&d=mm&r=g\",\"contentUrl\":\"https:\\\/\\\/secure.gravatar.com\\\/avatar\\\/a72d038d371f995cd13706fac32274b7952a52e8fb0a84b5f80c85426f2a98a8?s=96&d=mm&r=g\",\"caption\":\"AdminCDE\"}}]}<\/script>\n<!-- \/ Yoast SEO plugin. -->","yoast_head_json":{"title":"XI Edici\u00f3n del Premio Escolar J\u00d3VENES ANDALUCES CONSTRUYENDO EUROPA-JACE | CDE Almer\u00eda - Centro de Documentaci\u00f3n Europea - Universidad de Almer\u00eda","robots":{"index":"index","follow":"follow","max-snippet":"max-snippet:-1","max-image-preview":"max-image-preview:large","max-video-preview":"max-video-preview:-1"},"canonical":"https:\/\/www.cde.ual.es\/xi-edicion-del-premio-escolar-jovenes-andaluces-construyendo-europa-jace\/","og_locale":"en_US","og_type":"article","og_title":"XI Edici\u00f3n del Premio Escolar J\u00d3VENES ANDALUCES CONSTRUYENDO EUROPA-JACE | CDE Almer\u00eda - Centro de Documentaci\u00f3n Europea - Universidad de Almer\u00eda","og_description":"La Red de Informaci\u00f3n Europea de Andaluc\u00eda, que est\u00e1 presidida por la Secretar\u00eda General de Acci\u00f3n Exterior de la Junta de Andaluc\u00eda e integrada por los centros de informaci\u00f3n europea de Andaluc\u00eda, ha convocado la XI Edici\u00f3n del Premio Escolar J\u00d3VENES ANDALUCES CONSTRUYENDO EUROPA-JACE, cuyo objetivo es fomentar la dimensi\u00f3n europea en la educaci\u00f3n y [&hellip;]","og_url":"https:\/\/www.cde.ual.es\/xi-edicion-del-premio-escolar-jovenes-andaluces-construyendo-europa-jace\/","og_site_name":"CDE Almer\u00eda - Centro de Documentaci\u00f3n Europea - Universidad de Almer\u00eda","article_publisher":"https:\/\/www.facebook.com\/cdeuniversidadalmeria\/","article_published_time":"2016-12-21T11:32:31+00:00","article_modified_time":"2016-12-21T11:35:56+00:00","og_image":[{"url":"http:\/\/www.cde.ual.es\/wp-content\/uploads\/2016\/12\/JACE-escolar-300x300.png","type":"","width":"","height":""}],"author":"AdminCDE","twitter_card":"summary_large_image","twitter_creator":"@cdeualmeria","twitter_site":"@cdeualmeria","twitter_misc":{"Written by":"AdminCDE","Est. reading time":"1 minute"},"schema":{"@context":"https:\/\/schema.org","@graph":[{"@type":"Article","@id":"https:\/\/www.cde.ual.es\/xi-edicion-del-premio-escolar-jovenes-andaluces-construyendo-europa-jace\/#article","isPartOf":{"@id":"https:\/\/www.cde.ual.es\/xi-edicion-del-premio-escolar-jovenes-andaluces-construyendo-europa-jace\/"},"author":{"name":"AdminCDE","@id":"https:\/\/www.cde.ual.es\/#\/schema\/person\/224ef08c8bcc005f319d2713ce37ee5f"},"headline":"XI Edici\u00f3n del Premio Escolar J\u00d3VENES ANDALUCES CONSTRUYENDO EUROPA-JACE","datePublished":"2016-12-21T11:32:31+00:00","dateModified":"2016-12-21T11:35:56+00:00","mainEntityOfPage":{"@id":"https:\/\/www.cde.ual.es\/xi-edicion-del-premio-escolar-jovenes-andaluces-construyendo-europa-jace\/"},"wordCount":275,"commentCount":0,"publisher":{"@id":"https:\/\/www.cde.ual.es\/#organization"},"image":{"@id":"https:\/\/www.cde.ual.es\/xi-edicion-del-premio-escolar-jovenes-andaluces-construyendo-europa-jace\/#primaryimage"},"thumbnailUrl":"http:\/\/www.cde.ual.es\/wp-content\/uploads\/2016\/12\/JACE-escolar-300x300.png","articleSection":["Sin categorizar"],"inLanguage":"en-US","potentialAction":[{"@type":"CommentAction","name":"Comment","target":["https:\/\/www.cde.ual.es\/xi-edicion-del-premio-escolar-jovenes-andaluces-construyendo-europa-jace\/#respond"]}]},{"@type":"WebPage","@id":"https:\/\/www.cde.ual.es\/xi-edicion-del-premio-escolar-jovenes-andaluces-construyendo-europa-jace\/","url":"https:\/\/www.cde.ual.es\/xi-edicion-del-premio-escolar-jovenes-andaluces-construyendo-europa-jace\/","name":"XI Edici\u00f3n del Premio Escolar J\u00d3VENES ANDALUCES CONSTRUYENDO EUROPA-JACE | CDE Almer\u00eda - Centro de Documentaci\u00f3n Europea - Universidad de Almer\u00eda","isPartOf":{"@id":"https:\/\/www.cde.ual.es\/#website"},"primaryImageOfPage":{"@id":"https:\/\/www.cde.ual.es\/xi-edicion-del-premio-escolar-jovenes-andaluces-construyendo-europa-jace\/#primaryimage"},"image":{"@id":"https:\/\/www.cde.ual.es\/xi-edicion-del-premio-escolar-jovenes-andaluces-construyendo-europa-jace\/#primaryimage"},"thumbnailUrl":"http:\/\/www.cde.ual.es\/wp-content\/uploads\/2016\/12\/JACE-escolar-300x300.png","datePublished":"2016-12-21T11:32:31+00:00","dateModified":"2016-12-21T11:35:56+00:00","breadcrumb":{"@id":"https:\/\/www.cde.ual.es\/xi-edicion-del-premio-escolar-jovenes-andaluces-construyendo-europa-jace\/#breadcrumb"},"inLanguage":"en-US","potentialAction":[{"@type":"ReadAction","target":["https:\/\/www.cde.ual.es\/xi-edicion-del-premio-escolar-jovenes-andaluces-construyendo-europa-jace\/"]}]},{"@type":"ImageObject","inLanguage":"en-US","@id":"https:\/\/www.cde.ual.es\/xi-edicion-del-premio-escolar-jovenes-andaluces-construyendo-europa-jace\/#primaryimage","url":"http:\/\/www.cde.ual.es\/wp-content\/uploads\/2016\/12\/JACE-escolar-300x300.png","contentUrl":"http:\/\/www.cde.ual.es\/wp-content\/uploads\/2016\/12\/JACE-escolar-300x300.png"},{"@type":"BreadcrumbList","@id":"https:\/\/www.cde.ual.es\/xi-edicion-del-premio-escolar-jovenes-andaluces-construyendo-europa-jace\/#breadcrumb","itemListElement":[{"@type":"ListItem","position":1,"name":"Inicio","item":"https:\/\/www.cde.ual.es\/en\/"},{"@type":"ListItem","position":2,"name":"Sin categorizar","item":"https:\/\/www.cde.ual.es\/category\/sin-categorizar\/"},{"@type":"ListItem","position":3,"name":"XI Edici\u00f3n del Premio Escolar J\u00d3VENES ANDALUCES CONSTRUYENDO EUROPA-JACE"}]},{"@type":"WebSite","@id":"https:\/\/www.cde.ual.es\/#website","url":"https:\/\/www.cde.ual.es\/","name":"CDE Almer\u00eda - Centro de Documentaci\u00f3n Europea - Universidad de Almer\u00eda","description":"Centro de Documentaci\u00f3n Europea de la Universidad de Almer\u00eda","publisher":{"@id":"https:\/\/www.cde.ual.es\/#organization"},"alternateName":"CDE Almer\u00eda","potentialAction":[{"@type":"SearchAction","target":{"@type":"EntryPoint","urlTemplate":"https:\/\/www.cde.ual.es\/?s={search_term_string}"},"query-input":{"@type":"PropertyValueSpecification","valueRequired":true,"valueName":"search_term_string"}}],"inLanguage":"en-US"},{"@type":"Organization","@id":"https:\/\/www.cde.ual.es\/#organization","name":"Centro de Documentaci\u00f3n Europea de Almer\u00eda","url":"https:\/\/www.cde.ual.es\/","logo":{"@type":"ImageObject","inLanguage":"en-US","@id":"https:\/\/www.cde.ual.es\/#\/schema\/logo\/image\/","url":"https:\/\/www.cde.ual.es\/wp-content\/uploads\/2025\/07\/cde-logo-3.png","contentUrl":"https:\/\/www.cde.ual.es\/wp-content\/uploads\/2025\/07\/cde-logo-3.png","width":1400,"height":300,"caption":"Centro de Documentaci\u00f3n Europea de Almer\u00eda"},"image":{"@id":"https:\/\/www.cde.ual.es\/#\/schema\/logo\/image\/"},"sameAs":["https:\/\/www.facebook.com\/cdeuniversidadalmeria\/","https:\/\/x.com\/cdeualmeria","https:\/\/www.tiktok.com\/@cdealmeria","https:\/\/www.instagram.com\/cdealmeria\/","https:\/\/www.linkedin.com\/in\/cde-almera-812b26a9\/"]},{"@type":"Person","@id":"https:\/\/www.cde.ual.es\/#\/schema\/person\/224ef08c8bcc005f319d2713ce37ee5f","name":"AdminCDE","image":{"@type":"ImageObject","inLanguage":"en-US","@id":"https:\/\/secure.gravatar.com\/avatar\/a72d038d371f995cd13706fac32274b7952a52e8fb0a84b5f80c85426f2a98a8?s=96&d=mm&r=g","url":"https:\/\/secure.gravatar.com\/avatar\/a72d038d371f995cd13706fac32274b7952a52e8fb0a84b5f80c85426f2a98a8?s=96&d=mm&r=g","contentUrl":"https:\/\/secure.gravatar.com\/avatar\/a72d038d371f995cd13706fac32274b7952a52e8fb0a84b5f80c85426f2a98a8?s=96&d=mm&r=g","caption":"AdminCDE"}}]}},"_links":{"self":[{"href":"https:\/\/www.cde.ual.es\/en\/wp-json\/wp\/v2\/posts\/1132","targetHints":{"allow":["GET"]}}],"collection":[{"href":"https:\/\/www.cde.ual.es\/en\/wp-json\/wp\/v2\/posts"}],"about":[{"href":"https:\/\/www.cde.ual.es\/en\/wp-json\/wp\/v2\/types\/post"}],"author":[{"embeddable":true,"href":"https:\/\/www.cde.ual.es\/en\/wp-json\/wp\/v2\/users\/1"}],"replies":[{"embeddable":true,"href":"https:\/\/www.cde.ual.es\/en\/wp-json\/wp\/v2\/comments?post=1132"}],"version-history":[{"count":0,"href":"https:\/\/www.cde.ual.es\/en\/wp-json\/wp\/v2\/posts\/1132\/revisions"}],"wp:attachment":[{"href":"https:\/\/www.cde.ual.es\/en\/wp-json\/wp\/v2\/media?parent=1132"}],"wp:term":[{"taxonomy":"category","embeddable":true,"href":"https:\/\/www.cde.ual.es\/en\/wp-json\/wp\/v2\/categories?post=1132"},{"taxonomy":"post_tag","embeddable":true,"href":"https:\/\/www.cde.ual.es\/en\/wp-json\/wp\/v2\/tags?post=1132"}],"curies":[{"name":"wp","href":"https:\/\/api.w.org\/{rel}","templated":true}]}}