{"id":11246,"date":"2019-01-10T08:16:02","date_gmt":"2019-01-10T07:16:02","guid":{"rendered":"http:\/\/www.cde.ual.es\/?p=11246"},"modified":"2019-01-10T08:16:11","modified_gmt":"2019-01-10T07:16:11","slug":"cinco-retos-de-la-ue-en-el-exterior-para-este-2019","status":"publish","type":"post","link":"https:\/\/www.cde.ual.es\/en\/cinco-retos-de-la-ue-en-el-exterior-para-este-2019\/","title":{"rendered":"Cinco retos de la UE en el exterior para este 2019"},"content":{"rendered":"\n<p><strong><em>&#8220;Los tiempos en los que los europeos pod\u00edamos confiar en otros est\u00e1n llegando a su fin. Europa debe tomar el destino en sus propias manos&#8221;. La contundente frase que la canciller Angela Merkel pronunci\u00f3 el a\u00f1o pasado explica buena parte de los cambios que la UE enfrenta en el tablero de ajedrez mundial. <\/em><\/strong><\/p>\n\n\n\n<div class=\"wp-block-image\"><figure class=\"aligncenter\"><img decoding=\"async\" width=\"640\" height=\"266\" src=\"http:\/\/www.cde.ual.es\/wp-content\/uploads\/2019\/01\/scandinavia-2679733_640.png\" alt=\"\" class=\"wp-image-11261\" srcset=\"https:\/\/www.cde.ual.es\/wp-content\/uploads\/2019\/01\/scandinavia-2679733_640.png 640w, https:\/\/www.cde.ual.es\/wp-content\/uploads\/2019\/01\/scandinavia-2679733_640-300x125.png 300w\" sizes=\"(max-width: 640px) 100vw, 640px\" \/><\/figure><\/div>\n\n\n\n<p><strong>Europa de la Defensa<\/strong><\/p>\n\n\n\n<p>En 1954 la Asamblea francesa dijo no a la Europa de la Defensa. Unos diputados entonaron alegres \u2018La Marsellesa\u2019. Hoy es el auge del ultranacionalismo, dentro y fuera de la UE, el que ha impulsado junto al Brexit que la idea de una Uni\u00f3n Europea de Seguridad y Defensa com\u00fan sea m\u00e1s cercana.<\/p>\n\n\n\n<p>As\u00ed uno de los grandes desaf\u00edos de la UE para este crucial a\u00f1o que acaba de arrancar es avanzar en torno a la UE de la Defensa, que fue el sue\u00f1o de los padres fundadores. En 2018, 25 Estados miembros despertaron la Cooperaci\u00f3n Estructurada Permanente (Pesco, por sus siglas en ingl\u00e9s). La conocida como&nbsp;<a href=\"http:\/\/www.aquieuropa.com\/noticia\/64462-la-pesco-el-despertar-de-la-bella-durmiente-seis-decadas-despues\" target=\"_blank\" rel=\"noreferrer noopener\"><strong>\u2018Bella Durmiente\u2019 del Tratado de Lisboa<\/strong><\/a>&nbsp;permite a las industrias europeas cooperar en el desarrollo de tecnolog\u00eda para evitar duplicidades. Pero los proyectos navegan todav\u00eda entre la par\u00e1lisis de la burocracia, los problemas de financiaci\u00f3n y la lentitud. Adem\u00e1s de diferentes opiniones de las capitales sobre la participaci\u00f3n de pa\u00edses terceros, como en el futuro el Reino Unido.<\/p>\n\n\n\n<p><strong>Oriente Pr\u00f3ximo<\/strong><\/p>\n\n\n\n<p>Cuatro meses restan, no obstante, para las elecciones europeas y por extensi\u00f3n para el fin de esta Comisi\u00f3n que lidera el luxemburgu\u00e9s Jean-Claude Juncker. Federica Mogherini, Alta Representante de Exteriores de la UE, afirm\u00f3 en una entrevista previa a jurar su cargo que uno de sus grandes prop\u00f3sitos era conseguir la paz en Oriente Pr\u00f3ximo. Poco hac\u00eda atisbar por aquel entonces, en 2014, que Estados Unidos el \u201cmediador\u201d hist\u00f3rico entre Palestina e Israel har\u00eda saltar por los aires el proceso de paz. Uno de los principales golpes sobre el tablero de ajedrez mundial de Trump fue&nbsp;<a href=\"http:\/\/www.aquieuropa.com\/noticia\/64913-4-estados-miembros-asisten-al-traslado-de-la-embajada-de-eeuu-a-jerusalen\" target=\"_blank\" rel=\"noreferrer noopener\"><strong>trasladar su Embajada de Tel Aviv a Jerusal\u00e9n<\/strong><\/a>&nbsp;(que indirectamente supone el reconocimiento de la vol\u00e1til Jerusal\u00e9n como capital del Estado de Israel). Ahora el Estado hebreo va un paso m\u00e1s all\u00e1 y pide a la Casa Blanca que reconozca los Altos del Gol\u00e1n sirios (anexionados por Israel en 1967).<\/p>\n\n\n\n<p>A Siria nos lleva, precisamente el gran acontecimiento de las \u00faltimas horas. Trump ha anunciado que retirar\u00e1 inmediatamente a los soldados sobre el terreno que tiene en Siria, el gran perdedor de la llamada Primavera \u00c1rabe que va camino de su octavo a\u00f1o en guerra.<\/p>\n\n\n\n<p>Si bien las implicaciones pueden salpicar de vuelta a Estados Unidos, una de las grandes perdedoras de esta retirada es Europa. Siria est\u00e1 a las puertas del Viejo Continente y aunque el grupo terrorista Estado Isl\u00e1mico ha sufrido fuertes sacudidas a nivel de combatientes y territorios, cientos de yihadistas contin\u00faan anclados en la frontera que comparten Siria e Irak, lo que entra\u00f1a importantes riesgos para la seguridad de Europa.<\/p>\n\n\n\n<p><strong>Acuerdo nuclear<\/strong><\/p>\n\n\n\n<p>Sin dejar la regi\u00f3n, uno de los principales desaf\u00edos para la pr\u00f3xima Comisi\u00f3n ser\u00e1 el acuerdo nuclear iran\u00ed, que se ha erigido como principal&nbsp;<a href=\"http:\/\/www.aquieuropa.com\/noticia\/64911-mensaje-de-mogherini-a-iran-no-dejeis-que-nadie-desmantele-el-acuerdo-nuclear\" target=\"_blank\" rel=\"noreferrer noopener\"><strong>prueba de la fortaleza comunitaria en el exterior frente a Trump<\/strong><\/a>. Tras los Acuerdos de Par\u00eds, el republicano abandon\u00f3 el acuerdo nuclear poniendo contra las cuerdas el sistema multilateral nacido de la Segunda Guerra Mundial. Trump ha adoptado un discurso beligerante contra Teher\u00e1n y proteccionista en general y la UE debe velar tanto por el pacto como por el multilateralismo en aras de defender la estabilidad global y diplomacia de la que hace gala. No obstante, la defensa del Plan de Acci\u00f3n Conjunta (JCPOA, como se conoce formalmente al pacto) est\u00e1 costando a la UE m\u00e1s de lo que pensaba. Por un lado, la Rep\u00fablica Isl\u00e1mica comienza a dar s\u00edntomas de agotamiento ante la lentitud de la burocracia comunitaria, y por el otro, varios Estados miembros afean cada vez m\u00e1s que la protecci\u00f3n de Ir\u00e1n est\u00e1 costando un precio demasiado alto a las relaciones con Estados Unidos.<\/p>\n\n\n\n<p><strong>Relaciones transatl\u00e1nticas<\/strong><\/p>\n\n\n\n<p>Otro aspecto para no perder de vista ser\u00e1 la evoluci\u00f3n de los acontecimientos al otro lado del Atl\u00e1ntico. En primer lugar, el desarrollo de la guerra comercial, que de momento aguanta<a href=\"http:\/\/www.aquieuropa.com\/noticia\/65276-la-union-europea-y-estados-unidos-sellan-una-tregua-en-la-guerra-comercial\" target=\"_blank\" rel=\"noreferrer noopener\"><strong>&nbsp;el alto al fuego rubricado el pasado verano entre Juncker y Trump<\/strong><\/a>. En Am\u00e9rica del Sur, los ojos est\u00e1n puestos en Jair Bolsonaro, reci\u00e9n estrenado presidente de Brasil. El conocido como \u2018Trump del Tr\u00f3pico\u2019, que tambi\u00e9n ha adoptado un discurso proteccionista, augura que no se lo pondr\u00e1 f\u00e1cil al bloque comunitario en un momento en el que las relaciones UE-Am\u00e9rica Latina tomaban impulso.&nbsp;<a href=\"http:\/\/www.aquieuropa.com\/noticia\/66009-orban-unico-lider-europeo-en-asistir-a-la-investidura-de-bolsonaro-en-brasil\" target=\"_blank\" rel=\"noreferrer noopener\"><strong>Brasilia ya ha destacado que el acuerdo entre Mercosur y la UE no ser\u00e1 una prioridad de su mandato<\/strong><\/a>.<\/p>\n\n\n\n<p><strong>Rusia<\/strong><\/p>\n\n\n\n<p>Tambi\u00e9n ser\u00e1 fundamental tener en cuenta antes, durante y despu\u00e9s de las elecciones europeas los acontecimientos que se desarrollan a las puertas de Europa. Rusia ha incrementado en los \u00faltimos meses sus ataques a la soberan\u00eda de Ucrania y pesa adem\u00e1s la sombra sobre una potencial injerencia a favor de las fuerzas populistas en los comicios europeos, a los que est\u00e1n llamados m\u00e1s de 500 millones de personas. Adem\u00e1s, el Kremlin tambi\u00e9n ha aumentado su presencia en los Balcanes Occidentales. Aunque Mogherini cruzaba los dedos para que Kosovo y Serbia normalizasen sus relaciones antes de que abandone el acrgo, es decir en mayo,&nbsp;<a href=\"http:\/\/www.aquieuropa.com\/noticia\/65972-kosovo-y-serbia-agitan-el-avispero-de-los-balcanes\" target=\"_blank\" rel=\"noreferrer noopener\"><strong>la tensi\u00f3n entre ambos no ha hecho m\u00e1s que aumentar<\/strong><\/a>&nbsp;durante las \u00faltimas semanas.<\/p>\n\n\n\n<p>As\u00ed las cosas, el 2019 depara una salida intensa de la actual Comisi\u00f3n y una entrada trepidante para la pr\u00f3xima, que heredar\u00e1 muchos retos en el tablero de ajedrez mundial y ver\u00e1 nacer otros muchos en un mundo cada vez m\u00e1s vol\u00e1til.<\/p>\n\n\n\n<p>Consulta la noticia completa <a href=\"http:\/\/www.aquieuropa.com\/noticia\/66019-cinco-retos-de-la-ue-en-el-exterior-para-este-2019\">aqu\u00ed<\/a><\/p>\n","protected":false},"excerpt":{"rendered":"<p>&#8220;Los tiempos en los que los europeos pod\u00edamos confiar en otros est\u00e1n llegando a su fin. Europa debe tomar el destino en sus propias manos&#8221;. La contundente frase que la canciller Angela Merkel pronunci\u00f3 el a\u00f1o pasado explica buena parte de los cambios que la UE enfrenta en el tablero de ajedrez mundial. Europa de [&hellip;]<\/p>\n","protected":false},"author":1,"featured_media":11261,"comment_status":"open","ping_status":"open","sticky":false,"template":"","format":"standard","meta":{"_acf_changed":false,"_relevanssi_hide_post":"","_relevanssi_hide_content":"","_relevanssi_pin_for_all":"","_relevanssi_pin_keywords":"","_relevanssi_unpin_keywords":"","_relevanssi_related_keywords":"","_relevanssi_related_include_ids":"","_relevanssi_related_exclude_ids":"","_relevanssi_related_no_append":"","_relevanssi_related_not_related":"","_relevanssi_related_posts":"","_relevanssi_noindex_reason":"","_monsterinsights_skip_tracking":false,"_monsterinsights_sitenote_active":false,"_monsterinsights_sitenote_note":"","_monsterinsights_sitenote_category":0,"_genesis_hide_title":false,"_genesis_hide_breadcrumbs":false,"_genesis_hide_singular_image":false,"_genesis_hide_footer_widgets":false,"_genesis_custom_body_class":"","_genesis_custom_post_class":"","_genesis_layout":"","footnotes":""},"categories":[96],"tags":[162,305,135],"class_list":{"0":"post-11246","1":"post","2":"type-post","3":"status-publish","4":"format-standard","5":"has-post-thumbnail","7":"category-noticias-ue","8":"tag-acuerdos-internacionales","9":"tag-retos","10":"tag-union-europea","11":"entry"},"acf":[],"yoast_head":"<!-- This site is optimized with the Yoast SEO plugin v27.4 - https:\/\/yoast.com\/product\/yoast-seo-wordpress\/ -->\n<title>Cinco retos de la UE en el exterior para este 2019 | CDE Almer\u00eda - Centro de Documentaci\u00f3n Europea - Universidad de Almer\u00eda<\/title>\n<meta name=\"robots\" content=\"index, follow, max-snippet:-1, max-image-preview:large, max-video-preview:-1\" \/>\n<link rel=\"canonical\" href=\"https:\/\/www.cde.ual.es\/cinco-retos-de-la-ue-en-el-exterior-para-este-2019\/\" \/>\n<meta property=\"og:locale\" content=\"en_US\" \/>\n<meta property=\"og:type\" content=\"article\" \/>\n<meta property=\"og:title\" content=\"Cinco retos de la UE en el exterior para este 2019 | CDE Almer\u00eda - Centro de Documentaci\u00f3n Europea - Universidad de Almer\u00eda\" \/>\n<meta property=\"og:description\" content=\"&#8220;Los tiempos en los que los europeos pod\u00edamos confiar en otros est\u00e1n llegando a su fin. Europa debe tomar el destino en sus propias manos&#8221;. La contundente frase que la canciller Angela Merkel pronunci\u00f3 el a\u00f1o pasado explica buena parte de los cambios que la UE enfrenta en el tablero de ajedrez mundial. Europa de [&hellip;]\" \/>\n<meta property=\"og:url\" content=\"https:\/\/www.cde.ual.es\/cinco-retos-de-la-ue-en-el-exterior-para-este-2019\/\" \/>\n<meta property=\"og:site_name\" content=\"CDE Almer\u00eda - Centro de Documentaci\u00f3n Europea - Universidad de Almer\u00eda\" \/>\n<meta property=\"article:publisher\" content=\"https:\/\/www.facebook.com\/cdeuniversidadalmeria\/\" \/>\n<meta property=\"article:published_time\" content=\"2019-01-10T07:16:02+00:00\" \/>\n<meta property=\"article:modified_time\" content=\"2019-01-10T07:16:11+00:00\" \/>\n<meta property=\"og:image\" content=\"https:\/\/www.cde.ual.es\/wp-content\/uploads\/2019\/01\/scandinavia-2679733_640.png\" \/>\n\t<meta property=\"og:image:width\" content=\"640\" \/>\n\t<meta property=\"og:image:height\" content=\"266\" \/>\n\t<meta property=\"og:image:type\" content=\"image\/png\" \/>\n<meta name=\"author\" content=\"AdminCDE\" \/>\n<meta name=\"twitter:card\" content=\"summary_large_image\" \/>\n<meta name=\"twitter:creator\" content=\"@cdeualmeria\" \/>\n<meta name=\"twitter:site\" content=\"@cdeualmeria\" \/>\n<meta name=\"twitter:label1\" content=\"Written by\" \/>\n\t<meta name=\"twitter:data1\" content=\"AdminCDE\" \/>\n\t<meta name=\"twitter:label2\" content=\"Est. reading time\" \/>\n\t<meta name=\"twitter:data2\" content=\"5 minutes\" \/>\n<script type=\"application\/ld+json\" class=\"yoast-schema-graph\">{\"@context\":\"https:\\\/\\\/schema.org\",\"@graph\":[{\"@type\":\"Article\",\"@id\":\"https:\\\/\\\/www.cde.ual.es\\\/cinco-retos-de-la-ue-en-el-exterior-para-este-2019\\\/#article\",\"isPartOf\":{\"@id\":\"https:\\\/\\\/www.cde.ual.es\\\/cinco-retos-de-la-ue-en-el-exterior-para-este-2019\\\/\"},\"author\":{\"name\":\"AdminCDE\",\"@id\":\"https:\\\/\\\/www.cde.ual.es\\\/#\\\/schema\\\/person\\\/224ef08c8bcc005f319d2713ce37ee5f\"},\"headline\":\"Cinco retos de la UE en el exterior para este 2019\",\"datePublished\":\"2019-01-10T07:16:02+00:00\",\"dateModified\":\"2019-01-10T07:16:11+00:00\",\"mainEntityOfPage\":{\"@id\":\"https:\\\/\\\/www.cde.ual.es\\\/cinco-retos-de-la-ue-en-el-exterior-para-este-2019\\\/\"},\"wordCount\":1023,\"commentCount\":0,\"publisher\":{\"@id\":\"https:\\\/\\\/www.cde.ual.es\\\/#organization\"},\"image\":{\"@id\":\"https:\\\/\\\/www.cde.ual.es\\\/cinco-retos-de-la-ue-en-el-exterior-para-este-2019\\\/#primaryimage\"},\"thumbnailUrl\":\"https:\\\/\\\/www.cde.ual.es\\\/wp-content\\\/uploads\\\/2019\\\/01\\\/scandinavia-2679733_640.png\",\"keywords\":[\"Acuerdos Internacionales\",\"Retos\",\"Uni\u00f3n Europea\"],\"articleSection\":[\"Noticias UE\"],\"inLanguage\":\"en-US\",\"potentialAction\":[{\"@type\":\"CommentAction\",\"name\":\"Comment\",\"target\":[\"https:\\\/\\\/www.cde.ual.es\\\/cinco-retos-de-la-ue-en-el-exterior-para-este-2019\\\/#respond\"]}]},{\"@type\":\"WebPage\",\"@id\":\"https:\\\/\\\/www.cde.ual.es\\\/cinco-retos-de-la-ue-en-el-exterior-para-este-2019\\\/\",\"url\":\"https:\\\/\\\/www.cde.ual.es\\\/cinco-retos-de-la-ue-en-el-exterior-para-este-2019\\\/\",\"name\":\"Cinco retos de la UE en el exterior para este 2019 | CDE Almer\u00eda - Centro de Documentaci\u00f3n Europea - Universidad de Almer\u00eda\",\"isPartOf\":{\"@id\":\"https:\\\/\\\/www.cde.ual.es\\\/#website\"},\"primaryImageOfPage\":{\"@id\":\"https:\\\/\\\/www.cde.ual.es\\\/cinco-retos-de-la-ue-en-el-exterior-para-este-2019\\\/#primaryimage\"},\"image\":{\"@id\":\"https:\\\/\\\/www.cde.ual.es\\\/cinco-retos-de-la-ue-en-el-exterior-para-este-2019\\\/#primaryimage\"},\"thumbnailUrl\":\"https:\\\/\\\/www.cde.ual.es\\\/wp-content\\\/uploads\\\/2019\\\/01\\\/scandinavia-2679733_640.png\",\"datePublished\":\"2019-01-10T07:16:02+00:00\",\"dateModified\":\"2019-01-10T07:16:11+00:00\",\"breadcrumb\":{\"@id\":\"https:\\\/\\\/www.cde.ual.es\\\/cinco-retos-de-la-ue-en-el-exterior-para-este-2019\\\/#breadcrumb\"},\"inLanguage\":\"en-US\",\"potentialAction\":[{\"@type\":\"ReadAction\",\"target\":[\"https:\\\/\\\/www.cde.ual.es\\\/cinco-retos-de-la-ue-en-el-exterior-para-este-2019\\\/\"]}]},{\"@type\":\"ImageObject\",\"inLanguage\":\"en-US\",\"@id\":\"https:\\\/\\\/www.cde.ual.es\\\/cinco-retos-de-la-ue-en-el-exterior-para-este-2019\\\/#primaryimage\",\"url\":\"https:\\\/\\\/www.cde.ual.es\\\/wp-content\\\/uploads\\\/2019\\\/01\\\/scandinavia-2679733_640.png\",\"contentUrl\":\"https:\\\/\\\/www.cde.ual.es\\\/wp-content\\\/uploads\\\/2019\\\/01\\\/scandinavia-2679733_640.png\",\"width\":640,\"height\":266},{\"@type\":\"BreadcrumbList\",\"@id\":\"https:\\\/\\\/www.cde.ual.es\\\/cinco-retos-de-la-ue-en-el-exterior-para-este-2019\\\/#breadcrumb\",\"itemListElement\":[{\"@type\":\"ListItem\",\"position\":1,\"name\":\"Inicio\",\"item\":\"https:\\\/\\\/www.cde.ual.es\\\/en\\\/\"},{\"@type\":\"ListItem\",\"position\":2,\"name\":\"Noticias UE\",\"item\":\"https:\\\/\\\/www.cde.ual.es\\\/category\\\/noticias-ue\\\/\"},{\"@type\":\"ListItem\",\"position\":3,\"name\":\"Cinco retos de la UE en el exterior para este 2019\"}]},{\"@type\":\"WebSite\",\"@id\":\"https:\\\/\\\/www.cde.ual.es\\\/#website\",\"url\":\"https:\\\/\\\/www.cde.ual.es\\\/\",\"name\":\"CDE Almer\u00eda - Centro de Documentaci\u00f3n Europea - Universidad de Almer\u00eda\",\"description\":\"Centro de Documentaci\u00f3n Europea de la Universidad de Almer\u00eda\",\"publisher\":{\"@id\":\"https:\\\/\\\/www.cde.ual.es\\\/#organization\"},\"alternateName\":\"CDE Almer\u00eda\",\"potentialAction\":[{\"@type\":\"SearchAction\",\"target\":{\"@type\":\"EntryPoint\",\"urlTemplate\":\"https:\\\/\\\/www.cde.ual.es\\\/?s={search_term_string}\"},\"query-input\":{\"@type\":\"PropertyValueSpecification\",\"valueRequired\":true,\"valueName\":\"search_term_string\"}}],\"inLanguage\":\"en-US\"},{\"@type\":\"Organization\",\"@id\":\"https:\\\/\\\/www.cde.ual.es\\\/#organization\",\"name\":\"Centro de Documentaci\u00f3n Europea de Almer\u00eda\",\"url\":\"https:\\\/\\\/www.cde.ual.es\\\/\",\"logo\":{\"@type\":\"ImageObject\",\"inLanguage\":\"en-US\",\"@id\":\"https:\\\/\\\/www.cde.ual.es\\\/#\\\/schema\\\/logo\\\/image\\\/\",\"url\":\"https:\\\/\\\/www.cde.ual.es\\\/wp-content\\\/uploads\\\/2025\\\/07\\\/cde-logo-3.png\",\"contentUrl\":\"https:\\\/\\\/www.cde.ual.es\\\/wp-content\\\/uploads\\\/2025\\\/07\\\/cde-logo-3.png\",\"width\":1400,\"height\":300,\"caption\":\"Centro de Documentaci\u00f3n Europea de Almer\u00eda\"},\"image\":{\"@id\":\"https:\\\/\\\/www.cde.ual.es\\\/#\\\/schema\\\/logo\\\/image\\\/\"},\"sameAs\":[\"https:\\\/\\\/www.facebook.com\\\/cdeuniversidadalmeria\\\/\",\"https:\\\/\\\/x.com\\\/cdeualmeria\",\"https:\\\/\\\/www.tiktok.com\\\/@cdealmeria\",\"https:\\\/\\\/www.instagram.com\\\/cdealmeria\\\/\",\"https:\\\/\\\/www.linkedin.com\\\/in\\\/cde-almera-812b26a9\\\/\"]},{\"@type\":\"Person\",\"@id\":\"https:\\\/\\\/www.cde.ual.es\\\/#\\\/schema\\\/person\\\/224ef08c8bcc005f319d2713ce37ee5f\",\"name\":\"AdminCDE\",\"image\":{\"@type\":\"ImageObject\",\"inLanguage\":\"en-US\",\"@id\":\"https:\\\/\\\/secure.gravatar.com\\\/avatar\\\/a72d038d371f995cd13706fac32274b7952a52e8fb0a84b5f80c85426f2a98a8?s=96&d=mm&r=g\",\"url\":\"https:\\\/\\\/secure.gravatar.com\\\/avatar\\\/a72d038d371f995cd13706fac32274b7952a52e8fb0a84b5f80c85426f2a98a8?s=96&d=mm&r=g\",\"contentUrl\":\"https:\\\/\\\/secure.gravatar.com\\\/avatar\\\/a72d038d371f995cd13706fac32274b7952a52e8fb0a84b5f80c85426f2a98a8?s=96&d=mm&r=g\",\"caption\":\"AdminCDE\"}}]}<\/script>\n<!-- \/ Yoast SEO plugin. -->","yoast_head_json":{"title":"Cinco retos de la UE en el exterior para este 2019 | CDE Almer\u00eda - Centro de Documentaci\u00f3n Europea - Universidad de Almer\u00eda","robots":{"index":"index","follow":"follow","max-snippet":"max-snippet:-1","max-image-preview":"max-image-preview:large","max-video-preview":"max-video-preview:-1"},"canonical":"https:\/\/www.cde.ual.es\/cinco-retos-de-la-ue-en-el-exterior-para-este-2019\/","og_locale":"en_US","og_type":"article","og_title":"Cinco retos de la UE en el exterior para este 2019 | CDE Almer\u00eda - Centro de Documentaci\u00f3n Europea - Universidad de Almer\u00eda","og_description":"&#8220;Los tiempos en los que los europeos pod\u00edamos confiar en otros est\u00e1n llegando a su fin. Europa debe tomar el destino en sus propias manos&#8221;. La contundente frase que la canciller Angela Merkel pronunci\u00f3 el a\u00f1o pasado explica buena parte de los cambios que la UE enfrenta en el tablero de ajedrez mundial. Europa de [&hellip;]","og_url":"https:\/\/www.cde.ual.es\/cinco-retos-de-la-ue-en-el-exterior-para-este-2019\/","og_site_name":"CDE Almer\u00eda - Centro de Documentaci\u00f3n Europea - Universidad de Almer\u00eda","article_publisher":"https:\/\/www.facebook.com\/cdeuniversidadalmeria\/","article_published_time":"2019-01-10T07:16:02+00:00","article_modified_time":"2019-01-10T07:16:11+00:00","og_image":[{"width":640,"height":266,"url":"https:\/\/www.cde.ual.es\/wp-content\/uploads\/2019\/01\/scandinavia-2679733_640.png","type":"image\/png"}],"author":"AdminCDE","twitter_card":"summary_large_image","twitter_creator":"@cdeualmeria","twitter_site":"@cdeualmeria","twitter_misc":{"Written by":"AdminCDE","Est. reading time":"5 minutes"},"schema":{"@context":"https:\/\/schema.org","@graph":[{"@type":"Article","@id":"https:\/\/www.cde.ual.es\/cinco-retos-de-la-ue-en-el-exterior-para-este-2019\/#article","isPartOf":{"@id":"https:\/\/www.cde.ual.es\/cinco-retos-de-la-ue-en-el-exterior-para-este-2019\/"},"author":{"name":"AdminCDE","@id":"https:\/\/www.cde.ual.es\/#\/schema\/person\/224ef08c8bcc005f319d2713ce37ee5f"},"headline":"Cinco retos de la UE en el exterior para este 2019","datePublished":"2019-01-10T07:16:02+00:00","dateModified":"2019-01-10T07:16:11+00:00","mainEntityOfPage":{"@id":"https:\/\/www.cde.ual.es\/cinco-retos-de-la-ue-en-el-exterior-para-este-2019\/"},"wordCount":1023,"commentCount":0,"publisher":{"@id":"https:\/\/www.cde.ual.es\/#organization"},"image":{"@id":"https:\/\/www.cde.ual.es\/cinco-retos-de-la-ue-en-el-exterior-para-este-2019\/#primaryimage"},"thumbnailUrl":"https:\/\/www.cde.ual.es\/wp-content\/uploads\/2019\/01\/scandinavia-2679733_640.png","keywords":["Acuerdos Internacionales","Retos","Uni\u00f3n Europea"],"articleSection":["Noticias UE"],"inLanguage":"en-US","potentialAction":[{"@type":"CommentAction","name":"Comment","target":["https:\/\/www.cde.ual.es\/cinco-retos-de-la-ue-en-el-exterior-para-este-2019\/#respond"]}]},{"@type":"WebPage","@id":"https:\/\/www.cde.ual.es\/cinco-retos-de-la-ue-en-el-exterior-para-este-2019\/","url":"https:\/\/www.cde.ual.es\/cinco-retos-de-la-ue-en-el-exterior-para-este-2019\/","name":"Cinco retos de la UE en el exterior para este 2019 | CDE Almer\u00eda - Centro de Documentaci\u00f3n Europea - Universidad de Almer\u00eda","isPartOf":{"@id":"https:\/\/www.cde.ual.es\/#website"},"primaryImageOfPage":{"@id":"https:\/\/www.cde.ual.es\/cinco-retos-de-la-ue-en-el-exterior-para-este-2019\/#primaryimage"},"image":{"@id":"https:\/\/www.cde.ual.es\/cinco-retos-de-la-ue-en-el-exterior-para-este-2019\/#primaryimage"},"thumbnailUrl":"https:\/\/www.cde.ual.es\/wp-content\/uploads\/2019\/01\/scandinavia-2679733_640.png","datePublished":"2019-01-10T07:16:02+00:00","dateModified":"2019-01-10T07:16:11+00:00","breadcrumb":{"@id":"https:\/\/www.cde.ual.es\/cinco-retos-de-la-ue-en-el-exterior-para-este-2019\/#breadcrumb"},"inLanguage":"en-US","potentialAction":[{"@type":"ReadAction","target":["https:\/\/www.cde.ual.es\/cinco-retos-de-la-ue-en-el-exterior-para-este-2019\/"]}]},{"@type":"ImageObject","inLanguage":"en-US","@id":"https:\/\/www.cde.ual.es\/cinco-retos-de-la-ue-en-el-exterior-para-este-2019\/#primaryimage","url":"https:\/\/www.cde.ual.es\/wp-content\/uploads\/2019\/01\/scandinavia-2679733_640.png","contentUrl":"https:\/\/www.cde.ual.es\/wp-content\/uploads\/2019\/01\/scandinavia-2679733_640.png","width":640,"height":266},{"@type":"BreadcrumbList","@id":"https:\/\/www.cde.ual.es\/cinco-retos-de-la-ue-en-el-exterior-para-este-2019\/#breadcrumb","itemListElement":[{"@type":"ListItem","position":1,"name":"Inicio","item":"https:\/\/www.cde.ual.es\/en\/"},{"@type":"ListItem","position":2,"name":"Noticias UE","item":"https:\/\/www.cde.ual.es\/category\/noticias-ue\/"},{"@type":"ListItem","position":3,"name":"Cinco retos de la UE en el exterior para este 2019"}]},{"@type":"WebSite","@id":"https:\/\/www.cde.ual.es\/#website","url":"https:\/\/www.cde.ual.es\/","name":"CDE Almer\u00eda - Centro de Documentaci\u00f3n Europea - Universidad de Almer\u00eda","description":"Centro de Documentaci\u00f3n Europea de la Universidad de Almer\u00eda","publisher":{"@id":"https:\/\/www.cde.ual.es\/#organization"},"alternateName":"CDE Almer\u00eda","potentialAction":[{"@type":"SearchAction","target":{"@type":"EntryPoint","urlTemplate":"https:\/\/www.cde.ual.es\/?s={search_term_string}"},"query-input":{"@type":"PropertyValueSpecification","valueRequired":true,"valueName":"search_term_string"}}],"inLanguage":"en-US"},{"@type":"Organization","@id":"https:\/\/www.cde.ual.es\/#organization","name":"Centro de Documentaci\u00f3n Europea de Almer\u00eda","url":"https:\/\/www.cde.ual.es\/","logo":{"@type":"ImageObject","inLanguage":"en-US","@id":"https:\/\/www.cde.ual.es\/#\/schema\/logo\/image\/","url":"https:\/\/www.cde.ual.es\/wp-content\/uploads\/2025\/07\/cde-logo-3.png","contentUrl":"https:\/\/www.cde.ual.es\/wp-content\/uploads\/2025\/07\/cde-logo-3.png","width":1400,"height":300,"caption":"Centro de Documentaci\u00f3n Europea de Almer\u00eda"},"image":{"@id":"https:\/\/www.cde.ual.es\/#\/schema\/logo\/image\/"},"sameAs":["https:\/\/www.facebook.com\/cdeuniversidadalmeria\/","https:\/\/x.com\/cdeualmeria","https:\/\/www.tiktok.com\/@cdealmeria","https:\/\/www.instagram.com\/cdealmeria\/","https:\/\/www.linkedin.com\/in\/cde-almera-812b26a9\/"]},{"@type":"Person","@id":"https:\/\/www.cde.ual.es\/#\/schema\/person\/224ef08c8bcc005f319d2713ce37ee5f","name":"AdminCDE","image":{"@type":"ImageObject","inLanguage":"en-US","@id":"https:\/\/secure.gravatar.com\/avatar\/a72d038d371f995cd13706fac32274b7952a52e8fb0a84b5f80c85426f2a98a8?s=96&d=mm&r=g","url":"https:\/\/secure.gravatar.com\/avatar\/a72d038d371f995cd13706fac32274b7952a52e8fb0a84b5f80c85426f2a98a8?s=96&d=mm&r=g","contentUrl":"https:\/\/secure.gravatar.com\/avatar\/a72d038d371f995cd13706fac32274b7952a52e8fb0a84b5f80c85426f2a98a8?s=96&d=mm&r=g","caption":"AdminCDE"}}]}},"_links":{"self":[{"href":"https:\/\/www.cde.ual.es\/en\/wp-json\/wp\/v2\/posts\/11246","targetHints":{"allow":["GET"]}}],"collection":[{"href":"https:\/\/www.cde.ual.es\/en\/wp-json\/wp\/v2\/posts"}],"about":[{"href":"https:\/\/www.cde.ual.es\/en\/wp-json\/wp\/v2\/types\/post"}],"author":[{"embeddable":true,"href":"https:\/\/www.cde.ual.es\/en\/wp-json\/wp\/v2\/users\/1"}],"replies":[{"embeddable":true,"href":"https:\/\/www.cde.ual.es\/en\/wp-json\/wp\/v2\/comments?post=11246"}],"version-history":[{"count":0,"href":"https:\/\/www.cde.ual.es\/en\/wp-json\/wp\/v2\/posts\/11246\/revisions"}],"wp:featuredmedia":[{"embeddable":true,"href":"https:\/\/www.cde.ual.es\/en\/wp-json\/wp\/v2\/media\/11261"}],"wp:attachment":[{"href":"https:\/\/www.cde.ual.es\/en\/wp-json\/wp\/v2\/media?parent=11246"}],"wp:term":[{"taxonomy":"category","embeddable":true,"href":"https:\/\/www.cde.ual.es\/en\/wp-json\/wp\/v2\/categories?post=11246"},{"taxonomy":"post_tag","embeddable":true,"href":"https:\/\/www.cde.ual.es\/en\/wp-json\/wp\/v2\/tags?post=11246"}],"curies":[{"name":"wp","href":"https:\/\/api.w.org\/{rel}","templated":true}]}}