{"id":112004,"date":"2022-07-04T03:00:17","date_gmt":"2022-07-04T01:00:17","guid":{"rendered":"https:\/\/www.cde.ual.es\/?p=112004"},"modified":"2022-07-01T14:21:03","modified_gmt":"2022-07-01T12:21:03","slug":"evaluation-of-the-victims-rights-directive","status":"publish","type":"post","link":"https:\/\/www.cde.ual.es\/en\/evaluation-of-the-victims-rights-directive\/","title":{"rendered":"Evaluation of the Victims\u2019 Rights Directive"},"content":{"rendered":"<p style=\"text-align: justify;\">On 28 June 2022, the European Commission adopted its\u00a0<a href=\"https:\/\/eur-lex.europa.eu\/legal-content\/FR\/TXT\/?uri=SWD:2022:179:FIN\">evaluation of the Victims\u2019 Rights Directive<\/a>.\u00a0The evaluation is one of the Commission\u2019s key actions set out in the\u00a0<a href=\"https:\/\/ec.europa.eu\/info\/files\/eu-strategy-victims-rights-2020-2025_en\">EU Strategy on Victims\u2019 Rights (2020 \u2013 2025).<\/a>\u00a0It was informed by a support study and data collection that included a\u00a0<a href=\"https:\/\/ec.europa.eu\/info\/files\/open-public-consultation-evaluation-victims-rights-directive_en\">public consultation<\/a>.<\/p>\n<p style=\"text-align: justify;\"><a href=\"https:\/\/www.cde.ual.es\/wp-content\/uploads\/2022\/07\/victims.jpg\"><img decoding=\"async\" class=\"size-large wp-image-112005 aligncenter\" src=\"https:\/\/www.cde.ual.es\/wp-content\/uploads\/2022\/07\/victims-1024x666.jpg\" alt=\"\" width=\"1024\" height=\"666\" srcset=\"https:\/\/www.cde.ual.es\/wp-content\/uploads\/2022\/07\/victims-1024x666.jpg 1024w, https:\/\/www.cde.ual.es\/wp-content\/uploads\/2022\/07\/victims-300x195.jpg 300w, https:\/\/www.cde.ual.es\/wp-content\/uploads\/2022\/07\/victims-768x499.jpg 768w, https:\/\/www.cde.ual.es\/wp-content\/uploads\/2022\/07\/victims.jpg 1280w\" sizes=\"(max-width: 1024px) 100vw, 1024px\" \/><\/a><\/p>\n<p style=\"text-align: justify;\">The evaluation shows that over the past ten years, the Victims\u2019 Rights Directive has greatly contributed to improving the lives of victims across the EU. It has enhanced victims\u2019 safety and reduced the risk of negatives effect from the participation in criminal proceedings and from the contacts with the offender.<\/p>\n<p style=\"text-align: justify;\">However, the evaluation also points that there are still situation where not all victims can fully rely on their rights due to a lack of clarity and precision in the drafting of some of the rights in the Directive. In particular, shortcomings were identified in relation to victims\u2019 access to information, victims\u2019 access to support services and to protection in accordance with each victim individual needs. Victims should be able to take more active role in the criminal proceedings and have easier access to compensation \u2013 so they can see that justice is done for them.<\/p>\n<div class=\"blockquote\" style=\"text-align: justify;\"><\/div>\n<div style=\"text-align: justify;\"><\/div>\n<div class=\"blockquote\" style=\"text-align: justify;\">\n<table style=\"width: 99.9988%; border-collapse: collapse; border-style: double; border-color: #001f7d;\" cellpadding=\"0,5\">\n<tbody>\n<tr>\n<td style=\"width: 100%;\"><a href=\"https:\/\/www.cde.ual.es\/en\/the-council-notes-the-need-to-protect-children-facing-armed-conflicts\/\" rel=\"noopener\"><img decoding=\"async\" class=\"alignleft\" src=\"https:\/\/www.cde.ual.es\/wp-content\/uploads\/2022\/04\/child-is-sitting-1816400_1920.jpg\" alt=\"\" width=\"171\" height=\"113\" \/><\/a><\/p>\n<h4 class=\"entry-title\" style=\"text-align: left;\"><a href=\"https:\/\/www.cde.ual.es\/en\/the-council-notes-the-need-to-protect-children-facing-armed-conflicts\/\" target=\"_blank\" rel=\"noopener\">The Council notes the need to protect children facing armed conflicts<\/a><\/h4>\n<p>&nbsp;<\/td>\n<\/tr>\n<\/tbody>\n<\/table>\n<p style=\"text-align: justify;\">\n<\/div>\n<p style=\"text-align: justify;\">The Commission will continue working on strengthening victims\u2019 rights and plans to propose a revision of the Victims\u2019 Rights Directive in 2023.<\/p>\n<p style=\"text-align: justify;\"><strong>Open public consultation on the impact assessment for the revision of the Victims\u2019 Rights Directive<\/strong><\/p>\n<p style=\"text-align: justify;\">The Commission conducted a consultation to gather the views of the public on possible policy options within the context of the impact assessment for the revision of the Victims\u2019 Rights Directive. The revision of the Victims\u2019 Rights Directive is part of the EU Strategy on Victims\u2019 Rights (2020 \u2013 2025).<\/p>\n<p style=\"text-align: justify;\">This consultation was directed towards all stakeholders and citizens with an interest in this topic. It lasted from 8 March to 31 May 2022: Open public consultation on the impact assessment for the revision of the Victims\u2019 Rights Directive.<\/p>\n<h3 id=\"victims-needs\" style=\"text-align: justify;\">Victims&#8217; rights in the EU<\/h3>\n<p style=\"text-align: justify;\">The Victims&#8217; Rights Directive establishes minimum standards on the rights, support and protection of victims of crime and ensures that persons who have fallen victim to crime are recognised and treated with respect. They must also receive proper protection, support and access to justice.<\/p>\n<p style=\"text-align: justify;\">The Directive considerably strengthens the rights of victims and their family members to information, support and protection. It further strengthens the victims&#8217; procedural rights in criminal proceedings. The Directive also requires that EU countries ensure appropriate training on victims&#8217; needs for those officials who are likely to come into contact with victims.<\/p>\n<div class=\"blockquote\" style=\"text-align: justify;\"><\/div>\n<div style=\"text-align: justify;\"><\/div>\n<div class=\"blockquote\" style=\"text-align: justify;\">\n<table style=\"width: 99.9988%; border-collapse: collapse; border-style: double; border-color: #001f7d;\" cellpadding=\"0,5\">\n<tbody>\n<tr>\n<td style=\"width: 100%;\"><a href=\"https:\/\/www.cde.ual.es\/en\/ukraine-eu-is-stepping-up-support-to-sexual-and-gender-based-violence-survivors\/\" rel=\"noopener\"><img decoding=\"async\" class=\"alignleft\" src=\"https:\/\/www.cde.ual.es\/wp-content\/uploads\/2022\/05\/mujeres-768x512.jpg\" alt=\"\" width=\"136\" height=\"90\" \/><\/a><\/p>\n<h4 class=\"entry-title\" style=\"text-align: left;\"><a href=\"https:\/\/www.cde.ual.es\/en\/ukraine-eu-is-stepping-up-support-to-sexual-and-gender-based-violence-survivors\/\" target=\"_blank\" rel=\"noopener\">Ukraine: EU is stepping up support to sexual and gender-based violence survivors<br \/>\n<\/a><\/h4>\n<p>&nbsp;<\/td>\n<\/tr>\n<\/tbody>\n<\/table>\n<p style=\"text-align: justify;\">\n<\/div>\n<p style=\"text-align: justify;\">EU countries had to implement the provisions of the Directive into their national laws by 16 November 2015. In 2013, the European Commission issued a guidance document to assist EU countries in this process.<\/p>\n<p style=\"text-align: justify;\">On 11 May 2020, the European Commission adopted a report on the implementation of the Victims\u2019 Rights Directive. The report assesses the extent to which Member States have taken the necessary measures to comply with its provisions.<\/p>\n<p style=\"text-align: justify;\">For certain groups of victims, the EU adopted specific rules. These rules build on the Victims&#8217; Rights Directive but respond more directly to the specific needs of some victims. The EU legislation exists to provide protection and support for<\/p>\n<ul style=\"text-align: justify;\">\n<li>victims of human trafficking,<\/li>\n<li>child victims of sexual exploitation and child pornography<\/li>\n<li>victims of terrorism.<\/li>\n<\/ul>\n<p style=\"text-align: justify;\">In order to assist the national authorities in implementation of the EU rules on victims\u2019 rights, the European Commission set up the EU Centre of Expertise for Victims of Terrorism. The EU Centre offers expertise, training, guidance and support to national authorities and to victim support organisations.<\/p>\n<p style=\"text-align: justify;\"><strong>More information: <a href=\"https:\/\/ec.europa.eu\/info\/policies\/justice-and-fundamental-rights\/criminal-justice\/protecting-victims-rights\/victims-rights-eu_en#evaluation-of-the-victims-rights-directive\">European Commission<\/a>\u00a0<\/strong><\/p>\n","protected":false},"excerpt":{"rendered":"<p>On 28 June 2022, the European Commission adopted its\u00a0evaluation of the Victims\u2019 Rights Directive.\u00a0The evaluation is one of the Commission\u2019s key actions set out in the\u00a0EU Strategy on Victims\u2019 Rights (2020 \u2013 2025).\u00a0It was informed by a support study and data collection that included a\u00a0public consultation. The evaluation shows that over the past ten years, [&hellip;]<\/p>\n","protected":false},"author":101011,"featured_media":112005,"comment_status":"open","ping_status":"open","sticky":false,"template":"","format":"standard","meta":{"_acf_changed":false,"_relevanssi_hide_post":"","_relevanssi_hide_content":"","_relevanssi_pin_for_all":"","_relevanssi_pin_keywords":"","_relevanssi_unpin_keywords":"","_relevanssi_related_keywords":"","_relevanssi_related_include_ids":"","_relevanssi_related_exclude_ids":"","_relevanssi_related_no_append":"","_relevanssi_related_not_related":"","_relevanssi_related_posts":"","_relevanssi_noindex_reason":"","_monsterinsights_skip_tracking":false,"_monsterinsights_sitenote_active":false,"_monsterinsights_sitenote_note":"","_monsterinsights_sitenote_category":0,"_genesis_hide_title":false,"_genesis_hide_breadcrumbs":false,"_genesis_hide_singular_image":false,"_genesis_hide_footer_widgets":false,"_genesis_custom_body_class":"","_genesis_custom_post_class":"","_genesis_layout":"","footnotes":""},"categories":[346,4079],"tags":[2753,779,411,6508],"class_list":{"0":"post-112004","1":"post","2":"type-post","3":"status-publish","4":"format-standard","5":"has-post-thumbnail","7":"category-eu-news","8":"category-law","9":"tag-directive","10":"tag-eu-en","11":"tag-justice","12":"tag-victims-rights","13":"entry"},"acf":[],"yoast_head":"<!-- This site is optimized with the Yoast SEO plugin v27.4 - https:\/\/yoast.com\/product\/yoast-seo-wordpress\/ -->\n<title>Evaluation of the Victims\u2019 Rights Directive | CDE Almer\u00eda - Centro de Documentaci\u00f3n Europea - Universidad de Almer\u00eda<\/title>\n<meta name=\"robots\" content=\"index, follow, max-snippet:-1, max-image-preview:large, max-video-preview:-1\" \/>\n<link rel=\"canonical\" href=\"https:\/\/www.cde.ual.es\/?p=112008\" \/>\n<meta property=\"og:locale\" content=\"en_US\" \/>\n<meta property=\"og:type\" content=\"article\" \/>\n<meta property=\"og:title\" content=\"Evaluation of the Victims\u2019 Rights Directive | CDE Almer\u00eda - Centro de Documentaci\u00f3n Europea - Universidad de Almer\u00eda\" \/>\n<meta property=\"og:description\" content=\"On 28 June 2022, the European Commission adopted its\u00a0evaluation of the Victims\u2019 Rights Directive.\u00a0The evaluation is one of the Commission\u2019s key actions set out in the\u00a0EU Strategy on Victims\u2019 Rights (2020 \u2013 2025).\u00a0It was informed by a support study and data collection that included a\u00a0public consultation. The evaluation shows that over the past ten years, [&hellip;]\" \/>\n<meta property=\"og:url\" content=\"https:\/\/www.cde.ual.es\/?p=112008\" \/>\n<meta property=\"og:site_name\" content=\"CDE Almer\u00eda - Centro de Documentaci\u00f3n Europea - Universidad de Almer\u00eda\" \/>\n<meta property=\"article:publisher\" content=\"https:\/\/www.facebook.com\/cdeuniversidadalmeria\/\" \/>\n<meta property=\"article:published_time\" content=\"2022-07-04T01:00:17+00:00\" \/>\n<meta property=\"og:image\" content=\"https:\/\/www.cde.ual.es\/wp-content\/uploads\/2022\/07\/victims.jpg\" \/>\n\t<meta property=\"og:image:width\" content=\"1280\" \/>\n\t<meta property=\"og:image:height\" content=\"832\" \/>\n\t<meta property=\"og:image:type\" content=\"image\/jpeg\" \/>\n<meta name=\"author\" content=\"BECA 2 CDE\" \/>\n<meta name=\"twitter:card\" content=\"summary_large_image\" \/>\n<meta name=\"twitter:creator\" content=\"@cdeualmeria\" \/>\n<meta name=\"twitter:site\" content=\"@cdeualmeria\" \/>\n<meta name=\"twitter:label1\" content=\"Written by\" \/>\n\t<meta name=\"twitter:data1\" content=\"BECA 2 CDE\" \/>\n\t<meta name=\"twitter:label2\" content=\"Est. reading time\" \/>\n\t<meta name=\"twitter:data2\" content=\"3 minutes\" \/>\n<script type=\"application\/ld+json\" class=\"yoast-schema-graph\">{\"@context\":\"https:\\\/\\\/schema.org\",\"@graph\":[{\"@type\":\"Article\",\"@id\":\"https:\\\/\\\/www.cde.ual.es\\\/?p=112008#article\",\"isPartOf\":{\"@id\":\"https:\\\/\\\/www.cde.ual.es\\\/?p=112008\"},\"author\":{\"name\":\"BECA 2 CDE\",\"@id\":\"https:\\\/\\\/www.cde.ual.es\\\/#\\\/schema\\\/person\\\/ee46ebc19edfa19598c02cff83335acc\"},\"headline\":\"Evaluation of the Victims\u2019 Rights Directive\",\"datePublished\":\"2022-07-04T01:00:17+00:00\",\"mainEntityOfPage\":{\"@id\":\"https:\\\/\\\/www.cde.ual.es\\\/?p=112008\"},\"wordCount\":614,\"commentCount\":0,\"publisher\":{\"@id\":\"https:\\\/\\\/www.cde.ual.es\\\/#organization\"},\"image\":{\"@id\":\"https:\\\/\\\/www.cde.ual.es\\\/?p=112008#primaryimage\"},\"thumbnailUrl\":\"https:\\\/\\\/www.cde.ual.es\\\/wp-content\\\/uploads\\\/2022\\\/07\\\/victims.jpg\",\"keywords\":[\"directive\",\"EU\",\"Justice\",\"Victims' rights\"],\"articleSection\":[\"EU News\",\"Law\"],\"inLanguage\":\"en-US\",\"potentialAction\":[{\"@type\":\"CommentAction\",\"name\":\"Comment\",\"target\":[\"https:\\\/\\\/www.cde.ual.es\\\/?p=112008#respond\"]}]},{\"@type\":\"WebPage\",\"@id\":\"https:\\\/\\\/www.cde.ual.es\\\/?p=112008\",\"url\":\"https:\\\/\\\/www.cde.ual.es\\\/?p=112008\",\"name\":\"Evaluation of the Victims\u2019 Rights Directive | CDE Almer\u00eda - Centro de Documentaci\u00f3n Europea - Universidad de Almer\u00eda\",\"isPartOf\":{\"@id\":\"https:\\\/\\\/www.cde.ual.es\\\/#website\"},\"primaryImageOfPage\":{\"@id\":\"https:\\\/\\\/www.cde.ual.es\\\/?p=112008#primaryimage\"},\"image\":{\"@id\":\"https:\\\/\\\/www.cde.ual.es\\\/?p=112008#primaryimage\"},\"thumbnailUrl\":\"https:\\\/\\\/www.cde.ual.es\\\/wp-content\\\/uploads\\\/2022\\\/07\\\/victims.jpg\",\"datePublished\":\"2022-07-04T01:00:17+00:00\",\"breadcrumb\":{\"@id\":\"https:\\\/\\\/www.cde.ual.es\\\/?p=112008#breadcrumb\"},\"inLanguage\":\"en-US\",\"potentialAction\":[{\"@type\":\"ReadAction\",\"target\":[\"https:\\\/\\\/www.cde.ual.es\\\/?p=112008\"]}]},{\"@type\":\"ImageObject\",\"inLanguage\":\"en-US\",\"@id\":\"https:\\\/\\\/www.cde.ual.es\\\/?p=112008#primaryimage\",\"url\":\"https:\\\/\\\/www.cde.ual.es\\\/wp-content\\\/uploads\\\/2022\\\/07\\\/victims.jpg\",\"contentUrl\":\"https:\\\/\\\/www.cde.ual.es\\\/wp-content\\\/uploads\\\/2022\\\/07\\\/victims.jpg\",\"width\":1280,\"height\":832},{\"@type\":\"BreadcrumbList\",\"@id\":\"https:\\\/\\\/www.cde.ual.es\\\/?p=112008#breadcrumb\",\"itemListElement\":[{\"@type\":\"ListItem\",\"position\":1,\"name\":\"Inicio\",\"item\":\"https:\\\/\\\/www.cde.ual.es\\\/en\\\/\"},{\"@type\":\"ListItem\",\"position\":2,\"name\":\"Noticias UE\",\"item\":\"https:\\\/\\\/www.cde.ual.es\\\/category\\\/noticias-ue\\\/\"},{\"@type\":\"ListItem\",\"position\":3,\"name\":\"Law\",\"item\":\"https:\\\/\\\/www.cde.ual.es\\\/en\\\/category\\\/eu-news\\\/law\\\/\"},{\"@type\":\"ListItem\",\"position\":4,\"name\":\"Evaluation of the Victims\u2019 Rights Directive\"}]},{\"@type\":\"WebSite\",\"@id\":\"https:\\\/\\\/www.cde.ual.es\\\/#website\",\"url\":\"https:\\\/\\\/www.cde.ual.es\\\/\",\"name\":\"CDE Almer\u00eda - Centro de Documentaci\u00f3n Europea - Universidad de Almer\u00eda\",\"description\":\"Centro de Documentaci\u00f3n Europea de la Universidad de Almer\u00eda\",\"publisher\":{\"@id\":\"https:\\\/\\\/www.cde.ual.es\\\/#organization\"},\"alternateName\":\"CDE Almer\u00eda\",\"potentialAction\":[{\"@type\":\"SearchAction\",\"target\":{\"@type\":\"EntryPoint\",\"urlTemplate\":\"https:\\\/\\\/www.cde.ual.es\\\/?s={search_term_string}\"},\"query-input\":{\"@type\":\"PropertyValueSpecification\",\"valueRequired\":true,\"valueName\":\"search_term_string\"}}],\"inLanguage\":\"en-US\"},{\"@type\":\"Organization\",\"@id\":\"https:\\\/\\\/www.cde.ual.es\\\/#organization\",\"name\":\"Centro de Documentaci\u00f3n Europea de Almer\u00eda\",\"url\":\"https:\\\/\\\/www.cde.ual.es\\\/\",\"logo\":{\"@type\":\"ImageObject\",\"inLanguage\":\"en-US\",\"@id\":\"https:\\\/\\\/www.cde.ual.es\\\/#\\\/schema\\\/logo\\\/image\\\/\",\"url\":\"https:\\\/\\\/www.cde.ual.es\\\/wp-content\\\/uploads\\\/2025\\\/07\\\/cde-logo-3.png\",\"contentUrl\":\"https:\\\/\\\/www.cde.ual.es\\\/wp-content\\\/uploads\\\/2025\\\/07\\\/cde-logo-3.png\",\"width\":1400,\"height\":300,\"caption\":\"Centro de Documentaci\u00f3n Europea de Almer\u00eda\"},\"image\":{\"@id\":\"https:\\\/\\\/www.cde.ual.es\\\/#\\\/schema\\\/logo\\\/image\\\/\"},\"sameAs\":[\"https:\\\/\\\/www.facebook.com\\\/cdeuniversidadalmeria\\\/\",\"https:\\\/\\\/x.com\\\/cdeualmeria\",\"https:\\\/\\\/www.tiktok.com\\\/@cdealmeria\",\"https:\\\/\\\/www.instagram.com\\\/cdealmeria\\\/\",\"https:\\\/\\\/www.linkedin.com\\\/in\\\/cde-almera-812b26a9\\\/\"]},{\"@type\":\"Person\",\"@id\":\"https:\\\/\\\/www.cde.ual.es\\\/#\\\/schema\\\/person\\\/ee46ebc19edfa19598c02cff83335acc\",\"name\":\"BECA 2 CDE\",\"image\":{\"@type\":\"ImageObject\",\"inLanguage\":\"en-US\",\"@id\":\"https:\\\/\\\/secure.gravatar.com\\\/avatar\\\/35a481bbc04bbd90e91bdfa3b0b5541036c222a49b9ad37b6889a2afcb5311a5?s=96&d=mm&r=g\",\"url\":\"https:\\\/\\\/secure.gravatar.com\\\/avatar\\\/35a481bbc04bbd90e91bdfa3b0b5541036c222a49b9ad37b6889a2afcb5311a5?s=96&d=mm&r=g\",\"contentUrl\":\"https:\\\/\\\/secure.gravatar.com\\\/avatar\\\/35a481bbc04bbd90e91bdfa3b0b5541036c222a49b9ad37b6889a2afcb5311a5?s=96&d=mm&r=g\",\"caption\":\"BECA 2 CDE\"},\"sameAs\":[\"http:\\\/\\\/www.cdealmeria.com\"]}]}<\/script>\n<!-- \/ Yoast SEO plugin. -->","yoast_head_json":{"title":"Evaluation of the Victims\u2019 Rights Directive | CDE Almer\u00eda - Centro de Documentaci\u00f3n Europea - Universidad de Almer\u00eda","robots":{"index":"index","follow":"follow","max-snippet":"max-snippet:-1","max-image-preview":"max-image-preview:large","max-video-preview":"max-video-preview:-1"},"canonical":"https:\/\/www.cde.ual.es\/?p=112008","og_locale":"en_US","og_type":"article","og_title":"Evaluation of the Victims\u2019 Rights Directive | CDE Almer\u00eda - Centro de Documentaci\u00f3n Europea - Universidad de Almer\u00eda","og_description":"On 28 June 2022, the European Commission adopted its\u00a0evaluation of the Victims\u2019 Rights Directive.\u00a0The evaluation is one of the Commission\u2019s key actions set out in the\u00a0EU Strategy on Victims\u2019 Rights (2020 \u2013 2025).\u00a0It was informed by a support study and data collection that included a\u00a0public consultation. The evaluation shows that over the past ten years, [&hellip;]","og_url":"https:\/\/www.cde.ual.es\/?p=112008","og_site_name":"CDE Almer\u00eda - Centro de Documentaci\u00f3n Europea - Universidad de Almer\u00eda","article_publisher":"https:\/\/www.facebook.com\/cdeuniversidadalmeria\/","article_published_time":"2022-07-04T01:00:17+00:00","og_image":[{"width":1280,"height":832,"url":"https:\/\/www.cde.ual.es\/wp-content\/uploads\/2022\/07\/victims.jpg","type":"image\/jpeg"}],"author":"BECA 2 CDE","twitter_card":"summary_large_image","twitter_creator":"@cdeualmeria","twitter_site":"@cdeualmeria","twitter_misc":{"Written by":"BECA 2 CDE","Est. reading time":"3 minutes"},"schema":{"@context":"https:\/\/schema.org","@graph":[{"@type":"Article","@id":"https:\/\/www.cde.ual.es\/?p=112008#article","isPartOf":{"@id":"https:\/\/www.cde.ual.es\/?p=112008"},"author":{"name":"BECA 2 CDE","@id":"https:\/\/www.cde.ual.es\/#\/schema\/person\/ee46ebc19edfa19598c02cff83335acc"},"headline":"Evaluation of the Victims\u2019 Rights Directive","datePublished":"2022-07-04T01:00:17+00:00","mainEntityOfPage":{"@id":"https:\/\/www.cde.ual.es\/?p=112008"},"wordCount":614,"commentCount":0,"publisher":{"@id":"https:\/\/www.cde.ual.es\/#organization"},"image":{"@id":"https:\/\/www.cde.ual.es\/?p=112008#primaryimage"},"thumbnailUrl":"https:\/\/www.cde.ual.es\/wp-content\/uploads\/2022\/07\/victims.jpg","keywords":["directive","EU","Justice","Victims' rights"],"articleSection":["EU News","Law"],"inLanguage":"en-US","potentialAction":[{"@type":"CommentAction","name":"Comment","target":["https:\/\/www.cde.ual.es\/?p=112008#respond"]}]},{"@type":"WebPage","@id":"https:\/\/www.cde.ual.es\/?p=112008","url":"https:\/\/www.cde.ual.es\/?p=112008","name":"Evaluation of the Victims\u2019 Rights Directive | CDE Almer\u00eda - Centro de Documentaci\u00f3n Europea - Universidad de Almer\u00eda","isPartOf":{"@id":"https:\/\/www.cde.ual.es\/#website"},"primaryImageOfPage":{"@id":"https:\/\/www.cde.ual.es\/?p=112008#primaryimage"},"image":{"@id":"https:\/\/www.cde.ual.es\/?p=112008#primaryimage"},"thumbnailUrl":"https:\/\/www.cde.ual.es\/wp-content\/uploads\/2022\/07\/victims.jpg","datePublished":"2022-07-04T01:00:17+00:00","breadcrumb":{"@id":"https:\/\/www.cde.ual.es\/?p=112008#breadcrumb"},"inLanguage":"en-US","potentialAction":[{"@type":"ReadAction","target":["https:\/\/www.cde.ual.es\/?p=112008"]}]},{"@type":"ImageObject","inLanguage":"en-US","@id":"https:\/\/www.cde.ual.es\/?p=112008#primaryimage","url":"https:\/\/www.cde.ual.es\/wp-content\/uploads\/2022\/07\/victims.jpg","contentUrl":"https:\/\/www.cde.ual.es\/wp-content\/uploads\/2022\/07\/victims.jpg","width":1280,"height":832},{"@type":"BreadcrumbList","@id":"https:\/\/www.cde.ual.es\/?p=112008#breadcrumb","itemListElement":[{"@type":"ListItem","position":1,"name":"Inicio","item":"https:\/\/www.cde.ual.es\/en\/"},{"@type":"ListItem","position":2,"name":"Noticias UE","item":"https:\/\/www.cde.ual.es\/category\/noticias-ue\/"},{"@type":"ListItem","position":3,"name":"Law","item":"https:\/\/www.cde.ual.es\/en\/category\/eu-news\/law\/"},{"@type":"ListItem","position":4,"name":"Evaluation of the Victims\u2019 Rights Directive"}]},{"@type":"WebSite","@id":"https:\/\/www.cde.ual.es\/#website","url":"https:\/\/www.cde.ual.es\/","name":"CDE Almer\u00eda - Centro de Documentaci\u00f3n Europea - Universidad de Almer\u00eda","description":"Centro de Documentaci\u00f3n Europea de la Universidad de Almer\u00eda","publisher":{"@id":"https:\/\/www.cde.ual.es\/#organization"},"alternateName":"CDE Almer\u00eda","potentialAction":[{"@type":"SearchAction","target":{"@type":"EntryPoint","urlTemplate":"https:\/\/www.cde.ual.es\/?s={search_term_string}"},"query-input":{"@type":"PropertyValueSpecification","valueRequired":true,"valueName":"search_term_string"}}],"inLanguage":"en-US"},{"@type":"Organization","@id":"https:\/\/www.cde.ual.es\/#organization","name":"Centro de Documentaci\u00f3n Europea de Almer\u00eda","url":"https:\/\/www.cde.ual.es\/","logo":{"@type":"ImageObject","inLanguage":"en-US","@id":"https:\/\/www.cde.ual.es\/#\/schema\/logo\/image\/","url":"https:\/\/www.cde.ual.es\/wp-content\/uploads\/2025\/07\/cde-logo-3.png","contentUrl":"https:\/\/www.cde.ual.es\/wp-content\/uploads\/2025\/07\/cde-logo-3.png","width":1400,"height":300,"caption":"Centro de Documentaci\u00f3n Europea de Almer\u00eda"},"image":{"@id":"https:\/\/www.cde.ual.es\/#\/schema\/logo\/image\/"},"sameAs":["https:\/\/www.facebook.com\/cdeuniversidadalmeria\/","https:\/\/x.com\/cdeualmeria","https:\/\/www.tiktok.com\/@cdealmeria","https:\/\/www.instagram.com\/cdealmeria\/","https:\/\/www.linkedin.com\/in\/cde-almera-812b26a9\/"]},{"@type":"Person","@id":"https:\/\/www.cde.ual.es\/#\/schema\/person\/ee46ebc19edfa19598c02cff83335acc","name":"BECA 2 CDE","image":{"@type":"ImageObject","inLanguage":"en-US","@id":"https:\/\/secure.gravatar.com\/avatar\/35a481bbc04bbd90e91bdfa3b0b5541036c222a49b9ad37b6889a2afcb5311a5?s=96&d=mm&r=g","url":"https:\/\/secure.gravatar.com\/avatar\/35a481bbc04bbd90e91bdfa3b0b5541036c222a49b9ad37b6889a2afcb5311a5?s=96&d=mm&r=g","contentUrl":"https:\/\/secure.gravatar.com\/avatar\/35a481bbc04bbd90e91bdfa3b0b5541036c222a49b9ad37b6889a2afcb5311a5?s=96&d=mm&r=g","caption":"BECA 2 CDE"},"sameAs":["http:\/\/www.cdealmeria.com"]}]}},"_links":{"self":[{"href":"https:\/\/www.cde.ual.es\/en\/wp-json\/wp\/v2\/posts\/112004","targetHints":{"allow":["GET"]}}],"collection":[{"href":"https:\/\/www.cde.ual.es\/en\/wp-json\/wp\/v2\/posts"}],"about":[{"href":"https:\/\/www.cde.ual.es\/en\/wp-json\/wp\/v2\/types\/post"}],"author":[{"embeddable":true,"href":"https:\/\/www.cde.ual.es\/en\/wp-json\/wp\/v2\/users\/101011"}],"replies":[{"embeddable":true,"href":"https:\/\/www.cde.ual.es\/en\/wp-json\/wp\/v2\/comments?post=112004"}],"version-history":[{"count":1,"href":"https:\/\/www.cde.ual.es\/en\/wp-json\/wp\/v2\/posts\/112004\/revisions"}],"predecessor-version":[{"id":112007,"href":"https:\/\/www.cde.ual.es\/en\/wp-json\/wp\/v2\/posts\/112004\/revisions\/112007"}],"wp:featuredmedia":[{"embeddable":true,"href":"https:\/\/www.cde.ual.es\/en\/wp-json\/wp\/v2\/media\/112005"}],"wp:attachment":[{"href":"https:\/\/www.cde.ual.es\/en\/wp-json\/wp\/v2\/media?parent=112004"}],"wp:term":[{"taxonomy":"category","embeddable":true,"href":"https:\/\/www.cde.ual.es\/en\/wp-json\/wp\/v2\/categories?post=112004"},{"taxonomy":"post_tag","embeddable":true,"href":"https:\/\/www.cde.ual.es\/en\/wp-json\/wp\/v2\/tags?post=112004"}],"curies":[{"name":"wp","href":"https:\/\/api.w.org\/{rel}","templated":true}]}}