{"id":1120,"date":"2016-12-01T16:35:07","date_gmt":"2016-12-01T15:35:07","guid":{"rendered":"http:\/\/www.cde.ual.es\/?p=1120"},"modified":"2016-12-01T16:41:50","modified_gmt":"2016-12-01T15:41:50","slug":"ciclo-sobre-aspectos-basicos-de-la-union-europea-y-prioridades-y-retos-de-su-politica-de-cooperacion-al-desarrollo","status":"publish","type":"post","link":"https:\/\/www.cde.ual.es\/en\/ciclo-sobre-aspectos-basicos-de-la-union-europea-y-prioridades-y-retos-de-su-politica-de-cooperacion-al-desarrollo\/","title":{"rendered":"Ciclo sobre \u201cAspectos b\u00e1sicos de la Uni\u00f3n Europea y prioridades y retos de su Pol\u00edtica de Cooperaci\u00f3n al Desarrollo\u201d"},"content":{"rendered":"<p><a href=\"http:\/\/www.cde.ual.es\/wp-content\/uploads\/2016\/12\/CABECERA-UE-y-cOOPER-dES-para-FB.jpg\"><img decoding=\"async\" class=\"aligncenter size-medium wp-image-1126\" src=\"http:\/\/www.cde.ual.es\/wp-content\/uploads\/2016\/12\/CABECERA-UE-y-cOOPER-dES-para-FB-300x300.jpg\" alt=\"CABECERA UE y cOOPER dES para FB\" width=\"300\" height=\"300\" srcset=\"https:\/\/www.cde.ual.es\/wp-content\/uploads\/2016\/12\/CABECERA-UE-y-cOOPER-dES-para-FB-300x300.jpg 300w, https:\/\/www.cde.ual.es\/wp-content\/uploads\/2016\/12\/CABECERA-UE-y-cOOPER-dES-para-FB-150x150.jpg 150w, https:\/\/www.cde.ual.es\/wp-content\/uploads\/2016\/12\/CABECERA-UE-y-cOOPER-dES-para-FB-1024x1024.jpg 1024w\" sizes=\"(max-width: 300px) 100vw, 300px\" \/><\/a><\/p>\n<p><span style=\"color: #000099;\"><span style=\"color: #000000;\">El CDE celebra su \u00faltima actividad formativa de 2016 con un ciclo dedicado a la UE y a su Pol\u00edtica de Cooperaci\u00f3n al Desarrollo.<br \/>\n<\/span><\/span>Dividido en dos bloques impartidos la misma ma\u00f1ana, en el primer bloque se realizar\u00e1 un taller de formaci\u00f3n b\u00e1sica sobre la Uni\u00f3n Europea. En \u00e9l se abordar\u00e1n cuestiones centradas en el funcionamiento de la UE, sus instituciones y pol\u00edticas.<br \/>\nObjetivos:<br \/>\n\u2022 Dar a conocer los beneficios de la UE ofreciendo una informaci\u00f3n a medida de las necesidades de los ciudadanos, combinando para ello los temas que suscitan un mayor inter\u00e9s y que son de gran relevancia.<\/p>\n<p>En el segundo bloque conoceremos los grandes retos de la pol\u00edtica europea de Cooperaci\u00f3n para el desarrollo: la defensa y el fortalecimiento la pol\u00edtica p\u00fablica de cooperaci\u00f3n al desarrollo y de ayuda humanitaria, la promoci\u00f3n de una Europa m\u00e1s justa y la coherencia de las pol\u00edticas, adem\u00e1s de sensibilizar sobre los beneficios de \u00e9stas para el desarrollo de la Uni\u00f3n.<br \/>\nObjetivos:<br \/>\n\u2022 Informar sobre las pol\u00edticas europeas de cooperaci\u00f3n al desarrollo de la Uni\u00f3n Europea<br \/>\n\u2022 Impulsar la participaci\u00f3n directa y el inter\u00e9s activo de los ciudadanos de la Uni\u00f3n en la cooperaci\u00f3n al desarrollo.<br \/>\n\u2022 Sensibilizar sobre los beneficios de la cooperaci\u00f3n al desarrollo de la Uni\u00f3n<\/p>\n<p>Fecha de celebraci\u00f3n: 14 de diciembre de 2016<br \/>\nDuraci\u00f3n: 5 horas<br \/>\nHorario: De 09:15 a 14:15<br \/>\nLugar: Sala de Grados del edificio Departamental de Humanidades y\u00a0 CC.\u00a0 de la Educaci\u00f3n II (Edificio C) en la Universidad de Almer\u00eda<br \/>\nDestinatarios: Comunidad universitaria, ciudadan\u00eda en general<br \/>\nInscripci\u00f3n gratuita en: <a class=\"moz-txt-link-freetext\" href=\"https:\/\/goo.gl\/forms\/YIV7h5VgblBhosHA2\">https:\/\/goo.gl\/forms\/YIV7h5VgblBhosHA2<\/a><\/p>\n<p>&nbsp;<\/p>\n<p><strong>PROGRAMA<\/strong><\/p>\n<p><strong>\u00a0<\/strong><strong>BLOQUE I- Taller b\u00e1sico: \u00bfQu\u00e9 es la Uni\u00f3n Europea?<\/strong><\/p>\n<p>Taller impartido por D\u00aa Dorina Claudia Suciu, Doctoranda Derecho Internacional P\u00fablico y Relaciones Internacionales en el Departamento de Derecho de la Universidad de Almer\u00eda<\/p>\n<p><strong>\u00a0<\/strong><\/p>\n<p><strong>09:15hs.<\/strong> <strong>Inauguraci\u00f3n del seminario<\/strong><\/p>\n<p>D\u00aa Noem\u00ed L\u00f3pez, t\u00e9cnico responsable del Centro de Documentaci\u00f3n Europea de la UAL<\/p>\n<p><strong>\u00a0<\/strong><\/p>\n<p><strong>09:15 a 10:15 La Uni\u00f3n Europea: Aspectos b\u00e1sicos<\/strong><\/p>\n<p>D\u00aa Dorina Claudia Suciu<\/p>\n<p>10:15 a 10:30 Pausa<\/p>\n<p><strong>10:30 a 11:30 Las Agencias de la Uni\u00f3n Europea: Oportunidades de empleo<\/strong><\/p>\n<p>D\u00aa Dorina Claudia Suciu<\/p>\n<p>&nbsp;<\/p>\n<p><strong>BLOQUE II- Prioridades y retos de la Pol\u00edtica Europea de Cooperaci\u00f3n al Desarrollo<br \/>\n<\/strong><\/p>\n<p><strong>\u00a0<\/strong><strong><br \/>\n12:00 a 13:30 Pol\u00edticas Europeas de Cooperaci\u00f3n al Desarrollo: Una aproximaci\u00f3n<\/strong><\/p>\n<p>D\u00aa M\u00aa Dolores Rold\u00e1n Tapia, profesora titular de Psicobiolog\u00eda y Directora del Secretariado de Cooperaci\u00f3n Internacional. Universidad de Almer\u00eda<\/p>\n<p><strong>\u00a0<\/strong><\/p>\n<p><strong>13:30 a 14:15 Experiencia de una cooperante<\/strong><\/p>\n<p>D\u00aa Elvira Joya Caballero, diplomada en magisterio por educaci\u00f3n infantil y cooperante en Vietnam y Nepal.<\/p>\n","protected":false},"excerpt":{"rendered":"<p>El CDE celebra su \u00faltima actividad formativa de 2016 con un ciclo dedicado a la UE y a su Pol\u00edtica de Cooperaci\u00f3n al Desarrollo. Dividido en dos bloques impartidos la misma ma\u00f1ana, en el primer bloque se realizar\u00e1 un taller de formaci\u00f3n b\u00e1sica sobre la Uni\u00f3n Europea. En \u00e9l se abordar\u00e1n cuestiones centradas en el [&hellip;]<\/p>\n","protected":false},"author":1,"featured_media":0,"comment_status":"open","ping_status":"open","sticky":false,"template":"","format":"standard","meta":{"_acf_changed":false,"_relevanssi_hide_post":"","_relevanssi_hide_content":"","_relevanssi_pin_for_all":"","_relevanssi_pin_keywords":"","_relevanssi_unpin_keywords":"","_relevanssi_related_keywords":"","_relevanssi_related_include_ids":"","_relevanssi_related_exclude_ids":"","_relevanssi_related_no_append":"","_relevanssi_related_not_related":"","_relevanssi_related_posts":"","_relevanssi_noindex_reason":"","_monsterinsights_skip_tracking":false,"_monsterinsights_sitenote_active":false,"_monsterinsights_sitenote_note":"","_monsterinsights_sitenote_category":0,"_genesis_hide_title":false,"_genesis_hide_breadcrumbs":false,"_genesis_hide_singular_image":false,"_genesis_hide_footer_widgets":false,"_genesis_custom_body_class":"","_genesis_custom_post_class":"","_genesis_layout":"","footnotes":""},"categories":[1],"tags":[],"class_list":{"0":"post-1120","1":"post","2":"type-post","3":"status-publish","4":"format-standard","6":"category-sin-categorizar","7":"entry","8":"has-post-thumbnail"},"acf":[],"yoast_head":"<!-- This site is optimized with the Yoast SEO plugin v27.4 - https:\/\/yoast.com\/product\/yoast-seo-wordpress\/ -->\n<title>Ciclo sobre \u201cAspectos b\u00e1sicos de la Uni\u00f3n Europea y prioridades y retos de su Pol\u00edtica de Cooperaci\u00f3n al Desarrollo\u201d | CDE Almer\u00eda - Centro de Documentaci\u00f3n Europea - Universidad de Almer\u00eda<\/title>\n<meta name=\"robots\" content=\"index, follow, max-snippet:-1, max-image-preview:large, max-video-preview:-1\" \/>\n<link rel=\"canonical\" href=\"https:\/\/www.cde.ual.es\/en\/ciclo-sobre-aspectos-basicos-de-la-union-europea-y-prioridades-y-retos-de-su-politica-de-cooperacion-al-desarrollo\/\" \/>\n<meta property=\"og:locale\" content=\"en_US\" \/>\n<meta property=\"og:type\" content=\"article\" \/>\n<meta property=\"og:title\" content=\"Ciclo sobre \u201cAspectos b\u00e1sicos de la Uni\u00f3n Europea y prioridades y retos de su Pol\u00edtica de Cooperaci\u00f3n al Desarrollo\u201d | CDE Almer\u00eda - Centro de Documentaci\u00f3n Europea - Universidad de Almer\u00eda\" \/>\n<meta property=\"og:description\" content=\"El CDE celebra su \u00faltima actividad formativa de 2016 con un ciclo dedicado a la UE y a su Pol\u00edtica de Cooperaci\u00f3n al Desarrollo. Dividido en dos bloques impartidos la misma ma\u00f1ana, en el primer bloque se realizar\u00e1 un taller de formaci\u00f3n b\u00e1sica sobre la Uni\u00f3n Europea. En \u00e9l se abordar\u00e1n cuestiones centradas en el [&hellip;]\" \/>\n<meta property=\"og:url\" content=\"https:\/\/www.cde.ual.es\/en\/ciclo-sobre-aspectos-basicos-de-la-union-europea-y-prioridades-y-retos-de-su-politica-de-cooperacion-al-desarrollo\/\" \/>\n<meta property=\"og:site_name\" content=\"CDE Almer\u00eda - Centro de Documentaci\u00f3n Europea - Universidad de Almer\u00eda\" \/>\n<meta property=\"article:publisher\" content=\"https:\/\/www.facebook.com\/cdeuniversidadalmeria\/\" \/>\n<meta property=\"article:published_time\" content=\"2016-12-01T15:35:07+00:00\" \/>\n<meta property=\"article:modified_time\" content=\"2016-12-01T15:41:50+00:00\" \/>\n<meta property=\"og:image\" content=\"http:\/\/www.cde.ual.es\/wp-content\/uploads\/2016\/12\/CABECERA-UE-y-cOOPER-dES-para-FB-300x300.jpg\" \/>\n<meta name=\"author\" content=\"AdminCDE\" \/>\n<meta name=\"twitter:card\" content=\"summary_large_image\" \/>\n<meta name=\"twitter:creator\" content=\"@cdeualmeria\" \/>\n<meta name=\"twitter:site\" content=\"@cdeualmeria\" \/>\n<meta name=\"twitter:label1\" content=\"Written by\" \/>\n\t<meta name=\"twitter:data1\" content=\"AdminCDE\" \/>\n\t<meta name=\"twitter:label2\" content=\"Est. reading time\" \/>\n\t<meta name=\"twitter:data2\" content=\"2 minutes\" \/>\n<script type=\"application\/ld+json\" class=\"yoast-schema-graph\">{\"@context\":\"https:\\\/\\\/schema.org\",\"@graph\":[{\"@type\":\"Article\",\"@id\":\"https:\\\/\\\/www.cde.ual.es\\\/en\\\/ciclo-sobre-aspectos-basicos-de-la-union-europea-y-prioridades-y-retos-de-su-politica-de-cooperacion-al-desarrollo\\\/#article\",\"isPartOf\":{\"@id\":\"https:\\\/\\\/www.cde.ual.es\\\/en\\\/ciclo-sobre-aspectos-basicos-de-la-union-europea-y-prioridades-y-retos-de-su-politica-de-cooperacion-al-desarrollo\\\/\"},\"author\":{\"name\":\"AdminCDE\",\"@id\":\"https:\\\/\\\/www.cde.ual.es\\\/#\\\/schema\\\/person\\\/224ef08c8bcc005f319d2713ce37ee5f\"},\"headline\":\"Ciclo sobre \u201cAspectos b\u00e1sicos de la Uni\u00f3n Europea y prioridades y retos de su Pol\u00edtica de Cooperaci\u00f3n al Desarrollo\u201d\",\"datePublished\":\"2016-12-01T15:35:07+00:00\",\"dateModified\":\"2016-12-01T15:41:50+00:00\",\"mainEntityOfPage\":{\"@id\":\"https:\\\/\\\/www.cde.ual.es\\\/en\\\/ciclo-sobre-aspectos-basicos-de-la-union-europea-y-prioridades-y-retos-de-su-politica-de-cooperacion-al-desarrollo\\\/\"},\"wordCount\":472,\"commentCount\":0,\"publisher\":{\"@id\":\"https:\\\/\\\/www.cde.ual.es\\\/#organization\"},\"image\":{\"@id\":\"https:\\\/\\\/www.cde.ual.es\\\/en\\\/ciclo-sobre-aspectos-basicos-de-la-union-europea-y-prioridades-y-retos-de-su-politica-de-cooperacion-al-desarrollo\\\/#primaryimage\"},\"thumbnailUrl\":\"http:\\\/\\\/www.cde.ual.es\\\/wp-content\\\/uploads\\\/2016\\\/12\\\/CABECERA-UE-y-cOOPER-dES-para-FB-300x300.jpg\",\"articleSection\":[\"Sin categorizar\"],\"inLanguage\":\"en-US\",\"potentialAction\":[{\"@type\":\"CommentAction\",\"name\":\"Comment\",\"target\":[\"https:\\\/\\\/www.cde.ual.es\\\/en\\\/ciclo-sobre-aspectos-basicos-de-la-union-europea-y-prioridades-y-retos-de-su-politica-de-cooperacion-al-desarrollo\\\/#respond\"]}]},{\"@type\":\"WebPage\",\"@id\":\"https:\\\/\\\/www.cde.ual.es\\\/en\\\/ciclo-sobre-aspectos-basicos-de-la-union-europea-y-prioridades-y-retos-de-su-politica-de-cooperacion-al-desarrollo\\\/\",\"url\":\"https:\\\/\\\/www.cde.ual.es\\\/en\\\/ciclo-sobre-aspectos-basicos-de-la-union-europea-y-prioridades-y-retos-de-su-politica-de-cooperacion-al-desarrollo\\\/\",\"name\":\"Ciclo sobre \u201cAspectos b\u00e1sicos de la Uni\u00f3n Europea y prioridades y retos de su Pol\u00edtica de Cooperaci\u00f3n al Desarrollo\u201d | CDE Almer\u00eda - Centro de Documentaci\u00f3n Europea - Universidad de Almer\u00eda\",\"isPartOf\":{\"@id\":\"https:\\\/\\\/www.cde.ual.es\\\/#website\"},\"primaryImageOfPage\":{\"@id\":\"https:\\\/\\\/www.cde.ual.es\\\/en\\\/ciclo-sobre-aspectos-basicos-de-la-union-europea-y-prioridades-y-retos-de-su-politica-de-cooperacion-al-desarrollo\\\/#primaryimage\"},\"image\":{\"@id\":\"https:\\\/\\\/www.cde.ual.es\\\/en\\\/ciclo-sobre-aspectos-basicos-de-la-union-europea-y-prioridades-y-retos-de-su-politica-de-cooperacion-al-desarrollo\\\/#primaryimage\"},\"thumbnailUrl\":\"http:\\\/\\\/www.cde.ual.es\\\/wp-content\\\/uploads\\\/2016\\\/12\\\/CABECERA-UE-y-cOOPER-dES-para-FB-300x300.jpg\",\"datePublished\":\"2016-12-01T15:35:07+00:00\",\"dateModified\":\"2016-12-01T15:41:50+00:00\",\"breadcrumb\":{\"@id\":\"https:\\\/\\\/www.cde.ual.es\\\/en\\\/ciclo-sobre-aspectos-basicos-de-la-union-europea-y-prioridades-y-retos-de-su-politica-de-cooperacion-al-desarrollo\\\/#breadcrumb\"},\"inLanguage\":\"en-US\",\"potentialAction\":[{\"@type\":\"ReadAction\",\"target\":[\"https:\\\/\\\/www.cde.ual.es\\\/en\\\/ciclo-sobre-aspectos-basicos-de-la-union-europea-y-prioridades-y-retos-de-su-politica-de-cooperacion-al-desarrollo\\\/\"]}]},{\"@type\":\"ImageObject\",\"inLanguage\":\"en-US\",\"@id\":\"https:\\\/\\\/www.cde.ual.es\\\/en\\\/ciclo-sobre-aspectos-basicos-de-la-union-europea-y-prioridades-y-retos-de-su-politica-de-cooperacion-al-desarrollo\\\/#primaryimage\",\"url\":\"http:\\\/\\\/www.cde.ual.es\\\/wp-content\\\/uploads\\\/2016\\\/12\\\/CABECERA-UE-y-cOOPER-dES-para-FB-300x300.jpg\",\"contentUrl\":\"http:\\\/\\\/www.cde.ual.es\\\/wp-content\\\/uploads\\\/2016\\\/12\\\/CABECERA-UE-y-cOOPER-dES-para-FB-300x300.jpg\"},{\"@type\":\"BreadcrumbList\",\"@id\":\"https:\\\/\\\/www.cde.ual.es\\\/en\\\/ciclo-sobre-aspectos-basicos-de-la-union-europea-y-prioridades-y-retos-de-su-politica-de-cooperacion-al-desarrollo\\\/#breadcrumb\",\"itemListElement\":[{\"@type\":\"ListItem\",\"position\":1,\"name\":\"Inicio\",\"item\":\"https:\\\/\\\/www.cde.ual.es\\\/en\\\/\"},{\"@type\":\"ListItem\",\"position\":2,\"name\":\"Uncategorized\",\"item\":\"https:\\\/\\\/www.cde.ual.es\\\/en\\\/category\\\/uncategorized\\\/\"},{\"@type\":\"ListItem\",\"position\":3,\"name\":\"Ciclo sobre \u201cAspectos b\u00e1sicos de la Uni\u00f3n Europea y prioridades y retos de su Pol\u00edtica de Cooperaci\u00f3n al Desarrollo\u201d\"}]},{\"@type\":\"WebSite\",\"@id\":\"https:\\\/\\\/www.cde.ual.es\\\/#website\",\"url\":\"https:\\\/\\\/www.cde.ual.es\\\/\",\"name\":\"CDE Almer\u00eda - Centro de Documentaci\u00f3n Europea - Universidad de Almer\u00eda\",\"description\":\"Centro de Documentaci\u00f3n Europea de la Universidad de Almer\u00eda\",\"publisher\":{\"@id\":\"https:\\\/\\\/www.cde.ual.es\\\/#organization\"},\"alternateName\":\"CDE Almer\u00eda\",\"potentialAction\":[{\"@type\":\"SearchAction\",\"target\":{\"@type\":\"EntryPoint\",\"urlTemplate\":\"https:\\\/\\\/www.cde.ual.es\\\/?s={search_term_string}\"},\"query-input\":{\"@type\":\"PropertyValueSpecification\",\"valueRequired\":true,\"valueName\":\"search_term_string\"}}],\"inLanguage\":\"en-US\"},{\"@type\":\"Organization\",\"@id\":\"https:\\\/\\\/www.cde.ual.es\\\/#organization\",\"name\":\"Centro de Documentaci\u00f3n Europea de Almer\u00eda\",\"url\":\"https:\\\/\\\/www.cde.ual.es\\\/\",\"logo\":{\"@type\":\"ImageObject\",\"inLanguage\":\"en-US\",\"@id\":\"https:\\\/\\\/www.cde.ual.es\\\/#\\\/schema\\\/logo\\\/image\\\/\",\"url\":\"https:\\\/\\\/www.cde.ual.es\\\/wp-content\\\/uploads\\\/2025\\\/07\\\/cde-logo-3.png\",\"contentUrl\":\"https:\\\/\\\/www.cde.ual.es\\\/wp-content\\\/uploads\\\/2025\\\/07\\\/cde-logo-3.png\",\"width\":1400,\"height\":300,\"caption\":\"Centro de Documentaci\u00f3n Europea de Almer\u00eda\"},\"image\":{\"@id\":\"https:\\\/\\\/www.cde.ual.es\\\/#\\\/schema\\\/logo\\\/image\\\/\"},\"sameAs\":[\"https:\\\/\\\/www.facebook.com\\\/cdeuniversidadalmeria\\\/\",\"https:\\\/\\\/x.com\\\/cdeualmeria\",\"https:\\\/\\\/www.tiktok.com\\\/@cdealmeria\",\"https:\\\/\\\/www.instagram.com\\\/cdealmeria\\\/\",\"https:\\\/\\\/www.linkedin.com\\\/in\\\/cde-almera-812b26a9\\\/\"]},{\"@type\":\"Person\",\"@id\":\"https:\\\/\\\/www.cde.ual.es\\\/#\\\/schema\\\/person\\\/224ef08c8bcc005f319d2713ce37ee5f\",\"name\":\"AdminCDE\",\"image\":{\"@type\":\"ImageObject\",\"inLanguage\":\"en-US\",\"@id\":\"https:\\\/\\\/secure.gravatar.com\\\/avatar\\\/a72d038d371f995cd13706fac32274b7952a52e8fb0a84b5f80c85426f2a98a8?s=96&d=mm&r=g\",\"url\":\"https:\\\/\\\/secure.gravatar.com\\\/avatar\\\/a72d038d371f995cd13706fac32274b7952a52e8fb0a84b5f80c85426f2a98a8?s=96&d=mm&r=g\",\"contentUrl\":\"https:\\\/\\\/secure.gravatar.com\\\/avatar\\\/a72d038d371f995cd13706fac32274b7952a52e8fb0a84b5f80c85426f2a98a8?s=96&d=mm&r=g\",\"caption\":\"AdminCDE\"}}]}<\/script>\n<!-- \/ Yoast SEO plugin. -->","yoast_head_json":{"title":"Ciclo sobre \u201cAspectos b\u00e1sicos de la Uni\u00f3n Europea y prioridades y retos de su Pol\u00edtica de Cooperaci\u00f3n al Desarrollo\u201d | CDE Almer\u00eda - Centro de Documentaci\u00f3n Europea - Universidad de Almer\u00eda","robots":{"index":"index","follow":"follow","max-snippet":"max-snippet:-1","max-image-preview":"max-image-preview:large","max-video-preview":"max-video-preview:-1"},"canonical":"https:\/\/www.cde.ual.es\/en\/ciclo-sobre-aspectos-basicos-de-la-union-europea-y-prioridades-y-retos-de-su-politica-de-cooperacion-al-desarrollo\/","og_locale":"en_US","og_type":"article","og_title":"Ciclo sobre \u201cAspectos b\u00e1sicos de la Uni\u00f3n Europea y prioridades y retos de su Pol\u00edtica de Cooperaci\u00f3n al Desarrollo\u201d | CDE Almer\u00eda - Centro de Documentaci\u00f3n Europea - Universidad de Almer\u00eda","og_description":"El CDE celebra su \u00faltima actividad formativa de 2016 con un ciclo dedicado a la UE y a su Pol\u00edtica de Cooperaci\u00f3n al Desarrollo. Dividido en dos bloques impartidos la misma ma\u00f1ana, en el primer bloque se realizar\u00e1 un taller de formaci\u00f3n b\u00e1sica sobre la Uni\u00f3n Europea. En \u00e9l se abordar\u00e1n cuestiones centradas en el [&hellip;]","og_url":"https:\/\/www.cde.ual.es\/en\/ciclo-sobre-aspectos-basicos-de-la-union-europea-y-prioridades-y-retos-de-su-politica-de-cooperacion-al-desarrollo\/","og_site_name":"CDE Almer\u00eda - Centro de Documentaci\u00f3n Europea - Universidad de Almer\u00eda","article_publisher":"https:\/\/www.facebook.com\/cdeuniversidadalmeria\/","article_published_time":"2016-12-01T15:35:07+00:00","article_modified_time":"2016-12-01T15:41:50+00:00","og_image":[{"url":"http:\/\/www.cde.ual.es\/wp-content\/uploads\/2016\/12\/CABECERA-UE-y-cOOPER-dES-para-FB-300x300.jpg","type":"","width":"","height":""}],"author":"AdminCDE","twitter_card":"summary_large_image","twitter_creator":"@cdeualmeria","twitter_site":"@cdeualmeria","twitter_misc":{"Written by":"AdminCDE","Est. reading time":"2 minutes"},"schema":{"@context":"https:\/\/schema.org","@graph":[{"@type":"Article","@id":"https:\/\/www.cde.ual.es\/en\/ciclo-sobre-aspectos-basicos-de-la-union-europea-y-prioridades-y-retos-de-su-politica-de-cooperacion-al-desarrollo\/#article","isPartOf":{"@id":"https:\/\/www.cde.ual.es\/en\/ciclo-sobre-aspectos-basicos-de-la-union-europea-y-prioridades-y-retos-de-su-politica-de-cooperacion-al-desarrollo\/"},"author":{"name":"AdminCDE","@id":"https:\/\/www.cde.ual.es\/#\/schema\/person\/224ef08c8bcc005f319d2713ce37ee5f"},"headline":"Ciclo sobre \u201cAspectos b\u00e1sicos de la Uni\u00f3n Europea y prioridades y retos de su Pol\u00edtica de Cooperaci\u00f3n al Desarrollo\u201d","datePublished":"2016-12-01T15:35:07+00:00","dateModified":"2016-12-01T15:41:50+00:00","mainEntityOfPage":{"@id":"https:\/\/www.cde.ual.es\/en\/ciclo-sobre-aspectos-basicos-de-la-union-europea-y-prioridades-y-retos-de-su-politica-de-cooperacion-al-desarrollo\/"},"wordCount":472,"commentCount":0,"publisher":{"@id":"https:\/\/www.cde.ual.es\/#organization"},"image":{"@id":"https:\/\/www.cde.ual.es\/en\/ciclo-sobre-aspectos-basicos-de-la-union-europea-y-prioridades-y-retos-de-su-politica-de-cooperacion-al-desarrollo\/#primaryimage"},"thumbnailUrl":"http:\/\/www.cde.ual.es\/wp-content\/uploads\/2016\/12\/CABECERA-UE-y-cOOPER-dES-para-FB-300x300.jpg","articleSection":["Sin categorizar"],"inLanguage":"en-US","potentialAction":[{"@type":"CommentAction","name":"Comment","target":["https:\/\/www.cde.ual.es\/en\/ciclo-sobre-aspectos-basicos-de-la-union-europea-y-prioridades-y-retos-de-su-politica-de-cooperacion-al-desarrollo\/#respond"]}]},{"@type":"WebPage","@id":"https:\/\/www.cde.ual.es\/en\/ciclo-sobre-aspectos-basicos-de-la-union-europea-y-prioridades-y-retos-de-su-politica-de-cooperacion-al-desarrollo\/","url":"https:\/\/www.cde.ual.es\/en\/ciclo-sobre-aspectos-basicos-de-la-union-europea-y-prioridades-y-retos-de-su-politica-de-cooperacion-al-desarrollo\/","name":"Ciclo sobre \u201cAspectos b\u00e1sicos de la Uni\u00f3n Europea y prioridades y retos de su Pol\u00edtica de Cooperaci\u00f3n al Desarrollo\u201d | CDE Almer\u00eda - Centro de Documentaci\u00f3n Europea - Universidad de Almer\u00eda","isPartOf":{"@id":"https:\/\/www.cde.ual.es\/#website"},"primaryImageOfPage":{"@id":"https:\/\/www.cde.ual.es\/en\/ciclo-sobre-aspectos-basicos-de-la-union-europea-y-prioridades-y-retos-de-su-politica-de-cooperacion-al-desarrollo\/#primaryimage"},"image":{"@id":"https:\/\/www.cde.ual.es\/en\/ciclo-sobre-aspectos-basicos-de-la-union-europea-y-prioridades-y-retos-de-su-politica-de-cooperacion-al-desarrollo\/#primaryimage"},"thumbnailUrl":"http:\/\/www.cde.ual.es\/wp-content\/uploads\/2016\/12\/CABECERA-UE-y-cOOPER-dES-para-FB-300x300.jpg","datePublished":"2016-12-01T15:35:07+00:00","dateModified":"2016-12-01T15:41:50+00:00","breadcrumb":{"@id":"https:\/\/www.cde.ual.es\/en\/ciclo-sobre-aspectos-basicos-de-la-union-europea-y-prioridades-y-retos-de-su-politica-de-cooperacion-al-desarrollo\/#breadcrumb"},"inLanguage":"en-US","potentialAction":[{"@type":"ReadAction","target":["https:\/\/www.cde.ual.es\/en\/ciclo-sobre-aspectos-basicos-de-la-union-europea-y-prioridades-y-retos-de-su-politica-de-cooperacion-al-desarrollo\/"]}]},{"@type":"ImageObject","inLanguage":"en-US","@id":"https:\/\/www.cde.ual.es\/en\/ciclo-sobre-aspectos-basicos-de-la-union-europea-y-prioridades-y-retos-de-su-politica-de-cooperacion-al-desarrollo\/#primaryimage","url":"http:\/\/www.cde.ual.es\/wp-content\/uploads\/2016\/12\/CABECERA-UE-y-cOOPER-dES-para-FB-300x300.jpg","contentUrl":"http:\/\/www.cde.ual.es\/wp-content\/uploads\/2016\/12\/CABECERA-UE-y-cOOPER-dES-para-FB-300x300.jpg"},{"@type":"BreadcrumbList","@id":"https:\/\/www.cde.ual.es\/en\/ciclo-sobre-aspectos-basicos-de-la-union-europea-y-prioridades-y-retos-de-su-politica-de-cooperacion-al-desarrollo\/#breadcrumb","itemListElement":[{"@type":"ListItem","position":1,"name":"Inicio","item":"https:\/\/www.cde.ual.es\/en\/"},{"@type":"ListItem","position":2,"name":"Uncategorized","item":"https:\/\/www.cde.ual.es\/en\/category\/uncategorized\/"},{"@type":"ListItem","position":3,"name":"Ciclo sobre \u201cAspectos b\u00e1sicos de la Uni\u00f3n Europea y prioridades y retos de su Pol\u00edtica de Cooperaci\u00f3n al Desarrollo\u201d"}]},{"@type":"WebSite","@id":"https:\/\/www.cde.ual.es\/#website","url":"https:\/\/www.cde.ual.es\/","name":"CDE Almer\u00eda - Centro de Documentaci\u00f3n Europea - Universidad de Almer\u00eda","description":"Centro de Documentaci\u00f3n Europea de la Universidad de Almer\u00eda","publisher":{"@id":"https:\/\/www.cde.ual.es\/#organization"},"alternateName":"CDE Almer\u00eda","potentialAction":[{"@type":"SearchAction","target":{"@type":"EntryPoint","urlTemplate":"https:\/\/www.cde.ual.es\/?s={search_term_string}"},"query-input":{"@type":"PropertyValueSpecification","valueRequired":true,"valueName":"search_term_string"}}],"inLanguage":"en-US"},{"@type":"Organization","@id":"https:\/\/www.cde.ual.es\/#organization","name":"Centro de Documentaci\u00f3n Europea de Almer\u00eda","url":"https:\/\/www.cde.ual.es\/","logo":{"@type":"ImageObject","inLanguage":"en-US","@id":"https:\/\/www.cde.ual.es\/#\/schema\/logo\/image\/","url":"https:\/\/www.cde.ual.es\/wp-content\/uploads\/2025\/07\/cde-logo-3.png","contentUrl":"https:\/\/www.cde.ual.es\/wp-content\/uploads\/2025\/07\/cde-logo-3.png","width":1400,"height":300,"caption":"Centro de Documentaci\u00f3n Europea de Almer\u00eda"},"image":{"@id":"https:\/\/www.cde.ual.es\/#\/schema\/logo\/image\/"},"sameAs":["https:\/\/www.facebook.com\/cdeuniversidadalmeria\/","https:\/\/x.com\/cdeualmeria","https:\/\/www.tiktok.com\/@cdealmeria","https:\/\/www.instagram.com\/cdealmeria\/","https:\/\/www.linkedin.com\/in\/cde-almera-812b26a9\/"]},{"@type":"Person","@id":"https:\/\/www.cde.ual.es\/#\/schema\/person\/224ef08c8bcc005f319d2713ce37ee5f","name":"AdminCDE","image":{"@type":"ImageObject","inLanguage":"en-US","@id":"https:\/\/secure.gravatar.com\/avatar\/a72d038d371f995cd13706fac32274b7952a52e8fb0a84b5f80c85426f2a98a8?s=96&d=mm&r=g","url":"https:\/\/secure.gravatar.com\/avatar\/a72d038d371f995cd13706fac32274b7952a52e8fb0a84b5f80c85426f2a98a8?s=96&d=mm&r=g","contentUrl":"https:\/\/secure.gravatar.com\/avatar\/a72d038d371f995cd13706fac32274b7952a52e8fb0a84b5f80c85426f2a98a8?s=96&d=mm&r=g","caption":"AdminCDE"}}]}},"_links":{"self":[{"href":"https:\/\/www.cde.ual.es\/en\/wp-json\/wp\/v2\/posts\/1120","targetHints":{"allow":["GET"]}}],"collection":[{"href":"https:\/\/www.cde.ual.es\/en\/wp-json\/wp\/v2\/posts"}],"about":[{"href":"https:\/\/www.cde.ual.es\/en\/wp-json\/wp\/v2\/types\/post"}],"author":[{"embeddable":true,"href":"https:\/\/www.cde.ual.es\/en\/wp-json\/wp\/v2\/users\/1"}],"replies":[{"embeddable":true,"href":"https:\/\/www.cde.ual.es\/en\/wp-json\/wp\/v2\/comments?post=1120"}],"version-history":[{"count":0,"href":"https:\/\/www.cde.ual.es\/en\/wp-json\/wp\/v2\/posts\/1120\/revisions"}],"wp:attachment":[{"href":"https:\/\/www.cde.ual.es\/en\/wp-json\/wp\/v2\/media?parent=1120"}],"wp:term":[{"taxonomy":"category","embeddable":true,"href":"https:\/\/www.cde.ual.es\/en\/wp-json\/wp\/v2\/categories?post=1120"},{"taxonomy":"post_tag","embeddable":true,"href":"https:\/\/www.cde.ual.es\/en\/wp-json\/wp\/v2\/tags?post=1120"}],"curies":[{"name":"wp","href":"https:\/\/api.w.org\/{rel}","templated":true}]}}