{"id":111848,"date":"2022-07-01T03:00:48","date_gmt":"2022-07-01T01:00:48","guid":{"rendered":"https:\/\/www.cde.ual.es\/?p=111848"},"modified":"2022-06-30T12:34:45","modified_gmt":"2022-06-30T10:34:45","slug":"2022-strategic-foresight-report-twinning-the-green-and-digital-transitions-in-the-new-geopolitical-context","status":"publish","type":"post","link":"https:\/\/www.cde.ual.es\/en\/2022-strategic-foresight-report-twinning-the-green-and-digital-transitions-in-the-new-geopolitical-context\/","title":{"rendered":"2022 Strategic Foresight Report: twinning the green and digital transitions in the new geopolitical context"},"content":{"rendered":"<p><a href=\"https:\/\/www.cde.ual.es\/wp-content\/uploads\/2022\/06\/windmill-5591464_1920.jpg\"><img decoding=\"async\" class=\" wp-image-111845 aligncenter\" src=\"https:\/\/www.cde.ual.es\/wp-content\/uploads\/2022\/06\/windmill-5591464_1920-1024x717.jpg\" alt=\"\" width=\"500\" height=\"350\" srcset=\"https:\/\/www.cde.ual.es\/wp-content\/uploads\/2022\/06\/windmill-5591464_1920-1024x717.jpg 1024w, https:\/\/www.cde.ual.es\/wp-content\/uploads\/2022\/06\/windmill-5591464_1920-300x210.jpg 300w, https:\/\/www.cde.ual.es\/wp-content\/uploads\/2022\/06\/windmill-5591464_1920-768x538.jpg 768w, https:\/\/www.cde.ual.es\/wp-content\/uploads\/2022\/06\/windmill-5591464_1920-1536x1075.jpg 1536w, https:\/\/www.cde.ual.es\/wp-content\/uploads\/2022\/06\/windmill-5591464_1920.jpg 1920w\" sizes=\"(max-width: 500px) 100vw, 500px\" \/><\/a><\/p>\n<p style=\"text-align: justify;\">The Commission has today adopted the\u00a0<a href=\"https:\/\/ec.europa.eu\/info\/files\/strategic-foresight-report-2022_en\" target=\"_blank\" rel=\"noopener\">2022 Strategic Foresight Report \u2013 \u201cTwinning the green and digital transitions in the new geopolitical context\u201d.<\/a>\u00a0As we prepare to accelerate both transitions, the report identifies ten key areas of action with the objective of maximising synergies and consistency between our climate and digital ambitions. By doing so, the EU will strengthen its cross-sector resilience and open strategic autonomy, and be better prepared to face new global challenges between now and 2050.<\/p>\n<p style=\"text-align: justify;\">Maro\u0161<strong>\u00a0\u0160ef\u010dovi\u010d<\/strong>, Vice-President for interinstitutional Relations and Foresight said:\u00a0<em>\u201cTo reach climate neutrality by 2050, we need to unleash the power of digitalisation. At the same time, sustainability must be at the heart of the digital transformation. That is why this Strategic Foresight Report takes a deeper look at how to best align our twin objectives, especially as they take on a significant security dimension due to the current geopolitical shifts. For instance, from 2040, recycling could be a major source of metals and minerals, inevitable for new technologies, if Europe fixes its shortcomings in the area of raw materials. Understanding this interplay between the twin transitions, while striving for open strategic autonomy, is the right way forward.<\/em>\u201d<\/p>\n<p style=\"text-align: justify;\">The green and digital transitions are at the top of the Commission&#8217;s political agenda set out by President\u00a0<strong>von der Leyen<\/strong>\u00a0in 2019. In light of Russia&#8217;s aggression against Ukraine,\u00a0<strong>Europe is accelerating its embrace of climate and digital global leadership, with eyes firmly on key challenges<\/strong>, from energy and food, to defence and cutting-edge technologies.<strong>\u00a0<\/strong>From this perspective, the 2022 Strategic Foresight Report puts forward a future-oriented and holistic analysis of the interactions between the twin transitions, taking into account the role of new and emerging technologies as well as key geopolitical, social, economic and regulatory factors shaping their twinning \u2013 i.e. their capacity to reinforce each other.<\/p>\n<table style=\"width: 99.9988%; border-collapse: collapse; border-style: double; border-color: #001f7d;\" cellpadding=\"0,5\">\n<tbody>\n<tr>\n<td style=\"width: 100%;\"><a href=\"https:\/\/www.cde.ual.es\/pacto-verde-restaurar-la-naturaleza-en-europa-de-aqui-a-2050-y-reducir-a-la-mitad-los-plaguicidas-de-aqui-a-2030\/\" target=\"_blank\" rel=\"noopener\"><img decoding=\"async\" class=\"alignleft\" src=\"https:\/\/www.cde.ual.es\/wp-content\/uploads\/2022\/06\/nature-3403973-620x380.jpg\" alt=\"\" width=\"201\" height=\"134\" \/><\/a><\/p>\n<h4 class=\"entry-title\"><a href=\"https:\/\/www.cde.ual.es\/en\/green-deal-pioneering-proposals-to-restore-europes-nature-by-2050-and-halve-pesticide-use-by-2030\/\" target=\"_blank\" rel=\"noopener\">Green Deal: pioneering proposals to restore Europe\u2019s nature by 2050 and halve pesticide use by 2030<\/a><\/h4>\n<\/td>\n<\/tr>\n<\/tbody>\n<\/table>\n<p style=\"text-align: justify;\"><strong>Technologies essential for the\u00a0<\/strong><strong>twinning\u00a0<\/strong><strong>towards 2050<\/strong><\/p>\n<p style=\"text-align: justify;\">On one hand, digital technologies help the EU achieve climate neutrality, reduce pollution and restore biodiversity. On the other hand, their widespread use is increasing energy consumption, while also leading to more electronic waste and bigger environmental footprint.<\/p>\n<p style=\"text-align: justify;\"><strong>Energy<\/strong>,\u00a0<strong>transport<\/strong>,\u00a0<strong>industry<\/strong>,\u00a0<strong>construction<\/strong>, and\u00a0<strong>agriculture<\/strong>\u00a0\u2013 the five biggest greenhouse gas emitters in the EU \u2013 are key for a successful twinning of the green and digital transitions. Technologies will play a key role in reducing these sector&#8217;s carbon footprint. By 2030, most reductions in CO<sub>2<\/sub>\u00a0emissions will come from technologies available today. However, achieving climate neutrality and circularity by 2050 will be enabled by new technologies currently at the experimental, demonstration or prototype phase.<\/p>\n<p style=\"text-align: justify;\"><strong>Geopolitical, social, economic and regulatory factors affecting the twinning<\/strong><\/p>\n<p style=\"text-align: justify;\">The\u00a0<strong>current geopolitical instability<\/strong>\u00a0confirms the need to not only accelerate the twin transitions but to also reduce our strategic dependencies. In the short-term, this will continue affecting energy and food prices, with the significant social fallout. In the medium- and long-term, for instance,\u00a0<strong>sustainable access to raw<\/strong>\u00a0<strong>materials<\/strong>\u00a0critical for the twin transitions will remain of paramount importance, adding pressure to move to shorter and less vulnerable supply chains and to friend-shoring wherever possible.<\/p>\n<p style=\"text-align: justify;\">The twinning will also require\u00a0<strong>hinging the EU&#8217;s economic model<\/strong>\u00a0<strong>on wellbeing<\/strong>, sustainability and circularity. The EU&#8217;s position in\u00a0<strong>shaping global standards<\/strong>\u00a0will play an important part, while social\u00a0<strong>fairness and the skills<\/strong>\u00a0agenda will be amongst the conditions for success, alongside the mobilisation of\u00a0<strong>public and private investment.\u00a0<\/strong>It is expected that almost \u20ac650 billion will be needed in additional future-proof investment annually until 2030.<\/p>\n<h3>For further information<\/h3>\n<p><a href=\"https:\/\/ec.europa.eu\/commission\/presscorner\/detail\/en\/ip_22_4004\" target=\"_blank\" rel=\"noopener\"><strong>European Commission \u2014 Press release<\/strong><\/a><\/p>\n","protected":false},"excerpt":{"rendered":"<p>The Commission has today adopted the\u00a02022 Strategic Foresight Report \u2013 \u201cTwinning the green and digital transitions in the new geopolitical context\u201d.\u00a0As we prepare to accelerate both transitions, the report identifies ten key areas of action with the objective of maximising synergies and consistency between our climate and digital ambitions. By doing so, the EU will [&hellip;]<\/p>\n","protected":false},"author":101011,"featured_media":111846,"comment_status":"open","ping_status":"open","sticky":false,"template":"","format":"standard","meta":{"_acf_changed":false,"_relevanssi_hide_post":"","_relevanssi_hide_content":"","_relevanssi_pin_for_all":"","_relevanssi_pin_keywords":"","_relevanssi_unpin_keywords":"","_relevanssi_related_keywords":"","_relevanssi_related_include_ids":"","_relevanssi_related_exclude_ids":"","_relevanssi_related_no_append":"","_relevanssi_related_not_related":"","_relevanssi_related_posts":"","_relevanssi_noindex_reason":"","_monsterinsights_skip_tracking":false,"_monsterinsights_sitenote_active":false,"_monsterinsights_sitenote_note":"","_monsterinsights_sitenote_category":0,"_genesis_hide_title":false,"_genesis_hide_breadcrumbs":false,"_genesis_hide_singular_image":false,"_genesis_hide_footer_widgets":false,"_genesis_custom_body_class":"","_genesis_custom_post_class":"","_genesis_layout":"","footnotes":""},"categories":[346,4082,4084],"tags":[2634,6480,3054,4598,4347],"class_list":{"0":"post-111848","1":"post","2":"type-post","3":"status-publish","4":"format-standard","5":"has-post-thumbnail","7":"category-eu-news","8":"category-research-innovation","9":"category-technology","10":"tag-2050-en","11":"tag-digital-transition","12":"tag-ecological-transition","13":"tag-green-and-digital-transformation","14":"tag-transition","15":"entry"},"acf":[],"yoast_head":"<!-- This site is optimized with the Yoast SEO plugin v27.5 - https:\/\/yoast.com\/product\/yoast-seo-wordpress\/ -->\n<title>2022 Strategic Foresight Report: twinning the green and digital transitions in the new geopolitical context | CDE Almer\u00eda - Centro de Documentaci\u00f3n Europea - Universidad de Almer\u00eda<\/title>\n<meta name=\"robots\" content=\"index, follow, max-snippet:-1, max-image-preview:large, max-video-preview:-1\" \/>\n<link rel=\"canonical\" href=\"https:\/\/www.cde.ual.es\/informe-sobre-prospectiva-estrategica-de-2022-hermanamiento-de-las-transiciones-digital-y-ecologica-en-el-nuevo-contexto-geopolitico\/\" \/>\n<meta property=\"og:locale\" content=\"en_US\" \/>\n<meta property=\"og:type\" content=\"article\" \/>\n<meta property=\"og:title\" content=\"2022 Strategic Foresight Report: twinning the green and digital transitions in the new geopolitical context | CDE Almer\u00eda - Centro de Documentaci\u00f3n Europea - Universidad de Almer\u00eda\" \/>\n<meta property=\"og:description\" content=\"The Commission has today adopted the\u00a02022 Strategic Foresight Report \u2013 \u201cTwinning the green and digital transitions in the new geopolitical context\u201d.\u00a0As we prepare to accelerate both transitions, the report identifies ten key areas of action with the objective of maximising synergies and consistency between our climate and digital ambitions. By doing so, the EU will [&hellip;]\" \/>\n<meta property=\"og:url\" content=\"https:\/\/www.cde.ual.es\/informe-sobre-prospectiva-estrategica-de-2022-hermanamiento-de-las-transiciones-digital-y-ecologica-en-el-nuevo-contexto-geopolitico\/\" \/>\n<meta property=\"og:site_name\" content=\"CDE Almer\u00eda - Centro de Documentaci\u00f3n Europea - Universidad de Almer\u00eda\" \/>\n<meta property=\"article:publisher\" content=\"https:\/\/www.facebook.com\/cdeuniversidadalmeria\/\" \/>\n<meta property=\"article:published_time\" content=\"2022-07-01T01:00:48+00:00\" \/>\n<meta property=\"og:image\" content=\"https:\/\/www.cde.ual.es\/wp-content\/uploads\/2022\/06\/windmill-5591464_1920.jpg\" \/>\n\t<meta property=\"og:image:width\" content=\"1920\" \/>\n\t<meta property=\"og:image:height\" content=\"1344\" \/>\n\t<meta property=\"og:image:type\" content=\"image\/jpeg\" \/>\n<meta name=\"author\" content=\"BECA 2 CDE\" \/>\n<meta name=\"twitter:card\" content=\"summary_large_image\" \/>\n<meta name=\"twitter:creator\" content=\"@cdeualmeria\" \/>\n<meta name=\"twitter:site\" content=\"@cdeualmeria\" \/>\n<meta name=\"twitter:label1\" content=\"Written by\" \/>\n\t<meta name=\"twitter:data1\" content=\"BECA 2 CDE\" \/>\n\t<meta name=\"twitter:label2\" content=\"Est. reading time\" \/>\n\t<meta name=\"twitter:data2\" content=\"3 minutes\" \/>\n<script type=\"application\/ld+json\" class=\"yoast-schema-graph\">{\"@context\":\"https:\\\/\\\/schema.org\",\"@graph\":[{\"@type\":\"Article\",\"@id\":\"https:\\\/\\\/www.cde.ual.es\\\/informe-sobre-prospectiva-estrategica-de-2022-hermanamiento-de-las-transiciones-digital-y-ecologica-en-el-nuevo-contexto-geopolitico\\\/#article\",\"isPartOf\":{\"@id\":\"https:\\\/\\\/www.cde.ual.es\\\/informe-sobre-prospectiva-estrategica-de-2022-hermanamiento-de-las-transiciones-digital-y-ecologica-en-el-nuevo-contexto-geopolitico\\\/\"},\"author\":{\"name\":\"BECA 2 CDE\",\"@id\":\"https:\\\/\\\/www.cde.ual.es\\\/#\\\/schema\\\/person\\\/ee46ebc19edfa19598c02cff83335acc\"},\"headline\":\"2022 Strategic Foresight Report: twinning the green and digital transitions in the new geopolitical context\",\"datePublished\":\"2022-07-01T01:00:48+00:00\",\"mainEntityOfPage\":{\"@id\":\"https:\\\/\\\/www.cde.ual.es\\\/informe-sobre-prospectiva-estrategica-de-2022-hermanamiento-de-las-transiciones-digital-y-ecologica-en-el-nuevo-contexto-geopolitico\\\/\"},\"wordCount\":604,\"commentCount\":0,\"publisher\":{\"@id\":\"https:\\\/\\\/www.cde.ual.es\\\/#organization\"},\"image\":{\"@id\":\"https:\\\/\\\/www.cde.ual.es\\\/informe-sobre-prospectiva-estrategica-de-2022-hermanamiento-de-las-transiciones-digital-y-ecologica-en-el-nuevo-contexto-geopolitico\\\/#primaryimage\"},\"thumbnailUrl\":\"https:\\\/\\\/www.cde.ual.es\\\/wp-content\\\/uploads\\\/2022\\\/06\\\/windmill-5591464_1920.jpg\",\"keywords\":[\"2050\",\"digital transition\",\"ecological transition\",\"Green and digital transformation\",\"transition\"],\"articleSection\":[\"EU News\",\"Research and Innovation\",\"Technology\"],\"inLanguage\":\"en-US\",\"potentialAction\":[{\"@type\":\"CommentAction\",\"name\":\"Comment\",\"target\":[\"https:\\\/\\\/www.cde.ual.es\\\/informe-sobre-prospectiva-estrategica-de-2022-hermanamiento-de-las-transiciones-digital-y-ecologica-en-el-nuevo-contexto-geopolitico\\\/#respond\"]}]},{\"@type\":\"WebPage\",\"@id\":\"https:\\\/\\\/www.cde.ual.es\\\/informe-sobre-prospectiva-estrategica-de-2022-hermanamiento-de-las-transiciones-digital-y-ecologica-en-el-nuevo-contexto-geopolitico\\\/\",\"url\":\"https:\\\/\\\/www.cde.ual.es\\\/informe-sobre-prospectiva-estrategica-de-2022-hermanamiento-de-las-transiciones-digital-y-ecologica-en-el-nuevo-contexto-geopolitico\\\/\",\"name\":\"2022 Strategic Foresight Report: twinning the green and digital transitions in the new geopolitical context | CDE Almer\u00eda - Centro de Documentaci\u00f3n Europea - Universidad de Almer\u00eda\",\"isPartOf\":{\"@id\":\"https:\\\/\\\/www.cde.ual.es\\\/#website\"},\"primaryImageOfPage\":{\"@id\":\"https:\\\/\\\/www.cde.ual.es\\\/informe-sobre-prospectiva-estrategica-de-2022-hermanamiento-de-las-transiciones-digital-y-ecologica-en-el-nuevo-contexto-geopolitico\\\/#primaryimage\"},\"image\":{\"@id\":\"https:\\\/\\\/www.cde.ual.es\\\/informe-sobre-prospectiva-estrategica-de-2022-hermanamiento-de-las-transiciones-digital-y-ecologica-en-el-nuevo-contexto-geopolitico\\\/#primaryimage\"},\"thumbnailUrl\":\"https:\\\/\\\/www.cde.ual.es\\\/wp-content\\\/uploads\\\/2022\\\/06\\\/windmill-5591464_1920.jpg\",\"datePublished\":\"2022-07-01T01:00:48+00:00\",\"breadcrumb\":{\"@id\":\"https:\\\/\\\/www.cde.ual.es\\\/informe-sobre-prospectiva-estrategica-de-2022-hermanamiento-de-las-transiciones-digital-y-ecologica-en-el-nuevo-contexto-geopolitico\\\/#breadcrumb\"},\"inLanguage\":\"en-US\",\"potentialAction\":[{\"@type\":\"ReadAction\",\"target\":[\"https:\\\/\\\/www.cde.ual.es\\\/informe-sobre-prospectiva-estrategica-de-2022-hermanamiento-de-las-transiciones-digital-y-ecologica-en-el-nuevo-contexto-geopolitico\\\/\"]}]},{\"@type\":\"ImageObject\",\"inLanguage\":\"en-US\",\"@id\":\"https:\\\/\\\/www.cde.ual.es\\\/informe-sobre-prospectiva-estrategica-de-2022-hermanamiento-de-las-transiciones-digital-y-ecologica-en-el-nuevo-contexto-geopolitico\\\/#primaryimage\",\"url\":\"https:\\\/\\\/www.cde.ual.es\\\/wp-content\\\/uploads\\\/2022\\\/06\\\/windmill-5591464_1920.jpg\",\"contentUrl\":\"https:\\\/\\\/www.cde.ual.es\\\/wp-content\\\/uploads\\\/2022\\\/06\\\/windmill-5591464_1920.jpg\",\"width\":1920,\"height\":1344},{\"@type\":\"BreadcrumbList\",\"@id\":\"https:\\\/\\\/www.cde.ual.es\\\/informe-sobre-prospectiva-estrategica-de-2022-hermanamiento-de-las-transiciones-digital-y-ecologica-en-el-nuevo-contexto-geopolitico\\\/#breadcrumb\",\"itemListElement\":[{\"@type\":\"ListItem\",\"position\":1,\"name\":\"Inicio\",\"item\":\"https:\\\/\\\/www.cde.ual.es\\\/en\\\/\"},{\"@type\":\"ListItem\",\"position\":2,\"name\":\"Noticias UE\",\"item\":\"https:\\\/\\\/www.cde.ual.es\\\/category\\\/noticias-ue\\\/\"},{\"@type\":\"ListItem\",\"position\":3,\"name\":\"Investigaci\u00f3n e Innovaci\u00f3n\",\"item\":\"https:\\\/\\\/www.cde.ual.es\\\/category\\\/noticias-ue\\\/investigacion-innovacion\\\/\"},{\"@type\":\"ListItem\",\"position\":4,\"name\":\"Technology\",\"item\":\"https:\\\/\\\/www.cde.ual.es\\\/en\\\/category\\\/eu-news\\\/research-innovation\\\/technology\\\/\"},{\"@type\":\"ListItem\",\"position\":5,\"name\":\"2022 Strategic Foresight Report: twinning the green and digital transitions in the new geopolitical context\"}]},{\"@type\":\"WebSite\",\"@id\":\"https:\\\/\\\/www.cde.ual.es\\\/#website\",\"url\":\"https:\\\/\\\/www.cde.ual.es\\\/\",\"name\":\"CDE Almer\u00eda - Centro de Documentaci\u00f3n Europea - Universidad de Almer\u00eda\",\"description\":\"Centro de Documentaci\u00f3n Europea de la Universidad de Almer\u00eda\",\"publisher\":{\"@id\":\"https:\\\/\\\/www.cde.ual.es\\\/#organization\"},\"alternateName\":\"CDE Almer\u00eda\",\"potentialAction\":[{\"@type\":\"SearchAction\",\"target\":{\"@type\":\"EntryPoint\",\"urlTemplate\":\"https:\\\/\\\/www.cde.ual.es\\\/?s={search_term_string}\"},\"query-input\":{\"@type\":\"PropertyValueSpecification\",\"valueRequired\":true,\"valueName\":\"search_term_string\"}}],\"inLanguage\":\"en-US\"},{\"@type\":\"Organization\",\"@id\":\"https:\\\/\\\/www.cde.ual.es\\\/#organization\",\"name\":\"Centro de Documentaci\u00f3n Europea de Almer\u00eda\",\"url\":\"https:\\\/\\\/www.cde.ual.es\\\/\",\"logo\":{\"@type\":\"ImageObject\",\"inLanguage\":\"en-US\",\"@id\":\"https:\\\/\\\/www.cde.ual.es\\\/#\\\/schema\\\/logo\\\/image\\\/\",\"url\":\"https:\\\/\\\/www.cde.ual.es\\\/wp-content\\\/uploads\\\/2025\\\/07\\\/cde-logo-3.png\",\"contentUrl\":\"https:\\\/\\\/www.cde.ual.es\\\/wp-content\\\/uploads\\\/2025\\\/07\\\/cde-logo-3.png\",\"width\":1400,\"height\":300,\"caption\":\"Centro de Documentaci\u00f3n Europea de Almer\u00eda\"},\"image\":{\"@id\":\"https:\\\/\\\/www.cde.ual.es\\\/#\\\/schema\\\/logo\\\/image\\\/\"},\"sameAs\":[\"https:\\\/\\\/www.facebook.com\\\/cdeuniversidadalmeria\\\/\",\"https:\\\/\\\/x.com\\\/cdeualmeria\",\"https:\\\/\\\/www.tiktok.com\\\/@cdealmeria\",\"https:\\\/\\\/www.instagram.com\\\/cdealmeria\\\/\",\"https:\\\/\\\/www.linkedin.com\\\/in\\\/cde-almera-812b26a9\\\/\"]},{\"@type\":\"Person\",\"@id\":\"https:\\\/\\\/www.cde.ual.es\\\/#\\\/schema\\\/person\\\/ee46ebc19edfa19598c02cff83335acc\",\"name\":\"BECA 2 CDE\",\"image\":{\"@type\":\"ImageObject\",\"inLanguage\":\"en-US\",\"@id\":\"https:\\\/\\\/secure.gravatar.com\\\/avatar\\\/35a481bbc04bbd90e91bdfa3b0b5541036c222a49b9ad37b6889a2afcb5311a5?s=96&d=mm&r=g\",\"url\":\"https:\\\/\\\/secure.gravatar.com\\\/avatar\\\/35a481bbc04bbd90e91bdfa3b0b5541036c222a49b9ad37b6889a2afcb5311a5?s=96&d=mm&r=g\",\"contentUrl\":\"https:\\\/\\\/secure.gravatar.com\\\/avatar\\\/35a481bbc04bbd90e91bdfa3b0b5541036c222a49b9ad37b6889a2afcb5311a5?s=96&d=mm&r=g\",\"caption\":\"BECA 2 CDE\"},\"sameAs\":[\"http:\\\/\\\/www.cdealmeria.com\"]}]}<\/script>\n<!-- \/ Yoast SEO plugin. -->","yoast_head_json":{"title":"2022 Strategic Foresight Report: twinning the green and digital transitions in the new geopolitical context | CDE Almer\u00eda - Centro de Documentaci\u00f3n Europea - Universidad de Almer\u00eda","robots":{"index":"index","follow":"follow","max-snippet":"max-snippet:-1","max-image-preview":"max-image-preview:large","max-video-preview":"max-video-preview:-1"},"canonical":"https:\/\/www.cde.ual.es\/informe-sobre-prospectiva-estrategica-de-2022-hermanamiento-de-las-transiciones-digital-y-ecologica-en-el-nuevo-contexto-geopolitico\/","og_locale":"en_US","og_type":"article","og_title":"2022 Strategic Foresight Report: twinning the green and digital transitions in the new geopolitical context | CDE Almer\u00eda - Centro de Documentaci\u00f3n Europea - Universidad de Almer\u00eda","og_description":"The Commission has today adopted the\u00a02022 Strategic Foresight Report \u2013 \u201cTwinning the green and digital transitions in the new geopolitical context\u201d.\u00a0As we prepare to accelerate both transitions, the report identifies ten key areas of action with the objective of maximising synergies and consistency between our climate and digital ambitions. By doing so, the EU will [&hellip;]","og_url":"https:\/\/www.cde.ual.es\/informe-sobre-prospectiva-estrategica-de-2022-hermanamiento-de-las-transiciones-digital-y-ecologica-en-el-nuevo-contexto-geopolitico\/","og_site_name":"CDE Almer\u00eda - Centro de Documentaci\u00f3n Europea - Universidad de Almer\u00eda","article_publisher":"https:\/\/www.facebook.com\/cdeuniversidadalmeria\/","article_published_time":"2022-07-01T01:00:48+00:00","og_image":[{"width":1920,"height":1344,"url":"https:\/\/www.cde.ual.es\/wp-content\/uploads\/2022\/06\/windmill-5591464_1920.jpg","type":"image\/jpeg"}],"author":"BECA 2 CDE","twitter_card":"summary_large_image","twitter_creator":"@cdeualmeria","twitter_site":"@cdeualmeria","twitter_misc":{"Written by":"BECA 2 CDE","Est. reading time":"3 minutes"},"schema":{"@context":"https:\/\/schema.org","@graph":[{"@type":"Article","@id":"https:\/\/www.cde.ual.es\/informe-sobre-prospectiva-estrategica-de-2022-hermanamiento-de-las-transiciones-digital-y-ecologica-en-el-nuevo-contexto-geopolitico\/#article","isPartOf":{"@id":"https:\/\/www.cde.ual.es\/informe-sobre-prospectiva-estrategica-de-2022-hermanamiento-de-las-transiciones-digital-y-ecologica-en-el-nuevo-contexto-geopolitico\/"},"author":{"name":"BECA 2 CDE","@id":"https:\/\/www.cde.ual.es\/#\/schema\/person\/ee46ebc19edfa19598c02cff83335acc"},"headline":"2022 Strategic Foresight Report: twinning the green and digital transitions in the new geopolitical context","datePublished":"2022-07-01T01:00:48+00:00","mainEntityOfPage":{"@id":"https:\/\/www.cde.ual.es\/informe-sobre-prospectiva-estrategica-de-2022-hermanamiento-de-las-transiciones-digital-y-ecologica-en-el-nuevo-contexto-geopolitico\/"},"wordCount":604,"commentCount":0,"publisher":{"@id":"https:\/\/www.cde.ual.es\/#organization"},"image":{"@id":"https:\/\/www.cde.ual.es\/informe-sobre-prospectiva-estrategica-de-2022-hermanamiento-de-las-transiciones-digital-y-ecologica-en-el-nuevo-contexto-geopolitico\/#primaryimage"},"thumbnailUrl":"https:\/\/www.cde.ual.es\/wp-content\/uploads\/2022\/06\/windmill-5591464_1920.jpg","keywords":["2050","digital transition","ecological transition","Green and digital transformation","transition"],"articleSection":["EU News","Research and Innovation","Technology"],"inLanguage":"en-US","potentialAction":[{"@type":"CommentAction","name":"Comment","target":["https:\/\/www.cde.ual.es\/informe-sobre-prospectiva-estrategica-de-2022-hermanamiento-de-las-transiciones-digital-y-ecologica-en-el-nuevo-contexto-geopolitico\/#respond"]}]},{"@type":"WebPage","@id":"https:\/\/www.cde.ual.es\/informe-sobre-prospectiva-estrategica-de-2022-hermanamiento-de-las-transiciones-digital-y-ecologica-en-el-nuevo-contexto-geopolitico\/","url":"https:\/\/www.cde.ual.es\/informe-sobre-prospectiva-estrategica-de-2022-hermanamiento-de-las-transiciones-digital-y-ecologica-en-el-nuevo-contexto-geopolitico\/","name":"2022 Strategic Foresight Report: twinning the green and digital transitions in the new geopolitical context | CDE Almer\u00eda - Centro de Documentaci\u00f3n Europea - Universidad de Almer\u00eda","isPartOf":{"@id":"https:\/\/www.cde.ual.es\/#website"},"primaryImageOfPage":{"@id":"https:\/\/www.cde.ual.es\/informe-sobre-prospectiva-estrategica-de-2022-hermanamiento-de-las-transiciones-digital-y-ecologica-en-el-nuevo-contexto-geopolitico\/#primaryimage"},"image":{"@id":"https:\/\/www.cde.ual.es\/informe-sobre-prospectiva-estrategica-de-2022-hermanamiento-de-las-transiciones-digital-y-ecologica-en-el-nuevo-contexto-geopolitico\/#primaryimage"},"thumbnailUrl":"https:\/\/www.cde.ual.es\/wp-content\/uploads\/2022\/06\/windmill-5591464_1920.jpg","datePublished":"2022-07-01T01:00:48+00:00","breadcrumb":{"@id":"https:\/\/www.cde.ual.es\/informe-sobre-prospectiva-estrategica-de-2022-hermanamiento-de-las-transiciones-digital-y-ecologica-en-el-nuevo-contexto-geopolitico\/#breadcrumb"},"inLanguage":"en-US","potentialAction":[{"@type":"ReadAction","target":["https:\/\/www.cde.ual.es\/informe-sobre-prospectiva-estrategica-de-2022-hermanamiento-de-las-transiciones-digital-y-ecologica-en-el-nuevo-contexto-geopolitico\/"]}]},{"@type":"ImageObject","inLanguage":"en-US","@id":"https:\/\/www.cde.ual.es\/informe-sobre-prospectiva-estrategica-de-2022-hermanamiento-de-las-transiciones-digital-y-ecologica-en-el-nuevo-contexto-geopolitico\/#primaryimage","url":"https:\/\/www.cde.ual.es\/wp-content\/uploads\/2022\/06\/windmill-5591464_1920.jpg","contentUrl":"https:\/\/www.cde.ual.es\/wp-content\/uploads\/2022\/06\/windmill-5591464_1920.jpg","width":1920,"height":1344},{"@type":"BreadcrumbList","@id":"https:\/\/www.cde.ual.es\/informe-sobre-prospectiva-estrategica-de-2022-hermanamiento-de-las-transiciones-digital-y-ecologica-en-el-nuevo-contexto-geopolitico\/#breadcrumb","itemListElement":[{"@type":"ListItem","position":1,"name":"Inicio","item":"https:\/\/www.cde.ual.es\/en\/"},{"@type":"ListItem","position":2,"name":"Noticias UE","item":"https:\/\/www.cde.ual.es\/category\/noticias-ue\/"},{"@type":"ListItem","position":3,"name":"Investigaci\u00f3n e Innovaci\u00f3n","item":"https:\/\/www.cde.ual.es\/category\/noticias-ue\/investigacion-innovacion\/"},{"@type":"ListItem","position":4,"name":"Technology","item":"https:\/\/www.cde.ual.es\/en\/category\/eu-news\/research-innovation\/technology\/"},{"@type":"ListItem","position":5,"name":"2022 Strategic Foresight Report: twinning the green and digital transitions in the new geopolitical context"}]},{"@type":"WebSite","@id":"https:\/\/www.cde.ual.es\/#website","url":"https:\/\/www.cde.ual.es\/","name":"CDE Almer\u00eda - Centro de Documentaci\u00f3n Europea - Universidad de Almer\u00eda","description":"Centro de Documentaci\u00f3n Europea de la Universidad de Almer\u00eda","publisher":{"@id":"https:\/\/www.cde.ual.es\/#organization"},"alternateName":"CDE Almer\u00eda","potentialAction":[{"@type":"SearchAction","target":{"@type":"EntryPoint","urlTemplate":"https:\/\/www.cde.ual.es\/?s={search_term_string}"},"query-input":{"@type":"PropertyValueSpecification","valueRequired":true,"valueName":"search_term_string"}}],"inLanguage":"en-US"},{"@type":"Organization","@id":"https:\/\/www.cde.ual.es\/#organization","name":"Centro de Documentaci\u00f3n Europea de Almer\u00eda","url":"https:\/\/www.cde.ual.es\/","logo":{"@type":"ImageObject","inLanguage":"en-US","@id":"https:\/\/www.cde.ual.es\/#\/schema\/logo\/image\/","url":"https:\/\/www.cde.ual.es\/wp-content\/uploads\/2025\/07\/cde-logo-3.png","contentUrl":"https:\/\/www.cde.ual.es\/wp-content\/uploads\/2025\/07\/cde-logo-3.png","width":1400,"height":300,"caption":"Centro de Documentaci\u00f3n Europea de Almer\u00eda"},"image":{"@id":"https:\/\/www.cde.ual.es\/#\/schema\/logo\/image\/"},"sameAs":["https:\/\/www.facebook.com\/cdeuniversidadalmeria\/","https:\/\/x.com\/cdeualmeria","https:\/\/www.tiktok.com\/@cdealmeria","https:\/\/www.instagram.com\/cdealmeria\/","https:\/\/www.linkedin.com\/in\/cde-almera-812b26a9\/"]},{"@type":"Person","@id":"https:\/\/www.cde.ual.es\/#\/schema\/person\/ee46ebc19edfa19598c02cff83335acc","name":"BECA 2 CDE","image":{"@type":"ImageObject","inLanguage":"en-US","@id":"https:\/\/secure.gravatar.com\/avatar\/35a481bbc04bbd90e91bdfa3b0b5541036c222a49b9ad37b6889a2afcb5311a5?s=96&d=mm&r=g","url":"https:\/\/secure.gravatar.com\/avatar\/35a481bbc04bbd90e91bdfa3b0b5541036c222a49b9ad37b6889a2afcb5311a5?s=96&d=mm&r=g","contentUrl":"https:\/\/secure.gravatar.com\/avatar\/35a481bbc04bbd90e91bdfa3b0b5541036c222a49b9ad37b6889a2afcb5311a5?s=96&d=mm&r=g","caption":"BECA 2 CDE"},"sameAs":["http:\/\/www.cdealmeria.com"]}]}},"_links":{"self":[{"href":"https:\/\/www.cde.ual.es\/en\/wp-json\/wp\/v2\/posts\/111848","targetHints":{"allow":["GET"]}}],"collection":[{"href":"https:\/\/www.cde.ual.es\/en\/wp-json\/wp\/v2\/posts"}],"about":[{"href":"https:\/\/www.cde.ual.es\/en\/wp-json\/wp\/v2\/types\/post"}],"author":[{"embeddable":true,"href":"https:\/\/www.cde.ual.es\/en\/wp-json\/wp\/v2\/users\/101011"}],"replies":[{"embeddable":true,"href":"https:\/\/www.cde.ual.es\/en\/wp-json\/wp\/v2\/comments?post=111848"}],"version-history":[{"count":1,"href":"https:\/\/www.cde.ual.es\/en\/wp-json\/wp\/v2\/posts\/111848\/revisions"}],"predecessor-version":[{"id":111849,"href":"https:\/\/www.cde.ual.es\/en\/wp-json\/wp\/v2\/posts\/111848\/revisions\/111849"}],"wp:featuredmedia":[{"embeddable":true,"href":"https:\/\/www.cde.ual.es\/en\/wp-json\/wp\/v2\/media\/111846"}],"wp:attachment":[{"href":"https:\/\/www.cde.ual.es\/en\/wp-json\/wp\/v2\/media?parent=111848"}],"wp:term":[{"taxonomy":"category","embeddable":true,"href":"https:\/\/www.cde.ual.es\/en\/wp-json\/wp\/v2\/categories?post=111848"},{"taxonomy":"post_tag","embeddable":true,"href":"https:\/\/www.cde.ual.es\/en\/wp-json\/wp\/v2\/tags?post=111848"}],"curies":[{"name":"wp","href":"https:\/\/api.w.org\/{rel}","templated":true}]}}