{"id":111823,"date":"2022-06-30T11:30:58","date_gmt":"2022-06-30T09:30:58","guid":{"rendered":"https:\/\/www.cde.ual.es\/?p=111823"},"modified":"2022-06-30T11:32:58","modified_gmt":"2022-06-30T09:32:58","slug":"g7-summit-schloss-elmau-26-28-june-2022","status":"publish","type":"post","link":"https:\/\/www.cde.ual.es\/en\/g7-summit-schloss-elmau-26-28-june-2022\/","title":{"rendered":"G7 summit, Schloss Elmau, 26-28 June 2022"},"content":{"rendered":"<h2><a href=\"https:\/\/www.cde.ual.es\/wp-content\/uploads\/2022\/06\/9f52401c-fa83-41da-b864-8987c8d4b397.jpg\"><img decoding=\"async\" class=\" wp-image-111820 aligncenter\" src=\"https:\/\/www.cde.ual.es\/wp-content\/uploads\/2022\/06\/9f52401c-fa83-41da-b864-8987c8d4b397-1024x683.jpg\" alt=\"\" width=\"409\" height=\"272\" srcset=\"https:\/\/www.cde.ual.es\/wp-content\/uploads\/2022\/06\/9f52401c-fa83-41da-b864-8987c8d4b397-1024x683.jpg 1024w, https:\/\/www.cde.ual.es\/wp-content\/uploads\/2022\/06\/9f52401c-fa83-41da-b864-8987c8d4b397-300x200.jpg 300w, https:\/\/www.cde.ual.es\/wp-content\/uploads\/2022\/06\/9f52401c-fa83-41da-b864-8987c8d4b397-768x512.jpg 768w, https:\/\/www.cde.ual.es\/wp-content\/uploads\/2022\/06\/9f52401c-fa83-41da-b864-8987c8d4b397.jpg 1200w\" sizes=\"(max-width: 409px) 100vw, 409px\" \/><\/a><\/h2>\n<h2>Main results<\/h2>\n<p>Charles Michel, President of the European Council, and Ursula von der Leyen, President of the European Commission, represented the EU at this year\u2019s G7 summit hosted in Schloss Elmau, Bavaria, Germany.<\/p>\n<p>The G7 summit was an opportunity to send out a\u00a0<strong>powerful signal of unity<\/strong>\u00a0in these turbulent times.<\/p>\n<blockquote>\n<div class=\"quote_txt\">\n<p>The EU and the G7 share the same goals: bringing Russia\u2019s war machine to a halt, while protecting our economies and those of our partners.<\/p>\n<p><cite title=\"President of the European Council Charles Michel\">President of the European Council Charles Michel<\/cite><\/div>\n<\/blockquote>\n<p>During the three-day meeting, the G7 leaders discussed a wide range of topics including:<\/p>\n<ul>\n<li>Ukraine and cooperating on foreign policy<\/li>\n<li>addressing energy and food security<\/li>\n<li>investing in climate and health<\/li>\n<li>promoting partnerships for infrastructure and investment<\/li>\n<li>shaping the global economy<\/li>\n<li>advancing gender equality<\/li>\n<li>shaping international cooperation<\/li>\n<\/ul>\n<p>The German presidency also invited leaders from Argentina, India, Indonesia, Senegal and South Africa to take part in several working sessions during the summit.<\/p>\n<p>At the end of the summit, the leaders adopted a\u00a0<strong>communiqu\u00e9<\/strong>.<\/p>\n<h3>Ukraine<\/h3>\n<p>The G7 leaders re-emphasised their\u00a0<strong>condemnation of Russia\u2019s illegal and unjustifiable war of aggression against Ukraine.<\/strong><\/p>\n<blockquote>\n<div class=\"quote_txt\">\n<p>We will stand with Ukraine for as long as it takes, providing the needed financial, humanitarian, military, and diplomatic support in its courageous defence of its sovereignty and territorial integrity.<\/p>\n<p><cite title=\"G7 leaders' communiqu\u00e9\">G7 leaders&#8217; communiqu\u00e9<\/cite><\/div>\n<\/blockquote>\n<p>Financial support from the G7 in 2022 amounts\u00a0<strong>to more than EUR 2.6 billion in humanitarian aid.<\/strong><\/p>\n<p>G7 countries are ready to grant or have pledged and\u00a0<strong>provided EUR 28 billion in budget aid.<\/strong><\/p>\n<p>The G7 leaders are strongly committed to\u00a0<strong>supporting Ukrainian reconstruction<\/strong>\u00a0through an international reconstruction plan and conference.<\/p>\n<p>G7 countries will continue to impose severe and enduring sanctions on Russia to help bring an end to this war.<\/p>\n<h3><strong>Energy and food security<\/strong><\/h3>\n<p>Russia&#8217;s war on Ukraine is dramatically worsening energy security and access to food globally.<\/p>\n<p>The G7 leaders committed to\u00a0<strong>taking immediate action to secure the energy supply and reduce price surges<\/strong>.<\/p>\n<p>This includes exploring additional measures such as price caps.<\/p>\n<p>The G7 countries will also increase global food and nutrition security through<strong>\u00a0the Global Alliance on Food Security<\/strong>.<\/p>\n<table style=\"width: 99.9988%; border-collapse: collapse; border-style: double; border-color: #001f7d;\" cellpadding=\"0,5\">\n<tbody>\n<tr>\n<td style=\"width: 100%;\"><a href=\"https:\/\/www.cde.ual.es\/ficha\/la-respuesta-de-la-ue-a-la-crisis-alimentaria-mundial\/\" target=\"_blank\" rel=\"noopener\"><img decoding=\"async\" class=\"alignleft\" src=\"https:\/\/www.cde.ual.es\/wp-content\/uploads\/2022\/06\/info-crisis-282x300.png\" alt=\"\" width=\"130\" height=\"138\" \/><\/a><\/p>\n<h4 class=\"entry-title\"><a href=\"https:\/\/www.cde.ual.es\/ficha\/how-the-eu-is-helping-address-the-global-food-crisis\/\" target=\"_blank\" rel=\"noopener\">How the EU is helping address the global food crisis<\/a><\/h4>\n<\/td>\n<\/tr>\n<\/tbody>\n<\/table>\n<h3><strong>Economic issues<\/strong><\/h3>\n<p>The G7 leaders remain committed to\u00a0<strong>minimising the impact of the war<\/strong>\u00a0globally, as well as its impact on their own economies and population.<\/p>\n<p>G7 countries will help to stabilise and transform the global economy while<strong>\u00a0tackling rising costs of living for citizens.<\/strong><\/p>\n<h3><strong>Climate and the environment<\/strong><\/h3>\n<p>The G7 leaders endorsed the goals of\u00a0<strong>an open and cooperative international Climate Club<\/strong>.<\/p>\n<p>They will work with partners towards establishing it by the end of 2022.<\/p>\n<p>The objectives are to:<\/p>\n<ul>\n<li>drive urgent, ambitious and inclusive action to align with 1.5\u00b0C pathways<\/li>\n<li>accelerate implementation of the Paris Agreement<\/li>\n<\/ul>\n<p>The G7 leaders committed to:<\/p>\n<ul>\n<li>a highly decarbonised road sector by 2030<\/li>\n<li>a fully or predominantly decarbonised power sector by 2035<\/li>\n<li>prioritising the acceleration of the phase-out of domestic unabated coal power<\/li>\n<\/ul>\n<h3><strong>Investment in a better future<\/strong><\/h3>\n<p>The G7 leaders reviewed the progress of the G7 partnership for infrastructure and investment.<\/p>\n<p>Through the partnership, they aim to\u00a0<strong>mobilise USD 600 billion<\/strong>\u00a0over the next five years\u00a0<strong>to narrow the global investment gap<\/strong>.<\/p>\n<blockquote>\n<div class=\"quote_txt\">\n<p>The EU fully supports the G7 Partnership on Global Infrastructure and Investment. 46% of global development aid comes from the EU. Every year, almost EUR 70 billion go towards funding more peace, more prosperity, and more development.<\/p>\n<p><cite title=\"President of the European Council Charles Michel\">President of the European Council Charles Michel<\/cite><\/div>\n<\/blockquote>\n<p>The G7 leaders agreed to step up their cooperation globally. Building on their existing partnership with South Africa, they will work towards\u00a0<strong>new Just Energy Transition Partnerships<\/strong>\u00a0with:<\/p>\n<ul>\n<li>Indonesia<\/li>\n<li>India<\/li>\n<li>Senegal<\/li>\n<li>Vietnam<\/li>\n<\/ul>\n<h3>Health<\/h3>\n<p>On\u00a0<strong>COVID-19<\/strong>, the G7 leaders reaffirmed their commitment to equitable global access to and delivery of safe, effective and affordable:<\/p>\n<ul>\n<li>vaccines<\/li>\n<li>therapeutics<\/li>\n<li>diagnostics<\/li>\n<li>other essential medical goods<\/li>\n<\/ul>\n<blockquote>\n<div class=\"quote_txt\">\n<p>To overcome the current COVID-19 pandemic, we will build on our provision of over 1.175 billion vaccine doses in the last year.<\/p>\n<p><cite title=\"G7 leaders' communiqu\u00e9\">G7 leaders&#8217; communiqu\u00e9<\/cite><\/div>\n<\/blockquote>\n<p>Leaders also\u00a0<strong>endorsed the G7 pact for pandemic readiness<\/strong>.<\/p>\n<p>They committed to preventing, preparing for and responding to future pandemics and health challenges.<\/p>\n<table style=\"width: 99.9988%; border-collapse: collapse; border-style: double; border-color: #001f7d;\" cellpadding=\"0,5\">\n<tbody>\n<tr>\n<td style=\"width: 100%;\"><a href=\"https:\/\/www.cde.ual.es\/ficha\/covid-19-contribucion-de-la-ue-a-la-solidaridad-vacunal-internacional\/\" target=\"_blank\" rel=\"noopener\"><img decoding=\"async\" class=\"alignleft\" src=\"https:\/\/www.cde.ual.es\/wp-content\/uploads\/2022\/06\/COVID-19-contribucion-de-la-UE-a-la-solidaridad-vacunal-internacional.png\" alt=\"\" width=\"140\" height=\"143\" \/><\/a><\/p>\n<h4 class=\"entry-title\"><a href=\"https:\/\/www.cde.ual.es\/ficha\/covid-19-the-eus-contribution-to-global-vaccine-solidarity\/\" target=\"_blank\" rel=\"noopener\">COVID-19: the EU\u2019s contribution to global vaccine solidarity<\/a><\/h4>\n<\/td>\n<\/tr>\n<\/tbody>\n<\/table>\n<h3><strong>Democratic values<\/strong><\/h3>\n<p>The G7 leaders will also cooperate with civil society and partners to:<\/p>\n<ul>\n<li>strengthen the resilience of our societies<\/li>\n<li>promote human rights online and offline<\/li>\n<li>address disinformation<\/li>\n<li>achieve gender equality<\/li>\n<\/ul>\n<h3>EU objectives<\/h3>\n<p>Some of the key objectives for the EU during the summit were to:<\/p>\n<ul>\n<li>highlight\u00a0<strong>EU actions to support Ukraine<\/strong>\u00a0and sanction Russia<\/li>\n<li>provide information about Ukraine\u2019s membership application to the EU<\/li>\n<li><strong>stress Russia\u2019s responsibility<\/strong>\u00a0for soaring food and energy prices and rising inflation<\/li>\n<\/ul>\n<p>On<strong>\u00a0climate<\/strong>, the EU:<\/p>\n<ul>\n<li>highlighted the need\u00a0<strong>to raise the global climate ambition<\/strong><\/li>\n<li>welcomed the Climate Club initiative proposed by the G7 presidency<\/li>\n<li>supported the just energy transition partnerships<\/li>\n<\/ul>\n<p>The EU also:<\/p>\n<ul>\n<li>highlighted the\u00a0<strong>need to end the current pandemic<\/strong><\/li>\n<li>discussed the future pandemic instrument<\/li>\n<li>demonstrated the EU&#8217;s\u00a0<strong>fight for gender equality<\/strong><\/li>\n<li>confirmed the EU&#8217;s commitment to safeguarding freedom and the integrity of information in the digital sphere<\/li>\n<\/ul>\n<h3><strong>Bilaterals<\/strong><\/h3>\n<p>In the margins of the summit, President Michel held a series of bilaterals with world leaders: Argentina, India, Japan, Senegal and South Africa.<\/p>\n<h3>More information<\/h3>\n<p><a href=\"https:\/\/www.consilium.europa.eu\/en\/meetings\/international-summit\/2022\/06\/26-28\/\" target=\"_blank\" rel=\"noopener\">European Council &#8211; News<\/a><\/p>\n","protected":false},"excerpt":{"rendered":"<p>Main results Charles Michel, President of the European Council, and Ursula von der Leyen, President of the European Commission, represented the EU at this year\u2019s G7 summit hosted in Schloss Elmau, Bavaria, Germany. The G7 summit was an opportunity to send out a\u00a0powerful signal of unity\u00a0in these turbulent times. The EU and the G7 share [&hellip;]<\/p>\n","protected":false},"author":101011,"featured_media":111821,"comment_status":"open","ping_status":"open","sticky":false,"template":"","format":"standard","meta":{"_acf_changed":false,"_relevanssi_hide_post":"","_relevanssi_hide_content":"","_relevanssi_pin_for_all":"","_relevanssi_pin_keywords":"","_relevanssi_unpin_keywords":"","_relevanssi_related_keywords":"","_relevanssi_related_include_ids":"","_relevanssi_related_exclude_ids":"","_relevanssi_related_no_append":"","_relevanssi_related_not_related":"","_relevanssi_related_posts":"","_relevanssi_noindex_reason":"","_monsterinsights_skip_tracking":false,"_monsterinsights_sitenote_active":false,"_monsterinsights_sitenote_note":"","_monsterinsights_sitenote_category":0,"_genesis_hide_title":false,"_genesis_hide_breadcrumbs":false,"_genesis_hide_singular_image":false,"_genesis_hide_footer_widgets":false,"_genesis_custom_body_class":"","_genesis_custom_post_class":"","_genesis_layout":"","footnotes":""},"categories":[4075,346,4078],"tags":[726,1465,5005],"class_list":{"0":"post-111823","1":"post","2":"type-post","3":"status-publish","4":"format-standard","5":"has-post-thumbnail","7":"category-defence-security","8":"category-eu-news","9":"category-internat-safety-pol","10":"tag-european-council","11":"tag-pandemic","12":"tag-ukraine","13":"entry"},"acf":[],"yoast_head":"<!-- This site is optimized with the Yoast SEO plugin v27.5 - https:\/\/yoast.com\/product\/yoast-seo-wordpress\/ -->\n<title>G7 summit, Schloss Elmau, 26-28 June 2022 | CDE Almer\u00eda - Centro de Documentaci\u00f3n Europea - Universidad de Almer\u00eda<\/title>\n<meta name=\"robots\" content=\"index, follow, max-snippet:-1, max-image-preview:large, max-video-preview:-1\" \/>\n<link rel=\"canonical\" href=\"https:\/\/www.cde.ual.es\/en\/g7-summit-schloss-elmau-26-28-june-2022\/\" \/>\n<meta property=\"og:locale\" content=\"en_US\" \/>\n<meta property=\"og:type\" content=\"article\" \/>\n<meta property=\"og:title\" content=\"G7 summit, Schloss Elmau, 26-28 June 2022 | CDE Almer\u00eda - Centro de Documentaci\u00f3n Europea - Universidad de Almer\u00eda\" \/>\n<meta property=\"og:description\" content=\"Main results Charles Michel, President of the European Council, and Ursula von der Leyen, President of the European Commission, represented the EU at this year\u2019s G7 summit hosted in Schloss Elmau, Bavaria, Germany. The G7 summit was an opportunity to send out a\u00a0powerful signal of unity\u00a0in these turbulent times. The EU and the G7 share [&hellip;]\" \/>\n<meta property=\"og:url\" content=\"https:\/\/www.cde.ual.es\/en\/g7-summit-schloss-elmau-26-28-june-2022\/\" \/>\n<meta property=\"og:site_name\" content=\"CDE Almer\u00eda - Centro de Documentaci\u00f3n Europea - Universidad de Almer\u00eda\" \/>\n<meta property=\"article:publisher\" content=\"https:\/\/www.facebook.com\/cdeuniversidadalmeria\/\" \/>\n<meta property=\"article:published_time\" content=\"2022-06-30T09:30:58+00:00\" \/>\n<meta property=\"article:modified_time\" content=\"2022-06-30T09:32:58+00:00\" \/>\n<meta property=\"og:image\" content=\"https:\/\/www.cde.ual.es\/wp-content\/uploads\/2022\/06\/9f52401c-fa83-41da-b864-8987c8d4b397.jpg\" \/>\n\t<meta property=\"og:image:width\" content=\"1200\" \/>\n\t<meta property=\"og:image:height\" content=\"800\" \/>\n\t<meta property=\"og:image:type\" content=\"image\/jpeg\" \/>\n<meta name=\"author\" content=\"BECA 2 CDE\" \/>\n<meta name=\"twitter:card\" content=\"summary_large_image\" \/>\n<meta name=\"twitter:creator\" content=\"@cdeualmeria\" \/>\n<meta name=\"twitter:site\" content=\"@cdeualmeria\" \/>\n<meta name=\"twitter:label1\" content=\"Written by\" \/>\n\t<meta name=\"twitter:data1\" content=\"BECA 2 CDE\" \/>\n\t<meta name=\"twitter:label2\" content=\"Est. reading time\" \/>\n\t<meta name=\"twitter:data2\" content=\"5 minutes\" \/>\n<script type=\"application\/ld+json\" class=\"yoast-schema-graph\">{\"@context\":\"https:\\\/\\\/schema.org\",\"@graph\":[{\"@type\":\"Article\",\"@id\":\"https:\\\/\\\/www.cde.ual.es\\\/en\\\/g7-summit-schloss-elmau-26-28-june-2022\\\/#article\",\"isPartOf\":{\"@id\":\"https:\\\/\\\/www.cde.ual.es\\\/en\\\/g7-summit-schloss-elmau-26-28-june-2022\\\/\"},\"author\":{\"name\":\"BECA 2 CDE\",\"@id\":\"https:\\\/\\\/www.cde.ual.es\\\/#\\\/schema\\\/person\\\/ee46ebc19edfa19598c02cff83335acc\"},\"headline\":\"G7 summit, Schloss Elmau, 26-28 June 2022\",\"datePublished\":\"2022-06-30T09:30:58+00:00\",\"dateModified\":\"2022-06-30T09:32:58+00:00\",\"mainEntityOfPage\":{\"@id\":\"https:\\\/\\\/www.cde.ual.es\\\/en\\\/g7-summit-schloss-elmau-26-28-june-2022\\\/\"},\"wordCount\":865,\"commentCount\":0,\"publisher\":{\"@id\":\"https:\\\/\\\/www.cde.ual.es\\\/#organization\"},\"image\":{\"@id\":\"https:\\\/\\\/www.cde.ual.es\\\/en\\\/g7-summit-schloss-elmau-26-28-june-2022\\\/#primaryimage\"},\"thumbnailUrl\":\"https:\\\/\\\/www.cde.ual.es\\\/wp-content\\\/uploads\\\/2022\\\/06\\\/9f52401c-fa83-41da-b864-8987c8d4b397.jpg\",\"keywords\":[\"European Council\",\"pandemic\",\"ukraine\"],\"articleSection\":[\"Defence &amp; Security\",\"EU News\",\"International Safety and Defence Politics\"],\"inLanguage\":\"en-US\",\"potentialAction\":[{\"@type\":\"CommentAction\",\"name\":\"Comment\",\"target\":[\"https:\\\/\\\/www.cde.ual.es\\\/en\\\/g7-summit-schloss-elmau-26-28-june-2022\\\/#respond\"]}]},{\"@type\":\"WebPage\",\"@id\":\"https:\\\/\\\/www.cde.ual.es\\\/en\\\/g7-summit-schloss-elmau-26-28-june-2022\\\/\",\"url\":\"https:\\\/\\\/www.cde.ual.es\\\/en\\\/g7-summit-schloss-elmau-26-28-june-2022\\\/\",\"name\":\"G7 summit, Schloss Elmau, 26-28 June 2022 | CDE Almer\u00eda - Centro de Documentaci\u00f3n Europea - Universidad de Almer\u00eda\",\"isPartOf\":{\"@id\":\"https:\\\/\\\/www.cde.ual.es\\\/#website\"},\"primaryImageOfPage\":{\"@id\":\"https:\\\/\\\/www.cde.ual.es\\\/en\\\/g7-summit-schloss-elmau-26-28-june-2022\\\/#primaryimage\"},\"image\":{\"@id\":\"https:\\\/\\\/www.cde.ual.es\\\/en\\\/g7-summit-schloss-elmau-26-28-june-2022\\\/#primaryimage\"},\"thumbnailUrl\":\"https:\\\/\\\/www.cde.ual.es\\\/wp-content\\\/uploads\\\/2022\\\/06\\\/9f52401c-fa83-41da-b864-8987c8d4b397.jpg\",\"datePublished\":\"2022-06-30T09:30:58+00:00\",\"dateModified\":\"2022-06-30T09:32:58+00:00\",\"breadcrumb\":{\"@id\":\"https:\\\/\\\/www.cde.ual.es\\\/en\\\/g7-summit-schloss-elmau-26-28-june-2022\\\/#breadcrumb\"},\"inLanguage\":\"en-US\",\"potentialAction\":[{\"@type\":\"ReadAction\",\"target\":[\"https:\\\/\\\/www.cde.ual.es\\\/en\\\/g7-summit-schloss-elmau-26-28-june-2022\\\/\"]}]},{\"@type\":\"ImageObject\",\"inLanguage\":\"en-US\",\"@id\":\"https:\\\/\\\/www.cde.ual.es\\\/en\\\/g7-summit-schloss-elmau-26-28-june-2022\\\/#primaryimage\",\"url\":\"https:\\\/\\\/www.cde.ual.es\\\/wp-content\\\/uploads\\\/2022\\\/06\\\/9f52401c-fa83-41da-b864-8987c8d4b397.jpg\",\"contentUrl\":\"https:\\\/\\\/www.cde.ual.es\\\/wp-content\\\/uploads\\\/2022\\\/06\\\/9f52401c-fa83-41da-b864-8987c8d4b397.jpg\",\"width\":1200,\"height\":800},{\"@type\":\"BreadcrumbList\",\"@id\":\"https:\\\/\\\/www.cde.ual.es\\\/en\\\/g7-summit-schloss-elmau-26-28-june-2022\\\/#breadcrumb\",\"itemListElement\":[{\"@type\":\"ListItem\",\"position\":1,\"name\":\"Inicio\",\"item\":\"https:\\\/\\\/www.cde.ual.es\\\/en\\\/\"},{\"@type\":\"ListItem\",\"position\":2,\"name\":\"EU News\",\"item\":\"https:\\\/\\\/www.cde.ual.es\\\/en\\\/category\\\/eu-news\\\/\"},{\"@type\":\"ListItem\",\"position\":3,\"name\":\"Defence &amp; Security\",\"item\":\"https:\\\/\\\/www.cde.ual.es\\\/en\\\/category\\\/eu-news\\\/defence-security\\\/\"},{\"@type\":\"ListItem\",\"position\":4,\"name\":\"International Safety and Defence Politics\",\"item\":\"https:\\\/\\\/www.cde.ual.es\\\/en\\\/category\\\/eu-news\\\/defence-security\\\/internat-safety-pol\\\/\"},{\"@type\":\"ListItem\",\"position\":5,\"name\":\"G7 summit, Schloss Elmau, 26-28 June 2022\"}]},{\"@type\":\"WebSite\",\"@id\":\"https:\\\/\\\/www.cde.ual.es\\\/#website\",\"url\":\"https:\\\/\\\/www.cde.ual.es\\\/\",\"name\":\"CDE Almer\u00eda - Centro de Documentaci\u00f3n Europea - Universidad de Almer\u00eda\",\"description\":\"Centro de Documentaci\u00f3n Europea de la Universidad de Almer\u00eda\",\"publisher\":{\"@id\":\"https:\\\/\\\/www.cde.ual.es\\\/#organization\"},\"alternateName\":\"CDE Almer\u00eda\",\"potentialAction\":[{\"@type\":\"SearchAction\",\"target\":{\"@type\":\"EntryPoint\",\"urlTemplate\":\"https:\\\/\\\/www.cde.ual.es\\\/?s={search_term_string}\"},\"query-input\":{\"@type\":\"PropertyValueSpecification\",\"valueRequired\":true,\"valueName\":\"search_term_string\"}}],\"inLanguage\":\"en-US\"},{\"@type\":\"Organization\",\"@id\":\"https:\\\/\\\/www.cde.ual.es\\\/#organization\",\"name\":\"Centro de Documentaci\u00f3n Europea de Almer\u00eda\",\"url\":\"https:\\\/\\\/www.cde.ual.es\\\/\",\"logo\":{\"@type\":\"ImageObject\",\"inLanguage\":\"en-US\",\"@id\":\"https:\\\/\\\/www.cde.ual.es\\\/#\\\/schema\\\/logo\\\/image\\\/\",\"url\":\"https:\\\/\\\/www.cde.ual.es\\\/wp-content\\\/uploads\\\/2025\\\/07\\\/cde-logo-3.png\",\"contentUrl\":\"https:\\\/\\\/www.cde.ual.es\\\/wp-content\\\/uploads\\\/2025\\\/07\\\/cde-logo-3.png\",\"width\":1400,\"height\":300,\"caption\":\"Centro de Documentaci\u00f3n Europea de Almer\u00eda\"},\"image\":{\"@id\":\"https:\\\/\\\/www.cde.ual.es\\\/#\\\/schema\\\/logo\\\/image\\\/\"},\"sameAs\":[\"https:\\\/\\\/www.facebook.com\\\/cdeuniversidadalmeria\\\/\",\"https:\\\/\\\/x.com\\\/cdeualmeria\",\"https:\\\/\\\/www.tiktok.com\\\/@cdealmeria\",\"https:\\\/\\\/www.instagram.com\\\/cdealmeria\\\/\",\"https:\\\/\\\/www.linkedin.com\\\/in\\\/cde-almera-812b26a9\\\/\"]},{\"@type\":\"Person\",\"@id\":\"https:\\\/\\\/www.cde.ual.es\\\/#\\\/schema\\\/person\\\/ee46ebc19edfa19598c02cff83335acc\",\"name\":\"BECA 2 CDE\",\"image\":{\"@type\":\"ImageObject\",\"inLanguage\":\"en-US\",\"@id\":\"https:\\\/\\\/secure.gravatar.com\\\/avatar\\\/35a481bbc04bbd90e91bdfa3b0b5541036c222a49b9ad37b6889a2afcb5311a5?s=96&d=mm&r=g\",\"url\":\"https:\\\/\\\/secure.gravatar.com\\\/avatar\\\/35a481bbc04bbd90e91bdfa3b0b5541036c222a49b9ad37b6889a2afcb5311a5?s=96&d=mm&r=g\",\"contentUrl\":\"https:\\\/\\\/secure.gravatar.com\\\/avatar\\\/35a481bbc04bbd90e91bdfa3b0b5541036c222a49b9ad37b6889a2afcb5311a5?s=96&d=mm&r=g\",\"caption\":\"BECA 2 CDE\"},\"sameAs\":[\"http:\\\/\\\/www.cdealmeria.com\"]}]}<\/script>\n<!-- \/ Yoast SEO plugin. -->","yoast_head_json":{"title":"G7 summit, Schloss Elmau, 26-28 June 2022 | CDE Almer\u00eda - Centro de Documentaci\u00f3n Europea - Universidad de Almer\u00eda","robots":{"index":"index","follow":"follow","max-snippet":"max-snippet:-1","max-image-preview":"max-image-preview:large","max-video-preview":"max-video-preview:-1"},"canonical":"https:\/\/www.cde.ual.es\/en\/g7-summit-schloss-elmau-26-28-june-2022\/","og_locale":"en_US","og_type":"article","og_title":"G7 summit, Schloss Elmau, 26-28 June 2022 | CDE Almer\u00eda - Centro de Documentaci\u00f3n Europea - Universidad de Almer\u00eda","og_description":"Main results Charles Michel, President of the European Council, and Ursula von der Leyen, President of the European Commission, represented the EU at this year\u2019s G7 summit hosted in Schloss Elmau, Bavaria, Germany. The G7 summit was an opportunity to send out a\u00a0powerful signal of unity\u00a0in these turbulent times. The EU and the G7 share [&hellip;]","og_url":"https:\/\/www.cde.ual.es\/en\/g7-summit-schloss-elmau-26-28-june-2022\/","og_site_name":"CDE Almer\u00eda - Centro de Documentaci\u00f3n Europea - Universidad de Almer\u00eda","article_publisher":"https:\/\/www.facebook.com\/cdeuniversidadalmeria\/","article_published_time":"2022-06-30T09:30:58+00:00","article_modified_time":"2022-06-30T09:32:58+00:00","og_image":[{"width":1200,"height":800,"url":"https:\/\/www.cde.ual.es\/wp-content\/uploads\/2022\/06\/9f52401c-fa83-41da-b864-8987c8d4b397.jpg","type":"image\/jpeg"}],"author":"BECA 2 CDE","twitter_card":"summary_large_image","twitter_creator":"@cdeualmeria","twitter_site":"@cdeualmeria","twitter_misc":{"Written by":"BECA 2 CDE","Est. reading time":"5 minutes"},"schema":{"@context":"https:\/\/schema.org","@graph":[{"@type":"Article","@id":"https:\/\/www.cde.ual.es\/en\/g7-summit-schloss-elmau-26-28-june-2022\/#article","isPartOf":{"@id":"https:\/\/www.cde.ual.es\/en\/g7-summit-schloss-elmau-26-28-june-2022\/"},"author":{"name":"BECA 2 CDE","@id":"https:\/\/www.cde.ual.es\/#\/schema\/person\/ee46ebc19edfa19598c02cff83335acc"},"headline":"G7 summit, Schloss Elmau, 26-28 June 2022","datePublished":"2022-06-30T09:30:58+00:00","dateModified":"2022-06-30T09:32:58+00:00","mainEntityOfPage":{"@id":"https:\/\/www.cde.ual.es\/en\/g7-summit-schloss-elmau-26-28-june-2022\/"},"wordCount":865,"commentCount":0,"publisher":{"@id":"https:\/\/www.cde.ual.es\/#organization"},"image":{"@id":"https:\/\/www.cde.ual.es\/en\/g7-summit-schloss-elmau-26-28-june-2022\/#primaryimage"},"thumbnailUrl":"https:\/\/www.cde.ual.es\/wp-content\/uploads\/2022\/06\/9f52401c-fa83-41da-b864-8987c8d4b397.jpg","keywords":["European Council","pandemic","ukraine"],"articleSection":["Defence &amp; Security","EU News","International Safety and Defence Politics"],"inLanguage":"en-US","potentialAction":[{"@type":"CommentAction","name":"Comment","target":["https:\/\/www.cde.ual.es\/en\/g7-summit-schloss-elmau-26-28-june-2022\/#respond"]}]},{"@type":"WebPage","@id":"https:\/\/www.cde.ual.es\/en\/g7-summit-schloss-elmau-26-28-june-2022\/","url":"https:\/\/www.cde.ual.es\/en\/g7-summit-schloss-elmau-26-28-june-2022\/","name":"G7 summit, Schloss Elmau, 26-28 June 2022 | CDE Almer\u00eda - Centro de Documentaci\u00f3n Europea - Universidad de Almer\u00eda","isPartOf":{"@id":"https:\/\/www.cde.ual.es\/#website"},"primaryImageOfPage":{"@id":"https:\/\/www.cde.ual.es\/en\/g7-summit-schloss-elmau-26-28-june-2022\/#primaryimage"},"image":{"@id":"https:\/\/www.cde.ual.es\/en\/g7-summit-schloss-elmau-26-28-june-2022\/#primaryimage"},"thumbnailUrl":"https:\/\/www.cde.ual.es\/wp-content\/uploads\/2022\/06\/9f52401c-fa83-41da-b864-8987c8d4b397.jpg","datePublished":"2022-06-30T09:30:58+00:00","dateModified":"2022-06-30T09:32:58+00:00","breadcrumb":{"@id":"https:\/\/www.cde.ual.es\/en\/g7-summit-schloss-elmau-26-28-june-2022\/#breadcrumb"},"inLanguage":"en-US","potentialAction":[{"@type":"ReadAction","target":["https:\/\/www.cde.ual.es\/en\/g7-summit-schloss-elmau-26-28-june-2022\/"]}]},{"@type":"ImageObject","inLanguage":"en-US","@id":"https:\/\/www.cde.ual.es\/en\/g7-summit-schloss-elmau-26-28-june-2022\/#primaryimage","url":"https:\/\/www.cde.ual.es\/wp-content\/uploads\/2022\/06\/9f52401c-fa83-41da-b864-8987c8d4b397.jpg","contentUrl":"https:\/\/www.cde.ual.es\/wp-content\/uploads\/2022\/06\/9f52401c-fa83-41da-b864-8987c8d4b397.jpg","width":1200,"height":800},{"@type":"BreadcrumbList","@id":"https:\/\/www.cde.ual.es\/en\/g7-summit-schloss-elmau-26-28-june-2022\/#breadcrumb","itemListElement":[{"@type":"ListItem","position":1,"name":"Inicio","item":"https:\/\/www.cde.ual.es\/en\/"},{"@type":"ListItem","position":2,"name":"EU News","item":"https:\/\/www.cde.ual.es\/en\/category\/eu-news\/"},{"@type":"ListItem","position":3,"name":"Defence &amp; Security","item":"https:\/\/www.cde.ual.es\/en\/category\/eu-news\/defence-security\/"},{"@type":"ListItem","position":4,"name":"International Safety and Defence Politics","item":"https:\/\/www.cde.ual.es\/en\/category\/eu-news\/defence-security\/internat-safety-pol\/"},{"@type":"ListItem","position":5,"name":"G7 summit, Schloss Elmau, 26-28 June 2022"}]},{"@type":"WebSite","@id":"https:\/\/www.cde.ual.es\/#website","url":"https:\/\/www.cde.ual.es\/","name":"CDE Almer\u00eda - Centro de Documentaci\u00f3n Europea - Universidad de Almer\u00eda","description":"Centro de Documentaci\u00f3n Europea de la Universidad de Almer\u00eda","publisher":{"@id":"https:\/\/www.cde.ual.es\/#organization"},"alternateName":"CDE Almer\u00eda","potentialAction":[{"@type":"SearchAction","target":{"@type":"EntryPoint","urlTemplate":"https:\/\/www.cde.ual.es\/?s={search_term_string}"},"query-input":{"@type":"PropertyValueSpecification","valueRequired":true,"valueName":"search_term_string"}}],"inLanguage":"en-US"},{"@type":"Organization","@id":"https:\/\/www.cde.ual.es\/#organization","name":"Centro de Documentaci\u00f3n Europea de Almer\u00eda","url":"https:\/\/www.cde.ual.es\/","logo":{"@type":"ImageObject","inLanguage":"en-US","@id":"https:\/\/www.cde.ual.es\/#\/schema\/logo\/image\/","url":"https:\/\/www.cde.ual.es\/wp-content\/uploads\/2025\/07\/cde-logo-3.png","contentUrl":"https:\/\/www.cde.ual.es\/wp-content\/uploads\/2025\/07\/cde-logo-3.png","width":1400,"height":300,"caption":"Centro de Documentaci\u00f3n Europea de Almer\u00eda"},"image":{"@id":"https:\/\/www.cde.ual.es\/#\/schema\/logo\/image\/"},"sameAs":["https:\/\/www.facebook.com\/cdeuniversidadalmeria\/","https:\/\/x.com\/cdeualmeria","https:\/\/www.tiktok.com\/@cdealmeria","https:\/\/www.instagram.com\/cdealmeria\/","https:\/\/www.linkedin.com\/in\/cde-almera-812b26a9\/"]},{"@type":"Person","@id":"https:\/\/www.cde.ual.es\/#\/schema\/person\/ee46ebc19edfa19598c02cff83335acc","name":"BECA 2 CDE","image":{"@type":"ImageObject","inLanguage":"en-US","@id":"https:\/\/secure.gravatar.com\/avatar\/35a481bbc04bbd90e91bdfa3b0b5541036c222a49b9ad37b6889a2afcb5311a5?s=96&d=mm&r=g","url":"https:\/\/secure.gravatar.com\/avatar\/35a481bbc04bbd90e91bdfa3b0b5541036c222a49b9ad37b6889a2afcb5311a5?s=96&d=mm&r=g","contentUrl":"https:\/\/secure.gravatar.com\/avatar\/35a481bbc04bbd90e91bdfa3b0b5541036c222a49b9ad37b6889a2afcb5311a5?s=96&d=mm&r=g","caption":"BECA 2 CDE"},"sameAs":["http:\/\/www.cdealmeria.com"]}]}},"_links":{"self":[{"href":"https:\/\/www.cde.ual.es\/en\/wp-json\/wp\/v2\/posts\/111823","targetHints":{"allow":["GET"]}}],"collection":[{"href":"https:\/\/www.cde.ual.es\/en\/wp-json\/wp\/v2\/posts"}],"about":[{"href":"https:\/\/www.cde.ual.es\/en\/wp-json\/wp\/v2\/types\/post"}],"author":[{"embeddable":true,"href":"https:\/\/www.cde.ual.es\/en\/wp-json\/wp\/v2\/users\/101011"}],"replies":[{"embeddable":true,"href":"https:\/\/www.cde.ual.es\/en\/wp-json\/wp\/v2\/comments?post=111823"}],"version-history":[{"count":1,"href":"https:\/\/www.cde.ual.es\/en\/wp-json\/wp\/v2\/posts\/111823\/revisions"}],"predecessor-version":[{"id":111826,"href":"https:\/\/www.cde.ual.es\/en\/wp-json\/wp\/v2\/posts\/111823\/revisions\/111826"}],"wp:featuredmedia":[{"embeddable":true,"href":"https:\/\/www.cde.ual.es\/en\/wp-json\/wp\/v2\/media\/111821"}],"wp:attachment":[{"href":"https:\/\/www.cde.ual.es\/en\/wp-json\/wp\/v2\/media?parent=111823"}],"wp:term":[{"taxonomy":"category","embeddable":true,"href":"https:\/\/www.cde.ual.es\/en\/wp-json\/wp\/v2\/categories?post=111823"},{"taxonomy":"post_tag","embeddable":true,"href":"https:\/\/www.cde.ual.es\/en\/wp-json\/wp\/v2\/tags?post=111823"}],"curies":[{"name":"wp","href":"https:\/\/api.w.org\/{rel}","templated":true}]}}