{"id":11158,"date":"2019-01-08T12:38:22","date_gmt":"2019-01-08T11:38:22","guid":{"rendered":"http:\/\/www.cde.ual.es\/?p=11158"},"modified":"2019-01-08T12:38:24","modified_gmt":"2019-01-08T11:38:24","slug":"seis-avances-en-el-sector-digital-de-la-ue-en-2018-adios-al-bloqueo-geografico","status":"publish","type":"post","link":"https:\/\/www.cde.ual.es\/en\/seis-avances-en-el-sector-digital-de-la-ue-en-2018-adios-al-bloqueo-geografico\/","title":{"rendered":"Seis avances en el sector digital de la UE en 2018 : Adi\u00f3s al bloqueo geogr\u00e1fico"},"content":{"rendered":"\n<p>T\u00edtulo:\u00a0Seis avances en el sector digital de la UE en 2018 : Adi\u00f3s al bloqueo geogr\u00e1fico<\/p>\n\n\n\n<p>Autor: Parlamento de la Uni\u00f3n Europea<\/p>\n\n\n\n<p>Duraci\u00f3n: 01:30<\/p>\n\n\n\n<p>Resumen:\u00a0 <br>El 3 de diciembre de 2018 se hizo efectiva la <a rel=\"noreferrer noopener\" href=\"https:\/\/eur-lex.europa.eu\/legal-content\/ES\/TXT\/HTML\/?uri=CELEX:32018R0302&amp;from=EN\" target=\"_blank\">normativa<\/a> dirigida a poner <a rel=\"noreferrer noopener\" href=\"http:\/\/www.europarl.europa.eu\/news\/es\/headlines\/economy\/20180126STO94142\/compras-en-internet-el-parlamento-quiere-poner-fin-a-los-obstaculos\" target=\"_blank\">fin a los obst\u00e1culos<\/a>  para ciertos art\u00edculos, de manera que los consumidores puedan comprar  bienes y servicios en los mismos t\u00e9rminos desde cualquier punto de la  UE. Los eurodiputados aprobaron esta regulaci\u00f3n el 6 de febrero de 2018. <\/p>\n\n\n\n<figure class=\"wp-block-embed-youtube wp-block-embed is-type-video is-provider-youtube wp-embed-aspect-16-9 wp-has-aspect-ratio\"><div class=\"wp-block-embed__wrapper\">\n<iframe title=\"Geo-blocking and online shopping\" width=\"500\" height=\"281\" src=\"https:\/\/www.youtube.com\/embed\/-jXgMc5MvDU?feature=oembed\" frameborder=\"0\" allow=\"accelerometer; autoplay; clipboard-write; encrypted-media; gyroscope; picture-in-picture; web-share\" referrerpolicy=\"strict-origin-when-cross-origin\" allowfullscreen><\/iframe>\n<\/div><\/figure>\n","protected":false},"excerpt":{"rendered":"<p>T\u00edtulo:\u00a0Seis avances en el sector digital de la UE en 2018 : Adi\u00f3s al bloqueo geogr\u00e1fico Autor: Parlamento de la Uni\u00f3n Europea Duraci\u00f3n: 01:30 Resumen:\u00a0 El 3 de diciembre de 2018 se hizo efectiva la normativa dirigida a poner fin a los obst\u00e1culos para ciertos art\u00edculos, de manera que los consumidores puedan comprar bienes y [&hellip;]<\/p>\n","protected":false},"author":101012,"featured_media":11159,"comment_status":"open","ping_status":"open","sticky":false,"template":"","format":"standard","meta":{"_acf_changed":false,"_relevanssi_hide_post":"","_relevanssi_hide_content":"","_relevanssi_pin_for_all":"","_relevanssi_pin_keywords":"","_relevanssi_unpin_keywords":"","_relevanssi_related_keywords":"","_relevanssi_related_include_ids":"","_relevanssi_related_exclude_ids":"","_relevanssi_related_no_append":"","_relevanssi_related_not_related":"","_relevanssi_related_posts":"","_relevanssi_noindex_reason":"","_monsterinsights_skip_tracking":false,"_monsterinsights_sitenote_active":false,"_monsterinsights_sitenote_note":"","_monsterinsights_sitenote_category":0,"_genesis_hide_title":false,"_genesis_hide_breadcrumbs":false,"_genesis_hide_singular_image":false,"_genesis_hide_footer_widgets":false,"_genesis_custom_body_class":"","_genesis_custom_post_class":"","_genesis_layout":"","footnotes":""},"categories":[119,115],"tags":[],"class_list":{"0":"post-11158","1":"post","2":"type-post","3":"status-publish","4":"format-standard","5":"has-post-thumbnail","7":"category-mediateca-mercado-union-europea","8":"category-repositorio-mediateca","9":"entry"},"acf":[],"yoast_head":"<!-- This site is optimized with the Yoast SEO plugin v27.4 - https:\/\/yoast.com\/product\/yoast-seo-wordpress\/ -->\n<title>Seis avances en el sector digital de la UE en 2018 : Adi\u00f3s al bloqueo geogr\u00e1fico | CDE Almer\u00eda - Centro de Documentaci\u00f3n Europea - Universidad de Almer\u00eda<\/title>\n<meta name=\"robots\" content=\"index, follow, max-snippet:-1, max-image-preview:large, max-video-preview:-1\" \/>\n<link rel=\"canonical\" href=\"https:\/\/www.cde.ual.es\/seis-avances-en-el-sector-digital-de-la-ue-en-2018-adios-al-bloqueo-geografico\/\" \/>\n<meta property=\"og:locale\" content=\"en_US\" \/>\n<meta property=\"og:type\" content=\"article\" \/>\n<meta property=\"og:title\" content=\"Seis avances en el sector digital de la UE en 2018 : Adi\u00f3s al bloqueo geogr\u00e1fico | CDE Almer\u00eda - Centro de Documentaci\u00f3n Europea - Universidad de Almer\u00eda\" \/>\n<meta property=\"og:description\" content=\"T\u00edtulo:\u00a0Seis avances en el sector digital de la UE en 2018 : Adi\u00f3s al bloqueo geogr\u00e1fico Autor: Parlamento de la Uni\u00f3n Europea Duraci\u00f3n: 01:30 Resumen:\u00a0 El 3 de diciembre de 2018 se hizo efectiva la normativa dirigida a poner fin a los obst\u00e1culos para ciertos art\u00edculos, de manera que los consumidores puedan comprar bienes y [&hellip;]\" \/>\n<meta property=\"og:url\" content=\"https:\/\/www.cde.ual.es\/seis-avances-en-el-sector-digital-de-la-ue-en-2018-adios-al-bloqueo-geografico\/\" \/>\n<meta property=\"og:site_name\" content=\"CDE Almer\u00eda - Centro de Documentaci\u00f3n Europea - Universidad de Almer\u00eda\" \/>\n<meta property=\"article:publisher\" content=\"https:\/\/www.facebook.com\/cdeuniversidadalmeria\/\" \/>\n<meta property=\"article:published_time\" content=\"2019-01-08T11:38:22+00:00\" \/>\n<meta property=\"article:modified_time\" content=\"2019-01-08T11:38:24+00:00\" \/>\n<meta property=\"og:image\" content=\"https:\/\/www.cde.ual.es\/wp-content\/uploads\/2019\/01\/Geo-blocking-and-online-shopping-e1546947360406.png\" \/>\n\t<meta property=\"og:image:width\" content=\"600\" \/>\n\t<meta property=\"og:image:height\" content=\"337\" \/>\n\t<meta property=\"og:image:type\" content=\"image\/png\" \/>\n<meta name=\"author\" content=\"BECACDE1\" \/>\n<meta name=\"twitter:card\" content=\"summary_large_image\" \/>\n<meta name=\"twitter:creator\" content=\"@cdeualmeria\" \/>\n<meta name=\"twitter:site\" content=\"@cdeualmeria\" \/>\n<meta name=\"twitter:label1\" content=\"Written by\" \/>\n\t<meta name=\"twitter:data1\" content=\"BECACDE1\" \/>\n<script type=\"application\/ld+json\" class=\"yoast-schema-graph\">{\"@context\":\"https:\\\/\\\/schema.org\",\"@graph\":[{\"@type\":\"Article\",\"@id\":\"https:\\\/\\\/www.cde.ual.es\\\/seis-avances-en-el-sector-digital-de-la-ue-en-2018-adios-al-bloqueo-geografico\\\/#article\",\"isPartOf\":{\"@id\":\"https:\\\/\\\/www.cde.ual.es\\\/seis-avances-en-el-sector-digital-de-la-ue-en-2018-adios-al-bloqueo-geografico\\\/\"},\"author\":{\"name\":\"BECACDE1\",\"@id\":\"https:\\\/\\\/www.cde.ual.es\\\/#\\\/schema\\\/person\\\/bf2f837cf3353e2161fe1087adbd728f\"},\"headline\":\"Seis avances en el sector digital de la UE en 2018 : Adi\u00f3s al bloqueo geogr\u00e1fico\",\"datePublished\":\"2019-01-08T11:38:22+00:00\",\"dateModified\":\"2019-01-08T11:38:24+00:00\",\"mainEntityOfPage\":{\"@id\":\"https:\\\/\\\/www.cde.ual.es\\\/seis-avances-en-el-sector-digital-de-la-ue-en-2018-adios-al-bloqueo-geografico\\\/\"},\"wordCount\":104,\"commentCount\":0,\"publisher\":{\"@id\":\"https:\\\/\\\/www.cde.ual.es\\\/#organization\"},\"image\":{\"@id\":\"https:\\\/\\\/www.cde.ual.es\\\/seis-avances-en-el-sector-digital-de-la-ue-en-2018-adios-al-bloqueo-geografico\\\/#primaryimage\"},\"thumbnailUrl\":\"https:\\\/\\\/www.cde.ual.es\\\/wp-content\\\/uploads\\\/2019\\\/01\\\/Geo-blocking-and-online-shopping-e1546947360406.png\",\"articleSection\":[\"Mediateca - Mercado en la Uni\u00f3n Europea\",\"Repositorio Mediateca\"],\"inLanguage\":\"en-US\",\"potentialAction\":[{\"@type\":\"CommentAction\",\"name\":\"Comment\",\"target\":[\"https:\\\/\\\/www.cde.ual.es\\\/seis-avances-en-el-sector-digital-de-la-ue-en-2018-adios-al-bloqueo-geografico\\\/#respond\"]}]},{\"@type\":\"WebPage\",\"@id\":\"https:\\\/\\\/www.cde.ual.es\\\/seis-avances-en-el-sector-digital-de-la-ue-en-2018-adios-al-bloqueo-geografico\\\/\",\"url\":\"https:\\\/\\\/www.cde.ual.es\\\/seis-avances-en-el-sector-digital-de-la-ue-en-2018-adios-al-bloqueo-geografico\\\/\",\"name\":\"Seis avances en el sector digital de la UE en 2018 : Adi\u00f3s al bloqueo geogr\u00e1fico | CDE Almer\u00eda - Centro de Documentaci\u00f3n Europea - Universidad de Almer\u00eda\",\"isPartOf\":{\"@id\":\"https:\\\/\\\/www.cde.ual.es\\\/#website\"},\"primaryImageOfPage\":{\"@id\":\"https:\\\/\\\/www.cde.ual.es\\\/seis-avances-en-el-sector-digital-de-la-ue-en-2018-adios-al-bloqueo-geografico\\\/#primaryimage\"},\"image\":{\"@id\":\"https:\\\/\\\/www.cde.ual.es\\\/seis-avances-en-el-sector-digital-de-la-ue-en-2018-adios-al-bloqueo-geografico\\\/#primaryimage\"},\"thumbnailUrl\":\"https:\\\/\\\/www.cde.ual.es\\\/wp-content\\\/uploads\\\/2019\\\/01\\\/Geo-blocking-and-online-shopping-e1546947360406.png\",\"datePublished\":\"2019-01-08T11:38:22+00:00\",\"dateModified\":\"2019-01-08T11:38:24+00:00\",\"breadcrumb\":{\"@id\":\"https:\\\/\\\/www.cde.ual.es\\\/seis-avances-en-el-sector-digital-de-la-ue-en-2018-adios-al-bloqueo-geografico\\\/#breadcrumb\"},\"inLanguage\":\"en-US\",\"potentialAction\":[{\"@type\":\"ReadAction\",\"target\":[\"https:\\\/\\\/www.cde.ual.es\\\/seis-avances-en-el-sector-digital-de-la-ue-en-2018-adios-al-bloqueo-geografico\\\/\"]}]},{\"@type\":\"ImageObject\",\"inLanguage\":\"en-US\",\"@id\":\"https:\\\/\\\/www.cde.ual.es\\\/seis-avances-en-el-sector-digital-de-la-ue-en-2018-adios-al-bloqueo-geografico\\\/#primaryimage\",\"url\":\"https:\\\/\\\/www.cde.ual.es\\\/wp-content\\\/uploads\\\/2019\\\/01\\\/Geo-blocking-and-online-shopping-e1546947360406.png\",\"contentUrl\":\"https:\\\/\\\/www.cde.ual.es\\\/wp-content\\\/uploads\\\/2019\\\/01\\\/Geo-blocking-and-online-shopping-e1546947360406.png\",\"width\":600,\"height\":337},{\"@type\":\"BreadcrumbList\",\"@id\":\"https:\\\/\\\/www.cde.ual.es\\\/seis-avances-en-el-sector-digital-de-la-ue-en-2018-adios-al-bloqueo-geografico\\\/#breadcrumb\",\"itemListElement\":[{\"@type\":\"ListItem\",\"position\":1,\"name\":\"Inicio\",\"item\":\"https:\\\/\\\/www.cde.ual.es\\\/en\\\/\"},{\"@type\":\"ListItem\",\"position\":2,\"name\":\"Repositorio Mediateca\",\"item\":\"https:\\\/\\\/www.cde.ual.es\\\/category\\\/repositorio-mediateca\\\/\"},{\"@type\":\"ListItem\",\"position\":3,\"name\":\"Mediateca - Mercado en la Uni\u00f3n Europea\",\"item\":\"https:\\\/\\\/www.cde.ual.es\\\/category\\\/repositorio-mediateca\\\/mediateca-mercado-union-europea\\\/\"},{\"@type\":\"ListItem\",\"position\":4,\"name\":\"Seis avances en el sector digital de la UE en 2018 : Adi\u00f3s al bloqueo geogr\u00e1fico\"}]},{\"@type\":\"WebSite\",\"@id\":\"https:\\\/\\\/www.cde.ual.es\\\/#website\",\"url\":\"https:\\\/\\\/www.cde.ual.es\\\/\",\"name\":\"CDE Almer\u00eda - Centro de Documentaci\u00f3n Europea - Universidad de Almer\u00eda\",\"description\":\"Centro de Documentaci\u00f3n Europea de la Universidad de Almer\u00eda\",\"publisher\":{\"@id\":\"https:\\\/\\\/www.cde.ual.es\\\/#organization\"},\"alternateName\":\"CDE Almer\u00eda\",\"potentialAction\":[{\"@type\":\"SearchAction\",\"target\":{\"@type\":\"EntryPoint\",\"urlTemplate\":\"https:\\\/\\\/www.cde.ual.es\\\/?s={search_term_string}\"},\"query-input\":{\"@type\":\"PropertyValueSpecification\",\"valueRequired\":true,\"valueName\":\"search_term_string\"}}],\"inLanguage\":\"en-US\"},{\"@type\":\"Organization\",\"@id\":\"https:\\\/\\\/www.cde.ual.es\\\/#organization\",\"name\":\"Centro de Documentaci\u00f3n Europea de Almer\u00eda\",\"url\":\"https:\\\/\\\/www.cde.ual.es\\\/\",\"logo\":{\"@type\":\"ImageObject\",\"inLanguage\":\"en-US\",\"@id\":\"https:\\\/\\\/www.cde.ual.es\\\/#\\\/schema\\\/logo\\\/image\\\/\",\"url\":\"https:\\\/\\\/www.cde.ual.es\\\/wp-content\\\/uploads\\\/2025\\\/07\\\/cde-logo-3.png\",\"contentUrl\":\"https:\\\/\\\/www.cde.ual.es\\\/wp-content\\\/uploads\\\/2025\\\/07\\\/cde-logo-3.png\",\"width\":1400,\"height\":300,\"caption\":\"Centro de Documentaci\u00f3n Europea de Almer\u00eda\"},\"image\":{\"@id\":\"https:\\\/\\\/www.cde.ual.es\\\/#\\\/schema\\\/logo\\\/image\\\/\"},\"sameAs\":[\"https:\\\/\\\/www.facebook.com\\\/cdeuniversidadalmeria\\\/\",\"https:\\\/\\\/x.com\\\/cdeualmeria\",\"https:\\\/\\\/www.tiktok.com\\\/@cdealmeria\",\"https:\\\/\\\/www.instagram.com\\\/cdealmeria\\\/\",\"https:\\\/\\\/www.linkedin.com\\\/in\\\/cde-almera-812b26a9\\\/\"]},{\"@type\":\"Person\",\"@id\":\"https:\\\/\\\/www.cde.ual.es\\\/#\\\/schema\\\/person\\\/bf2f837cf3353e2161fe1087adbd728f\",\"name\":\"BECACDE1\",\"image\":{\"@type\":\"ImageObject\",\"inLanguage\":\"en-US\",\"@id\":\"https:\\\/\\\/secure.gravatar.com\\\/avatar\\\/16a4c1e422b5dec818ee13eab3353b19db9cfd278cc10f9b0e1188a37671d9d4?s=96&d=mm&r=g\",\"url\":\"https:\\\/\\\/secure.gravatar.com\\\/avatar\\\/16a4c1e422b5dec818ee13eab3353b19db9cfd278cc10f9b0e1188a37671d9d4?s=96&d=mm&r=g\",\"contentUrl\":\"https:\\\/\\\/secure.gravatar.com\\\/avatar\\\/16a4c1e422b5dec818ee13eab3353b19db9cfd278cc10f9b0e1188a37671d9d4?s=96&d=mm&r=g\",\"caption\":\"BECACDE1\"},\"sameAs\":[\"http:\\\/\\\/www.cdealmeria.com\"]}]}<\/script>\n<!-- \/ Yoast SEO plugin. -->","yoast_head_json":{"title":"Seis avances en el sector digital de la UE en 2018 : Adi\u00f3s al bloqueo geogr\u00e1fico | CDE Almer\u00eda - Centro de Documentaci\u00f3n Europea - Universidad de Almer\u00eda","robots":{"index":"index","follow":"follow","max-snippet":"max-snippet:-1","max-image-preview":"max-image-preview:large","max-video-preview":"max-video-preview:-1"},"canonical":"https:\/\/www.cde.ual.es\/seis-avances-en-el-sector-digital-de-la-ue-en-2018-adios-al-bloqueo-geografico\/","og_locale":"en_US","og_type":"article","og_title":"Seis avances en el sector digital de la UE en 2018 : Adi\u00f3s al bloqueo geogr\u00e1fico | CDE Almer\u00eda - Centro de Documentaci\u00f3n Europea - Universidad de Almer\u00eda","og_description":"T\u00edtulo:\u00a0Seis avances en el sector digital de la UE en 2018 : Adi\u00f3s al bloqueo geogr\u00e1fico Autor: Parlamento de la Uni\u00f3n Europea Duraci\u00f3n: 01:30 Resumen:\u00a0 El 3 de diciembre de 2018 se hizo efectiva la normativa dirigida a poner fin a los obst\u00e1culos para ciertos art\u00edculos, de manera que los consumidores puedan comprar bienes y [&hellip;]","og_url":"https:\/\/www.cde.ual.es\/seis-avances-en-el-sector-digital-de-la-ue-en-2018-adios-al-bloqueo-geografico\/","og_site_name":"CDE Almer\u00eda - Centro de Documentaci\u00f3n Europea - Universidad de Almer\u00eda","article_publisher":"https:\/\/www.facebook.com\/cdeuniversidadalmeria\/","article_published_time":"2019-01-08T11:38:22+00:00","article_modified_time":"2019-01-08T11:38:24+00:00","og_image":[{"width":600,"height":337,"url":"https:\/\/www.cde.ual.es\/wp-content\/uploads\/2019\/01\/Geo-blocking-and-online-shopping-e1546947360406.png","type":"image\/png"}],"author":"BECACDE1","twitter_card":"summary_large_image","twitter_creator":"@cdeualmeria","twitter_site":"@cdeualmeria","twitter_misc":{"Written by":"BECACDE1"},"schema":{"@context":"https:\/\/schema.org","@graph":[{"@type":"Article","@id":"https:\/\/www.cde.ual.es\/seis-avances-en-el-sector-digital-de-la-ue-en-2018-adios-al-bloqueo-geografico\/#article","isPartOf":{"@id":"https:\/\/www.cde.ual.es\/seis-avances-en-el-sector-digital-de-la-ue-en-2018-adios-al-bloqueo-geografico\/"},"author":{"name":"BECACDE1","@id":"https:\/\/www.cde.ual.es\/#\/schema\/person\/bf2f837cf3353e2161fe1087adbd728f"},"headline":"Seis avances en el sector digital de la UE en 2018 : Adi\u00f3s al bloqueo geogr\u00e1fico","datePublished":"2019-01-08T11:38:22+00:00","dateModified":"2019-01-08T11:38:24+00:00","mainEntityOfPage":{"@id":"https:\/\/www.cde.ual.es\/seis-avances-en-el-sector-digital-de-la-ue-en-2018-adios-al-bloqueo-geografico\/"},"wordCount":104,"commentCount":0,"publisher":{"@id":"https:\/\/www.cde.ual.es\/#organization"},"image":{"@id":"https:\/\/www.cde.ual.es\/seis-avances-en-el-sector-digital-de-la-ue-en-2018-adios-al-bloqueo-geografico\/#primaryimage"},"thumbnailUrl":"https:\/\/www.cde.ual.es\/wp-content\/uploads\/2019\/01\/Geo-blocking-and-online-shopping-e1546947360406.png","articleSection":["Mediateca - Mercado en la Uni\u00f3n Europea","Repositorio Mediateca"],"inLanguage":"en-US","potentialAction":[{"@type":"CommentAction","name":"Comment","target":["https:\/\/www.cde.ual.es\/seis-avances-en-el-sector-digital-de-la-ue-en-2018-adios-al-bloqueo-geografico\/#respond"]}]},{"@type":"WebPage","@id":"https:\/\/www.cde.ual.es\/seis-avances-en-el-sector-digital-de-la-ue-en-2018-adios-al-bloqueo-geografico\/","url":"https:\/\/www.cde.ual.es\/seis-avances-en-el-sector-digital-de-la-ue-en-2018-adios-al-bloqueo-geografico\/","name":"Seis avances en el sector digital de la UE en 2018 : Adi\u00f3s al bloqueo geogr\u00e1fico | CDE Almer\u00eda - Centro de Documentaci\u00f3n Europea - Universidad de Almer\u00eda","isPartOf":{"@id":"https:\/\/www.cde.ual.es\/#website"},"primaryImageOfPage":{"@id":"https:\/\/www.cde.ual.es\/seis-avances-en-el-sector-digital-de-la-ue-en-2018-adios-al-bloqueo-geografico\/#primaryimage"},"image":{"@id":"https:\/\/www.cde.ual.es\/seis-avances-en-el-sector-digital-de-la-ue-en-2018-adios-al-bloqueo-geografico\/#primaryimage"},"thumbnailUrl":"https:\/\/www.cde.ual.es\/wp-content\/uploads\/2019\/01\/Geo-blocking-and-online-shopping-e1546947360406.png","datePublished":"2019-01-08T11:38:22+00:00","dateModified":"2019-01-08T11:38:24+00:00","breadcrumb":{"@id":"https:\/\/www.cde.ual.es\/seis-avances-en-el-sector-digital-de-la-ue-en-2018-adios-al-bloqueo-geografico\/#breadcrumb"},"inLanguage":"en-US","potentialAction":[{"@type":"ReadAction","target":["https:\/\/www.cde.ual.es\/seis-avances-en-el-sector-digital-de-la-ue-en-2018-adios-al-bloqueo-geografico\/"]}]},{"@type":"ImageObject","inLanguage":"en-US","@id":"https:\/\/www.cde.ual.es\/seis-avances-en-el-sector-digital-de-la-ue-en-2018-adios-al-bloqueo-geografico\/#primaryimage","url":"https:\/\/www.cde.ual.es\/wp-content\/uploads\/2019\/01\/Geo-blocking-and-online-shopping-e1546947360406.png","contentUrl":"https:\/\/www.cde.ual.es\/wp-content\/uploads\/2019\/01\/Geo-blocking-and-online-shopping-e1546947360406.png","width":600,"height":337},{"@type":"BreadcrumbList","@id":"https:\/\/www.cde.ual.es\/seis-avances-en-el-sector-digital-de-la-ue-en-2018-adios-al-bloqueo-geografico\/#breadcrumb","itemListElement":[{"@type":"ListItem","position":1,"name":"Inicio","item":"https:\/\/www.cde.ual.es\/en\/"},{"@type":"ListItem","position":2,"name":"Repositorio Mediateca","item":"https:\/\/www.cde.ual.es\/category\/repositorio-mediateca\/"},{"@type":"ListItem","position":3,"name":"Mediateca - Mercado en la Uni\u00f3n Europea","item":"https:\/\/www.cde.ual.es\/category\/repositorio-mediateca\/mediateca-mercado-union-europea\/"},{"@type":"ListItem","position":4,"name":"Seis avances en el sector digital de la UE en 2018 : Adi\u00f3s al bloqueo geogr\u00e1fico"}]},{"@type":"WebSite","@id":"https:\/\/www.cde.ual.es\/#website","url":"https:\/\/www.cde.ual.es\/","name":"CDE Almer\u00eda - Centro de Documentaci\u00f3n Europea - Universidad de Almer\u00eda","description":"Centro de Documentaci\u00f3n Europea de la Universidad de Almer\u00eda","publisher":{"@id":"https:\/\/www.cde.ual.es\/#organization"},"alternateName":"CDE Almer\u00eda","potentialAction":[{"@type":"SearchAction","target":{"@type":"EntryPoint","urlTemplate":"https:\/\/www.cde.ual.es\/?s={search_term_string}"},"query-input":{"@type":"PropertyValueSpecification","valueRequired":true,"valueName":"search_term_string"}}],"inLanguage":"en-US"},{"@type":"Organization","@id":"https:\/\/www.cde.ual.es\/#organization","name":"Centro de Documentaci\u00f3n Europea de Almer\u00eda","url":"https:\/\/www.cde.ual.es\/","logo":{"@type":"ImageObject","inLanguage":"en-US","@id":"https:\/\/www.cde.ual.es\/#\/schema\/logo\/image\/","url":"https:\/\/www.cde.ual.es\/wp-content\/uploads\/2025\/07\/cde-logo-3.png","contentUrl":"https:\/\/www.cde.ual.es\/wp-content\/uploads\/2025\/07\/cde-logo-3.png","width":1400,"height":300,"caption":"Centro de Documentaci\u00f3n Europea de Almer\u00eda"},"image":{"@id":"https:\/\/www.cde.ual.es\/#\/schema\/logo\/image\/"},"sameAs":["https:\/\/www.facebook.com\/cdeuniversidadalmeria\/","https:\/\/x.com\/cdeualmeria","https:\/\/www.tiktok.com\/@cdealmeria","https:\/\/www.instagram.com\/cdealmeria\/","https:\/\/www.linkedin.com\/in\/cde-almera-812b26a9\/"]},{"@type":"Person","@id":"https:\/\/www.cde.ual.es\/#\/schema\/person\/bf2f837cf3353e2161fe1087adbd728f","name":"BECACDE1","image":{"@type":"ImageObject","inLanguage":"en-US","@id":"https:\/\/secure.gravatar.com\/avatar\/16a4c1e422b5dec818ee13eab3353b19db9cfd278cc10f9b0e1188a37671d9d4?s=96&d=mm&r=g","url":"https:\/\/secure.gravatar.com\/avatar\/16a4c1e422b5dec818ee13eab3353b19db9cfd278cc10f9b0e1188a37671d9d4?s=96&d=mm&r=g","contentUrl":"https:\/\/secure.gravatar.com\/avatar\/16a4c1e422b5dec818ee13eab3353b19db9cfd278cc10f9b0e1188a37671d9d4?s=96&d=mm&r=g","caption":"BECACDE1"},"sameAs":["http:\/\/www.cdealmeria.com"]}]}},"_links":{"self":[{"href":"https:\/\/www.cde.ual.es\/en\/wp-json\/wp\/v2\/posts\/11158","targetHints":{"allow":["GET"]}}],"collection":[{"href":"https:\/\/www.cde.ual.es\/en\/wp-json\/wp\/v2\/posts"}],"about":[{"href":"https:\/\/www.cde.ual.es\/en\/wp-json\/wp\/v2\/types\/post"}],"author":[{"embeddable":true,"href":"https:\/\/www.cde.ual.es\/en\/wp-json\/wp\/v2\/users\/101012"}],"replies":[{"embeddable":true,"href":"https:\/\/www.cde.ual.es\/en\/wp-json\/wp\/v2\/comments?post=11158"}],"version-history":[{"count":0,"href":"https:\/\/www.cde.ual.es\/en\/wp-json\/wp\/v2\/posts\/11158\/revisions"}],"wp:featuredmedia":[{"embeddable":true,"href":"https:\/\/www.cde.ual.es\/en\/wp-json\/wp\/v2\/media\/11159"}],"wp:attachment":[{"href":"https:\/\/www.cde.ual.es\/en\/wp-json\/wp\/v2\/media?parent=11158"}],"wp:term":[{"taxonomy":"category","embeddable":true,"href":"https:\/\/www.cde.ual.es\/en\/wp-json\/wp\/v2\/categories?post=11158"},{"taxonomy":"post_tag","embeddable":true,"href":"https:\/\/www.cde.ual.es\/en\/wp-json\/wp\/v2\/tags?post=11158"}],"curies":[{"name":"wp","href":"https:\/\/api.w.org\/{rel}","templated":true}]}}