{"id":1115,"date":"2016-11-22T10:36:39","date_gmt":"2016-11-22T09:36:39","guid":{"rendered":"http:\/\/www.cde.ual.es\/?p=1115"},"modified":"2016-11-22T10:36:39","modified_gmt":"2016-11-22T09:36:39","slug":"celebracion-del-seminario-aspectos-basicos-de-la-agenda-digital-europea","status":"publish","type":"post","link":"https:\/\/www.cde.ual.es\/en\/celebracion-del-seminario-aspectos-basicos-de-la-agenda-digital-europea\/","title":{"rendered":"Celebraci\u00f3n del seminario &#8220;Aspectos b\u00e1sicos de la Agenda Digital Europea&#8221;"},"content":{"rendered":"<p><a href=\"http:\/\/www.cde.ual.es\/wp-content\/uploads\/2016\/11\/RRSS-Cartel-CABECERA-Ag-Dig-eur.jpg\"><img decoding=\"async\" class=\"alignright size-medium wp-image-1117\" src=\"http:\/\/www.cde.ual.es\/wp-content\/uploads\/2016\/11\/RRSS-Cartel-CABECERA-Ag-Dig-eur-300x300.jpg\" alt=\"RRSS Cartel CABECERA Ag Dig eur\" width=\"300\" height=\"300\" srcset=\"https:\/\/www.cde.ual.es\/wp-content\/uploads\/2016\/11\/RRSS-Cartel-CABECERA-Ag-Dig-eur-300x300.jpg 300w, https:\/\/www.cde.ual.es\/wp-content\/uploads\/2016\/11\/RRSS-Cartel-CABECERA-Ag-Dig-eur-150x150.jpg 150w, https:\/\/www.cde.ual.es\/wp-content\/uploads\/2016\/11\/RRSS-Cartel-CABECERA-Ag-Dig-eur-1024x1024.jpg 1024w\" sizes=\"(max-width: 300px) 100vw, 300px\" \/><\/a>El CDE celebra el seminario sobre &#8220;Aspectos b\u00e1sicos de la Agenda Digital Europea&#8221; el pr\u00f3ximo 29 de noviembre a las 10:00hs.<\/p>\n<p><span style=\"color: #000099;\"><span style=\"color: #000000;\">La Comisi\u00f3n Europea ha propuesto una Agenda Digital cuyo principal objetivo consiste en desarrollar un mercado \u00fanico digital para dirigir a Europa hacia un crecimiento inteligente, sostenible e integrador.<br \/>\nSe analizar\u00e1 la Agenda Digital y sus objetivos que se complementan entre s\u00ed, siendo uno de ellos y de los m\u00e1s ambiciosos, el Mercado \u00danico Digital. Adem\u00e1s se explicar\u00e1 c\u00f3mo esta agenda busca aplicar las TICs tanto a las actividades econ\u00f3micas y administrativas como a las tareas diarias de los ciudadanos en un mercado com\u00fan, reflexionando sobre los enormes desaf\u00edos y obst\u00e1culos que esto supone.<br \/>\nObjetivos:<br \/>\n\u2022 Conocer en qu\u00e9 consiste la Agenda Digital Europea y la importancia del Mercado \u00danico Digital<br \/>\n\u2022 Reflexionar sobre los efectos de la Agenda en Espa\u00f1a seg\u00fan el &#8220;Libro Blanco para el dise\u00f1o de las titulaciones universitarias en el marco de la Econom\u00eda Digital&#8221;<br \/>\n\u2022 Analizar la importancia del uso de las TICs para la eliminaci\u00f3n de las barreras comerciales, la mejora del mercado digital y el fomento de las opciones de negocio mediante el comercio electr\u00f3nico<\/span><\/span><\/p>\n<p>Fecha de celebraci\u00f3n: 29 de Noviembre de 2016<br \/>\nDuraci\u00f3n: 4 horas<br \/>\nHorario: De 10 a 14:00hs.<br \/>\nLugar: Sala Bioclim\u00e1tica del edificio Departamental de Humanidades y CC. EE. I (Edificio A) en la Universidad de Almer\u00eda<br \/>\nDestinatarios: Profesorado y alumnado de la Universidad de Almer\u00eda, ciudadan\u00eda en general.<\/p>\n<p>La inscripci\u00f3n, gratuita, finaliza el 29 de noviembre de 2016. El n\u00famero de plazas est\u00e1 limitado a 105. Las personas interesadas en participar deber\u00e1n completar el formulario en el siguiente enlace: <a class=\"moz-txt-link-freetext\" href=\"https:\/\/goo.gl\/forms\/ERVVRnqXAKUJZIZN2\">https:\/\/goo.gl\/forms\/ERVVRnqXAKUJZIZN2<\/a><\/p>\n<p><strong>Programa<\/strong><strong>\u00a0<\/strong><strong>29 Noviembre de 2016<\/strong><\/p>\n<p><strong>10:00hs.<\/strong> <strong>Inauguraci\u00f3n del seminario<\/strong><\/p>\n<p>D\u00aa Noem\u00ed L\u00f3pez, t\u00e9cnico responsable del Centro de Documentaci\u00f3n Europea<\/p>\n<p>Primera sesi\u00f3n:<\/p>\n<p><strong>10:15 a 11:45 La Agenda Digital Europea: retos y necesidades<\/strong><\/p>\n<p><strong>Dr. Jos\u00e9 Lu\u00eds G\u00f3mez Barroso<\/strong><\/p>\n<p>Profesor del Departamento de Econom\u00eda Aplicada e Historia Econ\u00f3mica. Universidad Nacional de Educaci\u00f3n a Distancia (UNED)<\/p>\n<p>&nbsp;<\/p>\n<p><strong>11:45 Pausa <\/strong><\/p>\n<p>&nbsp;<\/p>\n<p>Segunda sesi\u00f3n:<\/p>\n<p><strong>12:15 a 13:45 Las TICs y el mercado digital<\/strong><\/p>\n<p><strong>Dr. Carlos Castillo Delgado <\/strong><\/p>\n<p>Profesor del Departamento de Econom\u00eda y Empresa. Universidad de Almer\u00eda<\/p>\n<p>&nbsp;<\/p>\n","protected":false},"excerpt":{"rendered":"<p>El CDE celebra el seminario sobre &#8220;Aspectos b\u00e1sicos de la Agenda Digital Europea&#8221; el pr\u00f3ximo 29 de noviembre a las 10:00hs. La Comisi\u00f3n Europea ha propuesto una Agenda Digital cuyo principal objetivo consiste en desarrollar un mercado \u00fanico digital para dirigir a Europa hacia un crecimiento inteligente, sostenible e integrador. Se analizar\u00e1 la Agenda Digital [&hellip;]<\/p>\n","protected":false},"author":1,"featured_media":0,"comment_status":"open","ping_status":"open","sticky":false,"template":"","format":"standard","meta":{"_acf_changed":false,"_relevanssi_hide_post":"","_relevanssi_hide_content":"","_relevanssi_pin_for_all":"","_relevanssi_pin_keywords":"","_relevanssi_unpin_keywords":"","_relevanssi_related_keywords":"","_relevanssi_related_include_ids":"","_relevanssi_related_exclude_ids":"","_relevanssi_related_no_append":"","_relevanssi_related_not_related":"","_relevanssi_related_posts":"","_relevanssi_noindex_reason":"","_monsterinsights_skip_tracking":false,"_monsterinsights_sitenote_active":false,"_monsterinsights_sitenote_note":"","_monsterinsights_sitenote_category":0,"_genesis_hide_title":false,"_genesis_hide_breadcrumbs":false,"_genesis_hide_singular_image":false,"_genesis_hide_footer_widgets":false,"_genesis_custom_body_class":"","_genesis_custom_post_class":"","_genesis_layout":"","footnotes":""},"categories":[1],"tags":[],"class_list":{"0":"post-1115","1":"post","2":"type-post","3":"status-publish","4":"format-standard","6":"category-sin-categorizar","7":"entry","8":"has-post-thumbnail"},"acf":[],"yoast_head":"<!-- This site is optimized with the Yoast SEO plugin v27.4 - https:\/\/yoast.com\/product\/yoast-seo-wordpress\/ -->\n<title>Celebraci\u00f3n del seminario &quot;Aspectos b\u00e1sicos de la Agenda Digital Europea&quot;  | CDE Almer\u00eda - Centro de Documentaci\u00f3n Europea - Universidad de Almer\u00eda<\/title>\n<meta name=\"robots\" content=\"index, follow, max-snippet:-1, max-image-preview:large, max-video-preview:-1\" \/>\n<link rel=\"canonical\" href=\"https:\/\/www.cde.ual.es\/en\/celebracion-del-seminario-aspectos-basicos-de-la-agenda-digital-europea\/\" \/>\n<meta property=\"og:locale\" content=\"en_US\" \/>\n<meta property=\"og:type\" content=\"article\" \/>\n<meta property=\"og:title\" content=\"Celebraci\u00f3n del seminario &quot;Aspectos b\u00e1sicos de la Agenda Digital Europea&quot;  | CDE Almer\u00eda - Centro de Documentaci\u00f3n Europea - Universidad de Almer\u00eda\" \/>\n<meta property=\"og:description\" content=\"El CDE celebra el seminario sobre &#8220;Aspectos b\u00e1sicos de la Agenda Digital Europea&#8221; el pr\u00f3ximo 29 de noviembre a las 10:00hs. La Comisi\u00f3n Europea ha propuesto una Agenda Digital cuyo principal objetivo consiste en desarrollar un mercado \u00fanico digital para dirigir a Europa hacia un crecimiento inteligente, sostenible e integrador. Se analizar\u00e1 la Agenda Digital [&hellip;]\" \/>\n<meta property=\"og:url\" content=\"https:\/\/www.cde.ual.es\/en\/celebracion-del-seminario-aspectos-basicos-de-la-agenda-digital-europea\/\" \/>\n<meta property=\"og:site_name\" content=\"CDE Almer\u00eda - Centro de Documentaci\u00f3n Europea - Universidad de Almer\u00eda\" \/>\n<meta property=\"article:publisher\" content=\"https:\/\/www.facebook.com\/cdeuniversidadalmeria\/\" \/>\n<meta property=\"article:published_time\" content=\"2016-11-22T09:36:39+00:00\" \/>\n<meta property=\"og:image\" content=\"http:\/\/www.cde.ual.es\/wp-content\/uploads\/2016\/11\/RRSS-Cartel-CABECERA-Ag-Dig-eur-300x300.jpg\" \/>\n<meta name=\"author\" content=\"AdminCDE\" \/>\n<meta name=\"twitter:card\" content=\"summary_large_image\" \/>\n<meta name=\"twitter:creator\" content=\"@cdeualmeria\" \/>\n<meta name=\"twitter:site\" content=\"@cdeualmeria\" \/>\n<meta name=\"twitter:label1\" content=\"Written by\" \/>\n\t<meta name=\"twitter:data1\" content=\"AdminCDE\" \/>\n\t<meta name=\"twitter:label2\" content=\"Est. reading time\" \/>\n\t<meta name=\"twitter:data2\" content=\"2 minutes\" \/>\n<script type=\"application\/ld+json\" class=\"yoast-schema-graph\">{\"@context\":\"https:\\\/\\\/schema.org\",\"@graph\":[{\"@type\":\"Article\",\"@id\":\"https:\\\/\\\/www.cde.ual.es\\\/en\\\/celebracion-del-seminario-aspectos-basicos-de-la-agenda-digital-europea\\\/#article\",\"isPartOf\":{\"@id\":\"https:\\\/\\\/www.cde.ual.es\\\/en\\\/celebracion-del-seminario-aspectos-basicos-de-la-agenda-digital-europea\\\/\"},\"author\":{\"name\":\"AdminCDE\",\"@id\":\"https:\\\/\\\/www.cde.ual.es\\\/#\\\/schema\\\/person\\\/224ef08c8bcc005f319d2713ce37ee5f\"},\"headline\":\"Celebraci\u00f3n del seminario &#8220;Aspectos b\u00e1sicos de la Agenda Digital Europea&#8221;\",\"datePublished\":\"2016-11-22T09:36:39+00:00\",\"mainEntityOfPage\":{\"@id\":\"https:\\\/\\\/www.cde.ual.es\\\/en\\\/celebracion-del-seminario-aspectos-basicos-de-la-agenda-digital-europea\\\/\"},\"wordCount\":390,\"commentCount\":0,\"publisher\":{\"@id\":\"https:\\\/\\\/www.cde.ual.es\\\/#organization\"},\"image\":{\"@id\":\"https:\\\/\\\/www.cde.ual.es\\\/en\\\/celebracion-del-seminario-aspectos-basicos-de-la-agenda-digital-europea\\\/#primaryimage\"},\"thumbnailUrl\":\"http:\\\/\\\/www.cde.ual.es\\\/wp-content\\\/uploads\\\/2016\\\/11\\\/RRSS-Cartel-CABECERA-Ag-Dig-eur-300x300.jpg\",\"articleSection\":[\"Sin categorizar\"],\"inLanguage\":\"en-US\",\"potentialAction\":[{\"@type\":\"CommentAction\",\"name\":\"Comment\",\"target\":[\"https:\\\/\\\/www.cde.ual.es\\\/en\\\/celebracion-del-seminario-aspectos-basicos-de-la-agenda-digital-europea\\\/#respond\"]}]},{\"@type\":\"WebPage\",\"@id\":\"https:\\\/\\\/www.cde.ual.es\\\/en\\\/celebracion-del-seminario-aspectos-basicos-de-la-agenda-digital-europea\\\/\",\"url\":\"https:\\\/\\\/www.cde.ual.es\\\/en\\\/celebracion-del-seminario-aspectos-basicos-de-la-agenda-digital-europea\\\/\",\"name\":\"Celebraci\u00f3n del seminario \\\"Aspectos b\u00e1sicos de la Agenda Digital Europea\\\" | CDE Almer\u00eda - Centro de Documentaci\u00f3n Europea - Universidad de Almer\u00eda\",\"isPartOf\":{\"@id\":\"https:\\\/\\\/www.cde.ual.es\\\/#website\"},\"primaryImageOfPage\":{\"@id\":\"https:\\\/\\\/www.cde.ual.es\\\/en\\\/celebracion-del-seminario-aspectos-basicos-de-la-agenda-digital-europea\\\/#primaryimage\"},\"image\":{\"@id\":\"https:\\\/\\\/www.cde.ual.es\\\/en\\\/celebracion-del-seminario-aspectos-basicos-de-la-agenda-digital-europea\\\/#primaryimage\"},\"thumbnailUrl\":\"http:\\\/\\\/www.cde.ual.es\\\/wp-content\\\/uploads\\\/2016\\\/11\\\/RRSS-Cartel-CABECERA-Ag-Dig-eur-300x300.jpg\",\"datePublished\":\"2016-11-22T09:36:39+00:00\",\"breadcrumb\":{\"@id\":\"https:\\\/\\\/www.cde.ual.es\\\/en\\\/celebracion-del-seminario-aspectos-basicos-de-la-agenda-digital-europea\\\/#breadcrumb\"},\"inLanguage\":\"en-US\",\"potentialAction\":[{\"@type\":\"ReadAction\",\"target\":[\"https:\\\/\\\/www.cde.ual.es\\\/en\\\/celebracion-del-seminario-aspectos-basicos-de-la-agenda-digital-europea\\\/\"]}]},{\"@type\":\"ImageObject\",\"inLanguage\":\"en-US\",\"@id\":\"https:\\\/\\\/www.cde.ual.es\\\/en\\\/celebracion-del-seminario-aspectos-basicos-de-la-agenda-digital-europea\\\/#primaryimage\",\"url\":\"http:\\\/\\\/www.cde.ual.es\\\/wp-content\\\/uploads\\\/2016\\\/11\\\/RRSS-Cartel-CABECERA-Ag-Dig-eur-300x300.jpg\",\"contentUrl\":\"http:\\\/\\\/www.cde.ual.es\\\/wp-content\\\/uploads\\\/2016\\\/11\\\/RRSS-Cartel-CABECERA-Ag-Dig-eur-300x300.jpg\"},{\"@type\":\"BreadcrumbList\",\"@id\":\"https:\\\/\\\/www.cde.ual.es\\\/en\\\/celebracion-del-seminario-aspectos-basicos-de-la-agenda-digital-europea\\\/#breadcrumb\",\"itemListElement\":[{\"@type\":\"ListItem\",\"position\":1,\"name\":\"Inicio\",\"item\":\"https:\\\/\\\/www.cde.ual.es\\\/en\\\/\"},{\"@type\":\"ListItem\",\"position\":2,\"name\":\"Uncategorized\",\"item\":\"https:\\\/\\\/www.cde.ual.es\\\/en\\\/category\\\/uncategorized\\\/\"},{\"@type\":\"ListItem\",\"position\":3,\"name\":\"Celebraci\u00f3n del seminario &#8220;Aspectos b\u00e1sicos de la Agenda Digital Europea&#8221;\"}]},{\"@type\":\"WebSite\",\"@id\":\"https:\\\/\\\/www.cde.ual.es\\\/#website\",\"url\":\"https:\\\/\\\/www.cde.ual.es\\\/\",\"name\":\"CDE Almer\u00eda - Centro de Documentaci\u00f3n Europea - Universidad de Almer\u00eda\",\"description\":\"Centro de Documentaci\u00f3n Europea de la Universidad de Almer\u00eda\",\"publisher\":{\"@id\":\"https:\\\/\\\/www.cde.ual.es\\\/#organization\"},\"alternateName\":\"CDE Almer\u00eda\",\"potentialAction\":[{\"@type\":\"SearchAction\",\"target\":{\"@type\":\"EntryPoint\",\"urlTemplate\":\"https:\\\/\\\/www.cde.ual.es\\\/?s={search_term_string}\"},\"query-input\":{\"@type\":\"PropertyValueSpecification\",\"valueRequired\":true,\"valueName\":\"search_term_string\"}}],\"inLanguage\":\"en-US\"},{\"@type\":\"Organization\",\"@id\":\"https:\\\/\\\/www.cde.ual.es\\\/#organization\",\"name\":\"Centro de Documentaci\u00f3n Europea de Almer\u00eda\",\"url\":\"https:\\\/\\\/www.cde.ual.es\\\/\",\"logo\":{\"@type\":\"ImageObject\",\"inLanguage\":\"en-US\",\"@id\":\"https:\\\/\\\/www.cde.ual.es\\\/#\\\/schema\\\/logo\\\/image\\\/\",\"url\":\"https:\\\/\\\/www.cde.ual.es\\\/wp-content\\\/uploads\\\/2025\\\/07\\\/cde-logo-3.png\",\"contentUrl\":\"https:\\\/\\\/www.cde.ual.es\\\/wp-content\\\/uploads\\\/2025\\\/07\\\/cde-logo-3.png\",\"width\":1400,\"height\":300,\"caption\":\"Centro de Documentaci\u00f3n Europea de Almer\u00eda\"},\"image\":{\"@id\":\"https:\\\/\\\/www.cde.ual.es\\\/#\\\/schema\\\/logo\\\/image\\\/\"},\"sameAs\":[\"https:\\\/\\\/www.facebook.com\\\/cdeuniversidadalmeria\\\/\",\"https:\\\/\\\/x.com\\\/cdeualmeria\",\"https:\\\/\\\/www.tiktok.com\\\/@cdealmeria\",\"https:\\\/\\\/www.instagram.com\\\/cdealmeria\\\/\",\"https:\\\/\\\/www.linkedin.com\\\/in\\\/cde-almera-812b26a9\\\/\"]},{\"@type\":\"Person\",\"@id\":\"https:\\\/\\\/www.cde.ual.es\\\/#\\\/schema\\\/person\\\/224ef08c8bcc005f319d2713ce37ee5f\",\"name\":\"AdminCDE\",\"image\":{\"@type\":\"ImageObject\",\"inLanguage\":\"en-US\",\"@id\":\"https:\\\/\\\/secure.gravatar.com\\\/avatar\\\/a72d038d371f995cd13706fac32274b7952a52e8fb0a84b5f80c85426f2a98a8?s=96&d=mm&r=g\",\"url\":\"https:\\\/\\\/secure.gravatar.com\\\/avatar\\\/a72d038d371f995cd13706fac32274b7952a52e8fb0a84b5f80c85426f2a98a8?s=96&d=mm&r=g\",\"contentUrl\":\"https:\\\/\\\/secure.gravatar.com\\\/avatar\\\/a72d038d371f995cd13706fac32274b7952a52e8fb0a84b5f80c85426f2a98a8?s=96&d=mm&r=g\",\"caption\":\"AdminCDE\"}}]}<\/script>\n<!-- \/ Yoast SEO plugin. -->","yoast_head_json":{"title":"Celebraci\u00f3n del seminario \"Aspectos b\u00e1sicos de la Agenda Digital Europea\"  | CDE Almer\u00eda - Centro de Documentaci\u00f3n Europea - Universidad de Almer\u00eda","robots":{"index":"index","follow":"follow","max-snippet":"max-snippet:-1","max-image-preview":"max-image-preview:large","max-video-preview":"max-video-preview:-1"},"canonical":"https:\/\/www.cde.ual.es\/en\/celebracion-del-seminario-aspectos-basicos-de-la-agenda-digital-europea\/","og_locale":"en_US","og_type":"article","og_title":"Celebraci\u00f3n del seminario \"Aspectos b\u00e1sicos de la Agenda Digital Europea\"  | CDE Almer\u00eda - Centro de Documentaci\u00f3n Europea - Universidad de Almer\u00eda","og_description":"El CDE celebra el seminario sobre &#8220;Aspectos b\u00e1sicos de la Agenda Digital Europea&#8221; el pr\u00f3ximo 29 de noviembre a las 10:00hs. La Comisi\u00f3n Europea ha propuesto una Agenda Digital cuyo principal objetivo consiste en desarrollar un mercado \u00fanico digital para dirigir a Europa hacia un crecimiento inteligente, sostenible e integrador. Se analizar\u00e1 la Agenda Digital [&hellip;]","og_url":"https:\/\/www.cde.ual.es\/en\/celebracion-del-seminario-aspectos-basicos-de-la-agenda-digital-europea\/","og_site_name":"CDE Almer\u00eda - Centro de Documentaci\u00f3n Europea - Universidad de Almer\u00eda","article_publisher":"https:\/\/www.facebook.com\/cdeuniversidadalmeria\/","article_published_time":"2016-11-22T09:36:39+00:00","og_image":[{"url":"http:\/\/www.cde.ual.es\/wp-content\/uploads\/2016\/11\/RRSS-Cartel-CABECERA-Ag-Dig-eur-300x300.jpg","type":"","width":"","height":""}],"author":"AdminCDE","twitter_card":"summary_large_image","twitter_creator":"@cdeualmeria","twitter_site":"@cdeualmeria","twitter_misc":{"Written by":"AdminCDE","Est. reading time":"2 minutes"},"schema":{"@context":"https:\/\/schema.org","@graph":[{"@type":"Article","@id":"https:\/\/www.cde.ual.es\/en\/celebracion-del-seminario-aspectos-basicos-de-la-agenda-digital-europea\/#article","isPartOf":{"@id":"https:\/\/www.cde.ual.es\/en\/celebracion-del-seminario-aspectos-basicos-de-la-agenda-digital-europea\/"},"author":{"name":"AdminCDE","@id":"https:\/\/www.cde.ual.es\/#\/schema\/person\/224ef08c8bcc005f319d2713ce37ee5f"},"headline":"Celebraci\u00f3n del seminario &#8220;Aspectos b\u00e1sicos de la Agenda Digital Europea&#8221;","datePublished":"2016-11-22T09:36:39+00:00","mainEntityOfPage":{"@id":"https:\/\/www.cde.ual.es\/en\/celebracion-del-seminario-aspectos-basicos-de-la-agenda-digital-europea\/"},"wordCount":390,"commentCount":0,"publisher":{"@id":"https:\/\/www.cde.ual.es\/#organization"},"image":{"@id":"https:\/\/www.cde.ual.es\/en\/celebracion-del-seminario-aspectos-basicos-de-la-agenda-digital-europea\/#primaryimage"},"thumbnailUrl":"http:\/\/www.cde.ual.es\/wp-content\/uploads\/2016\/11\/RRSS-Cartel-CABECERA-Ag-Dig-eur-300x300.jpg","articleSection":["Sin categorizar"],"inLanguage":"en-US","potentialAction":[{"@type":"CommentAction","name":"Comment","target":["https:\/\/www.cde.ual.es\/en\/celebracion-del-seminario-aspectos-basicos-de-la-agenda-digital-europea\/#respond"]}]},{"@type":"WebPage","@id":"https:\/\/www.cde.ual.es\/en\/celebracion-del-seminario-aspectos-basicos-de-la-agenda-digital-europea\/","url":"https:\/\/www.cde.ual.es\/en\/celebracion-del-seminario-aspectos-basicos-de-la-agenda-digital-europea\/","name":"Celebraci\u00f3n del seminario \"Aspectos b\u00e1sicos de la Agenda Digital Europea\" | CDE Almer\u00eda - Centro de Documentaci\u00f3n Europea - Universidad de Almer\u00eda","isPartOf":{"@id":"https:\/\/www.cde.ual.es\/#website"},"primaryImageOfPage":{"@id":"https:\/\/www.cde.ual.es\/en\/celebracion-del-seminario-aspectos-basicos-de-la-agenda-digital-europea\/#primaryimage"},"image":{"@id":"https:\/\/www.cde.ual.es\/en\/celebracion-del-seminario-aspectos-basicos-de-la-agenda-digital-europea\/#primaryimage"},"thumbnailUrl":"http:\/\/www.cde.ual.es\/wp-content\/uploads\/2016\/11\/RRSS-Cartel-CABECERA-Ag-Dig-eur-300x300.jpg","datePublished":"2016-11-22T09:36:39+00:00","breadcrumb":{"@id":"https:\/\/www.cde.ual.es\/en\/celebracion-del-seminario-aspectos-basicos-de-la-agenda-digital-europea\/#breadcrumb"},"inLanguage":"en-US","potentialAction":[{"@type":"ReadAction","target":["https:\/\/www.cde.ual.es\/en\/celebracion-del-seminario-aspectos-basicos-de-la-agenda-digital-europea\/"]}]},{"@type":"ImageObject","inLanguage":"en-US","@id":"https:\/\/www.cde.ual.es\/en\/celebracion-del-seminario-aspectos-basicos-de-la-agenda-digital-europea\/#primaryimage","url":"http:\/\/www.cde.ual.es\/wp-content\/uploads\/2016\/11\/RRSS-Cartel-CABECERA-Ag-Dig-eur-300x300.jpg","contentUrl":"http:\/\/www.cde.ual.es\/wp-content\/uploads\/2016\/11\/RRSS-Cartel-CABECERA-Ag-Dig-eur-300x300.jpg"},{"@type":"BreadcrumbList","@id":"https:\/\/www.cde.ual.es\/en\/celebracion-del-seminario-aspectos-basicos-de-la-agenda-digital-europea\/#breadcrumb","itemListElement":[{"@type":"ListItem","position":1,"name":"Inicio","item":"https:\/\/www.cde.ual.es\/en\/"},{"@type":"ListItem","position":2,"name":"Uncategorized","item":"https:\/\/www.cde.ual.es\/en\/category\/uncategorized\/"},{"@type":"ListItem","position":3,"name":"Celebraci\u00f3n del seminario &#8220;Aspectos b\u00e1sicos de la Agenda Digital Europea&#8221;"}]},{"@type":"WebSite","@id":"https:\/\/www.cde.ual.es\/#website","url":"https:\/\/www.cde.ual.es\/","name":"CDE Almer\u00eda - Centro de Documentaci\u00f3n Europea - Universidad de Almer\u00eda","description":"Centro de Documentaci\u00f3n Europea de la Universidad de Almer\u00eda","publisher":{"@id":"https:\/\/www.cde.ual.es\/#organization"},"alternateName":"CDE Almer\u00eda","potentialAction":[{"@type":"SearchAction","target":{"@type":"EntryPoint","urlTemplate":"https:\/\/www.cde.ual.es\/?s={search_term_string}"},"query-input":{"@type":"PropertyValueSpecification","valueRequired":true,"valueName":"search_term_string"}}],"inLanguage":"en-US"},{"@type":"Organization","@id":"https:\/\/www.cde.ual.es\/#organization","name":"Centro de Documentaci\u00f3n Europea de Almer\u00eda","url":"https:\/\/www.cde.ual.es\/","logo":{"@type":"ImageObject","inLanguage":"en-US","@id":"https:\/\/www.cde.ual.es\/#\/schema\/logo\/image\/","url":"https:\/\/www.cde.ual.es\/wp-content\/uploads\/2025\/07\/cde-logo-3.png","contentUrl":"https:\/\/www.cde.ual.es\/wp-content\/uploads\/2025\/07\/cde-logo-3.png","width":1400,"height":300,"caption":"Centro de Documentaci\u00f3n Europea de Almer\u00eda"},"image":{"@id":"https:\/\/www.cde.ual.es\/#\/schema\/logo\/image\/"},"sameAs":["https:\/\/www.facebook.com\/cdeuniversidadalmeria\/","https:\/\/x.com\/cdeualmeria","https:\/\/www.tiktok.com\/@cdealmeria","https:\/\/www.instagram.com\/cdealmeria\/","https:\/\/www.linkedin.com\/in\/cde-almera-812b26a9\/"]},{"@type":"Person","@id":"https:\/\/www.cde.ual.es\/#\/schema\/person\/224ef08c8bcc005f319d2713ce37ee5f","name":"AdminCDE","image":{"@type":"ImageObject","inLanguage":"en-US","@id":"https:\/\/secure.gravatar.com\/avatar\/a72d038d371f995cd13706fac32274b7952a52e8fb0a84b5f80c85426f2a98a8?s=96&d=mm&r=g","url":"https:\/\/secure.gravatar.com\/avatar\/a72d038d371f995cd13706fac32274b7952a52e8fb0a84b5f80c85426f2a98a8?s=96&d=mm&r=g","contentUrl":"https:\/\/secure.gravatar.com\/avatar\/a72d038d371f995cd13706fac32274b7952a52e8fb0a84b5f80c85426f2a98a8?s=96&d=mm&r=g","caption":"AdminCDE"}}]}},"_links":{"self":[{"href":"https:\/\/www.cde.ual.es\/en\/wp-json\/wp\/v2\/posts\/1115","targetHints":{"allow":["GET"]}}],"collection":[{"href":"https:\/\/www.cde.ual.es\/en\/wp-json\/wp\/v2\/posts"}],"about":[{"href":"https:\/\/www.cde.ual.es\/en\/wp-json\/wp\/v2\/types\/post"}],"author":[{"embeddable":true,"href":"https:\/\/www.cde.ual.es\/en\/wp-json\/wp\/v2\/users\/1"}],"replies":[{"embeddable":true,"href":"https:\/\/www.cde.ual.es\/en\/wp-json\/wp\/v2\/comments?post=1115"}],"version-history":[{"count":0,"href":"https:\/\/www.cde.ual.es\/en\/wp-json\/wp\/v2\/posts\/1115\/revisions"}],"wp:attachment":[{"href":"https:\/\/www.cde.ual.es\/en\/wp-json\/wp\/v2\/media?parent=1115"}],"wp:term":[{"taxonomy":"category","embeddable":true,"href":"https:\/\/www.cde.ual.es\/en\/wp-json\/wp\/v2\/categories?post=1115"},{"taxonomy":"post_tag","embeddable":true,"href":"https:\/\/www.cde.ual.es\/en\/wp-json\/wp\/v2\/tags?post=1115"}],"curies":[{"name":"wp","href":"https:\/\/api.w.org\/{rel}","templated":true}]}}