{"id":111131,"date":"2022-06-27T03:00:16","date_gmt":"2022-06-27T01:00:16","guid":{"rendered":"https:\/\/www.cde.ual.es\/?p=111131"},"modified":"2022-06-23T11:08:41","modified_gmt":"2022-06-23T09:08:41","slug":"eu-wide-survey-in-face-of-ukraine-war-citizens-close-ranks-in-support-of-eu","status":"publish","type":"post","link":"https:\/\/www.cde.ual.es\/en\/eu-wide-survey-in-face-of-ukraine-war-citizens-close-ranks-in-support-of-eu\/","title":{"rendered":"EU-Wide Survey: In face of Ukraine war, Citizens close ranks in support of EU"},"content":{"rendered":"<div class=\"ep_gridcolumn ep-m_product\" data-view1200=\"6\" data-view1020=\"6\" data-view750=\"10\" data-view640=\"6\" data-view480=\"8\" data-view320=\"4\">\n<div class=\"ep_gridcolumn-content\">\n<div class=\"ep-a_text ep-layout_chapo\">\n<p><a href=\"https:\/\/www.cde.ual.es\/wp-content\/uploads\/2022\/06\/campaign-creators-pypeCEaJeZY-unsplash-scaled.jpg\"><img decoding=\"async\" class=\"aligncenter wp-image-111127\" src=\"https:\/\/www.cde.ual.es\/wp-content\/uploads\/2022\/06\/campaign-creators-pypeCEaJeZY-unsplash-1024x741.jpg\" alt=\"Eurobar\u00f3metro: los ciudadanos apoyan la respuesta de la UE a la guerra de Ucrania\" width=\"367\" height=\"265\" srcset=\"https:\/\/www.cde.ual.es\/wp-content\/uploads\/2022\/06\/campaign-creators-pypeCEaJeZY-unsplash-1024x741.jpg 1024w, https:\/\/www.cde.ual.es\/wp-content\/uploads\/2022\/06\/campaign-creators-pypeCEaJeZY-unsplash-300x217.jpg 300w, https:\/\/www.cde.ual.es\/wp-content\/uploads\/2022\/06\/campaign-creators-pypeCEaJeZY-unsplash-768x556.jpg 768w, https:\/\/www.cde.ual.es\/wp-content\/uploads\/2022\/06\/campaign-creators-pypeCEaJeZY-unsplash-1536x1112.jpg 1536w, https:\/\/www.cde.ual.es\/wp-content\/uploads\/2022\/06\/campaign-creators-pypeCEaJeZY-unsplash-2048x1482.jpg 2048w\" sizes=\"(max-width: 367px) 100vw, 367px\" \/><\/a><\/p>\n<div class=\"ep_gridcolumn ep-m_product\" data-view1200=\"6\" data-view1020=\"6\" data-view750=\"10\" data-view640=\"6\" data-view480=\"8\" data-view320=\"4\">\n<div class=\"ep_gridcolumn-content\">\n<div class=\"ep-a_text ep-layout_chapo\">\n<p style=\"text-align: justify;\">Russia\u2019s war against Ukraine has strengthened public support for the EU, the EP Spring Eurobarometer survey published today finds.<\/p>\n<\/div>\n<\/div>\n<\/div>\n<div class=\"ep_gridcolumn ep-m_product\" style=\"text-align: justify;\" data-view1200=\"6\" data-view1020=\"6\" data-view750=\"10\" data-view640=\"6\" data-view480=\"8\" data-view320=\"4\">\n<div class=\"ep_gridcolumn-content\">\n<div class=\"ep-a_text\">\n<p class=\"ep-wysiwig_paragraph\"><strong>Almost two thirds (65%) of Europeans see EU membership as a good thing<\/strong>. This is the highest result since 2007, when it was at 58%. EU membership is seen as \u2018a good thing\u2019 by a relative majority of citizens in all countries except Greece and Slovakia, where more respondents view it as \u2018neither a good nor a bad thing\u2019. Compared to Parliament\u2019s last Parlemeter survey conducted at the end of 2021, results have increased significantly in most countries, particularly in Lithuania (+20 pp), Malta (+12 pp) and Estonia (+9 pp).<\/p>\n<p class=\"ep-wysiwig_paragraph\"><strong>52% of Europeans today have a positive image of the EU, against 12% negative<\/strong>. This result is an increase of 3 points for positive image since November-December 2021 and, at the same time equals the best result measured by European Parliament\u2019s surveys since 2007. National results for a positive EU image range from 76% in Ireland to 32% in Greece.<\/p>\n<p class=\"ep-wysiwig_paragraph\"><a href=\"https:\/\/the-president.europarl.europa.eu\/en\/\" target=\"_blank\" rel=\"noopener\">European Parliament President Roberta Metsola<\/a>, welcoming the results of the survey, said: \u201cWith war returning to our continent, Europeans feel reassured to be part of the European Union. European citizens are deeply attached to freedom, are ready to defend our values, and are increasingly realising that democracy can no longer be taken for granted.\u201d<\/p>\n<\/div>\n<\/div>\n<\/div>\n<\/div>\n<\/div>\n<\/div>\n<div class=\"ep_gridcolumn ep-m_product\" data-view1200=\"6\" data-view1020=\"6\" data-view750=\"10\" data-view640=\"6\" data-view480=\"8\" data-view320=\"4\">\n<div class=\"ep_gridcolumn-content\">\n<div class=\"ep-a_text\">\n<table style=\"width: 99.9988%; border-collapse: collapse; border-style: double; border-color: #001f7d;\" cellpadding=\"0,5\">\n<tbody>\n<tr>\n<td style=\"width: 100%;\"><a href=\"https:\/\/www.cde.ual.es\/resultados-del-eurobarometro-2022\/\" target=\"_blank\" rel=\"noopener\"><img decoding=\"async\" class=\"alignleft\" src=\"https:\/\/www.cde.ual.es\/wp-content\/uploads\/2022\/06\/digital-marketing-1433427_1920-1-768x512.jpg\" alt=\"\" width=\"201\" height=\"134\" \/><\/a><\/p>\n<h4 class=\"entry-title\"><a href=\"https:\/\/www.cde.ual.es\/en\/eurobarometer-results-2022\/\" target=\"_blank\" rel=\"noopener\">Eurobarometer results 2022<\/a><\/h4>\n<\/td>\n<\/tr>\n<\/tbody>\n<\/table>\n<p class=\"ep-wysiwig_paragraph\" style=\"text-align: justify;\">Recent events have also shaped the\u00a0<strong>image Europeans have of other major actors on the international scene.<\/strong>\u00a0<strong>Russia is seen positively only by 10% of respondents<\/strong>, down from 30% in 2018 when this question was last asked. China returns the second lowest ranking with 22% (-14 pp). By contrast, Europeans have a more positive image of the UK (65%, +1 pp) followed by the USA with 58% (+13 pp).<\/p>\n<p class=\"ep-wysiwig_paragraph\" style=\"text-align: justify;\">Most citizens perceive the war in Ukraine as fundamental change:\u00a0<strong>61% of Europeans are not confident that their life will continue unchanged.\u00a0<\/strong>Only around a third of respondents (37%) believe it would.\u00a0<a href=\"https:\/\/europa.eu\/eurobarometer\/surveys\/detail\/2694\" target=\"_blank\" rel=\"noopener\">A survey published last week by the European Commission<\/a>\u00a0shows eight in ten respondents (80%) agreeing with imposing economic sanctions on the Russian government as well as Russian companies and individuals. A majority of citizens in 22 Member States is satisfied with the EU\u2019s response to the Russian invasion of Ukraine.<\/p>\n<p class=\"ep-wysiwig_paragraph\" style=\"text-align: justify;\">Inflation and the cost of living were already rising since long before Russia invaded Ukraine, further magnifying the problem, and now\u00a0<strong>four in ten Europeans say they are already experiencing an impact on their standard of living (40%).<\/strong>\u00a0As clear sign of European resilience and unity, 59% of\u00a0<strong>Europeans see the defence of common European values such as freedom and democracy as a priority &#8211; even if that were to affect prices and the cost of living.<\/strong><\/p>\n<p class=\"ep-wysiwig_paragraph\" style=\"text-align: justify;\">The increasing economic worries are also reflected in the political priorities citizens want the European Parliament to focus on:\u00a0<strong>The fight against poverty and social exclusion<\/strong>\u00a0is mentioned first (38%), followed by public health (35%), which has dropped significantly by 7 pp over the past six months, and\u00a0<strong>democracy and rule of law (32%)<\/strong>, which in turn was subject to a significant increase by 7 pp.<\/p>\n<p class=\"ep-wysiwig_paragraph\" style=\"text-align: justify;\">The perception of the war and what it means for the European Union becomes also visible in the citizens\u2019 core values they\u00a0<strong>want the European Parliament to defend as a matter of priority: Democracy again tops the list, with an increase of six points compared to autumn 2021 (38%, +6pp).\u00a0<\/strong>The protection of human rights in the EU and worldwide as well as the freedom of speech and thought both follow on 27%.<\/p>\n<h3 class=\"ep-wysiwig_paragraph\" style=\"text-align: justify;\"><strong>Background<\/strong><\/h3>\n<p class=\"ep-wysiwig_paragraph\" style=\"text-align: justify;\">The European Parliament\u2019s spring 2022 Eurobarometer was carried out between 19 April and 16 May 2022 among 26.578 respondents in the 27 EU Member States. The survey was conducted face-to-face and completed with online interviews where necessary. EU results were weighted according to the size of the population in each country.<\/p>\n<table style=\"width: 99.9988%; border-collapse: collapse; border-style: double; border-color: #001f7d;\" cellpadding=\"0,5\">\n<tbody>\n<tr>\n<td style=\"width: 100%;\"><a href=\"https:\/\/www.cde.ual.es\/ficha\/annual-report-2021-2\/\" target=\"_blank\" rel=\"noopener\"><img decoding=\"async\" class=\"alignleft\" src=\"https:\/\/www.cde.ual.es\/wp-content\/uploads\/2022\/06\/Annual-report-202-250x300.png\" alt=\"\" width=\"131\" height=\"157\" \/><\/a><\/p>\n<h4 class=\"entry-title\"><a href=\"https:\/\/www.cde.ual.es\/ficha\/annual-report-2021-2\/\" target=\"_blank\" rel=\"noopener\">Annual report 2021<\/a><\/h4>\n<\/td>\n<\/tr>\n<\/tbody>\n<\/table>\n<h3 style=\"text-align: justify;\">More information<\/h3>\n<p style=\"text-align: justify;\"><a href=\"https:\/\/www.europarl.europa.eu\/news\/en\/press-room\/20220616IPR33222\/eu-wide-survey-in-face-of-ukraine-war-citizens-close-ranks-in-support-of-eu\" target=\"_blank\" rel=\"noopener\">European Parliament &#8211; Press Release<\/a><\/p>\n<\/div>\n<\/div>\n<\/div>\n","protected":false},"excerpt":{"rendered":"<p>Russia\u2019s war against Ukraine has strengthened public support for the EU, the EP Spring Eurobarometer survey published today finds. Almost two thirds (65%) of Europeans see EU membership as a good thing. This is the highest result since 2007, when it was at 58%. EU membership is seen as \u2018a good thing\u2019 by a relative [&hellip;]<\/p>\n","protected":false},"author":101011,"featured_media":111128,"comment_status":"open","ping_status":"open","sticky":false,"template":"","format":"standard","meta":{"_acf_changed":false,"_relevanssi_hide_post":"","_relevanssi_hide_content":"","_relevanssi_pin_for_all":"","_relevanssi_pin_keywords":"","_relevanssi_unpin_keywords":"","_relevanssi_related_keywords":"","_relevanssi_related_include_ids":"","_relevanssi_related_exclude_ids":"","_relevanssi_related_no_append":"","_relevanssi_related_not_related":"","_relevanssi_related_posts":"","_relevanssi_noindex_reason":"","_monsterinsights_skip_tracking":false,"_monsterinsights_sitenote_active":false,"_monsterinsights_sitenote_note":"","_monsterinsights_sitenote_category":0,"_genesis_hide_title":false,"_genesis_hide_breadcrumbs":false,"_genesis_hide_singular_image":false,"_genesis_hide_footer_widgets":false,"_genesis_custom_body_class":"","_genesis_custom_post_class":"","_genesis_layout":"","footnotes":""},"categories":[4075,346,4078],"tags":[522,1119,456,5005],"class_list":{"0":"post-111131","1":"post","2":"type-post","3":"status-publish","4":"format-standard","5":"has-post-thumbnail","7":"category-defence-security","8":"category-eu-news","9":"category-internat-safety-pol","10":"tag-eurobarometer","11":"tag-results","12":"tag-security","13":"tag-ukraine","14":"entry"},"acf":[],"yoast_head":"<!-- This site is optimized with the Yoast SEO plugin v27.5 - https:\/\/yoast.com\/product\/yoast-seo-wordpress\/ -->\n<title>EU-Wide Survey: In face of Ukraine war, Citizens close ranks in support of EU | CDE Almer\u00eda - Centro de Documentaci\u00f3n Europea - Universidad de Almer\u00eda<\/title>\n<meta name=\"robots\" content=\"index, follow, max-snippet:-1, max-image-preview:large, max-video-preview:-1\" \/>\n<link rel=\"canonical\" href=\"https:\/\/www.cde.ual.es\/eurobarometro-los-ciudadanos-apoyan-la-respuesta-de-la-ue-a-la-guerra-de-ucrania\/\" \/>\n<meta property=\"og:locale\" content=\"en_US\" \/>\n<meta property=\"og:type\" content=\"article\" \/>\n<meta property=\"og:title\" content=\"EU-Wide Survey: In face of Ukraine war, Citizens close ranks in support of EU | CDE Almer\u00eda - Centro de Documentaci\u00f3n Europea - Universidad de Almer\u00eda\" \/>\n<meta property=\"og:description\" content=\"Russia\u2019s war against Ukraine has strengthened public support for the EU, the EP Spring Eurobarometer survey published today finds. Almost two thirds (65%) of Europeans see EU membership as a good thing. This is the highest result since 2007, when it was at 58%. EU membership is seen as \u2018a good thing\u2019 by a relative [&hellip;]\" \/>\n<meta property=\"og:url\" content=\"https:\/\/www.cde.ual.es\/eurobarometro-los-ciudadanos-apoyan-la-respuesta-de-la-ue-a-la-guerra-de-ucrania\/\" \/>\n<meta property=\"og:site_name\" content=\"CDE Almer\u00eda - Centro de Documentaci\u00f3n Europea - Universidad de Almer\u00eda\" \/>\n<meta property=\"article:publisher\" content=\"https:\/\/www.facebook.com\/cdeuniversidadalmeria\/\" \/>\n<meta property=\"article:published_time\" content=\"2022-06-27T01:00:16+00:00\" \/>\n<meta property=\"og:image\" content=\"https:\/\/www.cde.ual.es\/wp-content\/uploads\/2022\/06\/campaign-creators-pypeCEaJeZY-unsplash-scaled.jpg\" \/>\n\t<meta property=\"og:image:width\" content=\"2560\" \/>\n\t<meta property=\"og:image:height\" content=\"1853\" \/>\n\t<meta property=\"og:image:type\" content=\"image\/jpeg\" \/>\n<meta name=\"author\" content=\"BECA 2 CDE\" \/>\n<meta name=\"twitter:card\" content=\"summary_large_image\" \/>\n<meta name=\"twitter:creator\" content=\"@cdeualmeria\" \/>\n<meta name=\"twitter:site\" content=\"@cdeualmeria\" \/>\n<meta name=\"twitter:label1\" content=\"Written by\" \/>\n\t<meta name=\"twitter:data1\" content=\"BECA 2 CDE\" \/>\n\t<meta name=\"twitter:label2\" content=\"Est. reading time\" \/>\n\t<meta name=\"twitter:data2\" content=\"4 minutes\" \/>\n<script type=\"application\/ld+json\" class=\"yoast-schema-graph\">{\"@context\":\"https:\\\/\\\/schema.org\",\"@graph\":[{\"@type\":\"Article\",\"@id\":\"https:\\\/\\\/www.cde.ual.es\\\/eurobarometro-los-ciudadanos-apoyan-la-respuesta-de-la-ue-a-la-guerra-de-ucrania\\\/#article\",\"isPartOf\":{\"@id\":\"https:\\\/\\\/www.cde.ual.es\\\/eurobarometro-los-ciudadanos-apoyan-la-respuesta-de-la-ue-a-la-guerra-de-ucrania\\\/\"},\"author\":{\"name\":\"BECA 2 CDE\",\"@id\":\"https:\\\/\\\/www.cde.ual.es\\\/#\\\/schema\\\/person\\\/ee46ebc19edfa19598c02cff83335acc\"},\"headline\":\"EU-Wide Survey: In face of Ukraine war, Citizens close ranks in support of EU\",\"datePublished\":\"2022-06-27T01:00:16+00:00\",\"mainEntityOfPage\":{\"@id\":\"https:\\\/\\\/www.cde.ual.es\\\/eurobarometro-los-ciudadanos-apoyan-la-respuesta-de-la-ue-a-la-guerra-de-ucrania\\\/\"},\"wordCount\":631,\"commentCount\":0,\"publisher\":{\"@id\":\"https:\\\/\\\/www.cde.ual.es\\\/#organization\"},\"image\":{\"@id\":\"https:\\\/\\\/www.cde.ual.es\\\/eurobarometro-los-ciudadanos-apoyan-la-respuesta-de-la-ue-a-la-guerra-de-ucrania\\\/#primaryimage\"},\"thumbnailUrl\":\"https:\\\/\\\/www.cde.ual.es\\\/wp-content\\\/uploads\\\/2022\\\/06\\\/campaign-creators-pypeCEaJeZY-unsplash-scaled.jpg\",\"keywords\":[\"Eurobarometer\",\"Results\",\"Security\",\"ukraine\"],\"articleSection\":[\"Defence &amp; Security\",\"EU News\",\"International Safety and Defence Politics\"],\"inLanguage\":\"en-US\",\"potentialAction\":[{\"@type\":\"CommentAction\",\"name\":\"Comment\",\"target\":[\"https:\\\/\\\/www.cde.ual.es\\\/eurobarometro-los-ciudadanos-apoyan-la-respuesta-de-la-ue-a-la-guerra-de-ucrania\\\/#respond\"]}]},{\"@type\":\"WebPage\",\"@id\":\"https:\\\/\\\/www.cde.ual.es\\\/eurobarometro-los-ciudadanos-apoyan-la-respuesta-de-la-ue-a-la-guerra-de-ucrania\\\/\",\"url\":\"https:\\\/\\\/www.cde.ual.es\\\/eurobarometro-los-ciudadanos-apoyan-la-respuesta-de-la-ue-a-la-guerra-de-ucrania\\\/\",\"name\":\"EU-Wide Survey: In face of Ukraine war, Citizens close ranks in support of EU | CDE Almer\u00eda - Centro de Documentaci\u00f3n Europea - Universidad de Almer\u00eda\",\"isPartOf\":{\"@id\":\"https:\\\/\\\/www.cde.ual.es\\\/#website\"},\"primaryImageOfPage\":{\"@id\":\"https:\\\/\\\/www.cde.ual.es\\\/eurobarometro-los-ciudadanos-apoyan-la-respuesta-de-la-ue-a-la-guerra-de-ucrania\\\/#primaryimage\"},\"image\":{\"@id\":\"https:\\\/\\\/www.cde.ual.es\\\/eurobarometro-los-ciudadanos-apoyan-la-respuesta-de-la-ue-a-la-guerra-de-ucrania\\\/#primaryimage\"},\"thumbnailUrl\":\"https:\\\/\\\/www.cde.ual.es\\\/wp-content\\\/uploads\\\/2022\\\/06\\\/campaign-creators-pypeCEaJeZY-unsplash-scaled.jpg\",\"datePublished\":\"2022-06-27T01:00:16+00:00\",\"breadcrumb\":{\"@id\":\"https:\\\/\\\/www.cde.ual.es\\\/eurobarometro-los-ciudadanos-apoyan-la-respuesta-de-la-ue-a-la-guerra-de-ucrania\\\/#breadcrumb\"},\"inLanguage\":\"en-US\",\"potentialAction\":[{\"@type\":\"ReadAction\",\"target\":[\"https:\\\/\\\/www.cde.ual.es\\\/eurobarometro-los-ciudadanos-apoyan-la-respuesta-de-la-ue-a-la-guerra-de-ucrania\\\/\"]}]},{\"@type\":\"ImageObject\",\"inLanguage\":\"en-US\",\"@id\":\"https:\\\/\\\/www.cde.ual.es\\\/eurobarometro-los-ciudadanos-apoyan-la-respuesta-de-la-ue-a-la-guerra-de-ucrania\\\/#primaryimage\",\"url\":\"https:\\\/\\\/www.cde.ual.es\\\/wp-content\\\/uploads\\\/2022\\\/06\\\/campaign-creators-pypeCEaJeZY-unsplash-scaled.jpg\",\"contentUrl\":\"https:\\\/\\\/www.cde.ual.es\\\/wp-content\\\/uploads\\\/2022\\\/06\\\/campaign-creators-pypeCEaJeZY-unsplash-scaled.jpg\",\"width\":2560,\"height\":1853},{\"@type\":\"BreadcrumbList\",\"@id\":\"https:\\\/\\\/www.cde.ual.es\\\/eurobarometro-los-ciudadanos-apoyan-la-respuesta-de-la-ue-a-la-guerra-de-ucrania\\\/#breadcrumb\",\"itemListElement\":[{\"@type\":\"ListItem\",\"position\":1,\"name\":\"Inicio\",\"item\":\"https:\\\/\\\/www.cde.ual.es\\\/en\\\/\"},{\"@type\":\"ListItem\",\"position\":2,\"name\":\"Noticias UE\",\"item\":\"https:\\\/\\\/www.cde.ual.es\\\/category\\\/noticias-ue\\\/\"},{\"@type\":\"ListItem\",\"position\":3,\"name\":\"Defensa y Seguridad\",\"item\":\"https:\\\/\\\/www.cde.ual.es\\\/category\\\/noticias-ue\\\/defensa-seguridad\\\/\"},{\"@type\":\"ListItem\",\"position\":4,\"name\":\"International Safety and Defence Politics\",\"item\":\"https:\\\/\\\/www.cde.ual.es\\\/en\\\/category\\\/eu-news\\\/defence-security\\\/internat-safety-pol\\\/\"},{\"@type\":\"ListItem\",\"position\":5,\"name\":\"EU-Wide Survey: In face of Ukraine war, Citizens close ranks in support of EU\"}]},{\"@type\":\"WebSite\",\"@id\":\"https:\\\/\\\/www.cde.ual.es\\\/#website\",\"url\":\"https:\\\/\\\/www.cde.ual.es\\\/\",\"name\":\"CDE Almer\u00eda - Centro de Documentaci\u00f3n Europea - Universidad de Almer\u00eda\",\"description\":\"Centro de Documentaci\u00f3n Europea de la Universidad de Almer\u00eda\",\"publisher\":{\"@id\":\"https:\\\/\\\/www.cde.ual.es\\\/#organization\"},\"alternateName\":\"CDE Almer\u00eda\",\"potentialAction\":[{\"@type\":\"SearchAction\",\"target\":{\"@type\":\"EntryPoint\",\"urlTemplate\":\"https:\\\/\\\/www.cde.ual.es\\\/?s={search_term_string}\"},\"query-input\":{\"@type\":\"PropertyValueSpecification\",\"valueRequired\":true,\"valueName\":\"search_term_string\"}}],\"inLanguage\":\"en-US\"},{\"@type\":\"Organization\",\"@id\":\"https:\\\/\\\/www.cde.ual.es\\\/#organization\",\"name\":\"Centro de Documentaci\u00f3n Europea de Almer\u00eda\",\"url\":\"https:\\\/\\\/www.cde.ual.es\\\/\",\"logo\":{\"@type\":\"ImageObject\",\"inLanguage\":\"en-US\",\"@id\":\"https:\\\/\\\/www.cde.ual.es\\\/#\\\/schema\\\/logo\\\/image\\\/\",\"url\":\"https:\\\/\\\/www.cde.ual.es\\\/wp-content\\\/uploads\\\/2025\\\/07\\\/cde-logo-3.png\",\"contentUrl\":\"https:\\\/\\\/www.cde.ual.es\\\/wp-content\\\/uploads\\\/2025\\\/07\\\/cde-logo-3.png\",\"width\":1400,\"height\":300,\"caption\":\"Centro de Documentaci\u00f3n Europea de Almer\u00eda\"},\"image\":{\"@id\":\"https:\\\/\\\/www.cde.ual.es\\\/#\\\/schema\\\/logo\\\/image\\\/\"},\"sameAs\":[\"https:\\\/\\\/www.facebook.com\\\/cdeuniversidadalmeria\\\/\",\"https:\\\/\\\/x.com\\\/cdeualmeria\",\"https:\\\/\\\/www.tiktok.com\\\/@cdealmeria\",\"https:\\\/\\\/www.instagram.com\\\/cdealmeria\\\/\",\"https:\\\/\\\/www.linkedin.com\\\/in\\\/cde-almera-812b26a9\\\/\"]},{\"@type\":\"Person\",\"@id\":\"https:\\\/\\\/www.cde.ual.es\\\/#\\\/schema\\\/person\\\/ee46ebc19edfa19598c02cff83335acc\",\"name\":\"BECA 2 CDE\",\"image\":{\"@type\":\"ImageObject\",\"inLanguage\":\"en-US\",\"@id\":\"https:\\\/\\\/secure.gravatar.com\\\/avatar\\\/35a481bbc04bbd90e91bdfa3b0b5541036c222a49b9ad37b6889a2afcb5311a5?s=96&d=mm&r=g\",\"url\":\"https:\\\/\\\/secure.gravatar.com\\\/avatar\\\/35a481bbc04bbd90e91bdfa3b0b5541036c222a49b9ad37b6889a2afcb5311a5?s=96&d=mm&r=g\",\"contentUrl\":\"https:\\\/\\\/secure.gravatar.com\\\/avatar\\\/35a481bbc04bbd90e91bdfa3b0b5541036c222a49b9ad37b6889a2afcb5311a5?s=96&d=mm&r=g\",\"caption\":\"BECA 2 CDE\"},\"sameAs\":[\"http:\\\/\\\/www.cdealmeria.com\"]}]}<\/script>\n<!-- \/ Yoast SEO plugin. -->","yoast_head_json":{"title":"EU-Wide Survey: In face of Ukraine war, Citizens close ranks in support of EU | CDE Almer\u00eda - Centro de Documentaci\u00f3n Europea - Universidad de Almer\u00eda","robots":{"index":"index","follow":"follow","max-snippet":"max-snippet:-1","max-image-preview":"max-image-preview:large","max-video-preview":"max-video-preview:-1"},"canonical":"https:\/\/www.cde.ual.es\/eurobarometro-los-ciudadanos-apoyan-la-respuesta-de-la-ue-a-la-guerra-de-ucrania\/","og_locale":"en_US","og_type":"article","og_title":"EU-Wide Survey: In face of Ukraine war, Citizens close ranks in support of EU | CDE Almer\u00eda - Centro de Documentaci\u00f3n Europea - Universidad de Almer\u00eda","og_description":"Russia\u2019s war against Ukraine has strengthened public support for the EU, the EP Spring Eurobarometer survey published today finds. Almost two thirds (65%) of Europeans see EU membership as a good thing. This is the highest result since 2007, when it was at 58%. EU membership is seen as \u2018a good thing\u2019 by a relative [&hellip;]","og_url":"https:\/\/www.cde.ual.es\/eurobarometro-los-ciudadanos-apoyan-la-respuesta-de-la-ue-a-la-guerra-de-ucrania\/","og_site_name":"CDE Almer\u00eda - Centro de Documentaci\u00f3n Europea - Universidad de Almer\u00eda","article_publisher":"https:\/\/www.facebook.com\/cdeuniversidadalmeria\/","article_published_time":"2022-06-27T01:00:16+00:00","og_image":[{"width":2560,"height":1853,"url":"https:\/\/www.cde.ual.es\/wp-content\/uploads\/2022\/06\/campaign-creators-pypeCEaJeZY-unsplash-scaled.jpg","type":"image\/jpeg"}],"author":"BECA 2 CDE","twitter_card":"summary_large_image","twitter_creator":"@cdeualmeria","twitter_site":"@cdeualmeria","twitter_misc":{"Written by":"BECA 2 CDE","Est. reading time":"4 minutes"},"schema":{"@context":"https:\/\/schema.org","@graph":[{"@type":"Article","@id":"https:\/\/www.cde.ual.es\/eurobarometro-los-ciudadanos-apoyan-la-respuesta-de-la-ue-a-la-guerra-de-ucrania\/#article","isPartOf":{"@id":"https:\/\/www.cde.ual.es\/eurobarometro-los-ciudadanos-apoyan-la-respuesta-de-la-ue-a-la-guerra-de-ucrania\/"},"author":{"name":"BECA 2 CDE","@id":"https:\/\/www.cde.ual.es\/#\/schema\/person\/ee46ebc19edfa19598c02cff83335acc"},"headline":"EU-Wide Survey: In face of Ukraine war, Citizens close ranks in support of EU","datePublished":"2022-06-27T01:00:16+00:00","mainEntityOfPage":{"@id":"https:\/\/www.cde.ual.es\/eurobarometro-los-ciudadanos-apoyan-la-respuesta-de-la-ue-a-la-guerra-de-ucrania\/"},"wordCount":631,"commentCount":0,"publisher":{"@id":"https:\/\/www.cde.ual.es\/#organization"},"image":{"@id":"https:\/\/www.cde.ual.es\/eurobarometro-los-ciudadanos-apoyan-la-respuesta-de-la-ue-a-la-guerra-de-ucrania\/#primaryimage"},"thumbnailUrl":"https:\/\/www.cde.ual.es\/wp-content\/uploads\/2022\/06\/campaign-creators-pypeCEaJeZY-unsplash-scaled.jpg","keywords":["Eurobarometer","Results","Security","ukraine"],"articleSection":["Defence &amp; Security","EU News","International Safety and Defence Politics"],"inLanguage":"en-US","potentialAction":[{"@type":"CommentAction","name":"Comment","target":["https:\/\/www.cde.ual.es\/eurobarometro-los-ciudadanos-apoyan-la-respuesta-de-la-ue-a-la-guerra-de-ucrania\/#respond"]}]},{"@type":"WebPage","@id":"https:\/\/www.cde.ual.es\/eurobarometro-los-ciudadanos-apoyan-la-respuesta-de-la-ue-a-la-guerra-de-ucrania\/","url":"https:\/\/www.cde.ual.es\/eurobarometro-los-ciudadanos-apoyan-la-respuesta-de-la-ue-a-la-guerra-de-ucrania\/","name":"EU-Wide Survey: In face of Ukraine war, Citizens close ranks in support of EU | CDE Almer\u00eda - Centro de Documentaci\u00f3n Europea - Universidad de Almer\u00eda","isPartOf":{"@id":"https:\/\/www.cde.ual.es\/#website"},"primaryImageOfPage":{"@id":"https:\/\/www.cde.ual.es\/eurobarometro-los-ciudadanos-apoyan-la-respuesta-de-la-ue-a-la-guerra-de-ucrania\/#primaryimage"},"image":{"@id":"https:\/\/www.cde.ual.es\/eurobarometro-los-ciudadanos-apoyan-la-respuesta-de-la-ue-a-la-guerra-de-ucrania\/#primaryimage"},"thumbnailUrl":"https:\/\/www.cde.ual.es\/wp-content\/uploads\/2022\/06\/campaign-creators-pypeCEaJeZY-unsplash-scaled.jpg","datePublished":"2022-06-27T01:00:16+00:00","breadcrumb":{"@id":"https:\/\/www.cde.ual.es\/eurobarometro-los-ciudadanos-apoyan-la-respuesta-de-la-ue-a-la-guerra-de-ucrania\/#breadcrumb"},"inLanguage":"en-US","potentialAction":[{"@type":"ReadAction","target":["https:\/\/www.cde.ual.es\/eurobarometro-los-ciudadanos-apoyan-la-respuesta-de-la-ue-a-la-guerra-de-ucrania\/"]}]},{"@type":"ImageObject","inLanguage":"en-US","@id":"https:\/\/www.cde.ual.es\/eurobarometro-los-ciudadanos-apoyan-la-respuesta-de-la-ue-a-la-guerra-de-ucrania\/#primaryimage","url":"https:\/\/www.cde.ual.es\/wp-content\/uploads\/2022\/06\/campaign-creators-pypeCEaJeZY-unsplash-scaled.jpg","contentUrl":"https:\/\/www.cde.ual.es\/wp-content\/uploads\/2022\/06\/campaign-creators-pypeCEaJeZY-unsplash-scaled.jpg","width":2560,"height":1853},{"@type":"BreadcrumbList","@id":"https:\/\/www.cde.ual.es\/eurobarometro-los-ciudadanos-apoyan-la-respuesta-de-la-ue-a-la-guerra-de-ucrania\/#breadcrumb","itemListElement":[{"@type":"ListItem","position":1,"name":"Inicio","item":"https:\/\/www.cde.ual.es\/en\/"},{"@type":"ListItem","position":2,"name":"Noticias UE","item":"https:\/\/www.cde.ual.es\/category\/noticias-ue\/"},{"@type":"ListItem","position":3,"name":"Defensa y Seguridad","item":"https:\/\/www.cde.ual.es\/category\/noticias-ue\/defensa-seguridad\/"},{"@type":"ListItem","position":4,"name":"International Safety and Defence Politics","item":"https:\/\/www.cde.ual.es\/en\/category\/eu-news\/defence-security\/internat-safety-pol\/"},{"@type":"ListItem","position":5,"name":"EU-Wide Survey: In face of Ukraine war, Citizens close ranks in support of EU"}]},{"@type":"WebSite","@id":"https:\/\/www.cde.ual.es\/#website","url":"https:\/\/www.cde.ual.es\/","name":"CDE Almer\u00eda - Centro de Documentaci\u00f3n Europea - Universidad de Almer\u00eda","description":"Centro de Documentaci\u00f3n Europea de la Universidad de Almer\u00eda","publisher":{"@id":"https:\/\/www.cde.ual.es\/#organization"},"alternateName":"CDE Almer\u00eda","potentialAction":[{"@type":"SearchAction","target":{"@type":"EntryPoint","urlTemplate":"https:\/\/www.cde.ual.es\/?s={search_term_string}"},"query-input":{"@type":"PropertyValueSpecification","valueRequired":true,"valueName":"search_term_string"}}],"inLanguage":"en-US"},{"@type":"Organization","@id":"https:\/\/www.cde.ual.es\/#organization","name":"Centro de Documentaci\u00f3n Europea de Almer\u00eda","url":"https:\/\/www.cde.ual.es\/","logo":{"@type":"ImageObject","inLanguage":"en-US","@id":"https:\/\/www.cde.ual.es\/#\/schema\/logo\/image\/","url":"https:\/\/www.cde.ual.es\/wp-content\/uploads\/2025\/07\/cde-logo-3.png","contentUrl":"https:\/\/www.cde.ual.es\/wp-content\/uploads\/2025\/07\/cde-logo-3.png","width":1400,"height":300,"caption":"Centro de Documentaci\u00f3n Europea de Almer\u00eda"},"image":{"@id":"https:\/\/www.cde.ual.es\/#\/schema\/logo\/image\/"},"sameAs":["https:\/\/www.facebook.com\/cdeuniversidadalmeria\/","https:\/\/x.com\/cdeualmeria","https:\/\/www.tiktok.com\/@cdealmeria","https:\/\/www.instagram.com\/cdealmeria\/","https:\/\/www.linkedin.com\/in\/cde-almera-812b26a9\/"]},{"@type":"Person","@id":"https:\/\/www.cde.ual.es\/#\/schema\/person\/ee46ebc19edfa19598c02cff83335acc","name":"BECA 2 CDE","image":{"@type":"ImageObject","inLanguage":"en-US","@id":"https:\/\/secure.gravatar.com\/avatar\/35a481bbc04bbd90e91bdfa3b0b5541036c222a49b9ad37b6889a2afcb5311a5?s=96&d=mm&r=g","url":"https:\/\/secure.gravatar.com\/avatar\/35a481bbc04bbd90e91bdfa3b0b5541036c222a49b9ad37b6889a2afcb5311a5?s=96&d=mm&r=g","contentUrl":"https:\/\/secure.gravatar.com\/avatar\/35a481bbc04bbd90e91bdfa3b0b5541036c222a49b9ad37b6889a2afcb5311a5?s=96&d=mm&r=g","caption":"BECA 2 CDE"},"sameAs":["http:\/\/www.cdealmeria.com"]}]}},"_links":{"self":[{"href":"https:\/\/www.cde.ual.es\/en\/wp-json\/wp\/v2\/posts\/111131","targetHints":{"allow":["GET"]}}],"collection":[{"href":"https:\/\/www.cde.ual.es\/en\/wp-json\/wp\/v2\/posts"}],"about":[{"href":"https:\/\/www.cde.ual.es\/en\/wp-json\/wp\/v2\/types\/post"}],"author":[{"embeddable":true,"href":"https:\/\/www.cde.ual.es\/en\/wp-json\/wp\/v2\/users\/101011"}],"replies":[{"embeddable":true,"href":"https:\/\/www.cde.ual.es\/en\/wp-json\/wp\/v2\/comments?post=111131"}],"version-history":[{"count":1,"href":"https:\/\/www.cde.ual.es\/en\/wp-json\/wp\/v2\/posts\/111131\/revisions"}],"predecessor-version":[{"id":111134,"href":"https:\/\/www.cde.ual.es\/en\/wp-json\/wp\/v2\/posts\/111131\/revisions\/111134"}],"wp:featuredmedia":[{"embeddable":true,"href":"https:\/\/www.cde.ual.es\/en\/wp-json\/wp\/v2\/media\/111128"}],"wp:attachment":[{"href":"https:\/\/www.cde.ual.es\/en\/wp-json\/wp\/v2\/media?parent=111131"}],"wp:term":[{"taxonomy":"category","embeddable":true,"href":"https:\/\/www.cde.ual.es\/en\/wp-json\/wp\/v2\/categories?post=111131"},{"taxonomy":"post_tag","embeddable":true,"href":"https:\/\/www.cde.ual.es\/en\/wp-json\/wp\/v2\/tags?post=111131"}],"curies":[{"name":"wp","href":"https:\/\/api.w.org\/{rel}","templated":true}]}}