{"id":11113,"date":"2019-01-08T08:30:55","date_gmt":"2019-01-08T07:30:55","guid":{"rendered":"http:\/\/www.cde.ual.es\/?p=11113"},"modified":"2019-01-08T09:28:42","modified_gmt":"2019-01-08T08:28:42","slug":"1-5-millones-de-refugiados-en-turquia-gracias-al-programa-humanitario-mas-grande-de-la-ue","status":"publish","type":"post","link":"https:\/\/www.cde.ual.es\/en\/1-5-millones-de-refugiados-en-turquia-gracias-al-programa-humanitario-mas-grande-de-la-ue\/","title":{"rendered":"1.5 millones de refugiados en Turqu\u00eda gracias al programa humanitario m\u00e1s grande de la UE"},"content":{"rendered":"\n<p><strong>La Red de seguridad social de emergencia, el mayor programa humanitario de la UE, ha ayudado a 1,5 millones de los refugiados m\u00e1s vulnerables de Turqu\u00eda.<\/strong><br><\/p>\n\n\n\n<figure class=\"wp-block-image\"><img decoding=\"async\" src=\"http:\/\/www.cde.ual.es\/wp-content\/uploads\/2019\/01\/turkey_c_eu_erenaygun_web.jpg\" alt=\"\" class=\"wp-image-11114\"\/><figcaption>Ayuda humanitaria de la UE a Turqu\u00eda.<\/figcaption><\/figure>\n\n\n\n<p>El programa financiado por la UE, lanzado en septiembre de 2016, es el proyecto humanitario m\u00e1s grande en la historia de la Uni\u00f3n Europea.<\/p>\n\n\n\n<p>La asistencia humanitaria de la UE en Turqu\u00eda contin\u00faa dando resultados tangibles para los refugiados m\u00e1s vulnerables en Turqu\u00eda. La Red de seguridad social de emergencia ofrece transferencias mensuales de efectivo a trav\u00e9s de una tarjeta de d\u00e9bito para ayudar a los refugiados a comprar lo que m\u00e1s necesitan, como alimentos, medicamentos o pagar el alquiler. Otro programa emblem\u00e1tico, la Transferencia monetaria condicional para la educaci\u00f3n, ha superado sus metas iniciales y ahora apoya a las familias de m\u00e1s de 410,000 ni\u00f1os que asisten a la escuela regularmente.<\/p>\n\n\n\n<p>Los programas de la UE continuar\u00e1n en 2019, con un enfoque en apoyar a\u00fan m\u00e1s a los m\u00e1s vulnerables y asegurar una transici\u00f3n sostenible de la ayuda humanitaria a una respuesta a largo plazo. La financiaci\u00f3n humanitaria de la UE prevista para 2019 es de 640 millones de euros, de los cuales 80 millones se destinar\u00e1n a apoyar la educaci\u00f3n en situaciones de emergencia. Esta financiaci\u00f3n forma parte del segundo tramo de 3 000 millones de euros del Fondo para refugiados en Turqu\u00eda, tanto para asistencia humanitaria como no humanitaria.<\/p>\n\n\n\n<h3 class=\"wp-block-heading\">Fondo<\/h3>\n\n\n\n<p>El Fondo de la Uni\u00f3n Europea para los Refugiados en Turqu\u00eda se cre\u00f3 en 2015 en respuesta al llamamiento del Consejo Europeo de una importante financiaci\u00f3n adicional para apoyar a los refugiados en Turqu\u00eda. El Fondo de la UE tiene un presupuesto total de \u20ac 6 mil millones para proyectos humanitarios y no humanitarios, de los cuales \u20ac 3 mil millones para 2016-2017 y \u20ac 3 mil millones para 2018-2019.<\/p>\n\n\n\n<p>El Programa Mundial de Alimentos y la Media Luna Roja Turca implementan el programa de la Red de Seguridad Social de Emergencia en estrecha colaboraci\u00f3n con las autoridades turcas. Con una financiaci\u00f3n de la UE de casi 1.000 millones de euros hasta la fecha, los refugiados reciben alrededor de 20 euros por persona al mes, adem\u00e1s de recargas trimestrales para satisfacer sus necesidades b\u00e1sicas.<\/p>\n\n\n\n<p>Otra iniciativa emblem\u00e1tica, el proyecto de Transferencia de efectivo condicional para la educaci\u00f3n (CCTE), ayuda a los ni\u00f1os refugiados a inscribirse y asistir a la escuela. El programa se basa en la Red de Seguridad Social de Emergencia. Proporciona asistencia en efectivo a familias refugiadas vulnerables con ni\u00f1os que asisten a la escuela regularmente.<\/p>\n\n\n\n<p>Adem\u00e1s de la asistencia humanitaria, el Fondo de la UE para los Refugiados en Turqu\u00eda se centra en la educaci\u00f3n, la gesti\u00f3n de la migraci\u00f3n, la salud, la infraestructura municipal y el apoyo socioecon\u00f3mico.<\/p>\n\n\n\n<h4 class=\"wp-block-heading\">M\u00e1s informaci\u00f3n<\/h4>\n\n\n\n<p>Accede a la noticia completa <a href=\"http:\/\/europa.eu\/rapid\/press-release_IP-19-1_en.htm\">aqu\u00ed<\/a><\/p>\n\n\n\n<p>Hoja informativa: <a href=\"https:\/\/ec.europa.eu\/echo\/where\/europe\/turkey_en\">Ayuda humanitaria a Turqu\u00eda.<\/a><\/p>\n\n\n\n<p>Hoja informativa: <a href=\"https:\/\/ec.europa.eu\/neighbourhood-enlargement\/sites\/near\/files\/frit_factsheet.pdf\">El Fondo de la UE para Refugiados en Turqu\u00eda<\/a><\/p>\n\n\n\n<p><\/p>\n\n\n","protected":false},"excerpt":{"rendered":"<p>La Red de seguridad social de emergencia, el mayor programa humanitario de la UE, ha ayudado a 1,5 millones de los refugiados m\u00e1s vulnerables de Turqu\u00eda. El programa financiado por la UE, lanzado en septiembre de 2016, es el proyecto humanitario m\u00e1s grande en la historia de la Uni\u00f3n Europea. La asistencia humanitaria de la [&hellip;]<\/p>\n","protected":false},"author":101011,"featured_media":11116,"comment_status":"open","ping_status":"open","sticky":false,"template":"","format":"standard","meta":{"_acf_changed":false,"_relevanssi_hide_post":"","_relevanssi_hide_content":"","_relevanssi_pin_for_all":"","_relevanssi_pin_keywords":"","_relevanssi_unpin_keywords":"","_relevanssi_related_keywords":"","_relevanssi_related_include_ids":"","_relevanssi_related_exclude_ids":"","_relevanssi_related_no_append":"","_relevanssi_related_not_related":"","_relevanssi_related_posts":"","_relevanssi_noindex_reason":"","_monsterinsights_skip_tracking":false,"_monsterinsights_sitenote_active":false,"_monsterinsights_sitenote_note":"","_monsterinsights_sitenote_category":0,"_genesis_hide_title":false,"_genesis_hide_breadcrumbs":false,"_genesis_hide_singular_image":false,"_genesis_hide_footer_widgets":false,"_genesis_custom_body_class":"","_genesis_custom_post_class":"","_genesis_layout":"","footnotes":""},"categories":[96],"tags":[176,135],"class_list":{"0":"post-11113","1":"post","2":"type-post","3":"status-publish","4":"format-standard","5":"has-post-thumbnail","7":"category-noticias-ue","8":"tag-ayuda-humanitaria","9":"tag-union-europea","10":"entry"},"acf":[],"yoast_head":"<!-- This site is optimized with the Yoast SEO plugin v27.4 - https:\/\/yoast.com\/product\/yoast-seo-wordpress\/ -->\n<title>1.5 millones de refugiados en Turqu\u00eda gracias al programa humanitario m\u00e1s grande de la UE | CDE Almer\u00eda - Centro de Documentaci\u00f3n Europea - Universidad de Almer\u00eda<\/title>\n<meta name=\"robots\" content=\"index, follow, max-snippet:-1, max-image-preview:large, max-video-preview:-1\" \/>\n<link rel=\"canonical\" href=\"https:\/\/www.cde.ual.es\/1-5-millones-de-refugiados-en-turquia-gracias-al-programa-humanitario-mas-grande-de-la-ue\/\" \/>\n<meta property=\"og:locale\" content=\"en_US\" \/>\n<meta property=\"og:type\" content=\"article\" \/>\n<meta property=\"og:title\" content=\"1.5 millones de refugiados en Turqu\u00eda gracias al programa humanitario m\u00e1s grande de la UE | CDE Almer\u00eda - Centro de Documentaci\u00f3n Europea - Universidad de Almer\u00eda\" \/>\n<meta property=\"og:description\" content=\"La Red de seguridad social de emergencia, el mayor programa humanitario de la UE, ha ayudado a 1,5 millones de los refugiados m\u00e1s vulnerables de Turqu\u00eda. El programa financiado por la UE, lanzado en septiembre de 2016, es el proyecto humanitario m\u00e1s grande en la historia de la Uni\u00f3n Europea. La asistencia humanitaria de la [&hellip;]\" \/>\n<meta property=\"og:url\" content=\"https:\/\/www.cde.ual.es\/1-5-millones-de-refugiados-en-turquia-gracias-al-programa-humanitario-mas-grande-de-la-ue\/\" \/>\n<meta property=\"og:site_name\" content=\"CDE Almer\u00eda - Centro de Documentaci\u00f3n Europea - Universidad de Almer\u00eda\" \/>\n<meta property=\"article:publisher\" content=\"https:\/\/www.facebook.com\/cdeuniversidadalmeria\/\" \/>\n<meta property=\"article:published_time\" content=\"2019-01-08T07:30:55+00:00\" \/>\n<meta property=\"article:modified_time\" content=\"2019-01-08T08:28:42+00:00\" \/>\n<meta property=\"og:image\" content=\"https:\/\/www.cde.ual.es\/wp-content\/uploads\/2019\/01\/fotonoticia_20190107222957_640.jpg\" \/>\n\t<meta property=\"og:image:width\" content=\"640\" \/>\n\t<meta property=\"og:image:height\" content=\"447\" \/>\n\t<meta property=\"og:image:type\" content=\"image\/jpeg\" \/>\n<meta name=\"author\" content=\"BECA 2 CDE\" \/>\n<meta name=\"twitter:card\" content=\"summary_large_image\" \/>\n<meta name=\"twitter:creator\" content=\"@cdeualmeria\" \/>\n<meta name=\"twitter:site\" content=\"@cdeualmeria\" \/>\n<meta name=\"twitter:label1\" content=\"Written by\" \/>\n\t<meta name=\"twitter:data1\" content=\"BECA 2 CDE\" \/>\n\t<meta name=\"twitter:label2\" content=\"Est. reading time\" \/>\n\t<meta name=\"twitter:data2\" content=\"3 minutes\" \/>\n<script type=\"application\/ld+json\" class=\"yoast-schema-graph\">{\"@context\":\"https:\\\/\\\/schema.org\",\"@graph\":[{\"@type\":\"Article\",\"@id\":\"https:\\\/\\\/www.cde.ual.es\\\/1-5-millones-de-refugiados-en-turquia-gracias-al-programa-humanitario-mas-grande-de-la-ue\\\/#article\",\"isPartOf\":{\"@id\":\"https:\\\/\\\/www.cde.ual.es\\\/1-5-millones-de-refugiados-en-turquia-gracias-al-programa-humanitario-mas-grande-de-la-ue\\\/\"},\"author\":{\"name\":\"BECA 2 CDE\",\"@id\":\"https:\\\/\\\/www.cde.ual.es\\\/#\\\/schema\\\/person\\\/ee46ebc19edfa19598c02cff83335acc\"},\"headline\":\"1.5 millones de refugiados en Turqu\u00eda gracias al programa humanitario m\u00e1s grande de la UE\",\"datePublished\":\"2019-01-08T07:30:55+00:00\",\"dateModified\":\"2019-01-08T08:28:42+00:00\",\"mainEntityOfPage\":{\"@id\":\"https:\\\/\\\/www.cde.ual.es\\\/1-5-millones-de-refugiados-en-turquia-gracias-al-programa-humanitario-mas-grande-de-la-ue\\\/\"},\"wordCount\":529,\"commentCount\":0,\"publisher\":{\"@id\":\"https:\\\/\\\/www.cde.ual.es\\\/#organization\"},\"image\":{\"@id\":\"https:\\\/\\\/www.cde.ual.es\\\/1-5-millones-de-refugiados-en-turquia-gracias-al-programa-humanitario-mas-grande-de-la-ue\\\/#primaryimage\"},\"thumbnailUrl\":\"https:\\\/\\\/www.cde.ual.es\\\/wp-content\\\/uploads\\\/2019\\\/01\\\/fotonoticia_20190107222957_640.jpg\",\"keywords\":[\"Ayuda Humanitaria\",\"Uni\u00f3n Europea\"],\"articleSection\":[\"Noticias UE\"],\"inLanguage\":\"en-US\",\"potentialAction\":[{\"@type\":\"CommentAction\",\"name\":\"Comment\",\"target\":[\"https:\\\/\\\/www.cde.ual.es\\\/1-5-millones-de-refugiados-en-turquia-gracias-al-programa-humanitario-mas-grande-de-la-ue\\\/#respond\"]}]},{\"@type\":\"WebPage\",\"@id\":\"https:\\\/\\\/www.cde.ual.es\\\/1-5-millones-de-refugiados-en-turquia-gracias-al-programa-humanitario-mas-grande-de-la-ue\\\/\",\"url\":\"https:\\\/\\\/www.cde.ual.es\\\/1-5-millones-de-refugiados-en-turquia-gracias-al-programa-humanitario-mas-grande-de-la-ue\\\/\",\"name\":\"1.5 millones de refugiados en Turqu\u00eda gracias al programa humanitario m\u00e1s grande de la UE | CDE Almer\u00eda - Centro de Documentaci\u00f3n Europea - Universidad de Almer\u00eda\",\"isPartOf\":{\"@id\":\"https:\\\/\\\/www.cde.ual.es\\\/#website\"},\"primaryImageOfPage\":{\"@id\":\"https:\\\/\\\/www.cde.ual.es\\\/1-5-millones-de-refugiados-en-turquia-gracias-al-programa-humanitario-mas-grande-de-la-ue\\\/#primaryimage\"},\"image\":{\"@id\":\"https:\\\/\\\/www.cde.ual.es\\\/1-5-millones-de-refugiados-en-turquia-gracias-al-programa-humanitario-mas-grande-de-la-ue\\\/#primaryimage\"},\"thumbnailUrl\":\"https:\\\/\\\/www.cde.ual.es\\\/wp-content\\\/uploads\\\/2019\\\/01\\\/fotonoticia_20190107222957_640.jpg\",\"datePublished\":\"2019-01-08T07:30:55+00:00\",\"dateModified\":\"2019-01-08T08:28:42+00:00\",\"breadcrumb\":{\"@id\":\"https:\\\/\\\/www.cde.ual.es\\\/1-5-millones-de-refugiados-en-turquia-gracias-al-programa-humanitario-mas-grande-de-la-ue\\\/#breadcrumb\"},\"inLanguage\":\"en-US\",\"potentialAction\":[{\"@type\":\"ReadAction\",\"target\":[\"https:\\\/\\\/www.cde.ual.es\\\/1-5-millones-de-refugiados-en-turquia-gracias-al-programa-humanitario-mas-grande-de-la-ue\\\/\"]}]},{\"@type\":\"ImageObject\",\"inLanguage\":\"en-US\",\"@id\":\"https:\\\/\\\/www.cde.ual.es\\\/1-5-millones-de-refugiados-en-turquia-gracias-al-programa-humanitario-mas-grande-de-la-ue\\\/#primaryimage\",\"url\":\"https:\\\/\\\/www.cde.ual.es\\\/wp-content\\\/uploads\\\/2019\\\/01\\\/fotonoticia_20190107222957_640.jpg\",\"contentUrl\":\"https:\\\/\\\/www.cde.ual.es\\\/wp-content\\\/uploads\\\/2019\\\/01\\\/fotonoticia_20190107222957_640.jpg\",\"width\":640,\"height\":447},{\"@type\":\"BreadcrumbList\",\"@id\":\"https:\\\/\\\/www.cde.ual.es\\\/1-5-millones-de-refugiados-en-turquia-gracias-al-programa-humanitario-mas-grande-de-la-ue\\\/#breadcrumb\",\"itemListElement\":[{\"@type\":\"ListItem\",\"position\":1,\"name\":\"Inicio\",\"item\":\"https:\\\/\\\/www.cde.ual.es\\\/en\\\/\"},{\"@type\":\"ListItem\",\"position\":2,\"name\":\"Noticias UE\",\"item\":\"https:\\\/\\\/www.cde.ual.es\\\/category\\\/noticias-ue\\\/\"},{\"@type\":\"ListItem\",\"position\":3,\"name\":\"1.5 millones de refugiados en Turqu\u00eda gracias al programa humanitario m\u00e1s grande de la UE\"}]},{\"@type\":\"WebSite\",\"@id\":\"https:\\\/\\\/www.cde.ual.es\\\/#website\",\"url\":\"https:\\\/\\\/www.cde.ual.es\\\/\",\"name\":\"CDE Almer\u00eda - Centro de Documentaci\u00f3n Europea - Universidad de Almer\u00eda\",\"description\":\"Centro de Documentaci\u00f3n Europea de la Universidad de Almer\u00eda\",\"publisher\":{\"@id\":\"https:\\\/\\\/www.cde.ual.es\\\/#organization\"},\"alternateName\":\"CDE Almer\u00eda\",\"potentialAction\":[{\"@type\":\"SearchAction\",\"target\":{\"@type\":\"EntryPoint\",\"urlTemplate\":\"https:\\\/\\\/www.cde.ual.es\\\/?s={search_term_string}\"},\"query-input\":{\"@type\":\"PropertyValueSpecification\",\"valueRequired\":true,\"valueName\":\"search_term_string\"}}],\"inLanguage\":\"en-US\"},{\"@type\":\"Organization\",\"@id\":\"https:\\\/\\\/www.cde.ual.es\\\/#organization\",\"name\":\"Centro de Documentaci\u00f3n Europea de Almer\u00eda\",\"url\":\"https:\\\/\\\/www.cde.ual.es\\\/\",\"logo\":{\"@type\":\"ImageObject\",\"inLanguage\":\"en-US\",\"@id\":\"https:\\\/\\\/www.cde.ual.es\\\/#\\\/schema\\\/logo\\\/image\\\/\",\"url\":\"https:\\\/\\\/www.cde.ual.es\\\/wp-content\\\/uploads\\\/2025\\\/07\\\/cde-logo-3.png\",\"contentUrl\":\"https:\\\/\\\/www.cde.ual.es\\\/wp-content\\\/uploads\\\/2025\\\/07\\\/cde-logo-3.png\",\"width\":1400,\"height\":300,\"caption\":\"Centro de Documentaci\u00f3n Europea de Almer\u00eda\"},\"image\":{\"@id\":\"https:\\\/\\\/www.cde.ual.es\\\/#\\\/schema\\\/logo\\\/image\\\/\"},\"sameAs\":[\"https:\\\/\\\/www.facebook.com\\\/cdeuniversidadalmeria\\\/\",\"https:\\\/\\\/x.com\\\/cdeualmeria\",\"https:\\\/\\\/www.tiktok.com\\\/@cdealmeria\",\"https:\\\/\\\/www.instagram.com\\\/cdealmeria\\\/\",\"https:\\\/\\\/www.linkedin.com\\\/in\\\/cde-almera-812b26a9\\\/\"]},{\"@type\":\"Person\",\"@id\":\"https:\\\/\\\/www.cde.ual.es\\\/#\\\/schema\\\/person\\\/ee46ebc19edfa19598c02cff83335acc\",\"name\":\"BECA 2 CDE\",\"image\":{\"@type\":\"ImageObject\",\"inLanguage\":\"en-US\",\"@id\":\"https:\\\/\\\/secure.gravatar.com\\\/avatar\\\/35a481bbc04bbd90e91bdfa3b0b5541036c222a49b9ad37b6889a2afcb5311a5?s=96&d=mm&r=g\",\"url\":\"https:\\\/\\\/secure.gravatar.com\\\/avatar\\\/35a481bbc04bbd90e91bdfa3b0b5541036c222a49b9ad37b6889a2afcb5311a5?s=96&d=mm&r=g\",\"contentUrl\":\"https:\\\/\\\/secure.gravatar.com\\\/avatar\\\/35a481bbc04bbd90e91bdfa3b0b5541036c222a49b9ad37b6889a2afcb5311a5?s=96&d=mm&r=g\",\"caption\":\"BECA 2 CDE\"},\"sameAs\":[\"http:\\\/\\\/www.cdealmeria.com\"]}]}<\/script>\n<!-- \/ Yoast SEO plugin. -->","yoast_head_json":{"title":"1.5 millones de refugiados en Turqu\u00eda gracias al programa humanitario m\u00e1s grande de la UE | CDE Almer\u00eda - Centro de Documentaci\u00f3n Europea - Universidad de Almer\u00eda","robots":{"index":"index","follow":"follow","max-snippet":"max-snippet:-1","max-image-preview":"max-image-preview:large","max-video-preview":"max-video-preview:-1"},"canonical":"https:\/\/www.cde.ual.es\/1-5-millones-de-refugiados-en-turquia-gracias-al-programa-humanitario-mas-grande-de-la-ue\/","og_locale":"en_US","og_type":"article","og_title":"1.5 millones de refugiados en Turqu\u00eda gracias al programa humanitario m\u00e1s grande de la UE | CDE Almer\u00eda - Centro de Documentaci\u00f3n Europea - Universidad de Almer\u00eda","og_description":"La Red de seguridad social de emergencia, el mayor programa humanitario de la UE, ha ayudado a 1,5 millones de los refugiados m\u00e1s vulnerables de Turqu\u00eda. El programa financiado por la UE, lanzado en septiembre de 2016, es el proyecto humanitario m\u00e1s grande en la historia de la Uni\u00f3n Europea. La asistencia humanitaria de la [&hellip;]","og_url":"https:\/\/www.cde.ual.es\/1-5-millones-de-refugiados-en-turquia-gracias-al-programa-humanitario-mas-grande-de-la-ue\/","og_site_name":"CDE Almer\u00eda - Centro de Documentaci\u00f3n Europea - Universidad de Almer\u00eda","article_publisher":"https:\/\/www.facebook.com\/cdeuniversidadalmeria\/","article_published_time":"2019-01-08T07:30:55+00:00","article_modified_time":"2019-01-08T08:28:42+00:00","og_image":[{"width":640,"height":447,"url":"https:\/\/www.cde.ual.es\/wp-content\/uploads\/2019\/01\/fotonoticia_20190107222957_640.jpg","type":"image\/jpeg"}],"author":"BECA 2 CDE","twitter_card":"summary_large_image","twitter_creator":"@cdeualmeria","twitter_site":"@cdeualmeria","twitter_misc":{"Written by":"BECA 2 CDE","Est. reading time":"3 minutes"},"schema":{"@context":"https:\/\/schema.org","@graph":[{"@type":"Article","@id":"https:\/\/www.cde.ual.es\/1-5-millones-de-refugiados-en-turquia-gracias-al-programa-humanitario-mas-grande-de-la-ue\/#article","isPartOf":{"@id":"https:\/\/www.cde.ual.es\/1-5-millones-de-refugiados-en-turquia-gracias-al-programa-humanitario-mas-grande-de-la-ue\/"},"author":{"name":"BECA 2 CDE","@id":"https:\/\/www.cde.ual.es\/#\/schema\/person\/ee46ebc19edfa19598c02cff83335acc"},"headline":"1.5 millones de refugiados en Turqu\u00eda gracias al programa humanitario m\u00e1s grande de la UE","datePublished":"2019-01-08T07:30:55+00:00","dateModified":"2019-01-08T08:28:42+00:00","mainEntityOfPage":{"@id":"https:\/\/www.cde.ual.es\/1-5-millones-de-refugiados-en-turquia-gracias-al-programa-humanitario-mas-grande-de-la-ue\/"},"wordCount":529,"commentCount":0,"publisher":{"@id":"https:\/\/www.cde.ual.es\/#organization"},"image":{"@id":"https:\/\/www.cde.ual.es\/1-5-millones-de-refugiados-en-turquia-gracias-al-programa-humanitario-mas-grande-de-la-ue\/#primaryimage"},"thumbnailUrl":"https:\/\/www.cde.ual.es\/wp-content\/uploads\/2019\/01\/fotonoticia_20190107222957_640.jpg","keywords":["Ayuda Humanitaria","Uni\u00f3n Europea"],"articleSection":["Noticias UE"],"inLanguage":"en-US","potentialAction":[{"@type":"CommentAction","name":"Comment","target":["https:\/\/www.cde.ual.es\/1-5-millones-de-refugiados-en-turquia-gracias-al-programa-humanitario-mas-grande-de-la-ue\/#respond"]}]},{"@type":"WebPage","@id":"https:\/\/www.cde.ual.es\/1-5-millones-de-refugiados-en-turquia-gracias-al-programa-humanitario-mas-grande-de-la-ue\/","url":"https:\/\/www.cde.ual.es\/1-5-millones-de-refugiados-en-turquia-gracias-al-programa-humanitario-mas-grande-de-la-ue\/","name":"1.5 millones de refugiados en Turqu\u00eda gracias al programa humanitario m\u00e1s grande de la UE | CDE Almer\u00eda - Centro de Documentaci\u00f3n Europea - Universidad de Almer\u00eda","isPartOf":{"@id":"https:\/\/www.cde.ual.es\/#website"},"primaryImageOfPage":{"@id":"https:\/\/www.cde.ual.es\/1-5-millones-de-refugiados-en-turquia-gracias-al-programa-humanitario-mas-grande-de-la-ue\/#primaryimage"},"image":{"@id":"https:\/\/www.cde.ual.es\/1-5-millones-de-refugiados-en-turquia-gracias-al-programa-humanitario-mas-grande-de-la-ue\/#primaryimage"},"thumbnailUrl":"https:\/\/www.cde.ual.es\/wp-content\/uploads\/2019\/01\/fotonoticia_20190107222957_640.jpg","datePublished":"2019-01-08T07:30:55+00:00","dateModified":"2019-01-08T08:28:42+00:00","breadcrumb":{"@id":"https:\/\/www.cde.ual.es\/1-5-millones-de-refugiados-en-turquia-gracias-al-programa-humanitario-mas-grande-de-la-ue\/#breadcrumb"},"inLanguage":"en-US","potentialAction":[{"@type":"ReadAction","target":["https:\/\/www.cde.ual.es\/1-5-millones-de-refugiados-en-turquia-gracias-al-programa-humanitario-mas-grande-de-la-ue\/"]}]},{"@type":"ImageObject","inLanguage":"en-US","@id":"https:\/\/www.cde.ual.es\/1-5-millones-de-refugiados-en-turquia-gracias-al-programa-humanitario-mas-grande-de-la-ue\/#primaryimage","url":"https:\/\/www.cde.ual.es\/wp-content\/uploads\/2019\/01\/fotonoticia_20190107222957_640.jpg","contentUrl":"https:\/\/www.cde.ual.es\/wp-content\/uploads\/2019\/01\/fotonoticia_20190107222957_640.jpg","width":640,"height":447},{"@type":"BreadcrumbList","@id":"https:\/\/www.cde.ual.es\/1-5-millones-de-refugiados-en-turquia-gracias-al-programa-humanitario-mas-grande-de-la-ue\/#breadcrumb","itemListElement":[{"@type":"ListItem","position":1,"name":"Inicio","item":"https:\/\/www.cde.ual.es\/en\/"},{"@type":"ListItem","position":2,"name":"Noticias UE","item":"https:\/\/www.cde.ual.es\/category\/noticias-ue\/"},{"@type":"ListItem","position":3,"name":"1.5 millones de refugiados en Turqu\u00eda gracias al programa humanitario m\u00e1s grande de la UE"}]},{"@type":"WebSite","@id":"https:\/\/www.cde.ual.es\/#website","url":"https:\/\/www.cde.ual.es\/","name":"CDE Almer\u00eda - Centro de Documentaci\u00f3n Europea - Universidad de Almer\u00eda","description":"Centro de Documentaci\u00f3n Europea de la Universidad de Almer\u00eda","publisher":{"@id":"https:\/\/www.cde.ual.es\/#organization"},"alternateName":"CDE Almer\u00eda","potentialAction":[{"@type":"SearchAction","target":{"@type":"EntryPoint","urlTemplate":"https:\/\/www.cde.ual.es\/?s={search_term_string}"},"query-input":{"@type":"PropertyValueSpecification","valueRequired":true,"valueName":"search_term_string"}}],"inLanguage":"en-US"},{"@type":"Organization","@id":"https:\/\/www.cde.ual.es\/#organization","name":"Centro de Documentaci\u00f3n Europea de Almer\u00eda","url":"https:\/\/www.cde.ual.es\/","logo":{"@type":"ImageObject","inLanguage":"en-US","@id":"https:\/\/www.cde.ual.es\/#\/schema\/logo\/image\/","url":"https:\/\/www.cde.ual.es\/wp-content\/uploads\/2025\/07\/cde-logo-3.png","contentUrl":"https:\/\/www.cde.ual.es\/wp-content\/uploads\/2025\/07\/cde-logo-3.png","width":1400,"height":300,"caption":"Centro de Documentaci\u00f3n Europea de Almer\u00eda"},"image":{"@id":"https:\/\/www.cde.ual.es\/#\/schema\/logo\/image\/"},"sameAs":["https:\/\/www.facebook.com\/cdeuniversidadalmeria\/","https:\/\/x.com\/cdeualmeria","https:\/\/www.tiktok.com\/@cdealmeria","https:\/\/www.instagram.com\/cdealmeria\/","https:\/\/www.linkedin.com\/in\/cde-almera-812b26a9\/"]},{"@type":"Person","@id":"https:\/\/www.cde.ual.es\/#\/schema\/person\/ee46ebc19edfa19598c02cff83335acc","name":"BECA 2 CDE","image":{"@type":"ImageObject","inLanguage":"en-US","@id":"https:\/\/secure.gravatar.com\/avatar\/35a481bbc04bbd90e91bdfa3b0b5541036c222a49b9ad37b6889a2afcb5311a5?s=96&d=mm&r=g","url":"https:\/\/secure.gravatar.com\/avatar\/35a481bbc04bbd90e91bdfa3b0b5541036c222a49b9ad37b6889a2afcb5311a5?s=96&d=mm&r=g","contentUrl":"https:\/\/secure.gravatar.com\/avatar\/35a481bbc04bbd90e91bdfa3b0b5541036c222a49b9ad37b6889a2afcb5311a5?s=96&d=mm&r=g","caption":"BECA 2 CDE"},"sameAs":["http:\/\/www.cdealmeria.com"]}]}},"_links":{"self":[{"href":"https:\/\/www.cde.ual.es\/en\/wp-json\/wp\/v2\/posts\/11113","targetHints":{"allow":["GET"]}}],"collection":[{"href":"https:\/\/www.cde.ual.es\/en\/wp-json\/wp\/v2\/posts"}],"about":[{"href":"https:\/\/www.cde.ual.es\/en\/wp-json\/wp\/v2\/types\/post"}],"author":[{"embeddable":true,"href":"https:\/\/www.cde.ual.es\/en\/wp-json\/wp\/v2\/users\/101011"}],"replies":[{"embeddable":true,"href":"https:\/\/www.cde.ual.es\/en\/wp-json\/wp\/v2\/comments?post=11113"}],"version-history":[{"count":0,"href":"https:\/\/www.cde.ual.es\/en\/wp-json\/wp\/v2\/posts\/11113\/revisions"}],"wp:featuredmedia":[{"embeddable":true,"href":"https:\/\/www.cde.ual.es\/en\/wp-json\/wp\/v2\/media\/11116"}],"wp:attachment":[{"href":"https:\/\/www.cde.ual.es\/en\/wp-json\/wp\/v2\/media?parent=11113"}],"wp:term":[{"taxonomy":"category","embeddable":true,"href":"https:\/\/www.cde.ual.es\/en\/wp-json\/wp\/v2\/categories?post=11113"},{"taxonomy":"post_tag","embeddable":true,"href":"https:\/\/www.cde.ual.es\/en\/wp-json\/wp\/v2\/tags?post=11113"}],"curies":[{"name":"wp","href":"https:\/\/api.w.org\/{rel}","templated":true}]}}