{"id":11109,"date":"2019-01-08T08:27:21","date_gmt":"2019-01-08T07:27:21","guid":{"rendered":"http:\/\/www.cde.ual.es\/?p=11109"},"modified":"2019-01-08T08:27:23","modified_gmt":"2019-01-08T07:27:23","slug":"rumania-asume-la-presidencia-rotatoria-del-consejo-de-la-ue","status":"publish","type":"post","link":"https:\/\/www.cde.ual.es\/en\/rumania-asume-la-presidencia-rotatoria-del-consejo-de-la-ue\/","title":{"rendered":"Ruman\u00eda asume la presidencia rotatoria del Consejo de la UE"},"content":{"rendered":"\n<p><strong><em>Ruman\u00eda, nueva presidencia de turno del Consejo de la UE.<\/em><\/strong><\/p>\n\n\n\n<figure class=\"wp-block-image\"><img decoding=\"async\" width=\"744\" height=\"405\" src=\"http:\/\/www.cde.ual.es\/wp-content\/uploads\/2019\/01\/Romania-2019.png\" alt=\"\" class=\"wp-image-11110\" srcset=\"https:\/\/www.cde.ual.es\/wp-content\/uploads\/2019\/01\/Romania-2019.png 744w, https:\/\/www.cde.ual.es\/wp-content\/uploads\/2019\/01\/Romania-2019-300x163.png 300w\" sizes=\"(max-width: 744px) 100vw, 744px\" \/><\/figure>\n\n\n\n<h3 class=\"wp-block-heading\">Prioridades de la nueva presidencia<\/h3>\n\n\n\n<p>Ruman\u00eda ha establecido cu\u00e1les ser\u00e1n sus prioridades durante los seis meses en que presidir\u00e1 del Consejo:<\/p>\n\n\n\n<ul class=\"wp-block-list\"><li>Estimular el crecimiento de la UE<\/li><li>Mejorar las condiciones para la competitividad<\/li><li>Fortalecer la seguridad interna<\/li><li>Promover los valores comunes europeos de democracia, libertad y respeto por la dignidad humana en la UE y m\u00e1s all\u00e1 de sus fronteras<\/li><li>Centrarse en la lucha contra el racismo, la xenofobia, el antisemitismo, la intolerancia y el populismo.<\/li><\/ul>\n\n\n\n<p>Adem\u00e1s, la Uni\u00f3n Europea deber\u00e1 abordar las negociaciones sobre el pr\u00f3ximo&nbsp;<a href=\"http:\/\/www.europarl.europa.eu\/news\/es\/press-room\/20181106IPR18317\/presupuesto-de-la-ue-mas-alla-de-2020-el-pe-fija-sus-prioridades\" target=\"_blank\" rel=\"noreferrer noopener\">presupuesto a largo plazo de la UE<\/a>&nbsp;y&nbsp;<a href=\"http:\/\/www.europarl.europa.eu\/news\/es\/headlines\/priorities\/brexit\" target=\"_blank\" rel=\"noreferrer noopener\">brexit.<\/a><\/p>\n\n\n\n<p>El 9 de mayo, Ruman\u00eda organizar\u00e1 una cumbre informal del Consejo Europeo en Sibiu, donde los l\u00edderes discutir\u00e1n los planes sobre el futuro de la UE. Ser\u00e1 su primera reuni\u00f3n tras la retirada del Reino Unido de la Uni\u00f3n y la \u00faltima antes de las elecciones europeas del 23 al 26 de mayo.<\/p>\n\n\n\n<h3 class=\"wp-block-heading\">M\u00e1s informaci\u00f3n<\/h3>\n\n\n\n<ul class=\"wp-block-list\"><li><a href=\"http:\/\/www.europarl.europa.eu\/news\/es\/headlines\/eu-affairs\/20181210STO21440\/rumania-asume-la-presidencia-rotatoria-del-consejo-de-la-ue\">Noticia completa<\/a><\/li><li><a rel=\"noreferrer noopener\" target=\"_blank\" href=\"http:\/\/www.romania2019.eu\/en\/\">P\u00e1gina web oficial de la presidencia (en ingl\u00e9s)\u00a0<\/a><\/li><li><a rel=\"noreferrer noopener\" target=\"_blank\" href=\"https:\/\/www.facebook.com\/RO2019EU\/\">La presidencia en Facebook\u00a0<\/a><\/li><li><a rel=\"noreferrer noopener\" target=\"_blank\" href=\"https:\/\/twitter.com\/ro2019eu\">La presidencia en Twitter\u00a0<\/a><\/li><li><a rel=\"noreferrer noopener\" target=\"_blank\" href=\"http:\/\/www.futureofeuropedebates.eu\/\">Debates sobre el futuro de Europa\u00a0<\/a><\/li><li><a href=\"http:\/\/www.europarl.europa.eu\/news\/es\/press-room\/20181018IPR16528\/klaus-iohannis-unity-must-be-our-watchword-for-the-future-of-europe\">Nota de prensa (23\/10\/2018): Klaus Iohannis, la unidad debe ser nuestra consigna para el futuro de Europa (en ingl\u00e9s)\u00a0<\/a><\/li><li><a rel=\"noreferrer noopener\" target=\"_blank\" href=\"http:\/\/www.europarl.europa.eu\/EPRS\/DSG-Briefing-630313-Romanian-Council-Presidency-FINAL.pdf\">Estudio del Parlamento: Prioridades de la presidencia rumana del Consejo de la UE\u00a0<\/a><\/li><\/ul>\n","protected":false},"excerpt":{"rendered":"<p>Ruman\u00eda, nueva presidencia de turno del Consejo de la UE. Prioridades de la nueva presidencia Ruman\u00eda ha establecido cu\u00e1les ser\u00e1n sus prioridades durante los seis meses en que presidir\u00e1 del Consejo: Estimular el crecimiento de la UE Mejorar las condiciones para la competitividad Fortalecer la seguridad interna Promover los valores comunes europeos de democracia, libertad [&hellip;]<\/p>\n","protected":false},"author":1,"featured_media":11110,"comment_status":"open","ping_status":"open","sticky":false,"template":"","format":"standard","meta":{"_acf_changed":false,"_relevanssi_hide_post":"","_relevanssi_hide_content":"","_relevanssi_pin_for_all":"","_relevanssi_pin_keywords":"","_relevanssi_unpin_keywords":"","_relevanssi_related_keywords":"","_relevanssi_related_include_ids":"","_relevanssi_related_exclude_ids":"","_relevanssi_related_no_append":"","_relevanssi_related_not_related":"","_relevanssi_related_posts":"","_relevanssi_noindex_reason":"","_monsterinsights_skip_tracking":false,"_monsterinsights_sitenote_active":false,"_monsterinsights_sitenote_note":"","_monsterinsights_sitenote_category":0,"_genesis_hide_title":false,"_genesis_hide_breadcrumbs":false,"_genesis_hide_singular_image":false,"_genesis_hide_footer_widgets":false,"_genesis_custom_body_class":"","_genesis_custom_post_class":"","_genesis_layout":"","footnotes":""},"categories":[96],"tags":[131,177,135],"class_list":{"0":"post-11109","1":"post","2":"type-post","3":"status-publish","4":"format-standard","5":"has-post-thumbnail","7":"category-noticias-ue","8":"tag-instituciones-europeas","9":"tag-parlamento-europeo","10":"tag-union-europea","11":"entry"},"acf":[],"yoast_head":"<!-- This site is optimized with the Yoast SEO plugin v27.4 - https:\/\/yoast.com\/product\/yoast-seo-wordpress\/ -->\n<title>Ruman\u00eda asume la presidencia rotatoria del Consejo de la UE | CDE Almer\u00eda - Centro de Documentaci\u00f3n Europea - Universidad de Almer\u00eda<\/title>\n<meta name=\"robots\" content=\"index, follow, max-snippet:-1, max-image-preview:large, max-video-preview:-1\" \/>\n<link rel=\"canonical\" href=\"https:\/\/www.cde.ual.es\/rumania-asume-la-presidencia-rotatoria-del-consejo-de-la-ue\/\" \/>\n<meta property=\"og:locale\" content=\"en_US\" \/>\n<meta property=\"og:type\" content=\"article\" \/>\n<meta property=\"og:title\" content=\"Ruman\u00eda asume la presidencia rotatoria del Consejo de la UE | CDE Almer\u00eda - Centro de Documentaci\u00f3n Europea - Universidad de Almer\u00eda\" \/>\n<meta property=\"og:description\" content=\"Ruman\u00eda, nueva presidencia de turno del Consejo de la UE. Prioridades de la nueva presidencia Ruman\u00eda ha establecido cu\u00e1les ser\u00e1n sus prioridades durante los seis meses en que presidir\u00e1 del Consejo: Estimular el crecimiento de la UE Mejorar las condiciones para la competitividad Fortalecer la seguridad interna Promover los valores comunes europeos de democracia, libertad [&hellip;]\" \/>\n<meta property=\"og:url\" content=\"https:\/\/www.cde.ual.es\/rumania-asume-la-presidencia-rotatoria-del-consejo-de-la-ue\/\" \/>\n<meta property=\"og:site_name\" content=\"CDE Almer\u00eda - Centro de Documentaci\u00f3n Europea - Universidad de Almer\u00eda\" \/>\n<meta property=\"article:publisher\" content=\"https:\/\/www.facebook.com\/cdeuniversidadalmeria\/\" \/>\n<meta property=\"article:published_time\" content=\"2019-01-08T07:27:21+00:00\" \/>\n<meta property=\"article:modified_time\" content=\"2019-01-08T07:27:23+00:00\" \/>\n<meta property=\"og:image\" content=\"https:\/\/www.cde.ual.es\/wp-content\/uploads\/2019\/01\/Romania-2019.png\" \/>\n\t<meta property=\"og:image:width\" content=\"744\" \/>\n\t<meta property=\"og:image:height\" content=\"405\" \/>\n\t<meta property=\"og:image:type\" content=\"image\/png\" \/>\n<meta name=\"author\" content=\"AdminCDE\" \/>\n<meta name=\"twitter:card\" content=\"summary_large_image\" \/>\n<meta name=\"twitter:creator\" content=\"@cdeualmeria\" \/>\n<meta name=\"twitter:site\" content=\"@cdeualmeria\" \/>\n<meta name=\"twitter:label1\" content=\"Written by\" \/>\n\t<meta name=\"twitter:data1\" content=\"AdminCDE\" \/>\n\t<meta name=\"twitter:label2\" content=\"Est. reading time\" \/>\n\t<meta name=\"twitter:data2\" content=\"1 minute\" \/>\n<script type=\"application\/ld+json\" class=\"yoast-schema-graph\">{\"@context\":\"https:\\\/\\\/schema.org\",\"@graph\":[{\"@type\":\"Article\",\"@id\":\"https:\\\/\\\/www.cde.ual.es\\\/rumania-asume-la-presidencia-rotatoria-del-consejo-de-la-ue\\\/#article\",\"isPartOf\":{\"@id\":\"https:\\\/\\\/www.cde.ual.es\\\/rumania-asume-la-presidencia-rotatoria-del-consejo-de-la-ue\\\/\"},\"author\":{\"name\":\"AdminCDE\",\"@id\":\"https:\\\/\\\/www.cde.ual.es\\\/#\\\/schema\\\/person\\\/224ef08c8bcc005f319d2713ce37ee5f\"},\"headline\":\"Ruman\u00eda asume la presidencia rotatoria del Consejo de la UE\",\"datePublished\":\"2019-01-08T07:27:21+00:00\",\"dateModified\":\"2019-01-08T07:27:23+00:00\",\"mainEntityOfPage\":{\"@id\":\"https:\\\/\\\/www.cde.ual.es\\\/rumania-asume-la-presidencia-rotatoria-del-consejo-de-la-ue\\\/\"},\"wordCount\":245,\"commentCount\":0,\"publisher\":{\"@id\":\"https:\\\/\\\/www.cde.ual.es\\\/#organization\"},\"image\":{\"@id\":\"https:\\\/\\\/www.cde.ual.es\\\/rumania-asume-la-presidencia-rotatoria-del-consejo-de-la-ue\\\/#primaryimage\"},\"thumbnailUrl\":\"https:\\\/\\\/www.cde.ual.es\\\/wp-content\\\/uploads\\\/2019\\\/01\\\/Romania-2019.png\",\"keywords\":[\"Instituciones Europeas\",\"Parlamento Europeo\",\"Uni\u00f3n Europea\"],\"articleSection\":[\"Noticias UE\"],\"inLanguage\":\"en-US\",\"potentialAction\":[{\"@type\":\"CommentAction\",\"name\":\"Comment\",\"target\":[\"https:\\\/\\\/www.cde.ual.es\\\/rumania-asume-la-presidencia-rotatoria-del-consejo-de-la-ue\\\/#respond\"]}]},{\"@type\":\"WebPage\",\"@id\":\"https:\\\/\\\/www.cde.ual.es\\\/rumania-asume-la-presidencia-rotatoria-del-consejo-de-la-ue\\\/\",\"url\":\"https:\\\/\\\/www.cde.ual.es\\\/rumania-asume-la-presidencia-rotatoria-del-consejo-de-la-ue\\\/\",\"name\":\"Ruman\u00eda asume la presidencia rotatoria del Consejo de la UE | CDE Almer\u00eda - Centro de Documentaci\u00f3n Europea - Universidad de Almer\u00eda\",\"isPartOf\":{\"@id\":\"https:\\\/\\\/www.cde.ual.es\\\/#website\"},\"primaryImageOfPage\":{\"@id\":\"https:\\\/\\\/www.cde.ual.es\\\/rumania-asume-la-presidencia-rotatoria-del-consejo-de-la-ue\\\/#primaryimage\"},\"image\":{\"@id\":\"https:\\\/\\\/www.cde.ual.es\\\/rumania-asume-la-presidencia-rotatoria-del-consejo-de-la-ue\\\/#primaryimage\"},\"thumbnailUrl\":\"https:\\\/\\\/www.cde.ual.es\\\/wp-content\\\/uploads\\\/2019\\\/01\\\/Romania-2019.png\",\"datePublished\":\"2019-01-08T07:27:21+00:00\",\"dateModified\":\"2019-01-08T07:27:23+00:00\",\"breadcrumb\":{\"@id\":\"https:\\\/\\\/www.cde.ual.es\\\/rumania-asume-la-presidencia-rotatoria-del-consejo-de-la-ue\\\/#breadcrumb\"},\"inLanguage\":\"en-US\",\"potentialAction\":[{\"@type\":\"ReadAction\",\"target\":[\"https:\\\/\\\/www.cde.ual.es\\\/rumania-asume-la-presidencia-rotatoria-del-consejo-de-la-ue\\\/\"]}]},{\"@type\":\"ImageObject\",\"inLanguage\":\"en-US\",\"@id\":\"https:\\\/\\\/www.cde.ual.es\\\/rumania-asume-la-presidencia-rotatoria-del-consejo-de-la-ue\\\/#primaryimage\",\"url\":\"https:\\\/\\\/www.cde.ual.es\\\/wp-content\\\/uploads\\\/2019\\\/01\\\/Romania-2019.png\",\"contentUrl\":\"https:\\\/\\\/www.cde.ual.es\\\/wp-content\\\/uploads\\\/2019\\\/01\\\/Romania-2019.png\",\"width\":744,\"height\":405},{\"@type\":\"BreadcrumbList\",\"@id\":\"https:\\\/\\\/www.cde.ual.es\\\/rumania-asume-la-presidencia-rotatoria-del-consejo-de-la-ue\\\/#breadcrumb\",\"itemListElement\":[{\"@type\":\"ListItem\",\"position\":1,\"name\":\"Inicio\",\"item\":\"https:\\\/\\\/www.cde.ual.es\\\/en\\\/\"},{\"@type\":\"ListItem\",\"position\":2,\"name\":\"Noticias UE\",\"item\":\"https:\\\/\\\/www.cde.ual.es\\\/category\\\/noticias-ue\\\/\"},{\"@type\":\"ListItem\",\"position\":3,\"name\":\"Ruman\u00eda asume la presidencia rotatoria del Consejo de la UE\"}]},{\"@type\":\"WebSite\",\"@id\":\"https:\\\/\\\/www.cde.ual.es\\\/#website\",\"url\":\"https:\\\/\\\/www.cde.ual.es\\\/\",\"name\":\"CDE Almer\u00eda - Centro de Documentaci\u00f3n Europea - Universidad de Almer\u00eda\",\"description\":\"Centro de Documentaci\u00f3n Europea de la Universidad de Almer\u00eda\",\"publisher\":{\"@id\":\"https:\\\/\\\/www.cde.ual.es\\\/#organization\"},\"alternateName\":\"CDE Almer\u00eda\",\"potentialAction\":[{\"@type\":\"SearchAction\",\"target\":{\"@type\":\"EntryPoint\",\"urlTemplate\":\"https:\\\/\\\/www.cde.ual.es\\\/?s={search_term_string}\"},\"query-input\":{\"@type\":\"PropertyValueSpecification\",\"valueRequired\":true,\"valueName\":\"search_term_string\"}}],\"inLanguage\":\"en-US\"},{\"@type\":\"Organization\",\"@id\":\"https:\\\/\\\/www.cde.ual.es\\\/#organization\",\"name\":\"Centro de Documentaci\u00f3n Europea de Almer\u00eda\",\"url\":\"https:\\\/\\\/www.cde.ual.es\\\/\",\"logo\":{\"@type\":\"ImageObject\",\"inLanguage\":\"en-US\",\"@id\":\"https:\\\/\\\/www.cde.ual.es\\\/#\\\/schema\\\/logo\\\/image\\\/\",\"url\":\"https:\\\/\\\/www.cde.ual.es\\\/wp-content\\\/uploads\\\/2025\\\/07\\\/cde-logo-3.png\",\"contentUrl\":\"https:\\\/\\\/www.cde.ual.es\\\/wp-content\\\/uploads\\\/2025\\\/07\\\/cde-logo-3.png\",\"width\":1400,\"height\":300,\"caption\":\"Centro de Documentaci\u00f3n Europea de Almer\u00eda\"},\"image\":{\"@id\":\"https:\\\/\\\/www.cde.ual.es\\\/#\\\/schema\\\/logo\\\/image\\\/\"},\"sameAs\":[\"https:\\\/\\\/www.facebook.com\\\/cdeuniversidadalmeria\\\/\",\"https:\\\/\\\/x.com\\\/cdeualmeria\",\"https:\\\/\\\/www.tiktok.com\\\/@cdealmeria\",\"https:\\\/\\\/www.instagram.com\\\/cdealmeria\\\/\",\"https:\\\/\\\/www.linkedin.com\\\/in\\\/cde-almera-812b26a9\\\/\"]},{\"@type\":\"Person\",\"@id\":\"https:\\\/\\\/www.cde.ual.es\\\/#\\\/schema\\\/person\\\/224ef08c8bcc005f319d2713ce37ee5f\",\"name\":\"AdminCDE\",\"image\":{\"@type\":\"ImageObject\",\"inLanguage\":\"en-US\",\"@id\":\"https:\\\/\\\/secure.gravatar.com\\\/avatar\\\/a72d038d371f995cd13706fac32274b7952a52e8fb0a84b5f80c85426f2a98a8?s=96&d=mm&r=g\",\"url\":\"https:\\\/\\\/secure.gravatar.com\\\/avatar\\\/a72d038d371f995cd13706fac32274b7952a52e8fb0a84b5f80c85426f2a98a8?s=96&d=mm&r=g\",\"contentUrl\":\"https:\\\/\\\/secure.gravatar.com\\\/avatar\\\/a72d038d371f995cd13706fac32274b7952a52e8fb0a84b5f80c85426f2a98a8?s=96&d=mm&r=g\",\"caption\":\"AdminCDE\"}}]}<\/script>\n<!-- \/ Yoast SEO plugin. -->","yoast_head_json":{"title":"Ruman\u00eda asume la presidencia rotatoria del Consejo de la UE | CDE Almer\u00eda - Centro de Documentaci\u00f3n Europea - Universidad de Almer\u00eda","robots":{"index":"index","follow":"follow","max-snippet":"max-snippet:-1","max-image-preview":"max-image-preview:large","max-video-preview":"max-video-preview:-1"},"canonical":"https:\/\/www.cde.ual.es\/rumania-asume-la-presidencia-rotatoria-del-consejo-de-la-ue\/","og_locale":"en_US","og_type":"article","og_title":"Ruman\u00eda asume la presidencia rotatoria del Consejo de la UE | CDE Almer\u00eda - Centro de Documentaci\u00f3n Europea - Universidad de Almer\u00eda","og_description":"Ruman\u00eda, nueva presidencia de turno del Consejo de la UE. Prioridades de la nueva presidencia Ruman\u00eda ha establecido cu\u00e1les ser\u00e1n sus prioridades durante los seis meses en que presidir\u00e1 del Consejo: Estimular el crecimiento de la UE Mejorar las condiciones para la competitividad Fortalecer la seguridad interna Promover los valores comunes europeos de democracia, libertad [&hellip;]","og_url":"https:\/\/www.cde.ual.es\/rumania-asume-la-presidencia-rotatoria-del-consejo-de-la-ue\/","og_site_name":"CDE Almer\u00eda - Centro de Documentaci\u00f3n Europea - Universidad de Almer\u00eda","article_publisher":"https:\/\/www.facebook.com\/cdeuniversidadalmeria\/","article_published_time":"2019-01-08T07:27:21+00:00","article_modified_time":"2019-01-08T07:27:23+00:00","og_image":[{"width":744,"height":405,"url":"https:\/\/www.cde.ual.es\/wp-content\/uploads\/2019\/01\/Romania-2019.png","type":"image\/png"}],"author":"AdminCDE","twitter_card":"summary_large_image","twitter_creator":"@cdeualmeria","twitter_site":"@cdeualmeria","twitter_misc":{"Written by":"AdminCDE","Est. reading time":"1 minute"},"schema":{"@context":"https:\/\/schema.org","@graph":[{"@type":"Article","@id":"https:\/\/www.cde.ual.es\/rumania-asume-la-presidencia-rotatoria-del-consejo-de-la-ue\/#article","isPartOf":{"@id":"https:\/\/www.cde.ual.es\/rumania-asume-la-presidencia-rotatoria-del-consejo-de-la-ue\/"},"author":{"name":"AdminCDE","@id":"https:\/\/www.cde.ual.es\/#\/schema\/person\/224ef08c8bcc005f319d2713ce37ee5f"},"headline":"Ruman\u00eda asume la presidencia rotatoria del Consejo de la UE","datePublished":"2019-01-08T07:27:21+00:00","dateModified":"2019-01-08T07:27:23+00:00","mainEntityOfPage":{"@id":"https:\/\/www.cde.ual.es\/rumania-asume-la-presidencia-rotatoria-del-consejo-de-la-ue\/"},"wordCount":245,"commentCount":0,"publisher":{"@id":"https:\/\/www.cde.ual.es\/#organization"},"image":{"@id":"https:\/\/www.cde.ual.es\/rumania-asume-la-presidencia-rotatoria-del-consejo-de-la-ue\/#primaryimage"},"thumbnailUrl":"https:\/\/www.cde.ual.es\/wp-content\/uploads\/2019\/01\/Romania-2019.png","keywords":["Instituciones Europeas","Parlamento Europeo","Uni\u00f3n Europea"],"articleSection":["Noticias UE"],"inLanguage":"en-US","potentialAction":[{"@type":"CommentAction","name":"Comment","target":["https:\/\/www.cde.ual.es\/rumania-asume-la-presidencia-rotatoria-del-consejo-de-la-ue\/#respond"]}]},{"@type":"WebPage","@id":"https:\/\/www.cde.ual.es\/rumania-asume-la-presidencia-rotatoria-del-consejo-de-la-ue\/","url":"https:\/\/www.cde.ual.es\/rumania-asume-la-presidencia-rotatoria-del-consejo-de-la-ue\/","name":"Ruman\u00eda asume la presidencia rotatoria del Consejo de la UE | CDE Almer\u00eda - Centro de Documentaci\u00f3n Europea - Universidad de Almer\u00eda","isPartOf":{"@id":"https:\/\/www.cde.ual.es\/#website"},"primaryImageOfPage":{"@id":"https:\/\/www.cde.ual.es\/rumania-asume-la-presidencia-rotatoria-del-consejo-de-la-ue\/#primaryimage"},"image":{"@id":"https:\/\/www.cde.ual.es\/rumania-asume-la-presidencia-rotatoria-del-consejo-de-la-ue\/#primaryimage"},"thumbnailUrl":"https:\/\/www.cde.ual.es\/wp-content\/uploads\/2019\/01\/Romania-2019.png","datePublished":"2019-01-08T07:27:21+00:00","dateModified":"2019-01-08T07:27:23+00:00","breadcrumb":{"@id":"https:\/\/www.cde.ual.es\/rumania-asume-la-presidencia-rotatoria-del-consejo-de-la-ue\/#breadcrumb"},"inLanguage":"en-US","potentialAction":[{"@type":"ReadAction","target":["https:\/\/www.cde.ual.es\/rumania-asume-la-presidencia-rotatoria-del-consejo-de-la-ue\/"]}]},{"@type":"ImageObject","inLanguage":"en-US","@id":"https:\/\/www.cde.ual.es\/rumania-asume-la-presidencia-rotatoria-del-consejo-de-la-ue\/#primaryimage","url":"https:\/\/www.cde.ual.es\/wp-content\/uploads\/2019\/01\/Romania-2019.png","contentUrl":"https:\/\/www.cde.ual.es\/wp-content\/uploads\/2019\/01\/Romania-2019.png","width":744,"height":405},{"@type":"BreadcrumbList","@id":"https:\/\/www.cde.ual.es\/rumania-asume-la-presidencia-rotatoria-del-consejo-de-la-ue\/#breadcrumb","itemListElement":[{"@type":"ListItem","position":1,"name":"Inicio","item":"https:\/\/www.cde.ual.es\/en\/"},{"@type":"ListItem","position":2,"name":"Noticias UE","item":"https:\/\/www.cde.ual.es\/category\/noticias-ue\/"},{"@type":"ListItem","position":3,"name":"Ruman\u00eda asume la presidencia rotatoria del Consejo de la UE"}]},{"@type":"WebSite","@id":"https:\/\/www.cde.ual.es\/#website","url":"https:\/\/www.cde.ual.es\/","name":"CDE Almer\u00eda - Centro de Documentaci\u00f3n Europea - Universidad de Almer\u00eda","description":"Centro de Documentaci\u00f3n Europea de la Universidad de Almer\u00eda","publisher":{"@id":"https:\/\/www.cde.ual.es\/#organization"},"alternateName":"CDE Almer\u00eda","potentialAction":[{"@type":"SearchAction","target":{"@type":"EntryPoint","urlTemplate":"https:\/\/www.cde.ual.es\/?s={search_term_string}"},"query-input":{"@type":"PropertyValueSpecification","valueRequired":true,"valueName":"search_term_string"}}],"inLanguage":"en-US"},{"@type":"Organization","@id":"https:\/\/www.cde.ual.es\/#organization","name":"Centro de Documentaci\u00f3n Europea de Almer\u00eda","url":"https:\/\/www.cde.ual.es\/","logo":{"@type":"ImageObject","inLanguage":"en-US","@id":"https:\/\/www.cde.ual.es\/#\/schema\/logo\/image\/","url":"https:\/\/www.cde.ual.es\/wp-content\/uploads\/2025\/07\/cde-logo-3.png","contentUrl":"https:\/\/www.cde.ual.es\/wp-content\/uploads\/2025\/07\/cde-logo-3.png","width":1400,"height":300,"caption":"Centro de Documentaci\u00f3n Europea de Almer\u00eda"},"image":{"@id":"https:\/\/www.cde.ual.es\/#\/schema\/logo\/image\/"},"sameAs":["https:\/\/www.facebook.com\/cdeuniversidadalmeria\/","https:\/\/x.com\/cdeualmeria","https:\/\/www.tiktok.com\/@cdealmeria","https:\/\/www.instagram.com\/cdealmeria\/","https:\/\/www.linkedin.com\/in\/cde-almera-812b26a9\/"]},{"@type":"Person","@id":"https:\/\/www.cde.ual.es\/#\/schema\/person\/224ef08c8bcc005f319d2713ce37ee5f","name":"AdminCDE","image":{"@type":"ImageObject","inLanguage":"en-US","@id":"https:\/\/secure.gravatar.com\/avatar\/a72d038d371f995cd13706fac32274b7952a52e8fb0a84b5f80c85426f2a98a8?s=96&d=mm&r=g","url":"https:\/\/secure.gravatar.com\/avatar\/a72d038d371f995cd13706fac32274b7952a52e8fb0a84b5f80c85426f2a98a8?s=96&d=mm&r=g","contentUrl":"https:\/\/secure.gravatar.com\/avatar\/a72d038d371f995cd13706fac32274b7952a52e8fb0a84b5f80c85426f2a98a8?s=96&d=mm&r=g","caption":"AdminCDE"}}]}},"_links":{"self":[{"href":"https:\/\/www.cde.ual.es\/en\/wp-json\/wp\/v2\/posts\/11109","targetHints":{"allow":["GET"]}}],"collection":[{"href":"https:\/\/www.cde.ual.es\/en\/wp-json\/wp\/v2\/posts"}],"about":[{"href":"https:\/\/www.cde.ual.es\/en\/wp-json\/wp\/v2\/types\/post"}],"author":[{"embeddable":true,"href":"https:\/\/www.cde.ual.es\/en\/wp-json\/wp\/v2\/users\/1"}],"replies":[{"embeddable":true,"href":"https:\/\/www.cde.ual.es\/en\/wp-json\/wp\/v2\/comments?post=11109"}],"version-history":[{"count":0,"href":"https:\/\/www.cde.ual.es\/en\/wp-json\/wp\/v2\/posts\/11109\/revisions"}],"wp:featuredmedia":[{"embeddable":true,"href":"https:\/\/www.cde.ual.es\/en\/wp-json\/wp\/v2\/media\/11110"}],"wp:attachment":[{"href":"https:\/\/www.cde.ual.es\/en\/wp-json\/wp\/v2\/media?parent=11109"}],"wp:term":[{"taxonomy":"category","embeddable":true,"href":"https:\/\/www.cde.ual.es\/en\/wp-json\/wp\/v2\/categories?post=11109"},{"taxonomy":"post_tag","embeddable":true,"href":"https:\/\/www.cde.ual.es\/en\/wp-json\/wp\/v2\/tags?post=11109"}],"curies":[{"name":"wp","href":"https:\/\/api.w.org\/{rel}","templated":true}]}}