{"id":110040,"date":"2022-06-14T03:00:29","date_gmt":"2022-06-14T01:00:29","guid":{"rendered":"https:\/\/www.cde.ual.es\/?p=110040"},"modified":"2022-06-13T12:36:27","modified_gmt":"2022-06-13T10:36:27","slug":"ecb-announces-interest-rate-hike-to-curb-inflation","status":"publish","type":"post","link":"https:\/\/www.cde.ual.es\/en\/ecb-announces-interest-rate-hike-to-curb-inflation\/","title":{"rendered":"ECB announces interest rate hike to curb inflation"},"content":{"rendered":"<p><strong>High inflation is a major challenge for all of us. The Governing Council will make sure that inflation returns to its 2% target over the medium term.<\/strong><\/p>\n<p><a href=\"https:\/\/www.cde.ual.es\/wp-content\/uploads\/2022\/06\/christine-lagarde-scaled.jpg\"><img decoding=\"async\" class=\" wp-image-110035 aligncenter\" src=\"https:\/\/www.cde.ual.es\/wp-content\/uploads\/2022\/06\/christine-lagarde-scaled.jpg\" alt=\"\" width=\"531\" height=\"327\" srcset=\"https:\/\/www.cde.ual.es\/wp-content\/uploads\/2022\/06\/christine-lagarde-scaled.jpg 2560w, https:\/\/www.cde.ual.es\/wp-content\/uploads\/2022\/06\/christine-lagarde-300x185.jpg 300w, https:\/\/www.cde.ual.es\/wp-content\/uploads\/2022\/06\/christine-lagarde-1024x630.jpg 1024w, https:\/\/www.cde.ual.es\/wp-content\/uploads\/2022\/06\/christine-lagarde-768x472.jpg 768w, https:\/\/www.cde.ual.es\/wp-content\/uploads\/2022\/06\/christine-lagarde-1536x945.jpg 1536w, https:\/\/www.cde.ual.es\/wp-content\/uploads\/2022\/06\/christine-lagarde-2048x1260.jpg 2048w\" sizes=\"(max-width: 531px) 100vw, 531px\" \/><\/a><\/p>\n<p>In May inflation again rose significantly, mainly because of surging energy and food prices, including due to the impact of the war. But inflation pressures have broadened and intensified, with prices for many goods and services increasing strongly. Eurosystem staff have revised their baseline inflation projections up significantly. These projections indicate that inflation will remain undesirably elevated for some time. However, moderating energy costs, the easing of supply disruptions related to the pandemic and the normalisation of monetary policy are expected to lead to a decline in inflation. The new staff projections foresee annual inflation at 6.8% in 2022, before it is projected to decline to 3.5% in 2023 and 2.1% in 2024 \u2013 higher than in the March projections. This means that headline inflation at the end of the projection horizon is projected to be slightly above the Governing Council\u2019s target. Inflation excluding energy and food is projected to average 3.3% in 2022, 2.8% in 2023 and 2.3% in 2024 \u2013 also above the March projections.<\/p>\n<p>&nbsp;<\/p>\n<table style=\"width: 99.9988%; border-collapse: collapse; border-style: double; border-color: #001f7d;\" cellpadding=\"0,5\">\n<tbody>\n<tr>\n<td style=\"width: 100%;\"><a href=\"https:\/\/www.cde.ual.es\/previsiones-economicas-de-primavera-espana-sera-la-cuarta-economia-que-mas-crecera-de-la-ue\/\" target=\"_blank\" rel=\"noopener\"><img decoding=\"async\" class=\"alignleft\" src=\"https:\/\/www.cde.ual.es\/wp-content\/uploads\/2020\/03\/green-deal-economy-768x519-1.jpg\" alt=\"\" width=\"201\" height=\"134\" \/><\/a><\/p>\n<h4 class=\"entry-title\"><a href=\"https:\/\/www.cde.ual.es\/previsiones-economicas-de-primavera-espana-sera-la-cuarta-economia-que-mas-crecera-de-la-ue\/\" target=\"_blank\" rel=\"noopener\">Previsiones econ\u00f3micas de primavera: Espa\u00f1a ser\u00e1 la cuarta econom\u00eda que m\u00e1s crecer\u00e1 de la UE<\/a><\/h4>\n<\/td>\n<\/tr>\n<\/tbody>\n<\/table>\n<h3><\/h3>\n<p>Russia\u2019s unjustified aggression towards Ukraine continues to weigh on the economy in Europe and beyond. It is disrupting trade, is leading to shortages of materials, and is contributing to high energy and commodity prices. These factors will continue to weigh on confidence and dampen growth, especially in the near term. However, the conditions are in place for the economy to continue to grow on account of the ongoing reopening of the economy, a strong labour market, fiscal support and savings built up during the pandemic. Once current headwinds abate, economic activity is expected to pick up again. This outlook is broadly reflected in the Eurosystem staff projections, which foresee annual real GDP growth at 2.8% in 2022, 2.1% in 2023 and 2.1% in 2024. Compared with the March projections, the outlook has been revised down significantly for 2022 and 2023, while for 2024 it has been revised up.<\/p>\n<p>On the basis of its updated assessment, the Governing Council decided to take further steps in normalising its monetary policy. Throughout this process, the Governing Council will maintain optionality, data-dependence, gradualism and flexibility in the conduct of monetary policy.<\/p>\n<h3>Asset purchase programme (APP) and pandemic emergency purchase programme (PEPP)<\/h3>\n<p>The Governing Council decided to end net asset purchases under its asset purchase programme (APP) as of 1 July 2022. The Governing Council intends to continue reinvesting, in full, the principal payments from maturing securities purchased under the APP for an extended period of time past the date when it starts raising the key ECB interest rates and, in any case, for as long as necessary to maintain ample liquidity conditions and an appropriate monetary policy stance.<\/p>\n<p>&nbsp;<\/p>\n<table style=\"width: 99.9988%; border-collapse: collapse; border-style: double; border-color: #001f7d;\" cellpadding=\"0,5\">\n<tbody>\n<tr>\n<td style=\"width: 100%;\"><a href=\"https:\/\/www.cde.ual.es\/ficha\/the-rise-of-bond-financing-in-europe\/\" target=\"_blank\" rel=\"noopener\"><img decoding=\"async\" class=\"alignleft\" src=\"https:\/\/www.cde.ual.es\/wp-content\/uploads\/2022\/05\/szergh-208x300.png\" alt=\"\" width=\"100\" height=\"144\" \/><\/a><\/p>\n<h4 class=\"entry-title\"><a href=\"https:\/\/www.cde.ual.es\/ficha\/the-rise-of-bond-financing-in-europe\/\" target=\"_blank\" rel=\"noopener\">The rise of bond financing in Europe<\/a><\/h4>\n<\/td>\n<\/tr>\n<\/tbody>\n<\/table>\n<p>&nbsp;<\/p>\n<p>As concerns the pandemic emergency purchase programme (PEPP), the Governing Council intends to reinvest the principal payments from maturing securities purchased under the programme until at least the end of 2024. In any case, the future roll-off of the PEPP portfolio will be managed to avoid interference with the appropriate monetary policy stance.<\/p>\n<p>In the event of renewed market fragmentation related to the pandemic, PEPP reinvestments can be adjusted flexibly across time, asset classes and jurisdictions at any time. This could include purchasing bonds issued by the Hellenic Republic over and above rollovers of redemptions in order to avoid an interruption of purchases in that jurisdiction, which could impair the transmission of monetary policy to the Greek economy while it is still recovering from the fallout from the pandemic. Net purchases under the PEPP could also be resumed, if necessary, to counter negative shocks related to the pandemic.<\/p>\n<h3>Key ECB interest rates<\/h3>\n<p>The Governing Council undertook a careful review of the conditions which, according to its forward guidance, should be satisfied before it starts raising the key ECB interest rates. As a result of this assessment, the Governing Council concluded that those conditions have been satisfied.<\/p>\n<p>Accordingly, and in line with the Governing Council\u2019s policy sequencing, the Governing Council intends to raise the key ECB interest rates by 25 basis points at its July monetary policy meeting. In the meantime, the Governing Council decided to leave the interest rate on the main refinancing operations and the interest rates on the marginal lending facility and the deposit facility unchanged at 0.00%, 0.25% and -0.50% respectively.<\/p>\n<p>Looking further ahead, the Governing Council expects to raise the key ECB interest rates again in September. The calibration of this rate increase will depend on the updated medium-term inflation outlook. If the medium-term inflation outlook persists or deteriorates, a larger increment will be appropriate at the September meeting.<\/p>\n<p>&nbsp;<\/p>\n<table style=\"width: 99.9988%; border-collapse: collapse; border-style: double; border-color: #001f7d;\" cellpadding=\"0,5\">\n<tbody>\n<tr>\n<td style=\"width: 100%;\"><a href=\"https:\/\/www.cde.ual.es\/ficha\/instinctive-versus-reflective-trust-in-the-european-central-bank\/\" target=\"_blank\" rel=\"noopener\"><img decoding=\"async\" class=\"alignleft\" src=\"https:\/\/www.cde.ual.es\/wp-content\/uploads\/2022\/05\/dfhz-210x300.png\" alt=\"\" width=\"100\" height=\"144\" \/><\/a><\/p>\n<h4 class=\"entry-title\"><a href=\"https:\/\/www.cde.ual.es\/ficha\/instinctive-versus-reflective-trust-in-the-european-central-bank\/\" target=\"_blank\" rel=\"noopener\">Instinctive versus reflective trust in the European Central Bank<br \/>\n<\/a><\/h4>\n<\/td>\n<\/tr>\n<\/tbody>\n<\/table>\n<p>Beyond September, based on its current assessment, the Governing Council anticipates that a gradual but sustained path of further increases in interest rates will be appropriate. In line with the Governing Council\u2019s commitment to its 2% medium-term target, the pace at which the Governing Council adjusts its monetary policy will depend on the incoming data and how it assesses inflation to develop in the medium term.<\/p>\n<p><strong>More information: <a href=\"https:\/\/www.ecb.europa.eu\/press\/pr\/date\/2022\/html\/ecb.mp220609~122666c272.es.html\">European Central Bank &#8211; Press release<\/a><\/strong><\/p>\n","protected":false},"excerpt":{"rendered":"<p>High inflation is a major challenge for all of us. The Governing Council will make sure that inflation returns to its 2% target over the medium term. In May inflation again rose significantly, mainly because of surging energy and food prices, including due to the impact of the war. But inflation pressures have broadened and [&hellip;]<\/p>\n","protected":false},"author":101011,"featured_media":110036,"comment_status":"open","ping_status":"open","sticky":false,"template":"","format":"standard","meta":{"_acf_changed":false,"_relevanssi_hide_post":"","_relevanssi_hide_content":"","_relevanssi_pin_for_all":"","_relevanssi_pin_keywords":"","_relevanssi_unpin_keywords":"","_relevanssi_related_keywords":"","_relevanssi_related_include_ids":"","_relevanssi_related_exclude_ids":"","_relevanssi_related_no_append":"","_relevanssi_related_not_related":"","_relevanssi_related_posts":"","_relevanssi_noindex_reason":"","_monsterinsights_skip_tracking":false,"_monsterinsights_sitenote_active":false,"_monsterinsights_sitenote_note":"","_monsterinsights_sitenote_category":0,"_genesis_hide_title":false,"_genesis_hide_breadcrumbs":false,"_genesis_hide_singular_image":false,"_genesis_hide_footer_widgets":false,"_genesis_custom_body_class":"","_genesis_custom_post_class":"","_genesis_layout":"","footnotes":""},"categories":[4090,346,4088],"tags":[866,831],"class_list":{"0":"post-110040","1":"post","2":"type-post","3":"status-publish","4":"format-standard","5":"has-post-thumbnail","7":"category-economy-finance","8":"category-eu-news","9":"category-market","10":"tag-ecb","11":"tag-inflation","12":"entry"},"acf":[],"yoast_head":"<!-- This site is optimized with the Yoast SEO plugin v27.4 - https:\/\/yoast.com\/product\/yoast-seo-wordpress\/ -->\n<title>ECB announces interest rate hike to curb inflation | CDE Almer\u00eda - Centro de Documentaci\u00f3n Europea - Universidad de Almer\u00eda<\/title>\n<meta name=\"robots\" content=\"index, follow, max-snippet:-1, max-image-preview:large, max-video-preview:-1\" \/>\n<link rel=\"canonical\" href=\"https:\/\/www.cde.ual.es\/el-bce-anuncia-subida-de-tipos-de-interes-para-frenar-la-inflacion\/\" \/>\n<meta property=\"og:locale\" content=\"en_US\" \/>\n<meta property=\"og:type\" content=\"article\" \/>\n<meta property=\"og:title\" content=\"ECB announces interest rate hike to curb inflation | CDE Almer\u00eda - Centro de Documentaci\u00f3n Europea - Universidad de Almer\u00eda\" \/>\n<meta property=\"og:description\" content=\"High inflation is a major challenge for all of us. The Governing Council will make sure that inflation returns to its 2% target over the medium term. In May inflation again rose significantly, mainly because of surging energy and food prices, including due to the impact of the war. But inflation pressures have broadened and [&hellip;]\" \/>\n<meta property=\"og:url\" content=\"https:\/\/www.cde.ual.es\/el-bce-anuncia-subida-de-tipos-de-interes-para-frenar-la-inflacion\/\" \/>\n<meta property=\"og:site_name\" content=\"CDE Almer\u00eda - Centro de Documentaci\u00f3n Europea - Universidad de Almer\u00eda\" \/>\n<meta property=\"article:publisher\" content=\"https:\/\/www.facebook.com\/cdeuniversidadalmeria\/\" \/>\n<meta property=\"article:published_time\" content=\"2022-06-14T01:00:29+00:00\" \/>\n<meta property=\"og:image\" content=\"https:\/\/www.cde.ual.es\/wp-content\/uploads\/2022\/06\/christine-lagarde-scaled.jpg\" \/>\n\t<meta property=\"og:image:width\" content=\"2560\" \/>\n\t<meta property=\"og:image:height\" content=\"1575\" \/>\n\t<meta property=\"og:image:type\" content=\"image\/jpeg\" \/>\n<meta name=\"author\" content=\"BECA 2 CDE\" \/>\n<meta name=\"twitter:card\" content=\"summary_large_image\" \/>\n<meta name=\"twitter:creator\" content=\"@cdeualmeria\" \/>\n<meta name=\"twitter:site\" content=\"@cdeualmeria\" \/>\n<meta name=\"twitter:label1\" content=\"Written by\" \/>\n\t<meta name=\"twitter:data1\" content=\"BECA 2 CDE\" \/>\n\t<meta name=\"twitter:label2\" content=\"Est. reading time\" \/>\n\t<meta name=\"twitter:data2\" content=\"4 minutes\" \/>\n<script type=\"application\/ld+json\" class=\"yoast-schema-graph\">{\"@context\":\"https:\\\/\\\/schema.org\",\"@graph\":[{\"@type\":\"Article\",\"@id\":\"https:\\\/\\\/www.cde.ual.es\\\/el-bce-anuncia-subida-de-tipos-de-interes-para-frenar-la-inflacion\\\/#article\",\"isPartOf\":{\"@id\":\"https:\\\/\\\/www.cde.ual.es\\\/el-bce-anuncia-subida-de-tipos-de-interes-para-frenar-la-inflacion\\\/\"},\"author\":{\"name\":\"BECA 2 CDE\",\"@id\":\"https:\\\/\\\/www.cde.ual.es\\\/#\\\/schema\\\/person\\\/ee46ebc19edfa19598c02cff83335acc\"},\"headline\":\"ECB announces interest rate hike to curb inflation\",\"datePublished\":\"2022-06-14T01:00:29+00:00\",\"mainEntityOfPage\":{\"@id\":\"https:\\\/\\\/www.cde.ual.es\\\/el-bce-anuncia-subida-de-tipos-de-interes-para-frenar-la-inflacion\\\/\"},\"wordCount\":875,\"commentCount\":0,\"publisher\":{\"@id\":\"https:\\\/\\\/www.cde.ual.es\\\/#organization\"},\"image\":{\"@id\":\"https:\\\/\\\/www.cde.ual.es\\\/el-bce-anuncia-subida-de-tipos-de-interes-para-frenar-la-inflacion\\\/#primaryimage\"},\"thumbnailUrl\":\"https:\\\/\\\/www.cde.ual.es\\\/wp-content\\\/uploads\\\/2022\\\/06\\\/christine-lagarde-scaled.jpg\",\"keywords\":[\"ECB\",\"inflation\"],\"articleSection\":[\"Economy and Finance\",\"EU News\",\"Market\"],\"inLanguage\":\"en-US\",\"potentialAction\":[{\"@type\":\"CommentAction\",\"name\":\"Comment\",\"target\":[\"https:\\\/\\\/www.cde.ual.es\\\/el-bce-anuncia-subida-de-tipos-de-interes-para-frenar-la-inflacion\\\/#respond\"]}]},{\"@type\":\"WebPage\",\"@id\":\"https:\\\/\\\/www.cde.ual.es\\\/el-bce-anuncia-subida-de-tipos-de-interes-para-frenar-la-inflacion\\\/\",\"url\":\"https:\\\/\\\/www.cde.ual.es\\\/el-bce-anuncia-subida-de-tipos-de-interes-para-frenar-la-inflacion\\\/\",\"name\":\"ECB announces interest rate hike to curb inflation | CDE Almer\u00eda - Centro de Documentaci\u00f3n Europea - Universidad de Almer\u00eda\",\"isPartOf\":{\"@id\":\"https:\\\/\\\/www.cde.ual.es\\\/#website\"},\"primaryImageOfPage\":{\"@id\":\"https:\\\/\\\/www.cde.ual.es\\\/el-bce-anuncia-subida-de-tipos-de-interes-para-frenar-la-inflacion\\\/#primaryimage\"},\"image\":{\"@id\":\"https:\\\/\\\/www.cde.ual.es\\\/el-bce-anuncia-subida-de-tipos-de-interes-para-frenar-la-inflacion\\\/#primaryimage\"},\"thumbnailUrl\":\"https:\\\/\\\/www.cde.ual.es\\\/wp-content\\\/uploads\\\/2022\\\/06\\\/christine-lagarde-scaled.jpg\",\"datePublished\":\"2022-06-14T01:00:29+00:00\",\"breadcrumb\":{\"@id\":\"https:\\\/\\\/www.cde.ual.es\\\/el-bce-anuncia-subida-de-tipos-de-interes-para-frenar-la-inflacion\\\/#breadcrumb\"},\"inLanguage\":\"en-US\",\"potentialAction\":[{\"@type\":\"ReadAction\",\"target\":[\"https:\\\/\\\/www.cde.ual.es\\\/el-bce-anuncia-subida-de-tipos-de-interes-para-frenar-la-inflacion\\\/\"]}]},{\"@type\":\"ImageObject\",\"inLanguage\":\"en-US\",\"@id\":\"https:\\\/\\\/www.cde.ual.es\\\/el-bce-anuncia-subida-de-tipos-de-interes-para-frenar-la-inflacion\\\/#primaryimage\",\"url\":\"https:\\\/\\\/www.cde.ual.es\\\/wp-content\\\/uploads\\\/2022\\\/06\\\/christine-lagarde-scaled.jpg\",\"contentUrl\":\"https:\\\/\\\/www.cde.ual.es\\\/wp-content\\\/uploads\\\/2022\\\/06\\\/christine-lagarde-scaled.jpg\",\"width\":2560,\"height\":1575},{\"@type\":\"BreadcrumbList\",\"@id\":\"https:\\\/\\\/www.cde.ual.es\\\/el-bce-anuncia-subida-de-tipos-de-interes-para-frenar-la-inflacion\\\/#breadcrumb\",\"itemListElement\":[{\"@type\":\"ListItem\",\"position\":1,\"name\":\"Inicio\",\"item\":\"https:\\\/\\\/www.cde.ual.es\\\/en\\\/\"},{\"@type\":\"ListItem\",\"position\":2,\"name\":\"Noticias UE\",\"item\":\"https:\\\/\\\/www.cde.ual.es\\\/category\\\/noticias-ue\\\/\"},{\"@type\":\"ListItem\",\"position\":3,\"name\":\"Mercado\",\"item\":\"https:\\\/\\\/www.cde.ual.es\\\/category\\\/noticias-ue\\\/mercado\\\/\"},{\"@type\":\"ListItem\",\"position\":4,\"name\":\"Economy and Finance\",\"item\":\"https:\\\/\\\/www.cde.ual.es\\\/en\\\/category\\\/eu-news\\\/market\\\/economy-finance\\\/\"},{\"@type\":\"ListItem\",\"position\":5,\"name\":\"ECB announces interest rate hike to curb inflation\"}]},{\"@type\":\"WebSite\",\"@id\":\"https:\\\/\\\/www.cde.ual.es\\\/#website\",\"url\":\"https:\\\/\\\/www.cde.ual.es\\\/\",\"name\":\"CDE Almer\u00eda - Centro de Documentaci\u00f3n Europea - Universidad de Almer\u00eda\",\"description\":\"Centro de Documentaci\u00f3n Europea de la Universidad de Almer\u00eda\",\"publisher\":{\"@id\":\"https:\\\/\\\/www.cde.ual.es\\\/#organization\"},\"alternateName\":\"CDE Almer\u00eda\",\"potentialAction\":[{\"@type\":\"SearchAction\",\"target\":{\"@type\":\"EntryPoint\",\"urlTemplate\":\"https:\\\/\\\/www.cde.ual.es\\\/?s={search_term_string}\"},\"query-input\":{\"@type\":\"PropertyValueSpecification\",\"valueRequired\":true,\"valueName\":\"search_term_string\"}}],\"inLanguage\":\"en-US\"},{\"@type\":\"Organization\",\"@id\":\"https:\\\/\\\/www.cde.ual.es\\\/#organization\",\"name\":\"Centro de Documentaci\u00f3n Europea de Almer\u00eda\",\"url\":\"https:\\\/\\\/www.cde.ual.es\\\/\",\"logo\":{\"@type\":\"ImageObject\",\"inLanguage\":\"en-US\",\"@id\":\"https:\\\/\\\/www.cde.ual.es\\\/#\\\/schema\\\/logo\\\/image\\\/\",\"url\":\"https:\\\/\\\/www.cde.ual.es\\\/wp-content\\\/uploads\\\/2025\\\/07\\\/cde-logo-3.png\",\"contentUrl\":\"https:\\\/\\\/www.cde.ual.es\\\/wp-content\\\/uploads\\\/2025\\\/07\\\/cde-logo-3.png\",\"width\":1400,\"height\":300,\"caption\":\"Centro de Documentaci\u00f3n Europea de Almer\u00eda\"},\"image\":{\"@id\":\"https:\\\/\\\/www.cde.ual.es\\\/#\\\/schema\\\/logo\\\/image\\\/\"},\"sameAs\":[\"https:\\\/\\\/www.facebook.com\\\/cdeuniversidadalmeria\\\/\",\"https:\\\/\\\/x.com\\\/cdeualmeria\",\"https:\\\/\\\/www.tiktok.com\\\/@cdealmeria\",\"https:\\\/\\\/www.instagram.com\\\/cdealmeria\\\/\",\"https:\\\/\\\/www.linkedin.com\\\/in\\\/cde-almera-812b26a9\\\/\"]},{\"@type\":\"Person\",\"@id\":\"https:\\\/\\\/www.cde.ual.es\\\/#\\\/schema\\\/person\\\/ee46ebc19edfa19598c02cff83335acc\",\"name\":\"BECA 2 CDE\",\"image\":{\"@type\":\"ImageObject\",\"inLanguage\":\"en-US\",\"@id\":\"https:\\\/\\\/secure.gravatar.com\\\/avatar\\\/35a481bbc04bbd90e91bdfa3b0b5541036c222a49b9ad37b6889a2afcb5311a5?s=96&d=mm&r=g\",\"url\":\"https:\\\/\\\/secure.gravatar.com\\\/avatar\\\/35a481bbc04bbd90e91bdfa3b0b5541036c222a49b9ad37b6889a2afcb5311a5?s=96&d=mm&r=g\",\"contentUrl\":\"https:\\\/\\\/secure.gravatar.com\\\/avatar\\\/35a481bbc04bbd90e91bdfa3b0b5541036c222a49b9ad37b6889a2afcb5311a5?s=96&d=mm&r=g\",\"caption\":\"BECA 2 CDE\"},\"sameAs\":[\"http:\\\/\\\/www.cdealmeria.com\"]}]}<\/script>\n<!-- \/ Yoast SEO plugin. -->","yoast_head_json":{"title":"ECB announces interest rate hike to curb inflation | CDE Almer\u00eda - Centro de Documentaci\u00f3n Europea - Universidad de Almer\u00eda","robots":{"index":"index","follow":"follow","max-snippet":"max-snippet:-1","max-image-preview":"max-image-preview:large","max-video-preview":"max-video-preview:-1"},"canonical":"https:\/\/www.cde.ual.es\/el-bce-anuncia-subida-de-tipos-de-interes-para-frenar-la-inflacion\/","og_locale":"en_US","og_type":"article","og_title":"ECB announces interest rate hike to curb inflation | CDE Almer\u00eda - Centro de Documentaci\u00f3n Europea - Universidad de Almer\u00eda","og_description":"High inflation is a major challenge for all of us. The Governing Council will make sure that inflation returns to its 2% target over the medium term. In May inflation again rose significantly, mainly because of surging energy and food prices, including due to the impact of the war. But inflation pressures have broadened and [&hellip;]","og_url":"https:\/\/www.cde.ual.es\/el-bce-anuncia-subida-de-tipos-de-interes-para-frenar-la-inflacion\/","og_site_name":"CDE Almer\u00eda - Centro de Documentaci\u00f3n Europea - Universidad de Almer\u00eda","article_publisher":"https:\/\/www.facebook.com\/cdeuniversidadalmeria\/","article_published_time":"2022-06-14T01:00:29+00:00","og_image":[{"width":2560,"height":1575,"url":"https:\/\/www.cde.ual.es\/wp-content\/uploads\/2022\/06\/christine-lagarde-scaled.jpg","type":"image\/jpeg"}],"author":"BECA 2 CDE","twitter_card":"summary_large_image","twitter_creator":"@cdeualmeria","twitter_site":"@cdeualmeria","twitter_misc":{"Written by":"BECA 2 CDE","Est. reading time":"4 minutes"},"schema":{"@context":"https:\/\/schema.org","@graph":[{"@type":"Article","@id":"https:\/\/www.cde.ual.es\/el-bce-anuncia-subida-de-tipos-de-interes-para-frenar-la-inflacion\/#article","isPartOf":{"@id":"https:\/\/www.cde.ual.es\/el-bce-anuncia-subida-de-tipos-de-interes-para-frenar-la-inflacion\/"},"author":{"name":"BECA 2 CDE","@id":"https:\/\/www.cde.ual.es\/#\/schema\/person\/ee46ebc19edfa19598c02cff83335acc"},"headline":"ECB announces interest rate hike to curb inflation","datePublished":"2022-06-14T01:00:29+00:00","mainEntityOfPage":{"@id":"https:\/\/www.cde.ual.es\/el-bce-anuncia-subida-de-tipos-de-interes-para-frenar-la-inflacion\/"},"wordCount":875,"commentCount":0,"publisher":{"@id":"https:\/\/www.cde.ual.es\/#organization"},"image":{"@id":"https:\/\/www.cde.ual.es\/el-bce-anuncia-subida-de-tipos-de-interes-para-frenar-la-inflacion\/#primaryimage"},"thumbnailUrl":"https:\/\/www.cde.ual.es\/wp-content\/uploads\/2022\/06\/christine-lagarde-scaled.jpg","keywords":["ECB","inflation"],"articleSection":["Economy and Finance","EU News","Market"],"inLanguage":"en-US","potentialAction":[{"@type":"CommentAction","name":"Comment","target":["https:\/\/www.cde.ual.es\/el-bce-anuncia-subida-de-tipos-de-interes-para-frenar-la-inflacion\/#respond"]}]},{"@type":"WebPage","@id":"https:\/\/www.cde.ual.es\/el-bce-anuncia-subida-de-tipos-de-interes-para-frenar-la-inflacion\/","url":"https:\/\/www.cde.ual.es\/el-bce-anuncia-subida-de-tipos-de-interes-para-frenar-la-inflacion\/","name":"ECB announces interest rate hike to curb inflation | CDE Almer\u00eda - Centro de Documentaci\u00f3n Europea - Universidad de Almer\u00eda","isPartOf":{"@id":"https:\/\/www.cde.ual.es\/#website"},"primaryImageOfPage":{"@id":"https:\/\/www.cde.ual.es\/el-bce-anuncia-subida-de-tipos-de-interes-para-frenar-la-inflacion\/#primaryimage"},"image":{"@id":"https:\/\/www.cde.ual.es\/el-bce-anuncia-subida-de-tipos-de-interes-para-frenar-la-inflacion\/#primaryimage"},"thumbnailUrl":"https:\/\/www.cde.ual.es\/wp-content\/uploads\/2022\/06\/christine-lagarde-scaled.jpg","datePublished":"2022-06-14T01:00:29+00:00","breadcrumb":{"@id":"https:\/\/www.cde.ual.es\/el-bce-anuncia-subida-de-tipos-de-interes-para-frenar-la-inflacion\/#breadcrumb"},"inLanguage":"en-US","potentialAction":[{"@type":"ReadAction","target":["https:\/\/www.cde.ual.es\/el-bce-anuncia-subida-de-tipos-de-interes-para-frenar-la-inflacion\/"]}]},{"@type":"ImageObject","inLanguage":"en-US","@id":"https:\/\/www.cde.ual.es\/el-bce-anuncia-subida-de-tipos-de-interes-para-frenar-la-inflacion\/#primaryimage","url":"https:\/\/www.cde.ual.es\/wp-content\/uploads\/2022\/06\/christine-lagarde-scaled.jpg","contentUrl":"https:\/\/www.cde.ual.es\/wp-content\/uploads\/2022\/06\/christine-lagarde-scaled.jpg","width":2560,"height":1575},{"@type":"BreadcrumbList","@id":"https:\/\/www.cde.ual.es\/el-bce-anuncia-subida-de-tipos-de-interes-para-frenar-la-inflacion\/#breadcrumb","itemListElement":[{"@type":"ListItem","position":1,"name":"Inicio","item":"https:\/\/www.cde.ual.es\/en\/"},{"@type":"ListItem","position":2,"name":"Noticias UE","item":"https:\/\/www.cde.ual.es\/category\/noticias-ue\/"},{"@type":"ListItem","position":3,"name":"Mercado","item":"https:\/\/www.cde.ual.es\/category\/noticias-ue\/mercado\/"},{"@type":"ListItem","position":4,"name":"Economy and Finance","item":"https:\/\/www.cde.ual.es\/en\/category\/eu-news\/market\/economy-finance\/"},{"@type":"ListItem","position":5,"name":"ECB announces interest rate hike to curb inflation"}]},{"@type":"WebSite","@id":"https:\/\/www.cde.ual.es\/#website","url":"https:\/\/www.cde.ual.es\/","name":"CDE Almer\u00eda - Centro de Documentaci\u00f3n Europea - Universidad de Almer\u00eda","description":"Centro de Documentaci\u00f3n Europea de la Universidad de Almer\u00eda","publisher":{"@id":"https:\/\/www.cde.ual.es\/#organization"},"alternateName":"CDE Almer\u00eda","potentialAction":[{"@type":"SearchAction","target":{"@type":"EntryPoint","urlTemplate":"https:\/\/www.cde.ual.es\/?s={search_term_string}"},"query-input":{"@type":"PropertyValueSpecification","valueRequired":true,"valueName":"search_term_string"}}],"inLanguage":"en-US"},{"@type":"Organization","@id":"https:\/\/www.cde.ual.es\/#organization","name":"Centro de Documentaci\u00f3n Europea de Almer\u00eda","url":"https:\/\/www.cde.ual.es\/","logo":{"@type":"ImageObject","inLanguage":"en-US","@id":"https:\/\/www.cde.ual.es\/#\/schema\/logo\/image\/","url":"https:\/\/www.cde.ual.es\/wp-content\/uploads\/2025\/07\/cde-logo-3.png","contentUrl":"https:\/\/www.cde.ual.es\/wp-content\/uploads\/2025\/07\/cde-logo-3.png","width":1400,"height":300,"caption":"Centro de Documentaci\u00f3n Europea de Almer\u00eda"},"image":{"@id":"https:\/\/www.cde.ual.es\/#\/schema\/logo\/image\/"},"sameAs":["https:\/\/www.facebook.com\/cdeuniversidadalmeria\/","https:\/\/x.com\/cdeualmeria","https:\/\/www.tiktok.com\/@cdealmeria","https:\/\/www.instagram.com\/cdealmeria\/","https:\/\/www.linkedin.com\/in\/cde-almera-812b26a9\/"]},{"@type":"Person","@id":"https:\/\/www.cde.ual.es\/#\/schema\/person\/ee46ebc19edfa19598c02cff83335acc","name":"BECA 2 CDE","image":{"@type":"ImageObject","inLanguage":"en-US","@id":"https:\/\/secure.gravatar.com\/avatar\/35a481bbc04bbd90e91bdfa3b0b5541036c222a49b9ad37b6889a2afcb5311a5?s=96&d=mm&r=g","url":"https:\/\/secure.gravatar.com\/avatar\/35a481bbc04bbd90e91bdfa3b0b5541036c222a49b9ad37b6889a2afcb5311a5?s=96&d=mm&r=g","contentUrl":"https:\/\/secure.gravatar.com\/avatar\/35a481bbc04bbd90e91bdfa3b0b5541036c222a49b9ad37b6889a2afcb5311a5?s=96&d=mm&r=g","caption":"BECA 2 CDE"},"sameAs":["http:\/\/www.cdealmeria.com"]}]}},"_links":{"self":[{"href":"https:\/\/www.cde.ual.es\/en\/wp-json\/wp\/v2\/posts\/110040","targetHints":{"allow":["GET"]}}],"collection":[{"href":"https:\/\/www.cde.ual.es\/en\/wp-json\/wp\/v2\/posts"}],"about":[{"href":"https:\/\/www.cde.ual.es\/en\/wp-json\/wp\/v2\/types\/post"}],"author":[{"embeddable":true,"href":"https:\/\/www.cde.ual.es\/en\/wp-json\/wp\/v2\/users\/101011"}],"replies":[{"embeddable":true,"href":"https:\/\/www.cde.ual.es\/en\/wp-json\/wp\/v2\/comments?post=110040"}],"version-history":[{"count":1,"href":"https:\/\/www.cde.ual.es\/en\/wp-json\/wp\/v2\/posts\/110040\/revisions"}],"predecessor-version":[{"id":110043,"href":"https:\/\/www.cde.ual.es\/en\/wp-json\/wp\/v2\/posts\/110040\/revisions\/110043"}],"wp:featuredmedia":[{"embeddable":true,"href":"https:\/\/www.cde.ual.es\/en\/wp-json\/wp\/v2\/media\/110036"}],"wp:attachment":[{"href":"https:\/\/www.cde.ual.es\/en\/wp-json\/wp\/v2\/media?parent=110040"}],"wp:term":[{"taxonomy":"category","embeddable":true,"href":"https:\/\/www.cde.ual.es\/en\/wp-json\/wp\/v2\/categories?post=110040"},{"taxonomy":"post_tag","embeddable":true,"href":"https:\/\/www.cde.ual.es\/en\/wp-json\/wp\/v2\/tags?post=110040"}],"curies":[{"name":"wp","href":"https:\/\/api.w.org\/{rel}","templated":true}]}}