{"id":109920,"date":"2022-06-13T03:00:29","date_gmt":"2022-06-13T01:00:29","guid":{"rendered":"https:\/\/www.cde.ual.es\/?p=109920"},"modified":"2022-09-16T09:54:46","modified_gmt":"2022-09-16T07:54:46","slug":"eu-must-sanction-judges-responsible-for-repression-in-nicaragua","status":"publish","type":"post","link":"https:\/\/www.cde.ual.es\/en\/eu-must-sanction-judges-responsible-for-repression-in-nicaragua\/","title":{"rendered":"EU must sanction judges responsible for repression in Nicaragua"},"content":{"rendered":"<div class=\"ep_gridcolumn ep-m_product\" data-view1200=\"6\" data-view1020=\"6\" data-view750=\"10\" data-view640=\"6\" data-view480=\"8\" data-view320=\"4\">\n<div class=\"ep_gridcolumn-content\">\n<div class=\"ep-a_text ep-layout_chapo\">\n<p style=\"text-align: justify;\">The European Parliament on 9th June condemned the persecution of the opposition, the press and civil society in Nicaragua and called on the EU to take measures to stop the repressive drift in the country.<\/p>\n<p style=\"text-align: justify;\"><a href=\"https:\/\/www.cde.ual.es\/wp-content\/uploads\/2022\/06\/judge-g54c23f96e_1920.jpg\"><img decoding=\"async\" class=\"aligncenter wp-image-109915\" src=\"https:\/\/www.cde.ual.es\/wp-content\/uploads\/2022\/06\/judge-g54c23f96e_1920.jpg\" alt=\"La UE debe sancionar a los jueces responsables de la represi\u00f3n en Nicaragua\" width=\"325\" height=\"244\" srcset=\"https:\/\/www.cde.ual.es\/wp-content\/uploads\/2022\/06\/judge-g54c23f96e_1920.jpg 1920w, https:\/\/www.cde.ual.es\/wp-content\/uploads\/2022\/06\/judge-g54c23f96e_1920-300x225.jpg 300w, https:\/\/www.cde.ual.es\/wp-content\/uploads\/2022\/06\/judge-g54c23f96e_1920-1024x768.jpg 1024w, https:\/\/www.cde.ual.es\/wp-content\/uploads\/2022\/06\/judge-g54c23f96e_1920-768x576.jpg 768w, https:\/\/www.cde.ual.es\/wp-content\/uploads\/2022\/06\/judge-g54c23f96e_1920-1536x1152.jpg 1536w\" sizes=\"(max-width: 325px) 100vw, 325px\" \/><\/a><\/p>\n<\/div>\n<\/div>\n<\/div>\n<div class=\"ep_gridcolumn ep-m_product\" data-view1200=\"6\" data-view1020=\"6\" data-view750=\"10\" data-view640=\"6\" data-view480=\"8\" data-view320=\"4\">\n<div class=\"ep_gridcolumn-content\">\n<div class=\"ep-a_text\">\n<p style=\"text-align: justify;\">In a resolution adopted with 524 votes in favour, 17 against and 29 abstentions, the fifth on Nicaragua in this parliamentary term, MEPs denounced the abusive detention, lack of due process and illegal convictions of political prisoners that have taken place in Nicaragua. The text urges the Nicaraguan authorities to immediately release those detained since April 2018, annul their judicial proceedings and allow the return of refugees and exiles.<\/p>\n<p style=\"text-align: justify;\">According to Parliament, the illegitimate court rulings confirm the repressive drift of the Nicaraguan regime &#8220;with the blatant connivance of the judiciary&#8221;, aimed at silencing dissidents. The lack of separation of powers and the total control of institutions by the regime has resulted in the subjugation of the judiciary and the Prosecutor&#8217;s Office to the will of the regime, &#8220;with the aim of establishing a dictatorship&#8221;, the text notes.<\/p>\n<p style=\"text-align: justify;\">&#8220;Judges have become a repressive arm responsible for human rights violations,&#8221; say MEPs, who call on the Council to immediately initiate the procedure to sanction more than a dozen of them.<\/p>\n<table style=\"width: 99.9988%; border-collapse: collapse; border-style: double; border-color: #001f7d;\" cellpadding=\"0,5\">\n<tbody>\n<tr>\n<td style=\"width: 100%;\"><a href=\"https:\/\/www.cde.ual.es\/ficha\/the-2022-eu-justice-scoreboard\/\" target=\"_blank\" rel=\"noopener\"><img decoding=\"async\" class=\"alignleft\" src=\"https:\/\/www.cde.ual.es\/wp-content\/uploads\/2022\/05\/justice-552x380.png\" alt=\"\" width=\"201\" height=\"134\" \/><\/a><\/p>\n<h4 class=\"entry-title\"><a href=\"https:\/\/www.cde.ual.es\/ficha\/the-2022-eu-justice-scoreboard\/\" target=\"_blank\" rel=\"noopener\">The 2022 EU JUSTICE SCOREBOARD<\/a><\/h4>\n<\/td>\n<\/tr>\n<\/tbody>\n<\/table>\n<p style=\"text-align: justify;\">The resolution underlines that at least 182 political opponents are imprisoned &#8220;in inhumane conditions&#8221;, seven of them presidential pre-candidates for the 2021 elections. It denounces the systematic abuses and torture to which they have been subjected and highlights the case of former rebel leader Hugo Torres, who died in prison, as well as the recent arrest of Father Manuel Salvador Garc\u00eda.<\/p>\n<p style=\"text-align: justify;\">The seriousness of the situation justifies, in its view, the opening of a formal investigation into Nicaragua and Daniel Ortega through the International Criminal Court for crimes against humanity.<\/p>\n<p style=\"text-align: justify;\">Parliament reiterates its call for Nicaragua to repeal several laws passed in recent years that restrict civic and democratic space, in particular the Special Law on Cybercrime, the Law on the Regulation of Foreign Agents and the Law on the Defence of the People&#8217;s Rights to Independence, Sovereignty and Self-Determination for Peace, as well as the reform of the Code of Criminal Procedure.<\/p>\n<p style=\"text-align: justify;\">MEPs also insist that, in view of the circumstances, the EU should activate the democratic clause of the EU-Central America Association Agreement.<\/p>\n<p style=\"text-align: justify;\">Finally, the resolution regrets that Managua voted against the expulsion of Russia from the UN Human Rights Council for the atrocities committed by its forces in Ukraine and that it abstained in the vote on the resolution that condemned the attack on Ukraine in March and demanded an end to the invasion.<\/p>\n<table style=\"width: 99.9988%; border-collapse: collapse; border-style: double; border-color: #001f7d;\" cellpadding=\"0,5\">\n<tbody>\n<tr>\n<td style=\"width: 100%;\"><a href=\"https:\/\/www.cde.ual.es\/por-que-existe-el-tribunal-de-justicia-de-la-union-europea\/\" target=\"_blank\" rel=\"noopener\"><img decoding=\"async\" class=\"alignleft\" src=\"https:\/\/www.cde.ual.es\/wp-content\/uploads\/2022\/06\/mediateca-14.png\" alt=\"\" width=\"201\" height=\"134\" \/><\/a><\/p>\n<h4 class=\"entry-title\"><a href=\"https:\/\/www.cde.ual.es\/por-que-existe-el-tribunal-de-justicia-de-la-union-europea\/\" target=\"_blank\" rel=\"noopener\">\u00bfPor qu\u00e9 existe el Tribunal de Justicia de la Uni\u00f3n Europea?<\/a><\/h4>\n<\/td>\n<\/tr>\n<\/tbody>\n<\/table>\n<h3 style=\"text-align: justify;\">More information<\/h3>\n<p style=\"text-align: justify;\"><strong><a href=\"https:\/\/www.europarl.europa.eu\/news\/es\/press-room\/20220531IPR31809\/nicaragua-la-ue-debe-sancionar-a-los-jueces-responsables-de-la-represion\" target=\"_blank\" rel=\"noopener\">European Parliament &#8211; News<\/a><\/strong><\/p>\n<\/div>\n<\/div>\n<\/div>\n","protected":false},"excerpt":{"rendered":"<p>The European Parliament on 9th June condemned the persecution of the opposition, the press and civil society in Nicaragua and called on the EU to take measures to stop the repressive drift in the country. In a resolution adopted with 524 votes in favour, 17 against and 29 abstentions, the fifth on Nicaragua in this [&hellip;]<\/p>\n","protected":false},"author":101011,"featured_media":109916,"comment_status":"open","ping_status":"open","sticky":false,"template":"","format":"standard","meta":{"_acf_changed":false,"_relevanssi_hide_post":"","_relevanssi_hide_content":"","_relevanssi_pin_for_all":"","_relevanssi_pin_keywords":"","_relevanssi_unpin_keywords":"","_relevanssi_related_keywords":"","_relevanssi_related_include_ids":"","_relevanssi_related_exclude_ids":"","_relevanssi_related_no_append":"","_relevanssi_related_not_related":"","_relevanssi_related_posts":"","_relevanssi_noindex_reason":"","_monsterinsights_skip_tracking":false,"_monsterinsights_sitenote_active":false,"_monsterinsights_sitenote_note":"","_monsterinsights_sitenote_category":0,"_genesis_hide_title":false,"_genesis_hide_breadcrumbs":false,"_genesis_hide_singular_image":false,"_genesis_hide_footer_widgets":false,"_genesis_custom_body_class":"","_genesis_custom_post_class":"","_genesis_layout":"","footnotes":""},"categories":[4075,346,4078],"tags":[753,412,6157],"class_list":{"0":"post-109920","1":"post","2":"type-post","3":"status-publish","4":"format-standard","5":"has-post-thumbnail","7":"category-defence-security","8":"category-eu-news","9":"category-internat-safety-pol","10":"tag-european-parliament","11":"tag-law","12":"tag-nicaragua-en","13":"entry"},"acf":[],"yoast_head":"<!-- This site is optimized with the Yoast SEO plugin v27.5 - https:\/\/yoast.com\/product\/yoast-seo-wordpress\/ -->\n<title>EU must sanction judges responsible for repression in Nicaragua | CDE Almer\u00eda - Centro de Documentaci\u00f3n Europea - Universidad de Almer\u00eda<\/title>\n<meta name=\"robots\" content=\"index, follow, max-snippet:-1, max-image-preview:large, max-video-preview:-1\" \/>\n<link rel=\"canonical\" href=\"https:\/\/www.cde.ual.es\/en\/eu-must-sanction-judges-responsible-for-repression-in-nicaragua\/\" \/>\n<meta property=\"og:locale\" content=\"en_US\" \/>\n<meta property=\"og:type\" content=\"article\" \/>\n<meta property=\"og:title\" content=\"EU must sanction judges responsible for repression in Nicaragua | CDE Almer\u00eda - Centro de Documentaci\u00f3n Europea - Universidad de Almer\u00eda\" \/>\n<meta property=\"og:description\" content=\"The European Parliament on 9th June condemned the persecution of the opposition, the press and civil society in Nicaragua and called on the EU to take measures to stop the repressive drift in the country. In a resolution adopted with 524 votes in favour, 17 against and 29 abstentions, the fifth on Nicaragua in this [&hellip;]\" \/>\n<meta property=\"og:url\" content=\"https:\/\/www.cde.ual.es\/en\/eu-must-sanction-judges-responsible-for-repression-in-nicaragua\/\" \/>\n<meta property=\"og:site_name\" content=\"CDE Almer\u00eda - Centro de Documentaci\u00f3n Europea - Universidad de Almer\u00eda\" \/>\n<meta property=\"article:publisher\" content=\"https:\/\/www.facebook.com\/cdeuniversidadalmeria\/\" \/>\n<meta property=\"article:published_time\" content=\"2022-06-13T01:00:29+00:00\" \/>\n<meta property=\"article:modified_time\" content=\"2022-09-16T07:54:46+00:00\" \/>\n<meta property=\"og:image\" content=\"https:\/\/www.cde.ual.es\/wp-content\/uploads\/2022\/06\/judge-g54c23f96e_1920.jpg\" \/>\n\t<meta property=\"og:image:width\" content=\"1920\" \/>\n\t<meta property=\"og:image:height\" content=\"1440\" \/>\n\t<meta property=\"og:image:type\" content=\"image\/jpeg\" \/>\n<meta name=\"author\" content=\"BECA 2 CDE\" \/>\n<meta name=\"twitter:card\" content=\"summary_large_image\" \/>\n<meta name=\"twitter:creator\" content=\"@cdeualmeria\" \/>\n<meta name=\"twitter:site\" content=\"@cdeualmeria\" \/>\n<meta name=\"twitter:label1\" content=\"Written by\" \/>\n\t<meta name=\"twitter:data1\" content=\"BECA 2 CDE\" \/>\n\t<meta name=\"twitter:label2\" content=\"Est. reading time\" \/>\n\t<meta name=\"twitter:data2\" content=\"3 minutes\" \/>\n<script type=\"application\/ld+json\" class=\"yoast-schema-graph\">{\"@context\":\"https:\\\/\\\/schema.org\",\"@graph\":[{\"@type\":\"Article\",\"@id\":\"https:\\\/\\\/www.cde.ual.es\\\/en\\\/eu-must-sanction-judges-responsible-for-repression-in-nicaragua\\\/#article\",\"isPartOf\":{\"@id\":\"https:\\\/\\\/www.cde.ual.es\\\/en\\\/eu-must-sanction-judges-responsible-for-repression-in-nicaragua\\\/\"},\"author\":{\"name\":\"BECA 2 CDE\",\"@id\":\"https:\\\/\\\/www.cde.ual.es\\\/#\\\/schema\\\/person\\\/ee46ebc19edfa19598c02cff83335acc\"},\"headline\":\"EU must sanction judges responsible for repression in Nicaragua\",\"datePublished\":\"2022-06-13T01:00:29+00:00\",\"dateModified\":\"2022-09-16T07:54:46+00:00\",\"mainEntityOfPage\":{\"@id\":\"https:\\\/\\\/www.cde.ual.es\\\/en\\\/eu-must-sanction-judges-responsible-for-repression-in-nicaragua\\\/\"},\"wordCount\":459,\"commentCount\":0,\"publisher\":{\"@id\":\"https:\\\/\\\/www.cde.ual.es\\\/#organization\"},\"image\":{\"@id\":\"https:\\\/\\\/www.cde.ual.es\\\/en\\\/eu-must-sanction-judges-responsible-for-repression-in-nicaragua\\\/#primaryimage\"},\"thumbnailUrl\":\"https:\\\/\\\/www.cde.ual.es\\\/wp-content\\\/uploads\\\/2022\\\/06\\\/judge-g54c23f96e_1920.jpg\",\"keywords\":[\"European Parliament\",\"Law\",\"nicaragua\"],\"articleSection\":[\"Defence &amp; Security\",\"EU News\",\"International Safety and Defence Politics\"],\"inLanguage\":\"en-US\",\"potentialAction\":[{\"@type\":\"CommentAction\",\"name\":\"Comment\",\"target\":[\"https:\\\/\\\/www.cde.ual.es\\\/en\\\/eu-must-sanction-judges-responsible-for-repression-in-nicaragua\\\/#respond\"]}]},{\"@type\":\"WebPage\",\"@id\":\"https:\\\/\\\/www.cde.ual.es\\\/en\\\/eu-must-sanction-judges-responsible-for-repression-in-nicaragua\\\/\",\"url\":\"https:\\\/\\\/www.cde.ual.es\\\/en\\\/eu-must-sanction-judges-responsible-for-repression-in-nicaragua\\\/\",\"name\":\"EU must sanction judges responsible for repression in Nicaragua | CDE Almer\u00eda - Centro de Documentaci\u00f3n Europea - Universidad de Almer\u00eda\",\"isPartOf\":{\"@id\":\"https:\\\/\\\/www.cde.ual.es\\\/#website\"},\"primaryImageOfPage\":{\"@id\":\"https:\\\/\\\/www.cde.ual.es\\\/en\\\/eu-must-sanction-judges-responsible-for-repression-in-nicaragua\\\/#primaryimage\"},\"image\":{\"@id\":\"https:\\\/\\\/www.cde.ual.es\\\/en\\\/eu-must-sanction-judges-responsible-for-repression-in-nicaragua\\\/#primaryimage\"},\"thumbnailUrl\":\"https:\\\/\\\/www.cde.ual.es\\\/wp-content\\\/uploads\\\/2022\\\/06\\\/judge-g54c23f96e_1920.jpg\",\"datePublished\":\"2022-06-13T01:00:29+00:00\",\"dateModified\":\"2022-09-16T07:54:46+00:00\",\"breadcrumb\":{\"@id\":\"https:\\\/\\\/www.cde.ual.es\\\/en\\\/eu-must-sanction-judges-responsible-for-repression-in-nicaragua\\\/#breadcrumb\"},\"inLanguage\":\"en-US\",\"potentialAction\":[{\"@type\":\"ReadAction\",\"target\":[\"https:\\\/\\\/www.cde.ual.es\\\/en\\\/eu-must-sanction-judges-responsible-for-repression-in-nicaragua\\\/\"]}]},{\"@type\":\"ImageObject\",\"inLanguage\":\"en-US\",\"@id\":\"https:\\\/\\\/www.cde.ual.es\\\/en\\\/eu-must-sanction-judges-responsible-for-repression-in-nicaragua\\\/#primaryimage\",\"url\":\"https:\\\/\\\/www.cde.ual.es\\\/wp-content\\\/uploads\\\/2022\\\/06\\\/judge-g54c23f96e_1920.jpg\",\"contentUrl\":\"https:\\\/\\\/www.cde.ual.es\\\/wp-content\\\/uploads\\\/2022\\\/06\\\/judge-g54c23f96e_1920.jpg\",\"width\":1920,\"height\":1440},{\"@type\":\"BreadcrumbList\",\"@id\":\"https:\\\/\\\/www.cde.ual.es\\\/en\\\/eu-must-sanction-judges-responsible-for-repression-in-nicaragua\\\/#breadcrumb\",\"itemListElement\":[{\"@type\":\"ListItem\",\"position\":1,\"name\":\"Inicio\",\"item\":\"https:\\\/\\\/www.cde.ual.es\\\/en\\\/\"},{\"@type\":\"ListItem\",\"position\":2,\"name\":\"EU News\",\"item\":\"https:\\\/\\\/www.cde.ual.es\\\/en\\\/category\\\/eu-news\\\/\"},{\"@type\":\"ListItem\",\"position\":3,\"name\":\"Defence &amp; Security\",\"item\":\"https:\\\/\\\/www.cde.ual.es\\\/en\\\/category\\\/eu-news\\\/defence-security\\\/\"},{\"@type\":\"ListItem\",\"position\":4,\"name\":\"International Safety and Defence Politics\",\"item\":\"https:\\\/\\\/www.cde.ual.es\\\/en\\\/category\\\/eu-news\\\/defence-security\\\/internat-safety-pol\\\/\"},{\"@type\":\"ListItem\",\"position\":5,\"name\":\"EU must sanction judges responsible for repression in Nicaragua\"}]},{\"@type\":\"WebSite\",\"@id\":\"https:\\\/\\\/www.cde.ual.es\\\/#website\",\"url\":\"https:\\\/\\\/www.cde.ual.es\\\/\",\"name\":\"CDE Almer\u00eda - Centro de Documentaci\u00f3n Europea - Universidad de Almer\u00eda\",\"description\":\"Centro de Documentaci\u00f3n Europea de la Universidad de Almer\u00eda\",\"publisher\":{\"@id\":\"https:\\\/\\\/www.cde.ual.es\\\/#organization\"},\"alternateName\":\"CDE Almer\u00eda\",\"potentialAction\":[{\"@type\":\"SearchAction\",\"target\":{\"@type\":\"EntryPoint\",\"urlTemplate\":\"https:\\\/\\\/www.cde.ual.es\\\/?s={search_term_string}\"},\"query-input\":{\"@type\":\"PropertyValueSpecification\",\"valueRequired\":true,\"valueName\":\"search_term_string\"}}],\"inLanguage\":\"en-US\"},{\"@type\":\"Organization\",\"@id\":\"https:\\\/\\\/www.cde.ual.es\\\/#organization\",\"name\":\"Centro de Documentaci\u00f3n Europea de Almer\u00eda\",\"url\":\"https:\\\/\\\/www.cde.ual.es\\\/\",\"logo\":{\"@type\":\"ImageObject\",\"inLanguage\":\"en-US\",\"@id\":\"https:\\\/\\\/www.cde.ual.es\\\/#\\\/schema\\\/logo\\\/image\\\/\",\"url\":\"https:\\\/\\\/www.cde.ual.es\\\/wp-content\\\/uploads\\\/2025\\\/07\\\/cde-logo-3.png\",\"contentUrl\":\"https:\\\/\\\/www.cde.ual.es\\\/wp-content\\\/uploads\\\/2025\\\/07\\\/cde-logo-3.png\",\"width\":1400,\"height\":300,\"caption\":\"Centro de Documentaci\u00f3n Europea de Almer\u00eda\"},\"image\":{\"@id\":\"https:\\\/\\\/www.cde.ual.es\\\/#\\\/schema\\\/logo\\\/image\\\/\"},\"sameAs\":[\"https:\\\/\\\/www.facebook.com\\\/cdeuniversidadalmeria\\\/\",\"https:\\\/\\\/x.com\\\/cdeualmeria\",\"https:\\\/\\\/www.tiktok.com\\\/@cdealmeria\",\"https:\\\/\\\/www.instagram.com\\\/cdealmeria\\\/\",\"https:\\\/\\\/www.linkedin.com\\\/in\\\/cde-almera-812b26a9\\\/\"]},{\"@type\":\"Person\",\"@id\":\"https:\\\/\\\/www.cde.ual.es\\\/#\\\/schema\\\/person\\\/ee46ebc19edfa19598c02cff83335acc\",\"name\":\"BECA 2 CDE\",\"image\":{\"@type\":\"ImageObject\",\"inLanguage\":\"en-US\",\"@id\":\"https:\\\/\\\/secure.gravatar.com\\\/avatar\\\/35a481bbc04bbd90e91bdfa3b0b5541036c222a49b9ad37b6889a2afcb5311a5?s=96&d=mm&r=g\",\"url\":\"https:\\\/\\\/secure.gravatar.com\\\/avatar\\\/35a481bbc04bbd90e91bdfa3b0b5541036c222a49b9ad37b6889a2afcb5311a5?s=96&d=mm&r=g\",\"contentUrl\":\"https:\\\/\\\/secure.gravatar.com\\\/avatar\\\/35a481bbc04bbd90e91bdfa3b0b5541036c222a49b9ad37b6889a2afcb5311a5?s=96&d=mm&r=g\",\"caption\":\"BECA 2 CDE\"},\"sameAs\":[\"http:\\\/\\\/www.cdealmeria.com\"]}]}<\/script>\n<!-- \/ Yoast SEO plugin. -->","yoast_head_json":{"title":"EU must sanction judges responsible for repression in Nicaragua | CDE Almer\u00eda - Centro de Documentaci\u00f3n Europea - Universidad de Almer\u00eda","robots":{"index":"index","follow":"follow","max-snippet":"max-snippet:-1","max-image-preview":"max-image-preview:large","max-video-preview":"max-video-preview:-1"},"canonical":"https:\/\/www.cde.ual.es\/en\/eu-must-sanction-judges-responsible-for-repression-in-nicaragua\/","og_locale":"en_US","og_type":"article","og_title":"EU must sanction judges responsible for repression in Nicaragua | CDE Almer\u00eda - Centro de Documentaci\u00f3n Europea - Universidad de Almer\u00eda","og_description":"The European Parliament on 9th June condemned the persecution of the opposition, the press and civil society in Nicaragua and called on the EU to take measures to stop the repressive drift in the country. In a resolution adopted with 524 votes in favour, 17 against and 29 abstentions, the fifth on Nicaragua in this [&hellip;]","og_url":"https:\/\/www.cde.ual.es\/en\/eu-must-sanction-judges-responsible-for-repression-in-nicaragua\/","og_site_name":"CDE Almer\u00eda - Centro de Documentaci\u00f3n Europea - Universidad de Almer\u00eda","article_publisher":"https:\/\/www.facebook.com\/cdeuniversidadalmeria\/","article_published_time":"2022-06-13T01:00:29+00:00","article_modified_time":"2022-09-16T07:54:46+00:00","og_image":[{"width":1920,"height":1440,"url":"https:\/\/www.cde.ual.es\/wp-content\/uploads\/2022\/06\/judge-g54c23f96e_1920.jpg","type":"image\/jpeg"}],"author":"BECA 2 CDE","twitter_card":"summary_large_image","twitter_creator":"@cdeualmeria","twitter_site":"@cdeualmeria","twitter_misc":{"Written by":"BECA 2 CDE","Est. reading time":"3 minutes"},"schema":{"@context":"https:\/\/schema.org","@graph":[{"@type":"Article","@id":"https:\/\/www.cde.ual.es\/en\/eu-must-sanction-judges-responsible-for-repression-in-nicaragua\/#article","isPartOf":{"@id":"https:\/\/www.cde.ual.es\/en\/eu-must-sanction-judges-responsible-for-repression-in-nicaragua\/"},"author":{"name":"BECA 2 CDE","@id":"https:\/\/www.cde.ual.es\/#\/schema\/person\/ee46ebc19edfa19598c02cff83335acc"},"headline":"EU must sanction judges responsible for repression in Nicaragua","datePublished":"2022-06-13T01:00:29+00:00","dateModified":"2022-09-16T07:54:46+00:00","mainEntityOfPage":{"@id":"https:\/\/www.cde.ual.es\/en\/eu-must-sanction-judges-responsible-for-repression-in-nicaragua\/"},"wordCount":459,"commentCount":0,"publisher":{"@id":"https:\/\/www.cde.ual.es\/#organization"},"image":{"@id":"https:\/\/www.cde.ual.es\/en\/eu-must-sanction-judges-responsible-for-repression-in-nicaragua\/#primaryimage"},"thumbnailUrl":"https:\/\/www.cde.ual.es\/wp-content\/uploads\/2022\/06\/judge-g54c23f96e_1920.jpg","keywords":["European Parliament","Law","nicaragua"],"articleSection":["Defence &amp; Security","EU News","International Safety and Defence Politics"],"inLanguage":"en-US","potentialAction":[{"@type":"CommentAction","name":"Comment","target":["https:\/\/www.cde.ual.es\/en\/eu-must-sanction-judges-responsible-for-repression-in-nicaragua\/#respond"]}]},{"@type":"WebPage","@id":"https:\/\/www.cde.ual.es\/en\/eu-must-sanction-judges-responsible-for-repression-in-nicaragua\/","url":"https:\/\/www.cde.ual.es\/en\/eu-must-sanction-judges-responsible-for-repression-in-nicaragua\/","name":"EU must sanction judges responsible for repression in Nicaragua | CDE Almer\u00eda - Centro de Documentaci\u00f3n Europea - Universidad de Almer\u00eda","isPartOf":{"@id":"https:\/\/www.cde.ual.es\/#website"},"primaryImageOfPage":{"@id":"https:\/\/www.cde.ual.es\/en\/eu-must-sanction-judges-responsible-for-repression-in-nicaragua\/#primaryimage"},"image":{"@id":"https:\/\/www.cde.ual.es\/en\/eu-must-sanction-judges-responsible-for-repression-in-nicaragua\/#primaryimage"},"thumbnailUrl":"https:\/\/www.cde.ual.es\/wp-content\/uploads\/2022\/06\/judge-g54c23f96e_1920.jpg","datePublished":"2022-06-13T01:00:29+00:00","dateModified":"2022-09-16T07:54:46+00:00","breadcrumb":{"@id":"https:\/\/www.cde.ual.es\/en\/eu-must-sanction-judges-responsible-for-repression-in-nicaragua\/#breadcrumb"},"inLanguage":"en-US","potentialAction":[{"@type":"ReadAction","target":["https:\/\/www.cde.ual.es\/en\/eu-must-sanction-judges-responsible-for-repression-in-nicaragua\/"]}]},{"@type":"ImageObject","inLanguage":"en-US","@id":"https:\/\/www.cde.ual.es\/en\/eu-must-sanction-judges-responsible-for-repression-in-nicaragua\/#primaryimage","url":"https:\/\/www.cde.ual.es\/wp-content\/uploads\/2022\/06\/judge-g54c23f96e_1920.jpg","contentUrl":"https:\/\/www.cde.ual.es\/wp-content\/uploads\/2022\/06\/judge-g54c23f96e_1920.jpg","width":1920,"height":1440},{"@type":"BreadcrumbList","@id":"https:\/\/www.cde.ual.es\/en\/eu-must-sanction-judges-responsible-for-repression-in-nicaragua\/#breadcrumb","itemListElement":[{"@type":"ListItem","position":1,"name":"Inicio","item":"https:\/\/www.cde.ual.es\/en\/"},{"@type":"ListItem","position":2,"name":"EU News","item":"https:\/\/www.cde.ual.es\/en\/category\/eu-news\/"},{"@type":"ListItem","position":3,"name":"Defence &amp; Security","item":"https:\/\/www.cde.ual.es\/en\/category\/eu-news\/defence-security\/"},{"@type":"ListItem","position":4,"name":"International Safety and Defence Politics","item":"https:\/\/www.cde.ual.es\/en\/category\/eu-news\/defence-security\/internat-safety-pol\/"},{"@type":"ListItem","position":5,"name":"EU must sanction judges responsible for repression in Nicaragua"}]},{"@type":"WebSite","@id":"https:\/\/www.cde.ual.es\/#website","url":"https:\/\/www.cde.ual.es\/","name":"CDE Almer\u00eda - Centro de Documentaci\u00f3n Europea - Universidad de Almer\u00eda","description":"Centro de Documentaci\u00f3n Europea de la Universidad de Almer\u00eda","publisher":{"@id":"https:\/\/www.cde.ual.es\/#organization"},"alternateName":"CDE Almer\u00eda","potentialAction":[{"@type":"SearchAction","target":{"@type":"EntryPoint","urlTemplate":"https:\/\/www.cde.ual.es\/?s={search_term_string}"},"query-input":{"@type":"PropertyValueSpecification","valueRequired":true,"valueName":"search_term_string"}}],"inLanguage":"en-US"},{"@type":"Organization","@id":"https:\/\/www.cde.ual.es\/#organization","name":"Centro de Documentaci\u00f3n Europea de Almer\u00eda","url":"https:\/\/www.cde.ual.es\/","logo":{"@type":"ImageObject","inLanguage":"en-US","@id":"https:\/\/www.cde.ual.es\/#\/schema\/logo\/image\/","url":"https:\/\/www.cde.ual.es\/wp-content\/uploads\/2025\/07\/cde-logo-3.png","contentUrl":"https:\/\/www.cde.ual.es\/wp-content\/uploads\/2025\/07\/cde-logo-3.png","width":1400,"height":300,"caption":"Centro de Documentaci\u00f3n Europea de Almer\u00eda"},"image":{"@id":"https:\/\/www.cde.ual.es\/#\/schema\/logo\/image\/"},"sameAs":["https:\/\/www.facebook.com\/cdeuniversidadalmeria\/","https:\/\/x.com\/cdeualmeria","https:\/\/www.tiktok.com\/@cdealmeria","https:\/\/www.instagram.com\/cdealmeria\/","https:\/\/www.linkedin.com\/in\/cde-almera-812b26a9\/"]},{"@type":"Person","@id":"https:\/\/www.cde.ual.es\/#\/schema\/person\/ee46ebc19edfa19598c02cff83335acc","name":"BECA 2 CDE","image":{"@type":"ImageObject","inLanguage":"en-US","@id":"https:\/\/secure.gravatar.com\/avatar\/35a481bbc04bbd90e91bdfa3b0b5541036c222a49b9ad37b6889a2afcb5311a5?s=96&d=mm&r=g","url":"https:\/\/secure.gravatar.com\/avatar\/35a481bbc04bbd90e91bdfa3b0b5541036c222a49b9ad37b6889a2afcb5311a5?s=96&d=mm&r=g","contentUrl":"https:\/\/secure.gravatar.com\/avatar\/35a481bbc04bbd90e91bdfa3b0b5541036c222a49b9ad37b6889a2afcb5311a5?s=96&d=mm&r=g","caption":"BECA 2 CDE"},"sameAs":["http:\/\/www.cdealmeria.com"]}]}},"_links":{"self":[{"href":"https:\/\/www.cde.ual.es\/en\/wp-json\/wp\/v2\/posts\/109920","targetHints":{"allow":["GET"]}}],"collection":[{"href":"https:\/\/www.cde.ual.es\/en\/wp-json\/wp\/v2\/posts"}],"about":[{"href":"https:\/\/www.cde.ual.es\/en\/wp-json\/wp\/v2\/types\/post"}],"author":[{"embeddable":true,"href":"https:\/\/www.cde.ual.es\/en\/wp-json\/wp\/v2\/users\/101011"}],"replies":[{"embeddable":true,"href":"https:\/\/www.cde.ual.es\/en\/wp-json\/wp\/v2\/comments?post=109920"}],"version-history":[{"count":2,"href":"https:\/\/www.cde.ual.es\/en\/wp-json\/wp\/v2\/posts\/109920\/revisions"}],"predecessor-version":[{"id":118408,"href":"https:\/\/www.cde.ual.es\/en\/wp-json\/wp\/v2\/posts\/109920\/revisions\/118408"}],"wp:featuredmedia":[{"embeddable":true,"href":"https:\/\/www.cde.ual.es\/en\/wp-json\/wp\/v2\/media\/109916"}],"wp:attachment":[{"href":"https:\/\/www.cde.ual.es\/en\/wp-json\/wp\/v2\/media?parent=109920"}],"wp:term":[{"taxonomy":"category","embeddable":true,"href":"https:\/\/www.cde.ual.es\/en\/wp-json\/wp\/v2\/categories?post=109920"},{"taxonomy":"post_tag","embeddable":true,"href":"https:\/\/www.cde.ual.es\/en\/wp-json\/wp\/v2\/tags?post=109920"}],"curies":[{"name":"wp","href":"https:\/\/api.w.org\/{rel}","templated":true}]}}