{"id":1098,"date":"2016-11-07T11:23:41","date_gmt":"2016-11-07T10:23:41","guid":{"rendered":"http:\/\/www.cde.ual.es\/?p=1098"},"modified":"2016-11-07T11:23:41","modified_gmt":"2016-11-07T10:23:41","slug":"ya-tenemos-ganadores-del-concurso-30-anos-de-almeria-en-la-union-europea","status":"publish","type":"post","link":"https:\/\/www.cde.ual.es\/en\/ya-tenemos-ganadores-del-concurso-30-anos-de-almeria-en-la-union-europea\/","title":{"rendered":"\u00a1Ya tenemos ganadores del concurso &#8220;30 a\u00f1os de Almer\u00eda en la Uni\u00f3n Europea&#8221;!"},"content":{"rendered":"<p>Damos la enhorabuena a\u00a0Daniel Checa Mayordomo y a\u00a0Manuel Porras S\u00e1nchez, ganadores respectivamente, en las categor\u00edas de\u00a0Mejor Fotograf\u00eda Antigua y\u00a0Mejor Fotograf\u00eda Actual.<\/p>\n<p>Agradecemos a todos los\u00a0que han participado y los emplazamos a acudir el lunes 14 de noviembre a la inauguraci\u00f3n de la exposici\u00f3n que se va a organizar con todas las obras participantes en la sala Bioclim\u00e1tica del Edificio departamental de Ciencias de la Educaci\u00f3n en la Universidad de Almer\u00eda. En nuestras redes sociales confirmaremos pr\u00f3ximamente la hora de inauguraci\u00f3n<a href=\"http:\/\/www.cde.ual.es\/wp-content\/uploads\/2016\/11\/ACTAS-Fallo-Jurado-concurso-fotograf\u00eda-CDE-30-a\u00f1os.jpg\"><img decoding=\"async\" class=\"alignright size-medium wp-image-1100\" src=\"http:\/\/www.cde.ual.es\/wp-content\/uploads\/2016\/11\/ACTAS-Fallo-Jurado-concurso-fotograf\u00eda-CDE-30-a\u00f1os-300x300.jpg\" alt=\"ACTAS Fallo Jurado concurso fotograf\u00eda CDE 30 a\u00f1os\" width=\"300\" height=\"300\" srcset=\"https:\/\/www.cde.ual.es\/wp-content\/uploads\/2016\/11\/ACTAS-Fallo-Jurado-concurso-fotograf\u00eda-CDE-30-a\u00f1os-300x300.jpg 300w, https:\/\/www.cde.ual.es\/wp-content\/uploads\/2016\/11\/ACTAS-Fallo-Jurado-concurso-fotograf\u00eda-CDE-30-a\u00f1os-150x150.jpg 150w, https:\/\/www.cde.ual.es\/wp-content\/uploads\/2016\/11\/ACTAS-Fallo-Jurado-concurso-fotograf\u00eda-CDE-30-a\u00f1os-1024x1024.jpg 1024w\" sizes=\"(max-width: 300px) 100vw, 300px\" \/><\/a> de la exposici\u00f3n.<\/p>\n<p>&nbsp;<\/p>\n","protected":false},"excerpt":{"rendered":"<p>Damos la enhorabuena a\u00a0Daniel Checa Mayordomo y a\u00a0Manuel Porras S\u00e1nchez, ganadores respectivamente, en las categor\u00edas de\u00a0Mejor Fotograf\u00eda Antigua y\u00a0Mejor Fotograf\u00eda Actual. Agradecemos a todos los\u00a0que han participado y los emplazamos a acudir el lunes 14 de noviembre a la inauguraci\u00f3n de la exposici\u00f3n que se va a organizar con todas las obras participantes en la [&hellip;]<\/p>\n","protected":false},"author":1,"featured_media":0,"comment_status":"open","ping_status":"open","sticky":false,"template":"","format":"standard","meta":{"_acf_changed":false,"_relevanssi_hide_post":"","_relevanssi_hide_content":"","_relevanssi_pin_for_all":"","_relevanssi_pin_keywords":"","_relevanssi_unpin_keywords":"","_relevanssi_related_keywords":"","_relevanssi_related_include_ids":"","_relevanssi_related_exclude_ids":"","_relevanssi_related_no_append":"","_relevanssi_related_not_related":"","_relevanssi_related_posts":"","_relevanssi_noindex_reason":"","_monsterinsights_skip_tracking":false,"_monsterinsights_sitenote_active":false,"_monsterinsights_sitenote_note":"","_monsterinsights_sitenote_category":0,"_genesis_hide_title":false,"_genesis_hide_breadcrumbs":false,"_genesis_hide_singular_image":false,"_genesis_hide_footer_widgets":false,"_genesis_custom_body_class":"","_genesis_custom_post_class":"","_genesis_layout":"","footnotes":""},"categories":[1],"tags":[],"class_list":{"0":"post-1098","1":"post","2":"type-post","3":"status-publish","4":"format-standard","6":"category-sin-categorizar","7":"entry","8":"has-post-thumbnail"},"acf":[],"yoast_head":"<!-- This site is optimized with the Yoast SEO plugin v27.4 - https:\/\/yoast.com\/product\/yoast-seo-wordpress\/ -->\n<title>\u00a1Ya tenemos ganadores del concurso &quot;30 a\u00f1os de Almer\u00eda en la Uni\u00f3n Europea&quot;! | CDE Almer\u00eda - Centro de Documentaci\u00f3n Europea - Universidad de Almer\u00eda<\/title>\n<meta name=\"robots\" content=\"index, follow, max-snippet:-1, max-image-preview:large, max-video-preview:-1\" \/>\n<link rel=\"canonical\" href=\"https:\/\/www.cde.ual.es\/ya-tenemos-ganadores-del-concurso-30-anos-de-almeria-en-la-union-europea\/\" \/>\n<meta property=\"og:locale\" content=\"en_US\" \/>\n<meta property=\"og:type\" content=\"article\" \/>\n<meta property=\"og:title\" content=\"\u00a1Ya tenemos ganadores del concurso &quot;30 a\u00f1os de Almer\u00eda en la Uni\u00f3n Europea&quot;! | CDE Almer\u00eda - Centro de Documentaci\u00f3n Europea - Universidad de Almer\u00eda\" \/>\n<meta property=\"og:description\" content=\"Damos la enhorabuena a\u00a0Daniel Checa Mayordomo y a\u00a0Manuel Porras S\u00e1nchez, ganadores respectivamente, en las categor\u00edas de\u00a0Mejor Fotograf\u00eda Antigua y\u00a0Mejor Fotograf\u00eda Actual. Agradecemos a todos los\u00a0que han participado y los emplazamos a acudir el lunes 14 de noviembre a la inauguraci\u00f3n de la exposici\u00f3n que se va a organizar con todas las obras participantes en la [&hellip;]\" \/>\n<meta property=\"og:url\" content=\"https:\/\/www.cde.ual.es\/ya-tenemos-ganadores-del-concurso-30-anos-de-almeria-en-la-union-europea\/\" \/>\n<meta property=\"og:site_name\" content=\"CDE Almer\u00eda - Centro de Documentaci\u00f3n Europea - Universidad de Almer\u00eda\" \/>\n<meta property=\"article:publisher\" content=\"https:\/\/www.facebook.com\/cdeuniversidadalmeria\/\" \/>\n<meta property=\"article:published_time\" content=\"2016-11-07T10:23:41+00:00\" \/>\n<meta property=\"og:image\" content=\"http:\/\/www.cde.ual.es\/wp-content\/uploads\/2016\/11\/ACTAS-Fallo-Jurado-concurso-fotograf\u00eda-CDE-30-a\u00f1os-300x300.jpg\" \/>\n<meta name=\"author\" content=\"AdminCDE\" \/>\n<meta name=\"twitter:card\" content=\"summary_large_image\" \/>\n<meta name=\"twitter:creator\" content=\"@cdeualmeria\" \/>\n<meta name=\"twitter:site\" content=\"@cdeualmeria\" \/>\n<meta name=\"twitter:label1\" content=\"Written by\" \/>\n\t<meta name=\"twitter:data1\" content=\"AdminCDE\" \/>\n\t<meta name=\"twitter:label2\" content=\"Est. reading time\" \/>\n\t<meta name=\"twitter:data2\" content=\"1 minute\" \/>\n<script type=\"application\/ld+json\" class=\"yoast-schema-graph\">{\"@context\":\"https:\\\/\\\/schema.org\",\"@graph\":[{\"@type\":\"Article\",\"@id\":\"https:\\\/\\\/www.cde.ual.es\\\/ya-tenemos-ganadores-del-concurso-30-anos-de-almeria-en-la-union-europea\\\/#article\",\"isPartOf\":{\"@id\":\"https:\\\/\\\/www.cde.ual.es\\\/ya-tenemos-ganadores-del-concurso-30-anos-de-almeria-en-la-union-europea\\\/\"},\"author\":{\"name\":\"AdminCDE\",\"@id\":\"https:\\\/\\\/www.cde.ual.es\\\/#\\\/schema\\\/person\\\/224ef08c8bcc005f319d2713ce37ee5f\"},\"headline\":\"\u00a1Ya tenemos ganadores del concurso &#8220;30 a\u00f1os de Almer\u00eda en la Uni\u00f3n Europea&#8221;!\",\"datePublished\":\"2016-11-07T10:23:41+00:00\",\"mainEntityOfPage\":{\"@id\":\"https:\\\/\\\/www.cde.ual.es\\\/ya-tenemos-ganadores-del-concurso-30-anos-de-almeria-en-la-union-europea\\\/\"},\"wordCount\":115,\"commentCount\":0,\"publisher\":{\"@id\":\"https:\\\/\\\/www.cde.ual.es\\\/#organization\"},\"articleSection\":[\"Sin categorizar\"],\"inLanguage\":\"en-US\",\"potentialAction\":[{\"@type\":\"CommentAction\",\"name\":\"Comment\",\"target\":[\"https:\\\/\\\/www.cde.ual.es\\\/ya-tenemos-ganadores-del-concurso-30-anos-de-almeria-en-la-union-europea\\\/#respond\"]}]},{\"@type\":\"WebPage\",\"@id\":\"https:\\\/\\\/www.cde.ual.es\\\/ya-tenemos-ganadores-del-concurso-30-anos-de-almeria-en-la-union-europea\\\/\",\"url\":\"https:\\\/\\\/www.cde.ual.es\\\/ya-tenemos-ganadores-del-concurso-30-anos-de-almeria-en-la-union-europea\\\/\",\"name\":\"\u00a1Ya tenemos ganadores del concurso \\\"30 a\u00f1os de Almer\u00eda en la Uni\u00f3n Europea\\\"! | CDE Almer\u00eda - Centro de Documentaci\u00f3n Europea - Universidad de Almer\u00eda\",\"isPartOf\":{\"@id\":\"https:\\\/\\\/www.cde.ual.es\\\/#website\"},\"datePublished\":\"2016-11-07T10:23:41+00:00\",\"breadcrumb\":{\"@id\":\"https:\\\/\\\/www.cde.ual.es\\\/ya-tenemos-ganadores-del-concurso-30-anos-de-almeria-en-la-union-europea\\\/#breadcrumb\"},\"inLanguage\":\"en-US\",\"potentialAction\":[{\"@type\":\"ReadAction\",\"target\":[\"https:\\\/\\\/www.cde.ual.es\\\/ya-tenemos-ganadores-del-concurso-30-anos-de-almeria-en-la-union-europea\\\/\"]}]},{\"@type\":\"BreadcrumbList\",\"@id\":\"https:\\\/\\\/www.cde.ual.es\\\/ya-tenemos-ganadores-del-concurso-30-anos-de-almeria-en-la-union-europea\\\/#breadcrumb\",\"itemListElement\":[{\"@type\":\"ListItem\",\"position\":1,\"name\":\"Inicio\",\"item\":\"https:\\\/\\\/www.cde.ual.es\\\/en\\\/\"},{\"@type\":\"ListItem\",\"position\":2,\"name\":\"Sin categorizar\",\"item\":\"https:\\\/\\\/www.cde.ual.es\\\/category\\\/sin-categorizar\\\/\"},{\"@type\":\"ListItem\",\"position\":3,\"name\":\"\u00a1Ya tenemos ganadores del concurso \u00ab30 a\u00f1os de Almer\u00eda en la Uni\u00f3n Europea\u00bb!\"}]},{\"@type\":\"WebSite\",\"@id\":\"https:\\\/\\\/www.cde.ual.es\\\/#website\",\"url\":\"https:\\\/\\\/www.cde.ual.es\\\/\",\"name\":\"CDE Almer\u00eda - Centro de Documentaci\u00f3n Europea - Universidad de Almer\u00eda\",\"description\":\"Centro de Documentaci\u00f3n Europea de la Universidad de Almer\u00eda\",\"publisher\":{\"@id\":\"https:\\\/\\\/www.cde.ual.es\\\/#organization\"},\"alternateName\":\"CDE Almer\u00eda\",\"potentialAction\":[{\"@type\":\"SearchAction\",\"target\":{\"@type\":\"EntryPoint\",\"urlTemplate\":\"https:\\\/\\\/www.cde.ual.es\\\/?s={search_term_string}\"},\"query-input\":{\"@type\":\"PropertyValueSpecification\",\"valueRequired\":true,\"valueName\":\"search_term_string\"}}],\"inLanguage\":\"en-US\"},{\"@type\":\"Organization\",\"@id\":\"https:\\\/\\\/www.cde.ual.es\\\/#organization\",\"name\":\"Centro de Documentaci\u00f3n Europea de Almer\u00eda\",\"url\":\"https:\\\/\\\/www.cde.ual.es\\\/\",\"logo\":{\"@type\":\"ImageObject\",\"inLanguage\":\"en-US\",\"@id\":\"https:\\\/\\\/www.cde.ual.es\\\/#\\\/schema\\\/logo\\\/image\\\/\",\"url\":\"https:\\\/\\\/www.cde.ual.es\\\/wp-content\\\/uploads\\\/2025\\\/07\\\/cde-logo-3.png\",\"contentUrl\":\"https:\\\/\\\/www.cde.ual.es\\\/wp-content\\\/uploads\\\/2025\\\/07\\\/cde-logo-3.png\",\"width\":1400,\"height\":300,\"caption\":\"Centro de Documentaci\u00f3n Europea de Almer\u00eda\"},\"image\":{\"@id\":\"https:\\\/\\\/www.cde.ual.es\\\/#\\\/schema\\\/logo\\\/image\\\/\"},\"sameAs\":[\"https:\\\/\\\/www.facebook.com\\\/cdeuniversidadalmeria\\\/\",\"https:\\\/\\\/x.com\\\/cdeualmeria\",\"https:\\\/\\\/www.tiktok.com\\\/@cdealmeria\",\"https:\\\/\\\/www.instagram.com\\\/cdealmeria\\\/\",\"https:\\\/\\\/www.linkedin.com\\\/in\\\/cde-almera-812b26a9\\\/\"]},{\"@type\":\"Person\",\"@id\":\"https:\\\/\\\/www.cde.ual.es\\\/#\\\/schema\\\/person\\\/224ef08c8bcc005f319d2713ce37ee5f\",\"name\":\"AdminCDE\",\"image\":{\"@type\":\"ImageObject\",\"inLanguage\":\"en-US\",\"@id\":\"https:\\\/\\\/secure.gravatar.com\\\/avatar\\\/a72d038d371f995cd13706fac32274b7952a52e8fb0a84b5f80c85426f2a98a8?s=96&d=mm&r=g\",\"url\":\"https:\\\/\\\/secure.gravatar.com\\\/avatar\\\/a72d038d371f995cd13706fac32274b7952a52e8fb0a84b5f80c85426f2a98a8?s=96&d=mm&r=g\",\"contentUrl\":\"https:\\\/\\\/secure.gravatar.com\\\/avatar\\\/a72d038d371f995cd13706fac32274b7952a52e8fb0a84b5f80c85426f2a98a8?s=96&d=mm&r=g\",\"caption\":\"AdminCDE\"}}]}<\/script>\n<!-- \/ Yoast SEO plugin. -->","yoast_head_json":{"title":"\u00a1Ya tenemos ganadores del concurso \"30 a\u00f1os de Almer\u00eda en la Uni\u00f3n Europea\"! | CDE Almer\u00eda - Centro de Documentaci\u00f3n Europea - Universidad de Almer\u00eda","robots":{"index":"index","follow":"follow","max-snippet":"max-snippet:-1","max-image-preview":"max-image-preview:large","max-video-preview":"max-video-preview:-1"},"canonical":"https:\/\/www.cde.ual.es\/ya-tenemos-ganadores-del-concurso-30-anos-de-almeria-en-la-union-europea\/","og_locale":"en_US","og_type":"article","og_title":"\u00a1Ya tenemos ganadores del concurso \"30 a\u00f1os de Almer\u00eda en la Uni\u00f3n Europea\"! | CDE Almer\u00eda - Centro de Documentaci\u00f3n Europea - Universidad de Almer\u00eda","og_description":"Damos la enhorabuena a\u00a0Daniel Checa Mayordomo y a\u00a0Manuel Porras S\u00e1nchez, ganadores respectivamente, en las categor\u00edas de\u00a0Mejor Fotograf\u00eda Antigua y\u00a0Mejor Fotograf\u00eda Actual. Agradecemos a todos los\u00a0que han participado y los emplazamos a acudir el lunes 14 de noviembre a la inauguraci\u00f3n de la exposici\u00f3n que se va a organizar con todas las obras participantes en la [&hellip;]","og_url":"https:\/\/www.cde.ual.es\/ya-tenemos-ganadores-del-concurso-30-anos-de-almeria-en-la-union-europea\/","og_site_name":"CDE Almer\u00eda - Centro de Documentaci\u00f3n Europea - Universidad de Almer\u00eda","article_publisher":"https:\/\/www.facebook.com\/cdeuniversidadalmeria\/","article_published_time":"2016-11-07T10:23:41+00:00","og_image":[{"url":"http:\/\/www.cde.ual.es\/wp-content\/uploads\/2016\/11\/ACTAS-Fallo-Jurado-concurso-fotograf\u00eda-CDE-30-a\u00f1os-300x300.jpg","type":"","width":"","height":""}],"author":"AdminCDE","twitter_card":"summary_large_image","twitter_creator":"@cdeualmeria","twitter_site":"@cdeualmeria","twitter_misc":{"Written by":"AdminCDE","Est. reading time":"1 minute"},"schema":{"@context":"https:\/\/schema.org","@graph":[{"@type":"Article","@id":"https:\/\/www.cde.ual.es\/ya-tenemos-ganadores-del-concurso-30-anos-de-almeria-en-la-union-europea\/#article","isPartOf":{"@id":"https:\/\/www.cde.ual.es\/ya-tenemos-ganadores-del-concurso-30-anos-de-almeria-en-la-union-europea\/"},"author":{"name":"AdminCDE","@id":"https:\/\/www.cde.ual.es\/#\/schema\/person\/224ef08c8bcc005f319d2713ce37ee5f"},"headline":"\u00a1Ya tenemos ganadores del concurso &#8220;30 a\u00f1os de Almer\u00eda en la Uni\u00f3n Europea&#8221;!","datePublished":"2016-11-07T10:23:41+00:00","mainEntityOfPage":{"@id":"https:\/\/www.cde.ual.es\/ya-tenemos-ganadores-del-concurso-30-anos-de-almeria-en-la-union-europea\/"},"wordCount":115,"commentCount":0,"publisher":{"@id":"https:\/\/www.cde.ual.es\/#organization"},"articleSection":["Sin categorizar"],"inLanguage":"en-US","potentialAction":[{"@type":"CommentAction","name":"Comment","target":["https:\/\/www.cde.ual.es\/ya-tenemos-ganadores-del-concurso-30-anos-de-almeria-en-la-union-europea\/#respond"]}]},{"@type":"WebPage","@id":"https:\/\/www.cde.ual.es\/ya-tenemos-ganadores-del-concurso-30-anos-de-almeria-en-la-union-europea\/","url":"https:\/\/www.cde.ual.es\/ya-tenemos-ganadores-del-concurso-30-anos-de-almeria-en-la-union-europea\/","name":"\u00a1Ya tenemos ganadores del concurso \"30 a\u00f1os de Almer\u00eda en la Uni\u00f3n Europea\"! | CDE Almer\u00eda - Centro de Documentaci\u00f3n Europea - Universidad de Almer\u00eda","isPartOf":{"@id":"https:\/\/www.cde.ual.es\/#website"},"datePublished":"2016-11-07T10:23:41+00:00","breadcrumb":{"@id":"https:\/\/www.cde.ual.es\/ya-tenemos-ganadores-del-concurso-30-anos-de-almeria-en-la-union-europea\/#breadcrumb"},"inLanguage":"en-US","potentialAction":[{"@type":"ReadAction","target":["https:\/\/www.cde.ual.es\/ya-tenemos-ganadores-del-concurso-30-anos-de-almeria-en-la-union-europea\/"]}]},{"@type":"BreadcrumbList","@id":"https:\/\/www.cde.ual.es\/ya-tenemos-ganadores-del-concurso-30-anos-de-almeria-en-la-union-europea\/#breadcrumb","itemListElement":[{"@type":"ListItem","position":1,"name":"Inicio","item":"https:\/\/www.cde.ual.es\/en\/"},{"@type":"ListItem","position":2,"name":"Sin categorizar","item":"https:\/\/www.cde.ual.es\/category\/sin-categorizar\/"},{"@type":"ListItem","position":3,"name":"\u00a1Ya tenemos ganadores del concurso \u00ab30 a\u00f1os de Almer\u00eda en la Uni\u00f3n Europea\u00bb!"}]},{"@type":"WebSite","@id":"https:\/\/www.cde.ual.es\/#website","url":"https:\/\/www.cde.ual.es\/","name":"CDE Almer\u00eda - Centro de Documentaci\u00f3n Europea - Universidad de Almer\u00eda","description":"Centro de Documentaci\u00f3n Europea de la Universidad de Almer\u00eda","publisher":{"@id":"https:\/\/www.cde.ual.es\/#organization"},"alternateName":"CDE Almer\u00eda","potentialAction":[{"@type":"SearchAction","target":{"@type":"EntryPoint","urlTemplate":"https:\/\/www.cde.ual.es\/?s={search_term_string}"},"query-input":{"@type":"PropertyValueSpecification","valueRequired":true,"valueName":"search_term_string"}}],"inLanguage":"en-US"},{"@type":"Organization","@id":"https:\/\/www.cde.ual.es\/#organization","name":"Centro de Documentaci\u00f3n Europea de Almer\u00eda","url":"https:\/\/www.cde.ual.es\/","logo":{"@type":"ImageObject","inLanguage":"en-US","@id":"https:\/\/www.cde.ual.es\/#\/schema\/logo\/image\/","url":"https:\/\/www.cde.ual.es\/wp-content\/uploads\/2025\/07\/cde-logo-3.png","contentUrl":"https:\/\/www.cde.ual.es\/wp-content\/uploads\/2025\/07\/cde-logo-3.png","width":1400,"height":300,"caption":"Centro de Documentaci\u00f3n Europea de Almer\u00eda"},"image":{"@id":"https:\/\/www.cde.ual.es\/#\/schema\/logo\/image\/"},"sameAs":["https:\/\/www.facebook.com\/cdeuniversidadalmeria\/","https:\/\/x.com\/cdeualmeria","https:\/\/www.tiktok.com\/@cdealmeria","https:\/\/www.instagram.com\/cdealmeria\/","https:\/\/www.linkedin.com\/in\/cde-almera-812b26a9\/"]},{"@type":"Person","@id":"https:\/\/www.cde.ual.es\/#\/schema\/person\/224ef08c8bcc005f319d2713ce37ee5f","name":"AdminCDE","image":{"@type":"ImageObject","inLanguage":"en-US","@id":"https:\/\/secure.gravatar.com\/avatar\/a72d038d371f995cd13706fac32274b7952a52e8fb0a84b5f80c85426f2a98a8?s=96&d=mm&r=g","url":"https:\/\/secure.gravatar.com\/avatar\/a72d038d371f995cd13706fac32274b7952a52e8fb0a84b5f80c85426f2a98a8?s=96&d=mm&r=g","contentUrl":"https:\/\/secure.gravatar.com\/avatar\/a72d038d371f995cd13706fac32274b7952a52e8fb0a84b5f80c85426f2a98a8?s=96&d=mm&r=g","caption":"AdminCDE"}}]}},"_links":{"self":[{"href":"https:\/\/www.cde.ual.es\/en\/wp-json\/wp\/v2\/posts\/1098","targetHints":{"allow":["GET"]}}],"collection":[{"href":"https:\/\/www.cde.ual.es\/en\/wp-json\/wp\/v2\/posts"}],"about":[{"href":"https:\/\/www.cde.ual.es\/en\/wp-json\/wp\/v2\/types\/post"}],"author":[{"embeddable":true,"href":"https:\/\/www.cde.ual.es\/en\/wp-json\/wp\/v2\/users\/1"}],"replies":[{"embeddable":true,"href":"https:\/\/www.cde.ual.es\/en\/wp-json\/wp\/v2\/comments?post=1098"}],"version-history":[{"count":0,"href":"https:\/\/www.cde.ual.es\/en\/wp-json\/wp\/v2\/posts\/1098\/revisions"}],"wp:attachment":[{"href":"https:\/\/www.cde.ual.es\/en\/wp-json\/wp\/v2\/media?parent=1098"}],"wp:term":[{"taxonomy":"category","embeddable":true,"href":"https:\/\/www.cde.ual.es\/en\/wp-json\/wp\/v2\/categories?post=1098"},{"taxonomy":"post_tag","embeddable":true,"href":"https:\/\/www.cde.ual.es\/en\/wp-json\/wp\/v2\/tags?post=1098"}],"curies":[{"name":"wp","href":"https:\/\/api.w.org\/{rel}","templated":true}]}}