{"id":109733,"date":"2022-06-10T03:00:28","date_gmt":"2022-06-10T01:00:28","guid":{"rendered":"https:\/\/www.cde.ual.es\/?p=109733"},"modified":"2022-06-09T14:35:02","modified_gmt":"2022-06-09T12:35:02","slug":"european-commission-and-united-states-sign-health-agreement","status":"publish","type":"post","link":"https:\/\/www.cde.ual.es\/en\/european-commission-and-united-states-sign-health-agreement\/","title":{"rendered":"European Commission and United States sign health agreement"},"content":{"rendered":"<p><a href=\"https:\/\/www.cde.ual.es\/wp-content\/uploads\/2020\/12\/close-up-doctor-health-42273-300x200-1.jpg\"><img decoding=\"async\" class=\" wp-image-58948 aligncenter\" src=\"https:\/\/www.cde.ual.es\/wp-content\/uploads\/2020\/12\/close-up-doctor-health-42273-300x200-1.jpg\" alt=\"\" width=\"330\" height=\"220\" \/><\/a><\/p>\n<p>Following the statement by President Ursula\u00a0<strong>von der Leyen<\/strong>\u00a0and U.S. President Joe Biden marking the second Global COVID-19 Summit, the European Commission and the U.S. Department of Health and Human Services have signed an arrangement to strengthen cooperation on preparedness and response to public health threats. This will enable the Commission and the U.S. to work together on a broad range of topics to jointly tackle health emergencies, contributing to establishing a strong global health architecture.<\/p>\n<p>Stella\u00a0<strong>Kyriakides,\u00a0<\/strong>European Commissioner for Health and Food Safety, said:\u00a0<em>\u201cFirst transatlantic arrangement on cooperation in the area of health is an important step in our already close working relationship with the US to counter COVID-19. We share broad mutual interests in the control and prevention of infectious diseases globally. Wee put this cooperation on new footing, to jointly identify health threats, work together on procuring medical countermeasures and prepare for health threats together. As the pandemic has shown us, joining forces will enable us to better deal with future health crises and better protect citizens across Europe and globally.\u201d<\/em><\/p>\n<p>Xavier Becerra<strong>,\u00a0<\/strong>Secretary of the U.S. Department of Health and Human Services, said:<strong>\u00a0<\/strong>\u201c<em>Strengthening our collaboration with the European Commission through this formal arrangement signifies the importance the U.S. places on working together toward our shared pandemic preparedness and response goals. In addition, this arrangement gives us an opportunity to jointly assist other countries, including those outside of the European Union, with building up their capacity to prevent, detect, and respond to public health threats<\/em>.\u201d<\/p>\n<table style=\"width: 99.9988%; border-collapse: collapse; border-style: double; border-color: #001f7d;\" cellpadding=\"0,5\">\n<tbody>\n<tr>\n<td style=\"width: 100%;\"><a href=\"https:\/\/www.cde.ual.es\/how-authorised-covid-19-vaccines-are-monitored-for-safety-in-the-eu\/\" target=\"_blank\" rel=\"noopener\"><img decoding=\"async\" class=\"alignleft\" src=\"https:\/\/www.cde.ual.es\/wp-content\/uploads\/2022\/05\/mediateca-9.png\" alt=\"\" width=\"201\" height=\"134\" \/><\/a><\/p>\n<h4 class=\"entry-title\"><a href=\"https:\/\/www.cde.ual.es\/how-authorised-covid-19-vaccines-are-monitored-for-safety-in-the-eu\/\" target=\"_blank\" rel=\"noopener\">How authorised COVID-19 vaccines are monitored for safety in the EU?<\/a><\/h4>\n<\/td>\n<\/tr>\n<\/tbody>\n<\/table>\n<p>The transatlantic arrangement, signed on 19 May in Berlin, will be coordinated by the European Commission Health Emergency and Preparedness Response Authority (HERA) and the Directorate-General for Health and Food Safety on the EU side and the Department of Health and Human Services on the U.S. side. As part of the arrangement, the European Commission and the U.S. will work together on epidemic and supply chain information, research and innovation, and production of medical countermeasures, including vaccines and therapeutics. By facilitating information, knowledge, and data sharing, the arrangement will reduce duplication and ensure strong synergies in our preparedness and response efforts. In particular, the European Commission and the U.S. will strengthen cooperation on:<\/p>\n<ul>\n<li>Reviewing joint threat assessments with the goal of identifying at least one most relevant public health threat per year on which to collaborate on.<\/li>\n<li>Sharing secured data for global surveillance for the early detection of emerging health threats.<\/li>\n<li>Supporting procurement activities, including the assessment of vaccine platforms and exchange of best practices on vaccine arrangements.<\/li>\n<li>Coordinating support for the research and development of innovative medical countermeasures.<\/li>\n<li>Supporting third countries on preparedness and response to public health threats.<\/li>\n<li>Tackling mis- and disinformation on health threats by exchanging good practices and initiating joint actions.<\/li>\n<\/ul>\n<p><strong>Background<\/strong><\/p>\n<p>The present administrative arrangement is a deliverable of the\u00a0<a href=\"https:\/\/ec.europa.eu\/commission\/presscorner\/detail\/en\/statement_21_4846\">U.S.-EU Agenda<\/a>\u00a0for Beating the Global Pandemic, Vaccinating the World, Saving Lives Now, and Building Back Better Global Health Security.\u00a0 It is part of the joint actions announced in the 12 May\u00a0<a href=\"https:\/\/ec.europa.eu\/commission\/presscorner\/detail\/en\/STATEMENT_22_3050\">statement<\/a>\u00a0reaffirming the Joint Agenda by President\u00a0<strong>von der Leyen<\/strong>\u00a0and President Biden on the occasion of the second global COVID-19 summit. It also complements the United States\u2013European Commission Joint Statement on the launch of the joint\u00a0<a href=\"https:\/\/ec.europa.eu\/commission\/presscorner\/detail\/en\/statement_21_4847\">COVID-19 Manufacturing and Supply Chain Taskforce<\/a>.<\/p>\n<table style=\"width: 99.9988%; border-collapse: collapse; border-style: double; border-color: #001f7d;\" cellpadding=\"0,5\">\n<tbody>\n<tr>\n<td style=\"width: 100%;\"><a href=\"https:\/\/www.cde.ual.es\/ficha\/corporate-training-and-skill-gaps-did-covid-19-stem-eu-convergence-in-training-investments\/\" target=\"_blank\" rel=\"noopener\"><img decoding=\"async\" class=\"alignleft\" src=\"https:\/\/www.cde.ual.es\/wp-content\/uploads\/2022\/05\/y7i.png\" alt=\"\" width=\"110\" height=\"156\" \/><\/a><\/p>\n<h4 class=\"entry-title\"><a href=\"https:\/\/www.cde.ual.es\/ficha\/corporate-training-and-skill-gaps-did-covid-19-stem-eu-convergence-in-training-investments\/\" target=\"_blank\" rel=\"noopener\">Corporate training and skill gaps. Did Covid-19 stem EU convergence in training investments?<\/a><\/h4>\n<\/td>\n<\/tr>\n<\/tbody>\n<\/table>\n<h3>More information<\/h3>\n<p><a href=\"https:\/\/ec.europa.eu\/commission\/presscorner\/detail\/es\/ip_22_3203\" target=\"_blank\" rel=\"noopener\">European Commission &#8211; News<\/a><\/p>\n","protected":false},"excerpt":{"rendered":"<p>Following the statement by President Ursula\u00a0von der Leyen\u00a0and U.S. President Joe Biden marking the second Global COVID-19 Summit, the European Commission and the U.S. Department of Health and Human Services have signed an arrangement to strengthen cooperation on preparedness and response to public health threats. This will enable the Commission and the U.S. to work [&hellip;]<\/p>\n","protected":false},"author":101011,"featured_media":58948,"comment_status":"open","ping_status":"open","sticky":false,"template":"","format":"standard","meta":{"_acf_changed":false,"_relevanssi_hide_post":"","_relevanssi_hide_content":"","_relevanssi_pin_for_all":"","_relevanssi_pin_keywords":"","_relevanssi_unpin_keywords":"","_relevanssi_related_keywords":"","_relevanssi_related_include_ids":"","_relevanssi_related_exclude_ids":"","_relevanssi_related_no_append":"","_relevanssi_related_not_related":"","_relevanssi_related_posts":"","_relevanssi_noindex_reason":"","_monsterinsights_skip_tracking":false,"_monsterinsights_sitenote_active":false,"_monsterinsights_sitenote_note":"","_monsterinsights_sitenote_category":0,"_genesis_hide_title":false,"_genesis_hide_breadcrumbs":false,"_genesis_hide_singular_image":false,"_genesis_hide_footer_widgets":false,"_genesis_custom_body_class":"","_genesis_custom_post_class":"","_genesis_layout":"","footnotes":""},"categories":[4093,346,4092],"tags":[785,1488,437,2788],"class_list":{"0":"post-109733","1":"post","2":"type-post","3":"status-publish","4":"format-standard","5":"has-post-thumbnail","7":"category-diseases","8":"category-eu-news","9":"category-health","10":"tag-agreement","11":"tag-european-commission","12":"tag-health","13":"tag-news","14":"entry"},"acf":[],"yoast_head":"<!-- This site is optimized with the Yoast SEO plugin v27.4 - https:\/\/yoast.com\/product\/yoast-seo-wordpress\/ -->\n<title>European Commission and United States sign health agreement | CDE Almer\u00eda - Centro de Documentaci\u00f3n Europea - Universidad de Almer\u00eda<\/title>\n<meta name=\"robots\" content=\"index, follow, max-snippet:-1, max-image-preview:large, max-video-preview:-1\" \/>\n<link rel=\"canonical\" href=\"https:\/\/www.cde.ual.es\/?p=109738\" \/>\n<meta property=\"og:locale\" content=\"en_US\" \/>\n<meta property=\"og:type\" content=\"article\" \/>\n<meta property=\"og:title\" content=\"European Commission and United States sign health agreement | CDE Almer\u00eda - Centro de Documentaci\u00f3n Europea - Universidad de Almer\u00eda\" \/>\n<meta property=\"og:description\" content=\"Following the statement by President Ursula\u00a0von der Leyen\u00a0and U.S. President Joe Biden marking the second Global COVID-19 Summit, the European Commission and the U.S. Department of Health and Human Services have signed an arrangement to strengthen cooperation on preparedness and response to public health threats. This will enable the Commission and the U.S. to work [&hellip;]\" \/>\n<meta property=\"og:url\" content=\"https:\/\/www.cde.ual.es\/?p=109738\" \/>\n<meta property=\"og:site_name\" content=\"CDE Almer\u00eda - Centro de Documentaci\u00f3n Europea - Universidad de Almer\u00eda\" \/>\n<meta property=\"article:publisher\" content=\"https:\/\/www.facebook.com\/cdeuniversidadalmeria\/\" \/>\n<meta property=\"article:published_time\" content=\"2022-06-10T01:00:28+00:00\" \/>\n<meta property=\"og:image\" content=\"https:\/\/www.cde.ual.es\/wp-content\/uploads\/2020\/12\/close-up-doctor-health-42273-300x200-1.jpg\" \/>\n\t<meta property=\"og:image:width\" content=\"300\" \/>\n\t<meta property=\"og:image:height\" content=\"200\" \/>\n\t<meta property=\"og:image:type\" content=\"image\/jpeg\" \/>\n<meta name=\"author\" content=\"BECA 2 CDE\" \/>\n<meta name=\"twitter:card\" content=\"summary_large_image\" \/>\n<meta name=\"twitter:creator\" content=\"@cdeualmeria\" \/>\n<meta name=\"twitter:site\" content=\"@cdeualmeria\" \/>\n<meta name=\"twitter:label1\" content=\"Written by\" \/>\n\t<meta name=\"twitter:data1\" content=\"BECA 2 CDE\" \/>\n\t<meta name=\"twitter:label2\" content=\"Est. reading time\" \/>\n\t<meta name=\"twitter:data2\" content=\"3 minutes\" \/>\n<script type=\"application\/ld+json\" class=\"yoast-schema-graph\">{\"@context\":\"https:\\\/\\\/schema.org\",\"@graph\":[{\"@type\":\"Article\",\"@id\":\"https:\\\/\\\/www.cde.ual.es\\\/?p=109738#article\",\"isPartOf\":{\"@id\":\"https:\\\/\\\/www.cde.ual.es\\\/?p=109738\"},\"author\":{\"name\":\"BECA 2 CDE\",\"@id\":\"https:\\\/\\\/www.cde.ual.es\\\/#\\\/schema\\\/person\\\/ee46ebc19edfa19598c02cff83335acc\"},\"headline\":\"European Commission and United States sign health agreement\",\"datePublished\":\"2022-06-10T01:00:28+00:00\",\"mainEntityOfPage\":{\"@id\":\"https:\\\/\\\/www.cde.ual.es\\\/?p=109738\"},\"wordCount\":589,\"commentCount\":0,\"publisher\":{\"@id\":\"https:\\\/\\\/www.cde.ual.es\\\/#organization\"},\"image\":{\"@id\":\"https:\\\/\\\/www.cde.ual.es\\\/?p=109738#primaryimage\"},\"thumbnailUrl\":\"https:\\\/\\\/www.cde.ual.es\\\/wp-content\\\/uploads\\\/2020\\\/12\\\/close-up-doctor-health-42273-300x200-1.jpg\",\"keywords\":[\"Agreement\",\"European Commission\",\"health\",\"News\"],\"articleSection\":[\"Diseases\",\"EU News\",\"Health\"],\"inLanguage\":\"en-US\",\"potentialAction\":[{\"@type\":\"CommentAction\",\"name\":\"Comment\",\"target\":[\"https:\\\/\\\/www.cde.ual.es\\\/?p=109738#respond\"]}]},{\"@type\":\"WebPage\",\"@id\":\"https:\\\/\\\/www.cde.ual.es\\\/?p=109738\",\"url\":\"https:\\\/\\\/www.cde.ual.es\\\/?p=109738\",\"name\":\"European Commission and United States sign health agreement | CDE Almer\u00eda - Centro de Documentaci\u00f3n Europea - Universidad de Almer\u00eda\",\"isPartOf\":{\"@id\":\"https:\\\/\\\/www.cde.ual.es\\\/#website\"},\"primaryImageOfPage\":{\"@id\":\"https:\\\/\\\/www.cde.ual.es\\\/?p=109738#primaryimage\"},\"image\":{\"@id\":\"https:\\\/\\\/www.cde.ual.es\\\/?p=109738#primaryimage\"},\"thumbnailUrl\":\"https:\\\/\\\/www.cde.ual.es\\\/wp-content\\\/uploads\\\/2020\\\/12\\\/close-up-doctor-health-42273-300x200-1.jpg\",\"datePublished\":\"2022-06-10T01:00:28+00:00\",\"breadcrumb\":{\"@id\":\"https:\\\/\\\/www.cde.ual.es\\\/?p=109738#breadcrumb\"},\"inLanguage\":\"en-US\",\"potentialAction\":[{\"@type\":\"ReadAction\",\"target\":[\"https:\\\/\\\/www.cde.ual.es\\\/?p=109738\"]}]},{\"@type\":\"ImageObject\",\"inLanguage\":\"en-US\",\"@id\":\"https:\\\/\\\/www.cde.ual.es\\\/?p=109738#primaryimage\",\"url\":\"https:\\\/\\\/www.cde.ual.es\\\/wp-content\\\/uploads\\\/2020\\\/12\\\/close-up-doctor-health-42273-300x200-1.jpg\",\"contentUrl\":\"https:\\\/\\\/www.cde.ual.es\\\/wp-content\\\/uploads\\\/2020\\\/12\\\/close-up-doctor-health-42273-300x200-1.jpg\",\"width\":300,\"height\":200},{\"@type\":\"BreadcrumbList\",\"@id\":\"https:\\\/\\\/www.cde.ual.es\\\/?p=109738#breadcrumb\",\"itemListElement\":[{\"@type\":\"ListItem\",\"position\":1,\"name\":\"Inicio\",\"item\":\"https:\\\/\\\/www.cde.ual.es\\\/en\\\/\"},{\"@type\":\"ListItem\",\"position\":2,\"name\":\"Noticias UE\",\"item\":\"https:\\\/\\\/www.cde.ual.es\\\/category\\\/noticias-ue\\\/\"},{\"@type\":\"ListItem\",\"position\":3,\"name\":\"Sanidad\",\"item\":\"https:\\\/\\\/www.cde.ual.es\\\/category\\\/noticias-ue\\\/sanidad\\\/\"},{\"@type\":\"ListItem\",\"position\":4,\"name\":\"Diseases\",\"item\":\"https:\\\/\\\/www.cde.ual.es\\\/en\\\/category\\\/eu-news\\\/health\\\/diseases\\\/\"},{\"@type\":\"ListItem\",\"position\":5,\"name\":\"European Commission and United States sign health agreement\"}]},{\"@type\":\"WebSite\",\"@id\":\"https:\\\/\\\/www.cde.ual.es\\\/#website\",\"url\":\"https:\\\/\\\/www.cde.ual.es\\\/\",\"name\":\"CDE Almer\u00eda - Centro de Documentaci\u00f3n Europea - Universidad de Almer\u00eda\",\"description\":\"Centro de Documentaci\u00f3n Europea de la Universidad de Almer\u00eda\",\"publisher\":{\"@id\":\"https:\\\/\\\/www.cde.ual.es\\\/#organization\"},\"alternateName\":\"CDE Almer\u00eda\",\"potentialAction\":[{\"@type\":\"SearchAction\",\"target\":{\"@type\":\"EntryPoint\",\"urlTemplate\":\"https:\\\/\\\/www.cde.ual.es\\\/?s={search_term_string}\"},\"query-input\":{\"@type\":\"PropertyValueSpecification\",\"valueRequired\":true,\"valueName\":\"search_term_string\"}}],\"inLanguage\":\"en-US\"},{\"@type\":\"Organization\",\"@id\":\"https:\\\/\\\/www.cde.ual.es\\\/#organization\",\"name\":\"Centro de Documentaci\u00f3n Europea de Almer\u00eda\",\"url\":\"https:\\\/\\\/www.cde.ual.es\\\/\",\"logo\":{\"@type\":\"ImageObject\",\"inLanguage\":\"en-US\",\"@id\":\"https:\\\/\\\/www.cde.ual.es\\\/#\\\/schema\\\/logo\\\/image\\\/\",\"url\":\"https:\\\/\\\/www.cde.ual.es\\\/wp-content\\\/uploads\\\/2025\\\/07\\\/cde-logo-3.png\",\"contentUrl\":\"https:\\\/\\\/www.cde.ual.es\\\/wp-content\\\/uploads\\\/2025\\\/07\\\/cde-logo-3.png\",\"width\":1400,\"height\":300,\"caption\":\"Centro de Documentaci\u00f3n Europea de Almer\u00eda\"},\"image\":{\"@id\":\"https:\\\/\\\/www.cde.ual.es\\\/#\\\/schema\\\/logo\\\/image\\\/\"},\"sameAs\":[\"https:\\\/\\\/www.facebook.com\\\/cdeuniversidadalmeria\\\/\",\"https:\\\/\\\/x.com\\\/cdeualmeria\",\"https:\\\/\\\/www.tiktok.com\\\/@cdealmeria\",\"https:\\\/\\\/www.instagram.com\\\/cdealmeria\\\/\",\"https:\\\/\\\/www.linkedin.com\\\/in\\\/cde-almera-812b26a9\\\/\"]},{\"@type\":\"Person\",\"@id\":\"https:\\\/\\\/www.cde.ual.es\\\/#\\\/schema\\\/person\\\/ee46ebc19edfa19598c02cff83335acc\",\"name\":\"BECA 2 CDE\",\"image\":{\"@type\":\"ImageObject\",\"inLanguage\":\"en-US\",\"@id\":\"https:\\\/\\\/secure.gravatar.com\\\/avatar\\\/35a481bbc04bbd90e91bdfa3b0b5541036c222a49b9ad37b6889a2afcb5311a5?s=96&d=mm&r=g\",\"url\":\"https:\\\/\\\/secure.gravatar.com\\\/avatar\\\/35a481bbc04bbd90e91bdfa3b0b5541036c222a49b9ad37b6889a2afcb5311a5?s=96&d=mm&r=g\",\"contentUrl\":\"https:\\\/\\\/secure.gravatar.com\\\/avatar\\\/35a481bbc04bbd90e91bdfa3b0b5541036c222a49b9ad37b6889a2afcb5311a5?s=96&d=mm&r=g\",\"caption\":\"BECA 2 CDE\"},\"sameAs\":[\"http:\\\/\\\/www.cdealmeria.com\"]}]}<\/script>\n<!-- \/ Yoast SEO plugin. -->","yoast_head_json":{"title":"European Commission and United States sign health agreement | CDE Almer\u00eda - Centro de Documentaci\u00f3n Europea - Universidad de Almer\u00eda","robots":{"index":"index","follow":"follow","max-snippet":"max-snippet:-1","max-image-preview":"max-image-preview:large","max-video-preview":"max-video-preview:-1"},"canonical":"https:\/\/www.cde.ual.es\/?p=109738","og_locale":"en_US","og_type":"article","og_title":"European Commission and United States sign health agreement | CDE Almer\u00eda - Centro de Documentaci\u00f3n Europea - Universidad de Almer\u00eda","og_description":"Following the statement by President Ursula\u00a0von der Leyen\u00a0and U.S. President Joe Biden marking the second Global COVID-19 Summit, the European Commission and the U.S. Department of Health and Human Services have signed an arrangement to strengthen cooperation on preparedness and response to public health threats. This will enable the Commission and the U.S. to work [&hellip;]","og_url":"https:\/\/www.cde.ual.es\/?p=109738","og_site_name":"CDE Almer\u00eda - Centro de Documentaci\u00f3n Europea - Universidad de Almer\u00eda","article_publisher":"https:\/\/www.facebook.com\/cdeuniversidadalmeria\/","article_published_time":"2022-06-10T01:00:28+00:00","og_image":[{"width":300,"height":200,"url":"https:\/\/www.cde.ual.es\/wp-content\/uploads\/2020\/12\/close-up-doctor-health-42273-300x200-1.jpg","type":"image\/jpeg"}],"author":"BECA 2 CDE","twitter_card":"summary_large_image","twitter_creator":"@cdeualmeria","twitter_site":"@cdeualmeria","twitter_misc":{"Written by":"BECA 2 CDE","Est. reading time":"3 minutes"},"schema":{"@context":"https:\/\/schema.org","@graph":[{"@type":"Article","@id":"https:\/\/www.cde.ual.es\/?p=109738#article","isPartOf":{"@id":"https:\/\/www.cde.ual.es\/?p=109738"},"author":{"name":"BECA 2 CDE","@id":"https:\/\/www.cde.ual.es\/#\/schema\/person\/ee46ebc19edfa19598c02cff83335acc"},"headline":"European Commission and United States sign health agreement","datePublished":"2022-06-10T01:00:28+00:00","mainEntityOfPage":{"@id":"https:\/\/www.cde.ual.es\/?p=109738"},"wordCount":589,"commentCount":0,"publisher":{"@id":"https:\/\/www.cde.ual.es\/#organization"},"image":{"@id":"https:\/\/www.cde.ual.es\/?p=109738#primaryimage"},"thumbnailUrl":"https:\/\/www.cde.ual.es\/wp-content\/uploads\/2020\/12\/close-up-doctor-health-42273-300x200-1.jpg","keywords":["Agreement","European Commission","health","News"],"articleSection":["Diseases","EU News","Health"],"inLanguage":"en-US","potentialAction":[{"@type":"CommentAction","name":"Comment","target":["https:\/\/www.cde.ual.es\/?p=109738#respond"]}]},{"@type":"WebPage","@id":"https:\/\/www.cde.ual.es\/?p=109738","url":"https:\/\/www.cde.ual.es\/?p=109738","name":"European Commission and United States sign health agreement | CDE Almer\u00eda - Centro de Documentaci\u00f3n Europea - Universidad de Almer\u00eda","isPartOf":{"@id":"https:\/\/www.cde.ual.es\/#website"},"primaryImageOfPage":{"@id":"https:\/\/www.cde.ual.es\/?p=109738#primaryimage"},"image":{"@id":"https:\/\/www.cde.ual.es\/?p=109738#primaryimage"},"thumbnailUrl":"https:\/\/www.cde.ual.es\/wp-content\/uploads\/2020\/12\/close-up-doctor-health-42273-300x200-1.jpg","datePublished":"2022-06-10T01:00:28+00:00","breadcrumb":{"@id":"https:\/\/www.cde.ual.es\/?p=109738#breadcrumb"},"inLanguage":"en-US","potentialAction":[{"@type":"ReadAction","target":["https:\/\/www.cde.ual.es\/?p=109738"]}]},{"@type":"ImageObject","inLanguage":"en-US","@id":"https:\/\/www.cde.ual.es\/?p=109738#primaryimage","url":"https:\/\/www.cde.ual.es\/wp-content\/uploads\/2020\/12\/close-up-doctor-health-42273-300x200-1.jpg","contentUrl":"https:\/\/www.cde.ual.es\/wp-content\/uploads\/2020\/12\/close-up-doctor-health-42273-300x200-1.jpg","width":300,"height":200},{"@type":"BreadcrumbList","@id":"https:\/\/www.cde.ual.es\/?p=109738#breadcrumb","itemListElement":[{"@type":"ListItem","position":1,"name":"Inicio","item":"https:\/\/www.cde.ual.es\/en\/"},{"@type":"ListItem","position":2,"name":"Noticias UE","item":"https:\/\/www.cde.ual.es\/category\/noticias-ue\/"},{"@type":"ListItem","position":3,"name":"Sanidad","item":"https:\/\/www.cde.ual.es\/category\/noticias-ue\/sanidad\/"},{"@type":"ListItem","position":4,"name":"Diseases","item":"https:\/\/www.cde.ual.es\/en\/category\/eu-news\/health\/diseases\/"},{"@type":"ListItem","position":5,"name":"European Commission and United States sign health agreement"}]},{"@type":"WebSite","@id":"https:\/\/www.cde.ual.es\/#website","url":"https:\/\/www.cde.ual.es\/","name":"CDE Almer\u00eda - Centro de Documentaci\u00f3n Europea - Universidad de Almer\u00eda","description":"Centro de Documentaci\u00f3n Europea de la Universidad de Almer\u00eda","publisher":{"@id":"https:\/\/www.cde.ual.es\/#organization"},"alternateName":"CDE Almer\u00eda","potentialAction":[{"@type":"SearchAction","target":{"@type":"EntryPoint","urlTemplate":"https:\/\/www.cde.ual.es\/?s={search_term_string}"},"query-input":{"@type":"PropertyValueSpecification","valueRequired":true,"valueName":"search_term_string"}}],"inLanguage":"en-US"},{"@type":"Organization","@id":"https:\/\/www.cde.ual.es\/#organization","name":"Centro de Documentaci\u00f3n Europea de Almer\u00eda","url":"https:\/\/www.cde.ual.es\/","logo":{"@type":"ImageObject","inLanguage":"en-US","@id":"https:\/\/www.cde.ual.es\/#\/schema\/logo\/image\/","url":"https:\/\/www.cde.ual.es\/wp-content\/uploads\/2025\/07\/cde-logo-3.png","contentUrl":"https:\/\/www.cde.ual.es\/wp-content\/uploads\/2025\/07\/cde-logo-3.png","width":1400,"height":300,"caption":"Centro de Documentaci\u00f3n Europea de Almer\u00eda"},"image":{"@id":"https:\/\/www.cde.ual.es\/#\/schema\/logo\/image\/"},"sameAs":["https:\/\/www.facebook.com\/cdeuniversidadalmeria\/","https:\/\/x.com\/cdeualmeria","https:\/\/www.tiktok.com\/@cdealmeria","https:\/\/www.instagram.com\/cdealmeria\/","https:\/\/www.linkedin.com\/in\/cde-almera-812b26a9\/"]},{"@type":"Person","@id":"https:\/\/www.cde.ual.es\/#\/schema\/person\/ee46ebc19edfa19598c02cff83335acc","name":"BECA 2 CDE","image":{"@type":"ImageObject","inLanguage":"en-US","@id":"https:\/\/secure.gravatar.com\/avatar\/35a481bbc04bbd90e91bdfa3b0b5541036c222a49b9ad37b6889a2afcb5311a5?s=96&d=mm&r=g","url":"https:\/\/secure.gravatar.com\/avatar\/35a481bbc04bbd90e91bdfa3b0b5541036c222a49b9ad37b6889a2afcb5311a5?s=96&d=mm&r=g","contentUrl":"https:\/\/secure.gravatar.com\/avatar\/35a481bbc04bbd90e91bdfa3b0b5541036c222a49b9ad37b6889a2afcb5311a5?s=96&d=mm&r=g","caption":"BECA 2 CDE"},"sameAs":["http:\/\/www.cdealmeria.com"]}]}},"_links":{"self":[{"href":"https:\/\/www.cde.ual.es\/en\/wp-json\/wp\/v2\/posts\/109733","targetHints":{"allow":["GET"]}}],"collection":[{"href":"https:\/\/www.cde.ual.es\/en\/wp-json\/wp\/v2\/posts"}],"about":[{"href":"https:\/\/www.cde.ual.es\/en\/wp-json\/wp\/v2\/types\/post"}],"author":[{"embeddable":true,"href":"https:\/\/www.cde.ual.es\/en\/wp-json\/wp\/v2\/users\/101011"}],"replies":[{"embeddable":true,"href":"https:\/\/www.cde.ual.es\/en\/wp-json\/wp\/v2\/comments?post=109733"}],"version-history":[{"count":3,"href":"https:\/\/www.cde.ual.es\/en\/wp-json\/wp\/v2\/posts\/109733\/revisions"}],"predecessor-version":[{"id":109752,"href":"https:\/\/www.cde.ual.es\/en\/wp-json\/wp\/v2\/posts\/109733\/revisions\/109752"}],"wp:featuredmedia":[{"embeddable":true,"href":"https:\/\/www.cde.ual.es\/en\/wp-json\/wp\/v2\/media\/58948"}],"wp:attachment":[{"href":"https:\/\/www.cde.ual.es\/en\/wp-json\/wp\/v2\/media?parent=109733"}],"wp:term":[{"taxonomy":"category","embeddable":true,"href":"https:\/\/www.cde.ual.es\/en\/wp-json\/wp\/v2\/categories?post=109733"},{"taxonomy":"post_tag","embeddable":true,"href":"https:\/\/www.cde.ual.es\/en\/wp-json\/wp\/v2\/tags?post=109733"}],"curies":[{"name":"wp","href":"https:\/\/api.w.org\/{rel}","templated":true}]}}