{"id":108841,"date":"2022-06-02T03:00:52","date_gmt":"2022-06-02T01:00:52","guid":{"rendered":"https:\/\/www.cde.ual.es\/?p=108841"},"modified":"2022-06-01T11:49:43","modified_gmt":"2022-06-01T09:49:43","slug":"eu-agri-food-trade-shows-strong-growth-in-2022","status":"publish","type":"post","link":"https:\/\/www.cde.ual.es\/en\/eu-agri-food-trade-shows-strong-growth-in-2022\/","title":{"rendered":"EU agri-food trade shows strong growth in 2022"},"content":{"rendered":"<p><strong>The total value of EU agri-food trade was 28.3 billion in February 2022, an 18% increase compared to the same month last year. Exports rose by 11% to 16.6 billion, while imports grew by 30% to reach 11.7 billion, reflecting a trade balance of 4.9 billion.<\/strong><\/p>\n<p><a href=\"https:\/\/www.cde.ual.es\/wp-content\/uploads\/2022\/06\/agri-food-trade.png\"><img decoding=\"async\" class=\"alignnone size-full wp-image-108854\" src=\"https:\/\/www.cde.ual.es\/wp-content\/uploads\/2022\/06\/agri-food-trade.png\" alt=\"EU agri-food trade shows strong growth in first two months of the year\" width=\"800\" height=\"420\" srcset=\"https:\/\/www.cde.ual.es\/wp-content\/uploads\/2022\/06\/agri-food-trade.png 800w, https:\/\/www.cde.ual.es\/wp-content\/uploads\/2022\/06\/agri-food-trade-300x158.png 300w, https:\/\/www.cde.ual.es\/wp-content\/uploads\/2022\/06\/agri-food-trade-768x403.png 768w\" sizes=\"(max-width: 800px) 100vw, 800px\" \/><\/a><\/p>\n<p>This marks an increase of 52% compared to January 2022 and a welcome break from the trend of lower exports and higher imports that had been seen since autumn 2021.<\/p>\n<h3>EU Agri-food Exports<\/h3>\n<p><a href=\"https:\/\/www.cde.ual.es\/wp-content\/uploads\/2022\/06\/agrifood-exports-countries-table.jpg\"><img decoding=\"async\" class=\"size-full wp-image-108866 aligncenter\" src=\"https:\/\/www.cde.ual.es\/wp-content\/uploads\/2022\/06\/agrifood-exports-countries-table.jpg\" alt=\"\" width=\"1271\" height=\"737\" srcset=\"https:\/\/www.cde.ual.es\/wp-content\/uploads\/2022\/06\/agrifood-exports-countries-table.jpg 1271w, https:\/\/www.cde.ual.es\/wp-content\/uploads\/2022\/06\/agrifood-exports-countries-table-300x174.jpg 300w, https:\/\/www.cde.ual.es\/wp-content\/uploads\/2022\/06\/agrifood-exports-countries-table-1024x594.jpg 1024w, https:\/\/www.cde.ual.es\/wp-content\/uploads\/2022\/06\/agrifood-exports-countries-table-768x445.jpg 768w\" sizes=\"(max-width: 1271px) 100vw, 1271px\" \/><\/a><\/p>\n<p>In the first two months of 2022, exports to the United Kingdom and the United States grew significantly compared to the same period last year. Exports to the UK increased by 23% (driven by wine, poultry and eggs) to reach a value of 6.6 billion. Exports to the US grew by 26% to 4 billion, largely driven by increased demand for beverages.<\/p>\n<p>On the other hand, exports to China \u2013 the EU\u2019s third agri-food export destination &#8211; fell sharply in the first two months of the year, decreasing by 836 million or 28%. This was primarily caused by an 856 million reduction in exports of pigmeat to the country year on year (a fall of 66%).<\/p>\n<h3>Most important Product Categories<\/h3>\n<p><a href=\"https:\/\/www.cde.ual.es\/wp-content\/uploads\/2022\/06\/agrifood-export-products-table.jpg\"><img decoding=\"async\" class=\"size-full wp-image-108868 aligncenter\" src=\"https:\/\/www.cde.ual.es\/wp-content\/uploads\/2022\/06\/agrifood-export-products-table.jpg\" alt=\"\" width=\"1286\" height=\"752\" srcset=\"https:\/\/www.cde.ual.es\/wp-content\/uploads\/2022\/06\/agrifood-export-products-table.jpg 1286w, https:\/\/www.cde.ual.es\/wp-content\/uploads\/2022\/06\/agrifood-export-products-table-300x175.jpg 300w, https:\/\/www.cde.ual.es\/wp-content\/uploads\/2022\/06\/agrifood-export-products-table-1024x599.jpg 1024w, https:\/\/www.cde.ual.es\/wp-content\/uploads\/2022\/06\/agrifood-export-products-table-768x449.jpg 768w\" sizes=\"(max-width: 1286px) 100vw, 1286px\" \/><\/a><\/p>\n<p>Looking at specific products, cereal preparations and milling products, dairy products, and wine and wine-based products were the main export categories in January and February. This is in line with what was seen in the same period last year. The EU exported 3.1 billion of cereal preparations and milling products, 2.8 billion of dairy products, and 2.3 billion of wine and wine-based products, reflecting an increase in the export values of all three.<\/p>\n<p>For livestock, beef and veal exports increased by 28% year on year, with exports of frozen meat products in particular contributing to this growth. Pigmeat exports, on the other hand, fell by 20%. Of the 27 product categories, pigmeat is the only one to see a decline in export value year on year.<\/p>\n<h3>EU Agri-food imports<\/h3>\n<p><a href=\"https:\/\/www.cde.ual.es\/wp-content\/uploads\/2022\/06\/agri-food-imports-EU-table.jpg\"><img decoding=\"async\" class=\"size-full wp-image-108864 aligncenter\" src=\"https:\/\/www.cde.ual.es\/wp-content\/uploads\/2022\/06\/agri-food-imports-EU-table.jpg\" alt=\"\" width=\"1270\" height=\"749\" srcset=\"https:\/\/www.cde.ual.es\/wp-content\/uploads\/2022\/06\/agri-food-imports-EU-table.jpg 1270w, https:\/\/www.cde.ual.es\/wp-content\/uploads\/2022\/06\/agri-food-imports-EU-table-300x177.jpg 300w, https:\/\/www.cde.ual.es\/wp-content\/uploads\/2022\/06\/agri-food-imports-EU-table-1024x604.jpg 1024w, https:\/\/www.cde.ual.es\/wp-content\/uploads\/2022\/06\/agri-food-imports-EU-table-768x453.jpg 768w\" sizes=\"(max-width: 1270px) 100vw, 1270px\" \/><\/a><\/p>\n<p>Agri-food imports from the UK grew substantially compared to the same period in 2021, when they were at particularly low levels. In the first two months of this year they grew by 75% to reach a total value of 2.1 billion. This was largely driven by increased imports of spirits and liqueurs, the value of which increased by 105%.<\/p>\n<p>Imports from Brazil also saw a sizeable increase (up 62%), with soya beans and meals imports contributing strongly to this growth. Imports from the US and China also increased by 18% and 65% respectively during this period. On the other hand, imports from Canada decreased more than any other country, falling by 22% or 126 million.<\/p>\n<p>Notably, prior to Russia\u2019s military aggression, imports from Ukraine had grown more than those from any other country in the first two months of the year (up 96% year on year). Imports of cereals, vegetable oils and oilseeds increased in both value and volume, with an additional 1.4 million tonnes of cereals being imported compared to the same period in 2021.<\/p>\n<h3>Most important product categories<\/h3>\n<p><a href=\"https:\/\/www.cde.ual.es\/wp-content\/uploads\/2022\/06\/agrifood-import-products-table.jpg\"><img decoding=\"async\" class=\"size-full wp-image-108874 aligncenter\" src=\"https:\/\/www.cde.ual.es\/wp-content\/uploads\/2022\/06\/agrifood-import-products-table.jpg\" alt=\"\" width=\"1176\" height=\"687\" srcset=\"https:\/\/www.cde.ual.es\/wp-content\/uploads\/2022\/06\/agrifood-import-products-table.jpg 1176w, https:\/\/www.cde.ual.es\/wp-content\/uploads\/2022\/06\/agrifood-import-products-table-300x175.jpg 300w, https:\/\/www.cde.ual.es\/wp-content\/uploads\/2022\/06\/agrifood-import-products-table-1024x598.jpg 1024w, https:\/\/www.cde.ual.es\/wp-content\/uploads\/2022\/06\/agrifood-import-products-table-768x449.jpg 768w\" sizes=\"(max-width: 1176px) 100vw, 1176px\" \/><\/a><\/p>\n<p>Oilseeds were the primary import category in January and February, with imports growing by 41% year on year to reach a value of over 5 billion. Coffee, tea, cocoa and spices became the second product category imported to the EU, mainly driven by the increase in the import value of coffee, which is 66% higher compared to last year.<\/p>\n<p>The sharp increase in the price of Arabica coffee began in April 2021 and has continued, with February seeing global prices reaching their highest levels since 2011. Meanwhile, imports of fruit fell sharply. This was particularly true for grapes, which fell by 115 million or 29%, and bananas, which fell by 69 million or 13%.<\/p>\n<table style=\"width: 99.9988%; border-collapse: collapse; border-style: double; border-color: #001f7d;\" cellpadding=\"0,5\">\n<tbody>\n<tr>\n<td style=\"width: 100%;\"><a href=\"https:\/\/www.cde.ual.es\/ficha\/monitoring-eu-agri-food-trade-developments-in-february-2022\/\" target=\"_blank\" rel=\"noopener\"><img decoding=\"async\" class=\"alignleft\" src=\"https:\/\/www.cde.ual.es\/wp-content\/uploads\/2022\/06\/monitoring-eu-agrifood.png\" alt=\"\" width=\"149\" height=\"212\" \/><\/a><\/p>\n<h4 class=\"entry-title\"><a href=\"https:\/\/www.cde.ual.es\/ficha\/monitoring-eu-agri-food-trade-developments-in-february-2022\/\" target=\"_blank\" rel=\"noopener\">Monitoring EU Agri-Food Trade. Developments in February 2022<\/a><\/h4>\n<p>&nbsp;<\/td>\n<\/tr>\n<\/tbody>\n<\/table>\n<p><strong>More information: <a href=\"https:\/\/ec.europa.eu\/info\/news\/eu-agri-food-exports-show-strong-growth-first-two-months-year-2022-may-31_en\">European Commission &#8211; Press release<\/a><\/strong><\/p>\n","protected":false},"excerpt":{"rendered":"<p>The total value of EU agri-food trade was 28.3 billion in February 2022, an 18% increase compared to the same month last year. Exports rose by 11% to 16.6 billion, while imports grew by 30% to reach 11.7 billion, reflecting a trade balance of 4.9 billion. This marks an increase of 52% compared to January [&hellip;]<\/p>\n","protected":false},"author":101011,"featured_media":108854,"comment_status":"open","ping_status":"open","sticky":false,"template":"","format":"standard","meta":{"_acf_changed":false,"_relevanssi_hide_post":"","_relevanssi_hide_content":"","_relevanssi_pin_for_all":"","_relevanssi_pin_keywords":"","_relevanssi_unpin_keywords":"","_relevanssi_related_keywords":"","_relevanssi_related_include_ids":"","_relevanssi_related_exclude_ids":"","_relevanssi_related_no_append":"","_relevanssi_related_not_related":"","_relevanssi_related_posts":"","_relevanssi_noindex_reason":"","_monsterinsights_skip_tracking":false,"_monsterinsights_sitenote_active":false,"_monsterinsights_sitenote_note":"","_monsterinsights_sitenote_category":0,"_genesis_hide_title":false,"_genesis_hide_breadcrumbs":false,"_genesis_hide_singular_image":false,"_genesis_hide_footer_widgets":false,"_genesis_custom_body_class":"","_genesis_custom_post_class":"","_genesis_layout":"","footnotes":""},"categories":[4063,4061,346],"tags":[2007,355,2390,2738],"class_list":{"0":"post-108841","1":"post","2":"type-post","3":"status-publish","4":"format-standard","5":"has-post-thumbnail","7":"category-agr-pol","8":"category-agr-liv-far-fish","9":"category-eu-news","10":"tag-agri-food","11":"tag-agriculture","12":"tag-exports","13":"tag-imports","14":"entry"},"acf":[],"yoast_head":"<!-- This site is optimized with the Yoast SEO plugin v27.5 - https:\/\/yoast.com\/product\/yoast-seo-wordpress\/ -->\n<title>EU agri-food trade shows strong growth in 2022 | CDE Almer\u00eda - Centro de Documentaci\u00f3n Europea - Universidad de Almer\u00eda<\/title>\n<meta name=\"robots\" content=\"index, follow, max-snippet:-1, max-image-preview:large, max-video-preview:-1\" \/>\n<link rel=\"canonical\" href=\"https:\/\/www.cde.ual.es\/el-comercio-agroalimentario-de-la-ue-registra-un-fuerte-crecimiento-en-2022\/\" \/>\n<meta property=\"og:locale\" content=\"en_US\" \/>\n<meta property=\"og:type\" content=\"article\" \/>\n<meta property=\"og:title\" content=\"EU agri-food trade shows strong growth in 2022 | CDE Almer\u00eda - Centro de Documentaci\u00f3n Europea - Universidad de Almer\u00eda\" \/>\n<meta property=\"og:description\" content=\"The total value of EU agri-food trade was 28.3 billion in February 2022, an 18% increase compared to the same month last year. Exports rose by 11% to 16.6 billion, while imports grew by 30% to reach 11.7 billion, reflecting a trade balance of 4.9 billion. This marks an increase of 52% compared to January [&hellip;]\" \/>\n<meta property=\"og:url\" content=\"https:\/\/www.cde.ual.es\/el-comercio-agroalimentario-de-la-ue-registra-un-fuerte-crecimiento-en-2022\/\" \/>\n<meta property=\"og:site_name\" content=\"CDE Almer\u00eda - Centro de Documentaci\u00f3n Europea - Universidad de Almer\u00eda\" \/>\n<meta property=\"article:publisher\" content=\"https:\/\/www.facebook.com\/cdeuniversidadalmeria\/\" \/>\n<meta property=\"article:published_time\" content=\"2022-06-02T01:00:52+00:00\" \/>\n<meta property=\"og:image\" content=\"https:\/\/www.cde.ual.es\/wp-content\/uploads\/2022\/06\/agri-food-trade.png\" \/>\n\t<meta property=\"og:image:width\" content=\"800\" \/>\n\t<meta property=\"og:image:height\" content=\"420\" \/>\n\t<meta property=\"og:image:type\" content=\"image\/png\" \/>\n<meta name=\"author\" content=\"BECA 2 CDE\" \/>\n<meta name=\"twitter:card\" content=\"summary_large_image\" \/>\n<meta name=\"twitter:creator\" content=\"@cdeualmeria\" \/>\n<meta name=\"twitter:site\" content=\"@cdeualmeria\" \/>\n<meta name=\"twitter:label1\" content=\"Written by\" \/>\n\t<meta name=\"twitter:data1\" content=\"BECA 2 CDE\" \/>\n\t<meta name=\"twitter:label2\" content=\"Est. reading time\" \/>\n\t<meta name=\"twitter:data2\" content=\"3 minutes\" \/>\n<script type=\"application\/ld+json\" class=\"yoast-schema-graph\">{\"@context\":\"https:\\\/\\\/schema.org\",\"@graph\":[{\"@type\":\"Article\",\"@id\":\"https:\\\/\\\/www.cde.ual.es\\\/el-comercio-agroalimentario-de-la-ue-registra-un-fuerte-crecimiento-en-2022\\\/#article\",\"isPartOf\":{\"@id\":\"https:\\\/\\\/www.cde.ual.es\\\/el-comercio-agroalimentario-de-la-ue-registra-un-fuerte-crecimiento-en-2022\\\/\"},\"author\":{\"name\":\"BECA 2 CDE\",\"@id\":\"https:\\\/\\\/www.cde.ual.es\\\/#\\\/schema\\\/person\\\/ee46ebc19edfa19598c02cff83335acc\"},\"headline\":\"EU agri-food trade shows strong growth in 2022\",\"datePublished\":\"2022-06-02T01:00:52+00:00\",\"mainEntityOfPage\":{\"@id\":\"https:\\\/\\\/www.cde.ual.es\\\/el-comercio-agroalimentario-de-la-ue-registra-un-fuerte-crecimiento-en-2022\\\/\"},\"wordCount\":598,\"commentCount\":0,\"publisher\":{\"@id\":\"https:\\\/\\\/www.cde.ual.es\\\/#organization\"},\"image\":{\"@id\":\"https:\\\/\\\/www.cde.ual.es\\\/el-comercio-agroalimentario-de-la-ue-registra-un-fuerte-crecimiento-en-2022\\\/#primaryimage\"},\"thumbnailUrl\":\"https:\\\/\\\/www.cde.ual.es\\\/wp-content\\\/uploads\\\/2022\\\/06\\\/agri-food-trade.png\",\"keywords\":[\"agri-food\",\"Agriculture\",\"Exports\",\"Imports\"],\"articleSection\":[\"Agricultural Policies\",\"Agriculture, Livestock Farming and Fisheries\",\"EU News\"],\"inLanguage\":\"en-US\",\"potentialAction\":[{\"@type\":\"CommentAction\",\"name\":\"Comment\",\"target\":[\"https:\\\/\\\/www.cde.ual.es\\\/el-comercio-agroalimentario-de-la-ue-registra-un-fuerte-crecimiento-en-2022\\\/#respond\"]}]},{\"@type\":\"WebPage\",\"@id\":\"https:\\\/\\\/www.cde.ual.es\\\/el-comercio-agroalimentario-de-la-ue-registra-un-fuerte-crecimiento-en-2022\\\/\",\"url\":\"https:\\\/\\\/www.cde.ual.es\\\/el-comercio-agroalimentario-de-la-ue-registra-un-fuerte-crecimiento-en-2022\\\/\",\"name\":\"EU agri-food trade shows strong growth in 2022 | CDE Almer\u00eda - Centro de Documentaci\u00f3n Europea - Universidad de Almer\u00eda\",\"isPartOf\":{\"@id\":\"https:\\\/\\\/www.cde.ual.es\\\/#website\"},\"primaryImageOfPage\":{\"@id\":\"https:\\\/\\\/www.cde.ual.es\\\/el-comercio-agroalimentario-de-la-ue-registra-un-fuerte-crecimiento-en-2022\\\/#primaryimage\"},\"image\":{\"@id\":\"https:\\\/\\\/www.cde.ual.es\\\/el-comercio-agroalimentario-de-la-ue-registra-un-fuerte-crecimiento-en-2022\\\/#primaryimage\"},\"thumbnailUrl\":\"https:\\\/\\\/www.cde.ual.es\\\/wp-content\\\/uploads\\\/2022\\\/06\\\/agri-food-trade.png\",\"datePublished\":\"2022-06-02T01:00:52+00:00\",\"breadcrumb\":{\"@id\":\"https:\\\/\\\/www.cde.ual.es\\\/el-comercio-agroalimentario-de-la-ue-registra-un-fuerte-crecimiento-en-2022\\\/#breadcrumb\"},\"inLanguage\":\"en-US\",\"potentialAction\":[{\"@type\":\"ReadAction\",\"target\":[\"https:\\\/\\\/www.cde.ual.es\\\/el-comercio-agroalimentario-de-la-ue-registra-un-fuerte-crecimiento-en-2022\\\/\"]}]},{\"@type\":\"ImageObject\",\"inLanguage\":\"en-US\",\"@id\":\"https:\\\/\\\/www.cde.ual.es\\\/el-comercio-agroalimentario-de-la-ue-registra-un-fuerte-crecimiento-en-2022\\\/#primaryimage\",\"url\":\"https:\\\/\\\/www.cde.ual.es\\\/wp-content\\\/uploads\\\/2022\\\/06\\\/agri-food-trade.png\",\"contentUrl\":\"https:\\\/\\\/www.cde.ual.es\\\/wp-content\\\/uploads\\\/2022\\\/06\\\/agri-food-trade.png\",\"width\":800,\"height\":420,\"caption\":\"EU agri-food trade shows strong growth in first two months of the year\"},{\"@type\":\"BreadcrumbList\",\"@id\":\"https:\\\/\\\/www.cde.ual.es\\\/el-comercio-agroalimentario-de-la-ue-registra-un-fuerte-crecimiento-en-2022\\\/#breadcrumb\",\"itemListElement\":[{\"@type\":\"ListItem\",\"position\":1,\"name\":\"Inicio\",\"item\":\"https:\\\/\\\/www.cde.ual.es\\\/en\\\/\"},{\"@type\":\"ListItem\",\"position\":2,\"name\":\"Noticias UE\",\"item\":\"https:\\\/\\\/www.cde.ual.es\\\/category\\\/noticias-ue\\\/\"},{\"@type\":\"ListItem\",\"position\":3,\"name\":\"Agricultura, Ganader\u00eda, Silvicultura y Pesca\",\"item\":\"https:\\\/\\\/www.cde.ual.es\\\/category\\\/noticias-ue\\\/agri-gan-sil-pes\\\/\"},{\"@type\":\"ListItem\",\"position\":4,\"name\":\"Agricultural Policies\",\"item\":\"https:\\\/\\\/www.cde.ual.es\\\/en\\\/category\\\/eu-news\\\/agr-liv-far-fish\\\/agr-pol\\\/\"},{\"@type\":\"ListItem\",\"position\":5,\"name\":\"EU agri-food trade shows strong growth in 2022\"}]},{\"@type\":\"WebSite\",\"@id\":\"https:\\\/\\\/www.cde.ual.es\\\/#website\",\"url\":\"https:\\\/\\\/www.cde.ual.es\\\/\",\"name\":\"CDE Almer\u00eda - Centro de Documentaci\u00f3n Europea - Universidad de Almer\u00eda\",\"description\":\"Centro de Documentaci\u00f3n Europea de la Universidad de Almer\u00eda\",\"publisher\":{\"@id\":\"https:\\\/\\\/www.cde.ual.es\\\/#organization\"},\"alternateName\":\"CDE Almer\u00eda\",\"potentialAction\":[{\"@type\":\"SearchAction\",\"target\":{\"@type\":\"EntryPoint\",\"urlTemplate\":\"https:\\\/\\\/www.cde.ual.es\\\/?s={search_term_string}\"},\"query-input\":{\"@type\":\"PropertyValueSpecification\",\"valueRequired\":true,\"valueName\":\"search_term_string\"}}],\"inLanguage\":\"en-US\"},{\"@type\":\"Organization\",\"@id\":\"https:\\\/\\\/www.cde.ual.es\\\/#organization\",\"name\":\"Centro de Documentaci\u00f3n Europea de Almer\u00eda\",\"url\":\"https:\\\/\\\/www.cde.ual.es\\\/\",\"logo\":{\"@type\":\"ImageObject\",\"inLanguage\":\"en-US\",\"@id\":\"https:\\\/\\\/www.cde.ual.es\\\/#\\\/schema\\\/logo\\\/image\\\/\",\"url\":\"https:\\\/\\\/www.cde.ual.es\\\/wp-content\\\/uploads\\\/2025\\\/07\\\/cde-logo-3.png\",\"contentUrl\":\"https:\\\/\\\/www.cde.ual.es\\\/wp-content\\\/uploads\\\/2025\\\/07\\\/cde-logo-3.png\",\"width\":1400,\"height\":300,\"caption\":\"Centro de Documentaci\u00f3n Europea de Almer\u00eda\"},\"image\":{\"@id\":\"https:\\\/\\\/www.cde.ual.es\\\/#\\\/schema\\\/logo\\\/image\\\/\"},\"sameAs\":[\"https:\\\/\\\/www.facebook.com\\\/cdeuniversidadalmeria\\\/\",\"https:\\\/\\\/x.com\\\/cdeualmeria\",\"https:\\\/\\\/www.tiktok.com\\\/@cdealmeria\",\"https:\\\/\\\/www.instagram.com\\\/cdealmeria\\\/\",\"https:\\\/\\\/www.linkedin.com\\\/in\\\/cde-almera-812b26a9\\\/\"]},{\"@type\":\"Person\",\"@id\":\"https:\\\/\\\/www.cde.ual.es\\\/#\\\/schema\\\/person\\\/ee46ebc19edfa19598c02cff83335acc\",\"name\":\"BECA 2 CDE\",\"image\":{\"@type\":\"ImageObject\",\"inLanguage\":\"en-US\",\"@id\":\"https:\\\/\\\/secure.gravatar.com\\\/avatar\\\/35a481bbc04bbd90e91bdfa3b0b5541036c222a49b9ad37b6889a2afcb5311a5?s=96&d=mm&r=g\",\"url\":\"https:\\\/\\\/secure.gravatar.com\\\/avatar\\\/35a481bbc04bbd90e91bdfa3b0b5541036c222a49b9ad37b6889a2afcb5311a5?s=96&d=mm&r=g\",\"contentUrl\":\"https:\\\/\\\/secure.gravatar.com\\\/avatar\\\/35a481bbc04bbd90e91bdfa3b0b5541036c222a49b9ad37b6889a2afcb5311a5?s=96&d=mm&r=g\",\"caption\":\"BECA 2 CDE\"},\"sameAs\":[\"http:\\\/\\\/www.cdealmeria.com\"]}]}<\/script>\n<!-- \/ Yoast SEO plugin. -->","yoast_head_json":{"title":"EU agri-food trade shows strong growth in 2022 | CDE Almer\u00eda - Centro de Documentaci\u00f3n Europea - Universidad de Almer\u00eda","robots":{"index":"index","follow":"follow","max-snippet":"max-snippet:-1","max-image-preview":"max-image-preview:large","max-video-preview":"max-video-preview:-1"},"canonical":"https:\/\/www.cde.ual.es\/el-comercio-agroalimentario-de-la-ue-registra-un-fuerte-crecimiento-en-2022\/","og_locale":"en_US","og_type":"article","og_title":"EU agri-food trade shows strong growth in 2022 | CDE Almer\u00eda - Centro de Documentaci\u00f3n Europea - Universidad de Almer\u00eda","og_description":"The total value of EU agri-food trade was 28.3 billion in February 2022, an 18% increase compared to the same month last year. Exports rose by 11% to 16.6 billion, while imports grew by 30% to reach 11.7 billion, reflecting a trade balance of 4.9 billion. This marks an increase of 52% compared to January [&hellip;]","og_url":"https:\/\/www.cde.ual.es\/el-comercio-agroalimentario-de-la-ue-registra-un-fuerte-crecimiento-en-2022\/","og_site_name":"CDE Almer\u00eda - Centro de Documentaci\u00f3n Europea - Universidad de Almer\u00eda","article_publisher":"https:\/\/www.facebook.com\/cdeuniversidadalmeria\/","article_published_time":"2022-06-02T01:00:52+00:00","og_image":[{"width":800,"height":420,"url":"https:\/\/www.cde.ual.es\/wp-content\/uploads\/2022\/06\/agri-food-trade.png","type":"image\/png"}],"author":"BECA 2 CDE","twitter_card":"summary_large_image","twitter_creator":"@cdeualmeria","twitter_site":"@cdeualmeria","twitter_misc":{"Written by":"BECA 2 CDE","Est. reading time":"3 minutes"},"schema":{"@context":"https:\/\/schema.org","@graph":[{"@type":"Article","@id":"https:\/\/www.cde.ual.es\/el-comercio-agroalimentario-de-la-ue-registra-un-fuerte-crecimiento-en-2022\/#article","isPartOf":{"@id":"https:\/\/www.cde.ual.es\/el-comercio-agroalimentario-de-la-ue-registra-un-fuerte-crecimiento-en-2022\/"},"author":{"name":"BECA 2 CDE","@id":"https:\/\/www.cde.ual.es\/#\/schema\/person\/ee46ebc19edfa19598c02cff83335acc"},"headline":"EU agri-food trade shows strong growth in 2022","datePublished":"2022-06-02T01:00:52+00:00","mainEntityOfPage":{"@id":"https:\/\/www.cde.ual.es\/el-comercio-agroalimentario-de-la-ue-registra-un-fuerte-crecimiento-en-2022\/"},"wordCount":598,"commentCount":0,"publisher":{"@id":"https:\/\/www.cde.ual.es\/#organization"},"image":{"@id":"https:\/\/www.cde.ual.es\/el-comercio-agroalimentario-de-la-ue-registra-un-fuerte-crecimiento-en-2022\/#primaryimage"},"thumbnailUrl":"https:\/\/www.cde.ual.es\/wp-content\/uploads\/2022\/06\/agri-food-trade.png","keywords":["agri-food","Agriculture","Exports","Imports"],"articleSection":["Agricultural Policies","Agriculture, Livestock Farming and Fisheries","EU News"],"inLanguage":"en-US","potentialAction":[{"@type":"CommentAction","name":"Comment","target":["https:\/\/www.cde.ual.es\/el-comercio-agroalimentario-de-la-ue-registra-un-fuerte-crecimiento-en-2022\/#respond"]}]},{"@type":"WebPage","@id":"https:\/\/www.cde.ual.es\/el-comercio-agroalimentario-de-la-ue-registra-un-fuerte-crecimiento-en-2022\/","url":"https:\/\/www.cde.ual.es\/el-comercio-agroalimentario-de-la-ue-registra-un-fuerte-crecimiento-en-2022\/","name":"EU agri-food trade shows strong growth in 2022 | CDE Almer\u00eda - Centro de Documentaci\u00f3n Europea - Universidad de Almer\u00eda","isPartOf":{"@id":"https:\/\/www.cde.ual.es\/#website"},"primaryImageOfPage":{"@id":"https:\/\/www.cde.ual.es\/el-comercio-agroalimentario-de-la-ue-registra-un-fuerte-crecimiento-en-2022\/#primaryimage"},"image":{"@id":"https:\/\/www.cde.ual.es\/el-comercio-agroalimentario-de-la-ue-registra-un-fuerte-crecimiento-en-2022\/#primaryimage"},"thumbnailUrl":"https:\/\/www.cde.ual.es\/wp-content\/uploads\/2022\/06\/agri-food-trade.png","datePublished":"2022-06-02T01:00:52+00:00","breadcrumb":{"@id":"https:\/\/www.cde.ual.es\/el-comercio-agroalimentario-de-la-ue-registra-un-fuerte-crecimiento-en-2022\/#breadcrumb"},"inLanguage":"en-US","potentialAction":[{"@type":"ReadAction","target":["https:\/\/www.cde.ual.es\/el-comercio-agroalimentario-de-la-ue-registra-un-fuerte-crecimiento-en-2022\/"]}]},{"@type":"ImageObject","inLanguage":"en-US","@id":"https:\/\/www.cde.ual.es\/el-comercio-agroalimentario-de-la-ue-registra-un-fuerte-crecimiento-en-2022\/#primaryimage","url":"https:\/\/www.cde.ual.es\/wp-content\/uploads\/2022\/06\/agri-food-trade.png","contentUrl":"https:\/\/www.cde.ual.es\/wp-content\/uploads\/2022\/06\/agri-food-trade.png","width":800,"height":420,"caption":"EU agri-food trade shows strong growth in first two months of the year"},{"@type":"BreadcrumbList","@id":"https:\/\/www.cde.ual.es\/el-comercio-agroalimentario-de-la-ue-registra-un-fuerte-crecimiento-en-2022\/#breadcrumb","itemListElement":[{"@type":"ListItem","position":1,"name":"Inicio","item":"https:\/\/www.cde.ual.es\/en\/"},{"@type":"ListItem","position":2,"name":"Noticias UE","item":"https:\/\/www.cde.ual.es\/category\/noticias-ue\/"},{"@type":"ListItem","position":3,"name":"Agricultura, Ganader\u00eda, Silvicultura y Pesca","item":"https:\/\/www.cde.ual.es\/category\/noticias-ue\/agri-gan-sil-pes\/"},{"@type":"ListItem","position":4,"name":"Agricultural Policies","item":"https:\/\/www.cde.ual.es\/en\/category\/eu-news\/agr-liv-far-fish\/agr-pol\/"},{"@type":"ListItem","position":5,"name":"EU agri-food trade shows strong growth in 2022"}]},{"@type":"WebSite","@id":"https:\/\/www.cde.ual.es\/#website","url":"https:\/\/www.cde.ual.es\/","name":"CDE Almer\u00eda - Centro de Documentaci\u00f3n Europea - Universidad de Almer\u00eda","description":"Centro de Documentaci\u00f3n Europea de la Universidad de Almer\u00eda","publisher":{"@id":"https:\/\/www.cde.ual.es\/#organization"},"alternateName":"CDE Almer\u00eda","potentialAction":[{"@type":"SearchAction","target":{"@type":"EntryPoint","urlTemplate":"https:\/\/www.cde.ual.es\/?s={search_term_string}"},"query-input":{"@type":"PropertyValueSpecification","valueRequired":true,"valueName":"search_term_string"}}],"inLanguage":"en-US"},{"@type":"Organization","@id":"https:\/\/www.cde.ual.es\/#organization","name":"Centro de Documentaci\u00f3n Europea de Almer\u00eda","url":"https:\/\/www.cde.ual.es\/","logo":{"@type":"ImageObject","inLanguage":"en-US","@id":"https:\/\/www.cde.ual.es\/#\/schema\/logo\/image\/","url":"https:\/\/www.cde.ual.es\/wp-content\/uploads\/2025\/07\/cde-logo-3.png","contentUrl":"https:\/\/www.cde.ual.es\/wp-content\/uploads\/2025\/07\/cde-logo-3.png","width":1400,"height":300,"caption":"Centro de Documentaci\u00f3n Europea de Almer\u00eda"},"image":{"@id":"https:\/\/www.cde.ual.es\/#\/schema\/logo\/image\/"},"sameAs":["https:\/\/www.facebook.com\/cdeuniversidadalmeria\/","https:\/\/x.com\/cdeualmeria","https:\/\/www.tiktok.com\/@cdealmeria","https:\/\/www.instagram.com\/cdealmeria\/","https:\/\/www.linkedin.com\/in\/cde-almera-812b26a9\/"]},{"@type":"Person","@id":"https:\/\/www.cde.ual.es\/#\/schema\/person\/ee46ebc19edfa19598c02cff83335acc","name":"BECA 2 CDE","image":{"@type":"ImageObject","inLanguage":"en-US","@id":"https:\/\/secure.gravatar.com\/avatar\/35a481bbc04bbd90e91bdfa3b0b5541036c222a49b9ad37b6889a2afcb5311a5?s=96&d=mm&r=g","url":"https:\/\/secure.gravatar.com\/avatar\/35a481bbc04bbd90e91bdfa3b0b5541036c222a49b9ad37b6889a2afcb5311a5?s=96&d=mm&r=g","contentUrl":"https:\/\/secure.gravatar.com\/avatar\/35a481bbc04bbd90e91bdfa3b0b5541036c222a49b9ad37b6889a2afcb5311a5?s=96&d=mm&r=g","caption":"BECA 2 CDE"},"sameAs":["http:\/\/www.cdealmeria.com"]}]}},"_links":{"self":[{"href":"https:\/\/www.cde.ual.es\/en\/wp-json\/wp\/v2\/posts\/108841","targetHints":{"allow":["GET"]}}],"collection":[{"href":"https:\/\/www.cde.ual.es\/en\/wp-json\/wp\/v2\/posts"}],"about":[{"href":"https:\/\/www.cde.ual.es\/en\/wp-json\/wp\/v2\/types\/post"}],"author":[{"embeddable":true,"href":"https:\/\/www.cde.ual.es\/en\/wp-json\/wp\/v2\/users\/101011"}],"replies":[{"embeddable":true,"href":"https:\/\/www.cde.ual.es\/en\/wp-json\/wp\/v2\/comments?post=108841"}],"version-history":[{"count":1,"href":"https:\/\/www.cde.ual.es\/en\/wp-json\/wp\/v2\/posts\/108841\/revisions"}],"predecessor-version":[{"id":108887,"href":"https:\/\/www.cde.ual.es\/en\/wp-json\/wp\/v2\/posts\/108841\/revisions\/108887"}],"wp:featuredmedia":[{"embeddable":true,"href":"https:\/\/www.cde.ual.es\/en\/wp-json\/wp\/v2\/media\/108854"}],"wp:attachment":[{"href":"https:\/\/www.cde.ual.es\/en\/wp-json\/wp\/v2\/media?parent=108841"}],"wp:term":[{"taxonomy":"category","embeddable":true,"href":"https:\/\/www.cde.ual.es\/en\/wp-json\/wp\/v2\/categories?post=108841"},{"taxonomy":"post_tag","embeddable":true,"href":"https:\/\/www.cde.ual.es\/en\/wp-json\/wp\/v2\/tags?post=108841"}],"curies":[{"name":"wp","href":"https:\/\/api.w.org\/{rel}","templated":true}]}}