{"id":108145,"date":"2022-05-26T03:00:29","date_gmt":"2022-05-26T01:00:29","guid":{"rendered":"https:\/\/www.cde.ual.es\/?p=108145"},"modified":"2022-05-25T10:47:45","modified_gmt":"2022-05-25T08:47:45","slug":"social-climate-fund-ensuring-a-just-energy-transition","status":"publish","type":"post","link":"https:\/\/www.cde.ual.es\/en\/social-climate-fund-ensuring-a-just-energy-transition\/","title":{"rendered":"Social Climate Fund: ensuring a just energy transition"},"content":{"rendered":"<div class=\"ep_gridcolumn ep-m_product\" data-view1200=\"8\" data-view1020=\"8\" data-view750=\"10\" data-view640=\"6\" data-view480=\"8\" data-view320=\"4\">\n<div class=\"ep_gridcolumn-content\">\n<div class=\"ep-a_text ep-layout_chapo\">\n<p><strong>The EU wants a just energy transition. Find out how the Social Climate Fund aims to help those who are most exposed to energy poverty.<\/strong><\/p>\n<p><a href=\"https:\/\/www.cde.ual.es\/wp-content\/uploads\/2022\/05\/industry-3112436_1920.jpg\"><img decoding=\"async\" class=\" wp-image-108140 aligncenter\" src=\"https:\/\/www.cde.ual.es\/wp-content\/uploads\/2022\/05\/industry-3112436_1920-300x200.jpg\" alt=\"\" width=\"425\" height=\"283\" srcset=\"https:\/\/www.cde.ual.es\/wp-content\/uploads\/2022\/05\/industry-3112436_1920-300x200.jpg 300w, https:\/\/www.cde.ual.es\/wp-content\/uploads\/2022\/05\/industry-3112436_1920-1024x683.jpg 1024w, https:\/\/www.cde.ual.es\/wp-content\/uploads\/2022\/05\/industry-3112436_1920-768x512.jpg 768w, https:\/\/www.cde.ual.es\/wp-content\/uploads\/2022\/05\/industry-3112436_1920-1536x1024.jpg 1536w, https:\/\/www.cde.ual.es\/wp-content\/uploads\/2022\/05\/industry-3112436_1920.jpg 1920w\" sizes=\"(max-width: 425px) 100vw, 425px\" \/><\/a><\/p>\n<\/div>\n<\/div>\n<\/div>\n<div class=\"ep_gridcolumn ep-m_product\" data-view1200=\"8\" data-view1020=\"8\" data-view750=\"10\" data-view640=\"6\" data-view480=\"8\" data-view320=\"4\">\n<div class=\"ep_gridcolumn-content\">\n<div class=\"ep-a_text\">\n<p class=\"ep-wysiwig_paragraph\">As part of its efforts to\u00a0<a href=\"https:\/\/www.europarl.europa.eu\/news\/en\/headlines\/priorities\/climate-change\/20190926STO62270\/what-is-carbon-neutrality-and-how-can-it-be-achieved-by-2050\" target=\"_blank\" rel=\"noopener\">achieve carbon neutrality by 2050<\/a>, the EU plans to introduce further requirements for reducing emissions in construction and transport. The new rules will stimulate Europeans and businesses to invest in alternative energy sources, better isolation and clean transport.<\/p>\n<p class=\"ep-wysiwig_paragraph\">In order to support vulnerable households and small business in this\u00a0<a href=\"https:\/\/www.europarl.europa.eu\/news\/en\/headlines\/priorities\/climate-change\/20180305STO99003\/reducing-carbon-emissions-eu-targets-and-measures\" target=\"_blank\" rel=\"noopener\">energy\u00a0 transition<\/a>, the European Commission proposed creating a\u00a0<a href=\"https:\/\/ec.europa.eu\/clima\/eu-action\/european-green-deal\/delivering-european-green-deal\/social-climate-fund_en\" target=\"_blank\" rel=\"noopener\">Social Climate Fund\u00a0<\/a>with a budget of \u20ac72 billion for 2025-2032. The establishment of the fund is part of the Fit for 55 legislative package, which aims to achieve the objectives of the\u00a0<a href=\"https:\/\/www.europarl.europa.eu\/news\/es\/headlines\/priorities\/cambio-climatico\/20200618STO81513\/pacto-verde-europeo-clave-para-una-ue-climaticamente-neutral-y-sostenible\" target=\"_blank\" rel=\"noopener\">European Green Deal<\/a>.<\/p>\n<p class=\"ep-wysiwig_paragraph\">Parliament is expected to adopt its position during the plenary session at the beginning of June, which would allow it to start negotiating the final text with the Council.<\/p>\n<h3 class=\"ep-wysiwig_heading-2\">Tackling energy poverty<\/h3>\n<p class=\"ep-wysiwig_paragraph\">The\u00a0<a href=\"https:\/\/www.europarl.europa.eu\/news\/en\/press-room\/20220516IPR29635\/social-climate-fund-to-help-those-most-affected-by-energy-and-mobility-poverty\" target=\"_blank\" rel=\"noopener\">proposal<\/a>, jointly drafted by Parliament&#8217;s environment and employment and social affairs committees, aims to establish common definitions across the EU for energy poverty and mobility poverty.<\/p>\n<p class=\"ep-wysiwig_paragraph\">Energy poverty refers to vulnerable households, micro-enterprises, small and medium-sized enterprises and transport users having difficulties accessing alternatives to fossil fuels. Mobility poverty refers to households that have high transport costs or limited access to affordable modes of transport.<\/p>\n<p class=\"ep-wysiwig_paragraph\">Parliament seeks a specific focus on challenges faced by islands, mountainous regions and less-developed and remote areas. It will also ask to block access to the fund for countries that do not respect fundamental rights or the rule of law.<\/p>\n<h3 class=\"ep-wysiwig_heading-2\">How can the Social Climate Fund help you?<\/h3>\n<p class=\"ep-wysiwig_paragraph\">The Social Climate Fund should finance concrete measures to address energy and mobility poverty, both in the short and in the longer term, including:<\/p>\n<ul>\n<li>Reduction in energy taxes and fees or provision of other forms of direct income support to address the rising prices of road transport and heating fuel. This would be phased out by the end of 2032<\/li>\n<li>Incentives for building renovation and for switching to renewable energy sources in buildings<\/li>\n<li>Incentives to shift from private to public transport, car sharing or cycling<\/li>\n<li>Support for the development of a second-hand market for electrical vehicles<\/li>\n<\/ul>\n<table style=\"width: 99.9988%; border-collapse: collapse; border-style: double; border-color: #001f7d;\" cellpadding=\"0,5\">\n<tbody>\n<tr>\n<td style=\"width: 100%;\"><a href=\"https:\/\/www.europarl.europa.eu\/news\/en\/headlines\/economy\/20220519STO30401\/social-climate-fund-parliament-s-ideas-for-a-just-energy-transition\" target=\"_blank\" rel=\"noopener\"><img decoding=\"async\" class=\"alignleft\" src=\"https:\/\/www.cde.ual.es\/wp-content\/uploads\/2022\/05\/wind-power-plant-5239642_1920-1-768x512.jpg\" alt=\"\" width=\"201\" height=\"134\" \/><\/a><\/p>\n<h4 class=\"entry-title\"><a href=\"https:\/\/www.europarl.europa.eu\/news\/en\/headlines\/economy\/20220519STO30401\/social-climate-fund-parliament-s-ideas-for-a-just-energy-transition\" target=\"_blank\" rel=\"noopener\">Social Climate Fund: Parliament\u2019s ideas for a just energy transition<\/a><\/h4>\n<\/td>\n<\/tr>\n<\/tbody>\n<\/table>\n<h3>More information<\/h3>\n<p><a href=\"https:\/\/www.europarl.europa.eu\/news\/en\/headlines\/economy\/20220519STO30401\/social-climate-fund-parliament-s-ideas-for-a-just-energy-transition\" target=\"_blank\" rel=\"noopener\">European Comission\u00a0<\/a><\/p>\n<\/div>\n<\/div>\n<\/div>\n","protected":false},"excerpt":{"rendered":"<p>The EU wants a just energy transition. Find out how the Social Climate Fund aims to help those who are most exposed to energy poverty. As part of its efforts to\u00a0achieve carbon neutrality by 2050, the EU plans to introduce further requirements for reducing emissions in construction and transport. The new rules will stimulate Europeans [&hellip;]<\/p>\n","protected":false},"author":101011,"featured_media":108141,"comment_status":"open","ping_status":"open","sticky":false,"template":"","format":"standard","meta":{"_acf_changed":false,"_relevanssi_hide_post":"","_relevanssi_hide_content":"","_relevanssi_pin_for_all":"","_relevanssi_pin_keywords":"","_relevanssi_unpin_keywords":"","_relevanssi_related_keywords":"","_relevanssi_related_include_ids":"","_relevanssi_related_exclude_ids":"","_relevanssi_related_no_append":"","_relevanssi_related_not_related":"","_relevanssi_related_posts":"","_relevanssi_noindex_reason":"","_monsterinsights_skip_tracking":false,"_monsterinsights_sitenote_active":false,"_monsterinsights_sitenote_note":"","_monsterinsights_sitenote_category":0,"_genesis_hide_title":false,"_genesis_hide_breadcrumbs":false,"_genesis_hide_singular_image":false,"_genesis_hide_footer_widgets":false,"_genesis_custom_body_class":"","_genesis_custom_post_class":"","_genesis_layout":"","footnotes":""},"categories":[4086,4085,346],"tags":[2650,464,6015],"class_list":{"0":"post-108145","1":"post","2":"type-post","3":"status-publish","4":"format-standard","5":"has-post-thumbnail","7":"category-energy","8":"category-environment","9":"category-eu-news","10":"tag-climate-en","11":"tag-energy","12":"tag-social-climate-fund-ensuring-a-just-energy-transition","13":"entry"},"acf":[],"yoast_head":"<!-- This site is optimized with the Yoast SEO plugin v27.4 - https:\/\/yoast.com\/product\/yoast-seo-wordpress\/ -->\n<title>Social Climate Fund: ensuring a just energy transition | CDE Almer\u00eda - Centro de Documentaci\u00f3n Europea - Universidad de Almer\u00eda<\/title>\n<meta name=\"robots\" content=\"index, follow, max-snippet:-1, max-image-preview:large, max-video-preview:-1\" \/>\n<link rel=\"canonical\" href=\"https:\/\/www.cde.ual.es\/?p=108135\" \/>\n<meta property=\"og:locale\" content=\"en_US\" \/>\n<meta property=\"og:type\" content=\"article\" \/>\n<meta property=\"og:title\" content=\"Social Climate Fund: ensuring a just energy transition | CDE Almer\u00eda - Centro de Documentaci\u00f3n Europea - Universidad de Almer\u00eda\" \/>\n<meta property=\"og:description\" content=\"The EU wants a just energy transition. Find out how the Social Climate Fund aims to help those who are most exposed to energy poverty. As part of its efforts to\u00a0achieve carbon neutrality by 2050, the EU plans to introduce further requirements for reducing emissions in construction and transport. The new rules will stimulate Europeans [&hellip;]\" \/>\n<meta property=\"og:url\" content=\"https:\/\/www.cde.ual.es\/?p=108135\" \/>\n<meta property=\"og:site_name\" content=\"CDE Almer\u00eda - Centro de Documentaci\u00f3n Europea - Universidad de Almer\u00eda\" \/>\n<meta property=\"article:publisher\" content=\"https:\/\/www.facebook.com\/cdeuniversidadalmeria\/\" \/>\n<meta property=\"article:published_time\" content=\"2022-05-26T01:00:29+00:00\" \/>\n<meta property=\"og:image\" content=\"https:\/\/www.cde.ual.es\/wp-content\/uploads\/2022\/05\/industry-3112436_1920.jpg\" \/>\n\t<meta property=\"og:image:width\" content=\"1920\" \/>\n\t<meta property=\"og:image:height\" content=\"1280\" \/>\n\t<meta property=\"og:image:type\" content=\"image\/jpeg\" \/>\n<meta name=\"author\" content=\"BECA 2 CDE\" \/>\n<meta name=\"twitter:card\" content=\"summary_large_image\" \/>\n<meta name=\"twitter:creator\" content=\"@cdeualmeria\" \/>\n<meta name=\"twitter:site\" content=\"@cdeualmeria\" \/>\n<meta name=\"twitter:label1\" content=\"Written by\" \/>\n\t<meta name=\"twitter:data1\" content=\"BECA 2 CDE\" \/>\n\t<meta name=\"twitter:label2\" content=\"Est. reading time\" \/>\n\t<meta name=\"twitter:data2\" content=\"3 minutes\" \/>\n<script type=\"application\/ld+json\" class=\"yoast-schema-graph\">{\"@context\":\"https:\\\/\\\/schema.org\",\"@graph\":[{\"@type\":\"Article\",\"@id\":\"https:\\\/\\\/www.cde.ual.es\\\/?p=108135#article\",\"isPartOf\":{\"@id\":\"https:\\\/\\\/www.cde.ual.es\\\/?p=108135\"},\"author\":{\"name\":\"BECA 2 CDE\",\"@id\":\"https:\\\/\\\/www.cde.ual.es\\\/#\\\/schema\\\/person\\\/ee46ebc19edfa19598c02cff83335acc\"},\"headline\":\"Social Climate Fund: ensuring a just energy transition\",\"datePublished\":\"2022-05-26T01:00:29+00:00\",\"mainEntityOfPage\":{\"@id\":\"https:\\\/\\\/www.cde.ual.es\\\/?p=108135\"},\"wordCount\":386,\"commentCount\":0,\"publisher\":{\"@id\":\"https:\\\/\\\/www.cde.ual.es\\\/#organization\"},\"image\":{\"@id\":\"https:\\\/\\\/www.cde.ual.es\\\/?p=108135#primaryimage\"},\"thumbnailUrl\":\"https:\\\/\\\/www.cde.ual.es\\\/wp-content\\\/uploads\\\/2022\\\/05\\\/industry-3112436_1920.jpg\",\"keywords\":[\"climate\",\"Energy\",\"Social Climate Fund: ensuring a just energy transition\"],\"articleSection\":[\"Energy\",\"Environmental Affairs\",\"EU News\"],\"inLanguage\":\"en-US\",\"potentialAction\":[{\"@type\":\"CommentAction\",\"name\":\"Comment\",\"target\":[\"https:\\\/\\\/www.cde.ual.es\\\/?p=108135#respond\"]}]},{\"@type\":\"WebPage\",\"@id\":\"https:\\\/\\\/www.cde.ual.es\\\/?p=108135\",\"url\":\"https:\\\/\\\/www.cde.ual.es\\\/?p=108135\",\"name\":\"Social Climate Fund: ensuring a just energy transition | CDE Almer\u00eda - Centro de Documentaci\u00f3n Europea - Universidad de Almer\u00eda\",\"isPartOf\":{\"@id\":\"https:\\\/\\\/www.cde.ual.es\\\/#website\"},\"primaryImageOfPage\":{\"@id\":\"https:\\\/\\\/www.cde.ual.es\\\/?p=108135#primaryimage\"},\"image\":{\"@id\":\"https:\\\/\\\/www.cde.ual.es\\\/?p=108135#primaryimage\"},\"thumbnailUrl\":\"https:\\\/\\\/www.cde.ual.es\\\/wp-content\\\/uploads\\\/2022\\\/05\\\/industry-3112436_1920.jpg\",\"datePublished\":\"2022-05-26T01:00:29+00:00\",\"breadcrumb\":{\"@id\":\"https:\\\/\\\/www.cde.ual.es\\\/?p=108135#breadcrumb\"},\"inLanguage\":\"en-US\",\"potentialAction\":[{\"@type\":\"ReadAction\",\"target\":[\"https:\\\/\\\/www.cde.ual.es\\\/?p=108135\"]}]},{\"@type\":\"ImageObject\",\"inLanguage\":\"en-US\",\"@id\":\"https:\\\/\\\/www.cde.ual.es\\\/?p=108135#primaryimage\",\"url\":\"https:\\\/\\\/www.cde.ual.es\\\/wp-content\\\/uploads\\\/2022\\\/05\\\/industry-3112436_1920.jpg\",\"contentUrl\":\"https:\\\/\\\/www.cde.ual.es\\\/wp-content\\\/uploads\\\/2022\\\/05\\\/industry-3112436_1920.jpg\",\"width\":1920,\"height\":1280},{\"@type\":\"BreadcrumbList\",\"@id\":\"https:\\\/\\\/www.cde.ual.es\\\/?p=108135#breadcrumb\",\"itemListElement\":[{\"@type\":\"ListItem\",\"position\":1,\"name\":\"Inicio\",\"item\":\"https:\\\/\\\/www.cde.ual.es\\\/en\\\/\"},{\"@type\":\"ListItem\",\"position\":2,\"name\":\"Noticias UE\",\"item\":\"https:\\\/\\\/www.cde.ual.es\\\/category\\\/noticias-ue\\\/\"},{\"@type\":\"ListItem\",\"position\":3,\"name\":\"Medio Ambiente\",\"item\":\"https:\\\/\\\/www.cde.ual.es\\\/category\\\/noticias-ue\\\/medioambiente\\\/\"},{\"@type\":\"ListItem\",\"position\":4,\"name\":\"Energy\",\"item\":\"https:\\\/\\\/www.cde.ual.es\\\/en\\\/category\\\/eu-news\\\/environment\\\/energy\\\/\"},{\"@type\":\"ListItem\",\"position\":5,\"name\":\"Social Climate Fund: ensuring a just energy transition\"}]},{\"@type\":\"WebSite\",\"@id\":\"https:\\\/\\\/www.cde.ual.es\\\/#website\",\"url\":\"https:\\\/\\\/www.cde.ual.es\\\/\",\"name\":\"CDE Almer\u00eda - Centro de Documentaci\u00f3n Europea - Universidad de Almer\u00eda\",\"description\":\"Centro de Documentaci\u00f3n Europea de la Universidad de Almer\u00eda\",\"publisher\":{\"@id\":\"https:\\\/\\\/www.cde.ual.es\\\/#organization\"},\"alternateName\":\"CDE Almer\u00eda\",\"potentialAction\":[{\"@type\":\"SearchAction\",\"target\":{\"@type\":\"EntryPoint\",\"urlTemplate\":\"https:\\\/\\\/www.cde.ual.es\\\/?s={search_term_string}\"},\"query-input\":{\"@type\":\"PropertyValueSpecification\",\"valueRequired\":true,\"valueName\":\"search_term_string\"}}],\"inLanguage\":\"en-US\"},{\"@type\":\"Organization\",\"@id\":\"https:\\\/\\\/www.cde.ual.es\\\/#organization\",\"name\":\"Centro de Documentaci\u00f3n Europea de Almer\u00eda\",\"url\":\"https:\\\/\\\/www.cde.ual.es\\\/\",\"logo\":{\"@type\":\"ImageObject\",\"inLanguage\":\"en-US\",\"@id\":\"https:\\\/\\\/www.cde.ual.es\\\/#\\\/schema\\\/logo\\\/image\\\/\",\"url\":\"https:\\\/\\\/www.cde.ual.es\\\/wp-content\\\/uploads\\\/2025\\\/07\\\/cde-logo-3.png\",\"contentUrl\":\"https:\\\/\\\/www.cde.ual.es\\\/wp-content\\\/uploads\\\/2025\\\/07\\\/cde-logo-3.png\",\"width\":1400,\"height\":300,\"caption\":\"Centro de Documentaci\u00f3n Europea de Almer\u00eda\"},\"image\":{\"@id\":\"https:\\\/\\\/www.cde.ual.es\\\/#\\\/schema\\\/logo\\\/image\\\/\"},\"sameAs\":[\"https:\\\/\\\/www.facebook.com\\\/cdeuniversidadalmeria\\\/\",\"https:\\\/\\\/x.com\\\/cdeualmeria\",\"https:\\\/\\\/www.tiktok.com\\\/@cdealmeria\",\"https:\\\/\\\/www.instagram.com\\\/cdealmeria\\\/\",\"https:\\\/\\\/www.linkedin.com\\\/in\\\/cde-almera-812b26a9\\\/\"]},{\"@type\":\"Person\",\"@id\":\"https:\\\/\\\/www.cde.ual.es\\\/#\\\/schema\\\/person\\\/ee46ebc19edfa19598c02cff83335acc\",\"name\":\"BECA 2 CDE\",\"image\":{\"@type\":\"ImageObject\",\"inLanguage\":\"en-US\",\"@id\":\"https:\\\/\\\/secure.gravatar.com\\\/avatar\\\/35a481bbc04bbd90e91bdfa3b0b5541036c222a49b9ad37b6889a2afcb5311a5?s=96&d=mm&r=g\",\"url\":\"https:\\\/\\\/secure.gravatar.com\\\/avatar\\\/35a481bbc04bbd90e91bdfa3b0b5541036c222a49b9ad37b6889a2afcb5311a5?s=96&d=mm&r=g\",\"contentUrl\":\"https:\\\/\\\/secure.gravatar.com\\\/avatar\\\/35a481bbc04bbd90e91bdfa3b0b5541036c222a49b9ad37b6889a2afcb5311a5?s=96&d=mm&r=g\",\"caption\":\"BECA 2 CDE\"},\"sameAs\":[\"http:\\\/\\\/www.cdealmeria.com\"]}]}<\/script>\n<!-- \/ Yoast SEO plugin. -->","yoast_head_json":{"title":"Social Climate Fund: ensuring a just energy transition | CDE Almer\u00eda - Centro de Documentaci\u00f3n Europea - Universidad de Almer\u00eda","robots":{"index":"index","follow":"follow","max-snippet":"max-snippet:-1","max-image-preview":"max-image-preview:large","max-video-preview":"max-video-preview:-1"},"canonical":"https:\/\/www.cde.ual.es\/?p=108135","og_locale":"en_US","og_type":"article","og_title":"Social Climate Fund: ensuring a just energy transition | CDE Almer\u00eda - Centro de Documentaci\u00f3n Europea - Universidad de Almer\u00eda","og_description":"The EU wants a just energy transition. Find out how the Social Climate Fund aims to help those who are most exposed to energy poverty. As part of its efforts to\u00a0achieve carbon neutrality by 2050, the EU plans to introduce further requirements for reducing emissions in construction and transport. The new rules will stimulate Europeans [&hellip;]","og_url":"https:\/\/www.cde.ual.es\/?p=108135","og_site_name":"CDE Almer\u00eda - Centro de Documentaci\u00f3n Europea - Universidad de Almer\u00eda","article_publisher":"https:\/\/www.facebook.com\/cdeuniversidadalmeria\/","article_published_time":"2022-05-26T01:00:29+00:00","og_image":[{"width":1920,"height":1280,"url":"https:\/\/www.cde.ual.es\/wp-content\/uploads\/2022\/05\/industry-3112436_1920.jpg","type":"image\/jpeg"}],"author":"BECA 2 CDE","twitter_card":"summary_large_image","twitter_creator":"@cdeualmeria","twitter_site":"@cdeualmeria","twitter_misc":{"Written by":"BECA 2 CDE","Est. reading time":"3 minutes"},"schema":{"@context":"https:\/\/schema.org","@graph":[{"@type":"Article","@id":"https:\/\/www.cde.ual.es\/?p=108135#article","isPartOf":{"@id":"https:\/\/www.cde.ual.es\/?p=108135"},"author":{"name":"BECA 2 CDE","@id":"https:\/\/www.cde.ual.es\/#\/schema\/person\/ee46ebc19edfa19598c02cff83335acc"},"headline":"Social Climate Fund: ensuring a just energy transition","datePublished":"2022-05-26T01:00:29+00:00","mainEntityOfPage":{"@id":"https:\/\/www.cde.ual.es\/?p=108135"},"wordCount":386,"commentCount":0,"publisher":{"@id":"https:\/\/www.cde.ual.es\/#organization"},"image":{"@id":"https:\/\/www.cde.ual.es\/?p=108135#primaryimage"},"thumbnailUrl":"https:\/\/www.cde.ual.es\/wp-content\/uploads\/2022\/05\/industry-3112436_1920.jpg","keywords":["climate","Energy","Social Climate Fund: ensuring a just energy transition"],"articleSection":["Energy","Environmental Affairs","EU News"],"inLanguage":"en-US","potentialAction":[{"@type":"CommentAction","name":"Comment","target":["https:\/\/www.cde.ual.es\/?p=108135#respond"]}]},{"@type":"WebPage","@id":"https:\/\/www.cde.ual.es\/?p=108135","url":"https:\/\/www.cde.ual.es\/?p=108135","name":"Social Climate Fund: ensuring a just energy transition | CDE Almer\u00eda - Centro de Documentaci\u00f3n Europea - Universidad de Almer\u00eda","isPartOf":{"@id":"https:\/\/www.cde.ual.es\/#website"},"primaryImageOfPage":{"@id":"https:\/\/www.cde.ual.es\/?p=108135#primaryimage"},"image":{"@id":"https:\/\/www.cde.ual.es\/?p=108135#primaryimage"},"thumbnailUrl":"https:\/\/www.cde.ual.es\/wp-content\/uploads\/2022\/05\/industry-3112436_1920.jpg","datePublished":"2022-05-26T01:00:29+00:00","breadcrumb":{"@id":"https:\/\/www.cde.ual.es\/?p=108135#breadcrumb"},"inLanguage":"en-US","potentialAction":[{"@type":"ReadAction","target":["https:\/\/www.cde.ual.es\/?p=108135"]}]},{"@type":"ImageObject","inLanguage":"en-US","@id":"https:\/\/www.cde.ual.es\/?p=108135#primaryimage","url":"https:\/\/www.cde.ual.es\/wp-content\/uploads\/2022\/05\/industry-3112436_1920.jpg","contentUrl":"https:\/\/www.cde.ual.es\/wp-content\/uploads\/2022\/05\/industry-3112436_1920.jpg","width":1920,"height":1280},{"@type":"BreadcrumbList","@id":"https:\/\/www.cde.ual.es\/?p=108135#breadcrumb","itemListElement":[{"@type":"ListItem","position":1,"name":"Inicio","item":"https:\/\/www.cde.ual.es\/en\/"},{"@type":"ListItem","position":2,"name":"Noticias UE","item":"https:\/\/www.cde.ual.es\/category\/noticias-ue\/"},{"@type":"ListItem","position":3,"name":"Medio Ambiente","item":"https:\/\/www.cde.ual.es\/category\/noticias-ue\/medioambiente\/"},{"@type":"ListItem","position":4,"name":"Energy","item":"https:\/\/www.cde.ual.es\/en\/category\/eu-news\/environment\/energy\/"},{"@type":"ListItem","position":5,"name":"Social Climate Fund: ensuring a just energy transition"}]},{"@type":"WebSite","@id":"https:\/\/www.cde.ual.es\/#website","url":"https:\/\/www.cde.ual.es\/","name":"CDE Almer\u00eda - Centro de Documentaci\u00f3n Europea - Universidad de Almer\u00eda","description":"Centro de Documentaci\u00f3n Europea de la Universidad de Almer\u00eda","publisher":{"@id":"https:\/\/www.cde.ual.es\/#organization"},"alternateName":"CDE Almer\u00eda","potentialAction":[{"@type":"SearchAction","target":{"@type":"EntryPoint","urlTemplate":"https:\/\/www.cde.ual.es\/?s={search_term_string}"},"query-input":{"@type":"PropertyValueSpecification","valueRequired":true,"valueName":"search_term_string"}}],"inLanguage":"en-US"},{"@type":"Organization","@id":"https:\/\/www.cde.ual.es\/#organization","name":"Centro de Documentaci\u00f3n Europea de Almer\u00eda","url":"https:\/\/www.cde.ual.es\/","logo":{"@type":"ImageObject","inLanguage":"en-US","@id":"https:\/\/www.cde.ual.es\/#\/schema\/logo\/image\/","url":"https:\/\/www.cde.ual.es\/wp-content\/uploads\/2025\/07\/cde-logo-3.png","contentUrl":"https:\/\/www.cde.ual.es\/wp-content\/uploads\/2025\/07\/cde-logo-3.png","width":1400,"height":300,"caption":"Centro de Documentaci\u00f3n Europea de Almer\u00eda"},"image":{"@id":"https:\/\/www.cde.ual.es\/#\/schema\/logo\/image\/"},"sameAs":["https:\/\/www.facebook.com\/cdeuniversidadalmeria\/","https:\/\/x.com\/cdeualmeria","https:\/\/www.tiktok.com\/@cdealmeria","https:\/\/www.instagram.com\/cdealmeria\/","https:\/\/www.linkedin.com\/in\/cde-almera-812b26a9\/"]},{"@type":"Person","@id":"https:\/\/www.cde.ual.es\/#\/schema\/person\/ee46ebc19edfa19598c02cff83335acc","name":"BECA 2 CDE","image":{"@type":"ImageObject","inLanguage":"en-US","@id":"https:\/\/secure.gravatar.com\/avatar\/35a481bbc04bbd90e91bdfa3b0b5541036c222a49b9ad37b6889a2afcb5311a5?s=96&d=mm&r=g","url":"https:\/\/secure.gravatar.com\/avatar\/35a481bbc04bbd90e91bdfa3b0b5541036c222a49b9ad37b6889a2afcb5311a5?s=96&d=mm&r=g","contentUrl":"https:\/\/secure.gravatar.com\/avatar\/35a481bbc04bbd90e91bdfa3b0b5541036c222a49b9ad37b6889a2afcb5311a5?s=96&d=mm&r=g","caption":"BECA 2 CDE"},"sameAs":["http:\/\/www.cdealmeria.com"]}]}},"_links":{"self":[{"href":"https:\/\/www.cde.ual.es\/en\/wp-json\/wp\/v2\/posts\/108145","targetHints":{"allow":["GET"]}}],"collection":[{"href":"https:\/\/www.cde.ual.es\/en\/wp-json\/wp\/v2\/posts"}],"about":[{"href":"https:\/\/www.cde.ual.es\/en\/wp-json\/wp\/v2\/types\/post"}],"author":[{"embeddable":true,"href":"https:\/\/www.cde.ual.es\/en\/wp-json\/wp\/v2\/users\/101011"}],"replies":[{"embeddable":true,"href":"https:\/\/www.cde.ual.es\/en\/wp-json\/wp\/v2\/comments?post=108145"}],"version-history":[{"count":0,"href":"https:\/\/www.cde.ual.es\/en\/wp-json\/wp\/v2\/posts\/108145\/revisions"}],"wp:featuredmedia":[{"embeddable":true,"href":"https:\/\/www.cde.ual.es\/en\/wp-json\/wp\/v2\/media\/108141"}],"wp:attachment":[{"href":"https:\/\/www.cde.ual.es\/en\/wp-json\/wp\/v2\/media?parent=108145"}],"wp:term":[{"taxonomy":"category","embeddable":true,"href":"https:\/\/www.cde.ual.es\/en\/wp-json\/wp\/v2\/categories?post=108145"},{"taxonomy":"post_tag","embeddable":true,"href":"https:\/\/www.cde.ual.es\/en\/wp-json\/wp\/v2\/tags?post=108145"}],"curies":[{"name":"wp","href":"https:\/\/api.w.org\/{rel}","templated":true}]}}