{"id":107671,"date":"2022-05-24T03:00:23","date_gmt":"2022-05-24T01:00:23","guid":{"rendered":"https:\/\/www.cde.ual.es\/?p=107671"},"modified":"2022-07-08T10:25:16","modified_gmt":"2022-07-08T08:25:16","slug":"diverse-as-we-are-international-festival-of-inclusive-culture-dawa","status":"publish","type":"post","link":"https:\/\/www.cde.ual.es\/en\/diverse-as-we-are-international-festival-of-inclusive-culture-dawa\/","title":{"rendered":"\u201cDiverse As We Are\u201d \u2013 International Festival of Inclusive Culture (DAWA)"},"content":{"rendered":"<p style=\"text-align: justify;\">\u201cDiverse As We Are\u201d \u2013 International Festival of Inclusive Culture (DAWA)\u00a0<em>is a joint project funded by European Spaces of Culture and EUNIC, supported by the EU Delegation in Beijing, organized, implemented, and supported by over 30 Shanghai based cultural partners and institutions from Europe, China, and the world.<\/em><\/p>\n<p><a href=\"https:\/\/www.cde.ual.es\/wp-content\/uploads\/2022\/05\/DAWA-logo.png\"><img decoding=\"async\" class=\"aligncenter wp-image-107678\" src=\"https:\/\/www.cde.ual.es\/wp-content\/uploads\/2022\/05\/DAWA-logo.png\" alt=\"\" width=\"365\" height=\"267\" srcset=\"https:\/\/www.cde.ual.es\/wp-content\/uploads\/2022\/05\/DAWA-logo.png 1089w, https:\/\/www.cde.ual.es\/wp-content\/uploads\/2022\/05\/DAWA-logo-300x220.png 300w, https:\/\/www.cde.ual.es\/wp-content\/uploads\/2022\/05\/DAWA-logo-1024x749.png 1024w, https:\/\/www.cde.ual.es\/wp-content\/uploads\/2022\/05\/DAWA-logo-768x562.png 768w\" sizes=\"(max-width: 365px) 100vw, 365px\" \/><\/a><\/p>\n<p style=\"text-align: justify;\"><span lang=\"EN-US\" xml:lang=\"EN-US\">May 21 is the\u00a0<strong>World Day for Cultural Diversity for Dialogue and Development<\/strong>. Every year, the international community and people around the world highlight the significance of cultural richness. So, let\u2019s unlock stereotypes in our minds, and celebrate the diversity of cultural expressions, and the creative potential of cultural diversity together.<\/span><\/p>\n<p style=\"text-align: justify;\"><span lang=\"EN-US\" xml:lang=\"EN-US\">This year, a group of over 30 Shanghai based cultural partners and institutions from Europe, China and the world, are excited to launch\u00a0<strong>\u201cDiverse As We Are\u201d \u2013 International Festival of Inclusive Culture (DAWA)<\/strong>, the first international festival of its kind in China that embraces diversity, social inclusion and equal participation.<\/span><\/p>\n<p style=\"text-align: justify;\"><span lang=\"EN-US\" xml:lang=\"EN-US\">The DAWA Festival and all its partners share the values of diversity, inclusion, accessibility, sustainability and equality. We strongly believe in the power of people-to-people dialogue, and bring artists, and creatives with and without disabilities in a cross-cultural exchange with the cultural scene and audience in Shanghai.<\/span><\/p>\n<p style=\"text-align: justify;\"><span lang=\"EN-US\" xml:lang=\"EN-US\">Together, we have organized a festival program that is as accessible as possible by providing sign language interpretation, audio descriptions, accessible venues, and other access services because\u00a0<strong>DAWA is for everyone, and everyone is welcome!<\/strong><\/span><\/p>\n<p style=\"text-align: justify;\"><span lang=\"EN-US\" xml:lang=\"EN-US\">The DAWA Festival is scheduled to take place from 15 to 25 September, 2022 in Shanghai. The program will present over 35 contributions and events from artists with and without disabilities hailing from Europe, China, and the rest of world. The festival will feature various performances, exhibitions, sports events, workshops, movies, and public discussions.<\/span><\/p>\n<p style=\"text-align: justify;\"><span lang=\"EN-US\" xml:lang=\"EN-US\">The DAWA Festival promotes the visibility and representation of diverse artists and creative groups, and includes a variety of perspectives and artistic expressions in an accessible and equitable cultural environment.<\/span><\/p>\n<p style=\"text-align: justify;\"><strong>Background<\/strong><\/p>\n<p style=\"text-align: justify;\"><span lang=\"EN-US\" xml:lang=\"EN-US\">\u201cDiverse As We Are\u201d \u2013 International Festival of Inclusive Culture (DAWA)\u00a0<em>is a project within European Spaces of Culture, which aims to test and implement innovative models of collaboration in culture between European actors \u2013 EUNIC members and EU Delegations \u2013 and local partners in non-EU countries, delivering the EU strategic approach to international cultural relations.<\/em><\/span><\/p>\n<p style=\"text-align: justify;\"><em><span lang=\"EN-US\" xml:lang=\"EN-US\">European Spaces of Culture is a Preparatory Action initiated by the European Parliament, implemented by EUNIC in close collaboration with the European Commission and the European External Action Service. EUNIC \u2013 European Union National Institutes for Culture \u2013 is Europe&#8217;s network of national cultural institutes, with 38 members from all EU Member States and associate countries.<\/span><\/em><\/p>\n<p class=\"ecl-heading ecl-heading--h1 ecl-u-color-white\" style=\"text-align: justify;\"><strong>Joint Statement by High Representative\/Vice-President Borrell and Commissioners Gabriel and Urpilainen<\/strong><\/p>\n<p style=\"text-align: justify;\">Cultural diversity is one of the cornerstones of the European Union and one of its greatest assets. It is crucial to constantly nurture and cherish cultural diversity for the advancement of freedom, democracy, peace, prosperity, innovation and creativity.<\/p>\n<p style=\"text-align: justify;\">Diversity is a great strength, but it is also fragile. In the past few months, we have witnessed the deliberate destruction of Ukrainian culture, of its institutions and its heritage by Russia&#8217;s unjustified military aggression. We have reacted swiftly to help protect Ukrainian cultural heritage, as well as\u00a0to support Ukraine&#8217;s creative industry with several of our support measures.<\/p>\n<p style=\"text-align: justify;\">The destruction witnessed in Ukraine and in other parts of the world goes against everything that culture and diversity stand for. It undermines dialogue, mutual understanding and human rights. It shows how destruction of cultural goods is more than just an act of aggression in a war. It is an attempt to undermine an identity. We condemn Russia&#8217;s actions in the strongest terms.<\/p>\n<p style=\"text-align: justify;\">This year, the European Year of Youth, we celebrate the unique potential of culture to connect and support young people to lead positive changes in their communities and societies. Through performance, storytelling, songs or films, they transform behaviours and mentalities. They accelerate and foster sustainable development towards greener, fairer and more cohesive societies.<\/p>\n<p style=\"text-align: justify;\">Thriving culture can bring innovation and sustainable growth to cities, regions and communities. The Creative Europe Programme safeguards, develops and promotes European cultural and linguistic diversity and competitiveness of the sectors through cultural activities, active participation, mobility and exchanges.<\/p>\n<p style=\"text-align: justify;\">The EU supports reconciliation, dialogue and recovery of communities across the world, including through EU initiatives focused on rehabilitating cultural heritage in post-conflict.<\/p>\n<p style=\"text-align: justify;\">We are committed to protecting and promoting culture and making it widely accessible to all. We will protect and safeguard cultural heritage. Without it, there will be no lasting peace.<\/p>\n<h3 style=\"text-align: justify;\">More information<\/h3>\n<p style=\"text-align: justify;\"><a href=\"https:\/\/www.eeas.europa.eu\/delegations\/china\/%E2%80%9Cdiverse-we-are%E2%80%9D-%E2%80%93-international-festival-inclusive-culture-dawa_en\" target=\"_blank\" rel=\"noopener\">Delegation of the European Union to the People\u2019s Republic of China &#8211; News<\/a><\/p>\n<p style=\"text-align: justify;\"><a href=\"https:\/\/ec.europa.eu\/commission\/presscorner\/detail\/es\/statement_22_3207\" target=\"_blank\" rel=\"noopener\">European Commission &#8211; Statements<\/a><\/p>\n","protected":false},"excerpt":{"rendered":"<p>\u201cDiverse As We Are\u201d \u2013 International Festival of Inclusive Culture (DAWA)\u00a0is a joint project funded by European Spaces of Culture and EUNIC, supported by the EU Delegation in Beijing, organized, implemented, and supported by over 30 Shanghai based cultural partners and institutions from Europe, China, and the world. May 21 is the\u00a0World Day for Cultural [&hellip;]<\/p>\n","protected":false},"author":101011,"featured_media":107678,"comment_status":"open","ping_status":"open","sticky":false,"template":"","format":"standard","meta":{"_acf_changed":false,"_relevanssi_hide_post":"","_relevanssi_hide_content":"","_relevanssi_pin_for_all":"","_relevanssi_pin_keywords":"","_relevanssi_unpin_keywords":"","_relevanssi_related_keywords":"","_relevanssi_related_include_ids":"","_relevanssi_related_exclude_ids":"","_relevanssi_related_no_append":"","_relevanssi_related_not_related":"","_relevanssi_related_posts":"","_relevanssi_noindex_reason":"","_monsterinsights_skip_tracking":false,"_monsterinsights_sitenote_active":false,"_monsterinsights_sitenote_note":"","_monsterinsights_sitenote_category":0,"_genesis_hide_title":false,"_genesis_hide_breadcrumbs":false,"_genesis_hide_singular_image":false,"_genesis_hide_footer_widgets":false,"_genesis_custom_body_class":"","_genesis_custom_post_class":"","_genesis_layout":"","footnotes":""},"categories":[4073,4071,346],"tags":[527,2927,5965,4244],"class_list":{"0":"post-107671","1":"post","2":"type-post","3":"status-publish","4":"format-standard","5":"has-post-thumbnail","7":"category-culture","8":"category-education-culture","9":"category-eu-news","10":"tag-culture","11":"tag-diversity","12":"tag-european-commisssion","13":"tag-statement","14":"entry"},"acf":[],"yoast_head":"<!-- This site is optimized with the Yoast SEO plugin v27.4 - https:\/\/yoast.com\/product\/yoast-seo-wordpress\/ -->\n<title>\u201cDiverse As We Are\u201d \u2013 International Festival of Inclusive Culture (DAWA) | CDE Almer\u00eda - Centro de Documentaci\u00f3n Europea - Universidad de Almer\u00eda<\/title>\n<meta name=\"robots\" content=\"index, follow, max-snippet:-1, max-image-preview:large, max-video-preview:-1\" \/>\n<link rel=\"canonical\" href=\"https:\/\/www.cde.ual.es\/en\/diverse-as-we-are-international-festival-of-inclusive-culture-dawa\/\" \/>\n<meta property=\"og:locale\" content=\"en_US\" \/>\n<meta property=\"og:type\" content=\"article\" \/>\n<meta property=\"og:title\" content=\"\u201cDiverse As We Are\u201d \u2013 International Festival of Inclusive Culture (DAWA) | CDE Almer\u00eda - Centro de Documentaci\u00f3n Europea - Universidad de Almer\u00eda\" \/>\n<meta property=\"og:description\" content=\"\u201cDiverse As We Are\u201d \u2013 International Festival of Inclusive Culture (DAWA)\u00a0is a joint project funded by European Spaces of Culture and EUNIC, supported by the EU Delegation in Beijing, organized, implemented, and supported by over 30 Shanghai based cultural partners and institutions from Europe, China, and the world. May 21 is the\u00a0World Day for Cultural [&hellip;]\" \/>\n<meta property=\"og:url\" content=\"https:\/\/www.cde.ual.es\/en\/diverse-as-we-are-international-festival-of-inclusive-culture-dawa\/\" \/>\n<meta property=\"og:site_name\" content=\"CDE Almer\u00eda - Centro de Documentaci\u00f3n Europea - Universidad de Almer\u00eda\" \/>\n<meta property=\"article:publisher\" content=\"https:\/\/www.facebook.com\/cdeuniversidadalmeria\/\" \/>\n<meta property=\"article:published_time\" content=\"2022-05-24T01:00:23+00:00\" \/>\n<meta property=\"article:modified_time\" content=\"2022-07-08T08:25:16+00:00\" \/>\n<meta property=\"og:image\" content=\"https:\/\/www.cde.ual.es\/wp-content\/uploads\/2022\/05\/DAWA-logo.png\" \/>\n\t<meta property=\"og:image:width\" content=\"1089\" \/>\n\t<meta property=\"og:image:height\" content=\"797\" \/>\n\t<meta property=\"og:image:type\" content=\"image\/png\" \/>\n<meta name=\"author\" content=\"BECA 2 CDE\" \/>\n<meta name=\"twitter:card\" content=\"summary_large_image\" \/>\n<meta name=\"twitter:creator\" content=\"@cdeualmeria\" \/>\n<meta name=\"twitter:site\" content=\"@cdeualmeria\" \/>\n<meta name=\"twitter:label1\" content=\"Written by\" \/>\n\t<meta name=\"twitter:data1\" content=\"BECA 2 CDE\" \/>\n\t<meta name=\"twitter:label2\" content=\"Est. reading time\" \/>\n\t<meta name=\"twitter:data2\" content=\"4 minutes\" \/>\n<script type=\"application\/ld+json\" class=\"yoast-schema-graph\">{\"@context\":\"https:\\\/\\\/schema.org\",\"@graph\":[{\"@type\":\"Article\",\"@id\":\"https:\\\/\\\/www.cde.ual.es\\\/en\\\/diverse-as-we-are-international-festival-of-inclusive-culture-dawa\\\/#article\",\"isPartOf\":{\"@id\":\"https:\\\/\\\/www.cde.ual.es\\\/en\\\/diverse-as-we-are-international-festival-of-inclusive-culture-dawa\\\/\"},\"author\":{\"name\":\"BECA 2 CDE\",\"@id\":\"https:\\\/\\\/www.cde.ual.es\\\/#\\\/schema\\\/person\\\/ee46ebc19edfa19598c02cff83335acc\"},\"headline\":\"\u201cDiverse As We Are\u201d \u2013 International Festival of Inclusive Culture (DAWA)\",\"datePublished\":\"2022-05-24T01:00:23+00:00\",\"dateModified\":\"2022-07-08T08:25:16+00:00\",\"mainEntityOfPage\":{\"@id\":\"https:\\\/\\\/www.cde.ual.es\\\/en\\\/diverse-as-we-are-international-festival-of-inclusive-culture-dawa\\\/\"},\"wordCount\":767,\"commentCount\":0,\"publisher\":{\"@id\":\"https:\\\/\\\/www.cde.ual.es\\\/#organization\"},\"image\":{\"@id\":\"https:\\\/\\\/www.cde.ual.es\\\/en\\\/diverse-as-we-are-international-festival-of-inclusive-culture-dawa\\\/#primaryimage\"},\"thumbnailUrl\":\"https:\\\/\\\/www.cde.ual.es\\\/wp-content\\\/uploads\\\/2022\\\/05\\\/DAWA-logo.png\",\"keywords\":[\"culture\",\"diversity\",\"european commisssion\",\"Statement\"],\"articleSection\":[\"Culture\",\"Education and Culture\",\"EU News\"],\"inLanguage\":\"en-US\",\"potentialAction\":[{\"@type\":\"CommentAction\",\"name\":\"Comment\",\"target\":[\"https:\\\/\\\/www.cde.ual.es\\\/en\\\/diverse-as-we-are-international-festival-of-inclusive-culture-dawa\\\/#respond\"]}]},{\"@type\":\"WebPage\",\"@id\":\"https:\\\/\\\/www.cde.ual.es\\\/en\\\/diverse-as-we-are-international-festival-of-inclusive-culture-dawa\\\/\",\"url\":\"https:\\\/\\\/www.cde.ual.es\\\/en\\\/diverse-as-we-are-international-festival-of-inclusive-culture-dawa\\\/\",\"name\":\"\u201cDiverse As We Are\u201d \u2013 International Festival of Inclusive Culture (DAWA) | CDE Almer\u00eda - Centro de Documentaci\u00f3n Europea - Universidad de Almer\u00eda\",\"isPartOf\":{\"@id\":\"https:\\\/\\\/www.cde.ual.es\\\/#website\"},\"primaryImageOfPage\":{\"@id\":\"https:\\\/\\\/www.cde.ual.es\\\/en\\\/diverse-as-we-are-international-festival-of-inclusive-culture-dawa\\\/#primaryimage\"},\"image\":{\"@id\":\"https:\\\/\\\/www.cde.ual.es\\\/en\\\/diverse-as-we-are-international-festival-of-inclusive-culture-dawa\\\/#primaryimage\"},\"thumbnailUrl\":\"https:\\\/\\\/www.cde.ual.es\\\/wp-content\\\/uploads\\\/2022\\\/05\\\/DAWA-logo.png\",\"datePublished\":\"2022-05-24T01:00:23+00:00\",\"dateModified\":\"2022-07-08T08:25:16+00:00\",\"breadcrumb\":{\"@id\":\"https:\\\/\\\/www.cde.ual.es\\\/en\\\/diverse-as-we-are-international-festival-of-inclusive-culture-dawa\\\/#breadcrumb\"},\"inLanguage\":\"en-US\",\"potentialAction\":[{\"@type\":\"ReadAction\",\"target\":[\"https:\\\/\\\/www.cde.ual.es\\\/en\\\/diverse-as-we-are-international-festival-of-inclusive-culture-dawa\\\/\"]}]},{\"@type\":\"ImageObject\",\"inLanguage\":\"en-US\",\"@id\":\"https:\\\/\\\/www.cde.ual.es\\\/en\\\/diverse-as-we-are-international-festival-of-inclusive-culture-dawa\\\/#primaryimage\",\"url\":\"https:\\\/\\\/www.cde.ual.es\\\/wp-content\\\/uploads\\\/2022\\\/05\\\/DAWA-logo.png\",\"contentUrl\":\"https:\\\/\\\/www.cde.ual.es\\\/wp-content\\\/uploads\\\/2022\\\/05\\\/DAWA-logo.png\",\"width\":1089,\"height\":797},{\"@type\":\"BreadcrumbList\",\"@id\":\"https:\\\/\\\/www.cde.ual.es\\\/en\\\/diverse-as-we-are-international-festival-of-inclusive-culture-dawa\\\/#breadcrumb\",\"itemListElement\":[{\"@type\":\"ListItem\",\"position\":1,\"name\":\"Inicio\",\"item\":\"https:\\\/\\\/www.cde.ual.es\\\/en\\\/\"},{\"@type\":\"ListItem\",\"position\":2,\"name\":\"EU News\",\"item\":\"https:\\\/\\\/www.cde.ual.es\\\/en\\\/category\\\/eu-news\\\/\"},{\"@type\":\"ListItem\",\"position\":3,\"name\":\"Education and Culture\",\"item\":\"https:\\\/\\\/www.cde.ual.es\\\/en\\\/category\\\/eu-news\\\/education-culture\\\/\"},{\"@type\":\"ListItem\",\"position\":4,\"name\":\"Culture\",\"item\":\"https:\\\/\\\/www.cde.ual.es\\\/en\\\/category\\\/eu-news\\\/education-culture\\\/culture\\\/\"},{\"@type\":\"ListItem\",\"position\":5,\"name\":\"\u201cDiverse As We Are\u201d \u2013 International Festival of Inclusive Culture (DAWA)\"}]},{\"@type\":\"WebSite\",\"@id\":\"https:\\\/\\\/www.cde.ual.es\\\/#website\",\"url\":\"https:\\\/\\\/www.cde.ual.es\\\/\",\"name\":\"CDE Almer\u00eda - Centro de Documentaci\u00f3n Europea - Universidad de Almer\u00eda\",\"description\":\"Centro de Documentaci\u00f3n Europea de la Universidad de Almer\u00eda\",\"publisher\":{\"@id\":\"https:\\\/\\\/www.cde.ual.es\\\/#organization\"},\"alternateName\":\"CDE Almer\u00eda\",\"potentialAction\":[{\"@type\":\"SearchAction\",\"target\":{\"@type\":\"EntryPoint\",\"urlTemplate\":\"https:\\\/\\\/www.cde.ual.es\\\/?s={search_term_string}\"},\"query-input\":{\"@type\":\"PropertyValueSpecification\",\"valueRequired\":true,\"valueName\":\"search_term_string\"}}],\"inLanguage\":\"en-US\"},{\"@type\":\"Organization\",\"@id\":\"https:\\\/\\\/www.cde.ual.es\\\/#organization\",\"name\":\"Centro de Documentaci\u00f3n Europea de Almer\u00eda\",\"url\":\"https:\\\/\\\/www.cde.ual.es\\\/\",\"logo\":{\"@type\":\"ImageObject\",\"inLanguage\":\"en-US\",\"@id\":\"https:\\\/\\\/www.cde.ual.es\\\/#\\\/schema\\\/logo\\\/image\\\/\",\"url\":\"https:\\\/\\\/www.cde.ual.es\\\/wp-content\\\/uploads\\\/2025\\\/07\\\/cde-logo-3.png\",\"contentUrl\":\"https:\\\/\\\/www.cde.ual.es\\\/wp-content\\\/uploads\\\/2025\\\/07\\\/cde-logo-3.png\",\"width\":1400,\"height\":300,\"caption\":\"Centro de Documentaci\u00f3n Europea de Almer\u00eda\"},\"image\":{\"@id\":\"https:\\\/\\\/www.cde.ual.es\\\/#\\\/schema\\\/logo\\\/image\\\/\"},\"sameAs\":[\"https:\\\/\\\/www.facebook.com\\\/cdeuniversidadalmeria\\\/\",\"https:\\\/\\\/x.com\\\/cdeualmeria\",\"https:\\\/\\\/www.tiktok.com\\\/@cdealmeria\",\"https:\\\/\\\/www.instagram.com\\\/cdealmeria\\\/\",\"https:\\\/\\\/www.linkedin.com\\\/in\\\/cde-almera-812b26a9\\\/\"]},{\"@type\":\"Person\",\"@id\":\"https:\\\/\\\/www.cde.ual.es\\\/#\\\/schema\\\/person\\\/ee46ebc19edfa19598c02cff83335acc\",\"name\":\"BECA 2 CDE\",\"image\":{\"@type\":\"ImageObject\",\"inLanguage\":\"en-US\",\"@id\":\"https:\\\/\\\/secure.gravatar.com\\\/avatar\\\/35a481bbc04bbd90e91bdfa3b0b5541036c222a49b9ad37b6889a2afcb5311a5?s=96&d=mm&r=g\",\"url\":\"https:\\\/\\\/secure.gravatar.com\\\/avatar\\\/35a481bbc04bbd90e91bdfa3b0b5541036c222a49b9ad37b6889a2afcb5311a5?s=96&d=mm&r=g\",\"contentUrl\":\"https:\\\/\\\/secure.gravatar.com\\\/avatar\\\/35a481bbc04bbd90e91bdfa3b0b5541036c222a49b9ad37b6889a2afcb5311a5?s=96&d=mm&r=g\",\"caption\":\"BECA 2 CDE\"},\"sameAs\":[\"http:\\\/\\\/www.cdealmeria.com\"]}]}<\/script>\n<!-- \/ Yoast SEO plugin. -->","yoast_head_json":{"title":"\u201cDiverse As We Are\u201d \u2013 International Festival of Inclusive Culture (DAWA) | CDE Almer\u00eda - Centro de Documentaci\u00f3n Europea - Universidad de Almer\u00eda","robots":{"index":"index","follow":"follow","max-snippet":"max-snippet:-1","max-image-preview":"max-image-preview:large","max-video-preview":"max-video-preview:-1"},"canonical":"https:\/\/www.cde.ual.es\/en\/diverse-as-we-are-international-festival-of-inclusive-culture-dawa\/","og_locale":"en_US","og_type":"article","og_title":"\u201cDiverse As We Are\u201d \u2013 International Festival of Inclusive Culture (DAWA) | CDE Almer\u00eda - Centro de Documentaci\u00f3n Europea - Universidad de Almer\u00eda","og_description":"\u201cDiverse As We Are\u201d \u2013 International Festival of Inclusive Culture (DAWA)\u00a0is a joint project funded by European Spaces of Culture and EUNIC, supported by the EU Delegation in Beijing, organized, implemented, and supported by over 30 Shanghai based cultural partners and institutions from Europe, China, and the world. May 21 is the\u00a0World Day for Cultural [&hellip;]","og_url":"https:\/\/www.cde.ual.es\/en\/diverse-as-we-are-international-festival-of-inclusive-culture-dawa\/","og_site_name":"CDE Almer\u00eda - Centro de Documentaci\u00f3n Europea - Universidad de Almer\u00eda","article_publisher":"https:\/\/www.facebook.com\/cdeuniversidadalmeria\/","article_published_time":"2022-05-24T01:00:23+00:00","article_modified_time":"2022-07-08T08:25:16+00:00","og_image":[{"width":1089,"height":797,"url":"https:\/\/www.cde.ual.es\/wp-content\/uploads\/2022\/05\/DAWA-logo.png","type":"image\/png"}],"author":"BECA 2 CDE","twitter_card":"summary_large_image","twitter_creator":"@cdeualmeria","twitter_site":"@cdeualmeria","twitter_misc":{"Written by":"BECA 2 CDE","Est. reading time":"4 minutes"},"schema":{"@context":"https:\/\/schema.org","@graph":[{"@type":"Article","@id":"https:\/\/www.cde.ual.es\/en\/diverse-as-we-are-international-festival-of-inclusive-culture-dawa\/#article","isPartOf":{"@id":"https:\/\/www.cde.ual.es\/en\/diverse-as-we-are-international-festival-of-inclusive-culture-dawa\/"},"author":{"name":"BECA 2 CDE","@id":"https:\/\/www.cde.ual.es\/#\/schema\/person\/ee46ebc19edfa19598c02cff83335acc"},"headline":"\u201cDiverse As We Are\u201d \u2013 International Festival of Inclusive Culture (DAWA)","datePublished":"2022-05-24T01:00:23+00:00","dateModified":"2022-07-08T08:25:16+00:00","mainEntityOfPage":{"@id":"https:\/\/www.cde.ual.es\/en\/diverse-as-we-are-international-festival-of-inclusive-culture-dawa\/"},"wordCount":767,"commentCount":0,"publisher":{"@id":"https:\/\/www.cde.ual.es\/#organization"},"image":{"@id":"https:\/\/www.cde.ual.es\/en\/diverse-as-we-are-international-festival-of-inclusive-culture-dawa\/#primaryimage"},"thumbnailUrl":"https:\/\/www.cde.ual.es\/wp-content\/uploads\/2022\/05\/DAWA-logo.png","keywords":["culture","diversity","european commisssion","Statement"],"articleSection":["Culture","Education and Culture","EU News"],"inLanguage":"en-US","potentialAction":[{"@type":"CommentAction","name":"Comment","target":["https:\/\/www.cde.ual.es\/en\/diverse-as-we-are-international-festival-of-inclusive-culture-dawa\/#respond"]}]},{"@type":"WebPage","@id":"https:\/\/www.cde.ual.es\/en\/diverse-as-we-are-international-festival-of-inclusive-culture-dawa\/","url":"https:\/\/www.cde.ual.es\/en\/diverse-as-we-are-international-festival-of-inclusive-culture-dawa\/","name":"\u201cDiverse As We Are\u201d \u2013 International Festival of Inclusive Culture (DAWA) | CDE Almer\u00eda - Centro de Documentaci\u00f3n Europea - Universidad de Almer\u00eda","isPartOf":{"@id":"https:\/\/www.cde.ual.es\/#website"},"primaryImageOfPage":{"@id":"https:\/\/www.cde.ual.es\/en\/diverse-as-we-are-international-festival-of-inclusive-culture-dawa\/#primaryimage"},"image":{"@id":"https:\/\/www.cde.ual.es\/en\/diverse-as-we-are-international-festival-of-inclusive-culture-dawa\/#primaryimage"},"thumbnailUrl":"https:\/\/www.cde.ual.es\/wp-content\/uploads\/2022\/05\/DAWA-logo.png","datePublished":"2022-05-24T01:00:23+00:00","dateModified":"2022-07-08T08:25:16+00:00","breadcrumb":{"@id":"https:\/\/www.cde.ual.es\/en\/diverse-as-we-are-international-festival-of-inclusive-culture-dawa\/#breadcrumb"},"inLanguage":"en-US","potentialAction":[{"@type":"ReadAction","target":["https:\/\/www.cde.ual.es\/en\/diverse-as-we-are-international-festival-of-inclusive-culture-dawa\/"]}]},{"@type":"ImageObject","inLanguage":"en-US","@id":"https:\/\/www.cde.ual.es\/en\/diverse-as-we-are-international-festival-of-inclusive-culture-dawa\/#primaryimage","url":"https:\/\/www.cde.ual.es\/wp-content\/uploads\/2022\/05\/DAWA-logo.png","contentUrl":"https:\/\/www.cde.ual.es\/wp-content\/uploads\/2022\/05\/DAWA-logo.png","width":1089,"height":797},{"@type":"BreadcrumbList","@id":"https:\/\/www.cde.ual.es\/en\/diverse-as-we-are-international-festival-of-inclusive-culture-dawa\/#breadcrumb","itemListElement":[{"@type":"ListItem","position":1,"name":"Inicio","item":"https:\/\/www.cde.ual.es\/en\/"},{"@type":"ListItem","position":2,"name":"EU News","item":"https:\/\/www.cde.ual.es\/en\/category\/eu-news\/"},{"@type":"ListItem","position":3,"name":"Education and Culture","item":"https:\/\/www.cde.ual.es\/en\/category\/eu-news\/education-culture\/"},{"@type":"ListItem","position":4,"name":"Culture","item":"https:\/\/www.cde.ual.es\/en\/category\/eu-news\/education-culture\/culture\/"},{"@type":"ListItem","position":5,"name":"\u201cDiverse As We Are\u201d \u2013 International Festival of Inclusive Culture (DAWA)"}]},{"@type":"WebSite","@id":"https:\/\/www.cde.ual.es\/#website","url":"https:\/\/www.cde.ual.es\/","name":"CDE Almer\u00eda - Centro de Documentaci\u00f3n Europea - Universidad de Almer\u00eda","description":"Centro de Documentaci\u00f3n Europea de la Universidad de Almer\u00eda","publisher":{"@id":"https:\/\/www.cde.ual.es\/#organization"},"alternateName":"CDE Almer\u00eda","potentialAction":[{"@type":"SearchAction","target":{"@type":"EntryPoint","urlTemplate":"https:\/\/www.cde.ual.es\/?s={search_term_string}"},"query-input":{"@type":"PropertyValueSpecification","valueRequired":true,"valueName":"search_term_string"}}],"inLanguage":"en-US"},{"@type":"Organization","@id":"https:\/\/www.cde.ual.es\/#organization","name":"Centro de Documentaci\u00f3n Europea de Almer\u00eda","url":"https:\/\/www.cde.ual.es\/","logo":{"@type":"ImageObject","inLanguage":"en-US","@id":"https:\/\/www.cde.ual.es\/#\/schema\/logo\/image\/","url":"https:\/\/www.cde.ual.es\/wp-content\/uploads\/2025\/07\/cde-logo-3.png","contentUrl":"https:\/\/www.cde.ual.es\/wp-content\/uploads\/2025\/07\/cde-logo-3.png","width":1400,"height":300,"caption":"Centro de Documentaci\u00f3n Europea de Almer\u00eda"},"image":{"@id":"https:\/\/www.cde.ual.es\/#\/schema\/logo\/image\/"},"sameAs":["https:\/\/www.facebook.com\/cdeuniversidadalmeria\/","https:\/\/x.com\/cdeualmeria","https:\/\/www.tiktok.com\/@cdealmeria","https:\/\/www.instagram.com\/cdealmeria\/","https:\/\/www.linkedin.com\/in\/cde-almera-812b26a9\/"]},{"@type":"Person","@id":"https:\/\/www.cde.ual.es\/#\/schema\/person\/ee46ebc19edfa19598c02cff83335acc","name":"BECA 2 CDE","image":{"@type":"ImageObject","inLanguage":"en-US","@id":"https:\/\/secure.gravatar.com\/avatar\/35a481bbc04bbd90e91bdfa3b0b5541036c222a49b9ad37b6889a2afcb5311a5?s=96&d=mm&r=g","url":"https:\/\/secure.gravatar.com\/avatar\/35a481bbc04bbd90e91bdfa3b0b5541036c222a49b9ad37b6889a2afcb5311a5?s=96&d=mm&r=g","contentUrl":"https:\/\/secure.gravatar.com\/avatar\/35a481bbc04bbd90e91bdfa3b0b5541036c222a49b9ad37b6889a2afcb5311a5?s=96&d=mm&r=g","caption":"BECA 2 CDE"},"sameAs":["http:\/\/www.cdealmeria.com"]}]}},"_links":{"self":[{"href":"https:\/\/www.cde.ual.es\/en\/wp-json\/wp\/v2\/posts\/107671","targetHints":{"allow":["GET"]}}],"collection":[{"href":"https:\/\/www.cde.ual.es\/en\/wp-json\/wp\/v2\/posts"}],"about":[{"href":"https:\/\/www.cde.ual.es\/en\/wp-json\/wp\/v2\/types\/post"}],"author":[{"embeddable":true,"href":"https:\/\/www.cde.ual.es\/en\/wp-json\/wp\/v2\/users\/101011"}],"replies":[{"embeddable":true,"href":"https:\/\/www.cde.ual.es\/en\/wp-json\/wp\/v2\/comments?post=107671"}],"version-history":[{"count":1,"href":"https:\/\/www.cde.ual.es\/en\/wp-json\/wp\/v2\/posts\/107671\/revisions"}],"predecessor-version":[{"id":113180,"href":"https:\/\/www.cde.ual.es\/en\/wp-json\/wp\/v2\/posts\/107671\/revisions\/113180"}],"wp:featuredmedia":[{"embeddable":true,"href":"https:\/\/www.cde.ual.es\/en\/wp-json\/wp\/v2\/media\/107678"}],"wp:attachment":[{"href":"https:\/\/www.cde.ual.es\/en\/wp-json\/wp\/v2\/media?parent=107671"}],"wp:term":[{"taxonomy":"category","embeddable":true,"href":"https:\/\/www.cde.ual.es\/en\/wp-json\/wp\/v2\/categories?post=107671"},{"taxonomy":"post_tag","embeddable":true,"href":"https:\/\/www.cde.ual.es\/en\/wp-json\/wp\/v2\/tags?post=107671"}],"curies":[{"name":"wp","href":"https:\/\/api.w.org\/{rel}","templated":true}]}}