{"id":107560,"date":"2022-05-20T13:28:59","date_gmt":"2022-05-20T11:28:59","guid":{"rendered":"https:\/\/www.cde.ual.es\/?p=107560"},"modified":"2022-05-23T13:13:59","modified_gmt":"2022-05-23T11:13:59","slug":"how-to-apply-for-an-european-union-trade-mark-and-avoid-mistakes-in-the-process","status":"publish","type":"post","link":"https:\/\/www.cde.ual.es\/en\/how-to-apply-for-an-european-union-trade-mark-and-avoid-mistakes-in-the-process\/","title":{"rendered":"How to apply for an European Union trade mark (and avoid mistakes in the process)"},"content":{"rendered":"<p>T\u00edtulo: How to apply for an European Union trade mark (and avoid mistakes in the process)<\/p>\n<p>Autor: EUIPO<\/p>\n<p>Duraci\u00f3n: 03:43<\/p>\n<p>Resumen: Your company\u2019s goods and\/or services can be effectively protected by EU trade marks, an intellectual property right valid throughout the EU. This video looks at the most common mistakes when applying for an EUTM, helping you to avoid pitfalls in your application.<\/p>\n<p>Fecha de Publicaci\u00f3n: 27-09-20<\/p>\n<p><iframe title=\"YouTube video player\" src=\"https:\/\/www.youtube.com\/embed\/plC6IMsTykw\" width=\"560\" height=\"315\" frameborder=\"0\" allowfullscreen=\"allowfullscreen\"><\/iframe><\/p>\n","protected":false},"excerpt":{"rendered":"<p>T\u00edtulo: How to apply for an European Union trade mark (and avoid mistakes in the process) Autor: EUIPO Duraci\u00f3n: 03:43 Resumen: Your company\u2019s goods and\/or services can be effectively protected by EU trade marks, an intellectual property right valid throughout the EU. This video looks at the most common mistakes when applying for an EUTM, [&hellip;]<\/p>\n","protected":false},"author":101011,"featured_media":107562,"comment_status":"open","ping_status":"open","sticky":false,"template":"","format":"standard","meta":{"_acf_changed":false,"_relevanssi_hide_post":"","_relevanssi_hide_content":"","_relevanssi_pin_for_all":"","_relevanssi_pin_keywords":"","_relevanssi_unpin_keywords":"","_relevanssi_related_keywords":"","_relevanssi_related_include_ids":"","_relevanssi_related_exclude_ids":"","_relevanssi_related_no_append":"","_relevanssi_related_not_related":"","_relevanssi_related_posts":"","_relevanssi_noindex_reason":"","_monsterinsights_skip_tracking":false,"_monsterinsights_sitenote_active":false,"_monsterinsights_sitenote_note":"","_monsterinsights_sitenote_category":0,"_genesis_hide_title":false,"_genesis_hide_breadcrumbs":false,"_genesis_hide_singular_image":false,"_genesis_hide_footer_widgets":false,"_genesis_custom_body_class":"","_genesis_custom_post_class":"","_genesis_layout":"","footnotes":""},"categories":[119,115],"tags":[5944],"class_list":{"0":"post-107560","1":"post","2":"type-post","3":"status-publish","4":"format-standard","5":"has-post-thumbnail","7":"category-mediateca-mercado-union-europea","8":"category-repositorio-mediateca","9":"tag-how-to-apply-for-an-european-union-trade-mark-and-avoid-mistakes-in-the-process","10":"entry"},"acf":[],"yoast_head":"<!-- This site is optimized with the Yoast SEO plugin v27.5 - https:\/\/yoast.com\/product\/yoast-seo-wordpress\/ -->\n<title>How to apply for an European Union trade mark (and avoid mistakes in the process) | CDE Almer\u00eda - Centro de Documentaci\u00f3n Europea - Universidad de Almer\u00eda<\/title>\n<meta name=\"robots\" content=\"index, follow, max-snippet:-1, max-image-preview:large, max-video-preview:-1\" \/>\n<link rel=\"canonical\" href=\"https:\/\/www.cde.ual.es\/how-to-apply-for-an-european-union-trade-mark-and-avoid-mistakes-in-the-process\/\" \/>\n<meta property=\"og:locale\" content=\"en_US\" \/>\n<meta property=\"og:type\" content=\"article\" \/>\n<meta property=\"og:title\" content=\"How to apply for an European Union trade mark (and avoid mistakes in the process) | CDE Almer\u00eda - Centro de Documentaci\u00f3n Europea - Universidad de Almer\u00eda\" \/>\n<meta property=\"og:description\" content=\"T\u00edtulo: How to apply for an European Union trade mark (and avoid mistakes in the process) Autor: EUIPO Duraci\u00f3n: 03:43 Resumen: Your company\u2019s goods and\/or services can be effectively protected by EU trade marks, an intellectual property right valid throughout the EU. This video looks at the most common mistakes when applying for an EUTM, [&hellip;]\" \/>\n<meta property=\"og:url\" content=\"https:\/\/www.cde.ual.es\/how-to-apply-for-an-european-union-trade-mark-and-avoid-mistakes-in-the-process\/\" \/>\n<meta property=\"og:site_name\" content=\"CDE Almer\u00eda - Centro de Documentaci\u00f3n Europea - Universidad de Almer\u00eda\" \/>\n<meta property=\"article:publisher\" content=\"https:\/\/www.facebook.com\/cdeuniversidadalmeria\/\" \/>\n<meta property=\"article:published_time\" content=\"2022-05-20T11:28:59+00:00\" \/>\n<meta property=\"article:modified_time\" content=\"2022-05-23T11:13:59+00:00\" \/>\n<meta property=\"og:image\" content=\"https:\/\/www.cde.ual.es\/wp-content\/uploads\/2022\/05\/mediatec.png\" \/>\n\t<meta property=\"og:image:width\" content=\"1267\" \/>\n\t<meta property=\"og:image:height\" content=\"655\" \/>\n\t<meta property=\"og:image:type\" content=\"image\/png\" \/>\n<meta name=\"author\" content=\"BECA 2 CDE\" \/>\n<meta name=\"twitter:card\" content=\"summary_large_image\" \/>\n<meta name=\"twitter:creator\" content=\"@cdeualmeria\" \/>\n<meta name=\"twitter:site\" content=\"@cdeualmeria\" \/>\n<meta name=\"twitter:label1\" content=\"Written by\" \/>\n\t<meta name=\"twitter:data1\" content=\"BECA 2 CDE\" \/>\n\t<meta name=\"twitter:label2\" content=\"Est. reading time\" \/>\n\t<meta name=\"twitter:data2\" content=\"1 minute\" \/>\n<script type=\"application\/ld+json\" class=\"yoast-schema-graph\">{\"@context\":\"https:\\\/\\\/schema.org\",\"@graph\":[{\"@type\":\"Article\",\"@id\":\"https:\\\/\\\/www.cde.ual.es\\\/how-to-apply-for-an-european-union-trade-mark-and-avoid-mistakes-in-the-process\\\/#article\",\"isPartOf\":{\"@id\":\"https:\\\/\\\/www.cde.ual.es\\\/how-to-apply-for-an-european-union-trade-mark-and-avoid-mistakes-in-the-process\\\/\"},\"author\":{\"name\":\"BECA 2 CDE\",\"@id\":\"https:\\\/\\\/www.cde.ual.es\\\/#\\\/schema\\\/person\\\/ee46ebc19edfa19598c02cff83335acc\"},\"headline\":\"How to apply for an European Union trade mark (and avoid mistakes in the process)\",\"datePublished\":\"2022-05-20T11:28:59+00:00\",\"dateModified\":\"2022-05-23T11:13:59+00:00\",\"mainEntityOfPage\":{\"@id\":\"https:\\\/\\\/www.cde.ual.es\\\/how-to-apply-for-an-european-union-trade-mark-and-avoid-mistakes-in-the-process\\\/\"},\"wordCount\":87,\"commentCount\":0,\"publisher\":{\"@id\":\"https:\\\/\\\/www.cde.ual.es\\\/#organization\"},\"image\":{\"@id\":\"https:\\\/\\\/www.cde.ual.es\\\/how-to-apply-for-an-european-union-trade-mark-and-avoid-mistakes-in-the-process\\\/#primaryimage\"},\"thumbnailUrl\":\"https:\\\/\\\/www.cde.ual.es\\\/wp-content\\\/uploads\\\/2022\\\/05\\\/mediatec.png\",\"keywords\":[\"How to apply for an European Union trade mark (and avoid mistakes in the process)\"],\"articleSection\":[\"Mediateca - Mercado en la Uni\u00f3n Europea\",\"Repositorio Mediateca\"],\"inLanguage\":\"en-US\",\"potentialAction\":[{\"@type\":\"CommentAction\",\"name\":\"Comment\",\"target\":[\"https:\\\/\\\/www.cde.ual.es\\\/how-to-apply-for-an-european-union-trade-mark-and-avoid-mistakes-in-the-process\\\/#respond\"]}]},{\"@type\":\"WebPage\",\"@id\":\"https:\\\/\\\/www.cde.ual.es\\\/how-to-apply-for-an-european-union-trade-mark-and-avoid-mistakes-in-the-process\\\/\",\"url\":\"https:\\\/\\\/www.cde.ual.es\\\/how-to-apply-for-an-european-union-trade-mark-and-avoid-mistakes-in-the-process\\\/\",\"name\":\"How to apply for an European Union trade mark (and avoid mistakes in the process) | CDE Almer\u00eda - Centro de Documentaci\u00f3n Europea - Universidad de Almer\u00eda\",\"isPartOf\":{\"@id\":\"https:\\\/\\\/www.cde.ual.es\\\/#website\"},\"primaryImageOfPage\":{\"@id\":\"https:\\\/\\\/www.cde.ual.es\\\/how-to-apply-for-an-european-union-trade-mark-and-avoid-mistakes-in-the-process\\\/#primaryimage\"},\"image\":{\"@id\":\"https:\\\/\\\/www.cde.ual.es\\\/how-to-apply-for-an-european-union-trade-mark-and-avoid-mistakes-in-the-process\\\/#primaryimage\"},\"thumbnailUrl\":\"https:\\\/\\\/www.cde.ual.es\\\/wp-content\\\/uploads\\\/2022\\\/05\\\/mediatec.png\",\"datePublished\":\"2022-05-20T11:28:59+00:00\",\"dateModified\":\"2022-05-23T11:13:59+00:00\",\"breadcrumb\":{\"@id\":\"https:\\\/\\\/www.cde.ual.es\\\/how-to-apply-for-an-european-union-trade-mark-and-avoid-mistakes-in-the-process\\\/#breadcrumb\"},\"inLanguage\":\"en-US\",\"potentialAction\":[{\"@type\":\"ReadAction\",\"target\":[\"https:\\\/\\\/www.cde.ual.es\\\/how-to-apply-for-an-european-union-trade-mark-and-avoid-mistakes-in-the-process\\\/\"]}]},{\"@type\":\"ImageObject\",\"inLanguage\":\"en-US\",\"@id\":\"https:\\\/\\\/www.cde.ual.es\\\/how-to-apply-for-an-european-union-trade-mark-and-avoid-mistakes-in-the-process\\\/#primaryimage\",\"url\":\"https:\\\/\\\/www.cde.ual.es\\\/wp-content\\\/uploads\\\/2022\\\/05\\\/mediatec.png\",\"contentUrl\":\"https:\\\/\\\/www.cde.ual.es\\\/wp-content\\\/uploads\\\/2022\\\/05\\\/mediatec.png\",\"width\":1267,\"height\":655},{\"@type\":\"BreadcrumbList\",\"@id\":\"https:\\\/\\\/www.cde.ual.es\\\/how-to-apply-for-an-european-union-trade-mark-and-avoid-mistakes-in-the-process\\\/#breadcrumb\",\"itemListElement\":[{\"@type\":\"ListItem\",\"position\":1,\"name\":\"Inicio\",\"item\":\"https:\\\/\\\/www.cde.ual.es\\\/en\\\/\"},{\"@type\":\"ListItem\",\"position\":2,\"name\":\"Repositorio Mediateca\",\"item\":\"https:\\\/\\\/www.cde.ual.es\\\/category\\\/repositorio-mediateca\\\/\"},{\"@type\":\"ListItem\",\"position\":3,\"name\":\"Mediateca - Mercado en la Uni\u00f3n Europea\",\"item\":\"https:\\\/\\\/www.cde.ual.es\\\/category\\\/repositorio-mediateca\\\/mediateca-mercado-union-europea\\\/\"},{\"@type\":\"ListItem\",\"position\":4,\"name\":\"How to apply for an European Union trade mark (and avoid mistakes in the process)\"}]},{\"@type\":\"WebSite\",\"@id\":\"https:\\\/\\\/www.cde.ual.es\\\/#website\",\"url\":\"https:\\\/\\\/www.cde.ual.es\\\/\",\"name\":\"CDE Almer\u00eda - Centro de Documentaci\u00f3n Europea - Universidad de Almer\u00eda\",\"description\":\"Centro de Documentaci\u00f3n Europea de la Universidad de Almer\u00eda\",\"publisher\":{\"@id\":\"https:\\\/\\\/www.cde.ual.es\\\/#organization\"},\"alternateName\":\"CDE Almer\u00eda\",\"potentialAction\":[{\"@type\":\"SearchAction\",\"target\":{\"@type\":\"EntryPoint\",\"urlTemplate\":\"https:\\\/\\\/www.cde.ual.es\\\/?s={search_term_string}\"},\"query-input\":{\"@type\":\"PropertyValueSpecification\",\"valueRequired\":true,\"valueName\":\"search_term_string\"}}],\"inLanguage\":\"en-US\"},{\"@type\":\"Organization\",\"@id\":\"https:\\\/\\\/www.cde.ual.es\\\/#organization\",\"name\":\"Centro de Documentaci\u00f3n Europea de Almer\u00eda\",\"url\":\"https:\\\/\\\/www.cde.ual.es\\\/\",\"logo\":{\"@type\":\"ImageObject\",\"inLanguage\":\"en-US\",\"@id\":\"https:\\\/\\\/www.cde.ual.es\\\/#\\\/schema\\\/logo\\\/image\\\/\",\"url\":\"https:\\\/\\\/www.cde.ual.es\\\/wp-content\\\/uploads\\\/2025\\\/07\\\/cde-logo-3.png\",\"contentUrl\":\"https:\\\/\\\/www.cde.ual.es\\\/wp-content\\\/uploads\\\/2025\\\/07\\\/cde-logo-3.png\",\"width\":1400,\"height\":300,\"caption\":\"Centro de Documentaci\u00f3n Europea de Almer\u00eda\"},\"image\":{\"@id\":\"https:\\\/\\\/www.cde.ual.es\\\/#\\\/schema\\\/logo\\\/image\\\/\"},\"sameAs\":[\"https:\\\/\\\/www.facebook.com\\\/cdeuniversidadalmeria\\\/\",\"https:\\\/\\\/x.com\\\/cdeualmeria\",\"https:\\\/\\\/www.tiktok.com\\\/@cdealmeria\",\"https:\\\/\\\/www.instagram.com\\\/cdealmeria\\\/\",\"https:\\\/\\\/www.linkedin.com\\\/in\\\/cde-almera-812b26a9\\\/\"]},{\"@type\":\"Person\",\"@id\":\"https:\\\/\\\/www.cde.ual.es\\\/#\\\/schema\\\/person\\\/ee46ebc19edfa19598c02cff83335acc\",\"name\":\"BECA 2 CDE\",\"image\":{\"@type\":\"ImageObject\",\"inLanguage\":\"en-US\",\"@id\":\"https:\\\/\\\/secure.gravatar.com\\\/avatar\\\/35a481bbc04bbd90e91bdfa3b0b5541036c222a49b9ad37b6889a2afcb5311a5?s=96&d=mm&r=g\",\"url\":\"https:\\\/\\\/secure.gravatar.com\\\/avatar\\\/35a481bbc04bbd90e91bdfa3b0b5541036c222a49b9ad37b6889a2afcb5311a5?s=96&d=mm&r=g\",\"contentUrl\":\"https:\\\/\\\/secure.gravatar.com\\\/avatar\\\/35a481bbc04bbd90e91bdfa3b0b5541036c222a49b9ad37b6889a2afcb5311a5?s=96&d=mm&r=g\",\"caption\":\"BECA 2 CDE\"},\"sameAs\":[\"http:\\\/\\\/www.cdealmeria.com\"]}]}<\/script>\n<!-- \/ Yoast SEO plugin. -->","yoast_head_json":{"title":"How to apply for an European Union trade mark (and avoid mistakes in the process) | CDE Almer\u00eda - Centro de Documentaci\u00f3n Europea - Universidad de Almer\u00eda","robots":{"index":"index","follow":"follow","max-snippet":"max-snippet:-1","max-image-preview":"max-image-preview:large","max-video-preview":"max-video-preview:-1"},"canonical":"https:\/\/www.cde.ual.es\/how-to-apply-for-an-european-union-trade-mark-and-avoid-mistakes-in-the-process\/","og_locale":"en_US","og_type":"article","og_title":"How to apply for an European Union trade mark (and avoid mistakes in the process) | CDE Almer\u00eda - Centro de Documentaci\u00f3n Europea - Universidad de Almer\u00eda","og_description":"T\u00edtulo: How to apply for an European Union trade mark (and avoid mistakes in the process) Autor: EUIPO Duraci\u00f3n: 03:43 Resumen: Your company\u2019s goods and\/or services can be effectively protected by EU trade marks, an intellectual property right valid throughout the EU. This video looks at the most common mistakes when applying for an EUTM, [&hellip;]","og_url":"https:\/\/www.cde.ual.es\/how-to-apply-for-an-european-union-trade-mark-and-avoid-mistakes-in-the-process\/","og_site_name":"CDE Almer\u00eda - Centro de Documentaci\u00f3n Europea - Universidad de Almer\u00eda","article_publisher":"https:\/\/www.facebook.com\/cdeuniversidadalmeria\/","article_published_time":"2022-05-20T11:28:59+00:00","article_modified_time":"2022-05-23T11:13:59+00:00","og_image":[{"width":1267,"height":655,"url":"https:\/\/www.cde.ual.es\/wp-content\/uploads\/2022\/05\/mediatec.png","type":"image\/png"}],"author":"BECA 2 CDE","twitter_card":"summary_large_image","twitter_creator":"@cdeualmeria","twitter_site":"@cdeualmeria","twitter_misc":{"Written by":"BECA 2 CDE","Est. reading time":"1 minute"},"schema":{"@context":"https:\/\/schema.org","@graph":[{"@type":"Article","@id":"https:\/\/www.cde.ual.es\/how-to-apply-for-an-european-union-trade-mark-and-avoid-mistakes-in-the-process\/#article","isPartOf":{"@id":"https:\/\/www.cde.ual.es\/how-to-apply-for-an-european-union-trade-mark-and-avoid-mistakes-in-the-process\/"},"author":{"name":"BECA 2 CDE","@id":"https:\/\/www.cde.ual.es\/#\/schema\/person\/ee46ebc19edfa19598c02cff83335acc"},"headline":"How to apply for an European Union trade mark (and avoid mistakes in the process)","datePublished":"2022-05-20T11:28:59+00:00","dateModified":"2022-05-23T11:13:59+00:00","mainEntityOfPage":{"@id":"https:\/\/www.cde.ual.es\/how-to-apply-for-an-european-union-trade-mark-and-avoid-mistakes-in-the-process\/"},"wordCount":87,"commentCount":0,"publisher":{"@id":"https:\/\/www.cde.ual.es\/#organization"},"image":{"@id":"https:\/\/www.cde.ual.es\/how-to-apply-for-an-european-union-trade-mark-and-avoid-mistakes-in-the-process\/#primaryimage"},"thumbnailUrl":"https:\/\/www.cde.ual.es\/wp-content\/uploads\/2022\/05\/mediatec.png","keywords":["How to apply for an European Union trade mark (and avoid mistakes in the process)"],"articleSection":["Mediateca - Mercado en la Uni\u00f3n Europea","Repositorio Mediateca"],"inLanguage":"en-US","potentialAction":[{"@type":"CommentAction","name":"Comment","target":["https:\/\/www.cde.ual.es\/how-to-apply-for-an-european-union-trade-mark-and-avoid-mistakes-in-the-process\/#respond"]}]},{"@type":"WebPage","@id":"https:\/\/www.cde.ual.es\/how-to-apply-for-an-european-union-trade-mark-and-avoid-mistakes-in-the-process\/","url":"https:\/\/www.cde.ual.es\/how-to-apply-for-an-european-union-trade-mark-and-avoid-mistakes-in-the-process\/","name":"How to apply for an European Union trade mark (and avoid mistakes in the process) | CDE Almer\u00eda - Centro de Documentaci\u00f3n Europea - Universidad de Almer\u00eda","isPartOf":{"@id":"https:\/\/www.cde.ual.es\/#website"},"primaryImageOfPage":{"@id":"https:\/\/www.cde.ual.es\/how-to-apply-for-an-european-union-trade-mark-and-avoid-mistakes-in-the-process\/#primaryimage"},"image":{"@id":"https:\/\/www.cde.ual.es\/how-to-apply-for-an-european-union-trade-mark-and-avoid-mistakes-in-the-process\/#primaryimage"},"thumbnailUrl":"https:\/\/www.cde.ual.es\/wp-content\/uploads\/2022\/05\/mediatec.png","datePublished":"2022-05-20T11:28:59+00:00","dateModified":"2022-05-23T11:13:59+00:00","breadcrumb":{"@id":"https:\/\/www.cde.ual.es\/how-to-apply-for-an-european-union-trade-mark-and-avoid-mistakes-in-the-process\/#breadcrumb"},"inLanguage":"en-US","potentialAction":[{"@type":"ReadAction","target":["https:\/\/www.cde.ual.es\/how-to-apply-for-an-european-union-trade-mark-and-avoid-mistakes-in-the-process\/"]}]},{"@type":"ImageObject","inLanguage":"en-US","@id":"https:\/\/www.cde.ual.es\/how-to-apply-for-an-european-union-trade-mark-and-avoid-mistakes-in-the-process\/#primaryimage","url":"https:\/\/www.cde.ual.es\/wp-content\/uploads\/2022\/05\/mediatec.png","contentUrl":"https:\/\/www.cde.ual.es\/wp-content\/uploads\/2022\/05\/mediatec.png","width":1267,"height":655},{"@type":"BreadcrumbList","@id":"https:\/\/www.cde.ual.es\/how-to-apply-for-an-european-union-trade-mark-and-avoid-mistakes-in-the-process\/#breadcrumb","itemListElement":[{"@type":"ListItem","position":1,"name":"Inicio","item":"https:\/\/www.cde.ual.es\/en\/"},{"@type":"ListItem","position":2,"name":"Repositorio Mediateca","item":"https:\/\/www.cde.ual.es\/category\/repositorio-mediateca\/"},{"@type":"ListItem","position":3,"name":"Mediateca - Mercado en la Uni\u00f3n Europea","item":"https:\/\/www.cde.ual.es\/category\/repositorio-mediateca\/mediateca-mercado-union-europea\/"},{"@type":"ListItem","position":4,"name":"How to apply for an European Union trade mark (and avoid mistakes in the process)"}]},{"@type":"WebSite","@id":"https:\/\/www.cde.ual.es\/#website","url":"https:\/\/www.cde.ual.es\/","name":"CDE Almer\u00eda - Centro de Documentaci\u00f3n Europea - Universidad de Almer\u00eda","description":"Centro de Documentaci\u00f3n Europea de la Universidad de Almer\u00eda","publisher":{"@id":"https:\/\/www.cde.ual.es\/#organization"},"alternateName":"CDE Almer\u00eda","potentialAction":[{"@type":"SearchAction","target":{"@type":"EntryPoint","urlTemplate":"https:\/\/www.cde.ual.es\/?s={search_term_string}"},"query-input":{"@type":"PropertyValueSpecification","valueRequired":true,"valueName":"search_term_string"}}],"inLanguage":"en-US"},{"@type":"Organization","@id":"https:\/\/www.cde.ual.es\/#organization","name":"Centro de Documentaci\u00f3n Europea de Almer\u00eda","url":"https:\/\/www.cde.ual.es\/","logo":{"@type":"ImageObject","inLanguage":"en-US","@id":"https:\/\/www.cde.ual.es\/#\/schema\/logo\/image\/","url":"https:\/\/www.cde.ual.es\/wp-content\/uploads\/2025\/07\/cde-logo-3.png","contentUrl":"https:\/\/www.cde.ual.es\/wp-content\/uploads\/2025\/07\/cde-logo-3.png","width":1400,"height":300,"caption":"Centro de Documentaci\u00f3n Europea de Almer\u00eda"},"image":{"@id":"https:\/\/www.cde.ual.es\/#\/schema\/logo\/image\/"},"sameAs":["https:\/\/www.facebook.com\/cdeuniversidadalmeria\/","https:\/\/x.com\/cdeualmeria","https:\/\/www.tiktok.com\/@cdealmeria","https:\/\/www.instagram.com\/cdealmeria\/","https:\/\/www.linkedin.com\/in\/cde-almera-812b26a9\/"]},{"@type":"Person","@id":"https:\/\/www.cde.ual.es\/#\/schema\/person\/ee46ebc19edfa19598c02cff83335acc","name":"BECA 2 CDE","image":{"@type":"ImageObject","inLanguage":"en-US","@id":"https:\/\/secure.gravatar.com\/avatar\/35a481bbc04bbd90e91bdfa3b0b5541036c222a49b9ad37b6889a2afcb5311a5?s=96&d=mm&r=g","url":"https:\/\/secure.gravatar.com\/avatar\/35a481bbc04bbd90e91bdfa3b0b5541036c222a49b9ad37b6889a2afcb5311a5?s=96&d=mm&r=g","contentUrl":"https:\/\/secure.gravatar.com\/avatar\/35a481bbc04bbd90e91bdfa3b0b5541036c222a49b9ad37b6889a2afcb5311a5?s=96&d=mm&r=g","caption":"BECA 2 CDE"},"sameAs":["http:\/\/www.cdealmeria.com"]}]}},"_links":{"self":[{"href":"https:\/\/www.cde.ual.es\/en\/wp-json\/wp\/v2\/posts\/107560","targetHints":{"allow":["GET"]}}],"collection":[{"href":"https:\/\/www.cde.ual.es\/en\/wp-json\/wp\/v2\/posts"}],"about":[{"href":"https:\/\/www.cde.ual.es\/en\/wp-json\/wp\/v2\/types\/post"}],"author":[{"embeddable":true,"href":"https:\/\/www.cde.ual.es\/en\/wp-json\/wp\/v2\/users\/101011"}],"replies":[{"embeddable":true,"href":"https:\/\/www.cde.ual.es\/en\/wp-json\/wp\/v2\/comments?post=107560"}],"version-history":[{"count":0,"href":"https:\/\/www.cde.ual.es\/en\/wp-json\/wp\/v2\/posts\/107560\/revisions"}],"wp:featuredmedia":[{"embeddable":true,"href":"https:\/\/www.cde.ual.es\/en\/wp-json\/wp\/v2\/media\/107562"}],"wp:attachment":[{"href":"https:\/\/www.cde.ual.es\/en\/wp-json\/wp\/v2\/media?parent=107560"}],"wp:term":[{"taxonomy":"category","embeddable":true,"href":"https:\/\/www.cde.ual.es\/en\/wp-json\/wp\/v2\/categories?post=107560"},{"taxonomy":"post_tag","embeddable":true,"href":"https:\/\/www.cde.ual.es\/en\/wp-json\/wp\/v2\/tags?post=107560"}],"curies":[{"name":"wp","href":"https:\/\/api.w.org\/{rel}","templated":true}]}}