{"id":107387,"date":"2022-05-19T11:03:19","date_gmt":"2022-05-19T09:03:19","guid":{"rendered":"https:\/\/www.cde.ual.es\/?p=107387"},"modified":"2022-05-19T11:03:19","modified_gmt":"2022-05-19T09:03:19","slug":"ukraines-financing-gap-and-longer-term-reconstruction","status":"publish","type":"post","link":"https:\/\/www.cde.ual.es\/en\/ukraines-financing-gap-and-longer-term-reconstruction\/","title":{"rendered":"Ukraine&#8217;s financing gap and longer-term reconstruction"},"content":{"rendered":"<p><strong>The Commission has set out plans in a Communication for the EU&#8217;s immediate response to address Ukraine&#8217;s financing gap, as well as the longer-term reconstruction framework. This Communication follows from the European Council call to address the consequences of the war in Ukraine via a dedicated Europe-led effort.<\/strong><\/p>\n<p><a href=\"https:\/\/www.cde.ual.es\/wp-content\/uploads\/2022\/05\/reconstruccion-ucrania-scaled.jpg\"><img decoding=\"async\" class=\"aligncenter wp-image-107379\" src=\"https:\/\/www.cde.ual.es\/wp-content\/uploads\/2022\/05\/reconstruccion-ucrania-scaled.jpg\" alt=\"\" width=\"532\" height=\"355\" srcset=\"https:\/\/www.cde.ual.es\/wp-content\/uploads\/2022\/05\/reconstruccion-ucrania-scaled.jpg 2560w, https:\/\/www.cde.ual.es\/wp-content\/uploads\/2022\/05\/reconstruccion-ucrania-300x200.jpg 300w, https:\/\/www.cde.ual.es\/wp-content\/uploads\/2022\/05\/reconstruccion-ucrania-1024x683.jpg 1024w, https:\/\/www.cde.ual.es\/wp-content\/uploads\/2022\/05\/reconstruccion-ucrania-768x512.jpg 768w, https:\/\/www.cde.ual.es\/wp-content\/uploads\/2022\/05\/reconstruccion-ucrania-1536x1024.jpg 1536w, https:\/\/www.cde.ual.es\/wp-content\/uploads\/2022\/05\/reconstruccion-ucrania-2048x1365.jpg 2048w\" sizes=\"(max-width: 532px) 100vw, 532px\" \/><\/a><\/p>\n<p><strong>Immediate response and short terms needs<\/strong><\/p>\n<p>Since the Russian aggression started, the EU has significantly stepped up its support, mobilising around\u00a0\u20ac4.1 billion to support Ukraine&#8217;s overall economic, social and financial resilience in the form of macro-financial assistance, budget support, emergency assistance, crisis response and humanitarian aid. Military assistance measures have also been provided under the European Peace Facility, amounting to\u00a0\u20ac1.5 billion, that will be used to reimburse Member States for their in-kind military support to Ukraine and the mobilisation of an additional\u00a0\u20ac500 million is under way.<\/p>\n<p>The war resulted in a collapse of tax, export and other revenues, compounded by large scale illegal appropriation of assets and export goods including in the agricultural sector, while essential expenditure skyrocketed. The International Monetary Fund has estimated Ukraine&#8217;s balance of payments gap until June at roughly\u00a0\u20ac14.3 billion ($15 billion).<\/p>\n<p>Addressing Ukraine&#8217;s significant short-term financial support to sustain basic services, address humanitarian needs and fix the most essential destroyed infrastructure will require a joint international effort, in which the Union will be ready to play its part.<\/p>\n<p>The Commission therefore envisages to propose granting Ukraine in 2022<strong>\u00a0<\/strong>additional macro-financial assistance in the form of loans of up to\u00a0\u20ac9 billion, to be complemented by support from other bilateral and multilateral international partners, including the G7. This would be paid in tranches with long maturities and concessional interest rates thanks to the guarantee from the Union budget. To make this possible, Member States should agree on making available additional guarantees. Together with grant support from the EU budget for subsidising the related interest payments, this will ensure well-coordinated and highly concessionary support to Ukraine.<\/p>\n<table style=\"width: 99.9988%; border-collapse: collapse; border-style: double; border-color: #001f7d;\" cellpadding=\"0,5\">\n<tbody>\n<tr>\n<td style=\"width: 100%;\"><a href=\"https:\/\/www.cde.ual.es\/en\/commission-to-establish-solidarity-lanes-to-help-ukraine-export-agricultural-goods\/\" rel=\"noopener\"><img decoding=\"async\" class=\"alignleft\" src=\"https:\/\/www.cde.ual.es\/wp-content\/uploads\/2022\/05\/ucrania-agricultura.jpg\" alt=\"\" width=\"148\" height=\"148\" \/><\/a><\/p>\n<h4 class=\"entry-title\"><a href=\"https:\/\/www.cde.ual.es\/en\/commission-to-establish-solidarity-lanes-to-help-ukraine-export-agricultural-goods\/\" rel=\"noopener\">Commission to establish Solidarity Lanes to help Ukraine export agricultural goods<\/a><\/h4>\n<p>&nbsp;<\/p>\n<p>&nbsp;<\/p>\n<p>&nbsp;<\/td>\n<\/tr>\n<\/tbody>\n<\/table>\n<p>&nbsp;<\/p>\n<p><strong>Reconstruction of Ukraine<\/strong><\/p>\n<p>A major global financial effort will be required to rebuild the country after the war damage, to create the foundations of a free and prosperous country, anchored in European values, well integrated into the European and global economy, and to support it on its European path. While Russia&#8217;s aggression continues, the overall needs for the reconstruction of Ukraine are not yet known. Nevertheless, it is important to design the main building blocks of this international effort already now. Support will have to have a medium to long-term horizon.<\/p>\n<p>The reconstruction effort should be led by the Ukrainian authorities in close partnership with the European Union and other key partners, such as G7 and G20 partners, and other third countries, as well as international financial institutions and international organisations. Partnerships between cities and regions in the European Union and those in Ukraine will enrich and accelerate reconstruction.<\/p>\n<p>An international coordination platform, the \u2018Ukraine reconstruction platform&#8217;<strong>,<\/strong>\u00a0co-led by the Commission representing the European Union and by the Ukrainian government, would work as an overarching strategic governance body, responsible for endorsing a reconstruction plan, drawn up and implemented by Ukraine, with administrative capacity support and technical assistance by the EU. It would bring together the supporting partners and organisations, including EU Member States, other bilateral and multilateral partners and international financial institutions. The Ukrainian Parliament and the European Parliament would participate as observers.<\/p>\n<p>&nbsp;<\/p>\n<table style=\"width: 99.9988%; border-collapse: collapse; border-style: double; border-color: #001f7d;\" cellpadding=\"0,5\">\n<tbody>\n<tr>\n<td style=\"width: 100%;\"><a href=\"https:\/\/www.cde.ual.es\/en\/ukraines-reconstruction-the-messages-of-ursuala-von-der-leyen-and-charles-michel\/\" target=\"_blank\" rel=\"noopener\"><img decoding=\"async\" class=\"alignleft\" src=\"https:\/\/www.cde.ual.es\/wp-content\/uploads\/2022\/04\/ucrania-banderas-1024x683.jpg\" alt=\"\" width=\"148\" height=\"148\" \/><\/a><\/p>\n<h4 class=\"entry-title\"><a href=\"https:\/\/www.cde.ual.es\/en\/ukraines-reconstruction-the-messages-of-ursuala-von-der-leyen-and-charles-michel\/\" target=\"_blank\" rel=\"noopener\">Ukraine\u2019s reconstruction: the messages of Ursula von der Leyen and Charles Michel<br \/>\n<\/a><\/h4>\n<p>&nbsp;<\/p>\n<p>&nbsp;<\/p>\n<p>&nbsp;<\/td>\n<\/tr>\n<\/tbody>\n<\/table>\n<h3><\/h3>\n<p>The \u2018<strong>RebuildUkraine<\/strong>&#8216; reconstruction plan<strong>\u00a0<\/strong>endorsed by the platform, based on a needs assessment, would become the basis for the European Union and the other partners to determine the priority areas selected for financing and the specific projects. The platform would coordinate the financing sources and their destination to optimise their use, as well as monitor progress in the implementation of the plan.<\/p>\n<p><strong>More information: <a href=\"https:\/\/ec.europa.eu\/commission\/presscorner\/detail\/en\/ip_22_3121\" target=\"_blank\" rel=\"noopener\">European Commission &#8211; Press release<\/a><\/strong><\/p>\n","protected":false},"excerpt":{"rendered":"<p>The Commission has set out plans in a Communication for the EU&#8217;s immediate response to address Ukraine&#8217;s financing gap, as well as the longer-term reconstruction framework. This Communication follows from the European Council call to address the consequences of the war in Ukraine via a dedicated Europe-led effort. Immediate response and short terms needs Since [&hellip;]<\/p>\n","protected":false},"author":101011,"featured_media":107380,"comment_status":"open","ping_status":"open","sticky":false,"template":"","format":"standard","meta":{"_acf_changed":false,"_relevanssi_hide_post":"","_relevanssi_hide_content":"","_relevanssi_pin_for_all":"","_relevanssi_pin_keywords":"","_relevanssi_unpin_keywords":"","_relevanssi_related_keywords":"","_relevanssi_related_include_ids":"","_relevanssi_related_exclude_ids":"","_relevanssi_related_no_append":"","_relevanssi_related_not_related":"","_relevanssi_related_posts":"","_relevanssi_noindex_reason":"","_monsterinsights_skip_tracking":false,"_monsterinsights_sitenote_active":false,"_monsterinsights_sitenote_note":"","_monsterinsights_sitenote_category":0,"_genesis_hide_title":false,"_genesis_hide_breadcrumbs":false,"_genesis_hide_singular_image":false,"_genesis_hide_footer_widgets":false,"_genesis_custom_body_class":"","_genesis_custom_post_class":"","_genesis_layout":"","footnotes":""},"categories":[4075,346,4078],"tags":[779,5901,2853,5005,3368],"class_list":{"0":"post-107387","1":"post","2":"type-post","3":"status-publish","4":"format-standard","5":"has-post-thumbnail","7":"category-defence-security","8":"category-eu-news","9":"category-internat-safety-pol","10":"tag-eu-en","11":"tag-reconstruction","12":"tag-russia","13":"tag-ukraine","14":"tag-war","15":"entry"},"acf":[],"yoast_head":"<!-- This site is optimized with the Yoast SEO plugin v27.4 - https:\/\/yoast.com\/product\/yoast-seo-wordpress\/ -->\n<title>Ukraine&#039;s financing gap and longer-term reconstruction | CDE Almer\u00eda - Centro de Documentaci\u00f3n Europea - Universidad de Almer\u00eda<\/title>\n<meta name=\"robots\" content=\"index, follow, max-snippet:-1, max-image-preview:large, max-video-preview:-1\" \/>\n<link rel=\"canonical\" href=\"https:\/\/www.cde.ual.es\/en\/ukraines-financing-gap-and-longer-term-reconstruction\/\" \/>\n<meta property=\"og:locale\" content=\"en_US\" \/>\n<meta property=\"og:type\" content=\"article\" \/>\n<meta property=\"og:title\" content=\"Ukraine&#039;s financing gap and longer-term reconstruction | CDE Almer\u00eda - Centro de Documentaci\u00f3n Europea - Universidad de Almer\u00eda\" \/>\n<meta property=\"og:description\" content=\"The Commission has set out plans in a Communication for the EU&#8217;s immediate response to address Ukraine&#8217;s financing gap, as well as the longer-term reconstruction framework. This Communication follows from the European Council call to address the consequences of the war in Ukraine via a dedicated Europe-led effort. Immediate response and short terms needs Since [&hellip;]\" \/>\n<meta property=\"og:url\" content=\"https:\/\/www.cde.ual.es\/en\/ukraines-financing-gap-and-longer-term-reconstruction\/\" \/>\n<meta property=\"og:site_name\" content=\"CDE Almer\u00eda - Centro de Documentaci\u00f3n Europea - Universidad de Almer\u00eda\" \/>\n<meta property=\"article:publisher\" content=\"https:\/\/www.facebook.com\/cdeuniversidadalmeria\/\" \/>\n<meta property=\"article:published_time\" content=\"2022-05-19T09:03:19+00:00\" \/>\n<meta property=\"og:image\" content=\"https:\/\/www.cde.ual.es\/wp-content\/uploads\/2022\/05\/reconstruccion-ucrania-scaled.jpg\" \/>\n\t<meta property=\"og:image:width\" content=\"2560\" \/>\n\t<meta property=\"og:image:height\" content=\"1707\" \/>\n\t<meta property=\"og:image:type\" content=\"image\/jpeg\" \/>\n<meta name=\"author\" content=\"BECA 2 CDE\" \/>\n<meta name=\"twitter:card\" content=\"summary_large_image\" \/>\n<meta name=\"twitter:creator\" content=\"@cdeualmeria\" \/>\n<meta name=\"twitter:site\" content=\"@cdeualmeria\" \/>\n<meta name=\"twitter:label1\" content=\"Written by\" \/>\n\t<meta name=\"twitter:data1\" content=\"BECA 2 CDE\" \/>\n\t<meta name=\"twitter:label2\" content=\"Est. reading time\" \/>\n\t<meta name=\"twitter:data2\" content=\"3 minutes\" \/>\n<script type=\"application\/ld+json\" class=\"yoast-schema-graph\">{\"@context\":\"https:\\\/\\\/schema.org\",\"@graph\":[{\"@type\":\"Article\",\"@id\":\"https:\\\/\\\/www.cde.ual.es\\\/en\\\/ukraines-financing-gap-and-longer-term-reconstruction\\\/#article\",\"isPartOf\":{\"@id\":\"https:\\\/\\\/www.cde.ual.es\\\/en\\\/ukraines-financing-gap-and-longer-term-reconstruction\\\/\"},\"author\":{\"name\":\"BECA 2 CDE\",\"@id\":\"https:\\\/\\\/www.cde.ual.es\\\/#\\\/schema\\\/person\\\/ee46ebc19edfa19598c02cff83335acc\"},\"headline\":\"Ukraine&#8217;s financing gap and longer-term reconstruction\",\"datePublished\":\"2022-05-19T09:03:19+00:00\",\"mainEntityOfPage\":{\"@id\":\"https:\\\/\\\/www.cde.ual.es\\\/en\\\/ukraines-financing-gap-and-longer-term-reconstruction\\\/\"},\"wordCount\":661,\"commentCount\":0,\"publisher\":{\"@id\":\"https:\\\/\\\/www.cde.ual.es\\\/#organization\"},\"image\":{\"@id\":\"https:\\\/\\\/www.cde.ual.es\\\/en\\\/ukraines-financing-gap-and-longer-term-reconstruction\\\/#primaryimage\"},\"thumbnailUrl\":\"https:\\\/\\\/www.cde.ual.es\\\/wp-content\\\/uploads\\\/2022\\\/05\\\/reconstruccion-ucrania-scaled.jpg\",\"keywords\":[\"EU\",\"reconstruction\",\"russia\",\"ukraine\",\"war\"],\"articleSection\":[\"Defence &amp; Security\",\"EU News\",\"International Safety and Defence Politics\"],\"inLanguage\":\"en-US\",\"potentialAction\":[{\"@type\":\"CommentAction\",\"name\":\"Comment\",\"target\":[\"https:\\\/\\\/www.cde.ual.es\\\/en\\\/ukraines-financing-gap-and-longer-term-reconstruction\\\/#respond\"]}]},{\"@type\":\"WebPage\",\"@id\":\"https:\\\/\\\/www.cde.ual.es\\\/en\\\/ukraines-financing-gap-and-longer-term-reconstruction\\\/\",\"url\":\"https:\\\/\\\/www.cde.ual.es\\\/en\\\/ukraines-financing-gap-and-longer-term-reconstruction\\\/\",\"name\":\"Ukraine's financing gap and longer-term reconstruction | CDE Almer\u00eda - Centro de Documentaci\u00f3n Europea - Universidad de Almer\u00eda\",\"isPartOf\":{\"@id\":\"https:\\\/\\\/www.cde.ual.es\\\/#website\"},\"primaryImageOfPage\":{\"@id\":\"https:\\\/\\\/www.cde.ual.es\\\/en\\\/ukraines-financing-gap-and-longer-term-reconstruction\\\/#primaryimage\"},\"image\":{\"@id\":\"https:\\\/\\\/www.cde.ual.es\\\/en\\\/ukraines-financing-gap-and-longer-term-reconstruction\\\/#primaryimage\"},\"thumbnailUrl\":\"https:\\\/\\\/www.cde.ual.es\\\/wp-content\\\/uploads\\\/2022\\\/05\\\/reconstruccion-ucrania-scaled.jpg\",\"datePublished\":\"2022-05-19T09:03:19+00:00\",\"breadcrumb\":{\"@id\":\"https:\\\/\\\/www.cde.ual.es\\\/en\\\/ukraines-financing-gap-and-longer-term-reconstruction\\\/#breadcrumb\"},\"inLanguage\":\"en-US\",\"potentialAction\":[{\"@type\":\"ReadAction\",\"target\":[\"https:\\\/\\\/www.cde.ual.es\\\/en\\\/ukraines-financing-gap-and-longer-term-reconstruction\\\/\"]}]},{\"@type\":\"ImageObject\",\"inLanguage\":\"en-US\",\"@id\":\"https:\\\/\\\/www.cde.ual.es\\\/en\\\/ukraines-financing-gap-and-longer-term-reconstruction\\\/#primaryimage\",\"url\":\"https:\\\/\\\/www.cde.ual.es\\\/wp-content\\\/uploads\\\/2022\\\/05\\\/reconstruccion-ucrania-scaled.jpg\",\"contentUrl\":\"https:\\\/\\\/www.cde.ual.es\\\/wp-content\\\/uploads\\\/2022\\\/05\\\/reconstruccion-ucrania-scaled.jpg\",\"width\":2560,\"height\":1707},{\"@type\":\"BreadcrumbList\",\"@id\":\"https:\\\/\\\/www.cde.ual.es\\\/en\\\/ukraines-financing-gap-and-longer-term-reconstruction\\\/#breadcrumb\",\"itemListElement\":[{\"@type\":\"ListItem\",\"position\":1,\"name\":\"Inicio\",\"item\":\"https:\\\/\\\/www.cde.ual.es\\\/en\\\/\"},{\"@type\":\"ListItem\",\"position\":2,\"name\":\"EU News\",\"item\":\"https:\\\/\\\/www.cde.ual.es\\\/en\\\/category\\\/eu-news\\\/\"},{\"@type\":\"ListItem\",\"position\":3,\"name\":\"Defence &amp; Security\",\"item\":\"https:\\\/\\\/www.cde.ual.es\\\/en\\\/category\\\/eu-news\\\/defence-security\\\/\"},{\"@type\":\"ListItem\",\"position\":4,\"name\":\"International Safety and Defence Politics\",\"item\":\"https:\\\/\\\/www.cde.ual.es\\\/en\\\/category\\\/eu-news\\\/defence-security\\\/internat-safety-pol\\\/\"},{\"@type\":\"ListItem\",\"position\":5,\"name\":\"Ukraine&#8217;s financing gap and longer-term reconstruction\"}]},{\"@type\":\"WebSite\",\"@id\":\"https:\\\/\\\/www.cde.ual.es\\\/#website\",\"url\":\"https:\\\/\\\/www.cde.ual.es\\\/\",\"name\":\"CDE Almer\u00eda - Centro de Documentaci\u00f3n Europea - Universidad de Almer\u00eda\",\"description\":\"Centro de Documentaci\u00f3n Europea de la Universidad de Almer\u00eda\",\"publisher\":{\"@id\":\"https:\\\/\\\/www.cde.ual.es\\\/#organization\"},\"alternateName\":\"CDE Almer\u00eda\",\"potentialAction\":[{\"@type\":\"SearchAction\",\"target\":{\"@type\":\"EntryPoint\",\"urlTemplate\":\"https:\\\/\\\/www.cde.ual.es\\\/?s={search_term_string}\"},\"query-input\":{\"@type\":\"PropertyValueSpecification\",\"valueRequired\":true,\"valueName\":\"search_term_string\"}}],\"inLanguage\":\"en-US\"},{\"@type\":\"Organization\",\"@id\":\"https:\\\/\\\/www.cde.ual.es\\\/#organization\",\"name\":\"Centro de Documentaci\u00f3n Europea de Almer\u00eda\",\"url\":\"https:\\\/\\\/www.cde.ual.es\\\/\",\"logo\":{\"@type\":\"ImageObject\",\"inLanguage\":\"en-US\",\"@id\":\"https:\\\/\\\/www.cde.ual.es\\\/#\\\/schema\\\/logo\\\/image\\\/\",\"url\":\"https:\\\/\\\/www.cde.ual.es\\\/wp-content\\\/uploads\\\/2025\\\/07\\\/cde-logo-3.png\",\"contentUrl\":\"https:\\\/\\\/www.cde.ual.es\\\/wp-content\\\/uploads\\\/2025\\\/07\\\/cde-logo-3.png\",\"width\":1400,\"height\":300,\"caption\":\"Centro de Documentaci\u00f3n Europea de Almer\u00eda\"},\"image\":{\"@id\":\"https:\\\/\\\/www.cde.ual.es\\\/#\\\/schema\\\/logo\\\/image\\\/\"},\"sameAs\":[\"https:\\\/\\\/www.facebook.com\\\/cdeuniversidadalmeria\\\/\",\"https:\\\/\\\/x.com\\\/cdeualmeria\",\"https:\\\/\\\/www.tiktok.com\\\/@cdealmeria\",\"https:\\\/\\\/www.instagram.com\\\/cdealmeria\\\/\",\"https:\\\/\\\/www.linkedin.com\\\/in\\\/cde-almera-812b26a9\\\/\"]},{\"@type\":\"Person\",\"@id\":\"https:\\\/\\\/www.cde.ual.es\\\/#\\\/schema\\\/person\\\/ee46ebc19edfa19598c02cff83335acc\",\"name\":\"BECA 2 CDE\",\"image\":{\"@type\":\"ImageObject\",\"inLanguage\":\"en-US\",\"@id\":\"https:\\\/\\\/secure.gravatar.com\\\/avatar\\\/35a481bbc04bbd90e91bdfa3b0b5541036c222a49b9ad37b6889a2afcb5311a5?s=96&d=mm&r=g\",\"url\":\"https:\\\/\\\/secure.gravatar.com\\\/avatar\\\/35a481bbc04bbd90e91bdfa3b0b5541036c222a49b9ad37b6889a2afcb5311a5?s=96&d=mm&r=g\",\"contentUrl\":\"https:\\\/\\\/secure.gravatar.com\\\/avatar\\\/35a481bbc04bbd90e91bdfa3b0b5541036c222a49b9ad37b6889a2afcb5311a5?s=96&d=mm&r=g\",\"caption\":\"BECA 2 CDE\"},\"sameAs\":[\"http:\\\/\\\/www.cdealmeria.com\"]}]}<\/script>\n<!-- \/ Yoast SEO plugin. -->","yoast_head_json":{"title":"Ukraine's financing gap and longer-term reconstruction | CDE Almer\u00eda - Centro de Documentaci\u00f3n Europea - Universidad de Almer\u00eda","robots":{"index":"index","follow":"follow","max-snippet":"max-snippet:-1","max-image-preview":"max-image-preview:large","max-video-preview":"max-video-preview:-1"},"canonical":"https:\/\/www.cde.ual.es\/en\/ukraines-financing-gap-and-longer-term-reconstruction\/","og_locale":"en_US","og_type":"article","og_title":"Ukraine's financing gap and longer-term reconstruction | CDE Almer\u00eda - Centro de Documentaci\u00f3n Europea - Universidad de Almer\u00eda","og_description":"The Commission has set out plans in a Communication for the EU&#8217;s immediate response to address Ukraine&#8217;s financing gap, as well as the longer-term reconstruction framework. This Communication follows from the European Council call to address the consequences of the war in Ukraine via a dedicated Europe-led effort. Immediate response and short terms needs Since [&hellip;]","og_url":"https:\/\/www.cde.ual.es\/en\/ukraines-financing-gap-and-longer-term-reconstruction\/","og_site_name":"CDE Almer\u00eda - Centro de Documentaci\u00f3n Europea - Universidad de Almer\u00eda","article_publisher":"https:\/\/www.facebook.com\/cdeuniversidadalmeria\/","article_published_time":"2022-05-19T09:03:19+00:00","og_image":[{"width":2560,"height":1707,"url":"https:\/\/www.cde.ual.es\/wp-content\/uploads\/2022\/05\/reconstruccion-ucrania-scaled.jpg","type":"image\/jpeg"}],"author":"BECA 2 CDE","twitter_card":"summary_large_image","twitter_creator":"@cdeualmeria","twitter_site":"@cdeualmeria","twitter_misc":{"Written by":"BECA 2 CDE","Est. reading time":"3 minutes"},"schema":{"@context":"https:\/\/schema.org","@graph":[{"@type":"Article","@id":"https:\/\/www.cde.ual.es\/en\/ukraines-financing-gap-and-longer-term-reconstruction\/#article","isPartOf":{"@id":"https:\/\/www.cde.ual.es\/en\/ukraines-financing-gap-and-longer-term-reconstruction\/"},"author":{"name":"BECA 2 CDE","@id":"https:\/\/www.cde.ual.es\/#\/schema\/person\/ee46ebc19edfa19598c02cff83335acc"},"headline":"Ukraine&#8217;s financing gap and longer-term reconstruction","datePublished":"2022-05-19T09:03:19+00:00","mainEntityOfPage":{"@id":"https:\/\/www.cde.ual.es\/en\/ukraines-financing-gap-and-longer-term-reconstruction\/"},"wordCount":661,"commentCount":0,"publisher":{"@id":"https:\/\/www.cde.ual.es\/#organization"},"image":{"@id":"https:\/\/www.cde.ual.es\/en\/ukraines-financing-gap-and-longer-term-reconstruction\/#primaryimage"},"thumbnailUrl":"https:\/\/www.cde.ual.es\/wp-content\/uploads\/2022\/05\/reconstruccion-ucrania-scaled.jpg","keywords":["EU","reconstruction","russia","ukraine","war"],"articleSection":["Defence &amp; Security","EU News","International Safety and Defence Politics"],"inLanguage":"en-US","potentialAction":[{"@type":"CommentAction","name":"Comment","target":["https:\/\/www.cde.ual.es\/en\/ukraines-financing-gap-and-longer-term-reconstruction\/#respond"]}]},{"@type":"WebPage","@id":"https:\/\/www.cde.ual.es\/en\/ukraines-financing-gap-and-longer-term-reconstruction\/","url":"https:\/\/www.cde.ual.es\/en\/ukraines-financing-gap-and-longer-term-reconstruction\/","name":"Ukraine's financing gap and longer-term reconstruction | CDE Almer\u00eda - Centro de Documentaci\u00f3n Europea - Universidad de Almer\u00eda","isPartOf":{"@id":"https:\/\/www.cde.ual.es\/#website"},"primaryImageOfPage":{"@id":"https:\/\/www.cde.ual.es\/en\/ukraines-financing-gap-and-longer-term-reconstruction\/#primaryimage"},"image":{"@id":"https:\/\/www.cde.ual.es\/en\/ukraines-financing-gap-and-longer-term-reconstruction\/#primaryimage"},"thumbnailUrl":"https:\/\/www.cde.ual.es\/wp-content\/uploads\/2022\/05\/reconstruccion-ucrania-scaled.jpg","datePublished":"2022-05-19T09:03:19+00:00","breadcrumb":{"@id":"https:\/\/www.cde.ual.es\/en\/ukraines-financing-gap-and-longer-term-reconstruction\/#breadcrumb"},"inLanguage":"en-US","potentialAction":[{"@type":"ReadAction","target":["https:\/\/www.cde.ual.es\/en\/ukraines-financing-gap-and-longer-term-reconstruction\/"]}]},{"@type":"ImageObject","inLanguage":"en-US","@id":"https:\/\/www.cde.ual.es\/en\/ukraines-financing-gap-and-longer-term-reconstruction\/#primaryimage","url":"https:\/\/www.cde.ual.es\/wp-content\/uploads\/2022\/05\/reconstruccion-ucrania-scaled.jpg","contentUrl":"https:\/\/www.cde.ual.es\/wp-content\/uploads\/2022\/05\/reconstruccion-ucrania-scaled.jpg","width":2560,"height":1707},{"@type":"BreadcrumbList","@id":"https:\/\/www.cde.ual.es\/en\/ukraines-financing-gap-and-longer-term-reconstruction\/#breadcrumb","itemListElement":[{"@type":"ListItem","position":1,"name":"Inicio","item":"https:\/\/www.cde.ual.es\/en\/"},{"@type":"ListItem","position":2,"name":"EU News","item":"https:\/\/www.cde.ual.es\/en\/category\/eu-news\/"},{"@type":"ListItem","position":3,"name":"Defence &amp; Security","item":"https:\/\/www.cde.ual.es\/en\/category\/eu-news\/defence-security\/"},{"@type":"ListItem","position":4,"name":"International Safety and Defence Politics","item":"https:\/\/www.cde.ual.es\/en\/category\/eu-news\/defence-security\/internat-safety-pol\/"},{"@type":"ListItem","position":5,"name":"Ukraine&#8217;s financing gap and longer-term reconstruction"}]},{"@type":"WebSite","@id":"https:\/\/www.cde.ual.es\/#website","url":"https:\/\/www.cde.ual.es\/","name":"CDE Almer\u00eda - Centro de Documentaci\u00f3n Europea - Universidad de Almer\u00eda","description":"Centro de Documentaci\u00f3n Europea de la Universidad de Almer\u00eda","publisher":{"@id":"https:\/\/www.cde.ual.es\/#organization"},"alternateName":"CDE Almer\u00eda","potentialAction":[{"@type":"SearchAction","target":{"@type":"EntryPoint","urlTemplate":"https:\/\/www.cde.ual.es\/?s={search_term_string}"},"query-input":{"@type":"PropertyValueSpecification","valueRequired":true,"valueName":"search_term_string"}}],"inLanguage":"en-US"},{"@type":"Organization","@id":"https:\/\/www.cde.ual.es\/#organization","name":"Centro de Documentaci\u00f3n Europea de Almer\u00eda","url":"https:\/\/www.cde.ual.es\/","logo":{"@type":"ImageObject","inLanguage":"en-US","@id":"https:\/\/www.cde.ual.es\/#\/schema\/logo\/image\/","url":"https:\/\/www.cde.ual.es\/wp-content\/uploads\/2025\/07\/cde-logo-3.png","contentUrl":"https:\/\/www.cde.ual.es\/wp-content\/uploads\/2025\/07\/cde-logo-3.png","width":1400,"height":300,"caption":"Centro de Documentaci\u00f3n Europea de Almer\u00eda"},"image":{"@id":"https:\/\/www.cde.ual.es\/#\/schema\/logo\/image\/"},"sameAs":["https:\/\/www.facebook.com\/cdeuniversidadalmeria\/","https:\/\/x.com\/cdeualmeria","https:\/\/www.tiktok.com\/@cdealmeria","https:\/\/www.instagram.com\/cdealmeria\/","https:\/\/www.linkedin.com\/in\/cde-almera-812b26a9\/"]},{"@type":"Person","@id":"https:\/\/www.cde.ual.es\/#\/schema\/person\/ee46ebc19edfa19598c02cff83335acc","name":"BECA 2 CDE","image":{"@type":"ImageObject","inLanguage":"en-US","@id":"https:\/\/secure.gravatar.com\/avatar\/35a481bbc04bbd90e91bdfa3b0b5541036c222a49b9ad37b6889a2afcb5311a5?s=96&d=mm&r=g","url":"https:\/\/secure.gravatar.com\/avatar\/35a481bbc04bbd90e91bdfa3b0b5541036c222a49b9ad37b6889a2afcb5311a5?s=96&d=mm&r=g","contentUrl":"https:\/\/secure.gravatar.com\/avatar\/35a481bbc04bbd90e91bdfa3b0b5541036c222a49b9ad37b6889a2afcb5311a5?s=96&d=mm&r=g","caption":"BECA 2 CDE"},"sameAs":["http:\/\/www.cdealmeria.com"]}]}},"_links":{"self":[{"href":"https:\/\/www.cde.ual.es\/en\/wp-json\/wp\/v2\/posts\/107387","targetHints":{"allow":["GET"]}}],"collection":[{"href":"https:\/\/www.cde.ual.es\/en\/wp-json\/wp\/v2\/posts"}],"about":[{"href":"https:\/\/www.cde.ual.es\/en\/wp-json\/wp\/v2\/types\/post"}],"author":[{"embeddable":true,"href":"https:\/\/www.cde.ual.es\/en\/wp-json\/wp\/v2\/users\/101011"}],"replies":[{"embeddable":true,"href":"https:\/\/www.cde.ual.es\/en\/wp-json\/wp\/v2\/comments?post=107387"}],"version-history":[{"count":0,"href":"https:\/\/www.cde.ual.es\/en\/wp-json\/wp\/v2\/posts\/107387\/revisions"}],"wp:featuredmedia":[{"embeddable":true,"href":"https:\/\/www.cde.ual.es\/en\/wp-json\/wp\/v2\/media\/107380"}],"wp:attachment":[{"href":"https:\/\/www.cde.ual.es\/en\/wp-json\/wp\/v2\/media?parent=107387"}],"wp:term":[{"taxonomy":"category","embeddable":true,"href":"https:\/\/www.cde.ual.es\/en\/wp-json\/wp\/v2\/categories?post=107387"},{"taxonomy":"post_tag","embeddable":true,"href":"https:\/\/www.cde.ual.es\/en\/wp-json\/wp\/v2\/tags?post=107387"}],"curies":[{"name":"wp","href":"https:\/\/api.w.org\/{rel}","templated":true}]}}