{"id":10736,"date":"2018-12-17T08:05:55","date_gmt":"2018-12-17T07:05:55","guid":{"rendered":"http:\/\/www.cde.ual.es\/?p=10736"},"modified":"2018-12-17T08:19:22","modified_gmt":"2018-12-17T07:19:22","slug":"los-ministros-de-sanidad-de-la-ue-adoptan-en-el-consejo-una-recomendacion-sobre-vacunas-para-prevenir-enfermedades","status":"publish","type":"post","link":"https:\/\/www.cde.ual.es\/en\/los-ministros-de-sanidad-de-la-ue-adoptan-en-el-consejo-una-recomendacion-sobre-vacunas-para-prevenir-enfermedades\/","title":{"rendered":"Recomendaci\u00f3n de la UE sobre vacunas para prevenir enfermedades"},"content":{"rendered":"<p style=\"font-weight: 400;\"><strong>El pasado 7 de diciembre los Ministros de Sanidad adoptaron una\u00a0<\/strong><a href=\"https:\/\/ec.europa.eu\/health\/vaccination\/overview_en\" data-saferedirecturl=\"https:\/\/www.google.com\/url?q=https:\/\/ec.europa.eu\/health\/vaccination\/overview_en&amp;source=gmail&amp;ust=1544858040391000&amp;usg=AFQjCNHHIxtapiNsja1fKL6NV5ust_7UEQ\"><strong>Recomendaci\u00f3n del Consejo\u00a0<\/strong><\/a><strong>para reforzar la cooperaci\u00f3n en los programas contra las enfermedades que pueden evitarse mediante\u00a0vacunaci\u00f3n.\u00a0<\/strong><strong>\u00a0<\/strong><\/p>\n<p><a href=\"http:\/\/www.cde.ual.es\/wp-content\/uploads\/2018\/12\/Vacunacion.png\"><img decoding=\"async\" class=\"size-medium wp-image-10737 aligncenter\" src=\"http:\/\/www.cde.ual.es\/wp-content\/uploads\/2018\/12\/Vacunacion-300x189.png\" alt=\"\" width=\"300\" height=\"189\" srcset=\"https:\/\/www.cde.ual.es\/wp-content\/uploads\/2018\/12\/Vacunacion-300x189.png 300w, https:\/\/www.cde.ual.es\/wp-content\/uploads\/2018\/12\/Vacunacion-768x485.png 768w, https:\/\/www.cde.ual.es\/wp-content\/uploads\/2018\/12\/Vacunacion.png 927w\" sizes=\"(max-width: 300px) 100vw, 300px\" \/><\/a><\/p>\n<p style=\"font-weight: 400;\">La Recomendaci\u00f3n se centra en tres pilares principales: luchar contra la renuencia a la vacunaci\u00f3n y mejorar la cobertura de vacunas, pol\u00edticas europeas sostenibles de vacunaci\u00f3n y coordinaci\u00f3n en la UE y contribuci\u00f3n a la salud global. Insiste en la b\u00fasqueda selectiva hacia colectivos vulnerables, hace un llamamiento al refuerzo de la capacitaci\u00f3n en vacunas en los programas de estudio de Medicina y el provecho de las sinergias creadas con la sanidad electr\u00f3nica (eHealth) y las tecnolog\u00edas digitales para implantar registros electr\u00f3nicos de vacunaci\u00f3n para todos los ciudadanos de la UE.<\/p>\n<p style=\"font-weight: 400;\">El documento establece una serie de acciones que deben llevar a cabo los Estados miembros y la comisi\u00f3n de acuerdo con sus respectivas competencias, en particular en relaci\u00f3n los planes de vacunaci\u00f3n, el establecimiento de un Sistema Europeo de Intercambio de Informaci\u00f3n sobre Vacunaci\u00f3n, control de los beneficios y los riesgos de las vacunas, fortalecimiento del suministro de vacunas, as\u00ed como actividades de comunicaci\u00f3n y educaci\u00f3n sobre los beneficios de la vacunaci\u00f3n para contrarrestar los recelos hacia las vacunas.<\/p>\n<h3>Medidas de actuaci\u00f3n de la UE<\/h3>\n<p>Acci\u00f3n a nivel de la UE La pol\u00edtica de vacunaci\u00f3n es competencia de las autoridades nacionales, pero la Comisi\u00f3n Europea ayuda a los pa\u00edses de la UE a coordinar sus pol\u00edticas y programas. La Comisi\u00f3n adopt\u00f3 en diciembre de 2018 una Recomendaci\u00f3n para fortalecer la cooperaci\u00f3n de la UE en enfermedades prevenibles por vacunaci\u00f3n. El objetivo de la iniciativa es abordar la vacilaci\u00f3n de vacunas, mejorar la coordinaci\u00f3n en la adquisici\u00f3n de vacunas, apoyar la investigaci\u00f3n y la innovaci\u00f3n, y fortalecer la cooperaci\u00f3n de la UE en enfermedades prevenibles por vacunaci\u00f3n. Se alienta a los pa\u00edses de la UE a desarrollar e implementar planes nacionales de vacunaci\u00f3n con iniciativas para mejorar la cobertura e introducir controles de rutina de vacunaci\u00f3n.<\/p>\n<h3>Acci\u00f3n com\u00fan sobre la vacunaci\u00f3n<\/h3>\n<p>La Comisi\u00f3n Europea est\u00e1 reforzando su apoyo a los esfuerzos nacionales de vacunaci\u00f3n para aumentar la cobertura, incluso a trav\u00e9s de la preparaci\u00f3n de una Acci\u00f3n Conjunta sobre vacunaci\u00f3n cofinanciada por el Programa de Salud (\u20ac 3,55 millones).<\/p>\n<p>A partir de 2018, la Acci\u00f3n com\u00fan abordar\u00e1 las dudas sobre las vacunas y buscar\u00e1 aumentar la cobertura de vacunaci\u00f3n en la UE. Est\u00e1 coordinado por INSERM (Francia) e involucra a 23 pa\u00edses (entre ellos 20 pa\u00edses de la UE).<\/p>\n<p>Tambi\u00e9n trabajar\u00e1 para fortalecer la cooperaci\u00f3n de los grupos asesores nacionales de inmunizaci\u00f3n (NITAG) con miras a aumentar la transparencia y la confianza en el proceso de toma de decisiones con respecto a la introducci\u00f3n de nuevas vacunas.<\/p>\n<h3>M\u00e1s informaci\u00f3n<\/h3>\n<ul>\n<li><a href=\"https:\/\/ec.europa.eu\/health\/sites\/health\/files\/vaccination\/docs\/glossary_en.pdf\" target=\"_blank\" rel=\"noopener\">Vaccination glossary<\/a><\/li>\n<li><a href=\"https:\/\/www.ecdc.europa.eu\/en\/home\" target=\"_blank\" rel=\"noopener\">European Centre for Disease Prevention and Control<\/a><\/li>\n<li>State of Vaccine Confidence in the EU:\u00a0<a href=\"https:\/\/ec.europa.eu\/health\/sites\/health\/files\/vaccination\/docs\/2018_vaccine_confidence_en.pdf\" target=\"_blank\" rel=\"noopener\">report 2018<\/a><\/li>\n<li><a href=\"https:\/\/ec.europa.eu\/health\/sites\/health\/files\/vaccination\/docs\/2018_vaccine_confidence_factsheet_en.pdf\" target=\"_blank\" rel=\"noopener\">Summary factsheet<\/a><\/li>\n<li><a href=\"https:\/\/ec.europa.eu\/health\/sites\/health\/files\/vaccination\/docs\/2018_vaccine_services_en.pdf\" target=\"_blank\" rel=\"noopener\">Full report<\/a><\/li>\n<li>\u00a0<a href=\"http:\/\/ec.europa.eu\/assets\/sante\/health\/vaccination\/2018_vaccine_services_eucountries.zip\">28 country fiches<\/a><\/li>\n<li><a href=\"http:\/\/eur-lex.europa.eu\/legal-content\/EN\/ALL\/?uri=CELEX:32009H1019\" target=\"_blank\" rel=\"noopener\">Seasonal flu vaccination<\/a><\/li>\n<\/ul>\n<p>&nbsp;<\/p>\n","protected":false},"excerpt":{"rendered":"<p>El pasado 7 de diciembre los Ministros de Sanidad adoptaron una\u00a0Recomendaci\u00f3n del Consejo\u00a0para reforzar la cooperaci\u00f3n en los programas contra las enfermedades que pueden evitarse mediante\u00a0vacunaci\u00f3n.\u00a0\u00a0 La Recomendaci\u00f3n se centra en tres pilares principales: luchar contra la renuencia a la vacunaci\u00f3n y mejorar la cobertura de vacunas, pol\u00edticas europeas sostenibles de vacunaci\u00f3n y coordinaci\u00f3n en [&hellip;]<\/p>\n","protected":false},"author":1,"featured_media":10737,"comment_status":"open","ping_status":"open","sticky":false,"template":"","format":"standard","meta":{"_acf_changed":false,"_relevanssi_hide_post":"","_relevanssi_hide_content":"","_relevanssi_pin_for_all":"","_relevanssi_pin_keywords":"","_relevanssi_unpin_keywords":"","_relevanssi_related_keywords":"","_relevanssi_related_include_ids":"","_relevanssi_related_exclude_ids":"","_relevanssi_related_no_append":"","_relevanssi_related_not_related":"","_relevanssi_related_posts":"","_relevanssi_noindex_reason":"","_monsterinsights_skip_tracking":false,"_monsterinsights_sitenote_active":false,"_monsterinsights_sitenote_note":"","_monsterinsights_sitenote_category":0,"_genesis_hide_title":false,"_genesis_hide_breadcrumbs":false,"_genesis_hide_singular_image":false,"_genesis_hide_footer_widgets":false,"_genesis_custom_body_class":"","_genesis_custom_post_class":"","_genesis_layout":"","footnotes":""},"categories":[96],"tags":[140,294],"class_list":{"0":"post-10736","1":"post","2":"type-post","3":"status-publish","4":"format-standard","5":"has-post-thumbnail","7":"category-noticias-ue","8":"tag-salud","9":"tag-vacunacion","10":"entry"},"acf":[],"yoast_head":"<!-- This site is optimized with the Yoast SEO plugin v27.5 - https:\/\/yoast.com\/product\/yoast-seo-wordpress\/ -->\n<title>Recomendaci\u00f3n de la UE sobre vacunas para prevenir enfermedades | CDE Almer\u00eda - Centro de Documentaci\u00f3n Europea - Universidad de Almer\u00eda<\/title>\n<meta name=\"robots\" content=\"index, follow, max-snippet:-1, max-image-preview:large, max-video-preview:-1\" \/>\n<link rel=\"canonical\" href=\"https:\/\/www.cde.ual.es\/los-ministros-de-sanidad-de-la-ue-adoptan-en-el-consejo-una-recomendacion-sobre-vacunas-para-prevenir-enfermedades\/\" \/>\n<meta property=\"og:locale\" content=\"en_US\" \/>\n<meta property=\"og:type\" content=\"article\" \/>\n<meta property=\"og:title\" content=\"Recomendaci\u00f3n de la UE sobre vacunas para prevenir enfermedades | CDE Almer\u00eda - Centro de Documentaci\u00f3n Europea - Universidad de Almer\u00eda\" \/>\n<meta property=\"og:description\" content=\"El pasado 7 de diciembre los Ministros de Sanidad adoptaron una\u00a0Recomendaci\u00f3n del Consejo\u00a0para reforzar la cooperaci\u00f3n en los programas contra las enfermedades que pueden evitarse mediante\u00a0vacunaci\u00f3n.\u00a0\u00a0 La Recomendaci\u00f3n se centra en tres pilares principales: luchar contra la renuencia a la vacunaci\u00f3n y mejorar la cobertura de vacunas, pol\u00edticas europeas sostenibles de vacunaci\u00f3n y coordinaci\u00f3n en [&hellip;]\" \/>\n<meta property=\"og:url\" content=\"https:\/\/www.cde.ual.es\/los-ministros-de-sanidad-de-la-ue-adoptan-en-el-consejo-una-recomendacion-sobre-vacunas-para-prevenir-enfermedades\/\" \/>\n<meta property=\"og:site_name\" content=\"CDE Almer\u00eda - Centro de Documentaci\u00f3n Europea - Universidad de Almer\u00eda\" \/>\n<meta property=\"article:publisher\" content=\"https:\/\/www.facebook.com\/cdeuniversidadalmeria\/\" \/>\n<meta property=\"article:published_time\" content=\"2018-12-17T07:05:55+00:00\" \/>\n<meta property=\"article:modified_time\" content=\"2018-12-17T07:19:22+00:00\" \/>\n<meta property=\"og:image\" content=\"https:\/\/www.cde.ual.es\/wp-content\/uploads\/2018\/12\/Vacunacion.png\" \/>\n\t<meta property=\"og:image:width\" content=\"927\" \/>\n\t<meta property=\"og:image:height\" content=\"585\" \/>\n\t<meta property=\"og:image:type\" content=\"image\/png\" \/>\n<meta name=\"author\" content=\"AdminCDE\" \/>\n<meta name=\"twitter:card\" content=\"summary_large_image\" \/>\n<meta name=\"twitter:creator\" content=\"@cdeualmeria\" \/>\n<meta name=\"twitter:site\" content=\"@cdeualmeria\" \/>\n<meta name=\"twitter:label1\" content=\"Written by\" \/>\n\t<meta name=\"twitter:data1\" content=\"AdminCDE\" \/>\n\t<meta name=\"twitter:label2\" content=\"Est. reading time\" \/>\n\t<meta name=\"twitter:data2\" content=\"3 minutes\" \/>\n<script type=\"application\/ld+json\" class=\"yoast-schema-graph\">{\"@context\":\"https:\\\/\\\/schema.org\",\"@graph\":[{\"@type\":\"Article\",\"@id\":\"https:\\\/\\\/www.cde.ual.es\\\/los-ministros-de-sanidad-de-la-ue-adoptan-en-el-consejo-una-recomendacion-sobre-vacunas-para-prevenir-enfermedades\\\/#article\",\"isPartOf\":{\"@id\":\"https:\\\/\\\/www.cde.ual.es\\\/los-ministros-de-sanidad-de-la-ue-adoptan-en-el-consejo-una-recomendacion-sobre-vacunas-para-prevenir-enfermedades\\\/\"},\"author\":{\"name\":\"AdminCDE\",\"@id\":\"https:\\\/\\\/www.cde.ual.es\\\/#\\\/schema\\\/person\\\/224ef08c8bcc005f319d2713ce37ee5f\"},\"headline\":\"Recomendaci\u00f3n de la UE sobre vacunas para prevenir enfermedades\",\"datePublished\":\"2018-12-17T07:05:55+00:00\",\"dateModified\":\"2018-12-17T07:19:22+00:00\",\"mainEntityOfPage\":{\"@id\":\"https:\\\/\\\/www.cde.ual.es\\\/los-ministros-de-sanidad-de-la-ue-adoptan-en-el-consejo-una-recomendacion-sobre-vacunas-para-prevenir-enfermedades\\\/\"},\"wordCount\":542,\"commentCount\":0,\"publisher\":{\"@id\":\"https:\\\/\\\/www.cde.ual.es\\\/#organization\"},\"image\":{\"@id\":\"https:\\\/\\\/www.cde.ual.es\\\/los-ministros-de-sanidad-de-la-ue-adoptan-en-el-consejo-una-recomendacion-sobre-vacunas-para-prevenir-enfermedades\\\/#primaryimage\"},\"thumbnailUrl\":\"https:\\\/\\\/www.cde.ual.es\\\/wp-content\\\/uploads\\\/2018\\\/12\\\/Vacunacion.png\",\"keywords\":[\"Salud\",\"Vacunaci\u00f3n\"],\"articleSection\":[\"Noticias UE\"],\"inLanguage\":\"en-US\",\"potentialAction\":[{\"@type\":\"CommentAction\",\"name\":\"Comment\",\"target\":[\"https:\\\/\\\/www.cde.ual.es\\\/los-ministros-de-sanidad-de-la-ue-adoptan-en-el-consejo-una-recomendacion-sobre-vacunas-para-prevenir-enfermedades\\\/#respond\"]}]},{\"@type\":\"WebPage\",\"@id\":\"https:\\\/\\\/www.cde.ual.es\\\/los-ministros-de-sanidad-de-la-ue-adoptan-en-el-consejo-una-recomendacion-sobre-vacunas-para-prevenir-enfermedades\\\/\",\"url\":\"https:\\\/\\\/www.cde.ual.es\\\/los-ministros-de-sanidad-de-la-ue-adoptan-en-el-consejo-una-recomendacion-sobre-vacunas-para-prevenir-enfermedades\\\/\",\"name\":\"Recomendaci\u00f3n de la UE sobre vacunas para prevenir enfermedades | CDE Almer\u00eda - Centro de Documentaci\u00f3n Europea - Universidad de Almer\u00eda\",\"isPartOf\":{\"@id\":\"https:\\\/\\\/www.cde.ual.es\\\/#website\"},\"primaryImageOfPage\":{\"@id\":\"https:\\\/\\\/www.cde.ual.es\\\/los-ministros-de-sanidad-de-la-ue-adoptan-en-el-consejo-una-recomendacion-sobre-vacunas-para-prevenir-enfermedades\\\/#primaryimage\"},\"image\":{\"@id\":\"https:\\\/\\\/www.cde.ual.es\\\/los-ministros-de-sanidad-de-la-ue-adoptan-en-el-consejo-una-recomendacion-sobre-vacunas-para-prevenir-enfermedades\\\/#primaryimage\"},\"thumbnailUrl\":\"https:\\\/\\\/www.cde.ual.es\\\/wp-content\\\/uploads\\\/2018\\\/12\\\/Vacunacion.png\",\"datePublished\":\"2018-12-17T07:05:55+00:00\",\"dateModified\":\"2018-12-17T07:19:22+00:00\",\"breadcrumb\":{\"@id\":\"https:\\\/\\\/www.cde.ual.es\\\/los-ministros-de-sanidad-de-la-ue-adoptan-en-el-consejo-una-recomendacion-sobre-vacunas-para-prevenir-enfermedades\\\/#breadcrumb\"},\"inLanguage\":\"en-US\",\"potentialAction\":[{\"@type\":\"ReadAction\",\"target\":[\"https:\\\/\\\/www.cde.ual.es\\\/los-ministros-de-sanidad-de-la-ue-adoptan-en-el-consejo-una-recomendacion-sobre-vacunas-para-prevenir-enfermedades\\\/\"]}]},{\"@type\":\"ImageObject\",\"inLanguage\":\"en-US\",\"@id\":\"https:\\\/\\\/www.cde.ual.es\\\/los-ministros-de-sanidad-de-la-ue-adoptan-en-el-consejo-una-recomendacion-sobre-vacunas-para-prevenir-enfermedades\\\/#primaryimage\",\"url\":\"https:\\\/\\\/www.cde.ual.es\\\/wp-content\\\/uploads\\\/2018\\\/12\\\/Vacunacion.png\",\"contentUrl\":\"https:\\\/\\\/www.cde.ual.es\\\/wp-content\\\/uploads\\\/2018\\\/12\\\/Vacunacion.png\",\"width\":927,\"height\":585},{\"@type\":\"BreadcrumbList\",\"@id\":\"https:\\\/\\\/www.cde.ual.es\\\/los-ministros-de-sanidad-de-la-ue-adoptan-en-el-consejo-una-recomendacion-sobre-vacunas-para-prevenir-enfermedades\\\/#breadcrumb\",\"itemListElement\":[{\"@type\":\"ListItem\",\"position\":1,\"name\":\"Inicio\",\"item\":\"https:\\\/\\\/www.cde.ual.es\\\/en\\\/\"},{\"@type\":\"ListItem\",\"position\":2,\"name\":\"EU News\",\"item\":\"https:\\\/\\\/www.cde.ual.es\\\/en\\\/category\\\/eu-news\\\/\"},{\"@type\":\"ListItem\",\"position\":3,\"name\":\"Recomendaci\u00f3n de la UE sobre vacunas para prevenir enfermedades\"}]},{\"@type\":\"WebSite\",\"@id\":\"https:\\\/\\\/www.cde.ual.es\\\/#website\",\"url\":\"https:\\\/\\\/www.cde.ual.es\\\/\",\"name\":\"CDE Almer\u00eda - Centro de Documentaci\u00f3n Europea - Universidad de Almer\u00eda\",\"description\":\"Centro de Documentaci\u00f3n Europea de la Universidad de Almer\u00eda\",\"publisher\":{\"@id\":\"https:\\\/\\\/www.cde.ual.es\\\/#organization\"},\"alternateName\":\"CDE Almer\u00eda\",\"potentialAction\":[{\"@type\":\"SearchAction\",\"target\":{\"@type\":\"EntryPoint\",\"urlTemplate\":\"https:\\\/\\\/www.cde.ual.es\\\/?s={search_term_string}\"},\"query-input\":{\"@type\":\"PropertyValueSpecification\",\"valueRequired\":true,\"valueName\":\"search_term_string\"}}],\"inLanguage\":\"en-US\"},{\"@type\":\"Organization\",\"@id\":\"https:\\\/\\\/www.cde.ual.es\\\/#organization\",\"name\":\"Centro de Documentaci\u00f3n Europea de Almer\u00eda\",\"url\":\"https:\\\/\\\/www.cde.ual.es\\\/\",\"logo\":{\"@type\":\"ImageObject\",\"inLanguage\":\"en-US\",\"@id\":\"https:\\\/\\\/www.cde.ual.es\\\/#\\\/schema\\\/logo\\\/image\\\/\",\"url\":\"https:\\\/\\\/www.cde.ual.es\\\/wp-content\\\/uploads\\\/2025\\\/07\\\/cde-logo-3.png\",\"contentUrl\":\"https:\\\/\\\/www.cde.ual.es\\\/wp-content\\\/uploads\\\/2025\\\/07\\\/cde-logo-3.png\",\"width\":1400,\"height\":300,\"caption\":\"Centro de Documentaci\u00f3n Europea de Almer\u00eda\"},\"image\":{\"@id\":\"https:\\\/\\\/www.cde.ual.es\\\/#\\\/schema\\\/logo\\\/image\\\/\"},\"sameAs\":[\"https:\\\/\\\/www.facebook.com\\\/cdeuniversidadalmeria\\\/\",\"https:\\\/\\\/x.com\\\/cdeualmeria\",\"https:\\\/\\\/www.tiktok.com\\\/@cdealmeria\",\"https:\\\/\\\/www.instagram.com\\\/cdealmeria\\\/\",\"https:\\\/\\\/www.linkedin.com\\\/in\\\/cde-almera-812b26a9\\\/\"]},{\"@type\":\"Person\",\"@id\":\"https:\\\/\\\/www.cde.ual.es\\\/#\\\/schema\\\/person\\\/224ef08c8bcc005f319d2713ce37ee5f\",\"name\":\"AdminCDE\",\"image\":{\"@type\":\"ImageObject\",\"inLanguage\":\"en-US\",\"@id\":\"https:\\\/\\\/secure.gravatar.com\\\/avatar\\\/a72d038d371f995cd13706fac32274b7952a52e8fb0a84b5f80c85426f2a98a8?s=96&d=mm&r=g\",\"url\":\"https:\\\/\\\/secure.gravatar.com\\\/avatar\\\/a72d038d371f995cd13706fac32274b7952a52e8fb0a84b5f80c85426f2a98a8?s=96&d=mm&r=g\",\"contentUrl\":\"https:\\\/\\\/secure.gravatar.com\\\/avatar\\\/a72d038d371f995cd13706fac32274b7952a52e8fb0a84b5f80c85426f2a98a8?s=96&d=mm&r=g\",\"caption\":\"AdminCDE\"}}]}<\/script>\n<!-- \/ Yoast SEO plugin. -->","yoast_head_json":{"title":"Recomendaci\u00f3n de la UE sobre vacunas para prevenir enfermedades | CDE Almer\u00eda - Centro de Documentaci\u00f3n Europea - Universidad de Almer\u00eda","robots":{"index":"index","follow":"follow","max-snippet":"max-snippet:-1","max-image-preview":"max-image-preview:large","max-video-preview":"max-video-preview:-1"},"canonical":"https:\/\/www.cde.ual.es\/los-ministros-de-sanidad-de-la-ue-adoptan-en-el-consejo-una-recomendacion-sobre-vacunas-para-prevenir-enfermedades\/","og_locale":"en_US","og_type":"article","og_title":"Recomendaci\u00f3n de la UE sobre vacunas para prevenir enfermedades | CDE Almer\u00eda - Centro de Documentaci\u00f3n Europea - Universidad de Almer\u00eda","og_description":"El pasado 7 de diciembre los Ministros de Sanidad adoptaron una\u00a0Recomendaci\u00f3n del Consejo\u00a0para reforzar la cooperaci\u00f3n en los programas contra las enfermedades que pueden evitarse mediante\u00a0vacunaci\u00f3n.\u00a0\u00a0 La Recomendaci\u00f3n se centra en tres pilares principales: luchar contra la renuencia a la vacunaci\u00f3n y mejorar la cobertura de vacunas, pol\u00edticas europeas sostenibles de vacunaci\u00f3n y coordinaci\u00f3n en [&hellip;]","og_url":"https:\/\/www.cde.ual.es\/los-ministros-de-sanidad-de-la-ue-adoptan-en-el-consejo-una-recomendacion-sobre-vacunas-para-prevenir-enfermedades\/","og_site_name":"CDE Almer\u00eda - Centro de Documentaci\u00f3n Europea - Universidad de Almer\u00eda","article_publisher":"https:\/\/www.facebook.com\/cdeuniversidadalmeria\/","article_published_time":"2018-12-17T07:05:55+00:00","article_modified_time":"2018-12-17T07:19:22+00:00","og_image":[{"width":927,"height":585,"url":"https:\/\/www.cde.ual.es\/wp-content\/uploads\/2018\/12\/Vacunacion.png","type":"image\/png"}],"author":"AdminCDE","twitter_card":"summary_large_image","twitter_creator":"@cdeualmeria","twitter_site":"@cdeualmeria","twitter_misc":{"Written by":"AdminCDE","Est. reading time":"3 minutes"},"schema":{"@context":"https:\/\/schema.org","@graph":[{"@type":"Article","@id":"https:\/\/www.cde.ual.es\/los-ministros-de-sanidad-de-la-ue-adoptan-en-el-consejo-una-recomendacion-sobre-vacunas-para-prevenir-enfermedades\/#article","isPartOf":{"@id":"https:\/\/www.cde.ual.es\/los-ministros-de-sanidad-de-la-ue-adoptan-en-el-consejo-una-recomendacion-sobre-vacunas-para-prevenir-enfermedades\/"},"author":{"name":"AdminCDE","@id":"https:\/\/www.cde.ual.es\/#\/schema\/person\/224ef08c8bcc005f319d2713ce37ee5f"},"headline":"Recomendaci\u00f3n de la UE sobre vacunas para prevenir enfermedades","datePublished":"2018-12-17T07:05:55+00:00","dateModified":"2018-12-17T07:19:22+00:00","mainEntityOfPage":{"@id":"https:\/\/www.cde.ual.es\/los-ministros-de-sanidad-de-la-ue-adoptan-en-el-consejo-una-recomendacion-sobre-vacunas-para-prevenir-enfermedades\/"},"wordCount":542,"commentCount":0,"publisher":{"@id":"https:\/\/www.cde.ual.es\/#organization"},"image":{"@id":"https:\/\/www.cde.ual.es\/los-ministros-de-sanidad-de-la-ue-adoptan-en-el-consejo-una-recomendacion-sobre-vacunas-para-prevenir-enfermedades\/#primaryimage"},"thumbnailUrl":"https:\/\/www.cde.ual.es\/wp-content\/uploads\/2018\/12\/Vacunacion.png","keywords":["Salud","Vacunaci\u00f3n"],"articleSection":["Noticias UE"],"inLanguage":"en-US","potentialAction":[{"@type":"CommentAction","name":"Comment","target":["https:\/\/www.cde.ual.es\/los-ministros-de-sanidad-de-la-ue-adoptan-en-el-consejo-una-recomendacion-sobre-vacunas-para-prevenir-enfermedades\/#respond"]}]},{"@type":"WebPage","@id":"https:\/\/www.cde.ual.es\/los-ministros-de-sanidad-de-la-ue-adoptan-en-el-consejo-una-recomendacion-sobre-vacunas-para-prevenir-enfermedades\/","url":"https:\/\/www.cde.ual.es\/los-ministros-de-sanidad-de-la-ue-adoptan-en-el-consejo-una-recomendacion-sobre-vacunas-para-prevenir-enfermedades\/","name":"Recomendaci\u00f3n de la UE sobre vacunas para prevenir enfermedades | CDE Almer\u00eda - Centro de Documentaci\u00f3n Europea - Universidad de Almer\u00eda","isPartOf":{"@id":"https:\/\/www.cde.ual.es\/#website"},"primaryImageOfPage":{"@id":"https:\/\/www.cde.ual.es\/los-ministros-de-sanidad-de-la-ue-adoptan-en-el-consejo-una-recomendacion-sobre-vacunas-para-prevenir-enfermedades\/#primaryimage"},"image":{"@id":"https:\/\/www.cde.ual.es\/los-ministros-de-sanidad-de-la-ue-adoptan-en-el-consejo-una-recomendacion-sobre-vacunas-para-prevenir-enfermedades\/#primaryimage"},"thumbnailUrl":"https:\/\/www.cde.ual.es\/wp-content\/uploads\/2018\/12\/Vacunacion.png","datePublished":"2018-12-17T07:05:55+00:00","dateModified":"2018-12-17T07:19:22+00:00","breadcrumb":{"@id":"https:\/\/www.cde.ual.es\/los-ministros-de-sanidad-de-la-ue-adoptan-en-el-consejo-una-recomendacion-sobre-vacunas-para-prevenir-enfermedades\/#breadcrumb"},"inLanguage":"en-US","potentialAction":[{"@type":"ReadAction","target":["https:\/\/www.cde.ual.es\/los-ministros-de-sanidad-de-la-ue-adoptan-en-el-consejo-una-recomendacion-sobre-vacunas-para-prevenir-enfermedades\/"]}]},{"@type":"ImageObject","inLanguage":"en-US","@id":"https:\/\/www.cde.ual.es\/los-ministros-de-sanidad-de-la-ue-adoptan-en-el-consejo-una-recomendacion-sobre-vacunas-para-prevenir-enfermedades\/#primaryimage","url":"https:\/\/www.cde.ual.es\/wp-content\/uploads\/2018\/12\/Vacunacion.png","contentUrl":"https:\/\/www.cde.ual.es\/wp-content\/uploads\/2018\/12\/Vacunacion.png","width":927,"height":585},{"@type":"BreadcrumbList","@id":"https:\/\/www.cde.ual.es\/los-ministros-de-sanidad-de-la-ue-adoptan-en-el-consejo-una-recomendacion-sobre-vacunas-para-prevenir-enfermedades\/#breadcrumb","itemListElement":[{"@type":"ListItem","position":1,"name":"Inicio","item":"https:\/\/www.cde.ual.es\/en\/"},{"@type":"ListItem","position":2,"name":"EU News","item":"https:\/\/www.cde.ual.es\/en\/category\/eu-news\/"},{"@type":"ListItem","position":3,"name":"Recomendaci\u00f3n de la UE sobre vacunas para prevenir enfermedades"}]},{"@type":"WebSite","@id":"https:\/\/www.cde.ual.es\/#website","url":"https:\/\/www.cde.ual.es\/","name":"CDE Almer\u00eda - Centro de Documentaci\u00f3n Europea - Universidad de Almer\u00eda","description":"Centro de Documentaci\u00f3n Europea de la Universidad de Almer\u00eda","publisher":{"@id":"https:\/\/www.cde.ual.es\/#organization"},"alternateName":"CDE Almer\u00eda","potentialAction":[{"@type":"SearchAction","target":{"@type":"EntryPoint","urlTemplate":"https:\/\/www.cde.ual.es\/?s={search_term_string}"},"query-input":{"@type":"PropertyValueSpecification","valueRequired":true,"valueName":"search_term_string"}}],"inLanguage":"en-US"},{"@type":"Organization","@id":"https:\/\/www.cde.ual.es\/#organization","name":"Centro de Documentaci\u00f3n Europea de Almer\u00eda","url":"https:\/\/www.cde.ual.es\/","logo":{"@type":"ImageObject","inLanguage":"en-US","@id":"https:\/\/www.cde.ual.es\/#\/schema\/logo\/image\/","url":"https:\/\/www.cde.ual.es\/wp-content\/uploads\/2025\/07\/cde-logo-3.png","contentUrl":"https:\/\/www.cde.ual.es\/wp-content\/uploads\/2025\/07\/cde-logo-3.png","width":1400,"height":300,"caption":"Centro de Documentaci\u00f3n Europea de Almer\u00eda"},"image":{"@id":"https:\/\/www.cde.ual.es\/#\/schema\/logo\/image\/"},"sameAs":["https:\/\/www.facebook.com\/cdeuniversidadalmeria\/","https:\/\/x.com\/cdeualmeria","https:\/\/www.tiktok.com\/@cdealmeria","https:\/\/www.instagram.com\/cdealmeria\/","https:\/\/www.linkedin.com\/in\/cde-almera-812b26a9\/"]},{"@type":"Person","@id":"https:\/\/www.cde.ual.es\/#\/schema\/person\/224ef08c8bcc005f319d2713ce37ee5f","name":"AdminCDE","image":{"@type":"ImageObject","inLanguage":"en-US","@id":"https:\/\/secure.gravatar.com\/avatar\/a72d038d371f995cd13706fac32274b7952a52e8fb0a84b5f80c85426f2a98a8?s=96&d=mm&r=g","url":"https:\/\/secure.gravatar.com\/avatar\/a72d038d371f995cd13706fac32274b7952a52e8fb0a84b5f80c85426f2a98a8?s=96&d=mm&r=g","contentUrl":"https:\/\/secure.gravatar.com\/avatar\/a72d038d371f995cd13706fac32274b7952a52e8fb0a84b5f80c85426f2a98a8?s=96&d=mm&r=g","caption":"AdminCDE"}}]}},"_links":{"self":[{"href":"https:\/\/www.cde.ual.es\/en\/wp-json\/wp\/v2\/posts\/10736","targetHints":{"allow":["GET"]}}],"collection":[{"href":"https:\/\/www.cde.ual.es\/en\/wp-json\/wp\/v2\/posts"}],"about":[{"href":"https:\/\/www.cde.ual.es\/en\/wp-json\/wp\/v2\/types\/post"}],"author":[{"embeddable":true,"href":"https:\/\/www.cde.ual.es\/en\/wp-json\/wp\/v2\/users\/1"}],"replies":[{"embeddable":true,"href":"https:\/\/www.cde.ual.es\/en\/wp-json\/wp\/v2\/comments?post=10736"}],"version-history":[{"count":0,"href":"https:\/\/www.cde.ual.es\/en\/wp-json\/wp\/v2\/posts\/10736\/revisions"}],"wp:featuredmedia":[{"embeddable":true,"href":"https:\/\/www.cde.ual.es\/en\/wp-json\/wp\/v2\/media\/10737"}],"wp:attachment":[{"href":"https:\/\/www.cde.ual.es\/en\/wp-json\/wp\/v2\/media?parent=10736"}],"wp:term":[{"taxonomy":"category","embeddable":true,"href":"https:\/\/www.cde.ual.es\/en\/wp-json\/wp\/v2\/categories?post=10736"},{"taxonomy":"post_tag","embeddable":true,"href":"https:\/\/www.cde.ual.es\/en\/wp-json\/wp\/v2\/tags?post=10736"}],"curies":[{"name":"wp","href":"https:\/\/api.w.org\/{rel}","templated":true}]}}