{"id":107345,"date":"2022-05-19T09:53:53","date_gmt":"2022-05-19T07:53:53","guid":{"rendered":"https:\/\/www.cde.ual.es\/?p=107345"},"modified":"2022-05-19T10:24:17","modified_gmt":"2022-05-19T08:24:17","slug":"spains-position-on-the-expulsion-of-27-employees-of-the-embassy-in-russia","status":"publish","type":"post","link":"https:\/\/www.cde.ual.es\/en\/spains-position-on-the-expulsion-of-27-employees-of-the-embassy-in-russia\/","title":{"rendered":"Spain&#8217;s position on the expulsion of 27 employees of the Embassy in Russia"},"content":{"rendered":"<p><strong>Spain rejects the decision taken by the Russian Federation to expel a total of 27 staff members of the Spanish Embassy in Russia.<\/strong><\/p>\n<p><a href=\"https:\/\/www.cde.ual.es\/wp-content\/uploads\/2017\/12\/spain-flag-flutter-spanish-54097.jpeg\"><img decoding=\"async\" class=\"aligncenter wp-image-24303\" src=\"https:\/\/www.cde.ual.es\/wp-content\/uploads\/2017\/12\/spain-flag-flutter-spanish-54097.jpeg\" alt=\"\" width=\"537\" height=\"262\" srcset=\"https:\/\/www.cde.ual.es\/wp-content\/uploads\/2017\/12\/spain-flag-flutter-spanish-54097.jpeg 952w, https:\/\/www.cde.ual.es\/wp-content\/uploads\/2017\/12\/spain-flag-flutter-spanish-54097-300x147.jpeg 300w, https:\/\/www.cde.ual.es\/wp-content\/uploads\/2017\/12\/spain-flag-flutter-spanish-54097-768x375.jpeg 768w\" sizes=\"(max-width: 537px) 100vw, 537px\" \/><\/a><\/p>\n<p>The Russian authorities justify this decision on the basis of reciprocity for the expulsion of 27 officials of the Russian Embassy in Madrid notified last April. However, the expulsion decided then by the Spanish authorities was based on duly justified security reasons, which are not present in this case. The work of the staff of the Spanish Embassy to the Russian Federation, whose professionalism this Ministry wishes to highlight, has always fully respected the obligations provided for in the Vienna Convention on Diplomatic Relations and the Vienna Convention on Consular Relations.<\/p>\n<table style=\"width: 99.9988%; border-collapse: collapse; border-style: double; border-color: #001f7d;\" cellpadding=\"0,5\">\n<tbody>\n<tr>\n<td style=\"width: 100%;\"><a href=\"https:\/\/www.cde.ual.es\/en\/crisis-ukraine-eu\/\" rel=\"noopener\"><img decoding=\"async\" class=\"alignleft\" src=\"https:\/\/www.cde.ual.es\/wp-content\/uploads\/2022\/02\/Ucrania.jpg\" alt=\"\" width=\"148\" height=\"148\" \/><\/a><\/p>\n<h4 class=\"entry-title\"><a href=\"https:\/\/www.cde.ual.es\/en\/crisis-ukraine-eu\/\" rel=\"noopener\">European Union facing the invasion of Ukraine<br \/>\n<\/a><\/h4>\n<p>&nbsp;<\/td>\n<\/tr>\n<\/tbody>\n<\/table>\n<p><strong>Source: <a href=\"https:\/\/www.exteriores.gob.es\/es\/Comunicacion\/Comunicados\/Paginas\/2022_COMUNICADOS\/20220518_COMU034.aspx\">Ministerio de Asuntos Exteriores, Uni\u00f3n Europea y Cooperaci\u00f3n<\/a><\/strong><\/p>\n","protected":false},"excerpt":{"rendered":"<p>Spain rejects the decision taken by the Russian Federation to expel a total of 27 staff members of the Spanish Embassy in Russia. The Russian authorities justify this decision on the basis of reciprocity for the expulsion of 27 officials of the Russian Embassy in Madrid notified last April. However, the expulsion decided then by [&hellip;]<\/p>\n","protected":false},"author":101011,"featured_media":24303,"comment_status":"open","ping_status":"open","sticky":false,"template":"","format":"standard","meta":{"_acf_changed":false,"_relevanssi_hide_post":"","_relevanssi_hide_content":"","_relevanssi_pin_for_all":"","_relevanssi_pin_keywords":"","_relevanssi_unpin_keywords":"","_relevanssi_related_keywords":"","_relevanssi_related_include_ids":"","_relevanssi_related_exclude_ids":"","_relevanssi_related_no_append":"","_relevanssi_related_not_related":"","_relevanssi_related_posts":"","_relevanssi_noindex_reason":"","_monsterinsights_skip_tracking":false,"_monsterinsights_sitenote_active":false,"_monsterinsights_sitenote_note":"","_monsterinsights_sitenote_category":0,"_genesis_hide_title":false,"_genesis_hide_breadcrumbs":false,"_genesis_hide_singular_image":false,"_genesis_hide_footer_widgets":false,"_genesis_custom_body_class":"","_genesis_custom_post_class":"","_genesis_layout":"","footnotes":""},"categories":[346,4078],"tags":[5887,2853,806,5005,3368],"class_list":{"0":"post-107345","1":"post","2":"type-post","3":"status-publish","4":"format-standard","5":"has-post-thumbnail","7":"category-eu-news","8":"category-internat-safety-pol","9":"tag-embassy","10":"tag-russia","11":"tag-spain","12":"tag-ukraine","13":"tag-war","14":"entry"},"acf":[],"yoast_head":"<!-- This site is optimized with the Yoast SEO plugin v27.4 - https:\/\/yoast.com\/product\/yoast-seo-wordpress\/ -->\n<title>Spain&#039;s position on the expulsion of 27 employees of the Embassy in Russia | CDE Almer\u00eda - Centro de Documentaci\u00f3n Europea - Universidad de Almer\u00eda<\/title>\n<meta name=\"robots\" content=\"index, follow, max-snippet:-1, max-image-preview:large, max-video-preview:-1\" \/>\n<link rel=\"canonical\" href=\"https:\/\/www.cde.ual.es\/en\/spains-position-on-the-expulsion-of-27-employees-of-the-embassy-in-russia\/\" \/>\n<meta property=\"og:locale\" content=\"en_US\" \/>\n<meta property=\"og:type\" content=\"article\" \/>\n<meta property=\"og:title\" content=\"Spain&#039;s position on the expulsion of 27 employees of the Embassy in Russia | CDE Almer\u00eda - Centro de Documentaci\u00f3n Europea - Universidad de Almer\u00eda\" \/>\n<meta property=\"og:description\" content=\"Spain rejects the decision taken by the Russian Federation to expel a total of 27 staff members of the Spanish Embassy in Russia. The Russian authorities justify this decision on the basis of reciprocity for the expulsion of 27 officials of the Russian Embassy in Madrid notified last April. However, the expulsion decided then by [&hellip;]\" \/>\n<meta property=\"og:url\" content=\"https:\/\/www.cde.ual.es\/en\/spains-position-on-the-expulsion-of-27-employees-of-the-embassy-in-russia\/\" \/>\n<meta property=\"og:site_name\" content=\"CDE Almer\u00eda - Centro de Documentaci\u00f3n Europea - Universidad de Almer\u00eda\" \/>\n<meta property=\"article:publisher\" content=\"https:\/\/www.facebook.com\/cdeuniversidadalmeria\/\" \/>\n<meta property=\"article:published_time\" content=\"2022-05-19T07:53:53+00:00\" \/>\n<meta property=\"article:modified_time\" content=\"2022-05-19T08:24:17+00:00\" \/>\n<meta property=\"og:image\" content=\"https:\/\/www.cde.ual.es\/wp-content\/uploads\/2017\/12\/spain-flag-flutter-spanish-54097.jpeg\" \/>\n\t<meta property=\"og:image:width\" content=\"952\" \/>\n\t<meta property=\"og:image:height\" content=\"465\" \/>\n\t<meta property=\"og:image:type\" content=\"image\/jpeg\" \/>\n<meta name=\"author\" content=\"BECA 2 CDE\" \/>\n<meta name=\"twitter:card\" content=\"summary_large_image\" \/>\n<meta name=\"twitter:creator\" content=\"@cdeualmeria\" \/>\n<meta name=\"twitter:site\" content=\"@cdeualmeria\" \/>\n<meta name=\"twitter:label1\" content=\"Written by\" \/>\n\t<meta name=\"twitter:data1\" content=\"BECA 2 CDE\" \/>\n\t<meta name=\"twitter:label2\" content=\"Est. reading time\" \/>\n\t<meta name=\"twitter:data2\" content=\"1 minute\" \/>\n<script type=\"application\/ld+json\" class=\"yoast-schema-graph\">{\"@context\":\"https:\\\/\\\/schema.org\",\"@graph\":[{\"@type\":\"Article\",\"@id\":\"https:\\\/\\\/www.cde.ual.es\\\/en\\\/spains-position-on-the-expulsion-of-27-employees-of-the-embassy-in-russia\\\/#article\",\"isPartOf\":{\"@id\":\"https:\\\/\\\/www.cde.ual.es\\\/en\\\/spains-position-on-the-expulsion-of-27-employees-of-the-embassy-in-russia\\\/\"},\"author\":{\"name\":\"BECA 2 CDE\",\"@id\":\"https:\\\/\\\/www.cde.ual.es\\\/#\\\/schema\\\/person\\\/ee46ebc19edfa19598c02cff83335acc\"},\"headline\":\"Spain&#8217;s position on the expulsion of 27 employees of the Embassy in Russia\",\"datePublished\":\"2022-05-19T07:53:53+00:00\",\"dateModified\":\"2022-05-19T08:24:17+00:00\",\"mainEntityOfPage\":{\"@id\":\"https:\\\/\\\/www.cde.ual.es\\\/en\\\/spains-position-on-the-expulsion-of-27-employees-of-the-embassy-in-russia\\\/\"},\"wordCount\":144,\"commentCount\":0,\"publisher\":{\"@id\":\"https:\\\/\\\/www.cde.ual.es\\\/#organization\"},\"image\":{\"@id\":\"https:\\\/\\\/www.cde.ual.es\\\/en\\\/spains-position-on-the-expulsion-of-27-employees-of-the-embassy-in-russia\\\/#primaryimage\"},\"thumbnailUrl\":\"https:\\\/\\\/www.cde.ual.es\\\/wp-content\\\/uploads\\\/2017\\\/12\\\/spain-flag-flutter-spanish-54097.jpeg\",\"keywords\":[\"Embassy\",\"russia\",\"Spain\",\"ukraine\",\"war\"],\"articleSection\":[\"EU News\",\"International Safety and Defence Politics\"],\"inLanguage\":\"en-US\",\"potentialAction\":[{\"@type\":\"CommentAction\",\"name\":\"Comment\",\"target\":[\"https:\\\/\\\/www.cde.ual.es\\\/en\\\/spains-position-on-the-expulsion-of-27-employees-of-the-embassy-in-russia\\\/#respond\"]}]},{\"@type\":\"WebPage\",\"@id\":\"https:\\\/\\\/www.cde.ual.es\\\/en\\\/spains-position-on-the-expulsion-of-27-employees-of-the-embassy-in-russia\\\/\",\"url\":\"https:\\\/\\\/www.cde.ual.es\\\/en\\\/spains-position-on-the-expulsion-of-27-employees-of-the-embassy-in-russia\\\/\",\"name\":\"Spain's position on the expulsion of 27 employees of the Embassy in Russia | CDE Almer\u00eda - Centro de Documentaci\u00f3n Europea - Universidad de Almer\u00eda\",\"isPartOf\":{\"@id\":\"https:\\\/\\\/www.cde.ual.es\\\/#website\"},\"primaryImageOfPage\":{\"@id\":\"https:\\\/\\\/www.cde.ual.es\\\/en\\\/spains-position-on-the-expulsion-of-27-employees-of-the-embassy-in-russia\\\/#primaryimage\"},\"image\":{\"@id\":\"https:\\\/\\\/www.cde.ual.es\\\/en\\\/spains-position-on-the-expulsion-of-27-employees-of-the-embassy-in-russia\\\/#primaryimage\"},\"thumbnailUrl\":\"https:\\\/\\\/www.cde.ual.es\\\/wp-content\\\/uploads\\\/2017\\\/12\\\/spain-flag-flutter-spanish-54097.jpeg\",\"datePublished\":\"2022-05-19T07:53:53+00:00\",\"dateModified\":\"2022-05-19T08:24:17+00:00\",\"breadcrumb\":{\"@id\":\"https:\\\/\\\/www.cde.ual.es\\\/en\\\/spains-position-on-the-expulsion-of-27-employees-of-the-embassy-in-russia\\\/#breadcrumb\"},\"inLanguage\":\"en-US\",\"potentialAction\":[{\"@type\":\"ReadAction\",\"target\":[\"https:\\\/\\\/www.cde.ual.es\\\/en\\\/spains-position-on-the-expulsion-of-27-employees-of-the-embassy-in-russia\\\/\"]}]},{\"@type\":\"ImageObject\",\"inLanguage\":\"en-US\",\"@id\":\"https:\\\/\\\/www.cde.ual.es\\\/en\\\/spains-position-on-the-expulsion-of-27-employees-of-the-embassy-in-russia\\\/#primaryimage\",\"url\":\"https:\\\/\\\/www.cde.ual.es\\\/wp-content\\\/uploads\\\/2017\\\/12\\\/spain-flag-flutter-spanish-54097.jpeg\",\"contentUrl\":\"https:\\\/\\\/www.cde.ual.es\\\/wp-content\\\/uploads\\\/2017\\\/12\\\/spain-flag-flutter-spanish-54097.jpeg\",\"width\":952,\"height\":465},{\"@type\":\"BreadcrumbList\",\"@id\":\"https:\\\/\\\/www.cde.ual.es\\\/en\\\/spains-position-on-the-expulsion-of-27-employees-of-the-embassy-in-russia\\\/#breadcrumb\",\"itemListElement\":[{\"@type\":\"ListItem\",\"position\":1,\"name\":\"Inicio\",\"item\":\"https:\\\/\\\/www.cde.ual.es\\\/en\\\/\"},{\"@type\":\"ListItem\",\"position\":2,\"name\":\"EU News\",\"item\":\"https:\\\/\\\/www.cde.ual.es\\\/en\\\/category\\\/eu-news\\\/\"},{\"@type\":\"ListItem\",\"position\":3,\"name\":\"Defence &amp; Security\",\"item\":\"https:\\\/\\\/www.cde.ual.es\\\/en\\\/category\\\/eu-news\\\/defence-security\\\/\"},{\"@type\":\"ListItem\",\"position\":4,\"name\":\"International Safety and Defence Politics\",\"item\":\"https:\\\/\\\/www.cde.ual.es\\\/en\\\/category\\\/eu-news\\\/defence-security\\\/internat-safety-pol\\\/\"},{\"@type\":\"ListItem\",\"position\":5,\"name\":\"Spain&#8217;s position on the expulsion of 27 employees of the Embassy in Russia\"}]},{\"@type\":\"WebSite\",\"@id\":\"https:\\\/\\\/www.cde.ual.es\\\/#website\",\"url\":\"https:\\\/\\\/www.cde.ual.es\\\/\",\"name\":\"CDE Almer\u00eda - Centro de Documentaci\u00f3n Europea - Universidad de Almer\u00eda\",\"description\":\"Centro de Documentaci\u00f3n Europea de la Universidad de Almer\u00eda\",\"publisher\":{\"@id\":\"https:\\\/\\\/www.cde.ual.es\\\/#organization\"},\"alternateName\":\"CDE Almer\u00eda\",\"potentialAction\":[{\"@type\":\"SearchAction\",\"target\":{\"@type\":\"EntryPoint\",\"urlTemplate\":\"https:\\\/\\\/www.cde.ual.es\\\/?s={search_term_string}\"},\"query-input\":{\"@type\":\"PropertyValueSpecification\",\"valueRequired\":true,\"valueName\":\"search_term_string\"}}],\"inLanguage\":\"en-US\"},{\"@type\":\"Organization\",\"@id\":\"https:\\\/\\\/www.cde.ual.es\\\/#organization\",\"name\":\"Centro de Documentaci\u00f3n Europea de Almer\u00eda\",\"url\":\"https:\\\/\\\/www.cde.ual.es\\\/\",\"logo\":{\"@type\":\"ImageObject\",\"inLanguage\":\"en-US\",\"@id\":\"https:\\\/\\\/www.cde.ual.es\\\/#\\\/schema\\\/logo\\\/image\\\/\",\"url\":\"https:\\\/\\\/www.cde.ual.es\\\/wp-content\\\/uploads\\\/2025\\\/07\\\/cde-logo-3.png\",\"contentUrl\":\"https:\\\/\\\/www.cde.ual.es\\\/wp-content\\\/uploads\\\/2025\\\/07\\\/cde-logo-3.png\",\"width\":1400,\"height\":300,\"caption\":\"Centro de Documentaci\u00f3n Europea de Almer\u00eda\"},\"image\":{\"@id\":\"https:\\\/\\\/www.cde.ual.es\\\/#\\\/schema\\\/logo\\\/image\\\/\"},\"sameAs\":[\"https:\\\/\\\/www.facebook.com\\\/cdeuniversidadalmeria\\\/\",\"https:\\\/\\\/x.com\\\/cdeualmeria\",\"https:\\\/\\\/www.tiktok.com\\\/@cdealmeria\",\"https:\\\/\\\/www.instagram.com\\\/cdealmeria\\\/\",\"https:\\\/\\\/www.linkedin.com\\\/in\\\/cde-almera-812b26a9\\\/\"]},{\"@type\":\"Person\",\"@id\":\"https:\\\/\\\/www.cde.ual.es\\\/#\\\/schema\\\/person\\\/ee46ebc19edfa19598c02cff83335acc\",\"name\":\"BECA 2 CDE\",\"image\":{\"@type\":\"ImageObject\",\"inLanguage\":\"en-US\",\"@id\":\"https:\\\/\\\/secure.gravatar.com\\\/avatar\\\/35a481bbc04bbd90e91bdfa3b0b5541036c222a49b9ad37b6889a2afcb5311a5?s=96&d=mm&r=g\",\"url\":\"https:\\\/\\\/secure.gravatar.com\\\/avatar\\\/35a481bbc04bbd90e91bdfa3b0b5541036c222a49b9ad37b6889a2afcb5311a5?s=96&d=mm&r=g\",\"contentUrl\":\"https:\\\/\\\/secure.gravatar.com\\\/avatar\\\/35a481bbc04bbd90e91bdfa3b0b5541036c222a49b9ad37b6889a2afcb5311a5?s=96&d=mm&r=g\",\"caption\":\"BECA 2 CDE\"},\"sameAs\":[\"http:\\\/\\\/www.cdealmeria.com\"]}]}<\/script>\n<!-- \/ Yoast SEO plugin. -->","yoast_head_json":{"title":"Spain's position on the expulsion of 27 employees of the Embassy in Russia | CDE Almer\u00eda - Centro de Documentaci\u00f3n Europea - Universidad de Almer\u00eda","robots":{"index":"index","follow":"follow","max-snippet":"max-snippet:-1","max-image-preview":"max-image-preview:large","max-video-preview":"max-video-preview:-1"},"canonical":"https:\/\/www.cde.ual.es\/en\/spains-position-on-the-expulsion-of-27-employees-of-the-embassy-in-russia\/","og_locale":"en_US","og_type":"article","og_title":"Spain's position on the expulsion of 27 employees of the Embassy in Russia | CDE Almer\u00eda - Centro de Documentaci\u00f3n Europea - Universidad de Almer\u00eda","og_description":"Spain rejects the decision taken by the Russian Federation to expel a total of 27 staff members of the Spanish Embassy in Russia. The Russian authorities justify this decision on the basis of reciprocity for the expulsion of 27 officials of the Russian Embassy in Madrid notified last April. However, the expulsion decided then by [&hellip;]","og_url":"https:\/\/www.cde.ual.es\/en\/spains-position-on-the-expulsion-of-27-employees-of-the-embassy-in-russia\/","og_site_name":"CDE Almer\u00eda - Centro de Documentaci\u00f3n Europea - Universidad de Almer\u00eda","article_publisher":"https:\/\/www.facebook.com\/cdeuniversidadalmeria\/","article_published_time":"2022-05-19T07:53:53+00:00","article_modified_time":"2022-05-19T08:24:17+00:00","og_image":[{"width":952,"height":465,"url":"https:\/\/www.cde.ual.es\/wp-content\/uploads\/2017\/12\/spain-flag-flutter-spanish-54097.jpeg","type":"image\/jpeg"}],"author":"BECA 2 CDE","twitter_card":"summary_large_image","twitter_creator":"@cdeualmeria","twitter_site":"@cdeualmeria","twitter_misc":{"Written by":"BECA 2 CDE","Est. reading time":"1 minute"},"schema":{"@context":"https:\/\/schema.org","@graph":[{"@type":"Article","@id":"https:\/\/www.cde.ual.es\/en\/spains-position-on-the-expulsion-of-27-employees-of-the-embassy-in-russia\/#article","isPartOf":{"@id":"https:\/\/www.cde.ual.es\/en\/spains-position-on-the-expulsion-of-27-employees-of-the-embassy-in-russia\/"},"author":{"name":"BECA 2 CDE","@id":"https:\/\/www.cde.ual.es\/#\/schema\/person\/ee46ebc19edfa19598c02cff83335acc"},"headline":"Spain&#8217;s position on the expulsion of 27 employees of the Embassy in Russia","datePublished":"2022-05-19T07:53:53+00:00","dateModified":"2022-05-19T08:24:17+00:00","mainEntityOfPage":{"@id":"https:\/\/www.cde.ual.es\/en\/spains-position-on-the-expulsion-of-27-employees-of-the-embassy-in-russia\/"},"wordCount":144,"commentCount":0,"publisher":{"@id":"https:\/\/www.cde.ual.es\/#organization"},"image":{"@id":"https:\/\/www.cde.ual.es\/en\/spains-position-on-the-expulsion-of-27-employees-of-the-embassy-in-russia\/#primaryimage"},"thumbnailUrl":"https:\/\/www.cde.ual.es\/wp-content\/uploads\/2017\/12\/spain-flag-flutter-spanish-54097.jpeg","keywords":["Embassy","russia","Spain","ukraine","war"],"articleSection":["EU News","International Safety and Defence Politics"],"inLanguage":"en-US","potentialAction":[{"@type":"CommentAction","name":"Comment","target":["https:\/\/www.cde.ual.es\/en\/spains-position-on-the-expulsion-of-27-employees-of-the-embassy-in-russia\/#respond"]}]},{"@type":"WebPage","@id":"https:\/\/www.cde.ual.es\/en\/spains-position-on-the-expulsion-of-27-employees-of-the-embassy-in-russia\/","url":"https:\/\/www.cde.ual.es\/en\/spains-position-on-the-expulsion-of-27-employees-of-the-embassy-in-russia\/","name":"Spain's position on the expulsion of 27 employees of the Embassy in Russia | CDE Almer\u00eda - Centro de Documentaci\u00f3n Europea - Universidad de Almer\u00eda","isPartOf":{"@id":"https:\/\/www.cde.ual.es\/#website"},"primaryImageOfPage":{"@id":"https:\/\/www.cde.ual.es\/en\/spains-position-on-the-expulsion-of-27-employees-of-the-embassy-in-russia\/#primaryimage"},"image":{"@id":"https:\/\/www.cde.ual.es\/en\/spains-position-on-the-expulsion-of-27-employees-of-the-embassy-in-russia\/#primaryimage"},"thumbnailUrl":"https:\/\/www.cde.ual.es\/wp-content\/uploads\/2017\/12\/spain-flag-flutter-spanish-54097.jpeg","datePublished":"2022-05-19T07:53:53+00:00","dateModified":"2022-05-19T08:24:17+00:00","breadcrumb":{"@id":"https:\/\/www.cde.ual.es\/en\/spains-position-on-the-expulsion-of-27-employees-of-the-embassy-in-russia\/#breadcrumb"},"inLanguage":"en-US","potentialAction":[{"@type":"ReadAction","target":["https:\/\/www.cde.ual.es\/en\/spains-position-on-the-expulsion-of-27-employees-of-the-embassy-in-russia\/"]}]},{"@type":"ImageObject","inLanguage":"en-US","@id":"https:\/\/www.cde.ual.es\/en\/spains-position-on-the-expulsion-of-27-employees-of-the-embassy-in-russia\/#primaryimage","url":"https:\/\/www.cde.ual.es\/wp-content\/uploads\/2017\/12\/spain-flag-flutter-spanish-54097.jpeg","contentUrl":"https:\/\/www.cde.ual.es\/wp-content\/uploads\/2017\/12\/spain-flag-flutter-spanish-54097.jpeg","width":952,"height":465},{"@type":"BreadcrumbList","@id":"https:\/\/www.cde.ual.es\/en\/spains-position-on-the-expulsion-of-27-employees-of-the-embassy-in-russia\/#breadcrumb","itemListElement":[{"@type":"ListItem","position":1,"name":"Inicio","item":"https:\/\/www.cde.ual.es\/en\/"},{"@type":"ListItem","position":2,"name":"EU News","item":"https:\/\/www.cde.ual.es\/en\/category\/eu-news\/"},{"@type":"ListItem","position":3,"name":"Defence &amp; Security","item":"https:\/\/www.cde.ual.es\/en\/category\/eu-news\/defence-security\/"},{"@type":"ListItem","position":4,"name":"International Safety and Defence Politics","item":"https:\/\/www.cde.ual.es\/en\/category\/eu-news\/defence-security\/internat-safety-pol\/"},{"@type":"ListItem","position":5,"name":"Spain&#8217;s position on the expulsion of 27 employees of the Embassy in Russia"}]},{"@type":"WebSite","@id":"https:\/\/www.cde.ual.es\/#website","url":"https:\/\/www.cde.ual.es\/","name":"CDE Almer\u00eda - Centro de Documentaci\u00f3n Europea - Universidad de Almer\u00eda","description":"Centro de Documentaci\u00f3n Europea de la Universidad de Almer\u00eda","publisher":{"@id":"https:\/\/www.cde.ual.es\/#organization"},"alternateName":"CDE Almer\u00eda","potentialAction":[{"@type":"SearchAction","target":{"@type":"EntryPoint","urlTemplate":"https:\/\/www.cde.ual.es\/?s={search_term_string}"},"query-input":{"@type":"PropertyValueSpecification","valueRequired":true,"valueName":"search_term_string"}}],"inLanguage":"en-US"},{"@type":"Organization","@id":"https:\/\/www.cde.ual.es\/#organization","name":"Centro de Documentaci\u00f3n Europea de Almer\u00eda","url":"https:\/\/www.cde.ual.es\/","logo":{"@type":"ImageObject","inLanguage":"en-US","@id":"https:\/\/www.cde.ual.es\/#\/schema\/logo\/image\/","url":"https:\/\/www.cde.ual.es\/wp-content\/uploads\/2025\/07\/cde-logo-3.png","contentUrl":"https:\/\/www.cde.ual.es\/wp-content\/uploads\/2025\/07\/cde-logo-3.png","width":1400,"height":300,"caption":"Centro de Documentaci\u00f3n Europea de Almer\u00eda"},"image":{"@id":"https:\/\/www.cde.ual.es\/#\/schema\/logo\/image\/"},"sameAs":["https:\/\/www.facebook.com\/cdeuniversidadalmeria\/","https:\/\/x.com\/cdeualmeria","https:\/\/www.tiktok.com\/@cdealmeria","https:\/\/www.instagram.com\/cdealmeria\/","https:\/\/www.linkedin.com\/in\/cde-almera-812b26a9\/"]},{"@type":"Person","@id":"https:\/\/www.cde.ual.es\/#\/schema\/person\/ee46ebc19edfa19598c02cff83335acc","name":"BECA 2 CDE","image":{"@type":"ImageObject","inLanguage":"en-US","@id":"https:\/\/secure.gravatar.com\/avatar\/35a481bbc04bbd90e91bdfa3b0b5541036c222a49b9ad37b6889a2afcb5311a5?s=96&d=mm&r=g","url":"https:\/\/secure.gravatar.com\/avatar\/35a481bbc04bbd90e91bdfa3b0b5541036c222a49b9ad37b6889a2afcb5311a5?s=96&d=mm&r=g","contentUrl":"https:\/\/secure.gravatar.com\/avatar\/35a481bbc04bbd90e91bdfa3b0b5541036c222a49b9ad37b6889a2afcb5311a5?s=96&d=mm&r=g","caption":"BECA 2 CDE"},"sameAs":["http:\/\/www.cdealmeria.com"]}]}},"_links":{"self":[{"href":"https:\/\/www.cde.ual.es\/en\/wp-json\/wp\/v2\/posts\/107345","targetHints":{"allow":["GET"]}}],"collection":[{"href":"https:\/\/www.cde.ual.es\/en\/wp-json\/wp\/v2\/posts"}],"about":[{"href":"https:\/\/www.cde.ual.es\/en\/wp-json\/wp\/v2\/types\/post"}],"author":[{"embeddable":true,"href":"https:\/\/www.cde.ual.es\/en\/wp-json\/wp\/v2\/users\/101011"}],"replies":[{"embeddable":true,"href":"https:\/\/www.cde.ual.es\/en\/wp-json\/wp\/v2\/comments?post=107345"}],"version-history":[{"count":0,"href":"https:\/\/www.cde.ual.es\/en\/wp-json\/wp\/v2\/posts\/107345\/revisions"}],"wp:featuredmedia":[{"embeddable":true,"href":"https:\/\/www.cde.ual.es\/en\/wp-json\/wp\/v2\/media\/24303"}],"wp:attachment":[{"href":"https:\/\/www.cde.ual.es\/en\/wp-json\/wp\/v2\/media?parent=107345"}],"wp:term":[{"taxonomy":"category","embeddable":true,"href":"https:\/\/www.cde.ual.es\/en\/wp-json\/wp\/v2\/categories?post=107345"},{"taxonomy":"post_tag","embeddable":true,"href":"https:\/\/www.cde.ual.es\/en\/wp-json\/wp\/v2\/tags?post=107345"}],"curies":[{"name":"wp","href":"https:\/\/api.w.org\/{rel}","templated":true}]}}