{"id":10729,"date":"2018-12-14T08:00:16","date_gmt":"2018-12-14T07:00:16","guid":{"rendered":"http:\/\/www.cde.ual.es\/?p=10729"},"modified":"2018-12-13T11:36:24","modified_gmt":"2018-12-13T10:36:24","slug":"mercado-unico-digital","status":"publish","type":"post","link":"https:\/\/www.cde.ual.es\/en\/mercado-unico-digital\/","title":{"rendered":"Mercado \u00fanico digital"},"content":{"rendered":"<p><em><strong>Los negociadores de la Comisi\u00f3n Europea, el Parlamento Europeo y el Consejo han alcanzado un acuerdo pol\u00edtico sobre la propuesta de legislaci\u00f3n de derechos de autor en programas de radio y televisi\u00f3n.<\/strong><\/em><\/p>\n<p><a href=\"http:\/\/www.cde.ual.es\/wp-content\/uploads\/2018\/12\/blur-camera-crowd-57715-e1544697237682.jpg\"><img decoding=\"async\" class=\"size-medium wp-image-10730 aligncenter\" src=\"http:\/\/www.cde.ual.es\/wp-content\/uploads\/2018\/12\/blur-camera-crowd-57715-300x200.jpg\" alt=\"\" width=\"300\" height=\"200\" \/><\/a><\/p>\n<p>Las nuevas reglas facilitar\u00e1n a los transmisores europeos la disponibilidad de ciertos programas en su TV en vivo o servicios de actualizaci\u00f3n en l\u00ednea, y simplificar\u00e1n la distribuci\u00f3n de m\u00e1s canales de radio y televisi\u00f3n por parte de los operadores de retransmisi\u00f3n. Este acuerdo marca un paso importante hacia un mercado \u00fanico digital en pleno funcionamiento.<\/p>\n<p>El Vicepresidente para el Mercado \u00danico Digital, Andrus Ansip, dijo: &#8220;Estoy muy satisfecho de que hayamos llegado a otro acuerdo que nos acerca a un Mercado \u00danico Digital que funcione. Las reglas actualizadas de transmisi\u00f3n son una parte importante del rompecabezas. Este reglamento tiene el potencial para desbloquear una gran cantidad de contenido de difusi\u00f3n a trav\u00e9s de las fronteras, beneficiando al 41% de los europeos que ven televisi\u00f3n en l\u00ednea, pero tambi\u00e9n a los 20 millones de ciudadanos de la UE que nacieron en un pa\u00eds diferente de la UE en el que viven &#8220;.<\/p>\n<p>La Comisaria de Econom\u00eda y Sociedad Digital, Mariya Gabriel, dijo: &#8220;El acuerdo de hoy es una doble victoria para la diversidad cultural de Europa: los ciudadanos tendr\u00e1n un mejor acceso al contenido rico de Europa, y los creadores y autores ser\u00e1n recompensados \u200b\u200badecuadamente por su contenido&#8221;.<\/p>\n<p>Mientras que el 41% de los europeos ve televisi\u00f3n en l\u00ednea, el n\u00famero es mayor entre las generaciones j\u00f3venes, con el 50% de los europeos de 15 a 24 a\u00f1os que lo hacen al menos una vez por semana. Y entre los europeos de 15 a 45 a\u00f1os, el 19% usa servicios de transmisi\u00f3n en l\u00ednea para ver series de televisi\u00f3n y pel\u00edculas.<\/p>\n<p>\u00bfQu\u00e9 cambiar\u00e1 la directiva para la distribuci\u00f3n de programas de radio y televisi\u00f3n?<\/p>\n<p style=\"padding-left: 30px;\"><strong>El Principio del pa\u00eds de origen (COO):<\/strong> la Directiva introduce el principio del pa\u00eds de origen (COO) para facilitar la concesi\u00f3n de licencias de derechos para ciertos programas que los emisores pueden desear ofrecer en sus servicios en l\u00ednea (difusi\u00f3n simult\u00e1nea, servicios de actualizaci\u00f3n y otros). Servicios que complementan la emisi\u00f3n principal, como la vista previa). Gracias a este mecanismo, los organismos de radiodifusi\u00f3n podr\u00e1n realizar programas de radio, noticias de televisi\u00f3n y programas de actualidad, as\u00ed como sus producciones totalmente financiadas, disponibles en l\u00ednea en todos los pa\u00edses de la UE.<\/p>\n<p style=\"padding-left: 30px;\"><strong>Retransmisi\u00f3n:<\/strong> la Directiva proporciona un mecanismo para facilitar la concesi\u00f3n de licencias de derechos en el caso de la retransmisi\u00f3n de programas de radio y televisi\u00f3n, que incluye los servicios de retransmisi\u00f3n prestados a trav\u00e9s de Internet bajo ciertas condiciones. Se espera que esta medida contribuya a una distribuci\u00f3n m\u00e1s amplia de los canales de radio y televisi\u00f3n.<\/p>\n<p style=\"padding-left: 30px;\"><strong>Inyecci\u00f3n directa:<\/strong> la inyecci\u00f3n directa es un proceso cada vez m\u00e1s utilizado por las emisoras para transmitir sus programas al p\u00fablico. Las nuevas reglas garantizar\u00e1n que los titulares de derechos reciban una remuneraci\u00f3n adecuada cuando sus obras se utilicen en programas transmitidos mediante inyecci\u00f3n directa. Proporcionar\u00e1n seguridad jur\u00eddica a los difusores y distribuidores involucrados en el proceso.<\/p>\n<h3>Pr\u00f3ximos pasos<\/h3>\n<p>El acuerdo pol\u00edtico del 13 de\u00a0 tendr\u00e1 que ser confirmado por el Parlamento Europeo y el Consejo de la UE en las pr\u00f3ximas semanas.<\/p>\n<h3>Background<\/h3>\n<p>En septiembre de 2016, la Comisi\u00f3n Europea propuso un Reglamento para facilitar la concesi\u00f3n de licencias de derechos para ciertas transmisiones en l\u00ednea de emisoras y retransmisiones de programas de radio y televisi\u00f3n. Esta propuesta forma parte de una iniciativa m\u00e1s amplia para adaptar las normas de derechos de autor de la UE a la era digital.<\/p>\n<p>Hoy en d\u00eda las emisoras est\u00e1n ofreciendo cada vez m\u00e1s sus emisiones en l\u00ednea. Sin embargo, su programaci\u00f3n en l\u00ednea a menudo no est\u00e1 disponible en otros Estados miembros que no sean su Estado miembro de origen, incluso si podr\u00eda haber un alto inter\u00e9s potencial (por ejemplo, debido al idioma). La complejidad actual en la compensaci\u00f3n de derechos (es decir, la obtenci\u00f3n de autorizaciones de titulares de derechos) dificulta el desarrollo de estos servicios a trav\u00e9s de las fronteras.<\/p>\n<p>La directiva acordada hoy complementa la actual Directiva de sat\u00e9lites y cables, que ya facilita la transmisi\u00f3n y retransmisi\u00f3n por sat\u00e9lite transfronteriza por cable de programas de radio y televisi\u00f3n de otros Estados miembros. Gracias a la Directiva sobre sat\u00e9lites y cables, hay una gran cantidad de canales de televisi\u00f3n disponibles en otros Estados miembros que no sean el Estado miembro de origen. Esto se ha beneficiado para fortalecer la diversidad cultural de Europa y para los europeos que viven en otro Estado miembro.<\/p>\n<h3>Para m\u00e1s informaci\u00f3n:<\/h3>\n<p><a href=\"http:\/\/europa.eu\/rapid\/press-release_IP-16-3010_en.htm\">Comunicado de prensa:<\/a> la Comisi\u00f3n propone normas modernas de derechos de autor de la UE para que la cultura europea florezca y circule<\/p>\n","protected":false},"excerpt":{"rendered":"<p>Los negociadores de la Comisi\u00f3n Europea, el Parlamento Europeo y el Consejo han alcanzado un acuerdo pol\u00edtico sobre la propuesta de legislaci\u00f3n de derechos de autor en programas de radio y televisi\u00f3n. Las nuevas reglas facilitar\u00e1n a los transmisores europeos la disponibilidad de ciertos programas en su TV en vivo o servicios de actualizaci\u00f3n en [&hellip;]<\/p>\n","protected":false},"author":101012,"featured_media":10730,"comment_status":"open","ping_status":"open","sticky":false,"template":"","format":"standard","meta":{"_acf_changed":false,"_relevanssi_hide_post":"","_relevanssi_hide_content":"","_relevanssi_pin_for_all":"","_relevanssi_pin_keywords":"","_relevanssi_unpin_keywords":"","_relevanssi_related_keywords":"","_relevanssi_related_include_ids":"","_relevanssi_related_exclude_ids":"","_relevanssi_related_no_append":"","_relevanssi_related_not_related":"","_relevanssi_related_posts":"","_relevanssi_noindex_reason":"","_monsterinsights_skip_tracking":false,"_monsterinsights_sitenote_active":false,"_monsterinsights_sitenote_note":"","_monsterinsights_sitenote_category":0,"_genesis_hide_title":false,"_genesis_hide_breadcrumbs":false,"_genesis_hide_singular_image":false,"_genesis_hide_footer_widgets":false,"_genesis_custom_body_class":"","_genesis_custom_post_class":"","_genesis_layout":"","footnotes":""},"categories":[96],"tags":[160,126,248,135],"class_list":{"0":"post-10729","1":"post","2":"type-post","3":"status-publish","4":"format-standard","5":"has-post-thumbnail","7":"category-noticias-ue","8":"tag-jovenes","9":"tag-competitividad-empresa","10":"tag-mercado-unico-digital","11":"tag-union-europea","12":"entry"},"acf":[],"yoast_head":"<!-- This site is optimized with the Yoast SEO plugin v27.4 - https:\/\/yoast.com\/product\/yoast-seo-wordpress\/ -->\n<title>Mercado \u00fanico digital | CDE Almer\u00eda - Centro de Documentaci\u00f3n Europea - Universidad de Almer\u00eda<\/title>\n<meta name=\"robots\" content=\"index, follow, max-snippet:-1, max-image-preview:large, max-video-preview:-1\" \/>\n<link rel=\"canonical\" href=\"https:\/\/www.cde.ual.es\/en\/mercado-unico-digital\/\" \/>\n<meta property=\"og:locale\" content=\"en_US\" \/>\n<meta property=\"og:type\" content=\"article\" \/>\n<meta property=\"og:title\" content=\"Mercado \u00fanico digital | CDE Almer\u00eda - Centro de Documentaci\u00f3n Europea - Universidad de Almer\u00eda\" \/>\n<meta property=\"og:description\" content=\"Los negociadores de la Comisi\u00f3n Europea, el Parlamento Europeo y el Consejo han alcanzado un acuerdo pol\u00edtico sobre la propuesta de legislaci\u00f3n de derechos de autor en programas de radio y televisi\u00f3n. Las nuevas reglas facilitar\u00e1n a los transmisores europeos la disponibilidad de ciertos programas en su TV en vivo o servicios de actualizaci\u00f3n en [&hellip;]\" \/>\n<meta property=\"og:url\" content=\"https:\/\/www.cde.ual.es\/en\/mercado-unico-digital\/\" \/>\n<meta property=\"og:site_name\" content=\"CDE Almer\u00eda - Centro de Documentaci\u00f3n Europea - Universidad de Almer\u00eda\" \/>\n<meta property=\"article:publisher\" content=\"https:\/\/www.facebook.com\/cdeuniversidadalmeria\/\" \/>\n<meta property=\"article:published_time\" content=\"2018-12-14T07:00:16+00:00\" \/>\n<meta property=\"og:image\" content=\"https:\/\/www.cde.ual.es\/wp-content\/uploads\/2018\/12\/blur-camera-crowd-57715-e1544697237682.jpg\" \/>\n\t<meta property=\"og:image:width\" content=\"600\" \/>\n\t<meta property=\"og:image:height\" content=\"400\" \/>\n\t<meta property=\"og:image:type\" content=\"image\/jpeg\" \/>\n<meta name=\"author\" content=\"BECACDE1\" \/>\n<meta name=\"twitter:card\" content=\"summary_large_image\" \/>\n<meta name=\"twitter:creator\" content=\"@cdeualmeria\" \/>\n<meta name=\"twitter:site\" content=\"@cdeualmeria\" \/>\n<meta name=\"twitter:label1\" content=\"Written by\" \/>\n\t<meta name=\"twitter:data1\" content=\"BECACDE1\" \/>\n\t<meta name=\"twitter:label2\" content=\"Est. reading time\" \/>\n\t<meta name=\"twitter:data2\" content=\"4 minutes\" \/>\n<script type=\"application\/ld+json\" class=\"yoast-schema-graph\">{\"@context\":\"https:\\\/\\\/schema.org\",\"@graph\":[{\"@type\":\"Article\",\"@id\":\"https:\\\/\\\/www.cde.ual.es\\\/en\\\/mercado-unico-digital\\\/#article\",\"isPartOf\":{\"@id\":\"https:\\\/\\\/www.cde.ual.es\\\/en\\\/mercado-unico-digital\\\/\"},\"author\":{\"name\":\"BECACDE1\",\"@id\":\"https:\\\/\\\/www.cde.ual.es\\\/#\\\/schema\\\/person\\\/bf2f837cf3353e2161fe1087adbd728f\"},\"headline\":\"Mercado \u00fanico digital\",\"datePublished\":\"2018-12-14T07:00:16+00:00\",\"mainEntityOfPage\":{\"@id\":\"https:\\\/\\\/www.cde.ual.es\\\/en\\\/mercado-unico-digital\\\/\"},\"wordCount\":871,\"commentCount\":0,\"publisher\":{\"@id\":\"https:\\\/\\\/www.cde.ual.es\\\/#organization\"},\"image\":{\"@id\":\"https:\\\/\\\/www.cde.ual.es\\\/en\\\/mercado-unico-digital\\\/#primaryimage\"},\"thumbnailUrl\":\"https:\\\/\\\/www.cde.ual.es\\\/wp-content\\\/uploads\\\/2018\\\/12\\\/blur-camera-crowd-57715-e1544697237682.jpg\",\"keywords\":[\"j\u00f3venes\",\"Mercado en la Uni\u00f3n Europea\",\"Mercado \u00danico Digital\",\"Uni\u00f3n Europea\"],\"articleSection\":[\"Noticias UE\"],\"inLanguage\":\"en-US\",\"potentialAction\":[{\"@type\":\"CommentAction\",\"name\":\"Comment\",\"target\":[\"https:\\\/\\\/www.cde.ual.es\\\/en\\\/mercado-unico-digital\\\/#respond\"]}]},{\"@type\":\"WebPage\",\"@id\":\"https:\\\/\\\/www.cde.ual.es\\\/en\\\/mercado-unico-digital\\\/\",\"url\":\"https:\\\/\\\/www.cde.ual.es\\\/en\\\/mercado-unico-digital\\\/\",\"name\":\"Mercado \u00fanico digital | CDE Almer\u00eda - Centro de Documentaci\u00f3n Europea - Universidad de Almer\u00eda\",\"isPartOf\":{\"@id\":\"https:\\\/\\\/www.cde.ual.es\\\/#website\"},\"primaryImageOfPage\":{\"@id\":\"https:\\\/\\\/www.cde.ual.es\\\/en\\\/mercado-unico-digital\\\/#primaryimage\"},\"image\":{\"@id\":\"https:\\\/\\\/www.cde.ual.es\\\/en\\\/mercado-unico-digital\\\/#primaryimage\"},\"thumbnailUrl\":\"https:\\\/\\\/www.cde.ual.es\\\/wp-content\\\/uploads\\\/2018\\\/12\\\/blur-camera-crowd-57715-e1544697237682.jpg\",\"datePublished\":\"2018-12-14T07:00:16+00:00\",\"breadcrumb\":{\"@id\":\"https:\\\/\\\/www.cde.ual.es\\\/en\\\/mercado-unico-digital\\\/#breadcrumb\"},\"inLanguage\":\"en-US\",\"potentialAction\":[{\"@type\":\"ReadAction\",\"target\":[\"https:\\\/\\\/www.cde.ual.es\\\/en\\\/mercado-unico-digital\\\/\"]}]},{\"@type\":\"ImageObject\",\"inLanguage\":\"en-US\",\"@id\":\"https:\\\/\\\/www.cde.ual.es\\\/en\\\/mercado-unico-digital\\\/#primaryimage\",\"url\":\"https:\\\/\\\/www.cde.ual.es\\\/wp-content\\\/uploads\\\/2018\\\/12\\\/blur-camera-crowd-57715-e1544697237682.jpg\",\"contentUrl\":\"https:\\\/\\\/www.cde.ual.es\\\/wp-content\\\/uploads\\\/2018\\\/12\\\/blur-camera-crowd-57715-e1544697237682.jpg\",\"width\":600,\"height\":400},{\"@type\":\"BreadcrumbList\",\"@id\":\"https:\\\/\\\/www.cde.ual.es\\\/en\\\/mercado-unico-digital\\\/#breadcrumb\",\"itemListElement\":[{\"@type\":\"ListItem\",\"position\":1,\"name\":\"Inicio\",\"item\":\"https:\\\/\\\/www.cde.ual.es\\\/en\\\/\"},{\"@type\":\"ListItem\",\"position\":2,\"name\":\"EU News\",\"item\":\"https:\\\/\\\/www.cde.ual.es\\\/en\\\/category\\\/eu-news\\\/\"},{\"@type\":\"ListItem\",\"position\":3,\"name\":\"Mercado \u00fanico digital\"}]},{\"@type\":\"WebSite\",\"@id\":\"https:\\\/\\\/www.cde.ual.es\\\/#website\",\"url\":\"https:\\\/\\\/www.cde.ual.es\\\/\",\"name\":\"CDE Almer\u00eda - Centro de Documentaci\u00f3n Europea - Universidad de Almer\u00eda\",\"description\":\"Centro de Documentaci\u00f3n Europea de la Universidad de Almer\u00eda\",\"publisher\":{\"@id\":\"https:\\\/\\\/www.cde.ual.es\\\/#organization\"},\"alternateName\":\"CDE Almer\u00eda\",\"potentialAction\":[{\"@type\":\"SearchAction\",\"target\":{\"@type\":\"EntryPoint\",\"urlTemplate\":\"https:\\\/\\\/www.cde.ual.es\\\/?s={search_term_string}\"},\"query-input\":{\"@type\":\"PropertyValueSpecification\",\"valueRequired\":true,\"valueName\":\"search_term_string\"}}],\"inLanguage\":\"en-US\"},{\"@type\":\"Organization\",\"@id\":\"https:\\\/\\\/www.cde.ual.es\\\/#organization\",\"name\":\"Centro de Documentaci\u00f3n Europea de Almer\u00eda\",\"url\":\"https:\\\/\\\/www.cde.ual.es\\\/\",\"logo\":{\"@type\":\"ImageObject\",\"inLanguage\":\"en-US\",\"@id\":\"https:\\\/\\\/www.cde.ual.es\\\/#\\\/schema\\\/logo\\\/image\\\/\",\"url\":\"https:\\\/\\\/www.cde.ual.es\\\/wp-content\\\/uploads\\\/2025\\\/07\\\/cde-logo-3.png\",\"contentUrl\":\"https:\\\/\\\/www.cde.ual.es\\\/wp-content\\\/uploads\\\/2025\\\/07\\\/cde-logo-3.png\",\"width\":1400,\"height\":300,\"caption\":\"Centro de Documentaci\u00f3n Europea de Almer\u00eda\"},\"image\":{\"@id\":\"https:\\\/\\\/www.cde.ual.es\\\/#\\\/schema\\\/logo\\\/image\\\/\"},\"sameAs\":[\"https:\\\/\\\/www.facebook.com\\\/cdeuniversidadalmeria\\\/\",\"https:\\\/\\\/x.com\\\/cdeualmeria\",\"https:\\\/\\\/www.tiktok.com\\\/@cdealmeria\",\"https:\\\/\\\/www.instagram.com\\\/cdealmeria\\\/\",\"https:\\\/\\\/www.linkedin.com\\\/in\\\/cde-almera-812b26a9\\\/\"]},{\"@type\":\"Person\",\"@id\":\"https:\\\/\\\/www.cde.ual.es\\\/#\\\/schema\\\/person\\\/bf2f837cf3353e2161fe1087adbd728f\",\"name\":\"BECACDE1\",\"image\":{\"@type\":\"ImageObject\",\"inLanguage\":\"en-US\",\"@id\":\"https:\\\/\\\/secure.gravatar.com\\\/avatar\\\/16a4c1e422b5dec818ee13eab3353b19db9cfd278cc10f9b0e1188a37671d9d4?s=96&d=mm&r=g\",\"url\":\"https:\\\/\\\/secure.gravatar.com\\\/avatar\\\/16a4c1e422b5dec818ee13eab3353b19db9cfd278cc10f9b0e1188a37671d9d4?s=96&d=mm&r=g\",\"contentUrl\":\"https:\\\/\\\/secure.gravatar.com\\\/avatar\\\/16a4c1e422b5dec818ee13eab3353b19db9cfd278cc10f9b0e1188a37671d9d4?s=96&d=mm&r=g\",\"caption\":\"BECACDE1\"},\"sameAs\":[\"http:\\\/\\\/www.cdealmeria.com\"]}]}<\/script>\n<!-- \/ Yoast SEO plugin. -->","yoast_head_json":{"title":"Mercado \u00fanico digital | CDE Almer\u00eda - Centro de Documentaci\u00f3n Europea - Universidad de Almer\u00eda","robots":{"index":"index","follow":"follow","max-snippet":"max-snippet:-1","max-image-preview":"max-image-preview:large","max-video-preview":"max-video-preview:-1"},"canonical":"https:\/\/www.cde.ual.es\/en\/mercado-unico-digital\/","og_locale":"en_US","og_type":"article","og_title":"Mercado \u00fanico digital | CDE Almer\u00eda - Centro de Documentaci\u00f3n Europea - Universidad de Almer\u00eda","og_description":"Los negociadores de la Comisi\u00f3n Europea, el Parlamento Europeo y el Consejo han alcanzado un acuerdo pol\u00edtico sobre la propuesta de legislaci\u00f3n de derechos de autor en programas de radio y televisi\u00f3n. Las nuevas reglas facilitar\u00e1n a los transmisores europeos la disponibilidad de ciertos programas en su TV en vivo o servicios de actualizaci\u00f3n en [&hellip;]","og_url":"https:\/\/www.cde.ual.es\/en\/mercado-unico-digital\/","og_site_name":"CDE Almer\u00eda - Centro de Documentaci\u00f3n Europea - Universidad de Almer\u00eda","article_publisher":"https:\/\/www.facebook.com\/cdeuniversidadalmeria\/","article_published_time":"2018-12-14T07:00:16+00:00","og_image":[{"width":600,"height":400,"url":"https:\/\/www.cde.ual.es\/wp-content\/uploads\/2018\/12\/blur-camera-crowd-57715-e1544697237682.jpg","type":"image\/jpeg"}],"author":"BECACDE1","twitter_card":"summary_large_image","twitter_creator":"@cdeualmeria","twitter_site":"@cdeualmeria","twitter_misc":{"Written by":"BECACDE1","Est. reading time":"4 minutes"},"schema":{"@context":"https:\/\/schema.org","@graph":[{"@type":"Article","@id":"https:\/\/www.cde.ual.es\/en\/mercado-unico-digital\/#article","isPartOf":{"@id":"https:\/\/www.cde.ual.es\/en\/mercado-unico-digital\/"},"author":{"name":"BECACDE1","@id":"https:\/\/www.cde.ual.es\/#\/schema\/person\/bf2f837cf3353e2161fe1087adbd728f"},"headline":"Mercado \u00fanico digital","datePublished":"2018-12-14T07:00:16+00:00","mainEntityOfPage":{"@id":"https:\/\/www.cde.ual.es\/en\/mercado-unico-digital\/"},"wordCount":871,"commentCount":0,"publisher":{"@id":"https:\/\/www.cde.ual.es\/#organization"},"image":{"@id":"https:\/\/www.cde.ual.es\/en\/mercado-unico-digital\/#primaryimage"},"thumbnailUrl":"https:\/\/www.cde.ual.es\/wp-content\/uploads\/2018\/12\/blur-camera-crowd-57715-e1544697237682.jpg","keywords":["j\u00f3venes","Mercado en la Uni\u00f3n Europea","Mercado \u00danico Digital","Uni\u00f3n Europea"],"articleSection":["Noticias UE"],"inLanguage":"en-US","potentialAction":[{"@type":"CommentAction","name":"Comment","target":["https:\/\/www.cde.ual.es\/en\/mercado-unico-digital\/#respond"]}]},{"@type":"WebPage","@id":"https:\/\/www.cde.ual.es\/en\/mercado-unico-digital\/","url":"https:\/\/www.cde.ual.es\/en\/mercado-unico-digital\/","name":"Mercado \u00fanico digital | CDE Almer\u00eda - Centro de Documentaci\u00f3n Europea - Universidad de Almer\u00eda","isPartOf":{"@id":"https:\/\/www.cde.ual.es\/#website"},"primaryImageOfPage":{"@id":"https:\/\/www.cde.ual.es\/en\/mercado-unico-digital\/#primaryimage"},"image":{"@id":"https:\/\/www.cde.ual.es\/en\/mercado-unico-digital\/#primaryimage"},"thumbnailUrl":"https:\/\/www.cde.ual.es\/wp-content\/uploads\/2018\/12\/blur-camera-crowd-57715-e1544697237682.jpg","datePublished":"2018-12-14T07:00:16+00:00","breadcrumb":{"@id":"https:\/\/www.cde.ual.es\/en\/mercado-unico-digital\/#breadcrumb"},"inLanguage":"en-US","potentialAction":[{"@type":"ReadAction","target":["https:\/\/www.cde.ual.es\/en\/mercado-unico-digital\/"]}]},{"@type":"ImageObject","inLanguage":"en-US","@id":"https:\/\/www.cde.ual.es\/en\/mercado-unico-digital\/#primaryimage","url":"https:\/\/www.cde.ual.es\/wp-content\/uploads\/2018\/12\/blur-camera-crowd-57715-e1544697237682.jpg","contentUrl":"https:\/\/www.cde.ual.es\/wp-content\/uploads\/2018\/12\/blur-camera-crowd-57715-e1544697237682.jpg","width":600,"height":400},{"@type":"BreadcrumbList","@id":"https:\/\/www.cde.ual.es\/en\/mercado-unico-digital\/#breadcrumb","itemListElement":[{"@type":"ListItem","position":1,"name":"Inicio","item":"https:\/\/www.cde.ual.es\/en\/"},{"@type":"ListItem","position":2,"name":"EU News","item":"https:\/\/www.cde.ual.es\/en\/category\/eu-news\/"},{"@type":"ListItem","position":3,"name":"Mercado \u00fanico digital"}]},{"@type":"WebSite","@id":"https:\/\/www.cde.ual.es\/#website","url":"https:\/\/www.cde.ual.es\/","name":"CDE Almer\u00eda - Centro de Documentaci\u00f3n Europea - Universidad de Almer\u00eda","description":"Centro de Documentaci\u00f3n Europea de la Universidad de Almer\u00eda","publisher":{"@id":"https:\/\/www.cde.ual.es\/#organization"},"alternateName":"CDE Almer\u00eda","potentialAction":[{"@type":"SearchAction","target":{"@type":"EntryPoint","urlTemplate":"https:\/\/www.cde.ual.es\/?s={search_term_string}"},"query-input":{"@type":"PropertyValueSpecification","valueRequired":true,"valueName":"search_term_string"}}],"inLanguage":"en-US"},{"@type":"Organization","@id":"https:\/\/www.cde.ual.es\/#organization","name":"Centro de Documentaci\u00f3n Europea de Almer\u00eda","url":"https:\/\/www.cde.ual.es\/","logo":{"@type":"ImageObject","inLanguage":"en-US","@id":"https:\/\/www.cde.ual.es\/#\/schema\/logo\/image\/","url":"https:\/\/www.cde.ual.es\/wp-content\/uploads\/2025\/07\/cde-logo-3.png","contentUrl":"https:\/\/www.cde.ual.es\/wp-content\/uploads\/2025\/07\/cde-logo-3.png","width":1400,"height":300,"caption":"Centro de Documentaci\u00f3n Europea de Almer\u00eda"},"image":{"@id":"https:\/\/www.cde.ual.es\/#\/schema\/logo\/image\/"},"sameAs":["https:\/\/www.facebook.com\/cdeuniversidadalmeria\/","https:\/\/x.com\/cdeualmeria","https:\/\/www.tiktok.com\/@cdealmeria","https:\/\/www.instagram.com\/cdealmeria\/","https:\/\/www.linkedin.com\/in\/cde-almera-812b26a9\/"]},{"@type":"Person","@id":"https:\/\/www.cde.ual.es\/#\/schema\/person\/bf2f837cf3353e2161fe1087adbd728f","name":"BECACDE1","image":{"@type":"ImageObject","inLanguage":"en-US","@id":"https:\/\/secure.gravatar.com\/avatar\/16a4c1e422b5dec818ee13eab3353b19db9cfd278cc10f9b0e1188a37671d9d4?s=96&d=mm&r=g","url":"https:\/\/secure.gravatar.com\/avatar\/16a4c1e422b5dec818ee13eab3353b19db9cfd278cc10f9b0e1188a37671d9d4?s=96&d=mm&r=g","contentUrl":"https:\/\/secure.gravatar.com\/avatar\/16a4c1e422b5dec818ee13eab3353b19db9cfd278cc10f9b0e1188a37671d9d4?s=96&d=mm&r=g","caption":"BECACDE1"},"sameAs":["http:\/\/www.cdealmeria.com"]}]}},"_links":{"self":[{"href":"https:\/\/www.cde.ual.es\/en\/wp-json\/wp\/v2\/posts\/10729","targetHints":{"allow":["GET"]}}],"collection":[{"href":"https:\/\/www.cde.ual.es\/en\/wp-json\/wp\/v2\/posts"}],"about":[{"href":"https:\/\/www.cde.ual.es\/en\/wp-json\/wp\/v2\/types\/post"}],"author":[{"embeddable":true,"href":"https:\/\/www.cde.ual.es\/en\/wp-json\/wp\/v2\/users\/101012"}],"replies":[{"embeddable":true,"href":"https:\/\/www.cde.ual.es\/en\/wp-json\/wp\/v2\/comments?post=10729"}],"version-history":[{"count":0,"href":"https:\/\/www.cde.ual.es\/en\/wp-json\/wp\/v2\/posts\/10729\/revisions"}],"wp:featuredmedia":[{"embeddable":true,"href":"https:\/\/www.cde.ual.es\/en\/wp-json\/wp\/v2\/media\/10730"}],"wp:attachment":[{"href":"https:\/\/www.cde.ual.es\/en\/wp-json\/wp\/v2\/media?parent=10729"}],"wp:term":[{"taxonomy":"category","embeddable":true,"href":"https:\/\/www.cde.ual.es\/en\/wp-json\/wp\/v2\/categories?post=10729"},{"taxonomy":"post_tag","embeddable":true,"href":"https:\/\/www.cde.ual.es\/en\/wp-json\/wp\/v2\/tags?post=10729"}],"curies":[{"name":"wp","href":"https:\/\/api.w.org\/{rel}","templated":true}]}}