{"id":10684,"date":"2018-12-13T08:00:05","date_gmt":"2018-12-13T07:00:05","guid":{"rendered":"http:\/\/www.cde.ual.es\/?p=10684"},"modified":"2018-12-12T11:34:43","modified_gmt":"2018-12-12T10:34:43","slug":"una-europa-que-escucha-dialogos-con-los-ciudadanos-y-consultas-a-los-ciudadanos","status":"publish","type":"post","link":"https:\/\/www.cde.ual.es\/en\/una-europa-que-escucha-dialogos-con-los-ciudadanos-y-consultas-a-los-ciudadanos\/","title":{"rendered":"Una Europa que escucha: Di\u00e1logos con los ciudadanos y Consultas a los ciudadanos"},"content":{"rendered":"<p style=\"text-align: center;\"><em><strong>En v\u00edsperas del Consejo Europeo, la Comisi\u00f3n Europea ha presentado un informe de situaci\u00f3n sobre los Di\u00e1logos con los ciudadanos y las Consultas a los Ciudadanos.<\/strong><\/em><\/p>\n<p style=\"text-align: center;\"><a href=\"http:\/\/www.cde.ual.es\/wp-content\/uploads\/2018\/12\/cardboard-communication-connecting-1246743.jpg\"><img decoding=\"async\" class=\"alignnone size-medium wp-image-10685\" src=\"http:\/\/www.cde.ual.es\/wp-content\/uploads\/2018\/12\/cardboard-communication-connecting-1246743-300x200.jpg\" alt=\"\" width=\"300\" height=\"200\" \/><\/a><\/p>\n<p>El informe se basa en las contribuciones de los ciudadanos y se utilizar\u00e1 en los debates de los dirigentes de la UE que se celebrar\u00e1n los d\u00edas 13 y 14 de diciembre de 2018. Desde el principio de la Comisi\u00f3n Juncker, 160 000 ciudadanos de diferentes nacionalidades, edades, razas y religiones, y procedentes de todo el espectro pol\u00edtico han participado hasta ahora en m\u00e1s de 1.200 debates p\u00fablicos en ayuntamientos, universidades, f\u00e1bricas y otros lugares de la Uni\u00f3n Europea. El mensaje de los ciudadanos es claro: los europeos desean tener un papel activo en la configuraci\u00f3n del futuro de la Uni\u00f3n.<\/p>\n<p>El presidente de la Comisi\u00f3n Europea, Jean-Claude Juncker, ha declarado: <em>\u00abEl debate y el di\u00e1logo han sido componentes de la labor de la Comisi\u00f3n desde el primer d\u00eda. Hemos entablado un di\u00e1logo permanente con los ciudadanos y todo mi equipo de comisarios ha llegado a cada rinc\u00f3n de la Uni\u00f3n para escuchar las esperanzas, los temores, las expectativas y nuevas ideas de la gente. Las aportaciones recibidas dejan claro que los europeos no solo desean expresarse, sino tambi\u00e9n participar en la toma de decisiones. Europa debe ser m\u00e1s fuerte y estar m\u00e1s unida, y ello solo es posible con m\u00e1s democracia\u00bb.<\/em><\/p>\n<p>El<a href=\"https:\/\/ec.europa.eu\/commission\/progress-reports-citizens-dialogues-and-consultations_en\"> informe<\/a> muestra que casi dos tercios de los europeos son optimistas sobre el futuro de la Uni\u00f3n Europea, el nivel m\u00e1s alto desde 2009. La mayor\u00eda de los ciudadanos considera que Europa es la clave para resolver los retos a que nos enfrentamos actualmente, en particular el cambio clim\u00e1tico, los problemas econ\u00f3micos y sociales, la migraci\u00f3n y la seguridad. Perciben Europa como un continente de valores, un proyecto de paz y un espacio de <strong>libertad<\/strong> y democracia en el que se respetan los <strong>derechos fundamentales.<\/strong><\/p>\n<p>Un setenta por ciento de la poblaci\u00f3n considera que la UE es un lugar estable en un mundo turbulento y desea tanto una <strong>pol\u00edtica exterior<\/strong> com\u00fan como una<strong> pol\u00edtica de defensa com\u00fan<\/strong>.<\/p>\n<p>Si bien muchos son conscientes de las ventajas del euro (casi tres cuartas partes de la poblaci\u00f3n de la zona del euro apoyan la Uni\u00f3n Econ\u00f3mica y Monetaria), siguen inquietando las subidas de precios o la inestabilidad que causa el incumplimiento de las normas. Los europeos desear\u00edan una mayor armonizaci\u00f3n en \u00e1mbitos tales como el medio ambiente y la seguridad alimentaria. Quieren una econom\u00eda din\u00e1mica y reformas para aumentar la eficiencia y la transparencia de la Uni\u00f3n.<\/p>\n<h4>Pr\u00f3ximas etapas<\/h4>\n<p>El informe provisional de hoy sobre el proceso del Libro Blanco se presentar\u00e1 a los Estados miembros en el Consejo Europeo de diciembre de 2018. A continuaci\u00f3n, se presentar\u00e1 un informe final en la primera cumbre de la EU-27 en Sibiu, Ruman\u00eda, el 9 de mayo de 2019, pocas semanas antes de las elecciones europeas.<\/p>\n<h4>Contexto<\/h4>\n<p>En el marco del A\u00f1o Europeo de los Ciudadanos 2013, la Comisi\u00f3n puso en marcha su primer \u00abDi\u00e1logo con los ciudadanos\u00bb para debatir e intercambiar opiniones con los ciudadanos, as\u00ed como con pol\u00edticos nacionales y locales. Estas reuniones p\u00fablicas concebidas y organizadas por la Comisi\u00f3n Europea permiten a los ciudadanos de todos los or\u00edgenes debatir, intercambiar puntos de vista y hablar libremente con los servidores p\u00fablicos, desde los comisarios hasta los diputados al Parlamento Europeo o los miembros del Comit\u00e9 de las Regiones o del Comit\u00e9 Econ\u00f3mico y Social Europeo, pasando por los representantes de las autoridades europeas, nacionales, regionales o locales.<\/p>\n<p>En marzo de 2017, la Comisi\u00f3n puso en marcha un nuevo debate sobre el futuro de la EU-27 con la publicaci\u00f3n de un <a href=\"https:\/\/ec.europa.eu\/commission\/white-paper-future-europe-reflections-and-scenarios-eu27_es.\">\u00abLibro Blanco sobre el Futuro de Europa\u00bb.<\/a> A fin de fomentar ese debate, la Comisi\u00f3n aument\u00f3 considerablemente el n\u00famero de los di\u00e1logos. Los miembros de la Comisi\u00f3n han viajado por toda Europa y han escuchado las opiniones de los ciudadanos sobre los distintos escenarios planteados, brindando a todos los asistentes la oportunidad de contribuir a la configuraci\u00f3n de la Uni\u00f3n.<\/p>\n<p>En marzo de 2018, los 27 Estados miembros aprobaron un marco com\u00fan relativo a las Consultas a los Ciudadanos, complementando el trabajo de la Comisi\u00f3n en este \u00e1mbito. Con el fin de respaldar el proceso, la Comisi\u00f3n puso en marcha una consulta en l\u00ednea espec\u00edfica con preguntas concebidas por un panel europeo de ciudadanos. La consulta en l\u00ednea sobre el futuro de Europa ha recibido m\u00e1s de 75 000 contribuciones.<\/p>\n<p>&nbsp;<\/p>\n<h5>M\u00e1s informaci\u00f3n<\/h5>\n<p><a href=\"https:\/\/ec.europa.eu\/commission\/progress-reports-citizens-dialogues-and-consultations_en\">Informe de situaci\u00f3n sobre los Di\u00e1logos con los ciudadanos y las Consultas a los ciudadanos<\/a><\/p>\n<p><a href=\"https:\/\/ec.europa.eu\/commission\/sites\/beta-political\/files\/soteu2018-citizens-dialogue-brochure_es.pdf\">Folleto: Di\u00e1logos con los ciudadanos sobre el futuro de Europa<\/a><\/p>\n<p><a href=\"http:\/\/ec.europa.eu\/commfrontoffice\/publicopinion\/index.cfm\/Survey\/getSurveyDetail\/instruments\/SPECIAL\/surveyKy\/2217\">Eurobar\u00f3metro especial sobre el futuro de Europa<\/a><\/p>\n<p><a href=\"https:\/\/ec.europa.eu\/commission\/white-paper-future-europe-reflections-and-scenarios-eu27_es.\">Libro Blanco sobre el futuro de Europa<\/a><\/p>\n","protected":false},"excerpt":{"rendered":"<p>En v\u00edsperas del Consejo Europeo, la Comisi\u00f3n Europea ha presentado un informe de situaci\u00f3n sobre los Di\u00e1logos con los ciudadanos y las Consultas a los Ciudadanos. El informe se basa en las contribuciones de los ciudadanos y se utilizar\u00e1 en los debates de los dirigentes de la UE que se celebrar\u00e1n los d\u00edas 13 y [&hellip;]<\/p>\n","protected":false},"author":101011,"featured_media":10685,"comment_status":"open","ping_status":"open","sticky":false,"template":"","format":"standard","meta":{"_acf_changed":false,"_relevanssi_hide_post":"","_relevanssi_hide_content":"","_relevanssi_pin_for_all":"","_relevanssi_pin_keywords":"","_relevanssi_unpin_keywords":"","_relevanssi_related_keywords":"","_relevanssi_related_include_ids":"","_relevanssi_related_exclude_ids":"","_relevanssi_related_no_append":"","_relevanssi_related_not_related":"","_relevanssi_related_posts":"","_relevanssi_noindex_reason":"","_monsterinsights_skip_tracking":false,"_monsterinsights_sitenote_active":false,"_monsterinsights_sitenote_note":"","_monsterinsights_sitenote_category":0,"_genesis_hide_title":false,"_genesis_hide_breadcrumbs":false,"_genesis_hide_singular_image":false,"_genesis_hide_footer_widgets":false,"_genesis_custom_body_class":"","_genesis_custom_post_class":"","_genesis_layout":"","footnotes":""},"categories":[96],"tags":[205,221,227,197],"class_list":{"0":"post-10684","1":"post","2":"type-post","3":"status-publish","4":"format-standard","5":"has-post-thumbnail","7":"category-noticias-ue","8":"tag-ciudadania","9":"tag-consulta-ciudadana","10":"tag-iniciativa-ciudadana","11":"tag-vida-politica","12":"entry"},"acf":[],"yoast_head":"<!-- This site is optimized with the Yoast SEO plugin v27.4 - https:\/\/yoast.com\/product\/yoast-seo-wordpress\/ -->\n<title>Una Europa que escucha: Di\u00e1logos con los ciudadanos y Consultas a los ciudadanos | CDE Almer\u00eda - Centro de Documentaci\u00f3n Europea - Universidad de Almer\u00eda<\/title>\n<meta name=\"robots\" content=\"index, follow, max-snippet:-1, max-image-preview:large, max-video-preview:-1\" \/>\n<link rel=\"canonical\" href=\"https:\/\/www.cde.ual.es\/una-europa-que-escucha-dialogos-con-los-ciudadanos-y-consultas-a-los-ciudadanos\/\" \/>\n<meta property=\"og:locale\" content=\"en_US\" \/>\n<meta property=\"og:type\" content=\"article\" \/>\n<meta property=\"og:title\" content=\"Una Europa que escucha: Di\u00e1logos con los ciudadanos y Consultas a los ciudadanos | CDE Almer\u00eda - Centro de Documentaci\u00f3n Europea - Universidad de Almer\u00eda\" \/>\n<meta property=\"og:description\" content=\"En v\u00edsperas del Consejo Europeo, la Comisi\u00f3n Europea ha presentado un informe de situaci\u00f3n sobre los Di\u00e1logos con los ciudadanos y las Consultas a los Ciudadanos. El informe se basa en las contribuciones de los ciudadanos y se utilizar\u00e1 en los debates de los dirigentes de la UE que se celebrar\u00e1n los d\u00edas 13 y [&hellip;]\" \/>\n<meta property=\"og:url\" content=\"https:\/\/www.cde.ual.es\/una-europa-que-escucha-dialogos-con-los-ciudadanos-y-consultas-a-los-ciudadanos\/\" \/>\n<meta property=\"og:site_name\" content=\"CDE Almer\u00eda - Centro de Documentaci\u00f3n Europea - Universidad de Almer\u00eda\" \/>\n<meta property=\"article:publisher\" content=\"https:\/\/www.facebook.com\/cdeuniversidadalmeria\/\" \/>\n<meta property=\"article:published_time\" content=\"2018-12-13T07:00:05+00:00\" \/>\n<meta property=\"og:image\" content=\"https:\/\/www.cde.ual.es\/wp-content\/uploads\/2018\/12\/cardboard-communication-connecting-1246743-e1544610846229.jpg\" \/>\n\t<meta property=\"og:image:width\" content=\"600\" \/>\n\t<meta property=\"og:image:height\" content=\"400\" \/>\n\t<meta property=\"og:image:type\" content=\"image\/jpeg\" \/>\n<meta name=\"author\" content=\"BECA 2 CDE\" \/>\n<meta name=\"twitter:card\" content=\"summary_large_image\" \/>\n<meta name=\"twitter:creator\" content=\"@cdeualmeria\" \/>\n<meta name=\"twitter:site\" content=\"@cdeualmeria\" \/>\n<meta name=\"twitter:label1\" content=\"Written by\" \/>\n\t<meta name=\"twitter:data1\" content=\"BECA 2 CDE\" \/>\n\t<meta name=\"twitter:label2\" content=\"Est. reading time\" \/>\n\t<meta name=\"twitter:data2\" content=\"4 minutes\" \/>\n<script type=\"application\/ld+json\" class=\"yoast-schema-graph\">{\"@context\":\"https:\\\/\\\/schema.org\",\"@graph\":[{\"@type\":\"Article\",\"@id\":\"https:\\\/\\\/www.cde.ual.es\\\/una-europa-que-escucha-dialogos-con-los-ciudadanos-y-consultas-a-los-ciudadanos\\\/#article\",\"isPartOf\":{\"@id\":\"https:\\\/\\\/www.cde.ual.es\\\/una-europa-que-escucha-dialogos-con-los-ciudadanos-y-consultas-a-los-ciudadanos\\\/\"},\"author\":{\"name\":\"BECA 2 CDE\",\"@id\":\"https:\\\/\\\/www.cde.ual.es\\\/#\\\/schema\\\/person\\\/ee46ebc19edfa19598c02cff83335acc\"},\"headline\":\"Una Europa que escucha: Di\u00e1logos con los ciudadanos y Consultas a los ciudadanos\",\"datePublished\":\"2018-12-13T07:00:05+00:00\",\"mainEntityOfPage\":{\"@id\":\"https:\\\/\\\/www.cde.ual.es\\\/una-europa-que-escucha-dialogos-con-los-ciudadanos-y-consultas-a-los-ciudadanos\\\/\"},\"wordCount\":853,\"commentCount\":0,\"publisher\":{\"@id\":\"https:\\\/\\\/www.cde.ual.es\\\/#organization\"},\"image\":{\"@id\":\"https:\\\/\\\/www.cde.ual.es\\\/una-europa-que-escucha-dialogos-con-los-ciudadanos-y-consultas-a-los-ciudadanos\\\/#primaryimage\"},\"thumbnailUrl\":\"https:\\\/\\\/www.cde.ual.es\\\/wp-content\\\/uploads\\\/2018\\\/12\\\/cardboard-communication-connecting-1246743-e1544610846229.jpg\",\"keywords\":[\"Ciudadan\u00eda\",\"Consultas Ciudadanas\",\"Iniciativa ciudadana\",\"Vida pol\u00edtica\"],\"articleSection\":[\"Noticias UE\"],\"inLanguage\":\"en-US\",\"potentialAction\":[{\"@type\":\"CommentAction\",\"name\":\"Comment\",\"target\":[\"https:\\\/\\\/www.cde.ual.es\\\/una-europa-que-escucha-dialogos-con-los-ciudadanos-y-consultas-a-los-ciudadanos\\\/#respond\"]}]},{\"@type\":\"WebPage\",\"@id\":\"https:\\\/\\\/www.cde.ual.es\\\/una-europa-que-escucha-dialogos-con-los-ciudadanos-y-consultas-a-los-ciudadanos\\\/\",\"url\":\"https:\\\/\\\/www.cde.ual.es\\\/una-europa-que-escucha-dialogos-con-los-ciudadanos-y-consultas-a-los-ciudadanos\\\/\",\"name\":\"Una Europa que escucha: Di\u00e1logos con los ciudadanos y Consultas a los ciudadanos | CDE Almer\u00eda - Centro de Documentaci\u00f3n Europea - Universidad de Almer\u00eda\",\"isPartOf\":{\"@id\":\"https:\\\/\\\/www.cde.ual.es\\\/#website\"},\"primaryImageOfPage\":{\"@id\":\"https:\\\/\\\/www.cde.ual.es\\\/una-europa-que-escucha-dialogos-con-los-ciudadanos-y-consultas-a-los-ciudadanos\\\/#primaryimage\"},\"image\":{\"@id\":\"https:\\\/\\\/www.cde.ual.es\\\/una-europa-que-escucha-dialogos-con-los-ciudadanos-y-consultas-a-los-ciudadanos\\\/#primaryimage\"},\"thumbnailUrl\":\"https:\\\/\\\/www.cde.ual.es\\\/wp-content\\\/uploads\\\/2018\\\/12\\\/cardboard-communication-connecting-1246743-e1544610846229.jpg\",\"datePublished\":\"2018-12-13T07:00:05+00:00\",\"breadcrumb\":{\"@id\":\"https:\\\/\\\/www.cde.ual.es\\\/una-europa-que-escucha-dialogos-con-los-ciudadanos-y-consultas-a-los-ciudadanos\\\/#breadcrumb\"},\"inLanguage\":\"en-US\",\"potentialAction\":[{\"@type\":\"ReadAction\",\"target\":[\"https:\\\/\\\/www.cde.ual.es\\\/una-europa-que-escucha-dialogos-con-los-ciudadanos-y-consultas-a-los-ciudadanos\\\/\"]}]},{\"@type\":\"ImageObject\",\"inLanguage\":\"en-US\",\"@id\":\"https:\\\/\\\/www.cde.ual.es\\\/una-europa-que-escucha-dialogos-con-los-ciudadanos-y-consultas-a-los-ciudadanos\\\/#primaryimage\",\"url\":\"https:\\\/\\\/www.cde.ual.es\\\/wp-content\\\/uploads\\\/2018\\\/12\\\/cardboard-communication-connecting-1246743-e1544610846229.jpg\",\"contentUrl\":\"https:\\\/\\\/www.cde.ual.es\\\/wp-content\\\/uploads\\\/2018\\\/12\\\/cardboard-communication-connecting-1246743-e1544610846229.jpg\",\"width\":600,\"height\":400},{\"@type\":\"BreadcrumbList\",\"@id\":\"https:\\\/\\\/www.cde.ual.es\\\/una-europa-que-escucha-dialogos-con-los-ciudadanos-y-consultas-a-los-ciudadanos\\\/#breadcrumb\",\"itemListElement\":[{\"@type\":\"ListItem\",\"position\":1,\"name\":\"Inicio\",\"item\":\"https:\\\/\\\/www.cde.ual.es\\\/en\\\/\"},{\"@type\":\"ListItem\",\"position\":2,\"name\":\"Noticias UE\",\"item\":\"https:\\\/\\\/www.cde.ual.es\\\/category\\\/noticias-ue\\\/\"},{\"@type\":\"ListItem\",\"position\":3,\"name\":\"Una Europa que escucha: Di\u00e1logos con los ciudadanos y Consultas a los ciudadanos\"}]},{\"@type\":\"WebSite\",\"@id\":\"https:\\\/\\\/www.cde.ual.es\\\/#website\",\"url\":\"https:\\\/\\\/www.cde.ual.es\\\/\",\"name\":\"CDE Almer\u00eda - Centro de Documentaci\u00f3n Europea - Universidad de Almer\u00eda\",\"description\":\"Centro de Documentaci\u00f3n Europea de la Universidad de Almer\u00eda\",\"publisher\":{\"@id\":\"https:\\\/\\\/www.cde.ual.es\\\/#organization\"},\"alternateName\":\"CDE Almer\u00eda\",\"potentialAction\":[{\"@type\":\"SearchAction\",\"target\":{\"@type\":\"EntryPoint\",\"urlTemplate\":\"https:\\\/\\\/www.cde.ual.es\\\/?s={search_term_string}\"},\"query-input\":{\"@type\":\"PropertyValueSpecification\",\"valueRequired\":true,\"valueName\":\"search_term_string\"}}],\"inLanguage\":\"en-US\"},{\"@type\":\"Organization\",\"@id\":\"https:\\\/\\\/www.cde.ual.es\\\/#organization\",\"name\":\"Centro de Documentaci\u00f3n Europea de Almer\u00eda\",\"url\":\"https:\\\/\\\/www.cde.ual.es\\\/\",\"logo\":{\"@type\":\"ImageObject\",\"inLanguage\":\"en-US\",\"@id\":\"https:\\\/\\\/www.cde.ual.es\\\/#\\\/schema\\\/logo\\\/image\\\/\",\"url\":\"https:\\\/\\\/www.cde.ual.es\\\/wp-content\\\/uploads\\\/2025\\\/07\\\/cde-logo-3.png\",\"contentUrl\":\"https:\\\/\\\/www.cde.ual.es\\\/wp-content\\\/uploads\\\/2025\\\/07\\\/cde-logo-3.png\",\"width\":1400,\"height\":300,\"caption\":\"Centro de Documentaci\u00f3n Europea de Almer\u00eda\"},\"image\":{\"@id\":\"https:\\\/\\\/www.cde.ual.es\\\/#\\\/schema\\\/logo\\\/image\\\/\"},\"sameAs\":[\"https:\\\/\\\/www.facebook.com\\\/cdeuniversidadalmeria\\\/\",\"https:\\\/\\\/x.com\\\/cdeualmeria\",\"https:\\\/\\\/www.tiktok.com\\\/@cdealmeria\",\"https:\\\/\\\/www.instagram.com\\\/cdealmeria\\\/\",\"https:\\\/\\\/www.linkedin.com\\\/in\\\/cde-almera-812b26a9\\\/\"]},{\"@type\":\"Person\",\"@id\":\"https:\\\/\\\/www.cde.ual.es\\\/#\\\/schema\\\/person\\\/ee46ebc19edfa19598c02cff83335acc\",\"name\":\"BECA 2 CDE\",\"image\":{\"@type\":\"ImageObject\",\"inLanguage\":\"en-US\",\"@id\":\"https:\\\/\\\/secure.gravatar.com\\\/avatar\\\/35a481bbc04bbd90e91bdfa3b0b5541036c222a49b9ad37b6889a2afcb5311a5?s=96&d=mm&r=g\",\"url\":\"https:\\\/\\\/secure.gravatar.com\\\/avatar\\\/35a481bbc04bbd90e91bdfa3b0b5541036c222a49b9ad37b6889a2afcb5311a5?s=96&d=mm&r=g\",\"contentUrl\":\"https:\\\/\\\/secure.gravatar.com\\\/avatar\\\/35a481bbc04bbd90e91bdfa3b0b5541036c222a49b9ad37b6889a2afcb5311a5?s=96&d=mm&r=g\",\"caption\":\"BECA 2 CDE\"},\"sameAs\":[\"http:\\\/\\\/www.cdealmeria.com\"]}]}<\/script>\n<!-- \/ Yoast SEO plugin. -->","yoast_head_json":{"title":"Una Europa que escucha: Di\u00e1logos con los ciudadanos y Consultas a los ciudadanos | CDE Almer\u00eda - Centro de Documentaci\u00f3n Europea - Universidad de Almer\u00eda","robots":{"index":"index","follow":"follow","max-snippet":"max-snippet:-1","max-image-preview":"max-image-preview:large","max-video-preview":"max-video-preview:-1"},"canonical":"https:\/\/www.cde.ual.es\/una-europa-que-escucha-dialogos-con-los-ciudadanos-y-consultas-a-los-ciudadanos\/","og_locale":"en_US","og_type":"article","og_title":"Una Europa que escucha: Di\u00e1logos con los ciudadanos y Consultas a los ciudadanos | CDE Almer\u00eda - Centro de Documentaci\u00f3n Europea - Universidad de Almer\u00eda","og_description":"En v\u00edsperas del Consejo Europeo, la Comisi\u00f3n Europea ha presentado un informe de situaci\u00f3n sobre los Di\u00e1logos con los ciudadanos y las Consultas a los Ciudadanos. El informe se basa en las contribuciones de los ciudadanos y se utilizar\u00e1 en los debates de los dirigentes de la UE que se celebrar\u00e1n los d\u00edas 13 y [&hellip;]","og_url":"https:\/\/www.cde.ual.es\/una-europa-que-escucha-dialogos-con-los-ciudadanos-y-consultas-a-los-ciudadanos\/","og_site_name":"CDE Almer\u00eda - Centro de Documentaci\u00f3n Europea - Universidad de Almer\u00eda","article_publisher":"https:\/\/www.facebook.com\/cdeuniversidadalmeria\/","article_published_time":"2018-12-13T07:00:05+00:00","og_image":[{"width":600,"height":400,"url":"https:\/\/www.cde.ual.es\/wp-content\/uploads\/2018\/12\/cardboard-communication-connecting-1246743-e1544610846229.jpg","type":"image\/jpeg"}],"author":"BECA 2 CDE","twitter_card":"summary_large_image","twitter_creator":"@cdeualmeria","twitter_site":"@cdeualmeria","twitter_misc":{"Written by":"BECA 2 CDE","Est. reading time":"4 minutes"},"schema":{"@context":"https:\/\/schema.org","@graph":[{"@type":"Article","@id":"https:\/\/www.cde.ual.es\/una-europa-que-escucha-dialogos-con-los-ciudadanos-y-consultas-a-los-ciudadanos\/#article","isPartOf":{"@id":"https:\/\/www.cde.ual.es\/una-europa-que-escucha-dialogos-con-los-ciudadanos-y-consultas-a-los-ciudadanos\/"},"author":{"name":"BECA 2 CDE","@id":"https:\/\/www.cde.ual.es\/#\/schema\/person\/ee46ebc19edfa19598c02cff83335acc"},"headline":"Una Europa que escucha: Di\u00e1logos con los ciudadanos y Consultas a los ciudadanos","datePublished":"2018-12-13T07:00:05+00:00","mainEntityOfPage":{"@id":"https:\/\/www.cde.ual.es\/una-europa-que-escucha-dialogos-con-los-ciudadanos-y-consultas-a-los-ciudadanos\/"},"wordCount":853,"commentCount":0,"publisher":{"@id":"https:\/\/www.cde.ual.es\/#organization"},"image":{"@id":"https:\/\/www.cde.ual.es\/una-europa-que-escucha-dialogos-con-los-ciudadanos-y-consultas-a-los-ciudadanos\/#primaryimage"},"thumbnailUrl":"https:\/\/www.cde.ual.es\/wp-content\/uploads\/2018\/12\/cardboard-communication-connecting-1246743-e1544610846229.jpg","keywords":["Ciudadan\u00eda","Consultas Ciudadanas","Iniciativa ciudadana","Vida pol\u00edtica"],"articleSection":["Noticias UE"],"inLanguage":"en-US","potentialAction":[{"@type":"CommentAction","name":"Comment","target":["https:\/\/www.cde.ual.es\/una-europa-que-escucha-dialogos-con-los-ciudadanos-y-consultas-a-los-ciudadanos\/#respond"]}]},{"@type":"WebPage","@id":"https:\/\/www.cde.ual.es\/una-europa-que-escucha-dialogos-con-los-ciudadanos-y-consultas-a-los-ciudadanos\/","url":"https:\/\/www.cde.ual.es\/una-europa-que-escucha-dialogos-con-los-ciudadanos-y-consultas-a-los-ciudadanos\/","name":"Una Europa que escucha: Di\u00e1logos con los ciudadanos y Consultas a los ciudadanos | CDE Almer\u00eda - Centro de Documentaci\u00f3n Europea - Universidad de Almer\u00eda","isPartOf":{"@id":"https:\/\/www.cde.ual.es\/#website"},"primaryImageOfPage":{"@id":"https:\/\/www.cde.ual.es\/una-europa-que-escucha-dialogos-con-los-ciudadanos-y-consultas-a-los-ciudadanos\/#primaryimage"},"image":{"@id":"https:\/\/www.cde.ual.es\/una-europa-que-escucha-dialogos-con-los-ciudadanos-y-consultas-a-los-ciudadanos\/#primaryimage"},"thumbnailUrl":"https:\/\/www.cde.ual.es\/wp-content\/uploads\/2018\/12\/cardboard-communication-connecting-1246743-e1544610846229.jpg","datePublished":"2018-12-13T07:00:05+00:00","breadcrumb":{"@id":"https:\/\/www.cde.ual.es\/una-europa-que-escucha-dialogos-con-los-ciudadanos-y-consultas-a-los-ciudadanos\/#breadcrumb"},"inLanguage":"en-US","potentialAction":[{"@type":"ReadAction","target":["https:\/\/www.cde.ual.es\/una-europa-que-escucha-dialogos-con-los-ciudadanos-y-consultas-a-los-ciudadanos\/"]}]},{"@type":"ImageObject","inLanguage":"en-US","@id":"https:\/\/www.cde.ual.es\/una-europa-que-escucha-dialogos-con-los-ciudadanos-y-consultas-a-los-ciudadanos\/#primaryimage","url":"https:\/\/www.cde.ual.es\/wp-content\/uploads\/2018\/12\/cardboard-communication-connecting-1246743-e1544610846229.jpg","contentUrl":"https:\/\/www.cde.ual.es\/wp-content\/uploads\/2018\/12\/cardboard-communication-connecting-1246743-e1544610846229.jpg","width":600,"height":400},{"@type":"BreadcrumbList","@id":"https:\/\/www.cde.ual.es\/una-europa-que-escucha-dialogos-con-los-ciudadanos-y-consultas-a-los-ciudadanos\/#breadcrumb","itemListElement":[{"@type":"ListItem","position":1,"name":"Inicio","item":"https:\/\/www.cde.ual.es\/en\/"},{"@type":"ListItem","position":2,"name":"Noticias UE","item":"https:\/\/www.cde.ual.es\/category\/noticias-ue\/"},{"@type":"ListItem","position":3,"name":"Una Europa que escucha: Di\u00e1logos con los ciudadanos y Consultas a los ciudadanos"}]},{"@type":"WebSite","@id":"https:\/\/www.cde.ual.es\/#website","url":"https:\/\/www.cde.ual.es\/","name":"CDE Almer\u00eda - Centro de Documentaci\u00f3n Europea - Universidad de Almer\u00eda","description":"Centro de Documentaci\u00f3n Europea de la Universidad de Almer\u00eda","publisher":{"@id":"https:\/\/www.cde.ual.es\/#organization"},"alternateName":"CDE Almer\u00eda","potentialAction":[{"@type":"SearchAction","target":{"@type":"EntryPoint","urlTemplate":"https:\/\/www.cde.ual.es\/?s={search_term_string}"},"query-input":{"@type":"PropertyValueSpecification","valueRequired":true,"valueName":"search_term_string"}}],"inLanguage":"en-US"},{"@type":"Organization","@id":"https:\/\/www.cde.ual.es\/#organization","name":"Centro de Documentaci\u00f3n Europea de Almer\u00eda","url":"https:\/\/www.cde.ual.es\/","logo":{"@type":"ImageObject","inLanguage":"en-US","@id":"https:\/\/www.cde.ual.es\/#\/schema\/logo\/image\/","url":"https:\/\/www.cde.ual.es\/wp-content\/uploads\/2025\/07\/cde-logo-3.png","contentUrl":"https:\/\/www.cde.ual.es\/wp-content\/uploads\/2025\/07\/cde-logo-3.png","width":1400,"height":300,"caption":"Centro de Documentaci\u00f3n Europea de Almer\u00eda"},"image":{"@id":"https:\/\/www.cde.ual.es\/#\/schema\/logo\/image\/"},"sameAs":["https:\/\/www.facebook.com\/cdeuniversidadalmeria\/","https:\/\/x.com\/cdeualmeria","https:\/\/www.tiktok.com\/@cdealmeria","https:\/\/www.instagram.com\/cdealmeria\/","https:\/\/www.linkedin.com\/in\/cde-almera-812b26a9\/"]},{"@type":"Person","@id":"https:\/\/www.cde.ual.es\/#\/schema\/person\/ee46ebc19edfa19598c02cff83335acc","name":"BECA 2 CDE","image":{"@type":"ImageObject","inLanguage":"en-US","@id":"https:\/\/secure.gravatar.com\/avatar\/35a481bbc04bbd90e91bdfa3b0b5541036c222a49b9ad37b6889a2afcb5311a5?s=96&d=mm&r=g","url":"https:\/\/secure.gravatar.com\/avatar\/35a481bbc04bbd90e91bdfa3b0b5541036c222a49b9ad37b6889a2afcb5311a5?s=96&d=mm&r=g","contentUrl":"https:\/\/secure.gravatar.com\/avatar\/35a481bbc04bbd90e91bdfa3b0b5541036c222a49b9ad37b6889a2afcb5311a5?s=96&d=mm&r=g","caption":"BECA 2 CDE"},"sameAs":["http:\/\/www.cdealmeria.com"]}]}},"_links":{"self":[{"href":"https:\/\/www.cde.ual.es\/en\/wp-json\/wp\/v2\/posts\/10684","targetHints":{"allow":["GET"]}}],"collection":[{"href":"https:\/\/www.cde.ual.es\/en\/wp-json\/wp\/v2\/posts"}],"about":[{"href":"https:\/\/www.cde.ual.es\/en\/wp-json\/wp\/v2\/types\/post"}],"author":[{"embeddable":true,"href":"https:\/\/www.cde.ual.es\/en\/wp-json\/wp\/v2\/users\/101011"}],"replies":[{"embeddable":true,"href":"https:\/\/www.cde.ual.es\/en\/wp-json\/wp\/v2\/comments?post=10684"}],"version-history":[{"count":0,"href":"https:\/\/www.cde.ual.es\/en\/wp-json\/wp\/v2\/posts\/10684\/revisions"}],"wp:featuredmedia":[{"embeddable":true,"href":"https:\/\/www.cde.ual.es\/en\/wp-json\/wp\/v2\/media\/10685"}],"wp:attachment":[{"href":"https:\/\/www.cde.ual.es\/en\/wp-json\/wp\/v2\/media?parent=10684"}],"wp:term":[{"taxonomy":"category","embeddable":true,"href":"https:\/\/www.cde.ual.es\/en\/wp-json\/wp\/v2\/categories?post=10684"},{"taxonomy":"post_tag","embeddable":true,"href":"https:\/\/www.cde.ual.es\/en\/wp-json\/wp\/v2\/tags?post=10684"}],"curies":[{"name":"wp","href":"https:\/\/api.w.org\/{rel}","templated":true}]}}