{"id":10585,"date":"2018-12-11T08:00:49","date_gmt":"2018-12-11T07:00:49","guid":{"rendered":"http:\/\/www.cde.ual.es\/?p=10585"},"modified":"2018-12-10T09:31:10","modified_gmt":"2018-12-10T08:31:10","slug":"una-europa-que-protege-la-ue-intensifica-la-lucha-contra-la-desinformacion","status":"publish","type":"post","link":"https:\/\/www.cde.ual.es\/en\/una-europa-que-protege-la-ue-intensifica-la-lucha-contra-la-desinformacion\/","title":{"rendered":"Una Europa que protege: la UE intensifica la lucha contra la desinformaci\u00f3n"},"content":{"rendered":"<p style=\"text-align: center;\">\n<strong>Para proteger sus sistemas democr\u00e1ticos y sus debates p\u00fablicos, y de cara a las elecciones europeas de 2019, a las que hay que a\u00f1adir una serie de elecciones nacionales y locales que se celebrar\u00e1n en los Estados miembros en 2020, la UE presenta un<a href=\"https:\/\/eeas.europa.eu\/headquarters\/headquarters-homepage\/54866\/action-plan-against-disinformation_en\"> plan de acci\u00f3n<\/a> que intensifica los esfuerzos para contrarrestar la desinformaci\u00f3n tanto en Europa como m\u00e1s all\u00e1.<\/strong><\/p>\n<p><a href=\"http:\/\/www.cde.ual.es\/wp-content\/uploads\/2018\/12\/app-browser-coffee-6335.jpg\"><img decoding=\"async\" class=\"size-medium wp-image-10591 aligncenter\" src=\"http:\/\/www.cde.ual.es\/wp-content\/uploads\/2018\/12\/app-browser-coffee-6335-300x200.jpg\" alt=\"\" width=\"300\" height=\"200\" \/><\/a><\/p>\n<p>Partiendo de los progresos realizados hasta ahora y en respuesta al llamamiento de los l\u00edderes europeos, en\u00a0<a href=\"https:\/\/www.consilium.europa.eu\/en\/press\/press-releases\/2018\/06\/29\/20180628-euco-conclusions-final\/\">junio de 2018,<\/a> a proteger los sistemas democr\u00e1ticos de la Uni\u00f3n, la Comisi\u00f3n Europea y la alta representante plantean medidas concretas para combatir la desinformaci\u00f3n. Se trata, entre otras cosas, de crear un sistema de alerta r\u00e1pida y de supervisar la aplicaci\u00f3n del c\u00f3digo de buenas pr\u00e1cticas suscrito por las plataformas\u00a0online.\u00a0Adem\u00e1s, el\u00a0plan de acci\u00f3n\u00a0contempla aumentar los recursos dedicados a toda esta labor.<\/p>\n<h4>Intensificar la detecci\u00f3n, la respuesta y la sensibilizaci\u00f3n<\/h4>\n<p>El plan de acci\u00f3n \u2014elaborado en estrecha cooperaci\u00f3n con la comisaria de Justicia, Consumidores e Igualdad de G\u00e9nero, V\u011bra\u00a0Jourov\u00e1, el comisario de la Uni\u00f3n de la Seguridad, Julian\u00a0King, y la comisaria de Econom\u00eda y Sociedad Digitales, Mariya\u00a0Gabriel\u2014 se centra en cuatro \u00e1mbitos clave a la hora de reforzar de hecho las capacidades de la UE y la cooperaci\u00f3n entre los Estados miembros y la UE:<\/p>\n<ul>\n<li><strong>Mejora de la detecci\u00f3n:<\/strong>\u00a0se dotar\u00e1 de un considerable n\u00famero adicional de efectivos especializados y herramientas de an\u00e1lisis al Grupo Especial sobre Comunicaci\u00f3n Estrat\u00e9gica y la C\u00e9lula de Fusi\u00f3n contra las Amenazas H\u00edbridas del Servicio Europeo de Acci\u00f3n Exterior (SEAE), as\u00ed como a las delegaciones de la UE en los pa\u00edses vecinos. Se prev\u00e9 que el presupuesto para comunicaci\u00f3n estrat\u00e9gica del SEAE destinado a combatir la desinformaci\u00f3n y sensibilizar sobre sus efectos nefastos duplique con creces el actual, pasando de 1,9 millones de euros en 2018 a 5 millones de euros en 2019. Los Estados miembros de la UE deber\u00e1n complementar estas medidas reforzando sus propios medios de lucha contra la desinformaci\u00f3n.<\/li>\n<li><strong>Respuesta coordinada:\u00a0<\/strong>se crear\u00e1 un sistema espec\u00edfico de alerta r\u00e1pida entre las instituciones de la UE y los Estados miembros para facilitar el intercambio de datos y la evaluaci\u00f3n de las campa\u00f1as de desinformaci\u00f3n y para emitir en tiempo real alertas de amenazas de desinformaci\u00f3n. Adem\u00e1s, las instituciones de la UE y los Estados miembros se centrar\u00e1n en una comunicaci\u00f3n proactiva y objetiva sobre los valores y pol\u00edticas de la Uni\u00f3n.<\/li>\n<li><strong>Plataformas e industria online:<\/strong> los firmantes del c\u00f3digo de buenas pr\u00e1cticas deber\u00e1n aplicar r\u00e1pida y eficazmente los compromisos contra\u00eddos al firmarlo y centrarse en medidas urgentes de cara a las elecciones europeas de 2019. Esto incluye, en particular, garantizar la transparencia de la publicidad pol\u00edtica, intensificar los esfuerzos por cerrar las cuentas falsas, identificar todas las interacciones no humanas (mensajes difundidos autom\u00e1ticamente por \u00abbots\u00bb) y cooperar con verificadores de datos e investigadores universitarios para detectar campa\u00f1as de desinformaci\u00f3n y hacer que los contenidos verificados sean m\u00e1s visibles y gocen de mayor difusi\u00f3n. Con la ayuda del Grupo Europeo de Reguladores Encargados de los Servicios de Comunicaci\u00f3n Audiovisual, la Comisi\u00f3n garantizar\u00e1 un seguimiento estrecho y continuado de la ejecuci\u00f3n de los compromisos.<\/li>\n<li><strong>Sensibilizaci\u00f3n y empoderamiento:<\/strong>\u00a0junto a campa\u00f1as de informaci\u00f3n espec\u00edficas, las instituciones de la UE y los Estados miembros fomentar\u00e1n la alfabetizaci\u00f3n medi\u00e1tica a trav\u00e9s de programas especializados. Se apoyar\u00e1n equipos nacionales multidisciplinares compuestos por verificadores de datos e investigadores independientes que detecten y desenmascaren las campa\u00f1as de desinformaci\u00f3n en todas las redes sociales.<\/li>\n<\/ul>\n<p>Por \u00faltimo, la Comisi\u00f3n tambi\u00e9n informa hoy sobre los avances en la lucha contra la desinformaci\u00f3n\u00a0online\u00a0desde que presentara su Comunicaci\u00f3n de\u00a0<a href=\"http:\/\/europa.eu\/rapid\/press-release_IP-18-3370_en.htm\">abril de 2018.\u00a0<\/a><\/p>\n<h4>Pr\u00f3ximas etapas<\/h4>\n<p>La Comisi\u00f3n Europea y la alta representante elaborar\u00e1n y aplicar\u00e1n las medidas contempladas en el plan de acci\u00f3n en estrecha colaboraci\u00f3n con los Estados miembros y el Parlamento Europeo.<\/p>\n<p>De cara a las elecciones europeas, el sistema de alerta r\u00e1pida se introducir\u00e1 a m\u00e1s tardar en marzo de 2019, medida que se completar\u00e1 reforzando los recursos correspondientes.<\/p>\n<p>Como m\u00e1ximo a finales de 2018, los signatarios del c\u00f3digo de buenas pr\u00e1cticas deber\u00e1n presentar a la Comisi\u00f3n el primer informe sobre su aplicaci\u00f3n, que la Comisi\u00f3n publicar\u00e1 en enero de 2019. Entre enero y mayo, las plataformas\u00a0online\u00a0deber\u00e1n informar mensualmente a la Comisi\u00f3n. La Comisi\u00f3n tambi\u00e9n evaluar\u00e1 exhaustivamente los 12 primeros meses de aplicaci\u00f3n del c\u00f3digo. Si su aplicaci\u00f3n y sus efectos resultaran insatisfactorios, la Comisi\u00f3n podr\u00e1 proponer nuevas medidas, incluso de car\u00e1cter reglamentario.<\/p>\n<h4>Antecedentes<\/h4>\n<p>La Uni\u00f3n Europea viene combatiendo activamente la desinformaci\u00f3n desde 2015. Tras una\u00a0<a href=\"http:\/\/data.consilium.europa.eu\/doc\/document\/ST-11-2015-INIT\/en\/pdf\">Decisi\u00f3n del Consejo Europeo en marzo de 2015,<\/a> y a fin de \u00abcontrarrestar las actuales campa\u00f1as de desinformaci\u00f3n de Rusia\u00bb, se cre\u00f3 el\u00a0<a href=\"https:\/\/eeas.europa.eu\/headquarters\/headquarters-homepage\/2116\/-questions-and-answers-about-the-east-\">Grupo de Trabajo East StratCom<\/a>, adjunto al Servicio Europeo de Acci\u00f3n Exterior (SEAE). Junto con los servicios responsables de la Comisi\u00f3n, el Grupo de Trabajo se centra en comunicar eficazmente las pol\u00edticas de la UE a sus vecinos del Este, reforzar el entorno medi\u00e1tico global en la vecindad oriental, en particular respaldando la libertad de los medios de comunicaci\u00f3n y proporcionando apoyo a los medios de comunicaci\u00f3n independientes, y mejorar la capacidad de la UE para prever, abordar y dar a conocer las actividades de desinformaci\u00f3n pro Kremlin.<\/p>\n<p>En 2016 se adopt\u00f3 un\u00a0<a href=\"http:\/\/europa.eu\/rapid\/press-release_IP-16-1227_en.htm\">Marco com\u00fan relativo a la lucha contra las amenazas h\u00edbridas<\/a>, al que sigui\u00f3 en 2018 la Comunicaci\u00f3n conjunta sobre\u00a0<a href=\"http:\/\/europa.eu\/rapid\/press-release_IP-18-4123_en.htm\">aumento de la resiliencia e impulso de las capacidades para hacer frente a las amenazas h\u00edbridas.<\/a><\/p>\n<p>En\u00a0abril de 2018, la Comisi\u00f3n plante\u00f3 un enfoque europeo y una serie de herramientas de autorregulaci\u00f3n para combatir la desinformaci\u00f3n\u00a0online, incluido un <a href=\"http:\/\/europa.eu\/rapid\/press-release_STATEMENT-18-5914_en.htm\">c\u00f3digo de buenas pr\u00e1cticas<\/a> contra la desinformaci\u00f3n para toda la UE, el apoyo a una red independiente de verificadores de datos y herramientas para estimular el periodismo de calidad. El 16 de octubre firmaron el\u00a0c\u00f3digo de buenas pr\u00e1cticas\u00a0Facebook, Google, Twitter y Mozilla, junto a la asociaci\u00f3n comercial que representa a las plataformas\u00a0online\u00a0y las asociaciones comerciales que representan a la industria publicitaria y los anunciantes.<\/p>\n<p>Por su parte, en su<a href=\"http:\/\/europa.eu\/rapid\/press-release_IP-18-5681_en.htm\">\u00a0discurso sobre el Estado de la Uni\u00f3n de 2018,<\/a> el presidente Juncker anunci\u00f3 una serie de medidas concretas para garantizar que las elecciones al Parlamento Europeo del a\u00f1o pr\u00f3ximo se desarrollen de manera libre, justa y segura. Las medidas incluyen una mayor transparencia en la publicidad pol\u00edtica en l\u00ednea y la posibilidad de imponer sanciones por el uso ilegal de los datos personales con el fin de influir deliberadamente en el resultado de las elecciones.<\/p>\n<h5>M\u00e1s informaci\u00f3n<\/h5>\n<p><a href=\"https:\/\/eeas.europa.eu\/headquarters\/headquarters-homepage\/54866\/action-plan-against-disinformation_en\">Plan de acci\u00f3n contra la desinformaci\u00f3n<\/a><br \/>\n<a href=\"http:\/\/europa.eu\/rapid\/press-release_MEMO-18-6648_en.htm\">NOTA INFORMATIVA: Preguntas y respuestas \u2013 la UE intensifica la lucha contra la desinformaci\u00f3n<\/a><br \/>\n<a href=\"https:\/\/eeas.europa.eu\/headquarters\/headquarters-homepage\/54831\/action-plan-against-disinformation_en\">Ficha informativa: Plan de acci\u00f3n contra la desinformaci\u00f3n<\/a><br \/>\n<a href=\"https:\/\/ec.europa.eu\/digital-single-market\/en\/news\/communication-tackling-online-disinformation-european-approach\">Comunicaci\u00f3n sobre la lucha contra la desinformaci\u00f3n en l\u00ednea: un enfoque europeo<\/a><br \/>\n<a href=\"https:\/\/ec.europa.eu\/digital-single-market\/en\/news\/report-implementation-communication-tackling-online-disinformation-european-approach\">Informe sobre los avances en la aplicaci\u00f3n de la Comunicaci\u00f3n de abril<\/a><br \/>\n<a href=\"https:\/\/euvsdisinfo.eu\/\">Web de la UE contra la desinformaci\u00f3n<\/a><br \/>\n<a href=\"https:\/\/ec.europa.eu\/digital-single-market\/en\/news\/code-practice-disinformation\">C\u00f3digo de buenas pr\u00e1cticas contra la desinformaci\u00f3n en l\u00ednea\u00a0y\u00a0hojas de ruta para su aplicaci\u00f3n<\/a><br \/>\n<a href=\"http:\/\/ec.europa.eu\/commfrontoffice\/publicopinion\/index.cfm\/survey\/getsurveydetail\/instruments\/special\/surveyky\/2198\">Eurobar\u00f3metro sobre democracia y elecciones<\/a><\/p>\n","protected":false},"excerpt":{"rendered":"<p>Para proteger sus sistemas democr\u00e1ticos y sus debates p\u00fablicos, y de cara a las elecciones europeas de 2019, a las que hay que a\u00f1adir una serie de elecciones nacionales y locales que se celebrar\u00e1n en los Estados miembros en 2020, la UE presenta un plan de acci\u00f3n que intensifica los esfuerzos para contrarrestar la desinformaci\u00f3n [&hellip;]<\/p>\n","protected":false},"author":101011,"featured_media":10591,"comment_status":"open","ping_status":"open","sticky":false,"template":"","format":"standard","meta":{"_acf_changed":false,"_relevanssi_hide_post":"","_relevanssi_hide_content":"","_relevanssi_pin_for_all":"","_relevanssi_pin_keywords":"","_relevanssi_unpin_keywords":"","_relevanssi_related_keywords":"","_relevanssi_related_include_ids":"","_relevanssi_related_exclude_ids":"","_relevanssi_related_no_append":"","_relevanssi_related_not_related":"","_relevanssi_related_posts":"","_relevanssi_noindex_reason":"","_monsterinsights_skip_tracking":false,"_monsterinsights_sitenote_active":false,"_monsterinsights_sitenote_note":"","_monsterinsights_sitenote_category":0,"_genesis_hide_title":false,"_genesis_hide_breadcrumbs":false,"_genesis_hide_singular_image":false,"_genesis_hide_footer_widgets":false,"_genesis_custom_body_class":"","_genesis_custom_post_class":"","_genesis_layout":"","footnotes":""},"categories":[96],"tags":[292,129,135],"class_list":{"0":"post-10585","1":"post","2":"type-post","3":"status-publish","4":"format-standard","5":"has-post-thumbnail","7":"category-noticias-ue","8":"tag-comunicacion","9":"tag-seguridad-defensa","10":"tag-union-europea","11":"entry"},"acf":[],"yoast_head":"<!-- This site is optimized with the Yoast SEO plugin v27.4 - https:\/\/yoast.com\/product\/yoast-seo-wordpress\/ -->\n<title>Una Europa que protege: la UE intensifica la lucha contra la desinformaci\u00f3n | CDE Almer\u00eda - Centro de Documentaci\u00f3n Europea - Universidad de Almer\u00eda<\/title>\n<meta name=\"robots\" content=\"index, follow, max-snippet:-1, max-image-preview:large, max-video-preview:-1\" \/>\n<link rel=\"canonical\" href=\"https:\/\/www.cde.ual.es\/una-europa-que-protege-la-ue-intensifica-la-lucha-contra-la-desinformacion\/\" \/>\n<meta property=\"og:locale\" content=\"en_US\" \/>\n<meta property=\"og:type\" content=\"article\" \/>\n<meta property=\"og:title\" content=\"Una Europa que protege: la UE intensifica la lucha contra la desinformaci\u00f3n | CDE Almer\u00eda - Centro de Documentaci\u00f3n Europea - Universidad de Almer\u00eda\" \/>\n<meta property=\"og:description\" content=\"Para proteger sus sistemas democr\u00e1ticos y sus debates p\u00fablicos, y de cara a las elecciones europeas de 2019, a las que hay que a\u00f1adir una serie de elecciones nacionales y locales que se celebrar\u00e1n en los Estados miembros en 2020, la UE presenta un plan de acci\u00f3n que intensifica los esfuerzos para contrarrestar la desinformaci\u00f3n [&hellip;]\" \/>\n<meta property=\"og:url\" content=\"https:\/\/www.cde.ual.es\/una-europa-que-protege-la-ue-intensifica-la-lucha-contra-la-desinformacion\/\" \/>\n<meta property=\"og:site_name\" content=\"CDE Almer\u00eda - Centro de Documentaci\u00f3n Europea - Universidad de Almer\u00eda\" \/>\n<meta property=\"article:publisher\" content=\"https:\/\/www.facebook.com\/cdeuniversidadalmeria\/\" \/>\n<meta property=\"article:published_time\" content=\"2018-12-11T07:00:49+00:00\" \/>\n<meta property=\"og:image\" content=\"https:\/\/www.cde.ual.es\/wp-content\/uploads\/2018\/12\/app-browser-coffee-6335-e1544430551714.jpg\" \/>\n\t<meta property=\"og:image:width\" content=\"600\" \/>\n\t<meta property=\"og:image:height\" content=\"400\" \/>\n\t<meta property=\"og:image:type\" content=\"image\/jpeg\" \/>\n<meta name=\"author\" content=\"BECA 2 CDE\" \/>\n<meta name=\"twitter:card\" content=\"summary_large_image\" \/>\n<meta name=\"twitter:creator\" content=\"@cdeualmeria\" \/>\n<meta name=\"twitter:site\" content=\"@cdeualmeria\" \/>\n<meta name=\"twitter:label1\" content=\"Written by\" \/>\n\t<meta name=\"twitter:data1\" content=\"BECA 2 CDE\" \/>\n\t<meta name=\"twitter:label2\" content=\"Est. reading time\" \/>\n\t<meta name=\"twitter:data2\" content=\"6 minutes\" \/>\n<script type=\"application\/ld+json\" class=\"yoast-schema-graph\">{\"@context\":\"https:\\\/\\\/schema.org\",\"@graph\":[{\"@type\":\"Article\",\"@id\":\"https:\\\/\\\/www.cde.ual.es\\\/una-europa-que-protege-la-ue-intensifica-la-lucha-contra-la-desinformacion\\\/#article\",\"isPartOf\":{\"@id\":\"https:\\\/\\\/www.cde.ual.es\\\/una-europa-que-protege-la-ue-intensifica-la-lucha-contra-la-desinformacion\\\/\"},\"author\":{\"name\":\"BECA 2 CDE\",\"@id\":\"https:\\\/\\\/www.cde.ual.es\\\/#\\\/schema\\\/person\\\/ee46ebc19edfa19598c02cff83335acc\"},\"headline\":\"Una Europa que protege: la UE intensifica la lucha contra la desinformaci\u00f3n\",\"datePublished\":\"2018-12-11T07:00:49+00:00\",\"mainEntityOfPage\":{\"@id\":\"https:\\\/\\\/www.cde.ual.es\\\/una-europa-que-protege-la-ue-intensifica-la-lucha-contra-la-desinformacion\\\/\"},\"wordCount\":1303,\"commentCount\":0,\"publisher\":{\"@id\":\"https:\\\/\\\/www.cde.ual.es\\\/#organization\"},\"image\":{\"@id\":\"https:\\\/\\\/www.cde.ual.es\\\/una-europa-que-protege-la-ue-intensifica-la-lucha-contra-la-desinformacion\\\/#primaryimage\"},\"thumbnailUrl\":\"https:\\\/\\\/www.cde.ual.es\\\/wp-content\\\/uploads\\\/2018\\\/12\\\/app-browser-coffee-6335-e1544430551714.jpg\",\"keywords\":[\"Comunicaci\u00f3n\",\"Seguridad y Defensa\",\"Uni\u00f3n Europea\"],\"articleSection\":[\"Noticias UE\"],\"inLanguage\":\"en-US\",\"potentialAction\":[{\"@type\":\"CommentAction\",\"name\":\"Comment\",\"target\":[\"https:\\\/\\\/www.cde.ual.es\\\/una-europa-que-protege-la-ue-intensifica-la-lucha-contra-la-desinformacion\\\/#respond\"]}]},{\"@type\":\"WebPage\",\"@id\":\"https:\\\/\\\/www.cde.ual.es\\\/una-europa-que-protege-la-ue-intensifica-la-lucha-contra-la-desinformacion\\\/\",\"url\":\"https:\\\/\\\/www.cde.ual.es\\\/una-europa-que-protege-la-ue-intensifica-la-lucha-contra-la-desinformacion\\\/\",\"name\":\"Una Europa que protege: la UE intensifica la lucha contra la desinformaci\u00f3n | CDE Almer\u00eda - Centro de Documentaci\u00f3n Europea - Universidad de Almer\u00eda\",\"isPartOf\":{\"@id\":\"https:\\\/\\\/www.cde.ual.es\\\/#website\"},\"primaryImageOfPage\":{\"@id\":\"https:\\\/\\\/www.cde.ual.es\\\/una-europa-que-protege-la-ue-intensifica-la-lucha-contra-la-desinformacion\\\/#primaryimage\"},\"image\":{\"@id\":\"https:\\\/\\\/www.cde.ual.es\\\/una-europa-que-protege-la-ue-intensifica-la-lucha-contra-la-desinformacion\\\/#primaryimage\"},\"thumbnailUrl\":\"https:\\\/\\\/www.cde.ual.es\\\/wp-content\\\/uploads\\\/2018\\\/12\\\/app-browser-coffee-6335-e1544430551714.jpg\",\"datePublished\":\"2018-12-11T07:00:49+00:00\",\"breadcrumb\":{\"@id\":\"https:\\\/\\\/www.cde.ual.es\\\/una-europa-que-protege-la-ue-intensifica-la-lucha-contra-la-desinformacion\\\/#breadcrumb\"},\"inLanguage\":\"en-US\",\"potentialAction\":[{\"@type\":\"ReadAction\",\"target\":[\"https:\\\/\\\/www.cde.ual.es\\\/una-europa-que-protege-la-ue-intensifica-la-lucha-contra-la-desinformacion\\\/\"]}]},{\"@type\":\"ImageObject\",\"inLanguage\":\"en-US\",\"@id\":\"https:\\\/\\\/www.cde.ual.es\\\/una-europa-que-protege-la-ue-intensifica-la-lucha-contra-la-desinformacion\\\/#primaryimage\",\"url\":\"https:\\\/\\\/www.cde.ual.es\\\/wp-content\\\/uploads\\\/2018\\\/12\\\/app-browser-coffee-6335-e1544430551714.jpg\",\"contentUrl\":\"https:\\\/\\\/www.cde.ual.es\\\/wp-content\\\/uploads\\\/2018\\\/12\\\/app-browser-coffee-6335-e1544430551714.jpg\",\"width\":600,\"height\":400},{\"@type\":\"BreadcrumbList\",\"@id\":\"https:\\\/\\\/www.cde.ual.es\\\/una-europa-que-protege-la-ue-intensifica-la-lucha-contra-la-desinformacion\\\/#breadcrumb\",\"itemListElement\":[{\"@type\":\"ListItem\",\"position\":1,\"name\":\"Inicio\",\"item\":\"https:\\\/\\\/www.cde.ual.es\\\/en\\\/\"},{\"@type\":\"ListItem\",\"position\":2,\"name\":\"Noticias UE\",\"item\":\"https:\\\/\\\/www.cde.ual.es\\\/category\\\/noticias-ue\\\/\"},{\"@type\":\"ListItem\",\"position\":3,\"name\":\"Una Europa que protege: la UE intensifica la lucha contra la desinformaci\u00f3n\"}]},{\"@type\":\"WebSite\",\"@id\":\"https:\\\/\\\/www.cde.ual.es\\\/#website\",\"url\":\"https:\\\/\\\/www.cde.ual.es\\\/\",\"name\":\"CDE Almer\u00eda - Centro de Documentaci\u00f3n Europea - Universidad de Almer\u00eda\",\"description\":\"Centro de Documentaci\u00f3n Europea de la Universidad de Almer\u00eda\",\"publisher\":{\"@id\":\"https:\\\/\\\/www.cde.ual.es\\\/#organization\"},\"alternateName\":\"CDE Almer\u00eda\",\"potentialAction\":[{\"@type\":\"SearchAction\",\"target\":{\"@type\":\"EntryPoint\",\"urlTemplate\":\"https:\\\/\\\/www.cde.ual.es\\\/?s={search_term_string}\"},\"query-input\":{\"@type\":\"PropertyValueSpecification\",\"valueRequired\":true,\"valueName\":\"search_term_string\"}}],\"inLanguage\":\"en-US\"},{\"@type\":\"Organization\",\"@id\":\"https:\\\/\\\/www.cde.ual.es\\\/#organization\",\"name\":\"Centro de Documentaci\u00f3n Europea de Almer\u00eda\",\"url\":\"https:\\\/\\\/www.cde.ual.es\\\/\",\"logo\":{\"@type\":\"ImageObject\",\"inLanguage\":\"en-US\",\"@id\":\"https:\\\/\\\/www.cde.ual.es\\\/#\\\/schema\\\/logo\\\/image\\\/\",\"url\":\"https:\\\/\\\/www.cde.ual.es\\\/wp-content\\\/uploads\\\/2025\\\/07\\\/cde-logo-3.png\",\"contentUrl\":\"https:\\\/\\\/www.cde.ual.es\\\/wp-content\\\/uploads\\\/2025\\\/07\\\/cde-logo-3.png\",\"width\":1400,\"height\":300,\"caption\":\"Centro de Documentaci\u00f3n Europea de Almer\u00eda\"},\"image\":{\"@id\":\"https:\\\/\\\/www.cde.ual.es\\\/#\\\/schema\\\/logo\\\/image\\\/\"},\"sameAs\":[\"https:\\\/\\\/www.facebook.com\\\/cdeuniversidadalmeria\\\/\",\"https:\\\/\\\/x.com\\\/cdeualmeria\",\"https:\\\/\\\/www.tiktok.com\\\/@cdealmeria\",\"https:\\\/\\\/www.instagram.com\\\/cdealmeria\\\/\",\"https:\\\/\\\/www.linkedin.com\\\/in\\\/cde-almera-812b26a9\\\/\"]},{\"@type\":\"Person\",\"@id\":\"https:\\\/\\\/www.cde.ual.es\\\/#\\\/schema\\\/person\\\/ee46ebc19edfa19598c02cff83335acc\",\"name\":\"BECA 2 CDE\",\"image\":{\"@type\":\"ImageObject\",\"inLanguage\":\"en-US\",\"@id\":\"https:\\\/\\\/secure.gravatar.com\\\/avatar\\\/35a481bbc04bbd90e91bdfa3b0b5541036c222a49b9ad37b6889a2afcb5311a5?s=96&d=mm&r=g\",\"url\":\"https:\\\/\\\/secure.gravatar.com\\\/avatar\\\/35a481bbc04bbd90e91bdfa3b0b5541036c222a49b9ad37b6889a2afcb5311a5?s=96&d=mm&r=g\",\"contentUrl\":\"https:\\\/\\\/secure.gravatar.com\\\/avatar\\\/35a481bbc04bbd90e91bdfa3b0b5541036c222a49b9ad37b6889a2afcb5311a5?s=96&d=mm&r=g\",\"caption\":\"BECA 2 CDE\"},\"sameAs\":[\"http:\\\/\\\/www.cdealmeria.com\"]}]}<\/script>\n<!-- \/ Yoast SEO plugin. -->","yoast_head_json":{"title":"Una Europa que protege: la UE intensifica la lucha contra la desinformaci\u00f3n | CDE Almer\u00eda - Centro de Documentaci\u00f3n Europea - Universidad de Almer\u00eda","robots":{"index":"index","follow":"follow","max-snippet":"max-snippet:-1","max-image-preview":"max-image-preview:large","max-video-preview":"max-video-preview:-1"},"canonical":"https:\/\/www.cde.ual.es\/una-europa-que-protege-la-ue-intensifica-la-lucha-contra-la-desinformacion\/","og_locale":"en_US","og_type":"article","og_title":"Una Europa que protege: la UE intensifica la lucha contra la desinformaci\u00f3n | CDE Almer\u00eda - Centro de Documentaci\u00f3n Europea - Universidad de Almer\u00eda","og_description":"Para proteger sus sistemas democr\u00e1ticos y sus debates p\u00fablicos, y de cara a las elecciones europeas de 2019, a las que hay que a\u00f1adir una serie de elecciones nacionales y locales que se celebrar\u00e1n en los Estados miembros en 2020, la UE presenta un plan de acci\u00f3n que intensifica los esfuerzos para contrarrestar la desinformaci\u00f3n [&hellip;]","og_url":"https:\/\/www.cde.ual.es\/una-europa-que-protege-la-ue-intensifica-la-lucha-contra-la-desinformacion\/","og_site_name":"CDE Almer\u00eda - Centro de Documentaci\u00f3n Europea - Universidad de Almer\u00eda","article_publisher":"https:\/\/www.facebook.com\/cdeuniversidadalmeria\/","article_published_time":"2018-12-11T07:00:49+00:00","og_image":[{"width":600,"height":400,"url":"https:\/\/www.cde.ual.es\/wp-content\/uploads\/2018\/12\/app-browser-coffee-6335-e1544430551714.jpg","type":"image\/jpeg"}],"author":"BECA 2 CDE","twitter_card":"summary_large_image","twitter_creator":"@cdeualmeria","twitter_site":"@cdeualmeria","twitter_misc":{"Written by":"BECA 2 CDE","Est. reading time":"6 minutes"},"schema":{"@context":"https:\/\/schema.org","@graph":[{"@type":"Article","@id":"https:\/\/www.cde.ual.es\/una-europa-que-protege-la-ue-intensifica-la-lucha-contra-la-desinformacion\/#article","isPartOf":{"@id":"https:\/\/www.cde.ual.es\/una-europa-que-protege-la-ue-intensifica-la-lucha-contra-la-desinformacion\/"},"author":{"name":"BECA 2 CDE","@id":"https:\/\/www.cde.ual.es\/#\/schema\/person\/ee46ebc19edfa19598c02cff83335acc"},"headline":"Una Europa que protege: la UE intensifica la lucha contra la desinformaci\u00f3n","datePublished":"2018-12-11T07:00:49+00:00","mainEntityOfPage":{"@id":"https:\/\/www.cde.ual.es\/una-europa-que-protege-la-ue-intensifica-la-lucha-contra-la-desinformacion\/"},"wordCount":1303,"commentCount":0,"publisher":{"@id":"https:\/\/www.cde.ual.es\/#organization"},"image":{"@id":"https:\/\/www.cde.ual.es\/una-europa-que-protege-la-ue-intensifica-la-lucha-contra-la-desinformacion\/#primaryimage"},"thumbnailUrl":"https:\/\/www.cde.ual.es\/wp-content\/uploads\/2018\/12\/app-browser-coffee-6335-e1544430551714.jpg","keywords":["Comunicaci\u00f3n","Seguridad y Defensa","Uni\u00f3n Europea"],"articleSection":["Noticias UE"],"inLanguage":"en-US","potentialAction":[{"@type":"CommentAction","name":"Comment","target":["https:\/\/www.cde.ual.es\/una-europa-que-protege-la-ue-intensifica-la-lucha-contra-la-desinformacion\/#respond"]}]},{"@type":"WebPage","@id":"https:\/\/www.cde.ual.es\/una-europa-que-protege-la-ue-intensifica-la-lucha-contra-la-desinformacion\/","url":"https:\/\/www.cde.ual.es\/una-europa-que-protege-la-ue-intensifica-la-lucha-contra-la-desinformacion\/","name":"Una Europa que protege: la UE intensifica la lucha contra la desinformaci\u00f3n | CDE Almer\u00eda - Centro de Documentaci\u00f3n Europea - Universidad de Almer\u00eda","isPartOf":{"@id":"https:\/\/www.cde.ual.es\/#website"},"primaryImageOfPage":{"@id":"https:\/\/www.cde.ual.es\/una-europa-que-protege-la-ue-intensifica-la-lucha-contra-la-desinformacion\/#primaryimage"},"image":{"@id":"https:\/\/www.cde.ual.es\/una-europa-que-protege-la-ue-intensifica-la-lucha-contra-la-desinformacion\/#primaryimage"},"thumbnailUrl":"https:\/\/www.cde.ual.es\/wp-content\/uploads\/2018\/12\/app-browser-coffee-6335-e1544430551714.jpg","datePublished":"2018-12-11T07:00:49+00:00","breadcrumb":{"@id":"https:\/\/www.cde.ual.es\/una-europa-que-protege-la-ue-intensifica-la-lucha-contra-la-desinformacion\/#breadcrumb"},"inLanguage":"en-US","potentialAction":[{"@type":"ReadAction","target":["https:\/\/www.cde.ual.es\/una-europa-que-protege-la-ue-intensifica-la-lucha-contra-la-desinformacion\/"]}]},{"@type":"ImageObject","inLanguage":"en-US","@id":"https:\/\/www.cde.ual.es\/una-europa-que-protege-la-ue-intensifica-la-lucha-contra-la-desinformacion\/#primaryimage","url":"https:\/\/www.cde.ual.es\/wp-content\/uploads\/2018\/12\/app-browser-coffee-6335-e1544430551714.jpg","contentUrl":"https:\/\/www.cde.ual.es\/wp-content\/uploads\/2018\/12\/app-browser-coffee-6335-e1544430551714.jpg","width":600,"height":400},{"@type":"BreadcrumbList","@id":"https:\/\/www.cde.ual.es\/una-europa-que-protege-la-ue-intensifica-la-lucha-contra-la-desinformacion\/#breadcrumb","itemListElement":[{"@type":"ListItem","position":1,"name":"Inicio","item":"https:\/\/www.cde.ual.es\/en\/"},{"@type":"ListItem","position":2,"name":"Noticias UE","item":"https:\/\/www.cde.ual.es\/category\/noticias-ue\/"},{"@type":"ListItem","position":3,"name":"Una Europa que protege: la UE intensifica la lucha contra la desinformaci\u00f3n"}]},{"@type":"WebSite","@id":"https:\/\/www.cde.ual.es\/#website","url":"https:\/\/www.cde.ual.es\/","name":"CDE Almer\u00eda - Centro de Documentaci\u00f3n Europea - Universidad de Almer\u00eda","description":"Centro de Documentaci\u00f3n Europea de la Universidad de Almer\u00eda","publisher":{"@id":"https:\/\/www.cde.ual.es\/#organization"},"alternateName":"CDE Almer\u00eda","potentialAction":[{"@type":"SearchAction","target":{"@type":"EntryPoint","urlTemplate":"https:\/\/www.cde.ual.es\/?s={search_term_string}"},"query-input":{"@type":"PropertyValueSpecification","valueRequired":true,"valueName":"search_term_string"}}],"inLanguage":"en-US"},{"@type":"Organization","@id":"https:\/\/www.cde.ual.es\/#organization","name":"Centro de Documentaci\u00f3n Europea de Almer\u00eda","url":"https:\/\/www.cde.ual.es\/","logo":{"@type":"ImageObject","inLanguage":"en-US","@id":"https:\/\/www.cde.ual.es\/#\/schema\/logo\/image\/","url":"https:\/\/www.cde.ual.es\/wp-content\/uploads\/2025\/07\/cde-logo-3.png","contentUrl":"https:\/\/www.cde.ual.es\/wp-content\/uploads\/2025\/07\/cde-logo-3.png","width":1400,"height":300,"caption":"Centro de Documentaci\u00f3n Europea de Almer\u00eda"},"image":{"@id":"https:\/\/www.cde.ual.es\/#\/schema\/logo\/image\/"},"sameAs":["https:\/\/www.facebook.com\/cdeuniversidadalmeria\/","https:\/\/x.com\/cdeualmeria","https:\/\/www.tiktok.com\/@cdealmeria","https:\/\/www.instagram.com\/cdealmeria\/","https:\/\/www.linkedin.com\/in\/cde-almera-812b26a9\/"]},{"@type":"Person","@id":"https:\/\/www.cde.ual.es\/#\/schema\/person\/ee46ebc19edfa19598c02cff83335acc","name":"BECA 2 CDE","image":{"@type":"ImageObject","inLanguage":"en-US","@id":"https:\/\/secure.gravatar.com\/avatar\/35a481bbc04bbd90e91bdfa3b0b5541036c222a49b9ad37b6889a2afcb5311a5?s=96&d=mm&r=g","url":"https:\/\/secure.gravatar.com\/avatar\/35a481bbc04bbd90e91bdfa3b0b5541036c222a49b9ad37b6889a2afcb5311a5?s=96&d=mm&r=g","contentUrl":"https:\/\/secure.gravatar.com\/avatar\/35a481bbc04bbd90e91bdfa3b0b5541036c222a49b9ad37b6889a2afcb5311a5?s=96&d=mm&r=g","caption":"BECA 2 CDE"},"sameAs":["http:\/\/www.cdealmeria.com"]}]}},"_links":{"self":[{"href":"https:\/\/www.cde.ual.es\/en\/wp-json\/wp\/v2\/posts\/10585","targetHints":{"allow":["GET"]}}],"collection":[{"href":"https:\/\/www.cde.ual.es\/en\/wp-json\/wp\/v2\/posts"}],"about":[{"href":"https:\/\/www.cde.ual.es\/en\/wp-json\/wp\/v2\/types\/post"}],"author":[{"embeddable":true,"href":"https:\/\/www.cde.ual.es\/en\/wp-json\/wp\/v2\/users\/101011"}],"replies":[{"embeddable":true,"href":"https:\/\/www.cde.ual.es\/en\/wp-json\/wp\/v2\/comments?post=10585"}],"version-history":[{"count":0,"href":"https:\/\/www.cde.ual.es\/en\/wp-json\/wp\/v2\/posts\/10585\/revisions"}],"wp:featuredmedia":[{"embeddable":true,"href":"https:\/\/www.cde.ual.es\/en\/wp-json\/wp\/v2\/media\/10591"}],"wp:attachment":[{"href":"https:\/\/www.cde.ual.es\/en\/wp-json\/wp\/v2\/media?parent=10585"}],"wp:term":[{"taxonomy":"category","embeddable":true,"href":"https:\/\/www.cde.ual.es\/en\/wp-json\/wp\/v2\/categories?post=10585"},{"taxonomy":"post_tag","embeddable":true,"href":"https:\/\/www.cde.ual.es\/en\/wp-json\/wp\/v2\/tags?post=10585"}],"curies":[{"name":"wp","href":"https:\/\/api.w.org\/{rel}","templated":true}]}}