{"id":10565,"date":"2018-12-10T08:26:08","date_gmt":"2018-12-10T07:26:08","guid":{"rendered":"http:\/\/www.cde.ual.es\/?p=10565"},"modified":"2018-12-10T08:26:33","modified_gmt":"2018-12-10T07:26:33","slug":"programa-europa-digital-el-consejo-acuerda-su-posicion","status":"publish","type":"post","link":"https:\/\/www.cde.ual.es\/en\/programa-europa-digital-el-consejo-acuerda-su-posicion\/","title":{"rendered":"Programa Europa Digital: el Consejo acuerda su posici\u00f3n"},"content":{"rendered":"<p style=\"font-weight: 400;\"><em><strong>La UE est\u00e1 poniendo a punto un\u00a0nuevo programa de financiaci\u00f3n, Europa Digital, que se pondr\u00e1 en marcha en 2021, para apoyar la\u00a0transformaci\u00f3n digital de las sociedades europeas y sus econom\u00edas<\/strong><strong>.<\/strong><\/em><\/p>\n<p><a href=\"http:\/\/www.cde.ual.es\/wp-content\/uploads\/2018\/12\/Programa-Europa-Digital.png\"><img decoding=\"async\" class=\"size-medium wp-image-10566 aligncenter\" src=\"http:\/\/www.cde.ual.es\/wp-content\/uploads\/2018\/12\/Programa-Europa-Digital-300x198.png\" alt=\"\" width=\"300\" height=\"198\" srcset=\"https:\/\/www.cde.ual.es\/wp-content\/uploads\/2018\/12\/Programa-Europa-Digital-300x198.png 300w, https:\/\/www.cde.ual.es\/wp-content\/uploads\/2018\/12\/Programa-Europa-Digital-768x507.png 768w, https:\/\/www.cde.ual.es\/wp-content\/uploads\/2018\/12\/Programa-Europa-Digital.png 932w\" sizes=\"(max-width: 300px) 100vw, 300px\" \/><\/a><\/p>\n<p style=\"font-weight: 400;\">El Consejo acord\u00f3 el pasado 4 de diciembre su posici\u00f3n (orientaci\u00f3n general parcial) sobre la propuesta, cuyo objetivo es incrementar el despliegue a gran escala de las tecnolog\u00edas digitales clave y promover su adopci\u00f3n.<\/p>\n<h3>Programa Europea Digital<\/h3>\n<p style=\"font-weight: 400;\">El programa Europa Digital aportar\u00e1 financiaci\u00f3n para proyectos incluidos en cinco \u00e1mbitos:\u00a0la supercomputaci\u00f3n,\u00a0la inteligencia artificial, la ciberseguridad, las competencias digitales avanzadas\u00a0y la extensi\u00f3n del uso de las tecnolog\u00edas digitales\u00a0en toda la econom\u00eda y la sociedad.<\/p>\n<h3>Financiaci\u00f3n<\/h3>\n<p style=\"font-weight: 400;\">La financiaci\u00f3n de proyectos para impulsar la inform\u00e1tica de alto rendimiento beneficiar\u00eda a \u00e1mbitos como la asistencia sanitaria, la seguridad de los veh\u00edculos y la energ\u00eda renovable. Con el apoyo de la UE, las autoridades p\u00fablicas e incluso las empresas m\u00e1s peque\u00f1as tendr\u00e1n un mayor acceso a instalaciones de ensayo en el \u00e1mbito de la inteligencia artificial, lo que contribuir\u00eda a incrementar la utilizaci\u00f3n de esta inteligencia. Tambi\u00e9n se conceder\u00e1 financiaci\u00f3n para la ciberdefensa y para la creaci\u00f3n de equipos avanzados de ciberseguridad.<\/p>\n<p style=\"font-weight: 400;\">El programa prestar\u00e1 apoyo a la formaci\u00f3n en materia de competencias digitales avanzadas destinada a la mano de obra actual y futura, as\u00ed como a las peque\u00f1as y medianas empresas y las administraciones p\u00fablicas. La concesi\u00f3n de financiaci\u00f3n ayudar\u00eda a la transformaci\u00f3n digital de las administraciones p\u00fablicas y a mejorar la interoperabilidad de los servicios p\u00fablicos a escala de la Uni\u00f3n. El programa refuerza tambi\u00e9n la red de centros de innovaci\u00f3n digital, permitiendo a las empresas, en particular a las pymes, y a las administraciones p\u00fablicas, el acceso a conocimiento tecnol\u00f3gico especializado.<\/p>\n<p style=\"font-weight: 400;\">El programa Europa Digital ser\u00e1 complementario de otros programas de apoyo a la transformaci\u00f3n digital, como Horizonte Europa y los aspectos digitales del Mecanismo \u00abConectar Europa\u00bb.<\/p>\n<p style=\"font-weight: 400;\">El texto aprobado constituir\u00e1 la posici\u00f3n del Consejo para las negociaciones con el Parlamento Europeo. Ambas instituciones deben llegar a un acuerdo sobre el texto antes de que \u00e9ste pueda entrar en vigor.<\/p>\n<h3>M\u00e1s informaci\u00f3n<\/h3>\n<p><strong>El texto de la orientaci\u00f3n general parcial del Consejo estar\u00e1 disponible aqu\u00ed.<\/strong><\/p>\n<ul class=\"council-link-list padding-bottom-20\">\n<li><a class=\"\" title=\"Mercado \u00fanico digital de Europa (informaci\u00f3n de referencia)\" href=\"https:\/\/www.consilium.europa.eu\/es\/policies\/digital-single-market\/\">Mercado \u00fanico digital de Europa (informaci\u00f3n de referencia)<\/a><\/li>\n<li><a class=\"\" title=\"Marco financiero plurianual: determinaci\u00f3n del gasto de la UE (informaci\u00f3n de referencia)\" href=\"https:\/\/www.consilium.europa.eu\/es\/policies\/multiannual-financial-framework\/\">Marco financiero plurianual: determinaci\u00f3n del gasto de la UE (informaci\u00f3n de referencia)<\/a><\/li>\n<\/ul>\n<ul>\n<li><a class=\"council-link\" href=\"https:\/\/www.consilium.europa.eu\/es\/meetings\/tte\/2018\/12\/04\/\">Ir a la p\u00e1gina de la reuni\u00f3n<\/a><\/li>\n<\/ul>\n","protected":false},"excerpt":{"rendered":"<p>La UE est\u00e1 poniendo a punto un\u00a0nuevo programa de financiaci\u00f3n, Europa Digital, que se pondr\u00e1 en marcha en 2021, para apoyar la\u00a0transformaci\u00f3n digital de las sociedades europeas y sus econom\u00edas. El Consejo acord\u00f3 el pasado 4 de diciembre su posici\u00f3n (orientaci\u00f3n general parcial) sobre la propuesta, cuyo objetivo es incrementar el despliegue a gran escala [&hellip;]<\/p>\n","protected":false},"author":1,"featured_media":10566,"comment_status":"open","ping_status":"open","sticky":false,"template":"","format":"standard","meta":{"_acf_changed":false,"_relevanssi_hide_post":"","_relevanssi_hide_content":"","_relevanssi_pin_for_all":"","_relevanssi_pin_keywords":"","_relevanssi_unpin_keywords":"","_relevanssi_related_keywords":"","_relevanssi_related_include_ids":"","_relevanssi_related_exclude_ids":"","_relevanssi_related_no_append":"","_relevanssi_related_not_related":"","_relevanssi_related_posts":"","_relevanssi_noindex_reason":"","_monsterinsights_skip_tracking":false,"_monsterinsights_sitenote_active":false,"_monsterinsights_sitenote_note":"","_monsterinsights_sitenote_category":0,"_genesis_hide_title":false,"_genesis_hide_breadcrumbs":false,"_genesis_hide_singular_image":false,"_genesis_hide_footer_widgets":false,"_genesis_custom_body_class":"","_genesis_custom_post_class":"","_genesis_layout":"","footnotes":""},"categories":[96],"tags":[244,257,126,248],"class_list":{"0":"post-10565","1":"post","2":"type-post","3":"status-publish","4":"format-standard","5":"has-post-thumbnail","7":"category-noticias-ue","8":"tag-ciberseguridad","9":"tag-inteligencia-artificial","10":"tag-competitividad-empresa","11":"tag-mercado-unico-digital","12":"entry"},"acf":[],"yoast_head":"<!-- This site is optimized with the Yoast SEO plugin v27.5 - https:\/\/yoast.com\/product\/yoast-seo-wordpress\/ -->\n<title>Programa Europa Digital: el Consejo acuerda su posici\u00f3n | CDE Almer\u00eda - Centro de Documentaci\u00f3n Europea - Universidad de Almer\u00eda<\/title>\n<meta name=\"robots\" content=\"index, follow, max-snippet:-1, max-image-preview:large, max-video-preview:-1\" \/>\n<link rel=\"canonical\" href=\"https:\/\/www.cde.ual.es\/programa-europa-digital-el-consejo-acuerda-su-posicion\/\" \/>\n<meta property=\"og:locale\" content=\"en_US\" \/>\n<meta property=\"og:type\" content=\"article\" \/>\n<meta property=\"og:title\" content=\"Programa Europa Digital: el Consejo acuerda su posici\u00f3n | CDE Almer\u00eda - Centro de Documentaci\u00f3n Europea - Universidad de Almer\u00eda\" \/>\n<meta property=\"og:description\" content=\"La UE est\u00e1 poniendo a punto un\u00a0nuevo programa de financiaci\u00f3n, Europa Digital, que se pondr\u00e1 en marcha en 2021, para apoyar la\u00a0transformaci\u00f3n digital de las sociedades europeas y sus econom\u00edas. El Consejo acord\u00f3 el pasado 4 de diciembre su posici\u00f3n (orientaci\u00f3n general parcial) sobre la propuesta, cuyo objetivo es incrementar el despliegue a gran escala [&hellip;]\" \/>\n<meta property=\"og:url\" content=\"https:\/\/www.cde.ual.es\/programa-europa-digital-el-consejo-acuerda-su-posicion\/\" \/>\n<meta property=\"og:site_name\" content=\"CDE Almer\u00eda - Centro de Documentaci\u00f3n Europea - Universidad de Almer\u00eda\" \/>\n<meta property=\"article:publisher\" content=\"https:\/\/www.facebook.com\/cdeuniversidadalmeria\/\" \/>\n<meta property=\"article:published_time\" content=\"2018-12-10T07:26:08+00:00\" \/>\n<meta property=\"article:modified_time\" content=\"2018-12-10T07:26:33+00:00\" \/>\n<meta property=\"og:image\" content=\"https:\/\/www.cde.ual.es\/wp-content\/uploads\/2018\/12\/Programa-Europa-Digital.png\" \/>\n\t<meta property=\"og:image:width\" content=\"932\" \/>\n\t<meta property=\"og:image:height\" content=\"615\" \/>\n\t<meta property=\"og:image:type\" content=\"image\/png\" \/>\n<meta name=\"author\" content=\"AdminCDE\" \/>\n<meta name=\"twitter:card\" content=\"summary_large_image\" \/>\n<meta name=\"twitter:creator\" content=\"@cdeualmeria\" \/>\n<meta name=\"twitter:site\" content=\"@cdeualmeria\" \/>\n<meta name=\"twitter:label1\" content=\"Written by\" \/>\n\t<meta name=\"twitter:data1\" content=\"AdminCDE\" \/>\n\t<meta name=\"twitter:label2\" content=\"Est. reading time\" \/>\n\t<meta name=\"twitter:data2\" content=\"2 minutes\" \/>\n<script type=\"application\/ld+json\" class=\"yoast-schema-graph\">{\"@context\":\"https:\\\/\\\/schema.org\",\"@graph\":[{\"@type\":\"Article\",\"@id\":\"https:\\\/\\\/www.cde.ual.es\\\/programa-europa-digital-el-consejo-acuerda-su-posicion\\\/#article\",\"isPartOf\":{\"@id\":\"https:\\\/\\\/www.cde.ual.es\\\/programa-europa-digital-el-consejo-acuerda-su-posicion\\\/\"},\"author\":{\"name\":\"AdminCDE\",\"@id\":\"https:\\\/\\\/www.cde.ual.es\\\/#\\\/schema\\\/person\\\/224ef08c8bcc005f319d2713ce37ee5f\"},\"headline\":\"Programa Europa Digital: el Consejo acuerda su posici\u00f3n\",\"datePublished\":\"2018-12-10T07:26:08+00:00\",\"dateModified\":\"2018-12-10T07:26:33+00:00\",\"mainEntityOfPage\":{\"@id\":\"https:\\\/\\\/www.cde.ual.es\\\/programa-europa-digital-el-consejo-acuerda-su-posicion\\\/\"},\"wordCount\":442,\"commentCount\":0,\"publisher\":{\"@id\":\"https:\\\/\\\/www.cde.ual.es\\\/#organization\"},\"image\":{\"@id\":\"https:\\\/\\\/www.cde.ual.es\\\/programa-europa-digital-el-consejo-acuerda-su-posicion\\\/#primaryimage\"},\"thumbnailUrl\":\"https:\\\/\\\/www.cde.ual.es\\\/wp-content\\\/uploads\\\/2018\\\/12\\\/Programa-Europa-Digital.png\",\"keywords\":[\"Ciberseguridad\",\"Inteligencia Artificial\",\"Mercado en la Uni\u00f3n Europea\",\"Mercado \u00danico Digital\"],\"articleSection\":[\"Noticias UE\"],\"inLanguage\":\"en-US\",\"potentialAction\":[{\"@type\":\"CommentAction\",\"name\":\"Comment\",\"target\":[\"https:\\\/\\\/www.cde.ual.es\\\/programa-europa-digital-el-consejo-acuerda-su-posicion\\\/#respond\"]}]},{\"@type\":\"WebPage\",\"@id\":\"https:\\\/\\\/www.cde.ual.es\\\/programa-europa-digital-el-consejo-acuerda-su-posicion\\\/\",\"url\":\"https:\\\/\\\/www.cde.ual.es\\\/programa-europa-digital-el-consejo-acuerda-su-posicion\\\/\",\"name\":\"Programa Europa Digital: el Consejo acuerda su posici\u00f3n | CDE Almer\u00eda - Centro de Documentaci\u00f3n Europea - Universidad de Almer\u00eda\",\"isPartOf\":{\"@id\":\"https:\\\/\\\/www.cde.ual.es\\\/#website\"},\"primaryImageOfPage\":{\"@id\":\"https:\\\/\\\/www.cde.ual.es\\\/programa-europa-digital-el-consejo-acuerda-su-posicion\\\/#primaryimage\"},\"image\":{\"@id\":\"https:\\\/\\\/www.cde.ual.es\\\/programa-europa-digital-el-consejo-acuerda-su-posicion\\\/#primaryimage\"},\"thumbnailUrl\":\"https:\\\/\\\/www.cde.ual.es\\\/wp-content\\\/uploads\\\/2018\\\/12\\\/Programa-Europa-Digital.png\",\"datePublished\":\"2018-12-10T07:26:08+00:00\",\"dateModified\":\"2018-12-10T07:26:33+00:00\",\"breadcrumb\":{\"@id\":\"https:\\\/\\\/www.cde.ual.es\\\/programa-europa-digital-el-consejo-acuerda-su-posicion\\\/#breadcrumb\"},\"inLanguage\":\"en-US\",\"potentialAction\":[{\"@type\":\"ReadAction\",\"target\":[\"https:\\\/\\\/www.cde.ual.es\\\/programa-europa-digital-el-consejo-acuerda-su-posicion\\\/\"]}]},{\"@type\":\"ImageObject\",\"inLanguage\":\"en-US\",\"@id\":\"https:\\\/\\\/www.cde.ual.es\\\/programa-europa-digital-el-consejo-acuerda-su-posicion\\\/#primaryimage\",\"url\":\"https:\\\/\\\/www.cde.ual.es\\\/wp-content\\\/uploads\\\/2018\\\/12\\\/Programa-Europa-Digital.png\",\"contentUrl\":\"https:\\\/\\\/www.cde.ual.es\\\/wp-content\\\/uploads\\\/2018\\\/12\\\/Programa-Europa-Digital.png\",\"width\":932,\"height\":615},{\"@type\":\"BreadcrumbList\",\"@id\":\"https:\\\/\\\/www.cde.ual.es\\\/programa-europa-digital-el-consejo-acuerda-su-posicion\\\/#breadcrumb\",\"itemListElement\":[{\"@type\":\"ListItem\",\"position\":1,\"name\":\"Inicio\",\"item\":\"https:\\\/\\\/www.cde.ual.es\\\/en\\\/\"},{\"@type\":\"ListItem\",\"position\":2,\"name\":\"Noticias UE\",\"item\":\"https:\\\/\\\/www.cde.ual.es\\\/category\\\/noticias-ue\\\/\"},{\"@type\":\"ListItem\",\"position\":3,\"name\":\"Programa Europa Digital: el Consejo acuerda su posici\u00f3n\"}]},{\"@type\":\"WebSite\",\"@id\":\"https:\\\/\\\/www.cde.ual.es\\\/#website\",\"url\":\"https:\\\/\\\/www.cde.ual.es\\\/\",\"name\":\"CDE Almer\u00eda - Centro de Documentaci\u00f3n Europea - Universidad de Almer\u00eda\",\"description\":\"Centro de Documentaci\u00f3n Europea de la Universidad de Almer\u00eda\",\"publisher\":{\"@id\":\"https:\\\/\\\/www.cde.ual.es\\\/#organization\"},\"alternateName\":\"CDE Almer\u00eda\",\"potentialAction\":[{\"@type\":\"SearchAction\",\"target\":{\"@type\":\"EntryPoint\",\"urlTemplate\":\"https:\\\/\\\/www.cde.ual.es\\\/?s={search_term_string}\"},\"query-input\":{\"@type\":\"PropertyValueSpecification\",\"valueRequired\":true,\"valueName\":\"search_term_string\"}}],\"inLanguage\":\"en-US\"},{\"@type\":\"Organization\",\"@id\":\"https:\\\/\\\/www.cde.ual.es\\\/#organization\",\"name\":\"Centro de Documentaci\u00f3n Europea de Almer\u00eda\",\"url\":\"https:\\\/\\\/www.cde.ual.es\\\/\",\"logo\":{\"@type\":\"ImageObject\",\"inLanguage\":\"en-US\",\"@id\":\"https:\\\/\\\/www.cde.ual.es\\\/#\\\/schema\\\/logo\\\/image\\\/\",\"url\":\"https:\\\/\\\/www.cde.ual.es\\\/wp-content\\\/uploads\\\/2025\\\/07\\\/cde-logo-3.png\",\"contentUrl\":\"https:\\\/\\\/www.cde.ual.es\\\/wp-content\\\/uploads\\\/2025\\\/07\\\/cde-logo-3.png\",\"width\":1400,\"height\":300,\"caption\":\"Centro de Documentaci\u00f3n Europea de Almer\u00eda\"},\"image\":{\"@id\":\"https:\\\/\\\/www.cde.ual.es\\\/#\\\/schema\\\/logo\\\/image\\\/\"},\"sameAs\":[\"https:\\\/\\\/www.facebook.com\\\/cdeuniversidadalmeria\\\/\",\"https:\\\/\\\/x.com\\\/cdeualmeria\",\"https:\\\/\\\/www.tiktok.com\\\/@cdealmeria\",\"https:\\\/\\\/www.instagram.com\\\/cdealmeria\\\/\",\"https:\\\/\\\/www.linkedin.com\\\/in\\\/cde-almera-812b26a9\\\/\"]},{\"@type\":\"Person\",\"@id\":\"https:\\\/\\\/www.cde.ual.es\\\/#\\\/schema\\\/person\\\/224ef08c8bcc005f319d2713ce37ee5f\",\"name\":\"AdminCDE\",\"image\":{\"@type\":\"ImageObject\",\"inLanguage\":\"en-US\",\"@id\":\"https:\\\/\\\/secure.gravatar.com\\\/avatar\\\/a72d038d371f995cd13706fac32274b7952a52e8fb0a84b5f80c85426f2a98a8?s=96&d=mm&r=g\",\"url\":\"https:\\\/\\\/secure.gravatar.com\\\/avatar\\\/a72d038d371f995cd13706fac32274b7952a52e8fb0a84b5f80c85426f2a98a8?s=96&d=mm&r=g\",\"contentUrl\":\"https:\\\/\\\/secure.gravatar.com\\\/avatar\\\/a72d038d371f995cd13706fac32274b7952a52e8fb0a84b5f80c85426f2a98a8?s=96&d=mm&r=g\",\"caption\":\"AdminCDE\"}}]}<\/script>\n<!-- \/ Yoast SEO plugin. -->","yoast_head_json":{"title":"Programa Europa Digital: el Consejo acuerda su posici\u00f3n | CDE Almer\u00eda - Centro de Documentaci\u00f3n Europea - Universidad de Almer\u00eda","robots":{"index":"index","follow":"follow","max-snippet":"max-snippet:-1","max-image-preview":"max-image-preview:large","max-video-preview":"max-video-preview:-1"},"canonical":"https:\/\/www.cde.ual.es\/programa-europa-digital-el-consejo-acuerda-su-posicion\/","og_locale":"en_US","og_type":"article","og_title":"Programa Europa Digital: el Consejo acuerda su posici\u00f3n | CDE Almer\u00eda - Centro de Documentaci\u00f3n Europea - Universidad de Almer\u00eda","og_description":"La UE est\u00e1 poniendo a punto un\u00a0nuevo programa de financiaci\u00f3n, Europa Digital, que se pondr\u00e1 en marcha en 2021, para apoyar la\u00a0transformaci\u00f3n digital de las sociedades europeas y sus econom\u00edas. El Consejo acord\u00f3 el pasado 4 de diciembre su posici\u00f3n (orientaci\u00f3n general parcial) sobre la propuesta, cuyo objetivo es incrementar el despliegue a gran escala [&hellip;]","og_url":"https:\/\/www.cde.ual.es\/programa-europa-digital-el-consejo-acuerda-su-posicion\/","og_site_name":"CDE Almer\u00eda - Centro de Documentaci\u00f3n Europea - Universidad de Almer\u00eda","article_publisher":"https:\/\/www.facebook.com\/cdeuniversidadalmeria\/","article_published_time":"2018-12-10T07:26:08+00:00","article_modified_time":"2018-12-10T07:26:33+00:00","og_image":[{"width":932,"height":615,"url":"https:\/\/www.cde.ual.es\/wp-content\/uploads\/2018\/12\/Programa-Europa-Digital.png","type":"image\/png"}],"author":"AdminCDE","twitter_card":"summary_large_image","twitter_creator":"@cdeualmeria","twitter_site":"@cdeualmeria","twitter_misc":{"Written by":"AdminCDE","Est. reading time":"2 minutes"},"schema":{"@context":"https:\/\/schema.org","@graph":[{"@type":"Article","@id":"https:\/\/www.cde.ual.es\/programa-europa-digital-el-consejo-acuerda-su-posicion\/#article","isPartOf":{"@id":"https:\/\/www.cde.ual.es\/programa-europa-digital-el-consejo-acuerda-su-posicion\/"},"author":{"name":"AdminCDE","@id":"https:\/\/www.cde.ual.es\/#\/schema\/person\/224ef08c8bcc005f319d2713ce37ee5f"},"headline":"Programa Europa Digital: el Consejo acuerda su posici\u00f3n","datePublished":"2018-12-10T07:26:08+00:00","dateModified":"2018-12-10T07:26:33+00:00","mainEntityOfPage":{"@id":"https:\/\/www.cde.ual.es\/programa-europa-digital-el-consejo-acuerda-su-posicion\/"},"wordCount":442,"commentCount":0,"publisher":{"@id":"https:\/\/www.cde.ual.es\/#organization"},"image":{"@id":"https:\/\/www.cde.ual.es\/programa-europa-digital-el-consejo-acuerda-su-posicion\/#primaryimage"},"thumbnailUrl":"https:\/\/www.cde.ual.es\/wp-content\/uploads\/2018\/12\/Programa-Europa-Digital.png","keywords":["Ciberseguridad","Inteligencia Artificial","Mercado en la Uni\u00f3n Europea","Mercado \u00danico Digital"],"articleSection":["Noticias UE"],"inLanguage":"en-US","potentialAction":[{"@type":"CommentAction","name":"Comment","target":["https:\/\/www.cde.ual.es\/programa-europa-digital-el-consejo-acuerda-su-posicion\/#respond"]}]},{"@type":"WebPage","@id":"https:\/\/www.cde.ual.es\/programa-europa-digital-el-consejo-acuerda-su-posicion\/","url":"https:\/\/www.cde.ual.es\/programa-europa-digital-el-consejo-acuerda-su-posicion\/","name":"Programa Europa Digital: el Consejo acuerda su posici\u00f3n | CDE Almer\u00eda - Centro de Documentaci\u00f3n Europea - Universidad de Almer\u00eda","isPartOf":{"@id":"https:\/\/www.cde.ual.es\/#website"},"primaryImageOfPage":{"@id":"https:\/\/www.cde.ual.es\/programa-europa-digital-el-consejo-acuerda-su-posicion\/#primaryimage"},"image":{"@id":"https:\/\/www.cde.ual.es\/programa-europa-digital-el-consejo-acuerda-su-posicion\/#primaryimage"},"thumbnailUrl":"https:\/\/www.cde.ual.es\/wp-content\/uploads\/2018\/12\/Programa-Europa-Digital.png","datePublished":"2018-12-10T07:26:08+00:00","dateModified":"2018-12-10T07:26:33+00:00","breadcrumb":{"@id":"https:\/\/www.cde.ual.es\/programa-europa-digital-el-consejo-acuerda-su-posicion\/#breadcrumb"},"inLanguage":"en-US","potentialAction":[{"@type":"ReadAction","target":["https:\/\/www.cde.ual.es\/programa-europa-digital-el-consejo-acuerda-su-posicion\/"]}]},{"@type":"ImageObject","inLanguage":"en-US","@id":"https:\/\/www.cde.ual.es\/programa-europa-digital-el-consejo-acuerda-su-posicion\/#primaryimage","url":"https:\/\/www.cde.ual.es\/wp-content\/uploads\/2018\/12\/Programa-Europa-Digital.png","contentUrl":"https:\/\/www.cde.ual.es\/wp-content\/uploads\/2018\/12\/Programa-Europa-Digital.png","width":932,"height":615},{"@type":"BreadcrumbList","@id":"https:\/\/www.cde.ual.es\/programa-europa-digital-el-consejo-acuerda-su-posicion\/#breadcrumb","itemListElement":[{"@type":"ListItem","position":1,"name":"Inicio","item":"https:\/\/www.cde.ual.es\/en\/"},{"@type":"ListItem","position":2,"name":"Noticias UE","item":"https:\/\/www.cde.ual.es\/category\/noticias-ue\/"},{"@type":"ListItem","position":3,"name":"Programa Europa Digital: el Consejo acuerda su posici\u00f3n"}]},{"@type":"WebSite","@id":"https:\/\/www.cde.ual.es\/#website","url":"https:\/\/www.cde.ual.es\/","name":"CDE Almer\u00eda - Centro de Documentaci\u00f3n Europea - Universidad de Almer\u00eda","description":"Centro de Documentaci\u00f3n Europea de la Universidad de Almer\u00eda","publisher":{"@id":"https:\/\/www.cde.ual.es\/#organization"},"alternateName":"CDE Almer\u00eda","potentialAction":[{"@type":"SearchAction","target":{"@type":"EntryPoint","urlTemplate":"https:\/\/www.cde.ual.es\/?s={search_term_string}"},"query-input":{"@type":"PropertyValueSpecification","valueRequired":true,"valueName":"search_term_string"}}],"inLanguage":"en-US"},{"@type":"Organization","@id":"https:\/\/www.cde.ual.es\/#organization","name":"Centro de Documentaci\u00f3n Europea de Almer\u00eda","url":"https:\/\/www.cde.ual.es\/","logo":{"@type":"ImageObject","inLanguage":"en-US","@id":"https:\/\/www.cde.ual.es\/#\/schema\/logo\/image\/","url":"https:\/\/www.cde.ual.es\/wp-content\/uploads\/2025\/07\/cde-logo-3.png","contentUrl":"https:\/\/www.cde.ual.es\/wp-content\/uploads\/2025\/07\/cde-logo-3.png","width":1400,"height":300,"caption":"Centro de Documentaci\u00f3n Europea de Almer\u00eda"},"image":{"@id":"https:\/\/www.cde.ual.es\/#\/schema\/logo\/image\/"},"sameAs":["https:\/\/www.facebook.com\/cdeuniversidadalmeria\/","https:\/\/x.com\/cdeualmeria","https:\/\/www.tiktok.com\/@cdealmeria","https:\/\/www.instagram.com\/cdealmeria\/","https:\/\/www.linkedin.com\/in\/cde-almera-812b26a9\/"]},{"@type":"Person","@id":"https:\/\/www.cde.ual.es\/#\/schema\/person\/224ef08c8bcc005f319d2713ce37ee5f","name":"AdminCDE","image":{"@type":"ImageObject","inLanguage":"en-US","@id":"https:\/\/secure.gravatar.com\/avatar\/a72d038d371f995cd13706fac32274b7952a52e8fb0a84b5f80c85426f2a98a8?s=96&d=mm&r=g","url":"https:\/\/secure.gravatar.com\/avatar\/a72d038d371f995cd13706fac32274b7952a52e8fb0a84b5f80c85426f2a98a8?s=96&d=mm&r=g","contentUrl":"https:\/\/secure.gravatar.com\/avatar\/a72d038d371f995cd13706fac32274b7952a52e8fb0a84b5f80c85426f2a98a8?s=96&d=mm&r=g","caption":"AdminCDE"}}]}},"_links":{"self":[{"href":"https:\/\/www.cde.ual.es\/en\/wp-json\/wp\/v2\/posts\/10565","targetHints":{"allow":["GET"]}}],"collection":[{"href":"https:\/\/www.cde.ual.es\/en\/wp-json\/wp\/v2\/posts"}],"about":[{"href":"https:\/\/www.cde.ual.es\/en\/wp-json\/wp\/v2\/types\/post"}],"author":[{"embeddable":true,"href":"https:\/\/www.cde.ual.es\/en\/wp-json\/wp\/v2\/users\/1"}],"replies":[{"embeddable":true,"href":"https:\/\/www.cde.ual.es\/en\/wp-json\/wp\/v2\/comments?post=10565"}],"version-history":[{"count":0,"href":"https:\/\/www.cde.ual.es\/en\/wp-json\/wp\/v2\/posts\/10565\/revisions"}],"wp:featuredmedia":[{"embeddable":true,"href":"https:\/\/www.cde.ual.es\/en\/wp-json\/wp\/v2\/media\/10566"}],"wp:attachment":[{"href":"https:\/\/www.cde.ual.es\/en\/wp-json\/wp\/v2\/media?parent=10565"}],"wp:term":[{"taxonomy":"category","embeddable":true,"href":"https:\/\/www.cde.ual.es\/en\/wp-json\/wp\/v2\/categories?post=10565"},{"taxonomy":"post_tag","embeddable":true,"href":"https:\/\/www.cde.ual.es\/en\/wp-json\/wp\/v2\/tags?post=10565"}],"curies":[{"name":"wp","href":"https:\/\/api.w.org\/{rel}","templated":true}]}}