{"id":105586,"date":"2022-05-09T13:10:47","date_gmt":"2022-05-09T11:10:47","guid":{"rendered":"https:\/\/www.cde.ual.es\/?p=105586"},"modified":"2022-05-09T13:15:24","modified_gmt":"2022-05-09T11:15:24","slug":"julian-cabrera-marta-carazo-and-catalina-guerrero-winners-of-the-salvador-de-madariaga-european-journalism-award","status":"publish","type":"post","link":"https:\/\/www.cde.ual.es\/en\/julian-cabrera-marta-carazo-and-catalina-guerrero-winners-of-the-salvador-de-madariaga-european-journalism-award\/","title":{"rendered":"Juli\u00e1n Cabrera, Marta Carazo and Catalina Guerrero, winners of the Salvador de Madariaga European Journalism Award"},"content":{"rendered":"<p>Juli\u00e1n Cabrera, news director of <em>Onda Cero<\/em>, Marta Carazo, <em>TVE<\/em> correspondent in Brussels, and Catalina Guerrero, <em>EFE<\/em> delegate in Brussels, were the winners of the 28th edition of the Salvador de Madariaga Award.<\/p>\n<p><a href=\"https:\/\/www.cde.ual.es\/wp-content\/uploads\/2022\/05\/madariaga2022_1.png\"><img decoding=\"async\" class=\"aligncenter wp-image-105573\" src=\"https:\/\/www.cde.ual.es\/wp-content\/uploads\/2022\/05\/madariaga2022_1.png\" alt=\"\" width=\"479\" height=\"479\" srcset=\"https:\/\/www.cde.ual.es\/wp-content\/uploads\/2022\/05\/madariaga2022_1.png 800w, https:\/\/www.cde.ual.es\/wp-content\/uploads\/2022\/05\/madariaga2022_1-300x300.png 300w, https:\/\/www.cde.ual.es\/wp-content\/uploads\/2022\/05\/madariaga2022_1-150x150.png 150w, https:\/\/www.cde.ual.es\/wp-content\/uploads\/2022\/05\/madariaga2022_1-768x768.png 768w, https:\/\/www.cde.ual.es\/wp-content\/uploads\/2022\/05\/madariaga2022_1-120x120.png 120w\" sizes=\"(max-width: 479px) 100vw, 479px\" \/><\/a><\/p>\n<p><strong>Madrid, 9 May 2022 -Catalina Guerrero<\/strong>, EFE delegate in Brussels, <strong>Juli\u00e1n Cabrera<\/strong>, news director of Onda Cero and <strong>Marta Carazo<\/strong>, TVE correspondent in Brussels, are the winners of the 28th edition of the <strong>Salvador de Madariaga European Journalism Award<\/strong> in the categories of written press, radio and television, respectively.<\/p>\n<h3>Press, Radio and TV categories: the jury&#8217;s deliberations<\/h3>\n<p>In the written <strong>press category, Catalina Guerrero<\/strong> was awarded the prize &#8220;<em>for her long career of tireless reporting on European current affairs from all angles, always with rigour and impartiality and with the proud anonymity of a news agency<\/em>&#8220;.<\/p>\n<p>In <strong>the radio category<\/strong>, the jury singled out Juli\u00e1n Cabrera&#8217;s &#8220;<em>sixteen years at the helm of the news services, which testifies to journalistic qualities inspired by the EU&#8217;s founding values. The impartiality and pluralism he has shown throughout his long career are now reflected throughout the channel&#8217;s programming<\/em>&#8220;.<\/p>\n<p>During its deliberations, the jury decided to award the prize in<strong> the television category to Marta Carazo<\/strong> for &#8220;<em>her rigour and clarity; for her ability to convey and explain the European Union in an understandable way and to do so from all points of view, not just the institutional one. Marta Carazo has been able to adapt information about the European Union to television like few other journalists, and she has done so not only by explaining the decisions, but also by trying to give a voice to those who are most directly affected by those decisions<\/em>.&#8221;<\/p>\n<h3>The Jury<\/h3>\n<p>The deliberations of the jury for the 28th edition of the Prize were held at the headquarters of the Association of European Journalists on 10 March 2022, under the chairmanship of Jos\u00e9 Manuel Garc\u00eda-Margallo, former Minister of Foreign Affairs. The jury was made up of Diego Carcedo, president of the Association of European Journalists; I\u00f1igo Alfonso, director of RNE&#8217;s &#8220;Las ma\u00f1anas&#8221;; Jos\u00e9 Miguel Azpiroz, Onda Cero; Montserrat Dom\u00ednguez, director of Contents of Cadena SER; Javier Garc\u00eda Vila, director of Europa Press; Montserrat Lluis, director general of the Cope Group;\u00a0Xavier Mas de Xax\u00e0s, diplomatic correspondent of La Vanguardia; Rosal\u00eda Mayor, president of the Association of Journalists of the province of Alicante; Jes\u00fas Morales, deputy director of 20 Minutos; Pablo Mor\u00e1n, head of International Cadena SER; Sandrine Morel, correspondent of Le Monde in Spain; Ana M\u00aa N\u00fa\u00f1ez-Milara, EL MUNDO; Elena Ochoa, TVE; Alfonso R. Aldeyturriaga, director of the Spanish National TV network; and the Spanish National TV network. Aldeyturriaga, director of COLPISA; Karina Sainz Borgo, ABC and Carmen Vela, former Berlin correspondent for Cadena SER. Mar\u00eda \u00c1ngeles Ben\u00edtez, Director of the European Commission Representation in Spain, and Miguel \u00c1ngel Aguilar, Secretary General of the Association of European Journalists, acted as non-voting secretaries.<\/p>\n<h3>The Salvador de Madariaga European Journalism Award<\/h3>\n<p>The prize, consisting of a diploma and a prize of 12 000 euros in each category (written press, radio and television), is awarded annually by the <strong>Association of European Journalists<\/strong>, the <strong>European Commission Representation<\/strong> in Spain and the<strong> European Parliament Office<\/strong> in Madrid.\u00a0It rewards the work of media professionals whose work helps to shape public opinion on the European Union on the basis of solid information and evidence.<\/p>\n<p>The award ceremony will take place on 25 May in Alicante.<\/p>\n<p><b>Source: <a href=\"https:\/\/spain.representation.ec.europa.eu\/noticias-eventos\/noticias-0\/julian-cabrera-marta-carazo-y-catalina-guerrero-ganadores-del-premio-de-periodismo-europeo-salvador-2022-05-09_es\" target=\"_blank\" rel=\"noopener\">European Comission<\/a><\/b><\/p>\n","protected":false},"excerpt":{"rendered":"<p>Juli\u00e1n Cabrera, news director of Onda Cero, Marta Carazo, TVE correspondent in Brussels, and Catalina Guerrero, EFE delegate in Brussels, were the winners of the 28th edition of the Salvador de Madariaga Award. Madrid, 9 May 2022 -Catalina Guerrero, EFE delegate in Brussels, Juli\u00e1n Cabrera, news director of Onda Cero and Marta Carazo, TVE correspondent [&hellip;]<\/p>\n","protected":false},"author":101011,"featured_media":105574,"comment_status":"open","ping_status":"open","sticky":false,"template":"","format":"standard","meta":{"_acf_changed":false,"_relevanssi_hide_post":"","_relevanssi_hide_content":"","_relevanssi_pin_for_all":"","_relevanssi_pin_keywords":"","_relevanssi_unpin_keywords":"","_relevanssi_related_keywords":"","_relevanssi_related_include_ids":"","_relevanssi_related_exclude_ids":"","_relevanssi_related_no_append":"","_relevanssi_related_not_related":"","_relevanssi_related_posts":"","_relevanssi_noindex_reason":"","_monsterinsights_skip_tracking":false,"_monsterinsights_sitenote_active":false,"_monsterinsights_sitenote_note":"","_monsterinsights_sitenote_category":0,"_genesis_hide_title":false,"_genesis_hide_breadcrumbs":false,"_genesis_hide_singular_image":false,"_genesis_hide_footer_widgets":false,"_genesis_custom_body_class":"","_genesis_custom_post_class":"","_genesis_layout":"","footnotes":""},"categories":[4949,346],"tags":[545,2788,1292,5748],"class_list":{"0":"post-105586","1":"post","2":"type-post","3":"status-publish","4":"format-standard","5":"has-post-thumbnail","7":"category-winners","8":"category-eu-news","9":"tag-journalism","10":"tag-news","11":"tag-prize","12":"tag-winners","13":"entry"},"acf":[],"yoast_head":"<!-- This site is optimized with the Yoast SEO plugin v27.4 - https:\/\/yoast.com\/product\/yoast-seo-wordpress\/ -->\n<title>Juli\u00e1n Cabrera, Marta Carazo and Catalina Guerrero, winners of the Salvador de Madariaga European Journalism Award | CDE Almer\u00eda - Centro de Documentaci\u00f3n Europea - Universidad de Almer\u00eda<\/title>\n<meta name=\"robots\" content=\"index, follow, max-snippet:-1, max-image-preview:large, max-video-preview:-1\" \/>\n<link rel=\"canonical\" href=\"https:\/\/www.cde.ual.es\/en\/julian-cabrera-marta-carazo-and-catalina-guerrero-winners-of-the-salvador-de-madariaga-european-journalism-award\/\" \/>\n<meta property=\"og:locale\" content=\"en_US\" \/>\n<meta property=\"og:type\" content=\"article\" \/>\n<meta property=\"og:title\" content=\"Juli\u00e1n Cabrera, Marta Carazo and Catalina Guerrero, winners of the Salvador de Madariaga European Journalism Award | CDE Almer\u00eda - Centro de Documentaci\u00f3n Europea - Universidad de Almer\u00eda\" \/>\n<meta property=\"og:description\" content=\"Juli\u00e1n Cabrera, news director of Onda Cero, Marta Carazo, TVE correspondent in Brussels, and Catalina Guerrero, EFE delegate in Brussels, were the winners of the 28th edition of the Salvador de Madariaga Award. Madrid, 9 May 2022 -Catalina Guerrero, EFE delegate in Brussels, Juli\u00e1n Cabrera, news director of Onda Cero and Marta Carazo, TVE correspondent [&hellip;]\" \/>\n<meta property=\"og:url\" content=\"https:\/\/www.cde.ual.es\/en\/julian-cabrera-marta-carazo-and-catalina-guerrero-winners-of-the-salvador-de-madariaga-european-journalism-award\/\" \/>\n<meta property=\"og:site_name\" content=\"CDE Almer\u00eda - Centro de Documentaci\u00f3n Europea - Universidad de Almer\u00eda\" \/>\n<meta property=\"article:publisher\" content=\"https:\/\/www.facebook.com\/cdeuniversidadalmeria\/\" \/>\n<meta property=\"article:published_time\" content=\"2022-05-09T11:10:47+00:00\" \/>\n<meta property=\"article:modified_time\" content=\"2022-05-09T11:15:24+00:00\" \/>\n<meta property=\"og:image\" content=\"https:\/\/www.cde.ual.es\/wp-content\/uploads\/2022\/05\/madariaga2022_1.png\" \/>\n\t<meta property=\"og:image:width\" content=\"800\" \/>\n\t<meta property=\"og:image:height\" content=\"800\" \/>\n\t<meta property=\"og:image:type\" content=\"image\/png\" \/>\n<meta name=\"author\" content=\"BECA 2 CDE\" \/>\n<meta name=\"twitter:card\" content=\"summary_large_image\" \/>\n<meta name=\"twitter:creator\" content=\"@cdeualmeria\" \/>\n<meta name=\"twitter:site\" content=\"@cdeualmeria\" \/>\n<meta name=\"twitter:label1\" content=\"Written by\" \/>\n\t<meta name=\"twitter:data1\" content=\"BECA 2 CDE\" \/>\n\t<meta name=\"twitter:label2\" content=\"Est. reading time\" \/>\n\t<meta name=\"twitter:data2\" content=\"3 minutes\" \/>\n<script type=\"application\/ld+json\" class=\"yoast-schema-graph\">{\"@context\":\"https:\\\/\\\/schema.org\",\"@graph\":[{\"@type\":\"Article\",\"@id\":\"https:\\\/\\\/www.cde.ual.es\\\/en\\\/julian-cabrera-marta-carazo-and-catalina-guerrero-winners-of-the-salvador-de-madariaga-european-journalism-award\\\/#article\",\"isPartOf\":{\"@id\":\"https:\\\/\\\/www.cde.ual.es\\\/en\\\/julian-cabrera-marta-carazo-and-catalina-guerrero-winners-of-the-salvador-de-madariaga-european-journalism-award\\\/\"},\"author\":{\"name\":\"BECA 2 CDE\",\"@id\":\"https:\\\/\\\/www.cde.ual.es\\\/#\\\/schema\\\/person\\\/ee46ebc19edfa19598c02cff83335acc\"},\"headline\":\"Juli\u00e1n Cabrera, Marta Carazo and Catalina Guerrero, winners of the Salvador de Madariaga European Journalism Award\",\"datePublished\":\"2022-05-09T11:10:47+00:00\",\"dateModified\":\"2022-05-09T11:15:24+00:00\",\"mainEntityOfPage\":{\"@id\":\"https:\\\/\\\/www.cde.ual.es\\\/en\\\/julian-cabrera-marta-carazo-and-catalina-guerrero-winners-of-the-salvador-de-madariaga-european-journalism-award\\\/\"},\"wordCount\":596,\"commentCount\":0,\"publisher\":{\"@id\":\"https:\\\/\\\/www.cde.ual.es\\\/#organization\"},\"image\":{\"@id\":\"https:\\\/\\\/www.cde.ual.es\\\/en\\\/julian-cabrera-marta-carazo-and-catalina-guerrero-winners-of-the-salvador-de-madariaga-european-journalism-award\\\/#primaryimage\"},\"thumbnailUrl\":\"https:\\\/\\\/www.cde.ual.es\\\/wp-content\\\/uploads\\\/2022\\\/05\\\/madariaga2022_1.png\",\"keywords\":[\"Journalism\",\"News\",\"Prize\",\"winners\"],\"articleSection\":[\"Award Winners\",\"EU News\"],\"inLanguage\":\"en-US\",\"potentialAction\":[{\"@type\":\"CommentAction\",\"name\":\"Comment\",\"target\":[\"https:\\\/\\\/www.cde.ual.es\\\/en\\\/julian-cabrera-marta-carazo-and-catalina-guerrero-winners-of-the-salvador-de-madariaga-european-journalism-award\\\/#respond\"]}]},{\"@type\":\"WebPage\",\"@id\":\"https:\\\/\\\/www.cde.ual.es\\\/en\\\/julian-cabrera-marta-carazo-and-catalina-guerrero-winners-of-the-salvador-de-madariaga-european-journalism-award\\\/\",\"url\":\"https:\\\/\\\/www.cde.ual.es\\\/en\\\/julian-cabrera-marta-carazo-and-catalina-guerrero-winners-of-the-salvador-de-madariaga-european-journalism-award\\\/\",\"name\":\"Juli\u00e1n Cabrera, Marta Carazo and Catalina Guerrero, winners of the Salvador de Madariaga European Journalism Award | CDE Almer\u00eda - Centro de Documentaci\u00f3n Europea - Universidad de Almer\u00eda\",\"isPartOf\":{\"@id\":\"https:\\\/\\\/www.cde.ual.es\\\/#website\"},\"primaryImageOfPage\":{\"@id\":\"https:\\\/\\\/www.cde.ual.es\\\/en\\\/julian-cabrera-marta-carazo-and-catalina-guerrero-winners-of-the-salvador-de-madariaga-european-journalism-award\\\/#primaryimage\"},\"image\":{\"@id\":\"https:\\\/\\\/www.cde.ual.es\\\/en\\\/julian-cabrera-marta-carazo-and-catalina-guerrero-winners-of-the-salvador-de-madariaga-european-journalism-award\\\/#primaryimage\"},\"thumbnailUrl\":\"https:\\\/\\\/www.cde.ual.es\\\/wp-content\\\/uploads\\\/2022\\\/05\\\/madariaga2022_1.png\",\"datePublished\":\"2022-05-09T11:10:47+00:00\",\"dateModified\":\"2022-05-09T11:15:24+00:00\",\"breadcrumb\":{\"@id\":\"https:\\\/\\\/www.cde.ual.es\\\/en\\\/julian-cabrera-marta-carazo-and-catalina-guerrero-winners-of-the-salvador-de-madariaga-european-journalism-award\\\/#breadcrumb\"},\"inLanguage\":\"en-US\",\"potentialAction\":[{\"@type\":\"ReadAction\",\"target\":[\"https:\\\/\\\/www.cde.ual.es\\\/en\\\/julian-cabrera-marta-carazo-and-catalina-guerrero-winners-of-the-salvador-de-madariaga-european-journalism-award\\\/\"]}]},{\"@type\":\"ImageObject\",\"inLanguage\":\"en-US\",\"@id\":\"https:\\\/\\\/www.cde.ual.es\\\/en\\\/julian-cabrera-marta-carazo-and-catalina-guerrero-winners-of-the-salvador-de-madariaga-european-journalism-award\\\/#primaryimage\",\"url\":\"https:\\\/\\\/www.cde.ual.es\\\/wp-content\\\/uploads\\\/2022\\\/05\\\/madariaga2022_1.png\",\"contentUrl\":\"https:\\\/\\\/www.cde.ual.es\\\/wp-content\\\/uploads\\\/2022\\\/05\\\/madariaga2022_1.png\",\"width\":800,\"height\":800},{\"@type\":\"BreadcrumbList\",\"@id\":\"https:\\\/\\\/www.cde.ual.es\\\/en\\\/julian-cabrera-marta-carazo-and-catalina-guerrero-winners-of-the-salvador-de-madariaga-european-journalism-award\\\/#breadcrumb\",\"itemListElement\":[{\"@type\":\"ListItem\",\"position\":1,\"name\":\"Inicio\",\"item\":\"https:\\\/\\\/www.cde.ual.es\\\/en\\\/\"},{\"@type\":\"ListItem\",\"position\":2,\"name\":\"EU News\",\"item\":\"https:\\\/\\\/www.cde.ual.es\\\/en\\\/category\\\/eu-news\\\/\"},{\"@type\":\"ListItem\",\"position\":3,\"name\":\"Award Winners\",\"item\":\"https:\\\/\\\/www.cde.ual.es\\\/en\\\/category\\\/eu-news\\\/winners\\\/\"},{\"@type\":\"ListItem\",\"position\":4,\"name\":\"Juli\u00e1n Cabrera, Marta Carazo and Catalina Guerrero, winners of the Salvador de Madariaga European Journalism Award\"}]},{\"@type\":\"WebSite\",\"@id\":\"https:\\\/\\\/www.cde.ual.es\\\/#website\",\"url\":\"https:\\\/\\\/www.cde.ual.es\\\/\",\"name\":\"CDE Almer\u00eda - Centro de Documentaci\u00f3n Europea - Universidad de Almer\u00eda\",\"description\":\"Centro de Documentaci\u00f3n Europea de la Universidad de Almer\u00eda\",\"publisher\":{\"@id\":\"https:\\\/\\\/www.cde.ual.es\\\/#organization\"},\"alternateName\":\"CDE Almer\u00eda\",\"potentialAction\":[{\"@type\":\"SearchAction\",\"target\":{\"@type\":\"EntryPoint\",\"urlTemplate\":\"https:\\\/\\\/www.cde.ual.es\\\/?s={search_term_string}\"},\"query-input\":{\"@type\":\"PropertyValueSpecification\",\"valueRequired\":true,\"valueName\":\"search_term_string\"}}],\"inLanguage\":\"en-US\"},{\"@type\":\"Organization\",\"@id\":\"https:\\\/\\\/www.cde.ual.es\\\/#organization\",\"name\":\"Centro de Documentaci\u00f3n Europea de Almer\u00eda\",\"url\":\"https:\\\/\\\/www.cde.ual.es\\\/\",\"logo\":{\"@type\":\"ImageObject\",\"inLanguage\":\"en-US\",\"@id\":\"https:\\\/\\\/www.cde.ual.es\\\/#\\\/schema\\\/logo\\\/image\\\/\",\"url\":\"https:\\\/\\\/www.cde.ual.es\\\/wp-content\\\/uploads\\\/2025\\\/07\\\/cde-logo-3.png\",\"contentUrl\":\"https:\\\/\\\/www.cde.ual.es\\\/wp-content\\\/uploads\\\/2025\\\/07\\\/cde-logo-3.png\",\"width\":1400,\"height\":300,\"caption\":\"Centro de Documentaci\u00f3n Europea de Almer\u00eda\"},\"image\":{\"@id\":\"https:\\\/\\\/www.cde.ual.es\\\/#\\\/schema\\\/logo\\\/image\\\/\"},\"sameAs\":[\"https:\\\/\\\/www.facebook.com\\\/cdeuniversidadalmeria\\\/\",\"https:\\\/\\\/x.com\\\/cdeualmeria\",\"https:\\\/\\\/www.tiktok.com\\\/@cdealmeria\",\"https:\\\/\\\/www.instagram.com\\\/cdealmeria\\\/\",\"https:\\\/\\\/www.linkedin.com\\\/in\\\/cde-almera-812b26a9\\\/\"]},{\"@type\":\"Person\",\"@id\":\"https:\\\/\\\/www.cde.ual.es\\\/#\\\/schema\\\/person\\\/ee46ebc19edfa19598c02cff83335acc\",\"name\":\"BECA 2 CDE\",\"image\":{\"@type\":\"ImageObject\",\"inLanguage\":\"en-US\",\"@id\":\"https:\\\/\\\/secure.gravatar.com\\\/avatar\\\/35a481bbc04bbd90e91bdfa3b0b5541036c222a49b9ad37b6889a2afcb5311a5?s=96&d=mm&r=g\",\"url\":\"https:\\\/\\\/secure.gravatar.com\\\/avatar\\\/35a481bbc04bbd90e91bdfa3b0b5541036c222a49b9ad37b6889a2afcb5311a5?s=96&d=mm&r=g\",\"contentUrl\":\"https:\\\/\\\/secure.gravatar.com\\\/avatar\\\/35a481bbc04bbd90e91bdfa3b0b5541036c222a49b9ad37b6889a2afcb5311a5?s=96&d=mm&r=g\",\"caption\":\"BECA 2 CDE\"},\"sameAs\":[\"http:\\\/\\\/www.cdealmeria.com\"]}]}<\/script>\n<!-- \/ Yoast SEO plugin. -->","yoast_head_json":{"title":"Juli\u00e1n Cabrera, Marta Carazo and Catalina Guerrero, winners of the Salvador de Madariaga European Journalism Award | CDE Almer\u00eda - Centro de Documentaci\u00f3n Europea - Universidad de Almer\u00eda","robots":{"index":"index","follow":"follow","max-snippet":"max-snippet:-1","max-image-preview":"max-image-preview:large","max-video-preview":"max-video-preview:-1"},"canonical":"https:\/\/www.cde.ual.es\/en\/julian-cabrera-marta-carazo-and-catalina-guerrero-winners-of-the-salvador-de-madariaga-european-journalism-award\/","og_locale":"en_US","og_type":"article","og_title":"Juli\u00e1n Cabrera, Marta Carazo and Catalina Guerrero, winners of the Salvador de Madariaga European Journalism Award | CDE Almer\u00eda - Centro de Documentaci\u00f3n Europea - Universidad de Almer\u00eda","og_description":"Juli\u00e1n Cabrera, news director of Onda Cero, Marta Carazo, TVE correspondent in Brussels, and Catalina Guerrero, EFE delegate in Brussels, were the winners of the 28th edition of the Salvador de Madariaga Award. Madrid, 9 May 2022 -Catalina Guerrero, EFE delegate in Brussels, Juli\u00e1n Cabrera, news director of Onda Cero and Marta Carazo, TVE correspondent [&hellip;]","og_url":"https:\/\/www.cde.ual.es\/en\/julian-cabrera-marta-carazo-and-catalina-guerrero-winners-of-the-salvador-de-madariaga-european-journalism-award\/","og_site_name":"CDE Almer\u00eda - Centro de Documentaci\u00f3n Europea - Universidad de Almer\u00eda","article_publisher":"https:\/\/www.facebook.com\/cdeuniversidadalmeria\/","article_published_time":"2022-05-09T11:10:47+00:00","article_modified_time":"2022-05-09T11:15:24+00:00","og_image":[{"width":800,"height":800,"url":"https:\/\/www.cde.ual.es\/wp-content\/uploads\/2022\/05\/madariaga2022_1.png","type":"image\/png"}],"author":"BECA 2 CDE","twitter_card":"summary_large_image","twitter_creator":"@cdeualmeria","twitter_site":"@cdeualmeria","twitter_misc":{"Written by":"BECA 2 CDE","Est. reading time":"3 minutes"},"schema":{"@context":"https:\/\/schema.org","@graph":[{"@type":"Article","@id":"https:\/\/www.cde.ual.es\/en\/julian-cabrera-marta-carazo-and-catalina-guerrero-winners-of-the-salvador-de-madariaga-european-journalism-award\/#article","isPartOf":{"@id":"https:\/\/www.cde.ual.es\/en\/julian-cabrera-marta-carazo-and-catalina-guerrero-winners-of-the-salvador-de-madariaga-european-journalism-award\/"},"author":{"name":"BECA 2 CDE","@id":"https:\/\/www.cde.ual.es\/#\/schema\/person\/ee46ebc19edfa19598c02cff83335acc"},"headline":"Juli\u00e1n Cabrera, Marta Carazo and Catalina Guerrero, winners of the Salvador de Madariaga European Journalism Award","datePublished":"2022-05-09T11:10:47+00:00","dateModified":"2022-05-09T11:15:24+00:00","mainEntityOfPage":{"@id":"https:\/\/www.cde.ual.es\/en\/julian-cabrera-marta-carazo-and-catalina-guerrero-winners-of-the-salvador-de-madariaga-european-journalism-award\/"},"wordCount":596,"commentCount":0,"publisher":{"@id":"https:\/\/www.cde.ual.es\/#organization"},"image":{"@id":"https:\/\/www.cde.ual.es\/en\/julian-cabrera-marta-carazo-and-catalina-guerrero-winners-of-the-salvador-de-madariaga-european-journalism-award\/#primaryimage"},"thumbnailUrl":"https:\/\/www.cde.ual.es\/wp-content\/uploads\/2022\/05\/madariaga2022_1.png","keywords":["Journalism","News","Prize","winners"],"articleSection":["Award Winners","EU News"],"inLanguage":"en-US","potentialAction":[{"@type":"CommentAction","name":"Comment","target":["https:\/\/www.cde.ual.es\/en\/julian-cabrera-marta-carazo-and-catalina-guerrero-winners-of-the-salvador-de-madariaga-european-journalism-award\/#respond"]}]},{"@type":"WebPage","@id":"https:\/\/www.cde.ual.es\/en\/julian-cabrera-marta-carazo-and-catalina-guerrero-winners-of-the-salvador-de-madariaga-european-journalism-award\/","url":"https:\/\/www.cde.ual.es\/en\/julian-cabrera-marta-carazo-and-catalina-guerrero-winners-of-the-salvador-de-madariaga-european-journalism-award\/","name":"Juli\u00e1n Cabrera, Marta Carazo and Catalina Guerrero, winners of the Salvador de Madariaga European Journalism Award | CDE Almer\u00eda - Centro de Documentaci\u00f3n Europea - Universidad de Almer\u00eda","isPartOf":{"@id":"https:\/\/www.cde.ual.es\/#website"},"primaryImageOfPage":{"@id":"https:\/\/www.cde.ual.es\/en\/julian-cabrera-marta-carazo-and-catalina-guerrero-winners-of-the-salvador-de-madariaga-european-journalism-award\/#primaryimage"},"image":{"@id":"https:\/\/www.cde.ual.es\/en\/julian-cabrera-marta-carazo-and-catalina-guerrero-winners-of-the-salvador-de-madariaga-european-journalism-award\/#primaryimage"},"thumbnailUrl":"https:\/\/www.cde.ual.es\/wp-content\/uploads\/2022\/05\/madariaga2022_1.png","datePublished":"2022-05-09T11:10:47+00:00","dateModified":"2022-05-09T11:15:24+00:00","breadcrumb":{"@id":"https:\/\/www.cde.ual.es\/en\/julian-cabrera-marta-carazo-and-catalina-guerrero-winners-of-the-salvador-de-madariaga-european-journalism-award\/#breadcrumb"},"inLanguage":"en-US","potentialAction":[{"@type":"ReadAction","target":["https:\/\/www.cde.ual.es\/en\/julian-cabrera-marta-carazo-and-catalina-guerrero-winners-of-the-salvador-de-madariaga-european-journalism-award\/"]}]},{"@type":"ImageObject","inLanguage":"en-US","@id":"https:\/\/www.cde.ual.es\/en\/julian-cabrera-marta-carazo-and-catalina-guerrero-winners-of-the-salvador-de-madariaga-european-journalism-award\/#primaryimage","url":"https:\/\/www.cde.ual.es\/wp-content\/uploads\/2022\/05\/madariaga2022_1.png","contentUrl":"https:\/\/www.cde.ual.es\/wp-content\/uploads\/2022\/05\/madariaga2022_1.png","width":800,"height":800},{"@type":"BreadcrumbList","@id":"https:\/\/www.cde.ual.es\/en\/julian-cabrera-marta-carazo-and-catalina-guerrero-winners-of-the-salvador-de-madariaga-european-journalism-award\/#breadcrumb","itemListElement":[{"@type":"ListItem","position":1,"name":"Inicio","item":"https:\/\/www.cde.ual.es\/en\/"},{"@type":"ListItem","position":2,"name":"EU News","item":"https:\/\/www.cde.ual.es\/en\/category\/eu-news\/"},{"@type":"ListItem","position":3,"name":"Award Winners","item":"https:\/\/www.cde.ual.es\/en\/category\/eu-news\/winners\/"},{"@type":"ListItem","position":4,"name":"Juli\u00e1n Cabrera, Marta Carazo and Catalina Guerrero, winners of the Salvador de Madariaga European Journalism Award"}]},{"@type":"WebSite","@id":"https:\/\/www.cde.ual.es\/#website","url":"https:\/\/www.cde.ual.es\/","name":"CDE Almer\u00eda - Centro de Documentaci\u00f3n Europea - Universidad de Almer\u00eda","description":"Centro de Documentaci\u00f3n Europea de la Universidad de Almer\u00eda","publisher":{"@id":"https:\/\/www.cde.ual.es\/#organization"},"alternateName":"CDE Almer\u00eda","potentialAction":[{"@type":"SearchAction","target":{"@type":"EntryPoint","urlTemplate":"https:\/\/www.cde.ual.es\/?s={search_term_string}"},"query-input":{"@type":"PropertyValueSpecification","valueRequired":true,"valueName":"search_term_string"}}],"inLanguage":"en-US"},{"@type":"Organization","@id":"https:\/\/www.cde.ual.es\/#organization","name":"Centro de Documentaci\u00f3n Europea de Almer\u00eda","url":"https:\/\/www.cde.ual.es\/","logo":{"@type":"ImageObject","inLanguage":"en-US","@id":"https:\/\/www.cde.ual.es\/#\/schema\/logo\/image\/","url":"https:\/\/www.cde.ual.es\/wp-content\/uploads\/2025\/07\/cde-logo-3.png","contentUrl":"https:\/\/www.cde.ual.es\/wp-content\/uploads\/2025\/07\/cde-logo-3.png","width":1400,"height":300,"caption":"Centro de Documentaci\u00f3n Europea de Almer\u00eda"},"image":{"@id":"https:\/\/www.cde.ual.es\/#\/schema\/logo\/image\/"},"sameAs":["https:\/\/www.facebook.com\/cdeuniversidadalmeria\/","https:\/\/x.com\/cdeualmeria","https:\/\/www.tiktok.com\/@cdealmeria","https:\/\/www.instagram.com\/cdealmeria\/","https:\/\/www.linkedin.com\/in\/cde-almera-812b26a9\/"]},{"@type":"Person","@id":"https:\/\/www.cde.ual.es\/#\/schema\/person\/ee46ebc19edfa19598c02cff83335acc","name":"BECA 2 CDE","image":{"@type":"ImageObject","inLanguage":"en-US","@id":"https:\/\/secure.gravatar.com\/avatar\/35a481bbc04bbd90e91bdfa3b0b5541036c222a49b9ad37b6889a2afcb5311a5?s=96&d=mm&r=g","url":"https:\/\/secure.gravatar.com\/avatar\/35a481bbc04bbd90e91bdfa3b0b5541036c222a49b9ad37b6889a2afcb5311a5?s=96&d=mm&r=g","contentUrl":"https:\/\/secure.gravatar.com\/avatar\/35a481bbc04bbd90e91bdfa3b0b5541036c222a49b9ad37b6889a2afcb5311a5?s=96&d=mm&r=g","caption":"BECA 2 CDE"},"sameAs":["http:\/\/www.cdealmeria.com"]}]}},"_links":{"self":[{"href":"https:\/\/www.cde.ual.es\/en\/wp-json\/wp\/v2\/posts\/105586","targetHints":{"allow":["GET"]}}],"collection":[{"href":"https:\/\/www.cde.ual.es\/en\/wp-json\/wp\/v2\/posts"}],"about":[{"href":"https:\/\/www.cde.ual.es\/en\/wp-json\/wp\/v2\/types\/post"}],"author":[{"embeddable":true,"href":"https:\/\/www.cde.ual.es\/en\/wp-json\/wp\/v2\/users\/101011"}],"replies":[{"embeddable":true,"href":"https:\/\/www.cde.ual.es\/en\/wp-json\/wp\/v2\/comments?post=105586"}],"version-history":[{"count":0,"href":"https:\/\/www.cde.ual.es\/en\/wp-json\/wp\/v2\/posts\/105586\/revisions"}],"wp:featuredmedia":[{"embeddable":true,"href":"https:\/\/www.cde.ual.es\/en\/wp-json\/wp\/v2\/media\/105574"}],"wp:attachment":[{"href":"https:\/\/www.cde.ual.es\/en\/wp-json\/wp\/v2\/media?parent=105586"}],"wp:term":[{"taxonomy":"category","embeddable":true,"href":"https:\/\/www.cde.ual.es\/en\/wp-json\/wp\/v2\/categories?post=105586"},{"taxonomy":"post_tag","embeddable":true,"href":"https:\/\/www.cde.ual.es\/en\/wp-json\/wp\/v2\/tags?post=105586"}],"curies":[{"name":"wp","href":"https:\/\/api.w.org\/{rel}","templated":true}]}}