{"id":10554,"date":"2018-12-07T08:05:17","date_gmt":"2018-12-07T07:05:17","guid":{"rendered":"http:\/\/www.cde.ual.es\/?p=10554"},"modified":"2018-12-05T15:14:13","modified_gmt":"2018-12-05T14:14:13","slug":"gestionando-la-migracion","status":"publish","type":"post","link":"https:\/\/www.cde.ual.es\/en\/gestionando-la-migracion\/","title":{"rendered":"Gestionando la migraci\u00f3n"},"content":{"rendered":"<p><em><strong>La Comisi\u00f3n pide a los Estados miembros y al Parlamento Europeo que consoliden los importantes avances logrados al adoptar las propuestas de reforma pendientes.<\/strong><\/em><\/p>\n<p><a href=\"http:\/\/www.cde.ual.es\/wp-content\/uploads\/2018\/07\/1483394013220.jpg\"><img decoding=\"async\" class=\"size-medium wp-image-7515 aligncenter\" src=\"http:\/\/www.cde.ual.es\/wp-content\/uploads\/2018\/07\/1483394013220-300x195.jpg\" alt=\"\" width=\"300\" height=\"195\" srcset=\"https:\/\/www.cde.ual.es\/wp-content\/uploads\/2018\/07\/1483394013220-300x195.jpg 300w, https:\/\/www.cde.ual.es\/wp-content\/uploads\/2018\/07\/1483394013220-768x500.jpg 768w, https:\/\/www.cde.ual.es\/wp-content\/uploads\/2018\/07\/1483394013220-1024x666.jpg 1024w, https:\/\/www.cde.ual.es\/wp-content\/uploads\/2018\/07\/1483394013220.jpg 1200w\" sizes=\"(max-width: 300px) 100vw, 300px\" \/><\/a><\/p>\n<h3>La Comisi\u00f3n pide que se detenga la reforma del asilo<\/h3>\n<p>El enfoque integral de la UE en materia de migraci\u00f3n est\u00e1 dando resultados en todos los frentes: una cooperaci\u00f3n m\u00e1s profunda con los pa\u00edses socios; fronteras exteriores mejor protegidas; y herramientas m\u00e1s eficaces para gestionar la migraci\u00f3n dentro de la UE. Con las llegadas irregulares a los niveles previos a la crisis, ahora es el momento de abordar las debilidades restantes. El trabajo debe continuar a nivel operativo, tanto externa como internamente, y los Estados miembros y el Parlamento Europeo deben completar r\u00e1pidamente la reforma de asilo de la UE y, en particular, adoptar las 5 propuestas donde existe un amplio acuerdo pol\u00edtico antes de las elecciones parlamentarias europeas del pr\u00f3ximo a\u00f1o.<\/p>\n<h3>Dimensi\u00f3n externa: asociaciones que entregan<\/h3>\n<p>A trav\u00e9s del enfoque\u00a0\u201ctodo el camino\u201d,\u00a0 la UE y sus Estados miembros han logrado importantes avances en la prevenci\u00f3n de la migraci\u00f3n irregular y la lucha contra el tr\u00e1fico de migrantes. A lo largo de la ruta del Mediterr\u00e1neo oriental, las llegadas se redujeron en un 97% despu\u00e9s de la Declaraci\u00f3n UE-Turqu\u00eda y hoy siguen siendo un 90% menos que en el pico de 2015. A lo largo de la ruta del Mediterr\u00e1neo central (ver hoja informativa), los flujos irregulares se han reducido en un 80%. Cerca de 34,000 personas recibieron asistencia para regresar voluntariamente a sus pa\u00edses de origen desde Libia y N\u00edger, mientras que m\u00e1s de 2,000 personas han sido evacuadas de Libia en vista de un mayor reasentamiento.<\/p>\n<h3>Gesti\u00f3n de fronteras m\u00e1s fuerte<\/h3>\n<p>La Agencia Europea de la Guardia de Fronteras y Costas es el n\u00facleo del trabajo de la UE para ayudar a los Estados miembros a proteger las fronteras exteriores. En septiembre, la Comisi\u00f3n propuso reforzar a\u00fan m\u00e1s la Guardia Europea de Fronteras y Costas y equipar a la Agencia con un cuerpo permanente de 10.000 guardias de fronteras para garantizar que los Estados miembros puedan contar con el apoyo operativo completo de la UE en todo momento.<\/p>\n<h3>Medidas internas: Completar la reforma de las normas de asilo de la UE.<\/h3>\n<p>Si bien todav\u00eda es necesario llegar a un acuerdo sobre algunos elementos de la reforma de la UE en materia de asilo, en general se han logrado avances significativos, con 5 de las 7 propuestas iniciales de la Comisi\u00f3n listas para su adopci\u00f3n (Reglamento de Clasificaci\u00f3n, Directiva de Condiciones de Recepci\u00f3n, Reglamento de la Agencia Europea de Asilo, Reglamento Eurodac, Uni\u00f3n). Reglamento marco de reasentamiento). Si bien forman parte de una reforma m\u00e1s amplia, cada propuesta individual tiene un beneficio claro por s\u00ed mismo y una r\u00e1pida adopci\u00f3n de cada una de ellas har\u00eda una clara diferencia en el terreno. En lo que respecta al Reglamento sobre el procedimiento de asilo, el Consejo deber\u00eda adoptar su posici\u00f3n negociadora antes de fin de a\u00f1o y comenzar las negociaciones con el Parlamento Europeo. Ahora tambi\u00e9n se debe encontrar un camino a seguir en el Reglamento de Dubl\u00edn, un elemento indispensable de un sistema de asilo preparado para el futuro. La Comisi\u00f3n se compromete a trabajar para lograr un compromiso que garantice la solidaridad y el apoyo plenos para los Estados miembros que est\u00e1n bajo presi\u00f3n, al tiempo que evita los movimientos secundarios y el abuso del sistema. Sobre la base de la experiencia adquirida con soluciones ad hoc durante el verano, los arreglos temporales que anticipan los elementos centrales de un futuro Reglamento de Dubl\u00edn podr\u00edan establecerse a partir de ahora, para servir de puente hasta que el nuevo reglamento de Dubl\u00edn entre en vigor.<\/p>\n<h3>M\u00e1s informaci\u00f3n<\/h3>\n<p id=\"page-title\"><a href=\"https:\/\/eeas.europa.eu\/headquarters\/headquarters-homepage\/35787\/central-mediterranean-route-protecting-migrants-and-managing-irregular-flows_en\">Central Mediterranean Route<\/a><\/p>\n<p><a href=\"https:\/\/ec.europa.eu\/home-affairs\/sites\/homeaffairs\/files\/what-we-do\/policies\/european-agenda-migration\/20181204_managing-migration-factsheet-8-ebcg_en.pdf\">REFORMING THE COMMON EUROPEAN ASYLUM SYSTEM:\u00a0WHAT THE INDIVIDUAL REFORMS WOULD CHANGE AND WHY WE NEED THEM NOW<\/a><\/p>\n<p><a href=\"https:\/\/ec.europa.eu\/home-affairs\/sites\/homeaffairs\/files\/what-we-do\/policies\/european-agenda-migration\/20181204_managing-migration-factsheet-1-qualification-regulation_en.pdf\">Qalification Regulation<\/a><\/p>\n<p><a href=\"https:\/\/ec.europa.eu\/home-affairs\/sites\/homeaffairs\/files\/what-we-do\/policies\/european-agenda-migration\/20181204_managing-migration-factsheet-2-reception-conditions-directive_en.pdf\">Reception Conditions Directive<\/a><\/p>\n<p><a href=\"https:\/\/ec.europa.eu\/home-affairs\/sites\/homeaffairs\/files\/what-we-do\/policies\/european-agenda-migration\/20181204_managing-migration-factsheet-3-eu-agency-for-asylum_en.pdf\">European Asylum Agency Regulation<\/a><\/p>\n<p><a href=\"https:\/\/ec.europa.eu\/home-affairs\/sites\/homeaffairs\/files\/what-we-do\/policies\/european-agenda-migration\/20181204_managing-migration-factsheet-4-eurodac-regulation_en.pdf\">Eurodac Regulation<\/a><\/p>\n<p><a href=\"https:\/\/ec.europa.eu\/home-affairs\/sites\/homeaffairs\/files\/what-we-do\/policies\/european-agenda-migration\/20181204_managing-migration-factsheet-5-union-resettlement-framework_en.pdf\">Union Resettlement Framework\u00a0<\/a><\/p>\n<p><a href=\"https:\/\/ec.europa.eu\/home-affairs\/sites\/homeaffairs\/files\/what-we-do\/policies\/european-agenda-migration\/20181204_com-2018-798-communication_en.pdf\">Managing Migration in all its aspects<\/a><\/p>\n<p><a href=\"http:\/\/ec.europa.eu\/commfrontoffice\/publicopinion\/index.cfm\/survey\/getsurveydetail\/instruments\/special\/surveyky\/2218\">Eurobarometer on Schengen<\/a><\/p>\n<p>MEMO: \u00a0<a href=\"https:\/\/eeas.europa.eu\/headquarters\/headquarters-homepage\/53761\/questions-and-answers-what-global-compact-safe-orderly-and-regular-migration_en\">The Global Compact on Migration \u2013 Questions and Answers<\/a><\/p>\n<p>Foto:\u00a0REUTERS Yannis Behrakis TPX IMAGES OF THE DAY<\/p>\n","protected":false},"excerpt":{"rendered":"<p>La Comisi\u00f3n pide a los Estados miembros y al Parlamento Europeo que consoliden los importantes avances logrados al adoptar las propuestas de reforma pendientes. La Comisi\u00f3n pide que se detenga la reforma del asilo El enfoque integral de la UE en materia de migraci\u00f3n est\u00e1 dando resultados en todos los frentes: una cooperaci\u00f3n m\u00e1s profunda [&hellip;]<\/p>\n","protected":false},"author":1,"featured_media":7515,"comment_status":"open","ping_status":"open","sticky":false,"template":"","format":"standard","meta":{"_acf_changed":false,"_relevanssi_hide_post":"","_relevanssi_hide_content":"","_relevanssi_pin_for_all":"","_relevanssi_pin_keywords":"","_relevanssi_unpin_keywords":"","_relevanssi_related_keywords":"","_relevanssi_related_include_ids":"","_relevanssi_related_exclude_ids":"","_relevanssi_related_no_append":"","_relevanssi_related_not_related":"","_relevanssi_related_posts":"","_relevanssi_noindex_reason":"","_monsterinsights_skip_tracking":false,"_monsterinsights_sitenote_active":false,"_monsterinsights_sitenote_note":"","_monsterinsights_sitenote_category":0,"_genesis_hide_title":false,"_genesis_hide_breadcrumbs":false,"_genesis_hide_singular_image":false,"_genesis_hide_footer_widgets":false,"_genesis_custom_body_class":"","_genesis_custom_post_class":"","_genesis_layout":"","footnotes":""},"categories":[96],"tags":[183,129,135],"class_list":{"0":"post-10554","1":"post","2":"type-post","3":"status-publish","4":"format-standard","5":"has-post-thumbnail","7":"category-noticias-ue","8":"tag-migracion","9":"tag-seguridad-defensa","10":"tag-union-europea","11":"entry"},"acf":[],"yoast_head":"<!-- This site is optimized with the Yoast SEO plugin v27.4 - https:\/\/yoast.com\/product\/yoast-seo-wordpress\/ -->\n<title>Gestionando la migraci\u00f3n | CDE Almer\u00eda - Centro de Documentaci\u00f3n Europea - Universidad de Almer\u00eda<\/title>\n<meta name=\"robots\" content=\"index, follow, max-snippet:-1, max-image-preview:large, max-video-preview:-1\" \/>\n<link rel=\"canonical\" href=\"https:\/\/www.cde.ual.es\/gestionando-la-migracion\/\" \/>\n<meta property=\"og:locale\" content=\"en_US\" \/>\n<meta property=\"og:type\" content=\"article\" \/>\n<meta property=\"og:title\" content=\"Gestionando la migraci\u00f3n | CDE Almer\u00eda - Centro de Documentaci\u00f3n Europea - Universidad de Almer\u00eda\" \/>\n<meta property=\"og:description\" content=\"La Comisi\u00f3n pide a los Estados miembros y al Parlamento Europeo que consoliden los importantes avances logrados al adoptar las propuestas de reforma pendientes. La Comisi\u00f3n pide que se detenga la reforma del asilo El enfoque integral de la UE en materia de migraci\u00f3n est\u00e1 dando resultados en todos los frentes: una cooperaci\u00f3n m\u00e1s profunda [&hellip;]\" \/>\n<meta property=\"og:url\" content=\"https:\/\/www.cde.ual.es\/gestionando-la-migracion\/\" \/>\n<meta property=\"og:site_name\" content=\"CDE Almer\u00eda - Centro de Documentaci\u00f3n Europea - Universidad de Almer\u00eda\" \/>\n<meta property=\"article:publisher\" content=\"https:\/\/www.facebook.com\/cdeuniversidadalmeria\/\" \/>\n<meta property=\"article:published_time\" content=\"2018-12-07T07:05:17+00:00\" \/>\n<meta property=\"og:image\" content=\"https:\/\/www.cde.ual.es\/wp-content\/uploads\/2018\/07\/1483394013220.jpg\" \/>\n\t<meta property=\"og:image:width\" content=\"1200\" \/>\n\t<meta property=\"og:image:height\" content=\"781\" \/>\n\t<meta property=\"og:image:type\" content=\"image\/jpeg\" \/>\n<meta name=\"author\" content=\"AdminCDE\" \/>\n<meta name=\"twitter:card\" content=\"summary_large_image\" \/>\n<meta name=\"twitter:creator\" content=\"@cdeualmeria\" \/>\n<meta name=\"twitter:site\" content=\"@cdeualmeria\" \/>\n<meta name=\"twitter:label1\" content=\"Written by\" \/>\n\t<meta name=\"twitter:data1\" content=\"AdminCDE\" \/>\n\t<meta name=\"twitter:label2\" content=\"Est. reading time\" \/>\n\t<meta name=\"twitter:data2\" content=\"4 minutes\" \/>\n<script type=\"application\/ld+json\" class=\"yoast-schema-graph\">{\"@context\":\"https:\\\/\\\/schema.org\",\"@graph\":[{\"@type\":\"Article\",\"@id\":\"https:\\\/\\\/www.cde.ual.es\\\/gestionando-la-migracion\\\/#article\",\"isPartOf\":{\"@id\":\"https:\\\/\\\/www.cde.ual.es\\\/gestionando-la-migracion\\\/\"},\"author\":{\"name\":\"AdminCDE\",\"@id\":\"https:\\\/\\\/www.cde.ual.es\\\/#\\\/schema\\\/person\\\/224ef08c8bcc005f319d2713ce37ee5f\"},\"headline\":\"Gestionando la migraci\u00f3n\",\"datePublished\":\"2018-12-07T07:05:17+00:00\",\"mainEntityOfPage\":{\"@id\":\"https:\\\/\\\/www.cde.ual.es\\\/gestionando-la-migracion\\\/\"},\"wordCount\":723,\"commentCount\":0,\"publisher\":{\"@id\":\"https:\\\/\\\/www.cde.ual.es\\\/#organization\"},\"image\":{\"@id\":\"https:\\\/\\\/www.cde.ual.es\\\/gestionando-la-migracion\\\/#primaryimage\"},\"thumbnailUrl\":\"https:\\\/\\\/www.cde.ual.es\\\/wp-content\\\/uploads\\\/2018\\\/07\\\/1483394013220.jpg\",\"keywords\":[\"Migraci\u00f3n\",\"Seguridad y Defensa\",\"Uni\u00f3n Europea\"],\"articleSection\":[\"Noticias UE\"],\"inLanguage\":\"en-US\",\"potentialAction\":[{\"@type\":\"CommentAction\",\"name\":\"Comment\",\"target\":[\"https:\\\/\\\/www.cde.ual.es\\\/gestionando-la-migracion\\\/#respond\"]}]},{\"@type\":\"WebPage\",\"@id\":\"https:\\\/\\\/www.cde.ual.es\\\/gestionando-la-migracion\\\/\",\"url\":\"https:\\\/\\\/www.cde.ual.es\\\/gestionando-la-migracion\\\/\",\"name\":\"Gestionando la migraci\u00f3n | CDE Almer\u00eda - Centro de Documentaci\u00f3n Europea - Universidad de Almer\u00eda\",\"isPartOf\":{\"@id\":\"https:\\\/\\\/www.cde.ual.es\\\/#website\"},\"primaryImageOfPage\":{\"@id\":\"https:\\\/\\\/www.cde.ual.es\\\/gestionando-la-migracion\\\/#primaryimage\"},\"image\":{\"@id\":\"https:\\\/\\\/www.cde.ual.es\\\/gestionando-la-migracion\\\/#primaryimage\"},\"thumbnailUrl\":\"https:\\\/\\\/www.cde.ual.es\\\/wp-content\\\/uploads\\\/2018\\\/07\\\/1483394013220.jpg\",\"datePublished\":\"2018-12-07T07:05:17+00:00\",\"breadcrumb\":{\"@id\":\"https:\\\/\\\/www.cde.ual.es\\\/gestionando-la-migracion\\\/#breadcrumb\"},\"inLanguage\":\"en-US\",\"potentialAction\":[{\"@type\":\"ReadAction\",\"target\":[\"https:\\\/\\\/www.cde.ual.es\\\/gestionando-la-migracion\\\/\"]}]},{\"@type\":\"ImageObject\",\"inLanguage\":\"en-US\",\"@id\":\"https:\\\/\\\/www.cde.ual.es\\\/gestionando-la-migracion\\\/#primaryimage\",\"url\":\"https:\\\/\\\/www.cde.ual.es\\\/wp-content\\\/uploads\\\/2018\\\/07\\\/1483394013220.jpg\",\"contentUrl\":\"https:\\\/\\\/www.cde.ual.es\\\/wp-content\\\/uploads\\\/2018\\\/07\\\/1483394013220.jpg\",\"width\":1200,\"height\":781},{\"@type\":\"BreadcrumbList\",\"@id\":\"https:\\\/\\\/www.cde.ual.es\\\/gestionando-la-migracion\\\/#breadcrumb\",\"itemListElement\":[{\"@type\":\"ListItem\",\"position\":1,\"name\":\"Inicio\",\"item\":\"https:\\\/\\\/www.cde.ual.es\\\/en\\\/\"},{\"@type\":\"ListItem\",\"position\":2,\"name\":\"Noticias UE\",\"item\":\"https:\\\/\\\/www.cde.ual.es\\\/category\\\/noticias-ue\\\/\"},{\"@type\":\"ListItem\",\"position\":3,\"name\":\"Gestionando la migraci\u00f3n\"}]},{\"@type\":\"WebSite\",\"@id\":\"https:\\\/\\\/www.cde.ual.es\\\/#website\",\"url\":\"https:\\\/\\\/www.cde.ual.es\\\/\",\"name\":\"CDE Almer\u00eda - Centro de Documentaci\u00f3n Europea - Universidad de Almer\u00eda\",\"description\":\"Centro de Documentaci\u00f3n Europea de la Universidad de Almer\u00eda\",\"publisher\":{\"@id\":\"https:\\\/\\\/www.cde.ual.es\\\/#organization\"},\"alternateName\":\"CDE Almer\u00eda\",\"potentialAction\":[{\"@type\":\"SearchAction\",\"target\":{\"@type\":\"EntryPoint\",\"urlTemplate\":\"https:\\\/\\\/www.cde.ual.es\\\/?s={search_term_string}\"},\"query-input\":{\"@type\":\"PropertyValueSpecification\",\"valueRequired\":true,\"valueName\":\"search_term_string\"}}],\"inLanguage\":\"en-US\"},{\"@type\":\"Organization\",\"@id\":\"https:\\\/\\\/www.cde.ual.es\\\/#organization\",\"name\":\"Centro de Documentaci\u00f3n Europea de Almer\u00eda\",\"url\":\"https:\\\/\\\/www.cde.ual.es\\\/\",\"logo\":{\"@type\":\"ImageObject\",\"inLanguage\":\"en-US\",\"@id\":\"https:\\\/\\\/www.cde.ual.es\\\/#\\\/schema\\\/logo\\\/image\\\/\",\"url\":\"https:\\\/\\\/www.cde.ual.es\\\/wp-content\\\/uploads\\\/2025\\\/07\\\/cde-logo-3.png\",\"contentUrl\":\"https:\\\/\\\/www.cde.ual.es\\\/wp-content\\\/uploads\\\/2025\\\/07\\\/cde-logo-3.png\",\"width\":1400,\"height\":300,\"caption\":\"Centro de Documentaci\u00f3n Europea de Almer\u00eda\"},\"image\":{\"@id\":\"https:\\\/\\\/www.cde.ual.es\\\/#\\\/schema\\\/logo\\\/image\\\/\"},\"sameAs\":[\"https:\\\/\\\/www.facebook.com\\\/cdeuniversidadalmeria\\\/\",\"https:\\\/\\\/x.com\\\/cdeualmeria\",\"https:\\\/\\\/www.tiktok.com\\\/@cdealmeria\",\"https:\\\/\\\/www.instagram.com\\\/cdealmeria\\\/\",\"https:\\\/\\\/www.linkedin.com\\\/in\\\/cde-almera-812b26a9\\\/\"]},{\"@type\":\"Person\",\"@id\":\"https:\\\/\\\/www.cde.ual.es\\\/#\\\/schema\\\/person\\\/224ef08c8bcc005f319d2713ce37ee5f\",\"name\":\"AdminCDE\",\"image\":{\"@type\":\"ImageObject\",\"inLanguage\":\"en-US\",\"@id\":\"https:\\\/\\\/secure.gravatar.com\\\/avatar\\\/a72d038d371f995cd13706fac32274b7952a52e8fb0a84b5f80c85426f2a98a8?s=96&d=mm&r=g\",\"url\":\"https:\\\/\\\/secure.gravatar.com\\\/avatar\\\/a72d038d371f995cd13706fac32274b7952a52e8fb0a84b5f80c85426f2a98a8?s=96&d=mm&r=g\",\"contentUrl\":\"https:\\\/\\\/secure.gravatar.com\\\/avatar\\\/a72d038d371f995cd13706fac32274b7952a52e8fb0a84b5f80c85426f2a98a8?s=96&d=mm&r=g\",\"caption\":\"AdminCDE\"}}]}<\/script>\n<!-- \/ Yoast SEO plugin. -->","yoast_head_json":{"title":"Gestionando la migraci\u00f3n | CDE Almer\u00eda - Centro de Documentaci\u00f3n Europea - Universidad de Almer\u00eda","robots":{"index":"index","follow":"follow","max-snippet":"max-snippet:-1","max-image-preview":"max-image-preview:large","max-video-preview":"max-video-preview:-1"},"canonical":"https:\/\/www.cde.ual.es\/gestionando-la-migracion\/","og_locale":"en_US","og_type":"article","og_title":"Gestionando la migraci\u00f3n | CDE Almer\u00eda - Centro de Documentaci\u00f3n Europea - Universidad de Almer\u00eda","og_description":"La Comisi\u00f3n pide a los Estados miembros y al Parlamento Europeo que consoliden los importantes avances logrados al adoptar las propuestas de reforma pendientes. La Comisi\u00f3n pide que se detenga la reforma del asilo El enfoque integral de la UE en materia de migraci\u00f3n est\u00e1 dando resultados en todos los frentes: una cooperaci\u00f3n m\u00e1s profunda [&hellip;]","og_url":"https:\/\/www.cde.ual.es\/gestionando-la-migracion\/","og_site_name":"CDE Almer\u00eda - Centro de Documentaci\u00f3n Europea - Universidad de Almer\u00eda","article_publisher":"https:\/\/www.facebook.com\/cdeuniversidadalmeria\/","article_published_time":"2018-12-07T07:05:17+00:00","og_image":[{"width":1200,"height":781,"url":"https:\/\/www.cde.ual.es\/wp-content\/uploads\/2018\/07\/1483394013220.jpg","type":"image\/jpeg"}],"author":"AdminCDE","twitter_card":"summary_large_image","twitter_creator":"@cdeualmeria","twitter_site":"@cdeualmeria","twitter_misc":{"Written by":"AdminCDE","Est. reading time":"4 minutes"},"schema":{"@context":"https:\/\/schema.org","@graph":[{"@type":"Article","@id":"https:\/\/www.cde.ual.es\/gestionando-la-migracion\/#article","isPartOf":{"@id":"https:\/\/www.cde.ual.es\/gestionando-la-migracion\/"},"author":{"name":"AdminCDE","@id":"https:\/\/www.cde.ual.es\/#\/schema\/person\/224ef08c8bcc005f319d2713ce37ee5f"},"headline":"Gestionando la migraci\u00f3n","datePublished":"2018-12-07T07:05:17+00:00","mainEntityOfPage":{"@id":"https:\/\/www.cde.ual.es\/gestionando-la-migracion\/"},"wordCount":723,"commentCount":0,"publisher":{"@id":"https:\/\/www.cde.ual.es\/#organization"},"image":{"@id":"https:\/\/www.cde.ual.es\/gestionando-la-migracion\/#primaryimage"},"thumbnailUrl":"https:\/\/www.cde.ual.es\/wp-content\/uploads\/2018\/07\/1483394013220.jpg","keywords":["Migraci\u00f3n","Seguridad y Defensa","Uni\u00f3n Europea"],"articleSection":["Noticias UE"],"inLanguage":"en-US","potentialAction":[{"@type":"CommentAction","name":"Comment","target":["https:\/\/www.cde.ual.es\/gestionando-la-migracion\/#respond"]}]},{"@type":"WebPage","@id":"https:\/\/www.cde.ual.es\/gestionando-la-migracion\/","url":"https:\/\/www.cde.ual.es\/gestionando-la-migracion\/","name":"Gestionando la migraci\u00f3n | CDE Almer\u00eda - Centro de Documentaci\u00f3n Europea - Universidad de Almer\u00eda","isPartOf":{"@id":"https:\/\/www.cde.ual.es\/#website"},"primaryImageOfPage":{"@id":"https:\/\/www.cde.ual.es\/gestionando-la-migracion\/#primaryimage"},"image":{"@id":"https:\/\/www.cde.ual.es\/gestionando-la-migracion\/#primaryimage"},"thumbnailUrl":"https:\/\/www.cde.ual.es\/wp-content\/uploads\/2018\/07\/1483394013220.jpg","datePublished":"2018-12-07T07:05:17+00:00","breadcrumb":{"@id":"https:\/\/www.cde.ual.es\/gestionando-la-migracion\/#breadcrumb"},"inLanguage":"en-US","potentialAction":[{"@type":"ReadAction","target":["https:\/\/www.cde.ual.es\/gestionando-la-migracion\/"]}]},{"@type":"ImageObject","inLanguage":"en-US","@id":"https:\/\/www.cde.ual.es\/gestionando-la-migracion\/#primaryimage","url":"https:\/\/www.cde.ual.es\/wp-content\/uploads\/2018\/07\/1483394013220.jpg","contentUrl":"https:\/\/www.cde.ual.es\/wp-content\/uploads\/2018\/07\/1483394013220.jpg","width":1200,"height":781},{"@type":"BreadcrumbList","@id":"https:\/\/www.cde.ual.es\/gestionando-la-migracion\/#breadcrumb","itemListElement":[{"@type":"ListItem","position":1,"name":"Inicio","item":"https:\/\/www.cde.ual.es\/en\/"},{"@type":"ListItem","position":2,"name":"Noticias UE","item":"https:\/\/www.cde.ual.es\/category\/noticias-ue\/"},{"@type":"ListItem","position":3,"name":"Gestionando la migraci\u00f3n"}]},{"@type":"WebSite","@id":"https:\/\/www.cde.ual.es\/#website","url":"https:\/\/www.cde.ual.es\/","name":"CDE Almer\u00eda - Centro de Documentaci\u00f3n Europea - Universidad de Almer\u00eda","description":"Centro de Documentaci\u00f3n Europea de la Universidad de Almer\u00eda","publisher":{"@id":"https:\/\/www.cde.ual.es\/#organization"},"alternateName":"CDE Almer\u00eda","potentialAction":[{"@type":"SearchAction","target":{"@type":"EntryPoint","urlTemplate":"https:\/\/www.cde.ual.es\/?s={search_term_string}"},"query-input":{"@type":"PropertyValueSpecification","valueRequired":true,"valueName":"search_term_string"}}],"inLanguage":"en-US"},{"@type":"Organization","@id":"https:\/\/www.cde.ual.es\/#organization","name":"Centro de Documentaci\u00f3n Europea de Almer\u00eda","url":"https:\/\/www.cde.ual.es\/","logo":{"@type":"ImageObject","inLanguage":"en-US","@id":"https:\/\/www.cde.ual.es\/#\/schema\/logo\/image\/","url":"https:\/\/www.cde.ual.es\/wp-content\/uploads\/2025\/07\/cde-logo-3.png","contentUrl":"https:\/\/www.cde.ual.es\/wp-content\/uploads\/2025\/07\/cde-logo-3.png","width":1400,"height":300,"caption":"Centro de Documentaci\u00f3n Europea de Almer\u00eda"},"image":{"@id":"https:\/\/www.cde.ual.es\/#\/schema\/logo\/image\/"},"sameAs":["https:\/\/www.facebook.com\/cdeuniversidadalmeria\/","https:\/\/x.com\/cdeualmeria","https:\/\/www.tiktok.com\/@cdealmeria","https:\/\/www.instagram.com\/cdealmeria\/","https:\/\/www.linkedin.com\/in\/cde-almera-812b26a9\/"]},{"@type":"Person","@id":"https:\/\/www.cde.ual.es\/#\/schema\/person\/224ef08c8bcc005f319d2713ce37ee5f","name":"AdminCDE","image":{"@type":"ImageObject","inLanguage":"en-US","@id":"https:\/\/secure.gravatar.com\/avatar\/a72d038d371f995cd13706fac32274b7952a52e8fb0a84b5f80c85426f2a98a8?s=96&d=mm&r=g","url":"https:\/\/secure.gravatar.com\/avatar\/a72d038d371f995cd13706fac32274b7952a52e8fb0a84b5f80c85426f2a98a8?s=96&d=mm&r=g","contentUrl":"https:\/\/secure.gravatar.com\/avatar\/a72d038d371f995cd13706fac32274b7952a52e8fb0a84b5f80c85426f2a98a8?s=96&d=mm&r=g","caption":"AdminCDE"}}]}},"_links":{"self":[{"href":"https:\/\/www.cde.ual.es\/en\/wp-json\/wp\/v2\/posts\/10554","targetHints":{"allow":["GET"]}}],"collection":[{"href":"https:\/\/www.cde.ual.es\/en\/wp-json\/wp\/v2\/posts"}],"about":[{"href":"https:\/\/www.cde.ual.es\/en\/wp-json\/wp\/v2\/types\/post"}],"author":[{"embeddable":true,"href":"https:\/\/www.cde.ual.es\/en\/wp-json\/wp\/v2\/users\/1"}],"replies":[{"embeddable":true,"href":"https:\/\/www.cde.ual.es\/en\/wp-json\/wp\/v2\/comments?post=10554"}],"version-history":[{"count":0,"href":"https:\/\/www.cde.ual.es\/en\/wp-json\/wp\/v2\/posts\/10554\/revisions"}],"wp:featuredmedia":[{"embeddable":true,"href":"https:\/\/www.cde.ual.es\/en\/wp-json\/wp\/v2\/media\/7515"}],"wp:attachment":[{"href":"https:\/\/www.cde.ual.es\/en\/wp-json\/wp\/v2\/media?parent=10554"}],"wp:term":[{"taxonomy":"category","embeddable":true,"href":"https:\/\/www.cde.ual.es\/en\/wp-json\/wp\/v2\/categories?post=10554"},{"taxonomy":"post_tag","embeddable":true,"href":"https:\/\/www.cde.ual.es\/en\/wp-json\/wp\/v2\/tags?post=10554"}],"curies":[{"name":"wp","href":"https:\/\/api.w.org\/{rel}","templated":true}]}}