{"id":104908,"date":"2022-05-03T10:20:41","date_gmt":"2022-05-03T08:20:41","guid":{"rendered":"https:\/\/www.cde.ual.es\/?p=104908"},"modified":"2022-05-03T10:23:33","modified_gmt":"2022-05-03T08:23:33","slug":"president-michels-message-to-the-ukrainian-congress-of-local-and-regional-authorities","status":"publish","type":"post","link":"https:\/\/www.cde.ual.es\/en\/president-michels-message-to-the-ukrainian-congress-of-local-and-regional-authorities\/","title":{"rendered":"President Michel&#8217;s message to the Ukrainian Congress of local and regional authorities"},"content":{"rendered":"<p><a href=\"https:\/\/www.cde.ual.es\/wp-content\/uploads\/2022\/05\/michel.png\"><img decoding=\"async\" class=\"aligncenter wp-image-104912\" src=\"https:\/\/www.cde.ual.es\/wp-content\/uploads\/2022\/05\/michel.png\" alt=\"\" width=\"537\" height=\"363\" srcset=\"https:\/\/www.cde.ual.es\/wp-content\/uploads\/2022\/05\/michel.png 1001w, https:\/\/www.cde.ual.es\/wp-content\/uploads\/2022\/05\/michel-300x203.png 300w, https:\/\/www.cde.ual.es\/wp-content\/uploads\/2022\/05\/michel-768x520.png 768w\" sizes=\"(max-width: 537px) 100vw, 537px\" \/><\/a><\/p>\n<p>I would like to send you \u2014 and all Ukrainians \u2014 a warm and fraternal greeting from the European Union and our 450 million citizens. For over two months, we have watched with horror the martyrdom inflicted on you by Russia.<\/p>\n<p>Last week I was in Kyiv. I saw with my own eyes the atrocities and devastation in Borodyanka. I have no words to describe the outrage and compassion I felt. These are war crimes. They must be punished, and they will be punished.<\/p>\n<p>I also witnessed the extraordinary courage and resilience of the Ukrainian people. The courage of your army and your leaders, your fighting spirit, your determination to defend your homeland, and the future of your children. Your brave resistance has inspired Europe and the free world. You are fighting for your freedom, but you are also defending our freedom and our common European values.<\/p>\n<p>&nbsp;<\/p>\n<table style=\"width: 99.9988%; border-collapse: collapse; border-style: double; border-color: #001f7d;\" cellpadding=\"0,5\">\n<tbody>\n<tr>\n<td style=\"width: 100%;\"><a href=\"https:\/\/www.cde.ual.es\/declaracion-de-josep-borrell-sobre-la-alineacion-de-algunos-paises-en-relacion-con-las-medidas-que-amenazan-la-independencia-de-ucrania-2\/\" target=\"_blank\" rel=\"noopener\"><img decoding=\"async\" class=\"alignleft\" src=\"https:\/\/www.cde.ual.es\/wp-content\/uploads\/2020\/01\/borrell2.jpg\" alt=\"\" width=\"148\" height=\"148\" \/><\/a><\/p>\n<h4 class=\"entry-title\"><a href=\"https:\/\/www.cde.ual.es\/declaracion-de-josep-borrell-sobre-la-alineacion-de-algunos-paises-en-relacion-con-las-medidas-que-amenazan-la-independencia-de-ucrania-2\/\" target=\"_blank\" rel=\"noopener\">Josep Borrell\u2019s statement on the alignment of some countries regarding measures threatening Ukraine\u2019s independence<br \/>\n<\/a><\/h4>\n<p>&nbsp;<\/td>\n<\/tr>\n<\/tbody>\n<\/table>\n<h3><\/h3>\n<p>That is why the European Union has rallied behind you from the very beginning. For the first time in our history, we are sending weapons to support your armed forces &#8211;\u00a0 EUR 1.5 billion in military equipment. We are also welcoming millions of your citizens who have had to flee their country.<\/p>\n<p>Putin will not win this war. You will win it. We must already start acting to rebuild and to support Ukraine\u2019s long-term economic development. It is not about building back the Ukraine of 23 February \u2026 before Russia\u2019s war. Rather, the goal must be to combine investments and reforms to rebuild the Ukraine of the future.<\/p>\n<p>That is why I fully embrace President Zelenskyy\u2019s ambitious vision for Ukraine: modern, prosperous, forward-looking, and part of our European family. The European Union will be at your side to help rebuild your country and to forge the European future of Ukraine.<\/p>\n<p>&nbsp;<\/p>\n<table style=\"width: 99.9988%; border-collapse: collapse; border-style: double; border-color: #001f7d;\" cellpadding=\"0,5\">\n<tbody>\n<tr>\n<td style=\"width: 100%;\"><a href=\"https:\/\/www.cde.ual.es\/en\/ukraines-reconstruction-the-messages-of-ursuala-von-der-leyen-and-charles-michel\/\" target=\"_blank\" rel=\"noopener\"><img decoding=\"async\" class=\"alignleft\" src=\"https:\/\/www.cde.ual.es\/wp-content\/uploads\/2022\/04\/ucrania-banderas-1024x683.jpg\" alt=\"\" width=\"148\" height=\"148\" \/><\/a><\/p>\n<h4 class=\"entry-title\"><a href=\"https:\/\/www.cde.ual.es\/en\/ukraines-reconstruction-the-messages-of-ursuala-von-der-leyen-and-charles-michel\/\" target=\"_blank\" rel=\"noopener\">Ukraine\u2019s reconstruction: the messages of Ursula von der Leyen and Charles Michel<br \/>\n<\/a><\/h4>\n<p>&nbsp;<\/p>\n<p>&nbsp;<\/td>\n<\/tr>\n<\/tbody>\n<\/table>\n<p>That is precisely why the 27 EU leaders have decided to create a Solidarity Trust Fund for Ukraine. The European Commission is already working on it. I hope the donors&#8217; conference on 5 May will provide concrete resources. We are also working closely with international organisations \u2014 such as the IMF and World Bank \u2014 to mobilise more financial support.<\/p>\n<p>Of particular interest to all of you here today: President Zelenskyy shared with me his concept for twinning EU cities and regions with Ukrainian cities and regions in need of reconstruction.\u00a0 I believe this is a good idea to help revive cities destroyed and traumatised by war.\u00a0 I fully support it.<\/p>\n<p>All of you present today, you are the grassroots leaders across Ukraine. You know best what your citizens need in your towns and regions. You will be the builders and organisers on the ground, the critical local link to rebuilding your new Ukraine. And local and regional leaders in the EU \u2014 like yourselves \u2014 are best placed to understand your needs and to offer practical, concrete, and operational expertise.<\/p>\n<p>These twinnings will also engage Ukrainian citizens with EU citizens, building person-to-person links that will bring our peoples closer together. I have also asked the President of the European Committee of the Regions to support this project.<\/p>\n<p>Your role as local and regional leaders will be pivotal in building the future of Ukraine. We stand shoulder-to-shoulder with you. We both want the same things \u2014 peace, prosperity, and a confident future for our children.<\/p>\n<p>Slava Ukra\u00efni!<\/p>\n<p>Long live Europe!<\/p>\n<p><strong>Source: <a href=\"https:\/\/www.consilium.europa.eu\/en\/press\/press-releases\/2022\/04\/27\/president-michel-s-message-to-the-ukrainian-congress-of-local-and-regional-authorities\/\">European Council &#8211; Press release<\/a><\/strong><\/p>\n","protected":false},"excerpt":{"rendered":"<p>I would like to send you \u2014 and all Ukrainians \u2014 a warm and fraternal greeting from the European Union and our 450 million citizens. For over two months, we have watched with horror the martyrdom inflicted on you by Russia. Last week I was in Kyiv. I saw with my own eyes the atrocities [&hellip;]<\/p>\n","protected":false},"author":101011,"featured_media":104912,"comment_status":"open","ping_status":"open","sticky":false,"template":"","format":"standard","meta":{"_acf_changed":false,"_relevanssi_hide_post":"","_relevanssi_hide_content":"","_relevanssi_pin_for_all":"","_relevanssi_pin_keywords":"","_relevanssi_unpin_keywords":"","_relevanssi_related_keywords":"","_relevanssi_related_include_ids":"","_relevanssi_related_exclude_ids":"","_relevanssi_related_no_append":"","_relevanssi_related_not_related":"","_relevanssi_related_posts":"","_relevanssi_noindex_reason":"","_monsterinsights_skip_tracking":false,"_monsterinsights_sitenote_active":false,"_monsterinsights_sitenote_note":"","_monsterinsights_sitenote_category":0,"_genesis_hide_title":false,"_genesis_hide_breadcrumbs":false,"_genesis_hide_singular_image":false,"_genesis_hide_footer_widgets":false,"_genesis_custom_body_class":"","_genesis_custom_post_class":"","_genesis_layout":"","footnotes":""},"categories":[4075,346,4078],"tags":[2853,5450,5005],"class_list":{"0":"post-104908","1":"post","2":"type-post","3":"status-publish","4":"format-standard","5":"has-post-thumbnail","7":"category-defence-security","8":"category-eu-news","9":"category-internat-safety-pol","10":"tag-russia","11":"tag-stand-up-for-ukraine","12":"tag-ukraine","13":"entry"},"acf":[],"yoast_head":"<!-- This site is optimized with the Yoast SEO plugin v27.4 - https:\/\/yoast.com\/product\/yoast-seo-wordpress\/ -->\n<title>President Michel&#039;s message to the Ukrainian Congress of local and regional authorities | CDE Almer\u00eda - Centro de Documentaci\u00f3n Europea - Universidad de Almer\u00eda<\/title>\n<meta name=\"robots\" content=\"index, follow, max-snippet:-1, max-image-preview:large, max-video-preview:-1\" \/>\n<link rel=\"canonical\" href=\"https:\/\/www.cde.ual.es\/en\/president-michels-message-to-the-ukrainian-congress-of-local-and-regional-authorities\/\" \/>\n<meta property=\"og:locale\" content=\"en_US\" \/>\n<meta property=\"og:type\" content=\"article\" \/>\n<meta property=\"og:title\" content=\"President Michel&#039;s message to the Ukrainian Congress of local and regional authorities | CDE Almer\u00eda - Centro de Documentaci\u00f3n Europea - Universidad de Almer\u00eda\" \/>\n<meta property=\"og:description\" content=\"I would like to send you \u2014 and all Ukrainians \u2014 a warm and fraternal greeting from the European Union and our 450 million citizens. For over two months, we have watched with horror the martyrdom inflicted on you by Russia. Last week I was in Kyiv. I saw with my own eyes the atrocities [&hellip;]\" \/>\n<meta property=\"og:url\" content=\"https:\/\/www.cde.ual.es\/en\/president-michels-message-to-the-ukrainian-congress-of-local-and-regional-authorities\/\" \/>\n<meta property=\"og:site_name\" content=\"CDE Almer\u00eda - Centro de Documentaci\u00f3n Europea - Universidad de Almer\u00eda\" \/>\n<meta property=\"article:publisher\" content=\"https:\/\/www.facebook.com\/cdeuniversidadalmeria\/\" \/>\n<meta property=\"article:published_time\" content=\"2022-05-03T08:20:41+00:00\" \/>\n<meta property=\"article:modified_time\" content=\"2022-05-03T08:23:33+00:00\" \/>\n<meta property=\"og:image\" content=\"https:\/\/www.cde.ual.es\/wp-content\/uploads\/2022\/05\/michel.png\" \/>\n\t<meta property=\"og:image:width\" content=\"1001\" \/>\n\t<meta property=\"og:image:height\" content=\"678\" \/>\n\t<meta property=\"og:image:type\" content=\"image\/png\" \/>\n<meta name=\"author\" content=\"BECA 2 CDE\" \/>\n<meta name=\"twitter:card\" content=\"summary_large_image\" \/>\n<meta name=\"twitter:creator\" content=\"@cdeualmeria\" \/>\n<meta name=\"twitter:site\" content=\"@cdeualmeria\" \/>\n<meta name=\"twitter:label1\" content=\"Written by\" \/>\n\t<meta name=\"twitter:data1\" content=\"BECA 2 CDE\" \/>\n\t<meta name=\"twitter:label2\" content=\"Est. reading time\" \/>\n\t<meta name=\"twitter:data2\" content=\"3 minutes\" \/>\n<script type=\"application\/ld+json\" class=\"yoast-schema-graph\">{\"@context\":\"https:\\\/\\\/schema.org\",\"@graph\":[{\"@type\":\"Article\",\"@id\":\"https:\\\/\\\/www.cde.ual.es\\\/en\\\/president-michels-message-to-the-ukrainian-congress-of-local-and-regional-authorities\\\/#article\",\"isPartOf\":{\"@id\":\"https:\\\/\\\/www.cde.ual.es\\\/en\\\/president-michels-message-to-the-ukrainian-congress-of-local-and-regional-authorities\\\/\"},\"author\":{\"name\":\"BECA 2 CDE\",\"@id\":\"https:\\\/\\\/www.cde.ual.es\\\/#\\\/schema\\\/person\\\/ee46ebc19edfa19598c02cff83335acc\"},\"headline\":\"President Michel&#8217;s message to the Ukrainian Congress of local and regional authorities\",\"datePublished\":\"2022-05-03T08:20:41+00:00\",\"dateModified\":\"2022-05-03T08:23:33+00:00\",\"mainEntityOfPage\":{\"@id\":\"https:\\\/\\\/www.cde.ual.es\\\/en\\\/president-michels-message-to-the-ukrainian-congress-of-local-and-regional-authorities\\\/\"},\"wordCount\":601,\"commentCount\":0,\"publisher\":{\"@id\":\"https:\\\/\\\/www.cde.ual.es\\\/#organization\"},\"image\":{\"@id\":\"https:\\\/\\\/www.cde.ual.es\\\/en\\\/president-michels-message-to-the-ukrainian-congress-of-local-and-regional-authorities\\\/#primaryimage\"},\"thumbnailUrl\":\"https:\\\/\\\/www.cde.ual.es\\\/wp-content\\\/uploads\\\/2022\\\/05\\\/michel.png\",\"keywords\":[\"russia\",\"Stand Up for Ukraine\",\"ukraine\"],\"articleSection\":[\"Defence &amp; Security\",\"EU News\",\"International Safety and Defence Politics\"],\"inLanguage\":\"en-US\",\"potentialAction\":[{\"@type\":\"CommentAction\",\"name\":\"Comment\",\"target\":[\"https:\\\/\\\/www.cde.ual.es\\\/en\\\/president-michels-message-to-the-ukrainian-congress-of-local-and-regional-authorities\\\/#respond\"]}]},{\"@type\":\"WebPage\",\"@id\":\"https:\\\/\\\/www.cde.ual.es\\\/en\\\/president-michels-message-to-the-ukrainian-congress-of-local-and-regional-authorities\\\/\",\"url\":\"https:\\\/\\\/www.cde.ual.es\\\/en\\\/president-michels-message-to-the-ukrainian-congress-of-local-and-regional-authorities\\\/\",\"name\":\"President Michel's message to the Ukrainian Congress of local and regional authorities | CDE Almer\u00eda - Centro de Documentaci\u00f3n Europea - Universidad de Almer\u00eda\",\"isPartOf\":{\"@id\":\"https:\\\/\\\/www.cde.ual.es\\\/#website\"},\"primaryImageOfPage\":{\"@id\":\"https:\\\/\\\/www.cde.ual.es\\\/en\\\/president-michels-message-to-the-ukrainian-congress-of-local-and-regional-authorities\\\/#primaryimage\"},\"image\":{\"@id\":\"https:\\\/\\\/www.cde.ual.es\\\/en\\\/president-michels-message-to-the-ukrainian-congress-of-local-and-regional-authorities\\\/#primaryimage\"},\"thumbnailUrl\":\"https:\\\/\\\/www.cde.ual.es\\\/wp-content\\\/uploads\\\/2022\\\/05\\\/michel.png\",\"datePublished\":\"2022-05-03T08:20:41+00:00\",\"dateModified\":\"2022-05-03T08:23:33+00:00\",\"breadcrumb\":{\"@id\":\"https:\\\/\\\/www.cde.ual.es\\\/en\\\/president-michels-message-to-the-ukrainian-congress-of-local-and-regional-authorities\\\/#breadcrumb\"},\"inLanguage\":\"en-US\",\"potentialAction\":[{\"@type\":\"ReadAction\",\"target\":[\"https:\\\/\\\/www.cde.ual.es\\\/en\\\/president-michels-message-to-the-ukrainian-congress-of-local-and-regional-authorities\\\/\"]}]},{\"@type\":\"ImageObject\",\"inLanguage\":\"en-US\",\"@id\":\"https:\\\/\\\/www.cde.ual.es\\\/en\\\/president-michels-message-to-the-ukrainian-congress-of-local-and-regional-authorities\\\/#primaryimage\",\"url\":\"https:\\\/\\\/www.cde.ual.es\\\/wp-content\\\/uploads\\\/2022\\\/05\\\/michel.png\",\"contentUrl\":\"https:\\\/\\\/www.cde.ual.es\\\/wp-content\\\/uploads\\\/2022\\\/05\\\/michel.png\",\"width\":1001,\"height\":678},{\"@type\":\"BreadcrumbList\",\"@id\":\"https:\\\/\\\/www.cde.ual.es\\\/en\\\/president-michels-message-to-the-ukrainian-congress-of-local-and-regional-authorities\\\/#breadcrumb\",\"itemListElement\":[{\"@type\":\"ListItem\",\"position\":1,\"name\":\"Inicio\",\"item\":\"https:\\\/\\\/www.cde.ual.es\\\/en\\\/\"},{\"@type\":\"ListItem\",\"position\":2,\"name\":\"EU News\",\"item\":\"https:\\\/\\\/www.cde.ual.es\\\/en\\\/category\\\/eu-news\\\/\"},{\"@type\":\"ListItem\",\"position\":3,\"name\":\"Defence &amp; Security\",\"item\":\"https:\\\/\\\/www.cde.ual.es\\\/en\\\/category\\\/eu-news\\\/defence-security\\\/\"},{\"@type\":\"ListItem\",\"position\":4,\"name\":\"International Safety and Defence Politics\",\"item\":\"https:\\\/\\\/www.cde.ual.es\\\/en\\\/category\\\/eu-news\\\/defence-security\\\/internat-safety-pol\\\/\"},{\"@type\":\"ListItem\",\"position\":5,\"name\":\"President Michel&#8217;s message to the Ukrainian Congress of local and regional authorities\"}]},{\"@type\":\"WebSite\",\"@id\":\"https:\\\/\\\/www.cde.ual.es\\\/#website\",\"url\":\"https:\\\/\\\/www.cde.ual.es\\\/\",\"name\":\"CDE Almer\u00eda - Centro de Documentaci\u00f3n Europea - Universidad de Almer\u00eda\",\"description\":\"Centro de Documentaci\u00f3n Europea de la Universidad de Almer\u00eda\",\"publisher\":{\"@id\":\"https:\\\/\\\/www.cde.ual.es\\\/#organization\"},\"alternateName\":\"CDE Almer\u00eda\",\"potentialAction\":[{\"@type\":\"SearchAction\",\"target\":{\"@type\":\"EntryPoint\",\"urlTemplate\":\"https:\\\/\\\/www.cde.ual.es\\\/?s={search_term_string}\"},\"query-input\":{\"@type\":\"PropertyValueSpecification\",\"valueRequired\":true,\"valueName\":\"search_term_string\"}}],\"inLanguage\":\"en-US\"},{\"@type\":\"Organization\",\"@id\":\"https:\\\/\\\/www.cde.ual.es\\\/#organization\",\"name\":\"Centro de Documentaci\u00f3n Europea de Almer\u00eda\",\"url\":\"https:\\\/\\\/www.cde.ual.es\\\/\",\"logo\":{\"@type\":\"ImageObject\",\"inLanguage\":\"en-US\",\"@id\":\"https:\\\/\\\/www.cde.ual.es\\\/#\\\/schema\\\/logo\\\/image\\\/\",\"url\":\"https:\\\/\\\/www.cde.ual.es\\\/wp-content\\\/uploads\\\/2025\\\/07\\\/cde-logo-3.png\",\"contentUrl\":\"https:\\\/\\\/www.cde.ual.es\\\/wp-content\\\/uploads\\\/2025\\\/07\\\/cde-logo-3.png\",\"width\":1400,\"height\":300,\"caption\":\"Centro de Documentaci\u00f3n Europea de Almer\u00eda\"},\"image\":{\"@id\":\"https:\\\/\\\/www.cde.ual.es\\\/#\\\/schema\\\/logo\\\/image\\\/\"},\"sameAs\":[\"https:\\\/\\\/www.facebook.com\\\/cdeuniversidadalmeria\\\/\",\"https:\\\/\\\/x.com\\\/cdeualmeria\",\"https:\\\/\\\/www.tiktok.com\\\/@cdealmeria\",\"https:\\\/\\\/www.instagram.com\\\/cdealmeria\\\/\",\"https:\\\/\\\/www.linkedin.com\\\/in\\\/cde-almera-812b26a9\\\/\"]},{\"@type\":\"Person\",\"@id\":\"https:\\\/\\\/www.cde.ual.es\\\/#\\\/schema\\\/person\\\/ee46ebc19edfa19598c02cff83335acc\",\"name\":\"BECA 2 CDE\",\"image\":{\"@type\":\"ImageObject\",\"inLanguage\":\"en-US\",\"@id\":\"https:\\\/\\\/secure.gravatar.com\\\/avatar\\\/35a481bbc04bbd90e91bdfa3b0b5541036c222a49b9ad37b6889a2afcb5311a5?s=96&d=mm&r=g\",\"url\":\"https:\\\/\\\/secure.gravatar.com\\\/avatar\\\/35a481bbc04bbd90e91bdfa3b0b5541036c222a49b9ad37b6889a2afcb5311a5?s=96&d=mm&r=g\",\"contentUrl\":\"https:\\\/\\\/secure.gravatar.com\\\/avatar\\\/35a481bbc04bbd90e91bdfa3b0b5541036c222a49b9ad37b6889a2afcb5311a5?s=96&d=mm&r=g\",\"caption\":\"BECA 2 CDE\"},\"sameAs\":[\"http:\\\/\\\/www.cdealmeria.com\"]}]}<\/script>\n<!-- \/ Yoast SEO plugin. -->","yoast_head_json":{"title":"President Michel's message to the Ukrainian Congress of local and regional authorities | CDE Almer\u00eda - Centro de Documentaci\u00f3n Europea - Universidad de Almer\u00eda","robots":{"index":"index","follow":"follow","max-snippet":"max-snippet:-1","max-image-preview":"max-image-preview:large","max-video-preview":"max-video-preview:-1"},"canonical":"https:\/\/www.cde.ual.es\/en\/president-michels-message-to-the-ukrainian-congress-of-local-and-regional-authorities\/","og_locale":"en_US","og_type":"article","og_title":"President Michel's message to the Ukrainian Congress of local and regional authorities | CDE Almer\u00eda - Centro de Documentaci\u00f3n Europea - Universidad de Almer\u00eda","og_description":"I would like to send you \u2014 and all Ukrainians \u2014 a warm and fraternal greeting from the European Union and our 450 million citizens. For over two months, we have watched with horror the martyrdom inflicted on you by Russia. Last week I was in Kyiv. I saw with my own eyes the atrocities [&hellip;]","og_url":"https:\/\/www.cde.ual.es\/en\/president-michels-message-to-the-ukrainian-congress-of-local-and-regional-authorities\/","og_site_name":"CDE Almer\u00eda - Centro de Documentaci\u00f3n Europea - Universidad de Almer\u00eda","article_publisher":"https:\/\/www.facebook.com\/cdeuniversidadalmeria\/","article_published_time":"2022-05-03T08:20:41+00:00","article_modified_time":"2022-05-03T08:23:33+00:00","og_image":[{"width":1001,"height":678,"url":"https:\/\/www.cde.ual.es\/wp-content\/uploads\/2022\/05\/michel.png","type":"image\/png"}],"author":"BECA 2 CDE","twitter_card":"summary_large_image","twitter_creator":"@cdeualmeria","twitter_site":"@cdeualmeria","twitter_misc":{"Written by":"BECA 2 CDE","Est. reading time":"3 minutes"},"schema":{"@context":"https:\/\/schema.org","@graph":[{"@type":"Article","@id":"https:\/\/www.cde.ual.es\/en\/president-michels-message-to-the-ukrainian-congress-of-local-and-regional-authorities\/#article","isPartOf":{"@id":"https:\/\/www.cde.ual.es\/en\/president-michels-message-to-the-ukrainian-congress-of-local-and-regional-authorities\/"},"author":{"name":"BECA 2 CDE","@id":"https:\/\/www.cde.ual.es\/#\/schema\/person\/ee46ebc19edfa19598c02cff83335acc"},"headline":"President Michel&#8217;s message to the Ukrainian Congress of local and regional authorities","datePublished":"2022-05-03T08:20:41+00:00","dateModified":"2022-05-03T08:23:33+00:00","mainEntityOfPage":{"@id":"https:\/\/www.cde.ual.es\/en\/president-michels-message-to-the-ukrainian-congress-of-local-and-regional-authorities\/"},"wordCount":601,"commentCount":0,"publisher":{"@id":"https:\/\/www.cde.ual.es\/#organization"},"image":{"@id":"https:\/\/www.cde.ual.es\/en\/president-michels-message-to-the-ukrainian-congress-of-local-and-regional-authorities\/#primaryimage"},"thumbnailUrl":"https:\/\/www.cde.ual.es\/wp-content\/uploads\/2022\/05\/michel.png","keywords":["russia","Stand Up for Ukraine","ukraine"],"articleSection":["Defence &amp; Security","EU News","International Safety and Defence Politics"],"inLanguage":"en-US","potentialAction":[{"@type":"CommentAction","name":"Comment","target":["https:\/\/www.cde.ual.es\/en\/president-michels-message-to-the-ukrainian-congress-of-local-and-regional-authorities\/#respond"]}]},{"@type":"WebPage","@id":"https:\/\/www.cde.ual.es\/en\/president-michels-message-to-the-ukrainian-congress-of-local-and-regional-authorities\/","url":"https:\/\/www.cde.ual.es\/en\/president-michels-message-to-the-ukrainian-congress-of-local-and-regional-authorities\/","name":"President Michel's message to the Ukrainian Congress of local and regional authorities | CDE Almer\u00eda - Centro de Documentaci\u00f3n Europea - Universidad de Almer\u00eda","isPartOf":{"@id":"https:\/\/www.cde.ual.es\/#website"},"primaryImageOfPage":{"@id":"https:\/\/www.cde.ual.es\/en\/president-michels-message-to-the-ukrainian-congress-of-local-and-regional-authorities\/#primaryimage"},"image":{"@id":"https:\/\/www.cde.ual.es\/en\/president-michels-message-to-the-ukrainian-congress-of-local-and-regional-authorities\/#primaryimage"},"thumbnailUrl":"https:\/\/www.cde.ual.es\/wp-content\/uploads\/2022\/05\/michel.png","datePublished":"2022-05-03T08:20:41+00:00","dateModified":"2022-05-03T08:23:33+00:00","breadcrumb":{"@id":"https:\/\/www.cde.ual.es\/en\/president-michels-message-to-the-ukrainian-congress-of-local-and-regional-authorities\/#breadcrumb"},"inLanguage":"en-US","potentialAction":[{"@type":"ReadAction","target":["https:\/\/www.cde.ual.es\/en\/president-michels-message-to-the-ukrainian-congress-of-local-and-regional-authorities\/"]}]},{"@type":"ImageObject","inLanguage":"en-US","@id":"https:\/\/www.cde.ual.es\/en\/president-michels-message-to-the-ukrainian-congress-of-local-and-regional-authorities\/#primaryimage","url":"https:\/\/www.cde.ual.es\/wp-content\/uploads\/2022\/05\/michel.png","contentUrl":"https:\/\/www.cde.ual.es\/wp-content\/uploads\/2022\/05\/michel.png","width":1001,"height":678},{"@type":"BreadcrumbList","@id":"https:\/\/www.cde.ual.es\/en\/president-michels-message-to-the-ukrainian-congress-of-local-and-regional-authorities\/#breadcrumb","itemListElement":[{"@type":"ListItem","position":1,"name":"Inicio","item":"https:\/\/www.cde.ual.es\/en\/"},{"@type":"ListItem","position":2,"name":"EU News","item":"https:\/\/www.cde.ual.es\/en\/category\/eu-news\/"},{"@type":"ListItem","position":3,"name":"Defence &amp; Security","item":"https:\/\/www.cde.ual.es\/en\/category\/eu-news\/defence-security\/"},{"@type":"ListItem","position":4,"name":"International Safety and Defence Politics","item":"https:\/\/www.cde.ual.es\/en\/category\/eu-news\/defence-security\/internat-safety-pol\/"},{"@type":"ListItem","position":5,"name":"President Michel&#8217;s message to the Ukrainian Congress of local and regional authorities"}]},{"@type":"WebSite","@id":"https:\/\/www.cde.ual.es\/#website","url":"https:\/\/www.cde.ual.es\/","name":"CDE Almer\u00eda - Centro de Documentaci\u00f3n Europea - Universidad de Almer\u00eda","description":"Centro de Documentaci\u00f3n Europea de la Universidad de Almer\u00eda","publisher":{"@id":"https:\/\/www.cde.ual.es\/#organization"},"alternateName":"CDE Almer\u00eda","potentialAction":[{"@type":"SearchAction","target":{"@type":"EntryPoint","urlTemplate":"https:\/\/www.cde.ual.es\/?s={search_term_string}"},"query-input":{"@type":"PropertyValueSpecification","valueRequired":true,"valueName":"search_term_string"}}],"inLanguage":"en-US"},{"@type":"Organization","@id":"https:\/\/www.cde.ual.es\/#organization","name":"Centro de Documentaci\u00f3n Europea de Almer\u00eda","url":"https:\/\/www.cde.ual.es\/","logo":{"@type":"ImageObject","inLanguage":"en-US","@id":"https:\/\/www.cde.ual.es\/#\/schema\/logo\/image\/","url":"https:\/\/www.cde.ual.es\/wp-content\/uploads\/2025\/07\/cde-logo-3.png","contentUrl":"https:\/\/www.cde.ual.es\/wp-content\/uploads\/2025\/07\/cde-logo-3.png","width":1400,"height":300,"caption":"Centro de Documentaci\u00f3n Europea de Almer\u00eda"},"image":{"@id":"https:\/\/www.cde.ual.es\/#\/schema\/logo\/image\/"},"sameAs":["https:\/\/www.facebook.com\/cdeuniversidadalmeria\/","https:\/\/x.com\/cdeualmeria","https:\/\/www.tiktok.com\/@cdealmeria","https:\/\/www.instagram.com\/cdealmeria\/","https:\/\/www.linkedin.com\/in\/cde-almera-812b26a9\/"]},{"@type":"Person","@id":"https:\/\/www.cde.ual.es\/#\/schema\/person\/ee46ebc19edfa19598c02cff83335acc","name":"BECA 2 CDE","image":{"@type":"ImageObject","inLanguage":"en-US","@id":"https:\/\/secure.gravatar.com\/avatar\/35a481bbc04bbd90e91bdfa3b0b5541036c222a49b9ad37b6889a2afcb5311a5?s=96&d=mm&r=g","url":"https:\/\/secure.gravatar.com\/avatar\/35a481bbc04bbd90e91bdfa3b0b5541036c222a49b9ad37b6889a2afcb5311a5?s=96&d=mm&r=g","contentUrl":"https:\/\/secure.gravatar.com\/avatar\/35a481bbc04bbd90e91bdfa3b0b5541036c222a49b9ad37b6889a2afcb5311a5?s=96&d=mm&r=g","caption":"BECA 2 CDE"},"sameAs":["http:\/\/www.cdealmeria.com"]}]}},"_links":{"self":[{"href":"https:\/\/www.cde.ual.es\/en\/wp-json\/wp\/v2\/posts\/104908","targetHints":{"allow":["GET"]}}],"collection":[{"href":"https:\/\/www.cde.ual.es\/en\/wp-json\/wp\/v2\/posts"}],"about":[{"href":"https:\/\/www.cde.ual.es\/en\/wp-json\/wp\/v2\/types\/post"}],"author":[{"embeddable":true,"href":"https:\/\/www.cde.ual.es\/en\/wp-json\/wp\/v2\/users\/101011"}],"replies":[{"embeddable":true,"href":"https:\/\/www.cde.ual.es\/en\/wp-json\/wp\/v2\/comments?post=104908"}],"version-history":[{"count":0,"href":"https:\/\/www.cde.ual.es\/en\/wp-json\/wp\/v2\/posts\/104908\/revisions"}],"wp:featuredmedia":[{"embeddable":true,"href":"https:\/\/www.cde.ual.es\/en\/wp-json\/wp\/v2\/media\/104912"}],"wp:attachment":[{"href":"https:\/\/www.cde.ual.es\/en\/wp-json\/wp\/v2\/media?parent=104908"}],"wp:term":[{"taxonomy":"category","embeddable":true,"href":"https:\/\/www.cde.ual.es\/en\/wp-json\/wp\/v2\/categories?post=104908"},{"taxonomy":"post_tag","embeddable":true,"href":"https:\/\/www.cde.ual.es\/en\/wp-json\/wp\/v2\/tags?post=104908"}],"curies":[{"name":"wp","href":"https:\/\/api.w.org\/{rel}","templated":true}]}}