{"id":104904,"date":"2022-05-03T12:30:14","date_gmt":"2022-05-03T10:30:14","guid":{"rendered":"https:\/\/www.cde.ual.es\/?p=104904"},"modified":"2022-05-03T10:16:09","modified_gmt":"2022-05-03T08:16:09","slug":"future-of-europe-conference-and-proposals","status":"publish","type":"post","link":"https:\/\/www.cde.ual.es\/en\/future-of-europe-conference-and-proposals\/","title":{"rendered":"Future of Europe: conference and proposals"},"content":{"rendered":"<p><a href=\"https:\/\/www.cde.ual.es\/wp-content\/uploads\/2022\/05\/meeting-83519_1920-1.jpg\"><img decoding=\"async\" class=\"aligncenter wp-image-104901\" src=\"https:\/\/www.cde.ual.es\/wp-content\/uploads\/2022\/05\/meeting-83519_1920-1.jpg\" alt=\"\" width=\"451\" height=\"300\" srcset=\"https:\/\/www.cde.ual.es\/wp-content\/uploads\/2022\/05\/meeting-83519_1920-1.jpg 1920w, https:\/\/www.cde.ual.es\/wp-content\/uploads\/2022\/05\/meeting-83519_1920-1-300x200.jpg 300w, https:\/\/www.cde.ual.es\/wp-content\/uploads\/2022\/05\/meeting-83519_1920-1-1024x681.jpg 1024w, https:\/\/www.cde.ual.es\/wp-content\/uploads\/2022\/05\/meeting-83519_1920-1-768x511.jpg 768w, https:\/\/www.cde.ual.es\/wp-content\/uploads\/2022\/05\/meeting-83519_1920-1-1536x1022.jpg 1536w\" sizes=\"(max-width: 451px) 100vw, 451px\" \/><\/a><\/p>\n<p>The <a href=\"https:\/\/futureu.europa.eu\/pages\/plenary\" target=\"_blank\" rel=\"noopener\">plenary session<\/a> of the Conference on the Future of Europe, which met for the last time on 29-30 April, reached agreements on a <a href=\"https:\/\/prod-cofe-platform.s3.eu-central-1.amazonaws.com\/ttwonovv08ase23b2vt5ilvcl39f?response-content-disposition=inline%3B%20filename%3D%22CoFE%20-%20Consolidated%20list%20of%20draft%20proposals_FINAL_.pdf%22%3B%20filename%2A%3DUTF-8%27%27CoFE%2520-%2520Consolidated%2520list%2520of%2520draft%2520proposals_FINAL_.pdf&amp;response-content-type=application%2Fpdf&amp;X-Amz-Algorithm=AWS4-HMAC-SHA256&amp;X-Amz-Credential=AKIA3LJJXGZPDFYVOW5V%2F20220503%2Feu-central-1%2Fs3%2Faws4_request&amp;X-Amz-Date=20220503T080926Z&amp;X-Amz-Expires=300&amp;X-Amz-SignedHeaders=host&amp;X-Amz-Signature=8325c4f97a820fc0e8aa201ca9463d84f5235f3ad3d2f0a4780eacc563fe02ec\" target=\"_blank\" rel=\"noopener\">set of 49 detailed proposals<\/a> covering a wide range of issues, from climate change to health, migration and the EU in the world. It has been the goal of an exceptional year-long journey of debate, deliberation and collaboration between citizens across Europe on what the Europe they want to live in looks like.<\/p>\n<p>Representatives of the European Parliament, the Council, the Commission and national parliaments expressed their consensus on the proposals. The citizens who participated in the plenary session also expressed their positions on these proposals.<\/p>\n<p>Dubravka <strong>\u0160uica,<\/strong> Vice-President responsible for Democracy and Demography, as co-chair of the Conference, led the Commission&#8217;s contribution to the implementation of this important outcome of the current mandate. She said: <em>&#8220;Our Conference is in its final chapter. I can proudly say that, by working together in this innovative process of deliberative democracy, we are collectively delivering concrete results. Our committed and inspiring citizens have shown us the direction in which they want Europe to move forward. Now it is up to us, as EU institutions, to make it happen. In the aftermath of the pandemic and faced with the reality of a brutal war of aggression on European soil, it was more important than ever to see democracy at work and to see citizens in action.&#8221;<\/em><\/p>\n<p>Vice-President Maro\u0161 <strong>\u0160ef\u010dovi\u010d,<\/strong> who chaired the health working group, said: <em>&#8220;We can never be certain about the future. Recent events &#8211; a global pandemic, an illegal war on our doorstep, a race to stop climate change before it is too late &#8211; show how uncertain it can be. Europe&#8217;s strength in the face of any challenge lies in our ability to debate and exchange views, to rally around our core values, and so strengthen our democracy and our democratic institutions. The Conference exemplifies this in a remarkable way. I would especially like to thank our participating citizens, who have thrown themselves with determination and enthusiasm into this process. Engaging with citizens on the future policies of the EU is a very special experience that helps to open up our thinking. Without them, the Conference could not have succeeded.&#8221;<\/em><\/p>\n<p>Vice-President V\u011bra <strong>Jourov\u00e1,<\/strong> who chaired the working group on values and rights, rule of law and security, commented: <em>&#8220;I would like to congratulate first and foremost the citizens, whose energy and creativity made the conference a success. It is they who have signalled the direction in which they want the European Union to move forward. They have called for a more ambitious, decisive and assertive EU, more focused on people&#8217;s problems and less on processes. Citizens want democracy and its values to be actively protected and defended. It is now up to us to ensure that we can deliver on these demands. All the Union&#8217;s institutions and the Member States must take them seriously. We cannot afford to lose the trust that citizens place in shaping Europe&#8217;s future.&#8221;<\/em><\/p>\n<h4>Next steps<\/h4>\n<p>The Conference on the Future of Europe will be formally closed on 9 May &#8211; Europe Day &#8211; in Strasbourg, with the presentation by the co-chairs of the Conference&#8217;s Executive Committee of a final report containing these proposals to the Presidents of the European Parliament, the Council and the Commission. The three institutions will then examine how to follow them up effectively, each within its own sphere of competence and in accordance with the Treaties.<\/p>\n<p>The aim of the <a href=\"https:\/\/european-union.europa.eu\/principles-countries-history\/history-eu\/1945-59\/schuman-declaration-may-1950_es\" target=\"_blank\" rel=\"noopener\">Schuman Declaration<\/a> was to secure long-term peace in Europe. In the aftermath of the conflict in Ukraine, the Europe Day 2022 events will underline the EU&#8217;s commitment to peace, as well as to universal values such as freedom and democracy, and demonstrate unity and solidarity with Ukraine and its people.<\/p>\n<p>The European institutions invite citizens to a wide range of online and face-to-face activities in the Member States and around the world. Debates, discussions, a radio programme and several social media live events will focus on the work of the institutions, while concerts and cultural events will highlight the spirit of the EU.<\/p>\n<table style=\"width: 99.9988%; border-collapse: collapse; border-style: double; border-color: #001f7d;\" cellpadding=\"0,5\">\n<tbody>\n<tr>\n<td style=\"width: 100%;\"><a href=\"https:\/\/www.cde.ual.es\/en\/future-of-europe-conference-nears-finalisation-of-policy-recommendations\/\" target=\"_blank\" rel=\"noopener\"><img decoding=\"async\" class=\"alignleft\" src=\"https:\/\/www.cde.ual.es\/wp-content\/uploads\/2022\/04\/Futuro-de-Europa.jpg\" alt=\"\" width=\"201\" height=\"134\" \/><\/a><\/p>\n<h4 class=\"entry-title\"><a href=\"https:\/\/www.cde.ual.es\/en\/future-of-europe-conference-nears-finalisation-of-policy-recommendations\/\" target=\"_blank\" rel=\"noopener\">Future of Europe: Conference nears finalisation of policy recommendations<\/a><\/h4>\n<\/td>\n<\/tr>\n<\/tbody>\n<\/table>\n<h3>More information<\/h3>\n<p><a href=\"https:\/\/ec.europa.eu\/commission\/presscorner\/detail\/es\/ip_22_2763\" target=\"_blank\" rel=\"noopener\">European Commission &#8211; Press Release<\/a><\/p>\n<p><a href=\"https:\/\/www.europarl.europa.eu\/news\/es\/headlines\/eu-affairs\/20220422STO27704\/dia-de-europa-final-de-la-conferencia-del-futuro-de-europa\" target=\"_blank\" rel=\"noopener\">European Parliament &#8211; News<\/a><\/p>\n","protected":false},"excerpt":{"rendered":"<p>The plenary session of the Conference on the Future of Europe, which met for the last time on 29-30 April, reached agreements on a set of 49 detailed proposals covering a wide range of issues, from climate change to health, migration and the EU in the world. It has been the goal of an exceptional [&hellip;]<\/p>\n","protected":false},"author":101011,"featured_media":104902,"comment_status":"open","ping_status":"open","sticky":false,"template":"","format":"standard","meta":{"_acf_changed":false,"_relevanssi_hide_post":"","_relevanssi_hide_content":"","_relevanssi_pin_for_all":"","_relevanssi_pin_keywords":"","_relevanssi_unpin_keywords":"","_relevanssi_related_keywords":"","_relevanssi_related_include_ids":"","_relevanssi_related_exclude_ids":"","_relevanssi_related_no_append":"","_relevanssi_related_not_related":"","_relevanssi_related_posts":"","_relevanssi_noindex_reason":"","_monsterinsights_skip_tracking":false,"_monsterinsights_sitenote_active":false,"_monsterinsights_sitenote_note":"","_monsterinsights_sitenote_category":0,"_genesis_hide_title":false,"_genesis_hide_breadcrumbs":false,"_genesis_hide_singular_image":false,"_genesis_hide_footer_widgets":false,"_genesis_custom_body_class":"","_genesis_custom_post_class":"","_genesis_layout":"","footnotes":""},"categories":[346,4064,4066],"tags":[1217,368,5005,351],"class_list":{"0":"post-104904","1":"post","2":"type-post","3":"status-publish","4":"format-standard","5":"has-post-thumbnail","7":"category-eu-news","8":"category-institutional","9":"category-state-members","10":"tag-europe","11":"tag-european-union","12":"tag-ukraine","13":"tag-union-europea-en","14":"entry"},"acf":[],"yoast_head":"<!-- This site is optimized with the Yoast SEO plugin v27.4 - https:\/\/yoast.com\/product\/yoast-seo-wordpress\/ -->\n<title>Future of Europe: conference and proposals | CDE Almer\u00eda - Centro de Documentaci\u00f3n Europea - Universidad de Almer\u00eda<\/title>\n<meta name=\"robots\" content=\"index, follow, max-snippet:-1, max-image-preview:large, max-video-preview:-1\" \/>\n<link rel=\"canonical\" href=\"https:\/\/www.cde.ual.es\/?p=104891\" \/>\n<meta property=\"og:locale\" content=\"en_US\" \/>\n<meta property=\"og:type\" content=\"article\" \/>\n<meta property=\"og:title\" content=\"Future of Europe: conference and proposals | CDE Almer\u00eda - Centro de Documentaci\u00f3n Europea - Universidad de Almer\u00eda\" \/>\n<meta property=\"og:description\" content=\"The plenary session of the Conference on the Future of Europe, which met for the last time on 29-30 April, reached agreements on a set of 49 detailed proposals covering a wide range of issues, from climate change to health, migration and the EU in the world. It has been the goal of an exceptional [&hellip;]\" \/>\n<meta property=\"og:url\" content=\"https:\/\/www.cde.ual.es\/?p=104891\" \/>\n<meta property=\"og:site_name\" content=\"CDE Almer\u00eda - Centro de Documentaci\u00f3n Europea - Universidad de Almer\u00eda\" \/>\n<meta property=\"article:publisher\" content=\"https:\/\/www.facebook.com\/cdeuniversidadalmeria\/\" \/>\n<meta property=\"article:published_time\" content=\"2022-05-03T10:30:14+00:00\" \/>\n<meta property=\"og:image\" content=\"https:\/\/www.cde.ual.es\/wp-content\/uploads\/2022\/05\/meeting-83519_1920-1.jpg\" \/>\n\t<meta property=\"og:image:width\" content=\"1920\" \/>\n\t<meta property=\"og:image:height\" content=\"1277\" \/>\n\t<meta property=\"og:image:type\" content=\"image\/jpeg\" \/>\n<meta name=\"author\" content=\"BECA 2 CDE\" \/>\n<meta name=\"twitter:card\" content=\"summary_large_image\" \/>\n<meta name=\"twitter:creator\" content=\"@cdeualmeria\" \/>\n<meta name=\"twitter:site\" content=\"@cdeualmeria\" \/>\n<meta name=\"twitter:label1\" content=\"Written by\" \/>\n\t<meta name=\"twitter:data1\" content=\"BECA 2 CDE\" \/>\n\t<meta name=\"twitter:label2\" content=\"Est. reading time\" \/>\n\t<meta name=\"twitter:data2\" content=\"4 minutes\" \/>\n<script type=\"application\/ld+json\" class=\"yoast-schema-graph\">{\"@context\":\"https:\\\/\\\/schema.org\",\"@graph\":[{\"@type\":\"Article\",\"@id\":\"https:\\\/\\\/www.cde.ual.es\\\/?p=104891#article\",\"isPartOf\":{\"@id\":\"https:\\\/\\\/www.cde.ual.es\\\/?p=104891\"},\"author\":{\"name\":\"BECA 2 CDE\",\"@id\":\"https:\\\/\\\/www.cde.ual.es\\\/#\\\/schema\\\/person\\\/ee46ebc19edfa19598c02cff83335acc\"},\"headline\":\"Future of Europe: conference and proposals\",\"datePublished\":\"2022-05-03T10:30:14+00:00\",\"mainEntityOfPage\":{\"@id\":\"https:\\\/\\\/www.cde.ual.es\\\/?p=104891\"},\"wordCount\":718,\"commentCount\":0,\"publisher\":{\"@id\":\"https:\\\/\\\/www.cde.ual.es\\\/#organization\"},\"image\":{\"@id\":\"https:\\\/\\\/www.cde.ual.es\\\/?p=104891#primaryimage\"},\"thumbnailUrl\":\"https:\\\/\\\/www.cde.ual.es\\\/wp-content\\\/uploads\\\/2022\\\/05\\\/meeting-83519_1920-1.jpg\",\"keywords\":[\"Europe\",\"European Union\",\"ukraine\",\"Uni\u00f3n Europea\"],\"articleSection\":[\"EU News\",\"Institutional Affairs\",\"State Members\"],\"inLanguage\":\"en-US\",\"potentialAction\":[{\"@type\":\"CommentAction\",\"name\":\"Comment\",\"target\":[\"https:\\\/\\\/www.cde.ual.es\\\/?p=104891#respond\"]}]},{\"@type\":\"WebPage\",\"@id\":\"https:\\\/\\\/www.cde.ual.es\\\/?p=104891\",\"url\":\"https:\\\/\\\/www.cde.ual.es\\\/?p=104891\",\"name\":\"Future of Europe: conference and proposals | CDE Almer\u00eda - Centro de Documentaci\u00f3n Europea - Universidad de Almer\u00eda\",\"isPartOf\":{\"@id\":\"https:\\\/\\\/www.cde.ual.es\\\/#website\"},\"primaryImageOfPage\":{\"@id\":\"https:\\\/\\\/www.cde.ual.es\\\/?p=104891#primaryimage\"},\"image\":{\"@id\":\"https:\\\/\\\/www.cde.ual.es\\\/?p=104891#primaryimage\"},\"thumbnailUrl\":\"https:\\\/\\\/www.cde.ual.es\\\/wp-content\\\/uploads\\\/2022\\\/05\\\/meeting-83519_1920-1.jpg\",\"datePublished\":\"2022-05-03T10:30:14+00:00\",\"breadcrumb\":{\"@id\":\"https:\\\/\\\/www.cde.ual.es\\\/?p=104891#breadcrumb\"},\"inLanguage\":\"en-US\",\"potentialAction\":[{\"@type\":\"ReadAction\",\"target\":[\"https:\\\/\\\/www.cde.ual.es\\\/?p=104891\"]}]},{\"@type\":\"ImageObject\",\"inLanguage\":\"en-US\",\"@id\":\"https:\\\/\\\/www.cde.ual.es\\\/?p=104891#primaryimage\",\"url\":\"https:\\\/\\\/www.cde.ual.es\\\/wp-content\\\/uploads\\\/2022\\\/05\\\/meeting-83519_1920-1.jpg\",\"contentUrl\":\"https:\\\/\\\/www.cde.ual.es\\\/wp-content\\\/uploads\\\/2022\\\/05\\\/meeting-83519_1920-1.jpg\",\"width\":1920,\"height\":1277},{\"@type\":\"BreadcrumbList\",\"@id\":\"https:\\\/\\\/www.cde.ual.es\\\/?p=104891#breadcrumb\",\"itemListElement\":[{\"@type\":\"ListItem\",\"position\":1,\"name\":\"Inicio\",\"item\":\"https:\\\/\\\/www.cde.ual.es\\\/en\\\/\"},{\"@type\":\"ListItem\",\"position\":2,\"name\":\"Noticias UE\",\"item\":\"https:\\\/\\\/www.cde.ual.es\\\/category\\\/noticias-ue\\\/\"},{\"@type\":\"ListItem\",\"position\":3,\"name\":\"Asuntos Institucionales\",\"item\":\"https:\\\/\\\/www.cde.ual.es\\\/category\\\/noticias-ue\\\/institucionales\\\/\"},{\"@type\":\"ListItem\",\"position\":4,\"name\":\"State Members\",\"item\":\"https:\\\/\\\/www.cde.ual.es\\\/en\\\/category\\\/eu-news\\\/institutional\\\/state-members\\\/\"},{\"@type\":\"ListItem\",\"position\":5,\"name\":\"Future of Europe: conference and proposals\"}]},{\"@type\":\"WebSite\",\"@id\":\"https:\\\/\\\/www.cde.ual.es\\\/#website\",\"url\":\"https:\\\/\\\/www.cde.ual.es\\\/\",\"name\":\"CDE Almer\u00eda - Centro de Documentaci\u00f3n Europea - Universidad de Almer\u00eda\",\"description\":\"Centro de Documentaci\u00f3n Europea de la Universidad de Almer\u00eda\",\"publisher\":{\"@id\":\"https:\\\/\\\/www.cde.ual.es\\\/#organization\"},\"alternateName\":\"CDE Almer\u00eda\",\"potentialAction\":[{\"@type\":\"SearchAction\",\"target\":{\"@type\":\"EntryPoint\",\"urlTemplate\":\"https:\\\/\\\/www.cde.ual.es\\\/?s={search_term_string}\"},\"query-input\":{\"@type\":\"PropertyValueSpecification\",\"valueRequired\":true,\"valueName\":\"search_term_string\"}}],\"inLanguage\":\"en-US\"},{\"@type\":\"Organization\",\"@id\":\"https:\\\/\\\/www.cde.ual.es\\\/#organization\",\"name\":\"Centro de Documentaci\u00f3n Europea de Almer\u00eda\",\"url\":\"https:\\\/\\\/www.cde.ual.es\\\/\",\"logo\":{\"@type\":\"ImageObject\",\"inLanguage\":\"en-US\",\"@id\":\"https:\\\/\\\/www.cde.ual.es\\\/#\\\/schema\\\/logo\\\/image\\\/\",\"url\":\"https:\\\/\\\/www.cde.ual.es\\\/wp-content\\\/uploads\\\/2025\\\/07\\\/cde-logo-3.png\",\"contentUrl\":\"https:\\\/\\\/www.cde.ual.es\\\/wp-content\\\/uploads\\\/2025\\\/07\\\/cde-logo-3.png\",\"width\":1400,\"height\":300,\"caption\":\"Centro de Documentaci\u00f3n Europea de Almer\u00eda\"},\"image\":{\"@id\":\"https:\\\/\\\/www.cde.ual.es\\\/#\\\/schema\\\/logo\\\/image\\\/\"},\"sameAs\":[\"https:\\\/\\\/www.facebook.com\\\/cdeuniversidadalmeria\\\/\",\"https:\\\/\\\/x.com\\\/cdeualmeria\",\"https:\\\/\\\/www.tiktok.com\\\/@cdealmeria\",\"https:\\\/\\\/www.instagram.com\\\/cdealmeria\\\/\",\"https:\\\/\\\/www.linkedin.com\\\/in\\\/cde-almera-812b26a9\\\/\"]},{\"@type\":\"Person\",\"@id\":\"https:\\\/\\\/www.cde.ual.es\\\/#\\\/schema\\\/person\\\/ee46ebc19edfa19598c02cff83335acc\",\"name\":\"BECA 2 CDE\",\"image\":{\"@type\":\"ImageObject\",\"inLanguage\":\"en-US\",\"@id\":\"https:\\\/\\\/secure.gravatar.com\\\/avatar\\\/35a481bbc04bbd90e91bdfa3b0b5541036c222a49b9ad37b6889a2afcb5311a5?s=96&d=mm&r=g\",\"url\":\"https:\\\/\\\/secure.gravatar.com\\\/avatar\\\/35a481bbc04bbd90e91bdfa3b0b5541036c222a49b9ad37b6889a2afcb5311a5?s=96&d=mm&r=g\",\"contentUrl\":\"https:\\\/\\\/secure.gravatar.com\\\/avatar\\\/35a481bbc04bbd90e91bdfa3b0b5541036c222a49b9ad37b6889a2afcb5311a5?s=96&d=mm&r=g\",\"caption\":\"BECA 2 CDE\"},\"sameAs\":[\"http:\\\/\\\/www.cdealmeria.com\"]}]}<\/script>\n<!-- \/ Yoast SEO plugin. -->","yoast_head_json":{"title":"Future of Europe: conference and proposals | CDE Almer\u00eda - Centro de Documentaci\u00f3n Europea - Universidad de Almer\u00eda","robots":{"index":"index","follow":"follow","max-snippet":"max-snippet:-1","max-image-preview":"max-image-preview:large","max-video-preview":"max-video-preview:-1"},"canonical":"https:\/\/www.cde.ual.es\/?p=104891","og_locale":"en_US","og_type":"article","og_title":"Future of Europe: conference and proposals | CDE Almer\u00eda - Centro de Documentaci\u00f3n Europea - Universidad de Almer\u00eda","og_description":"The plenary session of the Conference on the Future of Europe, which met for the last time on 29-30 April, reached agreements on a set of 49 detailed proposals covering a wide range of issues, from climate change to health, migration and the EU in the world. It has been the goal of an exceptional [&hellip;]","og_url":"https:\/\/www.cde.ual.es\/?p=104891","og_site_name":"CDE Almer\u00eda - Centro de Documentaci\u00f3n Europea - Universidad de Almer\u00eda","article_publisher":"https:\/\/www.facebook.com\/cdeuniversidadalmeria\/","article_published_time":"2022-05-03T10:30:14+00:00","og_image":[{"width":1920,"height":1277,"url":"https:\/\/www.cde.ual.es\/wp-content\/uploads\/2022\/05\/meeting-83519_1920-1.jpg","type":"image\/jpeg"}],"author":"BECA 2 CDE","twitter_card":"summary_large_image","twitter_creator":"@cdeualmeria","twitter_site":"@cdeualmeria","twitter_misc":{"Written by":"BECA 2 CDE","Est. reading time":"4 minutes"},"schema":{"@context":"https:\/\/schema.org","@graph":[{"@type":"Article","@id":"https:\/\/www.cde.ual.es\/?p=104891#article","isPartOf":{"@id":"https:\/\/www.cde.ual.es\/?p=104891"},"author":{"name":"BECA 2 CDE","@id":"https:\/\/www.cde.ual.es\/#\/schema\/person\/ee46ebc19edfa19598c02cff83335acc"},"headline":"Future of Europe: conference and proposals","datePublished":"2022-05-03T10:30:14+00:00","mainEntityOfPage":{"@id":"https:\/\/www.cde.ual.es\/?p=104891"},"wordCount":718,"commentCount":0,"publisher":{"@id":"https:\/\/www.cde.ual.es\/#organization"},"image":{"@id":"https:\/\/www.cde.ual.es\/?p=104891#primaryimage"},"thumbnailUrl":"https:\/\/www.cde.ual.es\/wp-content\/uploads\/2022\/05\/meeting-83519_1920-1.jpg","keywords":["Europe","European Union","ukraine","Uni\u00f3n Europea"],"articleSection":["EU News","Institutional Affairs","State Members"],"inLanguage":"en-US","potentialAction":[{"@type":"CommentAction","name":"Comment","target":["https:\/\/www.cde.ual.es\/?p=104891#respond"]}]},{"@type":"WebPage","@id":"https:\/\/www.cde.ual.es\/?p=104891","url":"https:\/\/www.cde.ual.es\/?p=104891","name":"Future of Europe: conference and proposals | CDE Almer\u00eda - Centro de Documentaci\u00f3n Europea - Universidad de Almer\u00eda","isPartOf":{"@id":"https:\/\/www.cde.ual.es\/#website"},"primaryImageOfPage":{"@id":"https:\/\/www.cde.ual.es\/?p=104891#primaryimage"},"image":{"@id":"https:\/\/www.cde.ual.es\/?p=104891#primaryimage"},"thumbnailUrl":"https:\/\/www.cde.ual.es\/wp-content\/uploads\/2022\/05\/meeting-83519_1920-1.jpg","datePublished":"2022-05-03T10:30:14+00:00","breadcrumb":{"@id":"https:\/\/www.cde.ual.es\/?p=104891#breadcrumb"},"inLanguage":"en-US","potentialAction":[{"@type":"ReadAction","target":["https:\/\/www.cde.ual.es\/?p=104891"]}]},{"@type":"ImageObject","inLanguage":"en-US","@id":"https:\/\/www.cde.ual.es\/?p=104891#primaryimage","url":"https:\/\/www.cde.ual.es\/wp-content\/uploads\/2022\/05\/meeting-83519_1920-1.jpg","contentUrl":"https:\/\/www.cde.ual.es\/wp-content\/uploads\/2022\/05\/meeting-83519_1920-1.jpg","width":1920,"height":1277},{"@type":"BreadcrumbList","@id":"https:\/\/www.cde.ual.es\/?p=104891#breadcrumb","itemListElement":[{"@type":"ListItem","position":1,"name":"Inicio","item":"https:\/\/www.cde.ual.es\/en\/"},{"@type":"ListItem","position":2,"name":"Noticias UE","item":"https:\/\/www.cde.ual.es\/category\/noticias-ue\/"},{"@type":"ListItem","position":3,"name":"Asuntos Institucionales","item":"https:\/\/www.cde.ual.es\/category\/noticias-ue\/institucionales\/"},{"@type":"ListItem","position":4,"name":"State Members","item":"https:\/\/www.cde.ual.es\/en\/category\/eu-news\/institutional\/state-members\/"},{"@type":"ListItem","position":5,"name":"Future of Europe: conference and proposals"}]},{"@type":"WebSite","@id":"https:\/\/www.cde.ual.es\/#website","url":"https:\/\/www.cde.ual.es\/","name":"CDE Almer\u00eda - Centro de Documentaci\u00f3n Europea - Universidad de Almer\u00eda","description":"Centro de Documentaci\u00f3n Europea de la Universidad de Almer\u00eda","publisher":{"@id":"https:\/\/www.cde.ual.es\/#organization"},"alternateName":"CDE Almer\u00eda","potentialAction":[{"@type":"SearchAction","target":{"@type":"EntryPoint","urlTemplate":"https:\/\/www.cde.ual.es\/?s={search_term_string}"},"query-input":{"@type":"PropertyValueSpecification","valueRequired":true,"valueName":"search_term_string"}}],"inLanguage":"en-US"},{"@type":"Organization","@id":"https:\/\/www.cde.ual.es\/#organization","name":"Centro de Documentaci\u00f3n Europea de Almer\u00eda","url":"https:\/\/www.cde.ual.es\/","logo":{"@type":"ImageObject","inLanguage":"en-US","@id":"https:\/\/www.cde.ual.es\/#\/schema\/logo\/image\/","url":"https:\/\/www.cde.ual.es\/wp-content\/uploads\/2025\/07\/cde-logo-3.png","contentUrl":"https:\/\/www.cde.ual.es\/wp-content\/uploads\/2025\/07\/cde-logo-3.png","width":1400,"height":300,"caption":"Centro de Documentaci\u00f3n Europea de Almer\u00eda"},"image":{"@id":"https:\/\/www.cde.ual.es\/#\/schema\/logo\/image\/"},"sameAs":["https:\/\/www.facebook.com\/cdeuniversidadalmeria\/","https:\/\/x.com\/cdeualmeria","https:\/\/www.tiktok.com\/@cdealmeria","https:\/\/www.instagram.com\/cdealmeria\/","https:\/\/www.linkedin.com\/in\/cde-almera-812b26a9\/"]},{"@type":"Person","@id":"https:\/\/www.cde.ual.es\/#\/schema\/person\/ee46ebc19edfa19598c02cff83335acc","name":"BECA 2 CDE","image":{"@type":"ImageObject","inLanguage":"en-US","@id":"https:\/\/secure.gravatar.com\/avatar\/35a481bbc04bbd90e91bdfa3b0b5541036c222a49b9ad37b6889a2afcb5311a5?s=96&d=mm&r=g","url":"https:\/\/secure.gravatar.com\/avatar\/35a481bbc04bbd90e91bdfa3b0b5541036c222a49b9ad37b6889a2afcb5311a5?s=96&d=mm&r=g","contentUrl":"https:\/\/secure.gravatar.com\/avatar\/35a481bbc04bbd90e91bdfa3b0b5541036c222a49b9ad37b6889a2afcb5311a5?s=96&d=mm&r=g","caption":"BECA 2 CDE"},"sameAs":["http:\/\/www.cdealmeria.com"]}]}},"_links":{"self":[{"href":"https:\/\/www.cde.ual.es\/en\/wp-json\/wp\/v2\/posts\/104904","targetHints":{"allow":["GET"]}}],"collection":[{"href":"https:\/\/www.cde.ual.es\/en\/wp-json\/wp\/v2\/posts"}],"about":[{"href":"https:\/\/www.cde.ual.es\/en\/wp-json\/wp\/v2\/types\/post"}],"author":[{"embeddable":true,"href":"https:\/\/www.cde.ual.es\/en\/wp-json\/wp\/v2\/users\/101011"}],"replies":[{"embeddable":true,"href":"https:\/\/www.cde.ual.es\/en\/wp-json\/wp\/v2\/comments?post=104904"}],"version-history":[{"count":0,"href":"https:\/\/www.cde.ual.es\/en\/wp-json\/wp\/v2\/posts\/104904\/revisions"}],"wp:featuredmedia":[{"embeddable":true,"href":"https:\/\/www.cde.ual.es\/en\/wp-json\/wp\/v2\/media\/104902"}],"wp:attachment":[{"href":"https:\/\/www.cde.ual.es\/en\/wp-json\/wp\/v2\/media?parent=104904"}],"wp:term":[{"taxonomy":"category","embeddable":true,"href":"https:\/\/www.cde.ual.es\/en\/wp-json\/wp\/v2\/categories?post=104904"},{"taxonomy":"post_tag","embeddable":true,"href":"https:\/\/www.cde.ual.es\/en\/wp-json\/wp\/v2\/tags?post=104904"}],"curies":[{"name":"wp","href":"https:\/\/api.w.org\/{rel}","templated":true}]}}