{"id":104879,"date":"2022-04-29T13:00:19","date_gmt":"2022-04-29T11:00:19","guid":{"rendered":"https:\/\/www.cde.ual.es\/?p=104879"},"modified":"2022-04-29T15:28:37","modified_gmt":"2022-04-29T13:28:37","slug":"eu-covid-certificate-committee-backs-one-year-extension-to-ensure-free-movement","status":"publish","type":"post","link":"https:\/\/www.cde.ual.es\/en\/eu-covid-certificate-committee-backs-one-year-extension-to-ensure-free-movement\/","title":{"rendered":"EU COVID Certificate: committee backs one-year extension to ensure free movement"},"content":{"rendered":"<div class=\"ep_gridcolumn ep-m_product\" data-view1200=\"6\" data-view1020=\"6\" data-view750=\"10\" data-view640=\"6\" data-view480=\"8\" data-view320=\"4\">\n<div class=\"ep_gridcolumn-content\">\n<div class=\"ep-a_text ep-layout_chapo\">\n<p><strong>On Thursday, the Civil Liberties Committee endorsed proposals to keep the EU Digital COVID Certificate framework in place for another year.<\/strong><\/p>\n<figure id=\"attachment_67612\" aria-describedby=\"caption-attachment-67612\" style=\"width: 647px\" class=\"wp-caption aligncenter\"><a href=\"https:\/\/www.cde.ual.es\/wp-content\/uploads\/2020\/03\/certificado-verde-digital.jpg\"><img decoding=\"async\" class=\" wp-image-67612\" src=\"https:\/\/www.cde.ual.es\/wp-content\/uploads\/2020\/03\/certificado-verde-digital.jpg\" alt=\"\" width=\"647\" height=\"364\" srcset=\"https:\/\/www.cde.ual.es\/wp-content\/uploads\/2020\/03\/certificado-verde-digital.jpg 1150w, https:\/\/www.cde.ual.es\/wp-content\/uploads\/2020\/03\/certificado-verde-digital-300x169.jpg 300w, https:\/\/www.cde.ual.es\/wp-content\/uploads\/2020\/03\/certificado-verde-digital-1024x576.jpg 1024w, https:\/\/www.cde.ual.es\/wp-content\/uploads\/2020\/03\/certificado-verde-digital-768x432.jpg 768w\" sizes=\"(max-width: 647px) 100vw, 647px\" \/><\/a><figcaption id=\"caption-attachment-67612\" class=\"wp-caption-text\">11 April 2021, Hamburg: A woman has a QR code scanned on her smartphone at the entrance to a Corona rapid testing center. Photo: Daniel Reinhardt\/dpa (Photo by DANIEL REINHARDT \/ DPA \/ dpa Picture-Alliance via AFP)<\/figcaption><\/figure>\n<\/div>\n<\/div>\n<\/div>\n<div class=\"ep_gridcolumn ep-m_product\" data-view1200=\"6\" data-view1020=\"6\" data-view750=\"10\" data-view640=\"6\" data-view480=\"8\" data-view320=\"4\">\n<div class=\"ep_gridcolumn-content\">\n<div class=\"ep-a_text\">\n<p class=\"ep-wysiwig_paragraph\">To ensure that EU citizens can benefit from their right to free movement regardless of the evolution of the COVID-19 pandemic, the Committee on Civil Liberties, Justice and Home Affairs approved two reports to prolong the EU Digital COVID Certificate (EUDCC) scheme -set to expire on 30 June- for another 12 months. The reports were adopted with 48 in favour, 16 against and 0 abstaining.<\/p>\n<p class=\"ep-wysiwig_paragraph\">Along with extending the validity of the EUDCC scheme until 30 June 2023, the changes also enable member states to grant test certificates based on new types of antigen assay tests.<\/p>\n<p class=\"ep-wysiwig_paragraph\"><strong>Review after six months<\/strong><\/p>\n<p class=\"ep-wysiwig_paragraph\">MEPs amended the proposals to stress that member states should avoid additional restrictions on the freedom of movement for EUDCC holders, unless absolutely necessary. If restrictions are needed, they should be limited and proportionate, based on the latest scientific advice from the\u00a0<a href=\"https:\/\/www.ecdc.europa.eu\/en\" target=\"_blank\" rel=\"noopener\">European Centre for Disease Prevention and Control<\/a>\u00a0(ECDC) and the EU\u00a0<a href=\"https:\/\/ec.europa.eu\/health\/health-security-and-infectious-diseases\/preparedness-and-response\/health-security-committee-hsc_en\" target=\"_blank\" rel=\"noopener\">Health Security Committee<\/a>.<\/p>\n<p class=\"ep-wysiwig_paragraph\">They also ask the Commission to assess if the EUDCC scheme is necessary and proportionate six months after its extension. MEPs want to shorten the period of application of the Regulation as soon as the epidemiological situation allows.<\/p>\n<p><strong>More information: <a href=\"https:\/\/www.europarl.europa.eu\/news\/en\/press-room\/20220425IPR27807\/eu-covid-certificate-committee-backs-one-year-extension-to-ensure-free-movement\">European Parliament &#8211; Press release<\/a><\/strong><\/p>\n<\/div>\n<\/div>\n<\/div>\n","protected":false},"excerpt":{"rendered":"<p>On Thursday, the Civil Liberties Committee endorsed proposals to keep the EU Digital COVID Certificate framework in place for another year. To ensure that EU citizens can benefit from their right to free movement regardless of the evolution of the COVID-19 pandemic, the Committee on Civil Liberties, Justice and Home Affairs approved two reports to [&hellip;]<\/p>\n","protected":false},"author":101011,"featured_media":84197,"comment_status":"open","ping_status":"open","sticky":false,"template":"","format":"standard","meta":{"_acf_changed":false,"_relevanssi_hide_post":"","_relevanssi_hide_content":"","_relevanssi_pin_for_all":"","_relevanssi_pin_keywords":"","_relevanssi_unpin_keywords":"","_relevanssi_related_keywords":"","_relevanssi_related_include_ids":"","_relevanssi_related_exclude_ids":"","_relevanssi_related_no_append":"","_relevanssi_related_not_related":"","_relevanssi_related_posts":"","_relevanssi_noindex_reason":"","_monsterinsights_skip_tracking":false,"_monsterinsights_sitenote_active":false,"_monsterinsights_sitenote_note":"","_monsterinsights_sitenote_category":0,"_genesis_hide_title":false,"_genesis_hide_breadcrumbs":false,"_genesis_hide_singular_image":false,"_genesis_hide_footer_widgets":false,"_genesis_custom_body_class":"","_genesis_custom_post_class":"","_genesis_layout":"","footnotes":""},"categories":[4093,366,346,4092],"tags":[3306,2448],"class_list":{"0":"post-104879","1":"post","2":"type-post","3":"status-publish","4":"format-standard","5":"has-post-thumbnail","7":"category-diseases","8":"category-eu-calls-and-awards","9":"category-eu-news","10":"category-health","11":"tag-certificate","12":"tag-covid","13":"entry"},"acf":[],"yoast_head":"<!-- This site is optimized with the Yoast SEO plugin v27.4 - https:\/\/yoast.com\/product\/yoast-seo-wordpress\/ -->\n<title>EU COVID Certificate: committee backs one-year extension to ensure free movement | CDE Almer\u00eda - Centro de Documentaci\u00f3n Europea - Universidad de Almer\u00eda<\/title>\n<meta name=\"robots\" content=\"index, follow, max-snippet:-1, max-image-preview:large, max-video-preview:-1\" \/>\n<link rel=\"canonical\" href=\"https:\/\/www.cde.ual.es\/en\/eu-covid-certificate-committee-backs-one-year-extension-to-ensure-free-movement\/\" \/>\n<meta property=\"og:locale\" content=\"en_US\" \/>\n<meta property=\"og:type\" content=\"article\" \/>\n<meta property=\"og:title\" content=\"EU COVID Certificate: committee backs one-year extension to ensure free movement | CDE Almer\u00eda - Centro de Documentaci\u00f3n Europea - Universidad de Almer\u00eda\" \/>\n<meta property=\"og:description\" content=\"On Thursday, the Civil Liberties Committee endorsed proposals to keep the EU Digital COVID Certificate framework in place for another year. To ensure that EU citizens can benefit from their right to free movement regardless of the evolution of the COVID-19 pandemic, the Committee on Civil Liberties, Justice and Home Affairs approved two reports to [&hellip;]\" \/>\n<meta property=\"og:url\" content=\"https:\/\/www.cde.ual.es\/en\/eu-covid-certificate-committee-backs-one-year-extension-to-ensure-free-movement\/\" \/>\n<meta property=\"og:site_name\" content=\"CDE Almer\u00eda - Centro de Documentaci\u00f3n Europea - Universidad de Almer\u00eda\" \/>\n<meta property=\"article:publisher\" content=\"https:\/\/www.facebook.com\/cdeuniversidadalmeria\/\" \/>\n<meta property=\"article:published_time\" content=\"2022-04-29T11:00:19+00:00\" \/>\n<meta property=\"article:modified_time\" content=\"2022-04-29T13:28:37+00:00\" \/>\n<meta property=\"og:image\" content=\"https:\/\/www.cde.ual.es\/wp-content\/uploads\/2020\/03\/certificado-verde-digital-768x432-1.jpg\" \/>\n\t<meta property=\"og:image:width\" content=\"768\" \/>\n\t<meta property=\"og:image:height\" content=\"432\" \/>\n\t<meta property=\"og:image:type\" content=\"image\/jpeg\" \/>\n<meta name=\"author\" content=\"BECA 2 CDE\" \/>\n<meta name=\"twitter:card\" content=\"summary_large_image\" \/>\n<meta name=\"twitter:creator\" content=\"@cdeualmeria\" \/>\n<meta name=\"twitter:site\" content=\"@cdeualmeria\" \/>\n<meta name=\"twitter:label1\" content=\"Written by\" \/>\n\t<meta name=\"twitter:data1\" content=\"BECA 2 CDE\" \/>\n\t<meta name=\"twitter:label2\" content=\"Est. reading time\" \/>\n\t<meta name=\"twitter:data2\" content=\"2 minutes\" \/>\n<script type=\"application\/ld+json\" class=\"yoast-schema-graph\">{\"@context\":\"https:\\\/\\\/schema.org\",\"@graph\":[{\"@type\":\"Article\",\"@id\":\"https:\\\/\\\/www.cde.ual.es\\\/en\\\/eu-covid-certificate-committee-backs-one-year-extension-to-ensure-free-movement\\\/#article\",\"isPartOf\":{\"@id\":\"https:\\\/\\\/www.cde.ual.es\\\/en\\\/eu-covid-certificate-committee-backs-one-year-extension-to-ensure-free-movement\\\/\"},\"author\":{\"name\":\"BECA 2 CDE\",\"@id\":\"https:\\\/\\\/www.cde.ual.es\\\/#\\\/schema\\\/person\\\/ee46ebc19edfa19598c02cff83335acc\"},\"headline\":\"EU COVID Certificate: committee backs one-year extension to ensure free movement\",\"datePublished\":\"2022-04-29T11:00:19+00:00\",\"dateModified\":\"2022-04-29T13:28:37+00:00\",\"mainEntityOfPage\":{\"@id\":\"https:\\\/\\\/www.cde.ual.es\\\/en\\\/eu-covid-certificate-committee-backs-one-year-extension-to-ensure-free-movement\\\/\"},\"wordCount\":267,\"commentCount\":0,\"publisher\":{\"@id\":\"https:\\\/\\\/www.cde.ual.es\\\/#organization\"},\"image\":{\"@id\":\"https:\\\/\\\/www.cde.ual.es\\\/en\\\/eu-covid-certificate-committee-backs-one-year-extension-to-ensure-free-movement\\\/#primaryimage\"},\"thumbnailUrl\":\"https:\\\/\\\/www.cde.ual.es\\\/wp-content\\\/uploads\\\/2020\\\/03\\\/certificado-verde-digital-768x432-1.jpg\",\"keywords\":[\"certificate\",\"Covid\"],\"articleSection\":[\"Diseases\",\"EU Calls and Awards\",\"EU News\",\"Health\"],\"inLanguage\":\"en-US\",\"potentialAction\":[{\"@type\":\"CommentAction\",\"name\":\"Comment\",\"target\":[\"https:\\\/\\\/www.cde.ual.es\\\/en\\\/eu-covid-certificate-committee-backs-one-year-extension-to-ensure-free-movement\\\/#respond\"]}]},{\"@type\":\"WebPage\",\"@id\":\"https:\\\/\\\/www.cde.ual.es\\\/en\\\/eu-covid-certificate-committee-backs-one-year-extension-to-ensure-free-movement\\\/\",\"url\":\"https:\\\/\\\/www.cde.ual.es\\\/en\\\/eu-covid-certificate-committee-backs-one-year-extension-to-ensure-free-movement\\\/\",\"name\":\"EU COVID Certificate: committee backs one-year extension to ensure free movement | CDE Almer\u00eda - Centro de Documentaci\u00f3n Europea - Universidad de Almer\u00eda\",\"isPartOf\":{\"@id\":\"https:\\\/\\\/www.cde.ual.es\\\/#website\"},\"primaryImageOfPage\":{\"@id\":\"https:\\\/\\\/www.cde.ual.es\\\/en\\\/eu-covid-certificate-committee-backs-one-year-extension-to-ensure-free-movement\\\/#primaryimage\"},\"image\":{\"@id\":\"https:\\\/\\\/www.cde.ual.es\\\/en\\\/eu-covid-certificate-committee-backs-one-year-extension-to-ensure-free-movement\\\/#primaryimage\"},\"thumbnailUrl\":\"https:\\\/\\\/www.cde.ual.es\\\/wp-content\\\/uploads\\\/2020\\\/03\\\/certificado-verde-digital-768x432-1.jpg\",\"datePublished\":\"2022-04-29T11:00:19+00:00\",\"dateModified\":\"2022-04-29T13:28:37+00:00\",\"breadcrumb\":{\"@id\":\"https:\\\/\\\/www.cde.ual.es\\\/en\\\/eu-covid-certificate-committee-backs-one-year-extension-to-ensure-free-movement\\\/#breadcrumb\"},\"inLanguage\":\"en-US\",\"potentialAction\":[{\"@type\":\"ReadAction\",\"target\":[\"https:\\\/\\\/www.cde.ual.es\\\/en\\\/eu-covid-certificate-committee-backs-one-year-extension-to-ensure-free-movement\\\/\"]}]},{\"@type\":\"ImageObject\",\"inLanguage\":\"en-US\",\"@id\":\"https:\\\/\\\/www.cde.ual.es\\\/en\\\/eu-covid-certificate-committee-backs-one-year-extension-to-ensure-free-movement\\\/#primaryimage\",\"url\":\"https:\\\/\\\/www.cde.ual.es\\\/wp-content\\\/uploads\\\/2020\\\/03\\\/certificado-verde-digital-768x432-1.jpg\",\"contentUrl\":\"https:\\\/\\\/www.cde.ual.es\\\/wp-content\\\/uploads\\\/2020\\\/03\\\/certificado-verde-digital-768x432-1.jpg\",\"width\":768,\"height\":432},{\"@type\":\"BreadcrumbList\",\"@id\":\"https:\\\/\\\/www.cde.ual.es\\\/en\\\/eu-covid-certificate-committee-backs-one-year-extension-to-ensure-free-movement\\\/#breadcrumb\",\"itemListElement\":[{\"@type\":\"ListItem\",\"position\":1,\"name\":\"Inicio\",\"item\":\"https:\\\/\\\/www.cde.ual.es\\\/en\\\/\"},{\"@type\":\"ListItem\",\"position\":2,\"name\":\"EU Calls and Awards\",\"item\":\"https:\\\/\\\/www.cde.ual.es\\\/en\\\/category\\\/eu-calls-and-awards\\\/\"},{\"@type\":\"ListItem\",\"position\":3,\"name\":\"EU COVID Certificate: committee backs one-year extension to ensure free movement\"}]},{\"@type\":\"WebSite\",\"@id\":\"https:\\\/\\\/www.cde.ual.es\\\/#website\",\"url\":\"https:\\\/\\\/www.cde.ual.es\\\/\",\"name\":\"CDE Almer\u00eda - Centro de Documentaci\u00f3n Europea - Universidad de Almer\u00eda\",\"description\":\"Centro de Documentaci\u00f3n Europea de la Universidad de Almer\u00eda\",\"publisher\":{\"@id\":\"https:\\\/\\\/www.cde.ual.es\\\/#organization\"},\"alternateName\":\"CDE Almer\u00eda\",\"potentialAction\":[{\"@type\":\"SearchAction\",\"target\":{\"@type\":\"EntryPoint\",\"urlTemplate\":\"https:\\\/\\\/www.cde.ual.es\\\/?s={search_term_string}\"},\"query-input\":{\"@type\":\"PropertyValueSpecification\",\"valueRequired\":true,\"valueName\":\"search_term_string\"}}],\"inLanguage\":\"en-US\"},{\"@type\":\"Organization\",\"@id\":\"https:\\\/\\\/www.cde.ual.es\\\/#organization\",\"name\":\"Centro de Documentaci\u00f3n Europea de Almer\u00eda\",\"url\":\"https:\\\/\\\/www.cde.ual.es\\\/\",\"logo\":{\"@type\":\"ImageObject\",\"inLanguage\":\"en-US\",\"@id\":\"https:\\\/\\\/www.cde.ual.es\\\/#\\\/schema\\\/logo\\\/image\\\/\",\"url\":\"https:\\\/\\\/www.cde.ual.es\\\/wp-content\\\/uploads\\\/2025\\\/07\\\/cde-logo-3.png\",\"contentUrl\":\"https:\\\/\\\/www.cde.ual.es\\\/wp-content\\\/uploads\\\/2025\\\/07\\\/cde-logo-3.png\",\"width\":1400,\"height\":300,\"caption\":\"Centro de Documentaci\u00f3n Europea de Almer\u00eda\"},\"image\":{\"@id\":\"https:\\\/\\\/www.cde.ual.es\\\/#\\\/schema\\\/logo\\\/image\\\/\"},\"sameAs\":[\"https:\\\/\\\/www.facebook.com\\\/cdeuniversidadalmeria\\\/\",\"https:\\\/\\\/x.com\\\/cdeualmeria\",\"https:\\\/\\\/www.tiktok.com\\\/@cdealmeria\",\"https:\\\/\\\/www.instagram.com\\\/cdealmeria\\\/\",\"https:\\\/\\\/www.linkedin.com\\\/in\\\/cde-almera-812b26a9\\\/\"]},{\"@type\":\"Person\",\"@id\":\"https:\\\/\\\/www.cde.ual.es\\\/#\\\/schema\\\/person\\\/ee46ebc19edfa19598c02cff83335acc\",\"name\":\"BECA 2 CDE\",\"image\":{\"@type\":\"ImageObject\",\"inLanguage\":\"en-US\",\"@id\":\"https:\\\/\\\/secure.gravatar.com\\\/avatar\\\/35a481bbc04bbd90e91bdfa3b0b5541036c222a49b9ad37b6889a2afcb5311a5?s=96&d=mm&r=g\",\"url\":\"https:\\\/\\\/secure.gravatar.com\\\/avatar\\\/35a481bbc04bbd90e91bdfa3b0b5541036c222a49b9ad37b6889a2afcb5311a5?s=96&d=mm&r=g\",\"contentUrl\":\"https:\\\/\\\/secure.gravatar.com\\\/avatar\\\/35a481bbc04bbd90e91bdfa3b0b5541036c222a49b9ad37b6889a2afcb5311a5?s=96&d=mm&r=g\",\"caption\":\"BECA 2 CDE\"},\"sameAs\":[\"http:\\\/\\\/www.cdealmeria.com\"]}]}<\/script>\n<!-- \/ Yoast SEO plugin. -->","yoast_head_json":{"title":"EU COVID Certificate: committee backs one-year extension to ensure free movement | CDE Almer\u00eda - Centro de Documentaci\u00f3n Europea - Universidad de Almer\u00eda","robots":{"index":"index","follow":"follow","max-snippet":"max-snippet:-1","max-image-preview":"max-image-preview:large","max-video-preview":"max-video-preview:-1"},"canonical":"https:\/\/www.cde.ual.es\/en\/eu-covid-certificate-committee-backs-one-year-extension-to-ensure-free-movement\/","og_locale":"en_US","og_type":"article","og_title":"EU COVID Certificate: committee backs one-year extension to ensure free movement | CDE Almer\u00eda - Centro de Documentaci\u00f3n Europea - Universidad de Almer\u00eda","og_description":"On Thursday, the Civil Liberties Committee endorsed proposals to keep the EU Digital COVID Certificate framework in place for another year. To ensure that EU citizens can benefit from their right to free movement regardless of the evolution of the COVID-19 pandemic, the Committee on Civil Liberties, Justice and Home Affairs approved two reports to [&hellip;]","og_url":"https:\/\/www.cde.ual.es\/en\/eu-covid-certificate-committee-backs-one-year-extension-to-ensure-free-movement\/","og_site_name":"CDE Almer\u00eda - Centro de Documentaci\u00f3n Europea - Universidad de Almer\u00eda","article_publisher":"https:\/\/www.facebook.com\/cdeuniversidadalmeria\/","article_published_time":"2022-04-29T11:00:19+00:00","article_modified_time":"2022-04-29T13:28:37+00:00","og_image":[{"width":768,"height":432,"url":"https:\/\/www.cde.ual.es\/wp-content\/uploads\/2020\/03\/certificado-verde-digital-768x432-1.jpg","type":"image\/jpeg"}],"author":"BECA 2 CDE","twitter_card":"summary_large_image","twitter_creator":"@cdeualmeria","twitter_site":"@cdeualmeria","twitter_misc":{"Written by":"BECA 2 CDE","Est. reading time":"2 minutes"},"schema":{"@context":"https:\/\/schema.org","@graph":[{"@type":"Article","@id":"https:\/\/www.cde.ual.es\/en\/eu-covid-certificate-committee-backs-one-year-extension-to-ensure-free-movement\/#article","isPartOf":{"@id":"https:\/\/www.cde.ual.es\/en\/eu-covid-certificate-committee-backs-one-year-extension-to-ensure-free-movement\/"},"author":{"name":"BECA 2 CDE","@id":"https:\/\/www.cde.ual.es\/#\/schema\/person\/ee46ebc19edfa19598c02cff83335acc"},"headline":"EU COVID Certificate: committee backs one-year extension to ensure free movement","datePublished":"2022-04-29T11:00:19+00:00","dateModified":"2022-04-29T13:28:37+00:00","mainEntityOfPage":{"@id":"https:\/\/www.cde.ual.es\/en\/eu-covid-certificate-committee-backs-one-year-extension-to-ensure-free-movement\/"},"wordCount":267,"commentCount":0,"publisher":{"@id":"https:\/\/www.cde.ual.es\/#organization"},"image":{"@id":"https:\/\/www.cde.ual.es\/en\/eu-covid-certificate-committee-backs-one-year-extension-to-ensure-free-movement\/#primaryimage"},"thumbnailUrl":"https:\/\/www.cde.ual.es\/wp-content\/uploads\/2020\/03\/certificado-verde-digital-768x432-1.jpg","keywords":["certificate","Covid"],"articleSection":["Diseases","EU Calls and Awards","EU News","Health"],"inLanguage":"en-US","potentialAction":[{"@type":"CommentAction","name":"Comment","target":["https:\/\/www.cde.ual.es\/en\/eu-covid-certificate-committee-backs-one-year-extension-to-ensure-free-movement\/#respond"]}]},{"@type":"WebPage","@id":"https:\/\/www.cde.ual.es\/en\/eu-covid-certificate-committee-backs-one-year-extension-to-ensure-free-movement\/","url":"https:\/\/www.cde.ual.es\/en\/eu-covid-certificate-committee-backs-one-year-extension-to-ensure-free-movement\/","name":"EU COVID Certificate: committee backs one-year extension to ensure free movement | CDE Almer\u00eda - Centro de Documentaci\u00f3n Europea - Universidad de Almer\u00eda","isPartOf":{"@id":"https:\/\/www.cde.ual.es\/#website"},"primaryImageOfPage":{"@id":"https:\/\/www.cde.ual.es\/en\/eu-covid-certificate-committee-backs-one-year-extension-to-ensure-free-movement\/#primaryimage"},"image":{"@id":"https:\/\/www.cde.ual.es\/en\/eu-covid-certificate-committee-backs-one-year-extension-to-ensure-free-movement\/#primaryimage"},"thumbnailUrl":"https:\/\/www.cde.ual.es\/wp-content\/uploads\/2020\/03\/certificado-verde-digital-768x432-1.jpg","datePublished":"2022-04-29T11:00:19+00:00","dateModified":"2022-04-29T13:28:37+00:00","breadcrumb":{"@id":"https:\/\/www.cde.ual.es\/en\/eu-covid-certificate-committee-backs-one-year-extension-to-ensure-free-movement\/#breadcrumb"},"inLanguage":"en-US","potentialAction":[{"@type":"ReadAction","target":["https:\/\/www.cde.ual.es\/en\/eu-covid-certificate-committee-backs-one-year-extension-to-ensure-free-movement\/"]}]},{"@type":"ImageObject","inLanguage":"en-US","@id":"https:\/\/www.cde.ual.es\/en\/eu-covid-certificate-committee-backs-one-year-extension-to-ensure-free-movement\/#primaryimage","url":"https:\/\/www.cde.ual.es\/wp-content\/uploads\/2020\/03\/certificado-verde-digital-768x432-1.jpg","contentUrl":"https:\/\/www.cde.ual.es\/wp-content\/uploads\/2020\/03\/certificado-verde-digital-768x432-1.jpg","width":768,"height":432},{"@type":"BreadcrumbList","@id":"https:\/\/www.cde.ual.es\/en\/eu-covid-certificate-committee-backs-one-year-extension-to-ensure-free-movement\/#breadcrumb","itemListElement":[{"@type":"ListItem","position":1,"name":"Inicio","item":"https:\/\/www.cde.ual.es\/en\/"},{"@type":"ListItem","position":2,"name":"EU Calls and Awards","item":"https:\/\/www.cde.ual.es\/en\/category\/eu-calls-and-awards\/"},{"@type":"ListItem","position":3,"name":"EU COVID Certificate: committee backs one-year extension to ensure free movement"}]},{"@type":"WebSite","@id":"https:\/\/www.cde.ual.es\/#website","url":"https:\/\/www.cde.ual.es\/","name":"CDE Almer\u00eda - Centro de Documentaci\u00f3n Europea - Universidad de Almer\u00eda","description":"Centro de Documentaci\u00f3n Europea de la Universidad de Almer\u00eda","publisher":{"@id":"https:\/\/www.cde.ual.es\/#organization"},"alternateName":"CDE Almer\u00eda","potentialAction":[{"@type":"SearchAction","target":{"@type":"EntryPoint","urlTemplate":"https:\/\/www.cde.ual.es\/?s={search_term_string}"},"query-input":{"@type":"PropertyValueSpecification","valueRequired":true,"valueName":"search_term_string"}}],"inLanguage":"en-US"},{"@type":"Organization","@id":"https:\/\/www.cde.ual.es\/#organization","name":"Centro de Documentaci\u00f3n Europea de Almer\u00eda","url":"https:\/\/www.cde.ual.es\/","logo":{"@type":"ImageObject","inLanguage":"en-US","@id":"https:\/\/www.cde.ual.es\/#\/schema\/logo\/image\/","url":"https:\/\/www.cde.ual.es\/wp-content\/uploads\/2025\/07\/cde-logo-3.png","contentUrl":"https:\/\/www.cde.ual.es\/wp-content\/uploads\/2025\/07\/cde-logo-3.png","width":1400,"height":300,"caption":"Centro de Documentaci\u00f3n Europea de Almer\u00eda"},"image":{"@id":"https:\/\/www.cde.ual.es\/#\/schema\/logo\/image\/"},"sameAs":["https:\/\/www.facebook.com\/cdeuniversidadalmeria\/","https:\/\/x.com\/cdeualmeria","https:\/\/www.tiktok.com\/@cdealmeria","https:\/\/www.instagram.com\/cdealmeria\/","https:\/\/www.linkedin.com\/in\/cde-almera-812b26a9\/"]},{"@type":"Person","@id":"https:\/\/www.cde.ual.es\/#\/schema\/person\/ee46ebc19edfa19598c02cff83335acc","name":"BECA 2 CDE","image":{"@type":"ImageObject","inLanguage":"en-US","@id":"https:\/\/secure.gravatar.com\/avatar\/35a481bbc04bbd90e91bdfa3b0b5541036c222a49b9ad37b6889a2afcb5311a5?s=96&d=mm&r=g","url":"https:\/\/secure.gravatar.com\/avatar\/35a481bbc04bbd90e91bdfa3b0b5541036c222a49b9ad37b6889a2afcb5311a5?s=96&d=mm&r=g","contentUrl":"https:\/\/secure.gravatar.com\/avatar\/35a481bbc04bbd90e91bdfa3b0b5541036c222a49b9ad37b6889a2afcb5311a5?s=96&d=mm&r=g","caption":"BECA 2 CDE"},"sameAs":["http:\/\/www.cdealmeria.com"]}]}},"_links":{"self":[{"href":"https:\/\/www.cde.ual.es\/en\/wp-json\/wp\/v2\/posts\/104879","targetHints":{"allow":["GET"]}}],"collection":[{"href":"https:\/\/www.cde.ual.es\/en\/wp-json\/wp\/v2\/posts"}],"about":[{"href":"https:\/\/www.cde.ual.es\/en\/wp-json\/wp\/v2\/types\/post"}],"author":[{"embeddable":true,"href":"https:\/\/www.cde.ual.es\/en\/wp-json\/wp\/v2\/users\/101011"}],"replies":[{"embeddable":true,"href":"https:\/\/www.cde.ual.es\/en\/wp-json\/wp\/v2\/comments?post=104879"}],"version-history":[{"count":0,"href":"https:\/\/www.cde.ual.es\/en\/wp-json\/wp\/v2\/posts\/104879\/revisions"}],"wp:featuredmedia":[{"embeddable":true,"href":"https:\/\/www.cde.ual.es\/en\/wp-json\/wp\/v2\/media\/84197"}],"wp:attachment":[{"href":"https:\/\/www.cde.ual.es\/en\/wp-json\/wp\/v2\/media?parent=104879"}],"wp:term":[{"taxonomy":"category","embeddable":true,"href":"https:\/\/www.cde.ual.es\/en\/wp-json\/wp\/v2\/categories?post=104879"},{"taxonomy":"post_tag","embeddable":true,"href":"https:\/\/www.cde.ual.es\/en\/wp-json\/wp\/v2\/tags?post=104879"}],"curies":[{"name":"wp","href":"https:\/\/api.w.org\/{rel}","templated":true}]}}