{"id":10452,"date":"2018-12-05T08:05:19","date_gmt":"2018-12-05T07:05:19","guid":{"rendered":"http:\/\/www.cde.ual.es\/?p=10452"},"modified":"2018-12-05T08:48:51","modified_gmt":"2018-12-05T07:48:51","slug":"valores-dieteticos-de-referencia-herramienta-interactiva-puesta-en-marcha","status":"publish","type":"post","link":"https:\/\/www.cde.ual.es\/en\/valores-dieteticos-de-referencia-herramienta-interactiva-puesta-en-marcha\/","title":{"rendered":"Valores diet\u00e9ticos de referencia: nueva herramienta interactiva"},"content":{"rendered":"<p><em><strong>EFSA ha lanzado una herramienta interactiva que permite a los nutricionistas y otros profesionales de la salud realizar c\u00e1lculos r\u00e1pidos y sencillos utilizando los valores de referencia diet\u00e9ticos de EFSA.<\/strong><\/em><\/p>\n<p><a href=\"http:\/\/www.cde.ual.es\/wp-content\/uploads\/2018\/12\/Dietary-Reference-Values.png\"><img decoding=\"async\" class=\"size-medium wp-image-10454 aligncenter\" src=\"http:\/\/www.cde.ual.es\/wp-content\/uploads\/2018\/12\/Dietary-Reference-Values-300x195.png\" alt=\"\" width=\"300\" height=\"195\" srcset=\"https:\/\/www.cde.ual.es\/wp-content\/uploads\/2018\/12\/Dietary-Reference-Values-300x195.png 300w, https:\/\/www.cde.ual.es\/wp-content\/uploads\/2018\/12\/Dietary-Reference-Values-768x498.png 768w, https:\/\/www.cde.ual.es\/wp-content\/uploads\/2018\/12\/Dietary-Reference-Values.png 951w\" sizes=\"(max-width: 300px) 100vw, 300px\" \/><\/a><\/p>\n<p>El buscador de DRV busca por grupo de poblaci\u00f3n o por nutriente, lo que permite a los usuarios extraer y combinar la informaci\u00f3n precisa que necesitan de las 32 opiniones sobre los DRV que la EFSA ha publicado en los \u00faltimos a\u00f1os.<\/p>\n<p>Las opiniones contienen DRV para el agua, las grasas, los carbohidratos y la fibra diet\u00e9tica, las prote\u00ednas y la energ\u00eda, as\u00ed como 14 vitaminas y 13 minerales.<\/p>\n<p>Agn\u00e8s de Sesmaisons Lecarr\u00e9, de la Unidad de Nutrici\u00f3n de la EFSA, dijo: \u201cLos profesionales de la salud y las autoridades utilizan los DRV para ayudar a los consumidores a elegir alimentos saludables. Esperamos que encuentren a nuestro Buscador de DRV una herramienta invaluable para llevar a cabo este trabajo esencial &#8220;.<\/p>\n<h3>Buscador DRV<\/h3>\n<p>El buscador de DRV es una herramienta interactiva que brinda acceso r\u00e1pido y f\u00e1cil a los DRV de nutrientes de la EFSA. Est\u00e1 destinado a los usuarios finales de estos valores, como los profesionales de la nutrici\u00f3n y la salud, los gestores de riesgos, los responsables pol\u00edticos, los fabricantes de alimentos y los cient\u00edficos.<\/p>\n<p>Los valores de referencia diet\u00e9ticos (DRV) son valores de referencia de nutrientes basados \u200b\u200ben la ciencia para poblaciones sanas. Var\u00edan por etapa de vida y g\u00e9nero. Tienen muchos prop\u00f3sitos, como evaluar la calidad nutricional de las dietas de individuos o grupos, dise\u00f1ar dietas (por ejemplo, comidas escolares), crear pautas nutricionales, asesor\u00eda diet\u00e9tica, establecer valores de referencia para el etiquetado de alimentos y para el desarrollo de pol\u00edticas de nutrici\u00f3n y alimentaci\u00f3n.<\/p>\n<h3>M\u00e1s informaci\u00f3n<\/h3>\n<p><a href=\"http:\/\/www.efsa.europa.eu\/en\/interactive-pages\/drvs\">Interactive tool &#8211; Dietary reference values<\/a><\/p>\n<p><a href=\"http:\/\/www.efsa.europa.eu\/en\/press\/news\/171211\">EFSA Journal: special edition on dietary reference values<\/a><\/p>\n<p><a href=\"http:\/\/www.efsa.europa.eu\/en\/supporting\/pub\/e15121\">Dietary Reference Values for nutrients Summary report<\/a><\/p>\n<p><a href=\"http:\/\/www.efsa.europa.eu\/en\/press\/news\/181129-1\">Dietary reference values: interactive tool goes live<\/a><\/p>\n","protected":false},"excerpt":{"rendered":"<p>EFSA ha lanzado una herramienta interactiva que permite a los nutricionistas y otros profesionales de la salud realizar c\u00e1lculos r\u00e1pidos y sencillos utilizando los valores de referencia diet\u00e9ticos de EFSA. El buscador de DRV busca por grupo de poblaci\u00f3n o por nutriente, lo que permite a los usuarios extraer y combinar la informaci\u00f3n precisa que [&hellip;]<\/p>\n","protected":false},"author":1,"featured_media":10454,"comment_status":"open","ping_status":"open","sticky":false,"template":"","format":"standard","meta":{"_acf_changed":false,"_relevanssi_hide_post":"","_relevanssi_hide_content":"","_relevanssi_pin_for_all":"","_relevanssi_pin_keywords":"","_relevanssi_unpin_keywords":"","_relevanssi_related_keywords":"","_relevanssi_related_include_ids":"","_relevanssi_related_exclude_ids":"","_relevanssi_related_no_append":"","_relevanssi_related_not_related":"","_relevanssi_related_posts":"","_relevanssi_noindex_reason":"","_monsterinsights_skip_tracking":false,"_monsterinsights_sitenote_active":false,"_monsterinsights_sitenote_note":"","_monsterinsights_sitenote_category":0,"_genesis_hide_title":false,"_genesis_hide_breadcrumbs":false,"_genesis_hide_singular_image":false,"_genesis_hide_footer_widgets":false,"_genesis_custom_body_class":"","_genesis_custom_post_class":"","_genesis_layout":"","footnotes":""},"categories":[96],"tags":[132,286,230],"class_list":{"0":"post-10452","1":"post","2":"type-post","3":"status-publish","4":"format-standard","5":"has-post-thumbnail","7":"category-noticias-ue","8":"tag-investigacion","9":"tag-nutricion","10":"tag-seguridad-alimentaria","11":"entry"},"acf":[],"yoast_head":"<!-- This site is optimized with the Yoast SEO plugin v27.5 - https:\/\/yoast.com\/product\/yoast-seo-wordpress\/ -->\n<title>Valores diet\u00e9ticos de referencia: nueva herramienta interactiva | CDE Almer\u00eda - Centro de Documentaci\u00f3n Europea - Universidad de Almer\u00eda<\/title>\n<meta name=\"robots\" content=\"index, follow, max-snippet:-1, max-image-preview:large, max-video-preview:-1\" \/>\n<link rel=\"canonical\" href=\"https:\/\/www.cde.ual.es\/valores-dieteticos-de-referencia-herramienta-interactiva-puesta-en-marcha\/\" \/>\n<meta property=\"og:locale\" content=\"en_US\" \/>\n<meta property=\"og:type\" content=\"article\" \/>\n<meta property=\"og:title\" content=\"Valores diet\u00e9ticos de referencia: nueva herramienta interactiva | CDE Almer\u00eda - Centro de Documentaci\u00f3n Europea - Universidad de Almer\u00eda\" \/>\n<meta property=\"og:description\" content=\"EFSA ha lanzado una herramienta interactiva que permite a los nutricionistas y otros profesionales de la salud realizar c\u00e1lculos r\u00e1pidos y sencillos utilizando los valores de referencia diet\u00e9ticos de EFSA. El buscador de DRV busca por grupo de poblaci\u00f3n o por nutriente, lo que permite a los usuarios extraer y combinar la informaci\u00f3n precisa que [&hellip;]\" \/>\n<meta property=\"og:url\" content=\"https:\/\/www.cde.ual.es\/valores-dieteticos-de-referencia-herramienta-interactiva-puesta-en-marcha\/\" \/>\n<meta property=\"og:site_name\" content=\"CDE Almer\u00eda - Centro de Documentaci\u00f3n Europea - Universidad de Almer\u00eda\" \/>\n<meta property=\"article:publisher\" content=\"https:\/\/www.facebook.com\/cdeuniversidadalmeria\/\" \/>\n<meta property=\"article:published_time\" content=\"2018-12-05T07:05:19+00:00\" \/>\n<meta property=\"article:modified_time\" content=\"2018-12-05T07:48:51+00:00\" \/>\n<meta property=\"og:image\" content=\"https:\/\/www.cde.ual.es\/wp-content\/uploads\/2018\/12\/Dietary-Reference-Values.png\" \/>\n\t<meta property=\"og:image:width\" content=\"951\" \/>\n\t<meta property=\"og:image:height\" content=\"617\" \/>\n\t<meta property=\"og:image:type\" content=\"image\/png\" \/>\n<meta name=\"author\" content=\"AdminCDE\" \/>\n<meta name=\"twitter:card\" content=\"summary_large_image\" \/>\n<meta name=\"twitter:creator\" content=\"@cdeualmeria\" \/>\n<meta name=\"twitter:site\" content=\"@cdeualmeria\" \/>\n<meta name=\"twitter:label1\" content=\"Written by\" \/>\n\t<meta name=\"twitter:data1\" content=\"AdminCDE\" \/>\n\t<meta name=\"twitter:label2\" content=\"Est. reading time\" \/>\n\t<meta name=\"twitter:data2\" content=\"2 minutes\" \/>\n<script type=\"application\/ld+json\" class=\"yoast-schema-graph\">{\"@context\":\"https:\\\/\\\/schema.org\",\"@graph\":[{\"@type\":\"Article\",\"@id\":\"https:\\\/\\\/www.cde.ual.es\\\/valores-dieteticos-de-referencia-herramienta-interactiva-puesta-en-marcha\\\/#article\",\"isPartOf\":{\"@id\":\"https:\\\/\\\/www.cde.ual.es\\\/valores-dieteticos-de-referencia-herramienta-interactiva-puesta-en-marcha\\\/\"},\"author\":{\"name\":\"AdminCDE\",\"@id\":\"https:\\\/\\\/www.cde.ual.es\\\/#\\\/schema\\\/person\\\/224ef08c8bcc005f319d2713ce37ee5f\"},\"headline\":\"Valores diet\u00e9ticos de referencia: nueva herramienta interactiva\",\"datePublished\":\"2018-12-05T07:05:19+00:00\",\"dateModified\":\"2018-12-05T07:48:51+00:00\",\"mainEntityOfPage\":{\"@id\":\"https:\\\/\\\/www.cde.ual.es\\\/valores-dieteticos-de-referencia-herramienta-interactiva-puesta-en-marcha\\\/\"},\"wordCount\":340,\"commentCount\":0,\"publisher\":{\"@id\":\"https:\\\/\\\/www.cde.ual.es\\\/#organization\"},\"image\":{\"@id\":\"https:\\\/\\\/www.cde.ual.es\\\/valores-dieteticos-de-referencia-herramienta-interactiva-puesta-en-marcha\\\/#primaryimage\"},\"thumbnailUrl\":\"https:\\\/\\\/www.cde.ual.es\\\/wp-content\\\/uploads\\\/2018\\\/12\\\/Dietary-Reference-Values.png\",\"keywords\":[\"Investigaci\u00f3n\",\"Nutrici\u00f3n\",\"Seguridad Alimentaria\"],\"articleSection\":[\"Noticias UE\"],\"inLanguage\":\"en-US\",\"potentialAction\":[{\"@type\":\"CommentAction\",\"name\":\"Comment\",\"target\":[\"https:\\\/\\\/www.cde.ual.es\\\/valores-dieteticos-de-referencia-herramienta-interactiva-puesta-en-marcha\\\/#respond\"]}]},{\"@type\":\"WebPage\",\"@id\":\"https:\\\/\\\/www.cde.ual.es\\\/valores-dieteticos-de-referencia-herramienta-interactiva-puesta-en-marcha\\\/\",\"url\":\"https:\\\/\\\/www.cde.ual.es\\\/valores-dieteticos-de-referencia-herramienta-interactiva-puesta-en-marcha\\\/\",\"name\":\"Valores diet\u00e9ticos de referencia: nueva herramienta interactiva | CDE Almer\u00eda - Centro de Documentaci\u00f3n Europea - Universidad de Almer\u00eda\",\"isPartOf\":{\"@id\":\"https:\\\/\\\/www.cde.ual.es\\\/#website\"},\"primaryImageOfPage\":{\"@id\":\"https:\\\/\\\/www.cde.ual.es\\\/valores-dieteticos-de-referencia-herramienta-interactiva-puesta-en-marcha\\\/#primaryimage\"},\"image\":{\"@id\":\"https:\\\/\\\/www.cde.ual.es\\\/valores-dieteticos-de-referencia-herramienta-interactiva-puesta-en-marcha\\\/#primaryimage\"},\"thumbnailUrl\":\"https:\\\/\\\/www.cde.ual.es\\\/wp-content\\\/uploads\\\/2018\\\/12\\\/Dietary-Reference-Values.png\",\"datePublished\":\"2018-12-05T07:05:19+00:00\",\"dateModified\":\"2018-12-05T07:48:51+00:00\",\"breadcrumb\":{\"@id\":\"https:\\\/\\\/www.cde.ual.es\\\/valores-dieteticos-de-referencia-herramienta-interactiva-puesta-en-marcha\\\/#breadcrumb\"},\"inLanguage\":\"en-US\",\"potentialAction\":[{\"@type\":\"ReadAction\",\"target\":[\"https:\\\/\\\/www.cde.ual.es\\\/valores-dieteticos-de-referencia-herramienta-interactiva-puesta-en-marcha\\\/\"]}]},{\"@type\":\"ImageObject\",\"inLanguage\":\"en-US\",\"@id\":\"https:\\\/\\\/www.cde.ual.es\\\/valores-dieteticos-de-referencia-herramienta-interactiva-puesta-en-marcha\\\/#primaryimage\",\"url\":\"https:\\\/\\\/www.cde.ual.es\\\/wp-content\\\/uploads\\\/2018\\\/12\\\/Dietary-Reference-Values.png\",\"contentUrl\":\"https:\\\/\\\/www.cde.ual.es\\\/wp-content\\\/uploads\\\/2018\\\/12\\\/Dietary-Reference-Values.png\",\"width\":951,\"height\":617},{\"@type\":\"BreadcrumbList\",\"@id\":\"https:\\\/\\\/www.cde.ual.es\\\/valores-dieteticos-de-referencia-herramienta-interactiva-puesta-en-marcha\\\/#breadcrumb\",\"itemListElement\":[{\"@type\":\"ListItem\",\"position\":1,\"name\":\"Inicio\",\"item\":\"https:\\\/\\\/www.cde.ual.es\\\/en\\\/\"},{\"@type\":\"ListItem\",\"position\":2,\"name\":\"Noticias UE\",\"item\":\"https:\\\/\\\/www.cde.ual.es\\\/category\\\/noticias-ue\\\/\"},{\"@type\":\"ListItem\",\"position\":3,\"name\":\"Valores diet\u00e9ticos de referencia: nueva herramienta interactiva\"}]},{\"@type\":\"WebSite\",\"@id\":\"https:\\\/\\\/www.cde.ual.es\\\/#website\",\"url\":\"https:\\\/\\\/www.cde.ual.es\\\/\",\"name\":\"CDE Almer\u00eda - Centro de Documentaci\u00f3n Europea - Universidad de Almer\u00eda\",\"description\":\"Centro de Documentaci\u00f3n Europea de la Universidad de Almer\u00eda\",\"publisher\":{\"@id\":\"https:\\\/\\\/www.cde.ual.es\\\/#organization\"},\"alternateName\":\"CDE Almer\u00eda\",\"potentialAction\":[{\"@type\":\"SearchAction\",\"target\":{\"@type\":\"EntryPoint\",\"urlTemplate\":\"https:\\\/\\\/www.cde.ual.es\\\/?s={search_term_string}\"},\"query-input\":{\"@type\":\"PropertyValueSpecification\",\"valueRequired\":true,\"valueName\":\"search_term_string\"}}],\"inLanguage\":\"en-US\"},{\"@type\":\"Organization\",\"@id\":\"https:\\\/\\\/www.cde.ual.es\\\/#organization\",\"name\":\"Centro de Documentaci\u00f3n Europea de Almer\u00eda\",\"url\":\"https:\\\/\\\/www.cde.ual.es\\\/\",\"logo\":{\"@type\":\"ImageObject\",\"inLanguage\":\"en-US\",\"@id\":\"https:\\\/\\\/www.cde.ual.es\\\/#\\\/schema\\\/logo\\\/image\\\/\",\"url\":\"https:\\\/\\\/www.cde.ual.es\\\/wp-content\\\/uploads\\\/2025\\\/07\\\/cde-logo-3.png\",\"contentUrl\":\"https:\\\/\\\/www.cde.ual.es\\\/wp-content\\\/uploads\\\/2025\\\/07\\\/cde-logo-3.png\",\"width\":1400,\"height\":300,\"caption\":\"Centro de Documentaci\u00f3n Europea de Almer\u00eda\"},\"image\":{\"@id\":\"https:\\\/\\\/www.cde.ual.es\\\/#\\\/schema\\\/logo\\\/image\\\/\"},\"sameAs\":[\"https:\\\/\\\/www.facebook.com\\\/cdeuniversidadalmeria\\\/\",\"https:\\\/\\\/x.com\\\/cdeualmeria\",\"https:\\\/\\\/www.tiktok.com\\\/@cdealmeria\",\"https:\\\/\\\/www.instagram.com\\\/cdealmeria\\\/\",\"https:\\\/\\\/www.linkedin.com\\\/in\\\/cde-almera-812b26a9\\\/\"]},{\"@type\":\"Person\",\"@id\":\"https:\\\/\\\/www.cde.ual.es\\\/#\\\/schema\\\/person\\\/224ef08c8bcc005f319d2713ce37ee5f\",\"name\":\"AdminCDE\",\"image\":{\"@type\":\"ImageObject\",\"inLanguage\":\"en-US\",\"@id\":\"https:\\\/\\\/secure.gravatar.com\\\/avatar\\\/a72d038d371f995cd13706fac32274b7952a52e8fb0a84b5f80c85426f2a98a8?s=96&d=mm&r=g\",\"url\":\"https:\\\/\\\/secure.gravatar.com\\\/avatar\\\/a72d038d371f995cd13706fac32274b7952a52e8fb0a84b5f80c85426f2a98a8?s=96&d=mm&r=g\",\"contentUrl\":\"https:\\\/\\\/secure.gravatar.com\\\/avatar\\\/a72d038d371f995cd13706fac32274b7952a52e8fb0a84b5f80c85426f2a98a8?s=96&d=mm&r=g\",\"caption\":\"AdminCDE\"}}]}<\/script>\n<!-- \/ Yoast SEO plugin. -->","yoast_head_json":{"title":"Valores diet\u00e9ticos de referencia: nueva herramienta interactiva | CDE Almer\u00eda - Centro de Documentaci\u00f3n Europea - Universidad de Almer\u00eda","robots":{"index":"index","follow":"follow","max-snippet":"max-snippet:-1","max-image-preview":"max-image-preview:large","max-video-preview":"max-video-preview:-1"},"canonical":"https:\/\/www.cde.ual.es\/valores-dieteticos-de-referencia-herramienta-interactiva-puesta-en-marcha\/","og_locale":"en_US","og_type":"article","og_title":"Valores diet\u00e9ticos de referencia: nueva herramienta interactiva | CDE Almer\u00eda - Centro de Documentaci\u00f3n Europea - Universidad de Almer\u00eda","og_description":"EFSA ha lanzado una herramienta interactiva que permite a los nutricionistas y otros profesionales de la salud realizar c\u00e1lculos r\u00e1pidos y sencillos utilizando los valores de referencia diet\u00e9ticos de EFSA. El buscador de DRV busca por grupo de poblaci\u00f3n o por nutriente, lo que permite a los usuarios extraer y combinar la informaci\u00f3n precisa que [&hellip;]","og_url":"https:\/\/www.cde.ual.es\/valores-dieteticos-de-referencia-herramienta-interactiva-puesta-en-marcha\/","og_site_name":"CDE Almer\u00eda - Centro de Documentaci\u00f3n Europea - Universidad de Almer\u00eda","article_publisher":"https:\/\/www.facebook.com\/cdeuniversidadalmeria\/","article_published_time":"2018-12-05T07:05:19+00:00","article_modified_time":"2018-12-05T07:48:51+00:00","og_image":[{"width":951,"height":617,"url":"https:\/\/www.cde.ual.es\/wp-content\/uploads\/2018\/12\/Dietary-Reference-Values.png","type":"image\/png"}],"author":"AdminCDE","twitter_card":"summary_large_image","twitter_creator":"@cdeualmeria","twitter_site":"@cdeualmeria","twitter_misc":{"Written by":"AdminCDE","Est. reading time":"2 minutes"},"schema":{"@context":"https:\/\/schema.org","@graph":[{"@type":"Article","@id":"https:\/\/www.cde.ual.es\/valores-dieteticos-de-referencia-herramienta-interactiva-puesta-en-marcha\/#article","isPartOf":{"@id":"https:\/\/www.cde.ual.es\/valores-dieteticos-de-referencia-herramienta-interactiva-puesta-en-marcha\/"},"author":{"name":"AdminCDE","@id":"https:\/\/www.cde.ual.es\/#\/schema\/person\/224ef08c8bcc005f319d2713ce37ee5f"},"headline":"Valores diet\u00e9ticos de referencia: nueva herramienta interactiva","datePublished":"2018-12-05T07:05:19+00:00","dateModified":"2018-12-05T07:48:51+00:00","mainEntityOfPage":{"@id":"https:\/\/www.cde.ual.es\/valores-dieteticos-de-referencia-herramienta-interactiva-puesta-en-marcha\/"},"wordCount":340,"commentCount":0,"publisher":{"@id":"https:\/\/www.cde.ual.es\/#organization"},"image":{"@id":"https:\/\/www.cde.ual.es\/valores-dieteticos-de-referencia-herramienta-interactiva-puesta-en-marcha\/#primaryimage"},"thumbnailUrl":"https:\/\/www.cde.ual.es\/wp-content\/uploads\/2018\/12\/Dietary-Reference-Values.png","keywords":["Investigaci\u00f3n","Nutrici\u00f3n","Seguridad Alimentaria"],"articleSection":["Noticias UE"],"inLanguage":"en-US","potentialAction":[{"@type":"CommentAction","name":"Comment","target":["https:\/\/www.cde.ual.es\/valores-dieteticos-de-referencia-herramienta-interactiva-puesta-en-marcha\/#respond"]}]},{"@type":"WebPage","@id":"https:\/\/www.cde.ual.es\/valores-dieteticos-de-referencia-herramienta-interactiva-puesta-en-marcha\/","url":"https:\/\/www.cde.ual.es\/valores-dieteticos-de-referencia-herramienta-interactiva-puesta-en-marcha\/","name":"Valores diet\u00e9ticos de referencia: nueva herramienta interactiva | CDE Almer\u00eda - Centro de Documentaci\u00f3n Europea - Universidad de Almer\u00eda","isPartOf":{"@id":"https:\/\/www.cde.ual.es\/#website"},"primaryImageOfPage":{"@id":"https:\/\/www.cde.ual.es\/valores-dieteticos-de-referencia-herramienta-interactiva-puesta-en-marcha\/#primaryimage"},"image":{"@id":"https:\/\/www.cde.ual.es\/valores-dieteticos-de-referencia-herramienta-interactiva-puesta-en-marcha\/#primaryimage"},"thumbnailUrl":"https:\/\/www.cde.ual.es\/wp-content\/uploads\/2018\/12\/Dietary-Reference-Values.png","datePublished":"2018-12-05T07:05:19+00:00","dateModified":"2018-12-05T07:48:51+00:00","breadcrumb":{"@id":"https:\/\/www.cde.ual.es\/valores-dieteticos-de-referencia-herramienta-interactiva-puesta-en-marcha\/#breadcrumb"},"inLanguage":"en-US","potentialAction":[{"@type":"ReadAction","target":["https:\/\/www.cde.ual.es\/valores-dieteticos-de-referencia-herramienta-interactiva-puesta-en-marcha\/"]}]},{"@type":"ImageObject","inLanguage":"en-US","@id":"https:\/\/www.cde.ual.es\/valores-dieteticos-de-referencia-herramienta-interactiva-puesta-en-marcha\/#primaryimage","url":"https:\/\/www.cde.ual.es\/wp-content\/uploads\/2018\/12\/Dietary-Reference-Values.png","contentUrl":"https:\/\/www.cde.ual.es\/wp-content\/uploads\/2018\/12\/Dietary-Reference-Values.png","width":951,"height":617},{"@type":"BreadcrumbList","@id":"https:\/\/www.cde.ual.es\/valores-dieteticos-de-referencia-herramienta-interactiva-puesta-en-marcha\/#breadcrumb","itemListElement":[{"@type":"ListItem","position":1,"name":"Inicio","item":"https:\/\/www.cde.ual.es\/en\/"},{"@type":"ListItem","position":2,"name":"Noticias UE","item":"https:\/\/www.cde.ual.es\/category\/noticias-ue\/"},{"@type":"ListItem","position":3,"name":"Valores diet\u00e9ticos de referencia: nueva herramienta interactiva"}]},{"@type":"WebSite","@id":"https:\/\/www.cde.ual.es\/#website","url":"https:\/\/www.cde.ual.es\/","name":"CDE Almer\u00eda - Centro de Documentaci\u00f3n Europea - Universidad de Almer\u00eda","description":"Centro de Documentaci\u00f3n Europea de la Universidad de Almer\u00eda","publisher":{"@id":"https:\/\/www.cde.ual.es\/#organization"},"alternateName":"CDE Almer\u00eda","potentialAction":[{"@type":"SearchAction","target":{"@type":"EntryPoint","urlTemplate":"https:\/\/www.cde.ual.es\/?s={search_term_string}"},"query-input":{"@type":"PropertyValueSpecification","valueRequired":true,"valueName":"search_term_string"}}],"inLanguage":"en-US"},{"@type":"Organization","@id":"https:\/\/www.cde.ual.es\/#organization","name":"Centro de Documentaci\u00f3n Europea de Almer\u00eda","url":"https:\/\/www.cde.ual.es\/","logo":{"@type":"ImageObject","inLanguage":"en-US","@id":"https:\/\/www.cde.ual.es\/#\/schema\/logo\/image\/","url":"https:\/\/www.cde.ual.es\/wp-content\/uploads\/2025\/07\/cde-logo-3.png","contentUrl":"https:\/\/www.cde.ual.es\/wp-content\/uploads\/2025\/07\/cde-logo-3.png","width":1400,"height":300,"caption":"Centro de Documentaci\u00f3n Europea de Almer\u00eda"},"image":{"@id":"https:\/\/www.cde.ual.es\/#\/schema\/logo\/image\/"},"sameAs":["https:\/\/www.facebook.com\/cdeuniversidadalmeria\/","https:\/\/x.com\/cdeualmeria","https:\/\/www.tiktok.com\/@cdealmeria","https:\/\/www.instagram.com\/cdealmeria\/","https:\/\/www.linkedin.com\/in\/cde-almera-812b26a9\/"]},{"@type":"Person","@id":"https:\/\/www.cde.ual.es\/#\/schema\/person\/224ef08c8bcc005f319d2713ce37ee5f","name":"AdminCDE","image":{"@type":"ImageObject","inLanguage":"en-US","@id":"https:\/\/secure.gravatar.com\/avatar\/a72d038d371f995cd13706fac32274b7952a52e8fb0a84b5f80c85426f2a98a8?s=96&d=mm&r=g","url":"https:\/\/secure.gravatar.com\/avatar\/a72d038d371f995cd13706fac32274b7952a52e8fb0a84b5f80c85426f2a98a8?s=96&d=mm&r=g","contentUrl":"https:\/\/secure.gravatar.com\/avatar\/a72d038d371f995cd13706fac32274b7952a52e8fb0a84b5f80c85426f2a98a8?s=96&d=mm&r=g","caption":"AdminCDE"}}]}},"_links":{"self":[{"href":"https:\/\/www.cde.ual.es\/en\/wp-json\/wp\/v2\/posts\/10452","targetHints":{"allow":["GET"]}}],"collection":[{"href":"https:\/\/www.cde.ual.es\/en\/wp-json\/wp\/v2\/posts"}],"about":[{"href":"https:\/\/www.cde.ual.es\/en\/wp-json\/wp\/v2\/types\/post"}],"author":[{"embeddable":true,"href":"https:\/\/www.cde.ual.es\/en\/wp-json\/wp\/v2\/users\/1"}],"replies":[{"embeddable":true,"href":"https:\/\/www.cde.ual.es\/en\/wp-json\/wp\/v2\/comments?post=10452"}],"version-history":[{"count":0,"href":"https:\/\/www.cde.ual.es\/en\/wp-json\/wp\/v2\/posts\/10452\/revisions"}],"wp:featuredmedia":[{"embeddable":true,"href":"https:\/\/www.cde.ual.es\/en\/wp-json\/wp\/v2\/media\/10454"}],"wp:attachment":[{"href":"https:\/\/www.cde.ual.es\/en\/wp-json\/wp\/v2\/media?parent=10452"}],"wp:term":[{"taxonomy":"category","embeddable":true,"href":"https:\/\/www.cde.ual.es\/en\/wp-json\/wp\/v2\/categories?post=10452"},{"taxonomy":"post_tag","embeddable":true,"href":"https:\/\/www.cde.ual.es\/en\/wp-json\/wp\/v2\/tags?post=10452"}],"curies":[{"name":"wp","href":"https:\/\/api.w.org\/{rel}","templated":true}]}}