{"id":104498,"date":"2022-04-28T10:14:52","date_gmt":"2022-04-28T08:14:52","guid":{"rendered":"https:\/\/www.cde.ual.es\/?p=104498"},"modified":"2022-04-28T10:14:52","modified_gmt":"2022-04-28T08:14:52","slug":"commission-proposes-strengthening-eurojusts-mandate-to-collect-and-preserve-war-crimes-evidence","status":"publish","type":"post","link":"https:\/\/www.cde.ual.es\/en\/commission-proposes-strengthening-eurojusts-mandate-to-collect-and-preserve-war-crimes-evidence\/","title":{"rendered":"Commission proposes strengthening Eurojust&#8217;s mandate to collect and preserve war crimes evidence"},"content":{"rendered":"<p>25th April the Commission proposed to amend the Eurojust Regulation to give the Agency the legal possibility to collect, preserve and share evidence on war crimes. Due to the ongoing conflict, it is difficult to store and preserve evidence securely in Ukraine.<\/p>\n<p>To ensure accountability for the crimes committed in Ukraine, it is crucial to ensure safe storage of evidence outside Ukraine as well as to support the investigations and prosecutions by various European and international judicial authorities. Since March, Eurojust has been supporting an EU joint investigation team looking into the possible war crimes committed in Ukraine. While Eurojust has practical experience on international crimes, the existing Regulation did not envisage a situation of this scale and crimes of this extent, requiring an update in Eurojust&#8217;s legal base.<\/p>\n<p><a href=\"https:\/\/www.cde.ual.es\/wp-content\/uploads\/2022\/04\/belgium-ge7009b412_1920.jpg\"><img decoding=\"async\" class=\"aligncenter wp-image-104488\" src=\"https:\/\/www.cde.ual.es\/wp-content\/uploads\/2022\/04\/belgium-ge7009b412_1920.jpg\" alt=\"\" width=\"530\" height=\"353\" srcset=\"https:\/\/www.cde.ual.es\/wp-content\/uploads\/2022\/04\/belgium-ge7009b412_1920.jpg 1920w, https:\/\/www.cde.ual.es\/wp-content\/uploads\/2022\/04\/belgium-ge7009b412_1920-300x200.jpg 300w, https:\/\/www.cde.ual.es\/wp-content\/uploads\/2022\/04\/belgium-ge7009b412_1920-1024x682.jpg 1024w, https:\/\/www.cde.ual.es\/wp-content\/uploads\/2022\/04\/belgium-ge7009b412_1920-768x512.jpg 768w, https:\/\/www.cde.ual.es\/wp-content\/uploads\/2022\/04\/belgium-ge7009b412_1920-1536x1023.jpg 1536w\" sizes=\"(max-width: 530px) 100vw, 530px\" \/><\/a><\/p>\n<p>Vice-President for Values and Transparency<strong> <em>V\u011bra\u00a0Jourov\u00e1<\/em><\/strong>\u00a0said:\u00a0<em>\u201cUkraine&#8217;s fight is our fight. We must work together to make sure that war criminals are brought to justice. We need to reinforce Eurojust to make sure it has the necessary tools to deal with the scale of atrocities in Ukraine. Europe is determined and we will do what we can to help.\u201d<\/em><\/p>\n<p>Commissioner for Justice, <strong><em>Didier\u00a0Reynders,<\/em><\/strong> said:\u00a0<em>\u201cSince the start of the Russian invasion, the world has been witnessing the atrocities committed in Bucha, Kramatorsk and other Ukrainian cities. Those responsible for the war crimes in Ukraine must be held accountable. To this end, we must ensure that evidence is safely preserved, analysed and exchanged with national and international authorities, including the International Criminal Court. Today we propose to empower Eurojust to perform these tasks. Impunity will not be tolerated\u201d.<\/em><\/p>\n<p><strong>Reinforced mandate for Eurojust<\/strong><\/p>\n<p>National authorities are already collecting evidence of possible crimes being committed in Ukraine. Due to the ongoing hostilities, evidence cannot be preserved securely in Ukraine. Thus, it is necessary to set up a central back-up storage, where evidence collected by Union agencies and bodies as well as national and international authorities or third parties, such as civil society organisations, could be preserved. While the Eurojust Regulation provides that Eurojust supports Member States&#8217; action in investigating and prosecuting serious crime, including core international crimes, it does not provide for Eurojust to preserve such evidence on a more permanent basis, or to analyse and exchange it when necessary, nor to directly cooperate with international judicial authorities, such as the International Criminal Court (ICC).<\/p>\n<table style=\"width: 99.9988%; border-collapse: collapse; border-style: double; border-color: #001f7d;\" cellpadding=\"0,5\">\n<tbody>\n<tr>\n<td style=\"width: 100%;\"><a href=\"https:\/\/www.cde.ual.es\/en\/statement-of-the-president-of-the-european-commission-following-her-conversation-with-president-zelenskyy\/\" target=\"_blank\" rel=\"noopener\"><img decoding=\"async\" class=\"alignleft\" src=\"https:\/\/www.cde.ual.es\/wp-content\/uploads\/2017\/12\/ursula.png\" alt=\"\" width=\"201\" height=\"134\" \/><\/a><\/p>\n<h4 class=\"entry-title\"><a href=\"https:\/\/www.cde.ual.es\/en\/statement-of-the-president-of-the-european-commission-following-her-conversation-with-president-zelenskyy\/\" target=\"_blank\" rel=\"noopener\">Statement of the President of the European Commission following her conversation with President Zelenskyy <\/a><\/h4>\n<\/td>\n<\/tr>\n<\/tbody>\n<\/table>\n<p>To allow Eurojust to properly perform its tasks in relation to such crimes, the Commission is proposing to amend the Eurojust Regulation. Once adopted by the co-legislators, the proposal will allow Eurojust to:<\/p>\n<ul>\n<li><strong>collect, analyse and preserve evidence\u00a0<\/strong>in relation to core international crimes;<\/li>\n<li><strong>process data<\/strong>, such as videos, audio recordings and satellite images;<\/li>\n<li><strong>share such evidence<\/strong>\u00a0with the relevant national and international authorities, including the International Criminal Court. Sharing of such evidence would only take place when appropriate and in full respect of EU data protection rules.<\/li>\n<\/ul>\n<p>Eurojust will also coordinate and cooperate with Europol in accordance with their respective mandates.<\/p>\n<p><strong>Next steps<\/strong><\/p>\n<p>The proposal will be negotiated and adopted by the European Parliament and the Council.<\/p>\n<p>&nbsp;<\/p>\n<p><strong>More information:<\/strong> <a href=\"https:\/\/ec.europa.eu\/commission\/presscorner\/detail\/es\/IP_22_2549\" target=\"_blank\" rel=\"noopener\">Press release &#8211; European Comission<\/a><\/p>\n","protected":false},"excerpt":{"rendered":"<p>25th April the Commission proposed to amend the Eurojust Regulation to give the Agency the legal possibility to collect, preserve and share evidence on war crimes. Due to the ongoing conflict, it is difficult to store and preserve evidence securely in Ukraine. To ensure accountability for the crimes committed in Ukraine, it is crucial to [&hellip;]<\/p>\n","protected":false},"author":101011,"featured_media":104489,"comment_status":"open","ping_status":"open","sticky":false,"template":"","format":"standard","meta":{"_acf_changed":false,"_relevanssi_hide_post":"","_relevanssi_hide_content":"","_relevanssi_pin_for_all":"","_relevanssi_pin_keywords":"","_relevanssi_unpin_keywords":"","_relevanssi_related_keywords":"","_relevanssi_related_include_ids":"","_relevanssi_related_exclude_ids":"","_relevanssi_related_no_append":"","_relevanssi_related_not_related":"","_relevanssi_related_posts":"","_relevanssi_noindex_reason":"","_monsterinsights_skip_tracking":false,"_monsterinsights_sitenote_active":false,"_monsterinsights_sitenote_note":"","_monsterinsights_sitenote_category":0,"_genesis_hide_title":false,"_genesis_hide_breadcrumbs":false,"_genesis_hide_singular_image":false,"_genesis_hide_footer_widgets":false,"_genesis_custom_body_class":"","_genesis_custom_post_class":"","_genesis_layout":"","footnotes":""},"categories":[4075,346,4078],"tags":[5561,5632,655,5633,2853,5005],"class_list":{"0":"post-104498","1":"post","2":"type-post","3":"status-publish","4":"format-standard","5":"has-post-thumbnail","7":"category-defence-security","8":"category-eu-news","9":"category-internat-safety-pol","10":"tag-comission","11":"tag-crimes-war","12":"tag-eurojust-en","13":"tag-parlament","14":"tag-russia","15":"tag-ukraine","16":"entry"},"acf":[],"yoast_head":"<!-- This site is optimized with the Yoast SEO plugin v27.4 - https:\/\/yoast.com\/product\/yoast-seo-wordpress\/ -->\n<title>Commission proposes strengthening Eurojust&#039;s mandate to collect and preserve war crimes evidence | CDE Almer\u00eda - Centro de Documentaci\u00f3n Europea - Universidad de Almer\u00eda<\/title>\n<meta name=\"robots\" content=\"index, follow, max-snippet:-1, max-image-preview:large, max-video-preview:-1\" \/>\n<link rel=\"canonical\" href=\"https:\/\/www.cde.ual.es\/en\/commission-proposes-strengthening-eurojusts-mandate-to-collect-and-preserve-war-crimes-evidence\/\" \/>\n<meta property=\"og:locale\" content=\"en_US\" \/>\n<meta property=\"og:type\" content=\"article\" \/>\n<meta property=\"og:title\" content=\"Commission proposes strengthening Eurojust&#039;s mandate to collect and preserve war crimes evidence | CDE Almer\u00eda - Centro de Documentaci\u00f3n Europea - Universidad de Almer\u00eda\" \/>\n<meta property=\"og:description\" content=\"25th April the Commission proposed to amend the Eurojust Regulation to give the Agency the legal possibility to collect, preserve and share evidence on war crimes. Due to the ongoing conflict, it is difficult to store and preserve evidence securely in Ukraine. To ensure accountability for the crimes committed in Ukraine, it is crucial to [&hellip;]\" \/>\n<meta property=\"og:url\" content=\"https:\/\/www.cde.ual.es\/en\/commission-proposes-strengthening-eurojusts-mandate-to-collect-and-preserve-war-crimes-evidence\/\" \/>\n<meta property=\"og:site_name\" content=\"CDE Almer\u00eda - Centro de Documentaci\u00f3n Europea - Universidad de Almer\u00eda\" \/>\n<meta property=\"article:publisher\" content=\"https:\/\/www.facebook.com\/cdeuniversidadalmeria\/\" \/>\n<meta property=\"article:published_time\" content=\"2022-04-28T08:14:52+00:00\" \/>\n<meta property=\"og:image\" content=\"https:\/\/www.cde.ual.es\/wp-content\/uploads\/2022\/04\/belgium-ge7009b412_1920.jpg\" \/>\n\t<meta property=\"og:image:width\" content=\"1920\" \/>\n\t<meta property=\"og:image:height\" content=\"1279\" \/>\n\t<meta property=\"og:image:type\" content=\"image\/jpeg\" \/>\n<meta name=\"author\" content=\"BECA 2 CDE\" \/>\n<meta name=\"twitter:card\" content=\"summary_large_image\" \/>\n<meta name=\"twitter:creator\" content=\"@cdeualmeria\" \/>\n<meta name=\"twitter:site\" content=\"@cdeualmeria\" \/>\n<meta name=\"twitter:label1\" content=\"Written by\" \/>\n\t<meta name=\"twitter:data1\" content=\"BECA 2 CDE\" \/>\n\t<meta name=\"twitter:label2\" content=\"Est. reading time\" \/>\n\t<meta name=\"twitter:data2\" content=\"3 minutes\" \/>\n<script type=\"application\/ld+json\" class=\"yoast-schema-graph\">{\"@context\":\"https:\\\/\\\/schema.org\",\"@graph\":[{\"@type\":\"Article\",\"@id\":\"https:\\\/\\\/www.cde.ual.es\\\/en\\\/commission-proposes-strengthening-eurojusts-mandate-to-collect-and-preserve-war-crimes-evidence\\\/#article\",\"isPartOf\":{\"@id\":\"https:\\\/\\\/www.cde.ual.es\\\/en\\\/commission-proposes-strengthening-eurojusts-mandate-to-collect-and-preserve-war-crimes-evidence\\\/\"},\"author\":{\"name\":\"BECA 2 CDE\",\"@id\":\"https:\\\/\\\/www.cde.ual.es\\\/#\\\/schema\\\/person\\\/ee46ebc19edfa19598c02cff83335acc\"},\"headline\":\"Commission proposes strengthening Eurojust&#8217;s mandate to collect and preserve war crimes evidence\",\"datePublished\":\"2022-04-28T08:14:52+00:00\",\"mainEntityOfPage\":{\"@id\":\"https:\\\/\\\/www.cde.ual.es\\\/en\\\/commission-proposes-strengthening-eurojusts-mandate-to-collect-and-preserve-war-crimes-evidence\\\/\"},\"wordCount\":550,\"commentCount\":0,\"publisher\":{\"@id\":\"https:\\\/\\\/www.cde.ual.es\\\/#organization\"},\"image\":{\"@id\":\"https:\\\/\\\/www.cde.ual.es\\\/en\\\/commission-proposes-strengthening-eurojusts-mandate-to-collect-and-preserve-war-crimes-evidence\\\/#primaryimage\"},\"thumbnailUrl\":\"https:\\\/\\\/www.cde.ual.es\\\/wp-content\\\/uploads\\\/2022\\\/04\\\/belgium-ge7009b412_1920.jpg\",\"keywords\":[\"Comission\",\"crimes war\",\"Eurojust\",\"parlament\",\"russia\",\"ukraine\"],\"articleSection\":[\"Defence &amp; Security\",\"EU News\",\"International Safety and Defence Politics\"],\"inLanguage\":\"en-US\",\"potentialAction\":[{\"@type\":\"CommentAction\",\"name\":\"Comment\",\"target\":[\"https:\\\/\\\/www.cde.ual.es\\\/en\\\/commission-proposes-strengthening-eurojusts-mandate-to-collect-and-preserve-war-crimes-evidence\\\/#respond\"]}]},{\"@type\":\"WebPage\",\"@id\":\"https:\\\/\\\/www.cde.ual.es\\\/en\\\/commission-proposes-strengthening-eurojusts-mandate-to-collect-and-preserve-war-crimes-evidence\\\/\",\"url\":\"https:\\\/\\\/www.cde.ual.es\\\/en\\\/commission-proposes-strengthening-eurojusts-mandate-to-collect-and-preserve-war-crimes-evidence\\\/\",\"name\":\"Commission proposes strengthening Eurojust's mandate to collect and preserve war crimes evidence | CDE Almer\u00eda - Centro de Documentaci\u00f3n Europea - Universidad de Almer\u00eda\",\"isPartOf\":{\"@id\":\"https:\\\/\\\/www.cde.ual.es\\\/#website\"},\"primaryImageOfPage\":{\"@id\":\"https:\\\/\\\/www.cde.ual.es\\\/en\\\/commission-proposes-strengthening-eurojusts-mandate-to-collect-and-preserve-war-crimes-evidence\\\/#primaryimage\"},\"image\":{\"@id\":\"https:\\\/\\\/www.cde.ual.es\\\/en\\\/commission-proposes-strengthening-eurojusts-mandate-to-collect-and-preserve-war-crimes-evidence\\\/#primaryimage\"},\"thumbnailUrl\":\"https:\\\/\\\/www.cde.ual.es\\\/wp-content\\\/uploads\\\/2022\\\/04\\\/belgium-ge7009b412_1920.jpg\",\"datePublished\":\"2022-04-28T08:14:52+00:00\",\"breadcrumb\":{\"@id\":\"https:\\\/\\\/www.cde.ual.es\\\/en\\\/commission-proposes-strengthening-eurojusts-mandate-to-collect-and-preserve-war-crimes-evidence\\\/#breadcrumb\"},\"inLanguage\":\"en-US\",\"potentialAction\":[{\"@type\":\"ReadAction\",\"target\":[\"https:\\\/\\\/www.cde.ual.es\\\/en\\\/commission-proposes-strengthening-eurojusts-mandate-to-collect-and-preserve-war-crimes-evidence\\\/\"]}]},{\"@type\":\"ImageObject\",\"inLanguage\":\"en-US\",\"@id\":\"https:\\\/\\\/www.cde.ual.es\\\/en\\\/commission-proposes-strengthening-eurojusts-mandate-to-collect-and-preserve-war-crimes-evidence\\\/#primaryimage\",\"url\":\"https:\\\/\\\/www.cde.ual.es\\\/wp-content\\\/uploads\\\/2022\\\/04\\\/belgium-ge7009b412_1920.jpg\",\"contentUrl\":\"https:\\\/\\\/www.cde.ual.es\\\/wp-content\\\/uploads\\\/2022\\\/04\\\/belgium-ge7009b412_1920.jpg\",\"width\":1920,\"height\":1279},{\"@type\":\"BreadcrumbList\",\"@id\":\"https:\\\/\\\/www.cde.ual.es\\\/en\\\/commission-proposes-strengthening-eurojusts-mandate-to-collect-and-preserve-war-crimes-evidence\\\/#breadcrumb\",\"itemListElement\":[{\"@type\":\"ListItem\",\"position\":1,\"name\":\"Inicio\",\"item\":\"https:\\\/\\\/www.cde.ual.es\\\/en\\\/\"},{\"@type\":\"ListItem\",\"position\":2,\"name\":\"EU News\",\"item\":\"https:\\\/\\\/www.cde.ual.es\\\/en\\\/category\\\/eu-news\\\/\"},{\"@type\":\"ListItem\",\"position\":3,\"name\":\"Defence &amp; Security\",\"item\":\"https:\\\/\\\/www.cde.ual.es\\\/en\\\/category\\\/eu-news\\\/defence-security\\\/\"},{\"@type\":\"ListItem\",\"position\":4,\"name\":\"International Safety and Defence Politics\",\"item\":\"https:\\\/\\\/www.cde.ual.es\\\/en\\\/category\\\/eu-news\\\/defence-security\\\/internat-safety-pol\\\/\"},{\"@type\":\"ListItem\",\"position\":5,\"name\":\"Commission proposes strengthening Eurojust&#8217;s mandate to collect and preserve war crimes evidence\"}]},{\"@type\":\"WebSite\",\"@id\":\"https:\\\/\\\/www.cde.ual.es\\\/#website\",\"url\":\"https:\\\/\\\/www.cde.ual.es\\\/\",\"name\":\"CDE Almer\u00eda - Centro de Documentaci\u00f3n Europea - Universidad de Almer\u00eda\",\"description\":\"Centro de Documentaci\u00f3n Europea de la Universidad de Almer\u00eda\",\"publisher\":{\"@id\":\"https:\\\/\\\/www.cde.ual.es\\\/#organization\"},\"alternateName\":\"CDE Almer\u00eda\",\"potentialAction\":[{\"@type\":\"SearchAction\",\"target\":{\"@type\":\"EntryPoint\",\"urlTemplate\":\"https:\\\/\\\/www.cde.ual.es\\\/?s={search_term_string}\"},\"query-input\":{\"@type\":\"PropertyValueSpecification\",\"valueRequired\":true,\"valueName\":\"search_term_string\"}}],\"inLanguage\":\"en-US\"},{\"@type\":\"Organization\",\"@id\":\"https:\\\/\\\/www.cde.ual.es\\\/#organization\",\"name\":\"Centro de Documentaci\u00f3n Europea de Almer\u00eda\",\"url\":\"https:\\\/\\\/www.cde.ual.es\\\/\",\"logo\":{\"@type\":\"ImageObject\",\"inLanguage\":\"en-US\",\"@id\":\"https:\\\/\\\/www.cde.ual.es\\\/#\\\/schema\\\/logo\\\/image\\\/\",\"url\":\"https:\\\/\\\/www.cde.ual.es\\\/wp-content\\\/uploads\\\/2025\\\/07\\\/cde-logo-3.png\",\"contentUrl\":\"https:\\\/\\\/www.cde.ual.es\\\/wp-content\\\/uploads\\\/2025\\\/07\\\/cde-logo-3.png\",\"width\":1400,\"height\":300,\"caption\":\"Centro de Documentaci\u00f3n Europea de Almer\u00eda\"},\"image\":{\"@id\":\"https:\\\/\\\/www.cde.ual.es\\\/#\\\/schema\\\/logo\\\/image\\\/\"},\"sameAs\":[\"https:\\\/\\\/www.facebook.com\\\/cdeuniversidadalmeria\\\/\",\"https:\\\/\\\/x.com\\\/cdeualmeria\",\"https:\\\/\\\/www.tiktok.com\\\/@cdealmeria\",\"https:\\\/\\\/www.instagram.com\\\/cdealmeria\\\/\",\"https:\\\/\\\/www.linkedin.com\\\/in\\\/cde-almera-812b26a9\\\/\"]},{\"@type\":\"Person\",\"@id\":\"https:\\\/\\\/www.cde.ual.es\\\/#\\\/schema\\\/person\\\/ee46ebc19edfa19598c02cff83335acc\",\"name\":\"BECA 2 CDE\",\"image\":{\"@type\":\"ImageObject\",\"inLanguage\":\"en-US\",\"@id\":\"https:\\\/\\\/secure.gravatar.com\\\/avatar\\\/35a481bbc04bbd90e91bdfa3b0b5541036c222a49b9ad37b6889a2afcb5311a5?s=96&d=mm&r=g\",\"url\":\"https:\\\/\\\/secure.gravatar.com\\\/avatar\\\/35a481bbc04bbd90e91bdfa3b0b5541036c222a49b9ad37b6889a2afcb5311a5?s=96&d=mm&r=g\",\"contentUrl\":\"https:\\\/\\\/secure.gravatar.com\\\/avatar\\\/35a481bbc04bbd90e91bdfa3b0b5541036c222a49b9ad37b6889a2afcb5311a5?s=96&d=mm&r=g\",\"caption\":\"BECA 2 CDE\"},\"sameAs\":[\"http:\\\/\\\/www.cdealmeria.com\"]}]}<\/script>\n<!-- \/ Yoast SEO plugin. -->","yoast_head_json":{"title":"Commission proposes strengthening Eurojust's mandate to collect and preserve war crimes evidence | CDE Almer\u00eda - Centro de Documentaci\u00f3n Europea - Universidad de Almer\u00eda","robots":{"index":"index","follow":"follow","max-snippet":"max-snippet:-1","max-image-preview":"max-image-preview:large","max-video-preview":"max-video-preview:-1"},"canonical":"https:\/\/www.cde.ual.es\/en\/commission-proposes-strengthening-eurojusts-mandate-to-collect-and-preserve-war-crimes-evidence\/","og_locale":"en_US","og_type":"article","og_title":"Commission proposes strengthening Eurojust's mandate to collect and preserve war crimes evidence | CDE Almer\u00eda - Centro de Documentaci\u00f3n Europea - Universidad de Almer\u00eda","og_description":"25th April the Commission proposed to amend the Eurojust Regulation to give the Agency the legal possibility to collect, preserve and share evidence on war crimes. Due to the ongoing conflict, it is difficult to store and preserve evidence securely in Ukraine. To ensure accountability for the crimes committed in Ukraine, it is crucial to [&hellip;]","og_url":"https:\/\/www.cde.ual.es\/en\/commission-proposes-strengthening-eurojusts-mandate-to-collect-and-preserve-war-crimes-evidence\/","og_site_name":"CDE Almer\u00eda - Centro de Documentaci\u00f3n Europea - Universidad de Almer\u00eda","article_publisher":"https:\/\/www.facebook.com\/cdeuniversidadalmeria\/","article_published_time":"2022-04-28T08:14:52+00:00","og_image":[{"width":1920,"height":1279,"url":"https:\/\/www.cde.ual.es\/wp-content\/uploads\/2022\/04\/belgium-ge7009b412_1920.jpg","type":"image\/jpeg"}],"author":"BECA 2 CDE","twitter_card":"summary_large_image","twitter_creator":"@cdeualmeria","twitter_site":"@cdeualmeria","twitter_misc":{"Written by":"BECA 2 CDE","Est. reading time":"3 minutes"},"schema":{"@context":"https:\/\/schema.org","@graph":[{"@type":"Article","@id":"https:\/\/www.cde.ual.es\/en\/commission-proposes-strengthening-eurojusts-mandate-to-collect-and-preserve-war-crimes-evidence\/#article","isPartOf":{"@id":"https:\/\/www.cde.ual.es\/en\/commission-proposes-strengthening-eurojusts-mandate-to-collect-and-preserve-war-crimes-evidence\/"},"author":{"name":"BECA 2 CDE","@id":"https:\/\/www.cde.ual.es\/#\/schema\/person\/ee46ebc19edfa19598c02cff83335acc"},"headline":"Commission proposes strengthening Eurojust&#8217;s mandate to collect and preserve war crimes evidence","datePublished":"2022-04-28T08:14:52+00:00","mainEntityOfPage":{"@id":"https:\/\/www.cde.ual.es\/en\/commission-proposes-strengthening-eurojusts-mandate-to-collect-and-preserve-war-crimes-evidence\/"},"wordCount":550,"commentCount":0,"publisher":{"@id":"https:\/\/www.cde.ual.es\/#organization"},"image":{"@id":"https:\/\/www.cde.ual.es\/en\/commission-proposes-strengthening-eurojusts-mandate-to-collect-and-preserve-war-crimes-evidence\/#primaryimage"},"thumbnailUrl":"https:\/\/www.cde.ual.es\/wp-content\/uploads\/2022\/04\/belgium-ge7009b412_1920.jpg","keywords":["Comission","crimes war","Eurojust","parlament","russia","ukraine"],"articleSection":["Defence &amp; Security","EU News","International Safety and Defence Politics"],"inLanguage":"en-US","potentialAction":[{"@type":"CommentAction","name":"Comment","target":["https:\/\/www.cde.ual.es\/en\/commission-proposes-strengthening-eurojusts-mandate-to-collect-and-preserve-war-crimes-evidence\/#respond"]}]},{"@type":"WebPage","@id":"https:\/\/www.cde.ual.es\/en\/commission-proposes-strengthening-eurojusts-mandate-to-collect-and-preserve-war-crimes-evidence\/","url":"https:\/\/www.cde.ual.es\/en\/commission-proposes-strengthening-eurojusts-mandate-to-collect-and-preserve-war-crimes-evidence\/","name":"Commission proposes strengthening Eurojust's mandate to collect and preserve war crimes evidence | CDE Almer\u00eda - Centro de Documentaci\u00f3n Europea - Universidad de Almer\u00eda","isPartOf":{"@id":"https:\/\/www.cde.ual.es\/#website"},"primaryImageOfPage":{"@id":"https:\/\/www.cde.ual.es\/en\/commission-proposes-strengthening-eurojusts-mandate-to-collect-and-preserve-war-crimes-evidence\/#primaryimage"},"image":{"@id":"https:\/\/www.cde.ual.es\/en\/commission-proposes-strengthening-eurojusts-mandate-to-collect-and-preserve-war-crimes-evidence\/#primaryimage"},"thumbnailUrl":"https:\/\/www.cde.ual.es\/wp-content\/uploads\/2022\/04\/belgium-ge7009b412_1920.jpg","datePublished":"2022-04-28T08:14:52+00:00","breadcrumb":{"@id":"https:\/\/www.cde.ual.es\/en\/commission-proposes-strengthening-eurojusts-mandate-to-collect-and-preserve-war-crimes-evidence\/#breadcrumb"},"inLanguage":"en-US","potentialAction":[{"@type":"ReadAction","target":["https:\/\/www.cde.ual.es\/en\/commission-proposes-strengthening-eurojusts-mandate-to-collect-and-preserve-war-crimes-evidence\/"]}]},{"@type":"ImageObject","inLanguage":"en-US","@id":"https:\/\/www.cde.ual.es\/en\/commission-proposes-strengthening-eurojusts-mandate-to-collect-and-preserve-war-crimes-evidence\/#primaryimage","url":"https:\/\/www.cde.ual.es\/wp-content\/uploads\/2022\/04\/belgium-ge7009b412_1920.jpg","contentUrl":"https:\/\/www.cde.ual.es\/wp-content\/uploads\/2022\/04\/belgium-ge7009b412_1920.jpg","width":1920,"height":1279},{"@type":"BreadcrumbList","@id":"https:\/\/www.cde.ual.es\/en\/commission-proposes-strengthening-eurojusts-mandate-to-collect-and-preserve-war-crimes-evidence\/#breadcrumb","itemListElement":[{"@type":"ListItem","position":1,"name":"Inicio","item":"https:\/\/www.cde.ual.es\/en\/"},{"@type":"ListItem","position":2,"name":"EU News","item":"https:\/\/www.cde.ual.es\/en\/category\/eu-news\/"},{"@type":"ListItem","position":3,"name":"Defence &amp; Security","item":"https:\/\/www.cde.ual.es\/en\/category\/eu-news\/defence-security\/"},{"@type":"ListItem","position":4,"name":"International Safety and Defence Politics","item":"https:\/\/www.cde.ual.es\/en\/category\/eu-news\/defence-security\/internat-safety-pol\/"},{"@type":"ListItem","position":5,"name":"Commission proposes strengthening Eurojust&#8217;s mandate to collect and preserve war crimes evidence"}]},{"@type":"WebSite","@id":"https:\/\/www.cde.ual.es\/#website","url":"https:\/\/www.cde.ual.es\/","name":"CDE Almer\u00eda - Centro de Documentaci\u00f3n Europea - Universidad de Almer\u00eda","description":"Centro de Documentaci\u00f3n Europea de la Universidad de Almer\u00eda","publisher":{"@id":"https:\/\/www.cde.ual.es\/#organization"},"alternateName":"CDE Almer\u00eda","potentialAction":[{"@type":"SearchAction","target":{"@type":"EntryPoint","urlTemplate":"https:\/\/www.cde.ual.es\/?s={search_term_string}"},"query-input":{"@type":"PropertyValueSpecification","valueRequired":true,"valueName":"search_term_string"}}],"inLanguage":"en-US"},{"@type":"Organization","@id":"https:\/\/www.cde.ual.es\/#organization","name":"Centro de Documentaci\u00f3n Europea de Almer\u00eda","url":"https:\/\/www.cde.ual.es\/","logo":{"@type":"ImageObject","inLanguage":"en-US","@id":"https:\/\/www.cde.ual.es\/#\/schema\/logo\/image\/","url":"https:\/\/www.cde.ual.es\/wp-content\/uploads\/2025\/07\/cde-logo-3.png","contentUrl":"https:\/\/www.cde.ual.es\/wp-content\/uploads\/2025\/07\/cde-logo-3.png","width":1400,"height":300,"caption":"Centro de Documentaci\u00f3n Europea de Almer\u00eda"},"image":{"@id":"https:\/\/www.cde.ual.es\/#\/schema\/logo\/image\/"},"sameAs":["https:\/\/www.facebook.com\/cdeuniversidadalmeria\/","https:\/\/x.com\/cdeualmeria","https:\/\/www.tiktok.com\/@cdealmeria","https:\/\/www.instagram.com\/cdealmeria\/","https:\/\/www.linkedin.com\/in\/cde-almera-812b26a9\/"]},{"@type":"Person","@id":"https:\/\/www.cde.ual.es\/#\/schema\/person\/ee46ebc19edfa19598c02cff83335acc","name":"BECA 2 CDE","image":{"@type":"ImageObject","inLanguage":"en-US","@id":"https:\/\/secure.gravatar.com\/avatar\/35a481bbc04bbd90e91bdfa3b0b5541036c222a49b9ad37b6889a2afcb5311a5?s=96&d=mm&r=g","url":"https:\/\/secure.gravatar.com\/avatar\/35a481bbc04bbd90e91bdfa3b0b5541036c222a49b9ad37b6889a2afcb5311a5?s=96&d=mm&r=g","contentUrl":"https:\/\/secure.gravatar.com\/avatar\/35a481bbc04bbd90e91bdfa3b0b5541036c222a49b9ad37b6889a2afcb5311a5?s=96&d=mm&r=g","caption":"BECA 2 CDE"},"sameAs":["http:\/\/www.cdealmeria.com"]}]}},"_links":{"self":[{"href":"https:\/\/www.cde.ual.es\/en\/wp-json\/wp\/v2\/posts\/104498","targetHints":{"allow":["GET"]}}],"collection":[{"href":"https:\/\/www.cde.ual.es\/en\/wp-json\/wp\/v2\/posts"}],"about":[{"href":"https:\/\/www.cde.ual.es\/en\/wp-json\/wp\/v2\/types\/post"}],"author":[{"embeddable":true,"href":"https:\/\/www.cde.ual.es\/en\/wp-json\/wp\/v2\/users\/101011"}],"replies":[{"embeddable":true,"href":"https:\/\/www.cde.ual.es\/en\/wp-json\/wp\/v2\/comments?post=104498"}],"version-history":[{"count":0,"href":"https:\/\/www.cde.ual.es\/en\/wp-json\/wp\/v2\/posts\/104498\/revisions"}],"wp:featuredmedia":[{"embeddable":true,"href":"https:\/\/www.cde.ual.es\/en\/wp-json\/wp\/v2\/media\/104489"}],"wp:attachment":[{"href":"https:\/\/www.cde.ual.es\/en\/wp-json\/wp\/v2\/media?parent=104498"}],"wp:term":[{"taxonomy":"category","embeddable":true,"href":"https:\/\/www.cde.ual.es\/en\/wp-json\/wp\/v2\/categories?post=104498"},{"taxonomy":"post_tag","embeddable":true,"href":"https:\/\/www.cde.ual.es\/en\/wp-json\/wp\/v2\/tags?post=104498"}],"curies":[{"name":"wp","href":"https:\/\/api.w.org\/{rel}","templated":true}]}}