{"id":104252,"date":"2022-04-27T10:12:21","date_gmt":"2022-04-27T08:12:21","guid":{"rendered":"https:\/\/www.cde.ual.es\/?p=104252"},"modified":"2022-04-27T10:12:21","modified_gmt":"2022-04-27T08:12:21","slug":"josep-borrell-on-the-alignment-of-certain-countries-to-restrictive-measures-in-response-to-the-recognition-of-the-areas-of-the-donetsk-and-luhansk-provinces-of-ukraine","status":"publish","type":"post","link":"https:\/\/www.cde.ual.es\/en\/josep-borrell-on-the-alignment-of-certain-countries-to-restrictive-measures-in-response-to-the-recognition-of-the-areas-of-the-donetsk-and-luhansk-provinces-of-ukraine\/","title":{"rendered":"Josep Borrell on the alignment of certain countries to restrictive measures in response to the recognition of the areas of the Donetsk and Luhansk provinces of Ukraine"},"content":{"rendered":"<p>Declaration by the High Representative on behalf of the EU on the alignment of certain countries concerning restrictive measures in response to the recognition of the non-government controlled areas of the Donetsk and Luhansk oblasts of Ukraine and the ordering of Russian armed forces into those areas<\/p>\n<p><a href=\"https:\/\/www.cde.ual.es\/wp-content\/uploads\/2022\/04\/ucrania-banderas-scaled.jpg\"><img decoding=\"async\" class=\"size-full wp-image-104249 aligncenter\" src=\"https:\/\/www.cde.ual.es\/wp-content\/uploads\/2022\/04\/ucrania-banderas-scaled.jpg\" alt=\"\" width=\"2560\" height=\"1706\" srcset=\"https:\/\/www.cde.ual.es\/wp-content\/uploads\/2022\/04\/ucrania-banderas-scaled.jpg 2560w, https:\/\/www.cde.ual.es\/wp-content\/uploads\/2022\/04\/ucrania-banderas-300x200.jpg 300w, https:\/\/www.cde.ual.es\/wp-content\/uploads\/2022\/04\/ucrania-banderas-1024x683.jpg 1024w, https:\/\/www.cde.ual.es\/wp-content\/uploads\/2022\/04\/ucrania-banderas-768x512.jpg 768w, https:\/\/www.cde.ual.es\/wp-content\/uploads\/2022\/04\/ucrania-banderas-1536x1024.jpg 1536w, https:\/\/www.cde.ual.es\/wp-content\/uploads\/2022\/04\/ucrania-banderas-2048x1365.jpg 2048w\" sizes=\"(max-width: 2560px) 100vw, 2560px\" \/><\/a><\/p>\n<p>On 13 April 2022, the Council adopted Council Decision (CFSP) 2022\/6281.<\/p>\n<p>The Council decided to introduce certain exceptions to the restrictions on trade in goods and technology for use in certain sectors, the provision of certain services and assistance related to those goods and technology, and the provision of services related to infrastructure in certain sectors, under Decision (CFSP) 2022\/266, where necessary for exclusively humanitarian purposes in the non- government-controlled areas of the Donetsk and Luhansk oblasts of Ukraine.<\/p>\n<table style=\"width: 99.9988%; border-collapse: collapse; border-style: double; border-color: #001f7d;\" cellpadding=\"0,5\">\n<tbody>\n<tr>\n<td style=\"width: 100%;\"><a href=\"https:\/\/www.cde.ual.es\/en\/josep-borrell-on-the-accession-of-certain-countries-to-the-restrictive-measures-taken-in-respect-of-actions-threatening-the-integrity-and-independence-of-ukraine\/\" target=\"_blank\" rel=\"noopener\"><img decoding=\"async\" class=\"alignleft\" src=\"https:\/\/www.cde.ual.es\/wp-content\/uploads\/2022\/03\/josep-borrell-debate-parlamento-europeo_98.webp\" alt=\"\" width=\"201\" height=\"134\" \/><\/a><\/p>\n<h4 class=\"entry-title\"><a href=\"https:\/\/www.cde.ual.es\/en\/josep-borrell-on-the-accession-of-certain-countries-to-the-restrictive-measures-taken-in-respect-of-actions-threatening-the-integrity-and-independence-of-ukraine\/\" target=\"_blank\" rel=\"noopener\">Josep Borrell on the alignment of certain countries to the restrictive measures taken in respect of actions threatening the integrity and independence of Ukraine<br \/>\n<\/a><\/h4>\n<\/td>\n<\/tr>\n<\/tbody>\n<\/table>\n<p>&nbsp;<\/p>\n<p>The Candidate Countries North Macedonia, Montenegro and Albania<sup>2<\/sup>, the country of the Stabilisation and Association Process and potential candidate Bosnia and Herzegovina, and the EFTA countries Iceland, Liechtenstein and Norway, members of the European Economic Area, as well as Ukraine and Georgia align themselves with this Council Decision<strong>.<\/strong><\/p>\n<p>They will ensure that their national policies conform to this Council Decision.<\/p>\n<p>The European Union takes note of this commitment and welcomes it.<\/p>\n<hr \/>\n<p><sup>1<\/sup>Published on 13.04.2022 in the Official Journal of the European Union no. L 116, p. 08.<\/p>\n<p><sup>2<\/sup>North Macedonia, Montenegro and Albania continue to be part of the Stabilisation and Association Process.<\/p>\n<p><strong>Source: <a href=\"https:\/\/www.consilium.europa.eu\/es\/press\/press-releases\/2022\/04\/25\/declaration-by-the-high-representative-on-behalf-of-the-eu-on-the-alignment-of-certain-countries-concerning-restrictive-measures-in-response-to-the-recognition-of-the-non-government-controlled-areas-of-the-donetsk-and-luhansk-oblasts-of-ukr\/\" target=\"_blank\" rel=\"noopener\">European Council &#8211; Press release<\/a><\/strong><\/p>\n","protected":false},"excerpt":{"rendered":"<p>Declaration by the High Representative on behalf of the EU on the alignment of certain countries concerning restrictive measures in response to the recognition of the non-government controlled areas of the Donetsk and Luhansk oblasts of Ukraine and the ordering of Russian armed forces into those areas On 13 April 2022, the Council adopted Council [&hellip;]<\/p>\n","protected":false},"author":101011,"featured_media":104250,"comment_status":"open","ping_status":"open","sticky":false,"template":"","format":"standard","meta":{"_acf_changed":false,"_relevanssi_hide_post":"","_relevanssi_hide_content":"","_relevanssi_pin_for_all":"","_relevanssi_pin_keywords":"","_relevanssi_unpin_keywords":"","_relevanssi_related_keywords":"","_relevanssi_related_include_ids":"","_relevanssi_related_exclude_ids":"","_relevanssi_related_no_append":"","_relevanssi_related_not_related":"","_relevanssi_related_posts":"","_relevanssi_noindex_reason":"","_monsterinsights_skip_tracking":false,"_monsterinsights_sitenote_active":false,"_monsterinsights_sitenote_note":"","_monsterinsights_sitenote_category":0,"_genesis_hide_title":false,"_genesis_hide_breadcrumbs":false,"_genesis_hide_singular_image":false,"_genesis_hide_footer_widgets":false,"_genesis_custom_body_class":"","_genesis_custom_post_class":"","_genesis_layout":"","footnotes":""},"categories":[4075,346,4078],"tags":[5613,368,5614,5005],"class_list":{"0":"post-104252","1":"post","2":"type-post","3":"status-publish","4":"format-standard","5":"has-post-thumbnail","7":"category-defence-security","8":"category-eu-news","9":"category-internat-safety-pol","10":"tag-donetsk","11":"tag-european-union","12":"tag-luhansk","13":"tag-ukraine","14":"entry"},"acf":[],"yoast_head":"<!-- This site is optimized with the Yoast SEO plugin v27.4 - https:\/\/yoast.com\/product\/yoast-seo-wordpress\/ -->\n<title>Josep Borrell on the alignment of certain countries to restrictive measures in response to the recognition of the areas of the Donetsk and Luhansk provinces of Ukraine | CDE Almer\u00eda - Centro de Documentaci\u00f3n Europea - Universidad de Almer\u00eda<\/title>\n<meta name=\"robots\" content=\"index, follow, max-snippet:-1, max-image-preview:large, max-video-preview:-1\" \/>\n<link rel=\"canonical\" href=\"https:\/\/www.cde.ual.es\/en\/josep-borrell-on-the-alignment-of-certain-countries-to-restrictive-measures-in-response-to-the-recognition-of-the-areas-of-the-donetsk-and-luhansk-provinces-of-ukraine\/\" \/>\n<meta property=\"og:locale\" content=\"en_US\" \/>\n<meta property=\"og:type\" content=\"article\" \/>\n<meta property=\"og:title\" content=\"Josep Borrell on the alignment of certain countries to restrictive measures in response to the recognition of the areas of the Donetsk and Luhansk provinces of Ukraine | CDE Almer\u00eda - Centro de Documentaci\u00f3n Europea - Universidad de Almer\u00eda\" \/>\n<meta property=\"og:description\" content=\"Declaration by the High Representative on behalf of the EU on the alignment of certain countries concerning restrictive measures in response to the recognition of the non-government controlled areas of the Donetsk and Luhansk oblasts of Ukraine and the ordering of Russian armed forces into those areas On 13 April 2022, the Council adopted Council [&hellip;]\" \/>\n<meta property=\"og:url\" content=\"https:\/\/www.cde.ual.es\/en\/josep-borrell-on-the-alignment-of-certain-countries-to-restrictive-measures-in-response-to-the-recognition-of-the-areas-of-the-donetsk-and-luhansk-provinces-of-ukraine\/\" \/>\n<meta property=\"og:site_name\" content=\"CDE Almer\u00eda - Centro de Documentaci\u00f3n Europea - Universidad de Almer\u00eda\" \/>\n<meta property=\"article:publisher\" content=\"https:\/\/www.facebook.com\/cdeuniversidadalmeria\/\" \/>\n<meta property=\"article:published_time\" content=\"2022-04-27T08:12:21+00:00\" \/>\n<meta property=\"og:image\" content=\"https:\/\/www.cde.ual.es\/wp-content\/uploads\/2022\/04\/ucrania-banderas-scaled.jpg\" \/>\n\t<meta property=\"og:image:width\" content=\"2560\" \/>\n\t<meta property=\"og:image:height\" content=\"1706\" \/>\n\t<meta property=\"og:image:type\" content=\"image\/jpeg\" \/>\n<meta name=\"author\" content=\"BECA 2 CDE\" \/>\n<meta name=\"twitter:card\" content=\"summary_large_image\" \/>\n<meta name=\"twitter:creator\" content=\"@cdeualmeria\" \/>\n<meta name=\"twitter:site\" content=\"@cdeualmeria\" \/>\n<meta name=\"twitter:label1\" content=\"Written by\" \/>\n\t<meta name=\"twitter:data1\" content=\"BECA 2 CDE\" \/>\n\t<meta name=\"twitter:label2\" content=\"Est. reading time\" \/>\n\t<meta name=\"twitter:data2\" content=\"1 minute\" \/>\n<script type=\"application\/ld+json\" class=\"yoast-schema-graph\">{\"@context\":\"https:\\\/\\\/schema.org\",\"@graph\":[{\"@type\":\"Article\",\"@id\":\"https:\\\/\\\/www.cde.ual.es\\\/en\\\/josep-borrell-on-the-alignment-of-certain-countries-to-restrictive-measures-in-response-to-the-recognition-of-the-areas-of-the-donetsk-and-luhansk-provinces-of-ukraine\\\/#article\",\"isPartOf\":{\"@id\":\"https:\\\/\\\/www.cde.ual.es\\\/en\\\/josep-borrell-on-the-alignment-of-certain-countries-to-restrictive-measures-in-response-to-the-recognition-of-the-areas-of-the-donetsk-and-luhansk-provinces-of-ukraine\\\/\"},\"author\":{\"name\":\"BECA 2 CDE\",\"@id\":\"https:\\\/\\\/www.cde.ual.es\\\/#\\\/schema\\\/person\\\/ee46ebc19edfa19598c02cff83335acc\"},\"headline\":\"Josep Borrell on the alignment of certain countries to restrictive measures in response to the recognition of the areas of the Donetsk and Luhansk provinces of Ukraine\",\"datePublished\":\"2022-04-27T08:12:21+00:00\",\"mainEntityOfPage\":{\"@id\":\"https:\\\/\\\/www.cde.ual.es\\\/en\\\/josep-borrell-on-the-alignment-of-certain-countries-to-restrictive-measures-in-response-to-the-recognition-of-the-areas-of-the-donetsk-and-luhansk-provinces-of-ukraine\\\/\"},\"wordCount\":279,\"commentCount\":0,\"publisher\":{\"@id\":\"https:\\\/\\\/www.cde.ual.es\\\/#organization\"},\"image\":{\"@id\":\"https:\\\/\\\/www.cde.ual.es\\\/en\\\/josep-borrell-on-the-alignment-of-certain-countries-to-restrictive-measures-in-response-to-the-recognition-of-the-areas-of-the-donetsk-and-luhansk-provinces-of-ukraine\\\/#primaryimage\"},\"thumbnailUrl\":\"https:\\\/\\\/www.cde.ual.es\\\/wp-content\\\/uploads\\\/2022\\\/04\\\/ucrania-banderas-scaled.jpg\",\"keywords\":[\"Donetsk\",\"European Union\",\"Luhansk\",\"ukraine\"],\"articleSection\":[\"Defence &amp; Security\",\"EU News\",\"International Safety and Defence Politics\"],\"inLanguage\":\"en-US\",\"potentialAction\":[{\"@type\":\"CommentAction\",\"name\":\"Comment\",\"target\":[\"https:\\\/\\\/www.cde.ual.es\\\/en\\\/josep-borrell-on-the-alignment-of-certain-countries-to-restrictive-measures-in-response-to-the-recognition-of-the-areas-of-the-donetsk-and-luhansk-provinces-of-ukraine\\\/#respond\"]}]},{\"@type\":\"WebPage\",\"@id\":\"https:\\\/\\\/www.cde.ual.es\\\/en\\\/josep-borrell-on-the-alignment-of-certain-countries-to-restrictive-measures-in-response-to-the-recognition-of-the-areas-of-the-donetsk-and-luhansk-provinces-of-ukraine\\\/\",\"url\":\"https:\\\/\\\/www.cde.ual.es\\\/en\\\/josep-borrell-on-the-alignment-of-certain-countries-to-restrictive-measures-in-response-to-the-recognition-of-the-areas-of-the-donetsk-and-luhansk-provinces-of-ukraine\\\/\",\"name\":\"Josep Borrell on the alignment of certain countries to restrictive measures in response to the recognition of the areas of the Donetsk and Luhansk provinces of Ukraine | CDE Almer\u00eda - Centro de Documentaci\u00f3n Europea - Universidad de Almer\u00eda\",\"isPartOf\":{\"@id\":\"https:\\\/\\\/www.cde.ual.es\\\/#website\"},\"primaryImageOfPage\":{\"@id\":\"https:\\\/\\\/www.cde.ual.es\\\/en\\\/josep-borrell-on-the-alignment-of-certain-countries-to-restrictive-measures-in-response-to-the-recognition-of-the-areas-of-the-donetsk-and-luhansk-provinces-of-ukraine\\\/#primaryimage\"},\"image\":{\"@id\":\"https:\\\/\\\/www.cde.ual.es\\\/en\\\/josep-borrell-on-the-alignment-of-certain-countries-to-restrictive-measures-in-response-to-the-recognition-of-the-areas-of-the-donetsk-and-luhansk-provinces-of-ukraine\\\/#primaryimage\"},\"thumbnailUrl\":\"https:\\\/\\\/www.cde.ual.es\\\/wp-content\\\/uploads\\\/2022\\\/04\\\/ucrania-banderas-scaled.jpg\",\"datePublished\":\"2022-04-27T08:12:21+00:00\",\"breadcrumb\":{\"@id\":\"https:\\\/\\\/www.cde.ual.es\\\/en\\\/josep-borrell-on-the-alignment-of-certain-countries-to-restrictive-measures-in-response-to-the-recognition-of-the-areas-of-the-donetsk-and-luhansk-provinces-of-ukraine\\\/#breadcrumb\"},\"inLanguage\":\"en-US\",\"potentialAction\":[{\"@type\":\"ReadAction\",\"target\":[\"https:\\\/\\\/www.cde.ual.es\\\/en\\\/josep-borrell-on-the-alignment-of-certain-countries-to-restrictive-measures-in-response-to-the-recognition-of-the-areas-of-the-donetsk-and-luhansk-provinces-of-ukraine\\\/\"]}]},{\"@type\":\"ImageObject\",\"inLanguage\":\"en-US\",\"@id\":\"https:\\\/\\\/www.cde.ual.es\\\/en\\\/josep-borrell-on-the-alignment-of-certain-countries-to-restrictive-measures-in-response-to-the-recognition-of-the-areas-of-the-donetsk-and-luhansk-provinces-of-ukraine\\\/#primaryimage\",\"url\":\"https:\\\/\\\/www.cde.ual.es\\\/wp-content\\\/uploads\\\/2022\\\/04\\\/ucrania-banderas-scaled.jpg\",\"contentUrl\":\"https:\\\/\\\/www.cde.ual.es\\\/wp-content\\\/uploads\\\/2022\\\/04\\\/ucrania-banderas-scaled.jpg\",\"width\":2560,\"height\":1706},{\"@type\":\"BreadcrumbList\",\"@id\":\"https:\\\/\\\/www.cde.ual.es\\\/en\\\/josep-borrell-on-the-alignment-of-certain-countries-to-restrictive-measures-in-response-to-the-recognition-of-the-areas-of-the-donetsk-and-luhansk-provinces-of-ukraine\\\/#breadcrumb\",\"itemListElement\":[{\"@type\":\"ListItem\",\"position\":1,\"name\":\"Inicio\",\"item\":\"https:\\\/\\\/www.cde.ual.es\\\/en\\\/\"},{\"@type\":\"ListItem\",\"position\":2,\"name\":\"EU News\",\"item\":\"https:\\\/\\\/www.cde.ual.es\\\/en\\\/category\\\/eu-news\\\/\"},{\"@type\":\"ListItem\",\"position\":3,\"name\":\"Defence &amp; Security\",\"item\":\"https:\\\/\\\/www.cde.ual.es\\\/en\\\/category\\\/eu-news\\\/defence-security\\\/\"},{\"@type\":\"ListItem\",\"position\":4,\"name\":\"International Safety and Defence Politics\",\"item\":\"https:\\\/\\\/www.cde.ual.es\\\/en\\\/category\\\/eu-news\\\/defence-security\\\/internat-safety-pol\\\/\"},{\"@type\":\"ListItem\",\"position\":5,\"name\":\"Josep Borrell on the alignment of certain countries to restrictive measures in response to the recognition of the areas of the Donetsk and Luhansk provinces of Ukraine\"}]},{\"@type\":\"WebSite\",\"@id\":\"https:\\\/\\\/www.cde.ual.es\\\/#website\",\"url\":\"https:\\\/\\\/www.cde.ual.es\\\/\",\"name\":\"CDE Almer\u00eda - Centro de Documentaci\u00f3n Europea - Universidad de Almer\u00eda\",\"description\":\"Centro de Documentaci\u00f3n Europea de la Universidad de Almer\u00eda\",\"publisher\":{\"@id\":\"https:\\\/\\\/www.cde.ual.es\\\/#organization\"},\"alternateName\":\"CDE Almer\u00eda\",\"potentialAction\":[{\"@type\":\"SearchAction\",\"target\":{\"@type\":\"EntryPoint\",\"urlTemplate\":\"https:\\\/\\\/www.cde.ual.es\\\/?s={search_term_string}\"},\"query-input\":{\"@type\":\"PropertyValueSpecification\",\"valueRequired\":true,\"valueName\":\"search_term_string\"}}],\"inLanguage\":\"en-US\"},{\"@type\":\"Organization\",\"@id\":\"https:\\\/\\\/www.cde.ual.es\\\/#organization\",\"name\":\"Centro de Documentaci\u00f3n Europea de Almer\u00eda\",\"url\":\"https:\\\/\\\/www.cde.ual.es\\\/\",\"logo\":{\"@type\":\"ImageObject\",\"inLanguage\":\"en-US\",\"@id\":\"https:\\\/\\\/www.cde.ual.es\\\/#\\\/schema\\\/logo\\\/image\\\/\",\"url\":\"https:\\\/\\\/www.cde.ual.es\\\/wp-content\\\/uploads\\\/2025\\\/07\\\/cde-logo-3.png\",\"contentUrl\":\"https:\\\/\\\/www.cde.ual.es\\\/wp-content\\\/uploads\\\/2025\\\/07\\\/cde-logo-3.png\",\"width\":1400,\"height\":300,\"caption\":\"Centro de Documentaci\u00f3n Europea de Almer\u00eda\"},\"image\":{\"@id\":\"https:\\\/\\\/www.cde.ual.es\\\/#\\\/schema\\\/logo\\\/image\\\/\"},\"sameAs\":[\"https:\\\/\\\/www.facebook.com\\\/cdeuniversidadalmeria\\\/\",\"https:\\\/\\\/x.com\\\/cdeualmeria\",\"https:\\\/\\\/www.tiktok.com\\\/@cdealmeria\",\"https:\\\/\\\/www.instagram.com\\\/cdealmeria\\\/\",\"https:\\\/\\\/www.linkedin.com\\\/in\\\/cde-almera-812b26a9\\\/\"]},{\"@type\":\"Person\",\"@id\":\"https:\\\/\\\/www.cde.ual.es\\\/#\\\/schema\\\/person\\\/ee46ebc19edfa19598c02cff83335acc\",\"name\":\"BECA 2 CDE\",\"image\":{\"@type\":\"ImageObject\",\"inLanguage\":\"en-US\",\"@id\":\"https:\\\/\\\/secure.gravatar.com\\\/avatar\\\/35a481bbc04bbd90e91bdfa3b0b5541036c222a49b9ad37b6889a2afcb5311a5?s=96&d=mm&r=g\",\"url\":\"https:\\\/\\\/secure.gravatar.com\\\/avatar\\\/35a481bbc04bbd90e91bdfa3b0b5541036c222a49b9ad37b6889a2afcb5311a5?s=96&d=mm&r=g\",\"contentUrl\":\"https:\\\/\\\/secure.gravatar.com\\\/avatar\\\/35a481bbc04bbd90e91bdfa3b0b5541036c222a49b9ad37b6889a2afcb5311a5?s=96&d=mm&r=g\",\"caption\":\"BECA 2 CDE\"},\"sameAs\":[\"http:\\\/\\\/www.cdealmeria.com\"]}]}<\/script>\n<!-- \/ Yoast SEO plugin. -->","yoast_head_json":{"title":"Josep Borrell on the alignment of certain countries to restrictive measures in response to the recognition of the areas of the Donetsk and Luhansk provinces of Ukraine | CDE Almer\u00eda - Centro de Documentaci\u00f3n Europea - Universidad de Almer\u00eda","robots":{"index":"index","follow":"follow","max-snippet":"max-snippet:-1","max-image-preview":"max-image-preview:large","max-video-preview":"max-video-preview:-1"},"canonical":"https:\/\/www.cde.ual.es\/en\/josep-borrell-on-the-alignment-of-certain-countries-to-restrictive-measures-in-response-to-the-recognition-of-the-areas-of-the-donetsk-and-luhansk-provinces-of-ukraine\/","og_locale":"en_US","og_type":"article","og_title":"Josep Borrell on the alignment of certain countries to restrictive measures in response to the recognition of the areas of the Donetsk and Luhansk provinces of Ukraine | CDE Almer\u00eda - Centro de Documentaci\u00f3n Europea - Universidad de Almer\u00eda","og_description":"Declaration by the High Representative on behalf of the EU on the alignment of certain countries concerning restrictive measures in response to the recognition of the non-government controlled areas of the Donetsk and Luhansk oblasts of Ukraine and the ordering of Russian armed forces into those areas On 13 April 2022, the Council adopted Council [&hellip;]","og_url":"https:\/\/www.cde.ual.es\/en\/josep-borrell-on-the-alignment-of-certain-countries-to-restrictive-measures-in-response-to-the-recognition-of-the-areas-of-the-donetsk-and-luhansk-provinces-of-ukraine\/","og_site_name":"CDE Almer\u00eda - Centro de Documentaci\u00f3n Europea - Universidad de Almer\u00eda","article_publisher":"https:\/\/www.facebook.com\/cdeuniversidadalmeria\/","article_published_time":"2022-04-27T08:12:21+00:00","og_image":[{"width":2560,"height":1706,"url":"https:\/\/www.cde.ual.es\/wp-content\/uploads\/2022\/04\/ucrania-banderas-scaled.jpg","type":"image\/jpeg"}],"author":"BECA 2 CDE","twitter_card":"summary_large_image","twitter_creator":"@cdeualmeria","twitter_site":"@cdeualmeria","twitter_misc":{"Written by":"BECA 2 CDE","Est. reading time":"1 minute"},"schema":{"@context":"https:\/\/schema.org","@graph":[{"@type":"Article","@id":"https:\/\/www.cde.ual.es\/en\/josep-borrell-on-the-alignment-of-certain-countries-to-restrictive-measures-in-response-to-the-recognition-of-the-areas-of-the-donetsk-and-luhansk-provinces-of-ukraine\/#article","isPartOf":{"@id":"https:\/\/www.cde.ual.es\/en\/josep-borrell-on-the-alignment-of-certain-countries-to-restrictive-measures-in-response-to-the-recognition-of-the-areas-of-the-donetsk-and-luhansk-provinces-of-ukraine\/"},"author":{"name":"BECA 2 CDE","@id":"https:\/\/www.cde.ual.es\/#\/schema\/person\/ee46ebc19edfa19598c02cff83335acc"},"headline":"Josep Borrell on the alignment of certain countries to restrictive measures in response to the recognition of the areas of the Donetsk and Luhansk provinces of Ukraine","datePublished":"2022-04-27T08:12:21+00:00","mainEntityOfPage":{"@id":"https:\/\/www.cde.ual.es\/en\/josep-borrell-on-the-alignment-of-certain-countries-to-restrictive-measures-in-response-to-the-recognition-of-the-areas-of-the-donetsk-and-luhansk-provinces-of-ukraine\/"},"wordCount":279,"commentCount":0,"publisher":{"@id":"https:\/\/www.cde.ual.es\/#organization"},"image":{"@id":"https:\/\/www.cde.ual.es\/en\/josep-borrell-on-the-alignment-of-certain-countries-to-restrictive-measures-in-response-to-the-recognition-of-the-areas-of-the-donetsk-and-luhansk-provinces-of-ukraine\/#primaryimage"},"thumbnailUrl":"https:\/\/www.cde.ual.es\/wp-content\/uploads\/2022\/04\/ucrania-banderas-scaled.jpg","keywords":["Donetsk","European Union","Luhansk","ukraine"],"articleSection":["Defence &amp; Security","EU News","International Safety and Defence Politics"],"inLanguage":"en-US","potentialAction":[{"@type":"CommentAction","name":"Comment","target":["https:\/\/www.cde.ual.es\/en\/josep-borrell-on-the-alignment-of-certain-countries-to-restrictive-measures-in-response-to-the-recognition-of-the-areas-of-the-donetsk-and-luhansk-provinces-of-ukraine\/#respond"]}]},{"@type":"WebPage","@id":"https:\/\/www.cde.ual.es\/en\/josep-borrell-on-the-alignment-of-certain-countries-to-restrictive-measures-in-response-to-the-recognition-of-the-areas-of-the-donetsk-and-luhansk-provinces-of-ukraine\/","url":"https:\/\/www.cde.ual.es\/en\/josep-borrell-on-the-alignment-of-certain-countries-to-restrictive-measures-in-response-to-the-recognition-of-the-areas-of-the-donetsk-and-luhansk-provinces-of-ukraine\/","name":"Josep Borrell on the alignment of certain countries to restrictive measures in response to the recognition of the areas of the Donetsk and Luhansk provinces of Ukraine | CDE Almer\u00eda - Centro de Documentaci\u00f3n Europea - Universidad de Almer\u00eda","isPartOf":{"@id":"https:\/\/www.cde.ual.es\/#website"},"primaryImageOfPage":{"@id":"https:\/\/www.cde.ual.es\/en\/josep-borrell-on-the-alignment-of-certain-countries-to-restrictive-measures-in-response-to-the-recognition-of-the-areas-of-the-donetsk-and-luhansk-provinces-of-ukraine\/#primaryimage"},"image":{"@id":"https:\/\/www.cde.ual.es\/en\/josep-borrell-on-the-alignment-of-certain-countries-to-restrictive-measures-in-response-to-the-recognition-of-the-areas-of-the-donetsk-and-luhansk-provinces-of-ukraine\/#primaryimage"},"thumbnailUrl":"https:\/\/www.cde.ual.es\/wp-content\/uploads\/2022\/04\/ucrania-banderas-scaled.jpg","datePublished":"2022-04-27T08:12:21+00:00","breadcrumb":{"@id":"https:\/\/www.cde.ual.es\/en\/josep-borrell-on-the-alignment-of-certain-countries-to-restrictive-measures-in-response-to-the-recognition-of-the-areas-of-the-donetsk-and-luhansk-provinces-of-ukraine\/#breadcrumb"},"inLanguage":"en-US","potentialAction":[{"@type":"ReadAction","target":["https:\/\/www.cde.ual.es\/en\/josep-borrell-on-the-alignment-of-certain-countries-to-restrictive-measures-in-response-to-the-recognition-of-the-areas-of-the-donetsk-and-luhansk-provinces-of-ukraine\/"]}]},{"@type":"ImageObject","inLanguage":"en-US","@id":"https:\/\/www.cde.ual.es\/en\/josep-borrell-on-the-alignment-of-certain-countries-to-restrictive-measures-in-response-to-the-recognition-of-the-areas-of-the-donetsk-and-luhansk-provinces-of-ukraine\/#primaryimage","url":"https:\/\/www.cde.ual.es\/wp-content\/uploads\/2022\/04\/ucrania-banderas-scaled.jpg","contentUrl":"https:\/\/www.cde.ual.es\/wp-content\/uploads\/2022\/04\/ucrania-banderas-scaled.jpg","width":2560,"height":1706},{"@type":"BreadcrumbList","@id":"https:\/\/www.cde.ual.es\/en\/josep-borrell-on-the-alignment-of-certain-countries-to-restrictive-measures-in-response-to-the-recognition-of-the-areas-of-the-donetsk-and-luhansk-provinces-of-ukraine\/#breadcrumb","itemListElement":[{"@type":"ListItem","position":1,"name":"Inicio","item":"https:\/\/www.cde.ual.es\/en\/"},{"@type":"ListItem","position":2,"name":"EU News","item":"https:\/\/www.cde.ual.es\/en\/category\/eu-news\/"},{"@type":"ListItem","position":3,"name":"Defence &amp; Security","item":"https:\/\/www.cde.ual.es\/en\/category\/eu-news\/defence-security\/"},{"@type":"ListItem","position":4,"name":"International Safety and Defence Politics","item":"https:\/\/www.cde.ual.es\/en\/category\/eu-news\/defence-security\/internat-safety-pol\/"},{"@type":"ListItem","position":5,"name":"Josep Borrell on the alignment of certain countries to restrictive measures in response to the recognition of the areas of the Donetsk and Luhansk provinces of Ukraine"}]},{"@type":"WebSite","@id":"https:\/\/www.cde.ual.es\/#website","url":"https:\/\/www.cde.ual.es\/","name":"CDE Almer\u00eda - Centro de Documentaci\u00f3n Europea - Universidad de Almer\u00eda","description":"Centro de Documentaci\u00f3n Europea de la Universidad de Almer\u00eda","publisher":{"@id":"https:\/\/www.cde.ual.es\/#organization"},"alternateName":"CDE Almer\u00eda","potentialAction":[{"@type":"SearchAction","target":{"@type":"EntryPoint","urlTemplate":"https:\/\/www.cde.ual.es\/?s={search_term_string}"},"query-input":{"@type":"PropertyValueSpecification","valueRequired":true,"valueName":"search_term_string"}}],"inLanguage":"en-US"},{"@type":"Organization","@id":"https:\/\/www.cde.ual.es\/#organization","name":"Centro de Documentaci\u00f3n Europea de Almer\u00eda","url":"https:\/\/www.cde.ual.es\/","logo":{"@type":"ImageObject","inLanguage":"en-US","@id":"https:\/\/www.cde.ual.es\/#\/schema\/logo\/image\/","url":"https:\/\/www.cde.ual.es\/wp-content\/uploads\/2025\/07\/cde-logo-3.png","contentUrl":"https:\/\/www.cde.ual.es\/wp-content\/uploads\/2025\/07\/cde-logo-3.png","width":1400,"height":300,"caption":"Centro de Documentaci\u00f3n Europea de Almer\u00eda"},"image":{"@id":"https:\/\/www.cde.ual.es\/#\/schema\/logo\/image\/"},"sameAs":["https:\/\/www.facebook.com\/cdeuniversidadalmeria\/","https:\/\/x.com\/cdeualmeria","https:\/\/www.tiktok.com\/@cdealmeria","https:\/\/www.instagram.com\/cdealmeria\/","https:\/\/www.linkedin.com\/in\/cde-almera-812b26a9\/"]},{"@type":"Person","@id":"https:\/\/www.cde.ual.es\/#\/schema\/person\/ee46ebc19edfa19598c02cff83335acc","name":"BECA 2 CDE","image":{"@type":"ImageObject","inLanguage":"en-US","@id":"https:\/\/secure.gravatar.com\/avatar\/35a481bbc04bbd90e91bdfa3b0b5541036c222a49b9ad37b6889a2afcb5311a5?s=96&d=mm&r=g","url":"https:\/\/secure.gravatar.com\/avatar\/35a481bbc04bbd90e91bdfa3b0b5541036c222a49b9ad37b6889a2afcb5311a5?s=96&d=mm&r=g","contentUrl":"https:\/\/secure.gravatar.com\/avatar\/35a481bbc04bbd90e91bdfa3b0b5541036c222a49b9ad37b6889a2afcb5311a5?s=96&d=mm&r=g","caption":"BECA 2 CDE"},"sameAs":["http:\/\/www.cdealmeria.com"]}]}},"_links":{"self":[{"href":"https:\/\/www.cde.ual.es\/en\/wp-json\/wp\/v2\/posts\/104252","targetHints":{"allow":["GET"]}}],"collection":[{"href":"https:\/\/www.cde.ual.es\/en\/wp-json\/wp\/v2\/posts"}],"about":[{"href":"https:\/\/www.cde.ual.es\/en\/wp-json\/wp\/v2\/types\/post"}],"author":[{"embeddable":true,"href":"https:\/\/www.cde.ual.es\/en\/wp-json\/wp\/v2\/users\/101011"}],"replies":[{"embeddable":true,"href":"https:\/\/www.cde.ual.es\/en\/wp-json\/wp\/v2\/comments?post=104252"}],"version-history":[{"count":0,"href":"https:\/\/www.cde.ual.es\/en\/wp-json\/wp\/v2\/posts\/104252\/revisions"}],"wp:featuredmedia":[{"embeddable":true,"href":"https:\/\/www.cde.ual.es\/en\/wp-json\/wp\/v2\/media\/104250"}],"wp:attachment":[{"href":"https:\/\/www.cde.ual.es\/en\/wp-json\/wp\/v2\/media?parent=104252"}],"wp:term":[{"taxonomy":"category","embeddable":true,"href":"https:\/\/www.cde.ual.es\/en\/wp-json\/wp\/v2\/categories?post=104252"},{"taxonomy":"post_tag","embeddable":true,"href":"https:\/\/www.cde.ual.es\/en\/wp-json\/wp\/v2\/tags?post=104252"}],"curies":[{"name":"wp","href":"https:\/\/api.w.org\/{rel}","templated":true}]}}