{"id":10419,"date":"2018-12-06T08:00:41","date_gmt":"2018-12-06T07:00:41","guid":{"rendered":"http:\/\/www.cde.ual.es\/?p=10419"},"modified":"2018-12-04T09:12:00","modified_gmt":"2018-12-04T08:12:00","slug":"la-ue-proporciona-ayuda-humanitaria-para-refugiados-y-migrantes-en-bosnia-y-herzegovina","status":"publish","type":"post","link":"https:\/\/www.cde.ual.es\/en\/la-ue-proporciona-ayuda-humanitaria-para-refugiados-y-migrantes-en-bosnia-y-herzegovina\/","title":{"rendered":"La UE proporciona ayuda humanitaria para refugiados y migrantes en Bosnia y Herzegovina"},"content":{"rendered":"<h4 style=\"text-align: center;\"><em>La Comisi\u00f3n Europea ha asignado \u20ac 500,000 adicionales para continuar ayudando a los refugiados y migrantes m\u00e1s vulnerables en Bosnia y Herzegovina.<\/em><\/h4>\n<p><a href=\"http:\/\/www.cde.ual.es\/wp-content\/uploads\/2018\/12\/P034975000201-442789.jpg\"><img decoding=\"async\" class=\"size-medium wp-image-10471 aligncenter\" src=\"http:\/\/www.cde.ual.es\/wp-content\/uploads\/2018\/12\/P034975000201-442789-300x226.jpg\" alt=\"\" width=\"300\" height=\"226\" \/><\/a><\/p>\n<p>&nbsp;<\/p>\n<p>&nbsp;<\/p>\n<p>Esta financiaci\u00f3n adicional eleva la asistencia humanitaria de la UE en los Balcanes Occidentales a 31 millones de euros desde el inicio de la crisis de refugiados en 2015, incluidos 2 millones de euros para Bosnia y Herzegovina en 2018.<\/p>\n<p><em>\u201cLos refugiados y los migrantes contin\u00faan llegando a Bosnia y Herzegovina y la UE se compromete a brindar asistencia humanitaria a los necesitados, apoyando los esfuerzos de las autoridades nacionales y locales. Nuestra ayuda humanitaria proporcionar\u00e1 alimentos, agua, refugio de emergencia, saneamiento, atenci\u00f3n m\u00e9dica y ropa de abrigo &#8220;,<\/em> dijo Christos Stylianides , Comisionado de Ayuda Humanitaria y Gesti\u00f3n de Crisis.<\/p>\n<p>La asistencia humanitaria de la UE se proporciona en lugares como Bihac, Velika Kladusa y Sarajevo.<\/p>\n<h3>Antecedentes<\/h3>\n<p>M\u00e1s de 22,000 refugiados, solicitantes de asilo y migrantes llegaron a Bosnia y Herzegovina en 2018, de los cuales alrededor de 4000 necesitan asistencia humanitaria. Gracias a la financiaci\u00f3n de la UE, la mayor\u00eda de las personas de inter\u00e9s se alojan en las instalaciones de Bihac, Velika Kladusa y cerca de Sarajevo. Sin embargo, se necesita urgentemente alojamiento adicional.<\/p>\n<p>La asistencia de emergencia a corto plazo se complementa con una respuesta a medio plazo de 7,2 millones de euros. Su objetivo es fortalecer las capacidades de gesti\u00f3n migratoria del pa\u00eds y proporcionar alojamiento adecuado y servicios b\u00e1sicos, as\u00ed como proporcionar educaci\u00f3n.<\/p>\n<p>En mayo de 2018, el Consejo de Ministros de Bosnia y Herzegovina solicit\u00f3 oficialmente asistencia a la UE. La Comisi\u00f3n Europea sigue supervisando la situaci\u00f3n y haciendo todo lo posible para mejorar la situaci\u00f3n humanitaria sobre el terreno. Es crucial que las autoridades nacionales y locales proporcionen a los refugiados y migrantes un alojamiento adecuado.<\/p>\n<p>&nbsp;<\/p>\n<h5>M\u00e1s informaci\u00f3n<\/h5>\n<p>Accede a la noticia completa <a href=\"http:\/\/europa.eu\/rapid\/press-release_IP-18-6593_en.htm\">aqu\u00ed<\/a><\/p>\n<p><a href=\"https:\/\/ec.europa.eu\/echo\/where\/europe\/bosnia-and-herzegovina_en\">Ficha informativa &#8211; Ayuda humanitaria de la UE en Bosnia y Herzegovina<\/a><\/p>\n","protected":false},"excerpt":{"rendered":"<p>La Comisi\u00f3n Europea ha asignado \u20ac 500,000 adicionales para continuar ayudando a los refugiados y migrantes m\u00e1s vulnerables en Bosnia y Herzegovina. &nbsp; &nbsp; Esta financiaci\u00f3n adicional eleva la asistencia humanitaria de la UE en los Balcanes Occidentales a 31 millones de euros desde el inicio de la crisis de refugiados en 2015, incluidos 2 [&hellip;]<\/p>\n","protected":false},"author":101011,"featured_media":10471,"comment_status":"open","ping_status":"open","sticky":false,"template":"","format":"standard","meta":{"_acf_changed":false,"_relevanssi_hide_post":"","_relevanssi_hide_content":"","_relevanssi_pin_for_all":"","_relevanssi_pin_keywords":"","_relevanssi_unpin_keywords":"","_relevanssi_related_keywords":"","_relevanssi_related_include_ids":"","_relevanssi_related_exclude_ids":"","_relevanssi_related_no_append":"","_relevanssi_related_not_related":"","_relevanssi_related_posts":"","_relevanssi_noindex_reason":"","_monsterinsights_skip_tracking":false,"_monsterinsights_sitenote_active":false,"_monsterinsights_sitenote_note":"","_monsterinsights_sitenote_category":0,"_genesis_hide_title":false,"_genesis_hide_breadcrumbs":false,"_genesis_hide_singular_image":false,"_genesis_hide_footer_widgets":false,"_genesis_custom_body_class":"","_genesis_custom_post_class":"","_genesis_layout":"","footnotes":""},"categories":[96],"tags":[176,127,183,135],"class_list":{"0":"post-10419","1":"post","2":"type-post","3":"status-publish","4":"format-standard","5":"has-post-thumbnail","7":"category-noticias-ue","8":"tag-ayuda-humanitaria","9":"tag-cooperacion-internacional","10":"tag-migracion","11":"tag-union-europea","12":"entry"},"acf":[],"yoast_head":"<!-- This site is optimized with the Yoast SEO plugin v27.5 - https:\/\/yoast.com\/product\/yoast-seo-wordpress\/ -->\n<title>La UE proporciona ayuda humanitaria para refugiados y migrantes en Bosnia y Herzegovina | CDE Almer\u00eda - Centro de Documentaci\u00f3n Europea - Universidad de Almer\u00eda<\/title>\n<meta name=\"robots\" content=\"index, follow, max-snippet:-1, max-image-preview:large, max-video-preview:-1\" \/>\n<link rel=\"canonical\" href=\"https:\/\/www.cde.ual.es\/la-ue-proporciona-ayuda-humanitaria-para-refugiados-y-migrantes-en-bosnia-y-herzegovina\/\" \/>\n<meta property=\"og:locale\" content=\"en_US\" \/>\n<meta property=\"og:type\" content=\"article\" \/>\n<meta property=\"og:title\" content=\"La UE proporciona ayuda humanitaria para refugiados y migrantes en Bosnia y Herzegovina | CDE Almer\u00eda - Centro de Documentaci\u00f3n Europea - Universidad de Almer\u00eda\" \/>\n<meta property=\"og:description\" content=\"La Comisi\u00f3n Europea ha asignado \u20ac 500,000 adicionales para continuar ayudando a los refugiados y migrantes m\u00e1s vulnerables en Bosnia y Herzegovina. &nbsp; &nbsp; Esta financiaci\u00f3n adicional eleva la asistencia humanitaria de la UE en los Balcanes Occidentales a 31 millones de euros desde el inicio de la crisis de refugiados en 2015, incluidos 2 [&hellip;]\" \/>\n<meta property=\"og:url\" content=\"https:\/\/www.cde.ual.es\/la-ue-proporciona-ayuda-humanitaria-para-refugiados-y-migrantes-en-bosnia-y-herzegovina\/\" \/>\n<meta property=\"og:site_name\" content=\"CDE Almer\u00eda - Centro de Documentaci\u00f3n Europea - Universidad de Almer\u00eda\" \/>\n<meta property=\"article:publisher\" content=\"https:\/\/www.facebook.com\/cdeuniversidadalmeria\/\" \/>\n<meta property=\"article:published_time\" content=\"2018-12-06T07:00:41+00:00\" \/>\n<meta property=\"og:image\" content=\"https:\/\/www.cde.ual.es\/wp-content\/uploads\/2018\/12\/P034975000201-442789-e1543911088306.jpg\" \/>\n\t<meta property=\"og:image:width\" content=\"600\" \/>\n\t<meta property=\"og:image:height\" content=\"452\" \/>\n\t<meta property=\"og:image:type\" content=\"image\/jpeg\" \/>\n<meta name=\"author\" content=\"BECA 2 CDE\" \/>\n<meta name=\"twitter:card\" content=\"summary_large_image\" \/>\n<meta name=\"twitter:creator\" content=\"@cdeualmeria\" \/>\n<meta name=\"twitter:site\" content=\"@cdeualmeria\" \/>\n<meta name=\"twitter:label1\" content=\"Written by\" \/>\n\t<meta name=\"twitter:data1\" content=\"BECA 2 CDE\" \/>\n\t<meta name=\"twitter:label2\" content=\"Est. reading time\" \/>\n\t<meta name=\"twitter:data2\" content=\"2 minutes\" \/>\n<script type=\"application\/ld+json\" class=\"yoast-schema-graph\">{\"@context\":\"https:\\\/\\\/schema.org\",\"@graph\":[{\"@type\":\"Article\",\"@id\":\"https:\\\/\\\/www.cde.ual.es\\\/la-ue-proporciona-ayuda-humanitaria-para-refugiados-y-migrantes-en-bosnia-y-herzegovina\\\/#article\",\"isPartOf\":{\"@id\":\"https:\\\/\\\/www.cde.ual.es\\\/la-ue-proporciona-ayuda-humanitaria-para-refugiados-y-migrantes-en-bosnia-y-herzegovina\\\/\"},\"author\":{\"name\":\"BECA 2 CDE\",\"@id\":\"https:\\\/\\\/www.cde.ual.es\\\/#\\\/schema\\\/person\\\/ee46ebc19edfa19598c02cff83335acc\"},\"headline\":\"La UE proporciona ayuda humanitaria para refugiados y migrantes en Bosnia y Herzegovina\",\"datePublished\":\"2018-12-06T07:00:41+00:00\",\"mainEntityOfPage\":{\"@id\":\"https:\\\/\\\/www.cde.ual.es\\\/la-ue-proporciona-ayuda-humanitaria-para-refugiados-y-migrantes-en-bosnia-y-herzegovina\\\/\"},\"wordCount\":339,\"commentCount\":0,\"publisher\":{\"@id\":\"https:\\\/\\\/www.cde.ual.es\\\/#organization\"},\"image\":{\"@id\":\"https:\\\/\\\/www.cde.ual.es\\\/la-ue-proporciona-ayuda-humanitaria-para-refugiados-y-migrantes-en-bosnia-y-herzegovina\\\/#primaryimage\"},\"thumbnailUrl\":\"https:\\\/\\\/www.cde.ual.es\\\/wp-content\\\/uploads\\\/2018\\\/12\\\/P034975000201-442789-e1543911088306.jpg\",\"keywords\":[\"Ayuda Humanitaria\",\"Cooperaci\u00f3n Internacional\",\"Migraci\u00f3n\",\"Uni\u00f3n Europea\"],\"articleSection\":[\"Noticias UE\"],\"inLanguage\":\"en-US\",\"potentialAction\":[{\"@type\":\"CommentAction\",\"name\":\"Comment\",\"target\":[\"https:\\\/\\\/www.cde.ual.es\\\/la-ue-proporciona-ayuda-humanitaria-para-refugiados-y-migrantes-en-bosnia-y-herzegovina\\\/#respond\"]}]},{\"@type\":\"WebPage\",\"@id\":\"https:\\\/\\\/www.cde.ual.es\\\/la-ue-proporciona-ayuda-humanitaria-para-refugiados-y-migrantes-en-bosnia-y-herzegovina\\\/\",\"url\":\"https:\\\/\\\/www.cde.ual.es\\\/la-ue-proporciona-ayuda-humanitaria-para-refugiados-y-migrantes-en-bosnia-y-herzegovina\\\/\",\"name\":\"La UE proporciona ayuda humanitaria para refugiados y migrantes en Bosnia y Herzegovina | CDE Almer\u00eda - Centro de Documentaci\u00f3n Europea - Universidad de Almer\u00eda\",\"isPartOf\":{\"@id\":\"https:\\\/\\\/www.cde.ual.es\\\/#website\"},\"primaryImageOfPage\":{\"@id\":\"https:\\\/\\\/www.cde.ual.es\\\/la-ue-proporciona-ayuda-humanitaria-para-refugiados-y-migrantes-en-bosnia-y-herzegovina\\\/#primaryimage\"},\"image\":{\"@id\":\"https:\\\/\\\/www.cde.ual.es\\\/la-ue-proporciona-ayuda-humanitaria-para-refugiados-y-migrantes-en-bosnia-y-herzegovina\\\/#primaryimage\"},\"thumbnailUrl\":\"https:\\\/\\\/www.cde.ual.es\\\/wp-content\\\/uploads\\\/2018\\\/12\\\/P034975000201-442789-e1543911088306.jpg\",\"datePublished\":\"2018-12-06T07:00:41+00:00\",\"breadcrumb\":{\"@id\":\"https:\\\/\\\/www.cde.ual.es\\\/la-ue-proporciona-ayuda-humanitaria-para-refugiados-y-migrantes-en-bosnia-y-herzegovina\\\/#breadcrumb\"},\"inLanguage\":\"en-US\",\"potentialAction\":[{\"@type\":\"ReadAction\",\"target\":[\"https:\\\/\\\/www.cde.ual.es\\\/la-ue-proporciona-ayuda-humanitaria-para-refugiados-y-migrantes-en-bosnia-y-herzegovina\\\/\"]}]},{\"@type\":\"ImageObject\",\"inLanguage\":\"en-US\",\"@id\":\"https:\\\/\\\/www.cde.ual.es\\\/la-ue-proporciona-ayuda-humanitaria-para-refugiados-y-migrantes-en-bosnia-y-herzegovina\\\/#primaryimage\",\"url\":\"https:\\\/\\\/www.cde.ual.es\\\/wp-content\\\/uploads\\\/2018\\\/12\\\/P034975000201-442789-e1543911088306.jpg\",\"contentUrl\":\"https:\\\/\\\/www.cde.ual.es\\\/wp-content\\\/uploads\\\/2018\\\/12\\\/P034975000201-442789-e1543911088306.jpg\",\"width\":600,\"height\":452},{\"@type\":\"BreadcrumbList\",\"@id\":\"https:\\\/\\\/www.cde.ual.es\\\/la-ue-proporciona-ayuda-humanitaria-para-refugiados-y-migrantes-en-bosnia-y-herzegovina\\\/#breadcrumb\",\"itemListElement\":[{\"@type\":\"ListItem\",\"position\":1,\"name\":\"Inicio\",\"item\":\"https:\\\/\\\/www.cde.ual.es\\\/en\\\/\"},{\"@type\":\"ListItem\",\"position\":2,\"name\":\"Noticias UE\",\"item\":\"https:\\\/\\\/www.cde.ual.es\\\/category\\\/noticias-ue\\\/\"},{\"@type\":\"ListItem\",\"position\":3,\"name\":\"La UE proporciona ayuda humanitaria para refugiados y migrantes en Bosnia y Herzegovina\"}]},{\"@type\":\"WebSite\",\"@id\":\"https:\\\/\\\/www.cde.ual.es\\\/#website\",\"url\":\"https:\\\/\\\/www.cde.ual.es\\\/\",\"name\":\"CDE Almer\u00eda - Centro de Documentaci\u00f3n Europea - Universidad de Almer\u00eda\",\"description\":\"Centro de Documentaci\u00f3n Europea de la Universidad de Almer\u00eda\",\"publisher\":{\"@id\":\"https:\\\/\\\/www.cde.ual.es\\\/#organization\"},\"alternateName\":\"CDE Almer\u00eda\",\"potentialAction\":[{\"@type\":\"SearchAction\",\"target\":{\"@type\":\"EntryPoint\",\"urlTemplate\":\"https:\\\/\\\/www.cde.ual.es\\\/?s={search_term_string}\"},\"query-input\":{\"@type\":\"PropertyValueSpecification\",\"valueRequired\":true,\"valueName\":\"search_term_string\"}}],\"inLanguage\":\"en-US\"},{\"@type\":\"Organization\",\"@id\":\"https:\\\/\\\/www.cde.ual.es\\\/#organization\",\"name\":\"Centro de Documentaci\u00f3n Europea de Almer\u00eda\",\"url\":\"https:\\\/\\\/www.cde.ual.es\\\/\",\"logo\":{\"@type\":\"ImageObject\",\"inLanguage\":\"en-US\",\"@id\":\"https:\\\/\\\/www.cde.ual.es\\\/#\\\/schema\\\/logo\\\/image\\\/\",\"url\":\"https:\\\/\\\/www.cde.ual.es\\\/wp-content\\\/uploads\\\/2025\\\/07\\\/cde-logo-3.png\",\"contentUrl\":\"https:\\\/\\\/www.cde.ual.es\\\/wp-content\\\/uploads\\\/2025\\\/07\\\/cde-logo-3.png\",\"width\":1400,\"height\":300,\"caption\":\"Centro de Documentaci\u00f3n Europea de Almer\u00eda\"},\"image\":{\"@id\":\"https:\\\/\\\/www.cde.ual.es\\\/#\\\/schema\\\/logo\\\/image\\\/\"},\"sameAs\":[\"https:\\\/\\\/www.facebook.com\\\/cdeuniversidadalmeria\\\/\",\"https:\\\/\\\/x.com\\\/cdeualmeria\",\"https:\\\/\\\/www.tiktok.com\\\/@cdealmeria\",\"https:\\\/\\\/www.instagram.com\\\/cdealmeria\\\/\",\"https:\\\/\\\/www.linkedin.com\\\/in\\\/cde-almera-812b26a9\\\/\"]},{\"@type\":\"Person\",\"@id\":\"https:\\\/\\\/www.cde.ual.es\\\/#\\\/schema\\\/person\\\/ee46ebc19edfa19598c02cff83335acc\",\"name\":\"BECA 2 CDE\",\"image\":{\"@type\":\"ImageObject\",\"inLanguage\":\"en-US\",\"@id\":\"https:\\\/\\\/secure.gravatar.com\\\/avatar\\\/35a481bbc04bbd90e91bdfa3b0b5541036c222a49b9ad37b6889a2afcb5311a5?s=96&d=mm&r=g\",\"url\":\"https:\\\/\\\/secure.gravatar.com\\\/avatar\\\/35a481bbc04bbd90e91bdfa3b0b5541036c222a49b9ad37b6889a2afcb5311a5?s=96&d=mm&r=g\",\"contentUrl\":\"https:\\\/\\\/secure.gravatar.com\\\/avatar\\\/35a481bbc04bbd90e91bdfa3b0b5541036c222a49b9ad37b6889a2afcb5311a5?s=96&d=mm&r=g\",\"caption\":\"BECA 2 CDE\"},\"sameAs\":[\"http:\\\/\\\/www.cdealmeria.com\"]}]}<\/script>\n<!-- \/ Yoast SEO plugin. -->","yoast_head_json":{"title":"La UE proporciona ayuda humanitaria para refugiados y migrantes en Bosnia y Herzegovina | CDE Almer\u00eda - Centro de Documentaci\u00f3n Europea - Universidad de Almer\u00eda","robots":{"index":"index","follow":"follow","max-snippet":"max-snippet:-1","max-image-preview":"max-image-preview:large","max-video-preview":"max-video-preview:-1"},"canonical":"https:\/\/www.cde.ual.es\/la-ue-proporciona-ayuda-humanitaria-para-refugiados-y-migrantes-en-bosnia-y-herzegovina\/","og_locale":"en_US","og_type":"article","og_title":"La UE proporciona ayuda humanitaria para refugiados y migrantes en Bosnia y Herzegovina | CDE Almer\u00eda - Centro de Documentaci\u00f3n Europea - Universidad de Almer\u00eda","og_description":"La Comisi\u00f3n Europea ha asignado \u20ac 500,000 adicionales para continuar ayudando a los refugiados y migrantes m\u00e1s vulnerables en Bosnia y Herzegovina. &nbsp; &nbsp; Esta financiaci\u00f3n adicional eleva la asistencia humanitaria de la UE en los Balcanes Occidentales a 31 millones de euros desde el inicio de la crisis de refugiados en 2015, incluidos 2 [&hellip;]","og_url":"https:\/\/www.cde.ual.es\/la-ue-proporciona-ayuda-humanitaria-para-refugiados-y-migrantes-en-bosnia-y-herzegovina\/","og_site_name":"CDE Almer\u00eda - Centro de Documentaci\u00f3n Europea - Universidad de Almer\u00eda","article_publisher":"https:\/\/www.facebook.com\/cdeuniversidadalmeria\/","article_published_time":"2018-12-06T07:00:41+00:00","og_image":[{"width":600,"height":452,"url":"https:\/\/www.cde.ual.es\/wp-content\/uploads\/2018\/12\/P034975000201-442789-e1543911088306.jpg","type":"image\/jpeg"}],"author":"BECA 2 CDE","twitter_card":"summary_large_image","twitter_creator":"@cdeualmeria","twitter_site":"@cdeualmeria","twitter_misc":{"Written by":"BECA 2 CDE","Est. reading time":"2 minutes"},"schema":{"@context":"https:\/\/schema.org","@graph":[{"@type":"Article","@id":"https:\/\/www.cde.ual.es\/la-ue-proporciona-ayuda-humanitaria-para-refugiados-y-migrantes-en-bosnia-y-herzegovina\/#article","isPartOf":{"@id":"https:\/\/www.cde.ual.es\/la-ue-proporciona-ayuda-humanitaria-para-refugiados-y-migrantes-en-bosnia-y-herzegovina\/"},"author":{"name":"BECA 2 CDE","@id":"https:\/\/www.cde.ual.es\/#\/schema\/person\/ee46ebc19edfa19598c02cff83335acc"},"headline":"La UE proporciona ayuda humanitaria para refugiados y migrantes en Bosnia y Herzegovina","datePublished":"2018-12-06T07:00:41+00:00","mainEntityOfPage":{"@id":"https:\/\/www.cde.ual.es\/la-ue-proporciona-ayuda-humanitaria-para-refugiados-y-migrantes-en-bosnia-y-herzegovina\/"},"wordCount":339,"commentCount":0,"publisher":{"@id":"https:\/\/www.cde.ual.es\/#organization"},"image":{"@id":"https:\/\/www.cde.ual.es\/la-ue-proporciona-ayuda-humanitaria-para-refugiados-y-migrantes-en-bosnia-y-herzegovina\/#primaryimage"},"thumbnailUrl":"https:\/\/www.cde.ual.es\/wp-content\/uploads\/2018\/12\/P034975000201-442789-e1543911088306.jpg","keywords":["Ayuda Humanitaria","Cooperaci\u00f3n Internacional","Migraci\u00f3n","Uni\u00f3n Europea"],"articleSection":["Noticias UE"],"inLanguage":"en-US","potentialAction":[{"@type":"CommentAction","name":"Comment","target":["https:\/\/www.cde.ual.es\/la-ue-proporciona-ayuda-humanitaria-para-refugiados-y-migrantes-en-bosnia-y-herzegovina\/#respond"]}]},{"@type":"WebPage","@id":"https:\/\/www.cde.ual.es\/la-ue-proporciona-ayuda-humanitaria-para-refugiados-y-migrantes-en-bosnia-y-herzegovina\/","url":"https:\/\/www.cde.ual.es\/la-ue-proporciona-ayuda-humanitaria-para-refugiados-y-migrantes-en-bosnia-y-herzegovina\/","name":"La UE proporciona ayuda humanitaria para refugiados y migrantes en Bosnia y Herzegovina | CDE Almer\u00eda - Centro de Documentaci\u00f3n Europea - Universidad de Almer\u00eda","isPartOf":{"@id":"https:\/\/www.cde.ual.es\/#website"},"primaryImageOfPage":{"@id":"https:\/\/www.cde.ual.es\/la-ue-proporciona-ayuda-humanitaria-para-refugiados-y-migrantes-en-bosnia-y-herzegovina\/#primaryimage"},"image":{"@id":"https:\/\/www.cde.ual.es\/la-ue-proporciona-ayuda-humanitaria-para-refugiados-y-migrantes-en-bosnia-y-herzegovina\/#primaryimage"},"thumbnailUrl":"https:\/\/www.cde.ual.es\/wp-content\/uploads\/2018\/12\/P034975000201-442789-e1543911088306.jpg","datePublished":"2018-12-06T07:00:41+00:00","breadcrumb":{"@id":"https:\/\/www.cde.ual.es\/la-ue-proporciona-ayuda-humanitaria-para-refugiados-y-migrantes-en-bosnia-y-herzegovina\/#breadcrumb"},"inLanguage":"en-US","potentialAction":[{"@type":"ReadAction","target":["https:\/\/www.cde.ual.es\/la-ue-proporciona-ayuda-humanitaria-para-refugiados-y-migrantes-en-bosnia-y-herzegovina\/"]}]},{"@type":"ImageObject","inLanguage":"en-US","@id":"https:\/\/www.cde.ual.es\/la-ue-proporciona-ayuda-humanitaria-para-refugiados-y-migrantes-en-bosnia-y-herzegovina\/#primaryimage","url":"https:\/\/www.cde.ual.es\/wp-content\/uploads\/2018\/12\/P034975000201-442789-e1543911088306.jpg","contentUrl":"https:\/\/www.cde.ual.es\/wp-content\/uploads\/2018\/12\/P034975000201-442789-e1543911088306.jpg","width":600,"height":452},{"@type":"BreadcrumbList","@id":"https:\/\/www.cde.ual.es\/la-ue-proporciona-ayuda-humanitaria-para-refugiados-y-migrantes-en-bosnia-y-herzegovina\/#breadcrumb","itemListElement":[{"@type":"ListItem","position":1,"name":"Inicio","item":"https:\/\/www.cde.ual.es\/en\/"},{"@type":"ListItem","position":2,"name":"Noticias UE","item":"https:\/\/www.cde.ual.es\/category\/noticias-ue\/"},{"@type":"ListItem","position":3,"name":"La UE proporciona ayuda humanitaria para refugiados y migrantes en Bosnia y Herzegovina"}]},{"@type":"WebSite","@id":"https:\/\/www.cde.ual.es\/#website","url":"https:\/\/www.cde.ual.es\/","name":"CDE Almer\u00eda - Centro de Documentaci\u00f3n Europea - Universidad de Almer\u00eda","description":"Centro de Documentaci\u00f3n Europea de la Universidad de Almer\u00eda","publisher":{"@id":"https:\/\/www.cde.ual.es\/#organization"},"alternateName":"CDE Almer\u00eda","potentialAction":[{"@type":"SearchAction","target":{"@type":"EntryPoint","urlTemplate":"https:\/\/www.cde.ual.es\/?s={search_term_string}"},"query-input":{"@type":"PropertyValueSpecification","valueRequired":true,"valueName":"search_term_string"}}],"inLanguage":"en-US"},{"@type":"Organization","@id":"https:\/\/www.cde.ual.es\/#organization","name":"Centro de Documentaci\u00f3n Europea de Almer\u00eda","url":"https:\/\/www.cde.ual.es\/","logo":{"@type":"ImageObject","inLanguage":"en-US","@id":"https:\/\/www.cde.ual.es\/#\/schema\/logo\/image\/","url":"https:\/\/www.cde.ual.es\/wp-content\/uploads\/2025\/07\/cde-logo-3.png","contentUrl":"https:\/\/www.cde.ual.es\/wp-content\/uploads\/2025\/07\/cde-logo-3.png","width":1400,"height":300,"caption":"Centro de Documentaci\u00f3n Europea de Almer\u00eda"},"image":{"@id":"https:\/\/www.cde.ual.es\/#\/schema\/logo\/image\/"},"sameAs":["https:\/\/www.facebook.com\/cdeuniversidadalmeria\/","https:\/\/x.com\/cdeualmeria","https:\/\/www.tiktok.com\/@cdealmeria","https:\/\/www.instagram.com\/cdealmeria\/","https:\/\/www.linkedin.com\/in\/cde-almera-812b26a9\/"]},{"@type":"Person","@id":"https:\/\/www.cde.ual.es\/#\/schema\/person\/ee46ebc19edfa19598c02cff83335acc","name":"BECA 2 CDE","image":{"@type":"ImageObject","inLanguage":"en-US","@id":"https:\/\/secure.gravatar.com\/avatar\/35a481bbc04bbd90e91bdfa3b0b5541036c222a49b9ad37b6889a2afcb5311a5?s=96&d=mm&r=g","url":"https:\/\/secure.gravatar.com\/avatar\/35a481bbc04bbd90e91bdfa3b0b5541036c222a49b9ad37b6889a2afcb5311a5?s=96&d=mm&r=g","contentUrl":"https:\/\/secure.gravatar.com\/avatar\/35a481bbc04bbd90e91bdfa3b0b5541036c222a49b9ad37b6889a2afcb5311a5?s=96&d=mm&r=g","caption":"BECA 2 CDE"},"sameAs":["http:\/\/www.cdealmeria.com"]}]}},"_links":{"self":[{"href":"https:\/\/www.cde.ual.es\/en\/wp-json\/wp\/v2\/posts\/10419","targetHints":{"allow":["GET"]}}],"collection":[{"href":"https:\/\/www.cde.ual.es\/en\/wp-json\/wp\/v2\/posts"}],"about":[{"href":"https:\/\/www.cde.ual.es\/en\/wp-json\/wp\/v2\/types\/post"}],"author":[{"embeddable":true,"href":"https:\/\/www.cde.ual.es\/en\/wp-json\/wp\/v2\/users\/101011"}],"replies":[{"embeddable":true,"href":"https:\/\/www.cde.ual.es\/en\/wp-json\/wp\/v2\/comments?post=10419"}],"version-history":[{"count":0,"href":"https:\/\/www.cde.ual.es\/en\/wp-json\/wp\/v2\/posts\/10419\/revisions"}],"wp:featuredmedia":[{"embeddable":true,"href":"https:\/\/www.cde.ual.es\/en\/wp-json\/wp\/v2\/media\/10471"}],"wp:attachment":[{"href":"https:\/\/www.cde.ual.es\/en\/wp-json\/wp\/v2\/media?parent=10419"}],"wp:term":[{"taxonomy":"category","embeddable":true,"href":"https:\/\/www.cde.ual.es\/en\/wp-json\/wp\/v2\/categories?post=10419"},{"taxonomy":"post_tag","embeddable":true,"href":"https:\/\/www.cde.ual.es\/en\/wp-json\/wp\/v2\/tags?post=10419"}],"curies":[{"name":"wp","href":"https:\/\/api.w.org\/{rel}","templated":true}]}}