{"id":10379,"date":"2018-11-30T08:05:20","date_gmt":"2018-11-30T07:05:20","guid":{"rendered":"http:\/\/www.cde.ual.es\/?p=10379"},"modified":"2018-11-29T13:57:41","modified_gmt":"2018-11-29T12:57:41","slug":"la-comision-europea-declara-inadmisible-una-solicitud-de-referendum-europeo-sobre-la-salida-o-no-del-reino-unido","status":"publish","type":"post","link":"https:\/\/www.cde.ual.es\/en\/la-comision-europea-declara-inadmisible-una-solicitud-de-referendum-europeo-sobre-la-salida-o-no-del-reino-unido\/","title":{"rendered":"La Comisi\u00f3n Europea declara inadmisible una solicitud de refer\u00e9ndum europeo sobre la salida o no del Reino Unido"},"content":{"rendered":"<p style=\"font-weight: 400;\"><strong>El pasado 28 de noviembre la Comisi\u00f3n Europea decidi\u00f3 no admitir una iniciativa ciudadana europea titulada \u201cRefer\u00e9ndum Europeo: \u00bfLos ciudadanos europeos quieren que el Reino Unido se quede o vaya?&#8221;<\/strong><\/p>\n<p style=\"text-align: center;\"><a href=\"http:\/\/www.cde.ual.es\/wp-content\/uploads\/2018\/11\/Brexit-2.png\"><img decoding=\"async\" class=\"alignnone size-medium wp-image-10380\" src=\"http:\/\/www.cde.ual.es\/wp-content\/uploads\/2018\/11\/Brexit-2-300x161.png\" alt=\"\" width=\"300\" height=\"161\" srcset=\"https:\/\/www.cde.ual.es\/wp-content\/uploads\/2018\/11\/Brexit-2-300x161.png 300w, https:\/\/www.cde.ual.es\/wp-content\/uploads\/2018\/11\/Brexit-2-768x413.png 768w, https:\/\/www.cde.ual.es\/wp-content\/uploads\/2018\/11\/Brexit-2.png 934w\" sizes=\"(max-width: 300px) 100vw, 300px\" \/><\/a><\/p>\n<p style=\"font-weight: 400;\">La iniciativa se\u00f1ala literalmente que: &#8220;Todos los ciudadanos europeos deber\u00edan poder expresar una opini\u00f3n pol\u00edtica indicando si desean que el Reino Unido permanezca en la Uni\u00f3n Europea&#8221;.<\/p>\n<p style=\"font-weight: 400;\">Los organizadores piden a la Comisi\u00f3n que &#8220;apoye esta encuesta de opini\u00f3n dando a todos los ciudadanos de los 28 Estados miembros la oportunidad de decir si est\u00e1n o no a favor de Brexit\u201d.<\/p>\n<p style=\"font-weight: 400;\">La Comisi\u00f3n considera que no se han cumplido las condiciones para el registro de esta iniciativa porque la cuesti\u00f3n no se encuentra dentro del \u00e1mbito de competencias de la UE.\u00a0De conformidad con las condiciones de admisibilidad previstas en el\u00a0<a href=\"http:\/\/ec.europa.eu\/citizens-initiative\/public\/legislative-framework?lg=es\" data-saferedirecturl=\"https:\/\/www.google.com\/url?q=http:\/\/ec.europa.eu\/citizens-initiative\/public\/legislative-framework?lg%3Des&amp;source=gmail&amp;ust=1543576848452000&amp;usg=AFQjCNF-f96V83rfG_zPJmhtOa5cwdU15A\">Reglamento sobre la iniciativa ciudadana europea<\/a>,\u00a0la acci\u00f3n propuesta debe, para ser aceptada, estar claramente dentro del \u00e1mbito de competencia de la Comisi\u00f3n, en virtud de la cual puede presentar una propuesta de acto jur\u00eddico.<\/p>\n<p style=\"font-weight: 400;\">Adem\u00e1s, el art\u00edculo 50 del Tratado de la Uni\u00f3n Europea (TUE) autoriza expl\u00edcitamente a cualquier Estado miembro a decidir, de conformidad con sus normas constitucionales, retirarse de la Uni\u00f3n. Aunque lamenta la decisi\u00f3n del Reino Unido de abandonar la Uni\u00f3n Europea, la Comisi\u00f3n Europea respeta el resultado del refer\u00e9ndum.<\/p>\n<p>&nbsp;<\/p>\n","protected":false},"excerpt":{"rendered":"<p>El pasado 28 de noviembre la Comisi\u00f3n Europea decidi\u00f3 no admitir una iniciativa ciudadana europea titulada \u201cRefer\u00e9ndum Europeo: \u00bfLos ciudadanos europeos quieren que el Reino Unido se quede o vaya?&#8221; La iniciativa se\u00f1ala literalmente que: &#8220;Todos los ciudadanos europeos deber\u00edan poder expresar una opini\u00f3n pol\u00edtica indicando si desean que el Reino Unido permanezca en la [&hellip;]<\/p>\n","protected":false},"author":1,"featured_media":10380,"comment_status":"open","ping_status":"open","sticky":false,"template":"","format":"standard","meta":{"_acf_changed":false,"_relevanssi_hide_post":"","_relevanssi_hide_content":"","_relevanssi_pin_for_all":"","_relevanssi_pin_keywords":"","_relevanssi_unpin_keywords":"","_relevanssi_related_keywords":"","_relevanssi_related_include_ids":"","_relevanssi_related_exclude_ids":"","_relevanssi_related_no_append":"","_relevanssi_related_not_related":"","_relevanssi_related_posts":"","_relevanssi_noindex_reason":"","_monsterinsights_skip_tracking":false,"_monsterinsights_sitenote_active":false,"_monsterinsights_sitenote_note":"","_monsterinsights_sitenote_category":0,"_genesis_hide_title":false,"_genesis_hide_breadcrumbs":false,"_genesis_hide_singular_image":false,"_genesis_hide_footer_widgets":false,"_genesis_custom_body_class":"","_genesis_custom_post_class":"","_genesis_layout":"","footnotes":""},"categories":[96],"tags":[204,130],"class_list":{"0":"post-10379","1":"post","2":"type-post","3":"status-publish","4":"format-standard","5":"has-post-thumbnail","7":"category-noticias-ue","8":"tag-brexit","9":"tag-derecho","10":"entry"},"acf":[],"yoast_head":"<!-- This site is optimized with the Yoast SEO plugin v27.5 - https:\/\/yoast.com\/product\/yoast-seo-wordpress\/ -->\n<title>La Comisi\u00f3n Europea declara inadmisible una solicitud de refer\u00e9ndum europeo sobre la salida o no del Reino Unido | CDE Almer\u00eda - Centro de Documentaci\u00f3n Europea - Universidad de Almer\u00eda<\/title>\n<meta name=\"robots\" content=\"index, follow, max-snippet:-1, max-image-preview:large, max-video-preview:-1\" \/>\n<link rel=\"canonical\" href=\"https:\/\/www.cde.ual.es\/la-comision-europea-declara-inadmisible-una-solicitud-de-referendum-europeo-sobre-la-salida-o-no-del-reino-unido\/\" \/>\n<meta property=\"og:locale\" content=\"en_US\" \/>\n<meta property=\"og:type\" content=\"article\" \/>\n<meta property=\"og:title\" content=\"La Comisi\u00f3n Europea declara inadmisible una solicitud de refer\u00e9ndum europeo sobre la salida o no del Reino Unido | CDE Almer\u00eda - Centro de Documentaci\u00f3n Europea - Universidad de Almer\u00eda\" \/>\n<meta property=\"og:description\" content=\"El pasado 28 de noviembre la Comisi\u00f3n Europea decidi\u00f3 no admitir una iniciativa ciudadana europea titulada \u201cRefer\u00e9ndum Europeo: \u00bfLos ciudadanos europeos quieren que el Reino Unido se quede o vaya?&#8221; La iniciativa se\u00f1ala literalmente que: &#8220;Todos los ciudadanos europeos deber\u00edan poder expresar una opini\u00f3n pol\u00edtica indicando si desean que el Reino Unido permanezca en la [&hellip;]\" \/>\n<meta property=\"og:url\" content=\"https:\/\/www.cde.ual.es\/la-comision-europea-declara-inadmisible-una-solicitud-de-referendum-europeo-sobre-la-salida-o-no-del-reino-unido\/\" \/>\n<meta property=\"og:site_name\" content=\"CDE Almer\u00eda - Centro de Documentaci\u00f3n Europea - Universidad de Almer\u00eda\" \/>\n<meta property=\"article:publisher\" content=\"https:\/\/www.facebook.com\/cdeuniversidadalmeria\/\" \/>\n<meta property=\"article:published_time\" content=\"2018-11-30T07:05:20+00:00\" \/>\n<meta property=\"og:image\" content=\"https:\/\/www.cde.ual.es\/wp-content\/uploads\/2018\/11\/Brexit-2.png\" \/>\n\t<meta property=\"og:image:width\" content=\"934\" \/>\n\t<meta property=\"og:image:height\" content=\"502\" \/>\n\t<meta property=\"og:image:type\" content=\"image\/png\" \/>\n<meta name=\"author\" content=\"AdminCDE\" \/>\n<meta name=\"twitter:card\" content=\"summary_large_image\" \/>\n<meta name=\"twitter:creator\" content=\"@cdeualmeria\" \/>\n<meta name=\"twitter:site\" content=\"@cdeualmeria\" \/>\n<meta name=\"twitter:label1\" content=\"Written by\" \/>\n\t<meta name=\"twitter:data1\" content=\"AdminCDE\" \/>\n\t<meta name=\"twitter:label2\" content=\"Est. reading time\" \/>\n\t<meta name=\"twitter:data2\" content=\"1 minute\" \/>\n<script type=\"application\/ld+json\" class=\"yoast-schema-graph\">{\"@context\":\"https:\\\/\\\/schema.org\",\"@graph\":[{\"@type\":\"Article\",\"@id\":\"https:\\\/\\\/www.cde.ual.es\\\/la-comision-europea-declara-inadmisible-una-solicitud-de-referendum-europeo-sobre-la-salida-o-no-del-reino-unido\\\/#article\",\"isPartOf\":{\"@id\":\"https:\\\/\\\/www.cde.ual.es\\\/la-comision-europea-declara-inadmisible-una-solicitud-de-referendum-europeo-sobre-la-salida-o-no-del-reino-unido\\\/\"},\"author\":{\"name\":\"AdminCDE\",\"@id\":\"https:\\\/\\\/www.cde.ual.es\\\/#\\\/schema\\\/person\\\/224ef08c8bcc005f319d2713ce37ee5f\"},\"headline\":\"La Comisi\u00f3n Europea declara inadmisible una solicitud de refer\u00e9ndum europeo sobre la salida o no del Reino Unido\",\"datePublished\":\"2018-11-30T07:05:20+00:00\",\"mainEntityOfPage\":{\"@id\":\"https:\\\/\\\/www.cde.ual.es\\\/la-comision-europea-declara-inadmisible-una-solicitud-de-referendum-europeo-sobre-la-salida-o-no-del-reino-unido\\\/\"},\"wordCount\":257,\"commentCount\":0,\"publisher\":{\"@id\":\"https:\\\/\\\/www.cde.ual.es\\\/#organization\"},\"image\":{\"@id\":\"https:\\\/\\\/www.cde.ual.es\\\/la-comision-europea-declara-inadmisible-una-solicitud-de-referendum-europeo-sobre-la-salida-o-no-del-reino-unido\\\/#primaryimage\"},\"thumbnailUrl\":\"https:\\\/\\\/www.cde.ual.es\\\/wp-content\\\/uploads\\\/2018\\\/11\\\/Brexit-2.png\",\"keywords\":[\"Brexit\",\"Derecho\"],\"articleSection\":[\"Noticias UE\"],\"inLanguage\":\"en-US\",\"potentialAction\":[{\"@type\":\"CommentAction\",\"name\":\"Comment\",\"target\":[\"https:\\\/\\\/www.cde.ual.es\\\/la-comision-europea-declara-inadmisible-una-solicitud-de-referendum-europeo-sobre-la-salida-o-no-del-reino-unido\\\/#respond\"]}]},{\"@type\":\"WebPage\",\"@id\":\"https:\\\/\\\/www.cde.ual.es\\\/la-comision-europea-declara-inadmisible-una-solicitud-de-referendum-europeo-sobre-la-salida-o-no-del-reino-unido\\\/\",\"url\":\"https:\\\/\\\/www.cde.ual.es\\\/la-comision-europea-declara-inadmisible-una-solicitud-de-referendum-europeo-sobre-la-salida-o-no-del-reino-unido\\\/\",\"name\":\"La Comisi\u00f3n Europea declara inadmisible una solicitud de refer\u00e9ndum europeo sobre la salida o no del Reino Unido | CDE Almer\u00eda - Centro de Documentaci\u00f3n Europea - Universidad de Almer\u00eda\",\"isPartOf\":{\"@id\":\"https:\\\/\\\/www.cde.ual.es\\\/#website\"},\"primaryImageOfPage\":{\"@id\":\"https:\\\/\\\/www.cde.ual.es\\\/la-comision-europea-declara-inadmisible-una-solicitud-de-referendum-europeo-sobre-la-salida-o-no-del-reino-unido\\\/#primaryimage\"},\"image\":{\"@id\":\"https:\\\/\\\/www.cde.ual.es\\\/la-comision-europea-declara-inadmisible-una-solicitud-de-referendum-europeo-sobre-la-salida-o-no-del-reino-unido\\\/#primaryimage\"},\"thumbnailUrl\":\"https:\\\/\\\/www.cde.ual.es\\\/wp-content\\\/uploads\\\/2018\\\/11\\\/Brexit-2.png\",\"datePublished\":\"2018-11-30T07:05:20+00:00\",\"breadcrumb\":{\"@id\":\"https:\\\/\\\/www.cde.ual.es\\\/la-comision-europea-declara-inadmisible-una-solicitud-de-referendum-europeo-sobre-la-salida-o-no-del-reino-unido\\\/#breadcrumb\"},\"inLanguage\":\"en-US\",\"potentialAction\":[{\"@type\":\"ReadAction\",\"target\":[\"https:\\\/\\\/www.cde.ual.es\\\/la-comision-europea-declara-inadmisible-una-solicitud-de-referendum-europeo-sobre-la-salida-o-no-del-reino-unido\\\/\"]}]},{\"@type\":\"ImageObject\",\"inLanguage\":\"en-US\",\"@id\":\"https:\\\/\\\/www.cde.ual.es\\\/la-comision-europea-declara-inadmisible-una-solicitud-de-referendum-europeo-sobre-la-salida-o-no-del-reino-unido\\\/#primaryimage\",\"url\":\"https:\\\/\\\/www.cde.ual.es\\\/wp-content\\\/uploads\\\/2018\\\/11\\\/Brexit-2.png\",\"contentUrl\":\"https:\\\/\\\/www.cde.ual.es\\\/wp-content\\\/uploads\\\/2018\\\/11\\\/Brexit-2.png\",\"width\":934,\"height\":502},{\"@type\":\"BreadcrumbList\",\"@id\":\"https:\\\/\\\/www.cde.ual.es\\\/la-comision-europea-declara-inadmisible-una-solicitud-de-referendum-europeo-sobre-la-salida-o-no-del-reino-unido\\\/#breadcrumb\",\"itemListElement\":[{\"@type\":\"ListItem\",\"position\":1,\"name\":\"Inicio\",\"item\":\"https:\\\/\\\/www.cde.ual.es\\\/en\\\/\"},{\"@type\":\"ListItem\",\"position\":2,\"name\":\"Noticias UE\",\"item\":\"https:\\\/\\\/www.cde.ual.es\\\/category\\\/noticias-ue\\\/\"},{\"@type\":\"ListItem\",\"position\":3,\"name\":\"La Comisi\u00f3n Europea declara inadmisible una solicitud de refer\u00e9ndum europeo sobre la salida o no del Reino Unido\"}]},{\"@type\":\"WebSite\",\"@id\":\"https:\\\/\\\/www.cde.ual.es\\\/#website\",\"url\":\"https:\\\/\\\/www.cde.ual.es\\\/\",\"name\":\"CDE Almer\u00eda - Centro de Documentaci\u00f3n Europea - Universidad de Almer\u00eda\",\"description\":\"Centro de Documentaci\u00f3n Europea de la Universidad de Almer\u00eda\",\"publisher\":{\"@id\":\"https:\\\/\\\/www.cde.ual.es\\\/#organization\"},\"alternateName\":\"CDE Almer\u00eda\",\"potentialAction\":[{\"@type\":\"SearchAction\",\"target\":{\"@type\":\"EntryPoint\",\"urlTemplate\":\"https:\\\/\\\/www.cde.ual.es\\\/?s={search_term_string}\"},\"query-input\":{\"@type\":\"PropertyValueSpecification\",\"valueRequired\":true,\"valueName\":\"search_term_string\"}}],\"inLanguage\":\"en-US\"},{\"@type\":\"Organization\",\"@id\":\"https:\\\/\\\/www.cde.ual.es\\\/#organization\",\"name\":\"Centro de Documentaci\u00f3n Europea de Almer\u00eda\",\"url\":\"https:\\\/\\\/www.cde.ual.es\\\/\",\"logo\":{\"@type\":\"ImageObject\",\"inLanguage\":\"en-US\",\"@id\":\"https:\\\/\\\/www.cde.ual.es\\\/#\\\/schema\\\/logo\\\/image\\\/\",\"url\":\"https:\\\/\\\/www.cde.ual.es\\\/wp-content\\\/uploads\\\/2025\\\/07\\\/cde-logo-3.png\",\"contentUrl\":\"https:\\\/\\\/www.cde.ual.es\\\/wp-content\\\/uploads\\\/2025\\\/07\\\/cde-logo-3.png\",\"width\":1400,\"height\":300,\"caption\":\"Centro de Documentaci\u00f3n Europea de Almer\u00eda\"},\"image\":{\"@id\":\"https:\\\/\\\/www.cde.ual.es\\\/#\\\/schema\\\/logo\\\/image\\\/\"},\"sameAs\":[\"https:\\\/\\\/www.facebook.com\\\/cdeuniversidadalmeria\\\/\",\"https:\\\/\\\/x.com\\\/cdeualmeria\",\"https:\\\/\\\/www.tiktok.com\\\/@cdealmeria\",\"https:\\\/\\\/www.instagram.com\\\/cdealmeria\\\/\",\"https:\\\/\\\/www.linkedin.com\\\/in\\\/cde-almera-812b26a9\\\/\"]},{\"@type\":\"Person\",\"@id\":\"https:\\\/\\\/www.cde.ual.es\\\/#\\\/schema\\\/person\\\/224ef08c8bcc005f319d2713ce37ee5f\",\"name\":\"AdminCDE\",\"image\":{\"@type\":\"ImageObject\",\"inLanguage\":\"en-US\",\"@id\":\"https:\\\/\\\/secure.gravatar.com\\\/avatar\\\/a72d038d371f995cd13706fac32274b7952a52e8fb0a84b5f80c85426f2a98a8?s=96&d=mm&r=g\",\"url\":\"https:\\\/\\\/secure.gravatar.com\\\/avatar\\\/a72d038d371f995cd13706fac32274b7952a52e8fb0a84b5f80c85426f2a98a8?s=96&d=mm&r=g\",\"contentUrl\":\"https:\\\/\\\/secure.gravatar.com\\\/avatar\\\/a72d038d371f995cd13706fac32274b7952a52e8fb0a84b5f80c85426f2a98a8?s=96&d=mm&r=g\",\"caption\":\"AdminCDE\"}}]}<\/script>\n<!-- \/ Yoast SEO plugin. -->","yoast_head_json":{"title":"La Comisi\u00f3n Europea declara inadmisible una solicitud de refer\u00e9ndum europeo sobre la salida o no del Reino Unido | CDE Almer\u00eda - Centro de Documentaci\u00f3n Europea - Universidad de Almer\u00eda","robots":{"index":"index","follow":"follow","max-snippet":"max-snippet:-1","max-image-preview":"max-image-preview:large","max-video-preview":"max-video-preview:-1"},"canonical":"https:\/\/www.cde.ual.es\/la-comision-europea-declara-inadmisible-una-solicitud-de-referendum-europeo-sobre-la-salida-o-no-del-reino-unido\/","og_locale":"en_US","og_type":"article","og_title":"La Comisi\u00f3n Europea declara inadmisible una solicitud de refer\u00e9ndum europeo sobre la salida o no del Reino Unido | CDE Almer\u00eda - Centro de Documentaci\u00f3n Europea - Universidad de Almer\u00eda","og_description":"El pasado 28 de noviembre la Comisi\u00f3n Europea decidi\u00f3 no admitir una iniciativa ciudadana europea titulada \u201cRefer\u00e9ndum Europeo: \u00bfLos ciudadanos europeos quieren que el Reino Unido se quede o vaya?&#8221; La iniciativa se\u00f1ala literalmente que: &#8220;Todos los ciudadanos europeos deber\u00edan poder expresar una opini\u00f3n pol\u00edtica indicando si desean que el Reino Unido permanezca en la [&hellip;]","og_url":"https:\/\/www.cde.ual.es\/la-comision-europea-declara-inadmisible-una-solicitud-de-referendum-europeo-sobre-la-salida-o-no-del-reino-unido\/","og_site_name":"CDE Almer\u00eda - Centro de Documentaci\u00f3n Europea - Universidad de Almer\u00eda","article_publisher":"https:\/\/www.facebook.com\/cdeuniversidadalmeria\/","article_published_time":"2018-11-30T07:05:20+00:00","og_image":[{"width":934,"height":502,"url":"https:\/\/www.cde.ual.es\/wp-content\/uploads\/2018\/11\/Brexit-2.png","type":"image\/png"}],"author":"AdminCDE","twitter_card":"summary_large_image","twitter_creator":"@cdeualmeria","twitter_site":"@cdeualmeria","twitter_misc":{"Written by":"AdminCDE","Est. reading time":"1 minute"},"schema":{"@context":"https:\/\/schema.org","@graph":[{"@type":"Article","@id":"https:\/\/www.cde.ual.es\/la-comision-europea-declara-inadmisible-una-solicitud-de-referendum-europeo-sobre-la-salida-o-no-del-reino-unido\/#article","isPartOf":{"@id":"https:\/\/www.cde.ual.es\/la-comision-europea-declara-inadmisible-una-solicitud-de-referendum-europeo-sobre-la-salida-o-no-del-reino-unido\/"},"author":{"name":"AdminCDE","@id":"https:\/\/www.cde.ual.es\/#\/schema\/person\/224ef08c8bcc005f319d2713ce37ee5f"},"headline":"La Comisi\u00f3n Europea declara inadmisible una solicitud de refer\u00e9ndum europeo sobre la salida o no del Reino Unido","datePublished":"2018-11-30T07:05:20+00:00","mainEntityOfPage":{"@id":"https:\/\/www.cde.ual.es\/la-comision-europea-declara-inadmisible-una-solicitud-de-referendum-europeo-sobre-la-salida-o-no-del-reino-unido\/"},"wordCount":257,"commentCount":0,"publisher":{"@id":"https:\/\/www.cde.ual.es\/#organization"},"image":{"@id":"https:\/\/www.cde.ual.es\/la-comision-europea-declara-inadmisible-una-solicitud-de-referendum-europeo-sobre-la-salida-o-no-del-reino-unido\/#primaryimage"},"thumbnailUrl":"https:\/\/www.cde.ual.es\/wp-content\/uploads\/2018\/11\/Brexit-2.png","keywords":["Brexit","Derecho"],"articleSection":["Noticias UE"],"inLanguage":"en-US","potentialAction":[{"@type":"CommentAction","name":"Comment","target":["https:\/\/www.cde.ual.es\/la-comision-europea-declara-inadmisible-una-solicitud-de-referendum-europeo-sobre-la-salida-o-no-del-reino-unido\/#respond"]}]},{"@type":"WebPage","@id":"https:\/\/www.cde.ual.es\/la-comision-europea-declara-inadmisible-una-solicitud-de-referendum-europeo-sobre-la-salida-o-no-del-reino-unido\/","url":"https:\/\/www.cde.ual.es\/la-comision-europea-declara-inadmisible-una-solicitud-de-referendum-europeo-sobre-la-salida-o-no-del-reino-unido\/","name":"La Comisi\u00f3n Europea declara inadmisible una solicitud de refer\u00e9ndum europeo sobre la salida o no del Reino Unido | CDE Almer\u00eda - Centro de Documentaci\u00f3n Europea - Universidad de Almer\u00eda","isPartOf":{"@id":"https:\/\/www.cde.ual.es\/#website"},"primaryImageOfPage":{"@id":"https:\/\/www.cde.ual.es\/la-comision-europea-declara-inadmisible-una-solicitud-de-referendum-europeo-sobre-la-salida-o-no-del-reino-unido\/#primaryimage"},"image":{"@id":"https:\/\/www.cde.ual.es\/la-comision-europea-declara-inadmisible-una-solicitud-de-referendum-europeo-sobre-la-salida-o-no-del-reino-unido\/#primaryimage"},"thumbnailUrl":"https:\/\/www.cde.ual.es\/wp-content\/uploads\/2018\/11\/Brexit-2.png","datePublished":"2018-11-30T07:05:20+00:00","breadcrumb":{"@id":"https:\/\/www.cde.ual.es\/la-comision-europea-declara-inadmisible-una-solicitud-de-referendum-europeo-sobre-la-salida-o-no-del-reino-unido\/#breadcrumb"},"inLanguage":"en-US","potentialAction":[{"@type":"ReadAction","target":["https:\/\/www.cde.ual.es\/la-comision-europea-declara-inadmisible-una-solicitud-de-referendum-europeo-sobre-la-salida-o-no-del-reino-unido\/"]}]},{"@type":"ImageObject","inLanguage":"en-US","@id":"https:\/\/www.cde.ual.es\/la-comision-europea-declara-inadmisible-una-solicitud-de-referendum-europeo-sobre-la-salida-o-no-del-reino-unido\/#primaryimage","url":"https:\/\/www.cde.ual.es\/wp-content\/uploads\/2018\/11\/Brexit-2.png","contentUrl":"https:\/\/www.cde.ual.es\/wp-content\/uploads\/2018\/11\/Brexit-2.png","width":934,"height":502},{"@type":"BreadcrumbList","@id":"https:\/\/www.cde.ual.es\/la-comision-europea-declara-inadmisible-una-solicitud-de-referendum-europeo-sobre-la-salida-o-no-del-reino-unido\/#breadcrumb","itemListElement":[{"@type":"ListItem","position":1,"name":"Inicio","item":"https:\/\/www.cde.ual.es\/en\/"},{"@type":"ListItem","position":2,"name":"Noticias UE","item":"https:\/\/www.cde.ual.es\/category\/noticias-ue\/"},{"@type":"ListItem","position":3,"name":"La Comisi\u00f3n Europea declara inadmisible una solicitud de refer\u00e9ndum europeo sobre la salida o no del Reino Unido"}]},{"@type":"WebSite","@id":"https:\/\/www.cde.ual.es\/#website","url":"https:\/\/www.cde.ual.es\/","name":"CDE Almer\u00eda - Centro de Documentaci\u00f3n Europea - Universidad de Almer\u00eda","description":"Centro de Documentaci\u00f3n Europea de la Universidad de Almer\u00eda","publisher":{"@id":"https:\/\/www.cde.ual.es\/#organization"},"alternateName":"CDE Almer\u00eda","potentialAction":[{"@type":"SearchAction","target":{"@type":"EntryPoint","urlTemplate":"https:\/\/www.cde.ual.es\/?s={search_term_string}"},"query-input":{"@type":"PropertyValueSpecification","valueRequired":true,"valueName":"search_term_string"}}],"inLanguage":"en-US"},{"@type":"Organization","@id":"https:\/\/www.cde.ual.es\/#organization","name":"Centro de Documentaci\u00f3n Europea de Almer\u00eda","url":"https:\/\/www.cde.ual.es\/","logo":{"@type":"ImageObject","inLanguage":"en-US","@id":"https:\/\/www.cde.ual.es\/#\/schema\/logo\/image\/","url":"https:\/\/www.cde.ual.es\/wp-content\/uploads\/2025\/07\/cde-logo-3.png","contentUrl":"https:\/\/www.cde.ual.es\/wp-content\/uploads\/2025\/07\/cde-logo-3.png","width":1400,"height":300,"caption":"Centro de Documentaci\u00f3n Europea de Almer\u00eda"},"image":{"@id":"https:\/\/www.cde.ual.es\/#\/schema\/logo\/image\/"},"sameAs":["https:\/\/www.facebook.com\/cdeuniversidadalmeria\/","https:\/\/x.com\/cdeualmeria","https:\/\/www.tiktok.com\/@cdealmeria","https:\/\/www.instagram.com\/cdealmeria\/","https:\/\/www.linkedin.com\/in\/cde-almera-812b26a9\/"]},{"@type":"Person","@id":"https:\/\/www.cde.ual.es\/#\/schema\/person\/224ef08c8bcc005f319d2713ce37ee5f","name":"AdminCDE","image":{"@type":"ImageObject","inLanguage":"en-US","@id":"https:\/\/secure.gravatar.com\/avatar\/a72d038d371f995cd13706fac32274b7952a52e8fb0a84b5f80c85426f2a98a8?s=96&d=mm&r=g","url":"https:\/\/secure.gravatar.com\/avatar\/a72d038d371f995cd13706fac32274b7952a52e8fb0a84b5f80c85426f2a98a8?s=96&d=mm&r=g","contentUrl":"https:\/\/secure.gravatar.com\/avatar\/a72d038d371f995cd13706fac32274b7952a52e8fb0a84b5f80c85426f2a98a8?s=96&d=mm&r=g","caption":"AdminCDE"}}]}},"_links":{"self":[{"href":"https:\/\/www.cde.ual.es\/en\/wp-json\/wp\/v2\/posts\/10379","targetHints":{"allow":["GET"]}}],"collection":[{"href":"https:\/\/www.cde.ual.es\/en\/wp-json\/wp\/v2\/posts"}],"about":[{"href":"https:\/\/www.cde.ual.es\/en\/wp-json\/wp\/v2\/types\/post"}],"author":[{"embeddable":true,"href":"https:\/\/www.cde.ual.es\/en\/wp-json\/wp\/v2\/users\/1"}],"replies":[{"embeddable":true,"href":"https:\/\/www.cde.ual.es\/en\/wp-json\/wp\/v2\/comments?post=10379"}],"version-history":[{"count":0,"href":"https:\/\/www.cde.ual.es\/en\/wp-json\/wp\/v2\/posts\/10379\/revisions"}],"wp:featuredmedia":[{"embeddable":true,"href":"https:\/\/www.cde.ual.es\/en\/wp-json\/wp\/v2\/media\/10380"}],"wp:attachment":[{"href":"https:\/\/www.cde.ual.es\/en\/wp-json\/wp\/v2\/media?parent=10379"}],"wp:term":[{"taxonomy":"category","embeddable":true,"href":"https:\/\/www.cde.ual.es\/en\/wp-json\/wp\/v2\/categories?post=10379"},{"taxonomy":"post_tag","embeddable":true,"href":"https:\/\/www.cde.ual.es\/en\/wp-json\/wp\/v2\/tags?post=10379"}],"curies":[{"name":"wp","href":"https:\/\/api.w.org\/{rel}","templated":true}]}}