{"id":103446,"date":"2022-04-20T11:12:51","date_gmt":"2022-04-20T09:12:51","guid":{"rendered":"https:\/\/www.cde.ual.es\/?p=103446"},"modified":"2022-05-08T21:01:50","modified_gmt":"2022-05-08T19:01:50","slug":"speech-by-president-von-der-leyen-at-the-ep-plenary-on-the-social-and-economic-consequences-for-the-eu-of-the-russian-war-in-ukraine-reinforcing-the-eus-capacity-to-act","status":"publish","type":"post","link":"https:\/\/www.cde.ual.es\/en\/speech-by-president-von-der-leyen-at-the-ep-plenary-on-the-social-and-economic-consequences-for-the-eu-of-the-russian-war-in-ukraine-reinforcing-the-eus-capacity-to-act\/","title":{"rendered":"Speech by President von der Leyen at the EP Plenary on the social and economic consequences for the EU of the Russian war in Ukraine \u2013 reinforcing the EU&#8217;s capacity to act"},"content":{"rendered":"<p>T\u00edtulo: Speech by President von der Leyen at the EP Plenary on the social and economic consequences for the EU of the Russian war in Ukraine \u2013 reinforcing the EU&#8217;s capacity to act<\/p>\n<p>Autor: European Commission<\/p>\n<p>Duraci\u00f3n: 23:47<\/p>\n<p>Resumen: Discurso de la Presidenta von der Leyen en el Pleno del PE sobre las consecuencias sociales y econ\u00f3micas para la UE de la guerra rusa en Ucrania: reforzar la capacidad de actuaci\u00f3n de la UE<\/p>\n<p>Fecha de Publicaci\u00f3n: 04-05-22<\/p>\n<p><iframe id=\"videoplayer\" title=\"Opening statement by Ursula von der Leyen, President of the European Commission, on the social and economic consequences for the EU of the Russian war in Ukraine - reinforcing the EU\u2019s capacity to act, extract from the Plenary Session of the EP\" src=\"https:\/\/audiovisual.ec.europa.eu\/embed\/index.html?ref=I-224274&amp;lg=INT\" width=\"852\" height=\"480\" frameborder=\"0\" scrolling=\"no\" allowfullscreen=\"allowfullscreen\"><\/iframe><\/p>\n","protected":false},"excerpt":{"rendered":"<p>T\u00edtulo: Speech by President von der Leyen at the EP Plenary on the social and economic consequences for the EU of the Russian war in Ukraine \u2013 reinforcing the EU&#8217;s capacity to act Autor: European Commission Duraci\u00f3n: 23:47 Resumen: Discurso de la Presidenta von der Leyen en el Pleno del PE sobre las consecuencias sociales [&hellip;]<\/p>\n","protected":false},"author":101011,"featured_media":105540,"comment_status":"open","ping_status":"open","sticky":false,"template":"","format":"standard","meta":{"_acf_changed":false,"_relevanssi_hide_post":"","_relevanssi_hide_content":"","_relevanssi_pin_for_all":"","_relevanssi_pin_keywords":"","_relevanssi_unpin_keywords":"","_relevanssi_related_keywords":"","_relevanssi_related_include_ids":"","_relevanssi_related_exclude_ids":"","_relevanssi_related_no_append":"","_relevanssi_related_not_related":"","_relevanssi_related_posts":"","_relevanssi_noindex_reason":"","_monsterinsights_skip_tracking":false,"_monsterinsights_sitenote_active":false,"_monsterinsights_sitenote_note":"","_monsterinsights_sitenote_category":0,"_genesis_hide_title":false,"_genesis_hide_breadcrumbs":false,"_genesis_hide_singular_image":false,"_genesis_hide_footer_widgets":false,"_genesis_custom_body_class":"","_genesis_custom_post_class":"","_genesis_layout":"","footnotes":""},"categories":[121,115],"tags":[],"class_list":{"0":"post-103446","1":"post","2":"type-post","3":"status-publish","4":"format-standard","5":"has-post-thumbnail","7":"category-mediateca-defensa-y-seguridad","8":"category-repositorio-mediateca","9":"entry"},"acf":[],"yoast_head":"<!-- This site is optimized with the Yoast SEO plugin v27.4 - https:\/\/yoast.com\/product\/yoast-seo-wordpress\/ -->\n<title>Speech by President von der Leyen at the EP Plenary on the social and economic consequences for the EU of the Russian war in Ukraine \u2013 reinforcing the EU&#039;s capacity to act | CDE Almer\u00eda - Centro de Documentaci\u00f3n Europea - Universidad de Almer\u00eda<\/title>\n<meta name=\"robots\" content=\"index, follow, max-snippet:-1, max-image-preview:large, max-video-preview:-1\" \/>\n<link rel=\"canonical\" href=\"https:\/\/www.cde.ual.es\/speech-by-president-von-der-leyen-at-the-ep-plenary-on-the-social-and-economic-consequences-for-the-eu-of-the-russian-war-in-ukraine-reinforcing-the-eus-capacity-to-act\/\" \/>\n<meta property=\"og:locale\" content=\"en_US\" \/>\n<meta property=\"og:type\" content=\"article\" \/>\n<meta property=\"og:title\" content=\"Speech by President von der Leyen at the EP Plenary on the social and economic consequences for the EU of the Russian war in Ukraine \u2013 reinforcing the EU&#039;s capacity to act | CDE Almer\u00eda - Centro de Documentaci\u00f3n Europea - Universidad de Almer\u00eda\" \/>\n<meta property=\"og:description\" content=\"T\u00edtulo: Speech by President von der Leyen at the EP Plenary on the social and economic consequences for the EU of the Russian war in Ukraine \u2013 reinforcing the EU&#8217;s capacity to act Autor: European Commission Duraci\u00f3n: 23:47 Resumen: Discurso de la Presidenta von der Leyen en el Pleno del PE sobre las consecuencias sociales [&hellip;]\" \/>\n<meta property=\"og:url\" content=\"https:\/\/www.cde.ual.es\/speech-by-president-von-der-leyen-at-the-ep-plenary-on-the-social-and-economic-consequences-for-the-eu-of-the-russian-war-in-ukraine-reinforcing-the-eus-capacity-to-act\/\" \/>\n<meta property=\"og:site_name\" content=\"CDE Almer\u00eda - Centro de Documentaci\u00f3n Europea - Universidad de Almer\u00eda\" \/>\n<meta property=\"article:publisher\" content=\"https:\/\/www.facebook.com\/cdeuniversidadalmeria\/\" \/>\n<meta property=\"article:published_time\" content=\"2022-04-20T09:12:51+00:00\" \/>\n<meta property=\"article:modified_time\" content=\"2022-05-08T19:01:50+00:00\" \/>\n<meta property=\"og:image\" content=\"https:\/\/www.cde.ual.es\/wp-content\/uploads\/2022\/04\/ursula-sexto-paquete-de-sanciones.png\" \/>\n\t<meta property=\"og:image:width\" content=\"1087\" \/>\n\t<meta property=\"og:image:height\" content=\"602\" \/>\n\t<meta property=\"og:image:type\" content=\"image\/png\" \/>\n<meta name=\"author\" content=\"BECA 2 CDE\" \/>\n<meta name=\"twitter:card\" content=\"summary_large_image\" \/>\n<meta name=\"twitter:creator\" content=\"@cdeualmeria\" \/>\n<meta name=\"twitter:site\" content=\"@cdeualmeria\" \/>\n<meta name=\"twitter:label1\" content=\"Written by\" \/>\n\t<meta name=\"twitter:data1\" content=\"BECA 2 CDE\" \/>\n<script type=\"application\/ld+json\" class=\"yoast-schema-graph\">{\"@context\":\"https:\\\/\\\/schema.org\",\"@graph\":[{\"@type\":\"Article\",\"@id\":\"https:\\\/\\\/www.cde.ual.es\\\/speech-by-president-von-der-leyen-at-the-ep-plenary-on-the-social-and-economic-consequences-for-the-eu-of-the-russian-war-in-ukraine-reinforcing-the-eus-capacity-to-act\\\/#article\",\"isPartOf\":{\"@id\":\"https:\\\/\\\/www.cde.ual.es\\\/speech-by-president-von-der-leyen-at-the-ep-plenary-on-the-social-and-economic-consequences-for-the-eu-of-the-russian-war-in-ukraine-reinforcing-the-eus-capacity-to-act\\\/\"},\"author\":{\"name\":\"BECA 2 CDE\",\"@id\":\"https:\\\/\\\/www.cde.ual.es\\\/#\\\/schema\\\/person\\\/ee46ebc19edfa19598c02cff83335acc\"},\"headline\":\"Speech by President von der Leyen at the EP Plenary on the social and economic consequences for the EU of the Russian war in Ukraine \u2013 reinforcing the EU&#8217;s capacity to act\",\"datePublished\":\"2022-04-20T09:12:51+00:00\",\"dateModified\":\"2022-05-08T19:01:50+00:00\",\"mainEntityOfPage\":{\"@id\":\"https:\\\/\\\/www.cde.ual.es\\\/speech-by-president-von-der-leyen-at-the-ep-plenary-on-the-social-and-economic-consequences-for-the-eu-of-the-russian-war-in-ukraine-reinforcing-the-eus-capacity-to-act\\\/\"},\"wordCount\":115,\"commentCount\":0,\"publisher\":{\"@id\":\"https:\\\/\\\/www.cde.ual.es\\\/#organization\"},\"image\":{\"@id\":\"https:\\\/\\\/www.cde.ual.es\\\/speech-by-president-von-der-leyen-at-the-ep-plenary-on-the-social-and-economic-consequences-for-the-eu-of-the-russian-war-in-ukraine-reinforcing-the-eus-capacity-to-act\\\/#primaryimage\"},\"thumbnailUrl\":\"https:\\\/\\\/www.cde.ual.es\\\/wp-content\\\/uploads\\\/2022\\\/04\\\/ursula-sexto-paquete-de-sanciones.png\",\"articleSection\":[\"Mediateca - Defensa y Seguridad\",\"Repositorio Mediateca\"],\"inLanguage\":\"en-US\",\"potentialAction\":[{\"@type\":\"CommentAction\",\"name\":\"Comment\",\"target\":[\"https:\\\/\\\/www.cde.ual.es\\\/speech-by-president-von-der-leyen-at-the-ep-plenary-on-the-social-and-economic-consequences-for-the-eu-of-the-russian-war-in-ukraine-reinforcing-the-eus-capacity-to-act\\\/#respond\"]}]},{\"@type\":\"WebPage\",\"@id\":\"https:\\\/\\\/www.cde.ual.es\\\/speech-by-president-von-der-leyen-at-the-ep-plenary-on-the-social-and-economic-consequences-for-the-eu-of-the-russian-war-in-ukraine-reinforcing-the-eus-capacity-to-act\\\/\",\"url\":\"https:\\\/\\\/www.cde.ual.es\\\/speech-by-president-von-der-leyen-at-the-ep-plenary-on-the-social-and-economic-consequences-for-the-eu-of-the-russian-war-in-ukraine-reinforcing-the-eus-capacity-to-act\\\/\",\"name\":\"Speech by President von der Leyen at the EP Plenary on the social and economic consequences for the EU of the Russian war in Ukraine \u2013 reinforcing the EU's capacity to act | CDE Almer\u00eda - Centro de Documentaci\u00f3n Europea - Universidad de Almer\u00eda\",\"isPartOf\":{\"@id\":\"https:\\\/\\\/www.cde.ual.es\\\/#website\"},\"primaryImageOfPage\":{\"@id\":\"https:\\\/\\\/www.cde.ual.es\\\/speech-by-president-von-der-leyen-at-the-ep-plenary-on-the-social-and-economic-consequences-for-the-eu-of-the-russian-war-in-ukraine-reinforcing-the-eus-capacity-to-act\\\/#primaryimage\"},\"image\":{\"@id\":\"https:\\\/\\\/www.cde.ual.es\\\/speech-by-president-von-der-leyen-at-the-ep-plenary-on-the-social-and-economic-consequences-for-the-eu-of-the-russian-war-in-ukraine-reinforcing-the-eus-capacity-to-act\\\/#primaryimage\"},\"thumbnailUrl\":\"https:\\\/\\\/www.cde.ual.es\\\/wp-content\\\/uploads\\\/2022\\\/04\\\/ursula-sexto-paquete-de-sanciones.png\",\"datePublished\":\"2022-04-20T09:12:51+00:00\",\"dateModified\":\"2022-05-08T19:01:50+00:00\",\"breadcrumb\":{\"@id\":\"https:\\\/\\\/www.cde.ual.es\\\/speech-by-president-von-der-leyen-at-the-ep-plenary-on-the-social-and-economic-consequences-for-the-eu-of-the-russian-war-in-ukraine-reinforcing-the-eus-capacity-to-act\\\/#breadcrumb\"},\"inLanguage\":\"en-US\",\"potentialAction\":[{\"@type\":\"ReadAction\",\"target\":[\"https:\\\/\\\/www.cde.ual.es\\\/speech-by-president-von-der-leyen-at-the-ep-plenary-on-the-social-and-economic-consequences-for-the-eu-of-the-russian-war-in-ukraine-reinforcing-the-eus-capacity-to-act\\\/\"]}]},{\"@type\":\"ImageObject\",\"inLanguage\":\"en-US\",\"@id\":\"https:\\\/\\\/www.cde.ual.es\\\/speech-by-president-von-der-leyen-at-the-ep-plenary-on-the-social-and-economic-consequences-for-the-eu-of-the-russian-war-in-ukraine-reinforcing-the-eus-capacity-to-act\\\/#primaryimage\",\"url\":\"https:\\\/\\\/www.cde.ual.es\\\/wp-content\\\/uploads\\\/2022\\\/04\\\/ursula-sexto-paquete-de-sanciones.png\",\"contentUrl\":\"https:\\\/\\\/www.cde.ual.es\\\/wp-content\\\/uploads\\\/2022\\\/04\\\/ursula-sexto-paquete-de-sanciones.png\",\"width\":1087,\"height\":602},{\"@type\":\"BreadcrumbList\",\"@id\":\"https:\\\/\\\/www.cde.ual.es\\\/speech-by-president-von-der-leyen-at-the-ep-plenary-on-the-social-and-economic-consequences-for-the-eu-of-the-russian-war-in-ukraine-reinforcing-the-eus-capacity-to-act\\\/#breadcrumb\",\"itemListElement\":[{\"@type\":\"ListItem\",\"position\":1,\"name\":\"Inicio\",\"item\":\"https:\\\/\\\/www.cde.ual.es\\\/en\\\/\"},{\"@type\":\"ListItem\",\"position\":2,\"name\":\"Repositorio Mediateca\",\"item\":\"https:\\\/\\\/www.cde.ual.es\\\/category\\\/repositorio-mediateca\\\/\"},{\"@type\":\"ListItem\",\"position\":3,\"name\":\"Mediateca - Defensa y Seguridad\",\"item\":\"https:\\\/\\\/www.cde.ual.es\\\/category\\\/repositorio-mediateca\\\/mediateca-defensa-y-seguridad\\\/\"},{\"@type\":\"ListItem\",\"position\":4,\"name\":\"Speech by President von der Leyen at the EP Plenary on the social and economic consequences for the EU of the Russian war in Ukraine \u2013 reinforcing the EU&#8217;s capacity to act\"}]},{\"@type\":\"WebSite\",\"@id\":\"https:\\\/\\\/www.cde.ual.es\\\/#website\",\"url\":\"https:\\\/\\\/www.cde.ual.es\\\/\",\"name\":\"CDE Almer\u00eda - Centro de Documentaci\u00f3n Europea - Universidad de Almer\u00eda\",\"description\":\"Centro de Documentaci\u00f3n Europea de la Universidad de Almer\u00eda\",\"publisher\":{\"@id\":\"https:\\\/\\\/www.cde.ual.es\\\/#organization\"},\"alternateName\":\"CDE Almer\u00eda\",\"potentialAction\":[{\"@type\":\"SearchAction\",\"target\":{\"@type\":\"EntryPoint\",\"urlTemplate\":\"https:\\\/\\\/www.cde.ual.es\\\/?s={search_term_string}\"},\"query-input\":{\"@type\":\"PropertyValueSpecification\",\"valueRequired\":true,\"valueName\":\"search_term_string\"}}],\"inLanguage\":\"en-US\"},{\"@type\":\"Organization\",\"@id\":\"https:\\\/\\\/www.cde.ual.es\\\/#organization\",\"name\":\"Centro de Documentaci\u00f3n Europea de Almer\u00eda\",\"url\":\"https:\\\/\\\/www.cde.ual.es\\\/\",\"logo\":{\"@type\":\"ImageObject\",\"inLanguage\":\"en-US\",\"@id\":\"https:\\\/\\\/www.cde.ual.es\\\/#\\\/schema\\\/logo\\\/image\\\/\",\"url\":\"https:\\\/\\\/www.cde.ual.es\\\/wp-content\\\/uploads\\\/2025\\\/07\\\/cde-logo-3.png\",\"contentUrl\":\"https:\\\/\\\/www.cde.ual.es\\\/wp-content\\\/uploads\\\/2025\\\/07\\\/cde-logo-3.png\",\"width\":1400,\"height\":300,\"caption\":\"Centro de Documentaci\u00f3n Europea de Almer\u00eda\"},\"image\":{\"@id\":\"https:\\\/\\\/www.cde.ual.es\\\/#\\\/schema\\\/logo\\\/image\\\/\"},\"sameAs\":[\"https:\\\/\\\/www.facebook.com\\\/cdeuniversidadalmeria\\\/\",\"https:\\\/\\\/x.com\\\/cdeualmeria\",\"https:\\\/\\\/www.tiktok.com\\\/@cdealmeria\",\"https:\\\/\\\/www.instagram.com\\\/cdealmeria\\\/\",\"https:\\\/\\\/www.linkedin.com\\\/in\\\/cde-almera-812b26a9\\\/\"]},{\"@type\":\"Person\",\"@id\":\"https:\\\/\\\/www.cde.ual.es\\\/#\\\/schema\\\/person\\\/ee46ebc19edfa19598c02cff83335acc\",\"name\":\"BECA 2 CDE\",\"image\":{\"@type\":\"ImageObject\",\"inLanguage\":\"en-US\",\"@id\":\"https:\\\/\\\/secure.gravatar.com\\\/avatar\\\/35a481bbc04bbd90e91bdfa3b0b5541036c222a49b9ad37b6889a2afcb5311a5?s=96&d=mm&r=g\",\"url\":\"https:\\\/\\\/secure.gravatar.com\\\/avatar\\\/35a481bbc04bbd90e91bdfa3b0b5541036c222a49b9ad37b6889a2afcb5311a5?s=96&d=mm&r=g\",\"contentUrl\":\"https:\\\/\\\/secure.gravatar.com\\\/avatar\\\/35a481bbc04bbd90e91bdfa3b0b5541036c222a49b9ad37b6889a2afcb5311a5?s=96&d=mm&r=g\",\"caption\":\"BECA 2 CDE\"},\"sameAs\":[\"http:\\\/\\\/www.cdealmeria.com\"]}]}<\/script>\n<!-- \/ Yoast SEO plugin. -->","yoast_head_json":{"title":"Speech by President von der Leyen at the EP Plenary on the social and economic consequences for the EU of the Russian war in Ukraine \u2013 reinforcing the EU's capacity to act | CDE Almer\u00eda - Centro de Documentaci\u00f3n Europea - Universidad de Almer\u00eda","robots":{"index":"index","follow":"follow","max-snippet":"max-snippet:-1","max-image-preview":"max-image-preview:large","max-video-preview":"max-video-preview:-1"},"canonical":"https:\/\/www.cde.ual.es\/speech-by-president-von-der-leyen-at-the-ep-plenary-on-the-social-and-economic-consequences-for-the-eu-of-the-russian-war-in-ukraine-reinforcing-the-eus-capacity-to-act\/","og_locale":"en_US","og_type":"article","og_title":"Speech by President von der Leyen at the EP Plenary on the social and economic consequences for the EU of the Russian war in Ukraine \u2013 reinforcing the EU's capacity to act | CDE Almer\u00eda - Centro de Documentaci\u00f3n Europea - Universidad de Almer\u00eda","og_description":"T\u00edtulo: Speech by President von der Leyen at the EP Plenary on the social and economic consequences for the EU of the Russian war in Ukraine \u2013 reinforcing the EU&#8217;s capacity to act Autor: European Commission Duraci\u00f3n: 23:47 Resumen: Discurso de la Presidenta von der Leyen en el Pleno del PE sobre las consecuencias sociales [&hellip;]","og_url":"https:\/\/www.cde.ual.es\/speech-by-president-von-der-leyen-at-the-ep-plenary-on-the-social-and-economic-consequences-for-the-eu-of-the-russian-war-in-ukraine-reinforcing-the-eus-capacity-to-act\/","og_site_name":"CDE Almer\u00eda - Centro de Documentaci\u00f3n Europea - Universidad de Almer\u00eda","article_publisher":"https:\/\/www.facebook.com\/cdeuniversidadalmeria\/","article_published_time":"2022-04-20T09:12:51+00:00","article_modified_time":"2022-05-08T19:01:50+00:00","og_image":[{"width":1087,"height":602,"url":"https:\/\/www.cde.ual.es\/wp-content\/uploads\/2022\/04\/ursula-sexto-paquete-de-sanciones.png","type":"image\/png"}],"author":"BECA 2 CDE","twitter_card":"summary_large_image","twitter_creator":"@cdeualmeria","twitter_site":"@cdeualmeria","twitter_misc":{"Written by":"BECA 2 CDE"},"schema":{"@context":"https:\/\/schema.org","@graph":[{"@type":"Article","@id":"https:\/\/www.cde.ual.es\/speech-by-president-von-der-leyen-at-the-ep-plenary-on-the-social-and-economic-consequences-for-the-eu-of-the-russian-war-in-ukraine-reinforcing-the-eus-capacity-to-act\/#article","isPartOf":{"@id":"https:\/\/www.cde.ual.es\/speech-by-president-von-der-leyen-at-the-ep-plenary-on-the-social-and-economic-consequences-for-the-eu-of-the-russian-war-in-ukraine-reinforcing-the-eus-capacity-to-act\/"},"author":{"name":"BECA 2 CDE","@id":"https:\/\/www.cde.ual.es\/#\/schema\/person\/ee46ebc19edfa19598c02cff83335acc"},"headline":"Speech by President von der Leyen at the EP Plenary on the social and economic consequences for the EU of the Russian war in Ukraine \u2013 reinforcing the EU&#8217;s capacity to act","datePublished":"2022-04-20T09:12:51+00:00","dateModified":"2022-05-08T19:01:50+00:00","mainEntityOfPage":{"@id":"https:\/\/www.cde.ual.es\/speech-by-president-von-der-leyen-at-the-ep-plenary-on-the-social-and-economic-consequences-for-the-eu-of-the-russian-war-in-ukraine-reinforcing-the-eus-capacity-to-act\/"},"wordCount":115,"commentCount":0,"publisher":{"@id":"https:\/\/www.cde.ual.es\/#organization"},"image":{"@id":"https:\/\/www.cde.ual.es\/speech-by-president-von-der-leyen-at-the-ep-plenary-on-the-social-and-economic-consequences-for-the-eu-of-the-russian-war-in-ukraine-reinforcing-the-eus-capacity-to-act\/#primaryimage"},"thumbnailUrl":"https:\/\/www.cde.ual.es\/wp-content\/uploads\/2022\/04\/ursula-sexto-paquete-de-sanciones.png","articleSection":["Mediateca - Defensa y Seguridad","Repositorio Mediateca"],"inLanguage":"en-US","potentialAction":[{"@type":"CommentAction","name":"Comment","target":["https:\/\/www.cde.ual.es\/speech-by-president-von-der-leyen-at-the-ep-plenary-on-the-social-and-economic-consequences-for-the-eu-of-the-russian-war-in-ukraine-reinforcing-the-eus-capacity-to-act\/#respond"]}]},{"@type":"WebPage","@id":"https:\/\/www.cde.ual.es\/speech-by-president-von-der-leyen-at-the-ep-plenary-on-the-social-and-economic-consequences-for-the-eu-of-the-russian-war-in-ukraine-reinforcing-the-eus-capacity-to-act\/","url":"https:\/\/www.cde.ual.es\/speech-by-president-von-der-leyen-at-the-ep-plenary-on-the-social-and-economic-consequences-for-the-eu-of-the-russian-war-in-ukraine-reinforcing-the-eus-capacity-to-act\/","name":"Speech by President von der Leyen at the EP Plenary on the social and economic consequences for the EU of the Russian war in Ukraine \u2013 reinforcing the EU's capacity to act | CDE Almer\u00eda - Centro de Documentaci\u00f3n Europea - Universidad de Almer\u00eda","isPartOf":{"@id":"https:\/\/www.cde.ual.es\/#website"},"primaryImageOfPage":{"@id":"https:\/\/www.cde.ual.es\/speech-by-president-von-der-leyen-at-the-ep-plenary-on-the-social-and-economic-consequences-for-the-eu-of-the-russian-war-in-ukraine-reinforcing-the-eus-capacity-to-act\/#primaryimage"},"image":{"@id":"https:\/\/www.cde.ual.es\/speech-by-president-von-der-leyen-at-the-ep-plenary-on-the-social-and-economic-consequences-for-the-eu-of-the-russian-war-in-ukraine-reinforcing-the-eus-capacity-to-act\/#primaryimage"},"thumbnailUrl":"https:\/\/www.cde.ual.es\/wp-content\/uploads\/2022\/04\/ursula-sexto-paquete-de-sanciones.png","datePublished":"2022-04-20T09:12:51+00:00","dateModified":"2022-05-08T19:01:50+00:00","breadcrumb":{"@id":"https:\/\/www.cde.ual.es\/speech-by-president-von-der-leyen-at-the-ep-plenary-on-the-social-and-economic-consequences-for-the-eu-of-the-russian-war-in-ukraine-reinforcing-the-eus-capacity-to-act\/#breadcrumb"},"inLanguage":"en-US","potentialAction":[{"@type":"ReadAction","target":["https:\/\/www.cde.ual.es\/speech-by-president-von-der-leyen-at-the-ep-plenary-on-the-social-and-economic-consequences-for-the-eu-of-the-russian-war-in-ukraine-reinforcing-the-eus-capacity-to-act\/"]}]},{"@type":"ImageObject","inLanguage":"en-US","@id":"https:\/\/www.cde.ual.es\/speech-by-president-von-der-leyen-at-the-ep-plenary-on-the-social-and-economic-consequences-for-the-eu-of-the-russian-war-in-ukraine-reinforcing-the-eus-capacity-to-act\/#primaryimage","url":"https:\/\/www.cde.ual.es\/wp-content\/uploads\/2022\/04\/ursula-sexto-paquete-de-sanciones.png","contentUrl":"https:\/\/www.cde.ual.es\/wp-content\/uploads\/2022\/04\/ursula-sexto-paquete-de-sanciones.png","width":1087,"height":602},{"@type":"BreadcrumbList","@id":"https:\/\/www.cde.ual.es\/speech-by-president-von-der-leyen-at-the-ep-plenary-on-the-social-and-economic-consequences-for-the-eu-of-the-russian-war-in-ukraine-reinforcing-the-eus-capacity-to-act\/#breadcrumb","itemListElement":[{"@type":"ListItem","position":1,"name":"Inicio","item":"https:\/\/www.cde.ual.es\/en\/"},{"@type":"ListItem","position":2,"name":"Repositorio Mediateca","item":"https:\/\/www.cde.ual.es\/category\/repositorio-mediateca\/"},{"@type":"ListItem","position":3,"name":"Mediateca - Defensa y Seguridad","item":"https:\/\/www.cde.ual.es\/category\/repositorio-mediateca\/mediateca-defensa-y-seguridad\/"},{"@type":"ListItem","position":4,"name":"Speech by President von der Leyen at the EP Plenary on the social and economic consequences for the EU of the Russian war in Ukraine \u2013 reinforcing the EU&#8217;s capacity to act"}]},{"@type":"WebSite","@id":"https:\/\/www.cde.ual.es\/#website","url":"https:\/\/www.cde.ual.es\/","name":"CDE Almer\u00eda - Centro de Documentaci\u00f3n Europea - Universidad de Almer\u00eda","description":"Centro de Documentaci\u00f3n Europea de la Universidad de Almer\u00eda","publisher":{"@id":"https:\/\/www.cde.ual.es\/#organization"},"alternateName":"CDE Almer\u00eda","potentialAction":[{"@type":"SearchAction","target":{"@type":"EntryPoint","urlTemplate":"https:\/\/www.cde.ual.es\/?s={search_term_string}"},"query-input":{"@type":"PropertyValueSpecification","valueRequired":true,"valueName":"search_term_string"}}],"inLanguage":"en-US"},{"@type":"Organization","@id":"https:\/\/www.cde.ual.es\/#organization","name":"Centro de Documentaci\u00f3n Europea de Almer\u00eda","url":"https:\/\/www.cde.ual.es\/","logo":{"@type":"ImageObject","inLanguage":"en-US","@id":"https:\/\/www.cde.ual.es\/#\/schema\/logo\/image\/","url":"https:\/\/www.cde.ual.es\/wp-content\/uploads\/2025\/07\/cde-logo-3.png","contentUrl":"https:\/\/www.cde.ual.es\/wp-content\/uploads\/2025\/07\/cde-logo-3.png","width":1400,"height":300,"caption":"Centro de Documentaci\u00f3n Europea de Almer\u00eda"},"image":{"@id":"https:\/\/www.cde.ual.es\/#\/schema\/logo\/image\/"},"sameAs":["https:\/\/www.facebook.com\/cdeuniversidadalmeria\/","https:\/\/x.com\/cdeualmeria","https:\/\/www.tiktok.com\/@cdealmeria","https:\/\/www.instagram.com\/cdealmeria\/","https:\/\/www.linkedin.com\/in\/cde-almera-812b26a9\/"]},{"@type":"Person","@id":"https:\/\/www.cde.ual.es\/#\/schema\/person\/ee46ebc19edfa19598c02cff83335acc","name":"BECA 2 CDE","image":{"@type":"ImageObject","inLanguage":"en-US","@id":"https:\/\/secure.gravatar.com\/avatar\/35a481bbc04bbd90e91bdfa3b0b5541036c222a49b9ad37b6889a2afcb5311a5?s=96&d=mm&r=g","url":"https:\/\/secure.gravatar.com\/avatar\/35a481bbc04bbd90e91bdfa3b0b5541036c222a49b9ad37b6889a2afcb5311a5?s=96&d=mm&r=g","contentUrl":"https:\/\/secure.gravatar.com\/avatar\/35a481bbc04bbd90e91bdfa3b0b5541036c222a49b9ad37b6889a2afcb5311a5?s=96&d=mm&r=g","caption":"BECA 2 CDE"},"sameAs":["http:\/\/www.cdealmeria.com"]}]}},"_links":{"self":[{"href":"https:\/\/www.cde.ual.es\/en\/wp-json\/wp\/v2\/posts\/103446","targetHints":{"allow":["GET"]}}],"collection":[{"href":"https:\/\/www.cde.ual.es\/en\/wp-json\/wp\/v2\/posts"}],"about":[{"href":"https:\/\/www.cde.ual.es\/en\/wp-json\/wp\/v2\/types\/post"}],"author":[{"embeddable":true,"href":"https:\/\/www.cde.ual.es\/en\/wp-json\/wp\/v2\/users\/101011"}],"replies":[{"embeddable":true,"href":"https:\/\/www.cde.ual.es\/en\/wp-json\/wp\/v2\/comments?post=103446"}],"version-history":[{"count":0,"href":"https:\/\/www.cde.ual.es\/en\/wp-json\/wp\/v2\/posts\/103446\/revisions"}],"wp:featuredmedia":[{"embeddable":true,"href":"https:\/\/www.cde.ual.es\/en\/wp-json\/wp\/v2\/media\/105540"}],"wp:attachment":[{"href":"https:\/\/www.cde.ual.es\/en\/wp-json\/wp\/v2\/media?parent=103446"}],"wp:term":[{"taxonomy":"category","embeddable":true,"href":"https:\/\/www.cde.ual.es\/en\/wp-json\/wp\/v2\/categories?post=103446"},{"taxonomy":"post_tag","embeddable":true,"href":"https:\/\/www.cde.ual.es\/en\/wp-json\/wp\/v2\/tags?post=103446"}],"curies":[{"name":"wp","href":"https:\/\/api.w.org\/{rel}","templated":true}]}}