{"id":10218,"date":"2018-11-28T08:00:02","date_gmt":"2018-11-28T07:00:02","guid":{"rendered":"http:\/\/www.cde.ual.es\/?p=10218"},"modified":"2018-11-27T08:37:33","modified_gmt":"2018-11-27T07:37:33","slug":"expectativas-de-los-europeos-ante-las-elecciones","status":"publish","type":"post","link":"https:\/\/www.cde.ual.es\/en\/expectativas-de-los-europeos-ante-las-elecciones\/","title":{"rendered":"Expectativas de los europeos ante las elecciones"},"content":{"rendered":"<p style=\"font-weight: 400;\"><em><strong>Una encuesta de la Comisi\u00f3n Europea muestra la preocupaci\u00f3n de los\u00a0<\/strong><strong>ciudadanos por las interferencias en v\u00edsperas de las elecciones europeas.<\/strong><\/em><\/p>\n<p><a href=\"http:\/\/www.cde.ual.es\/wp-content\/uploads\/2018\/11\/Elecciones-al-parlamento.png\"><img decoding=\"async\" class=\"size-medium wp-image-10219 aligncenter\" src=\"http:\/\/www.cde.ual.es\/wp-content\/uploads\/2018\/11\/Elecciones-al-parlamento-300x142.png\" alt=\"\" width=\"300\" height=\"142\" srcset=\"https:\/\/www.cde.ual.es\/wp-content\/uploads\/2018\/11\/Elecciones-al-parlamento-300x142.png 300w, https:\/\/www.cde.ual.es\/wp-content\/uploads\/2018\/11\/Elecciones-al-parlamento-768x364.png 768w, https:\/\/www.cde.ual.es\/wp-content\/uploads\/2018\/11\/Elecciones-al-parlamento-1024x486.png 1024w, https:\/\/www.cde.ual.es\/wp-content\/uploads\/2018\/11\/Elecciones-al-parlamento.png 1296w\" sizes=\"(max-width: 300px) 100vw, 300px\" \/><\/a><\/p>\n<p style=\"font-weight: 400;\">La Comisi\u00f3n Europea dedica su coloquio anual sobre los derechos fundamentales a la\u00a0\u00abDemocracia en la UE\u00bb en un momento en que los ciudadanos europeos se preocupan por\u00a0las interferencias en las elecciones.<\/p>\n<p><span lang=\"ES\">Una nueva encuesta del Eurobar\u00f3metro publicada hoy arroja luz sobre las expectativas de los europeos ante las elecciones europeas de mayo de 2019 y sobre lo que les animar\u00eda a emitir su voto. Tambi\u00e9n revela que a la mayor\u00eda de los ciudadanos de la UE les preocupa que las campa\u00f1as de desinformaci\u00f3n, las violaciones de datos y los ataques cibern\u00e9ticos interfieran en los procesos electorales.\u00a0Los espa\u00f1oles est\u00e1n entre los m\u00e1s preocupados por \u00e9stos fen\u00f3menos.<u><\/u><u><\/u><\/span><\/p>\n<p><span lang=\"ES\">El\u00a0<\/span><a href=\"https:\/\/ec.europa.eu\/info\/events\/annual-colloquium-fundamental-rights\/2018-annual-colloquium-fundamental-rights-2018-nov-26_en\" target=\"_blank\" rel=\"noopener\" data-saferedirecturl=\"https:\/\/www.google.com\/url?q=https:\/\/ec.europa.eu\/info\/events\/annual-colloquium-fundamental-rights\/2018-annual-colloquium-fundamental-rights-2018-nov-26_en&amp;source=gmail&amp;ust=1543389722586000&amp;usg=AFQjCNFOWDs7z6T2NuvfSD-sjv561LINsQ\"><span lang=\"ES\">coloquio anual de 2018 sobre los derechos fundamentales<\/span><\/a><span lang=\"ES\">\u00a0re\u00fane a responsables pol\u00edticos, investigadores, periodistas, ONG y activistas para debatir sobre c\u00f3mo hacer que nuestras democracias sean m\u00e1s resilientes e integradoras, c\u00f3mo apoyar a la sociedad civil y c\u00f3mo garantizar mejor unas elecciones libres y justas.<\/span><\/p>\n<h3 style=\"font-weight: 400;\"><strong>Qu\u00e9 quieren los ciudadanos para las elecciones europeas<\/strong><\/h3>\n<p style=\"font-weight: 400;\">En las elecciones europeas de 2014 acudi\u00f3 a las urnas el\u00a0<strong>42\u00a0%<\/strong>\u00a0de los europeos. Las cifras publicadas hoy indican cu\u00e1les son los factores que llevar\u00edan a las urnas a un mayor n\u00famero de ciudadanos:<\/p>\n<ul style=\"font-weight: 400;\">\n<li>el\u00a0<strong>43\u00a0%<\/strong>\u00a0de los encuestados\u00a0en la Uni\u00f3n Europea, y el\u00a0<strong>45%<\/strong>\u00a0de los espa\u00f1oles, desear\u00edan recibir m\u00e1s informaci\u00f3n sobre la UE y su impacto en su vida cotidiana;<\/li>\n<li>el\u00a0<strong>31\u00a0%<\/strong>\u00a0de los europeos, y el\u00a0<strong>27%<\/strong>\u00a0de los espa\u00f1oles, quieren que\u00a0se presenten candidatos m\u00e1s j\u00f3venes.<\/li>\n<\/ul>\n<p style=\"font-weight: 400;\">La Comisi\u00f3n Juncker ha trabajado activamente para acercar la UE a sus ciudadanos. Los comisarios europeos tambi\u00e9n se han acercado a los ciudadanos y han participado en m\u00e1s de un millar de\u00a0<a href=\"https:\/\/ec.europa.eu\/info\/events\/citizens-dialogues_en\" data-saferedirecturl=\"https:\/\/www.google.com\/url?q=https:\/\/ec.europa.eu\/info\/events\/citizens-dialogues_en&amp;source=gmail&amp;ust=1543389722586000&amp;usg=AFQjCNFlswW-0hQRsmbZi3AR-kY9BA5liA\">di\u00e1logos con los ciudadanos<\/a>\u00a0desde el inicio de su mandato.<\/p>\n<p style=\"font-weight: 400;\">La Comisi\u00f3n ha puesto en marcha varias campa\u00f1as, como\u00a0<a href=\"https:\/\/europa.eu\/euprotects\/content\/homepage_en\" data-saferedirecturl=\"https:\/\/www.google.com\/url?q=https:\/\/europa.eu\/euprotects\/content\/homepage_en&amp;source=gmail&amp;ust=1543389722586000&amp;usg=AFQjCNGtSPnXwjnzfuUAJ5H1Sbq81poq6A\">EU Protects<\/a>\u00a0y\u00a0<a href=\"https:\/\/europa.eu\/euandme\/frontpage_en\" data-saferedirecturl=\"https:\/\/www.google.com\/url?q=https:\/\/europa.eu\/euandme\/frontpage_en&amp;source=gmail&amp;ust=1543389722586000&amp;usg=AFQjCNGFS7QvEsjXdii3q4qBbQBR-IRfNQ\">EU and Me<\/a>, dirigidas a las generaciones m\u00e1s j\u00f3venes. Con vistas a las elecciones, la Comisi\u00f3n Europea y el Parlamento Europeo llevar\u00e1n a cabo campa\u00f1as de sensibilizaci\u00f3n para movilizar a los ciudadanos a votar.<\/p>\n<h3 style=\"font-weight: 400;\"><strong>Preocupaciones en torno a las elecciones<\/strong><\/h3>\n<p style=\"font-weight: 400;\">Las cifras hoy publicadas muestran que los europeos est\u00e1n preocupados por las interferencias en las elecciones:<\/p>\n<ul style=\"font-weight: 400;\">\n<li><strong>un 61\u00a0%<\/strong>\u00a0de los ciudadanos de la Uni\u00f3n Europea y un\u00a0<strong>74%<\/strong>\u00a0de los espa\u00f1oles, \u00a0temen que las elecciones puedan ser manipuladas mediante ataques cibern\u00e9ticos<\/li>\n<li>un\u00a0<strong>59\u00a0%<\/strong>\u00a0de los ciudadanos de la Uni\u00f3n Europea, y el\u00a0<strong>67%<\/strong>\u00a0de los espa\u00f1oles, \u00a0temen que agentes extranjeros y grupos criminales influyan en las elecciones<\/li>\n<li>un\u00a0<strong>67\u00a0%<\/strong>\u00a0de los ciudadanos de la Uni\u00f3n Europea y un\u00a0<strong>78%<\/strong>\u00a0de los espa\u00f1oles, temen que los datos personales que se dejen en l\u00ednea se utilicen para orientar los mensajes\u00a0pol\u00edticos que reciban.<\/li>\n<\/ul>\n<p style=\"font-weight: 400;\">Pero en su inmensa mayor\u00eda los europeos est\u00e1n de acuerdo (74 &#8211; 81\u00a0%) en la manera de hacer frente a esas amenazas:<\/p>\n<ul style=\"font-weight: 400;\">\n<li>introduciendo m\u00e1s transparencia en las plataformas de las redes sociales en l\u00ednea, en particular indicando claramente qui\u00e9n est\u00e1 detr\u00e1s de la publicidad;<\/li>\n<li>ofreciendo las mismas oportunidades de acceso a todos los partidos pol\u00edticos a los servicios en l\u00ednea para competir por la atenci\u00f3n de los votantes;<\/li>\n<li>dando un derecho de respuesta a los candidatos o a los partidos pol\u00edticos en las redes sociales;<\/li>\n<li>introduciendo el mismo per\u00edodo de silencio en l\u00ednea que ya existe para los medios de comunicaci\u00f3n tradicionales.<\/li>\n<\/ul>\n<h3><strong><span lang=\"ES\">Hacer frente a los retos<\/span><\/strong><u><\/u><u><\/u><\/h3>\n<p><span lang=\"ES\">En septiembre, la Comisi\u00f3n Europea ya present\u00f3 una\u00a0<\/span><a href=\"http:\/\/europa.eu\/rapid\/press-release_IP-18-5681_en.htm\" target=\"_blank\" rel=\"noopener\" data-saferedirecturl=\"https:\/\/www.google.com\/url?q=http:\/\/europa.eu\/rapid\/press-release_IP-18-5681_en.htm&amp;source=gmail&amp;ust=1543389722586000&amp;usg=AFQjCNF5PTHmqoymoQqYFViTR15ZxAAZDw\"><span lang=\"ES\">serie de medidas concretas<\/span><\/a><span lang=\"ES\">destinadas a garantizar que las elecciones al Parlamento Europeo del a\u00f1o pr\u00f3ximo se organicen de forma justa, libre y transparente. Las medidas incluyen una mayor transparencia en la publicidad pol\u00edtica en l\u00ednea y la posibilidad de imponer sanciones por el uso ilegal de los datos personales con el fin de influir deliberadamente en el resultado de las elecciones.<u><\/u><u><\/u><\/span><\/p>\n<p><span lang=\"ES\">La Comisi\u00f3n Europea ha creado tambi\u00e9n una\u00a0<strong>red europea de cooperaci\u00f3n electoral<\/strong>que se reunir\u00e1 por primera vez en enero de 2019. La Comisi\u00f3n insta a los Estados miembros a designar un representante para esta red lo antes posible. El coloquio sobre los derechos fundamentales examinar\u00e1 las posibles soluciones antes de la primera reuni\u00f3n de la red.<u><\/u><u><\/u><\/span><\/p>\n<p><span lang=\"ES\">La Comisi\u00f3n Europea va a adoptar varias medidas contra la desinformaci\u00f3n. Grandes empresas tecnol\u00f3gicas firmaron el mes pasado el\u00a0<\/span><a href=\"http:\/\/europa.eu\/rapid\/press-release_STATEMENT-18-5914_en.htm\" target=\"_blank\" rel=\"noopener\" data-saferedirecturl=\"https:\/\/www.google.com\/url?q=http:\/\/europa.eu\/rapid\/press-release_STATEMENT-18-5914_en.htm&amp;source=gmail&amp;ust=1543389722586000&amp;usg=AFQjCNEH06sY8GQPCBb1pRyQ2Ru8KqxIvw\"><span lang=\"ES\">c\u00f3digo de buenas pr\u00e1cticas sobre la desinformaci\u00f3n<\/span><\/a><span lang=\"ES\">\u00a0que contribuir\u00e1 a una mayor transparencia de la publicidad en l\u00ednea patrocinada por partidos pol\u00edticos. La Comisi\u00f3n Europea y el Servicio Europeo de Acci\u00f3n Exterior (SEAE) est\u00e1n actualmente ultimando un plan de acci\u00f3n com\u00fan sobre la desinformaci\u00f3n para una respuesta coordinada de la Uni\u00f3n y de los Estados miembros frente a la amenaza de la desinformaci\u00f3n. Este plan de acci\u00f3n se adoptar\u00e1 en las pr\u00f3ximas semanas.<\/span><\/p>\n<h3 style=\"font-weight: 400;\"><strong>Contexto<\/strong><\/h3>\n<p style=\"font-weight: 400;\">La encuesta del\u00a0<a href=\"http:\/\/ec.europa.eu\/commfrontoffice\/publicopinion\/index.cfm\/survey\/getsurveydetail\/instruments\/special\/surveyky\/2198\" data-saferedirecturl=\"https:\/\/www.google.com\/url?q=http:\/\/ec.europa.eu\/commfrontoffice\/publicopinion\/index.cfm\/survey\/getsurveydetail\/instruments\/special\/surveyky\/2198&amp;source=gmail&amp;ust=1543389722586000&amp;usg=AFQjCNH7Lmc7KKYK204NhkVfDsKa3Q7uIw\">Eurobar\u00f3metro sobre democracia y elecciones<\/a>\u00a0realiz\u00f3 27\u00a0474 entrevistas personales a domicilio en los 28 Estados miembros de la UE.<\/p>\n<p style=\"font-weight: 400;\">El conjunto de medidas para\u00a0<a href=\"http:\/\/europa.eu\/rapid\/press-release_IP-18-5681_en.htm\" data-saferedirecturl=\"https:\/\/www.google.com\/url?q=http:\/\/europa.eu\/rapid\/press-release_IP-18-5681_en.htm&amp;source=gmail&amp;ust=1543389722586000&amp;usg=AFQjCNF5PTHmqoymoQqYFViTR15ZxAAZDw\">proteger las elecciones europeas<\/a>\u00a0se centra en:<\/p>\n<ul style=\"font-weight: 400;\">\n<li><strong>Protecci\u00f3n de datos<\/strong>: mejorar la protecci\u00f3n de los datos personales en el contexto electoral.<\/li>\n<li><strong>Transparencia<\/strong>: garantizar la transparencia de la publicidad pol\u00edtica en internet.<\/li>\n<li><strong>Ciberseguridad<\/strong>: proteger las elecciones de los ciberataques.<\/li>\n<li><strong>Cooperaci\u00f3n<\/strong>: mejorar la cooperaci\u00f3n nacional y europea en relaci\u00f3n con las amenazas potenciales a las elecciones al Parlamento Europeo.<\/li>\n<li><strong>Sanciones adecuadas<\/strong>: garantizar el cumplimiento de las normas electorales.<\/li>\n<\/ul>\n<h3 style=\"font-weight: 400;\"><strong>M\u00e1s informaci\u00f3n<\/strong><\/h3>\n<p style=\"font-weight: 400;\"><a href=\"http:\/\/ec.europa.eu\/commfrontoffice\/publicopinion\/index.cfm\/survey\/getsurveydetail\/instruments\/special\/surveyky\/2198\" data-saferedirecturl=\"https:\/\/www.google.com\/url?q=http:\/\/ec.europa.eu\/commfrontoffice\/publicopinion\/index.cfm\/survey\/getsurveydetail\/instruments\/special\/surveyky\/2198&amp;source=gmail&amp;ust=1543389722586000&amp;usg=AFQjCNH7Lmc7KKYK204NhkVfDsKa3Q7uIw\">Eurobar\u00f3metro sobre democracia y elecciones \u2013 informe y fichas informativas<\/a><\/p>\n<p style=\"font-weight: 400;\"><a href=\"http:\/\/europa.eu\/rapid\/press-release_IP-18-5681_en.htm\" data-saferedirecturl=\"https:\/\/www.google.com\/url?q=http:\/\/europa.eu\/rapid\/press-release_IP-18-5681_en.htm&amp;source=gmail&amp;ust=1543389722586000&amp;usg=AFQjCNF5PTHmqoymoQqYFViTR15ZxAAZDw\">Estado de la Uni\u00f3n 2018: garantizar unas elecciones europeas libres y justas<\/a><\/p>\n<p style=\"font-weight: 400;\"><a href=\"https:\/\/ec.europa.eu\/info\/events\/annual-colloquium-fundamental-rights\/2018-annual-colloquium-fundamental-rights-2018-nov-26_en\" data-saferedirecturl=\"https:\/\/www.google.com\/url?q=https:\/\/ec.europa.eu\/info\/events\/annual-colloquium-fundamental-rights\/2018-annual-colloquium-fundamental-rights-2018-nov-26_en&amp;source=gmail&amp;ust=1543389722586000&amp;usg=AFQjCNFOWDs7z6T2NuvfSD-sjv561LINsQ\">Coloquio anual de 2018 sobre los derechos fundamentales<\/a><\/p>\n","protected":false},"excerpt":{"rendered":"<p>Una encuesta de la Comisi\u00f3n Europea muestra la preocupaci\u00f3n de los\u00a0ciudadanos por las interferencias en v\u00edsperas de las elecciones europeas. La Comisi\u00f3n Europea dedica su coloquio anual sobre los derechos fundamentales a la\u00a0\u00abDemocracia en la UE\u00bb en un momento en que los ciudadanos europeos se preocupan por\u00a0las interferencias en las elecciones. Una nueva encuesta del [&hellip;]<\/p>\n","protected":false},"author":1,"featured_media":10222,"comment_status":"open","ping_status":"open","sticky":false,"template":"","format":"standard","meta":{"_acf_changed":false,"_relevanssi_hide_post":"","_relevanssi_hide_content":"","_relevanssi_pin_for_all":"","_relevanssi_pin_keywords":"","_relevanssi_unpin_keywords":"","_relevanssi_related_keywords":"","_relevanssi_related_include_ids":"","_relevanssi_related_exclude_ids":"","_relevanssi_related_no_append":"","_relevanssi_related_not_related":"","_relevanssi_related_posts":"","_relevanssi_noindex_reason":"","_monsterinsights_skip_tracking":false,"_monsterinsights_sitenote_active":false,"_monsterinsights_sitenote_note":"","_monsterinsights_sitenote_category":0,"_genesis_hide_title":false,"_genesis_hide_breadcrumbs":false,"_genesis_hide_singular_image":false,"_genesis_hide_footer_widgets":false,"_genesis_custom_body_class":"","_genesis_custom_post_class":"","_genesis_layout":"","footnotes":""},"categories":[96],"tags":[251,135],"class_list":{"0":"post-10218","1":"post","2":"type-post","3":"status-publish","4":"format-standard","5":"has-post-thumbnail","7":"category-noticias-ue","8":"tag-elecciones","9":"tag-union-europea","10":"entry"},"acf":[],"yoast_head":"<!-- This site is optimized with the Yoast SEO plugin v27.4 - https:\/\/yoast.com\/product\/yoast-seo-wordpress\/ -->\n<title>Expectativas de los europeos ante las elecciones | CDE Almer\u00eda - Centro de Documentaci\u00f3n Europea - Universidad de Almer\u00eda<\/title>\n<meta name=\"robots\" content=\"index, follow, max-snippet:-1, max-image-preview:large, max-video-preview:-1\" \/>\n<link rel=\"canonical\" href=\"https:\/\/www.cde.ual.es\/en\/expectativas-de-los-europeos-ante-las-elecciones\/\" \/>\n<meta property=\"og:locale\" content=\"en_US\" \/>\n<meta property=\"og:type\" content=\"article\" \/>\n<meta property=\"og:title\" content=\"Expectativas de los europeos ante las elecciones | CDE Almer\u00eda - Centro de Documentaci\u00f3n Europea - Universidad de Almer\u00eda\" \/>\n<meta property=\"og:description\" content=\"Una encuesta de la Comisi\u00f3n Europea muestra la preocupaci\u00f3n de los\u00a0ciudadanos por las interferencias en v\u00edsperas de las elecciones europeas. La Comisi\u00f3n Europea dedica su coloquio anual sobre los derechos fundamentales a la\u00a0\u00abDemocracia en la UE\u00bb en un momento en que los ciudadanos europeos se preocupan por\u00a0las interferencias en las elecciones. Una nueva encuesta del [&hellip;]\" \/>\n<meta property=\"og:url\" content=\"https:\/\/www.cde.ual.es\/en\/expectativas-de-los-europeos-ante-las-elecciones\/\" \/>\n<meta property=\"og:site_name\" content=\"CDE Almer\u00eda - Centro de Documentaci\u00f3n Europea - Universidad de Almer\u00eda\" \/>\n<meta property=\"article:publisher\" content=\"https:\/\/www.facebook.com\/cdeuniversidadalmeria\/\" \/>\n<meta property=\"article:published_time\" content=\"2018-11-28T07:00:02+00:00\" \/>\n<meta property=\"og:image\" content=\"https:\/\/www.cde.ual.es\/wp-content\/uploads\/2018\/11\/Elecciones-europeas-2019.jpg\" \/>\n\t<meta property=\"og:image:width\" content=\"540\" \/>\n\t<meta property=\"og:image:height\" content=\"282\" \/>\n\t<meta property=\"og:image:type\" content=\"image\/jpeg\" \/>\n<meta name=\"author\" content=\"AdminCDE\" \/>\n<meta name=\"twitter:card\" content=\"summary_large_image\" \/>\n<meta name=\"twitter:creator\" content=\"@cdeualmeria\" \/>\n<meta name=\"twitter:site\" content=\"@cdeualmeria\" \/>\n<meta name=\"twitter:label1\" content=\"Written by\" \/>\n\t<meta name=\"twitter:data1\" content=\"AdminCDE\" \/>\n\t<meta name=\"twitter:label2\" content=\"Est. reading time\" \/>\n\t<meta name=\"twitter:data2\" content=\"5 minutes\" \/>\n<script type=\"application\/ld+json\" class=\"yoast-schema-graph\">{\"@context\":\"https:\\\/\\\/schema.org\",\"@graph\":[{\"@type\":\"Article\",\"@id\":\"https:\\\/\\\/www.cde.ual.es\\\/en\\\/expectativas-de-los-europeos-ante-las-elecciones\\\/#article\",\"isPartOf\":{\"@id\":\"https:\\\/\\\/www.cde.ual.es\\\/en\\\/expectativas-de-los-europeos-ante-las-elecciones\\\/\"},\"author\":{\"name\":\"AdminCDE\",\"@id\":\"https:\\\/\\\/www.cde.ual.es\\\/#\\\/schema\\\/person\\\/224ef08c8bcc005f319d2713ce37ee5f\"},\"headline\":\"Expectativas de los europeos ante las elecciones\",\"datePublished\":\"2018-11-28T07:00:02+00:00\",\"mainEntityOfPage\":{\"@id\":\"https:\\\/\\\/www.cde.ual.es\\\/en\\\/expectativas-de-los-europeos-ante-las-elecciones\\\/\"},\"wordCount\":1002,\"commentCount\":0,\"publisher\":{\"@id\":\"https:\\\/\\\/www.cde.ual.es\\\/#organization\"},\"image\":{\"@id\":\"https:\\\/\\\/www.cde.ual.es\\\/en\\\/expectativas-de-los-europeos-ante-las-elecciones\\\/#primaryimage\"},\"thumbnailUrl\":\"https:\\\/\\\/www.cde.ual.es\\\/wp-content\\\/uploads\\\/2018\\\/11\\\/Elecciones-europeas-2019.jpg\",\"keywords\":[\"Elecciones\",\"Uni\u00f3n Europea\"],\"articleSection\":[\"Noticias UE\"],\"inLanguage\":\"en-US\",\"potentialAction\":[{\"@type\":\"CommentAction\",\"name\":\"Comment\",\"target\":[\"https:\\\/\\\/www.cde.ual.es\\\/en\\\/expectativas-de-los-europeos-ante-las-elecciones\\\/#respond\"]}]},{\"@type\":\"WebPage\",\"@id\":\"https:\\\/\\\/www.cde.ual.es\\\/en\\\/expectativas-de-los-europeos-ante-las-elecciones\\\/\",\"url\":\"https:\\\/\\\/www.cde.ual.es\\\/en\\\/expectativas-de-los-europeos-ante-las-elecciones\\\/\",\"name\":\"Expectativas de los europeos ante las elecciones | CDE Almer\u00eda - Centro de Documentaci\u00f3n Europea - Universidad de Almer\u00eda\",\"isPartOf\":{\"@id\":\"https:\\\/\\\/www.cde.ual.es\\\/#website\"},\"primaryImageOfPage\":{\"@id\":\"https:\\\/\\\/www.cde.ual.es\\\/en\\\/expectativas-de-los-europeos-ante-las-elecciones\\\/#primaryimage\"},\"image\":{\"@id\":\"https:\\\/\\\/www.cde.ual.es\\\/en\\\/expectativas-de-los-europeos-ante-las-elecciones\\\/#primaryimage\"},\"thumbnailUrl\":\"https:\\\/\\\/www.cde.ual.es\\\/wp-content\\\/uploads\\\/2018\\\/11\\\/Elecciones-europeas-2019.jpg\",\"datePublished\":\"2018-11-28T07:00:02+00:00\",\"breadcrumb\":{\"@id\":\"https:\\\/\\\/www.cde.ual.es\\\/en\\\/expectativas-de-los-europeos-ante-las-elecciones\\\/#breadcrumb\"},\"inLanguage\":\"en-US\",\"potentialAction\":[{\"@type\":\"ReadAction\",\"target\":[\"https:\\\/\\\/www.cde.ual.es\\\/en\\\/expectativas-de-los-europeos-ante-las-elecciones\\\/\"]}]},{\"@type\":\"ImageObject\",\"inLanguage\":\"en-US\",\"@id\":\"https:\\\/\\\/www.cde.ual.es\\\/en\\\/expectativas-de-los-europeos-ante-las-elecciones\\\/#primaryimage\",\"url\":\"https:\\\/\\\/www.cde.ual.es\\\/wp-content\\\/uploads\\\/2018\\\/11\\\/Elecciones-europeas-2019.jpg\",\"contentUrl\":\"https:\\\/\\\/www.cde.ual.es\\\/wp-content\\\/uploads\\\/2018\\\/11\\\/Elecciones-europeas-2019.jpg\",\"width\":540,\"height\":282},{\"@type\":\"BreadcrumbList\",\"@id\":\"https:\\\/\\\/www.cde.ual.es\\\/en\\\/expectativas-de-los-europeos-ante-las-elecciones\\\/#breadcrumb\",\"itemListElement\":[{\"@type\":\"ListItem\",\"position\":1,\"name\":\"Inicio\",\"item\":\"https:\\\/\\\/www.cde.ual.es\\\/en\\\/\"},{\"@type\":\"ListItem\",\"position\":2,\"name\":\"EU News\",\"item\":\"https:\\\/\\\/www.cde.ual.es\\\/en\\\/category\\\/eu-news\\\/\"},{\"@type\":\"ListItem\",\"position\":3,\"name\":\"Expectativas de los europeos ante las elecciones\"}]},{\"@type\":\"WebSite\",\"@id\":\"https:\\\/\\\/www.cde.ual.es\\\/#website\",\"url\":\"https:\\\/\\\/www.cde.ual.es\\\/\",\"name\":\"CDE Almer\u00eda - Centro de Documentaci\u00f3n Europea - Universidad de Almer\u00eda\",\"description\":\"Centro de Documentaci\u00f3n Europea de la Universidad de Almer\u00eda\",\"publisher\":{\"@id\":\"https:\\\/\\\/www.cde.ual.es\\\/#organization\"},\"alternateName\":\"CDE Almer\u00eda\",\"potentialAction\":[{\"@type\":\"SearchAction\",\"target\":{\"@type\":\"EntryPoint\",\"urlTemplate\":\"https:\\\/\\\/www.cde.ual.es\\\/?s={search_term_string}\"},\"query-input\":{\"@type\":\"PropertyValueSpecification\",\"valueRequired\":true,\"valueName\":\"search_term_string\"}}],\"inLanguage\":\"en-US\"},{\"@type\":\"Organization\",\"@id\":\"https:\\\/\\\/www.cde.ual.es\\\/#organization\",\"name\":\"Centro de Documentaci\u00f3n Europea de Almer\u00eda\",\"url\":\"https:\\\/\\\/www.cde.ual.es\\\/\",\"logo\":{\"@type\":\"ImageObject\",\"inLanguage\":\"en-US\",\"@id\":\"https:\\\/\\\/www.cde.ual.es\\\/#\\\/schema\\\/logo\\\/image\\\/\",\"url\":\"https:\\\/\\\/www.cde.ual.es\\\/wp-content\\\/uploads\\\/2025\\\/07\\\/cde-logo-3.png\",\"contentUrl\":\"https:\\\/\\\/www.cde.ual.es\\\/wp-content\\\/uploads\\\/2025\\\/07\\\/cde-logo-3.png\",\"width\":1400,\"height\":300,\"caption\":\"Centro de Documentaci\u00f3n Europea de Almer\u00eda\"},\"image\":{\"@id\":\"https:\\\/\\\/www.cde.ual.es\\\/#\\\/schema\\\/logo\\\/image\\\/\"},\"sameAs\":[\"https:\\\/\\\/www.facebook.com\\\/cdeuniversidadalmeria\\\/\",\"https:\\\/\\\/x.com\\\/cdeualmeria\",\"https:\\\/\\\/www.tiktok.com\\\/@cdealmeria\",\"https:\\\/\\\/www.instagram.com\\\/cdealmeria\\\/\",\"https:\\\/\\\/www.linkedin.com\\\/in\\\/cde-almera-812b26a9\\\/\"]},{\"@type\":\"Person\",\"@id\":\"https:\\\/\\\/www.cde.ual.es\\\/#\\\/schema\\\/person\\\/224ef08c8bcc005f319d2713ce37ee5f\",\"name\":\"AdminCDE\",\"image\":{\"@type\":\"ImageObject\",\"inLanguage\":\"en-US\",\"@id\":\"https:\\\/\\\/secure.gravatar.com\\\/avatar\\\/a72d038d371f995cd13706fac32274b7952a52e8fb0a84b5f80c85426f2a98a8?s=96&d=mm&r=g\",\"url\":\"https:\\\/\\\/secure.gravatar.com\\\/avatar\\\/a72d038d371f995cd13706fac32274b7952a52e8fb0a84b5f80c85426f2a98a8?s=96&d=mm&r=g\",\"contentUrl\":\"https:\\\/\\\/secure.gravatar.com\\\/avatar\\\/a72d038d371f995cd13706fac32274b7952a52e8fb0a84b5f80c85426f2a98a8?s=96&d=mm&r=g\",\"caption\":\"AdminCDE\"}}]}<\/script>\n<!-- \/ Yoast SEO plugin. -->","yoast_head_json":{"title":"Expectativas de los europeos ante las elecciones | CDE Almer\u00eda - Centro de Documentaci\u00f3n Europea - Universidad de Almer\u00eda","robots":{"index":"index","follow":"follow","max-snippet":"max-snippet:-1","max-image-preview":"max-image-preview:large","max-video-preview":"max-video-preview:-1"},"canonical":"https:\/\/www.cde.ual.es\/en\/expectativas-de-los-europeos-ante-las-elecciones\/","og_locale":"en_US","og_type":"article","og_title":"Expectativas de los europeos ante las elecciones | CDE Almer\u00eda - Centro de Documentaci\u00f3n Europea - Universidad de Almer\u00eda","og_description":"Una encuesta de la Comisi\u00f3n Europea muestra la preocupaci\u00f3n de los\u00a0ciudadanos por las interferencias en v\u00edsperas de las elecciones europeas. La Comisi\u00f3n Europea dedica su coloquio anual sobre los derechos fundamentales a la\u00a0\u00abDemocracia en la UE\u00bb en un momento en que los ciudadanos europeos se preocupan por\u00a0las interferencias en las elecciones. Una nueva encuesta del [&hellip;]","og_url":"https:\/\/www.cde.ual.es\/en\/expectativas-de-los-europeos-ante-las-elecciones\/","og_site_name":"CDE Almer\u00eda - Centro de Documentaci\u00f3n Europea - Universidad de Almer\u00eda","article_publisher":"https:\/\/www.facebook.com\/cdeuniversidadalmeria\/","article_published_time":"2018-11-28T07:00:02+00:00","og_image":[{"width":540,"height":282,"url":"https:\/\/www.cde.ual.es\/wp-content\/uploads\/2018\/11\/Elecciones-europeas-2019.jpg","type":"image\/jpeg"}],"author":"AdminCDE","twitter_card":"summary_large_image","twitter_creator":"@cdeualmeria","twitter_site":"@cdeualmeria","twitter_misc":{"Written by":"AdminCDE","Est. reading time":"5 minutes"},"schema":{"@context":"https:\/\/schema.org","@graph":[{"@type":"Article","@id":"https:\/\/www.cde.ual.es\/en\/expectativas-de-los-europeos-ante-las-elecciones\/#article","isPartOf":{"@id":"https:\/\/www.cde.ual.es\/en\/expectativas-de-los-europeos-ante-las-elecciones\/"},"author":{"name":"AdminCDE","@id":"https:\/\/www.cde.ual.es\/#\/schema\/person\/224ef08c8bcc005f319d2713ce37ee5f"},"headline":"Expectativas de los europeos ante las elecciones","datePublished":"2018-11-28T07:00:02+00:00","mainEntityOfPage":{"@id":"https:\/\/www.cde.ual.es\/en\/expectativas-de-los-europeos-ante-las-elecciones\/"},"wordCount":1002,"commentCount":0,"publisher":{"@id":"https:\/\/www.cde.ual.es\/#organization"},"image":{"@id":"https:\/\/www.cde.ual.es\/en\/expectativas-de-los-europeos-ante-las-elecciones\/#primaryimage"},"thumbnailUrl":"https:\/\/www.cde.ual.es\/wp-content\/uploads\/2018\/11\/Elecciones-europeas-2019.jpg","keywords":["Elecciones","Uni\u00f3n Europea"],"articleSection":["Noticias UE"],"inLanguage":"en-US","potentialAction":[{"@type":"CommentAction","name":"Comment","target":["https:\/\/www.cde.ual.es\/en\/expectativas-de-los-europeos-ante-las-elecciones\/#respond"]}]},{"@type":"WebPage","@id":"https:\/\/www.cde.ual.es\/en\/expectativas-de-los-europeos-ante-las-elecciones\/","url":"https:\/\/www.cde.ual.es\/en\/expectativas-de-los-europeos-ante-las-elecciones\/","name":"Expectativas de los europeos ante las elecciones | CDE Almer\u00eda - Centro de Documentaci\u00f3n Europea - Universidad de Almer\u00eda","isPartOf":{"@id":"https:\/\/www.cde.ual.es\/#website"},"primaryImageOfPage":{"@id":"https:\/\/www.cde.ual.es\/en\/expectativas-de-los-europeos-ante-las-elecciones\/#primaryimage"},"image":{"@id":"https:\/\/www.cde.ual.es\/en\/expectativas-de-los-europeos-ante-las-elecciones\/#primaryimage"},"thumbnailUrl":"https:\/\/www.cde.ual.es\/wp-content\/uploads\/2018\/11\/Elecciones-europeas-2019.jpg","datePublished":"2018-11-28T07:00:02+00:00","breadcrumb":{"@id":"https:\/\/www.cde.ual.es\/en\/expectativas-de-los-europeos-ante-las-elecciones\/#breadcrumb"},"inLanguage":"en-US","potentialAction":[{"@type":"ReadAction","target":["https:\/\/www.cde.ual.es\/en\/expectativas-de-los-europeos-ante-las-elecciones\/"]}]},{"@type":"ImageObject","inLanguage":"en-US","@id":"https:\/\/www.cde.ual.es\/en\/expectativas-de-los-europeos-ante-las-elecciones\/#primaryimage","url":"https:\/\/www.cde.ual.es\/wp-content\/uploads\/2018\/11\/Elecciones-europeas-2019.jpg","contentUrl":"https:\/\/www.cde.ual.es\/wp-content\/uploads\/2018\/11\/Elecciones-europeas-2019.jpg","width":540,"height":282},{"@type":"BreadcrumbList","@id":"https:\/\/www.cde.ual.es\/en\/expectativas-de-los-europeos-ante-las-elecciones\/#breadcrumb","itemListElement":[{"@type":"ListItem","position":1,"name":"Inicio","item":"https:\/\/www.cde.ual.es\/en\/"},{"@type":"ListItem","position":2,"name":"EU News","item":"https:\/\/www.cde.ual.es\/en\/category\/eu-news\/"},{"@type":"ListItem","position":3,"name":"Expectativas de los europeos ante las elecciones"}]},{"@type":"WebSite","@id":"https:\/\/www.cde.ual.es\/#website","url":"https:\/\/www.cde.ual.es\/","name":"CDE Almer\u00eda - Centro de Documentaci\u00f3n Europea - Universidad de Almer\u00eda","description":"Centro de Documentaci\u00f3n Europea de la Universidad de Almer\u00eda","publisher":{"@id":"https:\/\/www.cde.ual.es\/#organization"},"alternateName":"CDE Almer\u00eda","potentialAction":[{"@type":"SearchAction","target":{"@type":"EntryPoint","urlTemplate":"https:\/\/www.cde.ual.es\/?s={search_term_string}"},"query-input":{"@type":"PropertyValueSpecification","valueRequired":true,"valueName":"search_term_string"}}],"inLanguage":"en-US"},{"@type":"Organization","@id":"https:\/\/www.cde.ual.es\/#organization","name":"Centro de Documentaci\u00f3n Europea de Almer\u00eda","url":"https:\/\/www.cde.ual.es\/","logo":{"@type":"ImageObject","inLanguage":"en-US","@id":"https:\/\/www.cde.ual.es\/#\/schema\/logo\/image\/","url":"https:\/\/www.cde.ual.es\/wp-content\/uploads\/2025\/07\/cde-logo-3.png","contentUrl":"https:\/\/www.cde.ual.es\/wp-content\/uploads\/2025\/07\/cde-logo-3.png","width":1400,"height":300,"caption":"Centro de Documentaci\u00f3n Europea de Almer\u00eda"},"image":{"@id":"https:\/\/www.cde.ual.es\/#\/schema\/logo\/image\/"},"sameAs":["https:\/\/www.facebook.com\/cdeuniversidadalmeria\/","https:\/\/x.com\/cdeualmeria","https:\/\/www.tiktok.com\/@cdealmeria","https:\/\/www.instagram.com\/cdealmeria\/","https:\/\/www.linkedin.com\/in\/cde-almera-812b26a9\/"]},{"@type":"Person","@id":"https:\/\/www.cde.ual.es\/#\/schema\/person\/224ef08c8bcc005f319d2713ce37ee5f","name":"AdminCDE","image":{"@type":"ImageObject","inLanguage":"en-US","@id":"https:\/\/secure.gravatar.com\/avatar\/a72d038d371f995cd13706fac32274b7952a52e8fb0a84b5f80c85426f2a98a8?s=96&d=mm&r=g","url":"https:\/\/secure.gravatar.com\/avatar\/a72d038d371f995cd13706fac32274b7952a52e8fb0a84b5f80c85426f2a98a8?s=96&d=mm&r=g","contentUrl":"https:\/\/secure.gravatar.com\/avatar\/a72d038d371f995cd13706fac32274b7952a52e8fb0a84b5f80c85426f2a98a8?s=96&d=mm&r=g","caption":"AdminCDE"}}]}},"_links":{"self":[{"href":"https:\/\/www.cde.ual.es\/en\/wp-json\/wp\/v2\/posts\/10218","targetHints":{"allow":["GET"]}}],"collection":[{"href":"https:\/\/www.cde.ual.es\/en\/wp-json\/wp\/v2\/posts"}],"about":[{"href":"https:\/\/www.cde.ual.es\/en\/wp-json\/wp\/v2\/types\/post"}],"author":[{"embeddable":true,"href":"https:\/\/www.cde.ual.es\/en\/wp-json\/wp\/v2\/users\/1"}],"replies":[{"embeddable":true,"href":"https:\/\/www.cde.ual.es\/en\/wp-json\/wp\/v2\/comments?post=10218"}],"version-history":[{"count":0,"href":"https:\/\/www.cde.ual.es\/en\/wp-json\/wp\/v2\/posts\/10218\/revisions"}],"wp:featuredmedia":[{"embeddable":true,"href":"https:\/\/www.cde.ual.es\/en\/wp-json\/wp\/v2\/media\/10222"}],"wp:attachment":[{"href":"https:\/\/www.cde.ual.es\/en\/wp-json\/wp\/v2\/media?parent=10218"}],"wp:term":[{"taxonomy":"category","embeddable":true,"href":"https:\/\/www.cde.ual.es\/en\/wp-json\/wp\/v2\/categories?post=10218"},{"taxonomy":"post_tag","embeddable":true,"href":"https:\/\/www.cde.ual.es\/en\/wp-json\/wp\/v2\/tags?post=10218"}],"curies":[{"name":"wp","href":"https:\/\/api.w.org\/{rel}","templated":true}]}}